{"id":19205,"date":"2021-05-07T00:22:03","date_gmt":"2021-05-06T23:22:03","guid":{"rendered":"https:\/\/radioljubuski.ba\/?p=19205"},"modified":"2021-05-07T00:22:03","modified_gmt":"2021-05-06T23:22:03","slug":"kopali-grob-umrloj-zeni-pa-naisli-na-kostur-vezan-kablovima-oko-vrata-i-nogu","status":"publish","type":"post","link":"https:\/\/radioljubuski.ba\/index.php\/2021\/05\/07\/kopali-grob-umrloj-zeni-pa-naisli-na-kostur-vezan-kablovima-oko-vrata-i-nogu\/","title":{"rendered":"Kopali grob umrloj \u017eeni, pa nai\u0161li na kostur vezan kablovima oko vrata i nogu"},"content":{"rendered":"\n<p><strong>U dobojskom prigradskom naselju Miljkovac dok su na mjesnom groblju kopali grob za preminulu \u017eenu, radnici su nai\u0161li na jeziv prizor.<\/strong><\/p>\n\n\n\n<p>Na dubini od oko 30-tak centimetara, nai\u0161li su na ljudski kostur. Na skeletu je bilo vidljivo da je osoba koja je tu sahranjena bila vezana kablom oko vrata i nogu. Ljudi su kopanje mezara na tom mjestu odmah prekinuli i obavijestili dobojsku policiju, koja i danas osigurava lice mjesta do ekshumacije koja \u0107e biti uskoro obavljena, a po naredbi Tu\u017eiteljstva Bosne i Hercegovine.<\/p>\n\n\n\n<p>Vidjev\u0161i taj prizor, Miljkov\u010dani su bili \u0161okirani da je \u017ertva bila vezana kablovima i ubijena, najvjerojatnije U lipnjU 1992 godine. Vi\u0161e detalja o ovom slu\u010daju bit \u0107e poznato nakon ekshumacije, odnosno DNK analize.<\/p>\n\n\n\n<p>\/HMS\/.<\/p>\n","protected":false},"excerpt":{"rendered":"<p>U dobojskom prigradskom naselju Miljkovac dok su na mjesnom groblju kopali grob za preminulu \u017eenu, radnici su nai\u0161li na jeziv prizor. Na dubini od oko 30-tak centimetara, nai\u0161li su na ljudski kostur. Na skeletu je bilo vidljivo da je osoba koja je tu sahranjena bila vezana kablom oko vrata i nogu. Ljudi su kopanje mezara [&hellip;]<\/p>\n","protected":false},"author":2,"featured_media":19206,"comment_status":"closed","ping_status":"closed","sticky":false,"template":"","format":"standard","meta":{"h5ap_radio_sources":[],"footnotes":""},"categories":[1],"tags":[],"class_list":["post-19205","post","type-post","status-publish","format-standard","has-post-thumbnail","hentry","category-bihiregija"],"yoast_head":"<!-- This site is optimized with the Yoast SEO plugin v27.5 - https:\/\/yoast.com\/product\/yoast-seo-wordpress\/ -->\n<title>Kopali grob umrloj \u017eeni, pa nai\u0161li na kostur vezan kablovima oko vrata i nogu - RADIO LJUBU\u0160KI<\/title>\n<meta name=\"robots\" content=\"index, follow, max-snippet:-1, max-image-preview:large, max-video-preview:-1\" \/>\n<link rel=\"canonical\" href=\"https:\/\/radioljubuski.ba\/index.php\/2021\/05\/07\/kopali-grob-umrloj-zeni-pa-naisli-na-kostur-vezan-kablovima-oko-vrata-i-nogu\/\" \/>\n<meta property=\"og:locale\" content=\"hr_HR\" \/>\n<meta property=\"og:type\" content=\"article\" \/>\n<meta property=\"og:title\" content=\"Kopali grob umrloj \u017eeni, pa nai\u0161li na kostur vezan kablovima oko vrata i nogu - RADIO LJUBU\u0160KI\" \/>\n<meta property=\"og:description\" content=\"U dobojskom prigradskom naselju Miljkovac dok su na mjesnom groblju kopali grob za preminulu \u017eenu, radnici su nai\u0161li na jeziv prizor. Na dubini od oko 30-tak centimetara, nai\u0161li su na ljudski kostur. Na skeletu je bilo vidljivo da je osoba koja je tu sahranjena bila vezana kablom oko vrata i nogu. Ljudi su kopanje mezara [&hellip;]\" \/>\n<meta property=\"og:url\" content=\"https:\/\/radioljubuski.ba\/index.php\/2021\/05\/07\/kopali-grob-umrloj-zeni-pa-naisli-na-kostur-vezan-kablovima-oko-vrata-i-nogu\/\" \/>\n<meta property=\"og:site_name\" content=\"RADIO LJUBU\u0160KI\" \/>\n<meta property=\"article:publisher\" content=\"https:\/\/www.facebook.com\/Radiio-Ljubuski-1490835324566332\" \/>\n<meta property=\"article:published_time\" content=\"2021-05-06T23:22:03+00:00\" \/>\n<meta property=\"og:image\" content=\"https:\/\/radioljubuski.ba\/wp-content\/uploads\/2021\/05\/GROB-ZENA.png\" \/>\n\t<meta property=\"og:image:width\" content=\"659\" \/>\n\t<meta property=\"og:image:height\" content=\"371\" \/>\n\t<meta property=\"og:image:type\" content=\"image\/png\" \/>\n<meta name=\"author\" content=\"Radio Ljubu\u0161ki\" \/>\n<meta name=\"twitter:card\" content=\"summary_large_image\" \/>\n<meta name=\"twitter:creator\" content=\"@radioljubuski\" \/>\n<meta name=\"twitter:site\" content=\"@radioljubuski\" \/>\n<meta name=\"twitter:label1\" content=\"Napisao\/la\" \/>\n\t<meta name=\"twitter:data1\" content=\"Radio Ljubu\u0161ki\" \/>\n\t<meta name=\"twitter:label2\" content=\"Procijenjeno vrijeme \u010ditanja\" \/>\n\t<meta name=\"twitter:data2\" content=\"1 minuta\" \/>\n<script type=\"application\/ld+json\" class=\"yoast-schema-graph\">{\"@context\":\"https:\\\/\\\/schema.org\",\"@graph\":[{\"@type\":\"Article\",\"@id\":\"https:\\\/\\\/radioljubuski.ba\\\/index.php\\\/2021\\\/05\\\/07\\\/kopali-grob-umrloj-zeni-pa-naisli-na-kostur-vezan-kablovima-oko-vrata-i-nogu\\\/#article\",\"isPartOf\":{\"@id\":\"https:\\\/\\\/radioljubuski.ba\\\/index.php\\\/2021\\\/05\\\/07\\\/kopali-grob-umrloj-zeni-pa-naisli-na-kostur-vezan-kablovima-oko-vrata-i-nogu\\\/\"},\"author\":{\"name\":\"Radio Ljubu\u0161ki\",\"@id\":\"https:\\\/\\\/radioljubuski.ba\\\/#\\\/schema\\\/person\\\/19fc700381a780f69665d7956c469e3b\"},\"headline\":\"Kopali grob umrloj \u017eeni, pa nai\u0161li na kostur vezan kablovima oko vrata i nogu\",\"datePublished\":\"2021-05-06T23:22:03+00:00\",\"mainEntityOfPage\":{\"@id\":\"https:\\\/\\\/radioljubuski.ba\\\/index.php\\\/2021\\\/05\\\/07\\\/kopali-grob-umrloj-zeni-pa-naisli-na-kostur-vezan-kablovima-oko-vrata-i-nogu\\\/\"},\"wordCount\":139,\"publisher\":{\"@id\":\"https:\\\/\\\/radioljubuski.ba\\\/#organization\"},\"image\":{\"@id\":\"https:\\\/\\\/radioljubuski.ba\\\/index.php\\\/2021\\\/05\\\/07\\\/kopali-grob-umrloj-zeni-pa-naisli-na-kostur-vezan-kablovima-oko-vrata-i-nogu\\\/#primaryimage\"},\"thumbnailUrl\":\"https:\\\/\\\/radioljubuski.ba\\\/wp-content\\\/uploads\\\/2021\\\/05\\\/GROB-ZENA.png\",\"articleSection\":[\"BIH i regija\"],\"inLanguage\":\"hr\"},{\"@type\":\"WebPage\",\"@id\":\"https:\\\/\\\/radioljubuski.ba\\\/index.php\\\/2021\\\/05\\\/07\\\/kopali-grob-umrloj-zeni-pa-naisli-na-kostur-vezan-kablovima-oko-vrata-i-nogu\\\/\",\"url\":\"https:\\\/\\\/radioljubuski.ba\\\/index.php\\\/2021\\\/05\\\/07\\\/kopali-grob-umrloj-zeni-pa-naisli-na-kostur-vezan-kablovima-oko-vrata-i-nogu\\\/\",\"name\":\"Kopali grob umrloj \u017eeni, pa nai\u0161li na kostur vezan kablovima oko vrata i nogu - RADIO LJUBU\u0160KI\",\"isPartOf\":{\"@id\":\"https:\\\/\\\/radioljubuski.ba\\\/#website\"},\"primaryImageOfPage\":{\"@id\":\"https:\\\/\\\/radioljubuski.ba\\\/index.php\\\/2021\\\/05\\\/07\\\/kopali-grob-umrloj-zeni-pa-naisli-na-kostur-vezan-kablovima-oko-vrata-i-nogu\\\/#primaryimage\"},\"image\":{\"@id\":\"https:\\\/\\\/radioljubuski.ba\\\/index.php\\\/2021\\\/05\\\/07\\\/kopali-grob-umrloj-zeni-pa-naisli-na-kostur-vezan-kablovima-oko-vrata-i-nogu\\\/#primaryimage\"},\"thumbnailUrl\":\"https:\\\/\\\/radioljubuski.ba\\\/wp-content\\\/uploads\\\/2021\\\/05\\\/GROB-ZENA.png\",\"datePublished\":\"2021-05-06T23:22:03+00:00\",\"breadcrumb\":{\"@id\":\"https:\\\/\\\/radioljubuski.ba\\\/index.php\\\/2021\\\/05\\\/07\\\/kopali-grob-umrloj-zeni-pa-naisli-na-kostur-vezan-kablovima-oko-vrata-i-nogu\\\/#breadcrumb\"},\"inLanguage\":\"hr\",\"potentialAction\":[{\"@type\":\"ReadAction\",\"target\":[\"https:\\\/\\\/radioljubuski.ba\\\/index.php\\\/2021\\\/05\\\/07\\\/kopali-grob-umrloj-zeni-pa-naisli-na-kostur-vezan-kablovima-oko-vrata-i-nogu\\\/\"]}]},{\"@type\":\"ImageObject\",\"inLanguage\":\"hr\",\"@id\":\"https:\\\/\\\/radioljubuski.ba\\\/index.php\\\/2021\\\/05\\\/07\\\/kopali-grob-umrloj-zeni-pa-naisli-na-kostur-vezan-kablovima-oko-vrata-i-nogu\\\/#primaryimage\",\"url\":\"https:\\\/\\\/radioljubuski.ba\\\/wp-content\\\/uploads\\\/2021\\\/05\\\/GROB-ZENA.png\",\"contentUrl\":\"https:\\\/\\\/radioljubuski.ba\\\/wp-content\\\/uploads\\\/2021\\\/05\\\/GROB-ZENA.png\",\"width\":659,\"height\":371},{\"@type\":\"BreadcrumbList\",\"@id\":\"https:\\\/\\\/radioljubuski.ba\\\/index.php\\\/2021\\\/05\\\/07\\\/kopali-grob-umrloj-zeni-pa-naisli-na-kostur-vezan-kablovima-oko-vrata-i-nogu\\\/#breadcrumb\",\"itemListElement\":[{\"@type\":\"ListItem\",\"position\":1,\"name\":\"Po\u010detna stranica\",\"item\":\"https:\\\/\\\/radioljubuski.ba\\\/\"},{\"@type\":\"ListItem\",\"position\":2,\"name\":\"Kopali grob umrloj \u017eeni, pa nai\u0161li na kostur vezan kablovima oko vrata i nogu\"}]},{\"@type\":\"WebSite\",\"@id\":\"https:\\\/\\\/radioljubuski.ba\\\/#website\",\"url\":\"https:\\\/\\\/radioljubuski.ba\\\/\",\"name\":\"Radio Ljubu\u0161ki\",\"description\":\"Sun\u010dana frekvencija Hercegovine\",\"publisher\":{\"@id\":\"https:\\\/\\\/radioljubuski.ba\\\/#organization\"},\"potentialAction\":[{\"@type\":\"SearchAction\",\"target\":{\"@type\":\"EntryPoint\",\"urlTemplate\":\"https:\\\/\\\/radioljubuski.ba\\\/?s={search_term_string}\"},\"query-input\":{\"@type\":\"PropertyValueSpecification\",\"valueRequired\":true,\"valueName\":\"search_term_string\"}}],\"inLanguage\":\"hr\"},{\"@type\":\"Organization\",\"@id\":\"https:\\\/\\\/radioljubuski.ba\\\/#organization\",\"name\":\"Radio Ljubu\u0161ki\",\"url\":\"https:\\\/\\\/radioljubuski.ba\\\/\",\"logo\":{\"@type\":\"ImageObject\",\"inLanguage\":\"hr\",\"@id\":\"https:\\\/\\\/radioljubuski.ba\\\/#\\\/schema\\\/logo\\\/image\\\/\",\"url\":\"https:\\\/\\\/radioljubuski.ba\\\/wp-content\\\/uploads\\\/2021\\\/02\\\/cropped-Radio_Ljubuski_logo1.jpg\",\"contentUrl\":\"https:\\\/\\\/radioljubuski.ba\\\/wp-content\\\/uploads\\\/2021\\\/02\\\/cropped-Radio_Ljubuski_logo1.jpg\",\"width\":512,\"height\":512,\"caption\":\"Radio Ljubu\u0161ki\"},\"image\":{\"@id\":\"https:\\\/\\\/radioljubuski.ba\\\/#\\\/schema\\\/logo\\\/image\\\/\"},\"sameAs\":[\"https:\\\/\\\/www.facebook.com\\\/Radiio-Ljubuski-1490835324566332\",\"https:\\\/\\\/x.com\\\/radioljubuski\",\"https:\\\/\\\/hr.linkedin.com\\\/company\\\/radio-ljubuski\",\"https:\\\/\\\/www.youtube.com\\\/channel\\\/UCHYaeO_n0Db3tjNGudGpXyw\"]},{\"@type\":\"Person\",\"@id\":\"https:\\\/\\\/radioljubuski.ba\\\/#\\\/schema\\\/person\\\/19fc700381a780f69665d7956c469e3b\",\"name\":\"Radio Ljubu\u0161ki\"}]}<\/script>\n<!-- \/ Yoast SEO plugin. -->","yoast_head_json":{"title":"Kopali grob umrloj \u017eeni, pa nai\u0161li na kostur vezan kablovima oko vrata i nogu - RADIO LJUBU\u0160KI","robots":{"index":"index","follow":"follow","max-snippet":"max-snippet:-1","max-image-preview":"max-image-preview:large","max-video-preview":"max-video-preview:-1"},"canonical":"https:\/\/radioljubuski.ba\/index.php\/2021\/05\/07\/kopali-grob-umrloj-zeni-pa-naisli-na-kostur-vezan-kablovima-oko-vrata-i-nogu\/","og_locale":"hr_HR","og_type":"article","og_title":"Kopali grob umrloj \u017eeni, pa nai\u0161li na kostur vezan kablovima oko vrata i nogu - RADIO LJUBU\u0160KI","og_description":"U dobojskom prigradskom naselju Miljkovac dok su na mjesnom groblju kopali grob za preminulu \u017eenu, radnici su nai\u0161li na jeziv prizor. Na dubini od oko 30-tak centimetara, nai\u0161li su na ljudski kostur. Na skeletu je bilo vidljivo da je osoba koja je tu sahranjena bila vezana kablom oko vrata i nogu. Ljudi su kopanje mezara [&hellip;]","og_url":"https:\/\/radioljubuski.ba\/index.php\/2021\/05\/07\/kopali-grob-umrloj-zeni-pa-naisli-na-kostur-vezan-kablovima-oko-vrata-i-nogu\/","og_site_name":"RADIO LJUBU\u0160KI","article_publisher":"https:\/\/www.facebook.com\/Radiio-Ljubuski-1490835324566332","article_published_time":"2021-05-06T23:22:03+00:00","og_image":[{"width":659,"height":371,"url":"https:\/\/radioljubuski.ba\/wp-content\/uploads\/2021\/05\/GROB-ZENA.png","type":"image\/png"}],"author":"Radio Ljubu\u0161ki","twitter_card":"summary_large_image","twitter_creator":"@radioljubuski","twitter_site":"@radioljubuski","twitter_misc":{"Napisao\/la":"Radio Ljubu\u0161ki","Procijenjeno vrijeme \u010ditanja":"1 minuta"},"schema":{"@context":"https:\/\/schema.org","@graph":[{"@type":"Article","@id":"https:\/\/radioljubuski.ba\/index.php\/2021\/05\/07\/kopali-grob-umrloj-zeni-pa-naisli-na-kostur-vezan-kablovima-oko-vrata-i-nogu\/#article","isPartOf":{"@id":"https:\/\/radioljubuski.ba\/index.php\/2021\/05\/07\/kopali-grob-umrloj-zeni-pa-naisli-na-kostur-vezan-kablovima-oko-vrata-i-nogu\/"},"author":{"name":"Radio Ljubu\u0161ki","@id":"https:\/\/radioljubuski.ba\/#\/schema\/person\/19fc700381a780f69665d7956c469e3b"},"headline":"Kopali grob umrloj \u017eeni, pa nai\u0161li na kostur vezan kablovima oko vrata i nogu","datePublished":"2021-05-06T23:22:03+00:00","mainEntityOfPage":{"@id":"https:\/\/radioljubuski.ba\/index.php\/2021\/05\/07\/kopali-grob-umrloj-zeni-pa-naisli-na-kostur-vezan-kablovima-oko-vrata-i-nogu\/"},"wordCount":139,"publisher":{"@id":"https:\/\/radioljubuski.ba\/#organization"},"image":{"@id":"https:\/\/radioljubuski.ba\/index.php\/2021\/05\/07\/kopali-grob-umrloj-zeni-pa-naisli-na-kostur-vezan-kablovima-oko-vrata-i-nogu\/#primaryimage"},"thumbnailUrl":"https:\/\/radioljubuski.ba\/wp-content\/uploads\/2021\/05\/GROB-ZENA.png","articleSection":["BIH i regija"],"inLanguage":"hr"},{"@type":"WebPage","@id":"https:\/\/radioljubuski.ba\/index.php\/2021\/05\/07\/kopali-grob-umrloj-zeni-pa-naisli-na-kostur-vezan-kablovima-oko-vrata-i-nogu\/","url":"https:\/\/radioljubuski.ba\/index.php\/2021\/05\/07\/kopali-grob-umrloj-zeni-pa-naisli-na-kostur-vezan-kablovima-oko-vrata-i-nogu\/","name":"Kopali grob umrloj \u017eeni, pa nai\u0161li na kostur vezan kablovima oko vrata i nogu - RADIO LJUBU\u0160KI","isPartOf":{"@id":"https:\/\/radioljubuski.ba\/#website"},"primaryImageOfPage":{"@id":"https:\/\/radioljubuski.ba\/index.php\/2021\/05\/07\/kopali-grob-umrloj-zeni-pa-naisli-na-kostur-vezan-kablovima-oko-vrata-i-nogu\/#primaryimage"},"image":{"@id":"https:\/\/radioljubuski.ba\/index.php\/2021\/05\/07\/kopali-grob-umrloj-zeni-pa-naisli-na-kostur-vezan-kablovima-oko-vrata-i-nogu\/#primaryimage"},"thumbnailUrl":"https:\/\/radioljubuski.ba\/wp-content\/uploads\/2021\/05\/GROB-ZENA.png","datePublished":"2021-05-06T23:22:03+00:00","breadcrumb":{"@id":"https:\/\/radioljubuski.ba\/index.php\/2021\/05\/07\/kopali-grob-umrloj-zeni-pa-naisli-na-kostur-vezan-kablovima-oko-vrata-i-nogu\/#breadcrumb"},"inLanguage":"hr","potentialAction":[{"@type":"ReadAction","target":["https:\/\/radioljubuski.ba\/index.php\/2021\/05\/07\/kopali-grob-umrloj-zeni-pa-naisli-na-kostur-vezan-kablovima-oko-vrata-i-nogu\/"]}]},{"@type":"ImageObject","inLanguage":"hr","@id":"https:\/\/radioljubuski.ba\/index.php\/2021\/05\/07\/kopali-grob-umrloj-zeni-pa-naisli-na-kostur-vezan-kablovima-oko-vrata-i-nogu\/#primaryimage","url":"https:\/\/radioljubuski.ba\/wp-content\/uploads\/2021\/05\/GROB-ZENA.png","contentUrl":"https:\/\/radioljubuski.ba\/wp-content\/uploads\/2021\/05\/GROB-ZENA.png","width":659,"height":371},{"@type":"BreadcrumbList","@id":"https:\/\/radioljubuski.ba\/index.php\/2021\/05\/07\/kopali-grob-umrloj-zeni-pa-naisli-na-kostur-vezan-kablovima-oko-vrata-i-nogu\/#breadcrumb","itemListElement":[{"@type":"ListItem","position":1,"name":"Po\u010detna stranica","item":"https:\/\/radioljubuski.ba\/"},{"@type":"ListItem","position":2,"name":"Kopali grob umrloj \u017eeni, pa nai\u0161li na kostur vezan kablovima oko vrata i nogu"}]},{"@type":"WebSite","@id":"https:\/\/radioljubuski.ba\/#website","url":"https:\/\/radioljubuski.ba\/","name":"Radio Ljubu\u0161ki","description":"Sun\u010dana frekvencija Hercegovine","publisher":{"@id":"https:\/\/radioljubuski.ba\/#organization"},"potentialAction":[{"@type":"SearchAction","target":{"@type":"EntryPoint","urlTemplate":"https:\/\/radioljubuski.ba\/?s={search_term_string}"},"query-input":{"@type":"PropertyValueSpecification","valueRequired":true,"valueName":"search_term_string"}}],"inLanguage":"hr"},{"@type":"Organization","@id":"https:\/\/radioljubuski.ba\/#organization","name":"Radio Ljubu\u0161ki","url":"https:\/\/radioljubuski.ba\/","logo":{"@type":"ImageObject","inLanguage":"hr","@id":"https:\/\/radioljubuski.ba\/#\/schema\/logo\/image\/","url":"https:\/\/radioljubuski.ba\/wp-content\/uploads\/2021\/02\/cropped-Radio_Ljubuski_logo1.jpg","contentUrl":"https:\/\/radioljubuski.ba\/wp-content\/uploads\/2021\/02\/cropped-Radio_Ljubuski_logo1.jpg","width":512,"height":512,"caption":"Radio Ljubu\u0161ki"},"image":{"@id":"https:\/\/radioljubuski.ba\/#\/schema\/logo\/image\/"},"sameAs":["https:\/\/www.facebook.com\/Radiio-Ljubuski-1490835324566332","https:\/\/x.com\/radioljubuski","https:\/\/hr.linkedin.com\/company\/radio-ljubuski","https:\/\/www.youtube.com\/channel\/UCHYaeO_n0Db3tjNGudGpXyw"]},{"@type":"Person","@id":"https:\/\/radioljubuski.ba\/#\/schema\/person\/19fc700381a780f69665d7956c469e3b","name":"Radio Ljubu\u0161ki"}]}},"_links":{"self":[{"href":"https:\/\/radioljubuski.ba\/index.php\/wp-json\/wp\/v2\/posts\/19205","targetHints":{"allow":["GET"]}}],"collection":[{"href":"https:\/\/radioljubuski.ba\/index.php\/wp-json\/wp\/v2\/posts"}],"about":[{"href":"https:\/\/radioljubuski.ba\/index.php\/wp-json\/wp\/v2\/types\/post"}],"author":[{"embeddable":true,"href":"https:\/\/radioljubuski.ba\/index.php\/wp-json\/wp\/v2\/users\/2"}],"replies":[{"embeddable":true,"href":"https:\/\/radioljubuski.ba\/index.php\/wp-json\/wp\/v2\/comments?post=19205"}],"version-history":[{"count":1,"href":"https:\/\/radioljubuski.ba\/index.php\/wp-json\/wp\/v2\/posts\/19205\/revisions"}],"predecessor-version":[{"id":19207,"href":"https:\/\/radioljubuski.ba\/index.php\/wp-json\/wp\/v2\/posts\/19205\/revisions\/19207"}],"wp:featuredmedia":[{"embeddable":true,"href":"https:\/\/radioljubuski.ba\/index.php\/wp-json\/wp\/v2\/media\/19206"}],"wp:attachment":[{"href":"https:\/\/radioljubuski.ba\/index.php\/wp-json\/wp\/v2\/media?parent=19205"}],"wp:term":[{"taxonomy":"category","embeddable":true,"href":"https:\/\/radioljubuski.ba\/index.php\/wp-json\/wp\/v2\/categories?post=19205"},{"taxonomy":"post_tag","embeddable":true,"href":"https:\/\/radioljubuski.ba\/index.php\/wp-json\/wp\/v2\/tags?post=19205"}],"curies":[{"name":"wp","href":"https:\/\/api.w.org\/{rel}","templated":true}]}}