{"id":19208,"date":"2021-05-07T00:24:20","date_gmt":"2021-05-06T23:24:20","guid":{"rendered":"https:\/\/radioljubuski.ba\/?p=19208"},"modified":"2021-05-07T00:24:21","modified_gmt":"2021-05-06T23:24:21","slug":"jure-i-mate-stizu-na-male-ekrane-u-livnu-se-snima-igrana-serija","status":"publish","type":"post","link":"https:\/\/radioljubuski.ba\/index.php\/2021\/05\/07\/jure-i-mate-stizu-na-male-ekrane-u-livnu-se-snima-igrana-serija\/","title":{"rendered":"Jure i Mate sti\u017eu na male ekrane: U Livnu se snima igrana serija"},"content":{"rendered":"\n<p><strong>Ekipa iz serije Jure i Mate ovoga puta snima igranu seriju od pet epizoda!<\/strong><\/p>\n\n\n\n<p>Serija bi trebala ugledati svjetlo i na malim ekranima. Naime, rije\u010d je o dobro poznatim YouTube likovima iz serije Jure i Mate \u010diji kanal broji preko 105.000 pretplatnika.<\/p>\n\n\n\n<p>Ovog puta mo\u0107i \u0107e te vidjeti ne\u0161to druga\u010diji rad u odnosu na njihov YouTube kanal, najavljuju. Jure i Mate ovog puta nisu \u201dJure i Mate\u201d i ono \u0161to nam spremaju je ne\u0161to \u0161to do sada jo\u0161 nisu prikazali, niti se oku\u0161ali u nekom drugom \u017eanru osim komedije.<\/p>\n\n\n\n<p>Tema ove serije je aktualna u cijelom svijetu i ti\u010de se svih mladih ljudi u Livnu i Bosni i Hercegovini.<\/p>\n\n\n\n<figure class=\"wp-block-embed is-type-video is-provider-youtube wp-block-embed-youtube wp-embed-aspect-16-9 wp-has-aspect-ratio\"><div class=\"wp-block-embed__wrapper\">\n<iframe loading=\"lazy\" title=\"LIK PROVEO NO\u0106 U ZATVORU\" width=\"640\" height=\"360\" src=\"https:\/\/www.youtube.com\/embed\/obv2jnqG97Y?feature=oembed\" frameborder=\"0\" allow=\"accelerometer; autoplay; clipboard-write; encrypted-media; gyroscope; picture-in-picture; web-share\" referrerpolicy=\"strict-origin-when-cross-origin\" allowfullscreen><\/iframe>\n<\/div><\/figure>\n\n\n\n<p>Detalje o temi serije jo\u0161 ne otkrivaju, ali jednu stvar su definitivno potvrdili, a to je da je ova serija nije komedija, nego krimi-drama s elementima komedije i sarkazma.<\/p>\n\n\n\n<p>\u201dVelika nam je \u010dast predstaviti po\u010detak na\u0161eg projekta kojeg smo dugo \u010dekali, ovog puta na\u0161 rad di\u017eemo na najve\u0107u mogu\u0107u razinu. Do sada ste na\u0161 rad mogli gledati na YouTube-u, odnosno seriju Jure i Mate. Ovog puta mo\u0107i \u0107ete vidjeti ne\u0161to puno ozbiljnije, kako gluma\u010dki tako produkcijski\u201d, poru\u010dili su.<\/p>\n\n\n\n<p>Serija okuplja dobro poznatu gluma\u010dku ekipu, ali tako\u0111er i mnoge druge poznate glumce iz Bosne i Hercegovine i Hrvatske.<\/p>\n\n\n\n<p>Gluma\u010dku ekipu \u0107e \u010diniti: Luka Mamuza, Ivan \u0160agolj, Ana Popovi\u0107, Zdravko Grgi\u0107 \u2013 Grga, Dragan Marinkovi\u0107 \u2013 Maca, Slaven Knezovi\u0107, Mladen Vuli\u0107, Pere Eranovi\u0107, Ana-Ur\u0161ula Najev, Stipe Radoja i mnogi drugi.<\/p>\n\n\n\n<p>Produkciju i re\u017eiju potpisuje Marin Mamuza, fotografiju potpisuje Mirko Piv\u010devi\u0107, a scenario Luka Mamuza.<\/p>\n\n\n\n<p><strong>Ekipa je trenutno u potrazi za vi\u0161e od 80 statista i nekoliko sporednih uloga.<\/strong><\/p>\n\n\n\n<p><strong>Svi zainteresirani od 15 do 50 godina, mogu se prijaviti i sudjelovati u ovom projektu. Tra\u017ee se glumci za sporedne uloge, statisti i statisti s zadatkom.<\/strong><\/p>\n\n\n\n<p>Prijave za anga\u017eman mogu se izvr\u0161iti na mail adresi: kastingzaseriju@gmail.com u kojoj \u0107e navesti sljede\u0107e podatke: Ime i prezime, datum ro\u0111enja, visina, te\u017eina i nekoliko fotografija.<\/p>\n\n\n\n<p>Krajnji rok za dostavljanje podataka i prijave je do 1. lipnja 2021.<\/p>\n\n\n\n<figure class=\"wp-block-embed is-type-video is-provider-youtube wp-block-embed-youtube wp-embed-aspect-16-9 wp-has-aspect-ratio\"><div class=\"wp-block-embed__wrapper\">\n<iframe loading=\"lazy\" title=\"STIGAO JE SILVER PLAY BUTTON! *Prodali ga\" width=\"640\" height=\"360\" src=\"https:\/\/www.youtube.com\/embed\/BOKbdS1k844?start=2&#038;feature=oembed\" frameborder=\"0\" allow=\"accelerometer; autoplay; clipboard-write; encrypted-media; gyroscope; picture-in-picture; web-share\" referrerpolicy=\"strict-origin-when-cross-origin\" allowfullscreen><\/iframe>\n<\/div><\/figure>\n\n\n\n<p>\/HMS\/<\/p>\n","protected":false},"excerpt":{"rendered":"<p>Ekipa iz serije Jure i Mate ovoga puta snima igranu seriju od pet epizoda! Serija bi trebala ugledati svjetlo i na malim ekranima. Naime, rije\u010d je o dobro poznatim YouTube likovima iz serije Jure i Mate \u010diji kanal broji preko 105.000 pretplatnika. Ovog puta mo\u0107i \u0107e te vidjeti ne\u0161to druga\u010diji rad u odnosu na njihov [&hellip;]<\/p>\n","protected":false},"author":2,"featured_media":19209,"comment_status":"closed","ping_status":"closed","sticky":false,"template":"","format":"standard","meta":{"h5ap_radio_sources":[],"footnotes":""},"categories":[1],"tags":[],"class_list":["post-19208","post","type-post","status-publish","format-standard","has-post-thumbnail","hentry","category-bihiregija"],"yoast_head":"<!-- This site is optimized with the Yoast SEO plugin v27.5 - https:\/\/yoast.com\/product\/yoast-seo-wordpress\/ -->\n<title>Jure i Mate sti\u017eu na male ekrane: U Livnu se snima igrana serija - RADIO LJUBU\u0160KI<\/title>\n<meta name=\"robots\" content=\"index, follow, max-snippet:-1, max-image-preview:large, max-video-preview:-1\" \/>\n<link rel=\"canonical\" href=\"https:\/\/radioljubuski.ba\/index.php\/2021\/05\/07\/jure-i-mate-stizu-na-male-ekrane-u-livnu-se-snima-igrana-serija\/\" \/>\n<meta property=\"og:locale\" content=\"hr_HR\" \/>\n<meta property=\"og:type\" content=\"article\" \/>\n<meta property=\"og:title\" content=\"Jure i Mate sti\u017eu na male ekrane: U Livnu se snima igrana serija - RADIO LJUBU\u0160KI\" \/>\n<meta property=\"og:description\" content=\"Ekipa iz serije Jure i Mate ovoga puta snima igranu seriju od pet epizoda! Serija bi trebala ugledati svjetlo i na malim ekranima. Naime, rije\u010d je o dobro poznatim YouTube likovima iz serije Jure i Mate \u010diji kanal broji preko 105.000 pretplatnika. Ovog puta mo\u0107i \u0107e te vidjeti ne\u0161to druga\u010diji rad u odnosu na njihov [&hellip;]\" \/>\n<meta property=\"og:url\" content=\"https:\/\/radioljubuski.ba\/index.php\/2021\/05\/07\/jure-i-mate-stizu-na-male-ekrane-u-livnu-se-snima-igrana-serija\/\" \/>\n<meta property=\"og:site_name\" content=\"RADIO LJUBU\u0160KI\" \/>\n<meta property=\"article:publisher\" content=\"https:\/\/www.facebook.com\/Radiio-Ljubuski-1490835324566332\" \/>\n<meta property=\"article:published_time\" content=\"2021-05-06T23:24:20+00:00\" \/>\n<meta property=\"article:modified_time\" content=\"2021-05-06T23:24:21+00:00\" \/>\n<meta property=\"og:image\" content=\"https:\/\/radioljubuski.ba\/wp-content\/uploads\/2021\/05\/jure-i-mate2-1170x779-1-1068x711-1.jpg\" \/>\n\t<meta property=\"og:image:width\" content=\"1068\" \/>\n\t<meta property=\"og:image:height\" content=\"711\" \/>\n\t<meta property=\"og:image:type\" content=\"image\/jpeg\" \/>\n<meta name=\"author\" content=\"Radio Ljubu\u0161ki\" \/>\n<meta name=\"twitter:card\" content=\"summary_large_image\" \/>\n<meta name=\"twitter:creator\" content=\"@radioljubuski\" \/>\n<meta name=\"twitter:site\" content=\"@radioljubuski\" \/>\n<meta name=\"twitter:label1\" content=\"Napisao\/la\" \/>\n\t<meta name=\"twitter:data1\" content=\"Radio Ljubu\u0161ki\" \/>\n\t<meta name=\"twitter:label2\" content=\"Procijenjeno vrijeme \u010ditanja\" \/>\n\t<meta name=\"twitter:data2\" content=\"2 minute\" \/>\n<script type=\"application\/ld+json\" class=\"yoast-schema-graph\">{\"@context\":\"https:\\\/\\\/schema.org\",\"@graph\":[{\"@type\":\"Article\",\"@id\":\"https:\\\/\\\/radioljubuski.ba\\\/index.php\\\/2021\\\/05\\\/07\\\/jure-i-mate-stizu-na-male-ekrane-u-livnu-se-snima-igrana-serija\\\/#article\",\"isPartOf\":{\"@id\":\"https:\\\/\\\/radioljubuski.ba\\\/index.php\\\/2021\\\/05\\\/07\\\/jure-i-mate-stizu-na-male-ekrane-u-livnu-se-snima-igrana-serija\\\/\"},\"author\":{\"name\":\"Radio Ljubu\u0161ki\",\"@id\":\"https:\\\/\\\/radioljubuski.ba\\\/#\\\/schema\\\/person\\\/19fc700381a780f69665d7956c469e3b\"},\"headline\":\"Jure i Mate sti\u017eu na male ekrane: U Livnu se snima igrana serija\",\"datePublished\":\"2021-05-06T23:24:20+00:00\",\"dateModified\":\"2021-05-06T23:24:21+00:00\",\"mainEntityOfPage\":{\"@id\":\"https:\\\/\\\/radioljubuski.ba\\\/index.php\\\/2021\\\/05\\\/07\\\/jure-i-mate-stizu-na-male-ekrane-u-livnu-se-snima-igrana-serija\\\/\"},\"wordCount\":386,\"publisher\":{\"@id\":\"https:\\\/\\\/radioljubuski.ba\\\/#organization\"},\"image\":{\"@id\":\"https:\\\/\\\/radioljubuski.ba\\\/index.php\\\/2021\\\/05\\\/07\\\/jure-i-mate-stizu-na-male-ekrane-u-livnu-se-snima-igrana-serija\\\/#primaryimage\"},\"thumbnailUrl\":\"https:\\\/\\\/radioljubuski.ba\\\/wp-content\\\/uploads\\\/2021\\\/05\\\/jure-i-mate2-1170x779-1-1068x711-1.jpg\",\"articleSection\":[\"BIH i regija\"],\"inLanguage\":\"hr\"},{\"@type\":\"WebPage\",\"@id\":\"https:\\\/\\\/radioljubuski.ba\\\/index.php\\\/2021\\\/05\\\/07\\\/jure-i-mate-stizu-na-male-ekrane-u-livnu-se-snima-igrana-serija\\\/\",\"url\":\"https:\\\/\\\/radioljubuski.ba\\\/index.php\\\/2021\\\/05\\\/07\\\/jure-i-mate-stizu-na-male-ekrane-u-livnu-se-snima-igrana-serija\\\/\",\"name\":\"Jure i Mate sti\u017eu na male ekrane: U Livnu se snima igrana serija - RADIO LJUBU\u0160KI\",\"isPartOf\":{\"@id\":\"https:\\\/\\\/radioljubuski.ba\\\/#website\"},\"primaryImageOfPage\":{\"@id\":\"https:\\\/\\\/radioljubuski.ba\\\/index.php\\\/2021\\\/05\\\/07\\\/jure-i-mate-stizu-na-male-ekrane-u-livnu-se-snima-igrana-serija\\\/#primaryimage\"},\"image\":{\"@id\":\"https:\\\/\\\/radioljubuski.ba\\\/index.php\\\/2021\\\/05\\\/07\\\/jure-i-mate-stizu-na-male-ekrane-u-livnu-se-snima-igrana-serija\\\/#primaryimage\"},\"thumbnailUrl\":\"https:\\\/\\\/radioljubuski.ba\\\/wp-content\\\/uploads\\\/2021\\\/05\\\/jure-i-mate2-1170x779-1-1068x711-1.jpg\",\"datePublished\":\"2021-05-06T23:24:20+00:00\",\"dateModified\":\"2021-05-06T23:24:21+00:00\",\"breadcrumb\":{\"@id\":\"https:\\\/\\\/radioljubuski.ba\\\/index.php\\\/2021\\\/05\\\/07\\\/jure-i-mate-stizu-na-male-ekrane-u-livnu-se-snima-igrana-serija\\\/#breadcrumb\"},\"inLanguage\":\"hr\",\"potentialAction\":[{\"@type\":\"ReadAction\",\"target\":[\"https:\\\/\\\/radioljubuski.ba\\\/index.php\\\/2021\\\/05\\\/07\\\/jure-i-mate-stizu-na-male-ekrane-u-livnu-se-snima-igrana-serija\\\/\"]}]},{\"@type\":\"ImageObject\",\"inLanguage\":\"hr\",\"@id\":\"https:\\\/\\\/radioljubuski.ba\\\/index.php\\\/2021\\\/05\\\/07\\\/jure-i-mate-stizu-na-male-ekrane-u-livnu-se-snima-igrana-serija\\\/#primaryimage\",\"url\":\"https:\\\/\\\/radioljubuski.ba\\\/wp-content\\\/uploads\\\/2021\\\/05\\\/jure-i-mate2-1170x779-1-1068x711-1.jpg\",\"contentUrl\":\"https:\\\/\\\/radioljubuski.ba\\\/wp-content\\\/uploads\\\/2021\\\/05\\\/jure-i-mate2-1170x779-1-1068x711-1.jpg\",\"width\":1068,\"height\":711},{\"@type\":\"BreadcrumbList\",\"@id\":\"https:\\\/\\\/radioljubuski.ba\\\/index.php\\\/2021\\\/05\\\/07\\\/jure-i-mate-stizu-na-male-ekrane-u-livnu-se-snima-igrana-serija\\\/#breadcrumb\",\"itemListElement\":[{\"@type\":\"ListItem\",\"position\":1,\"name\":\"Po\u010detna stranica\",\"item\":\"https:\\\/\\\/radioljubuski.ba\\\/\"},{\"@type\":\"ListItem\",\"position\":2,\"name\":\"Jure i Mate sti\u017eu na male ekrane: U Livnu se snima igrana serija\"}]},{\"@type\":\"WebSite\",\"@id\":\"https:\\\/\\\/radioljubuski.ba\\\/#website\",\"url\":\"https:\\\/\\\/radioljubuski.ba\\\/\",\"name\":\"Radio Ljubu\u0161ki\",\"description\":\"Sun\u010dana frekvencija Hercegovine\",\"publisher\":{\"@id\":\"https:\\\/\\\/radioljubuski.ba\\\/#organization\"},\"potentialAction\":[{\"@type\":\"SearchAction\",\"target\":{\"@type\":\"EntryPoint\",\"urlTemplate\":\"https:\\\/\\\/radioljubuski.ba\\\/?s={search_term_string}\"},\"query-input\":{\"@type\":\"PropertyValueSpecification\",\"valueRequired\":true,\"valueName\":\"search_term_string\"}}],\"inLanguage\":\"hr\"},{\"@type\":\"Organization\",\"@id\":\"https:\\\/\\\/radioljubuski.ba\\\/#organization\",\"name\":\"Radio Ljubu\u0161ki\",\"url\":\"https:\\\/\\\/radioljubuski.ba\\\/\",\"logo\":{\"@type\":\"ImageObject\",\"inLanguage\":\"hr\",\"@id\":\"https:\\\/\\\/radioljubuski.ba\\\/#\\\/schema\\\/logo\\\/image\\\/\",\"url\":\"https:\\\/\\\/radioljubuski.ba\\\/wp-content\\\/uploads\\\/2021\\\/02\\\/cropped-Radio_Ljubuski_logo1.jpg\",\"contentUrl\":\"https:\\\/\\\/radioljubuski.ba\\\/wp-content\\\/uploads\\\/2021\\\/02\\\/cropped-Radio_Ljubuski_logo1.jpg\",\"width\":512,\"height\":512,\"caption\":\"Radio Ljubu\u0161ki\"},\"image\":{\"@id\":\"https:\\\/\\\/radioljubuski.ba\\\/#\\\/schema\\\/logo\\\/image\\\/\"},\"sameAs\":[\"https:\\\/\\\/www.facebook.com\\\/Radiio-Ljubuski-1490835324566332\",\"https:\\\/\\\/x.com\\\/radioljubuski\",\"https:\\\/\\\/hr.linkedin.com\\\/company\\\/radio-ljubuski\",\"https:\\\/\\\/www.youtube.com\\\/channel\\\/UCHYaeO_n0Db3tjNGudGpXyw\"]},{\"@type\":\"Person\",\"@id\":\"https:\\\/\\\/radioljubuski.ba\\\/#\\\/schema\\\/person\\\/19fc700381a780f69665d7956c469e3b\",\"name\":\"Radio Ljubu\u0161ki\"}]}<\/script>\n<!-- \/ Yoast SEO plugin. -->","yoast_head_json":{"title":"Jure i Mate sti\u017eu na male ekrane: U Livnu se snima igrana serija - RADIO LJUBU\u0160KI","robots":{"index":"index","follow":"follow","max-snippet":"max-snippet:-1","max-image-preview":"max-image-preview:large","max-video-preview":"max-video-preview:-1"},"canonical":"https:\/\/radioljubuski.ba\/index.php\/2021\/05\/07\/jure-i-mate-stizu-na-male-ekrane-u-livnu-se-snima-igrana-serija\/","og_locale":"hr_HR","og_type":"article","og_title":"Jure i Mate sti\u017eu na male ekrane: U Livnu se snima igrana serija - RADIO LJUBU\u0160KI","og_description":"Ekipa iz serije Jure i Mate ovoga puta snima igranu seriju od pet epizoda! Serija bi trebala ugledati svjetlo i na malim ekranima. Naime, rije\u010d je o dobro poznatim YouTube likovima iz serije Jure i Mate \u010diji kanal broji preko 105.000 pretplatnika. Ovog puta mo\u0107i \u0107e te vidjeti ne\u0161to druga\u010diji rad u odnosu na njihov [&hellip;]","og_url":"https:\/\/radioljubuski.ba\/index.php\/2021\/05\/07\/jure-i-mate-stizu-na-male-ekrane-u-livnu-se-snima-igrana-serija\/","og_site_name":"RADIO LJUBU\u0160KI","article_publisher":"https:\/\/www.facebook.com\/Radiio-Ljubuski-1490835324566332","article_published_time":"2021-05-06T23:24:20+00:00","article_modified_time":"2021-05-06T23:24:21+00:00","og_image":[{"width":1068,"height":711,"url":"https:\/\/radioljubuski.ba\/wp-content\/uploads\/2021\/05\/jure-i-mate2-1170x779-1-1068x711-1.jpg","type":"image\/jpeg"}],"author":"Radio Ljubu\u0161ki","twitter_card":"summary_large_image","twitter_creator":"@radioljubuski","twitter_site":"@radioljubuski","twitter_misc":{"Napisao\/la":"Radio Ljubu\u0161ki","Procijenjeno vrijeme \u010ditanja":"2 minute"},"schema":{"@context":"https:\/\/schema.org","@graph":[{"@type":"Article","@id":"https:\/\/radioljubuski.ba\/index.php\/2021\/05\/07\/jure-i-mate-stizu-na-male-ekrane-u-livnu-se-snima-igrana-serija\/#article","isPartOf":{"@id":"https:\/\/radioljubuski.ba\/index.php\/2021\/05\/07\/jure-i-mate-stizu-na-male-ekrane-u-livnu-se-snima-igrana-serija\/"},"author":{"name":"Radio Ljubu\u0161ki","@id":"https:\/\/radioljubuski.ba\/#\/schema\/person\/19fc700381a780f69665d7956c469e3b"},"headline":"Jure i Mate sti\u017eu na male ekrane: U Livnu se snima igrana serija","datePublished":"2021-05-06T23:24:20+00:00","dateModified":"2021-05-06T23:24:21+00:00","mainEntityOfPage":{"@id":"https:\/\/radioljubuski.ba\/index.php\/2021\/05\/07\/jure-i-mate-stizu-na-male-ekrane-u-livnu-se-snima-igrana-serija\/"},"wordCount":386,"publisher":{"@id":"https:\/\/radioljubuski.ba\/#organization"},"image":{"@id":"https:\/\/radioljubuski.ba\/index.php\/2021\/05\/07\/jure-i-mate-stizu-na-male-ekrane-u-livnu-se-snima-igrana-serija\/#primaryimage"},"thumbnailUrl":"https:\/\/radioljubuski.ba\/wp-content\/uploads\/2021\/05\/jure-i-mate2-1170x779-1-1068x711-1.jpg","articleSection":["BIH i regija"],"inLanguage":"hr"},{"@type":"WebPage","@id":"https:\/\/radioljubuski.ba\/index.php\/2021\/05\/07\/jure-i-mate-stizu-na-male-ekrane-u-livnu-se-snima-igrana-serija\/","url":"https:\/\/radioljubuski.ba\/index.php\/2021\/05\/07\/jure-i-mate-stizu-na-male-ekrane-u-livnu-se-snima-igrana-serija\/","name":"Jure i Mate sti\u017eu na male ekrane: U Livnu se snima igrana serija - RADIO LJUBU\u0160KI","isPartOf":{"@id":"https:\/\/radioljubuski.ba\/#website"},"primaryImageOfPage":{"@id":"https:\/\/radioljubuski.ba\/index.php\/2021\/05\/07\/jure-i-mate-stizu-na-male-ekrane-u-livnu-se-snima-igrana-serija\/#primaryimage"},"image":{"@id":"https:\/\/radioljubuski.ba\/index.php\/2021\/05\/07\/jure-i-mate-stizu-na-male-ekrane-u-livnu-se-snima-igrana-serija\/#primaryimage"},"thumbnailUrl":"https:\/\/radioljubuski.ba\/wp-content\/uploads\/2021\/05\/jure-i-mate2-1170x779-1-1068x711-1.jpg","datePublished":"2021-05-06T23:24:20+00:00","dateModified":"2021-05-06T23:24:21+00:00","breadcrumb":{"@id":"https:\/\/radioljubuski.ba\/index.php\/2021\/05\/07\/jure-i-mate-stizu-na-male-ekrane-u-livnu-se-snima-igrana-serija\/#breadcrumb"},"inLanguage":"hr","potentialAction":[{"@type":"ReadAction","target":["https:\/\/radioljubuski.ba\/index.php\/2021\/05\/07\/jure-i-mate-stizu-na-male-ekrane-u-livnu-se-snima-igrana-serija\/"]}]},{"@type":"ImageObject","inLanguage":"hr","@id":"https:\/\/radioljubuski.ba\/index.php\/2021\/05\/07\/jure-i-mate-stizu-na-male-ekrane-u-livnu-se-snima-igrana-serija\/#primaryimage","url":"https:\/\/radioljubuski.ba\/wp-content\/uploads\/2021\/05\/jure-i-mate2-1170x779-1-1068x711-1.jpg","contentUrl":"https:\/\/radioljubuski.ba\/wp-content\/uploads\/2021\/05\/jure-i-mate2-1170x779-1-1068x711-1.jpg","width":1068,"height":711},{"@type":"BreadcrumbList","@id":"https:\/\/radioljubuski.ba\/index.php\/2021\/05\/07\/jure-i-mate-stizu-na-male-ekrane-u-livnu-se-snima-igrana-serija\/#breadcrumb","itemListElement":[{"@type":"ListItem","position":1,"name":"Po\u010detna stranica","item":"https:\/\/radioljubuski.ba\/"},{"@type":"ListItem","position":2,"name":"Jure i Mate sti\u017eu na male ekrane: U Livnu se snima igrana serija"}]},{"@type":"WebSite","@id":"https:\/\/radioljubuski.ba\/#website","url":"https:\/\/radioljubuski.ba\/","name":"Radio Ljubu\u0161ki","description":"Sun\u010dana frekvencija Hercegovine","publisher":{"@id":"https:\/\/radioljubuski.ba\/#organization"},"potentialAction":[{"@type":"SearchAction","target":{"@type":"EntryPoint","urlTemplate":"https:\/\/radioljubuski.ba\/?s={search_term_string}"},"query-input":{"@type":"PropertyValueSpecification","valueRequired":true,"valueName":"search_term_string"}}],"inLanguage":"hr"},{"@type":"Organization","@id":"https:\/\/radioljubuski.ba\/#organization","name":"Radio Ljubu\u0161ki","url":"https:\/\/radioljubuski.ba\/","logo":{"@type":"ImageObject","inLanguage":"hr","@id":"https:\/\/radioljubuski.ba\/#\/schema\/logo\/image\/","url":"https:\/\/radioljubuski.ba\/wp-content\/uploads\/2021\/02\/cropped-Radio_Ljubuski_logo1.jpg","contentUrl":"https:\/\/radioljubuski.ba\/wp-content\/uploads\/2021\/02\/cropped-Radio_Ljubuski_logo1.jpg","width":512,"height":512,"caption":"Radio Ljubu\u0161ki"},"image":{"@id":"https:\/\/radioljubuski.ba\/#\/schema\/logo\/image\/"},"sameAs":["https:\/\/www.facebook.com\/Radiio-Ljubuski-1490835324566332","https:\/\/x.com\/radioljubuski","https:\/\/hr.linkedin.com\/company\/radio-ljubuski","https:\/\/www.youtube.com\/channel\/UCHYaeO_n0Db3tjNGudGpXyw"]},{"@type":"Person","@id":"https:\/\/radioljubuski.ba\/#\/schema\/person\/19fc700381a780f69665d7956c469e3b","name":"Radio Ljubu\u0161ki"}]}},"_links":{"self":[{"href":"https:\/\/radioljubuski.ba\/index.php\/wp-json\/wp\/v2\/posts\/19208","targetHints":{"allow":["GET"]}}],"collection":[{"href":"https:\/\/radioljubuski.ba\/index.php\/wp-json\/wp\/v2\/posts"}],"about":[{"href":"https:\/\/radioljubuski.ba\/index.php\/wp-json\/wp\/v2\/types\/post"}],"author":[{"embeddable":true,"href":"https:\/\/radioljubuski.ba\/index.php\/wp-json\/wp\/v2\/users\/2"}],"replies":[{"embeddable":true,"href":"https:\/\/radioljubuski.ba\/index.php\/wp-json\/wp\/v2\/comments?post=19208"}],"version-history":[{"count":1,"href":"https:\/\/radioljubuski.ba\/index.php\/wp-json\/wp\/v2\/posts\/19208\/revisions"}],"predecessor-version":[{"id":19210,"href":"https:\/\/radioljubuski.ba\/index.php\/wp-json\/wp\/v2\/posts\/19208\/revisions\/19210"}],"wp:featuredmedia":[{"embeddable":true,"href":"https:\/\/radioljubuski.ba\/index.php\/wp-json\/wp\/v2\/media\/19209"}],"wp:attachment":[{"href":"https:\/\/radioljubuski.ba\/index.php\/wp-json\/wp\/v2\/media?parent=19208"}],"wp:term":[{"taxonomy":"category","embeddable":true,"href":"https:\/\/radioljubuski.ba\/index.php\/wp-json\/wp\/v2\/categories?post=19208"},{"taxonomy":"post_tag","embeddable":true,"href":"https:\/\/radioljubuski.ba\/index.php\/wp-json\/wp\/v2\/tags?post=19208"}],"curies":[{"name":"wp","href":"https:\/\/api.w.org\/{rel}","templated":true}]}}