{"id":19220,"date":"2021-05-07T00:31:00","date_gmt":"2021-05-06T23:31:00","guid":{"rendered":"https:\/\/radioljubuski.ba\/?p=19220"},"modified":"2021-05-07T00:31:01","modified_gmt":"2021-05-06T23:31:01","slug":"u-petom-pokusaju-spacex-elona-muska-uspjesno-prizemljio-raketu","status":"publish","type":"post","link":"https:\/\/radioljubuski.ba\/index.php\/2021\/05\/07\/u-petom-pokusaju-spacex-elona-muska-uspjesno-prizemljio-raketu\/","title":{"rendered":"U petom poku\u0161aju SpaceX Elona Muska uspje\u0161no prizemljio raketu"},"content":{"rendered":"\n<p>Svemirska tvrtka SpaceX Elona Muska u srijedu je u petom poku\u0161aju uspjela prizemljiti prototip rakete Starship na poligonu u Teksasu bez da je letjelica eksplodirala.<\/p>\n\n\n\n<p>Testni let predstavlja veliku pobjedu za ambicioznu tvrtku koja Starshipom \u017eeli prevoziti ljudske posade na Mars.<\/p>\n\n\n\n<p>\u201cNominalno slijetanje Starshipa!\u201d, slavodobitno je tvitao osniva\u010d tvrtke Elon Musk, nakon \u0161to su prethodna \u010detiri poku\u0161aja zavr\u0161ila eksplozijama letjelica.<\/p>\n\n\n\n<p>\u201cNominalno\u201d zna\u010di normalno u kontekstu svemirskog leta.<\/p>\n\n\n\n<p>Slijetanje nije bilo besprijekorno i mali plamen zahvatio je nedugo nakon slijetanja podno\u017eje rakete visoke 50 metara.<\/p>\n\n\n\n<p>SpaceXov stru\u010dnjak John Insprucker objasnio je da ovo \u201cnije neobi\u010dno s metanskim gorivom koje koristimo\u201d, dodaju\u0107i da in\u017eenjeri jo\u0161 uvijek rje\u0161avaju probleme s dizajnom.<\/p>\n\n\n\n<p>Plamen je brzo uga\u0161en vodenim topovima, pokazale su snimke.<\/p>\n\n\n\n<p>Raketa je poletjela u 17,25 sati po lokalnom vremenu iz Starbasea u Boca Chici u ju\u017enom Teksasu, dosegla visinu od 10 kilometara i izvela niz manevara, uklju\u010duju\u0107i horizontalni spust.<\/p>\n\n\n\n<p>SpaceX se suo\u010dio s dodatnim pritiskom da uspije s letom, nazvanim SN15, u srijedu nakon \u0161to je NASA pro\u0161log mjeseca objavila da \u0107e se verzija Starshipa koristiti kao letjelica za Mjesec kada ameri\u010dka svemirska agencija vrati ljude na Mjesec.<\/p>\n\n\n\n<p>No, ugovor vrijedan 2,9 milijardi dolara trenutno je blokiran nakon \u0161to su dvije suparni\u010dke tvrtke \u2013 Blue Origin Jeffa Bezosa i Dynetics ulo\u017eile \u017ealbu.<\/p>\n\n\n\n<p>Ako ugovor \u2018pre\u017eivi\u2019 te \u017ealbe transformirat \u0107e Starship iz Muskove igra\u010dke u veliki pothvat koji financiraju porezni obveznici, uz sav nadzor koji to za sobom povla\u010di.<\/p>\n\n\n\n<p>Prva dva testna leta Starshipa, SN8 i SN9, eksplodirala su pri slijetanju kada su lansirana u prosincu, odnosno u velja\u010di.<\/p>\n\n\n\n<p>Sljede\u0107i, SN10, uspje\u0161no je sletio, a zatim je eksplodirao nekoliko minuta kasnije, 3. o\u017eujka.<\/p>\n\n\n\n<p>Video prijenos prekinut je tijekom \u010detvtog testnog leta, SN11, a Musk je kasnije potvrdio da je i on eksplodirao, ovaj put usred leta.<\/p>\n\n\n\n<p>SpaceX planira kombinirati svemirski brod Starship s raketom Super Heavy, stvaraju\u0107i potpuno novi sustav za duboko istra\u017eivanje na\u0161eg Sun\u010deva sustava.<\/p>\n\n\n\n<p>Ta kona\u010dna verzija bit \u0107e visoka 120 metara i mo\u0107i \u0107e nositi 100 &nbsp;tona u Zemljinu orbitu \u0161to \u0107e biti najmo\u0107nija lansirna letjelica razvijena dosad.<\/p>\n\n\n\n<p>Musk tima \u017eeli ostvariti svoj cilj pretvaranja \u010dovje\u010danstva u multiplanetarnu vrstu s kolonijom na Marsu.<\/p>\n\n\n\n<p>Planirana mjese\u010deva verzija Starshipa ipak bi poslu\u017eila skromnijem cilju \u2013 pristajanju na budu\u0107u lunarnu orbitalnu stanicu, preuzimanju astronauta i zatim njihovu nastanjivanju na Mjesec.<\/p>\n\n\n\n<p>Kako bi astronaute uop\u0107e dovela do lunarne stanice NASA ima na umu tradicionalniji plan: kori\u0161tenje vlastite divovske SLS rakete s kapsulom za posadu zvanom Orion smje\u0161tenom na vrhu rakete.<\/p>\n\n\n\n<p>No, raketa SLS pretrpjela je ozbiljna ka\u0161njenja i probijanja tro\u0161kova pa promatra\u010di misle da bi, ako Starship uspije, SLS jednog bi dana mogao otpasti.<\/p>\n\n\n\n<p>Izvor:pogled.ba<\/p>\n","protected":false},"excerpt":{"rendered":"<p>Svemirska tvrtka SpaceX Elona Muska u srijedu je u petom poku\u0161aju uspjela prizemljiti prototip rakete Starship na poligonu u Teksasu bez da je letjelica eksplodirala. Testni let predstavlja veliku pobjedu za ambicioznu tvrtku koja Starshipom \u017eeli prevoziti ljudske posade na Mars. \u201cNominalno slijetanje Starshipa!\u201d, slavodobitno je tvitao osniva\u010d tvrtke Elon Musk, nakon \u0161to su prethodna [&hellip;]<\/p>\n","protected":false},"author":2,"featured_media":19221,"comment_status":"closed","ping_status":"closed","sticky":false,"template":"","format":"standard","meta":{"h5ap_radio_sources":[],"footnotes":""},"categories":[1],"tags":[],"class_list":["post-19220","post","type-post","status-publish","format-standard","has-post-thumbnail","hentry","category-bihiregija"],"yoast_head":"<!-- This site is optimized with the Yoast SEO plugin v27.5 - https:\/\/yoast.com\/product\/yoast-seo-wordpress\/ -->\n<title>U petom poku\u0161aju SpaceX Elona Muska uspje\u0161no prizemljio raketu - RADIO LJUBU\u0160KI<\/title>\n<meta name=\"robots\" content=\"index, follow, max-snippet:-1, max-image-preview:large, max-video-preview:-1\" \/>\n<link rel=\"canonical\" href=\"https:\/\/radioljubuski.ba\/index.php\/2021\/05\/07\/u-petom-pokusaju-spacex-elona-muska-uspjesno-prizemljio-raketu\/\" \/>\n<meta property=\"og:locale\" content=\"hr_HR\" \/>\n<meta property=\"og:type\" content=\"article\" \/>\n<meta property=\"og:title\" content=\"U petom poku\u0161aju SpaceX Elona Muska uspje\u0161no prizemljio raketu - RADIO LJUBU\u0160KI\" \/>\n<meta property=\"og:description\" content=\"Svemirska tvrtka SpaceX Elona Muska u srijedu je u petom poku\u0161aju uspjela prizemljiti prototip rakete Starship na poligonu u Teksasu bez da je letjelica eksplodirala. Testni let predstavlja veliku pobjedu za ambicioznu tvrtku koja Starshipom \u017eeli prevoziti ljudske posade na Mars. \u201cNominalno slijetanje Starshipa!\u201d, slavodobitno je tvitao osniva\u010d tvrtke Elon Musk, nakon \u0161to su prethodna [&hellip;]\" \/>\n<meta property=\"og:url\" content=\"https:\/\/radioljubuski.ba\/index.php\/2021\/05\/07\/u-petom-pokusaju-spacex-elona-muska-uspjesno-prizemljio-raketu\/\" \/>\n<meta property=\"og:site_name\" content=\"RADIO LJUBU\u0160KI\" \/>\n<meta property=\"article:publisher\" content=\"https:\/\/www.facebook.com\/Radiio-Ljubuski-1490835324566332\" \/>\n<meta property=\"article:published_time\" content=\"2021-05-06T23:31:00+00:00\" \/>\n<meta property=\"article:modified_time\" content=\"2021-05-06T23:31:01+00:00\" \/>\n<meta property=\"og:image\" content=\"https:\/\/radioljubuski.ba\/wp-content\/uploads\/2021\/05\/2-2021-05-06-10-37-06-SPACEX.jpg\" \/>\n\t<meta property=\"og:image:width\" content=\"1000\" \/>\n\t<meta property=\"og:image:height\" content=\"625\" \/>\n\t<meta property=\"og:image:type\" content=\"image\/jpeg\" \/>\n<meta name=\"author\" content=\"Radio Ljubu\u0161ki\" \/>\n<meta name=\"twitter:card\" content=\"summary_large_image\" \/>\n<meta name=\"twitter:creator\" content=\"@radioljubuski\" \/>\n<meta name=\"twitter:site\" content=\"@radioljubuski\" \/>\n<meta name=\"twitter:label1\" content=\"Napisao\/la\" \/>\n\t<meta name=\"twitter:data1\" content=\"Radio Ljubu\u0161ki\" \/>\n\t<meta name=\"twitter:label2\" content=\"Procijenjeno vrijeme \u010ditanja\" \/>\n\t<meta name=\"twitter:data2\" content=\"2 minute\" \/>\n<script type=\"application\/ld+json\" class=\"yoast-schema-graph\">{\"@context\":\"https:\\\/\\\/schema.org\",\"@graph\":[{\"@type\":\"Article\",\"@id\":\"https:\\\/\\\/radioljubuski.ba\\\/index.php\\\/2021\\\/05\\\/07\\\/u-petom-pokusaju-spacex-elona-muska-uspjesno-prizemljio-raketu\\\/#article\",\"isPartOf\":{\"@id\":\"https:\\\/\\\/radioljubuski.ba\\\/index.php\\\/2021\\\/05\\\/07\\\/u-petom-pokusaju-spacex-elona-muska-uspjesno-prizemljio-raketu\\\/\"},\"author\":{\"name\":\"Radio Ljubu\u0161ki\",\"@id\":\"https:\\\/\\\/radioljubuski.ba\\\/#\\\/schema\\\/person\\\/19fc700381a780f69665d7956c469e3b\"},\"headline\":\"U petom poku\u0161aju SpaceX Elona Muska uspje\u0161no prizemljio raketu\",\"datePublished\":\"2021-05-06T23:31:00+00:00\",\"dateModified\":\"2021-05-06T23:31:01+00:00\",\"mainEntityOfPage\":{\"@id\":\"https:\\\/\\\/radioljubuski.ba\\\/index.php\\\/2021\\\/05\\\/07\\\/u-petom-pokusaju-spacex-elona-muska-uspjesno-prizemljio-raketu\\\/\"},\"wordCount\":478,\"publisher\":{\"@id\":\"https:\\\/\\\/radioljubuski.ba\\\/#organization\"},\"image\":{\"@id\":\"https:\\\/\\\/radioljubuski.ba\\\/index.php\\\/2021\\\/05\\\/07\\\/u-petom-pokusaju-spacex-elona-muska-uspjesno-prizemljio-raketu\\\/#primaryimage\"},\"thumbnailUrl\":\"https:\\\/\\\/radioljubuski.ba\\\/wp-content\\\/uploads\\\/2021\\\/05\\\/2-2021-05-06-10-37-06-SPACEX.jpg\",\"articleSection\":[\"BIH i regija\"],\"inLanguage\":\"hr\"},{\"@type\":\"WebPage\",\"@id\":\"https:\\\/\\\/radioljubuski.ba\\\/index.php\\\/2021\\\/05\\\/07\\\/u-petom-pokusaju-spacex-elona-muska-uspjesno-prizemljio-raketu\\\/\",\"url\":\"https:\\\/\\\/radioljubuski.ba\\\/index.php\\\/2021\\\/05\\\/07\\\/u-petom-pokusaju-spacex-elona-muska-uspjesno-prizemljio-raketu\\\/\",\"name\":\"U petom poku\u0161aju SpaceX Elona Muska uspje\u0161no prizemljio raketu - RADIO LJUBU\u0160KI\",\"isPartOf\":{\"@id\":\"https:\\\/\\\/radioljubuski.ba\\\/#website\"},\"primaryImageOfPage\":{\"@id\":\"https:\\\/\\\/radioljubuski.ba\\\/index.php\\\/2021\\\/05\\\/07\\\/u-petom-pokusaju-spacex-elona-muska-uspjesno-prizemljio-raketu\\\/#primaryimage\"},\"image\":{\"@id\":\"https:\\\/\\\/radioljubuski.ba\\\/index.php\\\/2021\\\/05\\\/07\\\/u-petom-pokusaju-spacex-elona-muska-uspjesno-prizemljio-raketu\\\/#primaryimage\"},\"thumbnailUrl\":\"https:\\\/\\\/radioljubuski.ba\\\/wp-content\\\/uploads\\\/2021\\\/05\\\/2-2021-05-06-10-37-06-SPACEX.jpg\",\"datePublished\":\"2021-05-06T23:31:00+00:00\",\"dateModified\":\"2021-05-06T23:31:01+00:00\",\"breadcrumb\":{\"@id\":\"https:\\\/\\\/radioljubuski.ba\\\/index.php\\\/2021\\\/05\\\/07\\\/u-petom-pokusaju-spacex-elona-muska-uspjesno-prizemljio-raketu\\\/#breadcrumb\"},\"inLanguage\":\"hr\",\"potentialAction\":[{\"@type\":\"ReadAction\",\"target\":[\"https:\\\/\\\/radioljubuski.ba\\\/index.php\\\/2021\\\/05\\\/07\\\/u-petom-pokusaju-spacex-elona-muska-uspjesno-prizemljio-raketu\\\/\"]}]},{\"@type\":\"ImageObject\",\"inLanguage\":\"hr\",\"@id\":\"https:\\\/\\\/radioljubuski.ba\\\/index.php\\\/2021\\\/05\\\/07\\\/u-petom-pokusaju-spacex-elona-muska-uspjesno-prizemljio-raketu\\\/#primaryimage\",\"url\":\"https:\\\/\\\/radioljubuski.ba\\\/wp-content\\\/uploads\\\/2021\\\/05\\\/2-2021-05-06-10-37-06-SPACEX.jpg\",\"contentUrl\":\"https:\\\/\\\/radioljubuski.ba\\\/wp-content\\\/uploads\\\/2021\\\/05\\\/2-2021-05-06-10-37-06-SPACEX.jpg\",\"width\":1000,\"height\":625},{\"@type\":\"BreadcrumbList\",\"@id\":\"https:\\\/\\\/radioljubuski.ba\\\/index.php\\\/2021\\\/05\\\/07\\\/u-petom-pokusaju-spacex-elona-muska-uspjesno-prizemljio-raketu\\\/#breadcrumb\",\"itemListElement\":[{\"@type\":\"ListItem\",\"position\":1,\"name\":\"Po\u010detna stranica\",\"item\":\"https:\\\/\\\/radioljubuski.ba\\\/\"},{\"@type\":\"ListItem\",\"position\":2,\"name\":\"U petom poku\u0161aju SpaceX Elona Muska uspje\u0161no prizemljio raketu\"}]},{\"@type\":\"WebSite\",\"@id\":\"https:\\\/\\\/radioljubuski.ba\\\/#website\",\"url\":\"https:\\\/\\\/radioljubuski.ba\\\/\",\"name\":\"Radio Ljubu\u0161ki\",\"description\":\"Sun\u010dana frekvencija Hercegovine\",\"publisher\":{\"@id\":\"https:\\\/\\\/radioljubuski.ba\\\/#organization\"},\"potentialAction\":[{\"@type\":\"SearchAction\",\"target\":{\"@type\":\"EntryPoint\",\"urlTemplate\":\"https:\\\/\\\/radioljubuski.ba\\\/?s={search_term_string}\"},\"query-input\":{\"@type\":\"PropertyValueSpecification\",\"valueRequired\":true,\"valueName\":\"search_term_string\"}}],\"inLanguage\":\"hr\"},{\"@type\":\"Organization\",\"@id\":\"https:\\\/\\\/radioljubuski.ba\\\/#organization\",\"name\":\"Radio Ljubu\u0161ki\",\"url\":\"https:\\\/\\\/radioljubuski.ba\\\/\",\"logo\":{\"@type\":\"ImageObject\",\"inLanguage\":\"hr\",\"@id\":\"https:\\\/\\\/radioljubuski.ba\\\/#\\\/schema\\\/logo\\\/image\\\/\",\"url\":\"https:\\\/\\\/radioljubuski.ba\\\/wp-content\\\/uploads\\\/2021\\\/02\\\/cropped-Radio_Ljubuski_logo1.jpg\",\"contentUrl\":\"https:\\\/\\\/radioljubuski.ba\\\/wp-content\\\/uploads\\\/2021\\\/02\\\/cropped-Radio_Ljubuski_logo1.jpg\",\"width\":512,\"height\":512,\"caption\":\"Radio Ljubu\u0161ki\"},\"image\":{\"@id\":\"https:\\\/\\\/radioljubuski.ba\\\/#\\\/schema\\\/logo\\\/image\\\/\"},\"sameAs\":[\"https:\\\/\\\/www.facebook.com\\\/Radiio-Ljubuski-1490835324566332\",\"https:\\\/\\\/x.com\\\/radioljubuski\",\"https:\\\/\\\/hr.linkedin.com\\\/company\\\/radio-ljubuski\",\"https:\\\/\\\/www.youtube.com\\\/channel\\\/UCHYaeO_n0Db3tjNGudGpXyw\"]},{\"@type\":\"Person\",\"@id\":\"https:\\\/\\\/radioljubuski.ba\\\/#\\\/schema\\\/person\\\/19fc700381a780f69665d7956c469e3b\",\"name\":\"Radio Ljubu\u0161ki\"}]}<\/script>\n<!-- \/ Yoast SEO plugin. -->","yoast_head_json":{"title":"U petom poku\u0161aju SpaceX Elona Muska uspje\u0161no prizemljio raketu - RADIO LJUBU\u0160KI","robots":{"index":"index","follow":"follow","max-snippet":"max-snippet:-1","max-image-preview":"max-image-preview:large","max-video-preview":"max-video-preview:-1"},"canonical":"https:\/\/radioljubuski.ba\/index.php\/2021\/05\/07\/u-petom-pokusaju-spacex-elona-muska-uspjesno-prizemljio-raketu\/","og_locale":"hr_HR","og_type":"article","og_title":"U petom poku\u0161aju SpaceX Elona Muska uspje\u0161no prizemljio raketu - RADIO LJUBU\u0160KI","og_description":"Svemirska tvrtka SpaceX Elona Muska u srijedu je u petom poku\u0161aju uspjela prizemljiti prototip rakete Starship na poligonu u Teksasu bez da je letjelica eksplodirala. Testni let predstavlja veliku pobjedu za ambicioznu tvrtku koja Starshipom \u017eeli prevoziti ljudske posade na Mars. \u201cNominalno slijetanje Starshipa!\u201d, slavodobitno je tvitao osniva\u010d tvrtke Elon Musk, nakon \u0161to su prethodna [&hellip;]","og_url":"https:\/\/radioljubuski.ba\/index.php\/2021\/05\/07\/u-petom-pokusaju-spacex-elona-muska-uspjesno-prizemljio-raketu\/","og_site_name":"RADIO LJUBU\u0160KI","article_publisher":"https:\/\/www.facebook.com\/Radiio-Ljubuski-1490835324566332","article_published_time":"2021-05-06T23:31:00+00:00","article_modified_time":"2021-05-06T23:31:01+00:00","og_image":[{"width":1000,"height":625,"url":"https:\/\/radioljubuski.ba\/wp-content\/uploads\/2021\/05\/2-2021-05-06-10-37-06-SPACEX.jpg","type":"image\/jpeg"}],"author":"Radio Ljubu\u0161ki","twitter_card":"summary_large_image","twitter_creator":"@radioljubuski","twitter_site":"@radioljubuski","twitter_misc":{"Napisao\/la":"Radio Ljubu\u0161ki","Procijenjeno vrijeme \u010ditanja":"2 minute"},"schema":{"@context":"https:\/\/schema.org","@graph":[{"@type":"Article","@id":"https:\/\/radioljubuski.ba\/index.php\/2021\/05\/07\/u-petom-pokusaju-spacex-elona-muska-uspjesno-prizemljio-raketu\/#article","isPartOf":{"@id":"https:\/\/radioljubuski.ba\/index.php\/2021\/05\/07\/u-petom-pokusaju-spacex-elona-muska-uspjesno-prizemljio-raketu\/"},"author":{"name":"Radio Ljubu\u0161ki","@id":"https:\/\/radioljubuski.ba\/#\/schema\/person\/19fc700381a780f69665d7956c469e3b"},"headline":"U petom poku\u0161aju SpaceX Elona Muska uspje\u0161no prizemljio raketu","datePublished":"2021-05-06T23:31:00+00:00","dateModified":"2021-05-06T23:31:01+00:00","mainEntityOfPage":{"@id":"https:\/\/radioljubuski.ba\/index.php\/2021\/05\/07\/u-petom-pokusaju-spacex-elona-muska-uspjesno-prizemljio-raketu\/"},"wordCount":478,"publisher":{"@id":"https:\/\/radioljubuski.ba\/#organization"},"image":{"@id":"https:\/\/radioljubuski.ba\/index.php\/2021\/05\/07\/u-petom-pokusaju-spacex-elona-muska-uspjesno-prizemljio-raketu\/#primaryimage"},"thumbnailUrl":"https:\/\/radioljubuski.ba\/wp-content\/uploads\/2021\/05\/2-2021-05-06-10-37-06-SPACEX.jpg","articleSection":["BIH i regija"],"inLanguage":"hr"},{"@type":"WebPage","@id":"https:\/\/radioljubuski.ba\/index.php\/2021\/05\/07\/u-petom-pokusaju-spacex-elona-muska-uspjesno-prizemljio-raketu\/","url":"https:\/\/radioljubuski.ba\/index.php\/2021\/05\/07\/u-petom-pokusaju-spacex-elona-muska-uspjesno-prizemljio-raketu\/","name":"U petom poku\u0161aju SpaceX Elona Muska uspje\u0161no prizemljio raketu - RADIO LJUBU\u0160KI","isPartOf":{"@id":"https:\/\/radioljubuski.ba\/#website"},"primaryImageOfPage":{"@id":"https:\/\/radioljubuski.ba\/index.php\/2021\/05\/07\/u-petom-pokusaju-spacex-elona-muska-uspjesno-prizemljio-raketu\/#primaryimage"},"image":{"@id":"https:\/\/radioljubuski.ba\/index.php\/2021\/05\/07\/u-petom-pokusaju-spacex-elona-muska-uspjesno-prizemljio-raketu\/#primaryimage"},"thumbnailUrl":"https:\/\/radioljubuski.ba\/wp-content\/uploads\/2021\/05\/2-2021-05-06-10-37-06-SPACEX.jpg","datePublished":"2021-05-06T23:31:00+00:00","dateModified":"2021-05-06T23:31:01+00:00","breadcrumb":{"@id":"https:\/\/radioljubuski.ba\/index.php\/2021\/05\/07\/u-petom-pokusaju-spacex-elona-muska-uspjesno-prizemljio-raketu\/#breadcrumb"},"inLanguage":"hr","potentialAction":[{"@type":"ReadAction","target":["https:\/\/radioljubuski.ba\/index.php\/2021\/05\/07\/u-petom-pokusaju-spacex-elona-muska-uspjesno-prizemljio-raketu\/"]}]},{"@type":"ImageObject","inLanguage":"hr","@id":"https:\/\/radioljubuski.ba\/index.php\/2021\/05\/07\/u-petom-pokusaju-spacex-elona-muska-uspjesno-prizemljio-raketu\/#primaryimage","url":"https:\/\/radioljubuski.ba\/wp-content\/uploads\/2021\/05\/2-2021-05-06-10-37-06-SPACEX.jpg","contentUrl":"https:\/\/radioljubuski.ba\/wp-content\/uploads\/2021\/05\/2-2021-05-06-10-37-06-SPACEX.jpg","width":1000,"height":625},{"@type":"BreadcrumbList","@id":"https:\/\/radioljubuski.ba\/index.php\/2021\/05\/07\/u-petom-pokusaju-spacex-elona-muska-uspjesno-prizemljio-raketu\/#breadcrumb","itemListElement":[{"@type":"ListItem","position":1,"name":"Po\u010detna stranica","item":"https:\/\/radioljubuski.ba\/"},{"@type":"ListItem","position":2,"name":"U petom poku\u0161aju SpaceX Elona Muska uspje\u0161no prizemljio raketu"}]},{"@type":"WebSite","@id":"https:\/\/radioljubuski.ba\/#website","url":"https:\/\/radioljubuski.ba\/","name":"Radio Ljubu\u0161ki","description":"Sun\u010dana frekvencija Hercegovine","publisher":{"@id":"https:\/\/radioljubuski.ba\/#organization"},"potentialAction":[{"@type":"SearchAction","target":{"@type":"EntryPoint","urlTemplate":"https:\/\/radioljubuski.ba\/?s={search_term_string}"},"query-input":{"@type":"PropertyValueSpecification","valueRequired":true,"valueName":"search_term_string"}}],"inLanguage":"hr"},{"@type":"Organization","@id":"https:\/\/radioljubuski.ba\/#organization","name":"Radio Ljubu\u0161ki","url":"https:\/\/radioljubuski.ba\/","logo":{"@type":"ImageObject","inLanguage":"hr","@id":"https:\/\/radioljubuski.ba\/#\/schema\/logo\/image\/","url":"https:\/\/radioljubuski.ba\/wp-content\/uploads\/2021\/02\/cropped-Radio_Ljubuski_logo1.jpg","contentUrl":"https:\/\/radioljubuski.ba\/wp-content\/uploads\/2021\/02\/cropped-Radio_Ljubuski_logo1.jpg","width":512,"height":512,"caption":"Radio Ljubu\u0161ki"},"image":{"@id":"https:\/\/radioljubuski.ba\/#\/schema\/logo\/image\/"},"sameAs":["https:\/\/www.facebook.com\/Radiio-Ljubuski-1490835324566332","https:\/\/x.com\/radioljubuski","https:\/\/hr.linkedin.com\/company\/radio-ljubuski","https:\/\/www.youtube.com\/channel\/UCHYaeO_n0Db3tjNGudGpXyw"]},{"@type":"Person","@id":"https:\/\/radioljubuski.ba\/#\/schema\/person\/19fc700381a780f69665d7956c469e3b","name":"Radio Ljubu\u0161ki"}]}},"_links":{"self":[{"href":"https:\/\/radioljubuski.ba\/index.php\/wp-json\/wp\/v2\/posts\/19220","targetHints":{"allow":["GET"]}}],"collection":[{"href":"https:\/\/radioljubuski.ba\/index.php\/wp-json\/wp\/v2\/posts"}],"about":[{"href":"https:\/\/radioljubuski.ba\/index.php\/wp-json\/wp\/v2\/types\/post"}],"author":[{"embeddable":true,"href":"https:\/\/radioljubuski.ba\/index.php\/wp-json\/wp\/v2\/users\/2"}],"replies":[{"embeddable":true,"href":"https:\/\/radioljubuski.ba\/index.php\/wp-json\/wp\/v2\/comments?post=19220"}],"version-history":[{"count":1,"href":"https:\/\/radioljubuski.ba\/index.php\/wp-json\/wp\/v2\/posts\/19220\/revisions"}],"predecessor-version":[{"id":19222,"href":"https:\/\/radioljubuski.ba\/index.php\/wp-json\/wp\/v2\/posts\/19220\/revisions\/19222"}],"wp:featuredmedia":[{"embeddable":true,"href":"https:\/\/radioljubuski.ba\/index.php\/wp-json\/wp\/v2\/media\/19221"}],"wp:attachment":[{"href":"https:\/\/radioljubuski.ba\/index.php\/wp-json\/wp\/v2\/media?parent=19220"}],"wp:term":[{"taxonomy":"category","embeddable":true,"href":"https:\/\/radioljubuski.ba\/index.php\/wp-json\/wp\/v2\/categories?post=19220"},{"taxonomy":"post_tag","embeddable":true,"href":"https:\/\/radioljubuski.ba\/index.php\/wp-json\/wp\/v2\/tags?post=19220"}],"curies":[{"name":"wp","href":"https:\/\/api.w.org\/{rel}","templated":true}]}}