{"id":192316,"date":"2023-06-21T20:43:41","date_gmt":"2023-06-21T19:43:41","guid":{"rendered":"https:\/\/radioljubuski.ba\/?p=192316"},"modified":"2023-06-21T22:14:45","modified_gmt":"2023-06-21T21:14:45","slug":"__trashed-3","status":"publish","type":"post","link":"https:\/\/radioljubuski.ba\/index.php\/2023\/06\/21\/__trashed-3\/","title":{"rendered":"Utvr\u0111ene izmjene i dopune Zakona o riznici u FBiH i Konsolidirano izvje\u0161\u0107e o izvr\u0161enju prora\u010duna"},"content":{"rendered":"\n<p>Vlada Federacije BiH je, na prijedlog Federalnog ministra financija\u00a0<strong>Tonija Kraljevi\u0107a<\/strong>, utvrdila Prijedlog zakona o izmjenama i dopunama Zakona o riznici u FBiH i uputila ga u parlamentarnu proceduru po skra\u0107enom postupku s obzirom da nije u pitanju slo\u017een i opse\u017ean zakon.<\/p>\n\n\n\n<p>Izmjenom je propisano da nadle\u017enost riznice uklju\u010duju, izme\u0111u ostalog, prikupljanje svih sredstava javnog sektora i financijske transakcije u prora\u010dunu i vanprora\u010dunskim fondovima, kao i utro\u0161ke javnih prihoda po&nbsp;osnovu poreza, taksi, naknada, doprinosa, kazni i ostalih javnih prihoda, transfera, donacija, kao i primitaka od nefinancijske i financijske imovine i zadu\u017eivanja.<\/p>\n\n\n\n<p>Druge izmjene se, izme\u0111u ostalog, odnose na propisivanje novih definicija kada je rije\u010d o pojmovima interne kontrole i javnih nov\u010danih sredstava.<\/p>\n\n\n\n<p>Kako je navedeno u obrazlo\u017eenju Ministarstva, razlozi za dono\u0161enje izmjena i dopuna Zakona sadr\u017eani su, prije svega, s ciljem harmonizacije i uskla\u0111ivanja odredbi ovog zakona s odredbama drugih propisa, odnosno sa Zakonom o prora\u010dunu u FBiH i Zakonom o internoj reviziji u javnom sektoru u FBiH.<\/p>\n\n\n\n<p>Danas je Vlada FBiH primila na znanje Konsolidirani izvje\u0161\u0107a o izvr\u0161enju prora\u010duna FBiH, te \u017eupanija, op\u0107ina i finansijskih planova vanprora\u010dunskih fondova FBiH za razdoblje sije\u010danj-o\u017eujak 2023. godine.<\/p>\n\n\n\n<p>Izvje\u0161taj je ra\u0111en na osnovu financijskih izvje\u0161\u0107a o izvr\u0161enju prora\u010duna Federacije BiH, \u017eupanija, gradova i op\u0107ina, te financijskih planova vanprora\u010dunskih fondova u FBiH (deset \u017eupanijskih slu\u017ebi za zapo\u0161ljavanje, deset \u017eupanijskih zavoda zdravstvenog, tri \u017eupanijske direkcije za ceste, Federalnog zavod za zapo\u0161ljavanje i Zavoda zdravstvenog osiguranja i reosiguranja FBiH).<\/p>\n\n\n\n<p>Ukupan financijski rezultat na nivou prora\u010duna FBiH iznosi 11,2 milijuna KM, dok je u istom razdoblju pro\u0161le godine iznosio 209,6 miliona KM, a na nivou \u017eupanija iznosi 55,2 milijuna KM, dok je u istom razdoblju pro\u0161le godine iznosio 109,4 milijuna KM. Ukupan financijski rezultat na razini op\u0107ina iznosi 141,3 milijuna KM, dok je u istom razdoblju pro\u0161le godine iznosio 132,9 milijuna KM. Na razini vanprora\u010dunskih fondova ukupan financijski rezultat iznosi 12,1 miliona KM, a u istom razdoblju pro\u0161le godine iznosio je 11,3 milijuna KM.<\/p>\n\n\n\n<p>Ukupni teku\u0107i transferi za sve nivoe vlasti u Federaciji BiH ostvareni su u iznosi od 1.147,1 milijuna KM, \u0161to predstavlja rast od 26,4 posto u odnosu na njihovo ostvarenje u istom periodu 2022. godine.<\/p>\n\n\n\n<p>Ukupni konsolidirani prihodi za razdoblje sije\u010danj \u2013 o\u017eujak 2023. godine ostvareni su u iznosu od 2.854,4 milijuna KM \u0161to je za 13,7 posto vi\u0161e u odnosu na isto razdoblje prethodne godine.<\/p>\n\n\n\n<p>Kada je rije\u010d o ukupno ostvarenim kapitalnim transferima za sve razine vlasti u FBiH, u promatranom razdoblju &nbsp;bilje\u017ee pove\u0107anje od 20,9 posto i iznose 22,5 milijuna KM.<\/p>\n\n\n\n<p>Na razini FBiH ukupni teku\u0107i transferi su ostvarili rast od 27,8 posto u odnosu na isto razdoblje od pro\u0161le godine, i isti iznose 890,2 milijuna KM.<\/p>\n\n\n\n<p>Izvor:Ljportal<\/p>\n","protected":false},"excerpt":{"rendered":"<p>Vlada Federacije BiH je, na prijedlog Federalnog ministra financija\u00a0Tonija Kraljevi\u0107a, utvrdila Prijedlog zakona o izmjenama i dopunama Zakona o riznici u FBiH i uputila ga u parlamentarnu proceduru po skra\u0107enom postupku s obzirom da nije u pitanju slo\u017een i opse\u017ean zakon. Izmjenom je propisano da nadle\u017enost riznice uklju\u010duju, izme\u0111u ostalog, prikupljanje svih sredstava javnog sektora [&hellip;]<\/p>\n","protected":false},"author":2,"featured_media":192317,"comment_status":"closed","ping_status":"closed","sticky":false,"template":"","format":"standard","meta":{"h5ap_radio_sources":[],"footnotes":""},"categories":[1],"tags":[],"class_list":["post-192316","post","type-post","status-publish","format-standard","has-post-thumbnail","hentry","category-bihiregija"],"yoast_head":"<!-- This site is optimized with the Yoast SEO plugin v27.5 - https:\/\/yoast.com\/product\/yoast-seo-wordpress\/ -->\n<title>Utvr\u0111ene izmjene i dopune Zakona o riznici u FBiH i Konsolidirano izvje\u0161\u0107e o izvr\u0161enju prora\u010duna - RADIO LJUBU\u0160KI<\/title>\n<meta name=\"robots\" content=\"index, follow, max-snippet:-1, max-image-preview:large, max-video-preview:-1\" \/>\n<link rel=\"canonical\" href=\"https:\/\/radioljubuski.ba\/index.php\/2023\/06\/21\/__trashed-3\/\" \/>\n<meta property=\"og:locale\" content=\"hr_HR\" \/>\n<meta property=\"og:type\" content=\"article\" \/>\n<meta property=\"og:title\" content=\"Utvr\u0111ene izmjene i dopune Zakona o riznici u FBiH i Konsolidirano izvje\u0161\u0107e o izvr\u0161enju prora\u010duna - RADIO LJUBU\u0160KI\" \/>\n<meta property=\"og:description\" content=\"Vlada Federacije BiH je, na prijedlog Federalnog ministra financija\u00a0Tonija Kraljevi\u0107a, utvrdila Prijedlog zakona o izmjenama i dopunama Zakona o riznici u FBiH i uputila ga u parlamentarnu proceduru po skra\u0107enom postupku s obzirom da nije u pitanju slo\u017een i opse\u017ean zakon. Izmjenom je propisano da nadle\u017enost riznice uklju\u010duju, izme\u0111u ostalog, prikupljanje svih sredstava javnog sektora [&hellip;]\" \/>\n<meta property=\"og:url\" content=\"https:\/\/radioljubuski.ba\/index.php\/2023\/06\/21\/__trashed-3\/\" \/>\n<meta property=\"og:site_name\" content=\"RADIO LJUBU\u0160KI\" \/>\n<meta property=\"article:publisher\" content=\"https:\/\/www.facebook.com\/Radiio-Ljubuski-1490835324566332\" \/>\n<meta property=\"article:published_time\" content=\"2023-06-21T19:43:41+00:00\" \/>\n<meta property=\"article:modified_time\" content=\"2023-06-21T21:14:45+00:00\" \/>\n<meta property=\"og:image\" content=\"https:\/\/radioljubuski.ba\/wp-content\/uploads\/2023\/06\/toni-kraljevic-1.jpg\" \/>\n\t<meta property=\"og:image:width\" content=\"600\" \/>\n\t<meta property=\"og:image:height\" content=\"400\" \/>\n\t<meta property=\"og:image:type\" content=\"image\/jpeg\" \/>\n<meta name=\"author\" content=\"Radio Ljubu\u0161ki\" \/>\n<meta name=\"twitter:card\" content=\"summary_large_image\" \/>\n<meta name=\"twitter:creator\" content=\"@radioljubuski\" \/>\n<meta name=\"twitter:site\" content=\"@radioljubuski\" \/>\n<meta name=\"twitter:label1\" content=\"Napisao\/la\" \/>\n\t<meta name=\"twitter:data1\" content=\"Radio Ljubu\u0161ki\" \/>\n\t<meta name=\"twitter:label2\" content=\"Procijenjeno vrijeme \u010ditanja\" \/>\n\t<meta name=\"twitter:data2\" content=\"3 minute\" \/>\n<script type=\"application\/ld+json\" class=\"yoast-schema-graph\">{\"@context\":\"https:\\\/\\\/schema.org\",\"@graph\":[{\"@type\":\"Article\",\"@id\":\"https:\\\/\\\/radioljubuski.ba\\\/index.php\\\/2023\\\/06\\\/21\\\/__trashed-3\\\/#article\",\"isPartOf\":{\"@id\":\"https:\\\/\\\/radioljubuski.ba\\\/index.php\\\/2023\\\/06\\\/21\\\/__trashed-3\\\/\"},\"author\":{\"name\":\"Radio Ljubu\u0161ki\",\"@id\":\"https:\\\/\\\/radioljubuski.ba\\\/#\\\/schema\\\/person\\\/19fc700381a780f69665d7956c469e3b\"},\"headline\":\"Utvr\u0111ene izmjene i dopune Zakona o riznici u FBiH i Konsolidirano izvje\u0161\u0107e o izvr\u0161enju prora\u010duna\",\"datePublished\":\"2023-06-21T19:43:41+00:00\",\"dateModified\":\"2023-06-21T21:14:45+00:00\",\"mainEntityOfPage\":{\"@id\":\"https:\\\/\\\/radioljubuski.ba\\\/index.php\\\/2023\\\/06\\\/21\\\/__trashed-3\\\/\"},\"wordCount\":489,\"publisher\":{\"@id\":\"https:\\\/\\\/radioljubuski.ba\\\/#organization\"},\"image\":{\"@id\":\"https:\\\/\\\/radioljubuski.ba\\\/index.php\\\/2023\\\/06\\\/21\\\/__trashed-3\\\/#primaryimage\"},\"thumbnailUrl\":\"https:\\\/\\\/radioljubuski.ba\\\/wp-content\\\/uploads\\\/2023\\\/06\\\/toni-kraljevic-1.jpg\",\"articleSection\":[\"BIH i regija\"],\"inLanguage\":\"hr\"},{\"@type\":\"WebPage\",\"@id\":\"https:\\\/\\\/radioljubuski.ba\\\/index.php\\\/2023\\\/06\\\/21\\\/__trashed-3\\\/\",\"url\":\"https:\\\/\\\/radioljubuski.ba\\\/index.php\\\/2023\\\/06\\\/21\\\/__trashed-3\\\/\",\"name\":\"Utvr\u0111ene izmjene i dopune Zakona o riznici u FBiH i Konsolidirano izvje\u0161\u0107e o izvr\u0161enju prora\u010duna - RADIO LJUBU\u0160KI\",\"isPartOf\":{\"@id\":\"https:\\\/\\\/radioljubuski.ba\\\/#website\"},\"primaryImageOfPage\":{\"@id\":\"https:\\\/\\\/radioljubuski.ba\\\/index.php\\\/2023\\\/06\\\/21\\\/__trashed-3\\\/#primaryimage\"},\"image\":{\"@id\":\"https:\\\/\\\/radioljubuski.ba\\\/index.php\\\/2023\\\/06\\\/21\\\/__trashed-3\\\/#primaryimage\"},\"thumbnailUrl\":\"https:\\\/\\\/radioljubuski.ba\\\/wp-content\\\/uploads\\\/2023\\\/06\\\/toni-kraljevic-1.jpg\",\"datePublished\":\"2023-06-21T19:43:41+00:00\",\"dateModified\":\"2023-06-21T21:14:45+00:00\",\"breadcrumb\":{\"@id\":\"https:\\\/\\\/radioljubuski.ba\\\/index.php\\\/2023\\\/06\\\/21\\\/__trashed-3\\\/#breadcrumb\"},\"inLanguage\":\"hr\",\"potentialAction\":[{\"@type\":\"ReadAction\",\"target\":[\"https:\\\/\\\/radioljubuski.ba\\\/index.php\\\/2023\\\/06\\\/21\\\/__trashed-3\\\/\"]}]},{\"@type\":\"ImageObject\",\"inLanguage\":\"hr\",\"@id\":\"https:\\\/\\\/radioljubuski.ba\\\/index.php\\\/2023\\\/06\\\/21\\\/__trashed-3\\\/#primaryimage\",\"url\":\"https:\\\/\\\/radioljubuski.ba\\\/wp-content\\\/uploads\\\/2023\\\/06\\\/toni-kraljevic-1.jpg\",\"contentUrl\":\"https:\\\/\\\/radioljubuski.ba\\\/wp-content\\\/uploads\\\/2023\\\/06\\\/toni-kraljevic-1.jpg\",\"width\":600,\"height\":400},{\"@type\":\"BreadcrumbList\",\"@id\":\"https:\\\/\\\/radioljubuski.ba\\\/index.php\\\/2023\\\/06\\\/21\\\/__trashed-3\\\/#breadcrumb\",\"itemListElement\":[{\"@type\":\"ListItem\",\"position\":1,\"name\":\"Po\u010detna stranica\",\"item\":\"https:\\\/\\\/radioljubuski.ba\\\/\"},{\"@type\":\"ListItem\",\"position\":2,\"name\":\"Utvr\u0111ene izmjene i dopune Zakona o riznici u FBiH i Konsolidirano izvje\u0161\u0107e o izvr\u0161enju prora\u010duna\"}]},{\"@type\":\"WebSite\",\"@id\":\"https:\\\/\\\/radioljubuski.ba\\\/#website\",\"url\":\"https:\\\/\\\/radioljubuski.ba\\\/\",\"name\":\"Radio Ljubu\u0161ki\",\"description\":\"Sun\u010dana frekvencija Hercegovine\",\"publisher\":{\"@id\":\"https:\\\/\\\/radioljubuski.ba\\\/#organization\"},\"potentialAction\":[{\"@type\":\"SearchAction\",\"target\":{\"@type\":\"EntryPoint\",\"urlTemplate\":\"https:\\\/\\\/radioljubuski.ba\\\/?s={search_term_string}\"},\"query-input\":{\"@type\":\"PropertyValueSpecification\",\"valueRequired\":true,\"valueName\":\"search_term_string\"}}],\"inLanguage\":\"hr\"},{\"@type\":\"Organization\",\"@id\":\"https:\\\/\\\/radioljubuski.ba\\\/#organization\",\"name\":\"Radio Ljubu\u0161ki\",\"url\":\"https:\\\/\\\/radioljubuski.ba\\\/\",\"logo\":{\"@type\":\"ImageObject\",\"inLanguage\":\"hr\",\"@id\":\"https:\\\/\\\/radioljubuski.ba\\\/#\\\/schema\\\/logo\\\/image\\\/\",\"url\":\"https:\\\/\\\/radioljubuski.ba\\\/wp-content\\\/uploads\\\/2021\\\/02\\\/cropped-Radio_Ljubuski_logo1.jpg\",\"contentUrl\":\"https:\\\/\\\/radioljubuski.ba\\\/wp-content\\\/uploads\\\/2021\\\/02\\\/cropped-Radio_Ljubuski_logo1.jpg\",\"width\":512,\"height\":512,\"caption\":\"Radio Ljubu\u0161ki\"},\"image\":{\"@id\":\"https:\\\/\\\/radioljubuski.ba\\\/#\\\/schema\\\/logo\\\/image\\\/\"},\"sameAs\":[\"https:\\\/\\\/www.facebook.com\\\/Radiio-Ljubuski-1490835324566332\",\"https:\\\/\\\/x.com\\\/radioljubuski\",\"https:\\\/\\\/hr.linkedin.com\\\/company\\\/radio-ljubuski\",\"https:\\\/\\\/www.youtube.com\\\/channel\\\/UCHYaeO_n0Db3tjNGudGpXyw\"]},{\"@type\":\"Person\",\"@id\":\"https:\\\/\\\/radioljubuski.ba\\\/#\\\/schema\\\/person\\\/19fc700381a780f69665d7956c469e3b\",\"name\":\"Radio Ljubu\u0161ki\"}]}<\/script>\n<!-- \/ Yoast SEO plugin. -->","yoast_head_json":{"title":"Utvr\u0111ene izmjene i dopune Zakona o riznici u FBiH i Konsolidirano izvje\u0161\u0107e o izvr\u0161enju prora\u010duna - RADIO LJUBU\u0160KI","robots":{"index":"index","follow":"follow","max-snippet":"max-snippet:-1","max-image-preview":"max-image-preview:large","max-video-preview":"max-video-preview:-1"},"canonical":"https:\/\/radioljubuski.ba\/index.php\/2023\/06\/21\/__trashed-3\/","og_locale":"hr_HR","og_type":"article","og_title":"Utvr\u0111ene izmjene i dopune Zakona o riznici u FBiH i Konsolidirano izvje\u0161\u0107e o izvr\u0161enju prora\u010duna - RADIO LJUBU\u0160KI","og_description":"Vlada Federacije BiH je, na prijedlog Federalnog ministra financija\u00a0Tonija Kraljevi\u0107a, utvrdila Prijedlog zakona o izmjenama i dopunama Zakona o riznici u FBiH i uputila ga u parlamentarnu proceduru po skra\u0107enom postupku s obzirom da nije u pitanju slo\u017een i opse\u017ean zakon. Izmjenom je propisano da nadle\u017enost riznice uklju\u010duju, izme\u0111u ostalog, prikupljanje svih sredstava javnog sektora [&hellip;]","og_url":"https:\/\/radioljubuski.ba\/index.php\/2023\/06\/21\/__trashed-3\/","og_site_name":"RADIO LJUBU\u0160KI","article_publisher":"https:\/\/www.facebook.com\/Radiio-Ljubuski-1490835324566332","article_published_time":"2023-06-21T19:43:41+00:00","article_modified_time":"2023-06-21T21:14:45+00:00","og_image":[{"width":600,"height":400,"url":"https:\/\/radioljubuski.ba\/wp-content\/uploads\/2023\/06\/toni-kraljevic-1.jpg","type":"image\/jpeg"}],"author":"Radio Ljubu\u0161ki","twitter_card":"summary_large_image","twitter_creator":"@radioljubuski","twitter_site":"@radioljubuski","twitter_misc":{"Napisao\/la":"Radio Ljubu\u0161ki","Procijenjeno vrijeme \u010ditanja":"3 minute"},"schema":{"@context":"https:\/\/schema.org","@graph":[{"@type":"Article","@id":"https:\/\/radioljubuski.ba\/index.php\/2023\/06\/21\/__trashed-3\/#article","isPartOf":{"@id":"https:\/\/radioljubuski.ba\/index.php\/2023\/06\/21\/__trashed-3\/"},"author":{"name":"Radio Ljubu\u0161ki","@id":"https:\/\/radioljubuski.ba\/#\/schema\/person\/19fc700381a780f69665d7956c469e3b"},"headline":"Utvr\u0111ene izmjene i dopune Zakona o riznici u FBiH i Konsolidirano izvje\u0161\u0107e o izvr\u0161enju prora\u010duna","datePublished":"2023-06-21T19:43:41+00:00","dateModified":"2023-06-21T21:14:45+00:00","mainEntityOfPage":{"@id":"https:\/\/radioljubuski.ba\/index.php\/2023\/06\/21\/__trashed-3\/"},"wordCount":489,"publisher":{"@id":"https:\/\/radioljubuski.ba\/#organization"},"image":{"@id":"https:\/\/radioljubuski.ba\/index.php\/2023\/06\/21\/__trashed-3\/#primaryimage"},"thumbnailUrl":"https:\/\/radioljubuski.ba\/wp-content\/uploads\/2023\/06\/toni-kraljevic-1.jpg","articleSection":["BIH i regija"],"inLanguage":"hr"},{"@type":"WebPage","@id":"https:\/\/radioljubuski.ba\/index.php\/2023\/06\/21\/__trashed-3\/","url":"https:\/\/radioljubuski.ba\/index.php\/2023\/06\/21\/__trashed-3\/","name":"Utvr\u0111ene izmjene i dopune Zakona o riznici u FBiH i Konsolidirano izvje\u0161\u0107e o izvr\u0161enju prora\u010duna - RADIO LJUBU\u0160KI","isPartOf":{"@id":"https:\/\/radioljubuski.ba\/#website"},"primaryImageOfPage":{"@id":"https:\/\/radioljubuski.ba\/index.php\/2023\/06\/21\/__trashed-3\/#primaryimage"},"image":{"@id":"https:\/\/radioljubuski.ba\/index.php\/2023\/06\/21\/__trashed-3\/#primaryimage"},"thumbnailUrl":"https:\/\/radioljubuski.ba\/wp-content\/uploads\/2023\/06\/toni-kraljevic-1.jpg","datePublished":"2023-06-21T19:43:41+00:00","dateModified":"2023-06-21T21:14:45+00:00","breadcrumb":{"@id":"https:\/\/radioljubuski.ba\/index.php\/2023\/06\/21\/__trashed-3\/#breadcrumb"},"inLanguage":"hr","potentialAction":[{"@type":"ReadAction","target":["https:\/\/radioljubuski.ba\/index.php\/2023\/06\/21\/__trashed-3\/"]}]},{"@type":"ImageObject","inLanguage":"hr","@id":"https:\/\/radioljubuski.ba\/index.php\/2023\/06\/21\/__trashed-3\/#primaryimage","url":"https:\/\/radioljubuski.ba\/wp-content\/uploads\/2023\/06\/toni-kraljevic-1.jpg","contentUrl":"https:\/\/radioljubuski.ba\/wp-content\/uploads\/2023\/06\/toni-kraljevic-1.jpg","width":600,"height":400},{"@type":"BreadcrumbList","@id":"https:\/\/radioljubuski.ba\/index.php\/2023\/06\/21\/__trashed-3\/#breadcrumb","itemListElement":[{"@type":"ListItem","position":1,"name":"Po\u010detna stranica","item":"https:\/\/radioljubuski.ba\/"},{"@type":"ListItem","position":2,"name":"Utvr\u0111ene izmjene i dopune Zakona o riznici u FBiH i Konsolidirano izvje\u0161\u0107e o izvr\u0161enju prora\u010duna"}]},{"@type":"WebSite","@id":"https:\/\/radioljubuski.ba\/#website","url":"https:\/\/radioljubuski.ba\/","name":"Radio Ljubu\u0161ki","description":"Sun\u010dana frekvencija Hercegovine","publisher":{"@id":"https:\/\/radioljubuski.ba\/#organization"},"potentialAction":[{"@type":"SearchAction","target":{"@type":"EntryPoint","urlTemplate":"https:\/\/radioljubuski.ba\/?s={search_term_string}"},"query-input":{"@type":"PropertyValueSpecification","valueRequired":true,"valueName":"search_term_string"}}],"inLanguage":"hr"},{"@type":"Organization","@id":"https:\/\/radioljubuski.ba\/#organization","name":"Radio Ljubu\u0161ki","url":"https:\/\/radioljubuski.ba\/","logo":{"@type":"ImageObject","inLanguage":"hr","@id":"https:\/\/radioljubuski.ba\/#\/schema\/logo\/image\/","url":"https:\/\/radioljubuski.ba\/wp-content\/uploads\/2021\/02\/cropped-Radio_Ljubuski_logo1.jpg","contentUrl":"https:\/\/radioljubuski.ba\/wp-content\/uploads\/2021\/02\/cropped-Radio_Ljubuski_logo1.jpg","width":512,"height":512,"caption":"Radio Ljubu\u0161ki"},"image":{"@id":"https:\/\/radioljubuski.ba\/#\/schema\/logo\/image\/"},"sameAs":["https:\/\/www.facebook.com\/Radiio-Ljubuski-1490835324566332","https:\/\/x.com\/radioljubuski","https:\/\/hr.linkedin.com\/company\/radio-ljubuski","https:\/\/www.youtube.com\/channel\/UCHYaeO_n0Db3tjNGudGpXyw"]},{"@type":"Person","@id":"https:\/\/radioljubuski.ba\/#\/schema\/person\/19fc700381a780f69665d7956c469e3b","name":"Radio Ljubu\u0161ki"}]}},"_links":{"self":[{"href":"https:\/\/radioljubuski.ba\/index.php\/wp-json\/wp\/v2\/posts\/192316","targetHints":{"allow":["GET"]}}],"collection":[{"href":"https:\/\/radioljubuski.ba\/index.php\/wp-json\/wp\/v2\/posts"}],"about":[{"href":"https:\/\/radioljubuski.ba\/index.php\/wp-json\/wp\/v2\/types\/post"}],"author":[{"embeddable":true,"href":"https:\/\/radioljubuski.ba\/index.php\/wp-json\/wp\/v2\/users\/2"}],"replies":[{"embeddable":true,"href":"https:\/\/radioljubuski.ba\/index.php\/wp-json\/wp\/v2\/comments?post=192316"}],"version-history":[{"count":3,"href":"https:\/\/radioljubuski.ba\/index.php\/wp-json\/wp\/v2\/posts\/192316\/revisions"}],"predecessor-version":[{"id":192322,"href":"https:\/\/radioljubuski.ba\/index.php\/wp-json\/wp\/v2\/posts\/192316\/revisions\/192322"}],"wp:featuredmedia":[{"embeddable":true,"href":"https:\/\/radioljubuski.ba\/index.php\/wp-json\/wp\/v2\/media\/192317"}],"wp:attachment":[{"href":"https:\/\/radioljubuski.ba\/index.php\/wp-json\/wp\/v2\/media?parent=192316"}],"wp:term":[{"taxonomy":"category","embeddable":true,"href":"https:\/\/radioljubuski.ba\/index.php\/wp-json\/wp\/v2\/categories?post=192316"},{"taxonomy":"post_tag","embeddable":true,"href":"https:\/\/radioljubuski.ba\/index.php\/wp-json\/wp\/v2\/tags?post=192316"}],"curies":[{"name":"wp","href":"https:\/\/api.w.org\/{rel}","templated":true}]}}