{"id":19235,"date":"2021-05-07T00:45:55","date_gmt":"2021-05-06T23:45:55","guid":{"rendered":"https:\/\/radioljubuski.ba\/?p=19235"},"modified":"2021-05-07T00:45:55","modified_gmt":"2021-05-06T23:45:55","slug":"ako-stalno-ubijate-sobno-bilje-provjerite-radite-li-ovu-gresku","status":"publish","type":"post","link":"https:\/\/radioljubuski.ba\/index.php\/2021\/05\/07\/ako-stalno-ubijate-sobno-bilje-provjerite-radite-li-ovu-gresku\/","title":{"rendered":"Ako stalno \u2018ubijate\u2019 sobno bilje, provjerite radite li ovu gre\u0161ku"},"content":{"rendered":"\n<p>Neke probleme sa sobnim biljkama lako je rije\u0161iti: Biljka ne dobiva dovoljno vode? Dobro je zalijte i trebala bi \u017eivnuti. Primje\u0107ujete da je va\u0161e zelenilo preraslo lonac? Prebacite ga u ve\u0107i i ono \u0107e se za\u010das oporaviti.<\/p>\n\n\n\n<p>Truljenje korijena, s druge strane, jedan je od problema od kojeg se nije tako lako oporaviti \u2013 \u0161to rano otkrivanje \u010dini bitnim. Evo nekoliko profesionalnih savjeta za uo\u010davanje, lije\u010denje i prevenciju ovog vode\u0107eg uzroka odumiranja sobnih biljaka.<\/p>\n\n\n\n<p>\u0160to je truljenje korijena?<\/p>\n\n\n\n<p>Truljenje korijena relativno je \u010desta bolest sobnih biljaka koju obi\u010dno uzrokuje bakterijska ili gljivi\u010dna infekcija. Ti patogeni uspijevaju u vla\u017enom tlu i na kraju uzrokuju gu\u0161enje korijena biljke. Korijeni mogu istrunuti i kada su predugo izlo\u017eeni pretjerano vla\u017enim uvjetima.<\/p>\n\n\n\n<p>Korijeni su poput motora biljke: oni odr\u017eavaju stvari i pokre\u0107u sve li\u0161\u0107e koje vidite iznad povr\u0161ine. Pa kad odumru, ostatak biljke ima tendenciju da \u010dini isto.<\/p>\n\n\n\n<p>\u201cBiljkama je potreban kisik za fotosintezu i pretvaranje hrane u energiju\u201d, obja\u0161njava za mbg Debbie Neese, stru\u010dnjakinja za hortikulturu.<\/p>\n\n\n\n<p>Ako kisik nije prisutan oko korijenskog sustava, stanice korijena ne mogu stvoriti klju\u010dnu molekulu za u\u0161tedu i transport energije u stanicama. Korijenje po\u010dinje odumirati i onemogu\u0107ava unos hranjivih sastojaka, \u0161to onda dovodi do smrti biljke, obja\u0161njava.<\/p>\n\n\n\n<p>Kako izgleda?<\/p>\n\n\n\n<p>Kad god zalijevate svoje biljke, morate provjeriti jesu li korijeni u dobrom stanju. Neese ka\u017ee da su \u017euti i crni listovi jedan od pokazatelja potencijalne trule\u017ei. Ovi obezbojeni listovi tako\u0111er mogu izgledati suho i sme\u017eurano, unato\u010d redovnom zalijevanju.<\/p>\n\n\n\n<p>Ako su se oko va\u0161e biljke naselile male gljivi\u010dne komar\u010dice, to je jo\u0161 jedan lo\u0161 znak.<\/p>\n\n\n\n<p>\u201cTo ukazuje na to da je tlo previ\u0161e vla\u017eno i moglo bi ukazati na neke daljnje probleme s korijenjem ako se koraci ne poduzmu odmah\u201d, ka\u017ee Neese.<\/p>\n\n\n\n<p>Posljednji trag na koji treba paziti je kiselkasti, truli smrad koji dolazi iz va\u0161e biljke.<\/p>\n\n\n\n<p>\u201cAko primijetite bilo koji od ovih znakova, vrijeme je da izvadite biljku iz posude i izbliza analizirate korijenje. Ako su korijeni sme\u0111i ili crni i mekani ili ka\u0161asti umjesto zdrave, kremasto bijele boje, to ukazuje na truljenje korijena\u201d, ka\u017ee Neese.<\/p>\n\n\n\n<p>Jednom kada dijagnosticirate truljenje korijena, vrijeme je da ga stavite pod kontrolu.<\/p>\n\n\n\n<p>\u0160to ga uzrokuje?<\/p>\n\n\n\n<p>Tri uzroka truljenja korijena:<\/p>\n\n\n\n<p>Prekomjerno zalijevanje: Ovo je daleko naj\u010de\u0161\u0107i uzrok truljenja korijena. Razli\u010dite vrste biljaka imaju razli\u010dite potrebe za vodom. Ako svoje zalijevate pre\u010desto ili previ\u0161e, tlo \u0107e se prezasititi i postati leglo gljivica i bakterija.<\/p>\n\n\n\n<p>Lo\u0161a drena\u017ea: Ona je povezana s prekomjernim zalijevanjem. Ako lonac va\u0161e biljke nema drena\u017enu rupu, vi\u0161ak vode ne\u0107e mo\u0107i pobje\u0107i iz nje, \u0161to dovodi do pretjerano vla\u017enog tla. Iako dodavanje malih kamen\u010di\u0107a na dno zatvorenog lonca mo\u017ee malo pove\u0107ati prozra\u010divanje, ve\u0107ina stru\u010dnjaka preporu\u010duje izbjegavanje lonaca koji nemaju rupe.<\/p>\n\n\n\n<p>Premalo vode: U nekim slu\u010dajevima, nedovoljno zalijevanje biljke mo\u017ee na kraju dovesti i do truljenja korijena. Korijeni se po\u010dinju smanjivati \u200b\u200bi skupljati kad im je zemlja presuha. Ako neko vrijeme zaboravite zalijevati biljku, a zatim je preplavite vlagom, mo\u017eete \u0161okirati sada krhki korijenov sustav.<\/p>\n\n\n\n<p>Mo\u017ee li se biljka oporaviti od truljenja korijena?<\/p>\n\n\n\n<p>Neke se biljke mogu oporaviti od truljenja korijena, ali to ovisi o tome koliko je korijenski sustav o\u0161te\u0107en. Jednom kada izvadite biljku iz posude i procijenite korijenje, provjerite postoje li \u017eile koje jo\u0161 uvijek izgledaju svijetlo i dovoljno su guste da izdr\u017ee odre\u0111eni pritisak, prenosi 24sata. Ako va\u0161a biljka jo\u0161 uvijek ima neko netaknuto korijenje, mogla bi se oporaviti.<\/p>\n\n\n\n<p>Prvo \u0161to morate u\u010diniti je pa\u017eljivo ukloniti biljku iz zemlje, navla\u017eiti je tako da se ne o\u0161teti. Operite korijenje vodom iz slavine onoliko puta koliko je potrebno, ali budite vrlo oprezni.<\/p>\n\n\n\n<p>Zatim koristite vrlo o\u0161tre \u0161kare koje su potpuno \u010diste i izre\u017eite sve korijene koji su jako pogo\u0111eni. Ako je ve\u0107 dosta trule\u017ei, \u010distite \u0161kare alkoholom na svakih nekoliko rezova i obre\u017eite dio biljke koji bi mogao po\u010deti trule\u017e.<\/p>\n\n\n\n<p>Cilj koji tra\u017eimo prilikom rezanja li\u0161\u0107a je da biljka ima jo\u0161 jednu priliku da joj korijenje ponovno izraste jer ne\u0107e trebati hraniti mnogo li\u0161\u0107a.<\/p>\n\n\n\n<p>Sljede\u0107e \u0161to biste trebali u\u010diniti je ukloniti sve tlo koje je bilo u tom loncu i temeljito ga isprati otopinom koja sadr\u017ei klor.<\/p>\n\n\n\n<p>Na kraju, uronite zdrave korijene u fungicidnu otopinu da biste ubili bilo koju gljivicu koja je mo\u017eda ostala tamo Ponovno ga posadite s novim tlom u isti lonac i vidjet \u0107ete da raste bez problema, kao da je novo.<\/p>\n\n\n\n<p>Ako va\u0161a biljka nema dovoljno netaknutog korijena da bi se presa\u0111ivanje isplatilo, nije izgubljena svaka nada! Jo\u0161 uvijek mo\u017eete uzgojiti novu biljku iz jedne od njezinih zdravih stabljika ili reznica li\u0161\u0107a.<\/p>\n\n\n\n<p>Kako sprije\u010diti truljenje korijena<\/p>\n\n\n\n<p>Budu\u0107i da truljenje korijena obi\u010dno uzrokuje vi\u0161ak vlage, pravilno zalijevanje je najbolji oblik prevencije. Ako ste skloni prekomjernom zalijevanju, Neese ka\u017ee da vam kori\u0161tenje mjera\u010da vlage mo\u017ee pomo\u0107i da se odviknete od te navike. Ovi mali, jeftini ure\u0111aji verzija su termometra za meso u biljnom svijetu \u2013 gurnete ih u zemlju kako biste procijenili je li spremna za zalijevanje.<\/p>\n\n\n\n<p>Osiguravanje da va\u0161a biljka ima odgovaraju\u0107u drena\u017eu tako\u0111er je klju\u010dno. Ako imate ukrasnu posudu u kojoj nema rupe, izbu\u0161ite je sami ili smjestite biljku u manju plasti\u010dnu posudu koja ima rupu i smjestite je u ve\u0107u ukrasnu posudu.<\/p>\n\n\n\n<p>Izvor:N1<\/p>\n","protected":false},"excerpt":{"rendered":"<p>Neke probleme sa sobnim biljkama lako je rije\u0161iti: Biljka ne dobiva dovoljno vode? Dobro je zalijte i trebala bi \u017eivnuti. Primje\u0107ujete da je va\u0161e zelenilo preraslo lonac? Prebacite ga u ve\u0107i i ono \u0107e se za\u010das oporaviti. Truljenje korijena, s druge strane, jedan je od problema od kojeg se nije tako lako oporaviti \u2013 \u0161to [&hellip;]<\/p>\n","protected":false},"author":2,"featured_media":19236,"comment_status":"closed","ping_status":"closed","sticky":false,"template":"","format":"standard","meta":{"h5ap_radio_sources":[],"footnotes":""},"categories":[1],"tags":[],"class_list":["post-19235","post","type-post","status-publish","format-standard","has-post-thumbnail","hentry","category-bihiregija"],"yoast_head":"<!-- This site is optimized with the Yoast SEO plugin v27.5 - https:\/\/yoast.com\/product\/yoast-seo-wordpress\/ -->\n<title>Ako stalno \u2018ubijate\u2019 sobno bilje, provjerite radite li ovu gre\u0161ku - RADIO LJUBU\u0160KI<\/title>\n<meta name=\"robots\" content=\"index, follow, max-snippet:-1, max-image-preview:large, max-video-preview:-1\" \/>\n<link rel=\"canonical\" href=\"https:\/\/radioljubuski.ba\/index.php\/2021\/05\/07\/ako-stalno-ubijate-sobno-bilje-provjerite-radite-li-ovu-gresku\/\" \/>\n<meta property=\"og:locale\" content=\"hr_HR\" \/>\n<meta property=\"og:type\" content=\"article\" \/>\n<meta property=\"og:title\" content=\"Ako stalno \u2018ubijate\u2019 sobno bilje, provjerite radite li ovu gre\u0161ku - RADIO LJUBU\u0160KI\" \/>\n<meta property=\"og:description\" content=\"Neke probleme sa sobnim biljkama lako je rije\u0161iti: Biljka ne dobiva dovoljno vode? Dobro je zalijte i trebala bi \u017eivnuti. Primje\u0107ujete da je va\u0161e zelenilo preraslo lonac? Prebacite ga u ve\u0107i i ono \u0107e se za\u010das oporaviti. Truljenje korijena, s druge strane, jedan je od problema od kojeg se nije tako lako oporaviti \u2013 \u0161to [&hellip;]\" \/>\n<meta property=\"og:url\" content=\"https:\/\/radioljubuski.ba\/index.php\/2021\/05\/07\/ako-stalno-ubijate-sobno-bilje-provjerite-radite-li-ovu-gresku\/\" \/>\n<meta property=\"og:site_name\" content=\"RADIO LJUBU\u0160KI\" \/>\n<meta property=\"article:publisher\" content=\"https:\/\/www.facebook.com\/Radiio-Ljubuski-1490835324566332\" \/>\n<meta property=\"article:published_time\" content=\"2021-05-06T23:45:55+00:00\" \/>\n<meta property=\"og:image\" content=\"https:\/\/radioljubuski.ba\/wp-content\/uploads\/2021\/05\/7-2021-04-30-21-38-21-32321.jpg\" \/>\n\t<meta property=\"og:image:width\" content=\"1000\" \/>\n\t<meta property=\"og:image:height\" content=\"625\" \/>\n\t<meta property=\"og:image:type\" content=\"image\/jpeg\" \/>\n<meta name=\"author\" content=\"Radio Ljubu\u0161ki\" \/>\n<meta name=\"twitter:card\" content=\"summary_large_image\" \/>\n<meta name=\"twitter:creator\" content=\"@radioljubuski\" \/>\n<meta name=\"twitter:site\" content=\"@radioljubuski\" \/>\n<meta name=\"twitter:label1\" content=\"Napisao\/la\" \/>\n\t<meta name=\"twitter:data1\" content=\"Radio Ljubu\u0161ki\" \/>\n\t<meta name=\"twitter:label2\" content=\"Procijenjeno vrijeme \u010ditanja\" \/>\n\t<meta name=\"twitter:data2\" content=\"4 minute\" \/>\n<script type=\"application\/ld+json\" class=\"yoast-schema-graph\">{\"@context\":\"https:\\\/\\\/schema.org\",\"@graph\":[{\"@type\":\"Article\",\"@id\":\"https:\\\/\\\/radioljubuski.ba\\\/index.php\\\/2021\\\/05\\\/07\\\/ako-stalno-ubijate-sobno-bilje-provjerite-radite-li-ovu-gresku\\\/#article\",\"isPartOf\":{\"@id\":\"https:\\\/\\\/radioljubuski.ba\\\/index.php\\\/2021\\\/05\\\/07\\\/ako-stalno-ubijate-sobno-bilje-provjerite-radite-li-ovu-gresku\\\/\"},\"author\":{\"name\":\"Radio Ljubu\u0161ki\",\"@id\":\"https:\\\/\\\/radioljubuski.ba\\\/#\\\/schema\\\/person\\\/19fc700381a780f69665d7956c469e3b\"},\"headline\":\"Ako stalno \u2018ubijate\u2019 sobno bilje, provjerite radite li ovu gre\u0161ku\",\"datePublished\":\"2021-05-06T23:45:55+00:00\",\"mainEntityOfPage\":{\"@id\":\"https:\\\/\\\/radioljubuski.ba\\\/index.php\\\/2021\\\/05\\\/07\\\/ako-stalno-ubijate-sobno-bilje-provjerite-radite-li-ovu-gresku\\\/\"},\"wordCount\":957,\"publisher\":{\"@id\":\"https:\\\/\\\/radioljubuski.ba\\\/#organization\"},\"image\":{\"@id\":\"https:\\\/\\\/radioljubuski.ba\\\/index.php\\\/2021\\\/05\\\/07\\\/ako-stalno-ubijate-sobno-bilje-provjerite-radite-li-ovu-gresku\\\/#primaryimage\"},\"thumbnailUrl\":\"https:\\\/\\\/radioljubuski.ba\\\/wp-content\\\/uploads\\\/2021\\\/05\\\/7-2021-04-30-21-38-21-32321.jpg\",\"articleSection\":[\"BIH i regija\"],\"inLanguage\":\"hr\"},{\"@type\":\"WebPage\",\"@id\":\"https:\\\/\\\/radioljubuski.ba\\\/index.php\\\/2021\\\/05\\\/07\\\/ako-stalno-ubijate-sobno-bilje-provjerite-radite-li-ovu-gresku\\\/\",\"url\":\"https:\\\/\\\/radioljubuski.ba\\\/index.php\\\/2021\\\/05\\\/07\\\/ako-stalno-ubijate-sobno-bilje-provjerite-radite-li-ovu-gresku\\\/\",\"name\":\"Ako stalno \u2018ubijate\u2019 sobno bilje, provjerite radite li ovu gre\u0161ku - RADIO LJUBU\u0160KI\",\"isPartOf\":{\"@id\":\"https:\\\/\\\/radioljubuski.ba\\\/#website\"},\"primaryImageOfPage\":{\"@id\":\"https:\\\/\\\/radioljubuski.ba\\\/index.php\\\/2021\\\/05\\\/07\\\/ako-stalno-ubijate-sobno-bilje-provjerite-radite-li-ovu-gresku\\\/#primaryimage\"},\"image\":{\"@id\":\"https:\\\/\\\/radioljubuski.ba\\\/index.php\\\/2021\\\/05\\\/07\\\/ako-stalno-ubijate-sobno-bilje-provjerite-radite-li-ovu-gresku\\\/#primaryimage\"},\"thumbnailUrl\":\"https:\\\/\\\/radioljubuski.ba\\\/wp-content\\\/uploads\\\/2021\\\/05\\\/7-2021-04-30-21-38-21-32321.jpg\",\"datePublished\":\"2021-05-06T23:45:55+00:00\",\"breadcrumb\":{\"@id\":\"https:\\\/\\\/radioljubuski.ba\\\/index.php\\\/2021\\\/05\\\/07\\\/ako-stalno-ubijate-sobno-bilje-provjerite-radite-li-ovu-gresku\\\/#breadcrumb\"},\"inLanguage\":\"hr\",\"potentialAction\":[{\"@type\":\"ReadAction\",\"target\":[\"https:\\\/\\\/radioljubuski.ba\\\/index.php\\\/2021\\\/05\\\/07\\\/ako-stalno-ubijate-sobno-bilje-provjerite-radite-li-ovu-gresku\\\/\"]}]},{\"@type\":\"ImageObject\",\"inLanguage\":\"hr\",\"@id\":\"https:\\\/\\\/radioljubuski.ba\\\/index.php\\\/2021\\\/05\\\/07\\\/ako-stalno-ubijate-sobno-bilje-provjerite-radite-li-ovu-gresku\\\/#primaryimage\",\"url\":\"https:\\\/\\\/radioljubuski.ba\\\/wp-content\\\/uploads\\\/2021\\\/05\\\/7-2021-04-30-21-38-21-32321.jpg\",\"contentUrl\":\"https:\\\/\\\/radioljubuski.ba\\\/wp-content\\\/uploads\\\/2021\\\/05\\\/7-2021-04-30-21-38-21-32321.jpg\",\"width\":1000,\"height\":625},{\"@type\":\"BreadcrumbList\",\"@id\":\"https:\\\/\\\/radioljubuski.ba\\\/index.php\\\/2021\\\/05\\\/07\\\/ako-stalno-ubijate-sobno-bilje-provjerite-radite-li-ovu-gresku\\\/#breadcrumb\",\"itemListElement\":[{\"@type\":\"ListItem\",\"position\":1,\"name\":\"Po\u010detna stranica\",\"item\":\"https:\\\/\\\/radioljubuski.ba\\\/\"},{\"@type\":\"ListItem\",\"position\":2,\"name\":\"Ako stalno \u2018ubijate\u2019 sobno bilje, provjerite radite li ovu gre\u0161ku\"}]},{\"@type\":\"WebSite\",\"@id\":\"https:\\\/\\\/radioljubuski.ba\\\/#website\",\"url\":\"https:\\\/\\\/radioljubuski.ba\\\/\",\"name\":\"Radio Ljubu\u0161ki\",\"description\":\"Sun\u010dana frekvencija Hercegovine\",\"publisher\":{\"@id\":\"https:\\\/\\\/radioljubuski.ba\\\/#organization\"},\"potentialAction\":[{\"@type\":\"SearchAction\",\"target\":{\"@type\":\"EntryPoint\",\"urlTemplate\":\"https:\\\/\\\/radioljubuski.ba\\\/?s={search_term_string}\"},\"query-input\":{\"@type\":\"PropertyValueSpecification\",\"valueRequired\":true,\"valueName\":\"search_term_string\"}}],\"inLanguage\":\"hr\"},{\"@type\":\"Organization\",\"@id\":\"https:\\\/\\\/radioljubuski.ba\\\/#organization\",\"name\":\"Radio Ljubu\u0161ki\",\"url\":\"https:\\\/\\\/radioljubuski.ba\\\/\",\"logo\":{\"@type\":\"ImageObject\",\"inLanguage\":\"hr\",\"@id\":\"https:\\\/\\\/radioljubuski.ba\\\/#\\\/schema\\\/logo\\\/image\\\/\",\"url\":\"https:\\\/\\\/radioljubuski.ba\\\/wp-content\\\/uploads\\\/2021\\\/02\\\/cropped-Radio_Ljubuski_logo1.jpg\",\"contentUrl\":\"https:\\\/\\\/radioljubuski.ba\\\/wp-content\\\/uploads\\\/2021\\\/02\\\/cropped-Radio_Ljubuski_logo1.jpg\",\"width\":512,\"height\":512,\"caption\":\"Radio Ljubu\u0161ki\"},\"image\":{\"@id\":\"https:\\\/\\\/radioljubuski.ba\\\/#\\\/schema\\\/logo\\\/image\\\/\"},\"sameAs\":[\"https:\\\/\\\/www.facebook.com\\\/Radiio-Ljubuski-1490835324566332\",\"https:\\\/\\\/x.com\\\/radioljubuski\",\"https:\\\/\\\/hr.linkedin.com\\\/company\\\/radio-ljubuski\",\"https:\\\/\\\/www.youtube.com\\\/channel\\\/UCHYaeO_n0Db3tjNGudGpXyw\"]},{\"@type\":\"Person\",\"@id\":\"https:\\\/\\\/radioljubuski.ba\\\/#\\\/schema\\\/person\\\/19fc700381a780f69665d7956c469e3b\",\"name\":\"Radio Ljubu\u0161ki\"}]}<\/script>\n<!-- \/ Yoast SEO plugin. -->","yoast_head_json":{"title":"Ako stalno \u2018ubijate\u2019 sobno bilje, provjerite radite li ovu gre\u0161ku - RADIO LJUBU\u0160KI","robots":{"index":"index","follow":"follow","max-snippet":"max-snippet:-1","max-image-preview":"max-image-preview:large","max-video-preview":"max-video-preview:-1"},"canonical":"https:\/\/radioljubuski.ba\/index.php\/2021\/05\/07\/ako-stalno-ubijate-sobno-bilje-provjerite-radite-li-ovu-gresku\/","og_locale":"hr_HR","og_type":"article","og_title":"Ako stalno \u2018ubijate\u2019 sobno bilje, provjerite radite li ovu gre\u0161ku - RADIO LJUBU\u0160KI","og_description":"Neke probleme sa sobnim biljkama lako je rije\u0161iti: Biljka ne dobiva dovoljno vode? Dobro je zalijte i trebala bi \u017eivnuti. Primje\u0107ujete da je va\u0161e zelenilo preraslo lonac? Prebacite ga u ve\u0107i i ono \u0107e se za\u010das oporaviti. Truljenje korijena, s druge strane, jedan je od problema od kojeg se nije tako lako oporaviti \u2013 \u0161to [&hellip;]","og_url":"https:\/\/radioljubuski.ba\/index.php\/2021\/05\/07\/ako-stalno-ubijate-sobno-bilje-provjerite-radite-li-ovu-gresku\/","og_site_name":"RADIO LJUBU\u0160KI","article_publisher":"https:\/\/www.facebook.com\/Radiio-Ljubuski-1490835324566332","article_published_time":"2021-05-06T23:45:55+00:00","og_image":[{"width":1000,"height":625,"url":"https:\/\/radioljubuski.ba\/wp-content\/uploads\/2021\/05\/7-2021-04-30-21-38-21-32321.jpg","type":"image\/jpeg"}],"author":"Radio Ljubu\u0161ki","twitter_card":"summary_large_image","twitter_creator":"@radioljubuski","twitter_site":"@radioljubuski","twitter_misc":{"Napisao\/la":"Radio Ljubu\u0161ki","Procijenjeno vrijeme \u010ditanja":"4 minute"},"schema":{"@context":"https:\/\/schema.org","@graph":[{"@type":"Article","@id":"https:\/\/radioljubuski.ba\/index.php\/2021\/05\/07\/ako-stalno-ubijate-sobno-bilje-provjerite-radite-li-ovu-gresku\/#article","isPartOf":{"@id":"https:\/\/radioljubuski.ba\/index.php\/2021\/05\/07\/ako-stalno-ubijate-sobno-bilje-provjerite-radite-li-ovu-gresku\/"},"author":{"name":"Radio Ljubu\u0161ki","@id":"https:\/\/radioljubuski.ba\/#\/schema\/person\/19fc700381a780f69665d7956c469e3b"},"headline":"Ako stalno \u2018ubijate\u2019 sobno bilje, provjerite radite li ovu gre\u0161ku","datePublished":"2021-05-06T23:45:55+00:00","mainEntityOfPage":{"@id":"https:\/\/radioljubuski.ba\/index.php\/2021\/05\/07\/ako-stalno-ubijate-sobno-bilje-provjerite-radite-li-ovu-gresku\/"},"wordCount":957,"publisher":{"@id":"https:\/\/radioljubuski.ba\/#organization"},"image":{"@id":"https:\/\/radioljubuski.ba\/index.php\/2021\/05\/07\/ako-stalno-ubijate-sobno-bilje-provjerite-radite-li-ovu-gresku\/#primaryimage"},"thumbnailUrl":"https:\/\/radioljubuski.ba\/wp-content\/uploads\/2021\/05\/7-2021-04-30-21-38-21-32321.jpg","articleSection":["BIH i regija"],"inLanguage":"hr"},{"@type":"WebPage","@id":"https:\/\/radioljubuski.ba\/index.php\/2021\/05\/07\/ako-stalno-ubijate-sobno-bilje-provjerite-radite-li-ovu-gresku\/","url":"https:\/\/radioljubuski.ba\/index.php\/2021\/05\/07\/ako-stalno-ubijate-sobno-bilje-provjerite-radite-li-ovu-gresku\/","name":"Ako stalno \u2018ubijate\u2019 sobno bilje, provjerite radite li ovu gre\u0161ku - RADIO LJUBU\u0160KI","isPartOf":{"@id":"https:\/\/radioljubuski.ba\/#website"},"primaryImageOfPage":{"@id":"https:\/\/radioljubuski.ba\/index.php\/2021\/05\/07\/ako-stalno-ubijate-sobno-bilje-provjerite-radite-li-ovu-gresku\/#primaryimage"},"image":{"@id":"https:\/\/radioljubuski.ba\/index.php\/2021\/05\/07\/ako-stalno-ubijate-sobno-bilje-provjerite-radite-li-ovu-gresku\/#primaryimage"},"thumbnailUrl":"https:\/\/radioljubuski.ba\/wp-content\/uploads\/2021\/05\/7-2021-04-30-21-38-21-32321.jpg","datePublished":"2021-05-06T23:45:55+00:00","breadcrumb":{"@id":"https:\/\/radioljubuski.ba\/index.php\/2021\/05\/07\/ako-stalno-ubijate-sobno-bilje-provjerite-radite-li-ovu-gresku\/#breadcrumb"},"inLanguage":"hr","potentialAction":[{"@type":"ReadAction","target":["https:\/\/radioljubuski.ba\/index.php\/2021\/05\/07\/ako-stalno-ubijate-sobno-bilje-provjerite-radite-li-ovu-gresku\/"]}]},{"@type":"ImageObject","inLanguage":"hr","@id":"https:\/\/radioljubuski.ba\/index.php\/2021\/05\/07\/ako-stalno-ubijate-sobno-bilje-provjerite-radite-li-ovu-gresku\/#primaryimage","url":"https:\/\/radioljubuski.ba\/wp-content\/uploads\/2021\/05\/7-2021-04-30-21-38-21-32321.jpg","contentUrl":"https:\/\/radioljubuski.ba\/wp-content\/uploads\/2021\/05\/7-2021-04-30-21-38-21-32321.jpg","width":1000,"height":625},{"@type":"BreadcrumbList","@id":"https:\/\/radioljubuski.ba\/index.php\/2021\/05\/07\/ako-stalno-ubijate-sobno-bilje-provjerite-radite-li-ovu-gresku\/#breadcrumb","itemListElement":[{"@type":"ListItem","position":1,"name":"Po\u010detna stranica","item":"https:\/\/radioljubuski.ba\/"},{"@type":"ListItem","position":2,"name":"Ako stalno \u2018ubijate\u2019 sobno bilje, provjerite radite li ovu gre\u0161ku"}]},{"@type":"WebSite","@id":"https:\/\/radioljubuski.ba\/#website","url":"https:\/\/radioljubuski.ba\/","name":"Radio Ljubu\u0161ki","description":"Sun\u010dana frekvencija Hercegovine","publisher":{"@id":"https:\/\/radioljubuski.ba\/#organization"},"potentialAction":[{"@type":"SearchAction","target":{"@type":"EntryPoint","urlTemplate":"https:\/\/radioljubuski.ba\/?s={search_term_string}"},"query-input":{"@type":"PropertyValueSpecification","valueRequired":true,"valueName":"search_term_string"}}],"inLanguage":"hr"},{"@type":"Organization","@id":"https:\/\/radioljubuski.ba\/#organization","name":"Radio Ljubu\u0161ki","url":"https:\/\/radioljubuski.ba\/","logo":{"@type":"ImageObject","inLanguage":"hr","@id":"https:\/\/radioljubuski.ba\/#\/schema\/logo\/image\/","url":"https:\/\/radioljubuski.ba\/wp-content\/uploads\/2021\/02\/cropped-Radio_Ljubuski_logo1.jpg","contentUrl":"https:\/\/radioljubuski.ba\/wp-content\/uploads\/2021\/02\/cropped-Radio_Ljubuski_logo1.jpg","width":512,"height":512,"caption":"Radio Ljubu\u0161ki"},"image":{"@id":"https:\/\/radioljubuski.ba\/#\/schema\/logo\/image\/"},"sameAs":["https:\/\/www.facebook.com\/Radiio-Ljubuski-1490835324566332","https:\/\/x.com\/radioljubuski","https:\/\/hr.linkedin.com\/company\/radio-ljubuski","https:\/\/www.youtube.com\/channel\/UCHYaeO_n0Db3tjNGudGpXyw"]},{"@type":"Person","@id":"https:\/\/radioljubuski.ba\/#\/schema\/person\/19fc700381a780f69665d7956c469e3b","name":"Radio Ljubu\u0161ki"}]}},"_links":{"self":[{"href":"https:\/\/radioljubuski.ba\/index.php\/wp-json\/wp\/v2\/posts\/19235","targetHints":{"allow":["GET"]}}],"collection":[{"href":"https:\/\/radioljubuski.ba\/index.php\/wp-json\/wp\/v2\/posts"}],"about":[{"href":"https:\/\/radioljubuski.ba\/index.php\/wp-json\/wp\/v2\/types\/post"}],"author":[{"embeddable":true,"href":"https:\/\/radioljubuski.ba\/index.php\/wp-json\/wp\/v2\/users\/2"}],"replies":[{"embeddable":true,"href":"https:\/\/radioljubuski.ba\/index.php\/wp-json\/wp\/v2\/comments?post=19235"}],"version-history":[{"count":1,"href":"https:\/\/radioljubuski.ba\/index.php\/wp-json\/wp\/v2\/posts\/19235\/revisions"}],"predecessor-version":[{"id":19237,"href":"https:\/\/radioljubuski.ba\/index.php\/wp-json\/wp\/v2\/posts\/19235\/revisions\/19237"}],"wp:featuredmedia":[{"embeddable":true,"href":"https:\/\/radioljubuski.ba\/index.php\/wp-json\/wp\/v2\/media\/19236"}],"wp:attachment":[{"href":"https:\/\/radioljubuski.ba\/index.php\/wp-json\/wp\/v2\/media?parent=19235"}],"wp:term":[{"taxonomy":"category","embeddable":true,"href":"https:\/\/radioljubuski.ba\/index.php\/wp-json\/wp\/v2\/categories?post=19235"},{"taxonomy":"post_tag","embeddable":true,"href":"https:\/\/radioljubuski.ba\/index.php\/wp-json\/wp\/v2\/tags?post=19235"}],"curies":[{"name":"wp","href":"https:\/\/api.w.org\/{rel}","templated":true}]}}