{"id":192690,"date":"2023-07-04T19:13:43","date_gmt":"2023-07-04T18:13:43","guid":{"rendered":"https:\/\/radioljubuski.ba\/?p=192690"},"modified":"2023-07-05T07:20:09","modified_gmt":"2023-07-05T06:20:09","slug":"utvrdene-izmjene-i-dopune-budzeta-fbih-za-2023-godinu","status":"publish","type":"post","link":"https:\/\/radioljubuski.ba\/index.php\/2023\/07\/04\/utvrdene-izmjene-i-dopune-budzeta-fbih-za-2023-godinu\/","title":{"rendered":"Utvr\u0111ene izmjene i dopune Bud\u017eeta FBiH za 2023. godinu"},"content":{"rendered":"\n<p>Vlada Federacije BiH je na prijedlog Federalnog ministarstva finansija, na dana\u0161njoj sjednici u Sarajevu, utvrdila Prijedlog izmjena i dopuna Bud\u017eeta FBiH za 2023. godinu koji iznosi 6.937.563.355 KM, \u0161to je za 211,7 miliona KM ili 3,1 posto vi\u0161e u odnosu na ovogodi\u0161nji.<\/p>\n\n\n\n<p>Izmjene i dopune Bud\u017eeta FBiH za 2023. godinu bit \u0107e hitnom postupku upu\u0107ene u parlamentarnu proceduru. Kako je navedeno u obrazlo\u017eenju za hitni postupak, uzimaju\u0107i u obzir revidirane projekcije makroekonomskih indikatora za 2023. godinu i revidirane projekcije indirektnih poreza, kao i mjere koje Evropska centralna banka poduzima u borbi sa inflacijom (podizanje referentnih kamatnih stopa), te zbog nemogu\u0107nosti izvr\u0161avanja pojedinih rashoda koji su planirani na osnovu usvojenih amandmana, koji su postali sastavni dio Bud\u017eeta FBiH za 2023. godinu i Zakona o izvr\u0161avanju Bud\u017eeta FBiH za 2023. godinu, pristupilo se hitnoj pripremi i izradi izmjena i dopuna.<\/p>\n\n\n\n<p>Pove\u0107anje u iznosu od 211,7 miliona KM odnosi se na pove\u0107anje prihoda od poreza u iznosu od 205,1 milion KM, pove\u0107anje u iznosu od 5,6 miliona KM neporeznih prihoda, pove\u0107anje primitaka u iznosu od 10 miliona KM i smanjenje primljenih teku\u0107ih transfera od inostranih vlada u iznosu od 9 miliona KM.<\/p>\n\n\n\n<p>U obrazlo\u017eenju Ministarstva navedeno je da imaju\u0107i u vidu da je Vlada Federacije BiH na 3. sjednici odr\u017eanoj 19.5.2023. godine donijela Odluku o vanrednom uskla\u0111ivanju penzija u procentu od 3,9 posto, po\u010dev sa isplatom od penzije za maj 2023. godine, procijenjeno je da \u0107e za navedeno uskla\u0111ivanje biti potrebno osigurati dodatnih 19 miliona KM u teku\u0107oj fiskalnoj godini.<\/p>\n\n\n\n<p>Tako\u0111er, usvojene su Izmjene i dopune Zakona o osnovama socijalne za\u0161tite, za\u0161tite civilnih \u017ertava rata i za\u0161tite porodice sa djecom, gdje je do\u0161lo do pove\u0107anja osnovice koja se primjenjuje od 1.4.2023. godine. Za realizaciju ovoga zakona u Bud\u017eetu FBiH za 2023. godinu, pored planiranih 160 miliona KM procijenjena su nedostaju\u0107a finansijska sredstva u iznosu od oko 67 miliona KM, a koja obuhvataju postoje\u0107e korisnike i potencijalni broj novih korisnika u 2023. godini.<\/p>\n\n\n\n<p>Izmjenama i dopunama subvencije javnim preduze\u0107ima planirane su u iznosu od 61,8 miliona KM i pove\u0107ane su za 19,6 miliona KM u odnosu na Bud\u017eet FBiH za 2023. godinu. Tako su osigurana dodatna sredstava za odr\u017eavanje \u017eeljezni\u010dke infrastukture u iznosu od 10 miliona KM, kao i 3,6 miliona KM za unaprije\u0111enje avio saobra\u0107aja i ulaganje u aerodromsku infrastrukturu.<\/p>\n\n\n\n<p>Subvencije privatnim preduze\u0107ima i poduzetnicima iznose 185,6 miliona KM ili 5,4 miliona KM vi\u0161e u odnosu na Bud\u017eet FBiH za 2023. godinu. Zna\u010dajno pove\u0107anje odnosi se na subvencije privatnim preduze\u0107ima i poduzetnicima &#8211; Regresiranje kamata &#8211; Garantni fond u iznos od 3 miliona KM te iznose 9,2 miliona KM. Tako\u0111e, poticaji za poljoprivredu su pove\u0107ani u iznosu od 2,5 miliona KM i Izmjenama i dopunama Bud\u017eeta iznose 166,5 miliona KM.<\/p>\n\n\n\n<p>Kapitalni transferi planirani su u Izmjenama i dopunama Bud\u017eeta Federacije BiH za 2023. godinu u iznosu od 328,6 miliona KM i ve\u0107i su za 3,5 miliona KM u odnosu na predvi\u0111eni iznos.<\/p>\n\n\n\n<p>Predlo\u017eenim izmjenama i dopunama Vlada je sredstva koja su bila planirana za kupovinu slu\u017ebenih vozila u iznosu od dva miliona KM, preusmjerila za lije\u010denje djece oboljele od cisti\u010dne fibroze, putem Zavoda zdravstvenog osiguranja i reosiguranja FBiH, uz obavezu da i Zavod osigura dio nedostaju\u0107ih sredstava kako bi se osigurala nabavka neophodnog lijeka.<\/p>\n\n\n\n<p>Danas je utvr\u0111en i Prijedlog zakona o izmjenama i dopunama Zakona o izvr\u0161avanju Bud\u017eeta FBiH za 2023. godinu.<\/p>\n\n\n\n<p>Vlada Federacije Bosne i Hercegovine<\/p>\n","protected":false},"excerpt":{"rendered":"<p>Vlada Federacije BiH je na prijedlog Federalnog ministarstva finansija, na dana\u0161njoj sjednici u Sarajevu, utvrdila Prijedlog izmjena i dopuna Bud\u017eeta FBiH za 2023. godinu koji iznosi 6.937.563.355 KM, \u0161to je za 211,7 miliona KM ili 3,1 posto vi\u0161e u odnosu na ovogodi\u0161nji. Izmjene i dopune Bud\u017eeta FBiH za 2023. godinu bit \u0107e hitnom postupku upu\u0107ene [&hellip;]<\/p>\n","protected":false},"author":2,"featured_media":192691,"comment_status":"closed","ping_status":"closed","sticky":false,"template":"","format":"standard","meta":{"h5ap_radio_sources":[],"footnotes":""},"categories":[28],"tags":[],"class_list":["post-192690","post","type-post","status-publish","format-standard","has-post-thumbnail","hentry","category-novosti"],"yoast_head":"<!-- This site is optimized with the Yoast SEO plugin v27.4 - https:\/\/yoast.com\/product\/yoast-seo-wordpress\/ -->\n<title>Utvr\u0111ene izmjene i dopune Bud\u017eeta FBiH za 2023. godinu - RADIO LJUBU\u0160KI<\/title>\n<meta name=\"robots\" content=\"index, follow, max-snippet:-1, max-image-preview:large, max-video-preview:-1\" \/>\n<link rel=\"canonical\" href=\"https:\/\/radioljubuski.ba\/index.php\/2023\/07\/04\/utvrdene-izmjene-i-dopune-budzeta-fbih-za-2023-godinu\/\" \/>\n<meta property=\"og:locale\" content=\"hr_HR\" \/>\n<meta property=\"og:type\" content=\"article\" \/>\n<meta property=\"og:title\" content=\"Utvr\u0111ene izmjene i dopune Bud\u017eeta FBiH za 2023. godinu - RADIO LJUBU\u0160KI\" \/>\n<meta property=\"og:description\" content=\"Vlada Federacije BiH je na prijedlog Federalnog ministarstva finansija, na dana\u0161njoj sjednici u Sarajevu, utvrdila Prijedlog izmjena i dopuna Bud\u017eeta FBiH za 2023. godinu koji iznosi 6.937.563.355 KM, \u0161to je za 211,7 miliona KM ili 3,1 posto vi\u0161e u odnosu na ovogodi\u0161nji. Izmjene i dopune Bud\u017eeta FBiH za 2023. godinu bit \u0107e hitnom postupku upu\u0107ene [&hellip;]\" \/>\n<meta property=\"og:url\" content=\"https:\/\/radioljubuski.ba\/index.php\/2023\/07\/04\/utvrdene-izmjene-i-dopune-budzeta-fbih-za-2023-godinu\/\" \/>\n<meta property=\"og:site_name\" content=\"RADIO LJUBU\u0160KI\" \/>\n<meta property=\"article:publisher\" content=\"https:\/\/www.facebook.com\/Radiio-Ljubuski-1490835324566332\" \/>\n<meta property=\"article:published_time\" content=\"2023-07-04T18:13:43+00:00\" \/>\n<meta property=\"article:modified_time\" content=\"2023-07-05T06:20:09+00:00\" \/>\n<meta property=\"og:image\" content=\"https:\/\/radioljubuski.ba\/wp-content\/uploads\/2023\/07\/kraljevic-ministar_1688481962.jpg\" \/>\n\t<meta property=\"og:image:width\" content=\"1600\" \/>\n\t<meta property=\"og:image:height\" content=\"924\" \/>\n\t<meta property=\"og:image:type\" content=\"image\/jpeg\" \/>\n<meta name=\"author\" content=\"Radio Ljubu\u0161ki\" \/>\n<meta name=\"twitter:card\" content=\"summary_large_image\" \/>\n<meta name=\"twitter:creator\" content=\"@radioljubuski\" \/>\n<meta name=\"twitter:site\" content=\"@radioljubuski\" \/>\n<meta name=\"twitter:label1\" content=\"Napisao\/la\" \/>\n\t<meta name=\"twitter:data1\" content=\"Radio Ljubu\u0161ki\" \/>\n\t<meta name=\"twitter:label2\" content=\"Procijenjeno vrijeme \u010ditanja\" \/>\n\t<meta name=\"twitter:data2\" content=\"4 minute\" \/>\n<script type=\"application\/ld+json\" class=\"yoast-schema-graph\">{\"@context\":\"https:\\\/\\\/schema.org\",\"@graph\":[{\"@type\":\"Article\",\"@id\":\"https:\\\/\\\/radioljubuski.ba\\\/index.php\\\/2023\\\/07\\\/04\\\/utvrdene-izmjene-i-dopune-budzeta-fbih-za-2023-godinu\\\/#article\",\"isPartOf\":{\"@id\":\"https:\\\/\\\/radioljubuski.ba\\\/index.php\\\/2023\\\/07\\\/04\\\/utvrdene-izmjene-i-dopune-budzeta-fbih-za-2023-godinu\\\/\"},\"author\":{\"name\":\"Radio Ljubu\u0161ki\",\"@id\":\"https:\\\/\\\/radioljubuski.ba\\\/#\\\/schema\\\/person\\\/19fc700381a780f69665d7956c469e3b\"},\"headline\":\"Utvr\u0111ene izmjene i dopune Bud\u017eeta FBiH za 2023. godinu\",\"datePublished\":\"2023-07-04T18:13:43+00:00\",\"dateModified\":\"2023-07-05T06:20:09+00:00\",\"mainEntityOfPage\":{\"@id\":\"https:\\\/\\\/radioljubuski.ba\\\/index.php\\\/2023\\\/07\\\/04\\\/utvrdene-izmjene-i-dopune-budzeta-fbih-za-2023-godinu\\\/\"},\"wordCount\":586,\"publisher\":{\"@id\":\"https:\\\/\\\/radioljubuski.ba\\\/#organization\"},\"image\":{\"@id\":\"https:\\\/\\\/radioljubuski.ba\\\/index.php\\\/2023\\\/07\\\/04\\\/utvrdene-izmjene-i-dopune-budzeta-fbih-za-2023-godinu\\\/#primaryimage\"},\"thumbnailUrl\":\"https:\\\/\\\/radioljubuski.ba\\\/wp-content\\\/uploads\\\/2023\\\/07\\\/kraljevic-ministar_1688481962.jpg\",\"articleSection\":[\"Novosti\"],\"inLanguage\":\"hr\"},{\"@type\":\"WebPage\",\"@id\":\"https:\\\/\\\/radioljubuski.ba\\\/index.php\\\/2023\\\/07\\\/04\\\/utvrdene-izmjene-i-dopune-budzeta-fbih-za-2023-godinu\\\/\",\"url\":\"https:\\\/\\\/radioljubuski.ba\\\/index.php\\\/2023\\\/07\\\/04\\\/utvrdene-izmjene-i-dopune-budzeta-fbih-za-2023-godinu\\\/\",\"name\":\"Utvr\u0111ene izmjene i dopune Bud\u017eeta FBiH za 2023. godinu - RADIO LJUBU\u0160KI\",\"isPartOf\":{\"@id\":\"https:\\\/\\\/radioljubuski.ba\\\/#website\"},\"primaryImageOfPage\":{\"@id\":\"https:\\\/\\\/radioljubuski.ba\\\/index.php\\\/2023\\\/07\\\/04\\\/utvrdene-izmjene-i-dopune-budzeta-fbih-za-2023-godinu\\\/#primaryimage\"},\"image\":{\"@id\":\"https:\\\/\\\/radioljubuski.ba\\\/index.php\\\/2023\\\/07\\\/04\\\/utvrdene-izmjene-i-dopune-budzeta-fbih-za-2023-godinu\\\/#primaryimage\"},\"thumbnailUrl\":\"https:\\\/\\\/radioljubuski.ba\\\/wp-content\\\/uploads\\\/2023\\\/07\\\/kraljevic-ministar_1688481962.jpg\",\"datePublished\":\"2023-07-04T18:13:43+00:00\",\"dateModified\":\"2023-07-05T06:20:09+00:00\",\"breadcrumb\":{\"@id\":\"https:\\\/\\\/radioljubuski.ba\\\/index.php\\\/2023\\\/07\\\/04\\\/utvrdene-izmjene-i-dopune-budzeta-fbih-za-2023-godinu\\\/#breadcrumb\"},\"inLanguage\":\"hr\",\"potentialAction\":[{\"@type\":\"ReadAction\",\"target\":[\"https:\\\/\\\/radioljubuski.ba\\\/index.php\\\/2023\\\/07\\\/04\\\/utvrdene-izmjene-i-dopune-budzeta-fbih-za-2023-godinu\\\/\"]}]},{\"@type\":\"ImageObject\",\"inLanguage\":\"hr\",\"@id\":\"https:\\\/\\\/radioljubuski.ba\\\/index.php\\\/2023\\\/07\\\/04\\\/utvrdene-izmjene-i-dopune-budzeta-fbih-za-2023-godinu\\\/#primaryimage\",\"url\":\"https:\\\/\\\/radioljubuski.ba\\\/wp-content\\\/uploads\\\/2023\\\/07\\\/kraljevic-ministar_1688481962.jpg\",\"contentUrl\":\"https:\\\/\\\/radioljubuski.ba\\\/wp-content\\\/uploads\\\/2023\\\/07\\\/kraljevic-ministar_1688481962.jpg\",\"width\":1600,\"height\":924},{\"@type\":\"BreadcrumbList\",\"@id\":\"https:\\\/\\\/radioljubuski.ba\\\/index.php\\\/2023\\\/07\\\/04\\\/utvrdene-izmjene-i-dopune-budzeta-fbih-za-2023-godinu\\\/#breadcrumb\",\"itemListElement\":[{\"@type\":\"ListItem\",\"position\":1,\"name\":\"Po\u010detna stranica\",\"item\":\"https:\\\/\\\/radioljubuski.ba\\\/\"},{\"@type\":\"ListItem\",\"position\":2,\"name\":\"Utvr\u0111ene izmjene i dopune Bud\u017eeta FBiH za 2023. godinu\"}]},{\"@type\":\"WebSite\",\"@id\":\"https:\\\/\\\/radioljubuski.ba\\\/#website\",\"url\":\"https:\\\/\\\/radioljubuski.ba\\\/\",\"name\":\"Radio Ljubu\u0161ki\",\"description\":\"Sun\u010dana frekvencija Hercegovine\",\"publisher\":{\"@id\":\"https:\\\/\\\/radioljubuski.ba\\\/#organization\"},\"potentialAction\":[{\"@type\":\"SearchAction\",\"target\":{\"@type\":\"EntryPoint\",\"urlTemplate\":\"https:\\\/\\\/radioljubuski.ba\\\/?s={search_term_string}\"},\"query-input\":{\"@type\":\"PropertyValueSpecification\",\"valueRequired\":true,\"valueName\":\"search_term_string\"}}],\"inLanguage\":\"hr\"},{\"@type\":\"Organization\",\"@id\":\"https:\\\/\\\/radioljubuski.ba\\\/#organization\",\"name\":\"Radio Ljubu\u0161ki\",\"url\":\"https:\\\/\\\/radioljubuski.ba\\\/\",\"logo\":{\"@type\":\"ImageObject\",\"inLanguage\":\"hr\",\"@id\":\"https:\\\/\\\/radioljubuski.ba\\\/#\\\/schema\\\/logo\\\/image\\\/\",\"url\":\"https:\\\/\\\/radioljubuski.ba\\\/wp-content\\\/uploads\\\/2021\\\/02\\\/cropped-Radio_Ljubuski_logo1.jpg\",\"contentUrl\":\"https:\\\/\\\/radioljubuski.ba\\\/wp-content\\\/uploads\\\/2021\\\/02\\\/cropped-Radio_Ljubuski_logo1.jpg\",\"width\":512,\"height\":512,\"caption\":\"Radio Ljubu\u0161ki\"},\"image\":{\"@id\":\"https:\\\/\\\/radioljubuski.ba\\\/#\\\/schema\\\/logo\\\/image\\\/\"},\"sameAs\":[\"https:\\\/\\\/www.facebook.com\\\/Radiio-Ljubuski-1490835324566332\",\"https:\\\/\\\/x.com\\\/radioljubuski\",\"https:\\\/\\\/hr.linkedin.com\\\/company\\\/radio-ljubuski\",\"https:\\\/\\\/www.youtube.com\\\/channel\\\/UCHYaeO_n0Db3tjNGudGpXyw\"]},{\"@type\":\"Person\",\"@id\":\"https:\\\/\\\/radioljubuski.ba\\\/#\\\/schema\\\/person\\\/19fc700381a780f69665d7956c469e3b\",\"name\":\"Radio Ljubu\u0161ki\"}]}<\/script>\n<!-- \/ Yoast SEO plugin. -->","yoast_head_json":{"title":"Utvr\u0111ene izmjene i dopune Bud\u017eeta FBiH za 2023. godinu - RADIO LJUBU\u0160KI","robots":{"index":"index","follow":"follow","max-snippet":"max-snippet:-1","max-image-preview":"max-image-preview:large","max-video-preview":"max-video-preview:-1"},"canonical":"https:\/\/radioljubuski.ba\/index.php\/2023\/07\/04\/utvrdene-izmjene-i-dopune-budzeta-fbih-za-2023-godinu\/","og_locale":"hr_HR","og_type":"article","og_title":"Utvr\u0111ene izmjene i dopune Bud\u017eeta FBiH za 2023. godinu - RADIO LJUBU\u0160KI","og_description":"Vlada Federacije BiH je na prijedlog Federalnog ministarstva finansija, na dana\u0161njoj sjednici u Sarajevu, utvrdila Prijedlog izmjena i dopuna Bud\u017eeta FBiH za 2023. godinu koji iznosi 6.937.563.355 KM, \u0161to je za 211,7 miliona KM ili 3,1 posto vi\u0161e u odnosu na ovogodi\u0161nji. Izmjene i dopune Bud\u017eeta FBiH za 2023. godinu bit \u0107e hitnom postupku upu\u0107ene [&hellip;]","og_url":"https:\/\/radioljubuski.ba\/index.php\/2023\/07\/04\/utvrdene-izmjene-i-dopune-budzeta-fbih-za-2023-godinu\/","og_site_name":"RADIO LJUBU\u0160KI","article_publisher":"https:\/\/www.facebook.com\/Radiio-Ljubuski-1490835324566332","article_published_time":"2023-07-04T18:13:43+00:00","article_modified_time":"2023-07-05T06:20:09+00:00","og_image":[{"width":1600,"height":924,"url":"https:\/\/radioljubuski.ba\/wp-content\/uploads\/2023\/07\/kraljevic-ministar_1688481962.jpg","type":"image\/jpeg"}],"author":"Radio Ljubu\u0161ki","twitter_card":"summary_large_image","twitter_creator":"@radioljubuski","twitter_site":"@radioljubuski","twitter_misc":{"Napisao\/la":"Radio Ljubu\u0161ki","Procijenjeno vrijeme \u010ditanja":"4 minute"},"schema":{"@context":"https:\/\/schema.org","@graph":[{"@type":"Article","@id":"https:\/\/radioljubuski.ba\/index.php\/2023\/07\/04\/utvrdene-izmjene-i-dopune-budzeta-fbih-za-2023-godinu\/#article","isPartOf":{"@id":"https:\/\/radioljubuski.ba\/index.php\/2023\/07\/04\/utvrdene-izmjene-i-dopune-budzeta-fbih-za-2023-godinu\/"},"author":{"name":"Radio Ljubu\u0161ki","@id":"https:\/\/radioljubuski.ba\/#\/schema\/person\/19fc700381a780f69665d7956c469e3b"},"headline":"Utvr\u0111ene izmjene i dopune Bud\u017eeta FBiH za 2023. godinu","datePublished":"2023-07-04T18:13:43+00:00","dateModified":"2023-07-05T06:20:09+00:00","mainEntityOfPage":{"@id":"https:\/\/radioljubuski.ba\/index.php\/2023\/07\/04\/utvrdene-izmjene-i-dopune-budzeta-fbih-za-2023-godinu\/"},"wordCount":586,"publisher":{"@id":"https:\/\/radioljubuski.ba\/#organization"},"image":{"@id":"https:\/\/radioljubuski.ba\/index.php\/2023\/07\/04\/utvrdene-izmjene-i-dopune-budzeta-fbih-za-2023-godinu\/#primaryimage"},"thumbnailUrl":"https:\/\/radioljubuski.ba\/wp-content\/uploads\/2023\/07\/kraljevic-ministar_1688481962.jpg","articleSection":["Novosti"],"inLanguage":"hr"},{"@type":"WebPage","@id":"https:\/\/radioljubuski.ba\/index.php\/2023\/07\/04\/utvrdene-izmjene-i-dopune-budzeta-fbih-za-2023-godinu\/","url":"https:\/\/radioljubuski.ba\/index.php\/2023\/07\/04\/utvrdene-izmjene-i-dopune-budzeta-fbih-za-2023-godinu\/","name":"Utvr\u0111ene izmjene i dopune Bud\u017eeta FBiH za 2023. godinu - RADIO LJUBU\u0160KI","isPartOf":{"@id":"https:\/\/radioljubuski.ba\/#website"},"primaryImageOfPage":{"@id":"https:\/\/radioljubuski.ba\/index.php\/2023\/07\/04\/utvrdene-izmjene-i-dopune-budzeta-fbih-za-2023-godinu\/#primaryimage"},"image":{"@id":"https:\/\/radioljubuski.ba\/index.php\/2023\/07\/04\/utvrdene-izmjene-i-dopune-budzeta-fbih-za-2023-godinu\/#primaryimage"},"thumbnailUrl":"https:\/\/radioljubuski.ba\/wp-content\/uploads\/2023\/07\/kraljevic-ministar_1688481962.jpg","datePublished":"2023-07-04T18:13:43+00:00","dateModified":"2023-07-05T06:20:09+00:00","breadcrumb":{"@id":"https:\/\/radioljubuski.ba\/index.php\/2023\/07\/04\/utvrdene-izmjene-i-dopune-budzeta-fbih-za-2023-godinu\/#breadcrumb"},"inLanguage":"hr","potentialAction":[{"@type":"ReadAction","target":["https:\/\/radioljubuski.ba\/index.php\/2023\/07\/04\/utvrdene-izmjene-i-dopune-budzeta-fbih-za-2023-godinu\/"]}]},{"@type":"ImageObject","inLanguage":"hr","@id":"https:\/\/radioljubuski.ba\/index.php\/2023\/07\/04\/utvrdene-izmjene-i-dopune-budzeta-fbih-za-2023-godinu\/#primaryimage","url":"https:\/\/radioljubuski.ba\/wp-content\/uploads\/2023\/07\/kraljevic-ministar_1688481962.jpg","contentUrl":"https:\/\/radioljubuski.ba\/wp-content\/uploads\/2023\/07\/kraljevic-ministar_1688481962.jpg","width":1600,"height":924},{"@type":"BreadcrumbList","@id":"https:\/\/radioljubuski.ba\/index.php\/2023\/07\/04\/utvrdene-izmjene-i-dopune-budzeta-fbih-za-2023-godinu\/#breadcrumb","itemListElement":[{"@type":"ListItem","position":1,"name":"Po\u010detna stranica","item":"https:\/\/radioljubuski.ba\/"},{"@type":"ListItem","position":2,"name":"Utvr\u0111ene izmjene i dopune Bud\u017eeta FBiH za 2023. godinu"}]},{"@type":"WebSite","@id":"https:\/\/radioljubuski.ba\/#website","url":"https:\/\/radioljubuski.ba\/","name":"Radio Ljubu\u0161ki","description":"Sun\u010dana frekvencija Hercegovine","publisher":{"@id":"https:\/\/radioljubuski.ba\/#organization"},"potentialAction":[{"@type":"SearchAction","target":{"@type":"EntryPoint","urlTemplate":"https:\/\/radioljubuski.ba\/?s={search_term_string}"},"query-input":{"@type":"PropertyValueSpecification","valueRequired":true,"valueName":"search_term_string"}}],"inLanguage":"hr"},{"@type":"Organization","@id":"https:\/\/radioljubuski.ba\/#organization","name":"Radio Ljubu\u0161ki","url":"https:\/\/radioljubuski.ba\/","logo":{"@type":"ImageObject","inLanguage":"hr","@id":"https:\/\/radioljubuski.ba\/#\/schema\/logo\/image\/","url":"https:\/\/radioljubuski.ba\/wp-content\/uploads\/2021\/02\/cropped-Radio_Ljubuski_logo1.jpg","contentUrl":"https:\/\/radioljubuski.ba\/wp-content\/uploads\/2021\/02\/cropped-Radio_Ljubuski_logo1.jpg","width":512,"height":512,"caption":"Radio Ljubu\u0161ki"},"image":{"@id":"https:\/\/radioljubuski.ba\/#\/schema\/logo\/image\/"},"sameAs":["https:\/\/www.facebook.com\/Radiio-Ljubuski-1490835324566332","https:\/\/x.com\/radioljubuski","https:\/\/hr.linkedin.com\/company\/radio-ljubuski","https:\/\/www.youtube.com\/channel\/UCHYaeO_n0Db3tjNGudGpXyw"]},{"@type":"Person","@id":"https:\/\/radioljubuski.ba\/#\/schema\/person\/19fc700381a780f69665d7956c469e3b","name":"Radio Ljubu\u0161ki"}]}},"_links":{"self":[{"href":"https:\/\/radioljubuski.ba\/index.php\/wp-json\/wp\/v2\/posts\/192690","targetHints":{"allow":["GET"]}}],"collection":[{"href":"https:\/\/radioljubuski.ba\/index.php\/wp-json\/wp\/v2\/posts"}],"about":[{"href":"https:\/\/radioljubuski.ba\/index.php\/wp-json\/wp\/v2\/types\/post"}],"author":[{"embeddable":true,"href":"https:\/\/radioljubuski.ba\/index.php\/wp-json\/wp\/v2\/users\/2"}],"replies":[{"embeddable":true,"href":"https:\/\/radioljubuski.ba\/index.php\/wp-json\/wp\/v2\/comments?post=192690"}],"version-history":[{"count":1,"href":"https:\/\/radioljubuski.ba\/index.php\/wp-json\/wp\/v2\/posts\/192690\/revisions"}],"predecessor-version":[{"id":192692,"href":"https:\/\/radioljubuski.ba\/index.php\/wp-json\/wp\/v2\/posts\/192690\/revisions\/192692"}],"wp:featuredmedia":[{"embeddable":true,"href":"https:\/\/radioljubuski.ba\/index.php\/wp-json\/wp\/v2\/media\/192691"}],"wp:attachment":[{"href":"https:\/\/radioljubuski.ba\/index.php\/wp-json\/wp\/v2\/media?parent=192690"}],"wp:term":[{"taxonomy":"category","embeddable":true,"href":"https:\/\/radioljubuski.ba\/index.php\/wp-json\/wp\/v2\/categories?post=192690"},{"taxonomy":"post_tag","embeddable":true,"href":"https:\/\/radioljubuski.ba\/index.php\/wp-json\/wp\/v2\/tags?post=192690"}],"curies":[{"name":"wp","href":"https:\/\/api.w.org\/{rel}","templated":true}]}}