{"id":19289,"date":"2021-05-07T13:17:16","date_gmt":"2021-05-07T12:17:16","guid":{"rendered":"https:\/\/radioljubuski.ba\/?p=19289"},"modified":"2021-05-07T13:21:54","modified_gmt":"2021-05-07T12:21:54","slug":"7-svibnja-1991-polog-hrvati-iz-hercegovine-goloruki-zaustavili-kolonu-tenkova-jna","status":"publish","type":"post","link":"https:\/\/radioljubuski.ba\/index.php\/2021\/05\/07\/7-svibnja-1991-polog-hrvati-iz-hercegovine-goloruki-zaustavili-kolonu-tenkova-jna\/","title":{"rendered":"7. svibnja 1991. Polog \u2013 Hrvati iz Hercegovine goloruki zaustavili kolonu tenkova JNA"},"content":{"rendered":"\n<p><strong>Plan JNA bio je blokiranje zapadne i ju\u017ene Hercegovine te odsjecanje i presjecanje Dalmacije na tri dijela (plan \u201eRAM\u201c).&nbsp;Stotine kamiona, traktora, automobila i ljudi zaustavili su konvoj JNA. Hrvati iz Hercegovine stali su i legli pred tenkove \u010diji je cilj bio \u2013 okupacija Dalmacije.<\/strong><\/p>\n\n\n\n<p>Hrvati iz zapadne Hercegovine zaustavili su tenkovsku kolonu JNA izme\u0111u Mostara i \u0160irokoga Brijega koja je navodno i\u0161la na planirane vojne vje\u017ebe, a zapravo se kretala u smjeru Dalmacije gdje je JNA skovala pakleni plan uni\u0161tenja Hrvata i izlaska Srbije na Jadransko more.<\/p>\n\n\n\n<p>Situacija je bila napeta osobito stoga jer je u Splitu dan ranije ve\u0107 do\u0161lo do bunta gra\u0111ana i nemira pred zapovjedni\u0161tvom JNA, pri \u010demu je poginuo jedan vojnik JNA. Prijetnje JNA prema Hrvatima bile su vi\u0161e nego o\u010dite, a hrvatski narod Dalmacije od Obrovca do Konavala do\u017eivio je uskoro brutalnu agresiju i genocid u onim dijelovima koje je JNA okupirala.<\/p>\n\n\n\n<figure class=\"wp-block-embed is-type-video is-provider-youtube wp-block-embed-youtube wp-embed-aspect-16-9 wp-has-aspect-ratio\"><div class=\"wp-block-embed__wrapper\">\n<iframe loading=\"lazy\" title=\"Hrvati Hercegovine Zaustavljaju JNA(Polog 1991)\" width=\"640\" height=\"360\" src=\"https:\/\/www.youtube.com\/embed\/Orv_qJnu_xo?feature=oembed\" frameborder=\"0\" allow=\"accelerometer; autoplay; clipboard-write; encrypted-media; gyroscope; picture-in-picture; web-share\" referrerpolicy=\"strict-origin-when-cross-origin\" allowfullscreen><\/iframe>\n<\/div><\/figure>\n\n\n\n<p>Zaustavljanje tenkova JNA u Pologu Hrvati iz \u0160irokog Brijega i susjednih op\u0107ina organizirali su 7. svibnja 1991. Tada su zaustavili preprije\u010denim kamionima na du\u017eini od nekoliko kilometara i nenaoru\u017eanim ljudstvom tenkovsku kolonu Jugoslavenske Narodne Armije u mjestu Polog koje se nalazi izme\u0111u Mostara i \u0160irokog Brijega.<\/p>\n\n\n\n<p>Za hrvatski narod bila je to prekretnica koja je pokazala da se samoorganiziranjem osigurava vlastiti opstanak.<\/p>\n\n\n\n<p>Hrvatski civili tada su sprije\u010dili u Pologu blokadom ceste kolonu od preko 100 tenkova i oklopnih vozila koja je krenula iz mostarske vojarne upu\u0107ena zauzeti polo\u017eaje u zapadnoj Hercegovini i dijelu ju\u017ene Hrvatske.JNA je tada tvrdila da se radi o \u201credovnoj vojnoj vje\u017ebi i manevru\u201d no Hrvati su shvatili da je postrojba bila pripravna za oru\u017eanu borbu.Zahtjev hrvatskih prosvjednika bio je povratak u vojarnu iz koje su do\u0161li.<\/p>\n\n\n\n<p>Pregovore sa zapovjednikom mostarskog garnizona JNA pokovnikom Milojkom Panteli\u0107em zapo\u010deli su tada predsjednik op\u0107ine \u0160iroki Brijeg An\u0111elko Mikuli\u0107, gvardijan fra Mladen i Jure Skoko. Prosvjednicima na barikadi s vremenom se solidariziralo i pridru\u017eivalo sve i vi\u0161e Hrvata iz Mostara, Gruda, Posu\u0161ja, Ljubu\u0161kog, Imotskog\u2026 i dr.<\/p>\n\n\n\n<p>Vojno zapovjedni\u0161tvo iz Beograda u vi\u0161e navrata je naredilo prolazak kolone. JNA je poku\u0161ala dostaviti jedinici bojne otrove i za\u0161titne maske za proboj barikade u konvoju koji je trebao dovesti hranu. Me\u0111utim taj poku\u0161aj je propao. \u0160irokobrije\u0161ke su \u017eene pripremile hranu i napitke za vojnike JNA, koji su tada bili uglavno ro\u010dnici iz raznih biv\u0161ih republika tada\u0161nje SFRJ.<\/p>\n\n\n\n<p>Doga\u0111aj je tada izazvao veliku me\u0111unarodnu medijsku pozornost.2012. snimljen je dugometra\u017eni dokumentarni film Tri Dana (dokumentarni film) koji prikazuje doga\u0111aje 7., 8. i 9. svibnja 1991. u mjestu Polog.<\/p>\n\n\n\n<p>Desantne jedinice JNA iz Ni\u0161a i druge specijalne jedinice zauzele su polo\u017eaje na podru\u010dju oko Pologa. Tre\u0107eg dana na barikadi u Pologu na\u0161lo se politi\u010dko vodstvo BiH (bez srpskih predstavnika). Nakon apela hrvatskog predsjednika Franje Tu\u0111mana, obra\u0107anjem prosvjednicima od strane politi\u010dkog vodstva BiH i An\u0111elka Mikuli\u0107a i dr. prosvjednici su lagano odlazili sa barikade a voza\u010di micali svoja vozila s ceste. Nakon tri dana kolona JNA je krenula.<\/p>\n\n\n\n<p>Trodnevna blokada 10. motorizirane brigade JNA dovela je do zastoja priprema jugoslavenske vojske za dovo\u0111enje na zadane pravce (Split, Sinj, Kupres ili Tomislavgrad). Zastoj je koristio za pripremu obrane Hrvatske od rata koji je bio pred vratima.<\/p>\n\n\n\n<p><em>Izvor: narod.hr<\/em><\/p>\n","protected":false},"excerpt":{"rendered":"<p>Plan JNA bio je blokiranje zapadne i ju\u017ene Hercegovine te odsjecanje i presjecanje Dalmacije na tri dijela (plan \u201eRAM\u201c).&nbsp;Stotine kamiona, traktora, automobila i ljudi zaustavili su konvoj JNA. Hrvati iz Hercegovine stali su i legli pred tenkove \u010diji je cilj bio \u2013 okupacija Dalmacije. Hrvati iz zapadne Hercegovine zaustavili su tenkovsku kolonu JNA izme\u0111u Mostara [&hellip;]<\/p>\n","protected":false},"author":2,"featured_media":19290,"comment_status":"closed","ping_status":"closed","sticky":false,"template":"","format":"standard","meta":{"h5ap_radio_sources":[],"footnotes":""},"categories":[1],"tags":[],"class_list":["post-19289","post","type-post","status-publish","format-standard","has-post-thumbnail","hentry","category-bihiregija"],"yoast_head":"<!-- This site is optimized with the Yoast SEO plugin v27.5 - https:\/\/yoast.com\/product\/yoast-seo-wordpress\/ -->\n<title>7. svibnja 1991. Polog \u2013 Hrvati iz Hercegovine goloruki zaustavili kolonu tenkova JNA - RADIO LJUBU\u0160KI<\/title>\n<meta name=\"robots\" content=\"index, follow, max-snippet:-1, max-image-preview:large, max-video-preview:-1\" \/>\n<link rel=\"canonical\" href=\"https:\/\/radioljubuski.ba\/index.php\/2021\/05\/07\/7-svibnja-1991-polog-hrvati-iz-hercegovine-goloruki-zaustavili-kolonu-tenkova-jna\/\" \/>\n<meta property=\"og:locale\" content=\"hr_HR\" \/>\n<meta property=\"og:type\" content=\"article\" \/>\n<meta property=\"og:title\" content=\"7. svibnja 1991. Polog \u2013 Hrvati iz Hercegovine goloruki zaustavili kolonu tenkova JNA - RADIO LJUBU\u0160KI\" \/>\n<meta property=\"og:description\" content=\"Plan JNA bio je blokiranje zapadne i ju\u017ene Hercegovine te odsjecanje i presjecanje Dalmacije na tri dijela (plan \u201eRAM\u201c).&nbsp;Stotine kamiona, traktora, automobila i ljudi zaustavili su konvoj JNA. Hrvati iz Hercegovine stali su i legli pred tenkove \u010diji je cilj bio \u2013 okupacija Dalmacije. Hrvati iz zapadne Hercegovine zaustavili su tenkovsku kolonu JNA izme\u0111u Mostara [&hellip;]\" \/>\n<meta property=\"og:url\" content=\"https:\/\/radioljubuski.ba\/index.php\/2021\/05\/07\/7-svibnja-1991-polog-hrvati-iz-hercegovine-goloruki-zaustavili-kolonu-tenkova-jna\/\" \/>\n<meta property=\"og:site_name\" content=\"RADIO LJUBU\u0160KI\" \/>\n<meta property=\"article:publisher\" content=\"https:\/\/www.facebook.com\/Radiio-Ljubuski-1490835324566332\" \/>\n<meta property=\"article:published_time\" content=\"2021-05-07T12:17:16+00:00\" \/>\n<meta property=\"article:modified_time\" content=\"2021-05-07T12:21:54+00:00\" \/>\n<meta property=\"og:image\" content=\"https:\/\/radioljubuski.ba\/wp-content\/uploads\/2021\/05\/polog-696x511-1.png\" \/>\n\t<meta property=\"og:image:width\" content=\"696\" \/>\n\t<meta property=\"og:image:height\" content=\"511\" \/>\n\t<meta property=\"og:image:type\" content=\"image\/png\" \/>\n<meta name=\"author\" content=\"Radio Ljubu\u0161ki\" \/>\n<meta name=\"twitter:card\" content=\"summary_large_image\" \/>\n<meta name=\"twitter:creator\" content=\"@radioljubuski\" \/>\n<meta name=\"twitter:site\" content=\"@radioljubuski\" \/>\n<meta name=\"twitter:label1\" content=\"Napisao\/la\" \/>\n\t<meta name=\"twitter:data1\" content=\"Radio Ljubu\u0161ki\" \/>\n\t<meta name=\"twitter:label2\" content=\"Procijenjeno vrijeme \u010ditanja\" \/>\n\t<meta name=\"twitter:data2\" content=\"3 minute\" \/>\n<script type=\"application\/ld+json\" class=\"yoast-schema-graph\">{\"@context\":\"https:\\\/\\\/schema.org\",\"@graph\":[{\"@type\":\"Article\",\"@id\":\"https:\\\/\\\/radioljubuski.ba\\\/index.php\\\/2021\\\/05\\\/07\\\/7-svibnja-1991-polog-hrvati-iz-hercegovine-goloruki-zaustavili-kolonu-tenkova-jna\\\/#article\",\"isPartOf\":{\"@id\":\"https:\\\/\\\/radioljubuski.ba\\\/index.php\\\/2021\\\/05\\\/07\\\/7-svibnja-1991-polog-hrvati-iz-hercegovine-goloruki-zaustavili-kolonu-tenkova-jna\\\/\"},\"author\":{\"name\":\"Radio Ljubu\u0161ki\",\"@id\":\"https:\\\/\\\/radioljubuski.ba\\\/#\\\/schema\\\/person\\\/19fc700381a780f69665d7956c469e3b\"},\"headline\":\"7. svibnja 1991. Polog \u2013 Hrvati iz Hercegovine goloruki zaustavili kolonu tenkova JNA\",\"datePublished\":\"2021-05-07T12:17:16+00:00\",\"dateModified\":\"2021-05-07T12:21:54+00:00\",\"mainEntityOfPage\":{\"@id\":\"https:\\\/\\\/radioljubuski.ba\\\/index.php\\\/2021\\\/05\\\/07\\\/7-svibnja-1991-polog-hrvati-iz-hercegovine-goloruki-zaustavili-kolonu-tenkova-jna\\\/\"},\"wordCount\":589,\"publisher\":{\"@id\":\"https:\\\/\\\/radioljubuski.ba\\\/#organization\"},\"image\":{\"@id\":\"https:\\\/\\\/radioljubuski.ba\\\/index.php\\\/2021\\\/05\\\/07\\\/7-svibnja-1991-polog-hrvati-iz-hercegovine-goloruki-zaustavili-kolonu-tenkova-jna\\\/#primaryimage\"},\"thumbnailUrl\":\"https:\\\/\\\/radioljubuski.ba\\\/wp-content\\\/uploads\\\/2021\\\/05\\\/polog-696x511-1.png\",\"articleSection\":[\"BIH i regija\"],\"inLanguage\":\"hr\"},{\"@type\":\"WebPage\",\"@id\":\"https:\\\/\\\/radioljubuski.ba\\\/index.php\\\/2021\\\/05\\\/07\\\/7-svibnja-1991-polog-hrvati-iz-hercegovine-goloruki-zaustavili-kolonu-tenkova-jna\\\/\",\"url\":\"https:\\\/\\\/radioljubuski.ba\\\/index.php\\\/2021\\\/05\\\/07\\\/7-svibnja-1991-polog-hrvati-iz-hercegovine-goloruki-zaustavili-kolonu-tenkova-jna\\\/\",\"name\":\"7. svibnja 1991. Polog \u2013 Hrvati iz Hercegovine goloruki zaustavili kolonu tenkova JNA - RADIO LJUBU\u0160KI\",\"isPartOf\":{\"@id\":\"https:\\\/\\\/radioljubuski.ba\\\/#website\"},\"primaryImageOfPage\":{\"@id\":\"https:\\\/\\\/radioljubuski.ba\\\/index.php\\\/2021\\\/05\\\/07\\\/7-svibnja-1991-polog-hrvati-iz-hercegovine-goloruki-zaustavili-kolonu-tenkova-jna\\\/#primaryimage\"},\"image\":{\"@id\":\"https:\\\/\\\/radioljubuski.ba\\\/index.php\\\/2021\\\/05\\\/07\\\/7-svibnja-1991-polog-hrvati-iz-hercegovine-goloruki-zaustavili-kolonu-tenkova-jna\\\/#primaryimage\"},\"thumbnailUrl\":\"https:\\\/\\\/radioljubuski.ba\\\/wp-content\\\/uploads\\\/2021\\\/05\\\/polog-696x511-1.png\",\"datePublished\":\"2021-05-07T12:17:16+00:00\",\"dateModified\":\"2021-05-07T12:21:54+00:00\",\"breadcrumb\":{\"@id\":\"https:\\\/\\\/radioljubuski.ba\\\/index.php\\\/2021\\\/05\\\/07\\\/7-svibnja-1991-polog-hrvati-iz-hercegovine-goloruki-zaustavili-kolonu-tenkova-jna\\\/#breadcrumb\"},\"inLanguage\":\"hr\",\"potentialAction\":[{\"@type\":\"ReadAction\",\"target\":[\"https:\\\/\\\/radioljubuski.ba\\\/index.php\\\/2021\\\/05\\\/07\\\/7-svibnja-1991-polog-hrvati-iz-hercegovine-goloruki-zaustavili-kolonu-tenkova-jna\\\/\"]}]},{\"@type\":\"ImageObject\",\"inLanguage\":\"hr\",\"@id\":\"https:\\\/\\\/radioljubuski.ba\\\/index.php\\\/2021\\\/05\\\/07\\\/7-svibnja-1991-polog-hrvati-iz-hercegovine-goloruki-zaustavili-kolonu-tenkova-jna\\\/#primaryimage\",\"url\":\"https:\\\/\\\/radioljubuski.ba\\\/wp-content\\\/uploads\\\/2021\\\/05\\\/polog-696x511-1.png\",\"contentUrl\":\"https:\\\/\\\/radioljubuski.ba\\\/wp-content\\\/uploads\\\/2021\\\/05\\\/polog-696x511-1.png\",\"width\":696,\"height\":511},{\"@type\":\"BreadcrumbList\",\"@id\":\"https:\\\/\\\/radioljubuski.ba\\\/index.php\\\/2021\\\/05\\\/07\\\/7-svibnja-1991-polog-hrvati-iz-hercegovine-goloruki-zaustavili-kolonu-tenkova-jna\\\/#breadcrumb\",\"itemListElement\":[{\"@type\":\"ListItem\",\"position\":1,\"name\":\"Po\u010detna stranica\",\"item\":\"https:\\\/\\\/radioljubuski.ba\\\/\"},{\"@type\":\"ListItem\",\"position\":2,\"name\":\"7. svibnja 1991. Polog \u2013 Hrvati iz Hercegovine goloruki zaustavili kolonu tenkova JNA\"}]},{\"@type\":\"WebSite\",\"@id\":\"https:\\\/\\\/radioljubuski.ba\\\/#website\",\"url\":\"https:\\\/\\\/radioljubuski.ba\\\/\",\"name\":\"Radio Ljubu\u0161ki\",\"description\":\"Sun\u010dana frekvencija Hercegovine\",\"publisher\":{\"@id\":\"https:\\\/\\\/radioljubuski.ba\\\/#organization\"},\"potentialAction\":[{\"@type\":\"SearchAction\",\"target\":{\"@type\":\"EntryPoint\",\"urlTemplate\":\"https:\\\/\\\/radioljubuski.ba\\\/?s={search_term_string}\"},\"query-input\":{\"@type\":\"PropertyValueSpecification\",\"valueRequired\":true,\"valueName\":\"search_term_string\"}}],\"inLanguage\":\"hr\"},{\"@type\":\"Organization\",\"@id\":\"https:\\\/\\\/radioljubuski.ba\\\/#organization\",\"name\":\"Radio Ljubu\u0161ki\",\"url\":\"https:\\\/\\\/radioljubuski.ba\\\/\",\"logo\":{\"@type\":\"ImageObject\",\"inLanguage\":\"hr\",\"@id\":\"https:\\\/\\\/radioljubuski.ba\\\/#\\\/schema\\\/logo\\\/image\\\/\",\"url\":\"https:\\\/\\\/radioljubuski.ba\\\/wp-content\\\/uploads\\\/2021\\\/02\\\/cropped-Radio_Ljubuski_logo1.jpg\",\"contentUrl\":\"https:\\\/\\\/radioljubuski.ba\\\/wp-content\\\/uploads\\\/2021\\\/02\\\/cropped-Radio_Ljubuski_logo1.jpg\",\"width\":512,\"height\":512,\"caption\":\"Radio Ljubu\u0161ki\"},\"image\":{\"@id\":\"https:\\\/\\\/radioljubuski.ba\\\/#\\\/schema\\\/logo\\\/image\\\/\"},\"sameAs\":[\"https:\\\/\\\/www.facebook.com\\\/Radiio-Ljubuski-1490835324566332\",\"https:\\\/\\\/x.com\\\/radioljubuski\",\"https:\\\/\\\/hr.linkedin.com\\\/company\\\/radio-ljubuski\",\"https:\\\/\\\/www.youtube.com\\\/channel\\\/UCHYaeO_n0Db3tjNGudGpXyw\"]},{\"@type\":\"Person\",\"@id\":\"https:\\\/\\\/radioljubuski.ba\\\/#\\\/schema\\\/person\\\/19fc700381a780f69665d7956c469e3b\",\"name\":\"Radio Ljubu\u0161ki\"}]}<\/script>\n<!-- \/ Yoast SEO plugin. -->","yoast_head_json":{"title":"7. svibnja 1991. Polog \u2013 Hrvati iz Hercegovine goloruki zaustavili kolonu tenkova JNA - RADIO LJUBU\u0160KI","robots":{"index":"index","follow":"follow","max-snippet":"max-snippet:-1","max-image-preview":"max-image-preview:large","max-video-preview":"max-video-preview:-1"},"canonical":"https:\/\/radioljubuski.ba\/index.php\/2021\/05\/07\/7-svibnja-1991-polog-hrvati-iz-hercegovine-goloruki-zaustavili-kolonu-tenkova-jna\/","og_locale":"hr_HR","og_type":"article","og_title":"7. svibnja 1991. Polog \u2013 Hrvati iz Hercegovine goloruki zaustavili kolonu tenkova JNA - RADIO LJUBU\u0160KI","og_description":"Plan JNA bio je blokiranje zapadne i ju\u017ene Hercegovine te odsjecanje i presjecanje Dalmacije na tri dijela (plan \u201eRAM\u201c).&nbsp;Stotine kamiona, traktora, automobila i ljudi zaustavili su konvoj JNA. Hrvati iz Hercegovine stali su i legli pred tenkove \u010diji je cilj bio \u2013 okupacija Dalmacije. Hrvati iz zapadne Hercegovine zaustavili su tenkovsku kolonu JNA izme\u0111u Mostara [&hellip;]","og_url":"https:\/\/radioljubuski.ba\/index.php\/2021\/05\/07\/7-svibnja-1991-polog-hrvati-iz-hercegovine-goloruki-zaustavili-kolonu-tenkova-jna\/","og_site_name":"RADIO LJUBU\u0160KI","article_publisher":"https:\/\/www.facebook.com\/Radiio-Ljubuski-1490835324566332","article_published_time":"2021-05-07T12:17:16+00:00","article_modified_time":"2021-05-07T12:21:54+00:00","og_image":[{"width":696,"height":511,"url":"https:\/\/radioljubuski.ba\/wp-content\/uploads\/2021\/05\/polog-696x511-1.png","type":"image\/png"}],"author":"Radio Ljubu\u0161ki","twitter_card":"summary_large_image","twitter_creator":"@radioljubuski","twitter_site":"@radioljubuski","twitter_misc":{"Napisao\/la":"Radio Ljubu\u0161ki","Procijenjeno vrijeme \u010ditanja":"3 minute"},"schema":{"@context":"https:\/\/schema.org","@graph":[{"@type":"Article","@id":"https:\/\/radioljubuski.ba\/index.php\/2021\/05\/07\/7-svibnja-1991-polog-hrvati-iz-hercegovine-goloruki-zaustavili-kolonu-tenkova-jna\/#article","isPartOf":{"@id":"https:\/\/radioljubuski.ba\/index.php\/2021\/05\/07\/7-svibnja-1991-polog-hrvati-iz-hercegovine-goloruki-zaustavili-kolonu-tenkova-jna\/"},"author":{"name":"Radio Ljubu\u0161ki","@id":"https:\/\/radioljubuski.ba\/#\/schema\/person\/19fc700381a780f69665d7956c469e3b"},"headline":"7. svibnja 1991. Polog \u2013 Hrvati iz Hercegovine goloruki zaustavili kolonu tenkova JNA","datePublished":"2021-05-07T12:17:16+00:00","dateModified":"2021-05-07T12:21:54+00:00","mainEntityOfPage":{"@id":"https:\/\/radioljubuski.ba\/index.php\/2021\/05\/07\/7-svibnja-1991-polog-hrvati-iz-hercegovine-goloruki-zaustavili-kolonu-tenkova-jna\/"},"wordCount":589,"publisher":{"@id":"https:\/\/radioljubuski.ba\/#organization"},"image":{"@id":"https:\/\/radioljubuski.ba\/index.php\/2021\/05\/07\/7-svibnja-1991-polog-hrvati-iz-hercegovine-goloruki-zaustavili-kolonu-tenkova-jna\/#primaryimage"},"thumbnailUrl":"https:\/\/radioljubuski.ba\/wp-content\/uploads\/2021\/05\/polog-696x511-1.png","articleSection":["BIH i regija"],"inLanguage":"hr"},{"@type":"WebPage","@id":"https:\/\/radioljubuski.ba\/index.php\/2021\/05\/07\/7-svibnja-1991-polog-hrvati-iz-hercegovine-goloruki-zaustavili-kolonu-tenkova-jna\/","url":"https:\/\/radioljubuski.ba\/index.php\/2021\/05\/07\/7-svibnja-1991-polog-hrvati-iz-hercegovine-goloruki-zaustavili-kolonu-tenkova-jna\/","name":"7. svibnja 1991. Polog \u2013 Hrvati iz Hercegovine goloruki zaustavili kolonu tenkova JNA - RADIO LJUBU\u0160KI","isPartOf":{"@id":"https:\/\/radioljubuski.ba\/#website"},"primaryImageOfPage":{"@id":"https:\/\/radioljubuski.ba\/index.php\/2021\/05\/07\/7-svibnja-1991-polog-hrvati-iz-hercegovine-goloruki-zaustavili-kolonu-tenkova-jna\/#primaryimage"},"image":{"@id":"https:\/\/radioljubuski.ba\/index.php\/2021\/05\/07\/7-svibnja-1991-polog-hrvati-iz-hercegovine-goloruki-zaustavili-kolonu-tenkova-jna\/#primaryimage"},"thumbnailUrl":"https:\/\/radioljubuski.ba\/wp-content\/uploads\/2021\/05\/polog-696x511-1.png","datePublished":"2021-05-07T12:17:16+00:00","dateModified":"2021-05-07T12:21:54+00:00","breadcrumb":{"@id":"https:\/\/radioljubuski.ba\/index.php\/2021\/05\/07\/7-svibnja-1991-polog-hrvati-iz-hercegovine-goloruki-zaustavili-kolonu-tenkova-jna\/#breadcrumb"},"inLanguage":"hr","potentialAction":[{"@type":"ReadAction","target":["https:\/\/radioljubuski.ba\/index.php\/2021\/05\/07\/7-svibnja-1991-polog-hrvati-iz-hercegovine-goloruki-zaustavili-kolonu-tenkova-jna\/"]}]},{"@type":"ImageObject","inLanguage":"hr","@id":"https:\/\/radioljubuski.ba\/index.php\/2021\/05\/07\/7-svibnja-1991-polog-hrvati-iz-hercegovine-goloruki-zaustavili-kolonu-tenkova-jna\/#primaryimage","url":"https:\/\/radioljubuski.ba\/wp-content\/uploads\/2021\/05\/polog-696x511-1.png","contentUrl":"https:\/\/radioljubuski.ba\/wp-content\/uploads\/2021\/05\/polog-696x511-1.png","width":696,"height":511},{"@type":"BreadcrumbList","@id":"https:\/\/radioljubuski.ba\/index.php\/2021\/05\/07\/7-svibnja-1991-polog-hrvati-iz-hercegovine-goloruki-zaustavili-kolonu-tenkova-jna\/#breadcrumb","itemListElement":[{"@type":"ListItem","position":1,"name":"Po\u010detna stranica","item":"https:\/\/radioljubuski.ba\/"},{"@type":"ListItem","position":2,"name":"7. svibnja 1991. Polog \u2013 Hrvati iz Hercegovine goloruki zaustavili kolonu tenkova JNA"}]},{"@type":"WebSite","@id":"https:\/\/radioljubuski.ba\/#website","url":"https:\/\/radioljubuski.ba\/","name":"Radio Ljubu\u0161ki","description":"Sun\u010dana frekvencija Hercegovine","publisher":{"@id":"https:\/\/radioljubuski.ba\/#organization"},"potentialAction":[{"@type":"SearchAction","target":{"@type":"EntryPoint","urlTemplate":"https:\/\/radioljubuski.ba\/?s={search_term_string}"},"query-input":{"@type":"PropertyValueSpecification","valueRequired":true,"valueName":"search_term_string"}}],"inLanguage":"hr"},{"@type":"Organization","@id":"https:\/\/radioljubuski.ba\/#organization","name":"Radio Ljubu\u0161ki","url":"https:\/\/radioljubuski.ba\/","logo":{"@type":"ImageObject","inLanguage":"hr","@id":"https:\/\/radioljubuski.ba\/#\/schema\/logo\/image\/","url":"https:\/\/radioljubuski.ba\/wp-content\/uploads\/2021\/02\/cropped-Radio_Ljubuski_logo1.jpg","contentUrl":"https:\/\/radioljubuski.ba\/wp-content\/uploads\/2021\/02\/cropped-Radio_Ljubuski_logo1.jpg","width":512,"height":512,"caption":"Radio Ljubu\u0161ki"},"image":{"@id":"https:\/\/radioljubuski.ba\/#\/schema\/logo\/image\/"},"sameAs":["https:\/\/www.facebook.com\/Radiio-Ljubuski-1490835324566332","https:\/\/x.com\/radioljubuski","https:\/\/hr.linkedin.com\/company\/radio-ljubuski","https:\/\/www.youtube.com\/channel\/UCHYaeO_n0Db3tjNGudGpXyw"]},{"@type":"Person","@id":"https:\/\/radioljubuski.ba\/#\/schema\/person\/19fc700381a780f69665d7956c469e3b","name":"Radio Ljubu\u0161ki"}]}},"_links":{"self":[{"href":"https:\/\/radioljubuski.ba\/index.php\/wp-json\/wp\/v2\/posts\/19289","targetHints":{"allow":["GET"]}}],"collection":[{"href":"https:\/\/radioljubuski.ba\/index.php\/wp-json\/wp\/v2\/posts"}],"about":[{"href":"https:\/\/radioljubuski.ba\/index.php\/wp-json\/wp\/v2\/types\/post"}],"author":[{"embeddable":true,"href":"https:\/\/radioljubuski.ba\/index.php\/wp-json\/wp\/v2\/users\/2"}],"replies":[{"embeddable":true,"href":"https:\/\/radioljubuski.ba\/index.php\/wp-json\/wp\/v2\/comments?post=19289"}],"version-history":[{"count":1,"href":"https:\/\/radioljubuski.ba\/index.php\/wp-json\/wp\/v2\/posts\/19289\/revisions"}],"predecessor-version":[{"id":19291,"href":"https:\/\/radioljubuski.ba\/index.php\/wp-json\/wp\/v2\/posts\/19289\/revisions\/19291"}],"wp:featuredmedia":[{"embeddable":true,"href":"https:\/\/radioljubuski.ba\/index.php\/wp-json\/wp\/v2\/media\/19290"}],"wp:attachment":[{"href":"https:\/\/radioljubuski.ba\/index.php\/wp-json\/wp\/v2\/media?parent=19289"}],"wp:term":[{"taxonomy":"category","embeddable":true,"href":"https:\/\/radioljubuski.ba\/index.php\/wp-json\/wp\/v2\/categories?post=19289"},{"taxonomy":"post_tag","embeddable":true,"href":"https:\/\/radioljubuski.ba\/index.php\/wp-json\/wp\/v2\/tags?post=19289"}],"curies":[{"name":"wp","href":"https:\/\/api.w.org\/{rel}","templated":true}]}}