{"id":19292,"date":"2021-05-07T13:19:40","date_gmt":"2021-05-07T12:19:40","guid":{"rendered":"https:\/\/radioljubuski.ba\/?p=19292"},"modified":"2021-05-07T13:19:41","modified_gmt":"2021-05-07T12:19:41","slug":"tisuce-osoba-iz-bih-mogle-bi-ostati-bez-sezonskog-posla-u-hrvatskoj-i-c-gori","status":"publish","type":"post","link":"https:\/\/radioljubuski.ba\/index.php\/2021\/05\/07\/tisuce-osoba-iz-bih-mogle-bi-ostati-bez-sezonskog-posla-u-hrvatskoj-i-c-gori\/","title":{"rendered":"Tisu\u0107e osoba iz BiH mogle bi ostati bez sezonskog posla u Hrvatskoj i C. Gori"},"content":{"rendered":"\n<p>Obi\u010dno se za neka daleka vremena koristi izraz \u201cona vremena\u201d, me\u0111utim, vremena kada smo \u017eivjeli normalno i nisu bila tako davno. Mjesec je svibanj. Godine 2019. ve\u0107 bi se naveliko pri\u010dalo o sezonskim radnicima koji su i\u0161li u Hrvatsku te u manjoj mjeri u Crnu Goru ili bi ostajali raditi sezonski posao u BiH. Pretpostavka je kako je oko 30.000 radnika tako rje\u0161avalo svoju egzistenciju. Sada tisu\u0107e njih strepe za posao. Ve\u0107 od travnja, a posebno intenzivno od lipnja pa sve do listopada, a nekad i dulje ako se sezona protegne, doslovno bi padali s nogu, ali bi i zaradili jer su se pla\u0107e u Hrvatskoj kretale od 6 pa sve do 12 tisu\u0107a kuna (od 1500 do 3000 KM). Radili su brojne poslove, od \u010di\u0161\u0107enja objekata do pospremanja soba, od konobarenja do kuhanja&#8230; Pro\u0161le pak godine, zbog nedostatka posla, pla\u0107e su smanjene i do 2000 kuna (500 KM).<\/p>\n\n\n\n<p>Po\u010detak krize<\/p>\n\n\n\n<p>&#8211; Imala sam stalni sezonski ugovor u jednom restoranu, gdje sam radila kao pomo\u0107na kuharica. I, iskreno, planirala sam raditi dok god mogu. Pola godine bila bih u rodnoj Hercegovini, pola godine na moru, pla\u0107a i dodaci su mi bili redovito upla\u0107ivani, me\u0111utim, pro\u0161le godine po\u010deli su problemi. Ugovora vi\u0161e nemam, \u010dula sam se s poslodavcima koji ni sami ne znaju \u0161to \u0107e biti, ali plan je da do\u0111em raditi u lipnju pa \u0107emo vidjeti \u0161to \u0107e se dalje doga\u0111ati &#8211; ka\u017ee sugovornica iz jednog hercegova\u010dkoga mjesta koja je na ovakav na\u010din doprinosila ku\u0107nom prora\u010dunu. Ove godine prepreke su razne. Iz Slu\u017ebe za zapo\u0161ljavanje u Tuzlanskoj \u017eupaniji govorili su o sezonskim poslovima.<\/p>\n\n\n\n<p>&#8211; U ljetnom razdoblju radnici odlaze na rad uglavnom u Hrvatsku i Crnu Goru. Zapo\u0161ljavaju se u turisti\u010dko-ugostiteljskoj djelatnosti. Obi\u010dno su to poslovi kuhara, konobara, sprema\u010dice. Ugovore sklapaju na razdoblje od travnja do kraja kolovoza, ali pojedini znaju trajati i do kraja listopada, po\u010detka studenoga. Poslove nalaze posredstvom oglasa na privatnim portalima, ali u ve\u0107ini slu\u010dajeva rije\u010d je o istim osobama, tako da obi\u010dno kada osoba ode jednom, svake sljede\u0107e godine zapo\u0161ljava se kod istog poslodavca ili drugog na istoj turisti\u010dkoj destinaciji &#8211; kazala je Amela Makul, glasnogovornica Slu\u017ebe za zapo\u0161ljavanje T\u017d-a, napominju\u0107i kako se od o\u017eujka do listopada realizira i zapo\u0161ljavanje gra\u0111evinskih radnika. Istaknula je i poreme\u0107aje na tr\u017ei\u0161tu rada zbog situacije u kojoj smo se na\u0161li.<\/p>\n\n\n\n<p>&#8211; Pandemija koronavirusa u svakom slu\u010daju je promijenila na\u010din zapo\u0161ljavanja, kako u na\u0161oj zemlji tako i u inozemstvu. Svakako je smanjen broj sezonskih zapo\u0161ljavanja, ali nisu potpuno zaustavljena &#8211; istaknula je.<\/p>\n\n\n\n<p>Pad po \u017eupanijama<\/p>\n\n\n\n<p>Me\u0111utim, brojke pokazuju koliko su odlasci na sezonski rad smanjeni. Primjerice, 2019. se zbog zaposlenja u inozemstvu samo u T\u017d-u sa Zavoda za zapo\u0161ljavanje odjavilo 3025 radnika, a u 2020. odjavljena su bila 1272. \u0160to se 2021. ti\u010de, od po\u010detka godine do svibnja odjavilo se 406 radnika, a u travnju, koji je po\u010detak ljetne sezone, odjavilo se tek 60 osoba. Pad je vidljiv i u Unsko-sanskoj \u017eupaniji koja je, od 3200 osoba koje su se odjavile sa Zavoda za zapo\u0161ljavanje zbog rada u inozemstvu 2019. godine, do\u0161la do 845 u 2020., a u prva \u010detiri mjeseca 2021. oti\u0161le su tek 164 osobe. Ponuda za rad u sezoni ima i ove godine, me\u0111utim, pitanje je kakvi \u0107e biti uvjeti i ho\u0107e li posla biti dovoljno te ho\u0107e li radnici biti adekvatno pla\u0107eni za svoj rad. Mnogi sezonci isti\u010du kako bi radije neki siguran, pa i manje pla\u0107en posao, a da ne strepe zbog toga kakva \u0107e biti sezona. A u ovom krajnje neizvjesnom vremenu nitko ne mo\u017ee sa sigurno\u0161\u0107u tvrditi \u0161to \u0107e se tijekom ljetnih mjeseci doga\u0111ati.<\/p>\n\n\n\n<p>Izvor:vecernji.ba<\/p>\n","protected":false},"excerpt":{"rendered":"<p>Obi\u010dno se za neka daleka vremena koristi izraz \u201cona vremena\u201d, me\u0111utim, vremena kada smo \u017eivjeli normalno i nisu bila tako davno. Mjesec je svibanj. Godine 2019. ve\u0107 bi se naveliko pri\u010dalo o sezonskim radnicima koji su i\u0161li u Hrvatsku te u manjoj mjeri u Crnu Goru ili bi ostajali raditi sezonski posao u BiH. Pretpostavka [&hellip;]<\/p>\n","protected":false},"author":2,"featured_media":19293,"comment_status":"closed","ping_status":"closed","sticky":false,"template":"","format":"standard","meta":{"h5ap_radio_sources":[],"footnotes":""},"categories":[1],"tags":[],"class_list":["post-19292","post","type-post","status-publish","format-standard","has-post-thumbnail","hentry","category-bihiregija"],"yoast_head":"<!-- This site is optimized with the Yoast SEO plugin v27.5 - https:\/\/yoast.com\/product\/yoast-seo-wordpress\/ -->\n<title>Tisu\u0107e osoba iz BiH mogle bi ostati bez sezonskog posla u Hrvatskoj i C. Gori - RADIO LJUBU\u0160KI<\/title>\n<meta name=\"robots\" content=\"index, follow, max-snippet:-1, max-image-preview:large, max-video-preview:-1\" \/>\n<link rel=\"canonical\" href=\"https:\/\/radioljubuski.ba\/index.php\/2021\/05\/07\/tisuce-osoba-iz-bih-mogle-bi-ostati-bez-sezonskog-posla-u-hrvatskoj-i-c-gori\/\" \/>\n<meta property=\"og:locale\" content=\"hr_HR\" \/>\n<meta property=\"og:type\" content=\"article\" \/>\n<meta property=\"og:title\" content=\"Tisu\u0107e osoba iz BiH mogle bi ostati bez sezonskog posla u Hrvatskoj i C. Gori - RADIO LJUBU\u0160KI\" \/>\n<meta property=\"og:description\" content=\"Obi\u010dno se za neka daleka vremena koristi izraz \u201cona vremena\u201d, me\u0111utim, vremena kada smo \u017eivjeli normalno i nisu bila tako davno. Mjesec je svibanj. Godine 2019. ve\u0107 bi se naveliko pri\u010dalo o sezonskim radnicima koji su i\u0161li u Hrvatsku te u manjoj mjeri u Crnu Goru ili bi ostajali raditi sezonski posao u BiH. Pretpostavka [&hellip;]\" \/>\n<meta property=\"og:url\" content=\"https:\/\/radioljubuski.ba\/index.php\/2021\/05\/07\/tisuce-osoba-iz-bih-mogle-bi-ostati-bez-sezonskog-posla-u-hrvatskoj-i-c-gori\/\" \/>\n<meta property=\"og:site_name\" content=\"RADIO LJUBU\u0160KI\" \/>\n<meta property=\"article:publisher\" content=\"https:\/\/www.facebook.com\/Radiio-Ljubuski-1490835324566332\" \/>\n<meta property=\"article:published_time\" content=\"2021-05-07T12:19:40+00:00\" \/>\n<meta property=\"article:modified_time\" content=\"2021-05-07T12:19:41+00:00\" \/>\n<meta property=\"og:image\" content=\"https:\/\/radioljubuski.ba\/wp-content\/uploads\/2021\/05\/koobar.jpg\" \/>\n\t<meta property=\"og:image:width\" content=\"1000\" \/>\n\t<meta property=\"og:image:height\" content=\"625\" \/>\n\t<meta property=\"og:image:type\" content=\"image\/jpeg\" \/>\n<meta name=\"author\" content=\"Radio Ljubu\u0161ki\" \/>\n<meta name=\"twitter:card\" content=\"summary_large_image\" \/>\n<meta name=\"twitter:creator\" content=\"@radioljubuski\" \/>\n<meta name=\"twitter:site\" content=\"@radioljubuski\" \/>\n<meta name=\"twitter:label1\" content=\"Napisao\/la\" \/>\n\t<meta name=\"twitter:data1\" content=\"Radio Ljubu\u0161ki\" \/>\n\t<meta name=\"twitter:label2\" content=\"Procijenjeno vrijeme \u010ditanja\" \/>\n\t<meta name=\"twitter:data2\" content=\"3 minute\" \/>\n<script type=\"application\/ld+json\" class=\"yoast-schema-graph\">{\"@context\":\"https:\\\/\\\/schema.org\",\"@graph\":[{\"@type\":\"Article\",\"@id\":\"https:\\\/\\\/radioljubuski.ba\\\/index.php\\\/2021\\\/05\\\/07\\\/tisuce-osoba-iz-bih-mogle-bi-ostati-bez-sezonskog-posla-u-hrvatskoj-i-c-gori\\\/#article\",\"isPartOf\":{\"@id\":\"https:\\\/\\\/radioljubuski.ba\\\/index.php\\\/2021\\\/05\\\/07\\\/tisuce-osoba-iz-bih-mogle-bi-ostati-bez-sezonskog-posla-u-hrvatskoj-i-c-gori\\\/\"},\"author\":{\"name\":\"Radio Ljubu\u0161ki\",\"@id\":\"https:\\\/\\\/radioljubuski.ba\\\/#\\\/schema\\\/person\\\/19fc700381a780f69665d7956c469e3b\"},\"headline\":\"Tisu\u0107e osoba iz BiH mogle bi ostati bez sezonskog posla u Hrvatskoj i C. Gori\",\"datePublished\":\"2021-05-07T12:19:40+00:00\",\"dateModified\":\"2021-05-07T12:19:41+00:00\",\"mainEntityOfPage\":{\"@id\":\"https:\\\/\\\/radioljubuski.ba\\\/index.php\\\/2021\\\/05\\\/07\\\/tisuce-osoba-iz-bih-mogle-bi-ostati-bez-sezonskog-posla-u-hrvatskoj-i-c-gori\\\/\"},\"wordCount\":662,\"publisher\":{\"@id\":\"https:\\\/\\\/radioljubuski.ba\\\/#organization\"},\"image\":{\"@id\":\"https:\\\/\\\/radioljubuski.ba\\\/index.php\\\/2021\\\/05\\\/07\\\/tisuce-osoba-iz-bih-mogle-bi-ostati-bez-sezonskog-posla-u-hrvatskoj-i-c-gori\\\/#primaryimage\"},\"thumbnailUrl\":\"https:\\\/\\\/radioljubuski.ba\\\/wp-content\\\/uploads\\\/2021\\\/05\\\/koobar.jpg\",\"articleSection\":[\"BIH i regija\"],\"inLanguage\":\"hr\"},{\"@type\":\"WebPage\",\"@id\":\"https:\\\/\\\/radioljubuski.ba\\\/index.php\\\/2021\\\/05\\\/07\\\/tisuce-osoba-iz-bih-mogle-bi-ostati-bez-sezonskog-posla-u-hrvatskoj-i-c-gori\\\/\",\"url\":\"https:\\\/\\\/radioljubuski.ba\\\/index.php\\\/2021\\\/05\\\/07\\\/tisuce-osoba-iz-bih-mogle-bi-ostati-bez-sezonskog-posla-u-hrvatskoj-i-c-gori\\\/\",\"name\":\"Tisu\u0107e osoba iz BiH mogle bi ostati bez sezonskog posla u Hrvatskoj i C. Gori - RADIO LJUBU\u0160KI\",\"isPartOf\":{\"@id\":\"https:\\\/\\\/radioljubuski.ba\\\/#website\"},\"primaryImageOfPage\":{\"@id\":\"https:\\\/\\\/radioljubuski.ba\\\/index.php\\\/2021\\\/05\\\/07\\\/tisuce-osoba-iz-bih-mogle-bi-ostati-bez-sezonskog-posla-u-hrvatskoj-i-c-gori\\\/#primaryimage\"},\"image\":{\"@id\":\"https:\\\/\\\/radioljubuski.ba\\\/index.php\\\/2021\\\/05\\\/07\\\/tisuce-osoba-iz-bih-mogle-bi-ostati-bez-sezonskog-posla-u-hrvatskoj-i-c-gori\\\/#primaryimage\"},\"thumbnailUrl\":\"https:\\\/\\\/radioljubuski.ba\\\/wp-content\\\/uploads\\\/2021\\\/05\\\/koobar.jpg\",\"datePublished\":\"2021-05-07T12:19:40+00:00\",\"dateModified\":\"2021-05-07T12:19:41+00:00\",\"breadcrumb\":{\"@id\":\"https:\\\/\\\/radioljubuski.ba\\\/index.php\\\/2021\\\/05\\\/07\\\/tisuce-osoba-iz-bih-mogle-bi-ostati-bez-sezonskog-posla-u-hrvatskoj-i-c-gori\\\/#breadcrumb\"},\"inLanguage\":\"hr\",\"potentialAction\":[{\"@type\":\"ReadAction\",\"target\":[\"https:\\\/\\\/radioljubuski.ba\\\/index.php\\\/2021\\\/05\\\/07\\\/tisuce-osoba-iz-bih-mogle-bi-ostati-bez-sezonskog-posla-u-hrvatskoj-i-c-gori\\\/\"]}]},{\"@type\":\"ImageObject\",\"inLanguage\":\"hr\",\"@id\":\"https:\\\/\\\/radioljubuski.ba\\\/index.php\\\/2021\\\/05\\\/07\\\/tisuce-osoba-iz-bih-mogle-bi-ostati-bez-sezonskog-posla-u-hrvatskoj-i-c-gori\\\/#primaryimage\",\"url\":\"https:\\\/\\\/radioljubuski.ba\\\/wp-content\\\/uploads\\\/2021\\\/05\\\/koobar.jpg\",\"contentUrl\":\"https:\\\/\\\/radioljubuski.ba\\\/wp-content\\\/uploads\\\/2021\\\/05\\\/koobar.jpg\",\"width\":1000,\"height\":625},{\"@type\":\"BreadcrumbList\",\"@id\":\"https:\\\/\\\/radioljubuski.ba\\\/index.php\\\/2021\\\/05\\\/07\\\/tisuce-osoba-iz-bih-mogle-bi-ostati-bez-sezonskog-posla-u-hrvatskoj-i-c-gori\\\/#breadcrumb\",\"itemListElement\":[{\"@type\":\"ListItem\",\"position\":1,\"name\":\"Po\u010detna stranica\",\"item\":\"https:\\\/\\\/radioljubuski.ba\\\/\"},{\"@type\":\"ListItem\",\"position\":2,\"name\":\"Tisu\u0107e osoba iz BiH mogle bi ostati bez sezonskog posla u Hrvatskoj i C. Gori\"}]},{\"@type\":\"WebSite\",\"@id\":\"https:\\\/\\\/radioljubuski.ba\\\/#website\",\"url\":\"https:\\\/\\\/radioljubuski.ba\\\/\",\"name\":\"Radio Ljubu\u0161ki\",\"description\":\"Sun\u010dana frekvencija Hercegovine\",\"publisher\":{\"@id\":\"https:\\\/\\\/radioljubuski.ba\\\/#organization\"},\"potentialAction\":[{\"@type\":\"SearchAction\",\"target\":{\"@type\":\"EntryPoint\",\"urlTemplate\":\"https:\\\/\\\/radioljubuski.ba\\\/?s={search_term_string}\"},\"query-input\":{\"@type\":\"PropertyValueSpecification\",\"valueRequired\":true,\"valueName\":\"search_term_string\"}}],\"inLanguage\":\"hr\"},{\"@type\":\"Organization\",\"@id\":\"https:\\\/\\\/radioljubuski.ba\\\/#organization\",\"name\":\"Radio Ljubu\u0161ki\",\"url\":\"https:\\\/\\\/radioljubuski.ba\\\/\",\"logo\":{\"@type\":\"ImageObject\",\"inLanguage\":\"hr\",\"@id\":\"https:\\\/\\\/radioljubuski.ba\\\/#\\\/schema\\\/logo\\\/image\\\/\",\"url\":\"https:\\\/\\\/radioljubuski.ba\\\/wp-content\\\/uploads\\\/2021\\\/02\\\/cropped-Radio_Ljubuski_logo1.jpg\",\"contentUrl\":\"https:\\\/\\\/radioljubuski.ba\\\/wp-content\\\/uploads\\\/2021\\\/02\\\/cropped-Radio_Ljubuski_logo1.jpg\",\"width\":512,\"height\":512,\"caption\":\"Radio Ljubu\u0161ki\"},\"image\":{\"@id\":\"https:\\\/\\\/radioljubuski.ba\\\/#\\\/schema\\\/logo\\\/image\\\/\"},\"sameAs\":[\"https:\\\/\\\/www.facebook.com\\\/Radiio-Ljubuski-1490835324566332\",\"https:\\\/\\\/x.com\\\/radioljubuski\",\"https:\\\/\\\/hr.linkedin.com\\\/company\\\/radio-ljubuski\",\"https:\\\/\\\/www.youtube.com\\\/channel\\\/UCHYaeO_n0Db3tjNGudGpXyw\"]},{\"@type\":\"Person\",\"@id\":\"https:\\\/\\\/radioljubuski.ba\\\/#\\\/schema\\\/person\\\/19fc700381a780f69665d7956c469e3b\",\"name\":\"Radio Ljubu\u0161ki\"}]}<\/script>\n<!-- \/ Yoast SEO plugin. -->","yoast_head_json":{"title":"Tisu\u0107e osoba iz BiH mogle bi ostati bez sezonskog posla u Hrvatskoj i C. Gori - RADIO LJUBU\u0160KI","robots":{"index":"index","follow":"follow","max-snippet":"max-snippet:-1","max-image-preview":"max-image-preview:large","max-video-preview":"max-video-preview:-1"},"canonical":"https:\/\/radioljubuski.ba\/index.php\/2021\/05\/07\/tisuce-osoba-iz-bih-mogle-bi-ostati-bez-sezonskog-posla-u-hrvatskoj-i-c-gori\/","og_locale":"hr_HR","og_type":"article","og_title":"Tisu\u0107e osoba iz BiH mogle bi ostati bez sezonskog posla u Hrvatskoj i C. Gori - RADIO LJUBU\u0160KI","og_description":"Obi\u010dno se za neka daleka vremena koristi izraz \u201cona vremena\u201d, me\u0111utim, vremena kada smo \u017eivjeli normalno i nisu bila tako davno. Mjesec je svibanj. Godine 2019. ve\u0107 bi se naveliko pri\u010dalo o sezonskim radnicima koji su i\u0161li u Hrvatsku te u manjoj mjeri u Crnu Goru ili bi ostajali raditi sezonski posao u BiH. Pretpostavka [&hellip;]","og_url":"https:\/\/radioljubuski.ba\/index.php\/2021\/05\/07\/tisuce-osoba-iz-bih-mogle-bi-ostati-bez-sezonskog-posla-u-hrvatskoj-i-c-gori\/","og_site_name":"RADIO LJUBU\u0160KI","article_publisher":"https:\/\/www.facebook.com\/Radiio-Ljubuski-1490835324566332","article_published_time":"2021-05-07T12:19:40+00:00","article_modified_time":"2021-05-07T12:19:41+00:00","og_image":[{"width":1000,"height":625,"url":"https:\/\/radioljubuski.ba\/wp-content\/uploads\/2021\/05\/koobar.jpg","type":"image\/jpeg"}],"author":"Radio Ljubu\u0161ki","twitter_card":"summary_large_image","twitter_creator":"@radioljubuski","twitter_site":"@radioljubuski","twitter_misc":{"Napisao\/la":"Radio Ljubu\u0161ki","Procijenjeno vrijeme \u010ditanja":"3 minute"},"schema":{"@context":"https:\/\/schema.org","@graph":[{"@type":"Article","@id":"https:\/\/radioljubuski.ba\/index.php\/2021\/05\/07\/tisuce-osoba-iz-bih-mogle-bi-ostati-bez-sezonskog-posla-u-hrvatskoj-i-c-gori\/#article","isPartOf":{"@id":"https:\/\/radioljubuski.ba\/index.php\/2021\/05\/07\/tisuce-osoba-iz-bih-mogle-bi-ostati-bez-sezonskog-posla-u-hrvatskoj-i-c-gori\/"},"author":{"name":"Radio Ljubu\u0161ki","@id":"https:\/\/radioljubuski.ba\/#\/schema\/person\/19fc700381a780f69665d7956c469e3b"},"headline":"Tisu\u0107e osoba iz BiH mogle bi ostati bez sezonskog posla u Hrvatskoj i C. Gori","datePublished":"2021-05-07T12:19:40+00:00","dateModified":"2021-05-07T12:19:41+00:00","mainEntityOfPage":{"@id":"https:\/\/radioljubuski.ba\/index.php\/2021\/05\/07\/tisuce-osoba-iz-bih-mogle-bi-ostati-bez-sezonskog-posla-u-hrvatskoj-i-c-gori\/"},"wordCount":662,"publisher":{"@id":"https:\/\/radioljubuski.ba\/#organization"},"image":{"@id":"https:\/\/radioljubuski.ba\/index.php\/2021\/05\/07\/tisuce-osoba-iz-bih-mogle-bi-ostati-bez-sezonskog-posla-u-hrvatskoj-i-c-gori\/#primaryimage"},"thumbnailUrl":"https:\/\/radioljubuski.ba\/wp-content\/uploads\/2021\/05\/koobar.jpg","articleSection":["BIH i regija"],"inLanguage":"hr"},{"@type":"WebPage","@id":"https:\/\/radioljubuski.ba\/index.php\/2021\/05\/07\/tisuce-osoba-iz-bih-mogle-bi-ostati-bez-sezonskog-posla-u-hrvatskoj-i-c-gori\/","url":"https:\/\/radioljubuski.ba\/index.php\/2021\/05\/07\/tisuce-osoba-iz-bih-mogle-bi-ostati-bez-sezonskog-posla-u-hrvatskoj-i-c-gori\/","name":"Tisu\u0107e osoba iz BiH mogle bi ostati bez sezonskog posla u Hrvatskoj i C. Gori - RADIO LJUBU\u0160KI","isPartOf":{"@id":"https:\/\/radioljubuski.ba\/#website"},"primaryImageOfPage":{"@id":"https:\/\/radioljubuski.ba\/index.php\/2021\/05\/07\/tisuce-osoba-iz-bih-mogle-bi-ostati-bez-sezonskog-posla-u-hrvatskoj-i-c-gori\/#primaryimage"},"image":{"@id":"https:\/\/radioljubuski.ba\/index.php\/2021\/05\/07\/tisuce-osoba-iz-bih-mogle-bi-ostati-bez-sezonskog-posla-u-hrvatskoj-i-c-gori\/#primaryimage"},"thumbnailUrl":"https:\/\/radioljubuski.ba\/wp-content\/uploads\/2021\/05\/koobar.jpg","datePublished":"2021-05-07T12:19:40+00:00","dateModified":"2021-05-07T12:19:41+00:00","breadcrumb":{"@id":"https:\/\/radioljubuski.ba\/index.php\/2021\/05\/07\/tisuce-osoba-iz-bih-mogle-bi-ostati-bez-sezonskog-posla-u-hrvatskoj-i-c-gori\/#breadcrumb"},"inLanguage":"hr","potentialAction":[{"@type":"ReadAction","target":["https:\/\/radioljubuski.ba\/index.php\/2021\/05\/07\/tisuce-osoba-iz-bih-mogle-bi-ostati-bez-sezonskog-posla-u-hrvatskoj-i-c-gori\/"]}]},{"@type":"ImageObject","inLanguage":"hr","@id":"https:\/\/radioljubuski.ba\/index.php\/2021\/05\/07\/tisuce-osoba-iz-bih-mogle-bi-ostati-bez-sezonskog-posla-u-hrvatskoj-i-c-gori\/#primaryimage","url":"https:\/\/radioljubuski.ba\/wp-content\/uploads\/2021\/05\/koobar.jpg","contentUrl":"https:\/\/radioljubuski.ba\/wp-content\/uploads\/2021\/05\/koobar.jpg","width":1000,"height":625},{"@type":"BreadcrumbList","@id":"https:\/\/radioljubuski.ba\/index.php\/2021\/05\/07\/tisuce-osoba-iz-bih-mogle-bi-ostati-bez-sezonskog-posla-u-hrvatskoj-i-c-gori\/#breadcrumb","itemListElement":[{"@type":"ListItem","position":1,"name":"Po\u010detna stranica","item":"https:\/\/radioljubuski.ba\/"},{"@type":"ListItem","position":2,"name":"Tisu\u0107e osoba iz BiH mogle bi ostati bez sezonskog posla u Hrvatskoj i C. Gori"}]},{"@type":"WebSite","@id":"https:\/\/radioljubuski.ba\/#website","url":"https:\/\/radioljubuski.ba\/","name":"Radio Ljubu\u0161ki","description":"Sun\u010dana frekvencija Hercegovine","publisher":{"@id":"https:\/\/radioljubuski.ba\/#organization"},"potentialAction":[{"@type":"SearchAction","target":{"@type":"EntryPoint","urlTemplate":"https:\/\/radioljubuski.ba\/?s={search_term_string}"},"query-input":{"@type":"PropertyValueSpecification","valueRequired":true,"valueName":"search_term_string"}}],"inLanguage":"hr"},{"@type":"Organization","@id":"https:\/\/radioljubuski.ba\/#organization","name":"Radio Ljubu\u0161ki","url":"https:\/\/radioljubuski.ba\/","logo":{"@type":"ImageObject","inLanguage":"hr","@id":"https:\/\/radioljubuski.ba\/#\/schema\/logo\/image\/","url":"https:\/\/radioljubuski.ba\/wp-content\/uploads\/2021\/02\/cropped-Radio_Ljubuski_logo1.jpg","contentUrl":"https:\/\/radioljubuski.ba\/wp-content\/uploads\/2021\/02\/cropped-Radio_Ljubuski_logo1.jpg","width":512,"height":512,"caption":"Radio Ljubu\u0161ki"},"image":{"@id":"https:\/\/radioljubuski.ba\/#\/schema\/logo\/image\/"},"sameAs":["https:\/\/www.facebook.com\/Radiio-Ljubuski-1490835324566332","https:\/\/x.com\/radioljubuski","https:\/\/hr.linkedin.com\/company\/radio-ljubuski","https:\/\/www.youtube.com\/channel\/UCHYaeO_n0Db3tjNGudGpXyw"]},{"@type":"Person","@id":"https:\/\/radioljubuski.ba\/#\/schema\/person\/19fc700381a780f69665d7956c469e3b","name":"Radio Ljubu\u0161ki"}]}},"_links":{"self":[{"href":"https:\/\/radioljubuski.ba\/index.php\/wp-json\/wp\/v2\/posts\/19292","targetHints":{"allow":["GET"]}}],"collection":[{"href":"https:\/\/radioljubuski.ba\/index.php\/wp-json\/wp\/v2\/posts"}],"about":[{"href":"https:\/\/radioljubuski.ba\/index.php\/wp-json\/wp\/v2\/types\/post"}],"author":[{"embeddable":true,"href":"https:\/\/radioljubuski.ba\/index.php\/wp-json\/wp\/v2\/users\/2"}],"replies":[{"embeddable":true,"href":"https:\/\/radioljubuski.ba\/index.php\/wp-json\/wp\/v2\/comments?post=19292"}],"version-history":[{"count":1,"href":"https:\/\/radioljubuski.ba\/index.php\/wp-json\/wp\/v2\/posts\/19292\/revisions"}],"predecessor-version":[{"id":19294,"href":"https:\/\/radioljubuski.ba\/index.php\/wp-json\/wp\/v2\/posts\/19292\/revisions\/19294"}],"wp:featuredmedia":[{"embeddable":true,"href":"https:\/\/radioljubuski.ba\/index.php\/wp-json\/wp\/v2\/media\/19293"}],"wp:attachment":[{"href":"https:\/\/radioljubuski.ba\/index.php\/wp-json\/wp\/v2\/media?parent=19292"}],"wp:term":[{"taxonomy":"category","embeddable":true,"href":"https:\/\/radioljubuski.ba\/index.php\/wp-json\/wp\/v2\/categories?post=19292"},{"taxonomy":"post_tag","embeddable":true,"href":"https:\/\/radioljubuski.ba\/index.php\/wp-json\/wp\/v2\/tags?post=19292"}],"curies":[{"name":"wp","href":"https:\/\/api.w.org\/{rel}","templated":true}]}}