{"id":192980,"date":"2023-07-17T08:43:05","date_gmt":"2023-07-17T07:43:05","guid":{"rendered":"https:\/\/radioljubuski.ba\/?p=192980"},"modified":"2023-07-17T10:19:17","modified_gmt":"2023-07-17T09:19:17","slug":"trideseta-obljetnica-pogibije-hrvatskog-branitelja-gojka-galica","status":"publish","type":"post","link":"https:\/\/radioljubuski.ba\/index.php\/2023\/07\/17\/trideseta-obljetnica-pogibije-hrvatskog-branitelja-gojka-galica\/","title":{"rendered":"Trideseta obljetnica pogibije hrvatskog branitelja Gojka Gali\u0107a"},"content":{"rendered":"\n<p>Trideseta obljetnica pogibije hrvatskog branitelja Gojka Gali\u0107a obilje\u017eena je na iznimno dostojanstven na\u010din. Bli\u017ea obitelj, suborci i prijatelji pokojnog Gojka, 13. srpnja okupili su se kod rodne ku\u0107e na Bija\u010di, kako bi blagoslovom spomenika njemu u \u010dast, jo\u0161 jednom zahvalili branitelju koji je za svoj narod dao najvrjednije \u0161to je imao, a to je svoj \u017eivot. Gojko Gali\u0107 je od prvoga dana ratnih strahota hrabro obukao uniformu, bio je zapovjednik protuoklopnog voda, ali prije svega podr\u0161ka i veliki prijatelj svojih suboraca. Poginuo je na Pijescima, na najkrvaviji dan Domovinskog rata na ovom podru\u010dju, kada su poginula ukupno dvadeset i \u010detiri hrvatska branitelja.<\/p>\n\n\n\n<p>Trideset godina je tinjala \u017eelja za postavljanjem spomenika kod brata Ivana-Ive, umirovljenog \u010dasnika HVO-a, ratnog zapovjednika mje\u0161ovitog topni\u010dko-raketno-minobaca\u010dkog diviziona 50. domobranske pukovnije kneza Domagoja i sada je njegov san i ostvaren. U svom govoru je posebno zahvalio Bogu, svojoj obitelji te ro\u0111aku Bori Rup\u010di\u0107u koji je prepoznao \u017ertvu i bio od najve\u0107e pomo\u0107i pri realizaciji ovoga projekta. &nbsp;<\/p>\n\n\n\n<p>Spomenik je otkrio Gojkov ne\u0107ak Jurica Gali\u0107, a blagoslovio ga je drugi ne\u0107ak, mladomisnik Jure Paponja, koji se nazo\u010dnima obratio s par prigodnih rije\u010di.<\/p>\n\n\n\n<p>U skladu s uklesanim natpisom \u201eNavik on \u017eivi ki zgine po\u0161teno\u201c, pokojni Gojko Gali\u0107 je osim u na\u0161im srcima, dobio i trajno spomen obilje\u017eje svoga juna\u0161tva.<\/p>\n\n\n\n<p>Neka im je vje\u010dna slava i hvala.<\/p>\n\n\n\n<figure class=\"wp-block-gallery has-nested-images columns-default is-cropped wp-block-gallery-1 is-layout-flex wp-block-gallery-is-layout-flex\">\n<figure class=\"wp-block-image size-large\"><img loading=\"lazy\" decoding=\"async\" width=\"768\" height=\"1024\" data-id=\"192982\" src=\"https:\/\/radioljubuski.ba\/wp-content\/uploads\/2023\/07\/Foto4-768x1024.jpg\" alt=\"\" class=\"wp-image-192982\" srcset=\"https:\/\/radioljubuski.ba\/wp-content\/uploads\/2023\/07\/Foto4-768x1024.jpg 768w, https:\/\/radioljubuski.ba\/wp-content\/uploads\/2023\/07\/Foto4-225x300.jpg 225w, https:\/\/radioljubuski.ba\/wp-content\/uploads\/2023\/07\/Foto4-1152x1536.jpg 1152w, https:\/\/radioljubuski.ba\/wp-content\/uploads\/2023\/07\/Foto4.jpg 1200w\" sizes=\"auto, (max-width: 768px) 100vw, 768px\" \/><\/figure>\n\n\n\n<figure class=\"wp-block-image size-large\"><img loading=\"lazy\" decoding=\"async\" width=\"1024\" height=\"490\" data-id=\"192983\" src=\"https:\/\/radioljubuski.ba\/wp-content\/uploads\/2023\/07\/Foto6-1024x490.jpg\" alt=\"\" class=\"wp-image-192983\" srcset=\"https:\/\/radioljubuski.ba\/wp-content\/uploads\/2023\/07\/Foto6-1024x490.jpg 1024w, https:\/\/radioljubuski.ba\/wp-content\/uploads\/2023\/07\/Foto6-300x144.jpg 300w, https:\/\/radioljubuski.ba\/wp-content\/uploads\/2023\/07\/Foto6-768x368.jpg 768w, https:\/\/radioljubuski.ba\/wp-content\/uploads\/2023\/07\/Foto6-1536x736.jpg 1536w, https:\/\/radioljubuski.ba\/wp-content\/uploads\/2023\/07\/Foto6-2048x981.jpg 2048w\" sizes=\"auto, (max-width: 1024px) 100vw, 1024px\" \/><\/figure>\n<\/figure>\n\n\n\n<p><\/p>\n\n\n\n<figure class=\"wp-block-gallery has-nested-images columns-default is-cropped wp-block-gallery-2 is-layout-flex wp-block-gallery-is-layout-flex\">\n<figure class=\"wp-block-image size-large\"><img loading=\"lazy\" decoding=\"async\" width=\"1024\" height=\"461\" data-id=\"192984\" src=\"https:\/\/radioljubuski.ba\/wp-content\/uploads\/2023\/07\/Foto10-1024x461.jpg\" alt=\"\" class=\"wp-image-192984\" srcset=\"https:\/\/radioljubuski.ba\/wp-content\/uploads\/2023\/07\/Foto10-1024x461.jpg 1024w, https:\/\/radioljubuski.ba\/wp-content\/uploads\/2023\/07\/Foto10-300x135.jpg 300w, https:\/\/radioljubuski.ba\/wp-content\/uploads\/2023\/07\/Foto10-768x346.jpg 768w, https:\/\/radioljubuski.ba\/wp-content\/uploads\/2023\/07\/Foto10-1536x692.jpg 1536w, https:\/\/radioljubuski.ba\/wp-content\/uploads\/2023\/07\/Foto10-2048x922.jpg 2048w\" sizes=\"auto, (max-width: 1024px) 100vw, 1024px\" \/><\/figure>\n<\/figure>\n\n\n\n<p><\/p>\n","protected":false},"excerpt":{"rendered":"<p>Trideseta obljetnica pogibije hrvatskog branitelja Gojka Gali\u0107a obilje\u017eena je na iznimno dostojanstven na\u010din. Bli\u017ea obitelj, suborci i prijatelji pokojnog Gojka, 13. srpnja okupili su se kod rodne ku\u0107e na Bija\u010di, kako bi blagoslovom spomenika njemu u \u010dast, jo\u0161 jednom zahvalili branitelju koji je za svoj narod dao najvrjednije \u0161to je imao, a to je svoj [&hellip;]<\/p>\n","protected":false},"author":2,"featured_media":192987,"comment_status":"closed","ping_status":"closed","sticky":false,"template":"","format":"standard","meta":{"h5ap_radio_sources":[],"footnotes":""},"categories":[1],"tags":[],"class_list":["post-192980","post","type-post","status-publish","format-standard","has-post-thumbnail","hentry","category-bihiregija"],"yoast_head":"<!-- This site is optimized with the Yoast SEO plugin v27.5 - https:\/\/yoast.com\/product\/yoast-seo-wordpress\/ -->\n<title>Trideseta obljetnica pogibije hrvatskog branitelja Gojka Gali\u0107a - RADIO LJUBU\u0160KI<\/title>\n<meta name=\"robots\" content=\"index, follow, max-snippet:-1, max-image-preview:large, max-video-preview:-1\" \/>\n<link rel=\"canonical\" href=\"https:\/\/radioljubuski.ba\/index.php\/2023\/07\/17\/trideseta-obljetnica-pogibije-hrvatskog-branitelja-gojka-galica\/\" \/>\n<meta property=\"og:locale\" content=\"hr_HR\" \/>\n<meta property=\"og:type\" content=\"article\" \/>\n<meta property=\"og:title\" content=\"Trideseta obljetnica pogibije hrvatskog branitelja Gojka Gali\u0107a - RADIO LJUBU\u0160KI\" \/>\n<meta property=\"og:description\" content=\"Trideseta obljetnica pogibije hrvatskog branitelja Gojka Gali\u0107a obilje\u017eena je na iznimno dostojanstven na\u010din. Bli\u017ea obitelj, suborci i prijatelji pokojnog Gojka, 13. srpnja okupili su se kod rodne ku\u0107e na Bija\u010di, kako bi blagoslovom spomenika njemu u \u010dast, jo\u0161 jednom zahvalili branitelju koji je za svoj narod dao najvrjednije \u0161to je imao, a to je svoj [&hellip;]\" \/>\n<meta property=\"og:url\" content=\"https:\/\/radioljubuski.ba\/index.php\/2023\/07\/17\/trideseta-obljetnica-pogibije-hrvatskog-branitelja-gojka-galica\/\" \/>\n<meta property=\"og:site_name\" content=\"RADIO LJUBU\u0160KI\" \/>\n<meta property=\"article:publisher\" content=\"https:\/\/www.facebook.com\/Radiio-Ljubuski-1490835324566332\" \/>\n<meta property=\"article:published_time\" content=\"2023-07-17T07:43:05+00:00\" \/>\n<meta property=\"article:modified_time\" content=\"2023-07-17T09:19:17+00:00\" \/>\n<meta property=\"og:image\" content=\"https:\/\/radioljubuski.ba\/wp-content\/uploads\/2023\/07\/Foto8-1-scaled.jpg\" \/>\n\t<meta property=\"og:image:width\" content=\"2560\" \/>\n\t<meta property=\"og:image:height\" content=\"1152\" \/>\n\t<meta property=\"og:image:type\" content=\"image\/jpeg\" \/>\n<meta name=\"author\" content=\"Radio Ljubu\u0161ki\" \/>\n<meta name=\"twitter:card\" content=\"summary_large_image\" \/>\n<meta name=\"twitter:creator\" content=\"@radioljubuski\" \/>\n<meta name=\"twitter:site\" content=\"@radioljubuski\" \/>\n<meta name=\"twitter:label1\" content=\"Napisao\/la\" \/>\n\t<meta name=\"twitter:data1\" content=\"Radio Ljubu\u0161ki\" \/>\n\t<meta name=\"twitter:label2\" content=\"Procijenjeno vrijeme \u010ditanja\" \/>\n\t<meta name=\"twitter:data2\" content=\"2 minute\" \/>\n<script type=\"application\/ld+json\" class=\"yoast-schema-graph\">{\"@context\":\"https:\\\/\\\/schema.org\",\"@graph\":[{\"@type\":\"Article\",\"@id\":\"https:\\\/\\\/radioljubuski.ba\\\/index.php\\\/2023\\\/07\\\/17\\\/trideseta-obljetnica-pogibije-hrvatskog-branitelja-gojka-galica\\\/#article\",\"isPartOf\":{\"@id\":\"https:\\\/\\\/radioljubuski.ba\\\/index.php\\\/2023\\\/07\\\/17\\\/trideseta-obljetnica-pogibije-hrvatskog-branitelja-gojka-galica\\\/\"},\"author\":{\"name\":\"Radio Ljubu\u0161ki\",\"@id\":\"https:\\\/\\\/radioljubuski.ba\\\/#\\\/schema\\\/person\\\/19fc700381a780f69665d7956c469e3b\"},\"headline\":\"Trideseta obljetnica pogibije hrvatskog branitelja Gojka Gali\u0107a\",\"datePublished\":\"2023-07-17T07:43:05+00:00\",\"dateModified\":\"2023-07-17T09:19:17+00:00\",\"mainEntityOfPage\":{\"@id\":\"https:\\\/\\\/radioljubuski.ba\\\/index.php\\\/2023\\\/07\\\/17\\\/trideseta-obljetnica-pogibije-hrvatskog-branitelja-gojka-galica\\\/\"},\"wordCount\":248,\"publisher\":{\"@id\":\"https:\\\/\\\/radioljubuski.ba\\\/#organization\"},\"image\":{\"@id\":\"https:\\\/\\\/radioljubuski.ba\\\/index.php\\\/2023\\\/07\\\/17\\\/trideseta-obljetnica-pogibije-hrvatskog-branitelja-gojka-galica\\\/#primaryimage\"},\"thumbnailUrl\":\"https:\\\/\\\/radioljubuski.ba\\\/wp-content\\\/uploads\\\/2023\\\/07\\\/Foto8-1-scaled.jpg\",\"articleSection\":[\"BIH i regija\"],\"inLanguage\":\"hr\"},{\"@type\":\"WebPage\",\"@id\":\"https:\\\/\\\/radioljubuski.ba\\\/index.php\\\/2023\\\/07\\\/17\\\/trideseta-obljetnica-pogibije-hrvatskog-branitelja-gojka-galica\\\/\",\"url\":\"https:\\\/\\\/radioljubuski.ba\\\/index.php\\\/2023\\\/07\\\/17\\\/trideseta-obljetnica-pogibije-hrvatskog-branitelja-gojka-galica\\\/\",\"name\":\"Trideseta obljetnica pogibije hrvatskog branitelja Gojka Gali\u0107a - RADIO LJUBU\u0160KI\",\"isPartOf\":{\"@id\":\"https:\\\/\\\/radioljubuski.ba\\\/#website\"},\"primaryImageOfPage\":{\"@id\":\"https:\\\/\\\/radioljubuski.ba\\\/index.php\\\/2023\\\/07\\\/17\\\/trideseta-obljetnica-pogibije-hrvatskog-branitelja-gojka-galica\\\/#primaryimage\"},\"image\":{\"@id\":\"https:\\\/\\\/radioljubuski.ba\\\/index.php\\\/2023\\\/07\\\/17\\\/trideseta-obljetnica-pogibije-hrvatskog-branitelja-gojka-galica\\\/#primaryimage\"},\"thumbnailUrl\":\"https:\\\/\\\/radioljubuski.ba\\\/wp-content\\\/uploads\\\/2023\\\/07\\\/Foto8-1-scaled.jpg\",\"datePublished\":\"2023-07-17T07:43:05+00:00\",\"dateModified\":\"2023-07-17T09:19:17+00:00\",\"breadcrumb\":{\"@id\":\"https:\\\/\\\/radioljubuski.ba\\\/index.php\\\/2023\\\/07\\\/17\\\/trideseta-obljetnica-pogibije-hrvatskog-branitelja-gojka-galica\\\/#breadcrumb\"},\"inLanguage\":\"hr\",\"potentialAction\":[{\"@type\":\"ReadAction\",\"target\":[\"https:\\\/\\\/radioljubuski.ba\\\/index.php\\\/2023\\\/07\\\/17\\\/trideseta-obljetnica-pogibije-hrvatskog-branitelja-gojka-galica\\\/\"]}]},{\"@type\":\"ImageObject\",\"inLanguage\":\"hr\",\"@id\":\"https:\\\/\\\/radioljubuski.ba\\\/index.php\\\/2023\\\/07\\\/17\\\/trideseta-obljetnica-pogibije-hrvatskog-branitelja-gojka-galica\\\/#primaryimage\",\"url\":\"https:\\\/\\\/radioljubuski.ba\\\/wp-content\\\/uploads\\\/2023\\\/07\\\/Foto8-1-scaled.jpg\",\"contentUrl\":\"https:\\\/\\\/radioljubuski.ba\\\/wp-content\\\/uploads\\\/2023\\\/07\\\/Foto8-1-scaled.jpg\",\"width\":2560,\"height\":1152},{\"@type\":\"BreadcrumbList\",\"@id\":\"https:\\\/\\\/radioljubuski.ba\\\/index.php\\\/2023\\\/07\\\/17\\\/trideseta-obljetnica-pogibije-hrvatskog-branitelja-gojka-galica\\\/#breadcrumb\",\"itemListElement\":[{\"@type\":\"ListItem\",\"position\":1,\"name\":\"Po\u010detna stranica\",\"item\":\"https:\\\/\\\/radioljubuski.ba\\\/\"},{\"@type\":\"ListItem\",\"position\":2,\"name\":\"Trideseta obljetnica pogibije hrvatskog branitelja Gojka Gali\u0107a\"}]},{\"@type\":\"WebSite\",\"@id\":\"https:\\\/\\\/radioljubuski.ba\\\/#website\",\"url\":\"https:\\\/\\\/radioljubuski.ba\\\/\",\"name\":\"Radio Ljubu\u0161ki\",\"description\":\"Sun\u010dana frekvencija Hercegovine\",\"publisher\":{\"@id\":\"https:\\\/\\\/radioljubuski.ba\\\/#organization\"},\"potentialAction\":[{\"@type\":\"SearchAction\",\"target\":{\"@type\":\"EntryPoint\",\"urlTemplate\":\"https:\\\/\\\/radioljubuski.ba\\\/?s={search_term_string}\"},\"query-input\":{\"@type\":\"PropertyValueSpecification\",\"valueRequired\":true,\"valueName\":\"search_term_string\"}}],\"inLanguage\":\"hr\"},{\"@type\":\"Organization\",\"@id\":\"https:\\\/\\\/radioljubuski.ba\\\/#organization\",\"name\":\"Radio Ljubu\u0161ki\",\"url\":\"https:\\\/\\\/radioljubuski.ba\\\/\",\"logo\":{\"@type\":\"ImageObject\",\"inLanguage\":\"hr\",\"@id\":\"https:\\\/\\\/radioljubuski.ba\\\/#\\\/schema\\\/logo\\\/image\\\/\",\"url\":\"https:\\\/\\\/radioljubuski.ba\\\/wp-content\\\/uploads\\\/2021\\\/02\\\/cropped-Radio_Ljubuski_logo1.jpg\",\"contentUrl\":\"https:\\\/\\\/radioljubuski.ba\\\/wp-content\\\/uploads\\\/2021\\\/02\\\/cropped-Radio_Ljubuski_logo1.jpg\",\"width\":512,\"height\":512,\"caption\":\"Radio Ljubu\u0161ki\"},\"image\":{\"@id\":\"https:\\\/\\\/radioljubuski.ba\\\/#\\\/schema\\\/logo\\\/image\\\/\"},\"sameAs\":[\"https:\\\/\\\/www.facebook.com\\\/Radiio-Ljubuski-1490835324566332\",\"https:\\\/\\\/x.com\\\/radioljubuski\",\"https:\\\/\\\/hr.linkedin.com\\\/company\\\/radio-ljubuski\",\"https:\\\/\\\/www.youtube.com\\\/channel\\\/UCHYaeO_n0Db3tjNGudGpXyw\"]},{\"@type\":\"Person\",\"@id\":\"https:\\\/\\\/radioljubuski.ba\\\/#\\\/schema\\\/person\\\/19fc700381a780f69665d7956c469e3b\",\"name\":\"Radio Ljubu\u0161ki\"}]}<\/script>\n<!-- \/ Yoast SEO plugin. -->","yoast_head_json":{"title":"Trideseta obljetnica pogibije hrvatskog branitelja Gojka Gali\u0107a - RADIO LJUBU\u0160KI","robots":{"index":"index","follow":"follow","max-snippet":"max-snippet:-1","max-image-preview":"max-image-preview:large","max-video-preview":"max-video-preview:-1"},"canonical":"https:\/\/radioljubuski.ba\/index.php\/2023\/07\/17\/trideseta-obljetnica-pogibije-hrvatskog-branitelja-gojka-galica\/","og_locale":"hr_HR","og_type":"article","og_title":"Trideseta obljetnica pogibije hrvatskog branitelja Gojka Gali\u0107a - RADIO LJUBU\u0160KI","og_description":"Trideseta obljetnica pogibije hrvatskog branitelja Gojka Gali\u0107a obilje\u017eena je na iznimno dostojanstven na\u010din. Bli\u017ea obitelj, suborci i prijatelji pokojnog Gojka, 13. srpnja okupili su se kod rodne ku\u0107e na Bija\u010di, kako bi blagoslovom spomenika njemu u \u010dast, jo\u0161 jednom zahvalili branitelju koji je za svoj narod dao najvrjednije \u0161to je imao, a to je svoj [&hellip;]","og_url":"https:\/\/radioljubuski.ba\/index.php\/2023\/07\/17\/trideseta-obljetnica-pogibije-hrvatskog-branitelja-gojka-galica\/","og_site_name":"RADIO LJUBU\u0160KI","article_publisher":"https:\/\/www.facebook.com\/Radiio-Ljubuski-1490835324566332","article_published_time":"2023-07-17T07:43:05+00:00","article_modified_time":"2023-07-17T09:19:17+00:00","og_image":[{"width":2560,"height":1152,"url":"https:\/\/radioljubuski.ba\/wp-content\/uploads\/2023\/07\/Foto8-1-scaled.jpg","type":"image\/jpeg"}],"author":"Radio Ljubu\u0161ki","twitter_card":"summary_large_image","twitter_creator":"@radioljubuski","twitter_site":"@radioljubuski","twitter_misc":{"Napisao\/la":"Radio Ljubu\u0161ki","Procijenjeno vrijeme \u010ditanja":"2 minute"},"schema":{"@context":"https:\/\/schema.org","@graph":[{"@type":"Article","@id":"https:\/\/radioljubuski.ba\/index.php\/2023\/07\/17\/trideseta-obljetnica-pogibije-hrvatskog-branitelja-gojka-galica\/#article","isPartOf":{"@id":"https:\/\/radioljubuski.ba\/index.php\/2023\/07\/17\/trideseta-obljetnica-pogibije-hrvatskog-branitelja-gojka-galica\/"},"author":{"name":"Radio Ljubu\u0161ki","@id":"https:\/\/radioljubuski.ba\/#\/schema\/person\/19fc700381a780f69665d7956c469e3b"},"headline":"Trideseta obljetnica pogibije hrvatskog branitelja Gojka Gali\u0107a","datePublished":"2023-07-17T07:43:05+00:00","dateModified":"2023-07-17T09:19:17+00:00","mainEntityOfPage":{"@id":"https:\/\/radioljubuski.ba\/index.php\/2023\/07\/17\/trideseta-obljetnica-pogibije-hrvatskog-branitelja-gojka-galica\/"},"wordCount":248,"publisher":{"@id":"https:\/\/radioljubuski.ba\/#organization"},"image":{"@id":"https:\/\/radioljubuski.ba\/index.php\/2023\/07\/17\/trideseta-obljetnica-pogibije-hrvatskog-branitelja-gojka-galica\/#primaryimage"},"thumbnailUrl":"https:\/\/radioljubuski.ba\/wp-content\/uploads\/2023\/07\/Foto8-1-scaled.jpg","articleSection":["BIH i regija"],"inLanguage":"hr"},{"@type":"WebPage","@id":"https:\/\/radioljubuski.ba\/index.php\/2023\/07\/17\/trideseta-obljetnica-pogibije-hrvatskog-branitelja-gojka-galica\/","url":"https:\/\/radioljubuski.ba\/index.php\/2023\/07\/17\/trideseta-obljetnica-pogibije-hrvatskog-branitelja-gojka-galica\/","name":"Trideseta obljetnica pogibije hrvatskog branitelja Gojka Gali\u0107a - RADIO LJUBU\u0160KI","isPartOf":{"@id":"https:\/\/radioljubuski.ba\/#website"},"primaryImageOfPage":{"@id":"https:\/\/radioljubuski.ba\/index.php\/2023\/07\/17\/trideseta-obljetnica-pogibije-hrvatskog-branitelja-gojka-galica\/#primaryimage"},"image":{"@id":"https:\/\/radioljubuski.ba\/index.php\/2023\/07\/17\/trideseta-obljetnica-pogibije-hrvatskog-branitelja-gojka-galica\/#primaryimage"},"thumbnailUrl":"https:\/\/radioljubuski.ba\/wp-content\/uploads\/2023\/07\/Foto8-1-scaled.jpg","datePublished":"2023-07-17T07:43:05+00:00","dateModified":"2023-07-17T09:19:17+00:00","breadcrumb":{"@id":"https:\/\/radioljubuski.ba\/index.php\/2023\/07\/17\/trideseta-obljetnica-pogibije-hrvatskog-branitelja-gojka-galica\/#breadcrumb"},"inLanguage":"hr","potentialAction":[{"@type":"ReadAction","target":["https:\/\/radioljubuski.ba\/index.php\/2023\/07\/17\/trideseta-obljetnica-pogibije-hrvatskog-branitelja-gojka-galica\/"]}]},{"@type":"ImageObject","inLanguage":"hr","@id":"https:\/\/radioljubuski.ba\/index.php\/2023\/07\/17\/trideseta-obljetnica-pogibije-hrvatskog-branitelja-gojka-galica\/#primaryimage","url":"https:\/\/radioljubuski.ba\/wp-content\/uploads\/2023\/07\/Foto8-1-scaled.jpg","contentUrl":"https:\/\/radioljubuski.ba\/wp-content\/uploads\/2023\/07\/Foto8-1-scaled.jpg","width":2560,"height":1152},{"@type":"BreadcrumbList","@id":"https:\/\/radioljubuski.ba\/index.php\/2023\/07\/17\/trideseta-obljetnica-pogibije-hrvatskog-branitelja-gojka-galica\/#breadcrumb","itemListElement":[{"@type":"ListItem","position":1,"name":"Po\u010detna stranica","item":"https:\/\/radioljubuski.ba\/"},{"@type":"ListItem","position":2,"name":"Trideseta obljetnica pogibije hrvatskog branitelja Gojka Gali\u0107a"}]},{"@type":"WebSite","@id":"https:\/\/radioljubuski.ba\/#website","url":"https:\/\/radioljubuski.ba\/","name":"Radio Ljubu\u0161ki","description":"Sun\u010dana frekvencija Hercegovine","publisher":{"@id":"https:\/\/radioljubuski.ba\/#organization"},"potentialAction":[{"@type":"SearchAction","target":{"@type":"EntryPoint","urlTemplate":"https:\/\/radioljubuski.ba\/?s={search_term_string}"},"query-input":{"@type":"PropertyValueSpecification","valueRequired":true,"valueName":"search_term_string"}}],"inLanguage":"hr"},{"@type":"Organization","@id":"https:\/\/radioljubuski.ba\/#organization","name":"Radio Ljubu\u0161ki","url":"https:\/\/radioljubuski.ba\/","logo":{"@type":"ImageObject","inLanguage":"hr","@id":"https:\/\/radioljubuski.ba\/#\/schema\/logo\/image\/","url":"https:\/\/radioljubuski.ba\/wp-content\/uploads\/2021\/02\/cropped-Radio_Ljubuski_logo1.jpg","contentUrl":"https:\/\/radioljubuski.ba\/wp-content\/uploads\/2021\/02\/cropped-Radio_Ljubuski_logo1.jpg","width":512,"height":512,"caption":"Radio Ljubu\u0161ki"},"image":{"@id":"https:\/\/radioljubuski.ba\/#\/schema\/logo\/image\/"},"sameAs":["https:\/\/www.facebook.com\/Radiio-Ljubuski-1490835324566332","https:\/\/x.com\/radioljubuski","https:\/\/hr.linkedin.com\/company\/radio-ljubuski","https:\/\/www.youtube.com\/channel\/UCHYaeO_n0Db3tjNGudGpXyw"]},{"@type":"Person","@id":"https:\/\/radioljubuski.ba\/#\/schema\/person\/19fc700381a780f69665d7956c469e3b","name":"Radio Ljubu\u0161ki"}]}},"_links":{"self":[{"href":"https:\/\/radioljubuski.ba\/index.php\/wp-json\/wp\/v2\/posts\/192980","targetHints":{"allow":["GET"]}}],"collection":[{"href":"https:\/\/radioljubuski.ba\/index.php\/wp-json\/wp\/v2\/posts"}],"about":[{"href":"https:\/\/radioljubuski.ba\/index.php\/wp-json\/wp\/v2\/types\/post"}],"author":[{"embeddable":true,"href":"https:\/\/radioljubuski.ba\/index.php\/wp-json\/wp\/v2\/users\/2"}],"replies":[{"embeddable":true,"href":"https:\/\/radioljubuski.ba\/index.php\/wp-json\/wp\/v2\/comments?post=192980"}],"version-history":[{"count":3,"href":"https:\/\/radioljubuski.ba\/index.php\/wp-json\/wp\/v2\/posts\/192980\/revisions"}],"predecessor-version":[{"id":193016,"href":"https:\/\/radioljubuski.ba\/index.php\/wp-json\/wp\/v2\/posts\/192980\/revisions\/193016"}],"wp:featuredmedia":[{"embeddable":true,"href":"https:\/\/radioljubuski.ba\/index.php\/wp-json\/wp\/v2\/media\/192987"}],"wp:attachment":[{"href":"https:\/\/radioljubuski.ba\/index.php\/wp-json\/wp\/v2\/media?parent=192980"}],"wp:term":[{"taxonomy":"category","embeddable":true,"href":"https:\/\/radioljubuski.ba\/index.php\/wp-json\/wp\/v2\/categories?post=192980"},{"taxonomy":"post_tag","embeddable":true,"href":"https:\/\/radioljubuski.ba\/index.php\/wp-json\/wp\/v2\/tags?post=192980"}],"curies":[{"name":"wp","href":"https:\/\/api.w.org\/{rel}","templated":true}]}}