{"id":19303,"date":"2021-05-07T13:30:21","date_gmt":"2021-05-07T12:30:21","guid":{"rendered":"https:\/\/radioljubuski.ba\/?p=19303"},"modified":"2021-05-07T13:30:22","modified_gmt":"2021-05-07T12:30:22","slug":"sveti-dujam-zastitnik-splita-koje-povijesne-cinjenice-niste-znali-o-velikom-biskupu","status":"publish","type":"post","link":"https:\/\/radioljubuski.ba\/index.php\/2021\/05\/07\/sveti-dujam-zastitnik-splita-koje-povijesne-cinjenice-niste-znali-o-velikom-biskupu\/","title":{"rendered":"Sveti Dujam, za\u0161titnik Splita \u2013 koje povijesne \u010dinjenice niste znali o velikom biskupu?"},"content":{"rendered":"\n<p><strong>Na pitanje, za\u0161to se u Splitu blagdan sv. Dujma slavi 7. svibnja, a ne na dan njegova mu\u010deni\u0161tva 10. travnja, odgovor je siguran i jasan: razlozi su prakti\u010dne naravi naveli ili, to\u010dnije re\u010deno, prisilili Salonitansko-splitsku crkvu da tu veliku svetkovinu pomakne za punih 27 dana unaprijed, jer bi je ina\u010de vrlo rijetko mogli sve\u010dano slaviti.<\/strong><\/p>\n\n\n\n<p>Sv. Dujam bi prema legendarnoj srednjovjekovnoj tradiciji bio prvi salonitanski biskup. To je ta tradicija morala zastupati, kad ga je ve\u0107 proglasila u\u010denikom sv. Petra. Budu\u0107i da bi prema toj i takvoj predaji njega u Dalmaciju poslao spomenuti apostolski prvak ve\u0107 prije svoga dolaska u Rim, dok je navodno bio na \u010delu Antiohijske crkve (danas se mnogo kasnije vijesti o tobo\u017enjemu Petrovu biskupovanju u tomu sirijskom gradu ne smatraju vjerojatnima!), tvrdila je za nj da je Sirijac (Sirus origine), pi\u0161e&nbsp;<a href=\"https:\/\/smn.hr\/nadbiskupija-2\/zastitnici-nadbiskupije\/186-sveti-dujam\">Splitsko-makarska nadbiskupija<\/a><\/p>\n\n\n\n<p>Me\u0111utim, rezultati arheolo\u0161kih iskapanja u Saloni i kriti\u010dka analiza raznih hagiografskih i drugih vrela dokazuju da sv. Dujam nije mogao biti u\u010denikom sv. Petra, jer je \u017eivio u Dioklecijanovo doba te, kako je ve\u0107 spomenuto, podnio mu\u010deni\u0161tvo 10. travnja 304. Ve\u0107 je nagla\u0161eno da nije prihvatljiva ni tvrdnja da je on bio prvi salonitanski biskup, pa je i vrlo kriti\u010dki raspolo\u017eeni Buli\u0107 prvim smatrao sv. Venancija. Uvjereni smo da treba potpuno odbaciti i navodni Dujmov dolazak iz Sirije, odnosno sirijsko podrijetlo, jer njegovu pripadnost nekoj salonitanskoj obitelji \u010dini vrlo vjerojatnom to \u0161to je tu imao sinovca ili ne\u0107aka (nepos) koji se zvao Primus te bio jedan od njegovih nasljednika. \u010cinjenica da povijesna vrela potvr\u0111uju upotrebu imena Domnio u onda\u0161njoj Siriji ni\u0161ta ne dokazuje, jer imena toga i sli\u010dnih oblika tada su bila \u010desta i na rimskomu Istoku i na Zapadu, pa i u Iliriku (sirmijski biskup Domno sudjelovao je godine 325. u radu Nicejskoga I. koncila).<\/p>\n\n\n\n<p>Sigurno je samo to da je sv. Dujam prvi po imenu poznati salonitanski biskup, \u010dije je djelovanje u Saloni nedvojbeno povijesno utvr\u0111eno, te da je on ujedno i najslavniji salonitanski mu\u010denik. Njega su Salonitanci i uop\u0107e Dalmatinci toliko \u010dastili, da su s vremenom izgubili iz sje\u0107anja sve druge biskupe njegove prethodnike iz vremena skromnih po\u010detaka i polaganog razvoja svoje Crkve tijekom prvih stolje\u0107a pa stoga upravo njega povezali s apostolom Petrom. Uostalom, on je \u017eivio u vrijeme, kad je ta Crkva bila ve\u0107 zrela, vrlo brojna te dala mnoge mu\u010denike. Osim toga samo devet godina nakon njegove smrti kr\u0161\u0107anstvo je dobilo punu slobodu i jednakopravnost s rimskom i drugim religijama pa je Salonitanska crkva mogla u miru i sigurnosti razviti njegovo \u0161tovanje, uresiti mu grob i grobove nekih drugih slavnih mu\u010denika iz svoje sredine, iznad tih grobova napokon podi\u0107i velike bazilike, na vi\u0161e mjesta uklesati u kamen ili slo\u017eiti u mozaiku njihova imena pa im tako zauvijek sa\u010duvati uspomenu. Tako je glas 0 Dujmovu mu\u010deni\u0161tvu i \u0161tovanju lak\u0161e i br\u017ee dopro u druge pokrajine Rimskoga Carstva, pa nije ni\u0161ta neobi\u010dno \u0161to je njegov spomendan unesen u Jeronimski martirologij (Martyrologium Hieronymianum). Taj je vrlo stari liturgijski spis \u2013 zapravo kalendar s kratkim podacima o naj\u0161tovanijim svetim mu\u010denicima iz svih zemalja i krajeva prema danima njihova mu\u010deni\u0161tva \u2013 nastao sredinom 4. stolje\u0107a, ali mu se nije sa\u010duvao original nego za \u010ditavo stolje\u0107e mla\u0111a prerada, a i ta u vi\u0161e razli\u010ditih rukopisa s nekim varijantama. Postoji i sirijski prijevod toga Martirologija iz godine 412., takozvani Breviarium Siriacum.<\/p>\n\n\n\n<p>Nad Dujmovim su grobom kr\u0161\u0107ani nakon prestanka progona najprije podigli manju spomen kapelu (cella memoriae), zatim skromnu crkvu i napokon na po\u010detku 5. stolje\u0107a veliku trobrodnu baziliku. U blizini mu\u010denikova groba ukapani su poslije salonitanski biskupi. Jedan od tih bio je i njegov sinovac ili ne\u0107ak ve\u0107 spomenuti Primus na \u010diji je sarkofag uklesan sljede\u0107i natpis sastavljen na pu\u010dkomu (nepravilnom) latinskomu jeziku: \u00bbPolo\u017een Primus biskup 21. sije\u010dnja, sinovac\/ne\u0107ak Dujma mu\u010denika\u00ab (DEPOSITUS PRIMVS EPISCOPVS XII KAL. FEBR. NEPOS DOMNIONES MARTORES). Tu u blizini na\u0111eni su natpisi sedmorice biskupa, jednog korepiskopa, triju sve\u0107enika, dvaju \u0111akona, dvaju sub\u0111akona, jednoga crkvenog vratara (ostiarius) i jedne opatice. Od polovice 5. stolje\u0107a biskupi se vi\u0161e nisu ukapali tu nego blizini groba mu\u010denika sv. Anastazija na Marusincu. U i oko nadgrobne bazilike na Manastirinama ukopano je poslije vrlo mnogo salonitanskih kr\u0161\u0107ana, pa je tu prona\u0111eno i vi\u0161e stotina njihovih nadgrobnih natpisa, a istra\u017eeno \u010dak oko tisu\u0107u grobova razli\u010ditih oblika.<\/p>\n\n\n\n<p>Kako su relikvije sv. Dujma u 7. stolje\u0107u bile prenesene u Rim, a Spli\u0107ani kosti toga mu\u010denika \u0161tovali u svojoj katedrali; uz to legendarna tradicija govorila o sv. Dujmu kao u\u010deniku sv. Petra mu\u010denomu za cara Trajana, a neka vrela kao mu\u010deniku toga imena iz Dioklecijanova vremena, neki su, na primjer u svoje doba Toma Arhi\u0111akon, poku\u0161ali te suprotne vijesti pomiriti tako da su pribjegli pretpostavci o dva Dujma sli\u010dna, a ne istog imena, Domnija i Domniona, od kojih bi prvi bio Petrov u\u010denik te bio pogubljen u Trajanovu progonu, a drugi Dioklecijanov dvor-janik pogubljen u njegovu progonu. Kosti bi prvoga bile prenesene iz Salone u Split, a drugi bi bio pogubljen u Italiji pa njegove kosti prenesene u Rim. Prema tomu poku\u0161aju pu\u010dkoga tuma\u010denja do zabune bi do\u0161lo navodno zbog sli\u010dnosti imena Domnius i Domnio. Neki su takva tuma\u010denja poku\u0161ali braniti i u spomenutim raspravama vo\u0111enim po\u010detkom 20. stolje\u0107a, ali ih je povijesna znanost sasvim odbacila.<\/p>\n\n\n\n<p>Na pitanje, za\u0161to se u Splitu blagdan sv. Dujma slavi 7. svibnja, a ne na dan njegova mu\u010deni\u0161tva 10. travnja, odgovor je siguran i jasan: razlozi su prakti\u010dne naravi naveli ili, to\u010dnije re\u010deno, prisilili Salonitansko-splitsku crkvu da tu veliku svetkovinu pomakne za punih 27 dana unaprijed, jer bi je ina\u010de vrlo rijetko mogli sve\u010dano slaviti. Deseti dan mjeseca travnja, naime, zbog pomi\u010dnosti najve\u0107ega kr\u0161\u0107anskoga blagdana Uskrsnu\u0107a Gospodinova, \u010desto bude u korizmi, u velikom tjednu ili u uskrsnoj osmini, kad liturgijski nije mogu\u0107e sve\u010dano slaviti sveca, pogotovo, ako ta proslava uklju\u010duje i nekoliko dana za pripremne molitvene skupove i sve\u010danosti.<\/p>\n\n\n\n<p><em>Izvor: narod.hr<\/em><\/p>\n","protected":false},"excerpt":{"rendered":"<p>Na pitanje, za\u0161to se u Splitu blagdan sv. Dujma slavi 7. svibnja, a ne na dan njegova mu\u010deni\u0161tva 10. travnja, odgovor je siguran i jasan: razlozi su prakti\u010dne naravi naveli ili, to\u010dnije re\u010deno, prisilili Salonitansko-splitsku crkvu da tu veliku svetkovinu pomakne za punih 27 dana unaprijed, jer bi je ina\u010de vrlo rijetko mogli sve\u010dano slaviti. [&hellip;]<\/p>\n","protected":false},"author":2,"featured_media":19304,"comment_status":"closed","ping_status":"closed","sticky":false,"template":"","format":"standard","meta":{"h5ap_radio_sources":[],"footnotes":""},"categories":[1],"tags":[],"class_list":["post-19303","post","type-post","status-publish","format-standard","has-post-thumbnail","hentry","category-bihiregija"],"yoast_head":"<!-- This site is optimized with the Yoast SEO plugin v27.5 - https:\/\/yoast.com\/product\/yoast-seo-wordpress\/ -->\n<title>Sveti Dujam, za\u0161titnik Splita \u2013 koje povijesne \u010dinjenice niste znali o velikom biskupu? - RADIO LJUBU\u0160KI<\/title>\n<meta name=\"robots\" content=\"index, follow, max-snippet:-1, max-image-preview:large, max-video-preview:-1\" \/>\n<link rel=\"canonical\" href=\"https:\/\/radioljubuski.ba\/index.php\/2021\/05\/07\/sveti-dujam-zastitnik-splita-koje-povijesne-cinjenice-niste-znali-o-velikom-biskupu\/\" \/>\n<meta property=\"og:locale\" content=\"hr_HR\" \/>\n<meta property=\"og:type\" content=\"article\" \/>\n<meta property=\"og:title\" content=\"Sveti Dujam, za\u0161titnik Splita \u2013 koje povijesne \u010dinjenice niste znali o velikom biskupu? - RADIO LJUBU\u0160KI\" \/>\n<meta property=\"og:description\" content=\"Na pitanje, za\u0161to se u Splitu blagdan sv. Dujma slavi 7. svibnja, a ne na dan njegova mu\u010deni\u0161tva 10. travnja, odgovor je siguran i jasan: razlozi su prakti\u010dne naravi naveli ili, to\u010dnije re\u010deno, prisilili Salonitansko-splitsku crkvu da tu veliku svetkovinu pomakne za punih 27 dana unaprijed, jer bi je ina\u010de vrlo rijetko mogli sve\u010dano slaviti. [&hellip;]\" \/>\n<meta property=\"og:url\" content=\"https:\/\/radioljubuski.ba\/index.php\/2021\/05\/07\/sveti-dujam-zastitnik-splita-koje-povijesne-cinjenice-niste-znali-o-velikom-biskupu\/\" \/>\n<meta property=\"og:site_name\" content=\"RADIO LJUBU\u0160KI\" \/>\n<meta property=\"article:publisher\" content=\"https:\/\/www.facebook.com\/Radiio-Ljubuski-1490835324566332\" \/>\n<meta property=\"article:published_time\" content=\"2021-05-07T12:30:21+00:00\" \/>\n<meta property=\"article:modified_time\" content=\"2021-05-07T12:30:22+00:00\" \/>\n<meta property=\"og:image\" content=\"https:\/\/radioljubuski.ba\/wp-content\/uploads\/2021\/05\/sveti-Duje-web-696x576-1.jpg\" \/>\n\t<meta property=\"og:image:width\" content=\"696\" \/>\n\t<meta property=\"og:image:height\" content=\"576\" \/>\n\t<meta property=\"og:image:type\" content=\"image\/jpeg\" \/>\n<meta name=\"author\" content=\"Radio Ljubu\u0161ki\" \/>\n<meta name=\"twitter:card\" content=\"summary_large_image\" \/>\n<meta name=\"twitter:creator\" content=\"@radioljubuski\" \/>\n<meta name=\"twitter:site\" content=\"@radioljubuski\" \/>\n<meta name=\"twitter:label1\" content=\"Napisao\/la\" \/>\n\t<meta name=\"twitter:data1\" content=\"Radio Ljubu\u0161ki\" \/>\n\t<meta name=\"twitter:label2\" content=\"Procijenjeno vrijeme \u010ditanja\" \/>\n\t<meta name=\"twitter:data2\" content=\"5 minuta\" \/>\n<script type=\"application\/ld+json\" class=\"yoast-schema-graph\">{\"@context\":\"https:\\\/\\\/schema.org\",\"@graph\":[{\"@type\":\"Article\",\"@id\":\"https:\\\/\\\/radioljubuski.ba\\\/index.php\\\/2021\\\/05\\\/07\\\/sveti-dujam-zastitnik-splita-koje-povijesne-cinjenice-niste-znali-o-velikom-biskupu\\\/#article\",\"isPartOf\":{\"@id\":\"https:\\\/\\\/radioljubuski.ba\\\/index.php\\\/2021\\\/05\\\/07\\\/sveti-dujam-zastitnik-splita-koje-povijesne-cinjenice-niste-znali-o-velikom-biskupu\\\/\"},\"author\":{\"name\":\"Radio Ljubu\u0161ki\",\"@id\":\"https:\\\/\\\/radioljubuski.ba\\\/#\\\/schema\\\/person\\\/19fc700381a780f69665d7956c469e3b\"},\"headline\":\"Sveti Dujam, za\u0161titnik Splita \u2013 koje povijesne \u010dinjenice niste znali o velikom biskupu?\",\"datePublished\":\"2021-05-07T12:30:21+00:00\",\"dateModified\":\"2021-05-07T12:30:22+00:00\",\"mainEntityOfPage\":{\"@id\":\"https:\\\/\\\/radioljubuski.ba\\\/index.php\\\/2021\\\/05\\\/07\\\/sveti-dujam-zastitnik-splita-koje-povijesne-cinjenice-niste-znali-o-velikom-biskupu\\\/\"},\"wordCount\":1068,\"publisher\":{\"@id\":\"https:\\\/\\\/radioljubuski.ba\\\/#organization\"},\"image\":{\"@id\":\"https:\\\/\\\/radioljubuski.ba\\\/index.php\\\/2021\\\/05\\\/07\\\/sveti-dujam-zastitnik-splita-koje-povijesne-cinjenice-niste-znali-o-velikom-biskupu\\\/#primaryimage\"},\"thumbnailUrl\":\"https:\\\/\\\/radioljubuski.ba\\\/wp-content\\\/uploads\\\/2021\\\/05\\\/sveti-Duje-web-696x576-1.jpg\",\"articleSection\":[\"BIH i regija\"],\"inLanguage\":\"hr\"},{\"@type\":\"WebPage\",\"@id\":\"https:\\\/\\\/radioljubuski.ba\\\/index.php\\\/2021\\\/05\\\/07\\\/sveti-dujam-zastitnik-splita-koje-povijesne-cinjenice-niste-znali-o-velikom-biskupu\\\/\",\"url\":\"https:\\\/\\\/radioljubuski.ba\\\/index.php\\\/2021\\\/05\\\/07\\\/sveti-dujam-zastitnik-splita-koje-povijesne-cinjenice-niste-znali-o-velikom-biskupu\\\/\",\"name\":\"Sveti Dujam, za\u0161titnik Splita \u2013 koje povijesne \u010dinjenice niste znali o velikom biskupu? - RADIO LJUBU\u0160KI\",\"isPartOf\":{\"@id\":\"https:\\\/\\\/radioljubuski.ba\\\/#website\"},\"primaryImageOfPage\":{\"@id\":\"https:\\\/\\\/radioljubuski.ba\\\/index.php\\\/2021\\\/05\\\/07\\\/sveti-dujam-zastitnik-splita-koje-povijesne-cinjenice-niste-znali-o-velikom-biskupu\\\/#primaryimage\"},\"image\":{\"@id\":\"https:\\\/\\\/radioljubuski.ba\\\/index.php\\\/2021\\\/05\\\/07\\\/sveti-dujam-zastitnik-splita-koje-povijesne-cinjenice-niste-znali-o-velikom-biskupu\\\/#primaryimage\"},\"thumbnailUrl\":\"https:\\\/\\\/radioljubuski.ba\\\/wp-content\\\/uploads\\\/2021\\\/05\\\/sveti-Duje-web-696x576-1.jpg\",\"datePublished\":\"2021-05-07T12:30:21+00:00\",\"dateModified\":\"2021-05-07T12:30:22+00:00\",\"breadcrumb\":{\"@id\":\"https:\\\/\\\/radioljubuski.ba\\\/index.php\\\/2021\\\/05\\\/07\\\/sveti-dujam-zastitnik-splita-koje-povijesne-cinjenice-niste-znali-o-velikom-biskupu\\\/#breadcrumb\"},\"inLanguage\":\"hr\",\"potentialAction\":[{\"@type\":\"ReadAction\",\"target\":[\"https:\\\/\\\/radioljubuski.ba\\\/index.php\\\/2021\\\/05\\\/07\\\/sveti-dujam-zastitnik-splita-koje-povijesne-cinjenice-niste-znali-o-velikom-biskupu\\\/\"]}]},{\"@type\":\"ImageObject\",\"inLanguage\":\"hr\",\"@id\":\"https:\\\/\\\/radioljubuski.ba\\\/index.php\\\/2021\\\/05\\\/07\\\/sveti-dujam-zastitnik-splita-koje-povijesne-cinjenice-niste-znali-o-velikom-biskupu\\\/#primaryimage\",\"url\":\"https:\\\/\\\/radioljubuski.ba\\\/wp-content\\\/uploads\\\/2021\\\/05\\\/sveti-Duje-web-696x576-1.jpg\",\"contentUrl\":\"https:\\\/\\\/radioljubuski.ba\\\/wp-content\\\/uploads\\\/2021\\\/05\\\/sveti-Duje-web-696x576-1.jpg\",\"width\":696,\"height\":576},{\"@type\":\"BreadcrumbList\",\"@id\":\"https:\\\/\\\/radioljubuski.ba\\\/index.php\\\/2021\\\/05\\\/07\\\/sveti-dujam-zastitnik-splita-koje-povijesne-cinjenice-niste-znali-o-velikom-biskupu\\\/#breadcrumb\",\"itemListElement\":[{\"@type\":\"ListItem\",\"position\":1,\"name\":\"Po\u010detna stranica\",\"item\":\"https:\\\/\\\/radioljubuski.ba\\\/\"},{\"@type\":\"ListItem\",\"position\":2,\"name\":\"Sveti Dujam, za\u0161titnik Splita \u2013 koje povijesne \u010dinjenice niste znali o velikom biskupu?\"}]},{\"@type\":\"WebSite\",\"@id\":\"https:\\\/\\\/radioljubuski.ba\\\/#website\",\"url\":\"https:\\\/\\\/radioljubuski.ba\\\/\",\"name\":\"Radio Ljubu\u0161ki\",\"description\":\"Sun\u010dana frekvencija Hercegovine\",\"publisher\":{\"@id\":\"https:\\\/\\\/radioljubuski.ba\\\/#organization\"},\"potentialAction\":[{\"@type\":\"SearchAction\",\"target\":{\"@type\":\"EntryPoint\",\"urlTemplate\":\"https:\\\/\\\/radioljubuski.ba\\\/?s={search_term_string}\"},\"query-input\":{\"@type\":\"PropertyValueSpecification\",\"valueRequired\":true,\"valueName\":\"search_term_string\"}}],\"inLanguage\":\"hr\"},{\"@type\":\"Organization\",\"@id\":\"https:\\\/\\\/radioljubuski.ba\\\/#organization\",\"name\":\"Radio Ljubu\u0161ki\",\"url\":\"https:\\\/\\\/radioljubuski.ba\\\/\",\"logo\":{\"@type\":\"ImageObject\",\"inLanguage\":\"hr\",\"@id\":\"https:\\\/\\\/radioljubuski.ba\\\/#\\\/schema\\\/logo\\\/image\\\/\",\"url\":\"https:\\\/\\\/radioljubuski.ba\\\/wp-content\\\/uploads\\\/2021\\\/02\\\/cropped-Radio_Ljubuski_logo1.jpg\",\"contentUrl\":\"https:\\\/\\\/radioljubuski.ba\\\/wp-content\\\/uploads\\\/2021\\\/02\\\/cropped-Radio_Ljubuski_logo1.jpg\",\"width\":512,\"height\":512,\"caption\":\"Radio Ljubu\u0161ki\"},\"image\":{\"@id\":\"https:\\\/\\\/radioljubuski.ba\\\/#\\\/schema\\\/logo\\\/image\\\/\"},\"sameAs\":[\"https:\\\/\\\/www.facebook.com\\\/Radiio-Ljubuski-1490835324566332\",\"https:\\\/\\\/x.com\\\/radioljubuski\",\"https:\\\/\\\/hr.linkedin.com\\\/company\\\/radio-ljubuski\",\"https:\\\/\\\/www.youtube.com\\\/channel\\\/UCHYaeO_n0Db3tjNGudGpXyw\"]},{\"@type\":\"Person\",\"@id\":\"https:\\\/\\\/radioljubuski.ba\\\/#\\\/schema\\\/person\\\/19fc700381a780f69665d7956c469e3b\",\"name\":\"Radio Ljubu\u0161ki\"}]}<\/script>\n<!-- \/ Yoast SEO plugin. -->","yoast_head_json":{"title":"Sveti Dujam, za\u0161titnik Splita \u2013 koje povijesne \u010dinjenice niste znali o velikom biskupu? - RADIO LJUBU\u0160KI","robots":{"index":"index","follow":"follow","max-snippet":"max-snippet:-1","max-image-preview":"max-image-preview:large","max-video-preview":"max-video-preview:-1"},"canonical":"https:\/\/radioljubuski.ba\/index.php\/2021\/05\/07\/sveti-dujam-zastitnik-splita-koje-povijesne-cinjenice-niste-znali-o-velikom-biskupu\/","og_locale":"hr_HR","og_type":"article","og_title":"Sveti Dujam, za\u0161titnik Splita \u2013 koje povijesne \u010dinjenice niste znali o velikom biskupu? - RADIO LJUBU\u0160KI","og_description":"Na pitanje, za\u0161to se u Splitu blagdan sv. Dujma slavi 7. svibnja, a ne na dan njegova mu\u010deni\u0161tva 10. travnja, odgovor je siguran i jasan: razlozi su prakti\u010dne naravi naveli ili, to\u010dnije re\u010deno, prisilili Salonitansko-splitsku crkvu da tu veliku svetkovinu pomakne za punih 27 dana unaprijed, jer bi je ina\u010de vrlo rijetko mogli sve\u010dano slaviti. [&hellip;]","og_url":"https:\/\/radioljubuski.ba\/index.php\/2021\/05\/07\/sveti-dujam-zastitnik-splita-koje-povijesne-cinjenice-niste-znali-o-velikom-biskupu\/","og_site_name":"RADIO LJUBU\u0160KI","article_publisher":"https:\/\/www.facebook.com\/Radiio-Ljubuski-1490835324566332","article_published_time":"2021-05-07T12:30:21+00:00","article_modified_time":"2021-05-07T12:30:22+00:00","og_image":[{"width":696,"height":576,"url":"https:\/\/radioljubuski.ba\/wp-content\/uploads\/2021\/05\/sveti-Duje-web-696x576-1.jpg","type":"image\/jpeg"}],"author":"Radio Ljubu\u0161ki","twitter_card":"summary_large_image","twitter_creator":"@radioljubuski","twitter_site":"@radioljubuski","twitter_misc":{"Napisao\/la":"Radio Ljubu\u0161ki","Procijenjeno vrijeme \u010ditanja":"5 minuta"},"schema":{"@context":"https:\/\/schema.org","@graph":[{"@type":"Article","@id":"https:\/\/radioljubuski.ba\/index.php\/2021\/05\/07\/sveti-dujam-zastitnik-splita-koje-povijesne-cinjenice-niste-znali-o-velikom-biskupu\/#article","isPartOf":{"@id":"https:\/\/radioljubuski.ba\/index.php\/2021\/05\/07\/sveti-dujam-zastitnik-splita-koje-povijesne-cinjenice-niste-znali-o-velikom-biskupu\/"},"author":{"name":"Radio Ljubu\u0161ki","@id":"https:\/\/radioljubuski.ba\/#\/schema\/person\/19fc700381a780f69665d7956c469e3b"},"headline":"Sveti Dujam, za\u0161titnik Splita \u2013 koje povijesne \u010dinjenice niste znali o velikom biskupu?","datePublished":"2021-05-07T12:30:21+00:00","dateModified":"2021-05-07T12:30:22+00:00","mainEntityOfPage":{"@id":"https:\/\/radioljubuski.ba\/index.php\/2021\/05\/07\/sveti-dujam-zastitnik-splita-koje-povijesne-cinjenice-niste-znali-o-velikom-biskupu\/"},"wordCount":1068,"publisher":{"@id":"https:\/\/radioljubuski.ba\/#organization"},"image":{"@id":"https:\/\/radioljubuski.ba\/index.php\/2021\/05\/07\/sveti-dujam-zastitnik-splita-koje-povijesne-cinjenice-niste-znali-o-velikom-biskupu\/#primaryimage"},"thumbnailUrl":"https:\/\/radioljubuski.ba\/wp-content\/uploads\/2021\/05\/sveti-Duje-web-696x576-1.jpg","articleSection":["BIH i regija"],"inLanguage":"hr"},{"@type":"WebPage","@id":"https:\/\/radioljubuski.ba\/index.php\/2021\/05\/07\/sveti-dujam-zastitnik-splita-koje-povijesne-cinjenice-niste-znali-o-velikom-biskupu\/","url":"https:\/\/radioljubuski.ba\/index.php\/2021\/05\/07\/sveti-dujam-zastitnik-splita-koje-povijesne-cinjenice-niste-znali-o-velikom-biskupu\/","name":"Sveti Dujam, za\u0161titnik Splita \u2013 koje povijesne \u010dinjenice niste znali o velikom biskupu? - RADIO LJUBU\u0160KI","isPartOf":{"@id":"https:\/\/radioljubuski.ba\/#website"},"primaryImageOfPage":{"@id":"https:\/\/radioljubuski.ba\/index.php\/2021\/05\/07\/sveti-dujam-zastitnik-splita-koje-povijesne-cinjenice-niste-znali-o-velikom-biskupu\/#primaryimage"},"image":{"@id":"https:\/\/radioljubuski.ba\/index.php\/2021\/05\/07\/sveti-dujam-zastitnik-splita-koje-povijesne-cinjenice-niste-znali-o-velikom-biskupu\/#primaryimage"},"thumbnailUrl":"https:\/\/radioljubuski.ba\/wp-content\/uploads\/2021\/05\/sveti-Duje-web-696x576-1.jpg","datePublished":"2021-05-07T12:30:21+00:00","dateModified":"2021-05-07T12:30:22+00:00","breadcrumb":{"@id":"https:\/\/radioljubuski.ba\/index.php\/2021\/05\/07\/sveti-dujam-zastitnik-splita-koje-povijesne-cinjenice-niste-znali-o-velikom-biskupu\/#breadcrumb"},"inLanguage":"hr","potentialAction":[{"@type":"ReadAction","target":["https:\/\/radioljubuski.ba\/index.php\/2021\/05\/07\/sveti-dujam-zastitnik-splita-koje-povijesne-cinjenice-niste-znali-o-velikom-biskupu\/"]}]},{"@type":"ImageObject","inLanguage":"hr","@id":"https:\/\/radioljubuski.ba\/index.php\/2021\/05\/07\/sveti-dujam-zastitnik-splita-koje-povijesne-cinjenice-niste-znali-o-velikom-biskupu\/#primaryimage","url":"https:\/\/radioljubuski.ba\/wp-content\/uploads\/2021\/05\/sveti-Duje-web-696x576-1.jpg","contentUrl":"https:\/\/radioljubuski.ba\/wp-content\/uploads\/2021\/05\/sveti-Duje-web-696x576-1.jpg","width":696,"height":576},{"@type":"BreadcrumbList","@id":"https:\/\/radioljubuski.ba\/index.php\/2021\/05\/07\/sveti-dujam-zastitnik-splita-koje-povijesne-cinjenice-niste-znali-o-velikom-biskupu\/#breadcrumb","itemListElement":[{"@type":"ListItem","position":1,"name":"Po\u010detna stranica","item":"https:\/\/radioljubuski.ba\/"},{"@type":"ListItem","position":2,"name":"Sveti Dujam, za\u0161titnik Splita \u2013 koje povijesne \u010dinjenice niste znali o velikom biskupu?"}]},{"@type":"WebSite","@id":"https:\/\/radioljubuski.ba\/#website","url":"https:\/\/radioljubuski.ba\/","name":"Radio Ljubu\u0161ki","description":"Sun\u010dana frekvencija Hercegovine","publisher":{"@id":"https:\/\/radioljubuski.ba\/#organization"},"potentialAction":[{"@type":"SearchAction","target":{"@type":"EntryPoint","urlTemplate":"https:\/\/radioljubuski.ba\/?s={search_term_string}"},"query-input":{"@type":"PropertyValueSpecification","valueRequired":true,"valueName":"search_term_string"}}],"inLanguage":"hr"},{"@type":"Organization","@id":"https:\/\/radioljubuski.ba\/#organization","name":"Radio Ljubu\u0161ki","url":"https:\/\/radioljubuski.ba\/","logo":{"@type":"ImageObject","inLanguage":"hr","@id":"https:\/\/radioljubuski.ba\/#\/schema\/logo\/image\/","url":"https:\/\/radioljubuski.ba\/wp-content\/uploads\/2021\/02\/cropped-Radio_Ljubuski_logo1.jpg","contentUrl":"https:\/\/radioljubuski.ba\/wp-content\/uploads\/2021\/02\/cropped-Radio_Ljubuski_logo1.jpg","width":512,"height":512,"caption":"Radio Ljubu\u0161ki"},"image":{"@id":"https:\/\/radioljubuski.ba\/#\/schema\/logo\/image\/"},"sameAs":["https:\/\/www.facebook.com\/Radiio-Ljubuski-1490835324566332","https:\/\/x.com\/radioljubuski","https:\/\/hr.linkedin.com\/company\/radio-ljubuski","https:\/\/www.youtube.com\/channel\/UCHYaeO_n0Db3tjNGudGpXyw"]},{"@type":"Person","@id":"https:\/\/radioljubuski.ba\/#\/schema\/person\/19fc700381a780f69665d7956c469e3b","name":"Radio Ljubu\u0161ki"}]}},"_links":{"self":[{"href":"https:\/\/radioljubuski.ba\/index.php\/wp-json\/wp\/v2\/posts\/19303","targetHints":{"allow":["GET"]}}],"collection":[{"href":"https:\/\/radioljubuski.ba\/index.php\/wp-json\/wp\/v2\/posts"}],"about":[{"href":"https:\/\/radioljubuski.ba\/index.php\/wp-json\/wp\/v2\/types\/post"}],"author":[{"embeddable":true,"href":"https:\/\/radioljubuski.ba\/index.php\/wp-json\/wp\/v2\/users\/2"}],"replies":[{"embeddable":true,"href":"https:\/\/radioljubuski.ba\/index.php\/wp-json\/wp\/v2\/comments?post=19303"}],"version-history":[{"count":1,"href":"https:\/\/radioljubuski.ba\/index.php\/wp-json\/wp\/v2\/posts\/19303\/revisions"}],"predecessor-version":[{"id":19305,"href":"https:\/\/radioljubuski.ba\/index.php\/wp-json\/wp\/v2\/posts\/19303\/revisions\/19305"}],"wp:featuredmedia":[{"embeddable":true,"href":"https:\/\/radioljubuski.ba\/index.php\/wp-json\/wp\/v2\/media\/19304"}],"wp:attachment":[{"href":"https:\/\/radioljubuski.ba\/index.php\/wp-json\/wp\/v2\/media?parent=19303"}],"wp:term":[{"taxonomy":"category","embeddable":true,"href":"https:\/\/radioljubuski.ba\/index.php\/wp-json\/wp\/v2\/categories?post=19303"},{"taxonomy":"post_tag","embeddable":true,"href":"https:\/\/radioljubuski.ba\/index.php\/wp-json\/wp\/v2\/tags?post=19303"}],"curies":[{"name":"wp","href":"https:\/\/api.w.org\/{rel}","templated":true}]}}