{"id":19320,"date":"2021-05-07T13:40:30","date_gmt":"2021-05-07T12:40:30","guid":{"rendered":"https:\/\/radioljubuski.ba\/?p=19320"},"modified":"2021-05-07T13:40:31","modified_gmt":"2021-05-07T12:40:31","slug":"povlaci-se-proizvod-zbog-pesticida-predstavlja-ozbiljan-rizik","status":"publish","type":"post","link":"https:\/\/radioljubuski.ba\/index.php\/2021\/05\/07\/povlaci-se-proizvod-zbog-pesticida-predstavlja-ozbiljan-rizik\/","title":{"rendered":"Povla\u010di se proizvod zbog pesticida, predstavlja ozbiljan rizik"},"content":{"rendered":"\n<p>Etilen oksid u Psyllium prahu iz Sjedinjenih Dr\u017eava, sirovine iz Indije, povla\u010di se s tr\u017ei\u0161ta.<\/p>\n\n\n\n<p>U sirovini za proizvodnju dodatka prehrani naziva 24hr Detox day-night, LOT F03668, utvr\u0111en je pesticid etilen oksid.<\/p>\n\n\n\n<p>Proizvod nije u skladu s Uredbom (EZ) br. 396\/2005 Europskog parlamenta i Vije\u0107a od 23. velja\u010de 2005. o maksimalnim razinama ostataka pesticida u ili na hrani i hrani za \u017eivotinje biljnog i \u017eivotinjskog podrijetla i o izmjeni Direktive Vije\u0107a 91\/414\/EEZ i Uredbom 178\/2002 o utvr\u0111ivanju op\u0107ih na\u010dela i uvjeta zakona o hrani, osnivanju Europske agencije za sigurnost hrane te utvr\u0111ivanju postupaka u podru\u010djima sigurnosti hrane.<\/p>\n\n\n\n<p>Proizvod je bio dostupan putem internetske prodaje na sljede\u0107oj poveznici https:\/\/www.bodyandfit.com\/<\/p>\n\n\n\n<p>Referenca: 2021.1929<br>Datum slu\u010daja: 16.04.2021<br>Zadnja izmjena: 06.05.2021<br>Kategorija proizvoda: dijetalna hrana, dodaci prehrani, hrana oboga\u0107ena nutrijentima<br>Rizik: ozbiljan<br>Tip obavijesti: Hitna obavijest<br>Radnja izvr\u0161ena: opoziv\/povla\u010denje od potro\u0161a\u010da<br>Status distribucije: distribucija u druge zemlje \u010dlanice<br>Proizvod: 24hr Detox day-night<br>Proizvo\u0111a\u010d: Aminolabs BV, Hasselt, Belgija<br>Serija: LOT F03668<br>Stavlja na tr\u017ei\u0161te: Body &amp;Fit Shop, Heerenveen, Nizozemska<br>Objavljeno u RASFF potro\u0161a\u010dkom portalu: objavljeno<br>Objavljeno na stranicama HAPIH-a: objavljeno<br>Zemlja prijave: Belgija<br>Porijeklo: Belgija<br>Distribuirano: Hrvatska, Nizozemska<\/p>\n\n\n\n<p>Izvor:N1<\/p>\n","protected":false},"excerpt":{"rendered":"<p>Etilen oksid u Psyllium prahu iz Sjedinjenih Dr\u017eava, sirovine iz Indije, povla\u010di se s tr\u017ei\u0161ta. U sirovini za proizvodnju dodatka prehrani naziva 24hr Detox day-night, LOT F03668, utvr\u0111en je pesticid etilen oksid. Proizvod nije u skladu s Uredbom (EZ) br. 396\/2005 Europskog parlamenta i Vije\u0107a od 23. velja\u010de 2005. o maksimalnim razinama ostataka pesticida u [&hellip;]<\/p>\n","protected":false},"author":2,"featured_media":19321,"comment_status":"closed","ping_status":"closed","sticky":false,"template":"","format":"standard","meta":{"h5ap_radio_sources":[],"footnotes":""},"categories":[1],"tags":[],"class_list":["post-19320","post","type-post","status-publish","format-standard","has-post-thumbnail","hentry","category-bihiregija"],"yoast_head":"<!-- This site is optimized with the Yoast SEO plugin v27.5 - https:\/\/yoast.com\/product\/yoast-seo-wordpress\/ -->\n<title>Povla\u010di se proizvod zbog pesticida, predstavlja ozbiljan rizik - RADIO LJUBU\u0160KI<\/title>\n<meta name=\"robots\" content=\"index, follow, max-snippet:-1, max-image-preview:large, max-video-preview:-1\" \/>\n<link rel=\"canonical\" href=\"https:\/\/radioljubuski.ba\/index.php\/2021\/05\/07\/povlaci-se-proizvod-zbog-pesticida-predstavlja-ozbiljan-rizik\/\" \/>\n<meta property=\"og:locale\" content=\"hr_HR\" \/>\n<meta property=\"og:type\" content=\"article\" \/>\n<meta property=\"og:title\" content=\"Povla\u010di se proizvod zbog pesticida, predstavlja ozbiljan rizik - RADIO LJUBU\u0160KI\" \/>\n<meta property=\"og:description\" content=\"Etilen oksid u Psyllium prahu iz Sjedinjenih Dr\u017eava, sirovine iz Indije, povla\u010di se s tr\u017ei\u0161ta. U sirovini za proizvodnju dodatka prehrani naziva 24hr Detox day-night, LOT F03668, utvr\u0111en je pesticid etilen oksid. Proizvod nije u skladu s Uredbom (EZ) br. 396\/2005 Europskog parlamenta i Vije\u0107a od 23. velja\u010de 2005. o maksimalnim razinama ostataka pesticida u [&hellip;]\" \/>\n<meta property=\"og:url\" content=\"https:\/\/radioljubuski.ba\/index.php\/2021\/05\/07\/povlaci-se-proizvod-zbog-pesticida-predstavlja-ozbiljan-rizik\/\" \/>\n<meta property=\"og:site_name\" content=\"RADIO LJUBU\u0160KI\" \/>\n<meta property=\"article:publisher\" content=\"https:\/\/www.facebook.com\/Radiio-Ljubuski-1490835324566332\" \/>\n<meta property=\"article:published_time\" content=\"2021-05-07T12:40:30+00:00\" \/>\n<meta property=\"article:modified_time\" content=\"2021-05-07T12:40:31+00:00\" \/>\n<meta property=\"og:image\" content=\"https:\/\/radioljubuski.ba\/wp-content\/uploads\/2021\/05\/9-2021-05-07-08-06-34-ilustr.jpg\" \/>\n\t<meta property=\"og:image:width\" content=\"1000\" \/>\n\t<meta property=\"og:image:height\" content=\"625\" \/>\n\t<meta property=\"og:image:type\" content=\"image\/jpeg\" \/>\n<meta name=\"author\" content=\"Radio Ljubu\u0161ki\" \/>\n<meta name=\"twitter:card\" content=\"summary_large_image\" \/>\n<meta name=\"twitter:creator\" content=\"@radioljubuski\" \/>\n<meta name=\"twitter:site\" content=\"@radioljubuski\" \/>\n<meta name=\"twitter:label1\" content=\"Napisao\/la\" \/>\n\t<meta name=\"twitter:data1\" content=\"Radio Ljubu\u0161ki\" \/>\n\t<meta name=\"twitter:label2\" content=\"Procijenjeno vrijeme \u010ditanja\" \/>\n\t<meta name=\"twitter:data2\" content=\"1 minuta\" \/>\n<script type=\"application\/ld+json\" class=\"yoast-schema-graph\">{\"@context\":\"https:\\\/\\\/schema.org\",\"@graph\":[{\"@type\":\"Article\",\"@id\":\"https:\\\/\\\/radioljubuski.ba\\\/index.php\\\/2021\\\/05\\\/07\\\/povlaci-se-proizvod-zbog-pesticida-predstavlja-ozbiljan-rizik\\\/#article\",\"isPartOf\":{\"@id\":\"https:\\\/\\\/radioljubuski.ba\\\/index.php\\\/2021\\\/05\\\/07\\\/povlaci-se-proizvod-zbog-pesticida-predstavlja-ozbiljan-rizik\\\/\"},\"author\":{\"name\":\"Radio Ljubu\u0161ki\",\"@id\":\"https:\\\/\\\/radioljubuski.ba\\\/#\\\/schema\\\/person\\\/19fc700381a780f69665d7956c469e3b\"},\"headline\":\"Povla\u010di se proizvod zbog pesticida, predstavlja ozbiljan rizik\",\"datePublished\":\"2021-05-07T12:40:30+00:00\",\"dateModified\":\"2021-05-07T12:40:31+00:00\",\"mainEntityOfPage\":{\"@id\":\"https:\\\/\\\/radioljubuski.ba\\\/index.php\\\/2021\\\/05\\\/07\\\/povlaci-se-proizvod-zbog-pesticida-predstavlja-ozbiljan-rizik\\\/\"},\"wordCount\":204,\"publisher\":{\"@id\":\"https:\\\/\\\/radioljubuski.ba\\\/#organization\"},\"image\":{\"@id\":\"https:\\\/\\\/radioljubuski.ba\\\/index.php\\\/2021\\\/05\\\/07\\\/povlaci-se-proizvod-zbog-pesticida-predstavlja-ozbiljan-rizik\\\/#primaryimage\"},\"thumbnailUrl\":\"https:\\\/\\\/radioljubuski.ba\\\/wp-content\\\/uploads\\\/2021\\\/05\\\/9-2021-05-07-08-06-34-ilustr.jpg\",\"articleSection\":[\"BIH i regija\"],\"inLanguage\":\"hr\"},{\"@type\":\"WebPage\",\"@id\":\"https:\\\/\\\/radioljubuski.ba\\\/index.php\\\/2021\\\/05\\\/07\\\/povlaci-se-proizvod-zbog-pesticida-predstavlja-ozbiljan-rizik\\\/\",\"url\":\"https:\\\/\\\/radioljubuski.ba\\\/index.php\\\/2021\\\/05\\\/07\\\/povlaci-se-proizvod-zbog-pesticida-predstavlja-ozbiljan-rizik\\\/\",\"name\":\"Povla\u010di se proizvod zbog pesticida, predstavlja ozbiljan rizik - RADIO LJUBU\u0160KI\",\"isPartOf\":{\"@id\":\"https:\\\/\\\/radioljubuski.ba\\\/#website\"},\"primaryImageOfPage\":{\"@id\":\"https:\\\/\\\/radioljubuski.ba\\\/index.php\\\/2021\\\/05\\\/07\\\/povlaci-se-proizvod-zbog-pesticida-predstavlja-ozbiljan-rizik\\\/#primaryimage\"},\"image\":{\"@id\":\"https:\\\/\\\/radioljubuski.ba\\\/index.php\\\/2021\\\/05\\\/07\\\/povlaci-se-proizvod-zbog-pesticida-predstavlja-ozbiljan-rizik\\\/#primaryimage\"},\"thumbnailUrl\":\"https:\\\/\\\/radioljubuski.ba\\\/wp-content\\\/uploads\\\/2021\\\/05\\\/9-2021-05-07-08-06-34-ilustr.jpg\",\"datePublished\":\"2021-05-07T12:40:30+00:00\",\"dateModified\":\"2021-05-07T12:40:31+00:00\",\"breadcrumb\":{\"@id\":\"https:\\\/\\\/radioljubuski.ba\\\/index.php\\\/2021\\\/05\\\/07\\\/povlaci-se-proizvod-zbog-pesticida-predstavlja-ozbiljan-rizik\\\/#breadcrumb\"},\"inLanguage\":\"hr\",\"potentialAction\":[{\"@type\":\"ReadAction\",\"target\":[\"https:\\\/\\\/radioljubuski.ba\\\/index.php\\\/2021\\\/05\\\/07\\\/povlaci-se-proizvod-zbog-pesticida-predstavlja-ozbiljan-rizik\\\/\"]}]},{\"@type\":\"ImageObject\",\"inLanguage\":\"hr\",\"@id\":\"https:\\\/\\\/radioljubuski.ba\\\/index.php\\\/2021\\\/05\\\/07\\\/povlaci-se-proizvod-zbog-pesticida-predstavlja-ozbiljan-rizik\\\/#primaryimage\",\"url\":\"https:\\\/\\\/radioljubuski.ba\\\/wp-content\\\/uploads\\\/2021\\\/05\\\/9-2021-05-07-08-06-34-ilustr.jpg\",\"contentUrl\":\"https:\\\/\\\/radioljubuski.ba\\\/wp-content\\\/uploads\\\/2021\\\/05\\\/9-2021-05-07-08-06-34-ilustr.jpg\",\"width\":1000,\"height\":625},{\"@type\":\"BreadcrumbList\",\"@id\":\"https:\\\/\\\/radioljubuski.ba\\\/index.php\\\/2021\\\/05\\\/07\\\/povlaci-se-proizvod-zbog-pesticida-predstavlja-ozbiljan-rizik\\\/#breadcrumb\",\"itemListElement\":[{\"@type\":\"ListItem\",\"position\":1,\"name\":\"Po\u010detna stranica\",\"item\":\"https:\\\/\\\/radioljubuski.ba\\\/\"},{\"@type\":\"ListItem\",\"position\":2,\"name\":\"Povla\u010di se proizvod zbog pesticida, predstavlja ozbiljan rizik\"}]},{\"@type\":\"WebSite\",\"@id\":\"https:\\\/\\\/radioljubuski.ba\\\/#website\",\"url\":\"https:\\\/\\\/radioljubuski.ba\\\/\",\"name\":\"Radio Ljubu\u0161ki\",\"description\":\"Sun\u010dana frekvencija Hercegovine\",\"publisher\":{\"@id\":\"https:\\\/\\\/radioljubuski.ba\\\/#organization\"},\"potentialAction\":[{\"@type\":\"SearchAction\",\"target\":{\"@type\":\"EntryPoint\",\"urlTemplate\":\"https:\\\/\\\/radioljubuski.ba\\\/?s={search_term_string}\"},\"query-input\":{\"@type\":\"PropertyValueSpecification\",\"valueRequired\":true,\"valueName\":\"search_term_string\"}}],\"inLanguage\":\"hr\"},{\"@type\":\"Organization\",\"@id\":\"https:\\\/\\\/radioljubuski.ba\\\/#organization\",\"name\":\"Radio Ljubu\u0161ki\",\"url\":\"https:\\\/\\\/radioljubuski.ba\\\/\",\"logo\":{\"@type\":\"ImageObject\",\"inLanguage\":\"hr\",\"@id\":\"https:\\\/\\\/radioljubuski.ba\\\/#\\\/schema\\\/logo\\\/image\\\/\",\"url\":\"https:\\\/\\\/radioljubuski.ba\\\/wp-content\\\/uploads\\\/2021\\\/02\\\/cropped-Radio_Ljubuski_logo1.jpg\",\"contentUrl\":\"https:\\\/\\\/radioljubuski.ba\\\/wp-content\\\/uploads\\\/2021\\\/02\\\/cropped-Radio_Ljubuski_logo1.jpg\",\"width\":512,\"height\":512,\"caption\":\"Radio Ljubu\u0161ki\"},\"image\":{\"@id\":\"https:\\\/\\\/radioljubuski.ba\\\/#\\\/schema\\\/logo\\\/image\\\/\"},\"sameAs\":[\"https:\\\/\\\/www.facebook.com\\\/Radiio-Ljubuski-1490835324566332\",\"https:\\\/\\\/x.com\\\/radioljubuski\",\"https:\\\/\\\/hr.linkedin.com\\\/company\\\/radio-ljubuski\",\"https:\\\/\\\/www.youtube.com\\\/channel\\\/UCHYaeO_n0Db3tjNGudGpXyw\"]},{\"@type\":\"Person\",\"@id\":\"https:\\\/\\\/radioljubuski.ba\\\/#\\\/schema\\\/person\\\/19fc700381a780f69665d7956c469e3b\",\"name\":\"Radio Ljubu\u0161ki\"}]}<\/script>\n<!-- \/ Yoast SEO plugin. -->","yoast_head_json":{"title":"Povla\u010di se proizvod zbog pesticida, predstavlja ozbiljan rizik - RADIO LJUBU\u0160KI","robots":{"index":"index","follow":"follow","max-snippet":"max-snippet:-1","max-image-preview":"max-image-preview:large","max-video-preview":"max-video-preview:-1"},"canonical":"https:\/\/radioljubuski.ba\/index.php\/2021\/05\/07\/povlaci-se-proizvod-zbog-pesticida-predstavlja-ozbiljan-rizik\/","og_locale":"hr_HR","og_type":"article","og_title":"Povla\u010di se proizvod zbog pesticida, predstavlja ozbiljan rizik - RADIO LJUBU\u0160KI","og_description":"Etilen oksid u Psyllium prahu iz Sjedinjenih Dr\u017eava, sirovine iz Indije, povla\u010di se s tr\u017ei\u0161ta. U sirovini za proizvodnju dodatka prehrani naziva 24hr Detox day-night, LOT F03668, utvr\u0111en je pesticid etilen oksid. Proizvod nije u skladu s Uredbom (EZ) br. 396\/2005 Europskog parlamenta i Vije\u0107a od 23. velja\u010de 2005. o maksimalnim razinama ostataka pesticida u [&hellip;]","og_url":"https:\/\/radioljubuski.ba\/index.php\/2021\/05\/07\/povlaci-se-proizvod-zbog-pesticida-predstavlja-ozbiljan-rizik\/","og_site_name":"RADIO LJUBU\u0160KI","article_publisher":"https:\/\/www.facebook.com\/Radiio-Ljubuski-1490835324566332","article_published_time":"2021-05-07T12:40:30+00:00","article_modified_time":"2021-05-07T12:40:31+00:00","og_image":[{"width":1000,"height":625,"url":"https:\/\/radioljubuski.ba\/wp-content\/uploads\/2021\/05\/9-2021-05-07-08-06-34-ilustr.jpg","type":"image\/jpeg"}],"author":"Radio Ljubu\u0161ki","twitter_card":"summary_large_image","twitter_creator":"@radioljubuski","twitter_site":"@radioljubuski","twitter_misc":{"Napisao\/la":"Radio Ljubu\u0161ki","Procijenjeno vrijeme \u010ditanja":"1 minuta"},"schema":{"@context":"https:\/\/schema.org","@graph":[{"@type":"Article","@id":"https:\/\/radioljubuski.ba\/index.php\/2021\/05\/07\/povlaci-se-proizvod-zbog-pesticida-predstavlja-ozbiljan-rizik\/#article","isPartOf":{"@id":"https:\/\/radioljubuski.ba\/index.php\/2021\/05\/07\/povlaci-se-proizvod-zbog-pesticida-predstavlja-ozbiljan-rizik\/"},"author":{"name":"Radio Ljubu\u0161ki","@id":"https:\/\/radioljubuski.ba\/#\/schema\/person\/19fc700381a780f69665d7956c469e3b"},"headline":"Povla\u010di se proizvod zbog pesticida, predstavlja ozbiljan rizik","datePublished":"2021-05-07T12:40:30+00:00","dateModified":"2021-05-07T12:40:31+00:00","mainEntityOfPage":{"@id":"https:\/\/radioljubuski.ba\/index.php\/2021\/05\/07\/povlaci-se-proizvod-zbog-pesticida-predstavlja-ozbiljan-rizik\/"},"wordCount":204,"publisher":{"@id":"https:\/\/radioljubuski.ba\/#organization"},"image":{"@id":"https:\/\/radioljubuski.ba\/index.php\/2021\/05\/07\/povlaci-se-proizvod-zbog-pesticida-predstavlja-ozbiljan-rizik\/#primaryimage"},"thumbnailUrl":"https:\/\/radioljubuski.ba\/wp-content\/uploads\/2021\/05\/9-2021-05-07-08-06-34-ilustr.jpg","articleSection":["BIH i regija"],"inLanguage":"hr"},{"@type":"WebPage","@id":"https:\/\/radioljubuski.ba\/index.php\/2021\/05\/07\/povlaci-se-proizvod-zbog-pesticida-predstavlja-ozbiljan-rizik\/","url":"https:\/\/radioljubuski.ba\/index.php\/2021\/05\/07\/povlaci-se-proizvod-zbog-pesticida-predstavlja-ozbiljan-rizik\/","name":"Povla\u010di se proizvod zbog pesticida, predstavlja ozbiljan rizik - RADIO LJUBU\u0160KI","isPartOf":{"@id":"https:\/\/radioljubuski.ba\/#website"},"primaryImageOfPage":{"@id":"https:\/\/radioljubuski.ba\/index.php\/2021\/05\/07\/povlaci-se-proizvod-zbog-pesticida-predstavlja-ozbiljan-rizik\/#primaryimage"},"image":{"@id":"https:\/\/radioljubuski.ba\/index.php\/2021\/05\/07\/povlaci-se-proizvod-zbog-pesticida-predstavlja-ozbiljan-rizik\/#primaryimage"},"thumbnailUrl":"https:\/\/radioljubuski.ba\/wp-content\/uploads\/2021\/05\/9-2021-05-07-08-06-34-ilustr.jpg","datePublished":"2021-05-07T12:40:30+00:00","dateModified":"2021-05-07T12:40:31+00:00","breadcrumb":{"@id":"https:\/\/radioljubuski.ba\/index.php\/2021\/05\/07\/povlaci-se-proizvod-zbog-pesticida-predstavlja-ozbiljan-rizik\/#breadcrumb"},"inLanguage":"hr","potentialAction":[{"@type":"ReadAction","target":["https:\/\/radioljubuski.ba\/index.php\/2021\/05\/07\/povlaci-se-proizvod-zbog-pesticida-predstavlja-ozbiljan-rizik\/"]}]},{"@type":"ImageObject","inLanguage":"hr","@id":"https:\/\/radioljubuski.ba\/index.php\/2021\/05\/07\/povlaci-se-proizvod-zbog-pesticida-predstavlja-ozbiljan-rizik\/#primaryimage","url":"https:\/\/radioljubuski.ba\/wp-content\/uploads\/2021\/05\/9-2021-05-07-08-06-34-ilustr.jpg","contentUrl":"https:\/\/radioljubuski.ba\/wp-content\/uploads\/2021\/05\/9-2021-05-07-08-06-34-ilustr.jpg","width":1000,"height":625},{"@type":"BreadcrumbList","@id":"https:\/\/radioljubuski.ba\/index.php\/2021\/05\/07\/povlaci-se-proizvod-zbog-pesticida-predstavlja-ozbiljan-rizik\/#breadcrumb","itemListElement":[{"@type":"ListItem","position":1,"name":"Po\u010detna stranica","item":"https:\/\/radioljubuski.ba\/"},{"@type":"ListItem","position":2,"name":"Povla\u010di se proizvod zbog pesticida, predstavlja ozbiljan rizik"}]},{"@type":"WebSite","@id":"https:\/\/radioljubuski.ba\/#website","url":"https:\/\/radioljubuski.ba\/","name":"Radio Ljubu\u0161ki","description":"Sun\u010dana frekvencija Hercegovine","publisher":{"@id":"https:\/\/radioljubuski.ba\/#organization"},"potentialAction":[{"@type":"SearchAction","target":{"@type":"EntryPoint","urlTemplate":"https:\/\/radioljubuski.ba\/?s={search_term_string}"},"query-input":{"@type":"PropertyValueSpecification","valueRequired":true,"valueName":"search_term_string"}}],"inLanguage":"hr"},{"@type":"Organization","@id":"https:\/\/radioljubuski.ba\/#organization","name":"Radio Ljubu\u0161ki","url":"https:\/\/radioljubuski.ba\/","logo":{"@type":"ImageObject","inLanguage":"hr","@id":"https:\/\/radioljubuski.ba\/#\/schema\/logo\/image\/","url":"https:\/\/radioljubuski.ba\/wp-content\/uploads\/2021\/02\/cropped-Radio_Ljubuski_logo1.jpg","contentUrl":"https:\/\/radioljubuski.ba\/wp-content\/uploads\/2021\/02\/cropped-Radio_Ljubuski_logo1.jpg","width":512,"height":512,"caption":"Radio Ljubu\u0161ki"},"image":{"@id":"https:\/\/radioljubuski.ba\/#\/schema\/logo\/image\/"},"sameAs":["https:\/\/www.facebook.com\/Radiio-Ljubuski-1490835324566332","https:\/\/x.com\/radioljubuski","https:\/\/hr.linkedin.com\/company\/radio-ljubuski","https:\/\/www.youtube.com\/channel\/UCHYaeO_n0Db3tjNGudGpXyw"]},{"@type":"Person","@id":"https:\/\/radioljubuski.ba\/#\/schema\/person\/19fc700381a780f69665d7956c469e3b","name":"Radio Ljubu\u0161ki"}]}},"_links":{"self":[{"href":"https:\/\/radioljubuski.ba\/index.php\/wp-json\/wp\/v2\/posts\/19320","targetHints":{"allow":["GET"]}}],"collection":[{"href":"https:\/\/radioljubuski.ba\/index.php\/wp-json\/wp\/v2\/posts"}],"about":[{"href":"https:\/\/radioljubuski.ba\/index.php\/wp-json\/wp\/v2\/types\/post"}],"author":[{"embeddable":true,"href":"https:\/\/radioljubuski.ba\/index.php\/wp-json\/wp\/v2\/users\/2"}],"replies":[{"embeddable":true,"href":"https:\/\/radioljubuski.ba\/index.php\/wp-json\/wp\/v2\/comments?post=19320"}],"version-history":[{"count":1,"href":"https:\/\/radioljubuski.ba\/index.php\/wp-json\/wp\/v2\/posts\/19320\/revisions"}],"predecessor-version":[{"id":19322,"href":"https:\/\/radioljubuski.ba\/index.php\/wp-json\/wp\/v2\/posts\/19320\/revisions\/19322"}],"wp:featuredmedia":[{"embeddable":true,"href":"https:\/\/radioljubuski.ba\/index.php\/wp-json\/wp\/v2\/media\/19321"}],"wp:attachment":[{"href":"https:\/\/radioljubuski.ba\/index.php\/wp-json\/wp\/v2\/media?parent=19320"}],"wp:term":[{"taxonomy":"category","embeddable":true,"href":"https:\/\/radioljubuski.ba\/index.php\/wp-json\/wp\/v2\/categories?post=19320"},{"taxonomy":"post_tag","embeddable":true,"href":"https:\/\/radioljubuski.ba\/index.php\/wp-json\/wp\/v2\/tags?post=19320"}],"curies":[{"name":"wp","href":"https:\/\/api.w.org\/{rel}","templated":true}]}}