{"id":193258,"date":"2023-07-23T16:23:11","date_gmt":"2023-07-23T15:23:11","guid":{"rendered":"https:\/\/radioljubuski.ba\/?p=193258"},"modified":"2023-07-23T16:30:59","modified_gmt":"2023-07-23T15:30:59","slug":"rh-podrzala-tri-ljubuska-projekata-prekogranicne-suradnje-s-bih","status":"publish","type":"post","link":"https:\/\/radioljubuski.ba\/index.php\/2023\/07\/23\/rh-podrzala-tri-ljubuska-projekata-prekogranicne-suradnje-s-bih\/","title":{"rendered":"Ljubu\u0161ki: Republika Hrvatska podr\u017eala tri projekta prekograni\u010dne suradnje s BiH"},"content":{"rendered":"\n<p>Povjerenstvo za odabir projekata i ministar regionalnog razvoja i fondova Europske unije \u0160ime Erli\u0107 donijeli su odluku o odabiru projekata u okviru Programa prekograni\u010dne suradnje izme\u0111u Republike Hrvatske i BiH. Ukupno je podr\u017eano 70 projekata. S maksimalnim iznosom od 35 tisu\u0107a eura podr\u017eani su sljede\u0107i projekti:<\/p>\n\n\n\n<p>Izgradnja, nabava\u2026<\/p>\n\n\n\n<p><strong>Nabava pozornice za kulturne manifestacije Turisti\u010dke zajednice Grada \u017dupanje i Turisti\u010dke zajednice grada Ljubu\u0161kog,<\/strong>&nbsp;pobolj\u0161anje i o\u010duvanje lokalne infrastrukture u sredi\u0161tima Grada Velike Gorice i op\u0107ine Posu\u0161je,modernizacija izgradnja gra\u0111evina javne uprave Grada Ka\u0161tela i op\u0107ine Kiseljak, unaprje\u0111enje prekograni\u010dne suradnje kroz ja\u010danje kapaciteta OOD-ova Srednje strukovne \u0161kole u Livnu i Clustera za eko-dru\u0161tvene inovacije i razvoj u Splitu,ure\u0111enje vatrogasnog tornja DVD-a Vuka i rekonstrukcija zgrade Dje\u010djeg vrti\u0107a \u201cNa\u0161a radost\u201d Jajce,projekt \u201cZajedno do napretka\u201d \u017eupe Novi Travnik i \u017eupe Luka,unaprje\u0111enje zdravstvene za\u0161tite ruralnih podru\u010dja domova zdravlja Ravno i Dubrovnik,projekt \u201cZajedno u vjeri i kulturi, zajedno Hrvati\u201d op\u0107ine Satnica i Franjeva\u010dkog samostana Presvetog Trojstva Petri\u0107evac,projekt \u201cSportskim aktivnostima do ja\u010danja prekograni\u010dne suradnje RH i BiH\u201d, razvoj turizma na ruralnom prostoru koje provode Udruga maloljetnih dragovoljaca Domovinskog rata iz Splitsko-dalmatinske \u017eupanije, Mostara i Posu\u0161ja te prvi klaster \u017eena poduzetnica RH Kolo. Nabava vozila za sportsku zajednicu Grada \u017dupanje i Rukometnu akademiju Izvi\u0111a\u010d Ljubu\u0161ki,projekt rekonstrukcije kanalizacije i vanjsko ure\u0111enje kruga Zavoda Bakovi\u0107i i projekt kupnje medicinske opreme za Neuropsihijatrijsku bolnicu \u201cDr. Ivan Barbot\u201d Popova\u010da,nabava i ugradnja aluminijske ostakljene fasade na objektu nove lamele u izgradnji JU Doma zdravlja Novi Travnik i Doma zdravlja Zadarske \u017eupanije,zamjena podnih obloga \u0161kolskih igrali\u0161ta Osnovne \u0161kole Rugvica i Srednje \u0161kole Gornji Vakuf\/ Uskoplje,unaprje\u0111enje materijalnih uvjeta Franjeva\u010dkog samostana u Iloku i obnova crkve Uznesenja Bla\u017eene Djevice Marije u Olovu,projekt prekograni\u010dne suradnje na podru\u010dju razvoja kulturne infrastrukture op\u0107ine Tompojevci i Franjeva\u010dki samostan Dubrave, projekt \u201cPutevima franjevaca\u201d Franjeva\u010dkog samostana Gu\u010da Gora i Franjeva\u010dkog samostana svetog Vlaha Pridvorje, prekograni\u010dna suradnja Grada Pakraca i op\u0107ine Dobreti\u0107i,projekt \u201cBrat uz brata, Hrvat uz Hrvata\u201d op\u0107ine Vladislavci i Franjeva\u010dkog samostana svetog Marka evan\u0111elista Plehan, projekt \u201cZajedno u duhu \u2013 zajedno u sportu\u201d, druga faza,projekt \u201cDobri mostari \u2013 \u010duvari hrvatskog zajedni\u0161tva\u201d Dje\u010djeg vrti\u0107a \u201cSveti Josip\u201d Mostar i Dje\u010djeg vrti\u0107 Dobro, <strong>projekt \u201cSuradnja Grada Ljubu\u0161kog i Grada Karlovca za bolji standard stanovni\u0161tva\u201d.<\/strong><\/p>\n\n\n\n<figure class=\"wp-block-image size-large\"><img loading=\"lazy\" decoding=\"async\" width=\"1024\" height=\"461\" src=\"https:\/\/radioljubuski.ba\/wp-content\/uploads\/2023\/07\/361654427_682335447249583_4493945972944393441_n-1-1024x461.jpg\" alt=\"\" class=\"wp-image-193267\" srcset=\"https:\/\/radioljubuski.ba\/wp-content\/uploads\/2023\/07\/361654427_682335447249583_4493945972944393441_n-1-1024x461.jpg 1024w, https:\/\/radioljubuski.ba\/wp-content\/uploads\/2023\/07\/361654427_682335447249583_4493945972944393441_n-1-300x135.jpg 300w, https:\/\/radioljubuski.ba\/wp-content\/uploads\/2023\/07\/361654427_682335447249583_4493945972944393441_n-1-768x346.jpg 768w, https:\/\/radioljubuski.ba\/wp-content\/uploads\/2023\/07\/361654427_682335447249583_4493945972944393441_n-1-1536x691.jpg 1536w, https:\/\/radioljubuski.ba\/wp-content\/uploads\/2023\/07\/361654427_682335447249583_4493945972944393441_n-1.jpg 1600w\" sizes=\"auto, (max-width: 1024px) 100vw, 1024px\" \/><\/figure>\n\n\n\n<p>Za samo tih 18 spomenutih projekata, koji su dobili najve\u0107i iznos, izdvojeno je 630 tisu\u0107a eura. Sredstva za provedbu programa osiguravaju se u dr\u017eavnom prora\u010dunu Republike Hrvatske za 2023. godinu. U obrazlo\u017eenju se navodi da je Povjerenstvo za odabir projekata izvr\u0161ilo procedure propisane programom i uputama za prijavitelje. Grad Ljubu\u0161ki za tri podr\u017eana projekta dobio je iznos od 100.477.00 eura.&nbsp;<\/p>\n\n\n\n<figure class=\"wp-block-image\"><img decoding=\"async\" src=\"https:\/\/www.ljportal.com\/wp-content\/uploads\/2023\/07\/projekti.jpg\" alt=\"projekti\" class=\"wp-image-71497\" title=\"projekti\"\/><\/figure>\n\n\n\n<p>Utjecaj projekata<\/p>\n\n\n\n<p>\u2013 Povjerenstvo je vodilo ra\u010duna o utjecaju projekata na razvoj prekograni\u010dne suradnje, utjecaju projekata na ciljane skupine i relevantnost u skladu s podru\u010djima financiranja, utjecaju projekta na zadovoljavanje op\u0107ih i javnih potreba zajednice Hrvata u BiH te njihovoj povezanosti s prekograni\u010dnim podru\u010djem u Republici Hrvatskoj te broju i kvaliteti zajedni\u010dkih aktivnosti unutar prijavljenog projektnog prijedloga \u2013 navedeno je u odluci koju potpisuje ministar regionalnog razvoja i fondova Europske unije \u0160ime Erli\u0107.<\/p>\n\n\n\n<figure class=\"wp-block-image size-full is-resized\"><img loading=\"lazy\" decoding=\"async\" src=\"https:\/\/radioljubuski.ba\/wp-content\/uploads\/2023\/07\/vedran-milas-1.jpg\" alt=\"\" class=\"wp-image-193261\" width=\"379\" height=\"249\"\/><\/figure>\n\n\n\n<p>Projekte mo\u017eete pogledati na ovom&nbsp;<a href=\"https:\/\/razvoj.gov.hr\/UserDocsImages\/\/O%20ministarstvu\/Pristup%20informacijama\/Javni%20pozivi%20i%20natje%C4%8Daji\/2023\/\/Odluka%20o%20odabiru%20projekata%20RH-BiH-2023_21_7.pdf\">linku.<\/a><\/p>\n\n\n\n<p>Izvor: Ve\u010dernji list<\/p>\n","protected":false},"excerpt":{"rendered":"<p>Povjerenstvo za odabir projekata i ministar regionalnog razvoja i fondova Europske unije \u0160ime Erli\u0107 donijeli su odluku o odabiru projekata u okviru Programa prekograni\u010dne suradnje izme\u0111u Republike Hrvatske i BiH. Ukupno je podr\u017eano 70 projekata. S maksimalnim iznosom od 35 tisu\u0107a eura podr\u017eani su sljede\u0107i projekti: Izgradnja, nabava\u2026 Nabava pozornice za kulturne manifestacije Turisti\u010dke zajednice [&hellip;]<\/p>\n","protected":false},"author":2,"featured_media":193260,"comment_status":"closed","ping_status":"closed","sticky":false,"template":"","format":"standard","meta":{"h5ap_radio_sources":[],"footnotes":""},"categories":[28],"tags":[],"class_list":["post-193258","post","type-post","status-publish","format-standard","has-post-thumbnail","hentry","category-novosti"],"yoast_head":"<!-- This site is optimized with the Yoast SEO plugin v27.5 - https:\/\/yoast.com\/product\/yoast-seo-wordpress\/ -->\n<title>Ljubu\u0161ki: Republika Hrvatska podr\u017eala tri projekta prekograni\u010dne suradnje s BiH - RADIO LJUBU\u0160KI<\/title>\n<meta name=\"robots\" content=\"index, follow, max-snippet:-1, max-image-preview:large, max-video-preview:-1\" \/>\n<link rel=\"canonical\" href=\"https:\/\/radioljubuski.ba\/index.php\/2023\/07\/23\/rh-podrzala-tri-ljubuska-projekata-prekogranicne-suradnje-s-bih\/\" \/>\n<meta property=\"og:locale\" content=\"hr_HR\" \/>\n<meta property=\"og:type\" content=\"article\" \/>\n<meta property=\"og:title\" content=\"Ljubu\u0161ki: Republika Hrvatska podr\u017eala tri projekta prekograni\u010dne suradnje s BiH - RADIO LJUBU\u0160KI\" \/>\n<meta property=\"og:description\" content=\"Povjerenstvo za odabir projekata i ministar regionalnog razvoja i fondova Europske unije \u0160ime Erli\u0107 donijeli su odluku o odabiru projekata u okviru Programa prekograni\u010dne suradnje izme\u0111u Republike Hrvatske i BiH. Ukupno je podr\u017eano 70 projekata. S maksimalnim iznosom od 35 tisu\u0107a eura podr\u017eani su sljede\u0107i projekti: Izgradnja, nabava\u2026 Nabava pozornice za kulturne manifestacije Turisti\u010dke zajednice [&hellip;]\" \/>\n<meta property=\"og:url\" content=\"https:\/\/radioljubuski.ba\/index.php\/2023\/07\/23\/rh-podrzala-tri-ljubuska-projekata-prekogranicne-suradnje-s-bih\/\" \/>\n<meta property=\"og:site_name\" content=\"RADIO LJUBU\u0160KI\" \/>\n<meta property=\"article:publisher\" content=\"https:\/\/www.facebook.com\/Radiio-Ljubuski-1490835324566332\" \/>\n<meta property=\"article:published_time\" content=\"2023-07-23T15:23:11+00:00\" \/>\n<meta property=\"article:modified_time\" content=\"2023-07-23T15:30:59+00:00\" \/>\n<meta property=\"og:image\" content=\"https:\/\/radioljubuski.ba\/wp-content\/uploads\/2023\/07\/vedran-milas.jpg\" \/>\n\t<meta property=\"og:image:width\" content=\"600\" \/>\n\t<meta property=\"og:image:height\" content=\"400\" \/>\n\t<meta property=\"og:image:type\" content=\"image\/jpeg\" \/>\n<meta name=\"author\" content=\"Radio Ljubu\u0161ki\" \/>\n<meta name=\"twitter:card\" content=\"summary_large_image\" \/>\n<meta name=\"twitter:creator\" content=\"@radioljubuski\" \/>\n<meta name=\"twitter:site\" content=\"@radioljubuski\" \/>\n<meta name=\"twitter:label1\" content=\"Napisao\/la\" \/>\n\t<meta name=\"twitter:data1\" content=\"Radio Ljubu\u0161ki\" \/>\n\t<meta name=\"twitter:label2\" content=\"Procijenjeno vrijeme \u010ditanja\" \/>\n\t<meta name=\"twitter:data2\" content=\"4 minute\" \/>\n<script type=\"application\/ld+json\" class=\"yoast-schema-graph\">{\"@context\":\"https:\\\/\\\/schema.org\",\"@graph\":[{\"@type\":\"Article\",\"@id\":\"https:\\\/\\\/radioljubuski.ba\\\/index.php\\\/2023\\\/07\\\/23\\\/rh-podrzala-tri-ljubuska-projekata-prekogranicne-suradnje-s-bih\\\/#article\",\"isPartOf\":{\"@id\":\"https:\\\/\\\/radioljubuski.ba\\\/index.php\\\/2023\\\/07\\\/23\\\/rh-podrzala-tri-ljubuska-projekata-prekogranicne-suradnje-s-bih\\\/\"},\"author\":{\"name\":\"Radio Ljubu\u0161ki\",\"@id\":\"https:\\\/\\\/radioljubuski.ba\\\/#\\\/schema\\\/person\\\/19fc700381a780f69665d7956c469e3b\"},\"headline\":\"Ljubu\u0161ki: Republika Hrvatska podr\u017eala tri projekta prekograni\u010dne suradnje s BiH\",\"datePublished\":\"2023-07-23T15:23:11+00:00\",\"dateModified\":\"2023-07-23T15:30:59+00:00\",\"mainEntityOfPage\":{\"@id\":\"https:\\\/\\\/radioljubuski.ba\\\/index.php\\\/2023\\\/07\\\/23\\\/rh-podrzala-tri-ljubuska-projekata-prekogranicne-suradnje-s-bih\\\/\"},\"wordCount\":589,\"publisher\":{\"@id\":\"https:\\\/\\\/radioljubuski.ba\\\/#organization\"},\"image\":{\"@id\":\"https:\\\/\\\/radioljubuski.ba\\\/index.php\\\/2023\\\/07\\\/23\\\/rh-podrzala-tri-ljubuska-projekata-prekogranicne-suradnje-s-bih\\\/#primaryimage\"},\"thumbnailUrl\":\"https:\\\/\\\/radioljubuski.ba\\\/wp-content\\\/uploads\\\/2023\\\/07\\\/vedran-milas.jpg\",\"articleSection\":[\"Novosti\"],\"inLanguage\":\"hr\"},{\"@type\":\"WebPage\",\"@id\":\"https:\\\/\\\/radioljubuski.ba\\\/index.php\\\/2023\\\/07\\\/23\\\/rh-podrzala-tri-ljubuska-projekata-prekogranicne-suradnje-s-bih\\\/\",\"url\":\"https:\\\/\\\/radioljubuski.ba\\\/index.php\\\/2023\\\/07\\\/23\\\/rh-podrzala-tri-ljubuska-projekata-prekogranicne-suradnje-s-bih\\\/\",\"name\":\"Ljubu\u0161ki: Republika Hrvatska podr\u017eala tri projekta prekograni\u010dne suradnje s BiH - RADIO LJUBU\u0160KI\",\"isPartOf\":{\"@id\":\"https:\\\/\\\/radioljubuski.ba\\\/#website\"},\"primaryImageOfPage\":{\"@id\":\"https:\\\/\\\/radioljubuski.ba\\\/index.php\\\/2023\\\/07\\\/23\\\/rh-podrzala-tri-ljubuska-projekata-prekogranicne-suradnje-s-bih\\\/#primaryimage\"},\"image\":{\"@id\":\"https:\\\/\\\/radioljubuski.ba\\\/index.php\\\/2023\\\/07\\\/23\\\/rh-podrzala-tri-ljubuska-projekata-prekogranicne-suradnje-s-bih\\\/#primaryimage\"},\"thumbnailUrl\":\"https:\\\/\\\/radioljubuski.ba\\\/wp-content\\\/uploads\\\/2023\\\/07\\\/vedran-milas.jpg\",\"datePublished\":\"2023-07-23T15:23:11+00:00\",\"dateModified\":\"2023-07-23T15:30:59+00:00\",\"breadcrumb\":{\"@id\":\"https:\\\/\\\/radioljubuski.ba\\\/index.php\\\/2023\\\/07\\\/23\\\/rh-podrzala-tri-ljubuska-projekata-prekogranicne-suradnje-s-bih\\\/#breadcrumb\"},\"inLanguage\":\"hr\",\"potentialAction\":[{\"@type\":\"ReadAction\",\"target\":[\"https:\\\/\\\/radioljubuski.ba\\\/index.php\\\/2023\\\/07\\\/23\\\/rh-podrzala-tri-ljubuska-projekata-prekogranicne-suradnje-s-bih\\\/\"]}]},{\"@type\":\"ImageObject\",\"inLanguage\":\"hr\",\"@id\":\"https:\\\/\\\/radioljubuski.ba\\\/index.php\\\/2023\\\/07\\\/23\\\/rh-podrzala-tri-ljubuska-projekata-prekogranicne-suradnje-s-bih\\\/#primaryimage\",\"url\":\"https:\\\/\\\/radioljubuski.ba\\\/wp-content\\\/uploads\\\/2023\\\/07\\\/vedran-milas.jpg\",\"contentUrl\":\"https:\\\/\\\/radioljubuski.ba\\\/wp-content\\\/uploads\\\/2023\\\/07\\\/vedran-milas.jpg\",\"width\":600,\"height\":400},{\"@type\":\"BreadcrumbList\",\"@id\":\"https:\\\/\\\/radioljubuski.ba\\\/index.php\\\/2023\\\/07\\\/23\\\/rh-podrzala-tri-ljubuska-projekata-prekogranicne-suradnje-s-bih\\\/#breadcrumb\",\"itemListElement\":[{\"@type\":\"ListItem\",\"position\":1,\"name\":\"Po\u010detna stranica\",\"item\":\"https:\\\/\\\/radioljubuski.ba\\\/\"},{\"@type\":\"ListItem\",\"position\":2,\"name\":\"Ljubu\u0161ki: Republika Hrvatska podr\u017eala tri projekta prekograni\u010dne suradnje s BiH\"}]},{\"@type\":\"WebSite\",\"@id\":\"https:\\\/\\\/radioljubuski.ba\\\/#website\",\"url\":\"https:\\\/\\\/radioljubuski.ba\\\/\",\"name\":\"Radio Ljubu\u0161ki\",\"description\":\"Sun\u010dana frekvencija Hercegovine\",\"publisher\":{\"@id\":\"https:\\\/\\\/radioljubuski.ba\\\/#organization\"},\"potentialAction\":[{\"@type\":\"SearchAction\",\"target\":{\"@type\":\"EntryPoint\",\"urlTemplate\":\"https:\\\/\\\/radioljubuski.ba\\\/?s={search_term_string}\"},\"query-input\":{\"@type\":\"PropertyValueSpecification\",\"valueRequired\":true,\"valueName\":\"search_term_string\"}}],\"inLanguage\":\"hr\"},{\"@type\":\"Organization\",\"@id\":\"https:\\\/\\\/radioljubuski.ba\\\/#organization\",\"name\":\"Radio Ljubu\u0161ki\",\"url\":\"https:\\\/\\\/radioljubuski.ba\\\/\",\"logo\":{\"@type\":\"ImageObject\",\"inLanguage\":\"hr\",\"@id\":\"https:\\\/\\\/radioljubuski.ba\\\/#\\\/schema\\\/logo\\\/image\\\/\",\"url\":\"https:\\\/\\\/radioljubuski.ba\\\/wp-content\\\/uploads\\\/2021\\\/02\\\/cropped-Radio_Ljubuski_logo1.jpg\",\"contentUrl\":\"https:\\\/\\\/radioljubuski.ba\\\/wp-content\\\/uploads\\\/2021\\\/02\\\/cropped-Radio_Ljubuski_logo1.jpg\",\"width\":512,\"height\":512,\"caption\":\"Radio Ljubu\u0161ki\"},\"image\":{\"@id\":\"https:\\\/\\\/radioljubuski.ba\\\/#\\\/schema\\\/logo\\\/image\\\/\"},\"sameAs\":[\"https:\\\/\\\/www.facebook.com\\\/Radiio-Ljubuski-1490835324566332\",\"https:\\\/\\\/x.com\\\/radioljubuski\",\"https:\\\/\\\/hr.linkedin.com\\\/company\\\/radio-ljubuski\",\"https:\\\/\\\/www.youtube.com\\\/channel\\\/UCHYaeO_n0Db3tjNGudGpXyw\"]},{\"@type\":\"Person\",\"@id\":\"https:\\\/\\\/radioljubuski.ba\\\/#\\\/schema\\\/person\\\/19fc700381a780f69665d7956c469e3b\",\"name\":\"Radio Ljubu\u0161ki\"}]}<\/script>\n<!-- \/ Yoast SEO plugin. -->","yoast_head_json":{"title":"Ljubu\u0161ki: Republika Hrvatska podr\u017eala tri projekta prekograni\u010dne suradnje s BiH - RADIO LJUBU\u0160KI","robots":{"index":"index","follow":"follow","max-snippet":"max-snippet:-1","max-image-preview":"max-image-preview:large","max-video-preview":"max-video-preview:-1"},"canonical":"https:\/\/radioljubuski.ba\/index.php\/2023\/07\/23\/rh-podrzala-tri-ljubuska-projekata-prekogranicne-suradnje-s-bih\/","og_locale":"hr_HR","og_type":"article","og_title":"Ljubu\u0161ki: Republika Hrvatska podr\u017eala tri projekta prekograni\u010dne suradnje s BiH - RADIO LJUBU\u0160KI","og_description":"Povjerenstvo za odabir projekata i ministar regionalnog razvoja i fondova Europske unije \u0160ime Erli\u0107 donijeli su odluku o odabiru projekata u okviru Programa prekograni\u010dne suradnje izme\u0111u Republike Hrvatske i BiH. Ukupno je podr\u017eano 70 projekata. S maksimalnim iznosom od 35 tisu\u0107a eura podr\u017eani su sljede\u0107i projekti: Izgradnja, nabava\u2026 Nabava pozornice za kulturne manifestacije Turisti\u010dke zajednice [&hellip;]","og_url":"https:\/\/radioljubuski.ba\/index.php\/2023\/07\/23\/rh-podrzala-tri-ljubuska-projekata-prekogranicne-suradnje-s-bih\/","og_site_name":"RADIO LJUBU\u0160KI","article_publisher":"https:\/\/www.facebook.com\/Radiio-Ljubuski-1490835324566332","article_published_time":"2023-07-23T15:23:11+00:00","article_modified_time":"2023-07-23T15:30:59+00:00","og_image":[{"width":600,"height":400,"url":"https:\/\/radioljubuski.ba\/wp-content\/uploads\/2023\/07\/vedran-milas.jpg","type":"image\/jpeg"}],"author":"Radio Ljubu\u0161ki","twitter_card":"summary_large_image","twitter_creator":"@radioljubuski","twitter_site":"@radioljubuski","twitter_misc":{"Napisao\/la":"Radio Ljubu\u0161ki","Procijenjeno vrijeme \u010ditanja":"4 minute"},"schema":{"@context":"https:\/\/schema.org","@graph":[{"@type":"Article","@id":"https:\/\/radioljubuski.ba\/index.php\/2023\/07\/23\/rh-podrzala-tri-ljubuska-projekata-prekogranicne-suradnje-s-bih\/#article","isPartOf":{"@id":"https:\/\/radioljubuski.ba\/index.php\/2023\/07\/23\/rh-podrzala-tri-ljubuska-projekata-prekogranicne-suradnje-s-bih\/"},"author":{"name":"Radio Ljubu\u0161ki","@id":"https:\/\/radioljubuski.ba\/#\/schema\/person\/19fc700381a780f69665d7956c469e3b"},"headline":"Ljubu\u0161ki: Republika Hrvatska podr\u017eala tri projekta prekograni\u010dne suradnje s BiH","datePublished":"2023-07-23T15:23:11+00:00","dateModified":"2023-07-23T15:30:59+00:00","mainEntityOfPage":{"@id":"https:\/\/radioljubuski.ba\/index.php\/2023\/07\/23\/rh-podrzala-tri-ljubuska-projekata-prekogranicne-suradnje-s-bih\/"},"wordCount":589,"publisher":{"@id":"https:\/\/radioljubuski.ba\/#organization"},"image":{"@id":"https:\/\/radioljubuski.ba\/index.php\/2023\/07\/23\/rh-podrzala-tri-ljubuska-projekata-prekogranicne-suradnje-s-bih\/#primaryimage"},"thumbnailUrl":"https:\/\/radioljubuski.ba\/wp-content\/uploads\/2023\/07\/vedran-milas.jpg","articleSection":["Novosti"],"inLanguage":"hr"},{"@type":"WebPage","@id":"https:\/\/radioljubuski.ba\/index.php\/2023\/07\/23\/rh-podrzala-tri-ljubuska-projekata-prekogranicne-suradnje-s-bih\/","url":"https:\/\/radioljubuski.ba\/index.php\/2023\/07\/23\/rh-podrzala-tri-ljubuska-projekata-prekogranicne-suradnje-s-bih\/","name":"Ljubu\u0161ki: Republika Hrvatska podr\u017eala tri projekta prekograni\u010dne suradnje s BiH - RADIO LJUBU\u0160KI","isPartOf":{"@id":"https:\/\/radioljubuski.ba\/#website"},"primaryImageOfPage":{"@id":"https:\/\/radioljubuski.ba\/index.php\/2023\/07\/23\/rh-podrzala-tri-ljubuska-projekata-prekogranicne-suradnje-s-bih\/#primaryimage"},"image":{"@id":"https:\/\/radioljubuski.ba\/index.php\/2023\/07\/23\/rh-podrzala-tri-ljubuska-projekata-prekogranicne-suradnje-s-bih\/#primaryimage"},"thumbnailUrl":"https:\/\/radioljubuski.ba\/wp-content\/uploads\/2023\/07\/vedran-milas.jpg","datePublished":"2023-07-23T15:23:11+00:00","dateModified":"2023-07-23T15:30:59+00:00","breadcrumb":{"@id":"https:\/\/radioljubuski.ba\/index.php\/2023\/07\/23\/rh-podrzala-tri-ljubuska-projekata-prekogranicne-suradnje-s-bih\/#breadcrumb"},"inLanguage":"hr","potentialAction":[{"@type":"ReadAction","target":["https:\/\/radioljubuski.ba\/index.php\/2023\/07\/23\/rh-podrzala-tri-ljubuska-projekata-prekogranicne-suradnje-s-bih\/"]}]},{"@type":"ImageObject","inLanguage":"hr","@id":"https:\/\/radioljubuski.ba\/index.php\/2023\/07\/23\/rh-podrzala-tri-ljubuska-projekata-prekogranicne-suradnje-s-bih\/#primaryimage","url":"https:\/\/radioljubuski.ba\/wp-content\/uploads\/2023\/07\/vedran-milas.jpg","contentUrl":"https:\/\/radioljubuski.ba\/wp-content\/uploads\/2023\/07\/vedran-milas.jpg","width":600,"height":400},{"@type":"BreadcrumbList","@id":"https:\/\/radioljubuski.ba\/index.php\/2023\/07\/23\/rh-podrzala-tri-ljubuska-projekata-prekogranicne-suradnje-s-bih\/#breadcrumb","itemListElement":[{"@type":"ListItem","position":1,"name":"Po\u010detna stranica","item":"https:\/\/radioljubuski.ba\/"},{"@type":"ListItem","position":2,"name":"Ljubu\u0161ki: Republika Hrvatska podr\u017eala tri projekta prekograni\u010dne suradnje s BiH"}]},{"@type":"WebSite","@id":"https:\/\/radioljubuski.ba\/#website","url":"https:\/\/radioljubuski.ba\/","name":"Radio Ljubu\u0161ki","description":"Sun\u010dana frekvencija Hercegovine","publisher":{"@id":"https:\/\/radioljubuski.ba\/#organization"},"potentialAction":[{"@type":"SearchAction","target":{"@type":"EntryPoint","urlTemplate":"https:\/\/radioljubuski.ba\/?s={search_term_string}"},"query-input":{"@type":"PropertyValueSpecification","valueRequired":true,"valueName":"search_term_string"}}],"inLanguage":"hr"},{"@type":"Organization","@id":"https:\/\/radioljubuski.ba\/#organization","name":"Radio Ljubu\u0161ki","url":"https:\/\/radioljubuski.ba\/","logo":{"@type":"ImageObject","inLanguage":"hr","@id":"https:\/\/radioljubuski.ba\/#\/schema\/logo\/image\/","url":"https:\/\/radioljubuski.ba\/wp-content\/uploads\/2021\/02\/cropped-Radio_Ljubuski_logo1.jpg","contentUrl":"https:\/\/radioljubuski.ba\/wp-content\/uploads\/2021\/02\/cropped-Radio_Ljubuski_logo1.jpg","width":512,"height":512,"caption":"Radio Ljubu\u0161ki"},"image":{"@id":"https:\/\/radioljubuski.ba\/#\/schema\/logo\/image\/"},"sameAs":["https:\/\/www.facebook.com\/Radiio-Ljubuski-1490835324566332","https:\/\/x.com\/radioljubuski","https:\/\/hr.linkedin.com\/company\/radio-ljubuski","https:\/\/www.youtube.com\/channel\/UCHYaeO_n0Db3tjNGudGpXyw"]},{"@type":"Person","@id":"https:\/\/radioljubuski.ba\/#\/schema\/person\/19fc700381a780f69665d7956c469e3b","name":"Radio Ljubu\u0161ki"}]}},"_links":{"self":[{"href":"https:\/\/radioljubuski.ba\/index.php\/wp-json\/wp\/v2\/posts\/193258","targetHints":{"allow":["GET"]}}],"collection":[{"href":"https:\/\/radioljubuski.ba\/index.php\/wp-json\/wp\/v2\/posts"}],"about":[{"href":"https:\/\/radioljubuski.ba\/index.php\/wp-json\/wp\/v2\/types\/post"}],"author":[{"embeddable":true,"href":"https:\/\/radioljubuski.ba\/index.php\/wp-json\/wp\/v2\/users\/2"}],"replies":[{"embeddable":true,"href":"https:\/\/radioljubuski.ba\/index.php\/wp-json\/wp\/v2\/comments?post=193258"}],"version-history":[{"count":4,"href":"https:\/\/radioljubuski.ba\/index.php\/wp-json\/wp\/v2\/posts\/193258\/revisions"}],"predecessor-version":[{"id":193269,"href":"https:\/\/radioljubuski.ba\/index.php\/wp-json\/wp\/v2\/posts\/193258\/revisions\/193269"}],"wp:featuredmedia":[{"embeddable":true,"href":"https:\/\/radioljubuski.ba\/index.php\/wp-json\/wp\/v2\/media\/193260"}],"wp:attachment":[{"href":"https:\/\/radioljubuski.ba\/index.php\/wp-json\/wp\/v2\/media?parent=193258"}],"wp:term":[{"taxonomy":"category","embeddable":true,"href":"https:\/\/radioljubuski.ba\/index.php\/wp-json\/wp\/v2\/categories?post=193258"},{"taxonomy":"post_tag","embeddable":true,"href":"https:\/\/radioljubuski.ba\/index.php\/wp-json\/wp\/v2\/tags?post=193258"}],"curies":[{"name":"wp","href":"https:\/\/api.w.org\/{rel}","templated":true}]}}