{"id":19338,"date":"2021-05-07T13:57:20","date_gmt":"2021-05-07T12:57:20","guid":{"rendered":"https:\/\/radioljubuski.ba\/?p=19338"},"modified":"2021-05-07T13:57:21","modified_gmt":"2021-05-07T12:57:21","slug":"vlada-zupanije-sarajevo-usvojila-nove-mjere-pomjera-se-radno-vrijeme-kafica-restorana","status":"publish","type":"post","link":"https:\/\/radioljubuski.ba\/index.php\/2021\/05\/07\/vlada-zupanije-sarajevo-usvojila-nove-mjere-pomjera-se-radno-vrijeme-kafica-restorana\/","title":{"rendered":"Vlada \u017dupanije Sarajevo usvojila nove mjere: Pomjera se radno vrijeme kafi\u0107a, restorana"},"content":{"rendered":"\n<p>Uslijed pobolj\u0161anja epidemiolo\u0161ke situacije u \u017dupaniji Sarajevo, Vlada \u017dS donijela je danas zaklju\u010dak kojim se pomjera radno vrijeme do 22:30 sati poslovnim subjektima u \u017dupaniji Sarajevo \u010diji je rad, ranijim zaklju\u010dcima Vlade \u017dS, bio ograni\u010den do 20:00 sati.<\/p>\n\n\n\n<p>Zaklju\u010dkom je precizirano:<\/p>\n\n\n\n<p>&#8211; Dozvoljava se rad ugostiteljskim subjektima sa radnim vremenom do 22:30 sati, uz prisustvo maksimalno \u010detiri osobe za jednim stolom, a 20 osoba u objektu i 30 osoba na otvorenom prostoru (ba\u0161ta objekta), uz po\u0161tivanje svih higijensko-epidemiolo\u0161kih mjera;<\/p>\n\n\n\n<p>&#8211; Dozvoljava se rad djelatnosti kockanja i kla\u0111enja, sa radnim vremenom do 22:30 sati, uz po\u0161tivanje svih higijensko-epidemiolo\u0161kih mjera;<\/p>\n\n\n\n<p>&#8211; Dozvoljava se rad fitness centara i teretana sa radnim vremenom do 22:30 sati, uz po\u0161tivanje svih higijensko-epidemiolo\u0161kih mjera, ra\u010dunaju\u0107i da je za svaku osobu potrebno sedam metara kvadratnih neto, a ne vi\u0161e od 20 osoba;<\/p>\n\n\n\n<p>&#8211; Dozvoljava se rad wellness i spa centara sa radnim vremenom do 22:30 sati, uz po\u0161tivanje svih higijensko-epidemiolo\u0161kih mjera, ra\u010dunaju\u0107i da je za svaku osobu potrebno sedam metara kvadratnih neto, a ne vi\u0161e od 20 osoba;<\/p>\n\n\n\n<p>Uslijed pobolj\u0161anja epidemiolo\u0161ke situacije u \u017dupaniji Sarajevo, Vlada \u017dS donijela je danas zaklju\u010dak kojim se pomjera radno vrijeme do 22:30 sati poslovnim subjektima u \u017dupaniji Sarajevo \u010diji je rad, ranijim zaklju\u010dcima Vlade \u017dS, bio ograni\u010den do 20:00 sati.<\/p>\n\n\n\n<p>Izvor:pogled.ba<\/p>\n","protected":false},"excerpt":{"rendered":"<p>Uslijed pobolj\u0161anja epidemiolo\u0161ke situacije u \u017dupaniji Sarajevo, Vlada \u017dS donijela je danas zaklju\u010dak kojim se pomjera radno vrijeme do 22:30 sati poslovnim subjektima u \u017dupaniji Sarajevo \u010diji je rad, ranijim zaklju\u010dcima Vlade \u017dS, bio ograni\u010den do 20:00 sati. Zaklju\u010dkom je precizirano: &#8211; Dozvoljava se rad ugostiteljskim subjektima sa radnim vremenom do 22:30 sati, uz prisustvo [&hellip;]<\/p>\n","protected":false},"author":2,"featured_media":19339,"comment_status":"closed","ping_status":"closed","sticky":false,"template":"","format":"standard","meta":{"h5ap_radio_sources":[],"footnotes":""},"categories":[1],"tags":[],"class_list":["post-19338","post","type-post","status-publish","format-standard","has-post-thumbnail","hentry","category-bihiregija"],"yoast_head":"<!-- This site is optimized with the Yoast SEO plugin v27.5 - https:\/\/yoast.com\/product\/yoast-seo-wordpress\/ -->\n<title>Vlada \u017dupanije Sarajevo usvojila nove mjere: Pomjera se radno vrijeme kafi\u0107a, restorana - RADIO LJUBU\u0160KI<\/title>\n<meta name=\"robots\" content=\"index, follow, max-snippet:-1, max-image-preview:large, max-video-preview:-1\" \/>\n<link rel=\"canonical\" href=\"https:\/\/radioljubuski.ba\/index.php\/2021\/05\/07\/vlada-zupanije-sarajevo-usvojila-nove-mjere-pomjera-se-radno-vrijeme-kafica-restorana\/\" \/>\n<meta property=\"og:locale\" content=\"hr_HR\" \/>\n<meta property=\"og:type\" content=\"article\" \/>\n<meta property=\"og:title\" content=\"Vlada \u017dupanije Sarajevo usvojila nove mjere: Pomjera se radno vrijeme kafi\u0107a, restorana - RADIO LJUBU\u0160KI\" \/>\n<meta property=\"og:description\" content=\"Uslijed pobolj\u0161anja epidemiolo\u0161ke situacije u \u017dupaniji Sarajevo, Vlada \u017dS donijela je danas zaklju\u010dak kojim se pomjera radno vrijeme do 22:30 sati poslovnim subjektima u \u017dupaniji Sarajevo \u010diji je rad, ranijim zaklju\u010dcima Vlade \u017dS, bio ograni\u010den do 20:00 sati. Zaklju\u010dkom je precizirano: &#8211; Dozvoljava se rad ugostiteljskim subjektima sa radnim vremenom do 22:30 sati, uz prisustvo [&hellip;]\" \/>\n<meta property=\"og:url\" content=\"https:\/\/radioljubuski.ba\/index.php\/2021\/05\/07\/vlada-zupanije-sarajevo-usvojila-nove-mjere-pomjera-se-radno-vrijeme-kafica-restorana\/\" \/>\n<meta property=\"og:site_name\" content=\"RADIO LJUBU\u0160KI\" \/>\n<meta property=\"article:publisher\" content=\"https:\/\/www.facebook.com\/Radiio-Ljubuski-1490835324566332\" \/>\n<meta property=\"article:published_time\" content=\"2021-05-07T12:57:20+00:00\" \/>\n<meta property=\"article:modified_time\" content=\"2021-05-07T12:57:21+00:00\" \/>\n<meta property=\"og:image\" content=\"https:\/\/radioljubuski.ba\/wp-content\/uploads\/2021\/05\/sarajevo.jpg\" \/>\n\t<meta property=\"og:image:width\" content=\"1000\" \/>\n\t<meta property=\"og:image:height\" content=\"625\" \/>\n\t<meta property=\"og:image:type\" content=\"image\/jpeg\" \/>\n<meta name=\"author\" content=\"Radio Ljubu\u0161ki\" \/>\n<meta name=\"twitter:card\" content=\"summary_large_image\" \/>\n<meta name=\"twitter:creator\" content=\"@radioljubuski\" \/>\n<meta name=\"twitter:site\" content=\"@radioljubuski\" \/>\n<meta name=\"twitter:label1\" content=\"Napisao\/la\" \/>\n\t<meta name=\"twitter:data1\" content=\"Radio Ljubu\u0161ki\" \/>\n\t<meta name=\"twitter:label2\" content=\"Procijenjeno vrijeme \u010ditanja\" \/>\n\t<meta name=\"twitter:data2\" content=\"1 minuta\" \/>\n<script type=\"application\/ld+json\" class=\"yoast-schema-graph\">{\"@context\":\"https:\\\/\\\/schema.org\",\"@graph\":[{\"@type\":\"Article\",\"@id\":\"https:\\\/\\\/radioljubuski.ba\\\/index.php\\\/2021\\\/05\\\/07\\\/vlada-zupanije-sarajevo-usvojila-nove-mjere-pomjera-se-radno-vrijeme-kafica-restorana\\\/#article\",\"isPartOf\":{\"@id\":\"https:\\\/\\\/radioljubuski.ba\\\/index.php\\\/2021\\\/05\\\/07\\\/vlada-zupanije-sarajevo-usvojila-nove-mjere-pomjera-se-radno-vrijeme-kafica-restorana\\\/\"},\"author\":{\"name\":\"Radio Ljubu\u0161ki\",\"@id\":\"https:\\\/\\\/radioljubuski.ba\\\/#\\\/schema\\\/person\\\/19fc700381a780f69665d7956c469e3b\"},\"headline\":\"Vlada \u017dupanije Sarajevo usvojila nove mjere: Pomjera se radno vrijeme kafi\u0107a, restorana\",\"datePublished\":\"2021-05-07T12:57:20+00:00\",\"dateModified\":\"2021-05-07T12:57:21+00:00\",\"mainEntityOfPage\":{\"@id\":\"https:\\\/\\\/radioljubuski.ba\\\/index.php\\\/2021\\\/05\\\/07\\\/vlada-zupanije-sarajevo-usvojila-nove-mjere-pomjera-se-radno-vrijeme-kafica-restorana\\\/\"},\"wordCount\":239,\"publisher\":{\"@id\":\"https:\\\/\\\/radioljubuski.ba\\\/#organization\"},\"image\":{\"@id\":\"https:\\\/\\\/radioljubuski.ba\\\/index.php\\\/2021\\\/05\\\/07\\\/vlada-zupanije-sarajevo-usvojila-nove-mjere-pomjera-se-radno-vrijeme-kafica-restorana\\\/#primaryimage\"},\"thumbnailUrl\":\"https:\\\/\\\/radioljubuski.ba\\\/wp-content\\\/uploads\\\/2021\\\/05\\\/sarajevo.jpg\",\"articleSection\":[\"BIH i regija\"],\"inLanguage\":\"hr\"},{\"@type\":\"WebPage\",\"@id\":\"https:\\\/\\\/radioljubuski.ba\\\/index.php\\\/2021\\\/05\\\/07\\\/vlada-zupanije-sarajevo-usvojila-nove-mjere-pomjera-se-radno-vrijeme-kafica-restorana\\\/\",\"url\":\"https:\\\/\\\/radioljubuski.ba\\\/index.php\\\/2021\\\/05\\\/07\\\/vlada-zupanije-sarajevo-usvojila-nove-mjere-pomjera-se-radno-vrijeme-kafica-restorana\\\/\",\"name\":\"Vlada \u017dupanije Sarajevo usvojila nove mjere: Pomjera se radno vrijeme kafi\u0107a, restorana - RADIO LJUBU\u0160KI\",\"isPartOf\":{\"@id\":\"https:\\\/\\\/radioljubuski.ba\\\/#website\"},\"primaryImageOfPage\":{\"@id\":\"https:\\\/\\\/radioljubuski.ba\\\/index.php\\\/2021\\\/05\\\/07\\\/vlada-zupanije-sarajevo-usvojila-nove-mjere-pomjera-se-radno-vrijeme-kafica-restorana\\\/#primaryimage\"},\"image\":{\"@id\":\"https:\\\/\\\/radioljubuski.ba\\\/index.php\\\/2021\\\/05\\\/07\\\/vlada-zupanije-sarajevo-usvojila-nove-mjere-pomjera-se-radno-vrijeme-kafica-restorana\\\/#primaryimage\"},\"thumbnailUrl\":\"https:\\\/\\\/radioljubuski.ba\\\/wp-content\\\/uploads\\\/2021\\\/05\\\/sarajevo.jpg\",\"datePublished\":\"2021-05-07T12:57:20+00:00\",\"dateModified\":\"2021-05-07T12:57:21+00:00\",\"breadcrumb\":{\"@id\":\"https:\\\/\\\/radioljubuski.ba\\\/index.php\\\/2021\\\/05\\\/07\\\/vlada-zupanije-sarajevo-usvojila-nove-mjere-pomjera-se-radno-vrijeme-kafica-restorana\\\/#breadcrumb\"},\"inLanguage\":\"hr\",\"potentialAction\":[{\"@type\":\"ReadAction\",\"target\":[\"https:\\\/\\\/radioljubuski.ba\\\/index.php\\\/2021\\\/05\\\/07\\\/vlada-zupanije-sarajevo-usvojila-nove-mjere-pomjera-se-radno-vrijeme-kafica-restorana\\\/\"]}]},{\"@type\":\"ImageObject\",\"inLanguage\":\"hr\",\"@id\":\"https:\\\/\\\/radioljubuski.ba\\\/index.php\\\/2021\\\/05\\\/07\\\/vlada-zupanije-sarajevo-usvojila-nove-mjere-pomjera-se-radno-vrijeme-kafica-restorana\\\/#primaryimage\",\"url\":\"https:\\\/\\\/radioljubuski.ba\\\/wp-content\\\/uploads\\\/2021\\\/05\\\/sarajevo.jpg\",\"contentUrl\":\"https:\\\/\\\/radioljubuski.ba\\\/wp-content\\\/uploads\\\/2021\\\/05\\\/sarajevo.jpg\",\"width\":1000,\"height\":625},{\"@type\":\"BreadcrumbList\",\"@id\":\"https:\\\/\\\/radioljubuski.ba\\\/index.php\\\/2021\\\/05\\\/07\\\/vlada-zupanije-sarajevo-usvojila-nove-mjere-pomjera-se-radno-vrijeme-kafica-restorana\\\/#breadcrumb\",\"itemListElement\":[{\"@type\":\"ListItem\",\"position\":1,\"name\":\"Po\u010detna stranica\",\"item\":\"https:\\\/\\\/radioljubuski.ba\\\/\"},{\"@type\":\"ListItem\",\"position\":2,\"name\":\"Vlada \u017dupanije Sarajevo usvojila nove mjere: Pomjera se radno vrijeme kafi\u0107a, restorana\"}]},{\"@type\":\"WebSite\",\"@id\":\"https:\\\/\\\/radioljubuski.ba\\\/#website\",\"url\":\"https:\\\/\\\/radioljubuski.ba\\\/\",\"name\":\"Radio Ljubu\u0161ki\",\"description\":\"Sun\u010dana frekvencija Hercegovine\",\"publisher\":{\"@id\":\"https:\\\/\\\/radioljubuski.ba\\\/#organization\"},\"potentialAction\":[{\"@type\":\"SearchAction\",\"target\":{\"@type\":\"EntryPoint\",\"urlTemplate\":\"https:\\\/\\\/radioljubuski.ba\\\/?s={search_term_string}\"},\"query-input\":{\"@type\":\"PropertyValueSpecification\",\"valueRequired\":true,\"valueName\":\"search_term_string\"}}],\"inLanguage\":\"hr\"},{\"@type\":\"Organization\",\"@id\":\"https:\\\/\\\/radioljubuski.ba\\\/#organization\",\"name\":\"Radio Ljubu\u0161ki\",\"url\":\"https:\\\/\\\/radioljubuski.ba\\\/\",\"logo\":{\"@type\":\"ImageObject\",\"inLanguage\":\"hr\",\"@id\":\"https:\\\/\\\/radioljubuski.ba\\\/#\\\/schema\\\/logo\\\/image\\\/\",\"url\":\"https:\\\/\\\/radioljubuski.ba\\\/wp-content\\\/uploads\\\/2021\\\/02\\\/cropped-Radio_Ljubuski_logo1.jpg\",\"contentUrl\":\"https:\\\/\\\/radioljubuski.ba\\\/wp-content\\\/uploads\\\/2021\\\/02\\\/cropped-Radio_Ljubuski_logo1.jpg\",\"width\":512,\"height\":512,\"caption\":\"Radio Ljubu\u0161ki\"},\"image\":{\"@id\":\"https:\\\/\\\/radioljubuski.ba\\\/#\\\/schema\\\/logo\\\/image\\\/\"},\"sameAs\":[\"https:\\\/\\\/www.facebook.com\\\/Radiio-Ljubuski-1490835324566332\",\"https:\\\/\\\/x.com\\\/radioljubuski\",\"https:\\\/\\\/hr.linkedin.com\\\/company\\\/radio-ljubuski\",\"https:\\\/\\\/www.youtube.com\\\/channel\\\/UCHYaeO_n0Db3tjNGudGpXyw\"]},{\"@type\":\"Person\",\"@id\":\"https:\\\/\\\/radioljubuski.ba\\\/#\\\/schema\\\/person\\\/19fc700381a780f69665d7956c469e3b\",\"name\":\"Radio Ljubu\u0161ki\"}]}<\/script>\n<!-- \/ Yoast SEO plugin. -->","yoast_head_json":{"title":"Vlada \u017dupanije Sarajevo usvojila nove mjere: Pomjera se radno vrijeme kafi\u0107a, restorana - RADIO LJUBU\u0160KI","robots":{"index":"index","follow":"follow","max-snippet":"max-snippet:-1","max-image-preview":"max-image-preview:large","max-video-preview":"max-video-preview:-1"},"canonical":"https:\/\/radioljubuski.ba\/index.php\/2021\/05\/07\/vlada-zupanije-sarajevo-usvojila-nove-mjere-pomjera-se-radno-vrijeme-kafica-restorana\/","og_locale":"hr_HR","og_type":"article","og_title":"Vlada \u017dupanije Sarajevo usvojila nove mjere: Pomjera se radno vrijeme kafi\u0107a, restorana - RADIO LJUBU\u0160KI","og_description":"Uslijed pobolj\u0161anja epidemiolo\u0161ke situacije u \u017dupaniji Sarajevo, Vlada \u017dS donijela je danas zaklju\u010dak kojim se pomjera radno vrijeme do 22:30 sati poslovnim subjektima u \u017dupaniji Sarajevo \u010diji je rad, ranijim zaklju\u010dcima Vlade \u017dS, bio ograni\u010den do 20:00 sati. Zaklju\u010dkom je precizirano: &#8211; Dozvoljava se rad ugostiteljskim subjektima sa radnim vremenom do 22:30 sati, uz prisustvo [&hellip;]","og_url":"https:\/\/radioljubuski.ba\/index.php\/2021\/05\/07\/vlada-zupanije-sarajevo-usvojila-nove-mjere-pomjera-se-radno-vrijeme-kafica-restorana\/","og_site_name":"RADIO LJUBU\u0160KI","article_publisher":"https:\/\/www.facebook.com\/Radiio-Ljubuski-1490835324566332","article_published_time":"2021-05-07T12:57:20+00:00","article_modified_time":"2021-05-07T12:57:21+00:00","og_image":[{"width":1000,"height":625,"url":"https:\/\/radioljubuski.ba\/wp-content\/uploads\/2021\/05\/sarajevo.jpg","type":"image\/jpeg"}],"author":"Radio Ljubu\u0161ki","twitter_card":"summary_large_image","twitter_creator":"@radioljubuski","twitter_site":"@radioljubuski","twitter_misc":{"Napisao\/la":"Radio Ljubu\u0161ki","Procijenjeno vrijeme \u010ditanja":"1 minuta"},"schema":{"@context":"https:\/\/schema.org","@graph":[{"@type":"Article","@id":"https:\/\/radioljubuski.ba\/index.php\/2021\/05\/07\/vlada-zupanije-sarajevo-usvojila-nove-mjere-pomjera-se-radno-vrijeme-kafica-restorana\/#article","isPartOf":{"@id":"https:\/\/radioljubuski.ba\/index.php\/2021\/05\/07\/vlada-zupanije-sarajevo-usvojila-nove-mjere-pomjera-se-radno-vrijeme-kafica-restorana\/"},"author":{"name":"Radio Ljubu\u0161ki","@id":"https:\/\/radioljubuski.ba\/#\/schema\/person\/19fc700381a780f69665d7956c469e3b"},"headline":"Vlada \u017dupanije Sarajevo usvojila nove mjere: Pomjera se radno vrijeme kafi\u0107a, restorana","datePublished":"2021-05-07T12:57:20+00:00","dateModified":"2021-05-07T12:57:21+00:00","mainEntityOfPage":{"@id":"https:\/\/radioljubuski.ba\/index.php\/2021\/05\/07\/vlada-zupanije-sarajevo-usvojila-nove-mjere-pomjera-se-radno-vrijeme-kafica-restorana\/"},"wordCount":239,"publisher":{"@id":"https:\/\/radioljubuski.ba\/#organization"},"image":{"@id":"https:\/\/radioljubuski.ba\/index.php\/2021\/05\/07\/vlada-zupanije-sarajevo-usvojila-nove-mjere-pomjera-se-radno-vrijeme-kafica-restorana\/#primaryimage"},"thumbnailUrl":"https:\/\/radioljubuski.ba\/wp-content\/uploads\/2021\/05\/sarajevo.jpg","articleSection":["BIH i regija"],"inLanguage":"hr"},{"@type":"WebPage","@id":"https:\/\/radioljubuski.ba\/index.php\/2021\/05\/07\/vlada-zupanije-sarajevo-usvojila-nove-mjere-pomjera-se-radno-vrijeme-kafica-restorana\/","url":"https:\/\/radioljubuski.ba\/index.php\/2021\/05\/07\/vlada-zupanije-sarajevo-usvojila-nove-mjere-pomjera-se-radno-vrijeme-kafica-restorana\/","name":"Vlada \u017dupanije Sarajevo usvojila nove mjere: Pomjera se radno vrijeme kafi\u0107a, restorana - RADIO LJUBU\u0160KI","isPartOf":{"@id":"https:\/\/radioljubuski.ba\/#website"},"primaryImageOfPage":{"@id":"https:\/\/radioljubuski.ba\/index.php\/2021\/05\/07\/vlada-zupanije-sarajevo-usvojila-nove-mjere-pomjera-se-radno-vrijeme-kafica-restorana\/#primaryimage"},"image":{"@id":"https:\/\/radioljubuski.ba\/index.php\/2021\/05\/07\/vlada-zupanije-sarajevo-usvojila-nove-mjere-pomjera-se-radno-vrijeme-kafica-restorana\/#primaryimage"},"thumbnailUrl":"https:\/\/radioljubuski.ba\/wp-content\/uploads\/2021\/05\/sarajevo.jpg","datePublished":"2021-05-07T12:57:20+00:00","dateModified":"2021-05-07T12:57:21+00:00","breadcrumb":{"@id":"https:\/\/radioljubuski.ba\/index.php\/2021\/05\/07\/vlada-zupanije-sarajevo-usvojila-nove-mjere-pomjera-se-radno-vrijeme-kafica-restorana\/#breadcrumb"},"inLanguage":"hr","potentialAction":[{"@type":"ReadAction","target":["https:\/\/radioljubuski.ba\/index.php\/2021\/05\/07\/vlada-zupanije-sarajevo-usvojila-nove-mjere-pomjera-se-radno-vrijeme-kafica-restorana\/"]}]},{"@type":"ImageObject","inLanguage":"hr","@id":"https:\/\/radioljubuski.ba\/index.php\/2021\/05\/07\/vlada-zupanije-sarajevo-usvojila-nove-mjere-pomjera-se-radno-vrijeme-kafica-restorana\/#primaryimage","url":"https:\/\/radioljubuski.ba\/wp-content\/uploads\/2021\/05\/sarajevo.jpg","contentUrl":"https:\/\/radioljubuski.ba\/wp-content\/uploads\/2021\/05\/sarajevo.jpg","width":1000,"height":625},{"@type":"BreadcrumbList","@id":"https:\/\/radioljubuski.ba\/index.php\/2021\/05\/07\/vlada-zupanije-sarajevo-usvojila-nove-mjere-pomjera-se-radno-vrijeme-kafica-restorana\/#breadcrumb","itemListElement":[{"@type":"ListItem","position":1,"name":"Po\u010detna stranica","item":"https:\/\/radioljubuski.ba\/"},{"@type":"ListItem","position":2,"name":"Vlada \u017dupanije Sarajevo usvojila nove mjere: Pomjera se radno vrijeme kafi\u0107a, restorana"}]},{"@type":"WebSite","@id":"https:\/\/radioljubuski.ba\/#website","url":"https:\/\/radioljubuski.ba\/","name":"Radio Ljubu\u0161ki","description":"Sun\u010dana frekvencija Hercegovine","publisher":{"@id":"https:\/\/radioljubuski.ba\/#organization"},"potentialAction":[{"@type":"SearchAction","target":{"@type":"EntryPoint","urlTemplate":"https:\/\/radioljubuski.ba\/?s={search_term_string}"},"query-input":{"@type":"PropertyValueSpecification","valueRequired":true,"valueName":"search_term_string"}}],"inLanguage":"hr"},{"@type":"Organization","@id":"https:\/\/radioljubuski.ba\/#organization","name":"Radio Ljubu\u0161ki","url":"https:\/\/radioljubuski.ba\/","logo":{"@type":"ImageObject","inLanguage":"hr","@id":"https:\/\/radioljubuski.ba\/#\/schema\/logo\/image\/","url":"https:\/\/radioljubuski.ba\/wp-content\/uploads\/2021\/02\/cropped-Radio_Ljubuski_logo1.jpg","contentUrl":"https:\/\/radioljubuski.ba\/wp-content\/uploads\/2021\/02\/cropped-Radio_Ljubuski_logo1.jpg","width":512,"height":512,"caption":"Radio Ljubu\u0161ki"},"image":{"@id":"https:\/\/radioljubuski.ba\/#\/schema\/logo\/image\/"},"sameAs":["https:\/\/www.facebook.com\/Radiio-Ljubuski-1490835324566332","https:\/\/x.com\/radioljubuski","https:\/\/hr.linkedin.com\/company\/radio-ljubuski","https:\/\/www.youtube.com\/channel\/UCHYaeO_n0Db3tjNGudGpXyw"]},{"@type":"Person","@id":"https:\/\/radioljubuski.ba\/#\/schema\/person\/19fc700381a780f69665d7956c469e3b","name":"Radio Ljubu\u0161ki"}]}},"_links":{"self":[{"href":"https:\/\/radioljubuski.ba\/index.php\/wp-json\/wp\/v2\/posts\/19338","targetHints":{"allow":["GET"]}}],"collection":[{"href":"https:\/\/radioljubuski.ba\/index.php\/wp-json\/wp\/v2\/posts"}],"about":[{"href":"https:\/\/radioljubuski.ba\/index.php\/wp-json\/wp\/v2\/types\/post"}],"author":[{"embeddable":true,"href":"https:\/\/radioljubuski.ba\/index.php\/wp-json\/wp\/v2\/users\/2"}],"replies":[{"embeddable":true,"href":"https:\/\/radioljubuski.ba\/index.php\/wp-json\/wp\/v2\/comments?post=19338"}],"version-history":[{"count":1,"href":"https:\/\/radioljubuski.ba\/index.php\/wp-json\/wp\/v2\/posts\/19338\/revisions"}],"predecessor-version":[{"id":19340,"href":"https:\/\/radioljubuski.ba\/index.php\/wp-json\/wp\/v2\/posts\/19338\/revisions\/19340"}],"wp:featuredmedia":[{"embeddable":true,"href":"https:\/\/radioljubuski.ba\/index.php\/wp-json\/wp\/v2\/media\/19339"}],"wp:attachment":[{"href":"https:\/\/radioljubuski.ba\/index.php\/wp-json\/wp\/v2\/media?parent=19338"}],"wp:term":[{"taxonomy":"category","embeddable":true,"href":"https:\/\/radioljubuski.ba\/index.php\/wp-json\/wp\/v2\/categories?post=19338"},{"taxonomy":"post_tag","embeddable":true,"href":"https:\/\/radioljubuski.ba\/index.php\/wp-json\/wp\/v2\/tags?post=19338"}],"curies":[{"name":"wp","href":"https:\/\/api.w.org\/{rel}","templated":true}]}}