{"id":193385,"date":"2023-07-26T08:27:26","date_gmt":"2023-07-26T07:27:26","guid":{"rendered":"https:\/\/radioljubuski.ba\/?p=193385"},"modified":"2023-07-26T08:27:29","modified_gmt":"2023-07-26T07:27:29","slug":"sluzbeni-glasnik-4-agram-mnl-mz-grada-ljubuskog","status":"publish","type":"post","link":"https:\/\/radioljubuski.ba\/index.php\/2023\/07\/26\/sluzbeni-glasnik-4-agram-mnl-mz-grada-ljubuskog\/","title":{"rendered":"Slu\u017ebeni Glasnik |4| AGRAM MNL MZ Grada Ljubu\u0161kog"},"content":{"rendered":"\n<figure class=\"wp-block-gallery has-nested-images columns-default is-cropped wp-block-gallery-1 is-layout-flex wp-block-gallery-is-layout-flex\">\n<figure class=\"wp-block-image size-large\"><img loading=\"lazy\" decoding=\"async\" width=\"1024\" height=\"682\" data-id=\"193396\" src=\"https:\/\/radioljubuski.ba\/wp-content\/uploads\/2023\/07\/363320041_674805077998440_6496517584677913097_n-1024x682.jpg\" alt=\"\" class=\"wp-image-193396\" srcset=\"https:\/\/radioljubuski.ba\/wp-content\/uploads\/2023\/07\/363320041_674805077998440_6496517584677913097_n-1024x682.jpg 1024w, https:\/\/radioljubuski.ba\/wp-content\/uploads\/2023\/07\/363320041_674805077998440_6496517584677913097_n-300x200.jpg 300w, https:\/\/radioljubuski.ba\/wp-content\/uploads\/2023\/07\/363320041_674805077998440_6496517584677913097_n-768x512.jpg 768w, https:\/\/radioljubuski.ba\/wp-content\/uploads\/2023\/07\/363320041_674805077998440_6496517584677913097_n.jpg 1201w\" sizes=\"auto, (max-width: 1024px) 100vw, 1024px\" \/><\/figure>\n\n\n\n<figure class=\"wp-block-image size-large\"><img loading=\"lazy\" decoding=\"async\" width=\"1024\" height=\"682\" data-id=\"193397\" src=\"https:\/\/radioljubuski.ba\/wp-content\/uploads\/2023\/07\/363332514_674805107998437_9112171094176980198_n-1024x682.jpg\" alt=\"\" class=\"wp-image-193397\" srcset=\"https:\/\/radioljubuski.ba\/wp-content\/uploads\/2023\/07\/363332514_674805107998437_9112171094176980198_n-1024x682.jpg 1024w, https:\/\/radioljubuski.ba\/wp-content\/uploads\/2023\/07\/363332514_674805107998437_9112171094176980198_n-300x200.jpg 300w, https:\/\/radioljubuski.ba\/wp-content\/uploads\/2023\/07\/363332514_674805107998437_9112171094176980198_n-768x512.jpg 768w, https:\/\/radioljubuski.ba\/wp-content\/uploads\/2023\/07\/363332514_674805107998437_9112171094176980198_n.jpg 1201w\" sizes=\"auto, (max-width: 1024px) 100vw, 1024px\" \/><\/figure>\n\n\n\n<figure class=\"wp-block-image size-large\"><img loading=\"lazy\" decoding=\"async\" width=\"1024\" height=\"682\" data-id=\"193398\" src=\"https:\/\/radioljubuski.ba\/wp-content\/uploads\/2023\/07\/363377301_674803581331923_1212502040465891439_n-2-1024x682.jpg\" alt=\"\" class=\"wp-image-193398\" srcset=\"https:\/\/radioljubuski.ba\/wp-content\/uploads\/2023\/07\/363377301_674803581331923_1212502040465891439_n-2-1024x682.jpg 1024w, https:\/\/radioljubuski.ba\/wp-content\/uploads\/2023\/07\/363377301_674803581331923_1212502040465891439_n-2-300x200.jpg 300w, https:\/\/radioljubuski.ba\/wp-content\/uploads\/2023\/07\/363377301_674803581331923_1212502040465891439_n-2-768x512.jpg 768w, https:\/\/radioljubuski.ba\/wp-content\/uploads\/2023\/07\/363377301_674803581331923_1212502040465891439_n-2.jpg 1201w\" sizes=\"auto, (max-width: 1024px) 100vw, 1024px\" \/><\/figure>\n\n\n\n<figure class=\"wp-block-image size-large\"><img loading=\"lazy\" decoding=\"async\" width=\"1024\" height=\"682\" data-id=\"193399\" src=\"https:\/\/radioljubuski.ba\/wp-content\/uploads\/2023\/07\/363413640_674803717998576_2250073042231437155_n-1-1024x682.jpg\" alt=\"\" class=\"wp-image-193399\" srcset=\"https:\/\/radioljubuski.ba\/wp-content\/uploads\/2023\/07\/363413640_674803717998576_2250073042231437155_n-1-1024x682.jpg 1024w, https:\/\/radioljubuski.ba\/wp-content\/uploads\/2023\/07\/363413640_674803717998576_2250073042231437155_n-1-300x200.jpg 300w, https:\/\/radioljubuski.ba\/wp-content\/uploads\/2023\/07\/363413640_674803717998576_2250073042231437155_n-1-768x512.jpg 768w, https:\/\/radioljubuski.ba\/wp-content\/uploads\/2023\/07\/363413640_674803717998576_2250073042231437155_n-1.jpg 1201w\" sizes=\"auto, (max-width: 1024px) 100vw, 1024px\" \/><\/figure>\n\n\n\n<figure class=\"wp-block-image size-large\"><img loading=\"lazy\" decoding=\"async\" width=\"1024\" height=\"682\" data-id=\"193401\" src=\"https:\/\/radioljubuski.ba\/wp-content\/uploads\/2023\/07\/363417502_674804277998520_8443193957763192408_n-1-1024x682.jpg\" alt=\"\" class=\"wp-image-193401\" srcset=\"https:\/\/radioljubuski.ba\/wp-content\/uploads\/2023\/07\/363417502_674804277998520_8443193957763192408_n-1-1024x682.jpg 1024w, https:\/\/radioljubuski.ba\/wp-content\/uploads\/2023\/07\/363417502_674804277998520_8443193957763192408_n-1-300x200.jpg 300w, https:\/\/radioljubuski.ba\/wp-content\/uploads\/2023\/07\/363417502_674804277998520_8443193957763192408_n-1-768x512.jpg 768w, https:\/\/radioljubuski.ba\/wp-content\/uploads\/2023\/07\/363417502_674804277998520_8443193957763192408_n-1.jpg 1201w\" sizes=\"auto, (max-width: 1024px) 100vw, 1024px\" \/><\/figure>\n<\/figure>\n\n\n\n<p><strong>Temeljem Propozicija natjecanja Agram 19. MNL MZ Grada Ljubu\u0161kog te Propozicija natjecanja Agram 12. MNL MZ Grada Ljubu\u0161kog igra\u010da do 16. godina starosti, Povjerenik natjecanja u prvom stupnju registrira sve utakmice odigrane, 25.7. 2023. godine postignutim rezultatom.<\/strong><\/p>\n\n\n\n<p><strong>AGRAM 12. LIGA IGRA\u010cA DO 16 GODINA STAROSTI<\/strong><\/p>\n\n\n\n<p><strong>SKUPINA (C)<\/strong><\/p>\n\n\n\n<ol class=\"wp-block-list\">\n<li><strong>\u0160IPOVA\u0106A\/VOJ. \u2013 OTOK\/GRABOV. &nbsp;2:2 (1:0),<\/strong>&nbsp;Strijelci: (1:0, An\u0111elo Muci\u0107 10&#8242;), (1:1, Zvonimir Mi\u0161eti\u0107 18&#8242;), (1:2, Josip Petru\u0161i\u0107 28&#8242;), (2:2, An\u0111elo Muci\u0107 20&#8242;)<\/li>\n<\/ol>\n\n\n\n<p><strong>LJESTVICA SKUPINE (B)<\/strong><\/p>\n\n\n\n<figure class=\"wp-block-table\"><table><tbody><tr><td><strong>R.B.<\/strong><\/td><td><strong>EKIPA<\/strong><\/td><td><strong>UT<\/strong><\/td><td><strong>SKOR (P\/N\/P)<\/strong><\/td><td><strong>GOL RAZLIKA<\/strong><\/td><td><strong>BODOVI<\/strong><\/td><\/tr><tr><td><strong>1.<\/strong><\/td><td><strong>OTOK\/GRABOVNIK<\/strong><\/td><td><strong>1<\/strong><\/td><td><strong>0:1:0<\/strong><\/td><td><strong>2:2<\/strong><\/td><td><strong>1<\/strong><\/td><\/tr><tr><td><strong>2.<\/strong><\/td><td>\u0160IPOVA\u010cA\/VOJNI\u0106I<\/td><td>1<\/td><td>0:1:0<\/td><td>2:2<\/td><td>1<\/td><\/tr><tr><td><strong>3.<\/strong><\/td><td>LJUBU\u0160KI<\/td><td>0<\/td><td>0:0:0<\/td><td>0:0<\/td><td>0<\/td><\/tr><\/tbody><\/table><\/figure>\n\n\n\n<p><strong>Strijelci (Liga mladih)<\/strong><\/p>\n\n\n\n<figure class=\"wp-block-table\"><table><tbody><tr><td><strong>Redni broj<\/strong><\/td><td><strong>Ime i Prezime<\/strong><\/td><td><strong>Mom\u010dad<\/strong><\/td><td><strong>Broj golova<\/strong><\/td><td><strong>Ukupno<\/strong><\/td><\/tr><tr><td><strong>1.<\/strong><\/td><td>Ivan Luburi\u0107<\/td><td>Studenci<\/td><td>1,<\/td><td>1<\/td><\/tr><tr><td><strong>2.<\/strong><\/td><td>Ivan Bari\u0161i\u0107<\/td><td>Studenci<\/td><td>1,1<\/td><td>2<\/td><\/tr><tr><td><strong>3.<\/strong><\/td><td>Ante Marki\u0107<\/td><td>Ljubu\u0161ki 2<\/td><td>1,1,<\/td><td>2<\/td><\/tr><tr><td><strong>4.<\/strong><\/td><td>Mihael Medi\u0107<\/td><td>Radi\u0161i\u0107i<\/td><td>1,1,<\/td><td>2<\/td><\/tr><tr><td><strong>5.<\/strong><\/td><td>Petar Zlopa\u0161a<\/td><td>Radi\u0161i\u0107i<\/td><td>1,<\/td><td>1<\/td><\/tr><tr><td><strong>6<\/strong><\/td><td>Mile Muci\u0107<\/td><td>Cerno\/M.\/C.<\/td><td>1,<\/td><td>1<\/td><\/tr><tr><td><strong>7.<\/strong><\/td><td>Marko Ili\u0107<\/td><td>Cerno\/M.\/C.<\/td><td>1,1,<\/td><td>2<\/td><\/tr><tr><td><strong>8.<\/strong><\/td><td>Blago Vu\u010di\u0107<\/td><td>Cerno\/M.\/C.<\/td><td>1,<\/td><td>1<\/td><\/tr><tr><td><strong>9.<\/strong><\/td><td><strong>Ivan Ra\u0161i\u0107<\/strong><\/td><td><strong>Klobuk<\/strong><\/td><td><strong>1,1,1,<\/strong><\/td><td><strong>3<\/strong><\/td><\/tr><tr><td><strong>10.<\/strong><\/td><td>Petar Zadro<\/td><td>Klobuk<\/td><td>1,<\/td><td>1<\/td><\/tr><tr><td><strong>11.<\/strong><\/td><td>Ante Vegar<\/td><td>Va\u0161arovi\u0107i<\/td><td>1,1,<\/td><td>2<\/td><\/tr><tr><td><strong>12.<\/strong><\/td><td>An\u0111elo Muci\u0107<\/td><td>\u0160ipova\u010da\/Vojni\u0107i<\/td><td>1,1,<\/td><td>2<\/td><\/tr><tr><td><strong>13.<\/strong><\/td><td>Zvonimir Mi\u0161eti\u0107<\/td><td>Otok\/Grabovnik<\/td><td>1,<\/td><td>1<\/td><\/tr><tr><td><strong>14.<\/strong><\/td><td>Josip Petru\u0161i\u0107<\/td><td>Otok\/Grabovnik<\/td><td>1,<\/td><td>1<\/td><\/tr><\/tbody><\/table><\/figure>\n\n\n\n<p><strong>\u017duti kartoni (mladi)<\/strong><\/p>\n\n\n\n<figure class=\"wp-block-table\"><table><tbody><tr><td><strong>Redni broj<\/strong><\/td><td><strong>Ime i Prezime<\/strong><\/td><td><strong>Mom\u010dad<\/strong><\/td><td><strong>\u017duti kartoni<\/strong><\/td><td><strong>Ukupno<\/strong><\/td><\/tr><tr><td><strong>1.<\/strong><\/td><td>\u0160imun Dugand\u017ei\u0107<\/td><td>Cerno\/M.\/C.<\/td><td>1,<\/td><td>1<\/td><\/tr><tr><td><strong>2.<\/strong><\/td><td>An\u0111elo Muci\u0107<\/td><td>\u0160ipova\u010da\/Vojni\u0107i<\/td><td>1,<\/td><td>1<\/td><\/tr><\/tbody><\/table><\/figure>\n\n\n\n<p><strong>AGRAM 19. MNL MZ GRADA LJUBU\u0160KOG<\/strong><\/p>\n\n\n\n<p><strong>SKUPINA (B)<\/strong><\/p>\n\n\n\n<ol class=\"wp-block-list\">\n<li><strong>PROLOG \u2013 VELJACI &nbsp;2:5 (1:2),<\/strong>&nbsp;Strijelci: (0:1, &nbsp;Dragan Jelavi\u0107 1&#8242;), (0:2, Ante Jalavi\u0107 2&#8242;), (1:2, Dominik Herceg 8&#8242;), (1:3, Ante Jelavi\u0107 34&#8242;), (2:3, Mate Herceg 37&#8242;), (2:4, Ilija Mi\u0161eti\u0107 40&#8242;), (2:5, Ilija Mi\u0161eti\u0107 40&#8242;),<\/li>\n\n\n\n<li><strong>LJUBU\u0160KI \u2013 CERNO\/M.\/C. 2:4 (2:2),<\/strong>&nbsp;Strijelci: (0:1,&nbsp; Tomislav Vu\u010di\u0107 2&#8242;), (0:2,&nbsp; Tomislav Vu\u010di\u0107 6&#8242;), (1:2, Marko \u010culjak 7&#8242;), (2:2, Antonio \u010culjak 20&#8242;), (2:3, Franjo Vu\u010di\u0107 37&#8242;), (2:4,&nbsp; Tomislav Vu\u010di\u0107 38&#8242;),<\/li>\n<\/ol>\n\n\n\n<p><strong>LJESTVICA SKUPINE (A)<\/strong><\/p>\n\n\n\n<figure class=\"wp-block-table\"><table><tbody><tr><td><strong>R.B.<\/strong><\/td><td><strong>EKIPA<\/strong><\/td><td><strong>UT<\/strong><\/td><td><strong>SKOR (P\/N\/P)<\/strong><\/td><td><strong>GOL RAZLIKA<\/strong><\/td><td><strong>BODOVI<\/strong><\/td><\/tr><tr><td><strong>1.<\/strong><\/td><td><strong>CERNO\/M.\/C.<\/strong><\/td><td><strong>2<\/strong><\/td><td><strong>2:0:0<\/strong><\/td><td><strong>5:2<\/strong><\/td><td><strong>6<\/strong><\/td><\/tr><tr><td><strong>2.<\/strong><\/td><td>VELJACI<\/td><td>2<\/td><td>1:0:1<\/td><td>6:4<\/td><td>3<\/td><\/tr><tr><td><strong>3.<\/strong><\/td><td>LJUBU\u0160KI 2<\/td><td>1<\/td><td>1:0:0<\/td><td>2:1<\/td><td>3<\/td><\/tr><tr><td><strong>4.<\/strong><\/td><td>LJUBU\u0160KI<\/td><td>2<\/td><td>0:0:1<\/td><td>2:4<\/td><td>0<\/td><\/tr><tr><td><strong>5.<\/strong><\/td><td>PROLOG<\/td><td>2<\/td><td>0:0:2<\/td><td>2:6<\/td><td>0<\/td><\/tr><\/tbody><\/table><\/figure>\n\n\n\n<p><strong>Strijelci (seniori)<\/strong><\/p>\n\n\n\n<figure class=\"wp-block-table\"><table><tbody><tr><td><strong>Redni broj<\/strong><\/td><td><strong>Ime i Prezime<\/strong><\/td><td><strong>Mom\u010dad<\/strong><\/td><td><strong>Broj golova<\/strong><\/td><td><strong>Ukupno<\/strong><\/td><\/tr><tr><td><strong>1.<\/strong><\/td><td>Franjo Vu\u010di\u0107<\/td><td>Cerno\/M.\/C.<\/td><td>1,1,<\/td><td>2<\/td><\/tr><tr><td><strong>2.<\/strong><\/td><td><strong>Drago Jelavi\u0107<\/strong><\/td><td><strong>Teskera<\/strong><\/td><td><strong>1,1,1,<\/strong><\/td><td><strong>3<\/strong><\/td><\/tr><tr><td><strong>3.<\/strong><\/td><td>Marin Pehar<\/td><td>Stubica\/Z.\/B.<\/td><td>1,1,<\/td><td>2<\/td><\/tr><tr><td><strong>4.<\/strong><\/td><td>Bruno Jelavi\u0107<\/td><td>Teskera<\/td><td>1,<\/td><td>1<\/td><\/tr><tr><td><strong>5.<\/strong><\/td><td>Toni Zovko<\/td><td>Ljubu\u0161ki 2<\/td><td>1,1,<\/td><td>2<\/td><\/tr><tr><td><strong>6.<\/strong><\/td><td>Pero Pulji\u0107<\/td><td>Va\u0161arovi\u0107i<\/td><td>1,1,<\/td><td>2<\/td><\/tr><tr><td><strong>7.<\/strong><\/td><td>Ivan Pulji\u0107<\/td><td>Va\u0161arovi\u0107i<\/td><td>1,1,<\/td><td>2<\/td><\/tr><tr><td><strong>8.<\/strong><\/td><td>Luka Bebek<\/td><td>Pregra\u0111e<\/td><td>1,<\/td><td>1<\/td><\/tr><tr><td><strong>9.<\/strong><\/td><td>Tomislav Bo\u0161njak<\/td><td>Pregra\u0111e<\/td><td>1,1,<\/td><td>2<\/td><\/tr><tr><td><strong>10.<\/strong><\/td><td>Luka Herceg<\/td><td>Crveni Grm<\/td><td>1,<\/td><td>1<\/td><\/tr><tr><td><strong>11.<\/strong><\/td><td>Filip Bebek<\/td><td>Pregra\u0111e<\/td><td>1,<\/td><td>1<\/td><\/tr><tr><td><strong>12.<\/strong><\/td><td>Marko Bo\u0161njak<\/td><td>Pregra\u0111e<\/td><td>1,<\/td><td>1<\/td><\/tr><tr><td><strong>13.<\/strong><\/td><td>Mateo Mucic<\/td><td>Pregra\u0111e<\/td><td>1,<\/td><td>1<\/td><\/tr><tr><td><strong>14.<\/strong><\/td><td>Stanko Mi\u0161eti\u0107<\/td><td>Vitina<\/td><td>1,<\/td><td>1<\/td><\/tr><tr><td><strong>15.<\/strong><\/td><td>Jakov Bebek<\/td><td>\u0160ipova\u010da<\/td><td>1,<\/td><td>1<\/td><\/tr><tr><td><strong>16.<\/strong><\/td><td>Dario Grbavac<\/td><td>\u0160ipova\u010da<\/td><td>1,<\/td><td>1<\/td><\/tr><tr><td><strong>17.<\/strong><\/td><td>Drago Vu\u010di\u0107<\/td><td>Vitina<\/td><td>1,<\/td><td>1<\/td><\/tr><tr><td><strong>18.<\/strong><\/td><td>Dragan Jelavi\u0107<\/td><td>Veljaci<\/td><td>1,<\/td><td>1<\/td><\/tr><tr><td><strong>19.<\/strong><\/td><td>Ante Jelavi\u0107<\/td><td>Veljaci<\/td><td>1,1,<\/td><td>2<\/td><\/tr><tr><td><strong>20.<\/strong><\/td><td>Dominik Herceg<\/td><td>Prolog<\/td><td>1,<\/td><td>1<\/td><\/tr><tr><td><strong>21.<\/strong><\/td><td>Mate Herceg<\/td><td>Prolog<\/td><td>1,<\/td><td>1<\/td><\/tr><tr><td><strong>22.<\/strong><\/td><td>Ilija Mi\u0161eti\u0107<\/td><td>Veljaci<\/td><td>1,1,<\/td><td>2<\/td><\/tr><tr><td><strong>23.<\/strong><\/td><td><strong>Tomislav Vu\u010di\u0107<\/strong><\/td><td><strong>Cerno\/M.\/C.<\/strong><\/td><td><strong>1,1,1,<\/strong><\/td><td><strong>3<\/strong><\/td><\/tr><tr><td><strong>24.<\/strong><\/td><td>Marko \u010culjak<\/td><td>Ljubu\u0161ki<\/td><td>1,<\/td><td>1<\/td><\/tr><tr><td><strong>25.<\/strong><\/td><td>Antonio \u010culjak<\/td><td>Ljubu\u0161ki<\/td><td>1,<\/td><td>1<\/td><\/tr><\/tbody><\/table><\/figure>\n\n\n\n<p><strong>\u017duti kartoni (seniori)<\/strong><\/p>\n\n\n\n<figure class=\"wp-block-table\"><table><tbody><tr><td><strong>Redni broj<\/strong><\/td><td><strong>Ime i Prezime<\/strong><\/td><td><strong>Mom\u010dad<\/strong><\/td><td><strong>\u017duti kartoni<\/strong><\/td><td><strong>Ukupno<\/strong><\/td><\/tr><tr><td><strong>1.<\/strong><\/td><td>Andreas Herceg<\/td><td>Prolog<\/td><td>1,<\/td><td>1<\/td><\/tr><tr><td><strong>2.<\/strong><\/td><td>Dalibor \u010colak<\/td><td>Ljubu\u0161ki 2<\/td><td>1,<\/td><td>1<\/td><\/tr><tr><td><strong>3.<\/strong><\/td><td>Pero Pulji\u0107<\/td><td>Va\u0161arovi\u0107i<\/td><td>1,<\/td><td>1<\/td><\/tr><tr><td><strong>4.<\/strong><\/td><td>Petar Luburi\u0107<\/td><td>Studenci<\/td><td>1,<\/td><td>1<\/td><\/tr><tr><td><strong>5.<\/strong><\/td><td>Luka Herceg<\/td><td>Crveni Grm<\/td><td>1,<\/td><td>1<\/td><\/tr><tr><td><strong>6.<\/strong><\/td><td>Ivan Grbavac<\/td><td>\u0160ipova\u010da<\/td><td>1,<\/td><td>1<\/td><\/tr><tr><td><strong>7.<\/strong><\/td><td>Stanko Mi\u0161eti\u0107<\/td><td>Vitina<\/td><td>1,<\/td><td>1<\/td><\/tr><tr><td><strong>8.<\/strong><\/td><td>Jakov Bebek<\/td><td>\u0160ipova\u010da<\/td><td>1,<\/td><td>1<\/td><\/tr><tr><td><strong>9.<\/strong><\/td><td>Dominik Herceg<\/td><td>Prolog<\/td><td>1,<\/td><td>1<\/td><\/tr><tr><td><strong>10.<\/strong><\/td><td>Ante Jelavi\u0107<\/td><td>Veljaci<\/td><td>1,<\/td><td>1<\/td><\/tr><tr><td><strong>11.<\/strong><\/td><td>Toni Jelavi\u0107<\/td><td>Veljaci<\/td><td>1,<\/td><td>1<\/td><\/tr><tr><td><strong>12.<\/strong><\/td><td>Tomislav Vu\u010di\u0107<\/td><td>Cerno\/M.\/C.<\/td><td>1,<\/td><td>1<\/td><\/tr><tr><td><strong>13.<\/strong><\/td><td>Antonio \u010culjak<\/td><td>Ljubu\u0161ki<\/td><td>1,<\/td><td>1<\/td><\/tr><tr><td><strong>14.<\/strong><\/td><td>Robert \u0106avar<\/td><td>Cerno\/M.\/C.<\/td><td>1,<\/td><td>1<\/td><\/tr><tr><td><strong>15.<\/strong><\/td><td>Mile Herceg<\/td><td>Prolog<\/td><td>1,<\/td><td>1<\/td><\/tr><\/tbody><\/table><\/figure>\n\n\n\n<p><strong>Raspored utakmica u srijedu, 26. srpnja 2023. godine<\/strong><\/p>\n\n\n\n<figure class=\"wp-block-table\"><table><tbody><tr><td><strong>R.B.<\/strong><\/td><td><strong>KOLO<\/strong><\/td><td><strong>SKUPINA<\/strong><\/td><td colspan=\"2\"><strong>PAR<\/strong><\/td><td colspan=\"2\"><strong>EKIPE<\/strong><\/td><td colspan=\"2\"><strong>DATUM\/SAT<\/strong><\/td><\/tr><tr><td><strong>13.<\/strong><\/td><td>2<\/td><td>A(16)<\/td><td>A4<\/td><td>A3<\/td><td>LJUBU\u0160KI 2<\/td><td>CERNO\/M.\/C.<\/td><td>26.7.<\/td><td>20:00<\/td><\/tr><tr><td><strong>14.<\/strong><\/td><td>2<\/td><td>B(S)<\/td><td>B4<\/td><td>B3<\/td><td>TESKERA<\/td><td>CRVENI GRM<\/td><td>26.7.<\/td><td>20:45<\/td><\/tr><tr><td><strong>15.<\/strong><\/td><td>2<\/td><td>C(S)<\/td><td>C4<\/td><td>C3<\/td><td>VA\u0160AROVI\u0106I<\/td><td>VITINA<\/td><td>26.7.<\/td><td>21:45<\/td><\/tr><\/tbody><\/table><\/figure>\n\n\n\n<figure class=\"wp-block-gallery has-nested-images columns-default is-cropped wp-block-gallery-2 is-layout-flex wp-block-gallery-is-layout-flex\">\n<figure class=\"wp-block-image size-large\"><img loading=\"lazy\" decoding=\"async\" width=\"1024\" height=\"682\" data-id=\"193406\" src=\"https:\/\/radioljubuski.ba\/wp-content\/uploads\/2023\/07\/363329051_674804164665198_4779240870852135821_n-1024x682.jpg\" alt=\"\" class=\"wp-image-193406\" srcset=\"https:\/\/radioljubuski.ba\/wp-content\/uploads\/2023\/07\/363329051_674804164665198_4779240870852135821_n-1024x682.jpg 1024w, https:\/\/radioljubuski.ba\/wp-content\/uploads\/2023\/07\/363329051_674804164665198_4779240870852135821_n-300x200.jpg 300w, https:\/\/radioljubuski.ba\/wp-content\/uploads\/2023\/07\/363329051_674804164665198_4779240870852135821_n-768x512.jpg 768w, https:\/\/radioljubuski.ba\/wp-content\/uploads\/2023\/07\/363329051_674804164665198_4779240870852135821_n.jpg 1201w\" sizes=\"auto, (max-width: 1024px) 100vw, 1024px\" \/><\/figure>\n\n\n\n<figure class=\"wp-block-image size-large\"><img loading=\"lazy\" decoding=\"async\" width=\"1024\" height=\"682\" data-id=\"193407\" src=\"https:\/\/radioljubuski.ba\/wp-content\/uploads\/2023\/07\/363334137_674804567998491_5711118138515896518_n-1024x682.jpg\" alt=\"\" class=\"wp-image-193407\" srcset=\"https:\/\/radioljubuski.ba\/wp-content\/uploads\/2023\/07\/363334137_674804567998491_5711118138515896518_n-1024x682.jpg 1024w, https:\/\/radioljubuski.ba\/wp-content\/uploads\/2023\/07\/363334137_674804567998491_5711118138515896518_n-300x200.jpg 300w, https:\/\/radioljubuski.ba\/wp-content\/uploads\/2023\/07\/363334137_674804567998491_5711118138515896518_n-768x512.jpg 768w, https:\/\/radioljubuski.ba\/wp-content\/uploads\/2023\/07\/363334137_674804567998491_5711118138515896518_n.jpg 1201w\" sizes=\"auto, (max-width: 1024px) 100vw, 1024px\" \/><\/figure>\n\n\n\n<figure class=\"wp-block-image size-large\"><img loading=\"lazy\" decoding=\"async\" width=\"1024\" height=\"682\" data-id=\"193414\" src=\"https:\/\/radioljubuski.ba\/wp-content\/uploads\/2023\/07\/363417502_674804277998520_8443193957763192408_n-1-1-1024x682.jpg\" alt=\"\" class=\"wp-image-193414\" srcset=\"https:\/\/radioljubuski.ba\/wp-content\/uploads\/2023\/07\/363417502_674804277998520_8443193957763192408_n-1-1-1024x682.jpg 1024w, https:\/\/radioljubuski.ba\/wp-content\/uploads\/2023\/07\/363417502_674804277998520_8443193957763192408_n-1-1-300x200.jpg 300w, https:\/\/radioljubuski.ba\/wp-content\/uploads\/2023\/07\/363417502_674804277998520_8443193957763192408_n-1-1-768x512.jpg 768w, https:\/\/radioljubuski.ba\/wp-content\/uploads\/2023\/07\/363417502_674804277998520_8443193957763192408_n-1-1.jpg 1201w\" sizes=\"auto, (max-width: 1024px) 100vw, 1024px\" \/><\/figure>\n<\/figure>\n\n\n\n<p>Iks portal<\/p>\n","protected":false},"excerpt":{"rendered":"<p>Temeljem Propozicija natjecanja Agram 19. MNL MZ Grada Ljubu\u0161kog te Propozicija natjecanja Agram 12. MNL MZ Grada Ljubu\u0161kog igra\u010da do 16. godina starosti, Povjerenik natjecanja u prvom stupnju registrira sve utakmice odigrane, 25.7. 2023. godine postignutim rezultatom. AGRAM 12. LIGA IGRA\u010cA DO 16 GODINA STAROSTI SKUPINA (C) LJESTVICA SKUPINE (B) R.B. EKIPA UT SKOR (P\/N\/P) [&hellip;]<\/p>\n","protected":false},"author":2,"featured_media":193169,"comment_status":"closed","ping_status":"closed","sticky":false,"template":"","format":"standard","meta":{"h5ap_radio_sources":[],"footnotes":""},"categories":[7],"tags":[],"class_list":["post-193385","post","type-post","status-publish","format-standard","has-post-thumbnail","hentry","category-sport"],"yoast_head":"<!-- This site is optimized with the Yoast SEO plugin v27.5 - https:\/\/yoast.com\/product\/yoast-seo-wordpress\/ -->\n<title>Slu\u017ebeni Glasnik |4| AGRAM MNL MZ Grada Ljubu\u0161kog - RADIO LJUBU\u0160KI<\/title>\n<meta name=\"robots\" content=\"index, follow, max-snippet:-1, max-image-preview:large, max-video-preview:-1\" \/>\n<link rel=\"canonical\" href=\"https:\/\/radioljubuski.ba\/index.php\/2023\/07\/26\/sluzbeni-glasnik-4-agram-mnl-mz-grada-ljubuskog\/\" \/>\n<meta property=\"og:locale\" content=\"hr_HR\" \/>\n<meta property=\"og:type\" content=\"article\" \/>\n<meta property=\"og:title\" content=\"Slu\u017ebeni Glasnik |4| AGRAM MNL MZ Grada Ljubu\u0161kog - RADIO LJUBU\u0160KI\" \/>\n<meta property=\"og:description\" content=\"Temeljem Propozicija natjecanja Agram 19. MNL MZ Grada Ljubu\u0161kog te Propozicija natjecanja Agram 12. MNL MZ Grada Ljubu\u0161kog igra\u010da do 16. godina starosti, Povjerenik natjecanja u prvom stupnju registrira sve utakmice odigrane, 25.7. 2023. godine postignutim rezultatom. AGRAM 12. LIGA IGRA\u010cA DO 16 GODINA STAROSTI SKUPINA (C) LJESTVICA SKUPINE (B) R.B. EKIPA UT SKOR (P\/N\/P) [&hellip;]\" \/>\n<meta property=\"og:url\" content=\"https:\/\/radioljubuski.ba\/index.php\/2023\/07\/26\/sluzbeni-glasnik-4-agram-mnl-mz-grada-ljubuskog\/\" \/>\n<meta property=\"og:site_name\" content=\"RADIO LJUBU\u0160KI\" \/>\n<meta property=\"article:publisher\" content=\"https:\/\/www.facebook.com\/Radiio-Ljubuski-1490835324566332\" \/>\n<meta property=\"article:published_time\" content=\"2023-07-26T07:27:26+00:00\" \/>\n<meta property=\"article:modified_time\" content=\"2023-07-26T07:27:29+00:00\" \/>\n<meta property=\"og:image\" content=\"https:\/\/radioljubuski.ba\/wp-content\/uploads\/2023\/07\/Liga-Ljubuski.jpg\" \/>\n\t<meta property=\"og:image:width\" content=\"1080\" \/>\n\t<meta property=\"og:image:height\" content=\"1080\" \/>\n\t<meta property=\"og:image:type\" content=\"image\/jpeg\" \/>\n<meta name=\"author\" content=\"Radio Ljubu\u0161ki\" \/>\n<meta name=\"twitter:card\" content=\"summary_large_image\" \/>\n<meta name=\"twitter:creator\" content=\"@radioljubuski\" \/>\n<meta name=\"twitter:site\" content=\"@radioljubuski\" \/>\n<meta name=\"twitter:label1\" content=\"Napisao\/la\" \/>\n\t<meta name=\"twitter:data1\" content=\"Radio Ljubu\u0161ki\" \/>\n\t<meta name=\"twitter:label2\" content=\"Procijenjeno vrijeme \u010ditanja\" \/>\n\t<meta name=\"twitter:data2\" content=\"6 minuta\" \/>\n<script type=\"application\/ld+json\" class=\"yoast-schema-graph\">{\"@context\":\"https:\\\/\\\/schema.org\",\"@graph\":[{\"@type\":\"Article\",\"@id\":\"https:\\\/\\\/radioljubuski.ba\\\/index.php\\\/2023\\\/07\\\/26\\\/sluzbeni-glasnik-4-agram-mnl-mz-grada-ljubuskog\\\/#article\",\"isPartOf\":{\"@id\":\"https:\\\/\\\/radioljubuski.ba\\\/index.php\\\/2023\\\/07\\\/26\\\/sluzbeni-glasnik-4-agram-mnl-mz-grada-ljubuskog\\\/\"},\"author\":{\"name\":\"Radio Ljubu\u0161ki\",\"@id\":\"https:\\\/\\\/radioljubuski.ba\\\/#\\\/schema\\\/person\\\/19fc700381a780f69665d7956c469e3b\"},\"headline\":\"Slu\u017ebeni Glasnik |4| AGRAM MNL MZ Grada Ljubu\u0161kog\",\"datePublished\":\"2023-07-26T07:27:26+00:00\",\"dateModified\":\"2023-07-26T07:27:29+00:00\",\"mainEntityOfPage\":{\"@id\":\"https:\\\/\\\/radioljubuski.ba\\\/index.php\\\/2023\\\/07\\\/26\\\/sluzbeni-glasnik-4-agram-mnl-mz-grada-ljubuskog\\\/\"},\"wordCount\":505,\"publisher\":{\"@id\":\"https:\\\/\\\/radioljubuski.ba\\\/#organization\"},\"image\":{\"@id\":\"https:\\\/\\\/radioljubuski.ba\\\/index.php\\\/2023\\\/07\\\/26\\\/sluzbeni-glasnik-4-agram-mnl-mz-grada-ljubuskog\\\/#primaryimage\"},\"thumbnailUrl\":\"https:\\\/\\\/radioljubuski.ba\\\/wp-content\\\/uploads\\\/2023\\\/07\\\/Liga-Ljubuski.jpg\",\"articleSection\":[\"\u0160port\"],\"inLanguage\":\"hr\"},{\"@type\":\"WebPage\",\"@id\":\"https:\\\/\\\/radioljubuski.ba\\\/index.php\\\/2023\\\/07\\\/26\\\/sluzbeni-glasnik-4-agram-mnl-mz-grada-ljubuskog\\\/\",\"url\":\"https:\\\/\\\/radioljubuski.ba\\\/index.php\\\/2023\\\/07\\\/26\\\/sluzbeni-glasnik-4-agram-mnl-mz-grada-ljubuskog\\\/\",\"name\":\"Slu\u017ebeni Glasnik |4| AGRAM MNL MZ Grada Ljubu\u0161kog - RADIO LJUBU\u0160KI\",\"isPartOf\":{\"@id\":\"https:\\\/\\\/radioljubuski.ba\\\/#website\"},\"primaryImageOfPage\":{\"@id\":\"https:\\\/\\\/radioljubuski.ba\\\/index.php\\\/2023\\\/07\\\/26\\\/sluzbeni-glasnik-4-agram-mnl-mz-grada-ljubuskog\\\/#primaryimage\"},\"image\":{\"@id\":\"https:\\\/\\\/radioljubuski.ba\\\/index.php\\\/2023\\\/07\\\/26\\\/sluzbeni-glasnik-4-agram-mnl-mz-grada-ljubuskog\\\/#primaryimage\"},\"thumbnailUrl\":\"https:\\\/\\\/radioljubuski.ba\\\/wp-content\\\/uploads\\\/2023\\\/07\\\/Liga-Ljubuski.jpg\",\"datePublished\":\"2023-07-26T07:27:26+00:00\",\"dateModified\":\"2023-07-26T07:27:29+00:00\",\"breadcrumb\":{\"@id\":\"https:\\\/\\\/radioljubuski.ba\\\/index.php\\\/2023\\\/07\\\/26\\\/sluzbeni-glasnik-4-agram-mnl-mz-grada-ljubuskog\\\/#breadcrumb\"},\"inLanguage\":\"hr\",\"potentialAction\":[{\"@type\":\"ReadAction\",\"target\":[\"https:\\\/\\\/radioljubuski.ba\\\/index.php\\\/2023\\\/07\\\/26\\\/sluzbeni-glasnik-4-agram-mnl-mz-grada-ljubuskog\\\/\"]}]},{\"@type\":\"ImageObject\",\"inLanguage\":\"hr\",\"@id\":\"https:\\\/\\\/radioljubuski.ba\\\/index.php\\\/2023\\\/07\\\/26\\\/sluzbeni-glasnik-4-agram-mnl-mz-grada-ljubuskog\\\/#primaryimage\",\"url\":\"https:\\\/\\\/radioljubuski.ba\\\/wp-content\\\/uploads\\\/2023\\\/07\\\/Liga-Ljubuski.jpg\",\"contentUrl\":\"https:\\\/\\\/radioljubuski.ba\\\/wp-content\\\/uploads\\\/2023\\\/07\\\/Liga-Ljubuski.jpg\",\"width\":1080,\"height\":1080},{\"@type\":\"BreadcrumbList\",\"@id\":\"https:\\\/\\\/radioljubuski.ba\\\/index.php\\\/2023\\\/07\\\/26\\\/sluzbeni-glasnik-4-agram-mnl-mz-grada-ljubuskog\\\/#breadcrumb\",\"itemListElement\":[{\"@type\":\"ListItem\",\"position\":1,\"name\":\"Po\u010detna stranica\",\"item\":\"https:\\\/\\\/radioljubuski.ba\\\/\"},{\"@type\":\"ListItem\",\"position\":2,\"name\":\"Slu\u017ebeni Glasnik |4| AGRAM MNL MZ Grada Ljubu\u0161kog\"}]},{\"@type\":\"WebSite\",\"@id\":\"https:\\\/\\\/radioljubuski.ba\\\/#website\",\"url\":\"https:\\\/\\\/radioljubuski.ba\\\/\",\"name\":\"Radio Ljubu\u0161ki\",\"description\":\"Sun\u010dana frekvencija Hercegovine\",\"publisher\":{\"@id\":\"https:\\\/\\\/radioljubuski.ba\\\/#organization\"},\"potentialAction\":[{\"@type\":\"SearchAction\",\"target\":{\"@type\":\"EntryPoint\",\"urlTemplate\":\"https:\\\/\\\/radioljubuski.ba\\\/?s={search_term_string}\"},\"query-input\":{\"@type\":\"PropertyValueSpecification\",\"valueRequired\":true,\"valueName\":\"search_term_string\"}}],\"inLanguage\":\"hr\"},{\"@type\":\"Organization\",\"@id\":\"https:\\\/\\\/radioljubuski.ba\\\/#organization\",\"name\":\"Radio Ljubu\u0161ki\",\"url\":\"https:\\\/\\\/radioljubuski.ba\\\/\",\"logo\":{\"@type\":\"ImageObject\",\"inLanguage\":\"hr\",\"@id\":\"https:\\\/\\\/radioljubuski.ba\\\/#\\\/schema\\\/logo\\\/image\\\/\",\"url\":\"https:\\\/\\\/radioljubuski.ba\\\/wp-content\\\/uploads\\\/2021\\\/02\\\/cropped-Radio_Ljubuski_logo1.jpg\",\"contentUrl\":\"https:\\\/\\\/radioljubuski.ba\\\/wp-content\\\/uploads\\\/2021\\\/02\\\/cropped-Radio_Ljubuski_logo1.jpg\",\"width\":512,\"height\":512,\"caption\":\"Radio Ljubu\u0161ki\"},\"image\":{\"@id\":\"https:\\\/\\\/radioljubuski.ba\\\/#\\\/schema\\\/logo\\\/image\\\/\"},\"sameAs\":[\"https:\\\/\\\/www.facebook.com\\\/Radiio-Ljubuski-1490835324566332\",\"https:\\\/\\\/x.com\\\/radioljubuski\",\"https:\\\/\\\/hr.linkedin.com\\\/company\\\/radio-ljubuski\",\"https:\\\/\\\/www.youtube.com\\\/channel\\\/UCHYaeO_n0Db3tjNGudGpXyw\"]},{\"@type\":\"Person\",\"@id\":\"https:\\\/\\\/radioljubuski.ba\\\/#\\\/schema\\\/person\\\/19fc700381a780f69665d7956c469e3b\",\"name\":\"Radio Ljubu\u0161ki\"}]}<\/script>\n<!-- \/ Yoast SEO plugin. -->","yoast_head_json":{"title":"Slu\u017ebeni Glasnik |4| AGRAM MNL MZ Grada Ljubu\u0161kog - RADIO LJUBU\u0160KI","robots":{"index":"index","follow":"follow","max-snippet":"max-snippet:-1","max-image-preview":"max-image-preview:large","max-video-preview":"max-video-preview:-1"},"canonical":"https:\/\/radioljubuski.ba\/index.php\/2023\/07\/26\/sluzbeni-glasnik-4-agram-mnl-mz-grada-ljubuskog\/","og_locale":"hr_HR","og_type":"article","og_title":"Slu\u017ebeni Glasnik |4| AGRAM MNL MZ Grada Ljubu\u0161kog - RADIO LJUBU\u0160KI","og_description":"Temeljem Propozicija natjecanja Agram 19. MNL MZ Grada Ljubu\u0161kog te Propozicija natjecanja Agram 12. MNL MZ Grada Ljubu\u0161kog igra\u010da do 16. godina starosti, Povjerenik natjecanja u prvom stupnju registrira sve utakmice odigrane, 25.7. 2023. godine postignutim rezultatom. AGRAM 12. LIGA IGRA\u010cA DO 16 GODINA STAROSTI SKUPINA (C) LJESTVICA SKUPINE (B) R.B. EKIPA UT SKOR (P\/N\/P) [&hellip;]","og_url":"https:\/\/radioljubuski.ba\/index.php\/2023\/07\/26\/sluzbeni-glasnik-4-agram-mnl-mz-grada-ljubuskog\/","og_site_name":"RADIO LJUBU\u0160KI","article_publisher":"https:\/\/www.facebook.com\/Radiio-Ljubuski-1490835324566332","article_published_time":"2023-07-26T07:27:26+00:00","article_modified_time":"2023-07-26T07:27:29+00:00","og_image":[{"width":1080,"height":1080,"url":"https:\/\/radioljubuski.ba\/wp-content\/uploads\/2023\/07\/Liga-Ljubuski.jpg","type":"image\/jpeg"}],"author":"Radio Ljubu\u0161ki","twitter_card":"summary_large_image","twitter_creator":"@radioljubuski","twitter_site":"@radioljubuski","twitter_misc":{"Napisao\/la":"Radio Ljubu\u0161ki","Procijenjeno vrijeme \u010ditanja":"6 minuta"},"schema":{"@context":"https:\/\/schema.org","@graph":[{"@type":"Article","@id":"https:\/\/radioljubuski.ba\/index.php\/2023\/07\/26\/sluzbeni-glasnik-4-agram-mnl-mz-grada-ljubuskog\/#article","isPartOf":{"@id":"https:\/\/radioljubuski.ba\/index.php\/2023\/07\/26\/sluzbeni-glasnik-4-agram-mnl-mz-grada-ljubuskog\/"},"author":{"name":"Radio Ljubu\u0161ki","@id":"https:\/\/radioljubuski.ba\/#\/schema\/person\/19fc700381a780f69665d7956c469e3b"},"headline":"Slu\u017ebeni Glasnik |4| AGRAM MNL MZ Grada Ljubu\u0161kog","datePublished":"2023-07-26T07:27:26+00:00","dateModified":"2023-07-26T07:27:29+00:00","mainEntityOfPage":{"@id":"https:\/\/radioljubuski.ba\/index.php\/2023\/07\/26\/sluzbeni-glasnik-4-agram-mnl-mz-grada-ljubuskog\/"},"wordCount":505,"publisher":{"@id":"https:\/\/radioljubuski.ba\/#organization"},"image":{"@id":"https:\/\/radioljubuski.ba\/index.php\/2023\/07\/26\/sluzbeni-glasnik-4-agram-mnl-mz-grada-ljubuskog\/#primaryimage"},"thumbnailUrl":"https:\/\/radioljubuski.ba\/wp-content\/uploads\/2023\/07\/Liga-Ljubuski.jpg","articleSection":["\u0160port"],"inLanguage":"hr"},{"@type":"WebPage","@id":"https:\/\/radioljubuski.ba\/index.php\/2023\/07\/26\/sluzbeni-glasnik-4-agram-mnl-mz-grada-ljubuskog\/","url":"https:\/\/radioljubuski.ba\/index.php\/2023\/07\/26\/sluzbeni-glasnik-4-agram-mnl-mz-grada-ljubuskog\/","name":"Slu\u017ebeni Glasnik |4| AGRAM MNL MZ Grada Ljubu\u0161kog - RADIO LJUBU\u0160KI","isPartOf":{"@id":"https:\/\/radioljubuski.ba\/#website"},"primaryImageOfPage":{"@id":"https:\/\/radioljubuski.ba\/index.php\/2023\/07\/26\/sluzbeni-glasnik-4-agram-mnl-mz-grada-ljubuskog\/#primaryimage"},"image":{"@id":"https:\/\/radioljubuski.ba\/index.php\/2023\/07\/26\/sluzbeni-glasnik-4-agram-mnl-mz-grada-ljubuskog\/#primaryimage"},"thumbnailUrl":"https:\/\/radioljubuski.ba\/wp-content\/uploads\/2023\/07\/Liga-Ljubuski.jpg","datePublished":"2023-07-26T07:27:26+00:00","dateModified":"2023-07-26T07:27:29+00:00","breadcrumb":{"@id":"https:\/\/radioljubuski.ba\/index.php\/2023\/07\/26\/sluzbeni-glasnik-4-agram-mnl-mz-grada-ljubuskog\/#breadcrumb"},"inLanguage":"hr","potentialAction":[{"@type":"ReadAction","target":["https:\/\/radioljubuski.ba\/index.php\/2023\/07\/26\/sluzbeni-glasnik-4-agram-mnl-mz-grada-ljubuskog\/"]}]},{"@type":"ImageObject","inLanguage":"hr","@id":"https:\/\/radioljubuski.ba\/index.php\/2023\/07\/26\/sluzbeni-glasnik-4-agram-mnl-mz-grada-ljubuskog\/#primaryimage","url":"https:\/\/radioljubuski.ba\/wp-content\/uploads\/2023\/07\/Liga-Ljubuski.jpg","contentUrl":"https:\/\/radioljubuski.ba\/wp-content\/uploads\/2023\/07\/Liga-Ljubuski.jpg","width":1080,"height":1080},{"@type":"BreadcrumbList","@id":"https:\/\/radioljubuski.ba\/index.php\/2023\/07\/26\/sluzbeni-glasnik-4-agram-mnl-mz-grada-ljubuskog\/#breadcrumb","itemListElement":[{"@type":"ListItem","position":1,"name":"Po\u010detna stranica","item":"https:\/\/radioljubuski.ba\/"},{"@type":"ListItem","position":2,"name":"Slu\u017ebeni Glasnik |4| AGRAM MNL MZ Grada Ljubu\u0161kog"}]},{"@type":"WebSite","@id":"https:\/\/radioljubuski.ba\/#website","url":"https:\/\/radioljubuski.ba\/","name":"Radio Ljubu\u0161ki","description":"Sun\u010dana frekvencija Hercegovine","publisher":{"@id":"https:\/\/radioljubuski.ba\/#organization"},"potentialAction":[{"@type":"SearchAction","target":{"@type":"EntryPoint","urlTemplate":"https:\/\/radioljubuski.ba\/?s={search_term_string}"},"query-input":{"@type":"PropertyValueSpecification","valueRequired":true,"valueName":"search_term_string"}}],"inLanguage":"hr"},{"@type":"Organization","@id":"https:\/\/radioljubuski.ba\/#organization","name":"Radio Ljubu\u0161ki","url":"https:\/\/radioljubuski.ba\/","logo":{"@type":"ImageObject","inLanguage":"hr","@id":"https:\/\/radioljubuski.ba\/#\/schema\/logo\/image\/","url":"https:\/\/radioljubuski.ba\/wp-content\/uploads\/2021\/02\/cropped-Radio_Ljubuski_logo1.jpg","contentUrl":"https:\/\/radioljubuski.ba\/wp-content\/uploads\/2021\/02\/cropped-Radio_Ljubuski_logo1.jpg","width":512,"height":512,"caption":"Radio Ljubu\u0161ki"},"image":{"@id":"https:\/\/radioljubuski.ba\/#\/schema\/logo\/image\/"},"sameAs":["https:\/\/www.facebook.com\/Radiio-Ljubuski-1490835324566332","https:\/\/x.com\/radioljubuski","https:\/\/hr.linkedin.com\/company\/radio-ljubuski","https:\/\/www.youtube.com\/channel\/UCHYaeO_n0Db3tjNGudGpXyw"]},{"@type":"Person","@id":"https:\/\/radioljubuski.ba\/#\/schema\/person\/19fc700381a780f69665d7956c469e3b","name":"Radio Ljubu\u0161ki"}]}},"_links":{"self":[{"href":"https:\/\/radioljubuski.ba\/index.php\/wp-json\/wp\/v2\/posts\/193385","targetHints":{"allow":["GET"]}}],"collection":[{"href":"https:\/\/radioljubuski.ba\/index.php\/wp-json\/wp\/v2\/posts"}],"about":[{"href":"https:\/\/radioljubuski.ba\/index.php\/wp-json\/wp\/v2\/types\/post"}],"author":[{"embeddable":true,"href":"https:\/\/radioljubuski.ba\/index.php\/wp-json\/wp\/v2\/users\/2"}],"replies":[{"embeddable":true,"href":"https:\/\/radioljubuski.ba\/index.php\/wp-json\/wp\/v2\/comments?post=193385"}],"version-history":[{"count":1,"href":"https:\/\/radioljubuski.ba\/index.php\/wp-json\/wp\/v2\/posts\/193385\/revisions"}],"predecessor-version":[{"id":193417,"href":"https:\/\/radioljubuski.ba\/index.php\/wp-json\/wp\/v2\/posts\/193385\/revisions\/193417"}],"wp:featuredmedia":[{"embeddable":true,"href":"https:\/\/radioljubuski.ba\/index.php\/wp-json\/wp\/v2\/media\/193169"}],"wp:attachment":[{"href":"https:\/\/radioljubuski.ba\/index.php\/wp-json\/wp\/v2\/media?parent=193385"}],"wp:term":[{"taxonomy":"category","embeddable":true,"href":"https:\/\/radioljubuski.ba\/index.php\/wp-json\/wp\/v2\/categories?post=193385"},{"taxonomy":"post_tag","embeddable":true,"href":"https:\/\/radioljubuski.ba\/index.php\/wp-json\/wp\/v2\/tags?post=193385"}],"curies":[{"name":"wp","href":"https:\/\/api.w.org\/{rel}","templated":true}]}}