{"id":193541,"date":"2023-07-31T08:33:22","date_gmt":"2023-07-31T07:33:22","guid":{"rendered":"https:\/\/radioljubuski.ba\/?p=193541"},"modified":"2023-07-31T11:34:07","modified_gmt":"2023-07-31T10:34:07","slug":"odrzan-8-pjesnicki-maraton","status":"publish","type":"post","link":"https:\/\/radioljubuski.ba\/index.php\/2023\/07\/31\/odrzan-8-pjesnicki-maraton\/","title":{"rendered":"Odr\u017ean 8. Pjesni\u010dki maraton"},"content":{"rendered":"\n<p>U subotu 29. srpnja, s po\u010detkom 21h, u dvori\u0161tu Zavi\u010dajnog doma na Starom Hardomilju, odr\u017ean je 8. po redu &#8221;Pjesni\u010dki maraton&#8221;.<\/p>\n\n\n\n<p>Manifestacija se odr\u017eava svake godine, a organizatori su Grad Ljubu\u0161ki, Udruga &#8221;Staro Hardomilje&#8221; , Dru\u0161tvo hrvatskih knji\u017eevnika Herceg \u2013 Bosne, te Povijesno kulturna udruga Ba\u0161tina. Idejni za\u010detnik i spiritus movens ovog festivala poezije, je umirovljeni profesor hrvatskog jezika i knji\u017eevnosti Mate Grbavac, i ove godine je odradio lavovski dio pripreme, te je okupio 26 pjesnika. Velika ve\u0107ina su \u010dlanovi knji\u017eevnih udruga u Hrvatskoj i BiH, i samo nekolicina njih jo\u0161 nema objavljenu barem jednu&nbsp; zbirku. Nazo\u010dne je na po\u010detku pozdravio Predsjednik udruge &#8221;Staro Hardomilje&#8221; Mate Grbavac, a ispred Dru\u0161tva hrvatskih knji\u017eevnika Herceg- Bosne, skupu se obratio i Ivan Sivri\u0107.<\/p>\n\n\n\n<p>U ve\u010deri kao stvorenoj za recital na otvorenom, sa skoro punim mjesecom i vrtlozima zvijezda na nebu, na pozornici su se smjenjivali pjesnici, mnogi od njih i strukovno nagra\u0111ivani za svoj rad, te su krasnoslovili svoje stihove. Gledatelji su mogli \u010duti poeziju svih \u017eanrova, i svaki pjesnik je dobio zaslu\u017eeni pljesak. Mnogi od njih su do\u0161li izdaleka, iz \u017dep\u010da, s otoka Paga, iz Mostara, Splita, Sinja, Imotskog, Posu\u0161ja, Stoca\u2026<\/p>\n\n\n\n<p>Nastupili su redom : Snje\u017eana Lovri\u0107, Bruno Maji\u0107, Ivo Ragu\u017e, Nevenka Kova\u010devi\u0107, Zvonimir Mikuli\u0107 \u0110ono, Ilija Fofi\u0107, Bo\u017eana Bo\u0161njak, Ivan Sivri\u0107, Zoran Juri\u0161i\u0107, Miljenko Bunjac, Miljenko Juki\u0107, Jerko Manduri\u0107, Mladen Vukovi\u0107, Katarina Mimica, Marela Jerki\u0107 Jakovljevi\u0107, Rossana Mimica Bosni\u0107, Lidija Leskur, Ljiljana Jeron\u010di\u0107, Anto Marin\u010di\u0107, Mila Matija\u0161evi\u0107, Ante Tomi\u0107, Maja Tomas, Ljubica Rogulj, Ljubica Kati\u0107, Vlatko Maji\u0107, Davor Hrsti\u0107, Mate Grbavac.<\/p>\n\n\n\n<p>Prekrasne pjesme, mnoge jo\u0161 neobjavljene, su svojom snagom polu\u010dile odobravanje gledatelja, sve samih pjesnika, koji itekako prepoznaju zna\u010denje, mo\u0107 i ljepotu izgovorene rije\u010di.<\/p>\n\n\n\n<p>Uz tekst prila\u017eemo tonski zapis sa izjavama nekih od sudionika ove prekrasne manifestacije, koja \u0107e se, nadamo se, odr\u017eavati jo\u0161 dugo vremena u budu\u0107nosti.<\/p>\n\n\n\n<figure class=\"wp-block-embed is-type-video is-provider-youtube wp-block-embed-youtube wp-embed-aspect-16-9 wp-has-aspect-ratio\"><div class=\"wp-block-embed__wrapper\">\n<iframe loading=\"lazy\" title=\"Odr\u017ean 8. Pjesni\u010dki maraton\" width=\"640\" height=\"360\" src=\"https:\/\/www.youtube.com\/embed\/8XAeO4XR36w?feature=oembed\" frameborder=\"0\" allow=\"accelerometer; autoplay; clipboard-write; encrypted-media; gyroscope; picture-in-picture; web-share\" referrerpolicy=\"strict-origin-when-cross-origin\" allowfullscreen><\/iframe>\n<\/div><\/figure>\n\n\n\n<p>Izvor: Radio Ljubu\u0161ki \/ Tigran Deli\u0107<\/p>\n","protected":false},"excerpt":{"rendered":"<p>U subotu 29. srpnja, s po\u010detkom 21h, u dvori\u0161tu Zavi\u010dajnog doma na Starom Hardomilju, odr\u017ean je 8. po redu &#8221;Pjesni\u010dki maraton&#8221;. Manifestacija se odr\u017eava svake godine, a organizatori su Grad Ljubu\u0161ki, Udruga &#8221;Staro Hardomilje&#8221; , Dru\u0161tvo hrvatskih knji\u017eevnika Herceg \u2013 Bosne, te Povijesno kulturna udruga Ba\u0161tina. Idejni za\u010detnik i spiritus movens ovog festivala poezije, je [&hellip;]<\/p>\n","protected":false},"author":2,"featured_media":193544,"comment_status":"closed","ping_status":"closed","sticky":false,"template":"","format":"standard","meta":{"h5ap_radio_sources":[],"footnotes":""},"categories":[28],"tags":[],"class_list":["post-193541","post","type-post","status-publish","format-standard","has-post-thumbnail","hentry","category-novosti"],"yoast_head":"<!-- This site is optimized with the Yoast SEO plugin v27.5 - https:\/\/yoast.com\/product\/yoast-seo-wordpress\/ -->\n<title>Odr\u017ean 8. Pjesni\u010dki maraton - RADIO LJUBU\u0160KI<\/title>\n<meta name=\"robots\" content=\"index, follow, max-snippet:-1, max-image-preview:large, max-video-preview:-1\" \/>\n<link rel=\"canonical\" href=\"https:\/\/radioljubuski.ba\/index.php\/2023\/07\/31\/odrzan-8-pjesnicki-maraton\/\" \/>\n<meta property=\"og:locale\" content=\"hr_HR\" \/>\n<meta property=\"og:type\" content=\"article\" \/>\n<meta property=\"og:title\" content=\"Odr\u017ean 8. Pjesni\u010dki maraton - RADIO LJUBU\u0160KI\" \/>\n<meta property=\"og:description\" content=\"U subotu 29. srpnja, s po\u010detkom 21h, u dvori\u0161tu Zavi\u010dajnog doma na Starom Hardomilju, odr\u017ean je 8. po redu &#8221;Pjesni\u010dki maraton&#8221;. Manifestacija se odr\u017eava svake godine, a organizatori su Grad Ljubu\u0161ki, Udruga &#8221;Staro Hardomilje&#8221; , Dru\u0161tvo hrvatskih knji\u017eevnika Herceg \u2013 Bosne, te Povijesno kulturna udruga Ba\u0161tina. Idejni za\u010detnik i spiritus movens ovog festivala poezije, je [&hellip;]\" \/>\n<meta property=\"og:url\" content=\"https:\/\/radioljubuski.ba\/index.php\/2023\/07\/31\/odrzan-8-pjesnicki-maraton\/\" \/>\n<meta property=\"og:site_name\" content=\"RADIO LJUBU\u0160KI\" \/>\n<meta property=\"article:publisher\" content=\"https:\/\/www.facebook.com\/Radiio-Ljubuski-1490835324566332\" \/>\n<meta property=\"article:published_time\" content=\"2023-07-31T07:33:22+00:00\" \/>\n<meta property=\"article:modified_time\" content=\"2023-07-31T10:34:07+00:00\" \/>\n<meta property=\"og:image\" content=\"https:\/\/radioljubuski.ba\/wp-content\/uploads\/2023\/07\/nova.jpg\" \/>\n\t<meta property=\"og:image:width\" content=\"1600\" \/>\n\t<meta property=\"og:image:height\" content=\"720\" \/>\n\t<meta property=\"og:image:type\" content=\"image\/jpeg\" \/>\n<meta name=\"author\" content=\"Radio Ljubu\u0161ki\" \/>\n<meta name=\"twitter:card\" content=\"summary_large_image\" \/>\n<meta name=\"twitter:creator\" content=\"@radioljubuski\" \/>\n<meta name=\"twitter:site\" content=\"@radioljubuski\" \/>\n<meta name=\"twitter:label1\" content=\"Napisao\/la\" \/>\n\t<meta name=\"twitter:data1\" content=\"Radio Ljubu\u0161ki\" \/>\n\t<meta name=\"twitter:label2\" content=\"Procijenjeno vrijeme \u010ditanja\" \/>\n\t<meta name=\"twitter:data2\" content=\"2 minute\" \/>\n<script type=\"application\/ld+json\" class=\"yoast-schema-graph\">{\"@context\":\"https:\\\/\\\/schema.org\",\"@graph\":[{\"@type\":\"Article\",\"@id\":\"https:\\\/\\\/radioljubuski.ba\\\/index.php\\\/2023\\\/07\\\/31\\\/odrzan-8-pjesnicki-maraton\\\/#article\",\"isPartOf\":{\"@id\":\"https:\\\/\\\/radioljubuski.ba\\\/index.php\\\/2023\\\/07\\\/31\\\/odrzan-8-pjesnicki-maraton\\\/\"},\"author\":{\"name\":\"Radio Ljubu\u0161ki\",\"@id\":\"https:\\\/\\\/radioljubuski.ba\\\/#\\\/schema\\\/person\\\/19fc700381a780f69665d7956c469e3b\"},\"headline\":\"Odr\u017ean 8. Pjesni\u010dki maraton\",\"datePublished\":\"2023-07-31T07:33:22+00:00\",\"dateModified\":\"2023-07-31T10:34:07+00:00\",\"mainEntityOfPage\":{\"@id\":\"https:\\\/\\\/radioljubuski.ba\\\/index.php\\\/2023\\\/07\\\/31\\\/odrzan-8-pjesnicki-maraton\\\/\"},\"wordCount\":350,\"publisher\":{\"@id\":\"https:\\\/\\\/radioljubuski.ba\\\/#organization\"},\"image\":{\"@id\":\"https:\\\/\\\/radioljubuski.ba\\\/index.php\\\/2023\\\/07\\\/31\\\/odrzan-8-pjesnicki-maraton\\\/#primaryimage\"},\"thumbnailUrl\":\"https:\\\/\\\/radioljubuski.ba\\\/wp-content\\\/uploads\\\/2023\\\/07\\\/nova.jpg\",\"articleSection\":[\"Novosti\"],\"inLanguage\":\"hr\"},{\"@type\":\"WebPage\",\"@id\":\"https:\\\/\\\/radioljubuski.ba\\\/index.php\\\/2023\\\/07\\\/31\\\/odrzan-8-pjesnicki-maraton\\\/\",\"url\":\"https:\\\/\\\/radioljubuski.ba\\\/index.php\\\/2023\\\/07\\\/31\\\/odrzan-8-pjesnicki-maraton\\\/\",\"name\":\"Odr\u017ean 8. Pjesni\u010dki maraton - RADIO LJUBU\u0160KI\",\"isPartOf\":{\"@id\":\"https:\\\/\\\/radioljubuski.ba\\\/#website\"},\"primaryImageOfPage\":{\"@id\":\"https:\\\/\\\/radioljubuski.ba\\\/index.php\\\/2023\\\/07\\\/31\\\/odrzan-8-pjesnicki-maraton\\\/#primaryimage\"},\"image\":{\"@id\":\"https:\\\/\\\/radioljubuski.ba\\\/index.php\\\/2023\\\/07\\\/31\\\/odrzan-8-pjesnicki-maraton\\\/#primaryimage\"},\"thumbnailUrl\":\"https:\\\/\\\/radioljubuski.ba\\\/wp-content\\\/uploads\\\/2023\\\/07\\\/nova.jpg\",\"datePublished\":\"2023-07-31T07:33:22+00:00\",\"dateModified\":\"2023-07-31T10:34:07+00:00\",\"breadcrumb\":{\"@id\":\"https:\\\/\\\/radioljubuski.ba\\\/index.php\\\/2023\\\/07\\\/31\\\/odrzan-8-pjesnicki-maraton\\\/#breadcrumb\"},\"inLanguage\":\"hr\",\"potentialAction\":[{\"@type\":\"ReadAction\",\"target\":[\"https:\\\/\\\/radioljubuski.ba\\\/index.php\\\/2023\\\/07\\\/31\\\/odrzan-8-pjesnicki-maraton\\\/\"]}]},{\"@type\":\"ImageObject\",\"inLanguage\":\"hr\",\"@id\":\"https:\\\/\\\/radioljubuski.ba\\\/index.php\\\/2023\\\/07\\\/31\\\/odrzan-8-pjesnicki-maraton\\\/#primaryimage\",\"url\":\"https:\\\/\\\/radioljubuski.ba\\\/wp-content\\\/uploads\\\/2023\\\/07\\\/nova.jpg\",\"contentUrl\":\"https:\\\/\\\/radioljubuski.ba\\\/wp-content\\\/uploads\\\/2023\\\/07\\\/nova.jpg\",\"width\":1600,\"height\":720},{\"@type\":\"BreadcrumbList\",\"@id\":\"https:\\\/\\\/radioljubuski.ba\\\/index.php\\\/2023\\\/07\\\/31\\\/odrzan-8-pjesnicki-maraton\\\/#breadcrumb\",\"itemListElement\":[{\"@type\":\"ListItem\",\"position\":1,\"name\":\"Po\u010detna stranica\",\"item\":\"https:\\\/\\\/radioljubuski.ba\\\/\"},{\"@type\":\"ListItem\",\"position\":2,\"name\":\"Odr\u017ean 8. Pjesni\u010dki maraton\"}]},{\"@type\":\"WebSite\",\"@id\":\"https:\\\/\\\/radioljubuski.ba\\\/#website\",\"url\":\"https:\\\/\\\/radioljubuski.ba\\\/\",\"name\":\"Radio Ljubu\u0161ki\",\"description\":\"Sun\u010dana frekvencija Hercegovine\",\"publisher\":{\"@id\":\"https:\\\/\\\/radioljubuski.ba\\\/#organization\"},\"potentialAction\":[{\"@type\":\"SearchAction\",\"target\":{\"@type\":\"EntryPoint\",\"urlTemplate\":\"https:\\\/\\\/radioljubuski.ba\\\/?s={search_term_string}\"},\"query-input\":{\"@type\":\"PropertyValueSpecification\",\"valueRequired\":true,\"valueName\":\"search_term_string\"}}],\"inLanguage\":\"hr\"},{\"@type\":\"Organization\",\"@id\":\"https:\\\/\\\/radioljubuski.ba\\\/#organization\",\"name\":\"Radio Ljubu\u0161ki\",\"url\":\"https:\\\/\\\/radioljubuski.ba\\\/\",\"logo\":{\"@type\":\"ImageObject\",\"inLanguage\":\"hr\",\"@id\":\"https:\\\/\\\/radioljubuski.ba\\\/#\\\/schema\\\/logo\\\/image\\\/\",\"url\":\"https:\\\/\\\/radioljubuski.ba\\\/wp-content\\\/uploads\\\/2021\\\/02\\\/cropped-Radio_Ljubuski_logo1.jpg\",\"contentUrl\":\"https:\\\/\\\/radioljubuski.ba\\\/wp-content\\\/uploads\\\/2021\\\/02\\\/cropped-Radio_Ljubuski_logo1.jpg\",\"width\":512,\"height\":512,\"caption\":\"Radio Ljubu\u0161ki\"},\"image\":{\"@id\":\"https:\\\/\\\/radioljubuski.ba\\\/#\\\/schema\\\/logo\\\/image\\\/\"},\"sameAs\":[\"https:\\\/\\\/www.facebook.com\\\/Radiio-Ljubuski-1490835324566332\",\"https:\\\/\\\/x.com\\\/radioljubuski\",\"https:\\\/\\\/hr.linkedin.com\\\/company\\\/radio-ljubuski\",\"https:\\\/\\\/www.youtube.com\\\/channel\\\/UCHYaeO_n0Db3tjNGudGpXyw\"]},{\"@type\":\"Person\",\"@id\":\"https:\\\/\\\/radioljubuski.ba\\\/#\\\/schema\\\/person\\\/19fc700381a780f69665d7956c469e3b\",\"name\":\"Radio Ljubu\u0161ki\"}]}<\/script>\n<!-- \/ Yoast SEO plugin. -->","yoast_head_json":{"title":"Odr\u017ean 8. Pjesni\u010dki maraton - RADIO LJUBU\u0160KI","robots":{"index":"index","follow":"follow","max-snippet":"max-snippet:-1","max-image-preview":"max-image-preview:large","max-video-preview":"max-video-preview:-1"},"canonical":"https:\/\/radioljubuski.ba\/index.php\/2023\/07\/31\/odrzan-8-pjesnicki-maraton\/","og_locale":"hr_HR","og_type":"article","og_title":"Odr\u017ean 8. Pjesni\u010dki maraton - RADIO LJUBU\u0160KI","og_description":"U subotu 29. srpnja, s po\u010detkom 21h, u dvori\u0161tu Zavi\u010dajnog doma na Starom Hardomilju, odr\u017ean je 8. po redu &#8221;Pjesni\u010dki maraton&#8221;. Manifestacija se odr\u017eava svake godine, a organizatori su Grad Ljubu\u0161ki, Udruga &#8221;Staro Hardomilje&#8221; , Dru\u0161tvo hrvatskih knji\u017eevnika Herceg \u2013 Bosne, te Povijesno kulturna udruga Ba\u0161tina. Idejni za\u010detnik i spiritus movens ovog festivala poezije, je [&hellip;]","og_url":"https:\/\/radioljubuski.ba\/index.php\/2023\/07\/31\/odrzan-8-pjesnicki-maraton\/","og_site_name":"RADIO LJUBU\u0160KI","article_publisher":"https:\/\/www.facebook.com\/Radiio-Ljubuski-1490835324566332","article_published_time":"2023-07-31T07:33:22+00:00","article_modified_time":"2023-07-31T10:34:07+00:00","og_image":[{"width":1600,"height":720,"url":"https:\/\/radioljubuski.ba\/wp-content\/uploads\/2023\/07\/nova.jpg","type":"image\/jpeg"}],"author":"Radio Ljubu\u0161ki","twitter_card":"summary_large_image","twitter_creator":"@radioljubuski","twitter_site":"@radioljubuski","twitter_misc":{"Napisao\/la":"Radio Ljubu\u0161ki","Procijenjeno vrijeme \u010ditanja":"2 minute"},"schema":{"@context":"https:\/\/schema.org","@graph":[{"@type":"Article","@id":"https:\/\/radioljubuski.ba\/index.php\/2023\/07\/31\/odrzan-8-pjesnicki-maraton\/#article","isPartOf":{"@id":"https:\/\/radioljubuski.ba\/index.php\/2023\/07\/31\/odrzan-8-pjesnicki-maraton\/"},"author":{"name":"Radio Ljubu\u0161ki","@id":"https:\/\/radioljubuski.ba\/#\/schema\/person\/19fc700381a780f69665d7956c469e3b"},"headline":"Odr\u017ean 8. Pjesni\u010dki maraton","datePublished":"2023-07-31T07:33:22+00:00","dateModified":"2023-07-31T10:34:07+00:00","mainEntityOfPage":{"@id":"https:\/\/radioljubuski.ba\/index.php\/2023\/07\/31\/odrzan-8-pjesnicki-maraton\/"},"wordCount":350,"publisher":{"@id":"https:\/\/radioljubuski.ba\/#organization"},"image":{"@id":"https:\/\/radioljubuski.ba\/index.php\/2023\/07\/31\/odrzan-8-pjesnicki-maraton\/#primaryimage"},"thumbnailUrl":"https:\/\/radioljubuski.ba\/wp-content\/uploads\/2023\/07\/nova.jpg","articleSection":["Novosti"],"inLanguage":"hr"},{"@type":"WebPage","@id":"https:\/\/radioljubuski.ba\/index.php\/2023\/07\/31\/odrzan-8-pjesnicki-maraton\/","url":"https:\/\/radioljubuski.ba\/index.php\/2023\/07\/31\/odrzan-8-pjesnicki-maraton\/","name":"Odr\u017ean 8. Pjesni\u010dki maraton - RADIO LJUBU\u0160KI","isPartOf":{"@id":"https:\/\/radioljubuski.ba\/#website"},"primaryImageOfPage":{"@id":"https:\/\/radioljubuski.ba\/index.php\/2023\/07\/31\/odrzan-8-pjesnicki-maraton\/#primaryimage"},"image":{"@id":"https:\/\/radioljubuski.ba\/index.php\/2023\/07\/31\/odrzan-8-pjesnicki-maraton\/#primaryimage"},"thumbnailUrl":"https:\/\/radioljubuski.ba\/wp-content\/uploads\/2023\/07\/nova.jpg","datePublished":"2023-07-31T07:33:22+00:00","dateModified":"2023-07-31T10:34:07+00:00","breadcrumb":{"@id":"https:\/\/radioljubuski.ba\/index.php\/2023\/07\/31\/odrzan-8-pjesnicki-maraton\/#breadcrumb"},"inLanguage":"hr","potentialAction":[{"@type":"ReadAction","target":["https:\/\/radioljubuski.ba\/index.php\/2023\/07\/31\/odrzan-8-pjesnicki-maraton\/"]}]},{"@type":"ImageObject","inLanguage":"hr","@id":"https:\/\/radioljubuski.ba\/index.php\/2023\/07\/31\/odrzan-8-pjesnicki-maraton\/#primaryimage","url":"https:\/\/radioljubuski.ba\/wp-content\/uploads\/2023\/07\/nova.jpg","contentUrl":"https:\/\/radioljubuski.ba\/wp-content\/uploads\/2023\/07\/nova.jpg","width":1600,"height":720},{"@type":"BreadcrumbList","@id":"https:\/\/radioljubuski.ba\/index.php\/2023\/07\/31\/odrzan-8-pjesnicki-maraton\/#breadcrumb","itemListElement":[{"@type":"ListItem","position":1,"name":"Po\u010detna stranica","item":"https:\/\/radioljubuski.ba\/"},{"@type":"ListItem","position":2,"name":"Odr\u017ean 8. Pjesni\u010dki maraton"}]},{"@type":"WebSite","@id":"https:\/\/radioljubuski.ba\/#website","url":"https:\/\/radioljubuski.ba\/","name":"Radio Ljubu\u0161ki","description":"Sun\u010dana frekvencija Hercegovine","publisher":{"@id":"https:\/\/radioljubuski.ba\/#organization"},"potentialAction":[{"@type":"SearchAction","target":{"@type":"EntryPoint","urlTemplate":"https:\/\/radioljubuski.ba\/?s={search_term_string}"},"query-input":{"@type":"PropertyValueSpecification","valueRequired":true,"valueName":"search_term_string"}}],"inLanguage":"hr"},{"@type":"Organization","@id":"https:\/\/radioljubuski.ba\/#organization","name":"Radio Ljubu\u0161ki","url":"https:\/\/radioljubuski.ba\/","logo":{"@type":"ImageObject","inLanguage":"hr","@id":"https:\/\/radioljubuski.ba\/#\/schema\/logo\/image\/","url":"https:\/\/radioljubuski.ba\/wp-content\/uploads\/2021\/02\/cropped-Radio_Ljubuski_logo1.jpg","contentUrl":"https:\/\/radioljubuski.ba\/wp-content\/uploads\/2021\/02\/cropped-Radio_Ljubuski_logo1.jpg","width":512,"height":512,"caption":"Radio Ljubu\u0161ki"},"image":{"@id":"https:\/\/radioljubuski.ba\/#\/schema\/logo\/image\/"},"sameAs":["https:\/\/www.facebook.com\/Radiio-Ljubuski-1490835324566332","https:\/\/x.com\/radioljubuski","https:\/\/hr.linkedin.com\/company\/radio-ljubuski","https:\/\/www.youtube.com\/channel\/UCHYaeO_n0Db3tjNGudGpXyw"]},{"@type":"Person","@id":"https:\/\/radioljubuski.ba\/#\/schema\/person\/19fc700381a780f69665d7956c469e3b","name":"Radio Ljubu\u0161ki"}]}},"_links":{"self":[{"href":"https:\/\/radioljubuski.ba\/index.php\/wp-json\/wp\/v2\/posts\/193541","targetHints":{"allow":["GET"]}}],"collection":[{"href":"https:\/\/radioljubuski.ba\/index.php\/wp-json\/wp\/v2\/posts"}],"about":[{"href":"https:\/\/radioljubuski.ba\/index.php\/wp-json\/wp\/v2\/types\/post"}],"author":[{"embeddable":true,"href":"https:\/\/radioljubuski.ba\/index.php\/wp-json\/wp\/v2\/users\/2"}],"replies":[{"embeddable":true,"href":"https:\/\/radioljubuski.ba\/index.php\/wp-json\/wp\/v2\/comments?post=193541"}],"version-history":[{"count":4,"href":"https:\/\/radioljubuski.ba\/index.php\/wp-json\/wp\/v2\/posts\/193541\/revisions"}],"predecessor-version":[{"id":193623,"href":"https:\/\/radioljubuski.ba\/index.php\/wp-json\/wp\/v2\/posts\/193541\/revisions\/193623"}],"wp:featuredmedia":[{"embeddable":true,"href":"https:\/\/radioljubuski.ba\/index.php\/wp-json\/wp\/v2\/media\/193544"}],"wp:attachment":[{"href":"https:\/\/radioljubuski.ba\/index.php\/wp-json\/wp\/v2\/media?parent=193541"}],"wp:term":[{"taxonomy":"category","embeddable":true,"href":"https:\/\/radioljubuski.ba\/index.php\/wp-json\/wp\/v2\/categories?post=193541"},{"taxonomy":"post_tag","embeddable":true,"href":"https:\/\/radioljubuski.ba\/index.php\/wp-json\/wp\/v2\/tags?post=193541"}],"curies":[{"name":"wp","href":"https:\/\/api.w.org\/{rel}","templated":true}]}}