{"id":193558,"date":"2023-07-31T10:00:20","date_gmt":"2023-07-31T09:00:20","guid":{"rendered":"https:\/\/radioljubuski.ba\/?p=193558"},"modified":"2023-07-31T13:25:16","modified_gmt":"2023-07-31T12:25:16","slug":"zlatna-misa-mons-ivana-vuksica","status":"publish","type":"post","link":"https:\/\/radioljubuski.ba\/index.php\/2023\/07\/31\/zlatna-misa-mons-ivana-vuksica\/","title":{"rendered":"Zlatna misa mons. Ivana Vuk\u0161i\u0107a"},"content":{"rendered":"\n<p>Mons. Ivan Vuk\u0161i\u0107 proslavio je u nedjelju 30. srpnja u rodnoj \u017eupi Presvetog Srca Isusova u Studencima svoj zlatni jubilej, 50 godina sve\u0107eni\u0161tva. Sam zlatomisnik je predslavio misno slavlje u koncelebraciji s vi\u0161e sve\u0107enika. Slavljenika i nazo\u010dne goste je pozdravio don. Ante Pavlovi\u0107. <\/p>\n\n\n\n<p><em>&#8220;U ime na\u0161ega \u017eupnika i cijele na\u0161e \u017eupne zajednice pozdravljam vrhbosanskoga nadbiskupa i na\u0161ega \u017eupljanina don Tomu Vuk\u0161i\u0107a koji \u0107e propovijedati na ovom misnom slavlju. Njemu je don Iko propovijedao na Mladoj misi 1980. Pozdravljam sve nazo\u010dne sve\u0107enike, \u010dasne sestre i bogoslove. Posebno pozdravljam u\u017eu i \u0161iru obitelj, rodbinu i prijatelje na\u0161ega zlatomisnika, sve vas koji ste do\u0161li s njim proslaviti sve\u010danu svetu misu i s njim podijeliti radost dana\u0161nja slavlja. Napokon, i s posebnom rado\u0161\u0107u pozdravljam na\u0161ega zlatomisnika don Ivana. Dragi don Iko, u ime na\u0161ega \u017eupnika don Ivana i svih na\u0161ih \u017eupljana, u ime nas sve\u0107enika i \u010dasnih sestara iz studena\u010dke \u017eupe, kao i ovdje nazo\u010dnih sve\u0107enika i redovnica, u ime tvoje rodbine i prijatelja, \u010destitam ti zlatni jubilej. Zahvaljujemo dobrom Bogu za sve dane tvoga nesebi\u010dna, posve\u0107ena, radosna i plodna sve\u0107eni\u010dkoga slu\u017eenja u na\u0161oj mjesnoj Crkvi, Crkvi u hrvatskome narodu i op\u0107oj Crkvi. Danas zajedno s tobom molimo Oca Nebeskoga da ti udijeli dobro zdravlje i jo\u0161 mnogo godina radosna navije\u0161tanja Evan\u0111elja koje obiluje uzvi\u0161enim blagom i biserima Bo\u017ejega kraljevstva, kraljevstva milosti i svetosti, istine i pravde, ljubavi i mira za sve ljude i narode.&#8221;<\/em> kazao je don Ante Pavlovi\u0107 u uvodnom govoru.<\/p>\n\n\n\n<figure class=\"wp-block-gallery has-nested-images columns-default is-cropped wp-block-gallery-1 is-layout-flex wp-block-gallery-is-layout-flex\">\n<figure class=\"wp-block-image size-large\"><img loading=\"lazy\" decoding=\"async\" width=\"1024\" height=\"683\" data-id=\"193559\" src=\"https:\/\/radioljubuski.ba\/wp-content\/uploads\/2023\/07\/IMG_3862-1024x683.jpg\" alt=\"\" class=\"wp-image-193559\" srcset=\"https:\/\/radioljubuski.ba\/wp-content\/uploads\/2023\/07\/IMG_3862-1024x683.jpg 1024w, https:\/\/radioljubuski.ba\/wp-content\/uploads\/2023\/07\/IMG_3862-300x200.jpg 300w, https:\/\/radioljubuski.ba\/wp-content\/uploads\/2023\/07\/IMG_3862-768x512.jpg 768w, https:\/\/radioljubuski.ba\/wp-content\/uploads\/2023\/07\/IMG_3862-1536x1024.jpg 1536w, https:\/\/radioljubuski.ba\/wp-content\/uploads\/2023\/07\/IMG_3862-2048x1365.jpg 2048w\" sizes=\"auto, (max-width: 1024px) 100vw, 1024px\" \/><\/figure>\n\n\n\n<figure class=\"wp-block-image size-large\"><img loading=\"lazy\" decoding=\"async\" width=\"1024\" height=\"683\" data-id=\"193560\" src=\"https:\/\/radioljubuski.ba\/wp-content\/uploads\/2023\/07\/slika-1-1024x683.jpg\" alt=\"\" class=\"wp-image-193560\" srcset=\"https:\/\/radioljubuski.ba\/wp-content\/uploads\/2023\/07\/slika-1-1024x683.jpg 1024w, https:\/\/radioljubuski.ba\/wp-content\/uploads\/2023\/07\/slika-1-300x200.jpg 300w, https:\/\/radioljubuski.ba\/wp-content\/uploads\/2023\/07\/slika-1-768x512.jpg 768w, https:\/\/radioljubuski.ba\/wp-content\/uploads\/2023\/07\/slika-1-1536x1024.jpg 1536w, https:\/\/radioljubuski.ba\/wp-content\/uploads\/2023\/07\/slika-1-2048x1365.jpg 2048w\" sizes=\"auto, (max-width: 1024px) 100vw, 1024px\" \/><\/figure>\n<\/figure>\n\n\n\n<p>Prigodnu propovijed uputio je mons. Tomo Vuk\u0161i\u0107, vojni biskup u BiH. Geslo kojim se don Ivan vodio kroz 50 godina sve\u0107eni\u0161tva jest: &#8220;Evo dolazim Gospodine vr\u0161iti volju tvoju&#8221; (Hebr. 10.9.)<\/p>\n\n\n\n<figure class=\"wp-block-gallery has-nested-images columns-default is-cropped wp-block-gallery-2 is-layout-flex wp-block-gallery-is-layout-flex\">\n<figure class=\"wp-block-image size-large\"><img loading=\"lazy\" decoding=\"async\" width=\"683\" height=\"1024\" data-id=\"193580\" src=\"https:\/\/radioljubuski.ba\/wp-content\/uploads\/2023\/07\/IMG_3806-683x1024.jpg\" alt=\"\" class=\"wp-image-193580\" srcset=\"https:\/\/radioljubuski.ba\/wp-content\/uploads\/2023\/07\/IMG_3806-683x1024.jpg 683w, https:\/\/radioljubuski.ba\/wp-content\/uploads\/2023\/07\/IMG_3806-200x300.jpg 200w, https:\/\/radioljubuski.ba\/wp-content\/uploads\/2023\/07\/IMG_3806-768x1152.jpg 768w, https:\/\/radioljubuski.ba\/wp-content\/uploads\/2023\/07\/IMG_3806-1024x1536.jpg 1024w, https:\/\/radioljubuski.ba\/wp-content\/uploads\/2023\/07\/IMG_3806-1365x2048.jpg 1365w, https:\/\/radioljubuski.ba\/wp-content\/uploads\/2023\/07\/IMG_3806-scaled.jpg 1707w\" sizes=\"auto, (max-width: 683px) 100vw, 683px\" \/><\/figure>\n\n\n\n<figure class=\"wp-block-image size-large\"><img loading=\"lazy\" decoding=\"async\" width=\"683\" height=\"1024\" data-id=\"193584\" src=\"https:\/\/radioljubuski.ba\/wp-content\/uploads\/2023\/07\/IMG_3854-1-683x1024.jpg\" alt=\"\" class=\"wp-image-193584\" srcset=\"https:\/\/radioljubuski.ba\/wp-content\/uploads\/2023\/07\/IMG_3854-1-683x1024.jpg 683w, https:\/\/radioljubuski.ba\/wp-content\/uploads\/2023\/07\/IMG_3854-1-200x300.jpg 200w, https:\/\/radioljubuski.ba\/wp-content\/uploads\/2023\/07\/IMG_3854-1-768x1152.jpg 768w, https:\/\/radioljubuski.ba\/wp-content\/uploads\/2023\/07\/IMG_3854-1-1024x1536.jpg 1024w, https:\/\/radioljubuski.ba\/wp-content\/uploads\/2023\/07\/IMG_3854-1-1365x2048.jpg 1365w, https:\/\/radioljubuski.ba\/wp-content\/uploads\/2023\/07\/IMG_3854-1-scaled.jpg 1707w\" sizes=\"auto, (max-width: 683px) 100vw, 683px\" \/><\/figure>\n\n\n\n<figure class=\"wp-block-image size-large\"><img loading=\"lazy\" decoding=\"async\" width=\"683\" height=\"1024\" data-id=\"193581\" src=\"https:\/\/radioljubuski.ba\/wp-content\/uploads\/2023\/07\/IMG_3886-683x1024.jpg\" alt=\"\" class=\"wp-image-193581\" srcset=\"https:\/\/radioljubuski.ba\/wp-content\/uploads\/2023\/07\/IMG_3886-683x1024.jpg 683w, https:\/\/radioljubuski.ba\/wp-content\/uploads\/2023\/07\/IMG_3886-200x300.jpg 200w, https:\/\/radioljubuski.ba\/wp-content\/uploads\/2023\/07\/IMG_3886-768x1152.jpg 768w, https:\/\/radioljubuski.ba\/wp-content\/uploads\/2023\/07\/IMG_3886-1024x1536.jpg 1024w, https:\/\/radioljubuski.ba\/wp-content\/uploads\/2023\/07\/IMG_3886-1365x2048.jpg 1365w, https:\/\/radioljubuski.ba\/wp-content\/uploads\/2023\/07\/IMG_3886-scaled.jpg 1707w\" sizes=\"auto, (max-width: 683px) 100vw, 683px\" \/><\/figure>\n<\/figure>\n\n\n\n<p>Don Ivan  je ro\u0111en 24. o\u017eujka 1947., na Trseljevini u brojnoj obitelji od 12-ero djece. Osnovnu \u0161kolu zavr\u0161io je u Studencima i Ljubu\u0161kom, i potom 1968. gimnaziju na \u0160alati u Zagreb. Teologiju je poha\u0111ao u Splitu, a za sve\u0107enika je zare\u0111en u Prenju, 30. lipnja 1973. Bilo je te godine 8 mladomisnika, i me\u0111u njima pok. \u017eupnik don Damjan Ragu\u017e. Uz don Iku, njih trojica su \u017eiva i u mirovini. Mladu misu slavio u Studencima, na  datum, 29. srpnja 1973.  Kao sve\u0107enik pastoralno je djelovao je u vi\u0161e \u017eupa. Prve \u010detiri godine bio je kapelan u Viru. Tada je na vjeronauku u 8 razreda bio blizu 800 \u0111aka. Danas ih 80-ak. Nakon Vira postaje \u017eupnik u \u017eupi \u0160ipova\u010da -Vojni\u0107i, od 1978. do 1984 godine Biskup ga potom premje\u0161ta u Mostar u kojemu je imenovan za katehetu studenata u katedralnoj \u017eupi, u kojoj od 1985. do 1993. vr\u0161i \u017eupni\u010dku slu\u017ebu. <\/p>\n\n\n\n<figure class=\"wp-block-gallery has-nested-images columns-default is-cropped wp-block-gallery-3 is-layout-flex wp-block-gallery-is-layout-flex\">\n<figure class=\"wp-block-image size-large\"><img loading=\"lazy\" decoding=\"async\" width=\"1024\" height=\"683\" data-id=\"193592\" src=\"https:\/\/radioljubuski.ba\/wp-content\/uploads\/2023\/07\/objava-1-1024x683.jpg\" alt=\"\" class=\"wp-image-193592\" srcset=\"https:\/\/radioljubuski.ba\/wp-content\/uploads\/2023\/07\/objava-1-1024x683.jpg 1024w, https:\/\/radioljubuski.ba\/wp-content\/uploads\/2023\/07\/objava-1-300x200.jpg 300w, https:\/\/radioljubuski.ba\/wp-content\/uploads\/2023\/07\/objava-1-768x512.jpg 768w, https:\/\/radioljubuski.ba\/wp-content\/uploads\/2023\/07\/objava-1-1536x1024.jpg 1536w, https:\/\/radioljubuski.ba\/wp-content\/uploads\/2023\/07\/objava-1-2048x1365.jpg 2048w\" sizes=\"auto, (max-width: 1024px) 100vw, 1024px\" \/><\/figure>\n\n\n\n<figure class=\"wp-block-image size-large\"><img loading=\"lazy\" decoding=\"async\" width=\"1024\" height=\"683\" data-id=\"193594\" src=\"https:\/\/radioljubuski.ba\/wp-content\/uploads\/2023\/07\/slika-3-2-1024x683.jpg\" alt=\"\" class=\"wp-image-193594\" srcset=\"https:\/\/radioljubuski.ba\/wp-content\/uploads\/2023\/07\/slika-3-2-1024x683.jpg 1024w, https:\/\/radioljubuski.ba\/wp-content\/uploads\/2023\/07\/slika-3-2-300x200.jpg 300w, https:\/\/radioljubuski.ba\/wp-content\/uploads\/2023\/07\/slika-3-2-768x512.jpg 768w, https:\/\/radioljubuski.ba\/wp-content\/uploads\/2023\/07\/slika-3-2-1536x1024.jpg 1536w, https:\/\/radioljubuski.ba\/wp-content\/uploads\/2023\/07\/slika-3-2-2048x1365.jpg 2048w\" sizes=\"auto, (max-width: 1024px) 100vw, 1024px\" \/><\/figure>\n<\/figure>\n\n\n\n<p> <\/p>\n\n\n\n<p>Od 1993. do 1999. obna\u0161ao je \u017eupni\u010dku slu\u017ebu u novoosnovanoj \u017eupi sv. Ivana u Mostaru. Bile su to te\u0161ke godine obilje\u017eene demokratskim promjenama, politi\u010dkim previranjima, ratom, razaranjima, stradanjima, progonom, brojnim izbjeglicama. Don Iko je tada bio blizak svima, ne samo kao misnik, propovjednik Bo\u017eje rije\u010di i djelitelj svetih sakramenata, nego i kao sve\u0107enik koji se nesebi\u010dno, dan i no\u0107,  brinuo za siroma\u0161ne i prognanike, branitelje i ranjenike. Svojim je sve\u0107eni\u010dkim pristupom i djelovanjem prirastao du\u0161ama svojih \u017eupljana. Ima jedna anegdota koja zorno opisuje razmi\u0161ljanje, odnos i stav vjernika prema don Iki. Tako, okupile se Mostarke uz kavu, prognanice i doma\u0107e. Povela se pri\u010da o tome tko od njih kojoj \u017eupi pripada i u koju crkvu tko od njih idu. Jedne vele da idu u katedralu, druge u crkvu sv. Petra i Pavla, tre\u0107e u crkvu sv. Mateja, a neke od njih, koje su pripadale \u017eupi sv. Ivana apostola i evan\u0111elista, reko\u0161e: mi vam idemo u crkvu sv. Ivana Vuk\u0161i\u0107a. Nije li to, i sve \u0161to je don Iko zna\u010dio i \u010dinio u Mostaru, bio povod biskupu Ratku da ga predlo\u017ei sv. Ocu Ivanu Pavlu II, da mu dodijeli titulu monsinjora. Papa je to u\u010dinio i prije 30 godina imenovao ga je monsinjorom, tj. svojim kapelanom. Don Iko je tako\u0111er jednu godinu bio \u017eupnik u \u017eupi Presvetoga Trojstva, Blagaj-Buna i jednu je godinu imenovan \u017eupnikom u Mostarskom Gracu.<\/p>\n\n\n\n<figure class=\"wp-block-gallery has-nested-images columns-default is-cropped wp-block-gallery-4 is-layout-flex wp-block-gallery-is-layout-flex\">\n<figure class=\"wp-block-image size-large\"><img loading=\"lazy\" decoding=\"async\" width=\"1024\" height=\"683\" data-id=\"193565\" src=\"https:\/\/radioljubuski.ba\/wp-content\/uploads\/2023\/07\/slika-6-1024x683.jpg\" alt=\"\" class=\"wp-image-193565\" srcset=\"https:\/\/radioljubuski.ba\/wp-content\/uploads\/2023\/07\/slika-6-1024x683.jpg 1024w, https:\/\/radioljubuski.ba\/wp-content\/uploads\/2023\/07\/slika-6-300x200.jpg 300w, https:\/\/radioljubuski.ba\/wp-content\/uploads\/2023\/07\/slika-6-768x512.jpg 768w, https:\/\/radioljubuski.ba\/wp-content\/uploads\/2023\/07\/slika-6-1536x1024.jpg 1536w, https:\/\/radioljubuski.ba\/wp-content\/uploads\/2023\/07\/slika-6-2048x1365.jpg 2048w\" sizes=\"auto, (max-width: 1024px) 100vw, 1024px\" \/><\/figure>\n\n\n\n<figure class=\"wp-block-image size-large\"><img loading=\"lazy\" decoding=\"async\" width=\"1024\" height=\"683\" data-id=\"193567\" src=\"https:\/\/radioljubuski.ba\/wp-content\/uploads\/2023\/07\/slika-7-1024x683.jpg\" alt=\"\" class=\"wp-image-193567\" srcset=\"https:\/\/radioljubuski.ba\/wp-content\/uploads\/2023\/07\/slika-7-1024x683.jpg 1024w, https:\/\/radioljubuski.ba\/wp-content\/uploads\/2023\/07\/slika-7-300x200.jpg 300w, https:\/\/radioljubuski.ba\/wp-content\/uploads\/2023\/07\/slika-7-768x512.jpg 768w, https:\/\/radioljubuski.ba\/wp-content\/uploads\/2023\/07\/slika-7-1536x1024.jpg 1536w, https:\/\/radioljubuski.ba\/wp-content\/uploads\/2023\/07\/slika-7-2048x1365.jpg 2048w\" sizes=\"auto, (max-width: 1024px) 100vw, 1024px\" \/><\/figure>\n\n\n\n<figure class=\"wp-block-image size-large\"><img loading=\"lazy\" decoding=\"async\" width=\"1024\" height=\"683\" data-id=\"193566\" src=\"https:\/\/radioljubuski.ba\/wp-content\/uploads\/2023\/07\/slika-8-1024x683.jpg\" alt=\"\" class=\"wp-image-193566\" srcset=\"https:\/\/radioljubuski.ba\/wp-content\/uploads\/2023\/07\/slika-8-1024x683.jpg 1024w, https:\/\/radioljubuski.ba\/wp-content\/uploads\/2023\/07\/slika-8-300x200.jpg 300w, https:\/\/radioljubuski.ba\/wp-content\/uploads\/2023\/07\/slika-8-768x512.jpg 768w, https:\/\/radioljubuski.ba\/wp-content\/uploads\/2023\/07\/slika-8-1536x1024.jpg 1536w, https:\/\/radioljubuski.ba\/wp-content\/uploads\/2023\/07\/slika-8-2048x1365.jpg 2048w\" sizes=\"auto, (max-width: 1024px) 100vw, 1024px\" \/><\/figure>\n<\/figure>\n\n\n\n<p>Don Ivana je 2000. godine biskup Ratko razrije\u0161io svih slu\u017ebi i du\u017enosti zbog naru\u0161ena zdravlja i lije\u010denja. Lije\u010denje u Mostaru i Zagrebu potrajalo je do kraja 2003., kada je radi nastavka lije\u010denja otputovao kod sestre i rodbine u Kanadu. Nakon oporavka, 1. travnja 2004. imenovan&nbsp; je duhovnim pomo\u0107nikom u&nbsp; hrvatskoj \u017eupi Presvetoga Trojstva u Oakville-u, u kojoj je \u017eupnik na\u0161 don Ilija Petkovi\u0107. Don Iko je ove godine umirovljen i smje\u0161ten u Sve\u0107eni\u010dki dom u Mostaru. Pa ipak, iako je umirovljen, one ne miruje nego i dalje neumorno slu\u017ei svete Mise, propovijeda i ispovijeda po mostarskim i drugim \u017eupama.<\/p>\n\n\n\n<figure class=\"wp-block-gallery has-nested-images columns-default is-cropped wp-block-gallery-5 is-layout-flex wp-block-gallery-is-layout-flex\">\n<figure class=\"wp-block-image size-large\"><img loading=\"lazy\" decoding=\"async\" width=\"1024\" height=\"683\" data-id=\"193611\" src=\"https:\/\/radioljubuski.ba\/wp-content\/uploads\/2023\/07\/SSSSSSSSSSSSSSSSSS-1024x683.jpg\" alt=\"\" class=\"wp-image-193611\" srcset=\"https:\/\/radioljubuski.ba\/wp-content\/uploads\/2023\/07\/SSSSSSSSSSSSSSSSSS-1024x683.jpg 1024w, https:\/\/radioljubuski.ba\/wp-content\/uploads\/2023\/07\/SSSSSSSSSSSSSSSSSS-300x200.jpg 300w, https:\/\/radioljubuski.ba\/wp-content\/uploads\/2023\/07\/SSSSSSSSSSSSSSSSSS-768x512.jpg 768w, https:\/\/radioljubuski.ba\/wp-content\/uploads\/2023\/07\/SSSSSSSSSSSSSSSSSS-1536x1024.jpg 1536w, https:\/\/radioljubuski.ba\/wp-content\/uploads\/2023\/07\/SSSSSSSSSSSSSSSSSS-2048x1365.jpg 2048w\" sizes=\"auto, (max-width: 1024px) 100vw, 1024px\" \/><\/figure>\n\n\n\n<figure class=\"wp-block-image size-large\"><img loading=\"lazy\" decoding=\"async\" width=\"1024\" height=\"683\" data-id=\"193610\" src=\"https:\/\/radioljubuski.ba\/wp-content\/uploads\/2023\/07\/SSSSSSSSSSSSSSSSSSSSSSSS-1024x683.jpg\" alt=\"\" class=\"wp-image-193610\" srcset=\"https:\/\/radioljubuski.ba\/wp-content\/uploads\/2023\/07\/SSSSSSSSSSSSSSSSSSSSSSSS-1024x683.jpg 1024w, https:\/\/radioljubuski.ba\/wp-content\/uploads\/2023\/07\/SSSSSSSSSSSSSSSSSSSSSSSS-300x200.jpg 300w, https:\/\/radioljubuski.ba\/wp-content\/uploads\/2023\/07\/SSSSSSSSSSSSSSSSSSSSSSSS-768x512.jpg 768w, https:\/\/radioljubuski.ba\/wp-content\/uploads\/2023\/07\/SSSSSSSSSSSSSSSSSSSSSSSS-1536x1024.jpg 1536w, https:\/\/radioljubuski.ba\/wp-content\/uploads\/2023\/07\/SSSSSSSSSSSSSSSSSSSSSSSS-2048x1365.jpg 2048w\" sizes=\"auto, (max-width: 1024px) 100vw, 1024px\" \/><\/figure>\n<\/figure>\n\n\n\n<figure class=\"wp-block-gallery has-nested-images columns-default is-cropped wp-block-gallery-6 is-layout-flex wp-block-gallery-is-layout-flex\">\n<figure class=\"wp-block-image size-large\"><img loading=\"lazy\" decoding=\"async\" width=\"1024\" height=\"683\" data-id=\"193603\" src=\"https:\/\/radioljubuski.ba\/wp-content\/uploads\/2023\/07\/slika-za-obajvu-5-1024x683.jpg\" alt=\"\" class=\"wp-image-193603\" srcset=\"https:\/\/radioljubuski.ba\/wp-content\/uploads\/2023\/07\/slika-za-obajvu-5-1024x683.jpg 1024w, https:\/\/radioljubuski.ba\/wp-content\/uploads\/2023\/07\/slika-za-obajvu-5-300x200.jpg 300w, https:\/\/radioljubuski.ba\/wp-content\/uploads\/2023\/07\/slika-za-obajvu-5-768x512.jpg 768w, https:\/\/radioljubuski.ba\/wp-content\/uploads\/2023\/07\/slika-za-obajvu-5-1536x1024.jpg 1536w, https:\/\/radioljubuski.ba\/wp-content\/uploads\/2023\/07\/slika-za-obajvu-5-2048x1365.jpg 2048w\" sizes=\"auto, (max-width: 1024px) 100vw, 1024px\" \/><\/figure>\n\n\n\n<figure class=\"wp-block-image size-large\"><img loading=\"lazy\" decoding=\"async\" width=\"1024\" height=\"683\" data-id=\"193602\" src=\"https:\/\/radioljubuski.ba\/wp-content\/uploads\/2023\/07\/slika-za-obavu-4-1024x683.jpg\" alt=\"\" class=\"wp-image-193602\" srcset=\"https:\/\/radioljubuski.ba\/wp-content\/uploads\/2023\/07\/slika-za-obavu-4-1024x683.jpg 1024w, https:\/\/radioljubuski.ba\/wp-content\/uploads\/2023\/07\/slika-za-obavu-4-300x200.jpg 300w, https:\/\/radioljubuski.ba\/wp-content\/uploads\/2023\/07\/slika-za-obavu-4-768x512.jpg 768w, https:\/\/radioljubuski.ba\/wp-content\/uploads\/2023\/07\/slika-za-obavu-4-1536x1024.jpg 1536w, https:\/\/radioljubuski.ba\/wp-content\/uploads\/2023\/07\/slika-za-obavu-4-2048x1365.jpg 2048w\" sizes=\"auto, (max-width: 1024px) 100vw, 1024px\" \/><\/figure>\n\n\n\n<figure class=\"wp-block-image size-large\"><img loading=\"lazy\" decoding=\"async\" width=\"1024\" height=\"683\" data-id=\"193601\" src=\"https:\/\/radioljubuski.ba\/wp-content\/uploads\/2023\/07\/slika-za-objavu-1-1024x683.jpg\" alt=\"\" class=\"wp-image-193601\" srcset=\"https:\/\/radioljubuski.ba\/wp-content\/uploads\/2023\/07\/slika-za-objavu-1-1024x683.jpg 1024w, https:\/\/radioljubuski.ba\/wp-content\/uploads\/2023\/07\/slika-za-objavu-1-300x200.jpg 300w, https:\/\/radioljubuski.ba\/wp-content\/uploads\/2023\/07\/slika-za-objavu-1-768x512.jpg 768w, https:\/\/radioljubuski.ba\/wp-content\/uploads\/2023\/07\/slika-za-objavu-1-1536x1024.jpg 1536w, https:\/\/radioljubuski.ba\/wp-content\/uploads\/2023\/07\/slika-za-objavu-1-2048x1365.jpg 2048w\" sizes=\"auto, (max-width: 1024px) 100vw, 1024px\" \/><\/figure>\n\n\n\n<figure class=\"wp-block-image size-large\"><img loading=\"lazy\" decoding=\"async\" width=\"1024\" height=\"683\" data-id=\"193600\" src=\"https:\/\/radioljubuski.ba\/wp-content\/uploads\/2023\/07\/slika-za-objavu-3-1024x683.jpg\" alt=\"\" class=\"wp-image-193600\" srcset=\"https:\/\/radioljubuski.ba\/wp-content\/uploads\/2023\/07\/slika-za-objavu-3-1024x683.jpg 1024w, https:\/\/radioljubuski.ba\/wp-content\/uploads\/2023\/07\/slika-za-objavu-3-300x200.jpg 300w, https:\/\/radioljubuski.ba\/wp-content\/uploads\/2023\/07\/slika-za-objavu-3-768x512.jpg 768w, https:\/\/radioljubuski.ba\/wp-content\/uploads\/2023\/07\/slika-za-objavu-3-1536x1024.jpg 1536w, https:\/\/radioljubuski.ba\/wp-content\/uploads\/2023\/07\/slika-za-objavu-3-2048x1365.jpg 2048w\" sizes=\"auto, (max-width: 1024px) 100vw, 1024px\" \/><\/figure>\n\n\n\n<figure class=\"wp-block-image size-large\"><img loading=\"lazy\" decoding=\"async\" width=\"1024\" height=\"683\" data-id=\"193598\" src=\"https:\/\/radioljubuski.ba\/wp-content\/uploads\/2023\/07\/slikaza-objau-2-1024x683.jpg\" alt=\"\" class=\"wp-image-193598\" srcset=\"https:\/\/radioljubuski.ba\/wp-content\/uploads\/2023\/07\/slikaza-objau-2-1024x683.jpg 1024w, https:\/\/radioljubuski.ba\/wp-content\/uploads\/2023\/07\/slikaza-objau-2-300x200.jpg 300w, https:\/\/radioljubuski.ba\/wp-content\/uploads\/2023\/07\/slikaza-objau-2-768x512.jpg 768w, https:\/\/radioljubuski.ba\/wp-content\/uploads\/2023\/07\/slikaza-objau-2-1536x1024.jpg 1536w, https:\/\/radioljubuski.ba\/wp-content\/uploads\/2023\/07\/slikaza-objau-2-2048x1365.jpg 2048w\" sizes=\"auto, (max-width: 1024px) 100vw, 1024px\" \/><\/figure>\n<\/figure>\n\n\n\n<p>Radio Ljubu\u0161ki \/ Gordana Ili\u0107<\/p>\n","protected":false},"excerpt":{"rendered":"<p>Mons. Ivan Vuk\u0161i\u0107 proslavio je u nedjelju 30. srpnja u rodnoj \u017eupi Presvetog Srca Isusova u Studencima svoj zlatni jubilej, 50 godina sve\u0107eni\u0161tva. Sam zlatomisnik je predslavio misno slavlje u koncelebraciji s vi\u0161e sve\u0107enika. Slavljenika i nazo\u010dne goste je pozdravio don. Ante Pavlovi\u0107. &#8220;U ime na\u0161ega \u017eupnika i cijele na\u0161e \u017eupne zajednice pozdravljam vrhbosanskoga nadbiskupa [&hellip;]<\/p>\n","protected":false},"author":2,"featured_media":193596,"comment_status":"closed","ping_status":"closed","sticky":false,"template":"","format":"standard","meta":{"h5ap_radio_sources":[],"footnotes":""},"categories":[28],"tags":[],"class_list":["post-193558","post","type-post","status-publish","format-standard","has-post-thumbnail","hentry","category-novosti"],"yoast_head":"<!-- This site is optimized with the Yoast SEO plugin v27.4 - https:\/\/yoast.com\/product\/yoast-seo-wordpress\/ -->\n<title>Zlatna misa mons. Ivana Vuk\u0161i\u0107a - RADIO LJUBU\u0160KI<\/title>\n<meta name=\"robots\" content=\"index, follow, max-snippet:-1, max-image-preview:large, max-video-preview:-1\" \/>\n<link rel=\"canonical\" href=\"https:\/\/radioljubuski.ba\/index.php\/2023\/07\/31\/zlatna-misa-mons-ivana-vuksica\/\" \/>\n<meta property=\"og:locale\" content=\"hr_HR\" \/>\n<meta property=\"og:type\" content=\"article\" \/>\n<meta property=\"og:title\" content=\"Zlatna misa mons. Ivana Vuk\u0161i\u0107a - RADIO LJUBU\u0160KI\" \/>\n<meta property=\"og:description\" content=\"Mons. Ivan Vuk\u0161i\u0107 proslavio je u nedjelju 30. srpnja u rodnoj \u017eupi Presvetog Srca Isusova u Studencima svoj zlatni jubilej, 50 godina sve\u0107eni\u0161tva. Sam zlatomisnik je predslavio misno slavlje u koncelebraciji s vi\u0161e sve\u0107enika. Slavljenika i nazo\u010dne goste je pozdravio don. Ante Pavlovi\u0107. &#8220;U ime na\u0161ega \u017eupnika i cijele na\u0161e \u017eupne zajednice pozdravljam vrhbosanskoga nadbiskupa [&hellip;]\" \/>\n<meta property=\"og:url\" content=\"https:\/\/radioljubuski.ba\/index.php\/2023\/07\/31\/zlatna-misa-mons-ivana-vuksica\/\" \/>\n<meta property=\"og:site_name\" content=\"RADIO LJUBU\u0160KI\" \/>\n<meta property=\"article:publisher\" content=\"https:\/\/www.facebook.com\/Radiio-Ljubuski-1490835324566332\" \/>\n<meta property=\"article:published_time\" content=\"2023-07-31T09:00:20+00:00\" \/>\n<meta property=\"article:modified_time\" content=\"2023-07-31T12:25:16+00:00\" \/>\n<meta property=\"og:image\" content=\"https:\/\/radioljubuski.ba\/wp-content\/uploads\/2023\/07\/objava-1-1-scaled.jpg\" \/>\n\t<meta property=\"og:image:width\" content=\"2560\" \/>\n\t<meta property=\"og:image:height\" content=\"1707\" \/>\n\t<meta property=\"og:image:type\" content=\"image\/jpeg\" \/>\n<meta name=\"author\" content=\"Radio Ljubu\u0161ki\" \/>\n<meta name=\"twitter:card\" content=\"summary_large_image\" \/>\n<meta name=\"twitter:creator\" content=\"@radioljubuski\" \/>\n<meta name=\"twitter:site\" content=\"@radioljubuski\" \/>\n<meta name=\"twitter:label1\" content=\"Napisao\/la\" \/>\n\t<meta name=\"twitter:data1\" content=\"Radio Ljubu\u0161ki\" \/>\n\t<meta name=\"twitter:label2\" content=\"Procijenjeno vrijeme \u010ditanja\" \/>\n\t<meta name=\"twitter:data2\" content=\"8 minuta\" \/>\n<script type=\"application\/ld+json\" class=\"yoast-schema-graph\">{\"@context\":\"https:\\\/\\\/schema.org\",\"@graph\":[{\"@type\":\"Article\",\"@id\":\"https:\\\/\\\/radioljubuski.ba\\\/index.php\\\/2023\\\/07\\\/31\\\/zlatna-misa-mons-ivana-vuksica\\\/#article\",\"isPartOf\":{\"@id\":\"https:\\\/\\\/radioljubuski.ba\\\/index.php\\\/2023\\\/07\\\/31\\\/zlatna-misa-mons-ivana-vuksica\\\/\"},\"author\":{\"name\":\"Radio Ljubu\u0161ki\",\"@id\":\"https:\\\/\\\/radioljubuski.ba\\\/#\\\/schema\\\/person\\\/19fc700381a780f69665d7956c469e3b\"},\"headline\":\"Zlatna misa mons. Ivana Vuk\u0161i\u0107a\",\"datePublished\":\"2023-07-31T09:00:20+00:00\",\"dateModified\":\"2023-07-31T12:25:16+00:00\",\"mainEntityOfPage\":{\"@id\":\"https:\\\/\\\/radioljubuski.ba\\\/index.php\\\/2023\\\/07\\\/31\\\/zlatna-misa-mons-ivana-vuksica\\\/\"},\"wordCount\":827,\"publisher\":{\"@id\":\"https:\\\/\\\/radioljubuski.ba\\\/#organization\"},\"image\":{\"@id\":\"https:\\\/\\\/radioljubuski.ba\\\/index.php\\\/2023\\\/07\\\/31\\\/zlatna-misa-mons-ivana-vuksica\\\/#primaryimage\"},\"thumbnailUrl\":\"https:\\\/\\\/radioljubuski.ba\\\/wp-content\\\/uploads\\\/2023\\\/07\\\/objava-1-1-scaled.jpg\",\"articleSection\":[\"Novosti\"],\"inLanguage\":\"hr\"},{\"@type\":\"WebPage\",\"@id\":\"https:\\\/\\\/radioljubuski.ba\\\/index.php\\\/2023\\\/07\\\/31\\\/zlatna-misa-mons-ivana-vuksica\\\/\",\"url\":\"https:\\\/\\\/radioljubuski.ba\\\/index.php\\\/2023\\\/07\\\/31\\\/zlatna-misa-mons-ivana-vuksica\\\/\",\"name\":\"Zlatna misa mons. Ivana Vuk\u0161i\u0107a - RADIO LJUBU\u0160KI\",\"isPartOf\":{\"@id\":\"https:\\\/\\\/radioljubuski.ba\\\/#website\"},\"primaryImageOfPage\":{\"@id\":\"https:\\\/\\\/radioljubuski.ba\\\/index.php\\\/2023\\\/07\\\/31\\\/zlatna-misa-mons-ivana-vuksica\\\/#primaryimage\"},\"image\":{\"@id\":\"https:\\\/\\\/radioljubuski.ba\\\/index.php\\\/2023\\\/07\\\/31\\\/zlatna-misa-mons-ivana-vuksica\\\/#primaryimage\"},\"thumbnailUrl\":\"https:\\\/\\\/radioljubuski.ba\\\/wp-content\\\/uploads\\\/2023\\\/07\\\/objava-1-1-scaled.jpg\",\"datePublished\":\"2023-07-31T09:00:20+00:00\",\"dateModified\":\"2023-07-31T12:25:16+00:00\",\"breadcrumb\":{\"@id\":\"https:\\\/\\\/radioljubuski.ba\\\/index.php\\\/2023\\\/07\\\/31\\\/zlatna-misa-mons-ivana-vuksica\\\/#breadcrumb\"},\"inLanguage\":\"hr\",\"potentialAction\":[{\"@type\":\"ReadAction\",\"target\":[\"https:\\\/\\\/radioljubuski.ba\\\/index.php\\\/2023\\\/07\\\/31\\\/zlatna-misa-mons-ivana-vuksica\\\/\"]}]},{\"@type\":\"ImageObject\",\"inLanguage\":\"hr\",\"@id\":\"https:\\\/\\\/radioljubuski.ba\\\/index.php\\\/2023\\\/07\\\/31\\\/zlatna-misa-mons-ivana-vuksica\\\/#primaryimage\",\"url\":\"https:\\\/\\\/radioljubuski.ba\\\/wp-content\\\/uploads\\\/2023\\\/07\\\/objava-1-1-scaled.jpg\",\"contentUrl\":\"https:\\\/\\\/radioljubuski.ba\\\/wp-content\\\/uploads\\\/2023\\\/07\\\/objava-1-1-scaled.jpg\",\"width\":2560,\"height\":1707},{\"@type\":\"BreadcrumbList\",\"@id\":\"https:\\\/\\\/radioljubuski.ba\\\/index.php\\\/2023\\\/07\\\/31\\\/zlatna-misa-mons-ivana-vuksica\\\/#breadcrumb\",\"itemListElement\":[{\"@type\":\"ListItem\",\"position\":1,\"name\":\"Po\u010detna stranica\",\"item\":\"https:\\\/\\\/radioljubuski.ba\\\/\"},{\"@type\":\"ListItem\",\"position\":2,\"name\":\"Zlatna misa mons. Ivana Vuk\u0161i\u0107a\"}]},{\"@type\":\"WebSite\",\"@id\":\"https:\\\/\\\/radioljubuski.ba\\\/#website\",\"url\":\"https:\\\/\\\/radioljubuski.ba\\\/\",\"name\":\"Radio Ljubu\u0161ki\",\"description\":\"Sun\u010dana frekvencija Hercegovine\",\"publisher\":{\"@id\":\"https:\\\/\\\/radioljubuski.ba\\\/#organization\"},\"potentialAction\":[{\"@type\":\"SearchAction\",\"target\":{\"@type\":\"EntryPoint\",\"urlTemplate\":\"https:\\\/\\\/radioljubuski.ba\\\/?s={search_term_string}\"},\"query-input\":{\"@type\":\"PropertyValueSpecification\",\"valueRequired\":true,\"valueName\":\"search_term_string\"}}],\"inLanguage\":\"hr\"},{\"@type\":\"Organization\",\"@id\":\"https:\\\/\\\/radioljubuski.ba\\\/#organization\",\"name\":\"Radio Ljubu\u0161ki\",\"url\":\"https:\\\/\\\/radioljubuski.ba\\\/\",\"logo\":{\"@type\":\"ImageObject\",\"inLanguage\":\"hr\",\"@id\":\"https:\\\/\\\/radioljubuski.ba\\\/#\\\/schema\\\/logo\\\/image\\\/\",\"url\":\"https:\\\/\\\/radioljubuski.ba\\\/wp-content\\\/uploads\\\/2021\\\/02\\\/cropped-Radio_Ljubuski_logo1.jpg\",\"contentUrl\":\"https:\\\/\\\/radioljubuski.ba\\\/wp-content\\\/uploads\\\/2021\\\/02\\\/cropped-Radio_Ljubuski_logo1.jpg\",\"width\":512,\"height\":512,\"caption\":\"Radio Ljubu\u0161ki\"},\"image\":{\"@id\":\"https:\\\/\\\/radioljubuski.ba\\\/#\\\/schema\\\/logo\\\/image\\\/\"},\"sameAs\":[\"https:\\\/\\\/www.facebook.com\\\/Radiio-Ljubuski-1490835324566332\",\"https:\\\/\\\/x.com\\\/radioljubuski\",\"https:\\\/\\\/hr.linkedin.com\\\/company\\\/radio-ljubuski\",\"https:\\\/\\\/www.youtube.com\\\/channel\\\/UCHYaeO_n0Db3tjNGudGpXyw\"]},{\"@type\":\"Person\",\"@id\":\"https:\\\/\\\/radioljubuski.ba\\\/#\\\/schema\\\/person\\\/19fc700381a780f69665d7956c469e3b\",\"name\":\"Radio Ljubu\u0161ki\"}]}<\/script>\n<!-- \/ Yoast SEO plugin. -->","yoast_head_json":{"title":"Zlatna misa mons. Ivana Vuk\u0161i\u0107a - RADIO LJUBU\u0160KI","robots":{"index":"index","follow":"follow","max-snippet":"max-snippet:-1","max-image-preview":"max-image-preview:large","max-video-preview":"max-video-preview:-1"},"canonical":"https:\/\/radioljubuski.ba\/index.php\/2023\/07\/31\/zlatna-misa-mons-ivana-vuksica\/","og_locale":"hr_HR","og_type":"article","og_title":"Zlatna misa mons. Ivana Vuk\u0161i\u0107a - RADIO LJUBU\u0160KI","og_description":"Mons. Ivan Vuk\u0161i\u0107 proslavio je u nedjelju 30. srpnja u rodnoj \u017eupi Presvetog Srca Isusova u Studencima svoj zlatni jubilej, 50 godina sve\u0107eni\u0161tva. Sam zlatomisnik je predslavio misno slavlje u koncelebraciji s vi\u0161e sve\u0107enika. Slavljenika i nazo\u010dne goste je pozdravio don. Ante Pavlovi\u0107. &#8220;U ime na\u0161ega \u017eupnika i cijele na\u0161e \u017eupne zajednice pozdravljam vrhbosanskoga nadbiskupa [&hellip;]","og_url":"https:\/\/radioljubuski.ba\/index.php\/2023\/07\/31\/zlatna-misa-mons-ivana-vuksica\/","og_site_name":"RADIO LJUBU\u0160KI","article_publisher":"https:\/\/www.facebook.com\/Radiio-Ljubuski-1490835324566332","article_published_time":"2023-07-31T09:00:20+00:00","article_modified_time":"2023-07-31T12:25:16+00:00","og_image":[{"width":2560,"height":1707,"url":"https:\/\/radioljubuski.ba\/wp-content\/uploads\/2023\/07\/objava-1-1-scaled.jpg","type":"image\/jpeg"}],"author":"Radio Ljubu\u0161ki","twitter_card":"summary_large_image","twitter_creator":"@radioljubuski","twitter_site":"@radioljubuski","twitter_misc":{"Napisao\/la":"Radio Ljubu\u0161ki","Procijenjeno vrijeme \u010ditanja":"8 minuta"},"schema":{"@context":"https:\/\/schema.org","@graph":[{"@type":"Article","@id":"https:\/\/radioljubuski.ba\/index.php\/2023\/07\/31\/zlatna-misa-mons-ivana-vuksica\/#article","isPartOf":{"@id":"https:\/\/radioljubuski.ba\/index.php\/2023\/07\/31\/zlatna-misa-mons-ivana-vuksica\/"},"author":{"name":"Radio Ljubu\u0161ki","@id":"https:\/\/radioljubuski.ba\/#\/schema\/person\/19fc700381a780f69665d7956c469e3b"},"headline":"Zlatna misa mons. Ivana Vuk\u0161i\u0107a","datePublished":"2023-07-31T09:00:20+00:00","dateModified":"2023-07-31T12:25:16+00:00","mainEntityOfPage":{"@id":"https:\/\/radioljubuski.ba\/index.php\/2023\/07\/31\/zlatna-misa-mons-ivana-vuksica\/"},"wordCount":827,"publisher":{"@id":"https:\/\/radioljubuski.ba\/#organization"},"image":{"@id":"https:\/\/radioljubuski.ba\/index.php\/2023\/07\/31\/zlatna-misa-mons-ivana-vuksica\/#primaryimage"},"thumbnailUrl":"https:\/\/radioljubuski.ba\/wp-content\/uploads\/2023\/07\/objava-1-1-scaled.jpg","articleSection":["Novosti"],"inLanguage":"hr"},{"@type":"WebPage","@id":"https:\/\/radioljubuski.ba\/index.php\/2023\/07\/31\/zlatna-misa-mons-ivana-vuksica\/","url":"https:\/\/radioljubuski.ba\/index.php\/2023\/07\/31\/zlatna-misa-mons-ivana-vuksica\/","name":"Zlatna misa mons. Ivana Vuk\u0161i\u0107a - RADIO LJUBU\u0160KI","isPartOf":{"@id":"https:\/\/radioljubuski.ba\/#website"},"primaryImageOfPage":{"@id":"https:\/\/radioljubuski.ba\/index.php\/2023\/07\/31\/zlatna-misa-mons-ivana-vuksica\/#primaryimage"},"image":{"@id":"https:\/\/radioljubuski.ba\/index.php\/2023\/07\/31\/zlatna-misa-mons-ivana-vuksica\/#primaryimage"},"thumbnailUrl":"https:\/\/radioljubuski.ba\/wp-content\/uploads\/2023\/07\/objava-1-1-scaled.jpg","datePublished":"2023-07-31T09:00:20+00:00","dateModified":"2023-07-31T12:25:16+00:00","breadcrumb":{"@id":"https:\/\/radioljubuski.ba\/index.php\/2023\/07\/31\/zlatna-misa-mons-ivana-vuksica\/#breadcrumb"},"inLanguage":"hr","potentialAction":[{"@type":"ReadAction","target":["https:\/\/radioljubuski.ba\/index.php\/2023\/07\/31\/zlatna-misa-mons-ivana-vuksica\/"]}]},{"@type":"ImageObject","inLanguage":"hr","@id":"https:\/\/radioljubuski.ba\/index.php\/2023\/07\/31\/zlatna-misa-mons-ivana-vuksica\/#primaryimage","url":"https:\/\/radioljubuski.ba\/wp-content\/uploads\/2023\/07\/objava-1-1-scaled.jpg","contentUrl":"https:\/\/radioljubuski.ba\/wp-content\/uploads\/2023\/07\/objava-1-1-scaled.jpg","width":2560,"height":1707},{"@type":"BreadcrumbList","@id":"https:\/\/radioljubuski.ba\/index.php\/2023\/07\/31\/zlatna-misa-mons-ivana-vuksica\/#breadcrumb","itemListElement":[{"@type":"ListItem","position":1,"name":"Po\u010detna stranica","item":"https:\/\/radioljubuski.ba\/"},{"@type":"ListItem","position":2,"name":"Zlatna misa mons. Ivana Vuk\u0161i\u0107a"}]},{"@type":"WebSite","@id":"https:\/\/radioljubuski.ba\/#website","url":"https:\/\/radioljubuski.ba\/","name":"Radio Ljubu\u0161ki","description":"Sun\u010dana frekvencija Hercegovine","publisher":{"@id":"https:\/\/radioljubuski.ba\/#organization"},"potentialAction":[{"@type":"SearchAction","target":{"@type":"EntryPoint","urlTemplate":"https:\/\/radioljubuski.ba\/?s={search_term_string}"},"query-input":{"@type":"PropertyValueSpecification","valueRequired":true,"valueName":"search_term_string"}}],"inLanguage":"hr"},{"@type":"Organization","@id":"https:\/\/radioljubuski.ba\/#organization","name":"Radio Ljubu\u0161ki","url":"https:\/\/radioljubuski.ba\/","logo":{"@type":"ImageObject","inLanguage":"hr","@id":"https:\/\/radioljubuski.ba\/#\/schema\/logo\/image\/","url":"https:\/\/radioljubuski.ba\/wp-content\/uploads\/2021\/02\/cropped-Radio_Ljubuski_logo1.jpg","contentUrl":"https:\/\/radioljubuski.ba\/wp-content\/uploads\/2021\/02\/cropped-Radio_Ljubuski_logo1.jpg","width":512,"height":512,"caption":"Radio Ljubu\u0161ki"},"image":{"@id":"https:\/\/radioljubuski.ba\/#\/schema\/logo\/image\/"},"sameAs":["https:\/\/www.facebook.com\/Radiio-Ljubuski-1490835324566332","https:\/\/x.com\/radioljubuski","https:\/\/hr.linkedin.com\/company\/radio-ljubuski","https:\/\/www.youtube.com\/channel\/UCHYaeO_n0Db3tjNGudGpXyw"]},{"@type":"Person","@id":"https:\/\/radioljubuski.ba\/#\/schema\/person\/19fc700381a780f69665d7956c469e3b","name":"Radio Ljubu\u0161ki"}]}},"_links":{"self":[{"href":"https:\/\/radioljubuski.ba\/index.php\/wp-json\/wp\/v2\/posts\/193558","targetHints":{"allow":["GET"]}}],"collection":[{"href":"https:\/\/radioljubuski.ba\/index.php\/wp-json\/wp\/v2\/posts"}],"about":[{"href":"https:\/\/radioljubuski.ba\/index.php\/wp-json\/wp\/v2\/types\/post"}],"author":[{"embeddable":true,"href":"https:\/\/radioljubuski.ba\/index.php\/wp-json\/wp\/v2\/users\/2"}],"replies":[{"embeddable":true,"href":"https:\/\/radioljubuski.ba\/index.php\/wp-json\/wp\/v2\/comments?post=193558"}],"version-history":[{"count":11,"href":"https:\/\/radioljubuski.ba\/index.php\/wp-json\/wp\/v2\/posts\/193558\/revisions"}],"predecessor-version":[{"id":193624,"href":"https:\/\/radioljubuski.ba\/index.php\/wp-json\/wp\/v2\/posts\/193558\/revisions\/193624"}],"wp:featuredmedia":[{"embeddable":true,"href":"https:\/\/radioljubuski.ba\/index.php\/wp-json\/wp\/v2\/media\/193596"}],"wp:attachment":[{"href":"https:\/\/radioljubuski.ba\/index.php\/wp-json\/wp\/v2\/media?parent=193558"}],"wp:term":[{"taxonomy":"category","embeddable":true,"href":"https:\/\/radioljubuski.ba\/index.php\/wp-json\/wp\/v2\/categories?post=193558"},{"taxonomy":"post_tag","embeddable":true,"href":"https:\/\/radioljubuski.ba\/index.php\/wp-json\/wp\/v2\/tags?post=193558"}],"curies":[{"name":"wp","href":"https:\/\/api.w.org\/{rel}","templated":true}]}}