{"id":19360,"date":"2021-05-07T16:27:44","date_gmt":"2021-05-07T15:27:44","guid":{"rendered":"https:\/\/radioljubuski.ba\/?p=19360"},"modified":"2021-05-07T16:27:45","modified_gmt":"2021-05-07T15:27:45","slug":"pentagon-nece-unistiti-kinesku-raketu-izvan-kontrole","status":"publish","type":"post","link":"https:\/\/radioljubuski.ba\/index.php\/2021\/05\/07\/pentagon-nece-unistiti-kinesku-raketu-izvan-kontrole\/","title":{"rendered":"Pentagon ne\u0107e uni\u0161titi kinesku raketu izvan kontrole"},"content":{"rendered":"\n<p><strong>\u010celnik Pentagona Lloyd Austin ju\u010der je rekao da ne\u0107e uni\u0161titi kinesku raketu koja se ovog vikenda treba nekontrolirano vratiti u atmosferu, neizravno kritiziraju\u0107i Peking zbog gubitka kontrole.<\/strong><\/p>\n\n\n\n<p>&#8211; Po posljednjim procjenama koje sam vidio, planiran je (povratak) za 8. ili 9. svibnja, rekao je ameri\u010dki ministar obrane na tiskovnoj konferenciji.<br><br>&#8211; Zasad nismo planirali uni\u0161titi raketu. Nadamo se da \u0107e pasti gdje nikome ne\u0107e na\u0161koditi, u ocean ili na neko takvo mjesto, dodao je.<br><br>Kina je pro\u0161log tjedna pomo\u0107u rakete Dugi mar\u0161 5B lansirala prvi od triju modula svoje svemirske stanice CSS-a. Raketa se ovih dana treba spustiti na Zemlju, nitko ne zna gdje. Nakon odvajanja svemirskog modula, lanser je po\u010deo kru\u017eiti oko Zemlje u nepravilnoj putanji, polako gube\u0107i visinu, \u0161to zapravo onemogu\u0107uje bilo kakvo predvi\u0111anje o mjestu njegova ulaska u atmosferu a time i o mjestu pada.<\/p>\n\n\n\n<p>Mogu\u0107e je da \u0107e se raspasti u atmosferi i ostaviti iza sebe tek krhotine. Ako ostane \u010ditav, postoji velika mogu\u0107nost da padne u more jer voda \u010dini 70 posto planeta. Austin je, ne imenuju\u0107i izravno kineske vlasti, natuknuo da lansiranje kineske rakete nije bilo dovoljno precizno planirano.<br><br>&#8211; To svjedo\u010di o tome da oni me\u0111u nama, koji djelujemo u svemiru, moramo &#8211; ili bismo morali &#8211; postupati sigurno i promi\u0161ljeno te sve ovo uzeti u obzir kada se planira operacija, dodao je.<br><br>Ovo nije prvi put da Kina gubi kontrolu nad svemirskim brodom kod njegova povratka na Zemlju. U travnju 2018. svemirski laboratorij Tiangong-1 raspao se pri prolasku kroz atmosferu dvije godine nakon prestanka rada. Kineske vlasti su tada zanijekale da su izgubile nadzor nad laboratorijem.<\/p>\n\n\n\n<p>Izvor:hrt.hr<\/p>\n","protected":false},"excerpt":{"rendered":"<p>\u010celnik Pentagona Lloyd Austin ju\u010der je rekao da ne\u0107e uni\u0161titi kinesku raketu koja se ovog vikenda treba nekontrolirano vratiti u atmosferu, neizravno kritiziraju\u0107i Peking zbog gubitka kontrole. &#8211; Po posljednjim procjenama koje sam vidio, planiran je (povratak) za 8. ili 9. svibnja, rekao je ameri\u010dki ministar obrane na tiskovnoj konferenciji. &#8211; Zasad nismo planirali uni\u0161titi [&hellip;]<\/p>\n","protected":false},"author":2,"featured_media":19361,"comment_status":"closed","ping_status":"closed","sticky":false,"template":"","format":"standard","meta":{"h5ap_radio_sources":[],"footnotes":""},"categories":[1],"tags":[],"class_list":["post-19360","post","type-post","status-publish","format-standard","has-post-thumbnail","hentry","category-bihiregija"],"yoast_head":"<!-- This site is optimized with the Yoast SEO plugin v27.5 - https:\/\/yoast.com\/product\/yoast-seo-wordpress\/ -->\n<title>Pentagon ne\u0107e uni\u0161titi kinesku raketu izvan kontrole - RADIO LJUBU\u0160KI<\/title>\n<meta name=\"robots\" content=\"index, follow, max-snippet:-1, max-image-preview:large, max-video-preview:-1\" \/>\n<link rel=\"canonical\" href=\"https:\/\/radioljubuski.ba\/index.php\/2021\/05\/07\/pentagon-nece-unistiti-kinesku-raketu-izvan-kontrole\/\" \/>\n<meta property=\"og:locale\" content=\"hr_HR\" \/>\n<meta property=\"og:type\" content=\"article\" \/>\n<meta property=\"og:title\" content=\"Pentagon ne\u0107e uni\u0161titi kinesku raketu izvan kontrole - RADIO LJUBU\u0160KI\" \/>\n<meta property=\"og:description\" content=\"\u010celnik Pentagona Lloyd Austin ju\u010der je rekao da ne\u0107e uni\u0161titi kinesku raketu koja se ovog vikenda treba nekontrolirano vratiti u atmosferu, neizravno kritiziraju\u0107i Peking zbog gubitka kontrole. &#8211; Po posljednjim procjenama koje sam vidio, planiran je (povratak) za 8. ili 9. svibnja, rekao je ameri\u010dki ministar obrane na tiskovnoj konferenciji. &#8211; Zasad nismo planirali uni\u0161titi [&hellip;]\" \/>\n<meta property=\"og:url\" content=\"https:\/\/radioljubuski.ba\/index.php\/2021\/05\/07\/pentagon-nece-unistiti-kinesku-raketu-izvan-kontrole\/\" \/>\n<meta property=\"og:site_name\" content=\"RADIO LJUBU\u0160KI\" \/>\n<meta property=\"article:publisher\" content=\"https:\/\/www.facebook.com\/Radiio-Ljubuski-1490835324566332\" \/>\n<meta property=\"article:published_time\" content=\"2021-05-07T15:27:44+00:00\" \/>\n<meta property=\"article:modified_time\" content=\"2021-05-07T15:27:45+00:00\" \/>\n<meta property=\"og:image\" content=\"https:\/\/radioljubuski.ba\/wp-content\/uploads\/2021\/05\/956852d668ce1b679cdf.jpeg\" \/>\n\t<meta property=\"og:image:width\" content=\"1200\" \/>\n\t<meta property=\"og:image:height\" content=\"630\" \/>\n\t<meta property=\"og:image:type\" content=\"image\/jpeg\" \/>\n<meta name=\"author\" content=\"Radio Ljubu\u0161ki\" \/>\n<meta name=\"twitter:card\" content=\"summary_large_image\" \/>\n<meta name=\"twitter:creator\" content=\"@radioljubuski\" \/>\n<meta name=\"twitter:site\" content=\"@radioljubuski\" \/>\n<meta name=\"twitter:label1\" content=\"Napisao\/la\" \/>\n\t<meta name=\"twitter:data1\" content=\"Radio Ljubu\u0161ki\" \/>\n\t<meta name=\"twitter:label2\" content=\"Procijenjeno vrijeme \u010ditanja\" \/>\n\t<meta name=\"twitter:data2\" content=\"2 minute\" \/>\n<script type=\"application\/ld+json\" class=\"yoast-schema-graph\">{\"@context\":\"https:\\\/\\\/schema.org\",\"@graph\":[{\"@type\":\"Article\",\"@id\":\"https:\\\/\\\/radioljubuski.ba\\\/index.php\\\/2021\\\/05\\\/07\\\/pentagon-nece-unistiti-kinesku-raketu-izvan-kontrole\\\/#article\",\"isPartOf\":{\"@id\":\"https:\\\/\\\/radioljubuski.ba\\\/index.php\\\/2021\\\/05\\\/07\\\/pentagon-nece-unistiti-kinesku-raketu-izvan-kontrole\\\/\"},\"author\":{\"name\":\"Radio Ljubu\u0161ki\",\"@id\":\"https:\\\/\\\/radioljubuski.ba\\\/#\\\/schema\\\/person\\\/19fc700381a780f69665d7956c469e3b\"},\"headline\":\"Pentagon ne\u0107e uni\u0161titi kinesku raketu izvan kontrole\",\"datePublished\":\"2021-05-07T15:27:44+00:00\",\"dateModified\":\"2021-05-07T15:27:45+00:00\",\"mainEntityOfPage\":{\"@id\":\"https:\\\/\\\/radioljubuski.ba\\\/index.php\\\/2021\\\/05\\\/07\\\/pentagon-nece-unistiti-kinesku-raketu-izvan-kontrole\\\/\"},\"wordCount\":293,\"publisher\":{\"@id\":\"https:\\\/\\\/radioljubuski.ba\\\/#organization\"},\"image\":{\"@id\":\"https:\\\/\\\/radioljubuski.ba\\\/index.php\\\/2021\\\/05\\\/07\\\/pentagon-nece-unistiti-kinesku-raketu-izvan-kontrole\\\/#primaryimage\"},\"thumbnailUrl\":\"https:\\\/\\\/radioljubuski.ba\\\/wp-content\\\/uploads\\\/2021\\\/05\\\/956852d668ce1b679cdf.jpeg\",\"articleSection\":[\"BIH i regija\"],\"inLanguage\":\"hr\"},{\"@type\":\"WebPage\",\"@id\":\"https:\\\/\\\/radioljubuski.ba\\\/index.php\\\/2021\\\/05\\\/07\\\/pentagon-nece-unistiti-kinesku-raketu-izvan-kontrole\\\/\",\"url\":\"https:\\\/\\\/radioljubuski.ba\\\/index.php\\\/2021\\\/05\\\/07\\\/pentagon-nece-unistiti-kinesku-raketu-izvan-kontrole\\\/\",\"name\":\"Pentagon ne\u0107e uni\u0161titi kinesku raketu izvan kontrole - RADIO LJUBU\u0160KI\",\"isPartOf\":{\"@id\":\"https:\\\/\\\/radioljubuski.ba\\\/#website\"},\"primaryImageOfPage\":{\"@id\":\"https:\\\/\\\/radioljubuski.ba\\\/index.php\\\/2021\\\/05\\\/07\\\/pentagon-nece-unistiti-kinesku-raketu-izvan-kontrole\\\/#primaryimage\"},\"image\":{\"@id\":\"https:\\\/\\\/radioljubuski.ba\\\/index.php\\\/2021\\\/05\\\/07\\\/pentagon-nece-unistiti-kinesku-raketu-izvan-kontrole\\\/#primaryimage\"},\"thumbnailUrl\":\"https:\\\/\\\/radioljubuski.ba\\\/wp-content\\\/uploads\\\/2021\\\/05\\\/956852d668ce1b679cdf.jpeg\",\"datePublished\":\"2021-05-07T15:27:44+00:00\",\"dateModified\":\"2021-05-07T15:27:45+00:00\",\"breadcrumb\":{\"@id\":\"https:\\\/\\\/radioljubuski.ba\\\/index.php\\\/2021\\\/05\\\/07\\\/pentagon-nece-unistiti-kinesku-raketu-izvan-kontrole\\\/#breadcrumb\"},\"inLanguage\":\"hr\",\"potentialAction\":[{\"@type\":\"ReadAction\",\"target\":[\"https:\\\/\\\/radioljubuski.ba\\\/index.php\\\/2021\\\/05\\\/07\\\/pentagon-nece-unistiti-kinesku-raketu-izvan-kontrole\\\/\"]}]},{\"@type\":\"ImageObject\",\"inLanguage\":\"hr\",\"@id\":\"https:\\\/\\\/radioljubuski.ba\\\/index.php\\\/2021\\\/05\\\/07\\\/pentagon-nece-unistiti-kinesku-raketu-izvan-kontrole\\\/#primaryimage\",\"url\":\"https:\\\/\\\/radioljubuski.ba\\\/wp-content\\\/uploads\\\/2021\\\/05\\\/956852d668ce1b679cdf.jpeg\",\"contentUrl\":\"https:\\\/\\\/radioljubuski.ba\\\/wp-content\\\/uploads\\\/2021\\\/05\\\/956852d668ce1b679cdf.jpeg\",\"width\":1200,\"height\":630},{\"@type\":\"BreadcrumbList\",\"@id\":\"https:\\\/\\\/radioljubuski.ba\\\/index.php\\\/2021\\\/05\\\/07\\\/pentagon-nece-unistiti-kinesku-raketu-izvan-kontrole\\\/#breadcrumb\",\"itemListElement\":[{\"@type\":\"ListItem\",\"position\":1,\"name\":\"Po\u010detna stranica\",\"item\":\"https:\\\/\\\/radioljubuski.ba\\\/\"},{\"@type\":\"ListItem\",\"position\":2,\"name\":\"Pentagon ne\u0107e uni\u0161titi kinesku raketu izvan kontrole\"}]},{\"@type\":\"WebSite\",\"@id\":\"https:\\\/\\\/radioljubuski.ba\\\/#website\",\"url\":\"https:\\\/\\\/radioljubuski.ba\\\/\",\"name\":\"Radio Ljubu\u0161ki\",\"description\":\"Sun\u010dana frekvencija Hercegovine\",\"publisher\":{\"@id\":\"https:\\\/\\\/radioljubuski.ba\\\/#organization\"},\"potentialAction\":[{\"@type\":\"SearchAction\",\"target\":{\"@type\":\"EntryPoint\",\"urlTemplate\":\"https:\\\/\\\/radioljubuski.ba\\\/?s={search_term_string}\"},\"query-input\":{\"@type\":\"PropertyValueSpecification\",\"valueRequired\":true,\"valueName\":\"search_term_string\"}}],\"inLanguage\":\"hr\"},{\"@type\":\"Organization\",\"@id\":\"https:\\\/\\\/radioljubuski.ba\\\/#organization\",\"name\":\"Radio Ljubu\u0161ki\",\"url\":\"https:\\\/\\\/radioljubuski.ba\\\/\",\"logo\":{\"@type\":\"ImageObject\",\"inLanguage\":\"hr\",\"@id\":\"https:\\\/\\\/radioljubuski.ba\\\/#\\\/schema\\\/logo\\\/image\\\/\",\"url\":\"https:\\\/\\\/radioljubuski.ba\\\/wp-content\\\/uploads\\\/2021\\\/02\\\/cropped-Radio_Ljubuski_logo1.jpg\",\"contentUrl\":\"https:\\\/\\\/radioljubuski.ba\\\/wp-content\\\/uploads\\\/2021\\\/02\\\/cropped-Radio_Ljubuski_logo1.jpg\",\"width\":512,\"height\":512,\"caption\":\"Radio Ljubu\u0161ki\"},\"image\":{\"@id\":\"https:\\\/\\\/radioljubuski.ba\\\/#\\\/schema\\\/logo\\\/image\\\/\"},\"sameAs\":[\"https:\\\/\\\/www.facebook.com\\\/Radiio-Ljubuski-1490835324566332\",\"https:\\\/\\\/x.com\\\/radioljubuski\",\"https:\\\/\\\/hr.linkedin.com\\\/company\\\/radio-ljubuski\",\"https:\\\/\\\/www.youtube.com\\\/channel\\\/UCHYaeO_n0Db3tjNGudGpXyw\"]},{\"@type\":\"Person\",\"@id\":\"https:\\\/\\\/radioljubuski.ba\\\/#\\\/schema\\\/person\\\/19fc700381a780f69665d7956c469e3b\",\"name\":\"Radio Ljubu\u0161ki\"}]}<\/script>\n<!-- \/ Yoast SEO plugin. -->","yoast_head_json":{"title":"Pentagon ne\u0107e uni\u0161titi kinesku raketu izvan kontrole - RADIO LJUBU\u0160KI","robots":{"index":"index","follow":"follow","max-snippet":"max-snippet:-1","max-image-preview":"max-image-preview:large","max-video-preview":"max-video-preview:-1"},"canonical":"https:\/\/radioljubuski.ba\/index.php\/2021\/05\/07\/pentagon-nece-unistiti-kinesku-raketu-izvan-kontrole\/","og_locale":"hr_HR","og_type":"article","og_title":"Pentagon ne\u0107e uni\u0161titi kinesku raketu izvan kontrole - RADIO LJUBU\u0160KI","og_description":"\u010celnik Pentagona Lloyd Austin ju\u010der je rekao da ne\u0107e uni\u0161titi kinesku raketu koja se ovog vikenda treba nekontrolirano vratiti u atmosferu, neizravno kritiziraju\u0107i Peking zbog gubitka kontrole. &#8211; Po posljednjim procjenama koje sam vidio, planiran je (povratak) za 8. ili 9. svibnja, rekao je ameri\u010dki ministar obrane na tiskovnoj konferenciji. &#8211; Zasad nismo planirali uni\u0161titi [&hellip;]","og_url":"https:\/\/radioljubuski.ba\/index.php\/2021\/05\/07\/pentagon-nece-unistiti-kinesku-raketu-izvan-kontrole\/","og_site_name":"RADIO LJUBU\u0160KI","article_publisher":"https:\/\/www.facebook.com\/Radiio-Ljubuski-1490835324566332","article_published_time":"2021-05-07T15:27:44+00:00","article_modified_time":"2021-05-07T15:27:45+00:00","og_image":[{"width":1200,"height":630,"url":"https:\/\/radioljubuski.ba\/wp-content\/uploads\/2021\/05\/956852d668ce1b679cdf.jpeg","type":"image\/jpeg"}],"author":"Radio Ljubu\u0161ki","twitter_card":"summary_large_image","twitter_creator":"@radioljubuski","twitter_site":"@radioljubuski","twitter_misc":{"Napisao\/la":"Radio Ljubu\u0161ki","Procijenjeno vrijeme \u010ditanja":"2 minute"},"schema":{"@context":"https:\/\/schema.org","@graph":[{"@type":"Article","@id":"https:\/\/radioljubuski.ba\/index.php\/2021\/05\/07\/pentagon-nece-unistiti-kinesku-raketu-izvan-kontrole\/#article","isPartOf":{"@id":"https:\/\/radioljubuski.ba\/index.php\/2021\/05\/07\/pentagon-nece-unistiti-kinesku-raketu-izvan-kontrole\/"},"author":{"name":"Radio Ljubu\u0161ki","@id":"https:\/\/radioljubuski.ba\/#\/schema\/person\/19fc700381a780f69665d7956c469e3b"},"headline":"Pentagon ne\u0107e uni\u0161titi kinesku raketu izvan kontrole","datePublished":"2021-05-07T15:27:44+00:00","dateModified":"2021-05-07T15:27:45+00:00","mainEntityOfPage":{"@id":"https:\/\/radioljubuski.ba\/index.php\/2021\/05\/07\/pentagon-nece-unistiti-kinesku-raketu-izvan-kontrole\/"},"wordCount":293,"publisher":{"@id":"https:\/\/radioljubuski.ba\/#organization"},"image":{"@id":"https:\/\/radioljubuski.ba\/index.php\/2021\/05\/07\/pentagon-nece-unistiti-kinesku-raketu-izvan-kontrole\/#primaryimage"},"thumbnailUrl":"https:\/\/radioljubuski.ba\/wp-content\/uploads\/2021\/05\/956852d668ce1b679cdf.jpeg","articleSection":["BIH i regija"],"inLanguage":"hr"},{"@type":"WebPage","@id":"https:\/\/radioljubuski.ba\/index.php\/2021\/05\/07\/pentagon-nece-unistiti-kinesku-raketu-izvan-kontrole\/","url":"https:\/\/radioljubuski.ba\/index.php\/2021\/05\/07\/pentagon-nece-unistiti-kinesku-raketu-izvan-kontrole\/","name":"Pentagon ne\u0107e uni\u0161titi kinesku raketu izvan kontrole - RADIO LJUBU\u0160KI","isPartOf":{"@id":"https:\/\/radioljubuski.ba\/#website"},"primaryImageOfPage":{"@id":"https:\/\/radioljubuski.ba\/index.php\/2021\/05\/07\/pentagon-nece-unistiti-kinesku-raketu-izvan-kontrole\/#primaryimage"},"image":{"@id":"https:\/\/radioljubuski.ba\/index.php\/2021\/05\/07\/pentagon-nece-unistiti-kinesku-raketu-izvan-kontrole\/#primaryimage"},"thumbnailUrl":"https:\/\/radioljubuski.ba\/wp-content\/uploads\/2021\/05\/956852d668ce1b679cdf.jpeg","datePublished":"2021-05-07T15:27:44+00:00","dateModified":"2021-05-07T15:27:45+00:00","breadcrumb":{"@id":"https:\/\/radioljubuski.ba\/index.php\/2021\/05\/07\/pentagon-nece-unistiti-kinesku-raketu-izvan-kontrole\/#breadcrumb"},"inLanguage":"hr","potentialAction":[{"@type":"ReadAction","target":["https:\/\/radioljubuski.ba\/index.php\/2021\/05\/07\/pentagon-nece-unistiti-kinesku-raketu-izvan-kontrole\/"]}]},{"@type":"ImageObject","inLanguage":"hr","@id":"https:\/\/radioljubuski.ba\/index.php\/2021\/05\/07\/pentagon-nece-unistiti-kinesku-raketu-izvan-kontrole\/#primaryimage","url":"https:\/\/radioljubuski.ba\/wp-content\/uploads\/2021\/05\/956852d668ce1b679cdf.jpeg","contentUrl":"https:\/\/radioljubuski.ba\/wp-content\/uploads\/2021\/05\/956852d668ce1b679cdf.jpeg","width":1200,"height":630},{"@type":"BreadcrumbList","@id":"https:\/\/radioljubuski.ba\/index.php\/2021\/05\/07\/pentagon-nece-unistiti-kinesku-raketu-izvan-kontrole\/#breadcrumb","itemListElement":[{"@type":"ListItem","position":1,"name":"Po\u010detna stranica","item":"https:\/\/radioljubuski.ba\/"},{"@type":"ListItem","position":2,"name":"Pentagon ne\u0107e uni\u0161titi kinesku raketu izvan kontrole"}]},{"@type":"WebSite","@id":"https:\/\/radioljubuski.ba\/#website","url":"https:\/\/radioljubuski.ba\/","name":"Radio Ljubu\u0161ki","description":"Sun\u010dana frekvencija Hercegovine","publisher":{"@id":"https:\/\/radioljubuski.ba\/#organization"},"potentialAction":[{"@type":"SearchAction","target":{"@type":"EntryPoint","urlTemplate":"https:\/\/radioljubuski.ba\/?s={search_term_string}"},"query-input":{"@type":"PropertyValueSpecification","valueRequired":true,"valueName":"search_term_string"}}],"inLanguage":"hr"},{"@type":"Organization","@id":"https:\/\/radioljubuski.ba\/#organization","name":"Radio Ljubu\u0161ki","url":"https:\/\/radioljubuski.ba\/","logo":{"@type":"ImageObject","inLanguage":"hr","@id":"https:\/\/radioljubuski.ba\/#\/schema\/logo\/image\/","url":"https:\/\/radioljubuski.ba\/wp-content\/uploads\/2021\/02\/cropped-Radio_Ljubuski_logo1.jpg","contentUrl":"https:\/\/radioljubuski.ba\/wp-content\/uploads\/2021\/02\/cropped-Radio_Ljubuski_logo1.jpg","width":512,"height":512,"caption":"Radio Ljubu\u0161ki"},"image":{"@id":"https:\/\/radioljubuski.ba\/#\/schema\/logo\/image\/"},"sameAs":["https:\/\/www.facebook.com\/Radiio-Ljubuski-1490835324566332","https:\/\/x.com\/radioljubuski","https:\/\/hr.linkedin.com\/company\/radio-ljubuski","https:\/\/www.youtube.com\/channel\/UCHYaeO_n0Db3tjNGudGpXyw"]},{"@type":"Person","@id":"https:\/\/radioljubuski.ba\/#\/schema\/person\/19fc700381a780f69665d7956c469e3b","name":"Radio Ljubu\u0161ki"}]}},"_links":{"self":[{"href":"https:\/\/radioljubuski.ba\/index.php\/wp-json\/wp\/v2\/posts\/19360","targetHints":{"allow":["GET"]}}],"collection":[{"href":"https:\/\/radioljubuski.ba\/index.php\/wp-json\/wp\/v2\/posts"}],"about":[{"href":"https:\/\/radioljubuski.ba\/index.php\/wp-json\/wp\/v2\/types\/post"}],"author":[{"embeddable":true,"href":"https:\/\/radioljubuski.ba\/index.php\/wp-json\/wp\/v2\/users\/2"}],"replies":[{"embeddable":true,"href":"https:\/\/radioljubuski.ba\/index.php\/wp-json\/wp\/v2\/comments?post=19360"}],"version-history":[{"count":1,"href":"https:\/\/radioljubuski.ba\/index.php\/wp-json\/wp\/v2\/posts\/19360\/revisions"}],"predecessor-version":[{"id":19362,"href":"https:\/\/radioljubuski.ba\/index.php\/wp-json\/wp\/v2\/posts\/19360\/revisions\/19362"}],"wp:featuredmedia":[{"embeddable":true,"href":"https:\/\/radioljubuski.ba\/index.php\/wp-json\/wp\/v2\/media\/19361"}],"wp:attachment":[{"href":"https:\/\/radioljubuski.ba\/index.php\/wp-json\/wp\/v2\/media?parent=19360"}],"wp:term":[{"taxonomy":"category","embeddable":true,"href":"https:\/\/radioljubuski.ba\/index.php\/wp-json\/wp\/v2\/categories?post=19360"},{"taxonomy":"post_tag","embeddable":true,"href":"https:\/\/radioljubuski.ba\/index.php\/wp-json\/wp\/v2\/tags?post=19360"}],"curies":[{"name":"wp","href":"https:\/\/api.w.org\/{rel}","templated":true}]}}