{"id":193625,"date":"2023-07-31T17:40:58","date_gmt":"2023-07-31T16:40:58","guid":{"rendered":"https:\/\/radioljubuski.ba\/?p=193625"},"modified":"2023-07-31T17:40:59","modified_gmt":"2023-07-31T16:40:59","slug":"federalni-dopremijer-kraljevic-s-predstavnicima-organizacija-osoba-s-invaliditetom","status":"publish","type":"post","link":"https:\/\/radioljubuski.ba\/index.php\/2023\/07\/31\/federalni-dopremijer-kraljevic-s-predstavnicima-organizacija-osoba-s-invaliditetom\/","title":{"rendered":"Federalni dopremijer Kraljevi\u0107 s predstavnicima organizacija osoba s invaliditetom"},"content":{"rendered":"\n<p>Dopremijer Federacije BiH i federalni ministar financija Toni Kraljevi\u0107 susreo se danas u sjedi\u0161tu Vlade Federacije BiH u Sarajevu s predstavnicima Unije osoba i organizacija osoba s invaliditetom FBiH.<\/p>\n\n\n\n<p>Ovom prilikom, predstavnici Unije zahvalili su dopremijeru Kraljevi\u0107u \u0161to se odazvao njihovom pozivu za sastanak, te su ga informirali o svojim aktivnostima i radu, ali i problemima s kojima se susre\u0107u. Tako\u0111er, ponovili su da Unija ostaje pri svojim zahtjevima, a koji su prvenstveno vezani uz dono\u0161enje Zakona o jedinstvenim na\u010delima i okviru materijalne podr\u0161ke lica s invaliditetom u Federaciji BiH. Istakli su spremnost da se samo otvorenim razgovorom i zajedni\u010dkim naporima mo\u017ee do\u0107i do rje\u0161enja problema s kojima se susre\u0107u.<\/p>\n\n\n\n<p>Dopremijer Kraljevi\u0107 rekao je da je dana\u0161nji sastanak prilika da se upozna sa svim\u00a0\u00a0problemima ove populacije, a ne samo o financijskom aspektu. Istakao je klju\u010dnim da u ovoj Vladi Federacije BiH uvijek imaju otvorena vrata da se saslu\u0161aju njihovi problemi i prijedlozi, cijene\u0107i da se samo partnerskim odnosom mo\u017ee do\u0107i do prihvatljivih i realnih trenutnih, ali i dugoro\u010dnih mogu\u0107nosti za unapre\u0111enje statusa osoba sa invaliditetom.<\/p>\n\n\n\n<figure class=\"wp-block-image\"><img decoding=\"async\" src=\"https:\/\/scontent-vie1-1.xx.fbcdn.net\/v\/t39.30808-6\/364106227_307307641862264_911673308864179613_n.jpg?stp=dst-jpg_p720x720&amp;_nc_cat=104&amp;cb=99be929b-3346023f&amp;ccb=1-7&amp;_nc_sid=730e14&amp;_nc_eui2=AeE_bMUhsa9Qz1_pwDoiIEuNtnqHhtX1kYG2eoeG1fWRgXV7f9M7Tg91mO0q8KAiI9IwIBL0gTqlGIXVDSvKXmO8&amp;_nc_ohc=xjqcjNzzodcAX9WaQSX&amp;_nc_oc=AQkSgfNyOYnLH5pnNtGq79X62MjjvjuH9fIs5G615E6VlJxcoUrbT9GZtp-rEB7NmSU&amp;_nc_ht=scontent-vie1-1.xx&amp;oh=00_AfCvHBP0UkGYERYuhZaV2sSr5NTpL0xLo-flph-uUw2NWw&amp;oe=64CC2CFA\" alt=\"Mo\u017ee biti slika sljede\u0107eg: Jedna osoba\"\/><\/figure>\n\n\n\n<p>\u2013 Prora\u010dun je va\u0161 koliko i moj, i sviju nas. O svim stavkama prora\u010duna se treba razgovarati i raspravljati. Samo tako \u0107emo prona\u0107i najbolji na\u010din da on bude prora\u010dun svih gra\u0111ana. Ono \u0161to mogu ista\u0107i je da va\u0161a populacija mora biti prioritet \u2013 istakao je dopremijer Kraljevi\u0107.<\/p>\n\n\n\n<p>Naglasio je i da ne treba postojati bojazan ove populacije u vezi isplate invalidnina zbog povla\u010denja Prijedloga odluke o izmjenama i dopunama Prora\u010duna FBiH za 2023. godinu iz parlamentarne procedure.<\/p>\n\n\n\n<p>Dopremijer Kraljevi\u0107 izrazio je o\u010dekivanje da se uskoro odr\u017ei novi zajedni\u010dki sastanak na kojem \u0107e biti izneseni konkretniji modeli za pobolj\u0161anje prava osoba sa invaliditetom FBiH.\u00a0\u00a0\u00a0\u00a0\u00a0<br><\/p>\n\n\n\n<p>Vlada Federacije Bosne i Hercegovine<\/p>\n","protected":false},"excerpt":{"rendered":"<p>Dopremijer Federacije BiH i federalni ministar financija Toni Kraljevi\u0107 susreo se danas u sjedi\u0161tu Vlade Federacije BiH u Sarajevu s predstavnicima Unije osoba i organizacija osoba s invaliditetom FBiH. Ovom prilikom, predstavnici Unije zahvalili su dopremijeru Kraljevi\u0107u \u0161to se odazvao njihovom pozivu za sastanak, te su ga informirali o svojim aktivnostima i radu, ali i [&hellip;]<\/p>\n","protected":false},"author":2,"featured_media":193626,"comment_status":"closed","ping_status":"closed","sticky":false,"template":"","format":"standard","meta":{"h5ap_radio_sources":[],"footnotes":""},"categories":[28],"tags":[],"class_list":["post-193625","post","type-post","status-publish","format-standard","has-post-thumbnail","hentry","category-novosti"],"yoast_head":"<!-- This site is optimized with the Yoast SEO plugin v27.5 - https:\/\/yoast.com\/product\/yoast-seo-wordpress\/ -->\n<title>Federalni dopremijer Kraljevi\u0107 s predstavnicima organizacija osoba s invaliditetom - RADIO LJUBU\u0160KI<\/title>\n<meta name=\"robots\" content=\"index, follow, max-snippet:-1, max-image-preview:large, max-video-preview:-1\" \/>\n<link rel=\"canonical\" href=\"https:\/\/radioljubuski.ba\/index.php\/2023\/07\/31\/federalni-dopremijer-kraljevic-s-predstavnicima-organizacija-osoba-s-invaliditetom\/\" \/>\n<meta property=\"og:locale\" content=\"hr_HR\" \/>\n<meta property=\"og:type\" content=\"article\" \/>\n<meta property=\"og:title\" content=\"Federalni dopremijer Kraljevi\u0107 s predstavnicima organizacija osoba s invaliditetom - RADIO LJUBU\u0160KI\" \/>\n<meta property=\"og:description\" content=\"Dopremijer Federacije BiH i federalni ministar financija Toni Kraljevi\u0107 susreo se danas u sjedi\u0161tu Vlade Federacije BiH u Sarajevu s predstavnicima Unije osoba i organizacija osoba s invaliditetom FBiH. Ovom prilikom, predstavnici Unije zahvalili su dopremijeru Kraljevi\u0107u \u0161to se odazvao njihovom pozivu za sastanak, te su ga informirali o svojim aktivnostima i radu, ali i [&hellip;]\" \/>\n<meta property=\"og:url\" content=\"https:\/\/radioljubuski.ba\/index.php\/2023\/07\/31\/federalni-dopremijer-kraljevic-s-predstavnicima-organizacija-osoba-s-invaliditetom\/\" \/>\n<meta property=\"og:site_name\" content=\"RADIO LJUBU\u0160KI\" \/>\n<meta property=\"article:publisher\" content=\"https:\/\/www.facebook.com\/Radiio-Ljubuski-1490835324566332\" \/>\n<meta property=\"article:published_time\" content=\"2023-07-31T16:40:58+00:00\" \/>\n<meta property=\"article:modified_time\" content=\"2023-07-31T16:40:59+00:00\" \/>\n<meta property=\"og:image\" content=\"https:\/\/radioljubuski.ba\/wp-content\/uploads\/2023\/07\/CFFC825B-E2F7-4DC4-A91A-CB4A47D37AE9.jpeg\" \/>\n\t<meta property=\"og:image:width\" content=\"1600\" \/>\n\t<meta property=\"og:image:height\" content=\"1201\" \/>\n\t<meta property=\"og:image:type\" content=\"image\/jpeg\" \/>\n<meta name=\"author\" content=\"Radio Ljubu\u0161ki\" \/>\n<meta name=\"twitter:card\" content=\"summary_large_image\" \/>\n<meta name=\"twitter:creator\" content=\"@radioljubuski\" \/>\n<meta name=\"twitter:site\" content=\"@radioljubuski\" \/>\n<meta name=\"twitter:label1\" content=\"Napisao\/la\" \/>\n\t<meta name=\"twitter:data1\" content=\"Radio Ljubu\u0161ki\" \/>\n\t<meta name=\"twitter:label2\" content=\"Procijenjeno vrijeme \u010ditanja\" \/>\n\t<meta name=\"twitter:data2\" content=\"2 minute\" \/>\n<script type=\"application\/ld+json\" class=\"yoast-schema-graph\">{\"@context\":\"https:\\\/\\\/schema.org\",\"@graph\":[{\"@type\":\"Article\",\"@id\":\"https:\\\/\\\/radioljubuski.ba\\\/index.php\\\/2023\\\/07\\\/31\\\/federalni-dopremijer-kraljevic-s-predstavnicima-organizacija-osoba-s-invaliditetom\\\/#article\",\"isPartOf\":{\"@id\":\"https:\\\/\\\/radioljubuski.ba\\\/index.php\\\/2023\\\/07\\\/31\\\/federalni-dopremijer-kraljevic-s-predstavnicima-organizacija-osoba-s-invaliditetom\\\/\"},\"author\":{\"name\":\"Radio Ljubu\u0161ki\",\"@id\":\"https:\\\/\\\/radioljubuski.ba\\\/#\\\/schema\\\/person\\\/19fc700381a780f69665d7956c469e3b\"},\"headline\":\"Federalni dopremijer Kraljevi\u0107 s predstavnicima organizacija osoba s invaliditetom\",\"datePublished\":\"2023-07-31T16:40:58+00:00\",\"dateModified\":\"2023-07-31T16:40:59+00:00\",\"mainEntityOfPage\":{\"@id\":\"https:\\\/\\\/radioljubuski.ba\\\/index.php\\\/2023\\\/07\\\/31\\\/federalni-dopremijer-kraljevic-s-predstavnicima-organizacija-osoba-s-invaliditetom\\\/\"},\"wordCount\":325,\"publisher\":{\"@id\":\"https:\\\/\\\/radioljubuski.ba\\\/#organization\"},\"image\":{\"@id\":\"https:\\\/\\\/radioljubuski.ba\\\/index.php\\\/2023\\\/07\\\/31\\\/federalni-dopremijer-kraljevic-s-predstavnicima-organizacija-osoba-s-invaliditetom\\\/#primaryimage\"},\"thumbnailUrl\":\"https:\\\/\\\/radioljubuski.ba\\\/wp-content\\\/uploads\\\/2023\\\/07\\\/CFFC825B-E2F7-4DC4-A91A-CB4A47D37AE9.jpeg\",\"articleSection\":[\"Novosti\"],\"inLanguage\":\"hr\"},{\"@type\":\"WebPage\",\"@id\":\"https:\\\/\\\/radioljubuski.ba\\\/index.php\\\/2023\\\/07\\\/31\\\/federalni-dopremijer-kraljevic-s-predstavnicima-organizacija-osoba-s-invaliditetom\\\/\",\"url\":\"https:\\\/\\\/radioljubuski.ba\\\/index.php\\\/2023\\\/07\\\/31\\\/federalni-dopremijer-kraljevic-s-predstavnicima-organizacija-osoba-s-invaliditetom\\\/\",\"name\":\"Federalni dopremijer Kraljevi\u0107 s predstavnicima organizacija osoba s invaliditetom - RADIO LJUBU\u0160KI\",\"isPartOf\":{\"@id\":\"https:\\\/\\\/radioljubuski.ba\\\/#website\"},\"primaryImageOfPage\":{\"@id\":\"https:\\\/\\\/radioljubuski.ba\\\/index.php\\\/2023\\\/07\\\/31\\\/federalni-dopremijer-kraljevic-s-predstavnicima-organizacija-osoba-s-invaliditetom\\\/#primaryimage\"},\"image\":{\"@id\":\"https:\\\/\\\/radioljubuski.ba\\\/index.php\\\/2023\\\/07\\\/31\\\/federalni-dopremijer-kraljevic-s-predstavnicima-organizacija-osoba-s-invaliditetom\\\/#primaryimage\"},\"thumbnailUrl\":\"https:\\\/\\\/radioljubuski.ba\\\/wp-content\\\/uploads\\\/2023\\\/07\\\/CFFC825B-E2F7-4DC4-A91A-CB4A47D37AE9.jpeg\",\"datePublished\":\"2023-07-31T16:40:58+00:00\",\"dateModified\":\"2023-07-31T16:40:59+00:00\",\"breadcrumb\":{\"@id\":\"https:\\\/\\\/radioljubuski.ba\\\/index.php\\\/2023\\\/07\\\/31\\\/federalni-dopremijer-kraljevic-s-predstavnicima-organizacija-osoba-s-invaliditetom\\\/#breadcrumb\"},\"inLanguage\":\"hr\",\"potentialAction\":[{\"@type\":\"ReadAction\",\"target\":[\"https:\\\/\\\/radioljubuski.ba\\\/index.php\\\/2023\\\/07\\\/31\\\/federalni-dopremijer-kraljevic-s-predstavnicima-organizacija-osoba-s-invaliditetom\\\/\"]}]},{\"@type\":\"ImageObject\",\"inLanguage\":\"hr\",\"@id\":\"https:\\\/\\\/radioljubuski.ba\\\/index.php\\\/2023\\\/07\\\/31\\\/federalni-dopremijer-kraljevic-s-predstavnicima-organizacija-osoba-s-invaliditetom\\\/#primaryimage\",\"url\":\"https:\\\/\\\/radioljubuski.ba\\\/wp-content\\\/uploads\\\/2023\\\/07\\\/CFFC825B-E2F7-4DC4-A91A-CB4A47D37AE9.jpeg\",\"contentUrl\":\"https:\\\/\\\/radioljubuski.ba\\\/wp-content\\\/uploads\\\/2023\\\/07\\\/CFFC825B-E2F7-4DC4-A91A-CB4A47D37AE9.jpeg\",\"width\":1600,\"height\":1201},{\"@type\":\"BreadcrumbList\",\"@id\":\"https:\\\/\\\/radioljubuski.ba\\\/index.php\\\/2023\\\/07\\\/31\\\/federalni-dopremijer-kraljevic-s-predstavnicima-organizacija-osoba-s-invaliditetom\\\/#breadcrumb\",\"itemListElement\":[{\"@type\":\"ListItem\",\"position\":1,\"name\":\"Po\u010detna stranica\",\"item\":\"https:\\\/\\\/radioljubuski.ba\\\/\"},{\"@type\":\"ListItem\",\"position\":2,\"name\":\"Federalni dopremijer Kraljevi\u0107 s predstavnicima organizacija osoba s invaliditetom\"}]},{\"@type\":\"WebSite\",\"@id\":\"https:\\\/\\\/radioljubuski.ba\\\/#website\",\"url\":\"https:\\\/\\\/radioljubuski.ba\\\/\",\"name\":\"Radio Ljubu\u0161ki\",\"description\":\"Sun\u010dana frekvencija Hercegovine\",\"publisher\":{\"@id\":\"https:\\\/\\\/radioljubuski.ba\\\/#organization\"},\"potentialAction\":[{\"@type\":\"SearchAction\",\"target\":{\"@type\":\"EntryPoint\",\"urlTemplate\":\"https:\\\/\\\/radioljubuski.ba\\\/?s={search_term_string}\"},\"query-input\":{\"@type\":\"PropertyValueSpecification\",\"valueRequired\":true,\"valueName\":\"search_term_string\"}}],\"inLanguage\":\"hr\"},{\"@type\":\"Organization\",\"@id\":\"https:\\\/\\\/radioljubuski.ba\\\/#organization\",\"name\":\"Radio Ljubu\u0161ki\",\"url\":\"https:\\\/\\\/radioljubuski.ba\\\/\",\"logo\":{\"@type\":\"ImageObject\",\"inLanguage\":\"hr\",\"@id\":\"https:\\\/\\\/radioljubuski.ba\\\/#\\\/schema\\\/logo\\\/image\\\/\",\"url\":\"https:\\\/\\\/radioljubuski.ba\\\/wp-content\\\/uploads\\\/2021\\\/02\\\/cropped-Radio_Ljubuski_logo1.jpg\",\"contentUrl\":\"https:\\\/\\\/radioljubuski.ba\\\/wp-content\\\/uploads\\\/2021\\\/02\\\/cropped-Radio_Ljubuski_logo1.jpg\",\"width\":512,\"height\":512,\"caption\":\"Radio Ljubu\u0161ki\"},\"image\":{\"@id\":\"https:\\\/\\\/radioljubuski.ba\\\/#\\\/schema\\\/logo\\\/image\\\/\"},\"sameAs\":[\"https:\\\/\\\/www.facebook.com\\\/Radiio-Ljubuski-1490835324566332\",\"https:\\\/\\\/x.com\\\/radioljubuski\",\"https:\\\/\\\/hr.linkedin.com\\\/company\\\/radio-ljubuski\",\"https:\\\/\\\/www.youtube.com\\\/channel\\\/UCHYaeO_n0Db3tjNGudGpXyw\"]},{\"@type\":\"Person\",\"@id\":\"https:\\\/\\\/radioljubuski.ba\\\/#\\\/schema\\\/person\\\/19fc700381a780f69665d7956c469e3b\",\"name\":\"Radio Ljubu\u0161ki\"}]}<\/script>\n<!-- \/ Yoast SEO plugin. -->","yoast_head_json":{"title":"Federalni dopremijer Kraljevi\u0107 s predstavnicima organizacija osoba s invaliditetom - RADIO LJUBU\u0160KI","robots":{"index":"index","follow":"follow","max-snippet":"max-snippet:-1","max-image-preview":"max-image-preview:large","max-video-preview":"max-video-preview:-1"},"canonical":"https:\/\/radioljubuski.ba\/index.php\/2023\/07\/31\/federalni-dopremijer-kraljevic-s-predstavnicima-organizacija-osoba-s-invaliditetom\/","og_locale":"hr_HR","og_type":"article","og_title":"Federalni dopremijer Kraljevi\u0107 s predstavnicima organizacija osoba s invaliditetom - RADIO LJUBU\u0160KI","og_description":"Dopremijer Federacije BiH i federalni ministar financija Toni Kraljevi\u0107 susreo se danas u sjedi\u0161tu Vlade Federacije BiH u Sarajevu s predstavnicima Unije osoba i organizacija osoba s invaliditetom FBiH. Ovom prilikom, predstavnici Unije zahvalili su dopremijeru Kraljevi\u0107u \u0161to se odazvao njihovom pozivu za sastanak, te su ga informirali o svojim aktivnostima i radu, ali i [&hellip;]","og_url":"https:\/\/radioljubuski.ba\/index.php\/2023\/07\/31\/federalni-dopremijer-kraljevic-s-predstavnicima-organizacija-osoba-s-invaliditetom\/","og_site_name":"RADIO LJUBU\u0160KI","article_publisher":"https:\/\/www.facebook.com\/Radiio-Ljubuski-1490835324566332","article_published_time":"2023-07-31T16:40:58+00:00","article_modified_time":"2023-07-31T16:40:59+00:00","og_image":[{"width":1600,"height":1201,"url":"https:\/\/radioljubuski.ba\/wp-content\/uploads\/2023\/07\/CFFC825B-E2F7-4DC4-A91A-CB4A47D37AE9.jpeg","type":"image\/jpeg"}],"author":"Radio Ljubu\u0161ki","twitter_card":"summary_large_image","twitter_creator":"@radioljubuski","twitter_site":"@radioljubuski","twitter_misc":{"Napisao\/la":"Radio Ljubu\u0161ki","Procijenjeno vrijeme \u010ditanja":"2 minute"},"schema":{"@context":"https:\/\/schema.org","@graph":[{"@type":"Article","@id":"https:\/\/radioljubuski.ba\/index.php\/2023\/07\/31\/federalni-dopremijer-kraljevic-s-predstavnicima-organizacija-osoba-s-invaliditetom\/#article","isPartOf":{"@id":"https:\/\/radioljubuski.ba\/index.php\/2023\/07\/31\/federalni-dopremijer-kraljevic-s-predstavnicima-organizacija-osoba-s-invaliditetom\/"},"author":{"name":"Radio Ljubu\u0161ki","@id":"https:\/\/radioljubuski.ba\/#\/schema\/person\/19fc700381a780f69665d7956c469e3b"},"headline":"Federalni dopremijer Kraljevi\u0107 s predstavnicima organizacija osoba s invaliditetom","datePublished":"2023-07-31T16:40:58+00:00","dateModified":"2023-07-31T16:40:59+00:00","mainEntityOfPage":{"@id":"https:\/\/radioljubuski.ba\/index.php\/2023\/07\/31\/federalni-dopremijer-kraljevic-s-predstavnicima-organizacija-osoba-s-invaliditetom\/"},"wordCount":325,"publisher":{"@id":"https:\/\/radioljubuski.ba\/#organization"},"image":{"@id":"https:\/\/radioljubuski.ba\/index.php\/2023\/07\/31\/federalni-dopremijer-kraljevic-s-predstavnicima-organizacija-osoba-s-invaliditetom\/#primaryimage"},"thumbnailUrl":"https:\/\/radioljubuski.ba\/wp-content\/uploads\/2023\/07\/CFFC825B-E2F7-4DC4-A91A-CB4A47D37AE9.jpeg","articleSection":["Novosti"],"inLanguage":"hr"},{"@type":"WebPage","@id":"https:\/\/radioljubuski.ba\/index.php\/2023\/07\/31\/federalni-dopremijer-kraljevic-s-predstavnicima-organizacija-osoba-s-invaliditetom\/","url":"https:\/\/radioljubuski.ba\/index.php\/2023\/07\/31\/federalni-dopremijer-kraljevic-s-predstavnicima-organizacija-osoba-s-invaliditetom\/","name":"Federalni dopremijer Kraljevi\u0107 s predstavnicima organizacija osoba s invaliditetom - RADIO LJUBU\u0160KI","isPartOf":{"@id":"https:\/\/radioljubuski.ba\/#website"},"primaryImageOfPage":{"@id":"https:\/\/radioljubuski.ba\/index.php\/2023\/07\/31\/federalni-dopremijer-kraljevic-s-predstavnicima-organizacija-osoba-s-invaliditetom\/#primaryimage"},"image":{"@id":"https:\/\/radioljubuski.ba\/index.php\/2023\/07\/31\/federalni-dopremijer-kraljevic-s-predstavnicima-organizacija-osoba-s-invaliditetom\/#primaryimage"},"thumbnailUrl":"https:\/\/radioljubuski.ba\/wp-content\/uploads\/2023\/07\/CFFC825B-E2F7-4DC4-A91A-CB4A47D37AE9.jpeg","datePublished":"2023-07-31T16:40:58+00:00","dateModified":"2023-07-31T16:40:59+00:00","breadcrumb":{"@id":"https:\/\/radioljubuski.ba\/index.php\/2023\/07\/31\/federalni-dopremijer-kraljevic-s-predstavnicima-organizacija-osoba-s-invaliditetom\/#breadcrumb"},"inLanguage":"hr","potentialAction":[{"@type":"ReadAction","target":["https:\/\/radioljubuski.ba\/index.php\/2023\/07\/31\/federalni-dopremijer-kraljevic-s-predstavnicima-organizacija-osoba-s-invaliditetom\/"]}]},{"@type":"ImageObject","inLanguage":"hr","@id":"https:\/\/radioljubuski.ba\/index.php\/2023\/07\/31\/federalni-dopremijer-kraljevic-s-predstavnicima-organizacija-osoba-s-invaliditetom\/#primaryimage","url":"https:\/\/radioljubuski.ba\/wp-content\/uploads\/2023\/07\/CFFC825B-E2F7-4DC4-A91A-CB4A47D37AE9.jpeg","contentUrl":"https:\/\/radioljubuski.ba\/wp-content\/uploads\/2023\/07\/CFFC825B-E2F7-4DC4-A91A-CB4A47D37AE9.jpeg","width":1600,"height":1201},{"@type":"BreadcrumbList","@id":"https:\/\/radioljubuski.ba\/index.php\/2023\/07\/31\/federalni-dopremijer-kraljevic-s-predstavnicima-organizacija-osoba-s-invaliditetom\/#breadcrumb","itemListElement":[{"@type":"ListItem","position":1,"name":"Po\u010detna stranica","item":"https:\/\/radioljubuski.ba\/"},{"@type":"ListItem","position":2,"name":"Federalni dopremijer Kraljevi\u0107 s predstavnicima organizacija osoba s invaliditetom"}]},{"@type":"WebSite","@id":"https:\/\/radioljubuski.ba\/#website","url":"https:\/\/radioljubuski.ba\/","name":"Radio Ljubu\u0161ki","description":"Sun\u010dana frekvencija Hercegovine","publisher":{"@id":"https:\/\/radioljubuski.ba\/#organization"},"potentialAction":[{"@type":"SearchAction","target":{"@type":"EntryPoint","urlTemplate":"https:\/\/radioljubuski.ba\/?s={search_term_string}"},"query-input":{"@type":"PropertyValueSpecification","valueRequired":true,"valueName":"search_term_string"}}],"inLanguage":"hr"},{"@type":"Organization","@id":"https:\/\/radioljubuski.ba\/#organization","name":"Radio Ljubu\u0161ki","url":"https:\/\/radioljubuski.ba\/","logo":{"@type":"ImageObject","inLanguage":"hr","@id":"https:\/\/radioljubuski.ba\/#\/schema\/logo\/image\/","url":"https:\/\/radioljubuski.ba\/wp-content\/uploads\/2021\/02\/cropped-Radio_Ljubuski_logo1.jpg","contentUrl":"https:\/\/radioljubuski.ba\/wp-content\/uploads\/2021\/02\/cropped-Radio_Ljubuski_logo1.jpg","width":512,"height":512,"caption":"Radio Ljubu\u0161ki"},"image":{"@id":"https:\/\/radioljubuski.ba\/#\/schema\/logo\/image\/"},"sameAs":["https:\/\/www.facebook.com\/Radiio-Ljubuski-1490835324566332","https:\/\/x.com\/radioljubuski","https:\/\/hr.linkedin.com\/company\/radio-ljubuski","https:\/\/www.youtube.com\/channel\/UCHYaeO_n0Db3tjNGudGpXyw"]},{"@type":"Person","@id":"https:\/\/radioljubuski.ba\/#\/schema\/person\/19fc700381a780f69665d7956c469e3b","name":"Radio Ljubu\u0161ki"}]}},"_links":{"self":[{"href":"https:\/\/radioljubuski.ba\/index.php\/wp-json\/wp\/v2\/posts\/193625","targetHints":{"allow":["GET"]}}],"collection":[{"href":"https:\/\/radioljubuski.ba\/index.php\/wp-json\/wp\/v2\/posts"}],"about":[{"href":"https:\/\/radioljubuski.ba\/index.php\/wp-json\/wp\/v2\/types\/post"}],"author":[{"embeddable":true,"href":"https:\/\/radioljubuski.ba\/index.php\/wp-json\/wp\/v2\/users\/2"}],"replies":[{"embeddable":true,"href":"https:\/\/radioljubuski.ba\/index.php\/wp-json\/wp\/v2\/comments?post=193625"}],"version-history":[{"count":1,"href":"https:\/\/radioljubuski.ba\/index.php\/wp-json\/wp\/v2\/posts\/193625\/revisions"}],"predecessor-version":[{"id":193627,"href":"https:\/\/radioljubuski.ba\/index.php\/wp-json\/wp\/v2\/posts\/193625\/revisions\/193627"}],"wp:featuredmedia":[{"embeddable":true,"href":"https:\/\/radioljubuski.ba\/index.php\/wp-json\/wp\/v2\/media\/193626"}],"wp:attachment":[{"href":"https:\/\/radioljubuski.ba\/index.php\/wp-json\/wp\/v2\/media?parent=193625"}],"wp:term":[{"taxonomy":"category","embeddable":true,"href":"https:\/\/radioljubuski.ba\/index.php\/wp-json\/wp\/v2\/categories?post=193625"},{"taxonomy":"post_tag","embeddable":true,"href":"https:\/\/radioljubuski.ba\/index.php\/wp-json\/wp\/v2\/tags?post=193625"}],"curies":[{"name":"wp","href":"https:\/\/api.w.org\/{rel}","templated":true}]}}