{"id":193650,"date":"2023-08-01T10:40:15","date_gmt":"2023-08-01T09:40:15","guid":{"rendered":"https:\/\/radioljubuski.ba\/?p=193650"},"modified":"2023-08-02T13:34:51","modified_gmt":"2023-08-02T12:34:51","slug":"u-petak-krece-drugo-izdanje-beer-festa-ljubuski","status":"publish","type":"post","link":"https:\/\/radioljubuski.ba\/index.php\/2023\/08\/01\/u-petak-krece-drugo-izdanje-beer-festa-ljubuski\/","title":{"rendered":"U petak kre\u0107e drugo izdanje Beer Festa Ljubu\u0161ki"},"content":{"rendered":"\n<p>Nakon \u0161to je ogromna posje\u0107enost prvog Beer Festa u Ljubu\u0161kom pro\u0161le godine pokazala da je upravo jedan takav doga\u0111aj nedostajao Hercegovini, organizator ovog doga\u0111aja Turisti\u010dka zajednica Ljubu\u0161ki najavljuje nam drugo izdanje festivala posve\u0107enog mnogima omiljenom napitku.<\/p>\n\n\n\n<p>Drugo izdanje Beer Festa bit \u0107e odr\u017eano u 4. i 5. kolovoza u samom sredi\u0161tu Ljubu\u0161kog &#8211; na trgu dr. Franje Tu\u0111mana. Uz veliku ponudu piva najve\u0107ih svjetskih brendova, na Beer Festu \u0107e biti postavljen i craft kutak koji \u0107e predstaviti doma\u0107e craft pivovare. Me\u0111u njima se izdvaja ljubu\u0161ka craft pivovara Hobist koja \u0107e se po drugi put predstaviti s tri vrste piva: Merlynka \u2013 Blonde Ale, Crvenkapica \u2013 Amber Ale i Arum \u2013 Apa.<\/p>\n\n\n\n<p>Prve ve\u010deri festivala &#8211; u petak, 4. kolovoza Ljubu\u0161ake i njihove goste zabavljat \u0107e Prljavo Kazali\u0161te &#8211; jedan od najve\u0107ih rock bandova iz Hrvatske, koji \u0107e izvesti svoje nezaboravne hitove. Prije popularnih &#8220;Prljavaca\u201d nastupit \u0107e Not Jane &#8211; talentirani hercegova\u010dki rock band, koji \u0107e zagrijati atmosferu svojim energi\u010dnim nastupom!<\/p>\n\n\n\n<figure class=\"wp-block-gallery has-nested-images columns-default is-cropped wp-block-gallery-1 is-layout-flex wp-block-gallery-is-layout-flex\">\n<figure class=\"wp-block-image size-large\"><img loading=\"lazy\" decoding=\"async\" width=\"1024\" height=\"684\" data-id=\"193651\" src=\"https:\/\/radioljubuski.ba\/wp-content\/uploads\/2023\/08\/304134177_130565913050435_2131013127958909106_n-1024x684.jpg\" alt=\"\" class=\"wp-image-193651\" srcset=\"https:\/\/radioljubuski.ba\/wp-content\/uploads\/2023\/08\/304134177_130565913050435_2131013127958909106_n-1024x684.jpg 1024w, https:\/\/radioljubuski.ba\/wp-content\/uploads\/2023\/08\/304134177_130565913050435_2131013127958909106_n-300x200.jpg 300w, https:\/\/radioljubuski.ba\/wp-content\/uploads\/2023\/08\/304134177_130565913050435_2131013127958909106_n-768x513.jpg 768w, https:\/\/radioljubuski.ba\/wp-content\/uploads\/2023\/08\/304134177_130565913050435_2131013127958909106_n-1536x1025.jpg 1536w, https:\/\/radioljubuski.ba\/wp-content\/uploads\/2023\/08\/304134177_130565913050435_2131013127958909106_n.jpg 2048w\" sizes=\"auto, (max-width: 1024px) 100vw, 1024px\" \/><\/figure>\n\n\n\n<figure class=\"wp-block-image size-large\"><img loading=\"lazy\" decoding=\"async\" width=\"1024\" height=\"684\" data-id=\"193652\" src=\"https:\/\/radioljubuski.ba\/wp-content\/uploads\/2023\/08\/304757817_130566036383756_8793575996643054271_n-1024x684.jpg\" alt=\"\" class=\"wp-image-193652\" srcset=\"https:\/\/radioljubuski.ba\/wp-content\/uploads\/2023\/08\/304757817_130566036383756_8793575996643054271_n-1024x684.jpg 1024w, https:\/\/radioljubuski.ba\/wp-content\/uploads\/2023\/08\/304757817_130566036383756_8793575996643054271_n-300x200.jpg 300w, https:\/\/radioljubuski.ba\/wp-content\/uploads\/2023\/08\/304757817_130566036383756_8793575996643054271_n-768x513.jpg 768w, https:\/\/radioljubuski.ba\/wp-content\/uploads\/2023\/08\/304757817_130566036383756_8793575996643054271_n-1536x1025.jpg 1536w, https:\/\/radioljubuski.ba\/wp-content\/uploads\/2023\/08\/304757817_130566036383756_8793575996643054271_n.jpg 2048w\" sizes=\"auto, (max-width: 1024px) 100vw, 1024px\" \/><\/figure>\n\n\n\n<figure class=\"wp-block-image size-large\"><img loading=\"lazy\" decoding=\"async\" width=\"1024\" height=\"684\" data-id=\"193653\" src=\"https:\/\/radioljubuski.ba\/wp-content\/uploads\/2023\/08\/304783369_130565896383770_3463260327519511417_n-1024x684.jpg\" alt=\"\" class=\"wp-image-193653\" srcset=\"https:\/\/radioljubuski.ba\/wp-content\/uploads\/2023\/08\/304783369_130565896383770_3463260327519511417_n-1024x684.jpg 1024w, https:\/\/radioljubuski.ba\/wp-content\/uploads\/2023\/08\/304783369_130565896383770_3463260327519511417_n-300x200.jpg 300w, https:\/\/radioljubuski.ba\/wp-content\/uploads\/2023\/08\/304783369_130565896383770_3463260327519511417_n-768x513.jpg 768w, https:\/\/radioljubuski.ba\/wp-content\/uploads\/2023\/08\/304783369_130565896383770_3463260327519511417_n-1536x1025.jpg 1536w, https:\/\/radioljubuski.ba\/wp-content\/uploads\/2023\/08\/304783369_130565896383770_3463260327519511417_n.jpg 2048w\" sizes=\"auto, (max-width: 1024px) 100vw, 1024px\" \/><\/figure>\n<\/figure>\n\n\n\n<p>Za sjajnu zabavu druge ve\u010deri zadu\u017eeni \u0107e biti bandovi Belfast Food &#8211; band koji publici ve\u0107 punih 20 godina donosi da\u0161ak Irske i Kvarnera te Pips, Chips &amp; Videoclips, legendarni rock band iz Hrvatske, koji ve\u0107 30 godina osvaja srca publike!<\/p>\n\n\n\n<p>Nakon nastupa spomenutih bandova, pozornicu \u0107e preuzeti D Kiiwi kako bi publika mogla u\u017eivati u festivalskoj atmosferi do kasnih sati.<\/p>\n\n\n\n<figure class=\"wp-block-gallery has-nested-images columns-default is-cropped wp-block-gallery-2 is-layout-flex wp-block-gallery-is-layout-flex\">\n<figure class=\"wp-block-image size-large\"><img loading=\"lazy\" decoding=\"async\" width=\"1024\" height=\"684\" data-id=\"193654\" src=\"https:\/\/radioljubuski.ba\/wp-content\/uploads\/2023\/08\/304862473_130564859717207_4811308060509819103_n-1024x684.jpg\" alt=\"\" class=\"wp-image-193654\" srcset=\"https:\/\/radioljubuski.ba\/wp-content\/uploads\/2023\/08\/304862473_130564859717207_4811308060509819103_n-1024x684.jpg 1024w, https:\/\/radioljubuski.ba\/wp-content\/uploads\/2023\/08\/304862473_130564859717207_4811308060509819103_n-300x200.jpg 300w, https:\/\/radioljubuski.ba\/wp-content\/uploads\/2023\/08\/304862473_130564859717207_4811308060509819103_n-768x513.jpg 768w, https:\/\/radioljubuski.ba\/wp-content\/uploads\/2023\/08\/304862473_130564859717207_4811308060509819103_n-1536x1025.jpg 1536w, https:\/\/radioljubuski.ba\/wp-content\/uploads\/2023\/08\/304862473_130564859717207_4811308060509819103_n.jpg 2048w\" sizes=\"auto, (max-width: 1024px) 100vw, 1024px\" \/><\/figure>\n\n\n\n<figure class=\"wp-block-image size-large\"><img loading=\"lazy\" decoding=\"async\" width=\"1024\" height=\"684\" data-id=\"193655\" src=\"https:\/\/radioljubuski.ba\/wp-content\/uploads\/2023\/08\/304942543_130566666383693_6551834844189068324_n-1024x684.jpg\" alt=\"\" class=\"wp-image-193655\" srcset=\"https:\/\/radioljubuski.ba\/wp-content\/uploads\/2023\/08\/304942543_130566666383693_6551834844189068324_n-1024x684.jpg 1024w, https:\/\/radioljubuski.ba\/wp-content\/uploads\/2023\/08\/304942543_130566666383693_6551834844189068324_n-300x200.jpg 300w, https:\/\/radioljubuski.ba\/wp-content\/uploads\/2023\/08\/304942543_130566666383693_6551834844189068324_n-768x513.jpg 768w, https:\/\/radioljubuski.ba\/wp-content\/uploads\/2023\/08\/304942543_130566666383693_6551834844189068324_n-1536x1025.jpg 1536w, https:\/\/radioljubuski.ba\/wp-content\/uploads\/2023\/08\/304942543_130566666383693_6551834844189068324_n.jpg 2048w\" sizes=\"auto, (max-width: 1024px) 100vw, 1024px\" \/><\/figure>\n\n\n\n<figure class=\"wp-block-image size-large\"><img loading=\"lazy\" decoding=\"async\" width=\"1024\" height=\"682\" data-id=\"193656\" src=\"https:\/\/radioljubuski.ba\/wp-content\/uploads\/2023\/08\/304961236_130564863050540_7137738751397294212_n-1024x682.jpg\" alt=\"\" class=\"wp-image-193656\" srcset=\"https:\/\/radioljubuski.ba\/wp-content\/uploads\/2023\/08\/304961236_130564863050540_7137738751397294212_n-1024x682.jpg 1024w, https:\/\/radioljubuski.ba\/wp-content\/uploads\/2023\/08\/304961236_130564863050540_7137738751397294212_n-300x200.jpg 300w, https:\/\/radioljubuski.ba\/wp-content\/uploads\/2023\/08\/304961236_130564863050540_7137738751397294212_n-768x511.jpg 768w, https:\/\/radioljubuski.ba\/wp-content\/uploads\/2023\/08\/304961236_130564863050540_7137738751397294212_n-1536x1022.jpg 1536w, https:\/\/radioljubuski.ba\/wp-content\/uploads\/2023\/08\/304961236_130564863050540_7137738751397294212_n.jpg 2048w\" sizes=\"auto, (max-width: 1024px) 100vw, 1024px\" \/><\/figure>\n<\/figure>\n\n\n\n<p>Po prvi put na festivalu \u0107e se na\u0107i i cocktail bar sa najboljim majstorima iz dr\u017eave &#8211; kako bi svatko mogao prona\u0107i ne\u0161to za sebe, a organizatori iz ponude isti\u010du cocktail s pivom, posebno osmi\u0161ljen za ovu prigodu. Organizatori isti\u010du kako su posebno ponosni na nikad bogatiju ponudu u food corneru gdje \u0107e posjetitelji mo\u0107i u\u017eivati u burgerima, kobasicama, pulled porku i rebarcima. Dovoljno je spomenuti da \u0107e food corner Beer Festa predvoditi pobjednici posljednja dva izdanja \u0161irokobrije\u0161kog Street Food Festa \u2013 Von Herzog i Matej \u0160u\u0161ak Profa te \u0107e i Ljubu\u0161aci mo\u0107i ku\u0161ati njihove specijalitete, ali i specijalitete izlaga\u010da O\u0161Jo\u0161, DD Experience i Burger Stop!<\/p>\n\n\n\n<figure class=\"wp-block-gallery has-nested-images columns-default is-cropped wp-block-gallery-3 is-layout-flex wp-block-gallery-is-layout-flex\">\n<figure class=\"wp-block-image size-large\"><img loading=\"lazy\" decoding=\"async\" width=\"1024\" height=\"786\" data-id=\"193658\" src=\"https:\/\/radioljubuski.ba\/wp-content\/uploads\/2023\/08\/346786351_760388395555096_69747667824413869_n-1024x786.jpg\" alt=\"\" class=\"wp-image-193658\" srcset=\"https:\/\/radioljubuski.ba\/wp-content\/uploads\/2023\/08\/346786351_760388395555096_69747667824413869_n-1024x786.jpg 1024w, https:\/\/radioljubuski.ba\/wp-content\/uploads\/2023\/08\/346786351_760388395555096_69747667824413869_n-300x230.jpg 300w, https:\/\/radioljubuski.ba\/wp-content\/uploads\/2023\/08\/346786351_760388395555096_69747667824413869_n-768x589.jpg 768w, https:\/\/radioljubuski.ba\/wp-content\/uploads\/2023\/08\/346786351_760388395555096_69747667824413869_n.jpg 1440w\" sizes=\"auto, (max-width: 1024px) 100vw, 1024px\" \/><\/figure>\n\n\n\n<figure class=\"wp-block-image size-large\"><img loading=\"lazy\" decoding=\"async\" width=\"809\" height=\"540\" data-id=\"193657\" src=\"https:\/\/radioljubuski.ba\/wp-content\/uploads\/2023\/08\/347435281_242830331823992_388122542450651492_n.jpg\" alt=\"\" class=\"wp-image-193657\" srcset=\"https:\/\/radioljubuski.ba\/wp-content\/uploads\/2023\/08\/347435281_242830331823992_388122542450651492_n.jpg 809w, https:\/\/radioljubuski.ba\/wp-content\/uploads\/2023\/08\/347435281_242830331823992_388122542450651492_n-300x200.jpg 300w, https:\/\/radioljubuski.ba\/wp-content\/uploads\/2023\/08\/347435281_242830331823992_388122542450651492_n-768x513.jpg 768w\" sizes=\"auto, (max-width: 809px) 100vw, 809px\" \/><\/figure>\n<\/figure>\n\n\n\n<p>Ulaz na festival je besplatan.<\/p>\n\n\n\n<p>Turisti\u010dka Zajednica Ljubu\u0161ki<\/p>\n","protected":false},"excerpt":{"rendered":"<p>Nakon \u0161to je ogromna posje\u0107enost prvog Beer Festa u Ljubu\u0161kom pro\u0161le godine pokazala da je upravo jedan takav doga\u0111aj nedostajao Hercegovini, organizator ovog doga\u0111aja Turisti\u010dka zajednica Ljubu\u0161ki najavljuje nam drugo izdanje festivala posve\u0107enog mnogima omiljenom napitku. Drugo izdanje Beer Festa bit \u0107e odr\u017eano u 4. i 5. kolovoza u samom sredi\u0161tu Ljubu\u0161kog &#8211; na trgu [&hellip;]<\/p>\n","protected":false},"author":2,"featured_media":193656,"comment_status":"closed","ping_status":"closed","sticky":false,"template":"","format":"standard","meta":{"h5ap_radio_sources":[],"footnotes":""},"categories":[28],"tags":[],"class_list":["post-193650","post","type-post","status-publish","format-standard","has-post-thumbnail","hentry","category-novosti"],"yoast_head":"<!-- This site is optimized with the Yoast SEO plugin v27.4 - https:\/\/yoast.com\/product\/yoast-seo-wordpress\/ -->\n<title>U petak kre\u0107e drugo izdanje Beer Festa Ljubu\u0161ki - RADIO LJUBU\u0160KI<\/title>\n<meta name=\"robots\" content=\"index, follow, max-snippet:-1, max-image-preview:large, max-video-preview:-1\" \/>\n<link rel=\"canonical\" href=\"https:\/\/radioljubuski.ba\/index.php\/2023\/08\/01\/u-petak-krece-drugo-izdanje-beer-festa-ljubuski\/\" \/>\n<meta property=\"og:locale\" content=\"hr_HR\" \/>\n<meta property=\"og:type\" content=\"article\" \/>\n<meta property=\"og:title\" content=\"U petak kre\u0107e drugo izdanje Beer Festa Ljubu\u0161ki - RADIO LJUBU\u0160KI\" \/>\n<meta property=\"og:description\" content=\"Nakon \u0161to je ogromna posje\u0107enost prvog Beer Festa u Ljubu\u0161kom pro\u0161le godine pokazala da je upravo jedan takav doga\u0111aj nedostajao Hercegovini, organizator ovog doga\u0111aja Turisti\u010dka zajednica Ljubu\u0161ki najavljuje nam drugo izdanje festivala posve\u0107enog mnogima omiljenom napitku. Drugo izdanje Beer Festa bit \u0107e odr\u017eano u 4. i 5. kolovoza u samom sredi\u0161tu Ljubu\u0161kog &#8211; na trgu [&hellip;]\" \/>\n<meta property=\"og:url\" content=\"https:\/\/radioljubuski.ba\/index.php\/2023\/08\/01\/u-petak-krece-drugo-izdanje-beer-festa-ljubuski\/\" \/>\n<meta property=\"og:site_name\" content=\"RADIO LJUBU\u0160KI\" \/>\n<meta property=\"article:publisher\" content=\"https:\/\/www.facebook.com\/Radiio-Ljubuski-1490835324566332\" \/>\n<meta property=\"article:published_time\" content=\"2023-08-01T09:40:15+00:00\" \/>\n<meta property=\"article:modified_time\" content=\"2023-08-02T12:34:51+00:00\" \/>\n<meta property=\"og:image\" content=\"https:\/\/radioljubuski.ba\/wp-content\/uploads\/2023\/08\/304961236_130564863050540_7137738751397294212_n.jpg\" \/>\n\t<meta property=\"og:image:width\" content=\"2048\" \/>\n\t<meta property=\"og:image:height\" content=\"1363\" \/>\n\t<meta property=\"og:image:type\" content=\"image\/jpeg\" \/>\n<meta name=\"author\" content=\"Radio Ljubu\u0161ki\" \/>\n<meta name=\"twitter:card\" content=\"summary_large_image\" \/>\n<meta name=\"twitter:creator\" content=\"@radioljubuski\" \/>\n<meta name=\"twitter:site\" content=\"@radioljubuski\" \/>\n<meta name=\"twitter:label1\" content=\"Napisao\/la\" \/>\n\t<meta name=\"twitter:data1\" content=\"Radio Ljubu\u0161ki\" \/>\n\t<meta name=\"twitter:label2\" content=\"Procijenjeno vrijeme \u010ditanja\" \/>\n\t<meta name=\"twitter:data2\" content=\"4 minute\" \/>\n<script type=\"application\/ld+json\" class=\"yoast-schema-graph\">{\"@context\":\"https:\\\/\\\/schema.org\",\"@graph\":[{\"@type\":\"Article\",\"@id\":\"https:\\\/\\\/radioljubuski.ba\\\/index.php\\\/2023\\\/08\\\/01\\\/u-petak-krece-drugo-izdanje-beer-festa-ljubuski\\\/#article\",\"isPartOf\":{\"@id\":\"https:\\\/\\\/radioljubuski.ba\\\/index.php\\\/2023\\\/08\\\/01\\\/u-petak-krece-drugo-izdanje-beer-festa-ljubuski\\\/\"},\"author\":{\"name\":\"Radio Ljubu\u0161ki\",\"@id\":\"https:\\\/\\\/radioljubuski.ba\\\/#\\\/schema\\\/person\\\/19fc700381a780f69665d7956c469e3b\"},\"headline\":\"U petak kre\u0107e drugo izdanje Beer Festa Ljubu\u0161ki\",\"datePublished\":\"2023-08-01T09:40:15+00:00\",\"dateModified\":\"2023-08-02T12:34:51+00:00\",\"mainEntityOfPage\":{\"@id\":\"https:\\\/\\\/radioljubuski.ba\\\/index.php\\\/2023\\\/08\\\/01\\\/u-petak-krece-drugo-izdanje-beer-festa-ljubuski\\\/\"},\"wordCount\":380,\"publisher\":{\"@id\":\"https:\\\/\\\/radioljubuski.ba\\\/#organization\"},\"image\":{\"@id\":\"https:\\\/\\\/radioljubuski.ba\\\/index.php\\\/2023\\\/08\\\/01\\\/u-petak-krece-drugo-izdanje-beer-festa-ljubuski\\\/#primaryimage\"},\"thumbnailUrl\":\"https:\\\/\\\/radioljubuski.ba\\\/wp-content\\\/uploads\\\/2023\\\/08\\\/304961236_130564863050540_7137738751397294212_n.jpg\",\"articleSection\":[\"Novosti\"],\"inLanguage\":\"hr\"},{\"@type\":\"WebPage\",\"@id\":\"https:\\\/\\\/radioljubuski.ba\\\/index.php\\\/2023\\\/08\\\/01\\\/u-petak-krece-drugo-izdanje-beer-festa-ljubuski\\\/\",\"url\":\"https:\\\/\\\/radioljubuski.ba\\\/index.php\\\/2023\\\/08\\\/01\\\/u-petak-krece-drugo-izdanje-beer-festa-ljubuski\\\/\",\"name\":\"U petak kre\u0107e drugo izdanje Beer Festa Ljubu\u0161ki - RADIO LJUBU\u0160KI\",\"isPartOf\":{\"@id\":\"https:\\\/\\\/radioljubuski.ba\\\/#website\"},\"primaryImageOfPage\":{\"@id\":\"https:\\\/\\\/radioljubuski.ba\\\/index.php\\\/2023\\\/08\\\/01\\\/u-petak-krece-drugo-izdanje-beer-festa-ljubuski\\\/#primaryimage\"},\"image\":{\"@id\":\"https:\\\/\\\/radioljubuski.ba\\\/index.php\\\/2023\\\/08\\\/01\\\/u-petak-krece-drugo-izdanje-beer-festa-ljubuski\\\/#primaryimage\"},\"thumbnailUrl\":\"https:\\\/\\\/radioljubuski.ba\\\/wp-content\\\/uploads\\\/2023\\\/08\\\/304961236_130564863050540_7137738751397294212_n.jpg\",\"datePublished\":\"2023-08-01T09:40:15+00:00\",\"dateModified\":\"2023-08-02T12:34:51+00:00\",\"breadcrumb\":{\"@id\":\"https:\\\/\\\/radioljubuski.ba\\\/index.php\\\/2023\\\/08\\\/01\\\/u-petak-krece-drugo-izdanje-beer-festa-ljubuski\\\/#breadcrumb\"},\"inLanguage\":\"hr\",\"potentialAction\":[{\"@type\":\"ReadAction\",\"target\":[\"https:\\\/\\\/radioljubuski.ba\\\/index.php\\\/2023\\\/08\\\/01\\\/u-petak-krece-drugo-izdanje-beer-festa-ljubuski\\\/\"]}]},{\"@type\":\"ImageObject\",\"inLanguage\":\"hr\",\"@id\":\"https:\\\/\\\/radioljubuski.ba\\\/index.php\\\/2023\\\/08\\\/01\\\/u-petak-krece-drugo-izdanje-beer-festa-ljubuski\\\/#primaryimage\",\"url\":\"https:\\\/\\\/radioljubuski.ba\\\/wp-content\\\/uploads\\\/2023\\\/08\\\/304961236_130564863050540_7137738751397294212_n.jpg\",\"contentUrl\":\"https:\\\/\\\/radioljubuski.ba\\\/wp-content\\\/uploads\\\/2023\\\/08\\\/304961236_130564863050540_7137738751397294212_n.jpg\",\"width\":2048,\"height\":1363},{\"@type\":\"BreadcrumbList\",\"@id\":\"https:\\\/\\\/radioljubuski.ba\\\/index.php\\\/2023\\\/08\\\/01\\\/u-petak-krece-drugo-izdanje-beer-festa-ljubuski\\\/#breadcrumb\",\"itemListElement\":[{\"@type\":\"ListItem\",\"position\":1,\"name\":\"Po\u010detna stranica\",\"item\":\"https:\\\/\\\/radioljubuski.ba\\\/\"},{\"@type\":\"ListItem\",\"position\":2,\"name\":\"U petak kre\u0107e drugo izdanje Beer Festa Ljubu\u0161ki\"}]},{\"@type\":\"WebSite\",\"@id\":\"https:\\\/\\\/radioljubuski.ba\\\/#website\",\"url\":\"https:\\\/\\\/radioljubuski.ba\\\/\",\"name\":\"Radio Ljubu\u0161ki\",\"description\":\"Sun\u010dana frekvencija Hercegovine\",\"publisher\":{\"@id\":\"https:\\\/\\\/radioljubuski.ba\\\/#organization\"},\"potentialAction\":[{\"@type\":\"SearchAction\",\"target\":{\"@type\":\"EntryPoint\",\"urlTemplate\":\"https:\\\/\\\/radioljubuski.ba\\\/?s={search_term_string}\"},\"query-input\":{\"@type\":\"PropertyValueSpecification\",\"valueRequired\":true,\"valueName\":\"search_term_string\"}}],\"inLanguage\":\"hr\"},{\"@type\":\"Organization\",\"@id\":\"https:\\\/\\\/radioljubuski.ba\\\/#organization\",\"name\":\"Radio Ljubu\u0161ki\",\"url\":\"https:\\\/\\\/radioljubuski.ba\\\/\",\"logo\":{\"@type\":\"ImageObject\",\"inLanguage\":\"hr\",\"@id\":\"https:\\\/\\\/radioljubuski.ba\\\/#\\\/schema\\\/logo\\\/image\\\/\",\"url\":\"https:\\\/\\\/radioljubuski.ba\\\/wp-content\\\/uploads\\\/2021\\\/02\\\/cropped-Radio_Ljubuski_logo1.jpg\",\"contentUrl\":\"https:\\\/\\\/radioljubuski.ba\\\/wp-content\\\/uploads\\\/2021\\\/02\\\/cropped-Radio_Ljubuski_logo1.jpg\",\"width\":512,\"height\":512,\"caption\":\"Radio Ljubu\u0161ki\"},\"image\":{\"@id\":\"https:\\\/\\\/radioljubuski.ba\\\/#\\\/schema\\\/logo\\\/image\\\/\"},\"sameAs\":[\"https:\\\/\\\/www.facebook.com\\\/Radiio-Ljubuski-1490835324566332\",\"https:\\\/\\\/x.com\\\/radioljubuski\",\"https:\\\/\\\/hr.linkedin.com\\\/company\\\/radio-ljubuski\",\"https:\\\/\\\/www.youtube.com\\\/channel\\\/UCHYaeO_n0Db3tjNGudGpXyw\"]},{\"@type\":\"Person\",\"@id\":\"https:\\\/\\\/radioljubuski.ba\\\/#\\\/schema\\\/person\\\/19fc700381a780f69665d7956c469e3b\",\"name\":\"Radio Ljubu\u0161ki\"}]}<\/script>\n<!-- \/ Yoast SEO plugin. -->","yoast_head_json":{"title":"U petak kre\u0107e drugo izdanje Beer Festa Ljubu\u0161ki - RADIO LJUBU\u0160KI","robots":{"index":"index","follow":"follow","max-snippet":"max-snippet:-1","max-image-preview":"max-image-preview:large","max-video-preview":"max-video-preview:-1"},"canonical":"https:\/\/radioljubuski.ba\/index.php\/2023\/08\/01\/u-petak-krece-drugo-izdanje-beer-festa-ljubuski\/","og_locale":"hr_HR","og_type":"article","og_title":"U petak kre\u0107e drugo izdanje Beer Festa Ljubu\u0161ki - RADIO LJUBU\u0160KI","og_description":"Nakon \u0161to je ogromna posje\u0107enost prvog Beer Festa u Ljubu\u0161kom pro\u0161le godine pokazala da je upravo jedan takav doga\u0111aj nedostajao Hercegovini, organizator ovog doga\u0111aja Turisti\u010dka zajednica Ljubu\u0161ki najavljuje nam drugo izdanje festivala posve\u0107enog mnogima omiljenom napitku. Drugo izdanje Beer Festa bit \u0107e odr\u017eano u 4. i 5. kolovoza u samom sredi\u0161tu Ljubu\u0161kog &#8211; na trgu [&hellip;]","og_url":"https:\/\/radioljubuski.ba\/index.php\/2023\/08\/01\/u-petak-krece-drugo-izdanje-beer-festa-ljubuski\/","og_site_name":"RADIO LJUBU\u0160KI","article_publisher":"https:\/\/www.facebook.com\/Radiio-Ljubuski-1490835324566332","article_published_time":"2023-08-01T09:40:15+00:00","article_modified_time":"2023-08-02T12:34:51+00:00","og_image":[{"width":2048,"height":1363,"url":"https:\/\/radioljubuski.ba\/wp-content\/uploads\/2023\/08\/304961236_130564863050540_7137738751397294212_n.jpg","type":"image\/jpeg"}],"author":"Radio Ljubu\u0161ki","twitter_card":"summary_large_image","twitter_creator":"@radioljubuski","twitter_site":"@radioljubuski","twitter_misc":{"Napisao\/la":"Radio Ljubu\u0161ki","Procijenjeno vrijeme \u010ditanja":"4 minute"},"schema":{"@context":"https:\/\/schema.org","@graph":[{"@type":"Article","@id":"https:\/\/radioljubuski.ba\/index.php\/2023\/08\/01\/u-petak-krece-drugo-izdanje-beer-festa-ljubuski\/#article","isPartOf":{"@id":"https:\/\/radioljubuski.ba\/index.php\/2023\/08\/01\/u-petak-krece-drugo-izdanje-beer-festa-ljubuski\/"},"author":{"name":"Radio Ljubu\u0161ki","@id":"https:\/\/radioljubuski.ba\/#\/schema\/person\/19fc700381a780f69665d7956c469e3b"},"headline":"U petak kre\u0107e drugo izdanje Beer Festa Ljubu\u0161ki","datePublished":"2023-08-01T09:40:15+00:00","dateModified":"2023-08-02T12:34:51+00:00","mainEntityOfPage":{"@id":"https:\/\/radioljubuski.ba\/index.php\/2023\/08\/01\/u-petak-krece-drugo-izdanje-beer-festa-ljubuski\/"},"wordCount":380,"publisher":{"@id":"https:\/\/radioljubuski.ba\/#organization"},"image":{"@id":"https:\/\/radioljubuski.ba\/index.php\/2023\/08\/01\/u-petak-krece-drugo-izdanje-beer-festa-ljubuski\/#primaryimage"},"thumbnailUrl":"https:\/\/radioljubuski.ba\/wp-content\/uploads\/2023\/08\/304961236_130564863050540_7137738751397294212_n.jpg","articleSection":["Novosti"],"inLanguage":"hr"},{"@type":"WebPage","@id":"https:\/\/radioljubuski.ba\/index.php\/2023\/08\/01\/u-petak-krece-drugo-izdanje-beer-festa-ljubuski\/","url":"https:\/\/radioljubuski.ba\/index.php\/2023\/08\/01\/u-petak-krece-drugo-izdanje-beer-festa-ljubuski\/","name":"U petak kre\u0107e drugo izdanje Beer Festa Ljubu\u0161ki - RADIO LJUBU\u0160KI","isPartOf":{"@id":"https:\/\/radioljubuski.ba\/#website"},"primaryImageOfPage":{"@id":"https:\/\/radioljubuski.ba\/index.php\/2023\/08\/01\/u-petak-krece-drugo-izdanje-beer-festa-ljubuski\/#primaryimage"},"image":{"@id":"https:\/\/radioljubuski.ba\/index.php\/2023\/08\/01\/u-petak-krece-drugo-izdanje-beer-festa-ljubuski\/#primaryimage"},"thumbnailUrl":"https:\/\/radioljubuski.ba\/wp-content\/uploads\/2023\/08\/304961236_130564863050540_7137738751397294212_n.jpg","datePublished":"2023-08-01T09:40:15+00:00","dateModified":"2023-08-02T12:34:51+00:00","breadcrumb":{"@id":"https:\/\/radioljubuski.ba\/index.php\/2023\/08\/01\/u-petak-krece-drugo-izdanje-beer-festa-ljubuski\/#breadcrumb"},"inLanguage":"hr","potentialAction":[{"@type":"ReadAction","target":["https:\/\/radioljubuski.ba\/index.php\/2023\/08\/01\/u-petak-krece-drugo-izdanje-beer-festa-ljubuski\/"]}]},{"@type":"ImageObject","inLanguage":"hr","@id":"https:\/\/radioljubuski.ba\/index.php\/2023\/08\/01\/u-petak-krece-drugo-izdanje-beer-festa-ljubuski\/#primaryimage","url":"https:\/\/radioljubuski.ba\/wp-content\/uploads\/2023\/08\/304961236_130564863050540_7137738751397294212_n.jpg","contentUrl":"https:\/\/radioljubuski.ba\/wp-content\/uploads\/2023\/08\/304961236_130564863050540_7137738751397294212_n.jpg","width":2048,"height":1363},{"@type":"BreadcrumbList","@id":"https:\/\/radioljubuski.ba\/index.php\/2023\/08\/01\/u-petak-krece-drugo-izdanje-beer-festa-ljubuski\/#breadcrumb","itemListElement":[{"@type":"ListItem","position":1,"name":"Po\u010detna stranica","item":"https:\/\/radioljubuski.ba\/"},{"@type":"ListItem","position":2,"name":"U petak kre\u0107e drugo izdanje Beer Festa Ljubu\u0161ki"}]},{"@type":"WebSite","@id":"https:\/\/radioljubuski.ba\/#website","url":"https:\/\/radioljubuski.ba\/","name":"Radio Ljubu\u0161ki","description":"Sun\u010dana frekvencija Hercegovine","publisher":{"@id":"https:\/\/radioljubuski.ba\/#organization"},"potentialAction":[{"@type":"SearchAction","target":{"@type":"EntryPoint","urlTemplate":"https:\/\/radioljubuski.ba\/?s={search_term_string}"},"query-input":{"@type":"PropertyValueSpecification","valueRequired":true,"valueName":"search_term_string"}}],"inLanguage":"hr"},{"@type":"Organization","@id":"https:\/\/radioljubuski.ba\/#organization","name":"Radio Ljubu\u0161ki","url":"https:\/\/radioljubuski.ba\/","logo":{"@type":"ImageObject","inLanguage":"hr","@id":"https:\/\/radioljubuski.ba\/#\/schema\/logo\/image\/","url":"https:\/\/radioljubuski.ba\/wp-content\/uploads\/2021\/02\/cropped-Radio_Ljubuski_logo1.jpg","contentUrl":"https:\/\/radioljubuski.ba\/wp-content\/uploads\/2021\/02\/cropped-Radio_Ljubuski_logo1.jpg","width":512,"height":512,"caption":"Radio Ljubu\u0161ki"},"image":{"@id":"https:\/\/radioljubuski.ba\/#\/schema\/logo\/image\/"},"sameAs":["https:\/\/www.facebook.com\/Radiio-Ljubuski-1490835324566332","https:\/\/x.com\/radioljubuski","https:\/\/hr.linkedin.com\/company\/radio-ljubuski","https:\/\/www.youtube.com\/channel\/UCHYaeO_n0Db3tjNGudGpXyw"]},{"@type":"Person","@id":"https:\/\/radioljubuski.ba\/#\/schema\/person\/19fc700381a780f69665d7956c469e3b","name":"Radio Ljubu\u0161ki"}]}},"_links":{"self":[{"href":"https:\/\/radioljubuski.ba\/index.php\/wp-json\/wp\/v2\/posts\/193650","targetHints":{"allow":["GET"]}}],"collection":[{"href":"https:\/\/radioljubuski.ba\/index.php\/wp-json\/wp\/v2\/posts"}],"about":[{"href":"https:\/\/radioljubuski.ba\/index.php\/wp-json\/wp\/v2\/types\/post"}],"author":[{"embeddable":true,"href":"https:\/\/radioljubuski.ba\/index.php\/wp-json\/wp\/v2\/users\/2"}],"replies":[{"embeddable":true,"href":"https:\/\/radioljubuski.ba\/index.php\/wp-json\/wp\/v2\/comments?post=193650"}],"version-history":[{"count":1,"href":"https:\/\/radioljubuski.ba\/index.php\/wp-json\/wp\/v2\/posts\/193650\/revisions"}],"predecessor-version":[{"id":193659,"href":"https:\/\/radioljubuski.ba\/index.php\/wp-json\/wp\/v2\/posts\/193650\/revisions\/193659"}],"wp:featuredmedia":[{"embeddable":true,"href":"https:\/\/radioljubuski.ba\/index.php\/wp-json\/wp\/v2\/media\/193656"}],"wp:attachment":[{"href":"https:\/\/radioljubuski.ba\/index.php\/wp-json\/wp\/v2\/media?parent=193650"}],"wp:term":[{"taxonomy":"category","embeddable":true,"href":"https:\/\/radioljubuski.ba\/index.php\/wp-json\/wp\/v2\/categories?post=193650"},{"taxonomy":"post_tag","embeddable":true,"href":"https:\/\/radioljubuski.ba\/index.php\/wp-json\/wp\/v2\/tags?post=193650"}],"curies":[{"name":"wp","href":"https:\/\/api.w.org\/{rel}","templated":true}]}}