{"id":193666,"date":"2023-08-01T11:31:14","date_gmt":"2023-08-01T10:31:14","guid":{"rendered":"https:\/\/radioljubuski.ba\/?p=193666"},"modified":"2023-08-01T11:31:15","modified_gmt":"2023-08-01T10:31:15","slug":"colina-imamo-priliku-kakvu-nitko-u-ljubuskom-nije-imao-20-godina","status":"publish","type":"post","link":"https:\/\/radioljubuski.ba\/index.php\/2023\/08\/01\/colina-imamo-priliku-kakvu-nitko-u-ljubuskom-nije-imao-20-godina\/","title":{"rendered":"\u010colina: Imamo priliku kakvu nitko u Ljubu\u0161kom nije imao 20 godina"},"content":{"rendered":"\n<p>Posebna motivacija za rukometa\u0161e ljubu\u0161kog Izvi\u0111a\u010da na po\u010detku priprema za novu sezonu je \u010dinjenica da \u0107e igrati grupnu fazu EHF Europske lige.<\/p>\n\n\n\n<p>Skupina G s protivnicima kao \u0161to su Fuchse Berlin, Chambery i Dinamo Bukure\u0161t su donijeli dosta zadovoljstva i uzbu\u0111enja me\u0111u \u010dlanove mlade ekipe koja \u0107e tako imati priliku igrati protiv vrhunskih europskih klubova. Sama \u010dinjenica da se radi o zaista top rukometnim klubovima ne mo\u017ee na Ljubu\u0161ake postaviti nikakav ve\u0107i pritisak od onog sportskog da se predstave na najbolji mogu\u0107i na\u010din i pru\u017ee maksimum kako bi testirali svoje limite od 17. listopada kad kre\u0107e ovo natjecanje.<\/p>\n\n\n\n<p>\u2013 Imamo priliku kakvu nitko u Ljubu\u0161kom nije imao 20 godina, imamo priliku kakvu nitko iz BiH nije imao od 2012. godine kad je Bosna igrala grupnu fazu Lige prvaka. Imamo dva i pol mjeseca da se spremimo za to, a \u010detiri godine smo se stepenicu po stepenicu dizali za ovo, rekao je trener Izvi\u0111a\u010da Toni \u010colina.<\/p>\n\n\n\n<p>\u2013 Sve je podre\u0111eno tome da izgledamo bolje nego smo pro\u0161le sezone. Ako smo uspjeli zadr\u017eati kostur najboljih igra\u010da \u010detvrtu godinu, zna\u010di da maksimalno ozbiljno shva\u0107amo priliku koju smo zaslu\u017eili svojim rezultatima. Svi igra\u010di su odu\u0161evljeni i sretni da \u0107emo izravno igrati grupnu fazu, dodao je.<\/p>\n\n\n\n<p>Nekoliko rukometa\u0161a je napustilo Izvi\u0111a\u010d, ali je klub zadr\u017eao veliki dio onih najboljih. Me\u0111u njima i dvojicu najboljih igra\u010da Premijer lige za pro\u0161lu sezonu.<\/p>\n\n\n\n<p>&nbsp;\u2013 Drago mi je da smo uspjeli zadr\u017eati Milana Vuk\u0161i\u0107a, te najboljeg igra\u010da Ivana Pavlovi\u0107a. S grupnom fazom EHF Europske lige smo dobili to da mo\u017eemo razvijati ono \u0161to smo po\u010deli. Neki od igra\u010da su tri \u2013 \u010detiri godine u na\u0161em sustavu. Sad u svom klubu, koji smo doveli na ve\u0107u razinu mogu pru\u017eiti jo\u0161 vi\u0161e, rekao je \u010colina.<\/p>\n\n\n\n<p>Sve u klubu je o\u010dito dodatno mobiliziralo da \u0107e igrati sa top europskim klubovima.<\/p>\n\n\n\n<p>&nbsp;\u2013 Imamo ve\u0107a o\u010dekivanja od sebe jer \u017eelimo raditi jo\u0161 bolje. Cilj je da u tome pod svaku cijenu budemo hrabri i volio bih da pripreme odradimo maksimalno motivirani, zaklju\u010dio je Toni \u010colina.<\/p>\n\n\n\n<p><strong>Bez termina za PL<\/strong><\/p>\n\n\n\n<p>Razumljivo, doma\u0107a natjecanja \u010colina nije mogao ni komentirati. Dok za Europsku ligu imaju jasan kalendar natjecanja od 17. 10. kad \u0107e gostovati Dinamu u Bukure\u0161tu do 5. 12. \u2013 za prvenstvo BiH se jo\u0161 ni\u0161ta ne zna.<\/p>\n\n\n\n<p>&nbsp;\u2013 Nismo dobili termin za po\u010detak Premijer lige, ne znamo ni koliko klubova ulazi i apsurdno je bilo \u0161to komentirati na tu temu, izjavio je \u010colina.<\/p>\n\n\n\n<p><strong>Pavlovi\u0107: Vidjet \u0107emo gdje smo<\/strong><\/p>\n\n\n\n<p>Za neke od velikog broja talentiranih igra\u010da Izvi\u0111a\u010da prilika da igraju u EHF Europskoj ligi mo\u017ee biti klju\u010dnih oko mjesec i pol dana u njihovim karijerama.<\/p>\n\n\n\n<p>\u00a0\u2013 Drago mi je jer \u0107emo vidjeti gdje smo u odnosu na takve ekipe. Imamo vremena do tih utakmica i uz veliku podr\u0161ku publike, ova mlada mom\u010dad mo\u017ee puno kvalitetnih stvari napraviti, izjavio je novi kapetan Izvi\u0111a\u010da i pro\u0161le sezone najbolji igra\u010d Premijer lige, Ivano Pavlovi\u0107.<\/p>\n\n\n\n<p>Ersan Bijedi\u0107 \/ Dnevni list<\/p>\n","protected":false},"excerpt":{"rendered":"<p>Posebna motivacija za rukometa\u0161e ljubu\u0161kog Izvi\u0111a\u010da na po\u010detku priprema za novu sezonu je \u010dinjenica da \u0107e igrati grupnu fazu EHF Europske lige. Skupina G s protivnicima kao \u0161to su Fuchse Berlin, Chambery i Dinamo Bukure\u0161t su donijeli dosta zadovoljstva i uzbu\u0111enja me\u0111u \u010dlanove mlade ekipe koja \u0107e tako imati priliku igrati protiv vrhunskih europskih klubova. [&hellip;]<\/p>\n","protected":false},"author":2,"featured_media":193667,"comment_status":"closed","ping_status":"closed","sticky":false,"template":"","format":"standard","meta":{"h5ap_radio_sources":[],"footnotes":""},"categories":[7],"tags":[],"class_list":["post-193666","post","type-post","status-publish","format-standard","has-post-thumbnail","hentry","category-sport"],"yoast_head":"<!-- This site is optimized with the Yoast SEO plugin v27.5 - https:\/\/yoast.com\/product\/yoast-seo-wordpress\/ -->\n<title>\u010colina: Imamo priliku kakvu nitko u Ljubu\u0161kom nije imao 20 godina - RADIO LJUBU\u0160KI<\/title>\n<meta name=\"robots\" content=\"index, follow, max-snippet:-1, max-image-preview:large, max-video-preview:-1\" \/>\n<link rel=\"canonical\" href=\"https:\/\/radioljubuski.ba\/index.php\/2023\/08\/01\/colina-imamo-priliku-kakvu-nitko-u-ljubuskom-nije-imao-20-godina\/\" \/>\n<meta property=\"og:locale\" content=\"hr_HR\" \/>\n<meta property=\"og:type\" content=\"article\" \/>\n<meta property=\"og:title\" content=\"\u010colina: Imamo priliku kakvu nitko u Ljubu\u0161kom nije imao 20 godina - RADIO LJUBU\u0160KI\" \/>\n<meta property=\"og:description\" content=\"Posebna motivacija za rukometa\u0161e ljubu\u0161kog Izvi\u0111a\u010da na po\u010detku priprema za novu sezonu je \u010dinjenica da \u0107e igrati grupnu fazu EHF Europske lige. Skupina G s protivnicima kao \u0161to su Fuchse Berlin, Chambery i Dinamo Bukure\u0161t su donijeli dosta zadovoljstva i uzbu\u0111enja me\u0111u \u010dlanove mlade ekipe koja \u0107e tako imati priliku igrati protiv vrhunskih europskih klubova. [&hellip;]\" \/>\n<meta property=\"og:url\" content=\"https:\/\/radioljubuski.ba\/index.php\/2023\/08\/01\/colina-imamo-priliku-kakvu-nitko-u-ljubuskom-nije-imao-20-godina\/\" \/>\n<meta property=\"og:site_name\" content=\"RADIO LJUBU\u0160KI\" \/>\n<meta property=\"article:publisher\" content=\"https:\/\/www.facebook.com\/Radiio-Ljubuski-1490835324566332\" \/>\n<meta property=\"article:published_time\" content=\"2023-08-01T10:31:14+00:00\" \/>\n<meta property=\"article:modified_time\" content=\"2023-08-01T10:31:15+00:00\" \/>\n<meta property=\"og:image\" content=\"https:\/\/radioljubuski.ba\/wp-content\/uploads\/2023\/08\/colina-izv.jpg\" \/>\n\t<meta property=\"og:image:width\" content=\"600\" \/>\n\t<meta property=\"og:image:height\" content=\"400\" \/>\n\t<meta property=\"og:image:type\" content=\"image\/jpeg\" \/>\n<meta name=\"author\" content=\"Radio Ljubu\u0161ki\" \/>\n<meta name=\"twitter:card\" content=\"summary_large_image\" \/>\n<meta name=\"twitter:creator\" content=\"@radioljubuski\" \/>\n<meta name=\"twitter:site\" content=\"@radioljubuski\" \/>\n<meta name=\"twitter:label1\" content=\"Napisao\/la\" \/>\n\t<meta name=\"twitter:data1\" content=\"Radio Ljubu\u0161ki\" \/>\n\t<meta name=\"twitter:label2\" content=\"Procijenjeno vrijeme \u010ditanja\" \/>\n\t<meta name=\"twitter:data2\" content=\"3 minute\" \/>\n<script type=\"application\/ld+json\" class=\"yoast-schema-graph\">{\"@context\":\"https:\\\/\\\/schema.org\",\"@graph\":[{\"@type\":\"Article\",\"@id\":\"https:\\\/\\\/radioljubuski.ba\\\/index.php\\\/2023\\\/08\\\/01\\\/colina-imamo-priliku-kakvu-nitko-u-ljubuskom-nije-imao-20-godina\\\/#article\",\"isPartOf\":{\"@id\":\"https:\\\/\\\/radioljubuski.ba\\\/index.php\\\/2023\\\/08\\\/01\\\/colina-imamo-priliku-kakvu-nitko-u-ljubuskom-nije-imao-20-godina\\\/\"},\"author\":{\"name\":\"Radio Ljubu\u0161ki\",\"@id\":\"https:\\\/\\\/radioljubuski.ba\\\/#\\\/schema\\\/person\\\/19fc700381a780f69665d7956c469e3b\"},\"headline\":\"\u010colina: Imamo priliku kakvu nitko u Ljubu\u0161kom nije imao 20 godina\",\"datePublished\":\"2023-08-01T10:31:14+00:00\",\"dateModified\":\"2023-08-01T10:31:15+00:00\",\"mainEntityOfPage\":{\"@id\":\"https:\\\/\\\/radioljubuski.ba\\\/index.php\\\/2023\\\/08\\\/01\\\/colina-imamo-priliku-kakvu-nitko-u-ljubuskom-nije-imao-20-godina\\\/\"},\"wordCount\":542,\"publisher\":{\"@id\":\"https:\\\/\\\/radioljubuski.ba\\\/#organization\"},\"image\":{\"@id\":\"https:\\\/\\\/radioljubuski.ba\\\/index.php\\\/2023\\\/08\\\/01\\\/colina-imamo-priliku-kakvu-nitko-u-ljubuskom-nije-imao-20-godina\\\/#primaryimage\"},\"thumbnailUrl\":\"https:\\\/\\\/radioljubuski.ba\\\/wp-content\\\/uploads\\\/2023\\\/08\\\/colina-izv.jpg\",\"articleSection\":[\"\u0160port\"],\"inLanguage\":\"hr\"},{\"@type\":\"WebPage\",\"@id\":\"https:\\\/\\\/radioljubuski.ba\\\/index.php\\\/2023\\\/08\\\/01\\\/colina-imamo-priliku-kakvu-nitko-u-ljubuskom-nije-imao-20-godina\\\/\",\"url\":\"https:\\\/\\\/radioljubuski.ba\\\/index.php\\\/2023\\\/08\\\/01\\\/colina-imamo-priliku-kakvu-nitko-u-ljubuskom-nije-imao-20-godina\\\/\",\"name\":\"\u010colina: Imamo priliku kakvu nitko u Ljubu\u0161kom nije imao 20 godina - RADIO LJUBU\u0160KI\",\"isPartOf\":{\"@id\":\"https:\\\/\\\/radioljubuski.ba\\\/#website\"},\"primaryImageOfPage\":{\"@id\":\"https:\\\/\\\/radioljubuski.ba\\\/index.php\\\/2023\\\/08\\\/01\\\/colina-imamo-priliku-kakvu-nitko-u-ljubuskom-nije-imao-20-godina\\\/#primaryimage\"},\"image\":{\"@id\":\"https:\\\/\\\/radioljubuski.ba\\\/index.php\\\/2023\\\/08\\\/01\\\/colina-imamo-priliku-kakvu-nitko-u-ljubuskom-nije-imao-20-godina\\\/#primaryimage\"},\"thumbnailUrl\":\"https:\\\/\\\/radioljubuski.ba\\\/wp-content\\\/uploads\\\/2023\\\/08\\\/colina-izv.jpg\",\"datePublished\":\"2023-08-01T10:31:14+00:00\",\"dateModified\":\"2023-08-01T10:31:15+00:00\",\"breadcrumb\":{\"@id\":\"https:\\\/\\\/radioljubuski.ba\\\/index.php\\\/2023\\\/08\\\/01\\\/colina-imamo-priliku-kakvu-nitko-u-ljubuskom-nije-imao-20-godina\\\/#breadcrumb\"},\"inLanguage\":\"hr\",\"potentialAction\":[{\"@type\":\"ReadAction\",\"target\":[\"https:\\\/\\\/radioljubuski.ba\\\/index.php\\\/2023\\\/08\\\/01\\\/colina-imamo-priliku-kakvu-nitko-u-ljubuskom-nije-imao-20-godina\\\/\"]}]},{\"@type\":\"ImageObject\",\"inLanguage\":\"hr\",\"@id\":\"https:\\\/\\\/radioljubuski.ba\\\/index.php\\\/2023\\\/08\\\/01\\\/colina-imamo-priliku-kakvu-nitko-u-ljubuskom-nije-imao-20-godina\\\/#primaryimage\",\"url\":\"https:\\\/\\\/radioljubuski.ba\\\/wp-content\\\/uploads\\\/2023\\\/08\\\/colina-izv.jpg\",\"contentUrl\":\"https:\\\/\\\/radioljubuski.ba\\\/wp-content\\\/uploads\\\/2023\\\/08\\\/colina-izv.jpg\",\"width\":600,\"height\":400},{\"@type\":\"BreadcrumbList\",\"@id\":\"https:\\\/\\\/radioljubuski.ba\\\/index.php\\\/2023\\\/08\\\/01\\\/colina-imamo-priliku-kakvu-nitko-u-ljubuskom-nije-imao-20-godina\\\/#breadcrumb\",\"itemListElement\":[{\"@type\":\"ListItem\",\"position\":1,\"name\":\"Po\u010detna stranica\",\"item\":\"https:\\\/\\\/radioljubuski.ba\\\/\"},{\"@type\":\"ListItem\",\"position\":2,\"name\":\"\u010colina: Imamo priliku kakvu nitko u Ljubu\u0161kom nije imao 20 godina\"}]},{\"@type\":\"WebSite\",\"@id\":\"https:\\\/\\\/radioljubuski.ba\\\/#website\",\"url\":\"https:\\\/\\\/radioljubuski.ba\\\/\",\"name\":\"Radio Ljubu\u0161ki\",\"description\":\"Sun\u010dana frekvencija Hercegovine\",\"publisher\":{\"@id\":\"https:\\\/\\\/radioljubuski.ba\\\/#organization\"},\"potentialAction\":[{\"@type\":\"SearchAction\",\"target\":{\"@type\":\"EntryPoint\",\"urlTemplate\":\"https:\\\/\\\/radioljubuski.ba\\\/?s={search_term_string}\"},\"query-input\":{\"@type\":\"PropertyValueSpecification\",\"valueRequired\":true,\"valueName\":\"search_term_string\"}}],\"inLanguage\":\"hr\"},{\"@type\":\"Organization\",\"@id\":\"https:\\\/\\\/radioljubuski.ba\\\/#organization\",\"name\":\"Radio Ljubu\u0161ki\",\"url\":\"https:\\\/\\\/radioljubuski.ba\\\/\",\"logo\":{\"@type\":\"ImageObject\",\"inLanguage\":\"hr\",\"@id\":\"https:\\\/\\\/radioljubuski.ba\\\/#\\\/schema\\\/logo\\\/image\\\/\",\"url\":\"https:\\\/\\\/radioljubuski.ba\\\/wp-content\\\/uploads\\\/2021\\\/02\\\/cropped-Radio_Ljubuski_logo1.jpg\",\"contentUrl\":\"https:\\\/\\\/radioljubuski.ba\\\/wp-content\\\/uploads\\\/2021\\\/02\\\/cropped-Radio_Ljubuski_logo1.jpg\",\"width\":512,\"height\":512,\"caption\":\"Radio Ljubu\u0161ki\"},\"image\":{\"@id\":\"https:\\\/\\\/radioljubuski.ba\\\/#\\\/schema\\\/logo\\\/image\\\/\"},\"sameAs\":[\"https:\\\/\\\/www.facebook.com\\\/Radiio-Ljubuski-1490835324566332\",\"https:\\\/\\\/x.com\\\/radioljubuski\",\"https:\\\/\\\/hr.linkedin.com\\\/company\\\/radio-ljubuski\",\"https:\\\/\\\/www.youtube.com\\\/channel\\\/UCHYaeO_n0Db3tjNGudGpXyw\"]},{\"@type\":\"Person\",\"@id\":\"https:\\\/\\\/radioljubuski.ba\\\/#\\\/schema\\\/person\\\/19fc700381a780f69665d7956c469e3b\",\"name\":\"Radio Ljubu\u0161ki\"}]}<\/script>\n<!-- \/ Yoast SEO plugin. -->","yoast_head_json":{"title":"\u010colina: Imamo priliku kakvu nitko u Ljubu\u0161kom nije imao 20 godina - RADIO LJUBU\u0160KI","robots":{"index":"index","follow":"follow","max-snippet":"max-snippet:-1","max-image-preview":"max-image-preview:large","max-video-preview":"max-video-preview:-1"},"canonical":"https:\/\/radioljubuski.ba\/index.php\/2023\/08\/01\/colina-imamo-priliku-kakvu-nitko-u-ljubuskom-nije-imao-20-godina\/","og_locale":"hr_HR","og_type":"article","og_title":"\u010colina: Imamo priliku kakvu nitko u Ljubu\u0161kom nije imao 20 godina - RADIO LJUBU\u0160KI","og_description":"Posebna motivacija za rukometa\u0161e ljubu\u0161kog Izvi\u0111a\u010da na po\u010detku priprema za novu sezonu je \u010dinjenica da \u0107e igrati grupnu fazu EHF Europske lige. Skupina G s protivnicima kao \u0161to su Fuchse Berlin, Chambery i Dinamo Bukure\u0161t su donijeli dosta zadovoljstva i uzbu\u0111enja me\u0111u \u010dlanove mlade ekipe koja \u0107e tako imati priliku igrati protiv vrhunskih europskih klubova. [&hellip;]","og_url":"https:\/\/radioljubuski.ba\/index.php\/2023\/08\/01\/colina-imamo-priliku-kakvu-nitko-u-ljubuskom-nije-imao-20-godina\/","og_site_name":"RADIO LJUBU\u0160KI","article_publisher":"https:\/\/www.facebook.com\/Radiio-Ljubuski-1490835324566332","article_published_time":"2023-08-01T10:31:14+00:00","article_modified_time":"2023-08-01T10:31:15+00:00","og_image":[{"width":600,"height":400,"url":"https:\/\/radioljubuski.ba\/wp-content\/uploads\/2023\/08\/colina-izv.jpg","type":"image\/jpeg"}],"author":"Radio Ljubu\u0161ki","twitter_card":"summary_large_image","twitter_creator":"@radioljubuski","twitter_site":"@radioljubuski","twitter_misc":{"Napisao\/la":"Radio Ljubu\u0161ki","Procijenjeno vrijeme \u010ditanja":"3 minute"},"schema":{"@context":"https:\/\/schema.org","@graph":[{"@type":"Article","@id":"https:\/\/radioljubuski.ba\/index.php\/2023\/08\/01\/colina-imamo-priliku-kakvu-nitko-u-ljubuskom-nije-imao-20-godina\/#article","isPartOf":{"@id":"https:\/\/radioljubuski.ba\/index.php\/2023\/08\/01\/colina-imamo-priliku-kakvu-nitko-u-ljubuskom-nije-imao-20-godina\/"},"author":{"name":"Radio Ljubu\u0161ki","@id":"https:\/\/radioljubuski.ba\/#\/schema\/person\/19fc700381a780f69665d7956c469e3b"},"headline":"\u010colina: Imamo priliku kakvu nitko u Ljubu\u0161kom nije imao 20 godina","datePublished":"2023-08-01T10:31:14+00:00","dateModified":"2023-08-01T10:31:15+00:00","mainEntityOfPage":{"@id":"https:\/\/radioljubuski.ba\/index.php\/2023\/08\/01\/colina-imamo-priliku-kakvu-nitko-u-ljubuskom-nije-imao-20-godina\/"},"wordCount":542,"publisher":{"@id":"https:\/\/radioljubuski.ba\/#organization"},"image":{"@id":"https:\/\/radioljubuski.ba\/index.php\/2023\/08\/01\/colina-imamo-priliku-kakvu-nitko-u-ljubuskom-nije-imao-20-godina\/#primaryimage"},"thumbnailUrl":"https:\/\/radioljubuski.ba\/wp-content\/uploads\/2023\/08\/colina-izv.jpg","articleSection":["\u0160port"],"inLanguage":"hr"},{"@type":"WebPage","@id":"https:\/\/radioljubuski.ba\/index.php\/2023\/08\/01\/colina-imamo-priliku-kakvu-nitko-u-ljubuskom-nije-imao-20-godina\/","url":"https:\/\/radioljubuski.ba\/index.php\/2023\/08\/01\/colina-imamo-priliku-kakvu-nitko-u-ljubuskom-nije-imao-20-godina\/","name":"\u010colina: Imamo priliku kakvu nitko u Ljubu\u0161kom nije imao 20 godina - RADIO LJUBU\u0160KI","isPartOf":{"@id":"https:\/\/radioljubuski.ba\/#website"},"primaryImageOfPage":{"@id":"https:\/\/radioljubuski.ba\/index.php\/2023\/08\/01\/colina-imamo-priliku-kakvu-nitko-u-ljubuskom-nije-imao-20-godina\/#primaryimage"},"image":{"@id":"https:\/\/radioljubuski.ba\/index.php\/2023\/08\/01\/colina-imamo-priliku-kakvu-nitko-u-ljubuskom-nije-imao-20-godina\/#primaryimage"},"thumbnailUrl":"https:\/\/radioljubuski.ba\/wp-content\/uploads\/2023\/08\/colina-izv.jpg","datePublished":"2023-08-01T10:31:14+00:00","dateModified":"2023-08-01T10:31:15+00:00","breadcrumb":{"@id":"https:\/\/radioljubuski.ba\/index.php\/2023\/08\/01\/colina-imamo-priliku-kakvu-nitko-u-ljubuskom-nije-imao-20-godina\/#breadcrumb"},"inLanguage":"hr","potentialAction":[{"@type":"ReadAction","target":["https:\/\/radioljubuski.ba\/index.php\/2023\/08\/01\/colina-imamo-priliku-kakvu-nitko-u-ljubuskom-nije-imao-20-godina\/"]}]},{"@type":"ImageObject","inLanguage":"hr","@id":"https:\/\/radioljubuski.ba\/index.php\/2023\/08\/01\/colina-imamo-priliku-kakvu-nitko-u-ljubuskom-nije-imao-20-godina\/#primaryimage","url":"https:\/\/radioljubuski.ba\/wp-content\/uploads\/2023\/08\/colina-izv.jpg","contentUrl":"https:\/\/radioljubuski.ba\/wp-content\/uploads\/2023\/08\/colina-izv.jpg","width":600,"height":400},{"@type":"BreadcrumbList","@id":"https:\/\/radioljubuski.ba\/index.php\/2023\/08\/01\/colina-imamo-priliku-kakvu-nitko-u-ljubuskom-nije-imao-20-godina\/#breadcrumb","itemListElement":[{"@type":"ListItem","position":1,"name":"Po\u010detna stranica","item":"https:\/\/radioljubuski.ba\/"},{"@type":"ListItem","position":2,"name":"\u010colina: Imamo priliku kakvu nitko u Ljubu\u0161kom nije imao 20 godina"}]},{"@type":"WebSite","@id":"https:\/\/radioljubuski.ba\/#website","url":"https:\/\/radioljubuski.ba\/","name":"Radio Ljubu\u0161ki","description":"Sun\u010dana frekvencija Hercegovine","publisher":{"@id":"https:\/\/radioljubuski.ba\/#organization"},"potentialAction":[{"@type":"SearchAction","target":{"@type":"EntryPoint","urlTemplate":"https:\/\/radioljubuski.ba\/?s={search_term_string}"},"query-input":{"@type":"PropertyValueSpecification","valueRequired":true,"valueName":"search_term_string"}}],"inLanguage":"hr"},{"@type":"Organization","@id":"https:\/\/radioljubuski.ba\/#organization","name":"Radio Ljubu\u0161ki","url":"https:\/\/radioljubuski.ba\/","logo":{"@type":"ImageObject","inLanguage":"hr","@id":"https:\/\/radioljubuski.ba\/#\/schema\/logo\/image\/","url":"https:\/\/radioljubuski.ba\/wp-content\/uploads\/2021\/02\/cropped-Radio_Ljubuski_logo1.jpg","contentUrl":"https:\/\/radioljubuski.ba\/wp-content\/uploads\/2021\/02\/cropped-Radio_Ljubuski_logo1.jpg","width":512,"height":512,"caption":"Radio Ljubu\u0161ki"},"image":{"@id":"https:\/\/radioljubuski.ba\/#\/schema\/logo\/image\/"},"sameAs":["https:\/\/www.facebook.com\/Radiio-Ljubuski-1490835324566332","https:\/\/x.com\/radioljubuski","https:\/\/hr.linkedin.com\/company\/radio-ljubuski","https:\/\/www.youtube.com\/channel\/UCHYaeO_n0Db3tjNGudGpXyw"]},{"@type":"Person","@id":"https:\/\/radioljubuski.ba\/#\/schema\/person\/19fc700381a780f69665d7956c469e3b","name":"Radio Ljubu\u0161ki"}]}},"_links":{"self":[{"href":"https:\/\/radioljubuski.ba\/index.php\/wp-json\/wp\/v2\/posts\/193666","targetHints":{"allow":["GET"]}}],"collection":[{"href":"https:\/\/radioljubuski.ba\/index.php\/wp-json\/wp\/v2\/posts"}],"about":[{"href":"https:\/\/radioljubuski.ba\/index.php\/wp-json\/wp\/v2\/types\/post"}],"author":[{"embeddable":true,"href":"https:\/\/radioljubuski.ba\/index.php\/wp-json\/wp\/v2\/users\/2"}],"replies":[{"embeddable":true,"href":"https:\/\/radioljubuski.ba\/index.php\/wp-json\/wp\/v2\/comments?post=193666"}],"version-history":[{"count":1,"href":"https:\/\/radioljubuski.ba\/index.php\/wp-json\/wp\/v2\/posts\/193666\/revisions"}],"predecessor-version":[{"id":193668,"href":"https:\/\/radioljubuski.ba\/index.php\/wp-json\/wp\/v2\/posts\/193666\/revisions\/193668"}],"wp:featuredmedia":[{"embeddable":true,"href":"https:\/\/radioljubuski.ba\/index.php\/wp-json\/wp\/v2\/media\/193667"}],"wp:attachment":[{"href":"https:\/\/radioljubuski.ba\/index.php\/wp-json\/wp\/v2\/media?parent=193666"}],"wp:term":[{"taxonomy":"category","embeddable":true,"href":"https:\/\/radioljubuski.ba\/index.php\/wp-json\/wp\/v2\/categories?post=193666"},{"taxonomy":"post_tag","embeddable":true,"href":"https:\/\/radioljubuski.ba\/index.php\/wp-json\/wp\/v2\/tags?post=193666"}],"curies":[{"name":"wp","href":"https:\/\/api.w.org\/{rel}","templated":true}]}}