{"id":19370,"date":"2021-05-07T16:32:48","date_gmt":"2021-05-07T15:32:48","guid":{"rendered":"https:\/\/radioljubuski.ba\/?p=19370"},"modified":"2021-05-07T16:32:49","modified_gmt":"2021-05-07T15:32:49","slug":"srica-nedopustivo-je-uopce-pomisljati-skidati-maske-u-lipnju-moguce-i-trece-docjepljivanje","status":"publish","type":"post","link":"https:\/\/radioljubuski.ba\/index.php\/2021\/05\/07\/srica-nedopustivo-je-uopce-pomisljati-skidati-maske-u-lipnju-moguce-i-trece-docjepljivanje\/","title":{"rendered":"Sri\u0107a: Nedopustivo je uop\u0107e pomi\u0161ljati skidati maske u lipnju, mogu\u0107e i tre\u0107e docjepljivanje"},"content":{"rendered":"\n<p><strong>Stanje u KB-u Dubrava prili\u010dno je dinami\u010dno, broj je manji nego proteklih tjedana, ali je broj novoprimljenih hospitaliziranih izme\u0111u 30 ili 40 pacijenata. Otpu\u0161tamo upola manje. Stanje je jo\u0161 uvijek prili\u010dno \u017eestoko, puno se radi i ne mo\u017eemo govoriti da smo zavr\u0161ili tre\u0107i val, mo\u017eemo re\u0107i da idemo prema nekom platou i da mogu\u0107e idemo prema kraju, ali da smo ga pobijedili, to jo\u0161 uvijek ne mo\u017eemo re\u0107i, istaknuo je pulmolog Sa\u0161a Sri\u0107a u Studiju 4 HTV-a.<\/strong><\/p>\n\n\n\n<p><a href=\"https:\/\/vijesti.hrt.hr\/hrvatska\/koronavirus-cekaju-se-novi-podaci-1694818\"><br><\/a><\/p>\n\n\n\n<p>Ako \u0107e broj novozara\u017eenih padati, mo\u017eemo o\u010dekivati da \u0107e u sljede\u0107a dva, tri tjedna broj hospitaliziranih i preminulih biti manji, dodaje.<br><br><strong>U tre\u0107em valu najprisutniji britanski soj<\/strong><br><br>&#8211; U ovom tre\u0107em valu najprisutniji je tzv. britanski soj koji poga\u0111a svu populaciju, tako i mla\u0111e bez ikakvih bolesti, dobrog zdravlja. I ono \u0161to je specifi\u010dno je da se pacijent prakti\u010dno u pola sata respiratorno &#8220;uru\u0161ava&#8221; i premje\u0161ta u jedinice intenzivnog lije\u010denja, ka\u017ee.<\/p>\n\n\n\n<h3 class=\"wp-block-heading\"><em>\u201c<\/em><em>Jedan od simptoma je brzo pogor\u0161avaju\u0107a zaduha. Drugi simptomi su sli\u010dni, povi\u0161ena tjelesna temperatura, ka\u0161alj, gubitak okusa, mirisa, ali razvijaju i akutne mo\u017edane udare, \u0161to je u\u010destalije nego \u0161to je to bilo u prethodnim valovima. Nagle smrti javljaju se kao posljedica plu\u0107ne embolije, stavljaju ih na lijek heparin koji sprje\u010dava stvaranje krvnih ugru\u0161aka.\u201d<\/em><\/h3>\n\n\n\n<h3 class=\"wp-block-heading\"><em>Sa\u0161a Sri\u0107a<\/em><\/h3>\n\n\n\n<p>Zbog brojeva koji \u0107e imati trend opadanja i ljeta koje je pred nama mo\u017ee se dogoditi da padne interes za cijepljenje, rekao je. I dalje je cilj cijepiti populaciju do 55% ili 60%. Sada je procijepljenost oko 20% s prvom dozom cjepiva.<br><br><strong>&#8220;COVID putovnice nisu diskriminacija&#8221;<\/strong><strong><br><br><\/strong>COVID putovnice ne smatra diskriminatornima.<br><br>&#8211; To je \u010dinjeni\u010dno i vrlo bitno &#8211; da oni koji su cijepljeni mogu putovati, a oni koji se ne\u0107e cijepiti, ne\u0107e imati tu mogu\u0107nost. COVID putovnice mo\u0107i \u0107e se izra\u0111ivati u onom trenutku kada svi koji su zainteresirani mogu biti procijepljeni. Rizik obolijevanja od COVID-a znatno je ve\u0107i od nuspojava, treba se cijepiti prvim dostupnim cjepivom. Rizik od tromboembolijskog incidenta je 0,045, dok je rizik kada se oboli od koronavirusa za dobivanje bilo kojeg incidenta &#8211; golem.<br><br><strong>&#8220;\u010cetvrti val ne mo\u017eemo isklju\u010diti&#8221;<\/strong><strong><br><\/strong><br>Strahuje li od reprize najesen? Sri\u0107a ka\u017ee da \u017eeli vjerovati da je ne\u0107emo imati, ali da \u010detvrti val ne mo\u017eemo isklju\u010diti. Bolest nema sezonalni karakter, a mogu\u0107e je i tre\u0107e docjepljivanje, dodaje.<br><br>&#8211; Kada sam \u010duo u javnom prostoru da \u0107emo u \u0161estom mjesecu skidati maske, to je nedopustivo uop\u0107e pomi\u0161ljati, a kamoli o tome razgovarati. Naravno sve ovisi o tome ho\u0107e li biti mutacija, ali i ova cjepiva \u0161tite od smrti, rekao je.<br><br>Vezano za turisti\u010dku sezonu, nije &#8211; ka\u017ee &#8211; pretjerano optimisti\u010dan. \u0160to se ti\u010de ekonomije, ka\u017ee da razumije da su ljudi \u017eeljni rada, ali nije vrijeme da se mjere ubla\u017eavaju.<br><br>&#8211; U ovom periodu je sklizak teren. I 1. lipnja po meni je prerani trenutak, ka\u017ee.<\/p>\n\n\n\n<p>Izvor:hrt.hr<\/p>\n","protected":false},"excerpt":{"rendered":"<p>Stanje u KB-u Dubrava prili\u010dno je dinami\u010dno, broj je manji nego proteklih tjedana, ali je broj novoprimljenih hospitaliziranih izme\u0111u 30 ili 40 pacijenata. Otpu\u0161tamo upola manje. Stanje je jo\u0161 uvijek prili\u010dno \u017eestoko, puno se radi i ne mo\u017eemo govoriti da smo zavr\u0161ili tre\u0107i val, mo\u017eemo re\u0107i da idemo prema nekom platou i da mogu\u0107e idemo [&hellip;]<\/p>\n","protected":false},"author":2,"featured_media":19371,"comment_status":"closed","ping_status":"closed","sticky":false,"template":"","format":"standard","meta":{"h5ap_radio_sources":[],"footnotes":""},"categories":[1],"tags":[],"class_list":["post-19370","post","type-post","status-publish","format-standard","has-post-thumbnail","hentry","category-bihiregija"],"yoast_head":"<!-- This site is optimized with the Yoast SEO plugin v27.5 - https:\/\/yoast.com\/product\/yoast-seo-wordpress\/ -->\n<title>Sri\u0107a: Nedopustivo je uop\u0107e pomi\u0161ljati skidati maske u lipnju, mogu\u0107e i tre\u0107e docjepljivanje - RADIO LJUBU\u0160KI<\/title>\n<meta name=\"robots\" content=\"index, follow, max-snippet:-1, max-image-preview:large, max-video-preview:-1\" \/>\n<link rel=\"canonical\" href=\"https:\/\/radioljubuski.ba\/index.php\/2021\/05\/07\/srica-nedopustivo-je-uopce-pomisljati-skidati-maske-u-lipnju-moguce-i-trece-docjepljivanje\/\" \/>\n<meta property=\"og:locale\" content=\"hr_HR\" \/>\n<meta property=\"og:type\" content=\"article\" \/>\n<meta property=\"og:title\" content=\"Sri\u0107a: Nedopustivo je uop\u0107e pomi\u0161ljati skidati maske u lipnju, mogu\u0107e i tre\u0107e docjepljivanje - RADIO LJUBU\u0160KI\" \/>\n<meta property=\"og:description\" content=\"Stanje u KB-u Dubrava prili\u010dno je dinami\u010dno, broj je manji nego proteklih tjedana, ali je broj novoprimljenih hospitaliziranih izme\u0111u 30 ili 40 pacijenata. Otpu\u0161tamo upola manje. Stanje je jo\u0161 uvijek prili\u010dno \u017eestoko, puno se radi i ne mo\u017eemo govoriti da smo zavr\u0161ili tre\u0107i val, mo\u017eemo re\u0107i da idemo prema nekom platou i da mogu\u0107e idemo [&hellip;]\" \/>\n<meta property=\"og:url\" content=\"https:\/\/radioljubuski.ba\/index.php\/2021\/05\/07\/srica-nedopustivo-je-uopce-pomisljati-skidati-maske-u-lipnju-moguce-i-trece-docjepljivanje\/\" \/>\n<meta property=\"og:site_name\" content=\"RADIO LJUBU\u0160KI\" \/>\n<meta property=\"article:publisher\" content=\"https:\/\/www.facebook.com\/Radiio-Ljubuski-1490835324566332\" \/>\n<meta property=\"article:published_time\" content=\"2021-05-07T15:32:48+00:00\" \/>\n<meta property=\"article:modified_time\" content=\"2021-05-07T15:32:49+00:00\" \/>\n<meta property=\"og:image\" content=\"https:\/\/radioljubuski.ba\/wp-content\/uploads\/2021\/05\/sasa-srica.jpg\" \/>\n\t<meta property=\"og:image:width\" content=\"951\" \/>\n\t<meta property=\"og:image:height\" content=\"557\" \/>\n\t<meta property=\"og:image:type\" content=\"image\/jpeg\" \/>\n<meta name=\"author\" content=\"Radio Ljubu\u0161ki\" \/>\n<meta name=\"twitter:card\" content=\"summary_large_image\" \/>\n<meta name=\"twitter:creator\" content=\"@radioljubuski\" \/>\n<meta name=\"twitter:site\" content=\"@radioljubuski\" \/>\n<meta name=\"twitter:label1\" content=\"Napisao\/la\" \/>\n\t<meta name=\"twitter:data1\" content=\"Radio Ljubu\u0161ki\" \/>\n\t<meta name=\"twitter:label2\" content=\"Procijenjeno vrijeme \u010ditanja\" \/>\n\t<meta name=\"twitter:data2\" content=\"2 minute\" \/>\n<script type=\"application\/ld+json\" class=\"yoast-schema-graph\">{\"@context\":\"https:\\\/\\\/schema.org\",\"@graph\":[{\"@type\":\"Article\",\"@id\":\"https:\\\/\\\/radioljubuski.ba\\\/index.php\\\/2021\\\/05\\\/07\\\/srica-nedopustivo-je-uopce-pomisljati-skidati-maske-u-lipnju-moguce-i-trece-docjepljivanje\\\/#article\",\"isPartOf\":{\"@id\":\"https:\\\/\\\/radioljubuski.ba\\\/index.php\\\/2021\\\/05\\\/07\\\/srica-nedopustivo-je-uopce-pomisljati-skidati-maske-u-lipnju-moguce-i-trece-docjepljivanje\\\/\"},\"author\":{\"name\":\"Radio Ljubu\u0161ki\",\"@id\":\"https:\\\/\\\/radioljubuski.ba\\\/#\\\/schema\\\/person\\\/19fc700381a780f69665d7956c469e3b\"},\"headline\":\"Sri\u0107a: Nedopustivo je uop\u0107e pomi\u0161ljati skidati maske u lipnju, mogu\u0107e i tre\u0107e docjepljivanje\",\"datePublished\":\"2021-05-07T15:32:48+00:00\",\"dateModified\":\"2021-05-07T15:32:49+00:00\",\"mainEntityOfPage\":{\"@id\":\"https:\\\/\\\/radioljubuski.ba\\\/index.php\\\/2021\\\/05\\\/07\\\/srica-nedopustivo-je-uopce-pomisljati-skidati-maske-u-lipnju-moguce-i-trece-docjepljivanje\\\/\"},\"wordCount\":537,\"publisher\":{\"@id\":\"https:\\\/\\\/radioljubuski.ba\\\/#organization\"},\"image\":{\"@id\":\"https:\\\/\\\/radioljubuski.ba\\\/index.php\\\/2021\\\/05\\\/07\\\/srica-nedopustivo-je-uopce-pomisljati-skidati-maske-u-lipnju-moguce-i-trece-docjepljivanje\\\/#primaryimage\"},\"thumbnailUrl\":\"https:\\\/\\\/radioljubuski.ba\\\/wp-content\\\/uploads\\\/2021\\\/05\\\/sasa-srica.jpg\",\"articleSection\":[\"BIH i regija\"],\"inLanguage\":\"hr\"},{\"@type\":\"WebPage\",\"@id\":\"https:\\\/\\\/radioljubuski.ba\\\/index.php\\\/2021\\\/05\\\/07\\\/srica-nedopustivo-je-uopce-pomisljati-skidati-maske-u-lipnju-moguce-i-trece-docjepljivanje\\\/\",\"url\":\"https:\\\/\\\/radioljubuski.ba\\\/index.php\\\/2021\\\/05\\\/07\\\/srica-nedopustivo-je-uopce-pomisljati-skidati-maske-u-lipnju-moguce-i-trece-docjepljivanje\\\/\",\"name\":\"Sri\u0107a: Nedopustivo je uop\u0107e pomi\u0161ljati skidati maske u lipnju, mogu\u0107e i tre\u0107e docjepljivanje - RADIO LJUBU\u0160KI\",\"isPartOf\":{\"@id\":\"https:\\\/\\\/radioljubuski.ba\\\/#website\"},\"primaryImageOfPage\":{\"@id\":\"https:\\\/\\\/radioljubuski.ba\\\/index.php\\\/2021\\\/05\\\/07\\\/srica-nedopustivo-je-uopce-pomisljati-skidati-maske-u-lipnju-moguce-i-trece-docjepljivanje\\\/#primaryimage\"},\"image\":{\"@id\":\"https:\\\/\\\/radioljubuski.ba\\\/index.php\\\/2021\\\/05\\\/07\\\/srica-nedopustivo-je-uopce-pomisljati-skidati-maske-u-lipnju-moguce-i-trece-docjepljivanje\\\/#primaryimage\"},\"thumbnailUrl\":\"https:\\\/\\\/radioljubuski.ba\\\/wp-content\\\/uploads\\\/2021\\\/05\\\/sasa-srica.jpg\",\"datePublished\":\"2021-05-07T15:32:48+00:00\",\"dateModified\":\"2021-05-07T15:32:49+00:00\",\"breadcrumb\":{\"@id\":\"https:\\\/\\\/radioljubuski.ba\\\/index.php\\\/2021\\\/05\\\/07\\\/srica-nedopustivo-je-uopce-pomisljati-skidati-maske-u-lipnju-moguce-i-trece-docjepljivanje\\\/#breadcrumb\"},\"inLanguage\":\"hr\",\"potentialAction\":[{\"@type\":\"ReadAction\",\"target\":[\"https:\\\/\\\/radioljubuski.ba\\\/index.php\\\/2021\\\/05\\\/07\\\/srica-nedopustivo-je-uopce-pomisljati-skidati-maske-u-lipnju-moguce-i-trece-docjepljivanje\\\/\"]}]},{\"@type\":\"ImageObject\",\"inLanguage\":\"hr\",\"@id\":\"https:\\\/\\\/radioljubuski.ba\\\/index.php\\\/2021\\\/05\\\/07\\\/srica-nedopustivo-je-uopce-pomisljati-skidati-maske-u-lipnju-moguce-i-trece-docjepljivanje\\\/#primaryimage\",\"url\":\"https:\\\/\\\/radioljubuski.ba\\\/wp-content\\\/uploads\\\/2021\\\/05\\\/sasa-srica.jpg\",\"contentUrl\":\"https:\\\/\\\/radioljubuski.ba\\\/wp-content\\\/uploads\\\/2021\\\/05\\\/sasa-srica.jpg\",\"width\":951,\"height\":557},{\"@type\":\"BreadcrumbList\",\"@id\":\"https:\\\/\\\/radioljubuski.ba\\\/index.php\\\/2021\\\/05\\\/07\\\/srica-nedopustivo-je-uopce-pomisljati-skidati-maske-u-lipnju-moguce-i-trece-docjepljivanje\\\/#breadcrumb\",\"itemListElement\":[{\"@type\":\"ListItem\",\"position\":1,\"name\":\"Po\u010detna stranica\",\"item\":\"https:\\\/\\\/radioljubuski.ba\\\/\"},{\"@type\":\"ListItem\",\"position\":2,\"name\":\"Sri\u0107a: Nedopustivo je uop\u0107e pomi\u0161ljati skidati maske u lipnju, mogu\u0107e i tre\u0107e docjepljivanje\"}]},{\"@type\":\"WebSite\",\"@id\":\"https:\\\/\\\/radioljubuski.ba\\\/#website\",\"url\":\"https:\\\/\\\/radioljubuski.ba\\\/\",\"name\":\"Radio Ljubu\u0161ki\",\"description\":\"Sun\u010dana frekvencija Hercegovine\",\"publisher\":{\"@id\":\"https:\\\/\\\/radioljubuski.ba\\\/#organization\"},\"potentialAction\":[{\"@type\":\"SearchAction\",\"target\":{\"@type\":\"EntryPoint\",\"urlTemplate\":\"https:\\\/\\\/radioljubuski.ba\\\/?s={search_term_string}\"},\"query-input\":{\"@type\":\"PropertyValueSpecification\",\"valueRequired\":true,\"valueName\":\"search_term_string\"}}],\"inLanguage\":\"hr\"},{\"@type\":\"Organization\",\"@id\":\"https:\\\/\\\/radioljubuski.ba\\\/#organization\",\"name\":\"Radio Ljubu\u0161ki\",\"url\":\"https:\\\/\\\/radioljubuski.ba\\\/\",\"logo\":{\"@type\":\"ImageObject\",\"inLanguage\":\"hr\",\"@id\":\"https:\\\/\\\/radioljubuski.ba\\\/#\\\/schema\\\/logo\\\/image\\\/\",\"url\":\"https:\\\/\\\/radioljubuski.ba\\\/wp-content\\\/uploads\\\/2021\\\/02\\\/cropped-Radio_Ljubuski_logo1.jpg\",\"contentUrl\":\"https:\\\/\\\/radioljubuski.ba\\\/wp-content\\\/uploads\\\/2021\\\/02\\\/cropped-Radio_Ljubuski_logo1.jpg\",\"width\":512,\"height\":512,\"caption\":\"Radio Ljubu\u0161ki\"},\"image\":{\"@id\":\"https:\\\/\\\/radioljubuski.ba\\\/#\\\/schema\\\/logo\\\/image\\\/\"},\"sameAs\":[\"https:\\\/\\\/www.facebook.com\\\/Radiio-Ljubuski-1490835324566332\",\"https:\\\/\\\/x.com\\\/radioljubuski\",\"https:\\\/\\\/hr.linkedin.com\\\/company\\\/radio-ljubuski\",\"https:\\\/\\\/www.youtube.com\\\/channel\\\/UCHYaeO_n0Db3tjNGudGpXyw\"]},{\"@type\":\"Person\",\"@id\":\"https:\\\/\\\/radioljubuski.ba\\\/#\\\/schema\\\/person\\\/19fc700381a780f69665d7956c469e3b\",\"name\":\"Radio Ljubu\u0161ki\"}]}<\/script>\n<!-- \/ Yoast SEO plugin. -->","yoast_head_json":{"title":"Sri\u0107a: Nedopustivo je uop\u0107e pomi\u0161ljati skidati maske u lipnju, mogu\u0107e i tre\u0107e docjepljivanje - RADIO LJUBU\u0160KI","robots":{"index":"index","follow":"follow","max-snippet":"max-snippet:-1","max-image-preview":"max-image-preview:large","max-video-preview":"max-video-preview:-1"},"canonical":"https:\/\/radioljubuski.ba\/index.php\/2021\/05\/07\/srica-nedopustivo-je-uopce-pomisljati-skidati-maske-u-lipnju-moguce-i-trece-docjepljivanje\/","og_locale":"hr_HR","og_type":"article","og_title":"Sri\u0107a: Nedopustivo je uop\u0107e pomi\u0161ljati skidati maske u lipnju, mogu\u0107e i tre\u0107e docjepljivanje - RADIO LJUBU\u0160KI","og_description":"Stanje u KB-u Dubrava prili\u010dno je dinami\u010dno, broj je manji nego proteklih tjedana, ali je broj novoprimljenih hospitaliziranih izme\u0111u 30 ili 40 pacijenata. Otpu\u0161tamo upola manje. Stanje je jo\u0161 uvijek prili\u010dno \u017eestoko, puno se radi i ne mo\u017eemo govoriti da smo zavr\u0161ili tre\u0107i val, mo\u017eemo re\u0107i da idemo prema nekom platou i da mogu\u0107e idemo [&hellip;]","og_url":"https:\/\/radioljubuski.ba\/index.php\/2021\/05\/07\/srica-nedopustivo-je-uopce-pomisljati-skidati-maske-u-lipnju-moguce-i-trece-docjepljivanje\/","og_site_name":"RADIO LJUBU\u0160KI","article_publisher":"https:\/\/www.facebook.com\/Radiio-Ljubuski-1490835324566332","article_published_time":"2021-05-07T15:32:48+00:00","article_modified_time":"2021-05-07T15:32:49+00:00","og_image":[{"width":951,"height":557,"url":"https:\/\/radioljubuski.ba\/wp-content\/uploads\/2021\/05\/sasa-srica.jpg","type":"image\/jpeg"}],"author":"Radio Ljubu\u0161ki","twitter_card":"summary_large_image","twitter_creator":"@radioljubuski","twitter_site":"@radioljubuski","twitter_misc":{"Napisao\/la":"Radio Ljubu\u0161ki","Procijenjeno vrijeme \u010ditanja":"2 minute"},"schema":{"@context":"https:\/\/schema.org","@graph":[{"@type":"Article","@id":"https:\/\/radioljubuski.ba\/index.php\/2021\/05\/07\/srica-nedopustivo-je-uopce-pomisljati-skidati-maske-u-lipnju-moguce-i-trece-docjepljivanje\/#article","isPartOf":{"@id":"https:\/\/radioljubuski.ba\/index.php\/2021\/05\/07\/srica-nedopustivo-je-uopce-pomisljati-skidati-maske-u-lipnju-moguce-i-trece-docjepljivanje\/"},"author":{"name":"Radio Ljubu\u0161ki","@id":"https:\/\/radioljubuski.ba\/#\/schema\/person\/19fc700381a780f69665d7956c469e3b"},"headline":"Sri\u0107a: Nedopustivo je uop\u0107e pomi\u0161ljati skidati maske u lipnju, mogu\u0107e i tre\u0107e docjepljivanje","datePublished":"2021-05-07T15:32:48+00:00","dateModified":"2021-05-07T15:32:49+00:00","mainEntityOfPage":{"@id":"https:\/\/radioljubuski.ba\/index.php\/2021\/05\/07\/srica-nedopustivo-je-uopce-pomisljati-skidati-maske-u-lipnju-moguce-i-trece-docjepljivanje\/"},"wordCount":537,"publisher":{"@id":"https:\/\/radioljubuski.ba\/#organization"},"image":{"@id":"https:\/\/radioljubuski.ba\/index.php\/2021\/05\/07\/srica-nedopustivo-je-uopce-pomisljati-skidati-maske-u-lipnju-moguce-i-trece-docjepljivanje\/#primaryimage"},"thumbnailUrl":"https:\/\/radioljubuski.ba\/wp-content\/uploads\/2021\/05\/sasa-srica.jpg","articleSection":["BIH i regija"],"inLanguage":"hr"},{"@type":"WebPage","@id":"https:\/\/radioljubuski.ba\/index.php\/2021\/05\/07\/srica-nedopustivo-je-uopce-pomisljati-skidati-maske-u-lipnju-moguce-i-trece-docjepljivanje\/","url":"https:\/\/radioljubuski.ba\/index.php\/2021\/05\/07\/srica-nedopustivo-je-uopce-pomisljati-skidati-maske-u-lipnju-moguce-i-trece-docjepljivanje\/","name":"Sri\u0107a: Nedopustivo je uop\u0107e pomi\u0161ljati skidati maske u lipnju, mogu\u0107e i tre\u0107e docjepljivanje - RADIO LJUBU\u0160KI","isPartOf":{"@id":"https:\/\/radioljubuski.ba\/#website"},"primaryImageOfPage":{"@id":"https:\/\/radioljubuski.ba\/index.php\/2021\/05\/07\/srica-nedopustivo-je-uopce-pomisljati-skidati-maske-u-lipnju-moguce-i-trece-docjepljivanje\/#primaryimage"},"image":{"@id":"https:\/\/radioljubuski.ba\/index.php\/2021\/05\/07\/srica-nedopustivo-je-uopce-pomisljati-skidati-maske-u-lipnju-moguce-i-trece-docjepljivanje\/#primaryimage"},"thumbnailUrl":"https:\/\/radioljubuski.ba\/wp-content\/uploads\/2021\/05\/sasa-srica.jpg","datePublished":"2021-05-07T15:32:48+00:00","dateModified":"2021-05-07T15:32:49+00:00","breadcrumb":{"@id":"https:\/\/radioljubuski.ba\/index.php\/2021\/05\/07\/srica-nedopustivo-je-uopce-pomisljati-skidati-maske-u-lipnju-moguce-i-trece-docjepljivanje\/#breadcrumb"},"inLanguage":"hr","potentialAction":[{"@type":"ReadAction","target":["https:\/\/radioljubuski.ba\/index.php\/2021\/05\/07\/srica-nedopustivo-je-uopce-pomisljati-skidati-maske-u-lipnju-moguce-i-trece-docjepljivanje\/"]}]},{"@type":"ImageObject","inLanguage":"hr","@id":"https:\/\/radioljubuski.ba\/index.php\/2021\/05\/07\/srica-nedopustivo-je-uopce-pomisljati-skidati-maske-u-lipnju-moguce-i-trece-docjepljivanje\/#primaryimage","url":"https:\/\/radioljubuski.ba\/wp-content\/uploads\/2021\/05\/sasa-srica.jpg","contentUrl":"https:\/\/radioljubuski.ba\/wp-content\/uploads\/2021\/05\/sasa-srica.jpg","width":951,"height":557},{"@type":"BreadcrumbList","@id":"https:\/\/radioljubuski.ba\/index.php\/2021\/05\/07\/srica-nedopustivo-je-uopce-pomisljati-skidati-maske-u-lipnju-moguce-i-trece-docjepljivanje\/#breadcrumb","itemListElement":[{"@type":"ListItem","position":1,"name":"Po\u010detna stranica","item":"https:\/\/radioljubuski.ba\/"},{"@type":"ListItem","position":2,"name":"Sri\u0107a: Nedopustivo je uop\u0107e pomi\u0161ljati skidati maske u lipnju, mogu\u0107e i tre\u0107e docjepljivanje"}]},{"@type":"WebSite","@id":"https:\/\/radioljubuski.ba\/#website","url":"https:\/\/radioljubuski.ba\/","name":"Radio Ljubu\u0161ki","description":"Sun\u010dana frekvencija Hercegovine","publisher":{"@id":"https:\/\/radioljubuski.ba\/#organization"},"potentialAction":[{"@type":"SearchAction","target":{"@type":"EntryPoint","urlTemplate":"https:\/\/radioljubuski.ba\/?s={search_term_string}"},"query-input":{"@type":"PropertyValueSpecification","valueRequired":true,"valueName":"search_term_string"}}],"inLanguage":"hr"},{"@type":"Organization","@id":"https:\/\/radioljubuski.ba\/#organization","name":"Radio Ljubu\u0161ki","url":"https:\/\/radioljubuski.ba\/","logo":{"@type":"ImageObject","inLanguage":"hr","@id":"https:\/\/radioljubuski.ba\/#\/schema\/logo\/image\/","url":"https:\/\/radioljubuski.ba\/wp-content\/uploads\/2021\/02\/cropped-Radio_Ljubuski_logo1.jpg","contentUrl":"https:\/\/radioljubuski.ba\/wp-content\/uploads\/2021\/02\/cropped-Radio_Ljubuski_logo1.jpg","width":512,"height":512,"caption":"Radio Ljubu\u0161ki"},"image":{"@id":"https:\/\/radioljubuski.ba\/#\/schema\/logo\/image\/"},"sameAs":["https:\/\/www.facebook.com\/Radiio-Ljubuski-1490835324566332","https:\/\/x.com\/radioljubuski","https:\/\/hr.linkedin.com\/company\/radio-ljubuski","https:\/\/www.youtube.com\/channel\/UCHYaeO_n0Db3tjNGudGpXyw"]},{"@type":"Person","@id":"https:\/\/radioljubuski.ba\/#\/schema\/person\/19fc700381a780f69665d7956c469e3b","name":"Radio Ljubu\u0161ki"}]}},"_links":{"self":[{"href":"https:\/\/radioljubuski.ba\/index.php\/wp-json\/wp\/v2\/posts\/19370","targetHints":{"allow":["GET"]}}],"collection":[{"href":"https:\/\/radioljubuski.ba\/index.php\/wp-json\/wp\/v2\/posts"}],"about":[{"href":"https:\/\/radioljubuski.ba\/index.php\/wp-json\/wp\/v2\/types\/post"}],"author":[{"embeddable":true,"href":"https:\/\/radioljubuski.ba\/index.php\/wp-json\/wp\/v2\/users\/2"}],"replies":[{"embeddable":true,"href":"https:\/\/radioljubuski.ba\/index.php\/wp-json\/wp\/v2\/comments?post=19370"}],"version-history":[{"count":1,"href":"https:\/\/radioljubuski.ba\/index.php\/wp-json\/wp\/v2\/posts\/19370\/revisions"}],"predecessor-version":[{"id":19372,"href":"https:\/\/radioljubuski.ba\/index.php\/wp-json\/wp\/v2\/posts\/19370\/revisions\/19372"}],"wp:featuredmedia":[{"embeddable":true,"href":"https:\/\/radioljubuski.ba\/index.php\/wp-json\/wp\/v2\/media\/19371"}],"wp:attachment":[{"href":"https:\/\/radioljubuski.ba\/index.php\/wp-json\/wp\/v2\/media?parent=19370"}],"wp:term":[{"taxonomy":"category","embeddable":true,"href":"https:\/\/radioljubuski.ba\/index.php\/wp-json\/wp\/v2\/categories?post=19370"},{"taxonomy":"post_tag","embeddable":true,"href":"https:\/\/radioljubuski.ba\/index.php\/wp-json\/wp\/v2\/tags?post=19370"}],"curies":[{"name":"wp","href":"https:\/\/api.w.org\/{rel}","templated":true}]}}