{"id":19373,"date":"2021-05-07T16:35:35","date_gmt":"2021-05-07T15:35:35","guid":{"rendered":"https:\/\/radioljubuski.ba\/?p=19373"},"modified":"2021-05-07T16:35:36","modified_gmt":"2021-05-07T15:35:36","slug":"fra-blazevic-izgradena-sluzbeno-prva-kuca-nakon-potresa-s-250-dokumenata","status":"publish","type":"post","link":"https:\/\/radioljubuski.ba\/index.php\/2021\/05\/07\/fra-blazevic-izgradena-sluzbeno-prva-kuca-nakon-potresa-s-250-dokumenata\/","title":{"rendered":"Fra Bla\u017eevi\u0107: Izgra\u0111ena slu\u017ebeno prva ku\u0107a nakon potresa, s 250 dokumenata"},"content":{"rendered":"\n<p><strong>Nakon razornog potresa na Banovini, dignuo je Austriju na noge, deset biskupija, deset zemaljskih vlada i pokrenuo projekt &#8220;Krov za Hrvatsku&#8221;. On je \u017deljezanski biskup Egidije \u017divkovi\u0107. \u017delio je ka\u017ee, trajno pomo\u0107i ljudima da \u017eive u novom domu. Tako su gradi\u0161\u0107anski Hrvati, to\u010dnije dru\u0161tvo &#8220;Hrvat S.A.M.&#8221;, povezali austrijsku i hrvatsku Vladu, te Katoli\u010dku Crkvu u humanitarnoj akciji i po\u010deli izgradnju 20 modularnih ku\u0107a koje kako ka\u017eu, mogu izdr\u017eati potrese&nbsp; i od 10 stupnjeva po Richteru.&nbsp;<\/strong><\/p>\n\n\n\n<p>&#8211; Ideja se rodila u vremenu nakon potresa kako bi stvarno mogli ljudima pomo\u0107i koji su nastradali i ja sam \u017eelio pomo\u0107i da to bude trajna pomo\u0107, a ne da to bude samo humanitarno s hranom i odje\u0107om, nego da ljudi i obitelji mogu \u017eivjeti u novoj ku\u0107i u novom domu. Pokrenuli smo projekt s hrvatskom Vladom, gradom Zagrebom, kao i Caritasom zagreba\u010dke nadbiskupije, rekao je biskup mons.&nbsp;<strong>Egidije \u017divkovi\u0107<\/strong>.<br><br>&#8211; Ovo je druga od 20 ku\u0107a, jednu smo napravili u roku od sedam dana, modularnu drvenu ku\u0107u za obitelj Divi\u0107 Brajkovi\u0107. Namjeravamo napraviti 20 ku\u0107a, ne samo u \u010cu\u010derju i zagreba\u010dkoj \u017eupaniji i gradu Zagrebu, nego i jo\u0161 nekoliko na Banovini, istaknuo je predsjednik zagreba\u010dke podru\u017enice Udruge Hrvat S.A.M fra.&nbsp;<strong>Bo\u017eidar Bla\u017eevi\u0107<\/strong>.<\/p>\n\n\n\n<h3 class=\"wp-block-heading\"><em>\u201c<\/em><em>Nama se raspuklo srce kad smo vidjeli raspuknute zidove crkve, \u017eupnog dvora i obiteljskih ku\u0107a.\u201d<\/em><\/h3>\n\n\n\n<h3 class=\"wp-block-heading\"><em>fra. Bo\u017eidar Bla\u017eevi\u0107<\/em><\/h3>\n\n\n\n<p>Ovo su ka\u017ee Bla\u017eevi\u0107, izuzetno kvalitetne ku\u0107e, na\u017ealost, rekao bih mo\u017ee se cijeli Zagreb sru\u0161iti, ova se ku\u0107a ne\u0107e sru\u0161iti, jer trpi potres od 10 stupnjeva.<br><br>&#8211; Izuzetno je kvalitetna i toplinski i izgledom, a isto tako \u0161to se ti\u010de sigurnosti. Uz to, gradili smo ku\u0107u po potrebi i zakonu hrvatske dr\u017eave od 85 kvadratnih metara za obitelji s pet i vi\u0161e \u010dlanova.<\/p>\n\n\n\n<p>&#8211; Nama se raspuklo srce kad smo vidjeli raspuknute zidove crkve, \u017eupnog dvora i obiteljskih ku\u0107a. Iz tih razloga biskup je pokrenuo akciju, uklju\u010dio deset biskupija, deset zemaljskih vlada, pokrenuo je cijelu Austriju na noge, a partnere smo na\u0161li na na\u0161u radost u ministarstvu graditeljstva u ministru Darku Horvatu u gradu Zagrebu, gradona\u010delnici Jeleni Pavi\u010di\u0107 Vuki\u010devi\u0107 i zagreba\u010dkoj nadbiskupiji u kardinalu Josipu Bozani\u0107u. Tako da smo izuzetno sretni da smo uvezali dvije dr\u017eave na temelju ove tuge. Tako da dobro sura\u0111ujemo na nivou i crkvene i dr\u017eavne vlasti kada je u pitanju ova me\u0111unarodna suradnja izme\u0111u Austrije i Hrvatske, rekao je Bla\u017eevi\u0107.<br><br>Na\u0161 biskup je, dodaje, pokrenuo cijelu biskupiju i cijelu Austriju i izlobirao kao Hrvat koji je upravo rodom iz Banovine.\u00a0<br><br>&#8211; Svi smo od prvog dana prikupljali hranu, odje\u0107u, lijekove, obu\u0107u, gra\u0111evinske materijale. Ali biskup je rekao idemo konkretno pomagati i ljudima izgraditi ku\u0107e. Ovo je prva slu\u017ebeno izgra\u0111ena ku\u0107a u obnovi hrvatske dr\u017eave, jer smo mi napravili prvi i jedini svu dokumentaciju, 250 dokumenata za izgradnju ku\u0107e u Hrvatskoj, dodaje Bla\u017eevi\u0107.<br><br>U akciji &#8220;Krov za Hrvatsku&#8221; ve\u0107 je prikupljeno dva milijuna eura, dovoljno za izgradnju i ure\u0111enje 20 obiteljskih ku\u0107a.<\/p>\n\n\n\n<div style=\"width: 640px;\" class=\"wp-video\"><video class=\"wp-video-shortcode\" id=\"video-19373-1\" width=\"640\" height=\"360\" preload=\"metadata\" controls=\"controls\"><source type=\"video\/mp4\" src=\"https:\/\/api.hrt.hr\/media\/0a\/80\/djh-montaza-austrijske-kucice-cucerje-20210507092845.mp4?_=1\" \/><a href=\"https:\/\/api.hrt.hr\/media\/0a\/80\/djh-montaza-austrijske-kucice-cucerje-20210507092845.mp4\">https:\/\/api.hrt.hr\/media\/0a\/80\/djh-montaza-austrijske-kucice-cucerje-20210507092845.mp4<\/a><\/video><\/div>\n\n\n\n<p>Izvor:hrt.hr<\/p>\n","protected":false},"excerpt":{"rendered":"<p>Nakon razornog potresa na Banovini, dignuo je Austriju na noge, deset biskupija, deset zemaljskih vlada i pokrenuo projekt &#8220;Krov za Hrvatsku&#8221;. On je \u017deljezanski biskup Egidije \u017divkovi\u0107. \u017delio je ka\u017ee, trajno pomo\u0107i ljudima da \u017eive u novom domu. Tako su gradi\u0161\u0107anski Hrvati, to\u010dnije dru\u0161tvo &#8220;Hrvat S.A.M.&#8221;, povezali austrijsku i hrvatsku Vladu, te Katoli\u010dku Crkvu u [&hellip;]<\/p>\n","protected":false},"author":2,"featured_media":19374,"comment_status":"closed","ping_status":"closed","sticky":false,"template":"","format":"standard","meta":{"h5ap_radio_sources":[],"footnotes":""},"categories":[1],"tags":[],"class_list":["post-19373","post","type-post","status-publish","format-standard","has-post-thumbnail","hentry","category-bihiregija"],"yoast_head":"<!-- This site is optimized with the Yoast SEO plugin v27.5 - https:\/\/yoast.com\/product\/yoast-seo-wordpress\/ -->\n<title>Fra Bla\u017eevi\u0107: Izgra\u0111ena slu\u017ebeno prva ku\u0107a nakon potresa, s 250 dokumenata - RADIO LJUBU\u0160KI<\/title>\n<meta name=\"robots\" content=\"index, follow, max-snippet:-1, max-image-preview:large, max-video-preview:-1\" \/>\n<link rel=\"canonical\" href=\"https:\/\/radioljubuski.ba\/index.php\/2021\/05\/07\/fra-blazevic-izgradena-sluzbeno-prva-kuca-nakon-potresa-s-250-dokumenata\/\" \/>\n<meta property=\"og:locale\" content=\"hr_HR\" \/>\n<meta property=\"og:type\" content=\"article\" \/>\n<meta property=\"og:title\" content=\"Fra Bla\u017eevi\u0107: Izgra\u0111ena slu\u017ebeno prva ku\u0107a nakon potresa, s 250 dokumenata - RADIO LJUBU\u0160KI\" \/>\n<meta property=\"og:description\" content=\"Nakon razornog potresa na Banovini, dignuo je Austriju na noge, deset biskupija, deset zemaljskih vlada i pokrenuo projekt &#8220;Krov za Hrvatsku&#8221;. On je \u017deljezanski biskup Egidije \u017divkovi\u0107. \u017delio je ka\u017ee, trajno pomo\u0107i ljudima da \u017eive u novom domu. Tako su gradi\u0161\u0107anski Hrvati, to\u010dnije dru\u0161tvo &#8220;Hrvat S.A.M.&#8221;, povezali austrijsku i hrvatsku Vladu, te Katoli\u010dku Crkvu u [&hellip;]\" \/>\n<meta property=\"og:url\" content=\"https:\/\/radioljubuski.ba\/index.php\/2021\/05\/07\/fra-blazevic-izgradena-sluzbeno-prva-kuca-nakon-potresa-s-250-dokumenata\/\" \/>\n<meta property=\"og:site_name\" content=\"RADIO LJUBU\u0160KI\" \/>\n<meta property=\"article:publisher\" content=\"https:\/\/www.facebook.com\/Radiio-Ljubuski-1490835324566332\" \/>\n<meta property=\"article:published_time\" content=\"2021-05-07T15:35:35+00:00\" \/>\n<meta property=\"article:modified_time\" content=\"2021-05-07T15:35:36+00:00\" \/>\n<meta property=\"og:image\" content=\"https:\/\/radioljubuski.ba\/wp-content\/uploads\/2021\/05\/vlcsnap-2021-05-07-10h56m59s122-20210507092017.png\" \/>\n\t<meta property=\"og:image:width\" content=\"1280\" \/>\n\t<meta property=\"og:image:height\" content=\"720\" \/>\n\t<meta property=\"og:image:type\" content=\"image\/png\" \/>\n<meta name=\"author\" content=\"Radio Ljubu\u0161ki\" \/>\n<meta name=\"twitter:card\" content=\"summary_large_image\" \/>\n<meta name=\"twitter:creator\" content=\"@radioljubuski\" \/>\n<meta name=\"twitter:site\" content=\"@radioljubuski\" \/>\n<meta name=\"twitter:label1\" content=\"Napisao\/la\" \/>\n\t<meta name=\"twitter:data1\" content=\"Radio Ljubu\u0161ki\" \/>\n\t<meta name=\"twitter:label2\" content=\"Procijenjeno vrijeme \u010ditanja\" \/>\n\t<meta name=\"twitter:data2\" content=\"3 minute\" \/>\n<script type=\"application\/ld+json\" class=\"yoast-schema-graph\">{\"@context\":\"https:\\\/\\\/schema.org\",\"@graph\":[{\"@type\":\"Article\",\"@id\":\"https:\\\/\\\/radioljubuski.ba\\\/index.php\\\/2021\\\/05\\\/07\\\/fra-blazevic-izgradena-sluzbeno-prva-kuca-nakon-potresa-s-250-dokumenata\\\/#article\",\"isPartOf\":{\"@id\":\"https:\\\/\\\/radioljubuski.ba\\\/index.php\\\/2021\\\/05\\\/07\\\/fra-blazevic-izgradena-sluzbeno-prva-kuca-nakon-potresa-s-250-dokumenata\\\/\"},\"author\":{\"name\":\"Radio Ljubu\u0161ki\",\"@id\":\"https:\\\/\\\/radioljubuski.ba\\\/#\\\/schema\\\/person\\\/19fc700381a780f69665d7956c469e3b\"},\"headline\":\"Fra Bla\u017eevi\u0107: Izgra\u0111ena slu\u017ebeno prva ku\u0107a nakon potresa, s 250 dokumenata\",\"datePublished\":\"2021-05-07T15:35:35+00:00\",\"dateModified\":\"2021-05-07T15:35:36+00:00\",\"mainEntityOfPage\":{\"@id\":\"https:\\\/\\\/radioljubuski.ba\\\/index.php\\\/2021\\\/05\\\/07\\\/fra-blazevic-izgradena-sluzbeno-prva-kuca-nakon-potresa-s-250-dokumenata\\\/\"},\"wordCount\":564,\"publisher\":{\"@id\":\"https:\\\/\\\/radioljubuski.ba\\\/#organization\"},\"image\":{\"@id\":\"https:\\\/\\\/radioljubuski.ba\\\/index.php\\\/2021\\\/05\\\/07\\\/fra-blazevic-izgradena-sluzbeno-prva-kuca-nakon-potresa-s-250-dokumenata\\\/#primaryimage\"},\"thumbnailUrl\":\"https:\\\/\\\/radioljubuski.ba\\\/wp-content\\\/uploads\\\/2021\\\/05\\\/vlcsnap-2021-05-07-10h56m59s122-20210507092017.png\",\"articleSection\":[\"BIH i regija\"],\"inLanguage\":\"hr\"},{\"@type\":\"WebPage\",\"@id\":\"https:\\\/\\\/radioljubuski.ba\\\/index.php\\\/2021\\\/05\\\/07\\\/fra-blazevic-izgradena-sluzbeno-prva-kuca-nakon-potresa-s-250-dokumenata\\\/\",\"url\":\"https:\\\/\\\/radioljubuski.ba\\\/index.php\\\/2021\\\/05\\\/07\\\/fra-blazevic-izgradena-sluzbeno-prva-kuca-nakon-potresa-s-250-dokumenata\\\/\",\"name\":\"Fra Bla\u017eevi\u0107: Izgra\u0111ena slu\u017ebeno prva ku\u0107a nakon potresa, s 250 dokumenata - RADIO LJUBU\u0160KI\",\"isPartOf\":{\"@id\":\"https:\\\/\\\/radioljubuski.ba\\\/#website\"},\"primaryImageOfPage\":{\"@id\":\"https:\\\/\\\/radioljubuski.ba\\\/index.php\\\/2021\\\/05\\\/07\\\/fra-blazevic-izgradena-sluzbeno-prva-kuca-nakon-potresa-s-250-dokumenata\\\/#primaryimage\"},\"image\":{\"@id\":\"https:\\\/\\\/radioljubuski.ba\\\/index.php\\\/2021\\\/05\\\/07\\\/fra-blazevic-izgradena-sluzbeno-prva-kuca-nakon-potresa-s-250-dokumenata\\\/#primaryimage\"},\"thumbnailUrl\":\"https:\\\/\\\/radioljubuski.ba\\\/wp-content\\\/uploads\\\/2021\\\/05\\\/vlcsnap-2021-05-07-10h56m59s122-20210507092017.png\",\"datePublished\":\"2021-05-07T15:35:35+00:00\",\"dateModified\":\"2021-05-07T15:35:36+00:00\",\"breadcrumb\":{\"@id\":\"https:\\\/\\\/radioljubuski.ba\\\/index.php\\\/2021\\\/05\\\/07\\\/fra-blazevic-izgradena-sluzbeno-prva-kuca-nakon-potresa-s-250-dokumenata\\\/#breadcrumb\"},\"inLanguage\":\"hr\",\"potentialAction\":[{\"@type\":\"ReadAction\",\"target\":[\"https:\\\/\\\/radioljubuski.ba\\\/index.php\\\/2021\\\/05\\\/07\\\/fra-blazevic-izgradena-sluzbeno-prva-kuca-nakon-potresa-s-250-dokumenata\\\/\"]}]},{\"@type\":\"ImageObject\",\"inLanguage\":\"hr\",\"@id\":\"https:\\\/\\\/radioljubuski.ba\\\/index.php\\\/2021\\\/05\\\/07\\\/fra-blazevic-izgradena-sluzbeno-prva-kuca-nakon-potresa-s-250-dokumenata\\\/#primaryimage\",\"url\":\"https:\\\/\\\/radioljubuski.ba\\\/wp-content\\\/uploads\\\/2021\\\/05\\\/vlcsnap-2021-05-07-10h56m59s122-20210507092017.png\",\"contentUrl\":\"https:\\\/\\\/radioljubuski.ba\\\/wp-content\\\/uploads\\\/2021\\\/05\\\/vlcsnap-2021-05-07-10h56m59s122-20210507092017.png\",\"width\":1280,\"height\":720},{\"@type\":\"BreadcrumbList\",\"@id\":\"https:\\\/\\\/radioljubuski.ba\\\/index.php\\\/2021\\\/05\\\/07\\\/fra-blazevic-izgradena-sluzbeno-prva-kuca-nakon-potresa-s-250-dokumenata\\\/#breadcrumb\",\"itemListElement\":[{\"@type\":\"ListItem\",\"position\":1,\"name\":\"Po\u010detna stranica\",\"item\":\"https:\\\/\\\/radioljubuski.ba\\\/\"},{\"@type\":\"ListItem\",\"position\":2,\"name\":\"Fra Bla\u017eevi\u0107: Izgra\u0111ena slu\u017ebeno prva ku\u0107a nakon potresa, s 250 dokumenata\"}]},{\"@type\":\"WebSite\",\"@id\":\"https:\\\/\\\/radioljubuski.ba\\\/#website\",\"url\":\"https:\\\/\\\/radioljubuski.ba\\\/\",\"name\":\"Radio Ljubu\u0161ki\",\"description\":\"Sun\u010dana frekvencija Hercegovine\",\"publisher\":{\"@id\":\"https:\\\/\\\/radioljubuski.ba\\\/#organization\"},\"potentialAction\":[{\"@type\":\"SearchAction\",\"target\":{\"@type\":\"EntryPoint\",\"urlTemplate\":\"https:\\\/\\\/radioljubuski.ba\\\/?s={search_term_string}\"},\"query-input\":{\"@type\":\"PropertyValueSpecification\",\"valueRequired\":true,\"valueName\":\"search_term_string\"}}],\"inLanguage\":\"hr\"},{\"@type\":\"Organization\",\"@id\":\"https:\\\/\\\/radioljubuski.ba\\\/#organization\",\"name\":\"Radio Ljubu\u0161ki\",\"url\":\"https:\\\/\\\/radioljubuski.ba\\\/\",\"logo\":{\"@type\":\"ImageObject\",\"inLanguage\":\"hr\",\"@id\":\"https:\\\/\\\/radioljubuski.ba\\\/#\\\/schema\\\/logo\\\/image\\\/\",\"url\":\"https:\\\/\\\/radioljubuski.ba\\\/wp-content\\\/uploads\\\/2021\\\/02\\\/cropped-Radio_Ljubuski_logo1.jpg\",\"contentUrl\":\"https:\\\/\\\/radioljubuski.ba\\\/wp-content\\\/uploads\\\/2021\\\/02\\\/cropped-Radio_Ljubuski_logo1.jpg\",\"width\":512,\"height\":512,\"caption\":\"Radio Ljubu\u0161ki\"},\"image\":{\"@id\":\"https:\\\/\\\/radioljubuski.ba\\\/#\\\/schema\\\/logo\\\/image\\\/\"},\"sameAs\":[\"https:\\\/\\\/www.facebook.com\\\/Radiio-Ljubuski-1490835324566332\",\"https:\\\/\\\/x.com\\\/radioljubuski\",\"https:\\\/\\\/hr.linkedin.com\\\/company\\\/radio-ljubuski\",\"https:\\\/\\\/www.youtube.com\\\/channel\\\/UCHYaeO_n0Db3tjNGudGpXyw\"]},{\"@type\":\"Person\",\"@id\":\"https:\\\/\\\/radioljubuski.ba\\\/#\\\/schema\\\/person\\\/19fc700381a780f69665d7956c469e3b\",\"name\":\"Radio Ljubu\u0161ki\"}]}<\/script>\n<!-- \/ Yoast SEO plugin. -->","yoast_head_json":{"title":"Fra Bla\u017eevi\u0107: Izgra\u0111ena slu\u017ebeno prva ku\u0107a nakon potresa, s 250 dokumenata - RADIO LJUBU\u0160KI","robots":{"index":"index","follow":"follow","max-snippet":"max-snippet:-1","max-image-preview":"max-image-preview:large","max-video-preview":"max-video-preview:-1"},"canonical":"https:\/\/radioljubuski.ba\/index.php\/2021\/05\/07\/fra-blazevic-izgradena-sluzbeno-prva-kuca-nakon-potresa-s-250-dokumenata\/","og_locale":"hr_HR","og_type":"article","og_title":"Fra Bla\u017eevi\u0107: Izgra\u0111ena slu\u017ebeno prva ku\u0107a nakon potresa, s 250 dokumenata - RADIO LJUBU\u0160KI","og_description":"Nakon razornog potresa na Banovini, dignuo je Austriju na noge, deset biskupija, deset zemaljskih vlada i pokrenuo projekt &#8220;Krov za Hrvatsku&#8221;. On je \u017deljezanski biskup Egidije \u017divkovi\u0107. \u017delio je ka\u017ee, trajno pomo\u0107i ljudima da \u017eive u novom domu. Tako su gradi\u0161\u0107anski Hrvati, to\u010dnije dru\u0161tvo &#8220;Hrvat S.A.M.&#8221;, povezali austrijsku i hrvatsku Vladu, te Katoli\u010dku Crkvu u [&hellip;]","og_url":"https:\/\/radioljubuski.ba\/index.php\/2021\/05\/07\/fra-blazevic-izgradena-sluzbeno-prva-kuca-nakon-potresa-s-250-dokumenata\/","og_site_name":"RADIO LJUBU\u0160KI","article_publisher":"https:\/\/www.facebook.com\/Radiio-Ljubuski-1490835324566332","article_published_time":"2021-05-07T15:35:35+00:00","article_modified_time":"2021-05-07T15:35:36+00:00","og_image":[{"width":1280,"height":720,"url":"https:\/\/radioljubuski.ba\/wp-content\/uploads\/2021\/05\/vlcsnap-2021-05-07-10h56m59s122-20210507092017.png","type":"image\/png"}],"author":"Radio Ljubu\u0161ki","twitter_card":"summary_large_image","twitter_creator":"@radioljubuski","twitter_site":"@radioljubuski","twitter_misc":{"Napisao\/la":"Radio Ljubu\u0161ki","Procijenjeno vrijeme \u010ditanja":"3 minute"},"schema":{"@context":"https:\/\/schema.org","@graph":[{"@type":"Article","@id":"https:\/\/radioljubuski.ba\/index.php\/2021\/05\/07\/fra-blazevic-izgradena-sluzbeno-prva-kuca-nakon-potresa-s-250-dokumenata\/#article","isPartOf":{"@id":"https:\/\/radioljubuski.ba\/index.php\/2021\/05\/07\/fra-blazevic-izgradena-sluzbeno-prva-kuca-nakon-potresa-s-250-dokumenata\/"},"author":{"name":"Radio Ljubu\u0161ki","@id":"https:\/\/radioljubuski.ba\/#\/schema\/person\/19fc700381a780f69665d7956c469e3b"},"headline":"Fra Bla\u017eevi\u0107: Izgra\u0111ena slu\u017ebeno prva ku\u0107a nakon potresa, s 250 dokumenata","datePublished":"2021-05-07T15:35:35+00:00","dateModified":"2021-05-07T15:35:36+00:00","mainEntityOfPage":{"@id":"https:\/\/radioljubuski.ba\/index.php\/2021\/05\/07\/fra-blazevic-izgradena-sluzbeno-prva-kuca-nakon-potresa-s-250-dokumenata\/"},"wordCount":564,"publisher":{"@id":"https:\/\/radioljubuski.ba\/#organization"},"image":{"@id":"https:\/\/radioljubuski.ba\/index.php\/2021\/05\/07\/fra-blazevic-izgradena-sluzbeno-prva-kuca-nakon-potresa-s-250-dokumenata\/#primaryimage"},"thumbnailUrl":"https:\/\/radioljubuski.ba\/wp-content\/uploads\/2021\/05\/vlcsnap-2021-05-07-10h56m59s122-20210507092017.png","articleSection":["BIH i regija"],"inLanguage":"hr"},{"@type":"WebPage","@id":"https:\/\/radioljubuski.ba\/index.php\/2021\/05\/07\/fra-blazevic-izgradena-sluzbeno-prva-kuca-nakon-potresa-s-250-dokumenata\/","url":"https:\/\/radioljubuski.ba\/index.php\/2021\/05\/07\/fra-blazevic-izgradena-sluzbeno-prva-kuca-nakon-potresa-s-250-dokumenata\/","name":"Fra Bla\u017eevi\u0107: Izgra\u0111ena slu\u017ebeno prva ku\u0107a nakon potresa, s 250 dokumenata - RADIO LJUBU\u0160KI","isPartOf":{"@id":"https:\/\/radioljubuski.ba\/#website"},"primaryImageOfPage":{"@id":"https:\/\/radioljubuski.ba\/index.php\/2021\/05\/07\/fra-blazevic-izgradena-sluzbeno-prva-kuca-nakon-potresa-s-250-dokumenata\/#primaryimage"},"image":{"@id":"https:\/\/radioljubuski.ba\/index.php\/2021\/05\/07\/fra-blazevic-izgradena-sluzbeno-prva-kuca-nakon-potresa-s-250-dokumenata\/#primaryimage"},"thumbnailUrl":"https:\/\/radioljubuski.ba\/wp-content\/uploads\/2021\/05\/vlcsnap-2021-05-07-10h56m59s122-20210507092017.png","datePublished":"2021-05-07T15:35:35+00:00","dateModified":"2021-05-07T15:35:36+00:00","breadcrumb":{"@id":"https:\/\/radioljubuski.ba\/index.php\/2021\/05\/07\/fra-blazevic-izgradena-sluzbeno-prva-kuca-nakon-potresa-s-250-dokumenata\/#breadcrumb"},"inLanguage":"hr","potentialAction":[{"@type":"ReadAction","target":["https:\/\/radioljubuski.ba\/index.php\/2021\/05\/07\/fra-blazevic-izgradena-sluzbeno-prva-kuca-nakon-potresa-s-250-dokumenata\/"]}]},{"@type":"ImageObject","inLanguage":"hr","@id":"https:\/\/radioljubuski.ba\/index.php\/2021\/05\/07\/fra-blazevic-izgradena-sluzbeno-prva-kuca-nakon-potresa-s-250-dokumenata\/#primaryimage","url":"https:\/\/radioljubuski.ba\/wp-content\/uploads\/2021\/05\/vlcsnap-2021-05-07-10h56m59s122-20210507092017.png","contentUrl":"https:\/\/radioljubuski.ba\/wp-content\/uploads\/2021\/05\/vlcsnap-2021-05-07-10h56m59s122-20210507092017.png","width":1280,"height":720},{"@type":"BreadcrumbList","@id":"https:\/\/radioljubuski.ba\/index.php\/2021\/05\/07\/fra-blazevic-izgradena-sluzbeno-prva-kuca-nakon-potresa-s-250-dokumenata\/#breadcrumb","itemListElement":[{"@type":"ListItem","position":1,"name":"Po\u010detna stranica","item":"https:\/\/radioljubuski.ba\/"},{"@type":"ListItem","position":2,"name":"Fra Bla\u017eevi\u0107: Izgra\u0111ena slu\u017ebeno prva ku\u0107a nakon potresa, s 250 dokumenata"}]},{"@type":"WebSite","@id":"https:\/\/radioljubuski.ba\/#website","url":"https:\/\/radioljubuski.ba\/","name":"Radio Ljubu\u0161ki","description":"Sun\u010dana frekvencija Hercegovine","publisher":{"@id":"https:\/\/radioljubuski.ba\/#organization"},"potentialAction":[{"@type":"SearchAction","target":{"@type":"EntryPoint","urlTemplate":"https:\/\/radioljubuski.ba\/?s={search_term_string}"},"query-input":{"@type":"PropertyValueSpecification","valueRequired":true,"valueName":"search_term_string"}}],"inLanguage":"hr"},{"@type":"Organization","@id":"https:\/\/radioljubuski.ba\/#organization","name":"Radio Ljubu\u0161ki","url":"https:\/\/radioljubuski.ba\/","logo":{"@type":"ImageObject","inLanguage":"hr","@id":"https:\/\/radioljubuski.ba\/#\/schema\/logo\/image\/","url":"https:\/\/radioljubuski.ba\/wp-content\/uploads\/2021\/02\/cropped-Radio_Ljubuski_logo1.jpg","contentUrl":"https:\/\/radioljubuski.ba\/wp-content\/uploads\/2021\/02\/cropped-Radio_Ljubuski_logo1.jpg","width":512,"height":512,"caption":"Radio Ljubu\u0161ki"},"image":{"@id":"https:\/\/radioljubuski.ba\/#\/schema\/logo\/image\/"},"sameAs":["https:\/\/www.facebook.com\/Radiio-Ljubuski-1490835324566332","https:\/\/x.com\/radioljubuski","https:\/\/hr.linkedin.com\/company\/radio-ljubuski","https:\/\/www.youtube.com\/channel\/UCHYaeO_n0Db3tjNGudGpXyw"]},{"@type":"Person","@id":"https:\/\/radioljubuski.ba\/#\/schema\/person\/19fc700381a780f69665d7956c469e3b","name":"Radio Ljubu\u0161ki"}]}},"_links":{"self":[{"href":"https:\/\/radioljubuski.ba\/index.php\/wp-json\/wp\/v2\/posts\/19373","targetHints":{"allow":["GET"]}}],"collection":[{"href":"https:\/\/radioljubuski.ba\/index.php\/wp-json\/wp\/v2\/posts"}],"about":[{"href":"https:\/\/radioljubuski.ba\/index.php\/wp-json\/wp\/v2\/types\/post"}],"author":[{"embeddable":true,"href":"https:\/\/radioljubuski.ba\/index.php\/wp-json\/wp\/v2\/users\/2"}],"replies":[{"embeddable":true,"href":"https:\/\/radioljubuski.ba\/index.php\/wp-json\/wp\/v2\/comments?post=19373"}],"version-history":[{"count":1,"href":"https:\/\/radioljubuski.ba\/index.php\/wp-json\/wp\/v2\/posts\/19373\/revisions"}],"predecessor-version":[{"id":19376,"href":"https:\/\/radioljubuski.ba\/index.php\/wp-json\/wp\/v2\/posts\/19373\/revisions\/19376"}],"wp:featuredmedia":[{"embeddable":true,"href":"https:\/\/radioljubuski.ba\/index.php\/wp-json\/wp\/v2\/media\/19374"}],"wp:attachment":[{"href":"https:\/\/radioljubuski.ba\/index.php\/wp-json\/wp\/v2\/media?parent=19373"}],"wp:term":[{"taxonomy":"category","embeddable":true,"href":"https:\/\/radioljubuski.ba\/index.php\/wp-json\/wp\/v2\/categories?post=19373"},{"taxonomy":"post_tag","embeddable":true,"href":"https:\/\/radioljubuski.ba\/index.php\/wp-json\/wp\/v2\/tags?post=19373"}],"curies":[{"name":"wp","href":"https:\/\/api.w.org\/{rel}","templated":true}]}}