{"id":193774,"date":"2023-08-04T14:41:45","date_gmt":"2023-08-04T13:41:45","guid":{"rendered":"https:\/\/radioljubuski.ba\/?p=193774"},"modified":"2023-08-04T14:48:39","modified_gmt":"2023-08-04T13:48:39","slug":"sve-operativne-snage-i-sudionici-sustava-civilne-zastite-republike-hrvatske-stavljeni-u-visoku-pripravnost","status":"publish","type":"post","link":"https:\/\/radioljubuski.ba\/index.php\/2023\/08\/04\/sve-operativne-snage-i-sudionici-sustava-civilne-zastite-republike-hrvatske-stavljeni-u-visoku-pripravnost\/","title":{"rendered":"Sve operativne snage i sudionici sustava civilne za\u0161tite Republike Hrvatske stavljeni u visoku pripravnost"},"content":{"rendered":"\n<p>Zbog najavljenog nevremena i obilnih ki\u0161nih oborina koje \u0107e prema prognozama DHMZ-a zahvatiti ve\u0107i dio teritorija Republike Hrvatske od 04. do 06. kolovoza, sve operativne snage i sudionici sustava civilne za\u0161tite stavljeni su u visoku pripravnost.<\/p>\n\n\n\n<p>U cilju smanjenja rizika od poplava, Ravnateljstvo civilne za\u0161tite u dogovoru s \u010delnicima jedinica lokalne i regionalne samouprave, sto\u017eerima civilne za\u0161tite, \u017eurnim slu\u017ebama i operativnim snagama poduzima sve potrebne preventivne mjere kako bi se za\u0161titili gra\u0111ani i imovina te pravovremeno reagiralo u slu\u010daju izlijevanja rijeka ili poplava na podru\u010djima s visokim rizikom.<\/p>\n\n\n\n<p>Prema hidrolo\u0161kom izvje\u0161\u0107u DHMZ-a, obilna akumulirana oborina i oborina koja se jo\u0161 o\u010dekuje na podru\u010dju uzvodnih susjednih dr\u017eava (Slovenije i Austrije) uzrokuje daljnji zna\u010dajan porast vodostaja rijeka Mure, Drave i Save. Te rijeke bi tijekom dana\u0161njeg i sutra\u0161njeg dana mogle dose\u0107i iznimno visoke vodostaje i protoke. S obzirom na to da iz susjedne Slovenije Savom dolazi pove\u0107ani protok, postoji mogu\u0107nost otvaranja ustave Prevlaka, kako bi se vi\u0161ak vode preusmjerio kroz Lonjsko polje i rasteretila Sava.<\/p>\n\n\n\n<p>Prema upozorenju Glavnog centra obrane od poplava i hidrolo\u0161kim prognozama visine vodostaja rijeke Save aktivirat \u0107e se Oteretni kanal Sava-Odra u popodnevnim satima. U tijeku su pripreme za zatvaranje cestovnih prijelaza. Tako\u0111er, prognoza obilnih oborina tijekom dana na podru\u010dju sjevernog Jadrana, Gorskog kotara, Like, sredi\u0161nje i sjeverozapadne Hrvatske, a kasno popodne i u no\u0107i na podru\u010dju srednjeg i ju\u017enog Jadrana mo\u017ee uzrokovati pojavu buji\u010dnih i urbanih poplava.<\/p>\n\n\n\n<p>Pozivaju se gra\u0111ani na podru\u010djima sklonima poplavama da budu posebno oprezni, ne kre\u0107u na put ako ne moraju, prate vijesti i preporuke nadle\u017enih tijela te da pravodobno poduzmu potrebne sigurnosne mjere.<\/p>\n\n\n\n<p>U \u017eupanijskim centrima 112 o\u010dekuje se veliki broj poziva gra\u0111ana stoga apeliramo da zovu broj 112 samo u hitnim situacijama kako bi se pomo\u0107 najprije pru\u017eila onima koji su najugro\u017eeniji  s obzirom na to da je primarni zadatak prvenstveno spa\u0161avanje ljudskih \u017eivota, a tek onda imovine. <\/p>\n\n\n\n<p>Ravnateljstvo Civilne za\u0161tite Republike Hrvatske\/MUP RH<\/p>\n","protected":false},"excerpt":{"rendered":"<p>Zbog najavljenog nevremena i obilnih ki\u0161nih oborina koje \u0107e prema prognozama DHMZ-a zahvatiti ve\u0107i dio teritorija Republike Hrvatske od 04. do 06. kolovoza, sve operativne snage i sudionici sustava civilne za\u0161tite stavljeni su u visoku pripravnost. U cilju smanjenja rizika od poplava, Ravnateljstvo civilne za\u0161tite u dogovoru s \u010delnicima jedinica lokalne i regionalne samouprave, sto\u017eerima [&hellip;]<\/p>\n","protected":false},"author":2,"featured_media":193775,"comment_status":"closed","ping_status":"closed","sticky":false,"template":"","format":"standard","meta":{"h5ap_radio_sources":[],"footnotes":""},"categories":[1],"tags":[],"class_list":["post-193774","post","type-post","status-publish","format-standard","has-post-thumbnail","hentry","category-bihiregija"],"yoast_head":"<!-- This site is optimized with the Yoast SEO plugin v27.5 - https:\/\/yoast.com\/product\/yoast-seo-wordpress\/ -->\n<title>Sve operativne snage i sudionici sustava civilne za\u0161tite Republike Hrvatske stavljeni u visoku pripravnost - RADIO LJUBU\u0160KI<\/title>\n<meta name=\"robots\" content=\"index, follow, max-snippet:-1, max-image-preview:large, max-video-preview:-1\" \/>\n<link rel=\"canonical\" href=\"https:\/\/radioljubuski.ba\/index.php\/2023\/08\/04\/sve-operativne-snage-i-sudionici-sustava-civilne-zastite-republike-hrvatske-stavljeni-u-visoku-pripravnost\/\" \/>\n<meta property=\"og:locale\" content=\"hr_HR\" \/>\n<meta property=\"og:type\" content=\"article\" \/>\n<meta property=\"og:title\" content=\"Sve operativne snage i sudionici sustava civilne za\u0161tite Republike Hrvatske stavljeni u visoku pripravnost - RADIO LJUBU\u0160KI\" \/>\n<meta property=\"og:description\" content=\"Zbog najavljenog nevremena i obilnih ki\u0161nih oborina koje \u0107e prema prognozama DHMZ-a zahvatiti ve\u0107i dio teritorija Republike Hrvatske od 04. do 06. kolovoza, sve operativne snage i sudionici sustava civilne za\u0161tite stavljeni su u visoku pripravnost. U cilju smanjenja rizika od poplava, Ravnateljstvo civilne za\u0161tite u dogovoru s \u010delnicima jedinica lokalne i regionalne samouprave, sto\u017eerima [&hellip;]\" \/>\n<meta property=\"og:url\" content=\"https:\/\/radioljubuski.ba\/index.php\/2023\/08\/04\/sve-operativne-snage-i-sudionici-sustava-civilne-zastite-republike-hrvatske-stavljeni-u-visoku-pripravnost\/\" \/>\n<meta property=\"og:site_name\" content=\"RADIO LJUBU\u0160KI\" \/>\n<meta property=\"article:publisher\" content=\"https:\/\/www.facebook.com\/Radiio-Ljubuski-1490835324566332\" \/>\n<meta property=\"article:published_time\" content=\"2023-08-04T13:41:45+00:00\" \/>\n<meta property=\"article:modified_time\" content=\"2023-08-04T13:48:39+00:00\" \/>\n<meta property=\"og:image\" content=\"https:\/\/radioljubuski.ba\/wp-content\/uploads\/2023\/08\/IMG_20230804_153340.jpg\" \/>\n\t<meta property=\"og:image:width\" content=\"1080\" \/>\n\t<meta property=\"og:image:height\" content=\"807\" \/>\n\t<meta property=\"og:image:type\" content=\"image\/jpeg\" \/>\n<meta name=\"author\" content=\"Radio Ljubu\u0161ki\" \/>\n<meta name=\"twitter:card\" content=\"summary_large_image\" \/>\n<meta name=\"twitter:creator\" content=\"@radioljubuski\" \/>\n<meta name=\"twitter:site\" content=\"@radioljubuski\" \/>\n<meta name=\"twitter:label1\" content=\"Napisao\/la\" \/>\n\t<meta name=\"twitter:data1\" content=\"Radio Ljubu\u0161ki\" \/>\n\t<meta name=\"twitter:label2\" content=\"Procijenjeno vrijeme \u010ditanja\" \/>\n\t<meta name=\"twitter:data2\" content=\"2 minute\" \/>\n<script type=\"application\/ld+json\" class=\"yoast-schema-graph\">{\"@context\":\"https:\\\/\\\/schema.org\",\"@graph\":[{\"@type\":\"Article\",\"@id\":\"https:\\\/\\\/radioljubuski.ba\\\/index.php\\\/2023\\\/08\\\/04\\\/sve-operativne-snage-i-sudionici-sustava-civilne-zastite-republike-hrvatske-stavljeni-u-visoku-pripravnost\\\/#article\",\"isPartOf\":{\"@id\":\"https:\\\/\\\/radioljubuski.ba\\\/index.php\\\/2023\\\/08\\\/04\\\/sve-operativne-snage-i-sudionici-sustava-civilne-zastite-republike-hrvatske-stavljeni-u-visoku-pripravnost\\\/\"},\"author\":{\"name\":\"Radio Ljubu\u0161ki\",\"@id\":\"https:\\\/\\\/radioljubuski.ba\\\/#\\\/schema\\\/person\\\/19fc700381a780f69665d7956c469e3b\"},\"headline\":\"Sve operativne snage i sudionici sustava civilne za\u0161tite Republike Hrvatske stavljeni u visoku pripravnost\",\"datePublished\":\"2023-08-04T13:41:45+00:00\",\"dateModified\":\"2023-08-04T13:48:39+00:00\",\"mainEntityOfPage\":{\"@id\":\"https:\\\/\\\/radioljubuski.ba\\\/index.php\\\/2023\\\/08\\\/04\\\/sve-operativne-snage-i-sudionici-sustava-civilne-zastite-republike-hrvatske-stavljeni-u-visoku-pripravnost\\\/\"},\"wordCount\":367,\"publisher\":{\"@id\":\"https:\\\/\\\/radioljubuski.ba\\\/#organization\"},\"image\":{\"@id\":\"https:\\\/\\\/radioljubuski.ba\\\/index.php\\\/2023\\\/08\\\/04\\\/sve-operativne-snage-i-sudionici-sustava-civilne-zastite-republike-hrvatske-stavljeni-u-visoku-pripravnost\\\/#primaryimage\"},\"thumbnailUrl\":\"https:\\\/\\\/radioljubuski.ba\\\/wp-content\\\/uploads\\\/2023\\\/08\\\/IMG_20230804_153340.jpg\",\"articleSection\":[\"BIH i regija\"],\"inLanguage\":\"hr\"},{\"@type\":\"WebPage\",\"@id\":\"https:\\\/\\\/radioljubuski.ba\\\/index.php\\\/2023\\\/08\\\/04\\\/sve-operativne-snage-i-sudionici-sustava-civilne-zastite-republike-hrvatske-stavljeni-u-visoku-pripravnost\\\/\",\"url\":\"https:\\\/\\\/radioljubuski.ba\\\/index.php\\\/2023\\\/08\\\/04\\\/sve-operativne-snage-i-sudionici-sustava-civilne-zastite-republike-hrvatske-stavljeni-u-visoku-pripravnost\\\/\",\"name\":\"Sve operativne snage i sudionici sustava civilne za\u0161tite Republike Hrvatske stavljeni u visoku pripravnost - RADIO LJUBU\u0160KI\",\"isPartOf\":{\"@id\":\"https:\\\/\\\/radioljubuski.ba\\\/#website\"},\"primaryImageOfPage\":{\"@id\":\"https:\\\/\\\/radioljubuski.ba\\\/index.php\\\/2023\\\/08\\\/04\\\/sve-operativne-snage-i-sudionici-sustava-civilne-zastite-republike-hrvatske-stavljeni-u-visoku-pripravnost\\\/#primaryimage\"},\"image\":{\"@id\":\"https:\\\/\\\/radioljubuski.ba\\\/index.php\\\/2023\\\/08\\\/04\\\/sve-operativne-snage-i-sudionici-sustava-civilne-zastite-republike-hrvatske-stavljeni-u-visoku-pripravnost\\\/#primaryimage\"},\"thumbnailUrl\":\"https:\\\/\\\/radioljubuski.ba\\\/wp-content\\\/uploads\\\/2023\\\/08\\\/IMG_20230804_153340.jpg\",\"datePublished\":\"2023-08-04T13:41:45+00:00\",\"dateModified\":\"2023-08-04T13:48:39+00:00\",\"breadcrumb\":{\"@id\":\"https:\\\/\\\/radioljubuski.ba\\\/index.php\\\/2023\\\/08\\\/04\\\/sve-operativne-snage-i-sudionici-sustava-civilne-zastite-republike-hrvatske-stavljeni-u-visoku-pripravnost\\\/#breadcrumb\"},\"inLanguage\":\"hr\",\"potentialAction\":[{\"@type\":\"ReadAction\",\"target\":[\"https:\\\/\\\/radioljubuski.ba\\\/index.php\\\/2023\\\/08\\\/04\\\/sve-operativne-snage-i-sudionici-sustava-civilne-zastite-republike-hrvatske-stavljeni-u-visoku-pripravnost\\\/\"]}]},{\"@type\":\"ImageObject\",\"inLanguage\":\"hr\",\"@id\":\"https:\\\/\\\/radioljubuski.ba\\\/index.php\\\/2023\\\/08\\\/04\\\/sve-operativne-snage-i-sudionici-sustava-civilne-zastite-republike-hrvatske-stavljeni-u-visoku-pripravnost\\\/#primaryimage\",\"url\":\"https:\\\/\\\/radioljubuski.ba\\\/wp-content\\\/uploads\\\/2023\\\/08\\\/IMG_20230804_153340.jpg\",\"contentUrl\":\"https:\\\/\\\/radioljubuski.ba\\\/wp-content\\\/uploads\\\/2023\\\/08\\\/IMG_20230804_153340.jpg\",\"width\":1080,\"height\":807},{\"@type\":\"BreadcrumbList\",\"@id\":\"https:\\\/\\\/radioljubuski.ba\\\/index.php\\\/2023\\\/08\\\/04\\\/sve-operativne-snage-i-sudionici-sustava-civilne-zastite-republike-hrvatske-stavljeni-u-visoku-pripravnost\\\/#breadcrumb\",\"itemListElement\":[{\"@type\":\"ListItem\",\"position\":1,\"name\":\"Po\u010detna stranica\",\"item\":\"https:\\\/\\\/radioljubuski.ba\\\/\"},{\"@type\":\"ListItem\",\"position\":2,\"name\":\"Sve operativne snage i sudionici sustava civilne za\u0161tite Republike Hrvatske stavljeni u visoku pripravnost\"}]},{\"@type\":\"WebSite\",\"@id\":\"https:\\\/\\\/radioljubuski.ba\\\/#website\",\"url\":\"https:\\\/\\\/radioljubuski.ba\\\/\",\"name\":\"Radio Ljubu\u0161ki\",\"description\":\"Sun\u010dana frekvencija Hercegovine\",\"publisher\":{\"@id\":\"https:\\\/\\\/radioljubuski.ba\\\/#organization\"},\"potentialAction\":[{\"@type\":\"SearchAction\",\"target\":{\"@type\":\"EntryPoint\",\"urlTemplate\":\"https:\\\/\\\/radioljubuski.ba\\\/?s={search_term_string}\"},\"query-input\":{\"@type\":\"PropertyValueSpecification\",\"valueRequired\":true,\"valueName\":\"search_term_string\"}}],\"inLanguage\":\"hr\"},{\"@type\":\"Organization\",\"@id\":\"https:\\\/\\\/radioljubuski.ba\\\/#organization\",\"name\":\"Radio Ljubu\u0161ki\",\"url\":\"https:\\\/\\\/radioljubuski.ba\\\/\",\"logo\":{\"@type\":\"ImageObject\",\"inLanguage\":\"hr\",\"@id\":\"https:\\\/\\\/radioljubuski.ba\\\/#\\\/schema\\\/logo\\\/image\\\/\",\"url\":\"https:\\\/\\\/radioljubuski.ba\\\/wp-content\\\/uploads\\\/2021\\\/02\\\/cropped-Radio_Ljubuski_logo1.jpg\",\"contentUrl\":\"https:\\\/\\\/radioljubuski.ba\\\/wp-content\\\/uploads\\\/2021\\\/02\\\/cropped-Radio_Ljubuski_logo1.jpg\",\"width\":512,\"height\":512,\"caption\":\"Radio Ljubu\u0161ki\"},\"image\":{\"@id\":\"https:\\\/\\\/radioljubuski.ba\\\/#\\\/schema\\\/logo\\\/image\\\/\"},\"sameAs\":[\"https:\\\/\\\/www.facebook.com\\\/Radiio-Ljubuski-1490835324566332\",\"https:\\\/\\\/x.com\\\/radioljubuski\",\"https:\\\/\\\/hr.linkedin.com\\\/company\\\/radio-ljubuski\",\"https:\\\/\\\/www.youtube.com\\\/channel\\\/UCHYaeO_n0Db3tjNGudGpXyw\"]},{\"@type\":\"Person\",\"@id\":\"https:\\\/\\\/radioljubuski.ba\\\/#\\\/schema\\\/person\\\/19fc700381a780f69665d7956c469e3b\",\"name\":\"Radio Ljubu\u0161ki\"}]}<\/script>\n<!-- \/ Yoast SEO plugin. -->","yoast_head_json":{"title":"Sve operativne snage i sudionici sustava civilne za\u0161tite Republike Hrvatske stavljeni u visoku pripravnost - RADIO LJUBU\u0160KI","robots":{"index":"index","follow":"follow","max-snippet":"max-snippet:-1","max-image-preview":"max-image-preview:large","max-video-preview":"max-video-preview:-1"},"canonical":"https:\/\/radioljubuski.ba\/index.php\/2023\/08\/04\/sve-operativne-snage-i-sudionici-sustava-civilne-zastite-republike-hrvatske-stavljeni-u-visoku-pripravnost\/","og_locale":"hr_HR","og_type":"article","og_title":"Sve operativne snage i sudionici sustava civilne za\u0161tite Republike Hrvatske stavljeni u visoku pripravnost - RADIO LJUBU\u0160KI","og_description":"Zbog najavljenog nevremena i obilnih ki\u0161nih oborina koje \u0107e prema prognozama DHMZ-a zahvatiti ve\u0107i dio teritorija Republike Hrvatske od 04. do 06. kolovoza, sve operativne snage i sudionici sustava civilne za\u0161tite stavljeni su u visoku pripravnost. U cilju smanjenja rizika od poplava, Ravnateljstvo civilne za\u0161tite u dogovoru s \u010delnicima jedinica lokalne i regionalne samouprave, sto\u017eerima [&hellip;]","og_url":"https:\/\/radioljubuski.ba\/index.php\/2023\/08\/04\/sve-operativne-snage-i-sudionici-sustava-civilne-zastite-republike-hrvatske-stavljeni-u-visoku-pripravnost\/","og_site_name":"RADIO LJUBU\u0160KI","article_publisher":"https:\/\/www.facebook.com\/Radiio-Ljubuski-1490835324566332","article_published_time":"2023-08-04T13:41:45+00:00","article_modified_time":"2023-08-04T13:48:39+00:00","og_image":[{"width":1080,"height":807,"url":"https:\/\/radioljubuski.ba\/wp-content\/uploads\/2023\/08\/IMG_20230804_153340.jpg","type":"image\/jpeg"}],"author":"Radio Ljubu\u0161ki","twitter_card":"summary_large_image","twitter_creator":"@radioljubuski","twitter_site":"@radioljubuski","twitter_misc":{"Napisao\/la":"Radio Ljubu\u0161ki","Procijenjeno vrijeme \u010ditanja":"2 minute"},"schema":{"@context":"https:\/\/schema.org","@graph":[{"@type":"Article","@id":"https:\/\/radioljubuski.ba\/index.php\/2023\/08\/04\/sve-operativne-snage-i-sudionici-sustava-civilne-zastite-republike-hrvatske-stavljeni-u-visoku-pripravnost\/#article","isPartOf":{"@id":"https:\/\/radioljubuski.ba\/index.php\/2023\/08\/04\/sve-operativne-snage-i-sudionici-sustava-civilne-zastite-republike-hrvatske-stavljeni-u-visoku-pripravnost\/"},"author":{"name":"Radio Ljubu\u0161ki","@id":"https:\/\/radioljubuski.ba\/#\/schema\/person\/19fc700381a780f69665d7956c469e3b"},"headline":"Sve operativne snage i sudionici sustava civilne za\u0161tite Republike Hrvatske stavljeni u visoku pripravnost","datePublished":"2023-08-04T13:41:45+00:00","dateModified":"2023-08-04T13:48:39+00:00","mainEntityOfPage":{"@id":"https:\/\/radioljubuski.ba\/index.php\/2023\/08\/04\/sve-operativne-snage-i-sudionici-sustava-civilne-zastite-republike-hrvatske-stavljeni-u-visoku-pripravnost\/"},"wordCount":367,"publisher":{"@id":"https:\/\/radioljubuski.ba\/#organization"},"image":{"@id":"https:\/\/radioljubuski.ba\/index.php\/2023\/08\/04\/sve-operativne-snage-i-sudionici-sustava-civilne-zastite-republike-hrvatske-stavljeni-u-visoku-pripravnost\/#primaryimage"},"thumbnailUrl":"https:\/\/radioljubuski.ba\/wp-content\/uploads\/2023\/08\/IMG_20230804_153340.jpg","articleSection":["BIH i regija"],"inLanguage":"hr"},{"@type":"WebPage","@id":"https:\/\/radioljubuski.ba\/index.php\/2023\/08\/04\/sve-operativne-snage-i-sudionici-sustava-civilne-zastite-republike-hrvatske-stavljeni-u-visoku-pripravnost\/","url":"https:\/\/radioljubuski.ba\/index.php\/2023\/08\/04\/sve-operativne-snage-i-sudionici-sustava-civilne-zastite-republike-hrvatske-stavljeni-u-visoku-pripravnost\/","name":"Sve operativne snage i sudionici sustava civilne za\u0161tite Republike Hrvatske stavljeni u visoku pripravnost - RADIO LJUBU\u0160KI","isPartOf":{"@id":"https:\/\/radioljubuski.ba\/#website"},"primaryImageOfPage":{"@id":"https:\/\/radioljubuski.ba\/index.php\/2023\/08\/04\/sve-operativne-snage-i-sudionici-sustava-civilne-zastite-republike-hrvatske-stavljeni-u-visoku-pripravnost\/#primaryimage"},"image":{"@id":"https:\/\/radioljubuski.ba\/index.php\/2023\/08\/04\/sve-operativne-snage-i-sudionici-sustava-civilne-zastite-republike-hrvatske-stavljeni-u-visoku-pripravnost\/#primaryimage"},"thumbnailUrl":"https:\/\/radioljubuski.ba\/wp-content\/uploads\/2023\/08\/IMG_20230804_153340.jpg","datePublished":"2023-08-04T13:41:45+00:00","dateModified":"2023-08-04T13:48:39+00:00","breadcrumb":{"@id":"https:\/\/radioljubuski.ba\/index.php\/2023\/08\/04\/sve-operativne-snage-i-sudionici-sustava-civilne-zastite-republike-hrvatske-stavljeni-u-visoku-pripravnost\/#breadcrumb"},"inLanguage":"hr","potentialAction":[{"@type":"ReadAction","target":["https:\/\/radioljubuski.ba\/index.php\/2023\/08\/04\/sve-operativne-snage-i-sudionici-sustava-civilne-zastite-republike-hrvatske-stavljeni-u-visoku-pripravnost\/"]}]},{"@type":"ImageObject","inLanguage":"hr","@id":"https:\/\/radioljubuski.ba\/index.php\/2023\/08\/04\/sve-operativne-snage-i-sudionici-sustava-civilne-zastite-republike-hrvatske-stavljeni-u-visoku-pripravnost\/#primaryimage","url":"https:\/\/radioljubuski.ba\/wp-content\/uploads\/2023\/08\/IMG_20230804_153340.jpg","contentUrl":"https:\/\/radioljubuski.ba\/wp-content\/uploads\/2023\/08\/IMG_20230804_153340.jpg","width":1080,"height":807},{"@type":"BreadcrumbList","@id":"https:\/\/radioljubuski.ba\/index.php\/2023\/08\/04\/sve-operativne-snage-i-sudionici-sustava-civilne-zastite-republike-hrvatske-stavljeni-u-visoku-pripravnost\/#breadcrumb","itemListElement":[{"@type":"ListItem","position":1,"name":"Po\u010detna stranica","item":"https:\/\/radioljubuski.ba\/"},{"@type":"ListItem","position":2,"name":"Sve operativne snage i sudionici sustava civilne za\u0161tite Republike Hrvatske stavljeni u visoku pripravnost"}]},{"@type":"WebSite","@id":"https:\/\/radioljubuski.ba\/#website","url":"https:\/\/radioljubuski.ba\/","name":"Radio Ljubu\u0161ki","description":"Sun\u010dana frekvencija Hercegovine","publisher":{"@id":"https:\/\/radioljubuski.ba\/#organization"},"potentialAction":[{"@type":"SearchAction","target":{"@type":"EntryPoint","urlTemplate":"https:\/\/radioljubuski.ba\/?s={search_term_string}"},"query-input":{"@type":"PropertyValueSpecification","valueRequired":true,"valueName":"search_term_string"}}],"inLanguage":"hr"},{"@type":"Organization","@id":"https:\/\/radioljubuski.ba\/#organization","name":"Radio Ljubu\u0161ki","url":"https:\/\/radioljubuski.ba\/","logo":{"@type":"ImageObject","inLanguage":"hr","@id":"https:\/\/radioljubuski.ba\/#\/schema\/logo\/image\/","url":"https:\/\/radioljubuski.ba\/wp-content\/uploads\/2021\/02\/cropped-Radio_Ljubuski_logo1.jpg","contentUrl":"https:\/\/radioljubuski.ba\/wp-content\/uploads\/2021\/02\/cropped-Radio_Ljubuski_logo1.jpg","width":512,"height":512,"caption":"Radio Ljubu\u0161ki"},"image":{"@id":"https:\/\/radioljubuski.ba\/#\/schema\/logo\/image\/"},"sameAs":["https:\/\/www.facebook.com\/Radiio-Ljubuski-1490835324566332","https:\/\/x.com\/radioljubuski","https:\/\/hr.linkedin.com\/company\/radio-ljubuski","https:\/\/www.youtube.com\/channel\/UCHYaeO_n0Db3tjNGudGpXyw"]},{"@type":"Person","@id":"https:\/\/radioljubuski.ba\/#\/schema\/person\/19fc700381a780f69665d7956c469e3b","name":"Radio Ljubu\u0161ki"}]}},"_links":{"self":[{"href":"https:\/\/radioljubuski.ba\/index.php\/wp-json\/wp\/v2\/posts\/193774","targetHints":{"allow":["GET"]}}],"collection":[{"href":"https:\/\/radioljubuski.ba\/index.php\/wp-json\/wp\/v2\/posts"}],"about":[{"href":"https:\/\/radioljubuski.ba\/index.php\/wp-json\/wp\/v2\/types\/post"}],"author":[{"embeddable":true,"href":"https:\/\/radioljubuski.ba\/index.php\/wp-json\/wp\/v2\/users\/2"}],"replies":[{"embeddable":true,"href":"https:\/\/radioljubuski.ba\/index.php\/wp-json\/wp\/v2\/comments?post=193774"}],"version-history":[{"count":2,"href":"https:\/\/radioljubuski.ba\/index.php\/wp-json\/wp\/v2\/posts\/193774\/revisions"}],"predecessor-version":[{"id":193778,"href":"https:\/\/radioljubuski.ba\/index.php\/wp-json\/wp\/v2\/posts\/193774\/revisions\/193778"}],"wp:featuredmedia":[{"embeddable":true,"href":"https:\/\/radioljubuski.ba\/index.php\/wp-json\/wp\/v2\/media\/193775"}],"wp:attachment":[{"href":"https:\/\/radioljubuski.ba\/index.php\/wp-json\/wp\/v2\/media?parent=193774"}],"wp:term":[{"taxonomy":"category","embeddable":true,"href":"https:\/\/radioljubuski.ba\/index.php\/wp-json\/wp\/v2\/categories?post=193774"},{"taxonomy":"post_tag","embeddable":true,"href":"https:\/\/radioljubuski.ba\/index.php\/wp-json\/wp\/v2\/tags?post=193774"}],"curies":[{"name":"wp","href":"https:\/\/api.w.org\/{rel}","templated":true}]}}