{"id":193782,"date":"2023-08-04T15:33:44","date_gmt":"2023-08-04T14:33:44","guid":{"rendered":"https:\/\/radioljubuski.ba\/?p=193782"},"modified":"2023-08-04T15:39:00","modified_gmt":"2023-08-04T14:39:00","slug":"upozorenje-agencije-za-vodno-podrucje-jadranskog-mora-o-izvanrednom-hidroloskom-stanju","status":"publish","type":"post","link":"https:\/\/radioljubuski.ba\/index.php\/2023\/08\/04\/upozorenje-agencije-za-vodno-podrucje-jadranskog-mora-o-izvanrednom-hidroloskom-stanju\/","title":{"rendered":"Upozorenje Agencije za vodno podru\u010dje Jadranskog mora o izvanrednom hidrolo\u0161kom stanju u ZH\u017d i HN\u017d"},"content":{"rendered":"\n<p>Upozorenje Agencije za vodno podru\u010dje Jadranskog mora o izvanrednom hidrolo\u0161kom stanju<\/p>\n\n\n\n<p>Agencija za vodno podru\u010dje Jadranskog mora Mostar izdala je obavijest o izvanrednom hidrolo\u0161kom stanju za 4. i 5. kolovoza.<\/p>\n\n\n\n<p>Kako se navodi u obavijesti, uslijed najavljenih jakih lokalnih pljuskova, pra\u0107enih grmljavinom i jakim udarima vjetra, lokalno je mogu\u0107a pojava grada koje se o\u010dekuju u narednim danima, a na ve\u0107ini hidrolo\u0161kih postaja na vodnom podru\u010dju Jadranskog mora prognozira se porast vodostaja. <\/p>\n\n\n\n<p>Obavijest o prognozi mogu\u0107ih pove\u0107anja vodostaja, te pojavi mogu\u0107ih buji\u010dnih tokova obuhva\u0107a op\u0107ine i gradove: <\/p>\n\n\n\n<p>Konjic, Jablanica, Mostar, \u010capljina, Grude, Ljubu\u0161ki, \u0160iroki Brijeg.<\/p>\n\n\n\n<p> Dodatni oprez<\/p>\n\n\n\n<p>Mjerodavnim institucijama savjetuje se da prate situaciju i postupaju u skladu s ovlastima, pridr\u017eavaju\u0107i se Federalnog operativnog plana obrane od poplava, a slu\u017ebama koje provode mjere za\u0161tite, spa\u0161avanja ljudi i materijalnih dobara preporu\u010da se dodatni oprez. Mjerodavne slu\u017ebe civilne za\u0161tite trebaju upozoriti stanovni\u0161tvo na podru\u010djima uz rijeke koje nemaju izgra\u0111ene za\u0161titne vodne objekte na opasnost prilaska obalama uslijed mogu\u0107ih pove\u0107anja dubina i brzine protoka vode u rijekama, te pravovremeno dati obavijest s uputama i smjernicama za pona\u0161anje kako bi stanovni\u0161tvo bilo u mogu\u0107nosti provesti mjere u cilju smanjenja eventualnih \u0161teta od \u0161tetnog djelovanja voda. <\/p>\n\n\n\n<p>Iz Agencije za vodno podru\u010dje Jadranskog mora Mostar napominju kako se obavijest izdaje na osnovu prognoziranih podataka padalina, te eventualne promjene vremenske prognoze mogu utjecati i na prognozirano hidrolo\u0161ko stanje. <\/p>\n\n\n\n<p><\/p>\n","protected":false},"excerpt":{"rendered":"<p>Upozorenje Agencije za vodno podru\u010dje Jadranskog mora o izvanrednom hidrolo\u0161kom stanju Agencija za vodno podru\u010dje Jadranskog mora Mostar izdala je obavijest o izvanrednom hidrolo\u0161kom stanju za 4. i 5. kolovoza. Kako se navodi u obavijesti, uslijed najavljenih jakih lokalnih pljuskova, pra\u0107enih grmljavinom i jakim udarima vjetra, lokalno je mogu\u0107a pojava grada koje se o\u010dekuju u [&hellip;]<\/p>\n","protected":false},"author":2,"featured_media":193783,"comment_status":"closed","ping_status":"closed","sticky":false,"template":"","format":"standard","meta":{"h5ap_radio_sources":[],"footnotes":""},"categories":[3,30],"tags":[],"class_list":["post-193782","post","type-post","status-publish","format-standard","has-post-thumbnail","hentry","category-ljubuski","category-zupanija-zapadnohercegovacka"],"yoast_head":"<!-- This site is optimized with the Yoast SEO plugin v27.4 - https:\/\/yoast.com\/product\/yoast-seo-wordpress\/ -->\n<title>Upozorenje Agencije za vodno podru\u010dje Jadranskog mora o izvanrednom hidrolo\u0161kom stanju u ZH\u017d i HN\u017d - RADIO LJUBU\u0160KI<\/title>\n<meta name=\"robots\" content=\"index, follow, max-snippet:-1, max-image-preview:large, max-video-preview:-1\" \/>\n<link rel=\"canonical\" href=\"https:\/\/radioljubuski.ba\/index.php\/2023\/08\/04\/upozorenje-agencije-za-vodno-podrucje-jadranskog-mora-o-izvanrednom-hidroloskom-stanju\/\" \/>\n<meta property=\"og:locale\" content=\"hr_HR\" \/>\n<meta property=\"og:type\" content=\"article\" \/>\n<meta property=\"og:title\" content=\"Upozorenje Agencije za vodno podru\u010dje Jadranskog mora o izvanrednom hidrolo\u0161kom stanju u ZH\u017d i HN\u017d - RADIO LJUBU\u0160KI\" \/>\n<meta property=\"og:description\" content=\"Upozorenje Agencije za vodno podru\u010dje Jadranskog mora o izvanrednom hidrolo\u0161kom stanju Agencija za vodno podru\u010dje Jadranskog mora Mostar izdala je obavijest o izvanrednom hidrolo\u0161kom stanju za 4. i 5. kolovoza. Kako se navodi u obavijesti, uslijed najavljenih jakih lokalnih pljuskova, pra\u0107enih grmljavinom i jakim udarima vjetra, lokalno je mogu\u0107a pojava grada koje se o\u010dekuju u [&hellip;]\" \/>\n<meta property=\"og:url\" content=\"https:\/\/radioljubuski.ba\/index.php\/2023\/08\/04\/upozorenje-agencije-za-vodno-podrucje-jadranskog-mora-o-izvanrednom-hidroloskom-stanju\/\" \/>\n<meta property=\"og:site_name\" content=\"RADIO LJUBU\u0160KI\" \/>\n<meta property=\"article:publisher\" content=\"https:\/\/www.facebook.com\/Radiio-Ljubuski-1490835324566332\" \/>\n<meta property=\"article:published_time\" content=\"2023-08-04T14:33:44+00:00\" \/>\n<meta property=\"article:modified_time\" content=\"2023-08-04T14:39:00+00:00\" \/>\n<meta property=\"og:image\" content=\"https:\/\/radioljubuski.ba\/wp-content\/uploads\/2023\/08\/png_20230804_162910_0000.png\" \/>\n\t<meta property=\"og:image:width\" content=\"940\" \/>\n\t<meta property=\"og:image:height\" content=\"788\" \/>\n\t<meta property=\"og:image:type\" content=\"image\/png\" \/>\n<meta name=\"author\" content=\"Radio Ljubu\u0161ki\" \/>\n<meta name=\"twitter:card\" content=\"summary_large_image\" \/>\n<meta name=\"twitter:creator\" content=\"@radioljubuski\" \/>\n<meta name=\"twitter:site\" content=\"@radioljubuski\" \/>\n<meta name=\"twitter:label1\" content=\"Napisao\/la\" \/>\n\t<meta name=\"twitter:data1\" content=\"Radio Ljubu\u0161ki\" \/>\n\t<meta name=\"twitter:label2\" content=\"Procijenjeno vrijeme \u010ditanja\" \/>\n\t<meta name=\"twitter:data2\" content=\"2 minute\" \/>\n<script type=\"application\/ld+json\" class=\"yoast-schema-graph\">{\"@context\":\"https:\\\/\\\/schema.org\",\"@graph\":[{\"@type\":\"Article\",\"@id\":\"https:\\\/\\\/radioljubuski.ba\\\/index.php\\\/2023\\\/08\\\/04\\\/upozorenje-agencije-za-vodno-podrucje-jadranskog-mora-o-izvanrednom-hidroloskom-stanju\\\/#article\",\"isPartOf\":{\"@id\":\"https:\\\/\\\/radioljubuski.ba\\\/index.php\\\/2023\\\/08\\\/04\\\/upozorenje-agencije-za-vodno-podrucje-jadranskog-mora-o-izvanrednom-hidroloskom-stanju\\\/\"},\"author\":{\"name\":\"Radio Ljubu\u0161ki\",\"@id\":\"https:\\\/\\\/radioljubuski.ba\\\/#\\\/schema\\\/person\\\/19fc700381a780f69665d7956c469e3b\"},\"headline\":\"Upozorenje Agencije za vodno podru\u010dje Jadranskog mora o izvanrednom hidrolo\u0161kom stanju u ZH\u017d i HN\u017d\",\"datePublished\":\"2023-08-04T14:33:44+00:00\",\"dateModified\":\"2023-08-04T14:39:00+00:00\",\"mainEntityOfPage\":{\"@id\":\"https:\\\/\\\/radioljubuski.ba\\\/index.php\\\/2023\\\/08\\\/04\\\/upozorenje-agencije-za-vodno-podrucje-jadranskog-mora-o-izvanrednom-hidroloskom-stanju\\\/\"},\"wordCount\":271,\"publisher\":{\"@id\":\"https:\\\/\\\/radioljubuski.ba\\\/#organization\"},\"image\":{\"@id\":\"https:\\\/\\\/radioljubuski.ba\\\/index.php\\\/2023\\\/08\\\/04\\\/upozorenje-agencije-za-vodno-podrucje-jadranskog-mora-o-izvanrednom-hidroloskom-stanju\\\/#primaryimage\"},\"thumbnailUrl\":\"https:\\\/\\\/radioljubuski.ba\\\/wp-content\\\/uploads\\\/2023\\\/08\\\/png_20230804_162910_0000.png\",\"articleSection\":[\"Ljubu\u0161ki\",\"\u017dupanija Zapadnohercegova\u010dka\"],\"inLanguage\":\"hr\"},{\"@type\":\"WebPage\",\"@id\":\"https:\\\/\\\/radioljubuski.ba\\\/index.php\\\/2023\\\/08\\\/04\\\/upozorenje-agencije-za-vodno-podrucje-jadranskog-mora-o-izvanrednom-hidroloskom-stanju\\\/\",\"url\":\"https:\\\/\\\/radioljubuski.ba\\\/index.php\\\/2023\\\/08\\\/04\\\/upozorenje-agencije-za-vodno-podrucje-jadranskog-mora-o-izvanrednom-hidroloskom-stanju\\\/\",\"name\":\"Upozorenje Agencije za vodno podru\u010dje Jadranskog mora o izvanrednom hidrolo\u0161kom stanju u ZH\u017d i HN\u017d - RADIO LJUBU\u0160KI\",\"isPartOf\":{\"@id\":\"https:\\\/\\\/radioljubuski.ba\\\/#website\"},\"primaryImageOfPage\":{\"@id\":\"https:\\\/\\\/radioljubuski.ba\\\/index.php\\\/2023\\\/08\\\/04\\\/upozorenje-agencije-za-vodno-podrucje-jadranskog-mora-o-izvanrednom-hidroloskom-stanju\\\/#primaryimage\"},\"image\":{\"@id\":\"https:\\\/\\\/radioljubuski.ba\\\/index.php\\\/2023\\\/08\\\/04\\\/upozorenje-agencije-za-vodno-podrucje-jadranskog-mora-o-izvanrednom-hidroloskom-stanju\\\/#primaryimage\"},\"thumbnailUrl\":\"https:\\\/\\\/radioljubuski.ba\\\/wp-content\\\/uploads\\\/2023\\\/08\\\/png_20230804_162910_0000.png\",\"datePublished\":\"2023-08-04T14:33:44+00:00\",\"dateModified\":\"2023-08-04T14:39:00+00:00\",\"breadcrumb\":{\"@id\":\"https:\\\/\\\/radioljubuski.ba\\\/index.php\\\/2023\\\/08\\\/04\\\/upozorenje-agencije-za-vodno-podrucje-jadranskog-mora-o-izvanrednom-hidroloskom-stanju\\\/#breadcrumb\"},\"inLanguage\":\"hr\",\"potentialAction\":[{\"@type\":\"ReadAction\",\"target\":[\"https:\\\/\\\/radioljubuski.ba\\\/index.php\\\/2023\\\/08\\\/04\\\/upozorenje-agencije-za-vodno-podrucje-jadranskog-mora-o-izvanrednom-hidroloskom-stanju\\\/\"]}]},{\"@type\":\"ImageObject\",\"inLanguage\":\"hr\",\"@id\":\"https:\\\/\\\/radioljubuski.ba\\\/index.php\\\/2023\\\/08\\\/04\\\/upozorenje-agencije-za-vodno-podrucje-jadranskog-mora-o-izvanrednom-hidroloskom-stanju\\\/#primaryimage\",\"url\":\"https:\\\/\\\/radioljubuski.ba\\\/wp-content\\\/uploads\\\/2023\\\/08\\\/png_20230804_162910_0000.png\",\"contentUrl\":\"https:\\\/\\\/radioljubuski.ba\\\/wp-content\\\/uploads\\\/2023\\\/08\\\/png_20230804_162910_0000.png\",\"width\":940,\"height\":788},{\"@type\":\"BreadcrumbList\",\"@id\":\"https:\\\/\\\/radioljubuski.ba\\\/index.php\\\/2023\\\/08\\\/04\\\/upozorenje-agencije-za-vodno-podrucje-jadranskog-mora-o-izvanrednom-hidroloskom-stanju\\\/#breadcrumb\",\"itemListElement\":[{\"@type\":\"ListItem\",\"position\":1,\"name\":\"Po\u010detna stranica\",\"item\":\"https:\\\/\\\/radioljubuski.ba\\\/\"},{\"@type\":\"ListItem\",\"position\":2,\"name\":\"Upozorenje Agencije za vodno podru\u010dje Jadranskog mora o izvanrednom hidrolo\u0161kom stanju u ZH\u017d i HN\u017d\"}]},{\"@type\":\"WebSite\",\"@id\":\"https:\\\/\\\/radioljubuski.ba\\\/#website\",\"url\":\"https:\\\/\\\/radioljubuski.ba\\\/\",\"name\":\"Radio Ljubu\u0161ki\",\"description\":\"Sun\u010dana frekvencija Hercegovine\",\"publisher\":{\"@id\":\"https:\\\/\\\/radioljubuski.ba\\\/#organization\"},\"potentialAction\":[{\"@type\":\"SearchAction\",\"target\":{\"@type\":\"EntryPoint\",\"urlTemplate\":\"https:\\\/\\\/radioljubuski.ba\\\/?s={search_term_string}\"},\"query-input\":{\"@type\":\"PropertyValueSpecification\",\"valueRequired\":true,\"valueName\":\"search_term_string\"}}],\"inLanguage\":\"hr\"},{\"@type\":\"Organization\",\"@id\":\"https:\\\/\\\/radioljubuski.ba\\\/#organization\",\"name\":\"Radio Ljubu\u0161ki\",\"url\":\"https:\\\/\\\/radioljubuski.ba\\\/\",\"logo\":{\"@type\":\"ImageObject\",\"inLanguage\":\"hr\",\"@id\":\"https:\\\/\\\/radioljubuski.ba\\\/#\\\/schema\\\/logo\\\/image\\\/\",\"url\":\"https:\\\/\\\/radioljubuski.ba\\\/wp-content\\\/uploads\\\/2021\\\/02\\\/cropped-Radio_Ljubuski_logo1.jpg\",\"contentUrl\":\"https:\\\/\\\/radioljubuski.ba\\\/wp-content\\\/uploads\\\/2021\\\/02\\\/cropped-Radio_Ljubuski_logo1.jpg\",\"width\":512,\"height\":512,\"caption\":\"Radio Ljubu\u0161ki\"},\"image\":{\"@id\":\"https:\\\/\\\/radioljubuski.ba\\\/#\\\/schema\\\/logo\\\/image\\\/\"},\"sameAs\":[\"https:\\\/\\\/www.facebook.com\\\/Radiio-Ljubuski-1490835324566332\",\"https:\\\/\\\/x.com\\\/radioljubuski\",\"https:\\\/\\\/hr.linkedin.com\\\/company\\\/radio-ljubuski\",\"https:\\\/\\\/www.youtube.com\\\/channel\\\/UCHYaeO_n0Db3tjNGudGpXyw\"]},{\"@type\":\"Person\",\"@id\":\"https:\\\/\\\/radioljubuski.ba\\\/#\\\/schema\\\/person\\\/19fc700381a780f69665d7956c469e3b\",\"name\":\"Radio Ljubu\u0161ki\"}]}<\/script>\n<!-- \/ Yoast SEO plugin. -->","yoast_head_json":{"title":"Upozorenje Agencije za vodno podru\u010dje Jadranskog mora o izvanrednom hidrolo\u0161kom stanju u ZH\u017d i HN\u017d - RADIO LJUBU\u0160KI","robots":{"index":"index","follow":"follow","max-snippet":"max-snippet:-1","max-image-preview":"max-image-preview:large","max-video-preview":"max-video-preview:-1"},"canonical":"https:\/\/radioljubuski.ba\/index.php\/2023\/08\/04\/upozorenje-agencije-za-vodno-podrucje-jadranskog-mora-o-izvanrednom-hidroloskom-stanju\/","og_locale":"hr_HR","og_type":"article","og_title":"Upozorenje Agencije za vodno podru\u010dje Jadranskog mora o izvanrednom hidrolo\u0161kom stanju u ZH\u017d i HN\u017d - RADIO LJUBU\u0160KI","og_description":"Upozorenje Agencije za vodno podru\u010dje Jadranskog mora o izvanrednom hidrolo\u0161kom stanju Agencija za vodno podru\u010dje Jadranskog mora Mostar izdala je obavijest o izvanrednom hidrolo\u0161kom stanju za 4. i 5. kolovoza. Kako se navodi u obavijesti, uslijed najavljenih jakih lokalnih pljuskova, pra\u0107enih grmljavinom i jakim udarima vjetra, lokalno je mogu\u0107a pojava grada koje se o\u010dekuju u [&hellip;]","og_url":"https:\/\/radioljubuski.ba\/index.php\/2023\/08\/04\/upozorenje-agencije-za-vodno-podrucje-jadranskog-mora-o-izvanrednom-hidroloskom-stanju\/","og_site_name":"RADIO LJUBU\u0160KI","article_publisher":"https:\/\/www.facebook.com\/Radiio-Ljubuski-1490835324566332","article_published_time":"2023-08-04T14:33:44+00:00","article_modified_time":"2023-08-04T14:39:00+00:00","og_image":[{"width":940,"height":788,"url":"https:\/\/radioljubuski.ba\/wp-content\/uploads\/2023\/08\/png_20230804_162910_0000.png","type":"image\/png"}],"author":"Radio Ljubu\u0161ki","twitter_card":"summary_large_image","twitter_creator":"@radioljubuski","twitter_site":"@radioljubuski","twitter_misc":{"Napisao\/la":"Radio Ljubu\u0161ki","Procijenjeno vrijeme \u010ditanja":"2 minute"},"schema":{"@context":"https:\/\/schema.org","@graph":[{"@type":"Article","@id":"https:\/\/radioljubuski.ba\/index.php\/2023\/08\/04\/upozorenje-agencije-za-vodno-podrucje-jadranskog-mora-o-izvanrednom-hidroloskom-stanju\/#article","isPartOf":{"@id":"https:\/\/radioljubuski.ba\/index.php\/2023\/08\/04\/upozorenje-agencije-za-vodno-podrucje-jadranskog-mora-o-izvanrednom-hidroloskom-stanju\/"},"author":{"name":"Radio Ljubu\u0161ki","@id":"https:\/\/radioljubuski.ba\/#\/schema\/person\/19fc700381a780f69665d7956c469e3b"},"headline":"Upozorenje Agencije za vodno podru\u010dje Jadranskog mora o izvanrednom hidrolo\u0161kom stanju u ZH\u017d i HN\u017d","datePublished":"2023-08-04T14:33:44+00:00","dateModified":"2023-08-04T14:39:00+00:00","mainEntityOfPage":{"@id":"https:\/\/radioljubuski.ba\/index.php\/2023\/08\/04\/upozorenje-agencije-za-vodno-podrucje-jadranskog-mora-o-izvanrednom-hidroloskom-stanju\/"},"wordCount":271,"publisher":{"@id":"https:\/\/radioljubuski.ba\/#organization"},"image":{"@id":"https:\/\/radioljubuski.ba\/index.php\/2023\/08\/04\/upozorenje-agencije-za-vodno-podrucje-jadranskog-mora-o-izvanrednom-hidroloskom-stanju\/#primaryimage"},"thumbnailUrl":"https:\/\/radioljubuski.ba\/wp-content\/uploads\/2023\/08\/png_20230804_162910_0000.png","articleSection":["Ljubu\u0161ki","\u017dupanija Zapadnohercegova\u010dka"],"inLanguage":"hr"},{"@type":"WebPage","@id":"https:\/\/radioljubuski.ba\/index.php\/2023\/08\/04\/upozorenje-agencije-za-vodno-podrucje-jadranskog-mora-o-izvanrednom-hidroloskom-stanju\/","url":"https:\/\/radioljubuski.ba\/index.php\/2023\/08\/04\/upozorenje-agencije-za-vodno-podrucje-jadranskog-mora-o-izvanrednom-hidroloskom-stanju\/","name":"Upozorenje Agencije za vodno podru\u010dje Jadranskog mora o izvanrednom hidrolo\u0161kom stanju u ZH\u017d i HN\u017d - RADIO LJUBU\u0160KI","isPartOf":{"@id":"https:\/\/radioljubuski.ba\/#website"},"primaryImageOfPage":{"@id":"https:\/\/radioljubuski.ba\/index.php\/2023\/08\/04\/upozorenje-agencije-za-vodno-podrucje-jadranskog-mora-o-izvanrednom-hidroloskom-stanju\/#primaryimage"},"image":{"@id":"https:\/\/radioljubuski.ba\/index.php\/2023\/08\/04\/upozorenje-agencije-za-vodno-podrucje-jadranskog-mora-o-izvanrednom-hidroloskom-stanju\/#primaryimage"},"thumbnailUrl":"https:\/\/radioljubuski.ba\/wp-content\/uploads\/2023\/08\/png_20230804_162910_0000.png","datePublished":"2023-08-04T14:33:44+00:00","dateModified":"2023-08-04T14:39:00+00:00","breadcrumb":{"@id":"https:\/\/radioljubuski.ba\/index.php\/2023\/08\/04\/upozorenje-agencije-za-vodno-podrucje-jadranskog-mora-o-izvanrednom-hidroloskom-stanju\/#breadcrumb"},"inLanguage":"hr","potentialAction":[{"@type":"ReadAction","target":["https:\/\/radioljubuski.ba\/index.php\/2023\/08\/04\/upozorenje-agencije-za-vodno-podrucje-jadranskog-mora-o-izvanrednom-hidroloskom-stanju\/"]}]},{"@type":"ImageObject","inLanguage":"hr","@id":"https:\/\/radioljubuski.ba\/index.php\/2023\/08\/04\/upozorenje-agencije-za-vodno-podrucje-jadranskog-mora-o-izvanrednom-hidroloskom-stanju\/#primaryimage","url":"https:\/\/radioljubuski.ba\/wp-content\/uploads\/2023\/08\/png_20230804_162910_0000.png","contentUrl":"https:\/\/radioljubuski.ba\/wp-content\/uploads\/2023\/08\/png_20230804_162910_0000.png","width":940,"height":788},{"@type":"BreadcrumbList","@id":"https:\/\/radioljubuski.ba\/index.php\/2023\/08\/04\/upozorenje-agencije-za-vodno-podrucje-jadranskog-mora-o-izvanrednom-hidroloskom-stanju\/#breadcrumb","itemListElement":[{"@type":"ListItem","position":1,"name":"Po\u010detna stranica","item":"https:\/\/radioljubuski.ba\/"},{"@type":"ListItem","position":2,"name":"Upozorenje Agencije za vodno podru\u010dje Jadranskog mora o izvanrednom hidrolo\u0161kom stanju u ZH\u017d i HN\u017d"}]},{"@type":"WebSite","@id":"https:\/\/radioljubuski.ba\/#website","url":"https:\/\/radioljubuski.ba\/","name":"Radio Ljubu\u0161ki","description":"Sun\u010dana frekvencija Hercegovine","publisher":{"@id":"https:\/\/radioljubuski.ba\/#organization"},"potentialAction":[{"@type":"SearchAction","target":{"@type":"EntryPoint","urlTemplate":"https:\/\/radioljubuski.ba\/?s={search_term_string}"},"query-input":{"@type":"PropertyValueSpecification","valueRequired":true,"valueName":"search_term_string"}}],"inLanguage":"hr"},{"@type":"Organization","@id":"https:\/\/radioljubuski.ba\/#organization","name":"Radio Ljubu\u0161ki","url":"https:\/\/radioljubuski.ba\/","logo":{"@type":"ImageObject","inLanguage":"hr","@id":"https:\/\/radioljubuski.ba\/#\/schema\/logo\/image\/","url":"https:\/\/radioljubuski.ba\/wp-content\/uploads\/2021\/02\/cropped-Radio_Ljubuski_logo1.jpg","contentUrl":"https:\/\/radioljubuski.ba\/wp-content\/uploads\/2021\/02\/cropped-Radio_Ljubuski_logo1.jpg","width":512,"height":512,"caption":"Radio Ljubu\u0161ki"},"image":{"@id":"https:\/\/radioljubuski.ba\/#\/schema\/logo\/image\/"},"sameAs":["https:\/\/www.facebook.com\/Radiio-Ljubuski-1490835324566332","https:\/\/x.com\/radioljubuski","https:\/\/hr.linkedin.com\/company\/radio-ljubuski","https:\/\/www.youtube.com\/channel\/UCHYaeO_n0Db3tjNGudGpXyw"]},{"@type":"Person","@id":"https:\/\/radioljubuski.ba\/#\/schema\/person\/19fc700381a780f69665d7956c469e3b","name":"Radio Ljubu\u0161ki"}]}},"_links":{"self":[{"href":"https:\/\/radioljubuski.ba\/index.php\/wp-json\/wp\/v2\/posts\/193782","targetHints":{"allow":["GET"]}}],"collection":[{"href":"https:\/\/radioljubuski.ba\/index.php\/wp-json\/wp\/v2\/posts"}],"about":[{"href":"https:\/\/radioljubuski.ba\/index.php\/wp-json\/wp\/v2\/types\/post"}],"author":[{"embeddable":true,"href":"https:\/\/radioljubuski.ba\/index.php\/wp-json\/wp\/v2\/users\/2"}],"replies":[{"embeddable":true,"href":"https:\/\/radioljubuski.ba\/index.php\/wp-json\/wp\/v2\/comments?post=193782"}],"version-history":[{"count":2,"href":"https:\/\/radioljubuski.ba\/index.php\/wp-json\/wp\/v2\/posts\/193782\/revisions"}],"predecessor-version":[{"id":193785,"href":"https:\/\/radioljubuski.ba\/index.php\/wp-json\/wp\/v2\/posts\/193782\/revisions\/193785"}],"wp:featuredmedia":[{"embeddable":true,"href":"https:\/\/radioljubuski.ba\/index.php\/wp-json\/wp\/v2\/media\/193783"}],"wp:attachment":[{"href":"https:\/\/radioljubuski.ba\/index.php\/wp-json\/wp\/v2\/media?parent=193782"}],"wp:term":[{"taxonomy":"category","embeddable":true,"href":"https:\/\/radioljubuski.ba\/index.php\/wp-json\/wp\/v2\/categories?post=193782"},{"taxonomy":"post_tag","embeddable":true,"href":"https:\/\/radioljubuski.ba\/index.php\/wp-json\/wp\/v2\/tags?post=193782"}],"curies":[{"name":"wp","href":"https:\/\/api.w.org\/{rel}","templated":true}]}}