{"id":19382,"date":"2021-05-07T16:39:49","date_gmt":"2021-05-07T15:39:49","guid":{"rendered":"https:\/\/radioljubuski.ba\/?p=19382"},"modified":"2021-05-07T16:39:50","modified_gmt":"2021-05-07T15:39:50","slug":"dalic-sosa-je-na-nasem-sirem-popisu-ali-ako-zeli-igrati-za-njemacku-to-je-njegovo-pravo","status":"publish","type":"post","link":"https:\/\/radioljubuski.ba\/index.php\/2021\/05\/07\/dalic-sosa-je-na-nasem-sirem-popisu-ali-ako-zeli-igrati-za-njemacku-to-je-njegovo-pravo\/","title":{"rendered":"Dali\u0107: Sosa je na na\u0161em \u0161irem popisu, ali ako \u017eeli igrati za Njema\u010dku, to je njegovo pravo"},"content":{"rendered":"\n<p>Borna Sosa je na na\u0161em radaru, redovito pratimo njegove nastupe u klubu i on je sigurno na \u0161irem popisu kandidata za A reprezentaciju, oglasio se hrvatski izbornik Zlatko Dali\u0107 nakon informacije da bi Njema\u010dka mogla preoteti Hrvatskoj mladog lijevog bo\u010dnog.<\/p>\n\n\n\n<p>Sosa jo\u0161 uvijek nije postao Dali\u0107eva opcija za tu poziciju u reprezentaciji, a kad nije njegova, jest za Joachima Lowa koji ga vidi kao budu\u0107nost u njema\u010dkoj reprezentaciji. No, Dali\u0107 \u0107e re\u0107i:<\/p>\n\n\n\n<p>&#8211; Borna je bio aktivan \u010dlan mladih hrvatskih reprezentacija s kojima je postizao uspjehe, \u0161to je najbolji put do A reprezentacije. Od Borne o\u010dekujemo da nastavi s dobrim igrama u Stuttgartu i na taj se na\u010din jo\u0161 vi\u0161e pribli\u017ei A reprezentaciji. Naravno, svaki igra\u010d ima pravo odlu\u010diti koju zemlju \u017eeli predstavljati, ako ima takve opcije.<\/p>\n\n\n\n<p>Nijemci pi\u0161u da je stvar oti\u0161la toliko daleko da ga je Low ve\u0107 stavio na \u0161iri popis za Europsko prvenstvo, a na kojem su 32 igra\u010da.&nbsp; Nijemci trenutno na toj poziciji najvi\u0161e ra\u010dunaju na Robina Gosensa (26) iz Atalante te Philippa Maxa (27), koji su u najboljim godinama, te ne\u0161to starijeg Marcela Halstenberga (29) iz Leipziga.<\/p>\n\n\n\n<p>Izvor:24sata.hr<\/p>\n","protected":false},"excerpt":{"rendered":"<p>Borna Sosa je na na\u0161em radaru, redovito pratimo njegove nastupe u klubu i on je sigurno na \u0161irem popisu kandidata za A reprezentaciju, oglasio se hrvatski izbornik Zlatko Dali\u0107 nakon informacije da bi Njema\u010dka mogla preoteti Hrvatskoj mladog lijevog bo\u010dnog. Sosa jo\u0161 uvijek nije postao Dali\u0107eva opcija za tu poziciju u reprezentaciji, a kad nije [&hellip;]<\/p>\n","protected":false},"author":2,"featured_media":19383,"comment_status":"closed","ping_status":"closed","sticky":false,"template":"","format":"standard","meta":{"h5ap_radio_sources":[],"footnotes":""},"categories":[1],"tags":[],"class_list":["post-19382","post","type-post","status-publish","format-standard","has-post-thumbnail","hentry","category-bihiregija"],"yoast_head":"<!-- This site is optimized with the Yoast SEO plugin v27.5 - https:\/\/yoast.com\/product\/yoast-seo-wordpress\/ -->\n<title>Dali\u0107: Sosa je na na\u0161em \u0161irem popisu, ali ako \u017eeli igrati za Njema\u010dku, to je njegovo pravo - RADIO LJUBU\u0160KI<\/title>\n<meta name=\"robots\" content=\"index, follow, max-snippet:-1, max-image-preview:large, max-video-preview:-1\" \/>\n<link rel=\"canonical\" href=\"https:\/\/radioljubuski.ba\/index.php\/2021\/05\/07\/dalic-sosa-je-na-nasem-sirem-popisu-ali-ako-zeli-igrati-za-njemacku-to-je-njegovo-pravo\/\" \/>\n<meta property=\"og:locale\" content=\"hr_HR\" \/>\n<meta property=\"og:type\" content=\"article\" \/>\n<meta property=\"og:title\" content=\"Dali\u0107: Sosa je na na\u0161em \u0161irem popisu, ali ako \u017eeli igrati za Njema\u010dku, to je njegovo pravo - RADIO LJUBU\u0160KI\" \/>\n<meta property=\"og:description\" content=\"Borna Sosa je na na\u0161em radaru, redovito pratimo njegove nastupe u klubu i on je sigurno na \u0161irem popisu kandidata za A reprezentaciju, oglasio se hrvatski izbornik Zlatko Dali\u0107 nakon informacije da bi Njema\u010dka mogla preoteti Hrvatskoj mladog lijevog bo\u010dnog. Sosa jo\u0161 uvijek nije postao Dali\u0107eva opcija za tu poziciju u reprezentaciji, a kad nije [&hellip;]\" \/>\n<meta property=\"og:url\" content=\"https:\/\/radioljubuski.ba\/index.php\/2021\/05\/07\/dalic-sosa-je-na-nasem-sirem-popisu-ali-ako-zeli-igrati-za-njemacku-to-je-njegovo-pravo\/\" \/>\n<meta property=\"og:site_name\" content=\"RADIO LJUBU\u0160KI\" \/>\n<meta property=\"article:publisher\" content=\"https:\/\/www.facebook.com\/Radiio-Ljubuski-1490835324566332\" \/>\n<meta property=\"article:published_time\" content=\"2021-05-07T15:39:49+00:00\" \/>\n<meta property=\"article:modified_time\" content=\"2021-05-07T15:39:50+00:00\" \/>\n<meta property=\"og:image\" content=\"https:\/\/radioljubuski.ba\/wp-content\/uploads\/2021\/05\/7-2021-05-07-14-58-38-pxl-240321-32280564.jpg\" \/>\n\t<meta property=\"og:image:width\" content=\"1000\" \/>\n\t<meta property=\"og:image:height\" content=\"625\" \/>\n\t<meta property=\"og:image:type\" content=\"image\/jpeg\" \/>\n<meta name=\"author\" content=\"Radio Ljubu\u0161ki\" \/>\n<meta name=\"twitter:card\" content=\"summary_large_image\" \/>\n<meta name=\"twitter:creator\" content=\"@radioljubuski\" \/>\n<meta name=\"twitter:site\" content=\"@radioljubuski\" \/>\n<meta name=\"twitter:label1\" content=\"Napisao\/la\" \/>\n\t<meta name=\"twitter:data1\" content=\"Radio Ljubu\u0161ki\" \/>\n\t<meta name=\"twitter:label2\" content=\"Procijenjeno vrijeme \u010ditanja\" \/>\n\t<meta name=\"twitter:data2\" content=\"1 minuta\" \/>\n<script type=\"application\/ld+json\" class=\"yoast-schema-graph\">{\"@context\":\"https:\\\/\\\/schema.org\",\"@graph\":[{\"@type\":\"Article\",\"@id\":\"https:\\\/\\\/radioljubuski.ba\\\/index.php\\\/2021\\\/05\\\/07\\\/dalic-sosa-je-na-nasem-sirem-popisu-ali-ako-zeli-igrati-za-njemacku-to-je-njegovo-pravo\\\/#article\",\"isPartOf\":{\"@id\":\"https:\\\/\\\/radioljubuski.ba\\\/index.php\\\/2021\\\/05\\\/07\\\/dalic-sosa-je-na-nasem-sirem-popisu-ali-ako-zeli-igrati-za-njemacku-to-je-njegovo-pravo\\\/\"},\"author\":{\"name\":\"Radio Ljubu\u0161ki\",\"@id\":\"https:\\\/\\\/radioljubuski.ba\\\/#\\\/schema\\\/person\\\/19fc700381a780f69665d7956c469e3b\"},\"headline\":\"Dali\u0107: Sosa je na na\u0161em \u0161irem popisu, ali ako \u017eeli igrati za Njema\u010dku, to je njegovo pravo\",\"datePublished\":\"2021-05-07T15:39:49+00:00\",\"dateModified\":\"2021-05-07T15:39:50+00:00\",\"mainEntityOfPage\":{\"@id\":\"https:\\\/\\\/radioljubuski.ba\\\/index.php\\\/2021\\\/05\\\/07\\\/dalic-sosa-je-na-nasem-sirem-popisu-ali-ako-zeli-igrati-za-njemacku-to-je-njegovo-pravo\\\/\"},\"wordCount\":220,\"publisher\":{\"@id\":\"https:\\\/\\\/radioljubuski.ba\\\/#organization\"},\"image\":{\"@id\":\"https:\\\/\\\/radioljubuski.ba\\\/index.php\\\/2021\\\/05\\\/07\\\/dalic-sosa-je-na-nasem-sirem-popisu-ali-ako-zeli-igrati-za-njemacku-to-je-njegovo-pravo\\\/#primaryimage\"},\"thumbnailUrl\":\"https:\\\/\\\/radioljubuski.ba\\\/wp-content\\\/uploads\\\/2021\\\/05\\\/7-2021-05-07-14-58-38-pxl-240321-32280564.jpg\",\"articleSection\":[\"BIH i regija\"],\"inLanguage\":\"hr\"},{\"@type\":\"WebPage\",\"@id\":\"https:\\\/\\\/radioljubuski.ba\\\/index.php\\\/2021\\\/05\\\/07\\\/dalic-sosa-je-na-nasem-sirem-popisu-ali-ako-zeli-igrati-za-njemacku-to-je-njegovo-pravo\\\/\",\"url\":\"https:\\\/\\\/radioljubuski.ba\\\/index.php\\\/2021\\\/05\\\/07\\\/dalic-sosa-je-na-nasem-sirem-popisu-ali-ako-zeli-igrati-za-njemacku-to-je-njegovo-pravo\\\/\",\"name\":\"Dali\u0107: Sosa je na na\u0161em \u0161irem popisu, ali ako \u017eeli igrati za Njema\u010dku, to je njegovo pravo - RADIO LJUBU\u0160KI\",\"isPartOf\":{\"@id\":\"https:\\\/\\\/radioljubuski.ba\\\/#website\"},\"primaryImageOfPage\":{\"@id\":\"https:\\\/\\\/radioljubuski.ba\\\/index.php\\\/2021\\\/05\\\/07\\\/dalic-sosa-je-na-nasem-sirem-popisu-ali-ako-zeli-igrati-za-njemacku-to-je-njegovo-pravo\\\/#primaryimage\"},\"image\":{\"@id\":\"https:\\\/\\\/radioljubuski.ba\\\/index.php\\\/2021\\\/05\\\/07\\\/dalic-sosa-je-na-nasem-sirem-popisu-ali-ako-zeli-igrati-za-njemacku-to-je-njegovo-pravo\\\/#primaryimage\"},\"thumbnailUrl\":\"https:\\\/\\\/radioljubuski.ba\\\/wp-content\\\/uploads\\\/2021\\\/05\\\/7-2021-05-07-14-58-38-pxl-240321-32280564.jpg\",\"datePublished\":\"2021-05-07T15:39:49+00:00\",\"dateModified\":\"2021-05-07T15:39:50+00:00\",\"breadcrumb\":{\"@id\":\"https:\\\/\\\/radioljubuski.ba\\\/index.php\\\/2021\\\/05\\\/07\\\/dalic-sosa-je-na-nasem-sirem-popisu-ali-ako-zeli-igrati-za-njemacku-to-je-njegovo-pravo\\\/#breadcrumb\"},\"inLanguage\":\"hr\",\"potentialAction\":[{\"@type\":\"ReadAction\",\"target\":[\"https:\\\/\\\/radioljubuski.ba\\\/index.php\\\/2021\\\/05\\\/07\\\/dalic-sosa-je-na-nasem-sirem-popisu-ali-ako-zeli-igrati-za-njemacku-to-je-njegovo-pravo\\\/\"]}]},{\"@type\":\"ImageObject\",\"inLanguage\":\"hr\",\"@id\":\"https:\\\/\\\/radioljubuski.ba\\\/index.php\\\/2021\\\/05\\\/07\\\/dalic-sosa-je-na-nasem-sirem-popisu-ali-ako-zeli-igrati-za-njemacku-to-je-njegovo-pravo\\\/#primaryimage\",\"url\":\"https:\\\/\\\/radioljubuski.ba\\\/wp-content\\\/uploads\\\/2021\\\/05\\\/7-2021-05-07-14-58-38-pxl-240321-32280564.jpg\",\"contentUrl\":\"https:\\\/\\\/radioljubuski.ba\\\/wp-content\\\/uploads\\\/2021\\\/05\\\/7-2021-05-07-14-58-38-pxl-240321-32280564.jpg\",\"width\":1000,\"height\":625},{\"@type\":\"BreadcrumbList\",\"@id\":\"https:\\\/\\\/radioljubuski.ba\\\/index.php\\\/2021\\\/05\\\/07\\\/dalic-sosa-je-na-nasem-sirem-popisu-ali-ako-zeli-igrati-za-njemacku-to-je-njegovo-pravo\\\/#breadcrumb\",\"itemListElement\":[{\"@type\":\"ListItem\",\"position\":1,\"name\":\"Po\u010detna stranica\",\"item\":\"https:\\\/\\\/radioljubuski.ba\\\/\"},{\"@type\":\"ListItem\",\"position\":2,\"name\":\"Dali\u0107: Sosa je na na\u0161em \u0161irem popisu, ali ako \u017eeli igrati za Njema\u010dku, to je njegovo pravo\"}]},{\"@type\":\"WebSite\",\"@id\":\"https:\\\/\\\/radioljubuski.ba\\\/#website\",\"url\":\"https:\\\/\\\/radioljubuski.ba\\\/\",\"name\":\"Radio Ljubu\u0161ki\",\"description\":\"Sun\u010dana frekvencija Hercegovine\",\"publisher\":{\"@id\":\"https:\\\/\\\/radioljubuski.ba\\\/#organization\"},\"potentialAction\":[{\"@type\":\"SearchAction\",\"target\":{\"@type\":\"EntryPoint\",\"urlTemplate\":\"https:\\\/\\\/radioljubuski.ba\\\/?s={search_term_string}\"},\"query-input\":{\"@type\":\"PropertyValueSpecification\",\"valueRequired\":true,\"valueName\":\"search_term_string\"}}],\"inLanguage\":\"hr\"},{\"@type\":\"Organization\",\"@id\":\"https:\\\/\\\/radioljubuski.ba\\\/#organization\",\"name\":\"Radio Ljubu\u0161ki\",\"url\":\"https:\\\/\\\/radioljubuski.ba\\\/\",\"logo\":{\"@type\":\"ImageObject\",\"inLanguage\":\"hr\",\"@id\":\"https:\\\/\\\/radioljubuski.ba\\\/#\\\/schema\\\/logo\\\/image\\\/\",\"url\":\"https:\\\/\\\/radioljubuski.ba\\\/wp-content\\\/uploads\\\/2021\\\/02\\\/cropped-Radio_Ljubuski_logo1.jpg\",\"contentUrl\":\"https:\\\/\\\/radioljubuski.ba\\\/wp-content\\\/uploads\\\/2021\\\/02\\\/cropped-Radio_Ljubuski_logo1.jpg\",\"width\":512,\"height\":512,\"caption\":\"Radio Ljubu\u0161ki\"},\"image\":{\"@id\":\"https:\\\/\\\/radioljubuski.ba\\\/#\\\/schema\\\/logo\\\/image\\\/\"},\"sameAs\":[\"https:\\\/\\\/www.facebook.com\\\/Radiio-Ljubuski-1490835324566332\",\"https:\\\/\\\/x.com\\\/radioljubuski\",\"https:\\\/\\\/hr.linkedin.com\\\/company\\\/radio-ljubuski\",\"https:\\\/\\\/www.youtube.com\\\/channel\\\/UCHYaeO_n0Db3tjNGudGpXyw\"]},{\"@type\":\"Person\",\"@id\":\"https:\\\/\\\/radioljubuski.ba\\\/#\\\/schema\\\/person\\\/19fc700381a780f69665d7956c469e3b\",\"name\":\"Radio Ljubu\u0161ki\"}]}<\/script>\n<!-- \/ Yoast SEO plugin. -->","yoast_head_json":{"title":"Dali\u0107: Sosa je na na\u0161em \u0161irem popisu, ali ako \u017eeli igrati za Njema\u010dku, to je njegovo pravo - RADIO LJUBU\u0160KI","robots":{"index":"index","follow":"follow","max-snippet":"max-snippet:-1","max-image-preview":"max-image-preview:large","max-video-preview":"max-video-preview:-1"},"canonical":"https:\/\/radioljubuski.ba\/index.php\/2021\/05\/07\/dalic-sosa-je-na-nasem-sirem-popisu-ali-ako-zeli-igrati-za-njemacku-to-je-njegovo-pravo\/","og_locale":"hr_HR","og_type":"article","og_title":"Dali\u0107: Sosa je na na\u0161em \u0161irem popisu, ali ako \u017eeli igrati za Njema\u010dku, to je njegovo pravo - RADIO LJUBU\u0160KI","og_description":"Borna Sosa je na na\u0161em radaru, redovito pratimo njegove nastupe u klubu i on je sigurno na \u0161irem popisu kandidata za A reprezentaciju, oglasio se hrvatski izbornik Zlatko Dali\u0107 nakon informacije da bi Njema\u010dka mogla preoteti Hrvatskoj mladog lijevog bo\u010dnog. Sosa jo\u0161 uvijek nije postao Dali\u0107eva opcija za tu poziciju u reprezentaciji, a kad nije [&hellip;]","og_url":"https:\/\/radioljubuski.ba\/index.php\/2021\/05\/07\/dalic-sosa-je-na-nasem-sirem-popisu-ali-ako-zeli-igrati-za-njemacku-to-je-njegovo-pravo\/","og_site_name":"RADIO LJUBU\u0160KI","article_publisher":"https:\/\/www.facebook.com\/Radiio-Ljubuski-1490835324566332","article_published_time":"2021-05-07T15:39:49+00:00","article_modified_time":"2021-05-07T15:39:50+00:00","og_image":[{"width":1000,"height":625,"url":"https:\/\/radioljubuski.ba\/wp-content\/uploads\/2021\/05\/7-2021-05-07-14-58-38-pxl-240321-32280564.jpg","type":"image\/jpeg"}],"author":"Radio Ljubu\u0161ki","twitter_card":"summary_large_image","twitter_creator":"@radioljubuski","twitter_site":"@radioljubuski","twitter_misc":{"Napisao\/la":"Radio Ljubu\u0161ki","Procijenjeno vrijeme \u010ditanja":"1 minuta"},"schema":{"@context":"https:\/\/schema.org","@graph":[{"@type":"Article","@id":"https:\/\/radioljubuski.ba\/index.php\/2021\/05\/07\/dalic-sosa-je-na-nasem-sirem-popisu-ali-ako-zeli-igrati-za-njemacku-to-je-njegovo-pravo\/#article","isPartOf":{"@id":"https:\/\/radioljubuski.ba\/index.php\/2021\/05\/07\/dalic-sosa-je-na-nasem-sirem-popisu-ali-ako-zeli-igrati-za-njemacku-to-je-njegovo-pravo\/"},"author":{"name":"Radio Ljubu\u0161ki","@id":"https:\/\/radioljubuski.ba\/#\/schema\/person\/19fc700381a780f69665d7956c469e3b"},"headline":"Dali\u0107: Sosa je na na\u0161em \u0161irem popisu, ali ako \u017eeli igrati za Njema\u010dku, to je njegovo pravo","datePublished":"2021-05-07T15:39:49+00:00","dateModified":"2021-05-07T15:39:50+00:00","mainEntityOfPage":{"@id":"https:\/\/radioljubuski.ba\/index.php\/2021\/05\/07\/dalic-sosa-je-na-nasem-sirem-popisu-ali-ako-zeli-igrati-za-njemacku-to-je-njegovo-pravo\/"},"wordCount":220,"publisher":{"@id":"https:\/\/radioljubuski.ba\/#organization"},"image":{"@id":"https:\/\/radioljubuski.ba\/index.php\/2021\/05\/07\/dalic-sosa-je-na-nasem-sirem-popisu-ali-ako-zeli-igrati-za-njemacku-to-je-njegovo-pravo\/#primaryimage"},"thumbnailUrl":"https:\/\/radioljubuski.ba\/wp-content\/uploads\/2021\/05\/7-2021-05-07-14-58-38-pxl-240321-32280564.jpg","articleSection":["BIH i regija"],"inLanguage":"hr"},{"@type":"WebPage","@id":"https:\/\/radioljubuski.ba\/index.php\/2021\/05\/07\/dalic-sosa-je-na-nasem-sirem-popisu-ali-ako-zeli-igrati-za-njemacku-to-je-njegovo-pravo\/","url":"https:\/\/radioljubuski.ba\/index.php\/2021\/05\/07\/dalic-sosa-je-na-nasem-sirem-popisu-ali-ako-zeli-igrati-za-njemacku-to-je-njegovo-pravo\/","name":"Dali\u0107: Sosa je na na\u0161em \u0161irem popisu, ali ako \u017eeli igrati za Njema\u010dku, to je njegovo pravo - RADIO LJUBU\u0160KI","isPartOf":{"@id":"https:\/\/radioljubuski.ba\/#website"},"primaryImageOfPage":{"@id":"https:\/\/radioljubuski.ba\/index.php\/2021\/05\/07\/dalic-sosa-je-na-nasem-sirem-popisu-ali-ako-zeli-igrati-za-njemacku-to-je-njegovo-pravo\/#primaryimage"},"image":{"@id":"https:\/\/radioljubuski.ba\/index.php\/2021\/05\/07\/dalic-sosa-je-na-nasem-sirem-popisu-ali-ako-zeli-igrati-za-njemacku-to-je-njegovo-pravo\/#primaryimage"},"thumbnailUrl":"https:\/\/radioljubuski.ba\/wp-content\/uploads\/2021\/05\/7-2021-05-07-14-58-38-pxl-240321-32280564.jpg","datePublished":"2021-05-07T15:39:49+00:00","dateModified":"2021-05-07T15:39:50+00:00","breadcrumb":{"@id":"https:\/\/radioljubuski.ba\/index.php\/2021\/05\/07\/dalic-sosa-je-na-nasem-sirem-popisu-ali-ako-zeli-igrati-za-njemacku-to-je-njegovo-pravo\/#breadcrumb"},"inLanguage":"hr","potentialAction":[{"@type":"ReadAction","target":["https:\/\/radioljubuski.ba\/index.php\/2021\/05\/07\/dalic-sosa-je-na-nasem-sirem-popisu-ali-ako-zeli-igrati-za-njemacku-to-je-njegovo-pravo\/"]}]},{"@type":"ImageObject","inLanguage":"hr","@id":"https:\/\/radioljubuski.ba\/index.php\/2021\/05\/07\/dalic-sosa-je-na-nasem-sirem-popisu-ali-ako-zeli-igrati-za-njemacku-to-je-njegovo-pravo\/#primaryimage","url":"https:\/\/radioljubuski.ba\/wp-content\/uploads\/2021\/05\/7-2021-05-07-14-58-38-pxl-240321-32280564.jpg","contentUrl":"https:\/\/radioljubuski.ba\/wp-content\/uploads\/2021\/05\/7-2021-05-07-14-58-38-pxl-240321-32280564.jpg","width":1000,"height":625},{"@type":"BreadcrumbList","@id":"https:\/\/radioljubuski.ba\/index.php\/2021\/05\/07\/dalic-sosa-je-na-nasem-sirem-popisu-ali-ako-zeli-igrati-za-njemacku-to-je-njegovo-pravo\/#breadcrumb","itemListElement":[{"@type":"ListItem","position":1,"name":"Po\u010detna stranica","item":"https:\/\/radioljubuski.ba\/"},{"@type":"ListItem","position":2,"name":"Dali\u0107: Sosa je na na\u0161em \u0161irem popisu, ali ako \u017eeli igrati za Njema\u010dku, to je njegovo pravo"}]},{"@type":"WebSite","@id":"https:\/\/radioljubuski.ba\/#website","url":"https:\/\/radioljubuski.ba\/","name":"Radio Ljubu\u0161ki","description":"Sun\u010dana frekvencija Hercegovine","publisher":{"@id":"https:\/\/radioljubuski.ba\/#organization"},"potentialAction":[{"@type":"SearchAction","target":{"@type":"EntryPoint","urlTemplate":"https:\/\/radioljubuski.ba\/?s={search_term_string}"},"query-input":{"@type":"PropertyValueSpecification","valueRequired":true,"valueName":"search_term_string"}}],"inLanguage":"hr"},{"@type":"Organization","@id":"https:\/\/radioljubuski.ba\/#organization","name":"Radio Ljubu\u0161ki","url":"https:\/\/radioljubuski.ba\/","logo":{"@type":"ImageObject","inLanguage":"hr","@id":"https:\/\/radioljubuski.ba\/#\/schema\/logo\/image\/","url":"https:\/\/radioljubuski.ba\/wp-content\/uploads\/2021\/02\/cropped-Radio_Ljubuski_logo1.jpg","contentUrl":"https:\/\/radioljubuski.ba\/wp-content\/uploads\/2021\/02\/cropped-Radio_Ljubuski_logo1.jpg","width":512,"height":512,"caption":"Radio Ljubu\u0161ki"},"image":{"@id":"https:\/\/radioljubuski.ba\/#\/schema\/logo\/image\/"},"sameAs":["https:\/\/www.facebook.com\/Radiio-Ljubuski-1490835324566332","https:\/\/x.com\/radioljubuski","https:\/\/hr.linkedin.com\/company\/radio-ljubuski","https:\/\/www.youtube.com\/channel\/UCHYaeO_n0Db3tjNGudGpXyw"]},{"@type":"Person","@id":"https:\/\/radioljubuski.ba\/#\/schema\/person\/19fc700381a780f69665d7956c469e3b","name":"Radio Ljubu\u0161ki"}]}},"_links":{"self":[{"href":"https:\/\/radioljubuski.ba\/index.php\/wp-json\/wp\/v2\/posts\/19382","targetHints":{"allow":["GET"]}}],"collection":[{"href":"https:\/\/radioljubuski.ba\/index.php\/wp-json\/wp\/v2\/posts"}],"about":[{"href":"https:\/\/radioljubuski.ba\/index.php\/wp-json\/wp\/v2\/types\/post"}],"author":[{"embeddable":true,"href":"https:\/\/radioljubuski.ba\/index.php\/wp-json\/wp\/v2\/users\/2"}],"replies":[{"embeddable":true,"href":"https:\/\/radioljubuski.ba\/index.php\/wp-json\/wp\/v2\/comments?post=19382"}],"version-history":[{"count":1,"href":"https:\/\/radioljubuski.ba\/index.php\/wp-json\/wp\/v2\/posts\/19382\/revisions"}],"predecessor-version":[{"id":19384,"href":"https:\/\/radioljubuski.ba\/index.php\/wp-json\/wp\/v2\/posts\/19382\/revisions\/19384"}],"wp:featuredmedia":[{"embeddable":true,"href":"https:\/\/radioljubuski.ba\/index.php\/wp-json\/wp\/v2\/media\/19383"}],"wp:attachment":[{"href":"https:\/\/radioljubuski.ba\/index.php\/wp-json\/wp\/v2\/media?parent=19382"}],"wp:term":[{"taxonomy":"category","embeddable":true,"href":"https:\/\/radioljubuski.ba\/index.php\/wp-json\/wp\/v2\/categories?post=19382"},{"taxonomy":"post_tag","embeddable":true,"href":"https:\/\/radioljubuski.ba\/index.php\/wp-json\/wp\/v2\/tags?post=19382"}],"curies":[{"name":"wp","href":"https:\/\/api.w.org\/{rel}","templated":true}]}}