{"id":193898,"date":"2023-08-05T09:17:41","date_gmt":"2023-08-05T08:17:41","guid":{"rendered":"https:\/\/radioljubuski.ba\/?p=193898"},"modified":"2023-08-05T09:18:50","modified_gmt":"2023-08-05T08:18:50","slug":"2-beer-fest-ljubuski-vecer-za-pamcenje","status":"publish","type":"post","link":"https:\/\/radioljubuski.ba\/index.php\/2023\/08\/05\/2-beer-fest-ljubuski-vecer-za-pamcenje\/","title":{"rendered":"2. Beer Fest Ljubu\u0161ki: Ve\u010der za pam\u0107enje"},"content":{"rendered":"\n<p>U petak 4.kolovoza na trgu dr. Franje Tu\u0111mana u Ljubu\u0161kom odr\u017ean je drugi Beer Fest Ljubu\u0161ki. <\/p>\n\n\n\n<p>Sredi\u0161nji doga\u0111aj prve festivalske ve\u010deri bio je nastup legendarnih &#8220;Prljavaca&#8221; koji su odr\u017eali odli\u010dan koncert i napravili zaista fantasti\u010dnu atmosferu, okupljenu publiku svih generacija &#8220;uvertirno&#8221; je zagrijao \u0161irokobrije\u0161ki sastav Not Jane, te nakon koncerta DJ Kiiwi. Bio je to pravi do\u017eivljaj, ve\u010der ispunjena najboljom glazbom, najboljim pivama,ukusnim street food specijalitetima i odli\u010dnim dru\u0161tvom. <\/p>\n\n\n\n<p>Iako je za drugu ve\u010der planiran nastavak organizatori su odlu\u010dili zbog lo\u0161eg vremena otkazati i uputiti nam pozdrav do slijede\u0107e godine, kojeg s razlogom i s nestrpljenjem is\u010dekujemo.<\/p>\n\n\n\n<p>U video zapisu pogledajte dio atmosfere:<\/p>\n\n\n\n<figure class=\"wp-block-embed is-type-video is-provider-youtube wp-block-embed-youtube wp-embed-aspect-4-3 wp-has-aspect-ratio\"><div class=\"wp-block-embed__wrapper\">\n<iframe loading=\"lazy\" title=\"2. Beer Fest Ljubu\u0161ki: Ve\u010der za pam\u0107enje\" width=\"640\" height=\"480\" src=\"https:\/\/www.youtube.com\/embed\/ivdsrjhOiiQ?feature=oembed\" frameborder=\"0\" allow=\"accelerometer; autoplay; clipboard-write; encrypted-media; gyroscope; picture-in-picture; web-share\" referrerpolicy=\"strict-origin-when-cross-origin\" allowfullscreen><\/iframe>\n<\/div><\/figure>\n\n\n\n<p>Radio Ljubu\u0161ki<\/p>\n","protected":false},"excerpt":{"rendered":"<p>U petak 4.kolovoza na trgu dr. Franje Tu\u0111mana u Ljubu\u0161kom odr\u017ean je drugi Beer Fest Ljubu\u0161ki. Sredi\u0161nji doga\u0111aj prve festivalske ve\u010deri bio je nastup legendarnih &#8220;Prljavaca&#8221; koji su odr\u017eali odli\u010dan koncert i napravili zaista fantasti\u010dnu atmosferu, okupljenu publiku svih generacija &#8220;uvertirno&#8221; je zagrijao \u0161irokobrije\u0161ki sastav Not Jane, te nakon koncerta DJ Kiiwi. Bio je to [&hellip;]<\/p>\n","protected":false},"author":2,"featured_media":193900,"comment_status":"closed","ping_status":"closed","sticky":false,"template":"","format":"standard","meta":{"h5ap_radio_sources":[],"footnotes":""},"categories":[3,28],"tags":[],"class_list":["post-193898","post","type-post","status-publish","format-standard","has-post-thumbnail","hentry","category-ljubuski","category-novosti"],"yoast_head":"<!-- This site is optimized with the Yoast SEO plugin v27.5 - https:\/\/yoast.com\/product\/yoast-seo-wordpress\/ -->\n<title>2. Beer Fest Ljubu\u0161ki: Ve\u010der za pam\u0107enje - RADIO LJUBU\u0160KI<\/title>\n<meta name=\"robots\" content=\"index, follow, max-snippet:-1, max-image-preview:large, max-video-preview:-1\" \/>\n<link rel=\"canonical\" href=\"https:\/\/radioljubuski.ba\/index.php\/2023\/08\/05\/2-beer-fest-ljubuski-vecer-za-pamcenje\/\" \/>\n<meta property=\"og:locale\" content=\"hr_HR\" \/>\n<meta property=\"og:type\" content=\"article\" \/>\n<meta property=\"og:title\" content=\"2. Beer Fest Ljubu\u0161ki: Ve\u010der za pam\u0107enje - RADIO LJUBU\u0160KI\" \/>\n<meta property=\"og:description\" content=\"U petak 4.kolovoza na trgu dr. Franje Tu\u0111mana u Ljubu\u0161kom odr\u017ean je drugi Beer Fest Ljubu\u0161ki. Sredi\u0161nji doga\u0111aj prve festivalske ve\u010deri bio je nastup legendarnih &#8220;Prljavaca&#8221; koji su odr\u017eali odli\u010dan koncert i napravili zaista fantasti\u010dnu atmosferu, okupljenu publiku svih generacija &#8220;uvertirno&#8221; je zagrijao \u0161irokobrije\u0161ki sastav Not Jane, te nakon koncerta DJ Kiiwi. Bio je to [&hellip;]\" \/>\n<meta property=\"og:url\" content=\"https:\/\/radioljubuski.ba\/index.php\/2023\/08\/05\/2-beer-fest-ljubuski-vecer-za-pamcenje\/\" \/>\n<meta property=\"og:site_name\" content=\"RADIO LJUBU\u0160KI\" \/>\n<meta property=\"article:publisher\" content=\"https:\/\/www.facebook.com\/Radiio-Ljubuski-1490835324566332\" \/>\n<meta property=\"article:published_time\" content=\"2023-08-05T08:17:41+00:00\" \/>\n<meta property=\"article:modified_time\" content=\"2023-08-05T08:18:50+00:00\" \/>\n<meta property=\"og:image\" content=\"https:\/\/radioljubuski.ba\/wp-content\/uploads\/2023\/08\/WhatsApp-Image-2023-08-04-at-22.28.03.jpeg\" \/>\n\t<meta property=\"og:image:width\" content=\"1600\" \/>\n\t<meta property=\"og:image:height\" content=\"1200\" \/>\n\t<meta property=\"og:image:type\" content=\"image\/jpeg\" \/>\n<meta name=\"author\" content=\"Radio Ljubu\u0161ki\" \/>\n<meta name=\"twitter:card\" content=\"summary_large_image\" \/>\n<meta name=\"twitter:creator\" content=\"@radioljubuski\" \/>\n<meta name=\"twitter:site\" content=\"@radioljubuski\" \/>\n<meta name=\"twitter:label1\" content=\"Napisao\/la\" \/>\n\t<meta name=\"twitter:data1\" content=\"Radio Ljubu\u0161ki\" \/>\n\t<meta name=\"twitter:label2\" content=\"Procijenjeno vrijeme \u010ditanja\" \/>\n\t<meta name=\"twitter:data2\" content=\"1 minuta\" \/>\n<script type=\"application\/ld+json\" class=\"yoast-schema-graph\">{\"@context\":\"https:\\\/\\\/schema.org\",\"@graph\":[{\"@type\":\"Article\",\"@id\":\"https:\\\/\\\/radioljubuski.ba\\\/index.php\\\/2023\\\/08\\\/05\\\/2-beer-fest-ljubuski-vecer-za-pamcenje\\\/#article\",\"isPartOf\":{\"@id\":\"https:\\\/\\\/radioljubuski.ba\\\/index.php\\\/2023\\\/08\\\/05\\\/2-beer-fest-ljubuski-vecer-za-pamcenje\\\/\"},\"author\":{\"name\":\"Radio Ljubu\u0161ki\",\"@id\":\"https:\\\/\\\/radioljubuski.ba\\\/#\\\/schema\\\/person\\\/19fc700381a780f69665d7956c469e3b\"},\"headline\":\"2. Beer Fest Ljubu\u0161ki: Ve\u010der za pam\u0107enje\",\"datePublished\":\"2023-08-05T08:17:41+00:00\",\"dateModified\":\"2023-08-05T08:18:50+00:00\",\"mainEntityOfPage\":{\"@id\":\"https:\\\/\\\/radioljubuski.ba\\\/index.php\\\/2023\\\/08\\\/05\\\/2-beer-fest-ljubuski-vecer-za-pamcenje\\\/\"},\"wordCount\":143,\"publisher\":{\"@id\":\"https:\\\/\\\/radioljubuski.ba\\\/#organization\"},\"image\":{\"@id\":\"https:\\\/\\\/radioljubuski.ba\\\/index.php\\\/2023\\\/08\\\/05\\\/2-beer-fest-ljubuski-vecer-za-pamcenje\\\/#primaryimage\"},\"thumbnailUrl\":\"https:\\\/\\\/radioljubuski.ba\\\/wp-content\\\/uploads\\\/2023\\\/08\\\/WhatsApp-Image-2023-08-04-at-22.28.03.jpeg\",\"articleSection\":[\"Ljubu\u0161ki\",\"Novosti\"],\"inLanguage\":\"hr\"},{\"@type\":\"WebPage\",\"@id\":\"https:\\\/\\\/radioljubuski.ba\\\/index.php\\\/2023\\\/08\\\/05\\\/2-beer-fest-ljubuski-vecer-za-pamcenje\\\/\",\"url\":\"https:\\\/\\\/radioljubuski.ba\\\/index.php\\\/2023\\\/08\\\/05\\\/2-beer-fest-ljubuski-vecer-za-pamcenje\\\/\",\"name\":\"2. Beer Fest Ljubu\u0161ki: Ve\u010der za pam\u0107enje - RADIO LJUBU\u0160KI\",\"isPartOf\":{\"@id\":\"https:\\\/\\\/radioljubuski.ba\\\/#website\"},\"primaryImageOfPage\":{\"@id\":\"https:\\\/\\\/radioljubuski.ba\\\/index.php\\\/2023\\\/08\\\/05\\\/2-beer-fest-ljubuski-vecer-za-pamcenje\\\/#primaryimage\"},\"image\":{\"@id\":\"https:\\\/\\\/radioljubuski.ba\\\/index.php\\\/2023\\\/08\\\/05\\\/2-beer-fest-ljubuski-vecer-za-pamcenje\\\/#primaryimage\"},\"thumbnailUrl\":\"https:\\\/\\\/radioljubuski.ba\\\/wp-content\\\/uploads\\\/2023\\\/08\\\/WhatsApp-Image-2023-08-04-at-22.28.03.jpeg\",\"datePublished\":\"2023-08-05T08:17:41+00:00\",\"dateModified\":\"2023-08-05T08:18:50+00:00\",\"breadcrumb\":{\"@id\":\"https:\\\/\\\/radioljubuski.ba\\\/index.php\\\/2023\\\/08\\\/05\\\/2-beer-fest-ljubuski-vecer-za-pamcenje\\\/#breadcrumb\"},\"inLanguage\":\"hr\",\"potentialAction\":[{\"@type\":\"ReadAction\",\"target\":[\"https:\\\/\\\/radioljubuski.ba\\\/index.php\\\/2023\\\/08\\\/05\\\/2-beer-fest-ljubuski-vecer-za-pamcenje\\\/\"]}]},{\"@type\":\"ImageObject\",\"inLanguage\":\"hr\",\"@id\":\"https:\\\/\\\/radioljubuski.ba\\\/index.php\\\/2023\\\/08\\\/05\\\/2-beer-fest-ljubuski-vecer-za-pamcenje\\\/#primaryimage\",\"url\":\"https:\\\/\\\/radioljubuski.ba\\\/wp-content\\\/uploads\\\/2023\\\/08\\\/WhatsApp-Image-2023-08-04-at-22.28.03.jpeg\",\"contentUrl\":\"https:\\\/\\\/radioljubuski.ba\\\/wp-content\\\/uploads\\\/2023\\\/08\\\/WhatsApp-Image-2023-08-04-at-22.28.03.jpeg\",\"width\":1600,\"height\":1200},{\"@type\":\"BreadcrumbList\",\"@id\":\"https:\\\/\\\/radioljubuski.ba\\\/index.php\\\/2023\\\/08\\\/05\\\/2-beer-fest-ljubuski-vecer-za-pamcenje\\\/#breadcrumb\",\"itemListElement\":[{\"@type\":\"ListItem\",\"position\":1,\"name\":\"Po\u010detna stranica\",\"item\":\"https:\\\/\\\/radioljubuski.ba\\\/\"},{\"@type\":\"ListItem\",\"position\":2,\"name\":\"2. Beer Fest Ljubu\u0161ki: Ve\u010der za pam\u0107enje\"}]},{\"@type\":\"WebSite\",\"@id\":\"https:\\\/\\\/radioljubuski.ba\\\/#website\",\"url\":\"https:\\\/\\\/radioljubuski.ba\\\/\",\"name\":\"Radio Ljubu\u0161ki\",\"description\":\"Sun\u010dana frekvencija Hercegovine\",\"publisher\":{\"@id\":\"https:\\\/\\\/radioljubuski.ba\\\/#organization\"},\"potentialAction\":[{\"@type\":\"SearchAction\",\"target\":{\"@type\":\"EntryPoint\",\"urlTemplate\":\"https:\\\/\\\/radioljubuski.ba\\\/?s={search_term_string}\"},\"query-input\":{\"@type\":\"PropertyValueSpecification\",\"valueRequired\":true,\"valueName\":\"search_term_string\"}}],\"inLanguage\":\"hr\"},{\"@type\":\"Organization\",\"@id\":\"https:\\\/\\\/radioljubuski.ba\\\/#organization\",\"name\":\"Radio Ljubu\u0161ki\",\"url\":\"https:\\\/\\\/radioljubuski.ba\\\/\",\"logo\":{\"@type\":\"ImageObject\",\"inLanguage\":\"hr\",\"@id\":\"https:\\\/\\\/radioljubuski.ba\\\/#\\\/schema\\\/logo\\\/image\\\/\",\"url\":\"https:\\\/\\\/radioljubuski.ba\\\/wp-content\\\/uploads\\\/2021\\\/02\\\/cropped-Radio_Ljubuski_logo1.jpg\",\"contentUrl\":\"https:\\\/\\\/radioljubuski.ba\\\/wp-content\\\/uploads\\\/2021\\\/02\\\/cropped-Radio_Ljubuski_logo1.jpg\",\"width\":512,\"height\":512,\"caption\":\"Radio Ljubu\u0161ki\"},\"image\":{\"@id\":\"https:\\\/\\\/radioljubuski.ba\\\/#\\\/schema\\\/logo\\\/image\\\/\"},\"sameAs\":[\"https:\\\/\\\/www.facebook.com\\\/Radiio-Ljubuski-1490835324566332\",\"https:\\\/\\\/x.com\\\/radioljubuski\",\"https:\\\/\\\/hr.linkedin.com\\\/company\\\/radio-ljubuski\",\"https:\\\/\\\/www.youtube.com\\\/channel\\\/UCHYaeO_n0Db3tjNGudGpXyw\"]},{\"@type\":\"Person\",\"@id\":\"https:\\\/\\\/radioljubuski.ba\\\/#\\\/schema\\\/person\\\/19fc700381a780f69665d7956c469e3b\",\"name\":\"Radio Ljubu\u0161ki\"}]}<\/script>\n<!-- \/ Yoast SEO plugin. -->","yoast_head_json":{"title":"2. Beer Fest Ljubu\u0161ki: Ve\u010der za pam\u0107enje - RADIO LJUBU\u0160KI","robots":{"index":"index","follow":"follow","max-snippet":"max-snippet:-1","max-image-preview":"max-image-preview:large","max-video-preview":"max-video-preview:-1"},"canonical":"https:\/\/radioljubuski.ba\/index.php\/2023\/08\/05\/2-beer-fest-ljubuski-vecer-za-pamcenje\/","og_locale":"hr_HR","og_type":"article","og_title":"2. Beer Fest Ljubu\u0161ki: Ve\u010der za pam\u0107enje - RADIO LJUBU\u0160KI","og_description":"U petak 4.kolovoza na trgu dr. Franje Tu\u0111mana u Ljubu\u0161kom odr\u017ean je drugi Beer Fest Ljubu\u0161ki. Sredi\u0161nji doga\u0111aj prve festivalske ve\u010deri bio je nastup legendarnih &#8220;Prljavaca&#8221; koji su odr\u017eali odli\u010dan koncert i napravili zaista fantasti\u010dnu atmosferu, okupljenu publiku svih generacija &#8220;uvertirno&#8221; je zagrijao \u0161irokobrije\u0161ki sastav Not Jane, te nakon koncerta DJ Kiiwi. Bio je to [&hellip;]","og_url":"https:\/\/radioljubuski.ba\/index.php\/2023\/08\/05\/2-beer-fest-ljubuski-vecer-za-pamcenje\/","og_site_name":"RADIO LJUBU\u0160KI","article_publisher":"https:\/\/www.facebook.com\/Radiio-Ljubuski-1490835324566332","article_published_time":"2023-08-05T08:17:41+00:00","article_modified_time":"2023-08-05T08:18:50+00:00","og_image":[{"width":1600,"height":1200,"url":"https:\/\/radioljubuski.ba\/wp-content\/uploads\/2023\/08\/WhatsApp-Image-2023-08-04-at-22.28.03.jpeg","type":"image\/jpeg"}],"author":"Radio Ljubu\u0161ki","twitter_card":"summary_large_image","twitter_creator":"@radioljubuski","twitter_site":"@radioljubuski","twitter_misc":{"Napisao\/la":"Radio Ljubu\u0161ki","Procijenjeno vrijeme \u010ditanja":"1 minuta"},"schema":{"@context":"https:\/\/schema.org","@graph":[{"@type":"Article","@id":"https:\/\/radioljubuski.ba\/index.php\/2023\/08\/05\/2-beer-fest-ljubuski-vecer-za-pamcenje\/#article","isPartOf":{"@id":"https:\/\/radioljubuski.ba\/index.php\/2023\/08\/05\/2-beer-fest-ljubuski-vecer-za-pamcenje\/"},"author":{"name":"Radio Ljubu\u0161ki","@id":"https:\/\/radioljubuski.ba\/#\/schema\/person\/19fc700381a780f69665d7956c469e3b"},"headline":"2. Beer Fest Ljubu\u0161ki: Ve\u010der za pam\u0107enje","datePublished":"2023-08-05T08:17:41+00:00","dateModified":"2023-08-05T08:18:50+00:00","mainEntityOfPage":{"@id":"https:\/\/radioljubuski.ba\/index.php\/2023\/08\/05\/2-beer-fest-ljubuski-vecer-za-pamcenje\/"},"wordCount":143,"publisher":{"@id":"https:\/\/radioljubuski.ba\/#organization"},"image":{"@id":"https:\/\/radioljubuski.ba\/index.php\/2023\/08\/05\/2-beer-fest-ljubuski-vecer-za-pamcenje\/#primaryimage"},"thumbnailUrl":"https:\/\/radioljubuski.ba\/wp-content\/uploads\/2023\/08\/WhatsApp-Image-2023-08-04-at-22.28.03.jpeg","articleSection":["Ljubu\u0161ki","Novosti"],"inLanguage":"hr"},{"@type":"WebPage","@id":"https:\/\/radioljubuski.ba\/index.php\/2023\/08\/05\/2-beer-fest-ljubuski-vecer-za-pamcenje\/","url":"https:\/\/radioljubuski.ba\/index.php\/2023\/08\/05\/2-beer-fest-ljubuski-vecer-za-pamcenje\/","name":"2. Beer Fest Ljubu\u0161ki: Ve\u010der za pam\u0107enje - RADIO LJUBU\u0160KI","isPartOf":{"@id":"https:\/\/radioljubuski.ba\/#website"},"primaryImageOfPage":{"@id":"https:\/\/radioljubuski.ba\/index.php\/2023\/08\/05\/2-beer-fest-ljubuski-vecer-za-pamcenje\/#primaryimage"},"image":{"@id":"https:\/\/radioljubuski.ba\/index.php\/2023\/08\/05\/2-beer-fest-ljubuski-vecer-za-pamcenje\/#primaryimage"},"thumbnailUrl":"https:\/\/radioljubuski.ba\/wp-content\/uploads\/2023\/08\/WhatsApp-Image-2023-08-04-at-22.28.03.jpeg","datePublished":"2023-08-05T08:17:41+00:00","dateModified":"2023-08-05T08:18:50+00:00","breadcrumb":{"@id":"https:\/\/radioljubuski.ba\/index.php\/2023\/08\/05\/2-beer-fest-ljubuski-vecer-za-pamcenje\/#breadcrumb"},"inLanguage":"hr","potentialAction":[{"@type":"ReadAction","target":["https:\/\/radioljubuski.ba\/index.php\/2023\/08\/05\/2-beer-fest-ljubuski-vecer-za-pamcenje\/"]}]},{"@type":"ImageObject","inLanguage":"hr","@id":"https:\/\/radioljubuski.ba\/index.php\/2023\/08\/05\/2-beer-fest-ljubuski-vecer-za-pamcenje\/#primaryimage","url":"https:\/\/radioljubuski.ba\/wp-content\/uploads\/2023\/08\/WhatsApp-Image-2023-08-04-at-22.28.03.jpeg","contentUrl":"https:\/\/radioljubuski.ba\/wp-content\/uploads\/2023\/08\/WhatsApp-Image-2023-08-04-at-22.28.03.jpeg","width":1600,"height":1200},{"@type":"BreadcrumbList","@id":"https:\/\/radioljubuski.ba\/index.php\/2023\/08\/05\/2-beer-fest-ljubuski-vecer-za-pamcenje\/#breadcrumb","itemListElement":[{"@type":"ListItem","position":1,"name":"Po\u010detna stranica","item":"https:\/\/radioljubuski.ba\/"},{"@type":"ListItem","position":2,"name":"2. Beer Fest Ljubu\u0161ki: Ve\u010der za pam\u0107enje"}]},{"@type":"WebSite","@id":"https:\/\/radioljubuski.ba\/#website","url":"https:\/\/radioljubuski.ba\/","name":"Radio Ljubu\u0161ki","description":"Sun\u010dana frekvencija Hercegovine","publisher":{"@id":"https:\/\/radioljubuski.ba\/#organization"},"potentialAction":[{"@type":"SearchAction","target":{"@type":"EntryPoint","urlTemplate":"https:\/\/radioljubuski.ba\/?s={search_term_string}"},"query-input":{"@type":"PropertyValueSpecification","valueRequired":true,"valueName":"search_term_string"}}],"inLanguage":"hr"},{"@type":"Organization","@id":"https:\/\/radioljubuski.ba\/#organization","name":"Radio Ljubu\u0161ki","url":"https:\/\/radioljubuski.ba\/","logo":{"@type":"ImageObject","inLanguage":"hr","@id":"https:\/\/radioljubuski.ba\/#\/schema\/logo\/image\/","url":"https:\/\/radioljubuski.ba\/wp-content\/uploads\/2021\/02\/cropped-Radio_Ljubuski_logo1.jpg","contentUrl":"https:\/\/radioljubuski.ba\/wp-content\/uploads\/2021\/02\/cropped-Radio_Ljubuski_logo1.jpg","width":512,"height":512,"caption":"Radio Ljubu\u0161ki"},"image":{"@id":"https:\/\/radioljubuski.ba\/#\/schema\/logo\/image\/"},"sameAs":["https:\/\/www.facebook.com\/Radiio-Ljubuski-1490835324566332","https:\/\/x.com\/radioljubuski","https:\/\/hr.linkedin.com\/company\/radio-ljubuski","https:\/\/www.youtube.com\/channel\/UCHYaeO_n0Db3tjNGudGpXyw"]},{"@type":"Person","@id":"https:\/\/radioljubuski.ba\/#\/schema\/person\/19fc700381a780f69665d7956c469e3b","name":"Radio Ljubu\u0161ki"}]}},"_links":{"self":[{"href":"https:\/\/radioljubuski.ba\/index.php\/wp-json\/wp\/v2\/posts\/193898","targetHints":{"allow":["GET"]}}],"collection":[{"href":"https:\/\/radioljubuski.ba\/index.php\/wp-json\/wp\/v2\/posts"}],"about":[{"href":"https:\/\/radioljubuski.ba\/index.php\/wp-json\/wp\/v2\/types\/post"}],"author":[{"embeddable":true,"href":"https:\/\/radioljubuski.ba\/index.php\/wp-json\/wp\/v2\/users\/2"}],"replies":[{"embeddable":true,"href":"https:\/\/radioljubuski.ba\/index.php\/wp-json\/wp\/v2\/comments?post=193898"}],"version-history":[{"count":2,"href":"https:\/\/radioljubuski.ba\/index.php\/wp-json\/wp\/v2\/posts\/193898\/revisions"}],"predecessor-version":[{"id":193913,"href":"https:\/\/radioljubuski.ba\/index.php\/wp-json\/wp\/v2\/posts\/193898\/revisions\/193913"}],"wp:featuredmedia":[{"embeddable":true,"href":"https:\/\/radioljubuski.ba\/index.php\/wp-json\/wp\/v2\/media\/193900"}],"wp:attachment":[{"href":"https:\/\/radioljubuski.ba\/index.php\/wp-json\/wp\/v2\/media?parent=193898"}],"wp:term":[{"taxonomy":"category","embeddable":true,"href":"https:\/\/radioljubuski.ba\/index.php\/wp-json\/wp\/v2\/categories?post=193898"},{"taxonomy":"post_tag","embeddable":true,"href":"https:\/\/radioljubuski.ba\/index.php\/wp-json\/wp\/v2\/tags?post=193898"}],"curies":[{"name":"wp","href":"https:\/\/api.w.org\/{rel}","templated":true}]}}