{"id":19394,"date":"2021-05-07T16:48:11","date_gmt":"2021-05-07T15:48:11","guid":{"rendered":"https:\/\/radioljubuski.ba\/?p=19394"},"modified":"2021-05-07T16:48:13","modified_gmt":"2021-05-07T15:48:13","slug":"fra-jozo-zovko-medugorje-svojim-plodovima-hrani-cijeli-svijet","status":"publish","type":"post","link":"https:\/\/radioljubuski.ba\/index.php\/2021\/05\/07\/fra-jozo-zovko-medugorje-svojim-plodovima-hrani-cijeli-svijet\/","title":{"rendered":"Fra Jozo Zovko: Me\u0111ugorje svojim plodovima hrani cijeli svijet"},"content":{"rendered":"\n<p>Papa Franjo zapo\u010deo je molitveni maraton tijekom Gospinog mjeseca svibnja, za okon\u010danje pandemije koronavirusa. Svakodnevno se moli krunica i u\u017eivo prenosi preko slu\u017ebenog video kanala Svete Stolice iz katoli\u010dkih sveti\u0161ta i mjesta molitve diljem svijeta. Me\u0111u tim mjestima je i Me\u0111ugorje, gdje \u0107e se iz crkve sv. Jakova krunica moliti 15. svibnja.<\/p>\n\n\n\n<p>Bit \u0107e to, ako Bog da, 40 dana prije 40. godi\u0161njice prvih Gospinih ukazanja u Me\u0111ugorju.<\/p>\n\n\n\n<p>Tako, dakle 40 godina kasnije. A prije ta \u010detiri desetlje\u0107a \u017eupa Me\u0111ugorje bila je sli\u010dna ostalim hercegova\u010dkim \u017eupama. Tko bi se nadao da \u0107e postati jedna od najpoznatijih \u017eupa u svijetu, cilj milijuna hodo\u010dasnika, da \u0107e iznjedriti oceane molitve i milosti. I to je vrelo jo\u0161 i te kako izda\u0161no. Dogodila se pandemija, zatvaranje na razini Svijeta, ali je molitva ve\u0107 prije medijima povezala Me\u0111ugorje s tim Svijetom, vjernicima \u2013 i milost te\u010de.<\/p>\n\n\n\n<p>U rijekama tih milosti va\u017ena je institucija \u017eupnika me\u0111ugorskog pa smo o ovoj 40. godi\u0161njici, na valovima Radiopostaje Mir Me\u0111ugorje, odlu\u010dili u emisiji Susret razgovarati s vr\u0161iteljima te slu\u017ebe od 1981. godine.<\/p>\n\n\n\n<p>Nakon osam mjeseci slu\u017ebe \u017eupnika fra Joze Zovko u Me\u0111ugorju, dogodila su se prva Gospina ukazanja. U emisiji Susret 3. svibnja uspore\u0111uje Me\u0111ugorje 1981. i Me\u0111ugorje 2021.<\/p>\n\n\n\n<p>\u201eAko gledamo samo Podrbrdo iz onog vremena, ono grubo kamenje \u010dinilo ga je neprohodnim. Danas nakon 40 godina kamenje je izbru\u0161eno, dobilo je lice. Bose noge, ljudske suze i krv ugla\u010dali su ono kamenje da nas upozorava, da nas sve vodi k njoj. Tada zaraslo brdo, prazno, danas mjesto na kojemu svaki hodo\u010dasnik, koji se otvorio, na njemu na\u0111e Majku. Na brdu je njezina ruka ispru\u017eena, srce otvoreno, a njezina ljubav te\u010de u srcima milijuna koji su do\u0161li i onih kojima su oni odnijeli radosnu vijest. Tada su se ljudi mu\u010dili radom svojim rukama na svojim njivama, duhani\u0161tima i vinogradima, a danas upiru pogled u goste koji im dolaze u dom, dolaze\u0107i na mjesta molitve, te im oni mogu svjedo\u010diti.<\/p>\n\n\n\n<p>Me\u0111ugorje je bilo mala klica, a danas je plodno stablo koje plodovima svojim hrani cijeli svijet. Samo je Bogu mogu\u0107e tako promijeniti svijet i \u017eupu. \u017dupa je dobila milost i duhovnu sposobnost kao prva crkva. \u0160kola je to kr\u0161\u0107anske obitelji, odgoj kroz molitvu i post. U me\u0111ugorskoj crkvi hodo\u010dasnici nau\u010de kle\u010dati, \u010duti molitvu, gledati i dodirivati milost \u2013 izvor bo\u017eanskog. Do dolaska u Me\u0111ugorje nisu se usu\u0111ivali kleknuti pred sve\u0107enika, a sada u duga\u010dkim redovima \u010dekaju ispovijed.\u201c<\/p>\n\n\n\n<p>Kazao je kako promjene u brojkama u \u017eupi ne zna\u010de ni\u0161ta.<\/p>\n\n\n\n<p>\u201eAli zna\u010di to da je ta \u017eupa dala veliki broj duhovnih zvanja. Sve\u0107enik u obitelji je vi\u0161e nego znak. Zvanje se ne ra\u0111a slu\u010dajno, ono je plod&nbsp; molitve, zavjeta, roditeljskih \u017ertava. Pokazatelj tog vremena je da u ono doba neprijatelji crkve nisu imali \u0161to sijati, tada se nije \u010dulo za rastavljeni brak, krize u obiteljima, \u017eivot bez Boga.\u201c<\/p>\n\n\n\n<p>Broj 40 s razlogom nam se name\u0107e danas, no jedna Va\u0161a propovijed od prije 40 godina u kojoj ste upravo govorili o biblijskoj simbolici tog broja ko\u0161tala Vas je komunisti\u010dkih tortura. Kako bi danas govorili o simbolici tog broja?<\/p>\n\n\n\n<p>\u201eSada mi jo\u0161 plodnije i milosnije djeluje taj broj. Tada je taj broj bio jako nagla\u0161en u tada\u0161njim novinama o revoluciji, komunizmu, pobjedi. Ali im se ta brojka poljuljala. Komunisti su prvi povjerovali da je tu Gospa jer su strahom vri\u0161tali da i\u0161\u010dupaju tu poruku. Mojsijevih 40 godina bilo je znakovito. Ovih na\u0161ih 40 godina povezujem s molitvom u dvorani posljednje ve\u010dere i nakon 40 dana dolazak Duha svetoga. Poziv na obra\u0107enje poziv na kajanje, Crkva je po\u010dela \u017eivjeti kao zajednica, kao jedna velika obitelj \u017eivog Isusa. Taj znakovit broj oni su primijenili na sebe, htjeli su re\u0107i da sam o tome propovijedao.\u201c<\/p>\n\n\n\n<p>POSTOJI SAMO JEDNA OPASNOST ZA ME\u0110UGORJE \u2013 PRO\u0106I MIMO NJEGA<\/p>\n\n\n\n<p>Na pitanje o djeci-vidiocima tada i vidiocima danas fra Jozo je rekao: \u201eMeni je \u017eao kad nepromi\u0161ljeno vjernici, kr\u0161\u0107ani, dobronamjerni ljudi neznanja napadaju ili&nbsp; ru\u017eno govore o vidiocima. Vidioci su iznijeli jedan teret koji je nemjerljiv i nose ga danas. Ako su tako velike grane stabla kojemu je ime Me\u0111ugorje, ako su tako prepoznatljivi plodovi pa ne samo da Bog stoji iza tog ve\u0107 i ljudi trebaju stajati iza tog. To je plod u Crkvi. Gospa je odabrala djecu, oni su bili zbunjeni, ali neustra\u0161ivi. Izdr\u017eali su sve ku\u0161nje i nevolje. I sam sam se htio uvjeriti koliko su autenti\u010dni, manipulira li netko s njima. I kada sam se uvjerio da su iskreni, \u010destiti, istinoljubivi stao sam iza njih i spremno sam ih branio i sada ih \u017eelim braniti. Njih zapravo ne treba braniti nego treba kazati istinu o njima.\u201c<\/p>\n\n\n\n<p>Spomenuo je i neke primjere la\u017enih informacija o njima dodaju\u0107i kako nije normalno o\u010dekivati da oni \u017eive u starim ku\u0107ama u kojima su se rodili. Naglasit \u0107e kako su zaslu\u017eili ve\u0107i respekt u dru\u0161tvu i u cijeloj Crkvi \u201ejer je izgra\u0111uju svojom rije\u010dju, svjedo\u010danstvom i primjerom. Izdr\u017eali su mnoge ku\u0161nje, ustrajali u svojim tvrdnjama bez obzira na promjene stavova mnogih u Crkvi. Prenose toplu rije\u010d Majke, te zaslu\u017euju na\u0161e molitve da ustraju do kraja jer njihova zada\u0107a jo\u0161 nije gotova.\u201c<\/p>\n\n\n\n<p>Gospine poruke, \u0161to Gospa tra\u017ei od vjernika i kako odgovoriti na njezin poziv?<\/p>\n\n\n\n<p>\u201eKardinal Hans Urs von Balthasar, veliki teolog, o Me\u0111ugorju je zapisao \u2013 Postoji samo jedna opasnost za Me\u0111ugorje, a to je pro\u0107i mimo njega. \u2013 Ljudi su se navikli, 40 godina. I oni koji su se naviknuli ka\u017eu \u2013 Gospa govori uvijek isto. Gospina poruka nije ista. Ona je milosna, ona je ljubav i mi se trebamo otvarati. Postoje zablude s na\u0161e strane, opasnost da pro\u0111emo mimo te poruke, jednostavno naviknemo se. Kad ljudi olako napadaju \u2013 grije\u0161e. Gospa poziva na molitvu krunice. A 40 godina kasnije papa Franjo poziva cijelu crkvu na molitvu Ru\u017earija Majci da nas oslobodi od nevolje pandemije Covida-19. Ako Gospa ka\u017ee \u2013 Postom i molitvom mo\u017eete zaustaviti rat, mogu\u0107e je i danas zaustaviti epidemiju i svako zlo koje ti\u0161ti \u010dovjeka. Jer mi vjerujemo u svemogu\u0107ega Boga, a na\u0161a molitva dodiruje tu svemogu\u0107nost i upravlja je prema nama.\u201c<\/p>\n\n\n\n<p>Milijuni su hodo\u010dastili u Me\u0111ugorje, mnogi su se odlu\u010dili na zahtjevna hodo\u010da\u0161\u0107a biciklima, iscrpljuju\u0107e duga pje\u0161a\u010denja, bosonoga uspinjanja uz Podbrdo i Kri\u017eevac, post o kruhu i vodi \u2013 za\u0161to te i druge \u017ertve, komu trebaju?<\/p>\n\n\n\n<p>\u201eMeni trebaju, vama trebaju, Papi trebaju, Crkvi trebaju\u201c re\u0107i \u0107e fra Jozo i dodati kako je to \u201dduhovni imunitet \u2013 da Sotona ni\u0161ta ne mo\u017ee nauditi onomu tko zna postiti, odre\u0107i se \u010diniti \u017ertvu. Taj ima veliku nutarnju slobodu, on nije rob. Velike su \u017ertve znak velike ljubavi i vjere, na\u0161e odanosti Gospodinu. Da bi znali dobro moliti treba najprije postiti. A s molitvom uspijevamo odabrati dobro i izbje\u0107i zlo. To je iskustvo Me\u0111ugorja.\u201c<\/p>\n\n\n\n<p>ISPOVJEDAONICA SVIJETA<\/p>\n\n\n\n<p>Dugo ste izvan Me\u0111ugorja, ali zasigurno imate bogato iskustvo tog sakramenta, mo\u017eete li nas i u ovoj prigodi pou\u010diti o ispovijedi?<\/p>\n\n\n\n<p>\u201eIspovijed je veliki dar uskrslog Isusa \u2013 opra\u0161tati grijehe. A kajati se i obratiti se \u2013 velika je milost. Ispovjednik je du\u017ean spremiti se kroz molitvu na susret s \u010dovjekom, kojega Bog ljubi i tra\u017ei ga. U ispovijedi \u010dujemo Boga i osje\u0107amo njegovu ljubav. Odrje\u0161enje je snaga Kristove ljubavi.\u201c<\/p>\n\n\n\n<p>Na podsje\u0107anje na rije\u010di na\u0161ih starih \u201eSa\u010duvaj nas Bo\u017ee od nagle i nepripravne smrti\u201c, te pitanje o blizini smrti od pandemije koronavirusa, fra Jozo je kazao kako je na\u0161 narod znao moliti, znao vapiti svom Bogu i pre\u017eivljavao je sve krize i nevolje. Pozvao je da ne propu\u0161tamo te molitve, milosti, koje su nam osobito blizu u kriznim vremenima.<\/p>\n\n\n\n<p>\u201eOd Crkve ba\u0161tinimo pokorni\u010dke molitve, litanije, mo\u017eemo se pripraviti za smrt koja je pred nama. Ovo je upozorenje cijelom svijetu, jer je svijet \u017eivio kao da nema Boga, kao da ne\u0107emo polagati ra\u010dun za darove koje smo primili od Boga \u2013 dar \u017eivota, vjere, Crkve, sakramenata, nedjeljne svete mise\u2026 Ne smijemo \u017eivjeti kao da nema Boga. Ako \u017eivim sa sve\u0107enikom, s&nbsp; Bogom i umrijet \u0107u sa sve\u0107enikom, s Bogom. Bog daje da raste tamo gdje se sije i da se donose plodovi.\u201c<\/p>\n\n\n\n<p>ZEMLJA NIJE DAROVANA DA SE SAMO JEDNOM USKOPA<\/p>\n\n\n\n<p>Bla\u017eena Djevica Marija u Me\u0111ugorju se predstavila kao Kraljica mira, \u0161to smo razumjeli tek s dolaskom rata. Bog zna \u0161to sve jo\u0161 ne \u010dujemo i ne prepoznajemo u njezinoj \u0161koli. \u0160to Vi i\u0161\u010ditavate iz Njezinih poruka za ovo vrijeme?<\/p>\n\n\n\n<p>\u201eSv. Mala Terezija zapisala je&nbsp; \u2013 Marija je vi\u0161e Majka, nego kraljica. \u2013 Po njoj smo dobili mnoge milosti, dobili smo Isusa Krista. Kada je Gospa rekla da je Kraljica mira, nismo ni\u0161ta razumjeli\u201c,&nbsp; rekao je fra Jozo iznio neka svoja svjedo\u010danstva milosti koja trajno te\u010de.\u201c<\/p>\n\n\n\n<p>Na po\u010detku smo Marijinog mjeseca svibnja u godini sv. Josipa, a njih oboje su zapravo bili u slu\u017ebi Presvetog Trojstva, u poslu\u0161nosti Ocu, prihva\u0107anju Sina i vodstvu Duha Svetoga. Kako u\u010diti danas od Svete Obitelji i osluhnuti volju Bo\u017eju za na\u0161 \u017eivot?<\/p>\n\n\n\n<p>&nbsp;\u201ePapa o\u010dito voli sv. Josipa, \u010dovjeka koji je poslu\u0161an. Tom za\u0161titniku Crkve i mi se trebamo vi\u0161e moliti, od njega u\u010diti. Gospu treba vi\u0161e nasljedovati. I danas postoje ljudi koji ne znaju \u0161to je krunica, a pripadaju Crkvi. Bog po Djevici Mariji iz Me\u0111ugorja zove, po Papi Franji iz srca Crkve \u2013 molimo zajedno, molimo skupa krunicu!<\/p>\n\n\n\n<p>\u017divot u obitelji danas je \u010desto izranjen, nema po\u0161tovanja, ljubavi respekta jer nema zajedni\u010dke molitve, spremnosti \u017ertve za druge. Isus je dao \u017eivot, Josip je dao sve \u0161to je imao, Djevica je ulo\u017eila svoj \u017eivot. U\u010dimo od svete Obitelji i o\u017eivimo svetost u svojoj obitelji.\u201c<\/p>\n\n\n\n<p>Kako zahvaliti Mariji za ovih 40 godina milosti?<\/p>\n\n\n\n<p>\u201eMilost Me\u0111ugorja treba nastaviti \u017eivjeti ne kao sje\u0107anje i uspomenu na ne\u0161to ve\u0107 kao program koji se danas treba odvijati. Zemlja nije darovana da se samo jednom uskopa, ve\u0107 je treba stalno u znoju lica svoga obra\u0111ivati i ona \u0107e trajno davati plodove. Me\u0111ugorske su poruke sjeme koje svaki dan treba zasijati. Na\u0161e srce svaki dan treba kultivirati, otvoriti, skru\u0161iti i usmjeriti prema izvoru prema Bogu.\u201c<\/p>\n\n\n\n<p>Fra Jozo \u0107e re\u0107i kao je Gospa svoje poruke sa\u017eela u onih pet kamenova: krunica, Bo\u017eja rije\u010d, euharistija i mjese\u010dna ispovijed.<\/p>\n\n\n\n<p>\u201eTih je pet kamenova na\u0161e oru\u017eje\u201c, rekao je fra Jozo i dodao kako bi \u017eelio da na na\u0161im putovima u Me\u0111ugorje prevladamo zapreke koje Sotona stavlja.<\/p>\n\n\n\n<p>\u201eSvaki hodo\u010dasnik u Me\u0111ugorje je izmoljen, svaki donosi jedan posebni teret\u201c.<\/p>\n\n\n\n<p>Pozvao je doma\u0107ine da ne gledaju \u0161to \u0107e im platiti nego \u0161to \u0107e mu darovati.<\/p>\n\n\n\n<p>\u201eA imate mu darovati puno toga. Pri\u010dajte o Gospinim porukama, o iskustvima, kako je Bog u\u010dinio \u010dudo. I ovo je \u010dudo da danas Papa i njegova poruka molitve \u017eivi s Me\u0111ugorjem. I Me\u0111ugorje se uklju\u010dilo u molitvu svih hodo\u010dasnika i svi hodo\u010dasnici uklju\u010duju se u molitvu Pape i Crkve. To zajedni\u0161tvo nakon 40 godina velika je radost i veliki blagoslov. Zahvalni smo Gospi za taj dar. I to je veliki znak\u201c, zaklju\u010dio je fra Jozo i pozvao na ustrajnost u molitvi \u201ejer jo\u0161 nije kraj, jo\u0161 nismo gotovi, evangelizacija se nastavlja\u201c.<\/p>\n\n\n\n<p>Cijelu emisiju poslu\u0161ajte:\u00a0<\/p>\n\n\n\n<figure class=\"wp-block-embed is-type-video is-provider-youtube wp-block-embed-youtube wp-embed-aspect-16-9 wp-has-aspect-ratio\"><div class=\"wp-block-embed__wrapper\">\nhttps:\/\/www.youtube.com\/watch?v=sguOsDBbVj8\n<\/div><\/figure>\n\n\n\n<p>Izvor:Radio Mir Me\u0111ugorje<\/p>\n","protected":false},"excerpt":{"rendered":"<p>Papa Franjo zapo\u010deo je molitveni maraton tijekom Gospinog mjeseca svibnja, za okon\u010danje pandemije koronavirusa. Svakodnevno se moli krunica i u\u017eivo prenosi preko slu\u017ebenog video kanala Svete Stolice iz katoli\u010dkih sveti\u0161ta i mjesta molitve diljem svijeta. Me\u0111u tim mjestima je i Me\u0111ugorje, gdje \u0107e se iz crkve sv. Jakova krunica moliti 15. svibnja. Bit \u0107e to, [&hellip;]<\/p>\n","protected":false},"author":2,"featured_media":19395,"comment_status":"closed","ping_status":"closed","sticky":false,"template":"","format":"standard","meta":{"h5ap_radio_sources":[],"footnotes":""},"categories":[1],"tags":[],"class_list":["post-19394","post","type-post","status-publish","format-standard","has-post-thumbnail","hentry","category-bihiregija"],"yoast_head":"<!-- This site is optimized with the Yoast SEO plugin v27.5 - https:\/\/yoast.com\/product\/yoast-seo-wordpress\/ -->\n<title>Fra Jozo Zovko: Me\u0111ugorje svojim plodovima hrani cijeli svijet - RADIO LJUBU\u0160KI<\/title>\n<meta name=\"robots\" content=\"index, follow, max-snippet:-1, max-image-preview:large, max-video-preview:-1\" \/>\n<link rel=\"canonical\" href=\"https:\/\/radioljubuski.ba\/index.php\/2021\/05\/07\/fra-jozo-zovko-medugorje-svojim-plodovima-hrani-cijeli-svijet\/\" \/>\n<meta property=\"og:locale\" content=\"hr_HR\" \/>\n<meta property=\"og:type\" content=\"article\" \/>\n<meta property=\"og:title\" content=\"Fra Jozo Zovko: Me\u0111ugorje svojim plodovima hrani cijeli svijet - RADIO LJUBU\u0160KI\" \/>\n<meta property=\"og:description\" content=\"Papa Franjo zapo\u010deo je molitveni maraton tijekom Gospinog mjeseca svibnja, za okon\u010danje pandemije koronavirusa. Svakodnevno se moli krunica i u\u017eivo prenosi preko slu\u017ebenog video kanala Svete Stolice iz katoli\u010dkih sveti\u0161ta i mjesta molitve diljem svijeta. Me\u0111u tim mjestima je i Me\u0111ugorje, gdje \u0107e se iz crkve sv. Jakova krunica moliti 15. svibnja. Bit \u0107e to, [&hellip;]\" \/>\n<meta property=\"og:url\" content=\"https:\/\/radioljubuski.ba\/index.php\/2021\/05\/07\/fra-jozo-zovko-medugorje-svojim-plodovima-hrani-cijeli-svijet\/\" \/>\n<meta property=\"og:site_name\" content=\"RADIO LJUBU\u0160KI\" \/>\n<meta property=\"article:publisher\" content=\"https:\/\/www.facebook.com\/Radiio-Ljubuski-1490835324566332\" \/>\n<meta property=\"article:published_time\" content=\"2021-05-07T15:48:11+00:00\" \/>\n<meta property=\"article:modified_time\" content=\"2021-05-07T15:48:13+00:00\" \/>\n<meta property=\"og:image\" content=\"https:\/\/radioljubuski.ba\/wp-content\/uploads\/2021\/05\/7-2021-05-07-15-47-07-5662323.jpg\" \/>\n\t<meta property=\"og:image:width\" content=\"1000\" \/>\n\t<meta property=\"og:image:height\" content=\"625\" \/>\n\t<meta property=\"og:image:type\" content=\"image\/jpeg\" \/>\n<meta name=\"author\" content=\"Radio Ljubu\u0161ki\" \/>\n<meta name=\"twitter:card\" content=\"summary_large_image\" \/>\n<meta name=\"twitter:creator\" content=\"@radioljubuski\" \/>\n<meta name=\"twitter:site\" content=\"@radioljubuski\" \/>\n<meta name=\"twitter:label1\" content=\"Napisao\/la\" \/>\n\t<meta name=\"twitter:data1\" content=\"Radio Ljubu\u0161ki\" \/>\n\t<meta name=\"twitter:label2\" content=\"Procijenjeno vrijeme \u010ditanja\" \/>\n\t<meta name=\"twitter:data2\" content=\"8 minuta\" \/>\n<script type=\"application\/ld+json\" class=\"yoast-schema-graph\">{\"@context\":\"https:\\\/\\\/schema.org\",\"@graph\":[{\"@type\":\"Article\",\"@id\":\"https:\\\/\\\/radioljubuski.ba\\\/index.php\\\/2021\\\/05\\\/07\\\/fra-jozo-zovko-medugorje-svojim-plodovima-hrani-cijeli-svijet\\\/#article\",\"isPartOf\":{\"@id\":\"https:\\\/\\\/radioljubuski.ba\\\/index.php\\\/2021\\\/05\\\/07\\\/fra-jozo-zovko-medugorje-svojim-plodovima-hrani-cijeli-svijet\\\/\"},\"author\":{\"name\":\"Radio Ljubu\u0161ki\",\"@id\":\"https:\\\/\\\/radioljubuski.ba\\\/#\\\/schema\\\/person\\\/19fc700381a780f69665d7956c469e3b\"},\"headline\":\"Fra Jozo Zovko: Me\u0111ugorje svojim plodovima hrani cijeli svijet\",\"datePublished\":\"2021-05-07T15:48:11+00:00\",\"dateModified\":\"2021-05-07T15:48:13+00:00\",\"mainEntityOfPage\":{\"@id\":\"https:\\\/\\\/radioljubuski.ba\\\/index.php\\\/2021\\\/05\\\/07\\\/fra-jozo-zovko-medugorje-svojim-plodovima-hrani-cijeli-svijet\\\/\"},\"wordCount\":1993,\"publisher\":{\"@id\":\"https:\\\/\\\/radioljubuski.ba\\\/#organization\"},\"image\":{\"@id\":\"https:\\\/\\\/radioljubuski.ba\\\/index.php\\\/2021\\\/05\\\/07\\\/fra-jozo-zovko-medugorje-svojim-plodovima-hrani-cijeli-svijet\\\/#primaryimage\"},\"thumbnailUrl\":\"https:\\\/\\\/radioljubuski.ba\\\/wp-content\\\/uploads\\\/2021\\\/05\\\/7-2021-05-07-15-47-07-5662323.jpg\",\"articleSection\":[\"BIH i regija\"],\"inLanguage\":\"hr\"},{\"@type\":\"WebPage\",\"@id\":\"https:\\\/\\\/radioljubuski.ba\\\/index.php\\\/2021\\\/05\\\/07\\\/fra-jozo-zovko-medugorje-svojim-plodovima-hrani-cijeli-svijet\\\/\",\"url\":\"https:\\\/\\\/radioljubuski.ba\\\/index.php\\\/2021\\\/05\\\/07\\\/fra-jozo-zovko-medugorje-svojim-plodovima-hrani-cijeli-svijet\\\/\",\"name\":\"Fra Jozo Zovko: Me\u0111ugorje svojim plodovima hrani cijeli svijet - RADIO LJUBU\u0160KI\",\"isPartOf\":{\"@id\":\"https:\\\/\\\/radioljubuski.ba\\\/#website\"},\"primaryImageOfPage\":{\"@id\":\"https:\\\/\\\/radioljubuski.ba\\\/index.php\\\/2021\\\/05\\\/07\\\/fra-jozo-zovko-medugorje-svojim-plodovima-hrani-cijeli-svijet\\\/#primaryimage\"},\"image\":{\"@id\":\"https:\\\/\\\/radioljubuski.ba\\\/index.php\\\/2021\\\/05\\\/07\\\/fra-jozo-zovko-medugorje-svojim-plodovima-hrani-cijeli-svijet\\\/#primaryimage\"},\"thumbnailUrl\":\"https:\\\/\\\/radioljubuski.ba\\\/wp-content\\\/uploads\\\/2021\\\/05\\\/7-2021-05-07-15-47-07-5662323.jpg\",\"datePublished\":\"2021-05-07T15:48:11+00:00\",\"dateModified\":\"2021-05-07T15:48:13+00:00\",\"breadcrumb\":{\"@id\":\"https:\\\/\\\/radioljubuski.ba\\\/index.php\\\/2021\\\/05\\\/07\\\/fra-jozo-zovko-medugorje-svojim-plodovima-hrani-cijeli-svijet\\\/#breadcrumb\"},\"inLanguage\":\"hr\",\"potentialAction\":[{\"@type\":\"ReadAction\",\"target\":[\"https:\\\/\\\/radioljubuski.ba\\\/index.php\\\/2021\\\/05\\\/07\\\/fra-jozo-zovko-medugorje-svojim-plodovima-hrani-cijeli-svijet\\\/\"]}]},{\"@type\":\"ImageObject\",\"inLanguage\":\"hr\",\"@id\":\"https:\\\/\\\/radioljubuski.ba\\\/index.php\\\/2021\\\/05\\\/07\\\/fra-jozo-zovko-medugorje-svojim-plodovima-hrani-cijeli-svijet\\\/#primaryimage\",\"url\":\"https:\\\/\\\/radioljubuski.ba\\\/wp-content\\\/uploads\\\/2021\\\/05\\\/7-2021-05-07-15-47-07-5662323.jpg\",\"contentUrl\":\"https:\\\/\\\/radioljubuski.ba\\\/wp-content\\\/uploads\\\/2021\\\/05\\\/7-2021-05-07-15-47-07-5662323.jpg\",\"width\":1000,\"height\":625},{\"@type\":\"BreadcrumbList\",\"@id\":\"https:\\\/\\\/radioljubuski.ba\\\/index.php\\\/2021\\\/05\\\/07\\\/fra-jozo-zovko-medugorje-svojim-plodovima-hrani-cijeli-svijet\\\/#breadcrumb\",\"itemListElement\":[{\"@type\":\"ListItem\",\"position\":1,\"name\":\"Po\u010detna stranica\",\"item\":\"https:\\\/\\\/radioljubuski.ba\\\/\"},{\"@type\":\"ListItem\",\"position\":2,\"name\":\"Fra Jozo Zovko: Me\u0111ugorje svojim plodovima hrani cijeli svijet\"}]},{\"@type\":\"WebSite\",\"@id\":\"https:\\\/\\\/radioljubuski.ba\\\/#website\",\"url\":\"https:\\\/\\\/radioljubuski.ba\\\/\",\"name\":\"Radio Ljubu\u0161ki\",\"description\":\"Sun\u010dana frekvencija Hercegovine\",\"publisher\":{\"@id\":\"https:\\\/\\\/radioljubuski.ba\\\/#organization\"},\"potentialAction\":[{\"@type\":\"SearchAction\",\"target\":{\"@type\":\"EntryPoint\",\"urlTemplate\":\"https:\\\/\\\/radioljubuski.ba\\\/?s={search_term_string}\"},\"query-input\":{\"@type\":\"PropertyValueSpecification\",\"valueRequired\":true,\"valueName\":\"search_term_string\"}}],\"inLanguage\":\"hr\"},{\"@type\":\"Organization\",\"@id\":\"https:\\\/\\\/radioljubuski.ba\\\/#organization\",\"name\":\"Radio Ljubu\u0161ki\",\"url\":\"https:\\\/\\\/radioljubuski.ba\\\/\",\"logo\":{\"@type\":\"ImageObject\",\"inLanguage\":\"hr\",\"@id\":\"https:\\\/\\\/radioljubuski.ba\\\/#\\\/schema\\\/logo\\\/image\\\/\",\"url\":\"https:\\\/\\\/radioljubuski.ba\\\/wp-content\\\/uploads\\\/2021\\\/02\\\/cropped-Radio_Ljubuski_logo1.jpg\",\"contentUrl\":\"https:\\\/\\\/radioljubuski.ba\\\/wp-content\\\/uploads\\\/2021\\\/02\\\/cropped-Radio_Ljubuski_logo1.jpg\",\"width\":512,\"height\":512,\"caption\":\"Radio Ljubu\u0161ki\"},\"image\":{\"@id\":\"https:\\\/\\\/radioljubuski.ba\\\/#\\\/schema\\\/logo\\\/image\\\/\"},\"sameAs\":[\"https:\\\/\\\/www.facebook.com\\\/Radiio-Ljubuski-1490835324566332\",\"https:\\\/\\\/x.com\\\/radioljubuski\",\"https:\\\/\\\/hr.linkedin.com\\\/company\\\/radio-ljubuski\",\"https:\\\/\\\/www.youtube.com\\\/channel\\\/UCHYaeO_n0Db3tjNGudGpXyw\"]},{\"@type\":\"Person\",\"@id\":\"https:\\\/\\\/radioljubuski.ba\\\/#\\\/schema\\\/person\\\/19fc700381a780f69665d7956c469e3b\",\"name\":\"Radio Ljubu\u0161ki\"}]}<\/script>\n<!-- \/ Yoast SEO plugin. -->","yoast_head_json":{"title":"Fra Jozo Zovko: Me\u0111ugorje svojim plodovima hrani cijeli svijet - RADIO LJUBU\u0160KI","robots":{"index":"index","follow":"follow","max-snippet":"max-snippet:-1","max-image-preview":"max-image-preview:large","max-video-preview":"max-video-preview:-1"},"canonical":"https:\/\/radioljubuski.ba\/index.php\/2021\/05\/07\/fra-jozo-zovko-medugorje-svojim-plodovima-hrani-cijeli-svijet\/","og_locale":"hr_HR","og_type":"article","og_title":"Fra Jozo Zovko: Me\u0111ugorje svojim plodovima hrani cijeli svijet - RADIO LJUBU\u0160KI","og_description":"Papa Franjo zapo\u010deo je molitveni maraton tijekom Gospinog mjeseca svibnja, za okon\u010danje pandemije koronavirusa. Svakodnevno se moli krunica i u\u017eivo prenosi preko slu\u017ebenog video kanala Svete Stolice iz katoli\u010dkih sveti\u0161ta i mjesta molitve diljem svijeta. Me\u0111u tim mjestima je i Me\u0111ugorje, gdje \u0107e se iz crkve sv. Jakova krunica moliti 15. svibnja. Bit \u0107e to, [&hellip;]","og_url":"https:\/\/radioljubuski.ba\/index.php\/2021\/05\/07\/fra-jozo-zovko-medugorje-svojim-plodovima-hrani-cijeli-svijet\/","og_site_name":"RADIO LJUBU\u0160KI","article_publisher":"https:\/\/www.facebook.com\/Radiio-Ljubuski-1490835324566332","article_published_time":"2021-05-07T15:48:11+00:00","article_modified_time":"2021-05-07T15:48:13+00:00","og_image":[{"width":1000,"height":625,"url":"https:\/\/radioljubuski.ba\/wp-content\/uploads\/2021\/05\/7-2021-05-07-15-47-07-5662323.jpg","type":"image\/jpeg"}],"author":"Radio Ljubu\u0161ki","twitter_card":"summary_large_image","twitter_creator":"@radioljubuski","twitter_site":"@radioljubuski","twitter_misc":{"Napisao\/la":"Radio Ljubu\u0161ki","Procijenjeno vrijeme \u010ditanja":"8 minuta"},"schema":{"@context":"https:\/\/schema.org","@graph":[{"@type":"Article","@id":"https:\/\/radioljubuski.ba\/index.php\/2021\/05\/07\/fra-jozo-zovko-medugorje-svojim-plodovima-hrani-cijeli-svijet\/#article","isPartOf":{"@id":"https:\/\/radioljubuski.ba\/index.php\/2021\/05\/07\/fra-jozo-zovko-medugorje-svojim-plodovima-hrani-cijeli-svijet\/"},"author":{"name":"Radio Ljubu\u0161ki","@id":"https:\/\/radioljubuski.ba\/#\/schema\/person\/19fc700381a780f69665d7956c469e3b"},"headline":"Fra Jozo Zovko: Me\u0111ugorje svojim plodovima hrani cijeli svijet","datePublished":"2021-05-07T15:48:11+00:00","dateModified":"2021-05-07T15:48:13+00:00","mainEntityOfPage":{"@id":"https:\/\/radioljubuski.ba\/index.php\/2021\/05\/07\/fra-jozo-zovko-medugorje-svojim-plodovima-hrani-cijeli-svijet\/"},"wordCount":1993,"publisher":{"@id":"https:\/\/radioljubuski.ba\/#organization"},"image":{"@id":"https:\/\/radioljubuski.ba\/index.php\/2021\/05\/07\/fra-jozo-zovko-medugorje-svojim-plodovima-hrani-cijeli-svijet\/#primaryimage"},"thumbnailUrl":"https:\/\/radioljubuski.ba\/wp-content\/uploads\/2021\/05\/7-2021-05-07-15-47-07-5662323.jpg","articleSection":["BIH i regija"],"inLanguage":"hr"},{"@type":"WebPage","@id":"https:\/\/radioljubuski.ba\/index.php\/2021\/05\/07\/fra-jozo-zovko-medugorje-svojim-plodovima-hrani-cijeli-svijet\/","url":"https:\/\/radioljubuski.ba\/index.php\/2021\/05\/07\/fra-jozo-zovko-medugorje-svojim-plodovima-hrani-cijeli-svijet\/","name":"Fra Jozo Zovko: Me\u0111ugorje svojim plodovima hrani cijeli svijet - RADIO LJUBU\u0160KI","isPartOf":{"@id":"https:\/\/radioljubuski.ba\/#website"},"primaryImageOfPage":{"@id":"https:\/\/radioljubuski.ba\/index.php\/2021\/05\/07\/fra-jozo-zovko-medugorje-svojim-plodovima-hrani-cijeli-svijet\/#primaryimage"},"image":{"@id":"https:\/\/radioljubuski.ba\/index.php\/2021\/05\/07\/fra-jozo-zovko-medugorje-svojim-plodovima-hrani-cijeli-svijet\/#primaryimage"},"thumbnailUrl":"https:\/\/radioljubuski.ba\/wp-content\/uploads\/2021\/05\/7-2021-05-07-15-47-07-5662323.jpg","datePublished":"2021-05-07T15:48:11+00:00","dateModified":"2021-05-07T15:48:13+00:00","breadcrumb":{"@id":"https:\/\/radioljubuski.ba\/index.php\/2021\/05\/07\/fra-jozo-zovko-medugorje-svojim-plodovima-hrani-cijeli-svijet\/#breadcrumb"},"inLanguage":"hr","potentialAction":[{"@type":"ReadAction","target":["https:\/\/radioljubuski.ba\/index.php\/2021\/05\/07\/fra-jozo-zovko-medugorje-svojim-plodovima-hrani-cijeli-svijet\/"]}]},{"@type":"ImageObject","inLanguage":"hr","@id":"https:\/\/radioljubuski.ba\/index.php\/2021\/05\/07\/fra-jozo-zovko-medugorje-svojim-plodovima-hrani-cijeli-svijet\/#primaryimage","url":"https:\/\/radioljubuski.ba\/wp-content\/uploads\/2021\/05\/7-2021-05-07-15-47-07-5662323.jpg","contentUrl":"https:\/\/radioljubuski.ba\/wp-content\/uploads\/2021\/05\/7-2021-05-07-15-47-07-5662323.jpg","width":1000,"height":625},{"@type":"BreadcrumbList","@id":"https:\/\/radioljubuski.ba\/index.php\/2021\/05\/07\/fra-jozo-zovko-medugorje-svojim-plodovima-hrani-cijeli-svijet\/#breadcrumb","itemListElement":[{"@type":"ListItem","position":1,"name":"Po\u010detna stranica","item":"https:\/\/radioljubuski.ba\/"},{"@type":"ListItem","position":2,"name":"Fra Jozo Zovko: Me\u0111ugorje svojim plodovima hrani cijeli svijet"}]},{"@type":"WebSite","@id":"https:\/\/radioljubuski.ba\/#website","url":"https:\/\/radioljubuski.ba\/","name":"Radio Ljubu\u0161ki","description":"Sun\u010dana frekvencija Hercegovine","publisher":{"@id":"https:\/\/radioljubuski.ba\/#organization"},"potentialAction":[{"@type":"SearchAction","target":{"@type":"EntryPoint","urlTemplate":"https:\/\/radioljubuski.ba\/?s={search_term_string}"},"query-input":{"@type":"PropertyValueSpecification","valueRequired":true,"valueName":"search_term_string"}}],"inLanguage":"hr"},{"@type":"Organization","@id":"https:\/\/radioljubuski.ba\/#organization","name":"Radio Ljubu\u0161ki","url":"https:\/\/radioljubuski.ba\/","logo":{"@type":"ImageObject","inLanguage":"hr","@id":"https:\/\/radioljubuski.ba\/#\/schema\/logo\/image\/","url":"https:\/\/radioljubuski.ba\/wp-content\/uploads\/2021\/02\/cropped-Radio_Ljubuski_logo1.jpg","contentUrl":"https:\/\/radioljubuski.ba\/wp-content\/uploads\/2021\/02\/cropped-Radio_Ljubuski_logo1.jpg","width":512,"height":512,"caption":"Radio Ljubu\u0161ki"},"image":{"@id":"https:\/\/radioljubuski.ba\/#\/schema\/logo\/image\/"},"sameAs":["https:\/\/www.facebook.com\/Radiio-Ljubuski-1490835324566332","https:\/\/x.com\/radioljubuski","https:\/\/hr.linkedin.com\/company\/radio-ljubuski","https:\/\/www.youtube.com\/channel\/UCHYaeO_n0Db3tjNGudGpXyw"]},{"@type":"Person","@id":"https:\/\/radioljubuski.ba\/#\/schema\/person\/19fc700381a780f69665d7956c469e3b","name":"Radio Ljubu\u0161ki"}]}},"_links":{"self":[{"href":"https:\/\/radioljubuski.ba\/index.php\/wp-json\/wp\/v2\/posts\/19394","targetHints":{"allow":["GET"]}}],"collection":[{"href":"https:\/\/radioljubuski.ba\/index.php\/wp-json\/wp\/v2\/posts"}],"about":[{"href":"https:\/\/radioljubuski.ba\/index.php\/wp-json\/wp\/v2\/types\/post"}],"author":[{"embeddable":true,"href":"https:\/\/radioljubuski.ba\/index.php\/wp-json\/wp\/v2\/users\/2"}],"replies":[{"embeddable":true,"href":"https:\/\/radioljubuski.ba\/index.php\/wp-json\/wp\/v2\/comments?post=19394"}],"version-history":[{"count":1,"href":"https:\/\/radioljubuski.ba\/index.php\/wp-json\/wp\/v2\/posts\/19394\/revisions"}],"predecessor-version":[{"id":19397,"href":"https:\/\/radioljubuski.ba\/index.php\/wp-json\/wp\/v2\/posts\/19394\/revisions\/19397"}],"wp:featuredmedia":[{"embeddable":true,"href":"https:\/\/radioljubuski.ba\/index.php\/wp-json\/wp\/v2\/media\/19395"}],"wp:attachment":[{"href":"https:\/\/radioljubuski.ba\/index.php\/wp-json\/wp\/v2\/media?parent=19394"}],"wp:term":[{"taxonomy":"category","embeddable":true,"href":"https:\/\/radioljubuski.ba\/index.php\/wp-json\/wp\/v2\/categories?post=19394"},{"taxonomy":"post_tag","embeddable":true,"href":"https:\/\/radioljubuski.ba\/index.php\/wp-json\/wp\/v2\/tags?post=19394"}],"curies":[{"name":"wp","href":"https:\/\/api.w.org\/{rel}","templated":true}]}}