{"id":19405,"date":"2021-05-07T16:54:29","date_gmt":"2021-05-07T15:54:29","guid":{"rendered":"https:\/\/radioljubuski.ba\/?p=19405"},"modified":"2021-05-07T16:54:30","modified_gmt":"2021-05-07T15:54:30","slug":"mikulic-kako-smo-zaustavili-tenkove-jna-na-pologu-video","status":"publish","type":"post","link":"https:\/\/radioljubuski.ba\/index.php\/2021\/05\/07\/mikulic-kako-smo-zaustavili-tenkove-jna-na-pologu-video\/","title":{"rendered":"Mikuli\u0107: Kako smo zaustavili tenkove JNA na Pologu &#8211; video"},"content":{"rendered":"\n<p><strong>An\u0111elko Mikuli\u0107, na\u010delnik op\u0107ine \u0160iroki Brijeg s po\u010detka 1990.-ih godina, gostovao je u Podcastu Bura povodom obilje\u017eavanja 30. godi\u0161njice zaustavljanja tenkova JNA u mjestu Polog izme\u0111u Mostara i \u0160irokog Brijega.<\/strong><\/p>\n\n\n\n<figure class=\"wp-block-embed is-type-video is-provider-youtube wp-block-embed-youtube wp-embed-aspect-16-9 wp-has-aspect-ratio\"><div class=\"wp-block-embed__wrapper\">\n<iframe loading=\"lazy\" title=\"Podcast BURA - An\u0111elko Mikuli\u0107: Kako smo 1991. zaustavili tenkove JNA na Pologu\" width=\"640\" height=\"360\" src=\"https:\/\/www.youtube.com\/embed\/A_Xg7Jn6I1o?feature=oembed\" frameborder=\"0\" allow=\"accelerometer; autoplay; clipboard-write; encrypted-media; gyroscope; picture-in-picture; web-share\" referrerpolicy=\"strict-origin-when-cross-origin\" allowfullscreen><\/iframe>\n<\/div><\/figure>\n\n\n\n<p>Mikuli\u0107, ina\u010de kasnije istaknuti du\u017enosnik HDZ-a BiH, u razgovoru s voditeljem i urednikom Podcasta Bura Juricom Gudeljom, prisjetio se klju\u010dnih doga\u0111aja od prije 30 godina kad je puk Hercegovine svojim tijelima i pokretnom imovinom zaustavio JNA tenkove. Bilo je to vrijeme ni rata ni mira u BiH, a Mikuli\u0107 je bio jedan od onih ljudi koji je prepoznao va\u017enost povijesnog trenutka i pomogao organizirati narod da se tenkovi zaustave.<\/p>\n\n\n\n<p>\u201cKad sad pogledam \u0161to sam tad razmi\u0161ljao, \u010dini mi se da se nisam promijenio. Bio je to romanti\u010darski duh i sve se to dogodilo pomalo romanti\u010darski\u201d, rekao je Mikuli\u0107.<\/p>\n\n\n\n<p>Istaknuo je kako je tijekom 1980.-ih vjerovao da se stvari mogu rje\u0161avati mirnim putem. Jugoslavija je tad, veli, bila vojna sila, iako bi on volio da je bila umna i ekonomska sila, a ne vojna.<\/p>\n\n\n\n<p>\u201cSvi su se pla\u0161ili te vojne sile, izgleda, osim nas. Ta vojna sila tad je podr\u017eavala balvan revoluciju u Hrvatskoj i mi smo se tad tako\u0111er osjetili ugro\u017eenima\u201d.<\/p>\n\n\n\n<p>Govorio je o tomu kako se pregovaralo s vodstvom JNA o pu\u0161tanju kolone, o ulogama Alije Izetbegovi\u0107a i Stjepana Kljuji\u0107a u pregovorima. Rekao je kako Kljuji\u0107 nije dobro \u201cpro\u010ditao\u201d situaciju te kako je Izetbegovi\u0107 vrlo dobro postupio u danim trenutcima. Ocijenio je i kako je tada\u0161nji zapovjednik, pukovnik Milojko Panteli\u0107, zapravo bio vrlo \u010dastan \u010dovjek koji je u tim danima postupio vrlo odgovorno.<\/p>\n\n\n\n<p>\u201cMislim da je Panteli\u0107 bio \u010dastan i dobar \u010dovjek\u201d.<\/p>\n\n\n\n<p>Tako\u0111er, govorio je o ulozi hercegova\u010dkih franjevaca u cijelom doga\u0111aju, a opisao je i ozra\u010dje koje je vladalo tijekom tri dana dok je kolona oklopnih vozila JNA bila zaustavljena.<\/p>\n\n\n\n<p>\u201cPrvu ve\u010der se \u010dak govorila poezija\u201d, podsjetio je.<\/p>\n\n\n\n<p>Govorio je i o ulozi novinara i medija u cijeloj pri\u010di o tomu kako su novinari Petar Milo\u0161 i Smiljko \u0160agolj stavili izvje\u0161taj s terena u me\u0111unarodnu razmjenu, te je svjetska javnost doznala za doga\u0111anje na Pologu.<\/p>\n\n\n\n<p>Tako\u0111er, naglasio je kako je naposljetku najva\u017enije da je sve pro\u0161lo bez prolivene krvi, tj. bez ikakvih incidenata.<\/p>\n\n\n\n<p>\/HMS\/<\/p>\n","protected":false},"excerpt":{"rendered":"<p>An\u0111elko Mikuli\u0107, na\u010delnik op\u0107ine \u0160iroki Brijeg s po\u010detka 1990.-ih godina, gostovao je u Podcastu Bura povodom obilje\u017eavanja 30. godi\u0161njice zaustavljanja tenkova JNA u mjestu Polog izme\u0111u Mostara i \u0160irokog Brijega. Mikuli\u0107, ina\u010de kasnije istaknuti du\u017enosnik HDZ-a BiH, u razgovoru s voditeljem i urednikom Podcasta Bura Juricom Gudeljom, prisjetio se klju\u010dnih doga\u0111aja od prije 30 godina [&hellip;]<\/p>\n","protected":false},"author":2,"featured_media":19406,"comment_status":"closed","ping_status":"closed","sticky":false,"template":"","format":"standard","meta":{"h5ap_radio_sources":[],"footnotes":""},"categories":[1],"tags":[],"class_list":["post-19405","post","type-post","status-publish","format-standard","has-post-thumbnail","hentry","category-bihiregija"],"yoast_head":"<!-- This site is optimized with the Yoast SEO plugin v27.5 - https:\/\/yoast.com\/product\/yoast-seo-wordpress\/ -->\n<title>Mikuli\u0107: Kako smo zaustavili tenkove JNA na Pologu - video - RADIO LJUBU\u0160KI<\/title>\n<meta name=\"robots\" content=\"index, follow, max-snippet:-1, max-image-preview:large, max-video-preview:-1\" \/>\n<link rel=\"canonical\" href=\"https:\/\/radioljubuski.ba\/index.php\/2021\/05\/07\/mikulic-kako-smo-zaustavili-tenkove-jna-na-pologu-video\/\" \/>\n<meta property=\"og:locale\" content=\"hr_HR\" \/>\n<meta property=\"og:type\" content=\"article\" \/>\n<meta property=\"og:title\" content=\"Mikuli\u0107: Kako smo zaustavili tenkove JNA na Pologu - video - RADIO LJUBU\u0160KI\" \/>\n<meta property=\"og:description\" content=\"An\u0111elko Mikuli\u0107, na\u010delnik op\u0107ine \u0160iroki Brijeg s po\u010detka 1990.-ih godina, gostovao je u Podcastu Bura povodom obilje\u017eavanja 30. godi\u0161njice zaustavljanja tenkova JNA u mjestu Polog izme\u0111u Mostara i \u0160irokog Brijega. Mikuli\u0107, ina\u010de kasnije istaknuti du\u017enosnik HDZ-a BiH, u razgovoru s voditeljem i urednikom Podcasta Bura Juricom Gudeljom, prisjetio se klju\u010dnih doga\u0111aja od prije 30 godina [&hellip;]\" \/>\n<meta property=\"og:url\" content=\"https:\/\/radioljubuski.ba\/index.php\/2021\/05\/07\/mikulic-kako-smo-zaustavili-tenkove-jna-na-pologu-video\/\" \/>\n<meta property=\"og:site_name\" content=\"RADIO LJUBU\u0160KI\" \/>\n<meta property=\"article:publisher\" content=\"https:\/\/www.facebook.com\/Radiio-Ljubuski-1490835324566332\" \/>\n<meta property=\"article:published_time\" content=\"2021-05-07T15:54:29+00:00\" \/>\n<meta property=\"article:modified_time\" content=\"2021-05-07T15:54:30+00:00\" \/>\n<meta property=\"og:image\" content=\"https:\/\/radioljubuski.ba\/wp-content\/uploads\/2021\/05\/maxresdefault-1.jpg\" \/>\n\t<meta property=\"og:image:width\" content=\"1280\" \/>\n\t<meta property=\"og:image:height\" content=\"720\" \/>\n\t<meta property=\"og:image:type\" content=\"image\/jpeg\" \/>\n<meta name=\"author\" content=\"Radio Ljubu\u0161ki\" \/>\n<meta name=\"twitter:card\" content=\"summary_large_image\" \/>\n<meta name=\"twitter:creator\" content=\"@radioljubuski\" \/>\n<meta name=\"twitter:site\" content=\"@radioljubuski\" \/>\n<meta name=\"twitter:label1\" content=\"Napisao\/la\" \/>\n\t<meta name=\"twitter:data1\" content=\"Radio Ljubu\u0161ki\" \/>\n\t<meta name=\"twitter:label2\" content=\"Procijenjeno vrijeme \u010ditanja\" \/>\n\t<meta name=\"twitter:data2\" content=\"2 minute\" \/>\n<script type=\"application\/ld+json\" class=\"yoast-schema-graph\">{\"@context\":\"https:\\\/\\\/schema.org\",\"@graph\":[{\"@type\":\"Article\",\"@id\":\"https:\\\/\\\/radioljubuski.ba\\\/index.php\\\/2021\\\/05\\\/07\\\/mikulic-kako-smo-zaustavili-tenkove-jna-na-pologu-video\\\/#article\",\"isPartOf\":{\"@id\":\"https:\\\/\\\/radioljubuski.ba\\\/index.php\\\/2021\\\/05\\\/07\\\/mikulic-kako-smo-zaustavili-tenkove-jna-na-pologu-video\\\/\"},\"author\":{\"name\":\"Radio Ljubu\u0161ki\",\"@id\":\"https:\\\/\\\/radioljubuski.ba\\\/#\\\/schema\\\/person\\\/19fc700381a780f69665d7956c469e3b\"},\"headline\":\"Mikuli\u0107: Kako smo zaustavili tenkove JNA na Pologu &#8211; video\",\"datePublished\":\"2021-05-07T15:54:29+00:00\",\"dateModified\":\"2021-05-07T15:54:30+00:00\",\"mainEntityOfPage\":{\"@id\":\"https:\\\/\\\/radioljubuski.ba\\\/index.php\\\/2021\\\/05\\\/07\\\/mikulic-kako-smo-zaustavili-tenkove-jna-na-pologu-video\\\/\"},\"wordCount\":412,\"publisher\":{\"@id\":\"https:\\\/\\\/radioljubuski.ba\\\/#organization\"},\"image\":{\"@id\":\"https:\\\/\\\/radioljubuski.ba\\\/index.php\\\/2021\\\/05\\\/07\\\/mikulic-kako-smo-zaustavili-tenkove-jna-na-pologu-video\\\/#primaryimage\"},\"thumbnailUrl\":\"https:\\\/\\\/radioljubuski.ba\\\/wp-content\\\/uploads\\\/2021\\\/05\\\/maxresdefault-1.jpg\",\"articleSection\":[\"BIH i regija\"],\"inLanguage\":\"hr\"},{\"@type\":\"WebPage\",\"@id\":\"https:\\\/\\\/radioljubuski.ba\\\/index.php\\\/2021\\\/05\\\/07\\\/mikulic-kako-smo-zaustavili-tenkove-jna-na-pologu-video\\\/\",\"url\":\"https:\\\/\\\/radioljubuski.ba\\\/index.php\\\/2021\\\/05\\\/07\\\/mikulic-kako-smo-zaustavili-tenkove-jna-na-pologu-video\\\/\",\"name\":\"Mikuli\u0107: Kako smo zaustavili tenkove JNA na Pologu - video - RADIO LJUBU\u0160KI\",\"isPartOf\":{\"@id\":\"https:\\\/\\\/radioljubuski.ba\\\/#website\"},\"primaryImageOfPage\":{\"@id\":\"https:\\\/\\\/radioljubuski.ba\\\/index.php\\\/2021\\\/05\\\/07\\\/mikulic-kako-smo-zaustavili-tenkove-jna-na-pologu-video\\\/#primaryimage\"},\"image\":{\"@id\":\"https:\\\/\\\/radioljubuski.ba\\\/index.php\\\/2021\\\/05\\\/07\\\/mikulic-kako-smo-zaustavili-tenkove-jna-na-pologu-video\\\/#primaryimage\"},\"thumbnailUrl\":\"https:\\\/\\\/radioljubuski.ba\\\/wp-content\\\/uploads\\\/2021\\\/05\\\/maxresdefault-1.jpg\",\"datePublished\":\"2021-05-07T15:54:29+00:00\",\"dateModified\":\"2021-05-07T15:54:30+00:00\",\"breadcrumb\":{\"@id\":\"https:\\\/\\\/radioljubuski.ba\\\/index.php\\\/2021\\\/05\\\/07\\\/mikulic-kako-smo-zaustavili-tenkove-jna-na-pologu-video\\\/#breadcrumb\"},\"inLanguage\":\"hr\",\"potentialAction\":[{\"@type\":\"ReadAction\",\"target\":[\"https:\\\/\\\/radioljubuski.ba\\\/index.php\\\/2021\\\/05\\\/07\\\/mikulic-kako-smo-zaustavili-tenkove-jna-na-pologu-video\\\/\"]}]},{\"@type\":\"ImageObject\",\"inLanguage\":\"hr\",\"@id\":\"https:\\\/\\\/radioljubuski.ba\\\/index.php\\\/2021\\\/05\\\/07\\\/mikulic-kako-smo-zaustavili-tenkove-jna-na-pologu-video\\\/#primaryimage\",\"url\":\"https:\\\/\\\/radioljubuski.ba\\\/wp-content\\\/uploads\\\/2021\\\/05\\\/maxresdefault-1.jpg\",\"contentUrl\":\"https:\\\/\\\/radioljubuski.ba\\\/wp-content\\\/uploads\\\/2021\\\/05\\\/maxresdefault-1.jpg\",\"width\":1280,\"height\":720},{\"@type\":\"BreadcrumbList\",\"@id\":\"https:\\\/\\\/radioljubuski.ba\\\/index.php\\\/2021\\\/05\\\/07\\\/mikulic-kako-smo-zaustavili-tenkove-jna-na-pologu-video\\\/#breadcrumb\",\"itemListElement\":[{\"@type\":\"ListItem\",\"position\":1,\"name\":\"Po\u010detna stranica\",\"item\":\"https:\\\/\\\/radioljubuski.ba\\\/\"},{\"@type\":\"ListItem\",\"position\":2,\"name\":\"Mikuli\u0107: Kako smo zaustavili tenkove JNA na Pologu &#8211; video\"}]},{\"@type\":\"WebSite\",\"@id\":\"https:\\\/\\\/radioljubuski.ba\\\/#website\",\"url\":\"https:\\\/\\\/radioljubuski.ba\\\/\",\"name\":\"Radio Ljubu\u0161ki\",\"description\":\"Sun\u010dana frekvencija Hercegovine\",\"publisher\":{\"@id\":\"https:\\\/\\\/radioljubuski.ba\\\/#organization\"},\"potentialAction\":[{\"@type\":\"SearchAction\",\"target\":{\"@type\":\"EntryPoint\",\"urlTemplate\":\"https:\\\/\\\/radioljubuski.ba\\\/?s={search_term_string}\"},\"query-input\":{\"@type\":\"PropertyValueSpecification\",\"valueRequired\":true,\"valueName\":\"search_term_string\"}}],\"inLanguage\":\"hr\"},{\"@type\":\"Organization\",\"@id\":\"https:\\\/\\\/radioljubuski.ba\\\/#organization\",\"name\":\"Radio Ljubu\u0161ki\",\"url\":\"https:\\\/\\\/radioljubuski.ba\\\/\",\"logo\":{\"@type\":\"ImageObject\",\"inLanguage\":\"hr\",\"@id\":\"https:\\\/\\\/radioljubuski.ba\\\/#\\\/schema\\\/logo\\\/image\\\/\",\"url\":\"https:\\\/\\\/radioljubuski.ba\\\/wp-content\\\/uploads\\\/2021\\\/02\\\/cropped-Radio_Ljubuski_logo1.jpg\",\"contentUrl\":\"https:\\\/\\\/radioljubuski.ba\\\/wp-content\\\/uploads\\\/2021\\\/02\\\/cropped-Radio_Ljubuski_logo1.jpg\",\"width\":512,\"height\":512,\"caption\":\"Radio Ljubu\u0161ki\"},\"image\":{\"@id\":\"https:\\\/\\\/radioljubuski.ba\\\/#\\\/schema\\\/logo\\\/image\\\/\"},\"sameAs\":[\"https:\\\/\\\/www.facebook.com\\\/Radiio-Ljubuski-1490835324566332\",\"https:\\\/\\\/x.com\\\/radioljubuski\",\"https:\\\/\\\/hr.linkedin.com\\\/company\\\/radio-ljubuski\",\"https:\\\/\\\/www.youtube.com\\\/channel\\\/UCHYaeO_n0Db3tjNGudGpXyw\"]},{\"@type\":\"Person\",\"@id\":\"https:\\\/\\\/radioljubuski.ba\\\/#\\\/schema\\\/person\\\/19fc700381a780f69665d7956c469e3b\",\"name\":\"Radio Ljubu\u0161ki\"}]}<\/script>\n<!-- \/ Yoast SEO plugin. -->","yoast_head_json":{"title":"Mikuli\u0107: Kako smo zaustavili tenkove JNA na Pologu - video - RADIO LJUBU\u0160KI","robots":{"index":"index","follow":"follow","max-snippet":"max-snippet:-1","max-image-preview":"max-image-preview:large","max-video-preview":"max-video-preview:-1"},"canonical":"https:\/\/radioljubuski.ba\/index.php\/2021\/05\/07\/mikulic-kako-smo-zaustavili-tenkove-jna-na-pologu-video\/","og_locale":"hr_HR","og_type":"article","og_title":"Mikuli\u0107: Kako smo zaustavili tenkove JNA na Pologu - video - RADIO LJUBU\u0160KI","og_description":"An\u0111elko Mikuli\u0107, na\u010delnik op\u0107ine \u0160iroki Brijeg s po\u010detka 1990.-ih godina, gostovao je u Podcastu Bura povodom obilje\u017eavanja 30. godi\u0161njice zaustavljanja tenkova JNA u mjestu Polog izme\u0111u Mostara i \u0160irokog Brijega. Mikuli\u0107, ina\u010de kasnije istaknuti du\u017enosnik HDZ-a BiH, u razgovoru s voditeljem i urednikom Podcasta Bura Juricom Gudeljom, prisjetio se klju\u010dnih doga\u0111aja od prije 30 godina [&hellip;]","og_url":"https:\/\/radioljubuski.ba\/index.php\/2021\/05\/07\/mikulic-kako-smo-zaustavili-tenkove-jna-na-pologu-video\/","og_site_name":"RADIO LJUBU\u0160KI","article_publisher":"https:\/\/www.facebook.com\/Radiio-Ljubuski-1490835324566332","article_published_time":"2021-05-07T15:54:29+00:00","article_modified_time":"2021-05-07T15:54:30+00:00","og_image":[{"width":1280,"height":720,"url":"https:\/\/radioljubuski.ba\/wp-content\/uploads\/2021\/05\/maxresdefault-1.jpg","type":"image\/jpeg"}],"author":"Radio Ljubu\u0161ki","twitter_card":"summary_large_image","twitter_creator":"@radioljubuski","twitter_site":"@radioljubuski","twitter_misc":{"Napisao\/la":"Radio Ljubu\u0161ki","Procijenjeno vrijeme \u010ditanja":"2 minute"},"schema":{"@context":"https:\/\/schema.org","@graph":[{"@type":"Article","@id":"https:\/\/radioljubuski.ba\/index.php\/2021\/05\/07\/mikulic-kako-smo-zaustavili-tenkove-jna-na-pologu-video\/#article","isPartOf":{"@id":"https:\/\/radioljubuski.ba\/index.php\/2021\/05\/07\/mikulic-kako-smo-zaustavili-tenkove-jna-na-pologu-video\/"},"author":{"name":"Radio Ljubu\u0161ki","@id":"https:\/\/radioljubuski.ba\/#\/schema\/person\/19fc700381a780f69665d7956c469e3b"},"headline":"Mikuli\u0107: Kako smo zaustavili tenkove JNA na Pologu &#8211; video","datePublished":"2021-05-07T15:54:29+00:00","dateModified":"2021-05-07T15:54:30+00:00","mainEntityOfPage":{"@id":"https:\/\/radioljubuski.ba\/index.php\/2021\/05\/07\/mikulic-kako-smo-zaustavili-tenkove-jna-na-pologu-video\/"},"wordCount":412,"publisher":{"@id":"https:\/\/radioljubuski.ba\/#organization"},"image":{"@id":"https:\/\/radioljubuski.ba\/index.php\/2021\/05\/07\/mikulic-kako-smo-zaustavili-tenkove-jna-na-pologu-video\/#primaryimage"},"thumbnailUrl":"https:\/\/radioljubuski.ba\/wp-content\/uploads\/2021\/05\/maxresdefault-1.jpg","articleSection":["BIH i regija"],"inLanguage":"hr"},{"@type":"WebPage","@id":"https:\/\/radioljubuski.ba\/index.php\/2021\/05\/07\/mikulic-kako-smo-zaustavili-tenkove-jna-na-pologu-video\/","url":"https:\/\/radioljubuski.ba\/index.php\/2021\/05\/07\/mikulic-kako-smo-zaustavili-tenkove-jna-na-pologu-video\/","name":"Mikuli\u0107: Kako smo zaustavili tenkove JNA na Pologu - video - RADIO LJUBU\u0160KI","isPartOf":{"@id":"https:\/\/radioljubuski.ba\/#website"},"primaryImageOfPage":{"@id":"https:\/\/radioljubuski.ba\/index.php\/2021\/05\/07\/mikulic-kako-smo-zaustavili-tenkove-jna-na-pologu-video\/#primaryimage"},"image":{"@id":"https:\/\/radioljubuski.ba\/index.php\/2021\/05\/07\/mikulic-kako-smo-zaustavili-tenkove-jna-na-pologu-video\/#primaryimage"},"thumbnailUrl":"https:\/\/radioljubuski.ba\/wp-content\/uploads\/2021\/05\/maxresdefault-1.jpg","datePublished":"2021-05-07T15:54:29+00:00","dateModified":"2021-05-07T15:54:30+00:00","breadcrumb":{"@id":"https:\/\/radioljubuski.ba\/index.php\/2021\/05\/07\/mikulic-kako-smo-zaustavili-tenkove-jna-na-pologu-video\/#breadcrumb"},"inLanguage":"hr","potentialAction":[{"@type":"ReadAction","target":["https:\/\/radioljubuski.ba\/index.php\/2021\/05\/07\/mikulic-kako-smo-zaustavili-tenkove-jna-na-pologu-video\/"]}]},{"@type":"ImageObject","inLanguage":"hr","@id":"https:\/\/radioljubuski.ba\/index.php\/2021\/05\/07\/mikulic-kako-smo-zaustavili-tenkove-jna-na-pologu-video\/#primaryimage","url":"https:\/\/radioljubuski.ba\/wp-content\/uploads\/2021\/05\/maxresdefault-1.jpg","contentUrl":"https:\/\/radioljubuski.ba\/wp-content\/uploads\/2021\/05\/maxresdefault-1.jpg","width":1280,"height":720},{"@type":"BreadcrumbList","@id":"https:\/\/radioljubuski.ba\/index.php\/2021\/05\/07\/mikulic-kako-smo-zaustavili-tenkove-jna-na-pologu-video\/#breadcrumb","itemListElement":[{"@type":"ListItem","position":1,"name":"Po\u010detna stranica","item":"https:\/\/radioljubuski.ba\/"},{"@type":"ListItem","position":2,"name":"Mikuli\u0107: Kako smo zaustavili tenkove JNA na Pologu &#8211; video"}]},{"@type":"WebSite","@id":"https:\/\/radioljubuski.ba\/#website","url":"https:\/\/radioljubuski.ba\/","name":"Radio Ljubu\u0161ki","description":"Sun\u010dana frekvencija Hercegovine","publisher":{"@id":"https:\/\/radioljubuski.ba\/#organization"},"potentialAction":[{"@type":"SearchAction","target":{"@type":"EntryPoint","urlTemplate":"https:\/\/radioljubuski.ba\/?s={search_term_string}"},"query-input":{"@type":"PropertyValueSpecification","valueRequired":true,"valueName":"search_term_string"}}],"inLanguage":"hr"},{"@type":"Organization","@id":"https:\/\/radioljubuski.ba\/#organization","name":"Radio Ljubu\u0161ki","url":"https:\/\/radioljubuski.ba\/","logo":{"@type":"ImageObject","inLanguage":"hr","@id":"https:\/\/radioljubuski.ba\/#\/schema\/logo\/image\/","url":"https:\/\/radioljubuski.ba\/wp-content\/uploads\/2021\/02\/cropped-Radio_Ljubuski_logo1.jpg","contentUrl":"https:\/\/radioljubuski.ba\/wp-content\/uploads\/2021\/02\/cropped-Radio_Ljubuski_logo1.jpg","width":512,"height":512,"caption":"Radio Ljubu\u0161ki"},"image":{"@id":"https:\/\/radioljubuski.ba\/#\/schema\/logo\/image\/"},"sameAs":["https:\/\/www.facebook.com\/Radiio-Ljubuski-1490835324566332","https:\/\/x.com\/radioljubuski","https:\/\/hr.linkedin.com\/company\/radio-ljubuski","https:\/\/www.youtube.com\/channel\/UCHYaeO_n0Db3tjNGudGpXyw"]},{"@type":"Person","@id":"https:\/\/radioljubuski.ba\/#\/schema\/person\/19fc700381a780f69665d7956c469e3b","name":"Radio Ljubu\u0161ki"}]}},"_links":{"self":[{"href":"https:\/\/radioljubuski.ba\/index.php\/wp-json\/wp\/v2\/posts\/19405","targetHints":{"allow":["GET"]}}],"collection":[{"href":"https:\/\/radioljubuski.ba\/index.php\/wp-json\/wp\/v2\/posts"}],"about":[{"href":"https:\/\/radioljubuski.ba\/index.php\/wp-json\/wp\/v2\/types\/post"}],"author":[{"embeddable":true,"href":"https:\/\/radioljubuski.ba\/index.php\/wp-json\/wp\/v2\/users\/2"}],"replies":[{"embeddable":true,"href":"https:\/\/radioljubuski.ba\/index.php\/wp-json\/wp\/v2\/comments?post=19405"}],"version-history":[{"count":1,"href":"https:\/\/radioljubuski.ba\/index.php\/wp-json\/wp\/v2\/posts\/19405\/revisions"}],"predecessor-version":[{"id":19407,"href":"https:\/\/radioljubuski.ba\/index.php\/wp-json\/wp\/v2\/posts\/19405\/revisions\/19407"}],"wp:featuredmedia":[{"embeddable":true,"href":"https:\/\/radioljubuski.ba\/index.php\/wp-json\/wp\/v2\/media\/19406"}],"wp:attachment":[{"href":"https:\/\/radioljubuski.ba\/index.php\/wp-json\/wp\/v2\/media?parent=19405"}],"wp:term":[{"taxonomy":"category","embeddable":true,"href":"https:\/\/radioljubuski.ba\/index.php\/wp-json\/wp\/v2\/categories?post=19405"},{"taxonomy":"post_tag","embeddable":true,"href":"https:\/\/radioljubuski.ba\/index.php\/wp-json\/wp\/v2\/tags?post=19405"}],"curies":[{"name":"wp","href":"https:\/\/api.w.org\/{rel}","templated":true}]}}