{"id":194070,"date":"2023-08-07T13:40:38","date_gmt":"2023-08-07T12:40:38","guid":{"rendered":"https:\/\/radioljubuski.ba\/?p=194070"},"modified":"2023-08-07T13:44:53","modified_gmt":"2023-08-07T12:44:53","slug":"sluzbeni-glasnik-12-agram-mnl-mz-grada-ljubuskog","status":"publish","type":"post","link":"https:\/\/radioljubuski.ba\/index.php\/2023\/08\/07\/sluzbeni-glasnik-12-agram-mnl-mz-grada-ljubuskog\/","title":{"rendered":"Slu\u017ebeni Glasnik |12| AGRAM MNL MZ Grada Ljubu\u0161kog"},"content":{"rendered":"\n<p><strong>Temeljem Propozicija natjecanja Agram 19. MNL MZ Grada Ljubu\u0161kog te Propozicija natjecanja Agram 12. MNL MZ Grada Ljubu\u0161kog igra\u010da do 16. godina starosti, Povjerenik natjecanja u prvom stupnju registrira sve utakmice odigrane, 04.8. 2023. godine postignutim rezultatom.<\/strong><\/p>\n\n\n\n<p><strong>AGRAM 12. LIGA IGRA\u010cA DO 16 GODINA STAROSTI &nbsp;(DOIGRAVANJE &#8211; BARA\u017d)<\/strong><\/p>\n\n\n\n<ol class=\"wp-block-list\" type=\"1\">\n<li><strong>VA\u0160AROVI\u0106I \u2013 OTOK\/GRABOVNIK (3:5 pen.) 3:3 (1:2),<\/strong>&nbsp;Strijelci: (0:1, Veselko Vuk\u0161i\u0107 5&#8242;), (0:2, Veselko Vuk\u0161i\u0107 6&#8242;), (1:2, Ivano Roso 12&#8242;), (1:3, Stipe Bara\u0107 20&#8242;), (2:3, Petar Pulji\u0107 22&#8242;), (3:3, Rafael Kraljevi 24&#8242;)<\/li>\n\n\n\n<li>Ekipa&nbsp;<strong>MZ OTOK\/GRABOVNIK<\/strong>&nbsp;&nbsp;plasirala se u novi krug doigravanja-bara\u017ea za ulazak u zavr\u0161nicu lige.<\/li>\n<\/ol>\n\n\n\n<p><strong>Strijelci (Liga mladih)<\/strong><\/p>\n\n\n\n<figure class=\"wp-block-table\"><table><tbody><tr><td><strong>Redni broj<\/strong><\/td><td><strong>Ime i Prezime<\/strong><\/td><td><strong>Mom\u010dad<\/strong><\/td><td><strong>Broj golova<\/strong><\/td><td><strong>Ukupno<\/strong><\/td><\/tr><tr><td><strong>1.<\/strong><\/td><td>Ivan Luburi\u0107<\/td><td>Studenci<\/td><td>1,<\/td><td>1<\/td><\/tr><tr><td><strong>2.<\/strong><\/td><td>Ivan Bari\u0161i\u0107<\/td><td>Studenci<\/td><td>1,1,1,<\/td><td>3<\/td><\/tr><tr><td><strong>3.<\/strong><\/td><td>Ante Marki\u0107<\/td><td>Ljubu\u0161ki 2<\/td><td>1,1,1,<\/td><td>3<\/td><\/tr><tr><td><strong>4.<\/strong><\/td><td>Mihael Medi\u0107<\/td><td>Radi\u0161i\u0107i<\/td><td>1,1,<\/td><td>2<\/td><\/tr><tr><td><strong>5.<\/strong><\/td><td>Petar Zlopa\u0161a<\/td><td>Radi\u0161i\u0107i<\/td><td>1,1,<\/td><td>2<\/td><\/tr><tr><td><strong>6<\/strong><\/td><td>Mile Muci\u0107<\/td><td>Cerno\/M.\/C.<\/td><td>1,1,1,<\/td><td>3<\/td><\/tr><tr><td><strong>7.<\/strong><\/td><td>Marko Ili\u0107<\/td><td>Cerno\/M.\/C.<\/td><td>1,1,<\/td><td>2<\/td><\/tr><tr><td><strong>8.<\/strong><\/td><td>Blago Vu\u010di\u0107<\/td><td>Cerno\/M.\/C.<\/td><td>1,<\/td><td>1<\/td><\/tr><tr><td><strong>9.<\/strong><\/td><td>Ivan Ra\u0161i\u0107<\/td><td>Klobuk<\/td><td>1,1,1,1,<\/td><td>4<\/td><\/tr><tr><td><strong>10.<\/strong><\/td><td>Petar Zadro<\/td><td>Klobuk<\/td><td>1,<\/td><td>1<\/td><\/tr><tr><td><strong>11.<\/strong><\/td><td>Ante Vegar<\/td><td>Va\u0161arovi\u0107i<\/td><td>1,1,1,1,<\/td><td>4<\/td><\/tr><tr><td><strong>12.<\/strong><\/td><td>Angelo Muci\u0107<\/td><td>\u0160ipova\u010da\/Vojni\u0107i<\/td><td>1,1,<\/td><td>2<\/td><\/tr><tr><td><strong>13.<\/strong><\/td><td>Zvonimir Mi\u0161eti\u0107<\/td><td>Otok\/Grabovnik<\/td><td>1,<\/td><td>1<\/td><\/tr><tr><td><strong>14.<\/strong><\/td><td>Josip Petru\u0161i\u0107<\/td><td>Otok\/Grabovnik<\/td><td>1,<\/td><td>1<\/td><\/tr><tr><td><strong>15.<\/strong><\/td><td>Nikola Jelini\u0107<\/td><td>Ljubu\u0161ki 2<\/td><td>1,1,1,<\/td><td>3<\/td><\/tr><tr><td><strong>16.<\/strong><\/td><td>Luka Bebek<\/td><td>Ljubu\u0161ki 2<\/td><td>1,1,1,1,1<\/td><td>5<\/td><\/tr><tr><td><strong>17.<\/strong><\/td><td>Leon Grani\u0107<\/td><td>Ljubu\u0161ki 2<\/td><td>1,<\/td><td>1<\/td><\/tr><tr><td><strong>18.<\/strong><\/td><td>Darko Primorac<\/td><td>Studenci<\/td><td>1,<\/td><td>1<\/td><\/tr><tr><td><strong>19.<\/strong><\/td><td>Mihael Jel\u010di\u0107<\/td><td>Studenci<\/td><td>1,<\/td><td>1<\/td><\/tr><tr><td><strong>20.<\/strong><\/td><td>Filip Ani\u0107<\/td><td>Pregra\u0111e<\/td><td>1,<\/td><td>1<\/td><\/tr><tr><td><strong>21.<\/strong><\/td><td>Diego Pavlovi\u0107<\/td><td>Pregra\u0111e<\/td><td>1,<\/td><td>1<\/td><\/tr><tr><td><strong>22.<\/strong><\/td><td>Karlo Matija\u0161evi\u0107<\/td><td>Va\u0161arovi\u0107i<\/td><td>1,<\/td><td>1<\/td><\/tr><tr><td><strong>23.<\/strong><\/td><td><strong>Ivan Kraljevi\u0107<\/strong><\/td><td><strong>Ljubu\u0161ki<\/strong><\/td><td><strong>1,1,1,1,1,1,1,1,<\/strong><\/td><td><strong>8<\/strong><\/td><\/tr><tr><td><strong>24.<\/strong><\/td><td>Marino Matkovi\u0107<\/td><td>\u0160ipova\u010da\/Vojni\u0107i<\/td><td>1,<\/td><td>1<\/td><\/tr><tr><td><strong>25.<\/strong><\/td><td>Matijas Antunovi\u0107<\/td><td>Ljubu\u0161ki<\/td><td>1,1,<\/td><td>2<\/td><\/tr><tr><td><strong>26.<\/strong><\/td><td>Pavel Parad\u017eik<\/td><td>Ljubu\u0161ki<\/td><td>1,1,1,<\/td><td>3<\/td><\/tr><tr><td><strong>27.<\/strong><\/td><td>Neno Barbari\u0107<\/td><td>Ljubu\u0161ki 2<\/td><td>1,1,<\/td><td>2<\/td><\/tr><tr><td><strong>28.<\/strong><\/td><td>Ivan Prskalo<\/td><td>Ljubu\u0161ki 2<\/td><td>1,<\/td><td>1<\/td><\/tr><tr><td><strong>29.<\/strong><\/td><td>Veselko \u0106ori\u0107<\/td><td>Ljubu\u0161ki 2<\/td><td>1,1,<\/td><td>2<\/td><\/tr><tr><td><strong>30.<\/strong><\/td><td>Luka Petrovi\u0107<\/td><td>Pregra\u0111e<\/td><td>1,1,<\/td><td>2<\/td><\/tr><tr><td><strong>31.<\/strong><\/td><td>Luka Vasilj<\/td><td>Pregra\u0111e<\/td><td>1,1,1,1,<\/td><td>4<\/td><\/tr><tr><td><strong>32.<\/strong><\/td><td>Marko Me\u0111ugorac<\/td><td>Klobuk<\/td><td>1,<\/td><td>1<\/td><\/tr><tr><td><strong>33.<\/strong><\/td><td>Martin Petru\u0161i\u0107<\/td><td>Otok\/Grabovnik<\/td><td>1,<\/td><td>1<\/td><\/tr><tr><td><strong>34.<\/strong><\/td><td>Veselko Vuk\u0161i\u0107<\/td><td>Otok\/Grabovnik<\/td><td>1,1,1,<\/td><td>3<\/td><\/tr><tr><td><strong>35.<\/strong><\/td><td>Ivano Roso<\/td><td>Va\u0161arovi\u0107i<\/td><td>1,<\/td><td>1<\/td><\/tr><tr><td><strong>36.<\/strong><\/td><td>Stipe Bara\u0107<\/td><td>Otok\/Grabovnik<\/td><td>1,<\/td><td>1<\/td><\/tr><tr><td><strong>37.<\/strong><\/td><td>Petar Pulji\u0107<\/td><td>Va\u0161arovi\u0107i<\/td><td>1,<\/td><td>1<\/td><\/tr><tr><td><strong>38.<\/strong><\/td><td>Rafael Kraljevi\u0107<\/td><td>Va\u0161arovi\u0107i<\/td><td>1,<\/td><td>1<\/td><\/tr><\/tbody><\/table><\/figure>\n\n\n\n<p><strong>\u017duti kartoni (mladi)<\/strong><\/p>\n\n\n\n<figure class=\"wp-block-table\"><table><tbody><tr><td><strong>Redni broj<\/strong><\/td><td><strong>Ime i Prezime<\/strong><\/td><td><strong>Mom\u010dad<\/strong><\/td><td><strong>\u017duti kartoni<\/strong><\/td><td><strong>Ukupno<\/strong><\/td><\/tr><tr><td><strong>&nbsp;<\/strong><\/td><td>&nbsp;<\/td><td>&nbsp;<\/td><td>&nbsp;<\/td><td>&nbsp;<\/td><\/tr><\/tbody><\/table><\/figure>\n\n\n\n<p><strong>Crveni kartoni (mladi)<\/strong><\/p>\n\n\n\n<figure class=\"wp-block-table\"><table><tbody><tr><td><strong>Redni broj<\/strong><\/td><td><strong>Ime i Prezime<\/strong><\/td><td><strong>Mom\u010dad<\/strong><\/td><td><strong>Crveni kartoni<\/strong><\/td><td><strong>Ukupno<\/strong><\/td><\/tr><tr><td><strong>1.<\/strong><\/td><td>Karlo Matija\u0161evi\u0107<\/td><td>Va\u0161arovi\u0107i<\/td><td>1,<\/td><td>1 (23&#8242;)<\/td><\/tr><tr><td><strong>2.<\/strong><\/td><td>Stipe Bara\u0107<\/td><td>Otok\/Grabovnik<\/td><td>1,<\/td><td>1 (23&#8242;)<\/td><\/tr><\/tbody><\/table><\/figure>\n\n\n\n<p>*Zbog dobivenih crvenih kartona na utakmici&nbsp;<strong>VA\u0160AROVI\u0106I \u2013 OTOK\/GRABOVNIK<\/strong>, igra\u010di&nbsp;<strong>KARLO MATIJA\u0160EVI\u0106<\/strong>&nbsp;(<strong>VA\u0160AROVI\u0106A) i STIPE BARA\u0106 (OTOK\/GRABOVNIK)<\/strong>, po \u010dlanku 12., stavak prvi Stegovnog pravilnika ka\u017enjavaju se jednom (prvom narednom) utakmicom neigranja.<\/p>\n\n\n\n<p><strong>AGRAM 19. MNL MZ GRADA LJUBU\u0160KOG (DOIGRAVANJE \u2013 BARA\u017d \/ \u010cETVRTZAVR\u0160NICA)<\/strong><\/p>\n\n\n\n<ol class=\"wp-block-list\" type=\"1\">\n<li><strong>\u0160IPOVA\u010cA &#8211; VELJACI &nbsp;4:3 (1:1),<\/strong>&nbsp;Strijelci: (0:1, Ilija Mi\u0161eti\u0107 11&#8242;),(1:1, Robert \u017divku\u0161i\u0107 13&#8242;), (2:1, Ivan (Vjeko) Grbavac 28&#8242;), (2:2, Ilija Mi\u0161eti\u0107 (pen.) 30&#8242;), (3:2, Robert \u017divku\u0161i\u0107 33&#8242;), (3:3, Josip Mi\u0161eti\u0107 39&#8242;), (4:3, Ivan (Vjeko) Grbavac 40&#8242;)<\/li>\n\n\n\n<li>Ekipa&nbsp;<strong>MZ \u0160IPOVA\u010cA<\/strong>&nbsp;plasirala se u \u010detvrtzavr\u0161nicu lige.<\/li>\n\n\n\n<li><strong>CERNO\/M\/C \u2013 VITINA &nbsp;(3:1 pen.) 0:0 (0:0<\/strong><\/li>\n\n\n\n<li>Ekipa&nbsp;<strong>MZ CERNO\/M\/C se<\/strong>&nbsp;plasirala se u poluzavr\u0161nicu lige.<\/li>\n<\/ol>\n\n\n\n<p><strong>Strijelci (seniori)<\/strong><\/p>\n\n\n\n<figure class=\"wp-block-table\"><table><tbody><tr><td><strong>Redni broj<\/strong><\/td><td><strong>Ime i Prezime<\/strong><\/td><td><strong>Mom\u010dad<\/strong><\/td><td><strong>Broj golova<\/strong><\/td><td><strong>Ukupno<\/strong><\/td><\/tr><tr><td><strong>1.<\/strong><\/td><td>Franjo Vu\u010di\u0107<\/td><td>Cerno\/M.\/C.<\/td><td>1,1,1,<\/td><td>3<\/td><\/tr><tr><td><strong>2.<\/strong><\/td><td>Drago Jelavi\u0107<\/td><td>Teskera<\/td><td>1,1,1,<\/td><td>4<\/td><\/tr><tr><td><strong>3.<\/strong><\/td><td>Marin Pehar<\/td><td>Stubica\/Z.\/B.<\/td><td>1,1,<\/td><td>2<\/td><\/tr><tr><td><strong>4.<\/strong><\/td><td>Bruno Jelavi\u0107<\/td><td>Teskera<\/td><td>1,1,<\/td><td>2<\/td><\/tr><tr><td><strong>5.<\/strong><\/td><td>Toni Zovko<\/td><td>Ljubu\u0161ki 2<\/td><td>1,1,1,<\/td><td>3<\/td><\/tr><tr><td><strong>6.<\/strong><\/td><td>Pero Pulji\u0107<\/td><td>Va\u0161arovi\u0107i<\/td><td>1,1,<\/td><td>2<\/td><\/tr><tr><td><strong>7.<\/strong><\/td><td>Ivan Pulji\u0107<\/td><td>Va\u0161arovi\u0107i<\/td><td>1,1,<\/td><td>2<\/td><\/tr><tr><td><strong>8.<\/strong><\/td><td>Luka Bebek<\/td><td>Pregra\u0111e<\/td><td>1,<\/td><td>1<\/td><\/tr><tr><td><strong>9.<\/strong><\/td><td>Tomislav Bo\u0161njak<\/td><td>Pregra\u0111e<\/td><td>1,1,1,1,<\/td><td>4<\/td><\/tr><tr><td><strong>10.<\/strong><\/td><td>Luka Herceg<\/td><td>Crveni Grm<\/td><td>1,1,<\/td><td>2<\/td><\/tr><tr><td><strong>11.<\/strong><\/td><td>Filip Bebek<\/td><td>Pregra\u0111e<\/td><td>1,<\/td><td>1<\/td><\/tr><tr><td><strong>12.<\/strong><\/td><td>Marko Bo\u0161njak<\/td><td>Pregra\u0111e<\/td><td>1,1,<\/td><td>2<\/td><\/tr><tr><td><strong>13.<\/strong><\/td><td>Mateo Mucic<\/td><td>Pregra\u0111e<\/td><td>1,<\/td><td>1<\/td><\/tr><tr><td><strong>14.<\/strong><\/td><td>Stanko Mi\u0161eti\u0107<\/td><td>Vitina<\/td><td>1,1,<\/td><td>2<\/td><\/tr><tr><td><strong>15.<\/strong><\/td><td>Jakov Bebek<\/td><td>\u0160ipova\u010da<\/td><td>1,1,<\/td><td>2<\/td><\/tr><tr><td><strong>16.<\/strong><\/td><td>Dario Grbavac<\/td><td>\u0160ipova\u010da<\/td><td>1,1,<\/td><td>2<\/td><\/tr><tr><td><strong>17.<\/strong><\/td><td>Drago Vu\u010di\u0107<\/td><td>Vitina<\/td><td>1,<\/td><td>1<\/td><\/tr><tr><td><strong>18.<\/strong><\/td><td>Dragan Jelavi\u0107<\/td><td>Veljaci<\/td><td>1,1,<\/td><td>2<\/td><\/tr><tr><td><strong>19.<\/strong><\/td><td>Ante Jelavi\u0107<\/td><td>Veljaci<\/td><td>1,1,<\/td><td>2<\/td><\/tr><tr><td><strong>20.<\/strong><\/td><td>Dominik Herceg<\/td><td>Prolog<\/td><td>1,<\/td><td>1<\/td><\/tr><tr><td><strong>21.<\/strong><\/td><td>Mate Herceg<\/td><td>Prolog<\/td><td>1,<\/td><td>1<\/td><\/tr><tr><td><strong>22.<\/strong><\/td><td><strong>Ilija Mi\u0161eti\u0107<\/strong><\/td><td><strong>Veljaci<\/strong><\/td><td><strong>1,1,1,1,1,<\/strong><\/td><td><strong>5<\/strong><\/td><\/tr><tr><td><strong>23.<\/strong><\/td><td><strong>Tomislav Vu\u010di\u0107<\/strong><\/td><td><strong>Cerno\/M.\/C.<\/strong><\/td><td><strong>1,1,1,1,1,<\/strong><\/td><td><strong>5<\/strong><\/td><\/tr><tr><td><strong>24.<\/strong><\/td><td><strong>Marko \u010culjak<\/strong><\/td><td><strong>Ljubu\u0161ki<\/strong><\/td><td><strong>1,1,1,1,1,<\/strong><\/td><td><strong>5<\/strong><\/td><\/tr><tr><td><strong>25.<\/strong><\/td><td><strong>Antonio \u010culjak<\/strong><\/td><td><strong>Ljubu\u0161ki<\/strong><\/td><td><strong>1,1,1,1,1,<\/strong><\/td><td><strong>5<\/strong><\/td><\/tr><tr><td><strong>26.<\/strong><\/td><td>Matej Ni\u017ei\u0107<\/td><td>Crveni Grm<\/td><td>1,<\/td><td>1<\/td><\/tr><tr><td><strong>27.<\/strong><\/td><td>Ante Kraljevi\u0107<\/td><td>Crveni Grm<\/td><td>1,<\/td><td>1<\/td><\/tr><tr><td><strong>28.<\/strong><\/td><td>Ante Ni\u017ei\u0107<\/td><td>Crveni Grm<\/td><td>1,<\/td><td>1<\/td><\/tr><tr><td><strong>29.<\/strong><\/td><td>Ante Grani\u0107<\/td><td>Va\u0161arovi\u0107i<\/td><td>1,1,<\/td><td>2<\/td><\/tr><tr><td><strong>30.<\/strong><\/td><td>Frane Jurkovi\u0107<\/td><td>Stubica\/Z.\/B.<\/td><td>1,<\/td><td>1<\/td><\/tr><tr><td><strong>31.<\/strong><\/td><td>Duje Batini\u0107<\/td><td>Stubica\/Z.\/B.<\/td><td>1,<\/td><td>1<\/td><\/tr><tr><td><strong>32.<\/strong><\/td><td>Hrvoje Brki\u0107<\/td><td>Studenci<\/td><td>1,1,<\/td><td>2<\/td><\/tr><tr><td><strong>33.<\/strong><\/td><td>Marin Brki\u0107<\/td><td>Studenci<\/td><td>1,1,1,<\/td><td>3<\/td><\/tr><tr><td><strong>34.<\/strong><\/td><td>Robert \u017divku\u0161i\u0107<\/td><td>\u0160ipova\u010da<\/td><td>1,1,1,<\/td><td>3<\/td><\/tr><tr><td><strong>35.<\/strong><\/td><td>Petar Luburi\u0107<\/td><td>Studenci<\/td><td>1,<\/td><td>1<\/td><\/tr><tr><td><strong>36.<\/strong><\/td><td>Nikola Jurkovi\u0107<\/td><td>Studenci<\/td><td>1,1,<\/td><td>2<\/td><\/tr><tr><td><strong>37.<\/strong><\/td><td>Matej \u017divku\u0161i\u0107<\/td><td>\u0160ipova\u010da<\/td><td>1,<\/td><td>1<\/td><\/tr><tr><td><strong>38.<\/strong><\/td><td>Mile Herceg<\/td><td>Prolog<\/td><td>1,<\/td><td>1<\/td><\/tr><tr><td><strong>39.<\/strong><\/td><td>Viktor Vu\u010di\u0107<\/td><td>Cerno\/M.\/C.<\/td><td>1,<\/td><td>1<\/td><\/tr><tr><td><strong>40.<\/strong><\/td><td>Josip Mi\u0161eti\u0107<\/td><td>Veljaci<\/td><td>1,1,<\/td><td>2<\/td><\/tr><tr><td><strong>41.<\/strong><\/td><td>Nikola Grani\u0107<\/td><td>Teskera<\/td><td>1,1,<\/td><td>2<\/td><\/tr><tr><td><strong>42.<\/strong><\/td><td>Milenko Bo\u0161njak<\/td><td>Pregra\u0111e<\/td><td>1,<\/td><td>1<\/td><\/tr><tr><td><strong>41.<\/strong><\/td><td>Ivan (Vjeko) Grbavac<\/td><td>\u0160ipova\u010da<\/td><td>1,1,1,<\/td><td>3<\/td><\/tr><tr><td><strong>42.<\/strong><\/td><td>Ivan (Zdenko) Grbavac<\/td><td>\u0160ipova\u010da<\/td><td>1,<\/td><td>1<\/td><\/tr><tr><td><strong>43.<\/strong><\/td><td>Gabrijel Pulji\u0107<\/td><td>Va\u0161arovi\u0107i<\/td><td>1,<\/td><td>1<\/td><\/tr><tr><td><strong>44.<\/strong><\/td><td>Robert \u0106avar<\/td><td>Cerno\/M.\/C.<\/td><td>1,<\/td><td>1<\/td><\/tr><tr><td><strong>45.<\/strong><\/td><td>Josip Govorko<\/td><td>Prolog<\/td><td>1,<\/td><td>1<\/td><\/tr><tr><td><strong>46.<\/strong><\/td><td>Mario Herceg<\/td><td>Prolog<\/td><td>1,<\/td><td>1<\/td><\/tr><\/tbody><\/table><\/figure>\n\n\n\n<p><strong>\u017duti kartoni (seniori)<\/strong><\/p>\n\n\n\n<figure class=\"wp-block-table\"><table><tbody><tr><td><strong>Redni broj<\/strong><\/td><td><strong>Ime i Prezime<\/strong><\/td><td><strong>Mom\u010dad<\/strong><\/td><td><strong>\u017duti kartoni<\/strong><\/td><td><strong>Ukupno<\/strong><\/td><\/tr><tr><td><strong>1.<\/strong><\/td><td>Ilija Mi\u0161eti\u0107<\/td><td>Veljaci<\/td><td>1,<\/td><td>1<\/td><\/tr><tr><td><strong>2.<\/strong><\/td><td>Mirko Grbavac<\/td><td>\u0160ipova\u010da<\/td><td>1,<\/td><td>1<\/td><\/tr><tr><td><strong>3.<\/strong><\/td><td>Ante Jelavi\u0107<\/td><td>Veljaci<\/td><td>1,<\/td><td>1<\/td><\/tr><tr><td><strong>4.<\/strong><\/td><td>Ivica \u017divku\u0161i\u0107<\/td><td>\u0160ipova\u010da<\/td><td>1,<\/td><td>1<\/td><\/tr><tr><td><strong>5.<\/strong><\/td><td>Davor Bojka<\/td><td>Vitina<\/td><td>1,<\/td><td>1<\/td><\/tr><\/tbody><\/table><\/figure>\n\n\n\n<p><strong>Raspored utakmica u ponedjeljak, 07. kolovoza 2023. godine<\/strong><\/p>\n\n\n\n<figure class=\"wp-block-table\"><table><tbody><tr><td><strong>R.B.<\/strong><\/td><td><strong>KOLO<\/strong><\/td><td><strong>SKUPINA<\/strong><\/td><td colspan=\"2\"><strong>PAR<\/strong><\/td><td colspan=\"2\"><strong>EKIPE<\/strong><\/td><td colspan=\"2\"><strong>DATUM\/SAT<\/strong><\/td><\/tr><tr><td><strong>38.<\/strong><\/td><td>BAR.<\/td><td>(16)<\/td><td>2(1)<\/td><td>&nbsp; 35<\/td><td>LJUBU\u0160KI 2<\/td><td>OTOK\/GRABOVNIK<\/td><td>7.8.<\/td><td>20:00<\/td><\/tr><tr><td><strong>39.<\/strong><\/td><td>1\/4<\/td><td>(S)<\/td><td>B1<\/td><td>36<\/td><td>&nbsp;TESKERA<\/td><td>\u0160IPOVA\u010cA<\/td><td>7.8.<\/td><td>20:45<\/td><\/tr><tr><td><strong>40.<\/strong><\/td><td>1\/4<\/td><td>(S)<\/td><td>C1<\/td><td>3(1)<\/td><td>&nbsp;VA\u0160AROVI\u0106I<\/td><td>STUBICA\/Z.B.<\/td><td>7.8.<\/td><td>21:45<\/td><\/tr><\/tbody><\/table><\/figure>\n\n\n\n<p>Izvor:iks-portal.info<\/p>\n\n\n\n<p>Radio Ljubu\u0161ki<\/p>\n","protected":false},"excerpt":{"rendered":"<p>Temeljem Propozicija natjecanja Agram 19. MNL MZ Grada Ljubu\u0161kog te Propozicija natjecanja Agram 12. MNL MZ Grada Ljubu\u0161kog igra\u010da do 16. godina starosti, Povjerenik natjecanja u prvom stupnju registrira sve utakmice odigrane, 04.8. 2023. godine postignutim rezultatom. AGRAM 12. LIGA IGRA\u010cA DO 16 GODINA STAROSTI &nbsp;(DOIGRAVANJE &#8211; BARA\u017d) Strijelci (Liga mladih) Redni broj Ime i [&hellip;]<\/p>\n","protected":false},"author":2,"featured_media":194071,"comment_status":"closed","ping_status":"closed","sticky":false,"template":"","format":"standard","meta":{"h5ap_radio_sources":[],"footnotes":""},"categories":[7],"tags":[],"class_list":["post-194070","post","type-post","status-publish","format-standard","has-post-thumbnail","hentry","category-sport"],"yoast_head":"<!-- This site is optimized with the Yoast SEO plugin v27.4 - https:\/\/yoast.com\/product\/yoast-seo-wordpress\/ -->\n<title>Slu\u017ebeni Glasnik |12| AGRAM MNL MZ Grada Ljubu\u0161kog - RADIO LJUBU\u0160KI<\/title>\n<meta name=\"robots\" content=\"index, follow, max-snippet:-1, max-image-preview:large, max-video-preview:-1\" \/>\n<link rel=\"canonical\" href=\"https:\/\/radioljubuski.ba\/index.php\/2023\/08\/07\/sluzbeni-glasnik-12-agram-mnl-mz-grada-ljubuskog\/\" \/>\n<meta property=\"og:locale\" content=\"hr_HR\" \/>\n<meta property=\"og:type\" content=\"article\" \/>\n<meta property=\"og:title\" content=\"Slu\u017ebeni Glasnik |12| AGRAM MNL MZ Grada Ljubu\u0161kog - RADIO LJUBU\u0160KI\" \/>\n<meta property=\"og:description\" content=\"Temeljem Propozicija natjecanja Agram 19. MNL MZ Grada Ljubu\u0161kog te Propozicija natjecanja Agram 12. MNL MZ Grada Ljubu\u0161kog igra\u010da do 16. godina starosti, Povjerenik natjecanja u prvom stupnju registrira sve utakmice odigrane, 04.8. 2023. godine postignutim rezultatom. AGRAM 12. LIGA IGRA\u010cA DO 16 GODINA STAROSTI &nbsp;(DOIGRAVANJE &#8211; BARA\u017d) Strijelci (Liga mladih) Redni broj Ime i [&hellip;]\" \/>\n<meta property=\"og:url\" content=\"https:\/\/radioljubuski.ba\/index.php\/2023\/08\/07\/sluzbeni-glasnik-12-agram-mnl-mz-grada-ljubuskog\/\" \/>\n<meta property=\"og:site_name\" content=\"RADIO LJUBU\u0160KI\" \/>\n<meta property=\"article:publisher\" content=\"https:\/\/www.facebook.com\/Radiio-Ljubuski-1490835324566332\" \/>\n<meta property=\"article:published_time\" content=\"2023-08-07T12:40:38+00:00\" \/>\n<meta property=\"article:modified_time\" content=\"2023-08-07T12:44:53+00:00\" \/>\n<meta property=\"og:image\" content=\"https:\/\/radioljubuski.ba\/wp-content\/uploads\/2023\/08\/935da9c02f820bd26a75325094b0b7e5_L.jpg\" \/>\n\t<meta property=\"og:image:width\" content=\"1024\" \/>\n\t<meta property=\"og:image:height\" content=\"682\" \/>\n\t<meta property=\"og:image:type\" content=\"image\/jpeg\" \/>\n<meta name=\"author\" content=\"Radio Ljubu\u0161ki\" \/>\n<meta name=\"twitter:card\" content=\"summary_large_image\" \/>\n<meta name=\"twitter:creator\" content=\"@radioljubuski\" \/>\n<meta name=\"twitter:site\" content=\"@radioljubuski\" \/>\n<meta name=\"twitter:label1\" content=\"Napisao\/la\" \/>\n\t<meta name=\"twitter:data1\" content=\"Radio Ljubu\u0161ki\" \/>\n\t<meta name=\"twitter:label2\" content=\"Procijenjeno vrijeme \u010ditanja\" \/>\n\t<meta name=\"twitter:data2\" content=\"5 minuta\" \/>\n<script type=\"application\/ld+json\" class=\"yoast-schema-graph\">{\"@context\":\"https:\\\/\\\/schema.org\",\"@graph\":[{\"@type\":\"Article\",\"@id\":\"https:\\\/\\\/radioljubuski.ba\\\/index.php\\\/2023\\\/08\\\/07\\\/sluzbeni-glasnik-12-agram-mnl-mz-grada-ljubuskog\\\/#article\",\"isPartOf\":{\"@id\":\"https:\\\/\\\/radioljubuski.ba\\\/index.php\\\/2023\\\/08\\\/07\\\/sluzbeni-glasnik-12-agram-mnl-mz-grada-ljubuskog\\\/\"},\"author\":{\"name\":\"Radio Ljubu\u0161ki\",\"@id\":\"https:\\\/\\\/radioljubuski.ba\\\/#\\\/schema\\\/person\\\/19fc700381a780f69665d7956c469e3b\"},\"headline\":\"Slu\u017ebeni Glasnik |12| AGRAM MNL MZ Grada Ljubu\u0161kog\",\"datePublished\":\"2023-08-07T12:40:38+00:00\",\"dateModified\":\"2023-08-07T12:44:53+00:00\",\"mainEntityOfPage\":{\"@id\":\"https:\\\/\\\/radioljubuski.ba\\\/index.php\\\/2023\\\/08\\\/07\\\/sluzbeni-glasnik-12-agram-mnl-mz-grada-ljubuskog\\\/\"},\"wordCount\":720,\"publisher\":{\"@id\":\"https:\\\/\\\/radioljubuski.ba\\\/#organization\"},\"image\":{\"@id\":\"https:\\\/\\\/radioljubuski.ba\\\/index.php\\\/2023\\\/08\\\/07\\\/sluzbeni-glasnik-12-agram-mnl-mz-grada-ljubuskog\\\/#primaryimage\"},\"thumbnailUrl\":\"https:\\\/\\\/radioljubuski.ba\\\/wp-content\\\/uploads\\\/2023\\\/08\\\/935da9c02f820bd26a75325094b0b7e5_L.jpg\",\"articleSection\":[\"\u0160port\"],\"inLanguage\":\"hr\"},{\"@type\":\"WebPage\",\"@id\":\"https:\\\/\\\/radioljubuski.ba\\\/index.php\\\/2023\\\/08\\\/07\\\/sluzbeni-glasnik-12-agram-mnl-mz-grada-ljubuskog\\\/\",\"url\":\"https:\\\/\\\/radioljubuski.ba\\\/index.php\\\/2023\\\/08\\\/07\\\/sluzbeni-glasnik-12-agram-mnl-mz-grada-ljubuskog\\\/\",\"name\":\"Slu\u017ebeni Glasnik |12| AGRAM MNL MZ Grada Ljubu\u0161kog - RADIO LJUBU\u0160KI\",\"isPartOf\":{\"@id\":\"https:\\\/\\\/radioljubuski.ba\\\/#website\"},\"primaryImageOfPage\":{\"@id\":\"https:\\\/\\\/radioljubuski.ba\\\/index.php\\\/2023\\\/08\\\/07\\\/sluzbeni-glasnik-12-agram-mnl-mz-grada-ljubuskog\\\/#primaryimage\"},\"image\":{\"@id\":\"https:\\\/\\\/radioljubuski.ba\\\/index.php\\\/2023\\\/08\\\/07\\\/sluzbeni-glasnik-12-agram-mnl-mz-grada-ljubuskog\\\/#primaryimage\"},\"thumbnailUrl\":\"https:\\\/\\\/radioljubuski.ba\\\/wp-content\\\/uploads\\\/2023\\\/08\\\/935da9c02f820bd26a75325094b0b7e5_L.jpg\",\"datePublished\":\"2023-08-07T12:40:38+00:00\",\"dateModified\":\"2023-08-07T12:44:53+00:00\",\"breadcrumb\":{\"@id\":\"https:\\\/\\\/radioljubuski.ba\\\/index.php\\\/2023\\\/08\\\/07\\\/sluzbeni-glasnik-12-agram-mnl-mz-grada-ljubuskog\\\/#breadcrumb\"},\"inLanguage\":\"hr\",\"potentialAction\":[{\"@type\":\"ReadAction\",\"target\":[\"https:\\\/\\\/radioljubuski.ba\\\/index.php\\\/2023\\\/08\\\/07\\\/sluzbeni-glasnik-12-agram-mnl-mz-grada-ljubuskog\\\/\"]}]},{\"@type\":\"ImageObject\",\"inLanguage\":\"hr\",\"@id\":\"https:\\\/\\\/radioljubuski.ba\\\/index.php\\\/2023\\\/08\\\/07\\\/sluzbeni-glasnik-12-agram-mnl-mz-grada-ljubuskog\\\/#primaryimage\",\"url\":\"https:\\\/\\\/radioljubuski.ba\\\/wp-content\\\/uploads\\\/2023\\\/08\\\/935da9c02f820bd26a75325094b0b7e5_L.jpg\",\"contentUrl\":\"https:\\\/\\\/radioljubuski.ba\\\/wp-content\\\/uploads\\\/2023\\\/08\\\/935da9c02f820bd26a75325094b0b7e5_L.jpg\",\"width\":1024,\"height\":682},{\"@type\":\"BreadcrumbList\",\"@id\":\"https:\\\/\\\/radioljubuski.ba\\\/index.php\\\/2023\\\/08\\\/07\\\/sluzbeni-glasnik-12-agram-mnl-mz-grada-ljubuskog\\\/#breadcrumb\",\"itemListElement\":[{\"@type\":\"ListItem\",\"position\":1,\"name\":\"Po\u010detna stranica\",\"item\":\"https:\\\/\\\/radioljubuski.ba\\\/\"},{\"@type\":\"ListItem\",\"position\":2,\"name\":\"Slu\u017ebeni Glasnik |12| AGRAM MNL MZ Grada Ljubu\u0161kog\"}]},{\"@type\":\"WebSite\",\"@id\":\"https:\\\/\\\/radioljubuski.ba\\\/#website\",\"url\":\"https:\\\/\\\/radioljubuski.ba\\\/\",\"name\":\"Radio Ljubu\u0161ki\",\"description\":\"Sun\u010dana frekvencija Hercegovine\",\"publisher\":{\"@id\":\"https:\\\/\\\/radioljubuski.ba\\\/#organization\"},\"potentialAction\":[{\"@type\":\"SearchAction\",\"target\":{\"@type\":\"EntryPoint\",\"urlTemplate\":\"https:\\\/\\\/radioljubuski.ba\\\/?s={search_term_string}\"},\"query-input\":{\"@type\":\"PropertyValueSpecification\",\"valueRequired\":true,\"valueName\":\"search_term_string\"}}],\"inLanguage\":\"hr\"},{\"@type\":\"Organization\",\"@id\":\"https:\\\/\\\/radioljubuski.ba\\\/#organization\",\"name\":\"Radio Ljubu\u0161ki\",\"url\":\"https:\\\/\\\/radioljubuski.ba\\\/\",\"logo\":{\"@type\":\"ImageObject\",\"inLanguage\":\"hr\",\"@id\":\"https:\\\/\\\/radioljubuski.ba\\\/#\\\/schema\\\/logo\\\/image\\\/\",\"url\":\"https:\\\/\\\/radioljubuski.ba\\\/wp-content\\\/uploads\\\/2021\\\/02\\\/cropped-Radio_Ljubuski_logo1.jpg\",\"contentUrl\":\"https:\\\/\\\/radioljubuski.ba\\\/wp-content\\\/uploads\\\/2021\\\/02\\\/cropped-Radio_Ljubuski_logo1.jpg\",\"width\":512,\"height\":512,\"caption\":\"Radio Ljubu\u0161ki\"},\"image\":{\"@id\":\"https:\\\/\\\/radioljubuski.ba\\\/#\\\/schema\\\/logo\\\/image\\\/\"},\"sameAs\":[\"https:\\\/\\\/www.facebook.com\\\/Radiio-Ljubuski-1490835324566332\",\"https:\\\/\\\/x.com\\\/radioljubuski\",\"https:\\\/\\\/hr.linkedin.com\\\/company\\\/radio-ljubuski\",\"https:\\\/\\\/www.youtube.com\\\/channel\\\/UCHYaeO_n0Db3tjNGudGpXyw\"]},{\"@type\":\"Person\",\"@id\":\"https:\\\/\\\/radioljubuski.ba\\\/#\\\/schema\\\/person\\\/19fc700381a780f69665d7956c469e3b\",\"name\":\"Radio Ljubu\u0161ki\"}]}<\/script>\n<!-- \/ Yoast SEO plugin. -->","yoast_head_json":{"title":"Slu\u017ebeni Glasnik |12| AGRAM MNL MZ Grada Ljubu\u0161kog - RADIO LJUBU\u0160KI","robots":{"index":"index","follow":"follow","max-snippet":"max-snippet:-1","max-image-preview":"max-image-preview:large","max-video-preview":"max-video-preview:-1"},"canonical":"https:\/\/radioljubuski.ba\/index.php\/2023\/08\/07\/sluzbeni-glasnik-12-agram-mnl-mz-grada-ljubuskog\/","og_locale":"hr_HR","og_type":"article","og_title":"Slu\u017ebeni Glasnik |12| AGRAM MNL MZ Grada Ljubu\u0161kog - RADIO LJUBU\u0160KI","og_description":"Temeljem Propozicija natjecanja Agram 19. MNL MZ Grada Ljubu\u0161kog te Propozicija natjecanja Agram 12. MNL MZ Grada Ljubu\u0161kog igra\u010da do 16. godina starosti, Povjerenik natjecanja u prvom stupnju registrira sve utakmice odigrane, 04.8. 2023. godine postignutim rezultatom. AGRAM 12. LIGA IGRA\u010cA DO 16 GODINA STAROSTI &nbsp;(DOIGRAVANJE &#8211; BARA\u017d) Strijelci (Liga mladih) Redni broj Ime i [&hellip;]","og_url":"https:\/\/radioljubuski.ba\/index.php\/2023\/08\/07\/sluzbeni-glasnik-12-agram-mnl-mz-grada-ljubuskog\/","og_site_name":"RADIO LJUBU\u0160KI","article_publisher":"https:\/\/www.facebook.com\/Radiio-Ljubuski-1490835324566332","article_published_time":"2023-08-07T12:40:38+00:00","article_modified_time":"2023-08-07T12:44:53+00:00","og_image":[{"width":1024,"height":682,"url":"https:\/\/radioljubuski.ba\/wp-content\/uploads\/2023\/08\/935da9c02f820bd26a75325094b0b7e5_L.jpg","type":"image\/jpeg"}],"author":"Radio Ljubu\u0161ki","twitter_card":"summary_large_image","twitter_creator":"@radioljubuski","twitter_site":"@radioljubuski","twitter_misc":{"Napisao\/la":"Radio Ljubu\u0161ki","Procijenjeno vrijeme \u010ditanja":"5 minuta"},"schema":{"@context":"https:\/\/schema.org","@graph":[{"@type":"Article","@id":"https:\/\/radioljubuski.ba\/index.php\/2023\/08\/07\/sluzbeni-glasnik-12-agram-mnl-mz-grada-ljubuskog\/#article","isPartOf":{"@id":"https:\/\/radioljubuski.ba\/index.php\/2023\/08\/07\/sluzbeni-glasnik-12-agram-mnl-mz-grada-ljubuskog\/"},"author":{"name":"Radio Ljubu\u0161ki","@id":"https:\/\/radioljubuski.ba\/#\/schema\/person\/19fc700381a780f69665d7956c469e3b"},"headline":"Slu\u017ebeni Glasnik |12| AGRAM MNL MZ Grada Ljubu\u0161kog","datePublished":"2023-08-07T12:40:38+00:00","dateModified":"2023-08-07T12:44:53+00:00","mainEntityOfPage":{"@id":"https:\/\/radioljubuski.ba\/index.php\/2023\/08\/07\/sluzbeni-glasnik-12-agram-mnl-mz-grada-ljubuskog\/"},"wordCount":720,"publisher":{"@id":"https:\/\/radioljubuski.ba\/#organization"},"image":{"@id":"https:\/\/radioljubuski.ba\/index.php\/2023\/08\/07\/sluzbeni-glasnik-12-agram-mnl-mz-grada-ljubuskog\/#primaryimage"},"thumbnailUrl":"https:\/\/radioljubuski.ba\/wp-content\/uploads\/2023\/08\/935da9c02f820bd26a75325094b0b7e5_L.jpg","articleSection":["\u0160port"],"inLanguage":"hr"},{"@type":"WebPage","@id":"https:\/\/radioljubuski.ba\/index.php\/2023\/08\/07\/sluzbeni-glasnik-12-agram-mnl-mz-grada-ljubuskog\/","url":"https:\/\/radioljubuski.ba\/index.php\/2023\/08\/07\/sluzbeni-glasnik-12-agram-mnl-mz-grada-ljubuskog\/","name":"Slu\u017ebeni Glasnik |12| AGRAM MNL MZ Grada Ljubu\u0161kog - RADIO LJUBU\u0160KI","isPartOf":{"@id":"https:\/\/radioljubuski.ba\/#website"},"primaryImageOfPage":{"@id":"https:\/\/radioljubuski.ba\/index.php\/2023\/08\/07\/sluzbeni-glasnik-12-agram-mnl-mz-grada-ljubuskog\/#primaryimage"},"image":{"@id":"https:\/\/radioljubuski.ba\/index.php\/2023\/08\/07\/sluzbeni-glasnik-12-agram-mnl-mz-grada-ljubuskog\/#primaryimage"},"thumbnailUrl":"https:\/\/radioljubuski.ba\/wp-content\/uploads\/2023\/08\/935da9c02f820bd26a75325094b0b7e5_L.jpg","datePublished":"2023-08-07T12:40:38+00:00","dateModified":"2023-08-07T12:44:53+00:00","breadcrumb":{"@id":"https:\/\/radioljubuski.ba\/index.php\/2023\/08\/07\/sluzbeni-glasnik-12-agram-mnl-mz-grada-ljubuskog\/#breadcrumb"},"inLanguage":"hr","potentialAction":[{"@type":"ReadAction","target":["https:\/\/radioljubuski.ba\/index.php\/2023\/08\/07\/sluzbeni-glasnik-12-agram-mnl-mz-grada-ljubuskog\/"]}]},{"@type":"ImageObject","inLanguage":"hr","@id":"https:\/\/radioljubuski.ba\/index.php\/2023\/08\/07\/sluzbeni-glasnik-12-agram-mnl-mz-grada-ljubuskog\/#primaryimage","url":"https:\/\/radioljubuski.ba\/wp-content\/uploads\/2023\/08\/935da9c02f820bd26a75325094b0b7e5_L.jpg","contentUrl":"https:\/\/radioljubuski.ba\/wp-content\/uploads\/2023\/08\/935da9c02f820bd26a75325094b0b7e5_L.jpg","width":1024,"height":682},{"@type":"BreadcrumbList","@id":"https:\/\/radioljubuski.ba\/index.php\/2023\/08\/07\/sluzbeni-glasnik-12-agram-mnl-mz-grada-ljubuskog\/#breadcrumb","itemListElement":[{"@type":"ListItem","position":1,"name":"Po\u010detna stranica","item":"https:\/\/radioljubuski.ba\/"},{"@type":"ListItem","position":2,"name":"Slu\u017ebeni Glasnik |12| AGRAM MNL MZ Grada Ljubu\u0161kog"}]},{"@type":"WebSite","@id":"https:\/\/radioljubuski.ba\/#website","url":"https:\/\/radioljubuski.ba\/","name":"Radio Ljubu\u0161ki","description":"Sun\u010dana frekvencija Hercegovine","publisher":{"@id":"https:\/\/radioljubuski.ba\/#organization"},"potentialAction":[{"@type":"SearchAction","target":{"@type":"EntryPoint","urlTemplate":"https:\/\/radioljubuski.ba\/?s={search_term_string}"},"query-input":{"@type":"PropertyValueSpecification","valueRequired":true,"valueName":"search_term_string"}}],"inLanguage":"hr"},{"@type":"Organization","@id":"https:\/\/radioljubuski.ba\/#organization","name":"Radio Ljubu\u0161ki","url":"https:\/\/radioljubuski.ba\/","logo":{"@type":"ImageObject","inLanguage":"hr","@id":"https:\/\/radioljubuski.ba\/#\/schema\/logo\/image\/","url":"https:\/\/radioljubuski.ba\/wp-content\/uploads\/2021\/02\/cropped-Radio_Ljubuski_logo1.jpg","contentUrl":"https:\/\/radioljubuski.ba\/wp-content\/uploads\/2021\/02\/cropped-Radio_Ljubuski_logo1.jpg","width":512,"height":512,"caption":"Radio Ljubu\u0161ki"},"image":{"@id":"https:\/\/radioljubuski.ba\/#\/schema\/logo\/image\/"},"sameAs":["https:\/\/www.facebook.com\/Radiio-Ljubuski-1490835324566332","https:\/\/x.com\/radioljubuski","https:\/\/hr.linkedin.com\/company\/radio-ljubuski","https:\/\/www.youtube.com\/channel\/UCHYaeO_n0Db3tjNGudGpXyw"]},{"@type":"Person","@id":"https:\/\/radioljubuski.ba\/#\/schema\/person\/19fc700381a780f69665d7956c469e3b","name":"Radio Ljubu\u0161ki"}]}},"_links":{"self":[{"href":"https:\/\/radioljubuski.ba\/index.php\/wp-json\/wp\/v2\/posts\/194070","targetHints":{"allow":["GET"]}}],"collection":[{"href":"https:\/\/radioljubuski.ba\/index.php\/wp-json\/wp\/v2\/posts"}],"about":[{"href":"https:\/\/radioljubuski.ba\/index.php\/wp-json\/wp\/v2\/types\/post"}],"author":[{"embeddable":true,"href":"https:\/\/radioljubuski.ba\/index.php\/wp-json\/wp\/v2\/users\/2"}],"replies":[{"embeddable":true,"href":"https:\/\/radioljubuski.ba\/index.php\/wp-json\/wp\/v2\/comments?post=194070"}],"version-history":[{"count":1,"href":"https:\/\/radioljubuski.ba\/index.php\/wp-json\/wp\/v2\/posts\/194070\/revisions"}],"predecessor-version":[{"id":194072,"href":"https:\/\/radioljubuski.ba\/index.php\/wp-json\/wp\/v2\/posts\/194070\/revisions\/194072"}],"wp:featuredmedia":[{"embeddable":true,"href":"https:\/\/radioljubuski.ba\/index.php\/wp-json\/wp\/v2\/media\/194071"}],"wp:attachment":[{"href":"https:\/\/radioljubuski.ba\/index.php\/wp-json\/wp\/v2\/media?parent=194070"}],"wp:term":[{"taxonomy":"category","embeddable":true,"href":"https:\/\/radioljubuski.ba\/index.php\/wp-json\/wp\/v2\/categories?post=194070"},{"taxonomy":"post_tag","embeddable":true,"href":"https:\/\/radioljubuski.ba\/index.php\/wp-json\/wp\/v2\/tags?post=194070"}],"curies":[{"name":"wp","href":"https:\/\/api.w.org\/{rel}","templated":true}]}}