{"id":194073,"date":"2023-08-07T13:44:31","date_gmt":"2023-08-07T12:44:31","guid":{"rendered":"https:\/\/radioljubuski.ba\/?p=194073"},"modified":"2023-08-07T13:44:32","modified_gmt":"2023-08-07T12:44:32","slug":"agram-mnl-a-mz-a-grada-ljubuskog-raspored-zavrsnice","status":"publish","type":"post","link":"https:\/\/radioljubuski.ba\/index.php\/2023\/08\/07\/agram-mnl-a-mz-a-grada-ljubuskog-raspored-zavrsnice\/","title":{"rendered":"AGRAM MNL-a MZ-a Grada Ljubu\u0161kog: Raspored zavr\u0161nice"},"content":{"rendered":"\n<p><strong>U prilogu vam donosimo raspored utakmica zavr\u0161nice Agram MNL-a MZ-a Grada Ljubu\u0161kog za 2023. godinu.<\/strong><\/p>\n\n\n\n<figure class=\"wp-block-table\"><table><tbody><tr><td><strong>PONEDJELJAK, 07. kolovoza 2023.<\/strong><\/td><\/tr><\/tbody><\/table><\/figure>\n\n\n\n<figure class=\"wp-block-table\"><table><tbody><tr><td><strong>R.B.<\/strong><\/td><td><strong>KOLO<\/strong><\/td><td><strong>SKUPINA<\/strong><\/td><td colspan=\"2\"><strong>PAR<\/strong><\/td><td colspan=\"2\"><strong>EKIPE<\/strong><\/td><td colspan=\"2\"><strong>DATUM\/SAT<\/strong><\/td><\/tr><tr><td><strong>38.<\/strong><\/td><td>BAR.<\/td><td>(16)<\/td><td>2(1)<\/td><td>&nbsp; 35<\/td><td>LJUBU\u0160KI 2<\/td><td>OTOK\/GRABOVNIK<\/td><td>7.8.<\/td><td>20:00<\/td><\/tr><tr><td><strong>39.<\/strong><\/td><td>1\/4<\/td><td>(S)<\/td><td>B1<\/td><td>36<\/td><td>&nbsp;TESKERA<\/td><td>\u0160IPOVA\u010cA<\/td><td>7.8.<\/td><td>20:45<\/td><\/tr><tr><td><strong>40.<\/strong><\/td><td>1\/4<\/td><td>(S)<\/td><td>C1<\/td><td>3(1)<\/td><td>&nbsp;VA\u0160AROVI\u0106I<\/td><td>STUBICA\/Z.B.<\/td><td>7.8.<\/td><td>21:45<\/td><\/tr><\/tbody><\/table><\/figure>\n\n\n\n<figure class=\"wp-block-table\"><table><tbody><tr><td><strong>UTORAK, 08. kolovoza 2023.<\/strong><\/td><\/tr><\/tbody><\/table><\/figure>\n\n\n\n<figure class=\"wp-block-table\"><table><tbody><tr><td><strong>R.B.<\/strong><\/td><td><strong>KOLO<\/strong><\/td><td><strong>SKUPINA<\/strong><\/td><td colspan=\"2\"><strong>PAR<\/strong><\/td><td colspan=\"2\"><strong>EKIPE<\/strong><\/td><td colspan=\"2\"><strong>DATUM\/SAT<\/strong><\/td><\/tr><tr><td><strong>41.<\/strong><\/td><td>1\/2<\/td><td>(16)<\/td><td>A1<\/td><td>&nbsp;B1<\/td><td>STUDENCI&nbsp;<\/td><td>&nbsp;PREGRA\u0110E<\/td><td>8.8.<\/td><td>20:00<\/td><\/tr><tr><td><strong>42.<\/strong><\/td><td>1\/2<\/td><td>(16)<\/td><td>C1<\/td><td>38<\/td><td>&nbsp;LJUBU\u0160KI<\/td><td>POB. UTAKMICE 38.<\/td><td>8.8.<\/td><td>20:45<\/td><\/tr><tr><td><strong>43.<\/strong><\/td><td>1\/4<\/td><td>(S)<\/td><td>A2<\/td><td>B2<\/td><td>&nbsp;LJUBU\u0160KI 2<\/td><td>&nbsp;PREGRA\u0110E<\/td><td>8.8.<\/td><td>21:45<\/td><\/tr><\/tbody><\/table><\/figure>\n\n\n\n<figure class=\"wp-block-table\"><table><tbody><tr><td><strong>SRIJEDA, 09. kolovoza 2023.<\/strong><\/td><\/tr><\/tbody><\/table><\/figure>\n\n\n\n<figure class=\"wp-block-table\"><table><tbody><tr><td><strong>R.B.<\/strong><\/td><td><strong>KOLO<\/strong><\/td><td><strong>SKUPINA<\/strong><\/td><td colspan=\"2\"><strong>PAR<\/strong><\/td><td colspan=\"2\"><strong>EKIPE<\/strong><\/td><td colspan=\"2\"><strong>DATUM\/SAT<\/strong><\/td><\/tr><tr><td><strong>44.<\/strong><\/td><td>3. MJ.<\/td><td>(16)<\/td><td>41<\/td><td>&nbsp;42<\/td><td>POR. UTAKMICE 41.<\/td><td>POR. UTAKMICE 42.<\/td><td>9.8.<\/td><td>20:00<\/td><\/tr><tr><td><strong>45.<\/strong><\/td><td>1\/2<\/td><td>(S)<\/td><td>37<\/td><td>39<\/td><td>POB. UTAKMICE 37.<\/td><td>POB. UTAKMICE 39.<\/td><td>9.8.<\/td><td>20:45<\/td><\/tr><tr><td><strong>46.<\/strong><\/td><td>1\/2<\/td><td>(S)<\/td><td>40<\/td><td>43<\/td><td>POB. UTAKMICE 40.<\/td><td>POB. UTAKMICE 43.<\/td><td>9.8.<\/td><td>21:45<\/td><\/tr><\/tbody><\/table><\/figure>\n\n\n\n<figure class=\"wp-block-table\"><table><tbody><tr><td><strong>NAKNADNO FINALNA VE\u010cER<\/strong><\/td><\/tr><\/tbody><\/table><\/figure>\n\n\n\n<figure class=\"wp-block-table\"><table><tbody><tr><td><strong>R.B.<\/strong><\/td><td><strong>KOLO<\/strong><\/td><td><strong>SKUPIA<\/strong><\/td><td colspan=\"2\"><strong>PAR<\/strong><\/td><td colspan=\"2\"><strong>EKIPE<\/strong><\/td><td colspan=\"2\"><strong>DATUM\/SAT<\/strong><\/td><\/tr><tr><td><strong>47.<\/strong><\/td><td>FIN.<\/td><td>(16)<\/td><td>41<\/td><td>42<\/td><td>POB. UTAKMICE 41.<\/td><td>POB. UTAKMICE 42.<\/td><td>&nbsp;<\/td><td>20:00<\/td><\/tr><tr><td><strong>48.<\/strong><\/td><td>3.<\/td><td>(S)<\/td><td>45<\/td><td>46<\/td><td>POR. UTAKMICE 45.<\/td><td>POR. UTAKMICE 46.<\/td><td>&nbsp;<\/td><td>20:45<\/td><\/tr><tr><td><strong>49.<\/strong><\/td><td>FIN<\/td><td>(S)<\/td><td>45<\/td><td>46<\/td><td>POB. UTAKMICE 45.<\/td><td>POB. UTAKMICE 46.<\/td><td>&nbsp;&nbsp;&nbsp;&nbsp;&nbsp;&nbsp;&nbsp;&nbsp;&nbsp;<\/td><td>21:45<\/td><\/tr><\/tbody><\/table><\/figure>\n\n\n\n<p>Izvor:iks-portal.info<\/p>\n\n\n\n<p>Radio Ljubu\u0161ki<\/p>\n","protected":false},"excerpt":{"rendered":"<p>U prilogu vam donosimo raspored utakmica zavr\u0161nice Agram MNL-a MZ-a Grada Ljubu\u0161kog za 2023. godinu. PONEDJELJAK, 07. kolovoza 2023. R.B. KOLO SKUPINA PAR EKIPE DATUM\/SAT 38. BAR. (16) 2(1) &nbsp; 35 LJUBU\u0160KI 2 OTOK\/GRABOVNIK 7.8. 20:00 39. 1\/4 (S) B1 36 &nbsp;TESKERA \u0160IPOVA\u010cA 7.8. 20:45 40. 1\/4 (S) C1 3(1) &nbsp;VA\u0160AROVI\u0106I STUBICA\/Z.B. 7.8. 21:45 UTORAK, [&hellip;]<\/p>\n","protected":false},"author":2,"featured_media":194074,"comment_status":"closed","ping_status":"closed","sticky":false,"template":"","format":"standard","meta":{"h5ap_radio_sources":[],"footnotes":""},"categories":[28],"tags":[],"class_list":["post-194073","post","type-post","status-publish","format-standard","has-post-thumbnail","hentry","category-novosti"],"yoast_head":"<!-- This site is optimized with the Yoast SEO plugin v27.5 - https:\/\/yoast.com\/product\/yoast-seo-wordpress\/ -->\n<title>AGRAM MNL-a MZ-a Grada Ljubu\u0161kog: Raspored zavr\u0161nice - RADIO LJUBU\u0160KI<\/title>\n<meta name=\"robots\" content=\"index, follow, max-snippet:-1, max-image-preview:large, max-video-preview:-1\" \/>\n<link rel=\"canonical\" href=\"https:\/\/radioljubuski.ba\/index.php\/2023\/08\/07\/agram-mnl-a-mz-a-grada-ljubuskog-raspored-zavrsnice\/\" \/>\n<meta property=\"og:locale\" content=\"hr_HR\" \/>\n<meta property=\"og:type\" content=\"article\" \/>\n<meta property=\"og:title\" content=\"AGRAM MNL-a MZ-a Grada Ljubu\u0161kog: Raspored zavr\u0161nice - RADIO LJUBU\u0160KI\" \/>\n<meta property=\"og:description\" content=\"U prilogu vam donosimo raspored utakmica zavr\u0161nice Agram MNL-a MZ-a Grada Ljubu\u0161kog za 2023. godinu. PONEDJELJAK, 07. kolovoza 2023. R.B. KOLO SKUPINA PAR EKIPE DATUM\/SAT 38. BAR. (16) 2(1) &nbsp; 35 LJUBU\u0160KI 2 OTOK\/GRABOVNIK 7.8. 20:00 39. 1\/4 (S) B1 36 &nbsp;TESKERA \u0160IPOVA\u010cA 7.8. 20:45 40. 1\/4 (S) C1 3(1) &nbsp;VA\u0160AROVI\u0106I STUBICA\/Z.B. 7.8. 21:45 UTORAK, [&hellip;]\" \/>\n<meta property=\"og:url\" content=\"https:\/\/radioljubuski.ba\/index.php\/2023\/08\/07\/agram-mnl-a-mz-a-grada-ljubuskog-raspored-zavrsnice\/\" \/>\n<meta property=\"og:site_name\" content=\"RADIO LJUBU\u0160KI\" \/>\n<meta property=\"article:publisher\" content=\"https:\/\/www.facebook.com\/Radiio-Ljubuski-1490835324566332\" \/>\n<meta property=\"article:published_time\" content=\"2023-08-07T12:44:31+00:00\" \/>\n<meta property=\"article:modified_time\" content=\"2023-08-07T12:44:32+00:00\" \/>\n<meta property=\"og:image\" content=\"https:\/\/radioljubuski.ba\/wp-content\/uploads\/2023\/08\/b4a7074fed080d54674d5fc9359c72e4_L.jpg\" \/>\n\t<meta property=\"og:image:width\" content=\"1024\" \/>\n\t<meta property=\"og:image:height\" content=\"675\" \/>\n\t<meta property=\"og:image:type\" content=\"image\/jpeg\" \/>\n<meta name=\"author\" content=\"Radio Ljubu\u0161ki\" \/>\n<meta name=\"twitter:card\" content=\"summary_large_image\" \/>\n<meta name=\"twitter:creator\" content=\"@radioljubuski\" \/>\n<meta name=\"twitter:site\" content=\"@radioljubuski\" \/>\n<meta name=\"twitter:label1\" content=\"Napisao\/la\" \/>\n\t<meta name=\"twitter:data1\" content=\"Radio Ljubu\u0161ki\" \/>\n\t<meta name=\"twitter:label2\" content=\"Procijenjeno vrijeme \u010ditanja\" \/>\n\t<meta name=\"twitter:data2\" content=\"2 minute\" \/>\n<script type=\"application\/ld+json\" class=\"yoast-schema-graph\">{\"@context\":\"https:\\\/\\\/schema.org\",\"@graph\":[{\"@type\":\"Article\",\"@id\":\"https:\\\/\\\/radioljubuski.ba\\\/index.php\\\/2023\\\/08\\\/07\\\/agram-mnl-a-mz-a-grada-ljubuskog-raspored-zavrsnice\\\/#article\",\"isPartOf\":{\"@id\":\"https:\\\/\\\/radioljubuski.ba\\\/index.php\\\/2023\\\/08\\\/07\\\/agram-mnl-a-mz-a-grada-ljubuskog-raspored-zavrsnice\\\/\"},\"author\":{\"name\":\"Radio Ljubu\u0161ki\",\"@id\":\"https:\\\/\\\/radioljubuski.ba\\\/#\\\/schema\\\/person\\\/19fc700381a780f69665d7956c469e3b\"},\"headline\":\"AGRAM MNL-a MZ-a Grada Ljubu\u0161kog: Raspored zavr\u0161nice\",\"datePublished\":\"2023-08-07T12:44:31+00:00\",\"dateModified\":\"2023-08-07T12:44:32+00:00\",\"mainEntityOfPage\":{\"@id\":\"https:\\\/\\\/radioljubuski.ba\\\/index.php\\\/2023\\\/08\\\/07\\\/agram-mnl-a-mz-a-grada-ljubuskog-raspored-zavrsnice\\\/\"},\"wordCount\":160,\"publisher\":{\"@id\":\"https:\\\/\\\/radioljubuski.ba\\\/#organization\"},\"image\":{\"@id\":\"https:\\\/\\\/radioljubuski.ba\\\/index.php\\\/2023\\\/08\\\/07\\\/agram-mnl-a-mz-a-grada-ljubuskog-raspored-zavrsnice\\\/#primaryimage\"},\"thumbnailUrl\":\"https:\\\/\\\/radioljubuski.ba\\\/wp-content\\\/uploads\\\/2023\\\/08\\\/b4a7074fed080d54674d5fc9359c72e4_L.jpg\",\"articleSection\":[\"Novosti\"],\"inLanguage\":\"hr\"},{\"@type\":\"WebPage\",\"@id\":\"https:\\\/\\\/radioljubuski.ba\\\/index.php\\\/2023\\\/08\\\/07\\\/agram-mnl-a-mz-a-grada-ljubuskog-raspored-zavrsnice\\\/\",\"url\":\"https:\\\/\\\/radioljubuski.ba\\\/index.php\\\/2023\\\/08\\\/07\\\/agram-mnl-a-mz-a-grada-ljubuskog-raspored-zavrsnice\\\/\",\"name\":\"AGRAM MNL-a MZ-a Grada Ljubu\u0161kog: Raspored zavr\u0161nice - RADIO LJUBU\u0160KI\",\"isPartOf\":{\"@id\":\"https:\\\/\\\/radioljubuski.ba\\\/#website\"},\"primaryImageOfPage\":{\"@id\":\"https:\\\/\\\/radioljubuski.ba\\\/index.php\\\/2023\\\/08\\\/07\\\/agram-mnl-a-mz-a-grada-ljubuskog-raspored-zavrsnice\\\/#primaryimage\"},\"image\":{\"@id\":\"https:\\\/\\\/radioljubuski.ba\\\/index.php\\\/2023\\\/08\\\/07\\\/agram-mnl-a-mz-a-grada-ljubuskog-raspored-zavrsnice\\\/#primaryimage\"},\"thumbnailUrl\":\"https:\\\/\\\/radioljubuski.ba\\\/wp-content\\\/uploads\\\/2023\\\/08\\\/b4a7074fed080d54674d5fc9359c72e4_L.jpg\",\"datePublished\":\"2023-08-07T12:44:31+00:00\",\"dateModified\":\"2023-08-07T12:44:32+00:00\",\"breadcrumb\":{\"@id\":\"https:\\\/\\\/radioljubuski.ba\\\/index.php\\\/2023\\\/08\\\/07\\\/agram-mnl-a-mz-a-grada-ljubuskog-raspored-zavrsnice\\\/#breadcrumb\"},\"inLanguage\":\"hr\",\"potentialAction\":[{\"@type\":\"ReadAction\",\"target\":[\"https:\\\/\\\/radioljubuski.ba\\\/index.php\\\/2023\\\/08\\\/07\\\/agram-mnl-a-mz-a-grada-ljubuskog-raspored-zavrsnice\\\/\"]}]},{\"@type\":\"ImageObject\",\"inLanguage\":\"hr\",\"@id\":\"https:\\\/\\\/radioljubuski.ba\\\/index.php\\\/2023\\\/08\\\/07\\\/agram-mnl-a-mz-a-grada-ljubuskog-raspored-zavrsnice\\\/#primaryimage\",\"url\":\"https:\\\/\\\/radioljubuski.ba\\\/wp-content\\\/uploads\\\/2023\\\/08\\\/b4a7074fed080d54674d5fc9359c72e4_L.jpg\",\"contentUrl\":\"https:\\\/\\\/radioljubuski.ba\\\/wp-content\\\/uploads\\\/2023\\\/08\\\/b4a7074fed080d54674d5fc9359c72e4_L.jpg\",\"width\":1024,\"height\":675},{\"@type\":\"BreadcrumbList\",\"@id\":\"https:\\\/\\\/radioljubuski.ba\\\/index.php\\\/2023\\\/08\\\/07\\\/agram-mnl-a-mz-a-grada-ljubuskog-raspored-zavrsnice\\\/#breadcrumb\",\"itemListElement\":[{\"@type\":\"ListItem\",\"position\":1,\"name\":\"Po\u010detna stranica\",\"item\":\"https:\\\/\\\/radioljubuski.ba\\\/\"},{\"@type\":\"ListItem\",\"position\":2,\"name\":\"AGRAM MNL-a MZ-a Grada Ljubu\u0161kog: Raspored zavr\u0161nice\"}]},{\"@type\":\"WebSite\",\"@id\":\"https:\\\/\\\/radioljubuski.ba\\\/#website\",\"url\":\"https:\\\/\\\/radioljubuski.ba\\\/\",\"name\":\"Radio Ljubu\u0161ki\",\"description\":\"Sun\u010dana frekvencija Hercegovine\",\"publisher\":{\"@id\":\"https:\\\/\\\/radioljubuski.ba\\\/#organization\"},\"potentialAction\":[{\"@type\":\"SearchAction\",\"target\":{\"@type\":\"EntryPoint\",\"urlTemplate\":\"https:\\\/\\\/radioljubuski.ba\\\/?s={search_term_string}\"},\"query-input\":{\"@type\":\"PropertyValueSpecification\",\"valueRequired\":true,\"valueName\":\"search_term_string\"}}],\"inLanguage\":\"hr\"},{\"@type\":\"Organization\",\"@id\":\"https:\\\/\\\/radioljubuski.ba\\\/#organization\",\"name\":\"Radio Ljubu\u0161ki\",\"url\":\"https:\\\/\\\/radioljubuski.ba\\\/\",\"logo\":{\"@type\":\"ImageObject\",\"inLanguage\":\"hr\",\"@id\":\"https:\\\/\\\/radioljubuski.ba\\\/#\\\/schema\\\/logo\\\/image\\\/\",\"url\":\"https:\\\/\\\/radioljubuski.ba\\\/wp-content\\\/uploads\\\/2021\\\/02\\\/cropped-Radio_Ljubuski_logo1.jpg\",\"contentUrl\":\"https:\\\/\\\/radioljubuski.ba\\\/wp-content\\\/uploads\\\/2021\\\/02\\\/cropped-Radio_Ljubuski_logo1.jpg\",\"width\":512,\"height\":512,\"caption\":\"Radio Ljubu\u0161ki\"},\"image\":{\"@id\":\"https:\\\/\\\/radioljubuski.ba\\\/#\\\/schema\\\/logo\\\/image\\\/\"},\"sameAs\":[\"https:\\\/\\\/www.facebook.com\\\/Radiio-Ljubuski-1490835324566332\",\"https:\\\/\\\/x.com\\\/radioljubuski\",\"https:\\\/\\\/hr.linkedin.com\\\/company\\\/radio-ljubuski\",\"https:\\\/\\\/www.youtube.com\\\/channel\\\/UCHYaeO_n0Db3tjNGudGpXyw\"]},{\"@type\":\"Person\",\"@id\":\"https:\\\/\\\/radioljubuski.ba\\\/#\\\/schema\\\/person\\\/19fc700381a780f69665d7956c469e3b\",\"name\":\"Radio Ljubu\u0161ki\"}]}<\/script>\n<!-- \/ Yoast SEO plugin. -->","yoast_head_json":{"title":"AGRAM MNL-a MZ-a Grada Ljubu\u0161kog: Raspored zavr\u0161nice - RADIO LJUBU\u0160KI","robots":{"index":"index","follow":"follow","max-snippet":"max-snippet:-1","max-image-preview":"max-image-preview:large","max-video-preview":"max-video-preview:-1"},"canonical":"https:\/\/radioljubuski.ba\/index.php\/2023\/08\/07\/agram-mnl-a-mz-a-grada-ljubuskog-raspored-zavrsnice\/","og_locale":"hr_HR","og_type":"article","og_title":"AGRAM MNL-a MZ-a Grada Ljubu\u0161kog: Raspored zavr\u0161nice - RADIO LJUBU\u0160KI","og_description":"U prilogu vam donosimo raspored utakmica zavr\u0161nice Agram MNL-a MZ-a Grada Ljubu\u0161kog za 2023. godinu. PONEDJELJAK, 07. kolovoza 2023. R.B. KOLO SKUPINA PAR EKIPE DATUM\/SAT 38. BAR. (16) 2(1) &nbsp; 35 LJUBU\u0160KI 2 OTOK\/GRABOVNIK 7.8. 20:00 39. 1\/4 (S) B1 36 &nbsp;TESKERA \u0160IPOVA\u010cA 7.8. 20:45 40. 1\/4 (S) C1 3(1) &nbsp;VA\u0160AROVI\u0106I STUBICA\/Z.B. 7.8. 21:45 UTORAK, [&hellip;]","og_url":"https:\/\/radioljubuski.ba\/index.php\/2023\/08\/07\/agram-mnl-a-mz-a-grada-ljubuskog-raspored-zavrsnice\/","og_site_name":"RADIO LJUBU\u0160KI","article_publisher":"https:\/\/www.facebook.com\/Radiio-Ljubuski-1490835324566332","article_published_time":"2023-08-07T12:44:31+00:00","article_modified_time":"2023-08-07T12:44:32+00:00","og_image":[{"width":1024,"height":675,"url":"https:\/\/radioljubuski.ba\/wp-content\/uploads\/2023\/08\/b4a7074fed080d54674d5fc9359c72e4_L.jpg","type":"image\/jpeg"}],"author":"Radio Ljubu\u0161ki","twitter_card":"summary_large_image","twitter_creator":"@radioljubuski","twitter_site":"@radioljubuski","twitter_misc":{"Napisao\/la":"Radio Ljubu\u0161ki","Procijenjeno vrijeme \u010ditanja":"2 minute"},"schema":{"@context":"https:\/\/schema.org","@graph":[{"@type":"Article","@id":"https:\/\/radioljubuski.ba\/index.php\/2023\/08\/07\/agram-mnl-a-mz-a-grada-ljubuskog-raspored-zavrsnice\/#article","isPartOf":{"@id":"https:\/\/radioljubuski.ba\/index.php\/2023\/08\/07\/agram-mnl-a-mz-a-grada-ljubuskog-raspored-zavrsnice\/"},"author":{"name":"Radio Ljubu\u0161ki","@id":"https:\/\/radioljubuski.ba\/#\/schema\/person\/19fc700381a780f69665d7956c469e3b"},"headline":"AGRAM MNL-a MZ-a Grada Ljubu\u0161kog: Raspored zavr\u0161nice","datePublished":"2023-08-07T12:44:31+00:00","dateModified":"2023-08-07T12:44:32+00:00","mainEntityOfPage":{"@id":"https:\/\/radioljubuski.ba\/index.php\/2023\/08\/07\/agram-mnl-a-mz-a-grada-ljubuskog-raspored-zavrsnice\/"},"wordCount":160,"publisher":{"@id":"https:\/\/radioljubuski.ba\/#organization"},"image":{"@id":"https:\/\/radioljubuski.ba\/index.php\/2023\/08\/07\/agram-mnl-a-mz-a-grada-ljubuskog-raspored-zavrsnice\/#primaryimage"},"thumbnailUrl":"https:\/\/radioljubuski.ba\/wp-content\/uploads\/2023\/08\/b4a7074fed080d54674d5fc9359c72e4_L.jpg","articleSection":["Novosti"],"inLanguage":"hr"},{"@type":"WebPage","@id":"https:\/\/radioljubuski.ba\/index.php\/2023\/08\/07\/agram-mnl-a-mz-a-grada-ljubuskog-raspored-zavrsnice\/","url":"https:\/\/radioljubuski.ba\/index.php\/2023\/08\/07\/agram-mnl-a-mz-a-grada-ljubuskog-raspored-zavrsnice\/","name":"AGRAM MNL-a MZ-a Grada Ljubu\u0161kog: Raspored zavr\u0161nice - RADIO LJUBU\u0160KI","isPartOf":{"@id":"https:\/\/radioljubuski.ba\/#website"},"primaryImageOfPage":{"@id":"https:\/\/radioljubuski.ba\/index.php\/2023\/08\/07\/agram-mnl-a-mz-a-grada-ljubuskog-raspored-zavrsnice\/#primaryimage"},"image":{"@id":"https:\/\/radioljubuski.ba\/index.php\/2023\/08\/07\/agram-mnl-a-mz-a-grada-ljubuskog-raspored-zavrsnice\/#primaryimage"},"thumbnailUrl":"https:\/\/radioljubuski.ba\/wp-content\/uploads\/2023\/08\/b4a7074fed080d54674d5fc9359c72e4_L.jpg","datePublished":"2023-08-07T12:44:31+00:00","dateModified":"2023-08-07T12:44:32+00:00","breadcrumb":{"@id":"https:\/\/radioljubuski.ba\/index.php\/2023\/08\/07\/agram-mnl-a-mz-a-grada-ljubuskog-raspored-zavrsnice\/#breadcrumb"},"inLanguage":"hr","potentialAction":[{"@type":"ReadAction","target":["https:\/\/radioljubuski.ba\/index.php\/2023\/08\/07\/agram-mnl-a-mz-a-grada-ljubuskog-raspored-zavrsnice\/"]}]},{"@type":"ImageObject","inLanguage":"hr","@id":"https:\/\/radioljubuski.ba\/index.php\/2023\/08\/07\/agram-mnl-a-mz-a-grada-ljubuskog-raspored-zavrsnice\/#primaryimage","url":"https:\/\/radioljubuski.ba\/wp-content\/uploads\/2023\/08\/b4a7074fed080d54674d5fc9359c72e4_L.jpg","contentUrl":"https:\/\/radioljubuski.ba\/wp-content\/uploads\/2023\/08\/b4a7074fed080d54674d5fc9359c72e4_L.jpg","width":1024,"height":675},{"@type":"BreadcrumbList","@id":"https:\/\/radioljubuski.ba\/index.php\/2023\/08\/07\/agram-mnl-a-mz-a-grada-ljubuskog-raspored-zavrsnice\/#breadcrumb","itemListElement":[{"@type":"ListItem","position":1,"name":"Po\u010detna stranica","item":"https:\/\/radioljubuski.ba\/"},{"@type":"ListItem","position":2,"name":"AGRAM MNL-a MZ-a Grada Ljubu\u0161kog: Raspored zavr\u0161nice"}]},{"@type":"WebSite","@id":"https:\/\/radioljubuski.ba\/#website","url":"https:\/\/radioljubuski.ba\/","name":"Radio Ljubu\u0161ki","description":"Sun\u010dana frekvencija Hercegovine","publisher":{"@id":"https:\/\/radioljubuski.ba\/#organization"},"potentialAction":[{"@type":"SearchAction","target":{"@type":"EntryPoint","urlTemplate":"https:\/\/radioljubuski.ba\/?s={search_term_string}"},"query-input":{"@type":"PropertyValueSpecification","valueRequired":true,"valueName":"search_term_string"}}],"inLanguage":"hr"},{"@type":"Organization","@id":"https:\/\/radioljubuski.ba\/#organization","name":"Radio Ljubu\u0161ki","url":"https:\/\/radioljubuski.ba\/","logo":{"@type":"ImageObject","inLanguage":"hr","@id":"https:\/\/radioljubuski.ba\/#\/schema\/logo\/image\/","url":"https:\/\/radioljubuski.ba\/wp-content\/uploads\/2021\/02\/cropped-Radio_Ljubuski_logo1.jpg","contentUrl":"https:\/\/radioljubuski.ba\/wp-content\/uploads\/2021\/02\/cropped-Radio_Ljubuski_logo1.jpg","width":512,"height":512,"caption":"Radio Ljubu\u0161ki"},"image":{"@id":"https:\/\/radioljubuski.ba\/#\/schema\/logo\/image\/"},"sameAs":["https:\/\/www.facebook.com\/Radiio-Ljubuski-1490835324566332","https:\/\/x.com\/radioljubuski","https:\/\/hr.linkedin.com\/company\/radio-ljubuski","https:\/\/www.youtube.com\/channel\/UCHYaeO_n0Db3tjNGudGpXyw"]},{"@type":"Person","@id":"https:\/\/radioljubuski.ba\/#\/schema\/person\/19fc700381a780f69665d7956c469e3b","name":"Radio Ljubu\u0161ki"}]}},"_links":{"self":[{"href":"https:\/\/radioljubuski.ba\/index.php\/wp-json\/wp\/v2\/posts\/194073","targetHints":{"allow":["GET"]}}],"collection":[{"href":"https:\/\/radioljubuski.ba\/index.php\/wp-json\/wp\/v2\/posts"}],"about":[{"href":"https:\/\/radioljubuski.ba\/index.php\/wp-json\/wp\/v2\/types\/post"}],"author":[{"embeddable":true,"href":"https:\/\/radioljubuski.ba\/index.php\/wp-json\/wp\/v2\/users\/2"}],"replies":[{"embeddable":true,"href":"https:\/\/radioljubuski.ba\/index.php\/wp-json\/wp\/v2\/comments?post=194073"}],"version-history":[{"count":1,"href":"https:\/\/radioljubuski.ba\/index.php\/wp-json\/wp\/v2\/posts\/194073\/revisions"}],"predecessor-version":[{"id":194075,"href":"https:\/\/radioljubuski.ba\/index.php\/wp-json\/wp\/v2\/posts\/194073\/revisions\/194075"}],"wp:featuredmedia":[{"embeddable":true,"href":"https:\/\/radioljubuski.ba\/index.php\/wp-json\/wp\/v2\/media\/194074"}],"wp:attachment":[{"href":"https:\/\/radioljubuski.ba\/index.php\/wp-json\/wp\/v2\/media?parent=194073"}],"wp:term":[{"taxonomy":"category","embeddable":true,"href":"https:\/\/radioljubuski.ba\/index.php\/wp-json\/wp\/v2\/categories?post=194073"},{"taxonomy":"post_tag","embeddable":true,"href":"https:\/\/radioljubuski.ba\/index.php\/wp-json\/wp\/v2\/tags?post=194073"}],"curies":[{"name":"wp","href":"https:\/\/api.w.org\/{rel}","templated":true}]}}