{"id":194223,"date":"2023-08-10T11:50:13","date_gmt":"2023-08-10T10:50:13","guid":{"rendered":"https:\/\/radioljubuski.ba\/?p=194223"},"modified":"2023-08-16T11:20:42","modified_gmt":"2023-08-16T10:20:42","slug":"promo-osvojio-nas-je-ruzicasti-trend","status":"publish","type":"post","link":"https:\/\/radioljubuski.ba\/index.php\/2023\/08\/10\/promo-osvojio-nas-je-ruzicasti-trend\/","title":{"rendered":"Promo: Osvojio nas je ru\u017ei\u010dasti trend"},"content":{"rendered":"\n<p>Film o najpoznatijoj lutki na svijetu osvojio je svijet, a njegov utjecaj prisutan je svugdje, trend nazvan barbiecore unio je vedrinu u modne kombinacije, osvojio je sve dru\u0161tvene mre\u017ee i svijet interijera.<\/p>\n\n\n\n<p>U potrazi za najljep\u0161im dodacima u svim nijansama ru\u017ei\u010daste posjetili smo Draganu Pavlovi\u0107 koja svoju kreativnost godinama izra\u017eava stvaraju\u0107i romanti\u010dni nakit &#8221; Kameja u kosi&#8221;, a posljednje vrijeme posvetila se modnim dodacima i ukrasima za dom.<\/p>\n\n\n\n<p>&#8220;Ru\u017ei\u010dasta estetika u svim varijacijama od nje\u017enih do jarkih tonova oduvijek je omiljena kod \u017eena romanti\u010dnog duha, no sada su se za nju hrabrije odlu\u010dile i sve druge, upravo zbog &#8220;barbie trenda&#8221; govori nam Dragana.  &#8220;Modne detalje prate i detalji za dom, koji su ove sezone ba\u0161 razigrani i djevoja\u010dki, dosta cvjetnih motiva, to\u010dkica, prisutne su metalik nijanse zlato i srebro. Ne znam za druge ali piti kavu iz \u0161alica s to\u010dkicama je za mene poseban do\u017eivljaj&#8221; kazuje nam kroz smijeh.<\/p>\n\n\n\n<figure class=\"wp-block-gallery has-nested-images columns-default is-cropped wp-block-gallery-1 is-layout-flex wp-block-gallery-is-layout-flex\">\n<figure class=\"wp-block-image size-large\"><img loading=\"lazy\" decoding=\"async\" width=\"683\" height=\"1024\" data-id=\"194231\" src=\"https:\/\/radioljubuski.ba\/wp-content\/uploads\/2023\/08\/pink5-1-683x1024.jpg\" alt=\"\" class=\"wp-image-194231\" srcset=\"https:\/\/radioljubuski.ba\/wp-content\/uploads\/2023\/08\/pink5-1-683x1024.jpg 683w, https:\/\/radioljubuski.ba\/wp-content\/uploads\/2023\/08\/pink5-1-200x300.jpg 200w, https:\/\/radioljubuski.ba\/wp-content\/uploads\/2023\/08\/pink5-1-768x1151.jpg 768w, https:\/\/radioljubuski.ba\/wp-content\/uploads\/2023\/08\/pink5-1-1025x1536.jpg 1025w, https:\/\/radioljubuski.ba\/wp-content\/uploads\/2023\/08\/pink5-1-1367x2048.jpg 1367w, https:\/\/radioljubuski.ba\/wp-content\/uploads\/2023\/08\/pink5-1-scaled.jpg 1708w\" sizes=\"auto, (max-width: 683px) 100vw, 683px\" \/><\/figure>\n\n\n\n<figure class=\"wp-block-image size-large\"><img loading=\"lazy\" decoding=\"async\" width=\"698\" height=\"1024\" data-id=\"194232\" src=\"https:\/\/radioljubuski.ba\/wp-content\/uploads\/2023\/08\/Pink6-698x1024.jpg\" alt=\"\" class=\"wp-image-194232\" srcset=\"https:\/\/radioljubuski.ba\/wp-content\/uploads\/2023\/08\/Pink6-698x1024.jpg 698w, https:\/\/radioljubuski.ba\/wp-content\/uploads\/2023\/08\/Pink6-204x300.jpg 204w, https:\/\/radioljubuski.ba\/wp-content\/uploads\/2023\/08\/Pink6-768x1127.jpg 768w, https:\/\/radioljubuski.ba\/wp-content\/uploads\/2023\/08\/Pink6-1047x1536.jpg 1047w, https:\/\/radioljubuski.ba\/wp-content\/uploads\/2023\/08\/Pink6-1396x2048.jpg 1396w, https:\/\/radioljubuski.ba\/wp-content\/uploads\/2023\/08\/Pink6-scaled.jpg 1744w\" sizes=\"auto, (max-width: 698px) 100vw, 698px\" \/><\/figure>\n\n\n\n<figure class=\"wp-block-image size-large\"><img loading=\"lazy\" decoding=\"async\" width=\"870\" height=\"1024\" data-id=\"194233\" src=\"https:\/\/radioljubuski.ba\/wp-content\/uploads\/2023\/08\/pink8-870x1024.jpg\" alt=\"\" class=\"wp-image-194233\" srcset=\"https:\/\/radioljubuski.ba\/wp-content\/uploads\/2023\/08\/pink8-870x1024.jpg 870w, https:\/\/radioljubuski.ba\/wp-content\/uploads\/2023\/08\/pink8-255x300.jpg 255w, https:\/\/radioljubuski.ba\/wp-content\/uploads\/2023\/08\/pink8-768x904.jpg 768w, https:\/\/radioljubuski.ba\/wp-content\/uploads\/2023\/08\/pink8-1305x1536.jpg 1305w, https:\/\/radioljubuski.ba\/wp-content\/uploads\/2023\/08\/pink8-1740x2048.jpg 1740w\" sizes=\"auto, (max-width: 870px) 100vw, 870px\" \/><\/figure>\n<\/figure>\n\n\n\n<figure class=\"wp-block-gallery has-nested-images columns-default is-cropped wp-block-gallery-2 is-layout-flex wp-block-gallery-is-layout-flex\">\n<figure class=\"wp-block-image size-large\"><img loading=\"lazy\" decoding=\"async\" width=\"786\" height=\"1024\" data-id=\"194234\" src=\"https:\/\/radioljubuski.ba\/wp-content\/uploads\/2023\/08\/pinky-786x1024.jpg\" alt=\"\" class=\"wp-image-194234\" srcset=\"https:\/\/radioljubuski.ba\/wp-content\/uploads\/2023\/08\/pinky-786x1024.jpg 786w, https:\/\/radioljubuski.ba\/wp-content\/uploads\/2023\/08\/pinky-230x300.jpg 230w, https:\/\/radioljubuski.ba\/wp-content\/uploads\/2023\/08\/pinky-768x1001.jpg 768w, https:\/\/radioljubuski.ba\/wp-content\/uploads\/2023\/08\/pinky-1179x1536.jpg 1179w, https:\/\/radioljubuski.ba\/wp-content\/uploads\/2023\/08\/pinky-1572x2048.jpg 1572w, https:\/\/radioljubuski.ba\/wp-content\/uploads\/2023\/08\/pinky-scaled.jpg 1965w\" sizes=\"auto, (max-width: 786px) 100vw, 786px\" \/><\/figure>\n\n\n\n<figure class=\"wp-block-image size-large\"><img loading=\"lazy\" decoding=\"async\" width=\"1024\" height=\"998\" data-id=\"194235\" src=\"https:\/\/radioljubuski.ba\/wp-content\/uploads\/2023\/08\/pink2-1024x998.jpg\" alt=\"\" class=\"wp-image-194235\" srcset=\"https:\/\/radioljubuski.ba\/wp-content\/uploads\/2023\/08\/pink2-1024x998.jpg 1024w, https:\/\/radioljubuski.ba\/wp-content\/uploads\/2023\/08\/pink2-300x292.jpg 300w, https:\/\/radioljubuski.ba\/wp-content\/uploads\/2023\/08\/pink2-768x749.jpg 768w, https:\/\/radioljubuski.ba\/wp-content\/uploads\/2023\/08\/pink2-1536x1498.jpg 1536w, https:\/\/radioljubuski.ba\/wp-content\/uploads\/2023\/08\/pink2-2048x1997.jpg 2048w\" sizes=\"auto, (max-width: 1024px) 100vw, 1024px\" \/><\/figure>\n<\/figure>\n\n\n\n<p>Dragana je dala savjete kako usvojiti ovaj trend  &#8220;S malim detaljima uvijek mo\u017eemo u\u010diniti puno, bilo da je rije\u010d o torbi ili sitnim detaljima koje nas \u017eene raduju, kako ve\u0107ina nas puno vremena provodi u kuhinji, jedna ru\u017ei\u010dasta posuda za kruh ili za\u010din \u0107e biti pravi trendi ukras i odmor za o\u010di.&#8221;<\/p>\n\n\n\n<figure class=\"wp-block-gallery has-nested-images columns-default is-cropped wp-block-gallery-3 is-layout-flex wp-block-gallery-is-layout-flex\">\n<figure class=\"wp-block-image size-large\"><img loading=\"lazy\" decoding=\"async\" width=\"1024\" height=\"386\" data-id=\"194236\" src=\"https:\/\/radioljubuski.ba\/wp-content\/uploads\/2023\/08\/pinkoo-1024x386.jpg\" alt=\"\" class=\"wp-image-194236\" srcset=\"https:\/\/radioljubuski.ba\/wp-content\/uploads\/2023\/08\/pinkoo-1024x386.jpg 1024w, https:\/\/radioljubuski.ba\/wp-content\/uploads\/2023\/08\/pinkoo-300x113.jpg 300w, https:\/\/radioljubuski.ba\/wp-content\/uploads\/2023\/08\/pinkoo-768x290.jpg 768w, https:\/\/radioljubuski.ba\/wp-content\/uploads\/2023\/08\/pinkoo-1536x580.jpg 1536w, https:\/\/radioljubuski.ba\/wp-content\/uploads\/2023\/08\/pinkoo-2048x773.jpg 2048w\" sizes=\"auto, (max-width: 1024px) 100vw, 1024px\" \/><\/figure>\n<\/figure>\n\n\n\n<p>&#8220;Ne trebamo se upu\u0161tati u velike zahvate, niti pretjerivati, suptilni detalji su bitni, krenite za po\u010detak od ukrasnih jastu\u010di\u0107a, kombinacijom vi\u0161e nijansi i uzoraka i razli\u010ditih oblika posti\u017eete puno. Jastu\u010di\u0107 ili dva u kombinaciji jedna boja\/cvjetni motiv osvje\u017ee svaku sofu. <\/p>\n\n\n\n<p>&#8220;Postoje\u0107i set tanjura osvje\u017eite jednim u ru\u017ei\u010dastoj nijansi, serviranje stola uljep\u0161ajte stolnjakom u cvjetnom motivu, sve popularnijim umjetnim cvije\u0107em mo\u017eete posti\u0107i puno, bilo da je rije\u010d o detalju na stolu, u kutu dnevne sobe ili na ukrasnoj polici.&#8221;<\/p>\n\n\n\n<p><\/p>\n\n\n\n<figure class=\"wp-block-gallery has-nested-images columns-default is-cropped wp-block-gallery-4 is-layout-flex wp-block-gallery-is-layout-flex\">\n<figure class=\"wp-block-image size-large\"><img loading=\"lazy\" decoding=\"async\" width=\"755\" height=\"1024\" data-id=\"194245\" src=\"https:\/\/radioljubuski.ba\/wp-content\/uploads\/2023\/08\/pinkitrend-755x1024.jpg\" alt=\"\" class=\"wp-image-194245\" srcset=\"https:\/\/radioljubuski.ba\/wp-content\/uploads\/2023\/08\/pinkitrend-755x1024.jpg 755w, https:\/\/radioljubuski.ba\/wp-content\/uploads\/2023\/08\/pinkitrend-221x300.jpg 221w, https:\/\/radioljubuski.ba\/wp-content\/uploads\/2023\/08\/pinkitrend-768x1042.jpg 768w, https:\/\/radioljubuski.ba\/wp-content\/uploads\/2023\/08\/pinkitrend-1132x1536.jpg 1132w, https:\/\/radioljubuski.ba\/wp-content\/uploads\/2023\/08\/pinkitrend-1509x2048.jpg 1509w, https:\/\/radioljubuski.ba\/wp-content\/uploads\/2023\/08\/pinkitrend-scaled.jpg 1886w\" sizes=\"auto, (max-width: 755px) 100vw, 755px\" \/><\/figure>\n\n\n\n<figure class=\"wp-block-image size-large\"><img loading=\"lazy\" decoding=\"async\" width=\"683\" height=\"1024\" data-id=\"194238\" src=\"https:\/\/radioljubuski.ba\/wp-content\/uploads\/2023\/08\/pink9-1-683x1024.jpg\" alt=\"\" class=\"wp-image-194238\" srcset=\"https:\/\/radioljubuski.ba\/wp-content\/uploads\/2023\/08\/pink9-1-683x1024.jpg 683w, https:\/\/radioljubuski.ba\/wp-content\/uploads\/2023\/08\/pink9-1-200x300.jpg 200w, https:\/\/radioljubuski.ba\/wp-content\/uploads\/2023\/08\/pink9-1-768x1151.jpg 768w, https:\/\/radioljubuski.ba\/wp-content\/uploads\/2023\/08\/pink9-1-1025x1536.jpg 1025w, https:\/\/radioljubuski.ba\/wp-content\/uploads\/2023\/08\/pink9-1-1367x2048.jpg 1367w, https:\/\/radioljubuski.ba\/wp-content\/uploads\/2023\/08\/pink9-1-scaled.jpg 1708w\" sizes=\"auto, (max-width: 683px) 100vw, 683px\" \/><\/figure>\n\n\n\n<figure class=\"wp-block-image size-large\"><img loading=\"lazy\" decoding=\"async\" width=\"737\" height=\"1024\" data-id=\"194244\" src=\"https:\/\/radioljubuski.ba\/wp-content\/uploads\/2023\/08\/pinkiii-1-737x1024.jpg\" alt=\"\" class=\"wp-image-194244\" srcset=\"https:\/\/radioljubuski.ba\/wp-content\/uploads\/2023\/08\/pinkiii-1-737x1024.jpg 737w, https:\/\/radioljubuski.ba\/wp-content\/uploads\/2023\/08\/pinkiii-1-216x300.jpg 216w, https:\/\/radioljubuski.ba\/wp-content\/uploads\/2023\/08\/pinkiii-1-768x1067.jpg 768w, https:\/\/radioljubuski.ba\/wp-content\/uploads\/2023\/08\/pinkiii-1-1105x1536.jpg 1105w, https:\/\/radioljubuski.ba\/wp-content\/uploads\/2023\/08\/pinkiii-1-1473x2048.jpg 1473w, https:\/\/radioljubuski.ba\/wp-content\/uploads\/2023\/08\/pinkiii-1-scaled.jpg 1842w\" sizes=\"auto, (max-width: 737px) 100vw, 737px\" \/><\/figure>\n<\/figure>\n\n\n\n<figure class=\"wp-block-gallery has-nested-images columns-default is-cropped wp-block-gallery-5 is-layout-flex wp-block-gallery-is-layout-flex\">\n<figure class=\"wp-block-image size-large\"><img loading=\"lazy\" decoding=\"async\" width=\"711\" height=\"1024\" data-id=\"194241\" src=\"https:\/\/radioljubuski.ba\/wp-content\/uploads\/2023\/08\/pinki34-711x1024.jpg\" alt=\"\" class=\"wp-image-194241\" srcset=\"https:\/\/radioljubuski.ba\/wp-content\/uploads\/2023\/08\/pinki34-711x1024.jpg 711w, https:\/\/radioljubuski.ba\/wp-content\/uploads\/2023\/08\/pinki34-208x300.jpg 208w, https:\/\/radioljubuski.ba\/wp-content\/uploads\/2023\/08\/pinki34-768x1107.jpg 768w, https:\/\/radioljubuski.ba\/wp-content\/uploads\/2023\/08\/pinki34-1066x1536.jpg 1066w, https:\/\/radioljubuski.ba\/wp-content\/uploads\/2023\/08\/pinki34-1421x2048.jpg 1421w, https:\/\/radioljubuski.ba\/wp-content\/uploads\/2023\/08\/pinki34-scaled.jpg 1776w\" sizes=\"auto, (max-width: 711px) 100vw, 711px\" \/><\/figure>\n\n\n\n<figure class=\"wp-block-image size-large\"><img loading=\"lazy\" decoding=\"async\" width=\"761\" height=\"1024\" data-id=\"194242\" src=\"https:\/\/radioljubuski.ba\/wp-content\/uploads\/2023\/08\/anemonepink-761x1024.jpg\" alt=\"\" class=\"wp-image-194242\" srcset=\"https:\/\/radioljubuski.ba\/wp-content\/uploads\/2023\/08\/anemonepink-761x1024.jpg 761w, https:\/\/radioljubuski.ba\/wp-content\/uploads\/2023\/08\/anemonepink-223x300.jpg 223w, https:\/\/radioljubuski.ba\/wp-content\/uploads\/2023\/08\/anemonepink-768x1034.jpg 768w, https:\/\/radioljubuski.ba\/wp-content\/uploads\/2023\/08\/anemonepink-1141x1536.jpg 1141w, https:\/\/radioljubuski.ba\/wp-content\/uploads\/2023\/08\/anemonepink-1521x2048.jpg 1521w, https:\/\/radioljubuski.ba\/wp-content\/uploads\/2023\/08\/anemonepink-scaled.jpg 1901w\" sizes=\"auto, (max-width: 761px) 100vw, 761px\" \/><\/figure>\n<\/figure>\n\n\n\n<p>&#8220;Roza boja ima poseban \u0161arm, no treba biti oprezan kako ne bismo pretjerali i oti\u0161li u ki\u010d, dr\u017eite se detalja koji \u0107e biti suptilni, birajte \u0161to \u017eelite naglasiti s njom. Odli\u010dno se sla\u017ee sa bijelom bojom, jeansom,divno sljubljuje sa sivom, crnom bojom i metalnim nijansama.&#8221; poru\u010dila je. <\/p>\n\n\n\n<p>Promo\/radioljubuski.ba<\/p>\n\n\n\n<figure class=\"wp-block-gallery has-nested-images columns-default is-cropped wp-block-gallery-6 is-layout-flex wp-block-gallery-is-layout-flex\"><\/figure>\n","protected":false},"excerpt":{"rendered":"<p>Film o najpoznatijoj lutki na svijetu osvojio je svijet, a njegov utjecaj prisutan je svugdje, trend nazvan barbiecore unio je vedrinu u modne kombinacije, osvojio je sve dru\u0161tvene mre\u017ee i svijet interijera. U potrazi za najljep\u0161im dodacima u svim nijansama ru\u017ei\u010daste posjetili smo Draganu Pavlovi\u0107 koja svoju kreativnost godinama izra\u017eava stvaraju\u0107i romanti\u010dni nakit &#8221; Kameja [&hellip;]<\/p>\n","protected":false},"author":2,"featured_media":194227,"comment_status":"closed","ping_status":"closed","sticky":false,"template":"","format":"standard","meta":{"h5ap_radio_sources":[],"footnotes":""},"categories":[12],"tags":[],"class_list":["post-194223","post","type-post","status-publish","format-standard","has-post-thumbnail","hentry","category-mali-oglasi"],"yoast_head":"<!-- This site is optimized with the Yoast SEO plugin v27.5 - https:\/\/yoast.com\/product\/yoast-seo-wordpress\/ -->\n<title>Promo: Osvojio nas je ru\u017ei\u010dasti trend - RADIO LJUBU\u0160KI<\/title>\n<meta name=\"robots\" content=\"index, follow, max-snippet:-1, max-image-preview:large, max-video-preview:-1\" \/>\n<link rel=\"canonical\" href=\"https:\/\/radioljubuski.ba\/index.php\/2023\/08\/10\/promo-osvojio-nas-je-ruzicasti-trend\/\" \/>\n<meta property=\"og:locale\" content=\"hr_HR\" \/>\n<meta property=\"og:type\" content=\"article\" \/>\n<meta property=\"og:title\" content=\"Promo: Osvojio nas je ru\u017ei\u010dasti trend - RADIO LJUBU\u0160KI\" \/>\n<meta property=\"og:description\" content=\"Film o najpoznatijoj lutki na svijetu osvojio je svijet, a njegov utjecaj prisutan je svugdje, trend nazvan barbiecore unio je vedrinu u modne kombinacije, osvojio je sve dru\u0161tvene mre\u017ee i svijet interijera. U potrazi za najljep\u0161im dodacima u svim nijansama ru\u017ei\u010daste posjetili smo Draganu Pavlovi\u0107 koja svoju kreativnost godinama izra\u017eava stvaraju\u0107i romanti\u010dni nakit &#8221; Kameja [&hellip;]\" \/>\n<meta property=\"og:url\" content=\"https:\/\/radioljubuski.ba\/index.php\/2023\/08\/10\/promo-osvojio-nas-je-ruzicasti-trend\/\" \/>\n<meta property=\"og:site_name\" content=\"RADIO LJUBU\u0160KI\" \/>\n<meta property=\"article:publisher\" content=\"https:\/\/www.facebook.com\/Radiio-Ljubuski-1490835324566332\" \/>\n<meta property=\"article:published_time\" content=\"2023-08-10T10:50:13+00:00\" \/>\n<meta property=\"article:modified_time\" content=\"2023-08-16T10:20:42+00:00\" \/>\n<meta property=\"og:image\" content=\"https:\/\/radioljubuski.ba\/wp-content\/uploads\/2023\/08\/pinkitrend-scaled.jpg\" \/>\n\t<meta property=\"og:image:width\" content=\"1886\" \/>\n\t<meta property=\"og:image:height\" content=\"2560\" \/>\n\t<meta property=\"og:image:type\" content=\"image\/jpeg\" \/>\n<meta name=\"author\" content=\"Radio Ljubu\u0161ki\" \/>\n<meta name=\"twitter:card\" content=\"summary_large_image\" \/>\n<meta name=\"twitter:creator\" content=\"@radioljubuski\" \/>\n<meta name=\"twitter:site\" content=\"@radioljubuski\" \/>\n<meta name=\"twitter:label1\" content=\"Napisao\/la\" \/>\n\t<meta name=\"twitter:data1\" content=\"Radio Ljubu\u0161ki\" \/>\n\t<meta name=\"twitter:label2\" content=\"Procijenjeno vrijeme \u010ditanja\" \/>\n\t<meta name=\"twitter:data2\" content=\"4 minute\" \/>\n<script type=\"application\/ld+json\" class=\"yoast-schema-graph\">{\"@context\":\"https:\\\/\\\/schema.org\",\"@graph\":[{\"@type\":\"Article\",\"@id\":\"https:\\\/\\\/radioljubuski.ba\\\/index.php\\\/2023\\\/08\\\/10\\\/promo-osvojio-nas-je-ruzicasti-trend\\\/#article\",\"isPartOf\":{\"@id\":\"https:\\\/\\\/radioljubuski.ba\\\/index.php\\\/2023\\\/08\\\/10\\\/promo-osvojio-nas-je-ruzicasti-trend\\\/\"},\"author\":{\"name\":\"Radio Ljubu\u0161ki\",\"@id\":\"https:\\\/\\\/radioljubuski.ba\\\/#\\\/schema\\\/person\\\/19fc700381a780f69665d7956c469e3b\"},\"headline\":\"Promo: Osvojio nas je ru\u017ei\u010dasti trend\",\"datePublished\":\"2023-08-10T10:50:13+00:00\",\"dateModified\":\"2023-08-16T10:20:42+00:00\",\"mainEntityOfPage\":{\"@id\":\"https:\\\/\\\/radioljubuski.ba\\\/index.php\\\/2023\\\/08\\\/10\\\/promo-osvojio-nas-je-ruzicasti-trend\\\/\"},\"wordCount\":384,\"publisher\":{\"@id\":\"https:\\\/\\\/radioljubuski.ba\\\/#organization\"},\"image\":{\"@id\":\"https:\\\/\\\/radioljubuski.ba\\\/index.php\\\/2023\\\/08\\\/10\\\/promo-osvojio-nas-je-ruzicasti-trend\\\/#primaryimage\"},\"thumbnailUrl\":\"https:\\\/\\\/radioljubuski.ba\\\/wp-content\\\/uploads\\\/2023\\\/08\\\/pinkdragana-1-scaled.jpg\",\"articleSection\":[\"Radio oglasnik\"],\"inLanguage\":\"hr\"},{\"@type\":\"WebPage\",\"@id\":\"https:\\\/\\\/radioljubuski.ba\\\/index.php\\\/2023\\\/08\\\/10\\\/promo-osvojio-nas-je-ruzicasti-trend\\\/\",\"url\":\"https:\\\/\\\/radioljubuski.ba\\\/index.php\\\/2023\\\/08\\\/10\\\/promo-osvojio-nas-je-ruzicasti-trend\\\/\",\"name\":\"Promo: Osvojio nas je ru\u017ei\u010dasti trend - RADIO LJUBU\u0160KI\",\"isPartOf\":{\"@id\":\"https:\\\/\\\/radioljubuski.ba\\\/#website\"},\"primaryImageOfPage\":{\"@id\":\"https:\\\/\\\/radioljubuski.ba\\\/index.php\\\/2023\\\/08\\\/10\\\/promo-osvojio-nas-je-ruzicasti-trend\\\/#primaryimage\"},\"image\":{\"@id\":\"https:\\\/\\\/radioljubuski.ba\\\/index.php\\\/2023\\\/08\\\/10\\\/promo-osvojio-nas-je-ruzicasti-trend\\\/#primaryimage\"},\"thumbnailUrl\":\"https:\\\/\\\/radioljubuski.ba\\\/wp-content\\\/uploads\\\/2023\\\/08\\\/pinkdragana-1-scaled.jpg\",\"datePublished\":\"2023-08-10T10:50:13+00:00\",\"dateModified\":\"2023-08-16T10:20:42+00:00\",\"breadcrumb\":{\"@id\":\"https:\\\/\\\/radioljubuski.ba\\\/index.php\\\/2023\\\/08\\\/10\\\/promo-osvojio-nas-je-ruzicasti-trend\\\/#breadcrumb\"},\"inLanguage\":\"hr\",\"potentialAction\":[{\"@type\":\"ReadAction\",\"target\":[\"https:\\\/\\\/radioljubuski.ba\\\/index.php\\\/2023\\\/08\\\/10\\\/promo-osvojio-nas-je-ruzicasti-trend\\\/\"]}]},{\"@type\":\"ImageObject\",\"inLanguage\":\"hr\",\"@id\":\"https:\\\/\\\/radioljubuski.ba\\\/index.php\\\/2023\\\/08\\\/10\\\/promo-osvojio-nas-je-ruzicasti-trend\\\/#primaryimage\",\"url\":\"https:\\\/\\\/radioljubuski.ba\\\/wp-content\\\/uploads\\\/2023\\\/08\\\/pinkdragana-1-scaled.jpg\",\"contentUrl\":\"https:\\\/\\\/radioljubuski.ba\\\/wp-content\\\/uploads\\\/2023\\\/08\\\/pinkdragana-1-scaled.jpg\",\"width\":2238,\"height\":2560},{\"@type\":\"BreadcrumbList\",\"@id\":\"https:\\\/\\\/radioljubuski.ba\\\/index.php\\\/2023\\\/08\\\/10\\\/promo-osvojio-nas-je-ruzicasti-trend\\\/#breadcrumb\",\"itemListElement\":[{\"@type\":\"ListItem\",\"position\":1,\"name\":\"Po\u010detna stranica\",\"item\":\"https:\\\/\\\/radioljubuski.ba\\\/\"},{\"@type\":\"ListItem\",\"position\":2,\"name\":\"Promo: Osvojio nas je ru\u017ei\u010dasti trend\"}]},{\"@type\":\"WebSite\",\"@id\":\"https:\\\/\\\/radioljubuski.ba\\\/#website\",\"url\":\"https:\\\/\\\/radioljubuski.ba\\\/\",\"name\":\"Radio Ljubu\u0161ki\",\"description\":\"Sun\u010dana frekvencija Hercegovine\",\"publisher\":{\"@id\":\"https:\\\/\\\/radioljubuski.ba\\\/#organization\"},\"potentialAction\":[{\"@type\":\"SearchAction\",\"target\":{\"@type\":\"EntryPoint\",\"urlTemplate\":\"https:\\\/\\\/radioljubuski.ba\\\/?s={search_term_string}\"},\"query-input\":{\"@type\":\"PropertyValueSpecification\",\"valueRequired\":true,\"valueName\":\"search_term_string\"}}],\"inLanguage\":\"hr\"},{\"@type\":\"Organization\",\"@id\":\"https:\\\/\\\/radioljubuski.ba\\\/#organization\",\"name\":\"Radio Ljubu\u0161ki\",\"url\":\"https:\\\/\\\/radioljubuski.ba\\\/\",\"logo\":{\"@type\":\"ImageObject\",\"inLanguage\":\"hr\",\"@id\":\"https:\\\/\\\/radioljubuski.ba\\\/#\\\/schema\\\/logo\\\/image\\\/\",\"url\":\"https:\\\/\\\/radioljubuski.ba\\\/wp-content\\\/uploads\\\/2021\\\/02\\\/cropped-Radio_Ljubuski_logo1.jpg\",\"contentUrl\":\"https:\\\/\\\/radioljubuski.ba\\\/wp-content\\\/uploads\\\/2021\\\/02\\\/cropped-Radio_Ljubuski_logo1.jpg\",\"width\":512,\"height\":512,\"caption\":\"Radio Ljubu\u0161ki\"},\"image\":{\"@id\":\"https:\\\/\\\/radioljubuski.ba\\\/#\\\/schema\\\/logo\\\/image\\\/\"},\"sameAs\":[\"https:\\\/\\\/www.facebook.com\\\/Radiio-Ljubuski-1490835324566332\",\"https:\\\/\\\/x.com\\\/radioljubuski\",\"https:\\\/\\\/hr.linkedin.com\\\/company\\\/radio-ljubuski\",\"https:\\\/\\\/www.youtube.com\\\/channel\\\/UCHYaeO_n0Db3tjNGudGpXyw\"]},{\"@type\":\"Person\",\"@id\":\"https:\\\/\\\/radioljubuski.ba\\\/#\\\/schema\\\/person\\\/19fc700381a780f69665d7956c469e3b\",\"name\":\"Radio Ljubu\u0161ki\"}]}<\/script>\n<!-- \/ Yoast SEO plugin. -->","yoast_head_json":{"title":"Promo: Osvojio nas je ru\u017ei\u010dasti trend - RADIO LJUBU\u0160KI","robots":{"index":"index","follow":"follow","max-snippet":"max-snippet:-1","max-image-preview":"max-image-preview:large","max-video-preview":"max-video-preview:-1"},"canonical":"https:\/\/radioljubuski.ba\/index.php\/2023\/08\/10\/promo-osvojio-nas-je-ruzicasti-trend\/","og_locale":"hr_HR","og_type":"article","og_title":"Promo: Osvojio nas je ru\u017ei\u010dasti trend - RADIO LJUBU\u0160KI","og_description":"Film o najpoznatijoj lutki na svijetu osvojio je svijet, a njegov utjecaj prisutan je svugdje, trend nazvan barbiecore unio je vedrinu u modne kombinacije, osvojio je sve dru\u0161tvene mre\u017ee i svijet interijera. U potrazi za najljep\u0161im dodacima u svim nijansama ru\u017ei\u010daste posjetili smo Draganu Pavlovi\u0107 koja svoju kreativnost godinama izra\u017eava stvaraju\u0107i romanti\u010dni nakit &#8221; Kameja [&hellip;]","og_url":"https:\/\/radioljubuski.ba\/index.php\/2023\/08\/10\/promo-osvojio-nas-je-ruzicasti-trend\/","og_site_name":"RADIO LJUBU\u0160KI","article_publisher":"https:\/\/www.facebook.com\/Radiio-Ljubuski-1490835324566332","article_published_time":"2023-08-10T10:50:13+00:00","article_modified_time":"2023-08-16T10:20:42+00:00","og_image":[{"width":1886,"height":2560,"url":"https:\/\/radioljubuski.ba\/wp-content\/uploads\/2023\/08\/pinkitrend-scaled.jpg","type":"image\/jpeg"}],"author":"Radio Ljubu\u0161ki","twitter_card":"summary_large_image","twitter_creator":"@radioljubuski","twitter_site":"@radioljubuski","twitter_misc":{"Napisao\/la":"Radio Ljubu\u0161ki","Procijenjeno vrijeme \u010ditanja":"4 minute"},"schema":{"@context":"https:\/\/schema.org","@graph":[{"@type":"Article","@id":"https:\/\/radioljubuski.ba\/index.php\/2023\/08\/10\/promo-osvojio-nas-je-ruzicasti-trend\/#article","isPartOf":{"@id":"https:\/\/radioljubuski.ba\/index.php\/2023\/08\/10\/promo-osvojio-nas-je-ruzicasti-trend\/"},"author":{"name":"Radio Ljubu\u0161ki","@id":"https:\/\/radioljubuski.ba\/#\/schema\/person\/19fc700381a780f69665d7956c469e3b"},"headline":"Promo: Osvojio nas je ru\u017ei\u010dasti trend","datePublished":"2023-08-10T10:50:13+00:00","dateModified":"2023-08-16T10:20:42+00:00","mainEntityOfPage":{"@id":"https:\/\/radioljubuski.ba\/index.php\/2023\/08\/10\/promo-osvojio-nas-je-ruzicasti-trend\/"},"wordCount":384,"publisher":{"@id":"https:\/\/radioljubuski.ba\/#organization"},"image":{"@id":"https:\/\/radioljubuski.ba\/index.php\/2023\/08\/10\/promo-osvojio-nas-je-ruzicasti-trend\/#primaryimage"},"thumbnailUrl":"https:\/\/radioljubuski.ba\/wp-content\/uploads\/2023\/08\/pinkdragana-1-scaled.jpg","articleSection":["Radio oglasnik"],"inLanguage":"hr"},{"@type":"WebPage","@id":"https:\/\/radioljubuski.ba\/index.php\/2023\/08\/10\/promo-osvojio-nas-je-ruzicasti-trend\/","url":"https:\/\/radioljubuski.ba\/index.php\/2023\/08\/10\/promo-osvojio-nas-je-ruzicasti-trend\/","name":"Promo: Osvojio nas je ru\u017ei\u010dasti trend - RADIO LJUBU\u0160KI","isPartOf":{"@id":"https:\/\/radioljubuski.ba\/#website"},"primaryImageOfPage":{"@id":"https:\/\/radioljubuski.ba\/index.php\/2023\/08\/10\/promo-osvojio-nas-je-ruzicasti-trend\/#primaryimage"},"image":{"@id":"https:\/\/radioljubuski.ba\/index.php\/2023\/08\/10\/promo-osvojio-nas-je-ruzicasti-trend\/#primaryimage"},"thumbnailUrl":"https:\/\/radioljubuski.ba\/wp-content\/uploads\/2023\/08\/pinkdragana-1-scaled.jpg","datePublished":"2023-08-10T10:50:13+00:00","dateModified":"2023-08-16T10:20:42+00:00","breadcrumb":{"@id":"https:\/\/radioljubuski.ba\/index.php\/2023\/08\/10\/promo-osvojio-nas-je-ruzicasti-trend\/#breadcrumb"},"inLanguage":"hr","potentialAction":[{"@type":"ReadAction","target":["https:\/\/radioljubuski.ba\/index.php\/2023\/08\/10\/promo-osvojio-nas-je-ruzicasti-trend\/"]}]},{"@type":"ImageObject","inLanguage":"hr","@id":"https:\/\/radioljubuski.ba\/index.php\/2023\/08\/10\/promo-osvojio-nas-je-ruzicasti-trend\/#primaryimage","url":"https:\/\/radioljubuski.ba\/wp-content\/uploads\/2023\/08\/pinkdragana-1-scaled.jpg","contentUrl":"https:\/\/radioljubuski.ba\/wp-content\/uploads\/2023\/08\/pinkdragana-1-scaled.jpg","width":2238,"height":2560},{"@type":"BreadcrumbList","@id":"https:\/\/radioljubuski.ba\/index.php\/2023\/08\/10\/promo-osvojio-nas-je-ruzicasti-trend\/#breadcrumb","itemListElement":[{"@type":"ListItem","position":1,"name":"Po\u010detna stranica","item":"https:\/\/radioljubuski.ba\/"},{"@type":"ListItem","position":2,"name":"Promo: Osvojio nas je ru\u017ei\u010dasti trend"}]},{"@type":"WebSite","@id":"https:\/\/radioljubuski.ba\/#website","url":"https:\/\/radioljubuski.ba\/","name":"Radio Ljubu\u0161ki","description":"Sun\u010dana frekvencija Hercegovine","publisher":{"@id":"https:\/\/radioljubuski.ba\/#organization"},"potentialAction":[{"@type":"SearchAction","target":{"@type":"EntryPoint","urlTemplate":"https:\/\/radioljubuski.ba\/?s={search_term_string}"},"query-input":{"@type":"PropertyValueSpecification","valueRequired":true,"valueName":"search_term_string"}}],"inLanguage":"hr"},{"@type":"Organization","@id":"https:\/\/radioljubuski.ba\/#organization","name":"Radio Ljubu\u0161ki","url":"https:\/\/radioljubuski.ba\/","logo":{"@type":"ImageObject","inLanguage":"hr","@id":"https:\/\/radioljubuski.ba\/#\/schema\/logo\/image\/","url":"https:\/\/radioljubuski.ba\/wp-content\/uploads\/2021\/02\/cropped-Radio_Ljubuski_logo1.jpg","contentUrl":"https:\/\/radioljubuski.ba\/wp-content\/uploads\/2021\/02\/cropped-Radio_Ljubuski_logo1.jpg","width":512,"height":512,"caption":"Radio Ljubu\u0161ki"},"image":{"@id":"https:\/\/radioljubuski.ba\/#\/schema\/logo\/image\/"},"sameAs":["https:\/\/www.facebook.com\/Radiio-Ljubuski-1490835324566332","https:\/\/x.com\/radioljubuski","https:\/\/hr.linkedin.com\/company\/radio-ljubuski","https:\/\/www.youtube.com\/channel\/UCHYaeO_n0Db3tjNGudGpXyw"]},{"@type":"Person","@id":"https:\/\/radioljubuski.ba\/#\/schema\/person\/19fc700381a780f69665d7956c469e3b","name":"Radio Ljubu\u0161ki"}]}},"_links":{"self":[{"href":"https:\/\/radioljubuski.ba\/index.php\/wp-json\/wp\/v2\/posts\/194223","targetHints":{"allow":["GET"]}}],"collection":[{"href":"https:\/\/radioljubuski.ba\/index.php\/wp-json\/wp\/v2\/posts"}],"about":[{"href":"https:\/\/radioljubuski.ba\/index.php\/wp-json\/wp\/v2\/types\/post"}],"author":[{"embeddable":true,"href":"https:\/\/radioljubuski.ba\/index.php\/wp-json\/wp\/v2\/users\/2"}],"replies":[{"embeddable":true,"href":"https:\/\/radioljubuski.ba\/index.php\/wp-json\/wp\/v2\/comments?post=194223"}],"version-history":[{"count":2,"href":"https:\/\/radioljubuski.ba\/index.php\/wp-json\/wp\/v2\/posts\/194223\/revisions"}],"predecessor-version":[{"id":194247,"href":"https:\/\/radioljubuski.ba\/index.php\/wp-json\/wp\/v2\/posts\/194223\/revisions\/194247"}],"wp:featuredmedia":[{"embeddable":true,"href":"https:\/\/radioljubuski.ba\/index.php\/wp-json\/wp\/v2\/media\/194227"}],"wp:attachment":[{"href":"https:\/\/radioljubuski.ba\/index.php\/wp-json\/wp\/v2\/media?parent=194223"}],"wp:term":[{"taxonomy":"category","embeddable":true,"href":"https:\/\/radioljubuski.ba\/index.php\/wp-json\/wp\/v2\/categories?post=194223"},{"taxonomy":"post_tag","embeddable":true,"href":"https:\/\/radioljubuski.ba\/index.php\/wp-json\/wp\/v2\/tags?post=194223"}],"curies":[{"name":"wp","href":"https:\/\/api.w.org\/{rel}","templated":true}]}}