{"id":194301,"date":"2023-08-12T08:52:14","date_gmt":"2023-08-12T07:52:14","guid":{"rendered":"https:\/\/radioljubuski.ba\/?p=194301"},"modified":"2023-08-12T09:00:17","modified_gmt":"2023-08-12T08:00:17","slug":"foto-pregrade-ovogodisnji-prvak-malonogometne-lige-mjesnih-zajednica-grada-ljubuskog","status":"publish","type":"post","link":"https:\/\/radioljubuski.ba\/index.php\/2023\/08\/12\/foto-pregrade-ovogodisnji-prvak-malonogometne-lige-mjesnih-zajednica-grada-ljubuskog\/","title":{"rendered":"Foto: Pregra\u0111e ovogodi\u0161nji prvak Malonogometne lige Mjesnih zajednica Grada Ljubu\u0161kog"},"content":{"rendered":"\n<p>Ekipa Pregra\u0111a ovogodi\u0161nji je nositelj titule 19.\u00a0Agram Malonogometne lige Mjesnih zajednica Grada Ljubu\u0161kog, nakon \u0161to su u finalu savladali Cerno\/Miletinu\/Crnopod s (2:4 pen.) 2:2 (2:1).<br>Tre\u0107e mjesto osvojila je Teskera koja je igrala protiv Va\u0161arovi\u0107a rezultat utakmica 3:2 (1:1).<br>Ekipa MZ Ljubu\u0161ki osvojila je prvo mjesto na 12. Agram MNL MZ Grada Ljubu\u0161kog. Na drugom mjestu na\u0161li su se Studenci 1:2 (1:1).<\/p>\n\n\n\n<figure class=\"wp-block-gallery has-nested-images columns-default is-cropped wp-block-gallery-1 is-layout-flex wp-block-gallery-is-layout-flex\">\n<figure class=\"wp-block-image size-large\"><img loading=\"lazy\" decoding=\"async\" width=\"1024\" height=\"682\" data-id=\"194483\" src=\"https:\/\/radioljubuski.ba\/wp-content\/uploads\/2023\/08\/WhatsApp-Image-2023-08-12-at-09.22.43-1024x682.jpeg\" alt=\"\" class=\"wp-image-194483\" srcset=\"https:\/\/radioljubuski.ba\/wp-content\/uploads\/2023\/08\/WhatsApp-Image-2023-08-12-at-09.22.43-1024x682.jpeg 1024w, https:\/\/radioljubuski.ba\/wp-content\/uploads\/2023\/08\/WhatsApp-Image-2023-08-12-at-09.22.43-300x200.jpeg 300w, https:\/\/radioljubuski.ba\/wp-content\/uploads\/2023\/08\/WhatsApp-Image-2023-08-12-at-09.22.43-768x512.jpeg 768w, https:\/\/radioljubuski.ba\/wp-content\/uploads\/2023\/08\/WhatsApp-Image-2023-08-12-at-09.22.43-1536x1023.jpeg 1536w, https:\/\/radioljubuski.ba\/wp-content\/uploads\/2023\/08\/WhatsApp-Image-2023-08-12-at-09.22.43.jpeg 1600w\" sizes=\"auto, (max-width: 1024px) 100vw, 1024px\" \/><\/figure>\n\n\n\n<figure class=\"wp-block-image size-large\"><img loading=\"lazy\" decoding=\"async\" width=\"1024\" height=\"682\" data-id=\"194480\" src=\"https:\/\/radioljubuski.ba\/wp-content\/uploads\/2023\/08\/WhatsApp-Image-2023-08-12-at-09.21.05-1024x682.jpeg\" alt=\"\" class=\"wp-image-194480\" srcset=\"https:\/\/radioljubuski.ba\/wp-content\/uploads\/2023\/08\/WhatsApp-Image-2023-08-12-at-09.21.05-1024x682.jpeg 1024w, https:\/\/radioljubuski.ba\/wp-content\/uploads\/2023\/08\/WhatsApp-Image-2023-08-12-at-09.21.05-300x200.jpeg 300w, https:\/\/radioljubuski.ba\/wp-content\/uploads\/2023\/08\/WhatsApp-Image-2023-08-12-at-09.21.05-768x512.jpeg 768w, https:\/\/radioljubuski.ba\/wp-content\/uploads\/2023\/08\/WhatsApp-Image-2023-08-12-at-09.21.05-1536x1023.jpeg 1536w, https:\/\/radioljubuski.ba\/wp-content\/uploads\/2023\/08\/WhatsApp-Image-2023-08-12-at-09.21.05.jpeg 1600w\" sizes=\"auto, (max-width: 1024px) 100vw, 1024px\" \/><\/figure>\n<\/figure>\n\n\n\n<figure class=\"wp-block-gallery has-nested-images columns-default is-cropped wp-block-gallery-2 is-layout-flex wp-block-gallery-is-layout-flex\">\n<figure class=\"wp-block-image size-large\"><img loading=\"lazy\" decoding=\"async\" width=\"1024\" height=\"682\" data-id=\"194487\" src=\"https:\/\/radioljubuski.ba\/wp-content\/uploads\/2023\/08\/WhatsApp-Image-2023-08-12-at-09.19.56-1024x682.jpeg\" alt=\"\" class=\"wp-image-194487\" srcset=\"https:\/\/radioljubuski.ba\/wp-content\/uploads\/2023\/08\/WhatsApp-Image-2023-08-12-at-09.19.56-1024x682.jpeg 1024w, https:\/\/radioljubuski.ba\/wp-content\/uploads\/2023\/08\/WhatsApp-Image-2023-08-12-at-09.19.56-300x200.jpeg 300w, https:\/\/radioljubuski.ba\/wp-content\/uploads\/2023\/08\/WhatsApp-Image-2023-08-12-at-09.19.56-768x512.jpeg 768w, https:\/\/radioljubuski.ba\/wp-content\/uploads\/2023\/08\/WhatsApp-Image-2023-08-12-at-09.19.56-1536x1023.jpeg 1536w, https:\/\/radioljubuski.ba\/wp-content\/uploads\/2023\/08\/WhatsApp-Image-2023-08-12-at-09.19.56.jpeg 1600w\" sizes=\"auto, (max-width: 1024px) 100vw, 1024px\" \/><\/figure>\n\n\n\n<figure class=\"wp-block-image size-large\"><img loading=\"lazy\" decoding=\"async\" width=\"1024\" height=\"682\" data-id=\"194488\" src=\"https:\/\/radioljubuski.ba\/wp-content\/uploads\/2023\/08\/WhatsApp-Image-2023-08-12-at-09.19.45-1-1024x682.jpeg\" alt=\"\" class=\"wp-image-194488\" srcset=\"https:\/\/radioljubuski.ba\/wp-content\/uploads\/2023\/08\/WhatsApp-Image-2023-08-12-at-09.19.45-1-1024x682.jpeg 1024w, https:\/\/radioljubuski.ba\/wp-content\/uploads\/2023\/08\/WhatsApp-Image-2023-08-12-at-09.19.45-1-300x200.jpeg 300w, https:\/\/radioljubuski.ba\/wp-content\/uploads\/2023\/08\/WhatsApp-Image-2023-08-12-at-09.19.45-1-768x512.jpeg 768w, https:\/\/radioljubuski.ba\/wp-content\/uploads\/2023\/08\/WhatsApp-Image-2023-08-12-at-09.19.45-1-1536x1023.jpeg 1536w, https:\/\/radioljubuski.ba\/wp-content\/uploads\/2023\/08\/WhatsApp-Image-2023-08-12-at-09.19.45-1.jpeg 1600w\" sizes=\"auto, (max-width: 1024px) 100vw, 1024px\" \/><\/figure>\n<\/figure>\n\n\n\n<p><br>Nakon zavr\u0161etka finala uslijedilo je progla\u0161enje najboljih ekipa i pojedinaca, a medalje i pokale dodjeljivali su: Dopredsjednica Vlade Zapadnohercegova\u010dke \u017eupanije i Ministrica financija Blagica Leko, predsjednik Skup\u0161tine \u017dZH Ivan Jel\u010di\u0107, predsjednik Gradskog vije\u0107a Tihomir Kvesi\u0107, ravnatelj JU \u201cK\u0160C\u201d Ljubu\u0161ki Ivan Bebek, Slaven Tomi\u0107 i Goran Parad\u017eik&nbsp;.<br>Kod igra\u010da do 16 godina najbolji vratar natjecanja je Ivan Pavi\u010di\u0107 (MZ Otok\/Grabovnik),a najbolji strijelac je Ivan Kraljevi\u0107 (MZ Ljubu\u0161ki) koji je ujedno progla\u0161en i najboljim igra\u010dem lige, a nagradu za Fair play ponijela je ekipa MZ Radi\u0161i\u0107i.<br>Fair play ekipa kod seniora je MZ Ljubu\u0161ki(2), najbolji vratar je Antonio Brki\u0107 (MZ Predgra\u0111e), dok je najbolji strijelac Drago Jelavi\u0107 (MZ Teskera), a najbolji igra\u010d (MVP turnira) Tomislav Vu\u010di\u0107 (MZ Cerno\/M\/C).<br>Ekipa Pregra\u0111e \u0107e tako predstavljati Ljubu\u0161ki na zavr\u0161nici Lige Hercegovine koja se ove godine igra u Grudama.<\/p>\n\n\n\n<p><strong>Strijelci (seniori)<\/strong><\/p>\n\n\n\n<figure class=\"wp-block-table\"><table><tbody><tr><td>Ime i Prezime<\/td><td>Mom\u010dad<\/td><td>Ukupno<\/td><\/tr><tr><td>Ivan Kraljevi\u0107<\/td><td>Ljubu\u0161ki<\/td><td>10<\/td><\/tr><tr><td>Luka Bebek<\/td><td>Ljubu\u0161ki 2<\/td><td>6<\/td><\/tr><tr><td>Pavel Parad\u017eik<\/td><td>Ljubu\u0161ki<\/td><td>5<\/td><\/tr><tr><td>Luka Vasilj<\/td><td>Pregra\u0111e<\/td><td>5<\/td><\/tr><tr><td>Ivan Bari\u0161i\u0107<\/td><td>Studenci<\/td><td>4<\/td><\/tr><tr><td>Ivan Ra\u0161i\u0107<\/td><td>Klobuk<\/td><td>4<\/td><\/tr><tr><td>Ante Vegar<\/td><td>Va\u0161arovi\u0107i<\/td><td>4<\/td><\/tr><tr><td>Zvonimir Mi\u0161eti\u0107<\/td><td>Otok\/Grabovnik<\/td><td>4<\/td><\/tr><tr><td>Veselko Vuk\u0161i\u0107<\/td><td>Otok\/Grabovnik<\/td><td>4<\/td><\/tr><\/tbody><\/table><\/figure>\n\n\n\n<p><strong>Strijelci (Liga mladih)<\/strong><\/p>\n\n\n\n<figure class=\"wp-block-table\"><table><tbody><tr><td>Ime i Prezime<\/td><td>Mom\u010dad<\/td><td>Ukupno<\/td><\/tr><tr><td>Ivan Kraljevi\u0107<\/td><td>Ljubu\u0161ki<\/td><td>10<\/td><\/tr><tr><td>Luka Bebek<\/td><td>Ljubu\u0161ki 2<\/td><td>6<\/td><\/tr><tr><td>Pavel Parad\u017eik<\/td><td>Ljubu\u0161ki<\/td><td>5<\/td><\/tr><tr><td>Luka Vasilj<\/td><td>Pregra\u0111e<\/td><td>5<\/td><\/tr><tr><td>Ivan Bari\u0161i\u0107<\/td><td>Studenci<\/td><td>4<\/td><\/tr><tr><td>Ivan Ra\u0161i\u0107<\/td><td>Klobuk<\/td><td>4<\/td><\/tr><tr><td>Ante Vegar<\/td><td>Va\u0161arovi\u0107i<\/td><td>4<\/td><\/tr><tr><td>Zvonimir Mi\u0161eti\u0107<\/td><td>Otok\/Grabovnik<\/td><td>4<\/td><\/tr><tr><td>Veselko Vuk\u0161i\u0107<\/td><td>Otok\/Grabovnik<\/td><td>4<\/td><\/tr><\/tbody><\/table><\/figure>\n\n\n\n<figure class=\"wp-block-gallery has-nested-images columns-default is-cropped wp-block-gallery-3 is-layout-flex wp-block-gallery-is-layout-flex\">\n<figure class=\"wp-block-image size-large\"><img loading=\"lazy\" decoding=\"async\" width=\"1024\" height=\"682\" data-id=\"194390\" src=\"https:\/\/radioljubuski.ba\/wp-content\/uploads\/2023\/08\/WhatsApp-Image-2023-08-12-at-09.10.30-18-1024x682.jpeg\" alt=\"\" class=\"wp-image-194390\" srcset=\"https:\/\/radioljubuski.ba\/wp-content\/uploads\/2023\/08\/WhatsApp-Image-2023-08-12-at-09.10.30-18-1024x682.jpeg 1024w, https:\/\/radioljubuski.ba\/wp-content\/uploads\/2023\/08\/WhatsApp-Image-2023-08-12-at-09.10.30-18-300x200.jpeg 300w, https:\/\/radioljubuski.ba\/wp-content\/uploads\/2023\/08\/WhatsApp-Image-2023-08-12-at-09.10.30-18-768x512.jpeg 768w, https:\/\/radioljubuski.ba\/wp-content\/uploads\/2023\/08\/WhatsApp-Image-2023-08-12-at-09.10.30-18-1536x1023.jpeg 1536w, https:\/\/radioljubuski.ba\/wp-content\/uploads\/2023\/08\/WhatsApp-Image-2023-08-12-at-09.10.30-18.jpeg 1600w\" sizes=\"auto, (max-width: 1024px) 100vw, 1024px\" \/><\/figure>\n\n\n\n<figure class=\"wp-block-image size-large\"><img loading=\"lazy\" decoding=\"async\" width=\"1024\" height=\"682\" data-id=\"194391\" src=\"https:\/\/radioljubuski.ba\/wp-content\/uploads\/2023\/08\/WhatsApp-Image-2023-08-12-at-09.10.30-17-1024x682.jpeg\" alt=\"\" class=\"wp-image-194391\" srcset=\"https:\/\/radioljubuski.ba\/wp-content\/uploads\/2023\/08\/WhatsApp-Image-2023-08-12-at-09.10.30-17-1024x682.jpeg 1024w, https:\/\/radioljubuski.ba\/wp-content\/uploads\/2023\/08\/WhatsApp-Image-2023-08-12-at-09.10.30-17-300x200.jpeg 300w, https:\/\/radioljubuski.ba\/wp-content\/uploads\/2023\/08\/WhatsApp-Image-2023-08-12-at-09.10.30-17-768x512.jpeg 768w, https:\/\/radioljubuski.ba\/wp-content\/uploads\/2023\/08\/WhatsApp-Image-2023-08-12-at-09.10.30-17-1536x1023.jpeg 1536w, https:\/\/radioljubuski.ba\/wp-content\/uploads\/2023\/08\/WhatsApp-Image-2023-08-12-at-09.10.30-17.jpeg 1600w\" sizes=\"auto, (max-width: 1024px) 100vw, 1024px\" \/><\/figure>\n\n\n\n<figure class=\"wp-block-image size-large\"><img loading=\"lazy\" decoding=\"async\" width=\"1024\" height=\"682\" data-id=\"194399\" src=\"https:\/\/radioljubuski.ba\/wp-content\/uploads\/2023\/08\/WhatsApp-Image-2023-08-12-at-09.10.30-16-1024x682.jpeg\" alt=\"\" class=\"wp-image-194399\" srcset=\"https:\/\/radioljubuski.ba\/wp-content\/uploads\/2023\/08\/WhatsApp-Image-2023-08-12-at-09.10.30-16-1024x682.jpeg 1024w, https:\/\/radioljubuski.ba\/wp-content\/uploads\/2023\/08\/WhatsApp-Image-2023-08-12-at-09.10.30-16-300x200.jpeg 300w, https:\/\/radioljubuski.ba\/wp-content\/uploads\/2023\/08\/WhatsApp-Image-2023-08-12-at-09.10.30-16-768x512.jpeg 768w, https:\/\/radioljubuski.ba\/wp-content\/uploads\/2023\/08\/WhatsApp-Image-2023-08-12-at-09.10.30-16-1536x1023.jpeg 1536w, https:\/\/radioljubuski.ba\/wp-content\/uploads\/2023\/08\/WhatsApp-Image-2023-08-12-at-09.10.30-16.jpeg 1600w\" sizes=\"auto, (max-width: 1024px) 100vw, 1024px\" \/><\/figure>\n\n\n\n<figure class=\"wp-block-image size-large\"><img loading=\"lazy\" decoding=\"async\" width=\"1024\" height=\"682\" data-id=\"194395\" src=\"https:\/\/radioljubuski.ba\/wp-content\/uploads\/2023\/08\/WhatsApp-Image-2023-08-12-at-09.10.30-15-1024x682.jpeg\" alt=\"\" class=\"wp-image-194395\" srcset=\"https:\/\/radioljubuski.ba\/wp-content\/uploads\/2023\/08\/WhatsApp-Image-2023-08-12-at-09.10.30-15-1024x682.jpeg 1024w, https:\/\/radioljubuski.ba\/wp-content\/uploads\/2023\/08\/WhatsApp-Image-2023-08-12-at-09.10.30-15-300x200.jpeg 300w, https:\/\/radioljubuski.ba\/wp-content\/uploads\/2023\/08\/WhatsApp-Image-2023-08-12-at-09.10.30-15-768x512.jpeg 768w, https:\/\/radioljubuski.ba\/wp-content\/uploads\/2023\/08\/WhatsApp-Image-2023-08-12-at-09.10.30-15-1536x1023.jpeg 1536w, https:\/\/radioljubuski.ba\/wp-content\/uploads\/2023\/08\/WhatsApp-Image-2023-08-12-at-09.10.30-15.jpeg 1600w\" sizes=\"auto, (max-width: 1024px) 100vw, 1024px\" \/><\/figure>\n\n\n\n<figure class=\"wp-block-image size-large\"><img loading=\"lazy\" decoding=\"async\" width=\"1024\" height=\"682\" data-id=\"194410\" src=\"https:\/\/radioljubuski.ba\/wp-content\/uploads\/2023\/08\/WhatsApp-Image-2023-08-12-at-09.10.30-14-1024x682.jpeg\" alt=\"\" class=\"wp-image-194410\" srcset=\"https:\/\/radioljubuski.ba\/wp-content\/uploads\/2023\/08\/WhatsApp-Image-2023-08-12-at-09.10.30-14-1024x682.jpeg 1024w, https:\/\/radioljubuski.ba\/wp-content\/uploads\/2023\/08\/WhatsApp-Image-2023-08-12-at-09.10.30-14-300x200.jpeg 300w, https:\/\/radioljubuski.ba\/wp-content\/uploads\/2023\/08\/WhatsApp-Image-2023-08-12-at-09.10.30-14-768x512.jpeg 768w, https:\/\/radioljubuski.ba\/wp-content\/uploads\/2023\/08\/WhatsApp-Image-2023-08-12-at-09.10.30-14-1536x1023.jpeg 1536w, https:\/\/radioljubuski.ba\/wp-content\/uploads\/2023\/08\/WhatsApp-Image-2023-08-12-at-09.10.30-14.jpeg 1600w\" sizes=\"auto, (max-width: 1024px) 100vw, 1024px\" \/><\/figure>\n\n\n\n<figure class=\"wp-block-image size-large\"><img loading=\"lazy\" decoding=\"async\" width=\"1024\" height=\"682\" data-id=\"194428\" src=\"https:\/\/radioljubuski.ba\/wp-content\/uploads\/2023\/08\/WhatsApp-Image-2023-08-12-at-09.10.30-13-1024x682.jpeg\" alt=\"\" class=\"wp-image-194428\" srcset=\"https:\/\/radioljubuski.ba\/wp-content\/uploads\/2023\/08\/WhatsApp-Image-2023-08-12-at-09.10.30-13-1024x682.jpeg 1024w, https:\/\/radioljubuski.ba\/wp-content\/uploads\/2023\/08\/WhatsApp-Image-2023-08-12-at-09.10.30-13-300x200.jpeg 300w, https:\/\/radioljubuski.ba\/wp-content\/uploads\/2023\/08\/WhatsApp-Image-2023-08-12-at-09.10.30-13-768x512.jpeg 768w, https:\/\/radioljubuski.ba\/wp-content\/uploads\/2023\/08\/WhatsApp-Image-2023-08-12-at-09.10.30-13-1536x1023.jpeg 1536w, https:\/\/radioljubuski.ba\/wp-content\/uploads\/2023\/08\/WhatsApp-Image-2023-08-12-at-09.10.30-13.jpeg 1600w\" sizes=\"auto, (max-width: 1024px) 100vw, 1024px\" \/><\/figure>\n\n\n\n<figure class=\"wp-block-image size-large\"><img loading=\"lazy\" decoding=\"async\" width=\"682\" height=\"1024\" data-id=\"194400\" src=\"https:\/\/radioljubuski.ba\/wp-content\/uploads\/2023\/08\/WhatsApp-Image-2023-08-12-at-09.10.30-12-682x1024.jpeg\" alt=\"\" class=\"wp-image-194400\" srcset=\"https:\/\/radioljubuski.ba\/wp-content\/uploads\/2023\/08\/WhatsApp-Image-2023-08-12-at-09.10.30-12-682x1024.jpeg 682w, https:\/\/radioljubuski.ba\/wp-content\/uploads\/2023\/08\/WhatsApp-Image-2023-08-12-at-09.10.30-12-200x300.jpeg 200w, https:\/\/radioljubuski.ba\/wp-content\/uploads\/2023\/08\/WhatsApp-Image-2023-08-12-at-09.10.30-12-768x1153.jpeg 768w, https:\/\/radioljubuski.ba\/wp-content\/uploads\/2023\/08\/WhatsApp-Image-2023-08-12-at-09.10.30-12-1023x1536.jpeg 1023w, https:\/\/radioljubuski.ba\/wp-content\/uploads\/2023\/08\/WhatsApp-Image-2023-08-12-at-09.10.30-12.jpeg 1066w\" sizes=\"auto, (max-width: 682px) 100vw, 682px\" \/><\/figure>\n\n\n\n<figure class=\"wp-block-image size-large\"><img loading=\"lazy\" decoding=\"async\" width=\"1024\" height=\"682\" data-id=\"194412\" src=\"https:\/\/radioljubuski.ba\/wp-content\/uploads\/2023\/08\/WhatsApp-Image-2023-08-12-at-09.10.30-11-1024x682.jpeg\" alt=\"\" class=\"wp-image-194412\" srcset=\"https:\/\/radioljubuski.ba\/wp-content\/uploads\/2023\/08\/WhatsApp-Image-2023-08-12-at-09.10.30-11-1024x682.jpeg 1024w, https:\/\/radioljubuski.ba\/wp-content\/uploads\/2023\/08\/WhatsApp-Image-2023-08-12-at-09.10.30-11-300x200.jpeg 300w, https:\/\/radioljubuski.ba\/wp-content\/uploads\/2023\/08\/WhatsApp-Image-2023-08-12-at-09.10.30-11-768x512.jpeg 768w, https:\/\/radioljubuski.ba\/wp-content\/uploads\/2023\/08\/WhatsApp-Image-2023-08-12-at-09.10.30-11-1536x1023.jpeg 1536w, https:\/\/radioljubuski.ba\/wp-content\/uploads\/2023\/08\/WhatsApp-Image-2023-08-12-at-09.10.30-11.jpeg 1600w\" sizes=\"auto, (max-width: 1024px) 100vw, 1024px\" \/><\/figure>\n\n\n\n<figure class=\"wp-block-image size-large\"><img loading=\"lazy\" decoding=\"async\" width=\"1024\" height=\"682\" data-id=\"194411\" src=\"https:\/\/radioljubuski.ba\/wp-content\/uploads\/2023\/08\/WhatsApp-Image-2023-08-12-at-09.10.30-10-1024x682.jpeg\" alt=\"\" class=\"wp-image-194411\" srcset=\"https:\/\/radioljubuski.ba\/wp-content\/uploads\/2023\/08\/WhatsApp-Image-2023-08-12-at-09.10.30-10-1024x682.jpeg 1024w, https:\/\/radioljubuski.ba\/wp-content\/uploads\/2023\/08\/WhatsApp-Image-2023-08-12-at-09.10.30-10-300x200.jpeg 300w, https:\/\/radioljubuski.ba\/wp-content\/uploads\/2023\/08\/WhatsApp-Image-2023-08-12-at-09.10.30-10-768x512.jpeg 768w, https:\/\/radioljubuski.ba\/wp-content\/uploads\/2023\/08\/WhatsApp-Image-2023-08-12-at-09.10.30-10-1536x1023.jpeg 1536w, https:\/\/radioljubuski.ba\/wp-content\/uploads\/2023\/08\/WhatsApp-Image-2023-08-12-at-09.10.30-10.jpeg 1600w\" sizes=\"auto, (max-width: 1024px) 100vw, 1024px\" \/><\/figure>\n\n\n\n<figure class=\"wp-block-image size-large\"><img loading=\"lazy\" decoding=\"async\" width=\"1024\" height=\"682\" data-id=\"194413\" src=\"https:\/\/radioljubuski.ba\/wp-content\/uploads\/2023\/08\/WhatsApp-Image-2023-08-12-at-09.10.30-9-1024x682.jpeg\" alt=\"\" class=\"wp-image-194413\" srcset=\"https:\/\/radioljubuski.ba\/wp-content\/uploads\/2023\/08\/WhatsApp-Image-2023-08-12-at-09.10.30-9-1024x682.jpeg 1024w, https:\/\/radioljubuski.ba\/wp-content\/uploads\/2023\/08\/WhatsApp-Image-2023-08-12-at-09.10.30-9-300x200.jpeg 300w, https:\/\/radioljubuski.ba\/wp-content\/uploads\/2023\/08\/WhatsApp-Image-2023-08-12-at-09.10.30-9-768x512.jpeg 768w, https:\/\/radioljubuski.ba\/wp-content\/uploads\/2023\/08\/WhatsApp-Image-2023-08-12-at-09.10.30-9-1536x1023.jpeg 1536w, https:\/\/radioljubuski.ba\/wp-content\/uploads\/2023\/08\/WhatsApp-Image-2023-08-12-at-09.10.30-9.jpeg 1600w\" sizes=\"auto, (max-width: 1024px) 100vw, 1024px\" \/><\/figure>\n\n\n\n<figure class=\"wp-block-image size-large\"><img loading=\"lazy\" decoding=\"async\" width=\"1024\" height=\"682\" data-id=\"194407\" src=\"https:\/\/radioljubuski.ba\/wp-content\/uploads\/2023\/08\/WhatsApp-Image-2023-08-12-at-09.10.30-8-1024x682.jpeg\" alt=\"\" class=\"wp-image-194407\" srcset=\"https:\/\/radioljubuski.ba\/wp-content\/uploads\/2023\/08\/WhatsApp-Image-2023-08-12-at-09.10.30-8-1024x682.jpeg 1024w, https:\/\/radioljubuski.ba\/wp-content\/uploads\/2023\/08\/WhatsApp-Image-2023-08-12-at-09.10.30-8-300x200.jpeg 300w, https:\/\/radioljubuski.ba\/wp-content\/uploads\/2023\/08\/WhatsApp-Image-2023-08-12-at-09.10.30-8-768x512.jpeg 768w, https:\/\/radioljubuski.ba\/wp-content\/uploads\/2023\/08\/WhatsApp-Image-2023-08-12-at-09.10.30-8-1536x1023.jpeg 1536w, https:\/\/radioljubuski.ba\/wp-content\/uploads\/2023\/08\/WhatsApp-Image-2023-08-12-at-09.10.30-8.jpeg 1600w\" sizes=\"auto, (max-width: 1024px) 100vw, 1024px\" \/><\/figure>\n\n\n\n<figure class=\"wp-block-image size-large\"><img loading=\"lazy\" decoding=\"async\" width=\"1024\" height=\"682\" data-id=\"194394\" src=\"https:\/\/radioljubuski.ba\/wp-content\/uploads\/2023\/08\/WhatsApp-Image-2023-08-12-at-09.10.30-7-1024x682.jpeg\" alt=\"\" class=\"wp-image-194394\" srcset=\"https:\/\/radioljubuski.ba\/wp-content\/uploads\/2023\/08\/WhatsApp-Image-2023-08-12-at-09.10.30-7-1024x682.jpeg 1024w, https:\/\/radioljubuski.ba\/wp-content\/uploads\/2023\/08\/WhatsApp-Image-2023-08-12-at-09.10.30-7-300x200.jpeg 300w, https:\/\/radioljubuski.ba\/wp-content\/uploads\/2023\/08\/WhatsApp-Image-2023-08-12-at-09.10.30-7-768x512.jpeg 768w, https:\/\/radioljubuski.ba\/wp-content\/uploads\/2023\/08\/WhatsApp-Image-2023-08-12-at-09.10.30-7-1536x1023.jpeg 1536w, https:\/\/radioljubuski.ba\/wp-content\/uploads\/2023\/08\/WhatsApp-Image-2023-08-12-at-09.10.30-7.jpeg 1600w\" sizes=\"auto, (max-width: 1024px) 100vw, 1024px\" \/><\/figure>\n\n\n\n<figure class=\"wp-block-image size-large\"><img loading=\"lazy\" decoding=\"async\" width=\"1024\" height=\"682\" data-id=\"194426\" src=\"https:\/\/radioljubuski.ba\/wp-content\/uploads\/2023\/08\/WhatsApp-Image-2023-08-12-at-09.10.30-6-1024x682.jpeg\" alt=\"\" class=\"wp-image-194426\" srcset=\"https:\/\/radioljubuski.ba\/wp-content\/uploads\/2023\/08\/WhatsApp-Image-2023-08-12-at-09.10.30-6-1024x682.jpeg 1024w, https:\/\/radioljubuski.ba\/wp-content\/uploads\/2023\/08\/WhatsApp-Image-2023-08-12-at-09.10.30-6-300x200.jpeg 300w, https:\/\/radioljubuski.ba\/wp-content\/uploads\/2023\/08\/WhatsApp-Image-2023-08-12-at-09.10.30-6-768x512.jpeg 768w, https:\/\/radioljubuski.ba\/wp-content\/uploads\/2023\/08\/WhatsApp-Image-2023-08-12-at-09.10.30-6-1536x1023.jpeg 1536w, https:\/\/radioljubuski.ba\/wp-content\/uploads\/2023\/08\/WhatsApp-Image-2023-08-12-at-09.10.30-6.jpeg 1600w\" sizes=\"auto, (max-width: 1024px) 100vw, 1024px\" \/><\/figure>\n\n\n\n<figure class=\"wp-block-image size-large\"><img loading=\"lazy\" decoding=\"async\" width=\"1024\" height=\"682\" data-id=\"194393\" src=\"https:\/\/radioljubuski.ba\/wp-content\/uploads\/2023\/08\/WhatsApp-Image-2023-08-12-at-09.10.30-5-1024x682.jpeg\" alt=\"\" class=\"wp-image-194393\" srcset=\"https:\/\/radioljubuski.ba\/wp-content\/uploads\/2023\/08\/WhatsApp-Image-2023-08-12-at-09.10.30-5-1024x682.jpeg 1024w, https:\/\/radioljubuski.ba\/wp-content\/uploads\/2023\/08\/WhatsApp-Image-2023-08-12-at-09.10.30-5-300x200.jpeg 300w, https:\/\/radioljubuski.ba\/wp-content\/uploads\/2023\/08\/WhatsApp-Image-2023-08-12-at-09.10.30-5-768x512.jpeg 768w, https:\/\/radioljubuski.ba\/wp-content\/uploads\/2023\/08\/WhatsApp-Image-2023-08-12-at-09.10.30-5-1536x1023.jpeg 1536w, https:\/\/radioljubuski.ba\/wp-content\/uploads\/2023\/08\/WhatsApp-Image-2023-08-12-at-09.10.30-5.jpeg 1600w\" sizes=\"auto, (max-width: 1024px) 100vw, 1024px\" \/><\/figure>\n\n\n\n<figure class=\"wp-block-image size-large\"><img loading=\"lazy\" decoding=\"async\" width=\"1024\" height=\"682\" data-id=\"194392\" src=\"https:\/\/radioljubuski.ba\/wp-content\/uploads\/2023\/08\/WhatsApp-Image-2023-08-12-at-09.10.30-4-1024x682.jpeg\" alt=\"\" class=\"wp-image-194392\" srcset=\"https:\/\/radioljubuski.ba\/wp-content\/uploads\/2023\/08\/WhatsApp-Image-2023-08-12-at-09.10.30-4-1024x682.jpeg 1024w, https:\/\/radioljubuski.ba\/wp-content\/uploads\/2023\/08\/WhatsApp-Image-2023-08-12-at-09.10.30-4-300x200.jpeg 300w, https:\/\/radioljubuski.ba\/wp-content\/uploads\/2023\/08\/WhatsApp-Image-2023-08-12-at-09.10.30-4-768x512.jpeg 768w, https:\/\/radioljubuski.ba\/wp-content\/uploads\/2023\/08\/WhatsApp-Image-2023-08-12-at-09.10.30-4-1536x1023.jpeg 1536w, https:\/\/radioljubuski.ba\/wp-content\/uploads\/2023\/08\/WhatsApp-Image-2023-08-12-at-09.10.30-4.jpeg 1600w\" sizes=\"auto, (max-width: 1024px) 100vw, 1024px\" \/><\/figure>\n\n\n\n<figure class=\"wp-block-image size-large\"><img loading=\"lazy\" decoding=\"async\" width=\"1024\" height=\"682\" data-id=\"194398\" src=\"https:\/\/radioljubuski.ba\/wp-content\/uploads\/2023\/08\/WhatsApp-Image-2023-08-12-at-09.10.30-3-1024x682.jpeg\" alt=\"\" class=\"wp-image-194398\" srcset=\"https:\/\/radioljubuski.ba\/wp-content\/uploads\/2023\/08\/WhatsApp-Image-2023-08-12-at-09.10.30-3-1024x682.jpeg 1024w, https:\/\/radioljubuski.ba\/wp-content\/uploads\/2023\/08\/WhatsApp-Image-2023-08-12-at-09.10.30-3-300x200.jpeg 300w, https:\/\/radioljubuski.ba\/wp-content\/uploads\/2023\/08\/WhatsApp-Image-2023-08-12-at-09.10.30-3-768x512.jpeg 768w, https:\/\/radioljubuski.ba\/wp-content\/uploads\/2023\/08\/WhatsApp-Image-2023-08-12-at-09.10.30-3-1536x1023.jpeg 1536w, https:\/\/radioljubuski.ba\/wp-content\/uploads\/2023\/08\/WhatsApp-Image-2023-08-12-at-09.10.30-3.jpeg 1600w\" sizes=\"auto, (max-width: 1024px) 100vw, 1024px\" \/><\/figure>\n\n\n\n<figure class=\"wp-block-image size-large\"><img loading=\"lazy\" decoding=\"async\" width=\"1024\" height=\"682\" data-id=\"194453\" src=\"https:\/\/radioljubuski.ba\/wp-content\/uploads\/2023\/08\/WhatsApp-Image-2023-08-12-at-09.10.30-2-1024x682.jpeg\" alt=\"\" class=\"wp-image-194453\" srcset=\"https:\/\/radioljubuski.ba\/wp-content\/uploads\/2023\/08\/WhatsApp-Image-2023-08-12-at-09.10.30-2-1024x682.jpeg 1024w, https:\/\/radioljubuski.ba\/wp-content\/uploads\/2023\/08\/WhatsApp-Image-2023-08-12-at-09.10.30-2-300x200.jpeg 300w, https:\/\/radioljubuski.ba\/wp-content\/uploads\/2023\/08\/WhatsApp-Image-2023-08-12-at-09.10.30-2-768x512.jpeg 768w, https:\/\/radioljubuski.ba\/wp-content\/uploads\/2023\/08\/WhatsApp-Image-2023-08-12-at-09.10.30-2-1536x1023.jpeg 1536w, https:\/\/radioljubuski.ba\/wp-content\/uploads\/2023\/08\/WhatsApp-Image-2023-08-12-at-09.10.30-2.jpeg 1600w\" sizes=\"auto, (max-width: 1024px) 100vw, 1024px\" \/><\/figure>\n\n\n\n<figure class=\"wp-block-image size-large\"><img loading=\"lazy\" decoding=\"async\" width=\"1024\" height=\"682\" data-id=\"194431\" src=\"https:\/\/radioljubuski.ba\/wp-content\/uploads\/2023\/08\/WhatsApp-Image-2023-08-12-at-09.10.30-1-1024x682.jpeg\" alt=\"\" class=\"wp-image-194431\" srcset=\"https:\/\/radioljubuski.ba\/wp-content\/uploads\/2023\/08\/WhatsApp-Image-2023-08-12-at-09.10.30-1-1024x682.jpeg 1024w, https:\/\/radioljubuski.ba\/wp-content\/uploads\/2023\/08\/WhatsApp-Image-2023-08-12-at-09.10.30-1-300x200.jpeg 300w, https:\/\/radioljubuski.ba\/wp-content\/uploads\/2023\/08\/WhatsApp-Image-2023-08-12-at-09.10.30-1-768x512.jpeg 768w, https:\/\/radioljubuski.ba\/wp-content\/uploads\/2023\/08\/WhatsApp-Image-2023-08-12-at-09.10.30-1-1536x1023.jpeg 1536w, https:\/\/radioljubuski.ba\/wp-content\/uploads\/2023\/08\/WhatsApp-Image-2023-08-12-at-09.10.30-1.jpeg 1600w\" sizes=\"auto, (max-width: 1024px) 100vw, 1024px\" \/><\/figure>\n\n\n\n<figure class=\"wp-block-image size-large\"><img loading=\"lazy\" decoding=\"async\" width=\"1024\" height=\"682\" data-id=\"194422\" src=\"https:\/\/radioljubuski.ba\/wp-content\/uploads\/2023\/08\/WhatsApp-Image-2023-08-12-at-09.10.30-1024x682.jpeg\" alt=\"\" class=\"wp-image-194422\" srcset=\"https:\/\/radioljubuski.ba\/wp-content\/uploads\/2023\/08\/WhatsApp-Image-2023-08-12-at-09.10.30-1024x682.jpeg 1024w, https:\/\/radioljubuski.ba\/wp-content\/uploads\/2023\/08\/WhatsApp-Image-2023-08-12-at-09.10.30-300x200.jpeg 300w, https:\/\/radioljubuski.ba\/wp-content\/uploads\/2023\/08\/WhatsApp-Image-2023-08-12-at-09.10.30-768x512.jpeg 768w, https:\/\/radioljubuski.ba\/wp-content\/uploads\/2023\/08\/WhatsApp-Image-2023-08-12-at-09.10.30-1536x1023.jpeg 1536w, https:\/\/radioljubuski.ba\/wp-content\/uploads\/2023\/08\/WhatsApp-Image-2023-08-12-at-09.10.30.jpeg 1600w\" sizes=\"auto, (max-width: 1024px) 100vw, 1024px\" \/><\/figure>\n\n\n\n<figure class=\"wp-block-image size-large\"><img loading=\"lazy\" decoding=\"async\" width=\"1024\" height=\"682\" data-id=\"194405\" src=\"https:\/\/radioljubuski.ba\/wp-content\/uploads\/2023\/08\/WhatsApp-Image-2023-08-12-at-09.09.23-17-1024x682.jpeg\" alt=\"\" class=\"wp-image-194405\" srcset=\"https:\/\/radioljubuski.ba\/wp-content\/uploads\/2023\/08\/WhatsApp-Image-2023-08-12-at-09.09.23-17-1024x682.jpeg 1024w, https:\/\/radioljubuski.ba\/wp-content\/uploads\/2023\/08\/WhatsApp-Image-2023-08-12-at-09.09.23-17-300x200.jpeg 300w, https:\/\/radioljubuski.ba\/wp-content\/uploads\/2023\/08\/WhatsApp-Image-2023-08-12-at-09.09.23-17-768x512.jpeg 768w, https:\/\/radioljubuski.ba\/wp-content\/uploads\/2023\/08\/WhatsApp-Image-2023-08-12-at-09.09.23-17-1536x1023.jpeg 1536w, https:\/\/radioljubuski.ba\/wp-content\/uploads\/2023\/08\/WhatsApp-Image-2023-08-12-at-09.09.23-17.jpeg 1600w\" sizes=\"auto, (max-width: 1024px) 100vw, 1024px\" \/><\/figure>\n\n\n\n<figure class=\"wp-block-image size-large\"><img loading=\"lazy\" decoding=\"async\" width=\"1024\" height=\"682\" data-id=\"194401\" src=\"https:\/\/radioljubuski.ba\/wp-content\/uploads\/2023\/08\/WhatsApp-Image-2023-08-12-at-09.09.23-16-1024x682.jpeg\" alt=\"\" class=\"wp-image-194401\" srcset=\"https:\/\/radioljubuski.ba\/wp-content\/uploads\/2023\/08\/WhatsApp-Image-2023-08-12-at-09.09.23-16-1024x682.jpeg 1024w, https:\/\/radioljubuski.ba\/wp-content\/uploads\/2023\/08\/WhatsApp-Image-2023-08-12-at-09.09.23-16-300x200.jpeg 300w, https:\/\/radioljubuski.ba\/wp-content\/uploads\/2023\/08\/WhatsApp-Image-2023-08-12-at-09.09.23-16-768x512.jpeg 768w, https:\/\/radioljubuski.ba\/wp-content\/uploads\/2023\/08\/WhatsApp-Image-2023-08-12-at-09.09.23-16-1536x1023.jpeg 1536w, https:\/\/radioljubuski.ba\/wp-content\/uploads\/2023\/08\/WhatsApp-Image-2023-08-12-at-09.09.23-16.jpeg 1600w\" sizes=\"auto, (max-width: 1024px) 100vw, 1024px\" \/><\/figure>\n\n\n\n<figure class=\"wp-block-image size-large\"><img loading=\"lazy\" decoding=\"async\" width=\"1024\" height=\"682\" data-id=\"194415\" src=\"https:\/\/radioljubuski.ba\/wp-content\/uploads\/2023\/08\/WhatsApp-Image-2023-08-12-at-09.09.23-15-1024x682.jpeg\" alt=\"\" class=\"wp-image-194415\" srcset=\"https:\/\/radioljubuski.ba\/wp-content\/uploads\/2023\/08\/WhatsApp-Image-2023-08-12-at-09.09.23-15-1024x682.jpeg 1024w, https:\/\/radioljubuski.ba\/wp-content\/uploads\/2023\/08\/WhatsApp-Image-2023-08-12-at-09.09.23-15-300x200.jpeg 300w, https:\/\/radioljubuski.ba\/wp-content\/uploads\/2023\/08\/WhatsApp-Image-2023-08-12-at-09.09.23-15-768x512.jpeg 768w, https:\/\/radioljubuski.ba\/wp-content\/uploads\/2023\/08\/WhatsApp-Image-2023-08-12-at-09.09.23-15-1536x1023.jpeg 1536w, https:\/\/radioljubuski.ba\/wp-content\/uploads\/2023\/08\/WhatsApp-Image-2023-08-12-at-09.09.23-15.jpeg 1600w\" sizes=\"auto, (max-width: 1024px) 100vw, 1024px\" \/><\/figure>\n\n\n\n<figure class=\"wp-block-image size-large\"><img loading=\"lazy\" decoding=\"async\" width=\"1024\" height=\"682\" data-id=\"194417\" src=\"https:\/\/radioljubuski.ba\/wp-content\/uploads\/2023\/08\/WhatsApp-Image-2023-08-12-at-09.09.23-14-1024x682.jpeg\" alt=\"\" class=\"wp-image-194417\" srcset=\"https:\/\/radioljubuski.ba\/wp-content\/uploads\/2023\/08\/WhatsApp-Image-2023-08-12-at-09.09.23-14-1024x682.jpeg 1024w, https:\/\/radioljubuski.ba\/wp-content\/uploads\/2023\/08\/WhatsApp-Image-2023-08-12-at-09.09.23-14-300x200.jpeg 300w, https:\/\/radioljubuski.ba\/wp-content\/uploads\/2023\/08\/WhatsApp-Image-2023-08-12-at-09.09.23-14-768x512.jpeg 768w, https:\/\/radioljubuski.ba\/wp-content\/uploads\/2023\/08\/WhatsApp-Image-2023-08-12-at-09.09.23-14-1536x1023.jpeg 1536w, https:\/\/radioljubuski.ba\/wp-content\/uploads\/2023\/08\/WhatsApp-Image-2023-08-12-at-09.09.23-14.jpeg 1600w\" sizes=\"auto, (max-width: 1024px) 100vw, 1024px\" \/><\/figure>\n\n\n\n<figure class=\"wp-block-image size-large\"><img loading=\"lazy\" decoding=\"async\" width=\"1024\" height=\"682\" data-id=\"194442\" src=\"https:\/\/radioljubuski.ba\/wp-content\/uploads\/2023\/08\/WhatsApp-Image-2023-08-12-at-09.09.23-13-1024x682.jpeg\" alt=\"\" class=\"wp-image-194442\" srcset=\"https:\/\/radioljubuski.ba\/wp-content\/uploads\/2023\/08\/WhatsApp-Image-2023-08-12-at-09.09.23-13-1024x682.jpeg 1024w, https:\/\/radioljubuski.ba\/wp-content\/uploads\/2023\/08\/WhatsApp-Image-2023-08-12-at-09.09.23-13-300x200.jpeg 300w, https:\/\/radioljubuski.ba\/wp-content\/uploads\/2023\/08\/WhatsApp-Image-2023-08-12-at-09.09.23-13-768x512.jpeg 768w, https:\/\/radioljubuski.ba\/wp-content\/uploads\/2023\/08\/WhatsApp-Image-2023-08-12-at-09.09.23-13-1536x1023.jpeg 1536w, https:\/\/radioljubuski.ba\/wp-content\/uploads\/2023\/08\/WhatsApp-Image-2023-08-12-at-09.09.23-13.jpeg 1600w\" sizes=\"auto, (max-width: 1024px) 100vw, 1024px\" \/><\/figure>\n\n\n\n<figure class=\"wp-block-image size-large\"><img loading=\"lazy\" decoding=\"async\" width=\"1024\" height=\"682\" data-id=\"194396\" src=\"https:\/\/radioljubuski.ba\/wp-content\/uploads\/2023\/08\/WhatsApp-Image-2023-08-12-at-09.09.23-12-1024x682.jpeg\" alt=\"\" class=\"wp-image-194396\" srcset=\"https:\/\/radioljubuski.ba\/wp-content\/uploads\/2023\/08\/WhatsApp-Image-2023-08-12-at-09.09.23-12-1024x682.jpeg 1024w, https:\/\/radioljubuski.ba\/wp-content\/uploads\/2023\/08\/WhatsApp-Image-2023-08-12-at-09.09.23-12-300x200.jpeg 300w, https:\/\/radioljubuski.ba\/wp-content\/uploads\/2023\/08\/WhatsApp-Image-2023-08-12-at-09.09.23-12-768x512.jpeg 768w, https:\/\/radioljubuski.ba\/wp-content\/uploads\/2023\/08\/WhatsApp-Image-2023-08-12-at-09.09.23-12-1536x1023.jpeg 1536w, https:\/\/radioljubuski.ba\/wp-content\/uploads\/2023\/08\/WhatsApp-Image-2023-08-12-at-09.09.23-12.jpeg 1600w\" sizes=\"auto, (max-width: 1024px) 100vw, 1024px\" \/><\/figure>\n\n\n\n<figure class=\"wp-block-image size-large\"><img loading=\"lazy\" decoding=\"async\" width=\"1024\" height=\"682\" data-id=\"194423\" src=\"https:\/\/radioljubuski.ba\/wp-content\/uploads\/2023\/08\/WhatsApp-Image-2023-08-12-at-09.09.23-11-1024x682.jpeg\" alt=\"\" class=\"wp-image-194423\" srcset=\"https:\/\/radioljubuski.ba\/wp-content\/uploads\/2023\/08\/WhatsApp-Image-2023-08-12-at-09.09.23-11-1024x682.jpeg 1024w, https:\/\/radioljubuski.ba\/wp-content\/uploads\/2023\/08\/WhatsApp-Image-2023-08-12-at-09.09.23-11-300x200.jpeg 300w, https:\/\/radioljubuski.ba\/wp-content\/uploads\/2023\/08\/WhatsApp-Image-2023-08-12-at-09.09.23-11-768x512.jpeg 768w, https:\/\/radioljubuski.ba\/wp-content\/uploads\/2023\/08\/WhatsApp-Image-2023-08-12-at-09.09.23-11-1536x1023.jpeg 1536w, https:\/\/radioljubuski.ba\/wp-content\/uploads\/2023\/08\/WhatsApp-Image-2023-08-12-at-09.09.23-11.jpeg 1600w\" sizes=\"auto, (max-width: 1024px) 100vw, 1024px\" \/><\/figure>\n\n\n\n<figure class=\"wp-block-image size-large\"><img loading=\"lazy\" decoding=\"async\" width=\"1024\" height=\"682\" data-id=\"194403\" src=\"https:\/\/radioljubuski.ba\/wp-content\/uploads\/2023\/08\/WhatsApp-Image-2023-08-12-at-09.09.23-10-1024x682.jpeg\" alt=\"\" class=\"wp-image-194403\" srcset=\"https:\/\/radioljubuski.ba\/wp-content\/uploads\/2023\/08\/WhatsApp-Image-2023-08-12-at-09.09.23-10-1024x682.jpeg 1024w, https:\/\/radioljubuski.ba\/wp-content\/uploads\/2023\/08\/WhatsApp-Image-2023-08-12-at-09.09.23-10-300x200.jpeg 300w, https:\/\/radioljubuski.ba\/wp-content\/uploads\/2023\/08\/WhatsApp-Image-2023-08-12-at-09.09.23-10-768x512.jpeg 768w, https:\/\/radioljubuski.ba\/wp-content\/uploads\/2023\/08\/WhatsApp-Image-2023-08-12-at-09.09.23-10-1536x1023.jpeg 1536w, https:\/\/radioljubuski.ba\/wp-content\/uploads\/2023\/08\/WhatsApp-Image-2023-08-12-at-09.09.23-10.jpeg 1600w\" sizes=\"auto, (max-width: 1024px) 100vw, 1024px\" \/><\/figure>\n\n\n\n<figure class=\"wp-block-image size-large\"><img loading=\"lazy\" decoding=\"async\" width=\"1024\" height=\"682\" data-id=\"194434\" src=\"https:\/\/radioljubuski.ba\/wp-content\/uploads\/2023\/08\/WhatsApp-Image-2023-08-12-at-09.09.23-9-1024x682.jpeg\" alt=\"\" class=\"wp-image-194434\" srcset=\"https:\/\/radioljubuski.ba\/wp-content\/uploads\/2023\/08\/WhatsApp-Image-2023-08-12-at-09.09.23-9-1024x682.jpeg 1024w, https:\/\/radioljubuski.ba\/wp-content\/uploads\/2023\/08\/WhatsApp-Image-2023-08-12-at-09.09.23-9-300x200.jpeg 300w, https:\/\/radioljubuski.ba\/wp-content\/uploads\/2023\/08\/WhatsApp-Image-2023-08-12-at-09.09.23-9-768x512.jpeg 768w, https:\/\/radioljubuski.ba\/wp-content\/uploads\/2023\/08\/WhatsApp-Image-2023-08-12-at-09.09.23-9-1536x1023.jpeg 1536w, https:\/\/radioljubuski.ba\/wp-content\/uploads\/2023\/08\/WhatsApp-Image-2023-08-12-at-09.09.23-9.jpeg 1600w\" sizes=\"auto, (max-width: 1024px) 100vw, 1024px\" \/><\/figure>\n\n\n\n<figure class=\"wp-block-image size-large\"><img loading=\"lazy\" decoding=\"async\" width=\"1024\" height=\"682\" data-id=\"194418\" src=\"https:\/\/radioljubuski.ba\/wp-content\/uploads\/2023\/08\/WhatsApp-Image-2023-08-12-at-09.09.23-8-1024x682.jpeg\" alt=\"\" class=\"wp-image-194418\" srcset=\"https:\/\/radioljubuski.ba\/wp-content\/uploads\/2023\/08\/WhatsApp-Image-2023-08-12-at-09.09.23-8-1024x682.jpeg 1024w, https:\/\/radioljubuski.ba\/wp-content\/uploads\/2023\/08\/WhatsApp-Image-2023-08-12-at-09.09.23-8-300x200.jpeg 300w, https:\/\/radioljubuski.ba\/wp-content\/uploads\/2023\/08\/WhatsApp-Image-2023-08-12-at-09.09.23-8-768x512.jpeg 768w, https:\/\/radioljubuski.ba\/wp-content\/uploads\/2023\/08\/WhatsApp-Image-2023-08-12-at-09.09.23-8-1536x1023.jpeg 1536w, https:\/\/radioljubuski.ba\/wp-content\/uploads\/2023\/08\/WhatsApp-Image-2023-08-12-at-09.09.23-8.jpeg 1600w\" sizes=\"auto, (max-width: 1024px) 100vw, 1024px\" \/><\/figure>\n\n\n\n<figure class=\"wp-block-image size-large\"><img loading=\"lazy\" decoding=\"async\" width=\"1024\" height=\"682\" data-id=\"194436\" src=\"https:\/\/radioljubuski.ba\/wp-content\/uploads\/2023\/08\/WhatsApp-Image-2023-08-12-at-09.09.23-7-1024x682.jpeg\" alt=\"\" class=\"wp-image-194436\" srcset=\"https:\/\/radioljubuski.ba\/wp-content\/uploads\/2023\/08\/WhatsApp-Image-2023-08-12-at-09.09.23-7-1024x682.jpeg 1024w, https:\/\/radioljubuski.ba\/wp-content\/uploads\/2023\/08\/WhatsApp-Image-2023-08-12-at-09.09.23-7-300x200.jpeg 300w, https:\/\/radioljubuski.ba\/wp-content\/uploads\/2023\/08\/WhatsApp-Image-2023-08-12-at-09.09.23-7-768x512.jpeg 768w, https:\/\/radioljubuski.ba\/wp-content\/uploads\/2023\/08\/WhatsApp-Image-2023-08-12-at-09.09.23-7-1536x1023.jpeg 1536w, https:\/\/radioljubuski.ba\/wp-content\/uploads\/2023\/08\/WhatsApp-Image-2023-08-12-at-09.09.23-7.jpeg 1600w\" sizes=\"auto, (max-width: 1024px) 100vw, 1024px\" \/><\/figure>\n\n\n\n<figure class=\"wp-block-image size-large\"><img loading=\"lazy\" decoding=\"async\" width=\"1024\" height=\"682\" data-id=\"194429\" src=\"https:\/\/radioljubuski.ba\/wp-content\/uploads\/2023\/08\/WhatsApp-Image-2023-08-12-at-09.09.23-6-1024x682.jpeg\" alt=\"\" class=\"wp-image-194429\" srcset=\"https:\/\/radioljubuski.ba\/wp-content\/uploads\/2023\/08\/WhatsApp-Image-2023-08-12-at-09.09.23-6-1024x682.jpeg 1024w, https:\/\/radioljubuski.ba\/wp-content\/uploads\/2023\/08\/WhatsApp-Image-2023-08-12-at-09.09.23-6-300x200.jpeg 300w, https:\/\/radioljubuski.ba\/wp-content\/uploads\/2023\/08\/WhatsApp-Image-2023-08-12-at-09.09.23-6-768x512.jpeg 768w, https:\/\/radioljubuski.ba\/wp-content\/uploads\/2023\/08\/WhatsApp-Image-2023-08-12-at-09.09.23-6-1536x1023.jpeg 1536w, https:\/\/radioljubuski.ba\/wp-content\/uploads\/2023\/08\/WhatsApp-Image-2023-08-12-at-09.09.23-6.jpeg 1600w\" sizes=\"auto, (max-width: 1024px) 100vw, 1024px\" \/><\/figure>\n\n\n\n<figure class=\"wp-block-image size-large\"><img loading=\"lazy\" decoding=\"async\" width=\"1024\" height=\"682\" data-id=\"194406\" src=\"https:\/\/radioljubuski.ba\/wp-content\/uploads\/2023\/08\/WhatsApp-Image-2023-08-12-at-09.09.23-5-1024x682.jpeg\" alt=\"\" class=\"wp-image-194406\" srcset=\"https:\/\/radioljubuski.ba\/wp-content\/uploads\/2023\/08\/WhatsApp-Image-2023-08-12-at-09.09.23-5-1024x682.jpeg 1024w, https:\/\/radioljubuski.ba\/wp-content\/uploads\/2023\/08\/WhatsApp-Image-2023-08-12-at-09.09.23-5-300x200.jpeg 300w, https:\/\/radioljubuski.ba\/wp-content\/uploads\/2023\/08\/WhatsApp-Image-2023-08-12-at-09.09.23-5-768x512.jpeg 768w, https:\/\/radioljubuski.ba\/wp-content\/uploads\/2023\/08\/WhatsApp-Image-2023-08-12-at-09.09.23-5-1536x1023.jpeg 1536w, https:\/\/radioljubuski.ba\/wp-content\/uploads\/2023\/08\/WhatsApp-Image-2023-08-12-at-09.09.23-5.jpeg 1600w\" sizes=\"auto, (max-width: 1024px) 100vw, 1024px\" \/><\/figure>\n\n\n\n<figure class=\"wp-block-image size-large\"><img loading=\"lazy\" decoding=\"async\" width=\"1024\" height=\"682\" data-id=\"194419\" src=\"https:\/\/radioljubuski.ba\/wp-content\/uploads\/2023\/08\/WhatsApp-Image-2023-08-12-at-09.09.23-4-1024x682.jpeg\" alt=\"\" class=\"wp-image-194419\" srcset=\"https:\/\/radioljubuski.ba\/wp-content\/uploads\/2023\/08\/WhatsApp-Image-2023-08-12-at-09.09.23-4-1024x682.jpeg 1024w, https:\/\/radioljubuski.ba\/wp-content\/uploads\/2023\/08\/WhatsApp-Image-2023-08-12-at-09.09.23-4-300x200.jpeg 300w, https:\/\/radioljubuski.ba\/wp-content\/uploads\/2023\/08\/WhatsApp-Image-2023-08-12-at-09.09.23-4-768x512.jpeg 768w, https:\/\/radioljubuski.ba\/wp-content\/uploads\/2023\/08\/WhatsApp-Image-2023-08-12-at-09.09.23-4-1536x1023.jpeg 1536w, https:\/\/radioljubuski.ba\/wp-content\/uploads\/2023\/08\/WhatsApp-Image-2023-08-12-at-09.09.23-4.jpeg 1600w\" sizes=\"auto, (max-width: 1024px) 100vw, 1024px\" \/><\/figure>\n\n\n\n<figure class=\"wp-block-image size-large\"><img loading=\"lazy\" decoding=\"async\" width=\"1024\" height=\"682\" data-id=\"194430\" src=\"https:\/\/radioljubuski.ba\/wp-content\/uploads\/2023\/08\/WhatsApp-Image-2023-08-12-at-09.09.23-3-1024x682.jpeg\" alt=\"\" class=\"wp-image-194430\" srcset=\"https:\/\/radioljubuski.ba\/wp-content\/uploads\/2023\/08\/WhatsApp-Image-2023-08-12-at-09.09.23-3-1024x682.jpeg 1024w, https:\/\/radioljubuski.ba\/wp-content\/uploads\/2023\/08\/WhatsApp-Image-2023-08-12-at-09.09.23-3-300x200.jpeg 300w, https:\/\/radioljubuski.ba\/wp-content\/uploads\/2023\/08\/WhatsApp-Image-2023-08-12-at-09.09.23-3-768x512.jpeg 768w, https:\/\/radioljubuski.ba\/wp-content\/uploads\/2023\/08\/WhatsApp-Image-2023-08-12-at-09.09.23-3-1536x1023.jpeg 1536w, https:\/\/radioljubuski.ba\/wp-content\/uploads\/2023\/08\/WhatsApp-Image-2023-08-12-at-09.09.23-3.jpeg 1600w\" sizes=\"auto, (max-width: 1024px) 100vw, 1024px\" \/><\/figure>\n\n\n\n<figure class=\"wp-block-image size-large\"><img loading=\"lazy\" decoding=\"async\" width=\"1024\" height=\"682\" data-id=\"194437\" src=\"https:\/\/radioljubuski.ba\/wp-content\/uploads\/2023\/08\/WhatsApp-Image-2023-08-12-at-09.09.23-2-1024x682.jpeg\" alt=\"\" class=\"wp-image-194437\" srcset=\"https:\/\/radioljubuski.ba\/wp-content\/uploads\/2023\/08\/WhatsApp-Image-2023-08-12-at-09.09.23-2-1024x682.jpeg 1024w, https:\/\/radioljubuski.ba\/wp-content\/uploads\/2023\/08\/WhatsApp-Image-2023-08-12-at-09.09.23-2-300x200.jpeg 300w, https:\/\/radioljubuski.ba\/wp-content\/uploads\/2023\/08\/WhatsApp-Image-2023-08-12-at-09.09.23-2-768x512.jpeg 768w, https:\/\/radioljubuski.ba\/wp-content\/uploads\/2023\/08\/WhatsApp-Image-2023-08-12-at-09.09.23-2-1536x1023.jpeg 1536w, https:\/\/radioljubuski.ba\/wp-content\/uploads\/2023\/08\/WhatsApp-Image-2023-08-12-at-09.09.23-2.jpeg 1600w\" sizes=\"auto, (max-width: 1024px) 100vw, 1024px\" \/><\/figure>\n\n\n\n<figure class=\"wp-block-image size-large\"><img loading=\"lazy\" decoding=\"async\" width=\"1024\" height=\"682\" data-id=\"194438\" src=\"https:\/\/radioljubuski.ba\/wp-content\/uploads\/2023\/08\/WhatsApp-Image-2023-08-12-at-09.09.23-1-1024x682.jpeg\" alt=\"\" class=\"wp-image-194438\" srcset=\"https:\/\/radioljubuski.ba\/wp-content\/uploads\/2023\/08\/WhatsApp-Image-2023-08-12-at-09.09.23-1-1024x682.jpeg 1024w, https:\/\/radioljubuski.ba\/wp-content\/uploads\/2023\/08\/WhatsApp-Image-2023-08-12-at-09.09.23-1-300x200.jpeg 300w, https:\/\/radioljubuski.ba\/wp-content\/uploads\/2023\/08\/WhatsApp-Image-2023-08-12-at-09.09.23-1-768x512.jpeg 768w, https:\/\/radioljubuski.ba\/wp-content\/uploads\/2023\/08\/WhatsApp-Image-2023-08-12-at-09.09.23-1-1536x1023.jpeg 1536w, https:\/\/radioljubuski.ba\/wp-content\/uploads\/2023\/08\/WhatsApp-Image-2023-08-12-at-09.09.23-1.jpeg 1600w\" sizes=\"auto, (max-width: 1024px) 100vw, 1024px\" \/><\/figure>\n\n\n\n<figure class=\"wp-block-image size-large\"><img loading=\"lazy\" decoding=\"async\" width=\"1024\" height=\"682\" data-id=\"194448\" src=\"https:\/\/radioljubuski.ba\/wp-content\/uploads\/2023\/08\/WhatsApp-Image-2023-08-12-at-09.09.23-1024x682.jpeg\" alt=\"\" class=\"wp-image-194448\" srcset=\"https:\/\/radioljubuski.ba\/wp-content\/uploads\/2023\/08\/WhatsApp-Image-2023-08-12-at-09.09.23-1024x682.jpeg 1024w, https:\/\/radioljubuski.ba\/wp-content\/uploads\/2023\/08\/WhatsApp-Image-2023-08-12-at-09.09.23-300x200.jpeg 300w, https:\/\/radioljubuski.ba\/wp-content\/uploads\/2023\/08\/WhatsApp-Image-2023-08-12-at-09.09.23-768x512.jpeg 768w, https:\/\/radioljubuski.ba\/wp-content\/uploads\/2023\/08\/WhatsApp-Image-2023-08-12-at-09.09.23-1536x1023.jpeg 1536w, https:\/\/radioljubuski.ba\/wp-content\/uploads\/2023\/08\/WhatsApp-Image-2023-08-12-at-09.09.23.jpeg 1600w\" sizes=\"auto, (max-width: 1024px) 100vw, 1024px\" \/><\/figure>\n\n\n\n<figure class=\"wp-block-image size-large\"><img loading=\"lazy\" decoding=\"async\" width=\"1024\" height=\"682\" data-id=\"194420\" src=\"https:\/\/radioljubuski.ba\/wp-content\/uploads\/2023\/08\/WhatsApp-Image-2023-08-12-at-09.08.32-14-1024x682.jpeg\" alt=\"\" class=\"wp-image-194420\" srcset=\"https:\/\/radioljubuski.ba\/wp-content\/uploads\/2023\/08\/WhatsApp-Image-2023-08-12-at-09.08.32-14-1024x682.jpeg 1024w, https:\/\/radioljubuski.ba\/wp-content\/uploads\/2023\/08\/WhatsApp-Image-2023-08-12-at-09.08.32-14-300x200.jpeg 300w, https:\/\/radioljubuski.ba\/wp-content\/uploads\/2023\/08\/WhatsApp-Image-2023-08-12-at-09.08.32-14-768x512.jpeg 768w, https:\/\/radioljubuski.ba\/wp-content\/uploads\/2023\/08\/WhatsApp-Image-2023-08-12-at-09.08.32-14-1536x1023.jpeg 1536w, https:\/\/radioljubuski.ba\/wp-content\/uploads\/2023\/08\/WhatsApp-Image-2023-08-12-at-09.08.32-14.jpeg 1600w\" sizes=\"auto, (max-width: 1024px) 100vw, 1024px\" \/><\/figure>\n\n\n\n<figure class=\"wp-block-image size-large\"><img loading=\"lazy\" decoding=\"async\" width=\"1024\" height=\"682\" data-id=\"194450\" src=\"https:\/\/radioljubuski.ba\/wp-content\/uploads\/2023\/08\/WhatsApp-Image-2023-08-12-at-09.08.32-13-1024x682.jpeg\" alt=\"\" class=\"wp-image-194450\" srcset=\"https:\/\/radioljubuski.ba\/wp-content\/uploads\/2023\/08\/WhatsApp-Image-2023-08-12-at-09.08.32-13-1024x682.jpeg 1024w, https:\/\/radioljubuski.ba\/wp-content\/uploads\/2023\/08\/WhatsApp-Image-2023-08-12-at-09.08.32-13-300x200.jpeg 300w, https:\/\/radioljubuski.ba\/wp-content\/uploads\/2023\/08\/WhatsApp-Image-2023-08-12-at-09.08.32-13-768x512.jpeg 768w, https:\/\/radioljubuski.ba\/wp-content\/uploads\/2023\/08\/WhatsApp-Image-2023-08-12-at-09.08.32-13-1536x1023.jpeg 1536w, https:\/\/radioljubuski.ba\/wp-content\/uploads\/2023\/08\/WhatsApp-Image-2023-08-12-at-09.08.32-13.jpeg 1600w\" sizes=\"auto, (max-width: 1024px) 100vw, 1024px\" \/><\/figure>\n\n\n\n<figure class=\"wp-block-image size-large\"><img loading=\"lazy\" decoding=\"async\" width=\"1024\" height=\"682\" data-id=\"194449\" src=\"https:\/\/radioljubuski.ba\/wp-content\/uploads\/2023\/08\/WhatsApp-Image-2023-08-12-at-09.08.32-12-1024x682.jpeg\" alt=\"\" class=\"wp-image-194449\" srcset=\"https:\/\/radioljubuski.ba\/wp-content\/uploads\/2023\/08\/WhatsApp-Image-2023-08-12-at-09.08.32-12-1024x682.jpeg 1024w, https:\/\/radioljubuski.ba\/wp-content\/uploads\/2023\/08\/WhatsApp-Image-2023-08-12-at-09.08.32-12-300x200.jpeg 300w, https:\/\/radioljubuski.ba\/wp-content\/uploads\/2023\/08\/WhatsApp-Image-2023-08-12-at-09.08.32-12-768x512.jpeg 768w, https:\/\/radioljubuski.ba\/wp-content\/uploads\/2023\/08\/WhatsApp-Image-2023-08-12-at-09.08.32-12-1536x1023.jpeg 1536w, https:\/\/radioljubuski.ba\/wp-content\/uploads\/2023\/08\/WhatsApp-Image-2023-08-12-at-09.08.32-12.jpeg 1600w\" sizes=\"auto, (max-width: 1024px) 100vw, 1024px\" \/><\/figure>\n\n\n\n<figure class=\"wp-block-image size-large\"><img loading=\"lazy\" decoding=\"async\" width=\"1024\" height=\"682\" data-id=\"194454\" src=\"https:\/\/radioljubuski.ba\/wp-content\/uploads\/2023\/08\/WhatsApp-Image-2023-08-12-at-09.08.32-11-1024x682.jpeg\" alt=\"\" class=\"wp-image-194454\" srcset=\"https:\/\/radioljubuski.ba\/wp-content\/uploads\/2023\/08\/WhatsApp-Image-2023-08-12-at-09.08.32-11-1024x682.jpeg 1024w, https:\/\/radioljubuski.ba\/wp-content\/uploads\/2023\/08\/WhatsApp-Image-2023-08-12-at-09.08.32-11-300x200.jpeg 300w, https:\/\/radioljubuski.ba\/wp-content\/uploads\/2023\/08\/WhatsApp-Image-2023-08-12-at-09.08.32-11-768x512.jpeg 768w, https:\/\/radioljubuski.ba\/wp-content\/uploads\/2023\/08\/WhatsApp-Image-2023-08-12-at-09.08.32-11-1536x1023.jpeg 1536w, https:\/\/radioljubuski.ba\/wp-content\/uploads\/2023\/08\/WhatsApp-Image-2023-08-12-at-09.08.32-11.jpeg 1600w\" sizes=\"auto, (max-width: 1024px) 100vw, 1024px\" \/><\/figure>\n\n\n\n<figure class=\"wp-block-image size-large\"><img loading=\"lazy\" decoding=\"async\" width=\"1024\" height=\"682\" data-id=\"194440\" src=\"https:\/\/radioljubuski.ba\/wp-content\/uploads\/2023\/08\/WhatsApp-Image-2023-08-12-at-09.08.32-10-1024x682.jpeg\" alt=\"\" class=\"wp-image-194440\" srcset=\"https:\/\/radioljubuski.ba\/wp-content\/uploads\/2023\/08\/WhatsApp-Image-2023-08-12-at-09.08.32-10-1024x682.jpeg 1024w, https:\/\/radioljubuski.ba\/wp-content\/uploads\/2023\/08\/WhatsApp-Image-2023-08-12-at-09.08.32-10-300x200.jpeg 300w, https:\/\/radioljubuski.ba\/wp-content\/uploads\/2023\/08\/WhatsApp-Image-2023-08-12-at-09.08.32-10-768x512.jpeg 768w, https:\/\/radioljubuski.ba\/wp-content\/uploads\/2023\/08\/WhatsApp-Image-2023-08-12-at-09.08.32-10-1536x1023.jpeg 1536w, https:\/\/radioljubuski.ba\/wp-content\/uploads\/2023\/08\/WhatsApp-Image-2023-08-12-at-09.08.32-10.jpeg 1600w\" sizes=\"auto, (max-width: 1024px) 100vw, 1024px\" \/><\/figure>\n\n\n\n<figure class=\"wp-block-image size-large\"><img loading=\"lazy\" decoding=\"async\" width=\"1024\" height=\"682\" data-id=\"194421\" src=\"https:\/\/radioljubuski.ba\/wp-content\/uploads\/2023\/08\/WhatsApp-Image-2023-08-12-at-09.08.32-9-1024x682.jpeg\" alt=\"\" class=\"wp-image-194421\" srcset=\"https:\/\/radioljubuski.ba\/wp-content\/uploads\/2023\/08\/WhatsApp-Image-2023-08-12-at-09.08.32-9-1024x682.jpeg 1024w, https:\/\/radioljubuski.ba\/wp-content\/uploads\/2023\/08\/WhatsApp-Image-2023-08-12-at-09.08.32-9-300x200.jpeg 300w, https:\/\/radioljubuski.ba\/wp-content\/uploads\/2023\/08\/WhatsApp-Image-2023-08-12-at-09.08.32-9-768x512.jpeg 768w, https:\/\/radioljubuski.ba\/wp-content\/uploads\/2023\/08\/WhatsApp-Image-2023-08-12-at-09.08.32-9-1536x1023.jpeg 1536w, https:\/\/radioljubuski.ba\/wp-content\/uploads\/2023\/08\/WhatsApp-Image-2023-08-12-at-09.08.32-9.jpeg 1600w\" sizes=\"auto, (max-width: 1024px) 100vw, 1024px\" \/><\/figure>\n\n\n\n<figure class=\"wp-block-image size-large\"><img loading=\"lazy\" decoding=\"async\" width=\"1024\" height=\"682\" data-id=\"194408\" src=\"https:\/\/radioljubuski.ba\/wp-content\/uploads\/2023\/08\/WhatsApp-Image-2023-08-12-at-09.08.32-8-1024x682.jpeg\" alt=\"\" class=\"wp-image-194408\" srcset=\"https:\/\/radioljubuski.ba\/wp-content\/uploads\/2023\/08\/WhatsApp-Image-2023-08-12-at-09.08.32-8-1024x682.jpeg 1024w, https:\/\/radioljubuski.ba\/wp-content\/uploads\/2023\/08\/WhatsApp-Image-2023-08-12-at-09.08.32-8-300x200.jpeg 300w, https:\/\/radioljubuski.ba\/wp-content\/uploads\/2023\/08\/WhatsApp-Image-2023-08-12-at-09.08.32-8-768x512.jpeg 768w, https:\/\/radioljubuski.ba\/wp-content\/uploads\/2023\/08\/WhatsApp-Image-2023-08-12-at-09.08.32-8-1536x1023.jpeg 1536w, https:\/\/radioljubuski.ba\/wp-content\/uploads\/2023\/08\/WhatsApp-Image-2023-08-12-at-09.08.32-8.jpeg 1600w\" sizes=\"auto, (max-width: 1024px) 100vw, 1024px\" \/><\/figure>\n\n\n\n<figure class=\"wp-block-image size-large\"><img loading=\"lazy\" decoding=\"async\" width=\"1024\" height=\"682\" data-id=\"194404\" src=\"https:\/\/radioljubuski.ba\/wp-content\/uploads\/2023\/08\/WhatsApp-Image-2023-08-12-at-09.08.32-7-1024x682.jpeg\" alt=\"\" class=\"wp-image-194404\" srcset=\"https:\/\/radioljubuski.ba\/wp-content\/uploads\/2023\/08\/WhatsApp-Image-2023-08-12-at-09.08.32-7-1024x682.jpeg 1024w, https:\/\/radioljubuski.ba\/wp-content\/uploads\/2023\/08\/WhatsApp-Image-2023-08-12-at-09.08.32-7-300x200.jpeg 300w, https:\/\/radioljubuski.ba\/wp-content\/uploads\/2023\/08\/WhatsApp-Image-2023-08-12-at-09.08.32-7-768x512.jpeg 768w, https:\/\/radioljubuski.ba\/wp-content\/uploads\/2023\/08\/WhatsApp-Image-2023-08-12-at-09.08.32-7-1536x1023.jpeg 1536w, https:\/\/radioljubuski.ba\/wp-content\/uploads\/2023\/08\/WhatsApp-Image-2023-08-12-at-09.08.32-7.jpeg 1600w\" sizes=\"auto, (max-width: 1024px) 100vw, 1024px\" \/><\/figure>\n\n\n\n<figure class=\"wp-block-image size-large\"><img loading=\"lazy\" decoding=\"async\" width=\"1024\" height=\"682\" data-id=\"194452\" src=\"https:\/\/radioljubuski.ba\/wp-content\/uploads\/2023\/08\/WhatsApp-Image-2023-08-12-at-09.08.32-6-1024x682.jpeg\" alt=\"\" class=\"wp-image-194452\" srcset=\"https:\/\/radioljubuski.ba\/wp-content\/uploads\/2023\/08\/WhatsApp-Image-2023-08-12-at-09.08.32-6-1024x682.jpeg 1024w, https:\/\/radioljubuski.ba\/wp-content\/uploads\/2023\/08\/WhatsApp-Image-2023-08-12-at-09.08.32-6-300x200.jpeg 300w, https:\/\/radioljubuski.ba\/wp-content\/uploads\/2023\/08\/WhatsApp-Image-2023-08-12-at-09.08.32-6-768x512.jpeg 768w, https:\/\/radioljubuski.ba\/wp-content\/uploads\/2023\/08\/WhatsApp-Image-2023-08-12-at-09.08.32-6-1536x1023.jpeg 1536w, https:\/\/radioljubuski.ba\/wp-content\/uploads\/2023\/08\/WhatsApp-Image-2023-08-12-at-09.08.32-6.jpeg 1600w\" sizes=\"auto, (max-width: 1024px) 100vw, 1024px\" \/><\/figure>\n\n\n\n<figure class=\"wp-block-image size-large\"><img loading=\"lazy\" decoding=\"async\" width=\"1024\" height=\"682\" data-id=\"194451\" src=\"https:\/\/radioljubuski.ba\/wp-content\/uploads\/2023\/08\/WhatsApp-Image-2023-08-12-at-09.08.32-5-1024x682.jpeg\" alt=\"\" class=\"wp-image-194451\" srcset=\"https:\/\/radioljubuski.ba\/wp-content\/uploads\/2023\/08\/WhatsApp-Image-2023-08-12-at-09.08.32-5-1024x682.jpeg 1024w, https:\/\/radioljubuski.ba\/wp-content\/uploads\/2023\/08\/WhatsApp-Image-2023-08-12-at-09.08.32-5-300x200.jpeg 300w, https:\/\/radioljubuski.ba\/wp-content\/uploads\/2023\/08\/WhatsApp-Image-2023-08-12-at-09.08.32-5-768x512.jpeg 768w, https:\/\/radioljubuski.ba\/wp-content\/uploads\/2023\/08\/WhatsApp-Image-2023-08-12-at-09.08.32-5-1536x1023.jpeg 1536w, https:\/\/radioljubuski.ba\/wp-content\/uploads\/2023\/08\/WhatsApp-Image-2023-08-12-at-09.08.32-5.jpeg 1600w\" sizes=\"auto, (max-width: 1024px) 100vw, 1024px\" \/><\/figure>\n\n\n\n<figure class=\"wp-block-image size-large\"><img loading=\"lazy\" decoding=\"async\" width=\"1024\" height=\"682\" data-id=\"194457\" src=\"https:\/\/radioljubuski.ba\/wp-content\/uploads\/2023\/08\/WhatsApp-Image-2023-08-12-at-09.08.32-4-1024x682.jpeg\" alt=\"\" class=\"wp-image-194457\" srcset=\"https:\/\/radioljubuski.ba\/wp-content\/uploads\/2023\/08\/WhatsApp-Image-2023-08-12-at-09.08.32-4-1024x682.jpeg 1024w, https:\/\/radioljubuski.ba\/wp-content\/uploads\/2023\/08\/WhatsApp-Image-2023-08-12-at-09.08.32-4-300x200.jpeg 300w, https:\/\/radioljubuski.ba\/wp-content\/uploads\/2023\/08\/WhatsApp-Image-2023-08-12-at-09.08.32-4-768x512.jpeg 768w, https:\/\/radioljubuski.ba\/wp-content\/uploads\/2023\/08\/WhatsApp-Image-2023-08-12-at-09.08.32-4-1536x1023.jpeg 1536w, https:\/\/radioljubuski.ba\/wp-content\/uploads\/2023\/08\/WhatsApp-Image-2023-08-12-at-09.08.32-4.jpeg 1600w\" sizes=\"auto, (max-width: 1024px) 100vw, 1024px\" \/><\/figure>\n\n\n\n<figure class=\"wp-block-image size-large\"><img loading=\"lazy\" decoding=\"async\" width=\"1024\" height=\"682\" data-id=\"194455\" src=\"https:\/\/radioljubuski.ba\/wp-content\/uploads\/2023\/08\/WhatsApp-Image-2023-08-12-at-09.08.32-3-1024x682.jpeg\" alt=\"\" class=\"wp-image-194455\" srcset=\"https:\/\/radioljubuski.ba\/wp-content\/uploads\/2023\/08\/WhatsApp-Image-2023-08-12-at-09.08.32-3-1024x682.jpeg 1024w, https:\/\/radioljubuski.ba\/wp-content\/uploads\/2023\/08\/WhatsApp-Image-2023-08-12-at-09.08.32-3-300x200.jpeg 300w, https:\/\/radioljubuski.ba\/wp-content\/uploads\/2023\/08\/WhatsApp-Image-2023-08-12-at-09.08.32-3-768x512.jpeg 768w, https:\/\/radioljubuski.ba\/wp-content\/uploads\/2023\/08\/WhatsApp-Image-2023-08-12-at-09.08.32-3-1536x1023.jpeg 1536w, https:\/\/radioljubuski.ba\/wp-content\/uploads\/2023\/08\/WhatsApp-Image-2023-08-12-at-09.08.32-3.jpeg 1600w\" sizes=\"auto, (max-width: 1024px) 100vw, 1024px\" \/><\/figure>\n\n\n\n<figure class=\"wp-block-image size-large\"><img loading=\"lazy\" decoding=\"async\" width=\"1024\" height=\"682\" data-id=\"194409\" src=\"https:\/\/radioljubuski.ba\/wp-content\/uploads\/2023\/08\/WhatsApp-Image-2023-08-12-at-09.08.32-2-1024x682.jpeg\" alt=\"\" class=\"wp-image-194409\" srcset=\"https:\/\/radioljubuski.ba\/wp-content\/uploads\/2023\/08\/WhatsApp-Image-2023-08-12-at-09.08.32-2-1024x682.jpeg 1024w, https:\/\/radioljubuski.ba\/wp-content\/uploads\/2023\/08\/WhatsApp-Image-2023-08-12-at-09.08.32-2-300x200.jpeg 300w, https:\/\/radioljubuski.ba\/wp-content\/uploads\/2023\/08\/WhatsApp-Image-2023-08-12-at-09.08.32-2-768x512.jpeg 768w, https:\/\/radioljubuski.ba\/wp-content\/uploads\/2023\/08\/WhatsApp-Image-2023-08-12-at-09.08.32-2-1536x1023.jpeg 1536w, https:\/\/radioljubuski.ba\/wp-content\/uploads\/2023\/08\/WhatsApp-Image-2023-08-12-at-09.08.32-2.jpeg 1600w\" sizes=\"auto, (max-width: 1024px) 100vw, 1024px\" \/><\/figure>\n\n\n\n<figure class=\"wp-block-image size-large\"><img loading=\"lazy\" decoding=\"async\" width=\"1024\" height=\"682\" data-id=\"194397\" src=\"https:\/\/radioljubuski.ba\/wp-content\/uploads\/2023\/08\/WhatsApp-Image-2023-08-12-at-09.08.32-1-1024x682.jpeg\" alt=\"\" class=\"wp-image-194397\" srcset=\"https:\/\/radioljubuski.ba\/wp-content\/uploads\/2023\/08\/WhatsApp-Image-2023-08-12-at-09.08.32-1-1024x682.jpeg 1024w, https:\/\/radioljubuski.ba\/wp-content\/uploads\/2023\/08\/WhatsApp-Image-2023-08-12-at-09.08.32-1-300x200.jpeg 300w, https:\/\/radioljubuski.ba\/wp-content\/uploads\/2023\/08\/WhatsApp-Image-2023-08-12-at-09.08.32-1-768x512.jpeg 768w, https:\/\/radioljubuski.ba\/wp-content\/uploads\/2023\/08\/WhatsApp-Image-2023-08-12-at-09.08.32-1-1536x1023.jpeg 1536w, https:\/\/radioljubuski.ba\/wp-content\/uploads\/2023\/08\/WhatsApp-Image-2023-08-12-at-09.08.32-1.jpeg 1600w\" sizes=\"auto, (max-width: 1024px) 100vw, 1024px\" \/><\/figure>\n\n\n\n<figure class=\"wp-block-image size-large\"><img loading=\"lazy\" decoding=\"async\" width=\"1024\" height=\"682\" data-id=\"194435\" src=\"https:\/\/radioljubuski.ba\/wp-content\/uploads\/2023\/08\/WhatsApp-Image-2023-08-12-at-09.08.32-1024x682.jpeg\" alt=\"\" class=\"wp-image-194435\" srcset=\"https:\/\/radioljubuski.ba\/wp-content\/uploads\/2023\/08\/WhatsApp-Image-2023-08-12-at-09.08.32-1024x682.jpeg 1024w, https:\/\/radioljubuski.ba\/wp-content\/uploads\/2023\/08\/WhatsApp-Image-2023-08-12-at-09.08.32-300x200.jpeg 300w, https:\/\/radioljubuski.ba\/wp-content\/uploads\/2023\/08\/WhatsApp-Image-2023-08-12-at-09.08.32-768x512.jpeg 768w, https:\/\/radioljubuski.ba\/wp-content\/uploads\/2023\/08\/WhatsApp-Image-2023-08-12-at-09.08.32-1536x1023.jpeg 1536w, https:\/\/radioljubuski.ba\/wp-content\/uploads\/2023\/08\/WhatsApp-Image-2023-08-12-at-09.08.32.jpeg 1600w\" sizes=\"auto, (max-width: 1024px) 100vw, 1024px\" \/><\/figure>\n\n\n\n<figure class=\"wp-block-image size-large\"><img loading=\"lazy\" decoding=\"async\" width=\"1024\" height=\"682\" data-id=\"194402\" src=\"https:\/\/radioljubuski.ba\/wp-content\/uploads\/2023\/08\/WhatsApp-Image-2023-08-12-at-09.07.29-33-1024x682.jpeg\" alt=\"\" class=\"wp-image-194402\" srcset=\"https:\/\/radioljubuski.ba\/wp-content\/uploads\/2023\/08\/WhatsApp-Image-2023-08-12-at-09.07.29-33-1024x682.jpeg 1024w, https:\/\/radioljubuski.ba\/wp-content\/uploads\/2023\/08\/WhatsApp-Image-2023-08-12-at-09.07.29-33-300x200.jpeg 300w, https:\/\/radioljubuski.ba\/wp-content\/uploads\/2023\/08\/WhatsApp-Image-2023-08-12-at-09.07.29-33-768x512.jpeg 768w, https:\/\/radioljubuski.ba\/wp-content\/uploads\/2023\/08\/WhatsApp-Image-2023-08-12-at-09.07.29-33-1536x1023.jpeg 1536w, https:\/\/radioljubuski.ba\/wp-content\/uploads\/2023\/08\/WhatsApp-Image-2023-08-12-at-09.07.29-33.jpeg 1600w\" sizes=\"auto, (max-width: 1024px) 100vw, 1024px\" \/><\/figure>\n\n\n\n<figure class=\"wp-block-image size-large\"><img loading=\"lazy\" decoding=\"async\" width=\"1024\" height=\"682\" data-id=\"194473\" src=\"https:\/\/radioljubuski.ba\/wp-content\/uploads\/2023\/08\/WhatsApp-Image-2023-08-12-at-09.07.29-32-1024x682.jpeg\" alt=\"\" class=\"wp-image-194473\" srcset=\"https:\/\/radioljubuski.ba\/wp-content\/uploads\/2023\/08\/WhatsApp-Image-2023-08-12-at-09.07.29-32-1024x682.jpeg 1024w, https:\/\/radioljubuski.ba\/wp-content\/uploads\/2023\/08\/WhatsApp-Image-2023-08-12-at-09.07.29-32-300x200.jpeg 300w, https:\/\/radioljubuski.ba\/wp-content\/uploads\/2023\/08\/WhatsApp-Image-2023-08-12-at-09.07.29-32-768x512.jpeg 768w, https:\/\/radioljubuski.ba\/wp-content\/uploads\/2023\/08\/WhatsApp-Image-2023-08-12-at-09.07.29-32-1536x1023.jpeg 1536w, https:\/\/radioljubuski.ba\/wp-content\/uploads\/2023\/08\/WhatsApp-Image-2023-08-12-at-09.07.29-32.jpeg 1600w\" sizes=\"auto, (max-width: 1024px) 100vw, 1024px\" \/><\/figure>\n\n\n\n<figure class=\"wp-block-image size-large\"><img loading=\"lazy\" decoding=\"async\" width=\"1024\" height=\"682\" data-id=\"194466\" src=\"https:\/\/radioljubuski.ba\/wp-content\/uploads\/2023\/08\/WhatsApp-Image-2023-08-12-at-09.07.29-31-1024x682.jpeg\" alt=\"\" class=\"wp-image-194466\" srcset=\"https:\/\/radioljubuski.ba\/wp-content\/uploads\/2023\/08\/WhatsApp-Image-2023-08-12-at-09.07.29-31-1024x682.jpeg 1024w, https:\/\/radioljubuski.ba\/wp-content\/uploads\/2023\/08\/WhatsApp-Image-2023-08-12-at-09.07.29-31-300x200.jpeg 300w, https:\/\/radioljubuski.ba\/wp-content\/uploads\/2023\/08\/WhatsApp-Image-2023-08-12-at-09.07.29-31-768x512.jpeg 768w, https:\/\/radioljubuski.ba\/wp-content\/uploads\/2023\/08\/WhatsApp-Image-2023-08-12-at-09.07.29-31-1536x1023.jpeg 1536w, https:\/\/radioljubuski.ba\/wp-content\/uploads\/2023\/08\/WhatsApp-Image-2023-08-12-at-09.07.29-31.jpeg 1600w\" sizes=\"auto, (max-width: 1024px) 100vw, 1024px\" \/><\/figure>\n\n\n\n<figure class=\"wp-block-image size-large\"><img loading=\"lazy\" decoding=\"async\" width=\"1024\" height=\"682\" data-id=\"194446\" src=\"https:\/\/radioljubuski.ba\/wp-content\/uploads\/2023\/08\/WhatsApp-Image-2023-08-12-at-09.07.29-30-1024x682.jpeg\" alt=\"\" class=\"wp-image-194446\" srcset=\"https:\/\/radioljubuski.ba\/wp-content\/uploads\/2023\/08\/WhatsApp-Image-2023-08-12-at-09.07.29-30-1024x682.jpeg 1024w, https:\/\/radioljubuski.ba\/wp-content\/uploads\/2023\/08\/WhatsApp-Image-2023-08-12-at-09.07.29-30-300x200.jpeg 300w, https:\/\/radioljubuski.ba\/wp-content\/uploads\/2023\/08\/WhatsApp-Image-2023-08-12-at-09.07.29-30-768x512.jpeg 768w, https:\/\/radioljubuski.ba\/wp-content\/uploads\/2023\/08\/WhatsApp-Image-2023-08-12-at-09.07.29-30-1536x1023.jpeg 1536w, https:\/\/radioljubuski.ba\/wp-content\/uploads\/2023\/08\/WhatsApp-Image-2023-08-12-at-09.07.29-30.jpeg 1600w\" sizes=\"auto, (max-width: 1024px) 100vw, 1024px\" \/><\/figure>\n\n\n\n<figure class=\"wp-block-image size-large\"><img loading=\"lazy\" decoding=\"async\" width=\"1024\" height=\"682\" data-id=\"194416\" src=\"https:\/\/radioljubuski.ba\/wp-content\/uploads\/2023\/08\/WhatsApp-Image-2023-08-12-at-09.07.29-29-1024x682.jpeg\" alt=\"\" class=\"wp-image-194416\" srcset=\"https:\/\/radioljubuski.ba\/wp-content\/uploads\/2023\/08\/WhatsApp-Image-2023-08-12-at-09.07.29-29-1024x682.jpeg 1024w, https:\/\/radioljubuski.ba\/wp-content\/uploads\/2023\/08\/WhatsApp-Image-2023-08-12-at-09.07.29-29-300x200.jpeg 300w, https:\/\/radioljubuski.ba\/wp-content\/uploads\/2023\/08\/WhatsApp-Image-2023-08-12-at-09.07.29-29-768x512.jpeg 768w, https:\/\/radioljubuski.ba\/wp-content\/uploads\/2023\/08\/WhatsApp-Image-2023-08-12-at-09.07.29-29-1536x1023.jpeg 1536w, https:\/\/radioljubuski.ba\/wp-content\/uploads\/2023\/08\/WhatsApp-Image-2023-08-12-at-09.07.29-29.jpeg 1600w\" sizes=\"auto, (max-width: 1024px) 100vw, 1024px\" \/><\/figure>\n\n\n\n<figure class=\"wp-block-image size-large\"><img loading=\"lazy\" decoding=\"async\" width=\"1024\" height=\"682\" data-id=\"194427\" src=\"https:\/\/radioljubuski.ba\/wp-content\/uploads\/2023\/08\/WhatsApp-Image-2023-08-12-at-09.07.29-28-1024x682.jpeg\" alt=\"\" class=\"wp-image-194427\" srcset=\"https:\/\/radioljubuski.ba\/wp-content\/uploads\/2023\/08\/WhatsApp-Image-2023-08-12-at-09.07.29-28-1024x682.jpeg 1024w, https:\/\/radioljubuski.ba\/wp-content\/uploads\/2023\/08\/WhatsApp-Image-2023-08-12-at-09.07.29-28-300x200.jpeg 300w, https:\/\/radioljubuski.ba\/wp-content\/uploads\/2023\/08\/WhatsApp-Image-2023-08-12-at-09.07.29-28-768x512.jpeg 768w, https:\/\/radioljubuski.ba\/wp-content\/uploads\/2023\/08\/WhatsApp-Image-2023-08-12-at-09.07.29-28-1536x1023.jpeg 1536w, https:\/\/radioljubuski.ba\/wp-content\/uploads\/2023\/08\/WhatsApp-Image-2023-08-12-at-09.07.29-28.jpeg 1600w\" sizes=\"auto, (max-width: 1024px) 100vw, 1024px\" \/><\/figure>\n\n\n\n<figure class=\"wp-block-image size-large\"><img loading=\"lazy\" decoding=\"async\" width=\"1024\" height=\"682\" data-id=\"194469\" src=\"https:\/\/radioljubuski.ba\/wp-content\/uploads\/2023\/08\/WhatsApp-Image-2023-08-12-at-09.07.29-27-1024x682.jpeg\" alt=\"\" class=\"wp-image-194469\" srcset=\"https:\/\/radioljubuski.ba\/wp-content\/uploads\/2023\/08\/WhatsApp-Image-2023-08-12-at-09.07.29-27-1024x682.jpeg 1024w, https:\/\/radioljubuski.ba\/wp-content\/uploads\/2023\/08\/WhatsApp-Image-2023-08-12-at-09.07.29-27-300x200.jpeg 300w, https:\/\/radioljubuski.ba\/wp-content\/uploads\/2023\/08\/WhatsApp-Image-2023-08-12-at-09.07.29-27-768x512.jpeg 768w, https:\/\/radioljubuski.ba\/wp-content\/uploads\/2023\/08\/WhatsApp-Image-2023-08-12-at-09.07.29-27-1536x1023.jpeg 1536w, https:\/\/radioljubuski.ba\/wp-content\/uploads\/2023\/08\/WhatsApp-Image-2023-08-12-at-09.07.29-27.jpeg 1600w\" sizes=\"auto, (max-width: 1024px) 100vw, 1024px\" \/><\/figure>\n\n\n\n<figure class=\"wp-block-image size-large\"><img loading=\"lazy\" decoding=\"async\" width=\"1024\" height=\"682\" data-id=\"194447\" src=\"https:\/\/radioljubuski.ba\/wp-content\/uploads\/2023\/08\/WhatsApp-Image-2023-08-12-at-09.07.29-26-1024x682.jpeg\" alt=\"\" class=\"wp-image-194447\" srcset=\"https:\/\/radioljubuski.ba\/wp-content\/uploads\/2023\/08\/WhatsApp-Image-2023-08-12-at-09.07.29-26-1024x682.jpeg 1024w, https:\/\/radioljubuski.ba\/wp-content\/uploads\/2023\/08\/WhatsApp-Image-2023-08-12-at-09.07.29-26-300x200.jpeg 300w, https:\/\/radioljubuski.ba\/wp-content\/uploads\/2023\/08\/WhatsApp-Image-2023-08-12-at-09.07.29-26-768x512.jpeg 768w, https:\/\/radioljubuski.ba\/wp-content\/uploads\/2023\/08\/WhatsApp-Image-2023-08-12-at-09.07.29-26-1536x1023.jpeg 1536w, https:\/\/radioljubuski.ba\/wp-content\/uploads\/2023\/08\/WhatsApp-Image-2023-08-12-at-09.07.29-26.jpeg 1600w\" sizes=\"auto, (max-width: 1024px) 100vw, 1024px\" \/><\/figure>\n\n\n\n<figure class=\"wp-block-image size-large\"><img loading=\"lazy\" decoding=\"async\" width=\"1024\" height=\"682\" data-id=\"194475\" src=\"https:\/\/radioljubuski.ba\/wp-content\/uploads\/2023\/08\/WhatsApp-Image-2023-08-12-at-09.07.29-25-1024x682.jpeg\" alt=\"\" class=\"wp-image-194475\" srcset=\"https:\/\/radioljubuski.ba\/wp-content\/uploads\/2023\/08\/WhatsApp-Image-2023-08-12-at-09.07.29-25-1024x682.jpeg 1024w, https:\/\/radioljubuski.ba\/wp-content\/uploads\/2023\/08\/WhatsApp-Image-2023-08-12-at-09.07.29-25-300x200.jpeg 300w, https:\/\/radioljubuski.ba\/wp-content\/uploads\/2023\/08\/WhatsApp-Image-2023-08-12-at-09.07.29-25-768x512.jpeg 768w, https:\/\/radioljubuski.ba\/wp-content\/uploads\/2023\/08\/WhatsApp-Image-2023-08-12-at-09.07.29-25-1536x1023.jpeg 1536w, https:\/\/radioljubuski.ba\/wp-content\/uploads\/2023\/08\/WhatsApp-Image-2023-08-12-at-09.07.29-25.jpeg 1600w\" sizes=\"auto, (max-width: 1024px) 100vw, 1024px\" \/><\/figure>\n\n\n\n<figure class=\"wp-block-image size-large\"><img loading=\"lazy\" decoding=\"async\" width=\"1024\" height=\"682\" data-id=\"194461\" src=\"https:\/\/radioljubuski.ba\/wp-content\/uploads\/2023\/08\/WhatsApp-Image-2023-08-12-at-09.07.29-24-1024x682.jpeg\" alt=\"\" class=\"wp-image-194461\" srcset=\"https:\/\/radioljubuski.ba\/wp-content\/uploads\/2023\/08\/WhatsApp-Image-2023-08-12-at-09.07.29-24-1024x682.jpeg 1024w, https:\/\/radioljubuski.ba\/wp-content\/uploads\/2023\/08\/WhatsApp-Image-2023-08-12-at-09.07.29-24-300x200.jpeg 300w, https:\/\/radioljubuski.ba\/wp-content\/uploads\/2023\/08\/WhatsApp-Image-2023-08-12-at-09.07.29-24-768x512.jpeg 768w, https:\/\/radioljubuski.ba\/wp-content\/uploads\/2023\/08\/WhatsApp-Image-2023-08-12-at-09.07.29-24-1536x1023.jpeg 1536w, https:\/\/radioljubuski.ba\/wp-content\/uploads\/2023\/08\/WhatsApp-Image-2023-08-12-at-09.07.29-24.jpeg 1600w\" sizes=\"auto, (max-width: 1024px) 100vw, 1024px\" \/><\/figure>\n\n\n\n<figure class=\"wp-block-image size-large\"><img loading=\"lazy\" decoding=\"async\" width=\"682\" height=\"1024\" data-id=\"194439\" src=\"https:\/\/radioljubuski.ba\/wp-content\/uploads\/2023\/08\/WhatsApp-Image-2023-08-12-at-09.07.29-23-682x1024.jpeg\" alt=\"\" class=\"wp-image-194439\" srcset=\"https:\/\/radioljubuski.ba\/wp-content\/uploads\/2023\/08\/WhatsApp-Image-2023-08-12-at-09.07.29-23-682x1024.jpeg 682w, https:\/\/radioljubuski.ba\/wp-content\/uploads\/2023\/08\/WhatsApp-Image-2023-08-12-at-09.07.29-23-200x300.jpeg 200w, https:\/\/radioljubuski.ba\/wp-content\/uploads\/2023\/08\/WhatsApp-Image-2023-08-12-at-09.07.29-23-768x1153.jpeg 768w, https:\/\/radioljubuski.ba\/wp-content\/uploads\/2023\/08\/WhatsApp-Image-2023-08-12-at-09.07.29-23-1023x1536.jpeg 1023w, https:\/\/radioljubuski.ba\/wp-content\/uploads\/2023\/08\/WhatsApp-Image-2023-08-12-at-09.07.29-23.jpeg 1066w\" sizes=\"auto, (max-width: 682px) 100vw, 682px\" \/><\/figure>\n\n\n\n<figure class=\"wp-block-image size-large\"><img loading=\"lazy\" decoding=\"async\" width=\"1024\" height=\"682\" data-id=\"194468\" src=\"https:\/\/radioljubuski.ba\/wp-content\/uploads\/2023\/08\/WhatsApp-Image-2023-08-12-at-09.07.29-22-1024x682.jpeg\" alt=\"\" class=\"wp-image-194468\" srcset=\"https:\/\/radioljubuski.ba\/wp-content\/uploads\/2023\/08\/WhatsApp-Image-2023-08-12-at-09.07.29-22-1024x682.jpeg 1024w, https:\/\/radioljubuski.ba\/wp-content\/uploads\/2023\/08\/WhatsApp-Image-2023-08-12-at-09.07.29-22-300x200.jpeg 300w, https:\/\/radioljubuski.ba\/wp-content\/uploads\/2023\/08\/WhatsApp-Image-2023-08-12-at-09.07.29-22-768x512.jpeg 768w, https:\/\/radioljubuski.ba\/wp-content\/uploads\/2023\/08\/WhatsApp-Image-2023-08-12-at-09.07.29-22-1536x1023.jpeg 1536w, https:\/\/radioljubuski.ba\/wp-content\/uploads\/2023\/08\/WhatsApp-Image-2023-08-12-at-09.07.29-22.jpeg 1600w\" sizes=\"auto, (max-width: 1024px) 100vw, 1024px\" \/><\/figure>\n\n\n\n<figure class=\"wp-block-image size-large\"><img loading=\"lazy\" decoding=\"async\" width=\"1024\" height=\"682\" data-id=\"194441\" src=\"https:\/\/radioljubuski.ba\/wp-content\/uploads\/2023\/08\/WhatsApp-Image-2023-08-12-at-09.07.29-21-1024x682.jpeg\" alt=\"\" class=\"wp-image-194441\" srcset=\"https:\/\/radioljubuski.ba\/wp-content\/uploads\/2023\/08\/WhatsApp-Image-2023-08-12-at-09.07.29-21-1024x682.jpeg 1024w, https:\/\/radioljubuski.ba\/wp-content\/uploads\/2023\/08\/WhatsApp-Image-2023-08-12-at-09.07.29-21-300x200.jpeg 300w, https:\/\/radioljubuski.ba\/wp-content\/uploads\/2023\/08\/WhatsApp-Image-2023-08-12-at-09.07.29-21-768x512.jpeg 768w, https:\/\/radioljubuski.ba\/wp-content\/uploads\/2023\/08\/WhatsApp-Image-2023-08-12-at-09.07.29-21-1536x1023.jpeg 1536w, https:\/\/radioljubuski.ba\/wp-content\/uploads\/2023\/08\/WhatsApp-Image-2023-08-12-at-09.07.29-21.jpeg 1600w\" sizes=\"auto, (max-width: 1024px) 100vw, 1024px\" \/><\/figure>\n\n\n\n<figure class=\"wp-block-image size-large\"><img loading=\"lazy\" decoding=\"async\" width=\"1024\" height=\"682\" data-id=\"194425\" src=\"https:\/\/radioljubuski.ba\/wp-content\/uploads\/2023\/08\/WhatsApp-Image-2023-08-12-at-09.07.29-20-1024x682.jpeg\" alt=\"\" class=\"wp-image-194425\" srcset=\"https:\/\/radioljubuski.ba\/wp-content\/uploads\/2023\/08\/WhatsApp-Image-2023-08-12-at-09.07.29-20-1024x682.jpeg 1024w, https:\/\/radioljubuski.ba\/wp-content\/uploads\/2023\/08\/WhatsApp-Image-2023-08-12-at-09.07.29-20-300x200.jpeg 300w, https:\/\/radioljubuski.ba\/wp-content\/uploads\/2023\/08\/WhatsApp-Image-2023-08-12-at-09.07.29-20-768x512.jpeg 768w, https:\/\/radioljubuski.ba\/wp-content\/uploads\/2023\/08\/WhatsApp-Image-2023-08-12-at-09.07.29-20-1536x1023.jpeg 1536w, https:\/\/radioljubuski.ba\/wp-content\/uploads\/2023\/08\/WhatsApp-Image-2023-08-12-at-09.07.29-20.jpeg 1600w\" sizes=\"auto, (max-width: 1024px) 100vw, 1024px\" \/><\/figure>\n\n\n\n<figure class=\"wp-block-image size-large\"><img loading=\"lazy\" decoding=\"async\" width=\"1024\" height=\"682\" data-id=\"194462\" src=\"https:\/\/radioljubuski.ba\/wp-content\/uploads\/2023\/08\/WhatsApp-Image-2023-08-12-at-09.07.29-19-1024x682.jpeg\" alt=\"\" class=\"wp-image-194462\" srcset=\"https:\/\/radioljubuski.ba\/wp-content\/uploads\/2023\/08\/WhatsApp-Image-2023-08-12-at-09.07.29-19-1024x682.jpeg 1024w, https:\/\/radioljubuski.ba\/wp-content\/uploads\/2023\/08\/WhatsApp-Image-2023-08-12-at-09.07.29-19-300x200.jpeg 300w, https:\/\/radioljubuski.ba\/wp-content\/uploads\/2023\/08\/WhatsApp-Image-2023-08-12-at-09.07.29-19-768x512.jpeg 768w, https:\/\/radioljubuski.ba\/wp-content\/uploads\/2023\/08\/WhatsApp-Image-2023-08-12-at-09.07.29-19-1536x1023.jpeg 1536w, https:\/\/radioljubuski.ba\/wp-content\/uploads\/2023\/08\/WhatsApp-Image-2023-08-12-at-09.07.29-19.jpeg 1600w\" sizes=\"auto, (max-width: 1024px) 100vw, 1024px\" \/><\/figure>\n\n\n\n<figure class=\"wp-block-image size-large\"><img loading=\"lazy\" decoding=\"async\" width=\"1024\" height=\"682\" data-id=\"194470\" src=\"https:\/\/radioljubuski.ba\/wp-content\/uploads\/2023\/08\/WhatsApp-Image-2023-08-12-at-09.07.29-18-1024x682.jpeg\" alt=\"\" class=\"wp-image-194470\" srcset=\"https:\/\/radioljubuski.ba\/wp-content\/uploads\/2023\/08\/WhatsApp-Image-2023-08-12-at-09.07.29-18-1024x682.jpeg 1024w, https:\/\/radioljubuski.ba\/wp-content\/uploads\/2023\/08\/WhatsApp-Image-2023-08-12-at-09.07.29-18-300x200.jpeg 300w, https:\/\/radioljubuski.ba\/wp-content\/uploads\/2023\/08\/WhatsApp-Image-2023-08-12-at-09.07.29-18-768x512.jpeg 768w, https:\/\/radioljubuski.ba\/wp-content\/uploads\/2023\/08\/WhatsApp-Image-2023-08-12-at-09.07.29-18-1536x1023.jpeg 1536w, https:\/\/radioljubuski.ba\/wp-content\/uploads\/2023\/08\/WhatsApp-Image-2023-08-12-at-09.07.29-18.jpeg 1600w\" sizes=\"auto, (max-width: 1024px) 100vw, 1024px\" \/><\/figure>\n\n\n\n<figure class=\"wp-block-image size-large\"><img loading=\"lazy\" decoding=\"async\" width=\"1024\" height=\"682\" data-id=\"194443\" src=\"https:\/\/radioljubuski.ba\/wp-content\/uploads\/2023\/08\/WhatsApp-Image-2023-08-12-at-09.07.29-17-1024x682.jpeg\" alt=\"\" class=\"wp-image-194443\" srcset=\"https:\/\/radioljubuski.ba\/wp-content\/uploads\/2023\/08\/WhatsApp-Image-2023-08-12-at-09.07.29-17-1024x682.jpeg 1024w, https:\/\/radioljubuski.ba\/wp-content\/uploads\/2023\/08\/WhatsApp-Image-2023-08-12-at-09.07.29-17-300x200.jpeg 300w, https:\/\/radioljubuski.ba\/wp-content\/uploads\/2023\/08\/WhatsApp-Image-2023-08-12-at-09.07.29-17-768x512.jpeg 768w, https:\/\/radioljubuski.ba\/wp-content\/uploads\/2023\/08\/WhatsApp-Image-2023-08-12-at-09.07.29-17-1536x1023.jpeg 1536w, https:\/\/radioljubuski.ba\/wp-content\/uploads\/2023\/08\/WhatsApp-Image-2023-08-12-at-09.07.29-17.jpeg 1600w\" sizes=\"auto, (max-width: 1024px) 100vw, 1024px\" \/><\/figure>\n\n\n\n<figure class=\"wp-block-image size-large\"><img loading=\"lazy\" decoding=\"async\" width=\"1024\" height=\"682\" data-id=\"194444\" src=\"https:\/\/radioljubuski.ba\/wp-content\/uploads\/2023\/08\/WhatsApp-Image-2023-08-12-at-09.07.29-16-1024x682.jpeg\" alt=\"\" class=\"wp-image-194444\" srcset=\"https:\/\/radioljubuski.ba\/wp-content\/uploads\/2023\/08\/WhatsApp-Image-2023-08-12-at-09.07.29-16-1024x682.jpeg 1024w, https:\/\/radioljubuski.ba\/wp-content\/uploads\/2023\/08\/WhatsApp-Image-2023-08-12-at-09.07.29-16-300x200.jpeg 300w, https:\/\/radioljubuski.ba\/wp-content\/uploads\/2023\/08\/WhatsApp-Image-2023-08-12-at-09.07.29-16-768x512.jpeg 768w, https:\/\/radioljubuski.ba\/wp-content\/uploads\/2023\/08\/WhatsApp-Image-2023-08-12-at-09.07.29-16-1536x1023.jpeg 1536w, https:\/\/radioljubuski.ba\/wp-content\/uploads\/2023\/08\/WhatsApp-Image-2023-08-12-at-09.07.29-16.jpeg 1600w\" sizes=\"auto, (max-width: 1024px) 100vw, 1024px\" \/><\/figure>\n\n\n\n<figure class=\"wp-block-image size-large\"><img loading=\"lazy\" decoding=\"async\" width=\"1024\" height=\"682\" data-id=\"194464\" src=\"https:\/\/radioljubuski.ba\/wp-content\/uploads\/2023\/08\/WhatsApp-Image-2023-08-12-at-09.07.29-15-1024x682.jpeg\" alt=\"\" class=\"wp-image-194464\" srcset=\"https:\/\/radioljubuski.ba\/wp-content\/uploads\/2023\/08\/WhatsApp-Image-2023-08-12-at-09.07.29-15-1024x682.jpeg 1024w, https:\/\/radioljubuski.ba\/wp-content\/uploads\/2023\/08\/WhatsApp-Image-2023-08-12-at-09.07.29-15-300x200.jpeg 300w, https:\/\/radioljubuski.ba\/wp-content\/uploads\/2023\/08\/WhatsApp-Image-2023-08-12-at-09.07.29-15-768x512.jpeg 768w, https:\/\/radioljubuski.ba\/wp-content\/uploads\/2023\/08\/WhatsApp-Image-2023-08-12-at-09.07.29-15-1536x1023.jpeg 1536w, https:\/\/radioljubuski.ba\/wp-content\/uploads\/2023\/08\/WhatsApp-Image-2023-08-12-at-09.07.29-15.jpeg 1600w\" sizes=\"auto, (max-width: 1024px) 100vw, 1024px\" \/><\/figure>\n\n\n\n<figure class=\"wp-block-image size-large\"><img loading=\"lazy\" decoding=\"async\" width=\"1024\" height=\"682\" data-id=\"194465\" src=\"https:\/\/radioljubuski.ba\/wp-content\/uploads\/2023\/08\/WhatsApp-Image-2023-08-12-at-09.07.29-14-1024x682.jpeg\" alt=\"\" class=\"wp-image-194465\" srcset=\"https:\/\/radioljubuski.ba\/wp-content\/uploads\/2023\/08\/WhatsApp-Image-2023-08-12-at-09.07.29-14-1024x682.jpeg 1024w, https:\/\/radioljubuski.ba\/wp-content\/uploads\/2023\/08\/WhatsApp-Image-2023-08-12-at-09.07.29-14-300x200.jpeg 300w, https:\/\/radioljubuski.ba\/wp-content\/uploads\/2023\/08\/WhatsApp-Image-2023-08-12-at-09.07.29-14-768x512.jpeg 768w, https:\/\/radioljubuski.ba\/wp-content\/uploads\/2023\/08\/WhatsApp-Image-2023-08-12-at-09.07.29-14-1536x1023.jpeg 1536w, https:\/\/radioljubuski.ba\/wp-content\/uploads\/2023\/08\/WhatsApp-Image-2023-08-12-at-09.07.29-14.jpeg 1600w\" sizes=\"auto, (max-width: 1024px) 100vw, 1024px\" \/><\/figure>\n\n\n\n<figure class=\"wp-block-image size-large\"><img loading=\"lazy\" decoding=\"async\" width=\"1024\" height=\"682\" data-id=\"194474\" src=\"https:\/\/radioljubuski.ba\/wp-content\/uploads\/2023\/08\/WhatsApp-Image-2023-08-12-at-09.07.29-13-1024x682.jpeg\" alt=\"\" class=\"wp-image-194474\" srcset=\"https:\/\/radioljubuski.ba\/wp-content\/uploads\/2023\/08\/WhatsApp-Image-2023-08-12-at-09.07.29-13-1024x682.jpeg 1024w, https:\/\/radioljubuski.ba\/wp-content\/uploads\/2023\/08\/WhatsApp-Image-2023-08-12-at-09.07.29-13-300x200.jpeg 300w, https:\/\/radioljubuski.ba\/wp-content\/uploads\/2023\/08\/WhatsApp-Image-2023-08-12-at-09.07.29-13-768x512.jpeg 768w, https:\/\/radioljubuski.ba\/wp-content\/uploads\/2023\/08\/WhatsApp-Image-2023-08-12-at-09.07.29-13-1536x1023.jpeg 1536w, https:\/\/radioljubuski.ba\/wp-content\/uploads\/2023\/08\/WhatsApp-Image-2023-08-12-at-09.07.29-13.jpeg 1600w\" sizes=\"auto, (max-width: 1024px) 100vw, 1024px\" \/><\/figure>\n\n\n\n<figure class=\"wp-block-image size-large\"><img loading=\"lazy\" decoding=\"async\" width=\"1024\" height=\"682\" data-id=\"194459\" src=\"https:\/\/radioljubuski.ba\/wp-content\/uploads\/2023\/08\/WhatsApp-Image-2023-08-12-at-09.07.29-12-1024x682.jpeg\" alt=\"\" class=\"wp-image-194459\" srcset=\"https:\/\/radioljubuski.ba\/wp-content\/uploads\/2023\/08\/WhatsApp-Image-2023-08-12-at-09.07.29-12-1024x682.jpeg 1024w, https:\/\/radioljubuski.ba\/wp-content\/uploads\/2023\/08\/WhatsApp-Image-2023-08-12-at-09.07.29-12-300x200.jpeg 300w, https:\/\/radioljubuski.ba\/wp-content\/uploads\/2023\/08\/WhatsApp-Image-2023-08-12-at-09.07.29-12-768x512.jpeg 768w, https:\/\/radioljubuski.ba\/wp-content\/uploads\/2023\/08\/WhatsApp-Image-2023-08-12-at-09.07.29-12-1536x1023.jpeg 1536w, https:\/\/radioljubuski.ba\/wp-content\/uploads\/2023\/08\/WhatsApp-Image-2023-08-12-at-09.07.29-12.jpeg 1600w\" sizes=\"auto, (max-width: 1024px) 100vw, 1024px\" \/><\/figure>\n\n\n\n<figure class=\"wp-block-image size-large\"><img loading=\"lazy\" decoding=\"async\" width=\"1024\" height=\"682\" data-id=\"194424\" src=\"https:\/\/radioljubuski.ba\/wp-content\/uploads\/2023\/08\/WhatsApp-Image-2023-08-12-at-09.07.29-11-1024x682.jpeg\" alt=\"\" class=\"wp-image-194424\" srcset=\"https:\/\/radioljubuski.ba\/wp-content\/uploads\/2023\/08\/WhatsApp-Image-2023-08-12-at-09.07.29-11-1024x682.jpeg 1024w, https:\/\/radioljubuski.ba\/wp-content\/uploads\/2023\/08\/WhatsApp-Image-2023-08-12-at-09.07.29-11-300x200.jpeg 300w, https:\/\/radioljubuski.ba\/wp-content\/uploads\/2023\/08\/WhatsApp-Image-2023-08-12-at-09.07.29-11-768x512.jpeg 768w, https:\/\/radioljubuski.ba\/wp-content\/uploads\/2023\/08\/WhatsApp-Image-2023-08-12-at-09.07.29-11-1536x1023.jpeg 1536w, https:\/\/radioljubuski.ba\/wp-content\/uploads\/2023\/08\/WhatsApp-Image-2023-08-12-at-09.07.29-11.jpeg 1600w\" sizes=\"auto, (max-width: 1024px) 100vw, 1024px\" \/><\/figure>\n\n\n\n<figure class=\"wp-block-image size-large\"><img loading=\"lazy\" decoding=\"async\" width=\"1024\" height=\"682\" data-id=\"194432\" src=\"https:\/\/radioljubuski.ba\/wp-content\/uploads\/2023\/08\/WhatsApp-Image-2023-08-12-at-09.07.29-10-1024x682.jpeg\" alt=\"\" class=\"wp-image-194432\" srcset=\"https:\/\/radioljubuski.ba\/wp-content\/uploads\/2023\/08\/WhatsApp-Image-2023-08-12-at-09.07.29-10-1024x682.jpeg 1024w, https:\/\/radioljubuski.ba\/wp-content\/uploads\/2023\/08\/WhatsApp-Image-2023-08-12-at-09.07.29-10-300x200.jpeg 300w, https:\/\/radioljubuski.ba\/wp-content\/uploads\/2023\/08\/WhatsApp-Image-2023-08-12-at-09.07.29-10-768x512.jpeg 768w, https:\/\/radioljubuski.ba\/wp-content\/uploads\/2023\/08\/WhatsApp-Image-2023-08-12-at-09.07.29-10-1536x1023.jpeg 1536w, https:\/\/radioljubuski.ba\/wp-content\/uploads\/2023\/08\/WhatsApp-Image-2023-08-12-at-09.07.29-10.jpeg 1600w\" sizes=\"auto, (max-width: 1024px) 100vw, 1024px\" \/><\/figure>\n\n\n\n<figure class=\"wp-block-image size-large\"><img loading=\"lazy\" decoding=\"async\" width=\"1024\" height=\"682\" data-id=\"194445\" src=\"https:\/\/radioljubuski.ba\/wp-content\/uploads\/2023\/08\/WhatsApp-Image-2023-08-12-at-09.07.29-9-1024x682.jpeg\" alt=\"\" class=\"wp-image-194445\" srcset=\"https:\/\/radioljubuski.ba\/wp-content\/uploads\/2023\/08\/WhatsApp-Image-2023-08-12-at-09.07.29-9-1024x682.jpeg 1024w, https:\/\/radioljubuski.ba\/wp-content\/uploads\/2023\/08\/WhatsApp-Image-2023-08-12-at-09.07.29-9-300x200.jpeg 300w, https:\/\/radioljubuski.ba\/wp-content\/uploads\/2023\/08\/WhatsApp-Image-2023-08-12-at-09.07.29-9-768x512.jpeg 768w, https:\/\/radioljubuski.ba\/wp-content\/uploads\/2023\/08\/WhatsApp-Image-2023-08-12-at-09.07.29-9-1536x1023.jpeg 1536w, https:\/\/radioljubuski.ba\/wp-content\/uploads\/2023\/08\/WhatsApp-Image-2023-08-12-at-09.07.29-9.jpeg 1600w\" sizes=\"auto, (max-width: 1024px) 100vw, 1024px\" \/><\/figure>\n\n\n\n<figure class=\"wp-block-image size-large\"><img loading=\"lazy\" decoding=\"async\" width=\"1024\" height=\"682\" data-id=\"194471\" src=\"https:\/\/radioljubuski.ba\/wp-content\/uploads\/2023\/08\/WhatsApp-Image-2023-08-12-at-09.07.29-8-1024x682.jpeg\" alt=\"\" class=\"wp-image-194471\" srcset=\"https:\/\/radioljubuski.ba\/wp-content\/uploads\/2023\/08\/WhatsApp-Image-2023-08-12-at-09.07.29-8-1024x682.jpeg 1024w, https:\/\/radioljubuski.ba\/wp-content\/uploads\/2023\/08\/WhatsApp-Image-2023-08-12-at-09.07.29-8-300x200.jpeg 300w, https:\/\/radioljubuski.ba\/wp-content\/uploads\/2023\/08\/WhatsApp-Image-2023-08-12-at-09.07.29-8-768x512.jpeg 768w, https:\/\/radioljubuski.ba\/wp-content\/uploads\/2023\/08\/WhatsApp-Image-2023-08-12-at-09.07.29-8-1536x1023.jpeg 1536w, https:\/\/radioljubuski.ba\/wp-content\/uploads\/2023\/08\/WhatsApp-Image-2023-08-12-at-09.07.29-8.jpeg 1600w\" sizes=\"auto, (max-width: 1024px) 100vw, 1024px\" \/><\/figure>\n\n\n\n<figure class=\"wp-block-image size-large\"><img loading=\"lazy\" decoding=\"async\" width=\"1024\" height=\"682\" data-id=\"194460\" src=\"https:\/\/radioljubuski.ba\/wp-content\/uploads\/2023\/08\/WhatsApp-Image-2023-08-12-at-09.07.29-7-1024x682.jpeg\" alt=\"\" class=\"wp-image-194460\" srcset=\"https:\/\/radioljubuski.ba\/wp-content\/uploads\/2023\/08\/WhatsApp-Image-2023-08-12-at-09.07.29-7-1024x682.jpeg 1024w, https:\/\/radioljubuski.ba\/wp-content\/uploads\/2023\/08\/WhatsApp-Image-2023-08-12-at-09.07.29-7-300x200.jpeg 300w, https:\/\/radioljubuski.ba\/wp-content\/uploads\/2023\/08\/WhatsApp-Image-2023-08-12-at-09.07.29-7-768x512.jpeg 768w, https:\/\/radioljubuski.ba\/wp-content\/uploads\/2023\/08\/WhatsApp-Image-2023-08-12-at-09.07.29-7-1536x1023.jpeg 1536w, https:\/\/radioljubuski.ba\/wp-content\/uploads\/2023\/08\/WhatsApp-Image-2023-08-12-at-09.07.29-7.jpeg 1600w\" sizes=\"auto, (max-width: 1024px) 100vw, 1024px\" \/><\/figure>\n\n\n\n<figure class=\"wp-block-image size-large\"><img loading=\"lazy\" decoding=\"async\" width=\"1024\" height=\"682\" data-id=\"194467\" src=\"https:\/\/radioljubuski.ba\/wp-content\/uploads\/2023\/08\/WhatsApp-Image-2023-08-12-at-09.07.29-6-1024x682.jpeg\" alt=\"\" class=\"wp-image-194467\" srcset=\"https:\/\/radioljubuski.ba\/wp-content\/uploads\/2023\/08\/WhatsApp-Image-2023-08-12-at-09.07.29-6-1024x682.jpeg 1024w, https:\/\/radioljubuski.ba\/wp-content\/uploads\/2023\/08\/WhatsApp-Image-2023-08-12-at-09.07.29-6-300x200.jpeg 300w, https:\/\/radioljubuski.ba\/wp-content\/uploads\/2023\/08\/WhatsApp-Image-2023-08-12-at-09.07.29-6-768x512.jpeg 768w, https:\/\/radioljubuski.ba\/wp-content\/uploads\/2023\/08\/WhatsApp-Image-2023-08-12-at-09.07.29-6-1536x1023.jpeg 1536w, https:\/\/radioljubuski.ba\/wp-content\/uploads\/2023\/08\/WhatsApp-Image-2023-08-12-at-09.07.29-6.jpeg 1600w\" sizes=\"auto, (max-width: 1024px) 100vw, 1024px\" \/><\/figure>\n\n\n\n<figure class=\"wp-block-image size-large\"><img loading=\"lazy\" decoding=\"async\" width=\"1024\" height=\"682\" data-id=\"194463\" src=\"https:\/\/radioljubuski.ba\/wp-content\/uploads\/2023\/08\/WhatsApp-Image-2023-08-12-at-09.07.29-5-1024x682.jpeg\" alt=\"\" class=\"wp-image-194463\" srcset=\"https:\/\/radioljubuski.ba\/wp-content\/uploads\/2023\/08\/WhatsApp-Image-2023-08-12-at-09.07.29-5-1024x682.jpeg 1024w, https:\/\/radioljubuski.ba\/wp-content\/uploads\/2023\/08\/WhatsApp-Image-2023-08-12-at-09.07.29-5-300x200.jpeg 300w, https:\/\/radioljubuski.ba\/wp-content\/uploads\/2023\/08\/WhatsApp-Image-2023-08-12-at-09.07.29-5-768x512.jpeg 768w, https:\/\/radioljubuski.ba\/wp-content\/uploads\/2023\/08\/WhatsApp-Image-2023-08-12-at-09.07.29-5-1536x1023.jpeg 1536w, https:\/\/radioljubuski.ba\/wp-content\/uploads\/2023\/08\/WhatsApp-Image-2023-08-12-at-09.07.29-5.jpeg 1600w\" sizes=\"auto, (max-width: 1024px) 100vw, 1024px\" \/><\/figure>\n\n\n\n<figure class=\"wp-block-image size-large\"><img loading=\"lazy\" decoding=\"async\" width=\"1024\" height=\"682\" data-id=\"194456\" src=\"https:\/\/radioljubuski.ba\/wp-content\/uploads\/2023\/08\/WhatsApp-Image-2023-08-12-at-09.07.29-4-1024x682.jpeg\" alt=\"\" class=\"wp-image-194456\" srcset=\"https:\/\/radioljubuski.ba\/wp-content\/uploads\/2023\/08\/WhatsApp-Image-2023-08-12-at-09.07.29-4-1024x682.jpeg 1024w, https:\/\/radioljubuski.ba\/wp-content\/uploads\/2023\/08\/WhatsApp-Image-2023-08-12-at-09.07.29-4-300x200.jpeg 300w, https:\/\/radioljubuski.ba\/wp-content\/uploads\/2023\/08\/WhatsApp-Image-2023-08-12-at-09.07.29-4-768x512.jpeg 768w, https:\/\/radioljubuski.ba\/wp-content\/uploads\/2023\/08\/WhatsApp-Image-2023-08-12-at-09.07.29-4-1536x1023.jpeg 1536w, https:\/\/radioljubuski.ba\/wp-content\/uploads\/2023\/08\/WhatsApp-Image-2023-08-12-at-09.07.29-4.jpeg 1600w\" sizes=\"auto, (max-width: 1024px) 100vw, 1024px\" \/><\/figure>\n\n\n\n<figure class=\"wp-block-image size-large\"><img loading=\"lazy\" decoding=\"async\" width=\"1024\" height=\"682\" data-id=\"194433\" src=\"https:\/\/radioljubuski.ba\/wp-content\/uploads\/2023\/08\/WhatsApp-Image-2023-08-12-at-09.07.29-3-1024x682.jpeg\" alt=\"\" class=\"wp-image-194433\" srcset=\"https:\/\/radioljubuski.ba\/wp-content\/uploads\/2023\/08\/WhatsApp-Image-2023-08-12-at-09.07.29-3-1024x682.jpeg 1024w, https:\/\/radioljubuski.ba\/wp-content\/uploads\/2023\/08\/WhatsApp-Image-2023-08-12-at-09.07.29-3-300x200.jpeg 300w, https:\/\/radioljubuski.ba\/wp-content\/uploads\/2023\/08\/WhatsApp-Image-2023-08-12-at-09.07.29-3-768x512.jpeg 768w, https:\/\/radioljubuski.ba\/wp-content\/uploads\/2023\/08\/WhatsApp-Image-2023-08-12-at-09.07.29-3-1536x1023.jpeg 1536w, https:\/\/radioljubuski.ba\/wp-content\/uploads\/2023\/08\/WhatsApp-Image-2023-08-12-at-09.07.29-3.jpeg 1600w\" sizes=\"auto, (max-width: 1024px) 100vw, 1024px\" \/><\/figure>\n\n\n\n<figure class=\"wp-block-image size-large\"><img loading=\"lazy\" decoding=\"async\" width=\"1024\" height=\"682\" data-id=\"194458\" src=\"https:\/\/radioljubuski.ba\/wp-content\/uploads\/2023\/08\/WhatsApp-Image-2023-08-12-at-09.07.29-2-1024x682.jpeg\" alt=\"\" class=\"wp-image-194458\" srcset=\"https:\/\/radioljubuski.ba\/wp-content\/uploads\/2023\/08\/WhatsApp-Image-2023-08-12-at-09.07.29-2-1024x682.jpeg 1024w, https:\/\/radioljubuski.ba\/wp-content\/uploads\/2023\/08\/WhatsApp-Image-2023-08-12-at-09.07.29-2-300x200.jpeg 300w, https:\/\/radioljubuski.ba\/wp-content\/uploads\/2023\/08\/WhatsApp-Image-2023-08-12-at-09.07.29-2-768x512.jpeg 768w, https:\/\/radioljubuski.ba\/wp-content\/uploads\/2023\/08\/WhatsApp-Image-2023-08-12-at-09.07.29-2-1536x1023.jpeg 1536w, https:\/\/radioljubuski.ba\/wp-content\/uploads\/2023\/08\/WhatsApp-Image-2023-08-12-at-09.07.29-2.jpeg 1600w\" sizes=\"auto, (max-width: 1024px) 100vw, 1024px\" \/><\/figure>\n\n\n\n<figure class=\"wp-block-image size-large\"><img loading=\"lazy\" decoding=\"async\" width=\"1024\" height=\"682\" data-id=\"194472\" src=\"https:\/\/radioljubuski.ba\/wp-content\/uploads\/2023\/08\/WhatsApp-Image-2023-08-12-at-09.07.29-1-1024x682.jpeg\" alt=\"\" class=\"wp-image-194472\" srcset=\"https:\/\/radioljubuski.ba\/wp-content\/uploads\/2023\/08\/WhatsApp-Image-2023-08-12-at-09.07.29-1-1024x682.jpeg 1024w, https:\/\/radioljubuski.ba\/wp-content\/uploads\/2023\/08\/WhatsApp-Image-2023-08-12-at-09.07.29-1-300x200.jpeg 300w, https:\/\/radioljubuski.ba\/wp-content\/uploads\/2023\/08\/WhatsApp-Image-2023-08-12-at-09.07.29-1-768x512.jpeg 768w, https:\/\/radioljubuski.ba\/wp-content\/uploads\/2023\/08\/WhatsApp-Image-2023-08-12-at-09.07.29-1-1536x1023.jpeg 1536w, https:\/\/radioljubuski.ba\/wp-content\/uploads\/2023\/08\/WhatsApp-Image-2023-08-12-at-09.07.29-1.jpeg 1600w\" sizes=\"auto, (max-width: 1024px) 100vw, 1024px\" \/><\/figure>\n\n\n\n<figure class=\"wp-block-image size-large\"><img loading=\"lazy\" decoding=\"async\" width=\"1024\" height=\"682\" data-id=\"194414\" src=\"https:\/\/radioljubuski.ba\/wp-content\/uploads\/2023\/08\/WhatsApp-Image-2023-08-12-at-09.07.29-1024x682.jpeg\" alt=\"\" class=\"wp-image-194414\" srcset=\"https:\/\/radioljubuski.ba\/wp-content\/uploads\/2023\/08\/WhatsApp-Image-2023-08-12-at-09.07.29-1024x682.jpeg 1024w, https:\/\/radioljubuski.ba\/wp-content\/uploads\/2023\/08\/WhatsApp-Image-2023-08-12-at-09.07.29-300x200.jpeg 300w, https:\/\/radioljubuski.ba\/wp-content\/uploads\/2023\/08\/WhatsApp-Image-2023-08-12-at-09.07.29-768x512.jpeg 768w, https:\/\/radioljubuski.ba\/wp-content\/uploads\/2023\/08\/WhatsApp-Image-2023-08-12-at-09.07.29-1536x1023.jpeg 1536w, https:\/\/radioljubuski.ba\/wp-content\/uploads\/2023\/08\/WhatsApp-Image-2023-08-12-at-09.07.29.jpeg 1600w\" sizes=\"auto, (max-width: 1024px) 100vw, 1024px\" \/><\/figure>\n<\/figure>\n\n\n\n<p>Gordana Ili\u0107 \/ Radio Ljubu\u0161ki<\/p>\n","protected":false},"excerpt":{"rendered":"<p>Ekipa Pregra\u0111a ovogodi\u0161nji je nositelj titule 19.\u00a0Agram Malonogometne lige Mjesnih zajednica Grada Ljubu\u0161kog, nakon \u0161to su u finalu savladali Cerno\/Miletinu\/Crnopod s (2:4 pen.) 2:2 (2:1).Tre\u0107e mjesto osvojila je Teskera koja je igrala protiv Va\u0161arovi\u0107a rezultat utakmica 3:2 (1:1).Ekipa MZ Ljubu\u0161ki osvojila je prvo mjesto na 12. Agram MNL MZ Grada Ljubu\u0161kog. Na drugom mjestu na\u0161li [&hellip;]<\/p>\n","protected":false},"author":2,"featured_media":194477,"comment_status":"closed","ping_status":"closed","sticky":false,"template":"","format":"standard","meta":{"h5ap_radio_sources":[],"footnotes":""},"categories":[28],"tags":[],"class_list":["post-194301","post","type-post","status-publish","format-standard","has-post-thumbnail","hentry","category-novosti"],"yoast_head":"<!-- This site is optimized with the Yoast SEO plugin v27.5 - https:\/\/yoast.com\/product\/yoast-seo-wordpress\/ -->\n<title>Foto: Pregra\u0111e ovogodi\u0161nji prvak Malonogometne lige Mjesnih zajednica Grada Ljubu\u0161kog - RADIO LJUBU\u0160KI<\/title>\n<meta name=\"robots\" content=\"index, follow, max-snippet:-1, max-image-preview:large, max-video-preview:-1\" \/>\n<link rel=\"canonical\" href=\"https:\/\/radioljubuski.ba\/index.php\/2023\/08\/12\/foto-pregrade-ovogodisnji-prvak-malonogometne-lige-mjesnih-zajednica-grada-ljubuskog\/\" \/>\n<meta property=\"og:locale\" content=\"hr_HR\" \/>\n<meta property=\"og:type\" content=\"article\" \/>\n<meta property=\"og:title\" content=\"Foto: Pregra\u0111e ovogodi\u0161nji prvak Malonogometne lige Mjesnih zajednica Grada Ljubu\u0161kog - RADIO LJUBU\u0160KI\" \/>\n<meta property=\"og:description\" content=\"Ekipa Pregra\u0111a ovogodi\u0161nji je nositelj titule 19.\u00a0Agram Malonogometne lige Mjesnih zajednica Grada Ljubu\u0161kog, nakon \u0161to su u finalu savladali Cerno\/Miletinu\/Crnopod s (2:4 pen.) 2:2 (2:1).Tre\u0107e mjesto osvojila je Teskera koja je igrala protiv Va\u0161arovi\u0107a rezultat utakmica 3:2 (1:1).Ekipa MZ Ljubu\u0161ki osvojila je prvo mjesto na 12. Agram MNL MZ Grada Ljubu\u0161kog. Na drugom mjestu na\u0161li [&hellip;]\" \/>\n<meta property=\"og:url\" content=\"https:\/\/radioljubuski.ba\/index.php\/2023\/08\/12\/foto-pregrade-ovogodisnji-prvak-malonogometne-lige-mjesnih-zajednica-grada-ljubuskog\/\" \/>\n<meta property=\"og:site_name\" content=\"RADIO LJUBU\u0160KI\" \/>\n<meta property=\"article:publisher\" content=\"https:\/\/www.facebook.com\/Radiio-Ljubuski-1490835324566332\" \/>\n<meta property=\"article:published_time\" content=\"2023-08-12T07:52:14+00:00\" \/>\n<meta property=\"article:modified_time\" content=\"2023-08-12T08:00:17+00:00\" \/>\n<meta property=\"og:image\" content=\"https:\/\/radioljubuski.ba\/wp-content\/uploads\/2023\/08\/WhatsApp-Image-2023-08-12-at-09.10.30-14-1.jpeg\" \/>\n\t<meta property=\"og:image:width\" content=\"1600\" \/>\n\t<meta property=\"og:image:height\" content=\"1066\" \/>\n\t<meta property=\"og:image:type\" content=\"image\/jpeg\" \/>\n<meta name=\"author\" content=\"Radio Ljubu\u0161ki\" \/>\n<meta name=\"twitter:card\" content=\"summary_large_image\" \/>\n<meta name=\"twitter:creator\" content=\"@radioljubuski\" \/>\n<meta name=\"twitter:site\" content=\"@radioljubuski\" \/>\n<meta name=\"twitter:label1\" content=\"Napisao\/la\" \/>\n\t<meta name=\"twitter:data1\" content=\"Radio Ljubu\u0161ki\" \/>\n\t<meta name=\"twitter:label2\" content=\"Procijenjeno vrijeme \u010ditanja\" \/>\n\t<meta name=\"twitter:data2\" content=\"20 minuta\" \/>\n<script type=\"application\/ld+json\" class=\"yoast-schema-graph\">{\"@context\":\"https:\\\/\\\/schema.org\",\"@graph\":[{\"@type\":\"Article\",\"@id\":\"https:\\\/\\\/radioljubuski.ba\\\/index.php\\\/2023\\\/08\\\/12\\\/foto-pregrade-ovogodisnji-prvak-malonogometne-lige-mjesnih-zajednica-grada-ljubuskog\\\/#article\",\"isPartOf\":{\"@id\":\"https:\\\/\\\/radioljubuski.ba\\\/index.php\\\/2023\\\/08\\\/12\\\/foto-pregrade-ovogodisnji-prvak-malonogometne-lige-mjesnih-zajednica-grada-ljubuskog\\\/\"},\"author\":{\"name\":\"Radio Ljubu\u0161ki\",\"@id\":\"https:\\\/\\\/radioljubuski.ba\\\/#\\\/schema\\\/person\\\/19fc700381a780f69665d7956c469e3b\"},\"headline\":\"Foto: Pregra\u0111e ovogodi\u0161nji prvak Malonogometne lige Mjesnih zajednica Grada Ljubu\u0161kog\",\"datePublished\":\"2023-08-12T07:52:14+00:00\",\"dateModified\":\"2023-08-12T08:00:17+00:00\",\"mainEntityOfPage\":{\"@id\":\"https:\\\/\\\/radioljubuski.ba\\\/index.php\\\/2023\\\/08\\\/12\\\/foto-pregrade-ovogodisnji-prvak-malonogometne-lige-mjesnih-zajednica-grada-ljubuskog\\\/\"},\"wordCount\":339,\"publisher\":{\"@id\":\"https:\\\/\\\/radioljubuski.ba\\\/#organization\"},\"image\":{\"@id\":\"https:\\\/\\\/radioljubuski.ba\\\/index.php\\\/2023\\\/08\\\/12\\\/foto-pregrade-ovogodisnji-prvak-malonogometne-lige-mjesnih-zajednica-grada-ljubuskog\\\/#primaryimage\"},\"thumbnailUrl\":\"https:\\\/\\\/radioljubuski.ba\\\/wp-content\\\/uploads\\\/2023\\\/08\\\/WhatsApp-Image-2023-08-12-at-09.10.30-14-1.jpeg\",\"articleSection\":[\"Novosti\"],\"inLanguage\":\"hr\"},{\"@type\":\"WebPage\",\"@id\":\"https:\\\/\\\/radioljubuski.ba\\\/index.php\\\/2023\\\/08\\\/12\\\/foto-pregrade-ovogodisnji-prvak-malonogometne-lige-mjesnih-zajednica-grada-ljubuskog\\\/\",\"url\":\"https:\\\/\\\/radioljubuski.ba\\\/index.php\\\/2023\\\/08\\\/12\\\/foto-pregrade-ovogodisnji-prvak-malonogometne-lige-mjesnih-zajednica-grada-ljubuskog\\\/\",\"name\":\"Foto: Pregra\u0111e ovogodi\u0161nji prvak Malonogometne lige Mjesnih zajednica Grada Ljubu\u0161kog - RADIO LJUBU\u0160KI\",\"isPartOf\":{\"@id\":\"https:\\\/\\\/radioljubuski.ba\\\/#website\"},\"primaryImageOfPage\":{\"@id\":\"https:\\\/\\\/radioljubuski.ba\\\/index.php\\\/2023\\\/08\\\/12\\\/foto-pregrade-ovogodisnji-prvak-malonogometne-lige-mjesnih-zajednica-grada-ljubuskog\\\/#primaryimage\"},\"image\":{\"@id\":\"https:\\\/\\\/radioljubuski.ba\\\/index.php\\\/2023\\\/08\\\/12\\\/foto-pregrade-ovogodisnji-prvak-malonogometne-lige-mjesnih-zajednica-grada-ljubuskog\\\/#primaryimage\"},\"thumbnailUrl\":\"https:\\\/\\\/radioljubuski.ba\\\/wp-content\\\/uploads\\\/2023\\\/08\\\/WhatsApp-Image-2023-08-12-at-09.10.30-14-1.jpeg\",\"datePublished\":\"2023-08-12T07:52:14+00:00\",\"dateModified\":\"2023-08-12T08:00:17+00:00\",\"breadcrumb\":{\"@id\":\"https:\\\/\\\/radioljubuski.ba\\\/index.php\\\/2023\\\/08\\\/12\\\/foto-pregrade-ovogodisnji-prvak-malonogometne-lige-mjesnih-zajednica-grada-ljubuskog\\\/#breadcrumb\"},\"inLanguage\":\"hr\",\"potentialAction\":[{\"@type\":\"ReadAction\",\"target\":[\"https:\\\/\\\/radioljubuski.ba\\\/index.php\\\/2023\\\/08\\\/12\\\/foto-pregrade-ovogodisnji-prvak-malonogometne-lige-mjesnih-zajednica-grada-ljubuskog\\\/\"]}]},{\"@type\":\"ImageObject\",\"inLanguage\":\"hr\",\"@id\":\"https:\\\/\\\/radioljubuski.ba\\\/index.php\\\/2023\\\/08\\\/12\\\/foto-pregrade-ovogodisnji-prvak-malonogometne-lige-mjesnih-zajednica-grada-ljubuskog\\\/#primaryimage\",\"url\":\"https:\\\/\\\/radioljubuski.ba\\\/wp-content\\\/uploads\\\/2023\\\/08\\\/WhatsApp-Image-2023-08-12-at-09.10.30-14-1.jpeg\",\"contentUrl\":\"https:\\\/\\\/radioljubuski.ba\\\/wp-content\\\/uploads\\\/2023\\\/08\\\/WhatsApp-Image-2023-08-12-at-09.10.30-14-1.jpeg\",\"width\":1600,\"height\":1066},{\"@type\":\"BreadcrumbList\",\"@id\":\"https:\\\/\\\/radioljubuski.ba\\\/index.php\\\/2023\\\/08\\\/12\\\/foto-pregrade-ovogodisnji-prvak-malonogometne-lige-mjesnih-zajednica-grada-ljubuskog\\\/#breadcrumb\",\"itemListElement\":[{\"@type\":\"ListItem\",\"position\":1,\"name\":\"Po\u010detna stranica\",\"item\":\"https:\\\/\\\/radioljubuski.ba\\\/\"},{\"@type\":\"ListItem\",\"position\":2,\"name\":\"Foto: Pregra\u0111e ovogodi\u0161nji prvak Malonogometne lige Mjesnih zajednica Grada Ljubu\u0161kog\"}]},{\"@type\":\"WebSite\",\"@id\":\"https:\\\/\\\/radioljubuski.ba\\\/#website\",\"url\":\"https:\\\/\\\/radioljubuski.ba\\\/\",\"name\":\"Radio Ljubu\u0161ki\",\"description\":\"Sun\u010dana frekvencija Hercegovine\",\"publisher\":{\"@id\":\"https:\\\/\\\/radioljubuski.ba\\\/#organization\"},\"potentialAction\":[{\"@type\":\"SearchAction\",\"target\":{\"@type\":\"EntryPoint\",\"urlTemplate\":\"https:\\\/\\\/radioljubuski.ba\\\/?s={search_term_string}\"},\"query-input\":{\"@type\":\"PropertyValueSpecification\",\"valueRequired\":true,\"valueName\":\"search_term_string\"}}],\"inLanguage\":\"hr\"},{\"@type\":\"Organization\",\"@id\":\"https:\\\/\\\/radioljubuski.ba\\\/#organization\",\"name\":\"Radio Ljubu\u0161ki\",\"url\":\"https:\\\/\\\/radioljubuski.ba\\\/\",\"logo\":{\"@type\":\"ImageObject\",\"inLanguage\":\"hr\",\"@id\":\"https:\\\/\\\/radioljubuski.ba\\\/#\\\/schema\\\/logo\\\/image\\\/\",\"url\":\"https:\\\/\\\/radioljubuski.ba\\\/wp-content\\\/uploads\\\/2021\\\/02\\\/cropped-Radio_Ljubuski_logo1.jpg\",\"contentUrl\":\"https:\\\/\\\/radioljubuski.ba\\\/wp-content\\\/uploads\\\/2021\\\/02\\\/cropped-Radio_Ljubuski_logo1.jpg\",\"width\":512,\"height\":512,\"caption\":\"Radio Ljubu\u0161ki\"},\"image\":{\"@id\":\"https:\\\/\\\/radioljubuski.ba\\\/#\\\/schema\\\/logo\\\/image\\\/\"},\"sameAs\":[\"https:\\\/\\\/www.facebook.com\\\/Radiio-Ljubuski-1490835324566332\",\"https:\\\/\\\/x.com\\\/radioljubuski\",\"https:\\\/\\\/hr.linkedin.com\\\/company\\\/radio-ljubuski\",\"https:\\\/\\\/www.youtube.com\\\/channel\\\/UCHYaeO_n0Db3tjNGudGpXyw\"]},{\"@type\":\"Person\",\"@id\":\"https:\\\/\\\/radioljubuski.ba\\\/#\\\/schema\\\/person\\\/19fc700381a780f69665d7956c469e3b\",\"name\":\"Radio Ljubu\u0161ki\"}]}<\/script>\n<!-- \/ Yoast SEO plugin. -->","yoast_head_json":{"title":"Foto: Pregra\u0111e ovogodi\u0161nji prvak Malonogometne lige Mjesnih zajednica Grada Ljubu\u0161kog - RADIO LJUBU\u0160KI","robots":{"index":"index","follow":"follow","max-snippet":"max-snippet:-1","max-image-preview":"max-image-preview:large","max-video-preview":"max-video-preview:-1"},"canonical":"https:\/\/radioljubuski.ba\/index.php\/2023\/08\/12\/foto-pregrade-ovogodisnji-prvak-malonogometne-lige-mjesnih-zajednica-grada-ljubuskog\/","og_locale":"hr_HR","og_type":"article","og_title":"Foto: Pregra\u0111e ovogodi\u0161nji prvak Malonogometne lige Mjesnih zajednica Grada Ljubu\u0161kog - RADIO LJUBU\u0160KI","og_description":"Ekipa Pregra\u0111a ovogodi\u0161nji je nositelj titule 19.\u00a0Agram Malonogometne lige Mjesnih zajednica Grada Ljubu\u0161kog, nakon \u0161to su u finalu savladali Cerno\/Miletinu\/Crnopod s (2:4 pen.) 2:2 (2:1).Tre\u0107e mjesto osvojila je Teskera koja je igrala protiv Va\u0161arovi\u0107a rezultat utakmica 3:2 (1:1).Ekipa MZ Ljubu\u0161ki osvojila je prvo mjesto na 12. Agram MNL MZ Grada Ljubu\u0161kog. Na drugom mjestu na\u0161li [&hellip;]","og_url":"https:\/\/radioljubuski.ba\/index.php\/2023\/08\/12\/foto-pregrade-ovogodisnji-prvak-malonogometne-lige-mjesnih-zajednica-grada-ljubuskog\/","og_site_name":"RADIO LJUBU\u0160KI","article_publisher":"https:\/\/www.facebook.com\/Radiio-Ljubuski-1490835324566332","article_published_time":"2023-08-12T07:52:14+00:00","article_modified_time":"2023-08-12T08:00:17+00:00","og_image":[{"width":1600,"height":1066,"url":"https:\/\/radioljubuski.ba\/wp-content\/uploads\/2023\/08\/WhatsApp-Image-2023-08-12-at-09.10.30-14-1.jpeg","type":"image\/jpeg"}],"author":"Radio Ljubu\u0161ki","twitter_card":"summary_large_image","twitter_creator":"@radioljubuski","twitter_site":"@radioljubuski","twitter_misc":{"Napisao\/la":"Radio Ljubu\u0161ki","Procijenjeno vrijeme \u010ditanja":"20 minuta"},"schema":{"@context":"https:\/\/schema.org","@graph":[{"@type":"Article","@id":"https:\/\/radioljubuski.ba\/index.php\/2023\/08\/12\/foto-pregrade-ovogodisnji-prvak-malonogometne-lige-mjesnih-zajednica-grada-ljubuskog\/#article","isPartOf":{"@id":"https:\/\/radioljubuski.ba\/index.php\/2023\/08\/12\/foto-pregrade-ovogodisnji-prvak-malonogometne-lige-mjesnih-zajednica-grada-ljubuskog\/"},"author":{"name":"Radio Ljubu\u0161ki","@id":"https:\/\/radioljubuski.ba\/#\/schema\/person\/19fc700381a780f69665d7956c469e3b"},"headline":"Foto: Pregra\u0111e ovogodi\u0161nji prvak Malonogometne lige Mjesnih zajednica Grada Ljubu\u0161kog","datePublished":"2023-08-12T07:52:14+00:00","dateModified":"2023-08-12T08:00:17+00:00","mainEntityOfPage":{"@id":"https:\/\/radioljubuski.ba\/index.php\/2023\/08\/12\/foto-pregrade-ovogodisnji-prvak-malonogometne-lige-mjesnih-zajednica-grada-ljubuskog\/"},"wordCount":339,"publisher":{"@id":"https:\/\/radioljubuski.ba\/#organization"},"image":{"@id":"https:\/\/radioljubuski.ba\/index.php\/2023\/08\/12\/foto-pregrade-ovogodisnji-prvak-malonogometne-lige-mjesnih-zajednica-grada-ljubuskog\/#primaryimage"},"thumbnailUrl":"https:\/\/radioljubuski.ba\/wp-content\/uploads\/2023\/08\/WhatsApp-Image-2023-08-12-at-09.10.30-14-1.jpeg","articleSection":["Novosti"],"inLanguage":"hr"},{"@type":"WebPage","@id":"https:\/\/radioljubuski.ba\/index.php\/2023\/08\/12\/foto-pregrade-ovogodisnji-prvak-malonogometne-lige-mjesnih-zajednica-grada-ljubuskog\/","url":"https:\/\/radioljubuski.ba\/index.php\/2023\/08\/12\/foto-pregrade-ovogodisnji-prvak-malonogometne-lige-mjesnih-zajednica-grada-ljubuskog\/","name":"Foto: Pregra\u0111e ovogodi\u0161nji prvak Malonogometne lige Mjesnih zajednica Grada Ljubu\u0161kog - RADIO LJUBU\u0160KI","isPartOf":{"@id":"https:\/\/radioljubuski.ba\/#website"},"primaryImageOfPage":{"@id":"https:\/\/radioljubuski.ba\/index.php\/2023\/08\/12\/foto-pregrade-ovogodisnji-prvak-malonogometne-lige-mjesnih-zajednica-grada-ljubuskog\/#primaryimage"},"image":{"@id":"https:\/\/radioljubuski.ba\/index.php\/2023\/08\/12\/foto-pregrade-ovogodisnji-prvak-malonogometne-lige-mjesnih-zajednica-grada-ljubuskog\/#primaryimage"},"thumbnailUrl":"https:\/\/radioljubuski.ba\/wp-content\/uploads\/2023\/08\/WhatsApp-Image-2023-08-12-at-09.10.30-14-1.jpeg","datePublished":"2023-08-12T07:52:14+00:00","dateModified":"2023-08-12T08:00:17+00:00","breadcrumb":{"@id":"https:\/\/radioljubuski.ba\/index.php\/2023\/08\/12\/foto-pregrade-ovogodisnji-prvak-malonogometne-lige-mjesnih-zajednica-grada-ljubuskog\/#breadcrumb"},"inLanguage":"hr","potentialAction":[{"@type":"ReadAction","target":["https:\/\/radioljubuski.ba\/index.php\/2023\/08\/12\/foto-pregrade-ovogodisnji-prvak-malonogometne-lige-mjesnih-zajednica-grada-ljubuskog\/"]}]},{"@type":"ImageObject","inLanguage":"hr","@id":"https:\/\/radioljubuski.ba\/index.php\/2023\/08\/12\/foto-pregrade-ovogodisnji-prvak-malonogometne-lige-mjesnih-zajednica-grada-ljubuskog\/#primaryimage","url":"https:\/\/radioljubuski.ba\/wp-content\/uploads\/2023\/08\/WhatsApp-Image-2023-08-12-at-09.10.30-14-1.jpeg","contentUrl":"https:\/\/radioljubuski.ba\/wp-content\/uploads\/2023\/08\/WhatsApp-Image-2023-08-12-at-09.10.30-14-1.jpeg","width":1600,"height":1066},{"@type":"BreadcrumbList","@id":"https:\/\/radioljubuski.ba\/index.php\/2023\/08\/12\/foto-pregrade-ovogodisnji-prvak-malonogometne-lige-mjesnih-zajednica-grada-ljubuskog\/#breadcrumb","itemListElement":[{"@type":"ListItem","position":1,"name":"Po\u010detna stranica","item":"https:\/\/radioljubuski.ba\/"},{"@type":"ListItem","position":2,"name":"Foto: Pregra\u0111e ovogodi\u0161nji prvak Malonogometne lige Mjesnih zajednica Grada Ljubu\u0161kog"}]},{"@type":"WebSite","@id":"https:\/\/radioljubuski.ba\/#website","url":"https:\/\/radioljubuski.ba\/","name":"Radio Ljubu\u0161ki","description":"Sun\u010dana frekvencija Hercegovine","publisher":{"@id":"https:\/\/radioljubuski.ba\/#organization"},"potentialAction":[{"@type":"SearchAction","target":{"@type":"EntryPoint","urlTemplate":"https:\/\/radioljubuski.ba\/?s={search_term_string}"},"query-input":{"@type":"PropertyValueSpecification","valueRequired":true,"valueName":"search_term_string"}}],"inLanguage":"hr"},{"@type":"Organization","@id":"https:\/\/radioljubuski.ba\/#organization","name":"Radio Ljubu\u0161ki","url":"https:\/\/radioljubuski.ba\/","logo":{"@type":"ImageObject","inLanguage":"hr","@id":"https:\/\/radioljubuski.ba\/#\/schema\/logo\/image\/","url":"https:\/\/radioljubuski.ba\/wp-content\/uploads\/2021\/02\/cropped-Radio_Ljubuski_logo1.jpg","contentUrl":"https:\/\/radioljubuski.ba\/wp-content\/uploads\/2021\/02\/cropped-Radio_Ljubuski_logo1.jpg","width":512,"height":512,"caption":"Radio Ljubu\u0161ki"},"image":{"@id":"https:\/\/radioljubuski.ba\/#\/schema\/logo\/image\/"},"sameAs":["https:\/\/www.facebook.com\/Radiio-Ljubuski-1490835324566332","https:\/\/x.com\/radioljubuski","https:\/\/hr.linkedin.com\/company\/radio-ljubuski","https:\/\/www.youtube.com\/channel\/UCHYaeO_n0Db3tjNGudGpXyw"]},{"@type":"Person","@id":"https:\/\/radioljubuski.ba\/#\/schema\/person\/19fc700381a780f69665d7956c469e3b","name":"Radio Ljubu\u0161ki"}]}},"_links":{"self":[{"href":"https:\/\/radioljubuski.ba\/index.php\/wp-json\/wp\/v2\/posts\/194301","targetHints":{"allow":["GET"]}}],"collection":[{"href":"https:\/\/radioljubuski.ba\/index.php\/wp-json\/wp\/v2\/posts"}],"about":[{"href":"https:\/\/radioljubuski.ba\/index.php\/wp-json\/wp\/v2\/types\/post"}],"author":[{"embeddable":true,"href":"https:\/\/radioljubuski.ba\/index.php\/wp-json\/wp\/v2\/users\/2"}],"replies":[{"embeddable":true,"href":"https:\/\/radioljubuski.ba\/index.php\/wp-json\/wp\/v2\/comments?post=194301"}],"version-history":[{"count":7,"href":"https:\/\/radioljubuski.ba\/index.php\/wp-json\/wp\/v2\/posts\/194301\/revisions"}],"predecessor-version":[{"id":194499,"href":"https:\/\/radioljubuski.ba\/index.php\/wp-json\/wp\/v2\/posts\/194301\/revisions\/194499"}],"wp:featuredmedia":[{"embeddable":true,"href":"https:\/\/radioljubuski.ba\/index.php\/wp-json\/wp\/v2\/media\/194477"}],"wp:attachment":[{"href":"https:\/\/radioljubuski.ba\/index.php\/wp-json\/wp\/v2\/media?parent=194301"}],"wp:term":[{"taxonomy":"category","embeddable":true,"href":"https:\/\/radioljubuski.ba\/index.php\/wp-json\/wp\/v2\/categories?post=194301"},{"taxonomy":"post_tag","embeddable":true,"href":"https:\/\/radioljubuski.ba\/index.php\/wp-json\/wp\/v2\/tags?post=194301"}],"curies":[{"name":"wp","href":"https:\/\/api.w.org\/{rel}","templated":true}]}}