{"id":194585,"date":"2023-08-14T13:32:10","date_gmt":"2023-08-14T12:32:10","guid":{"rendered":"https:\/\/radioljubuski.ba\/?p=194585"},"modified":"2023-08-16T10:02:57","modified_gmt":"2023-08-16T09:02:57","slug":"toni-kraljevic-jedini-ministar-u-vladi-federacije-bez-savjetnika","status":"publish","type":"post","link":"https:\/\/radioljubuski.ba\/index.php\/2023\/08\/14\/toni-kraljevic-jedini-ministar-u-vladi-federacije-bez-savjetnika\/","title":{"rendered":"Toni Kraljevi\u0107 jedini ministar u Vladi Federacije bez savjetnika"},"content":{"rendered":"\n<p>Osnovna pla\u0107a savjetnika federalnih ministara iznosi 2.464 KM i na ovo se dodaje jo\u0161 0,5 posto za svaku zapo\u010detu godinu mirovinskog sta\u017ea savjetnika<\/p>\n\n\n\n<p>Zaklju\u010dkom Vlade FBiH, koji je donesen prije dvanaest godina, utvr\u0111en je broj savjetnika nositelja izvr\u0161nih funkcija u Vladi, prema kojem federalni ministri mogu imati najvi\u0161e tri savjetnika, pi\u0161e&nbsp;Oslobo\u0111enje.<\/p>\n\n\n\n<p>Do ovog trenutka anga\u017eirano je dvanaest savjetnika u ministarstvima, a jedini koji nema savjetnika je federalni ministar financija Toni Kraljevi\u0107.<\/p>\n\n\n\n<p><a href=\"https:\/\/www.hercegovina.info\/vijesti\/bih\/tri-savjetnika-po-ministru-jedini-ministar-u-vladi-federacije-bez-savjetnika-je-toni-kraljevic\/216071\/\" target=\"_blank\" rel=\"noreferrer noopener\"><\/a><\/p>\n\n\n\n<p>Vojin Mijatovi\u0107, federalni ministar razvoja, poduzetni\u0161tva i obrta, imenovao je dvojicu savjetnika. To su \u0161ezdeset\u0161estogodi\u0161nji Radomir Predojevi\u0107, koji je savjetnik za ekonomska pitanja od 19. svibnja. Predojevi\u0107 je po struci ekonomist, a ranije je radio na rukovode\u0107im pozicijama u nekoliko banjalu\u010dkih poduze\u0107a. Aleksandar Vukovi\u0107 je Mijatovi\u0107ev savjetnik za razvoj, poduzetni\u0161tvo i obrt od 7. lipnja. Zavr\u0161io je Prirodno-matemati\u010dki fakultet u Banjoj Luci i magistar je geografskih nauka. I on je, tako\u0111er, bio direktor nekoliko banjalu\u010dkih poduze\u0107a.<\/p>\n\n\n\n<p>Pravilnikom o unutarnjoj organizaciji federalnog Ministarstva rada i socijalne politike su sistematizirane tri savjetni\u010dke pozicije, a popunjene su dvije. Ismira Kalkan je od svibnja savjetnica ministra Adnana Deli\u0107a za pravna pitanja. Prethodno je u ovom ministarstvu radila, pored ostalog, kao na\u010delnica Slu\u017ebe za europske integracije, strate\u0161ka planiranja i koordinaciju projekata. \u010cetrdesetjednogodi\u0161nji Jusuf Brki\u0107 je diplomirani ekonomist i savjetnik je za ekonomska pitanja. U njegovoj biografiji je navedeno da je radio u Ministarstvu gospodarstva KS-a kao pomo\u0107nik ministra za ekonomsko-financijske i stru\u010dne poslove i pra\u0107enje rada privrednih dru\u0161tava sa u\u010de\u0161\u0107em dr\u017eavnog kapitala. U FMRSP-u u narednom periodu planiraju imenovanje i tre\u0107eg savjetnika za socijalnu politiku.<\/p>\n\n\n\n<p>Ramo Isak, federalni ministar unutrarnjih poslova, ima dvojicu savjetnika. Zeni\u010danin Kasim Ali\u0107 je po struci pravnik, a u FMUP-u je od 9. svibnja savjetnik ministra za saradnju sa \u017eupanijskim MUP-ovima i drugim organima i tijelima. Drugi Isakov savjetnik je Haris Mujanovi\u0107. Zavr\u0161io je Ekonomski fakultet u Tuzli, a u FMUP-u je od lipnja savjetnik za obrazovanje.<\/p>\n\n\n\n<p>Prof. dr. Jasna Durakovi\u0107, ministrica obrazovanja i nauke, imenovala je tri savjetnika. Seid Masnica je savjetnik za visoko obrazovanje, nauku i tehnologije. Univerzitetski je profesor, dugogodi\u0161nji urednik i producent na BHRT-u. Belma Trajkov je savjetnica za ekonomska i pravna pitanja. U njenoj biografiji se navodi da ima dugogodi\u0161nje iskustvo u tijelima javne uprave, dok je Benjamin Hed\u017ei\u0107 savjetnik za pred\u0161kolsko, osnovno i srednje obrazovanje. Diplomirao je na Filozofskom fakultetu u Sarajevu \u2013 Odsjek germanistika.<\/p>\n","protected":false},"excerpt":{"rendered":"<p>Osnovna pla\u0107a savjetnika federalnih ministara iznosi 2.464 KM i na ovo se dodaje jo\u0161 0,5 posto za svaku zapo\u010detu godinu mirovinskog sta\u017ea savjetnika Zaklju\u010dkom Vlade FBiH, koji je donesen prije dvanaest godina, utvr\u0111en je broj savjetnika nositelja izvr\u0161nih funkcija u Vladi, prema kojem federalni ministri mogu imati najvi\u0161e tri savjetnika, pi\u0161e&nbsp;Oslobo\u0111enje. Do ovog trenutka anga\u017eirano [&hellip;]<\/p>\n","protected":false},"author":2,"featured_media":194589,"comment_status":"closed","ping_status":"closed","sticky":false,"template":"","format":"standard","meta":{"h5ap_radio_sources":[],"footnotes":""},"categories":[1],"tags":[],"class_list":["post-194585","post","type-post","status-publish","format-standard","has-post-thumbnail","hentry","category-bihiregija"],"yoast_head":"<!-- This site is optimized with the Yoast SEO plugin v27.5 - https:\/\/yoast.com\/product\/yoast-seo-wordpress\/ -->\n<title>Toni Kraljevi\u0107 jedini ministar u Vladi Federacije bez savjetnika - RADIO LJUBU\u0160KI<\/title>\n<meta name=\"robots\" content=\"index, follow, max-snippet:-1, max-image-preview:large, max-video-preview:-1\" \/>\n<link rel=\"canonical\" href=\"https:\/\/radioljubuski.ba\/index.php\/2023\/08\/14\/toni-kraljevic-jedini-ministar-u-vladi-federacije-bez-savjetnika\/\" \/>\n<meta property=\"og:locale\" content=\"hr_HR\" \/>\n<meta property=\"og:type\" content=\"article\" \/>\n<meta property=\"og:title\" content=\"Toni Kraljevi\u0107 jedini ministar u Vladi Federacije bez savjetnika - RADIO LJUBU\u0160KI\" \/>\n<meta property=\"og:description\" content=\"Osnovna pla\u0107a savjetnika federalnih ministara iznosi 2.464 KM i na ovo se dodaje jo\u0161 0,5 posto za svaku zapo\u010detu godinu mirovinskog sta\u017ea savjetnika Zaklju\u010dkom Vlade FBiH, koji je donesen prije dvanaest godina, utvr\u0111en je broj savjetnika nositelja izvr\u0161nih funkcija u Vladi, prema kojem federalni ministri mogu imati najvi\u0161e tri savjetnika, pi\u0161e&nbsp;Oslobo\u0111enje. Do ovog trenutka anga\u017eirano [&hellip;]\" \/>\n<meta property=\"og:url\" content=\"https:\/\/radioljubuski.ba\/index.php\/2023\/08\/14\/toni-kraljevic-jedini-ministar-u-vladi-federacije-bez-savjetnika\/\" \/>\n<meta property=\"og:site_name\" content=\"RADIO LJUBU\u0160KI\" \/>\n<meta property=\"article:publisher\" content=\"https:\/\/www.facebook.com\/Radiio-Ljubuski-1490835324566332\" \/>\n<meta property=\"article:published_time\" content=\"2023-08-14T12:32:10+00:00\" \/>\n<meta property=\"article:modified_time\" content=\"2023-08-16T09:02:57+00:00\" \/>\n<meta property=\"og:image\" content=\"https:\/\/radioljubuski.ba\/wp-content\/uploads\/2023\/08\/Toni-Kraljevic-\u2013-vodoravno-1.jpg\" \/>\n\t<meta property=\"og:image:width\" content=\"2185\" \/>\n\t<meta property=\"og:image:height\" content=\"1212\" \/>\n\t<meta property=\"og:image:type\" content=\"image\/jpeg\" \/>\n<meta name=\"author\" content=\"Radio Ljubu\u0161ki\" \/>\n<meta name=\"twitter:card\" content=\"summary_large_image\" \/>\n<meta name=\"twitter:creator\" content=\"@radioljubuski\" \/>\n<meta name=\"twitter:site\" content=\"@radioljubuski\" \/>\n<meta name=\"twitter:label1\" content=\"Napisao\/la\" \/>\n\t<meta name=\"twitter:data1\" content=\"Radio Ljubu\u0161ki\" \/>\n\t<meta name=\"twitter:label2\" content=\"Procijenjeno vrijeme \u010ditanja\" \/>\n\t<meta name=\"twitter:data2\" content=\"3 minute\" \/>\n<script type=\"application\/ld+json\" class=\"yoast-schema-graph\">{\"@context\":\"https:\\\/\\\/schema.org\",\"@graph\":[{\"@type\":\"Article\",\"@id\":\"https:\\\/\\\/radioljubuski.ba\\\/index.php\\\/2023\\\/08\\\/14\\\/toni-kraljevic-jedini-ministar-u-vladi-federacije-bez-savjetnika\\\/#article\",\"isPartOf\":{\"@id\":\"https:\\\/\\\/radioljubuski.ba\\\/index.php\\\/2023\\\/08\\\/14\\\/toni-kraljevic-jedini-ministar-u-vladi-federacije-bez-savjetnika\\\/\"},\"author\":{\"name\":\"Radio Ljubu\u0161ki\",\"@id\":\"https:\\\/\\\/radioljubuski.ba\\\/#\\\/schema\\\/person\\\/19fc700381a780f69665d7956c469e3b\"},\"headline\":\"Toni Kraljevi\u0107 jedini ministar u Vladi Federacije bez savjetnika\",\"datePublished\":\"2023-08-14T12:32:10+00:00\",\"dateModified\":\"2023-08-16T09:02:57+00:00\",\"mainEntityOfPage\":{\"@id\":\"https:\\\/\\\/radioljubuski.ba\\\/index.php\\\/2023\\\/08\\\/14\\\/toni-kraljevic-jedini-ministar-u-vladi-federacije-bez-savjetnika\\\/\"},\"wordCount\":429,\"publisher\":{\"@id\":\"https:\\\/\\\/radioljubuski.ba\\\/#organization\"},\"image\":{\"@id\":\"https:\\\/\\\/radioljubuski.ba\\\/index.php\\\/2023\\\/08\\\/14\\\/toni-kraljevic-jedini-ministar-u-vladi-federacije-bez-savjetnika\\\/#primaryimage\"},\"thumbnailUrl\":\"https:\\\/\\\/radioljubuski.ba\\\/wp-content\\\/uploads\\\/2023\\\/08\\\/Toni-Kraljevic-\u2013-vodoravno-1.jpg\",\"articleSection\":[\"BIH i regija\"],\"inLanguage\":\"hr\"},{\"@type\":\"WebPage\",\"@id\":\"https:\\\/\\\/radioljubuski.ba\\\/index.php\\\/2023\\\/08\\\/14\\\/toni-kraljevic-jedini-ministar-u-vladi-federacije-bez-savjetnika\\\/\",\"url\":\"https:\\\/\\\/radioljubuski.ba\\\/index.php\\\/2023\\\/08\\\/14\\\/toni-kraljevic-jedini-ministar-u-vladi-federacije-bez-savjetnika\\\/\",\"name\":\"Toni Kraljevi\u0107 jedini ministar u Vladi Federacije bez savjetnika - RADIO LJUBU\u0160KI\",\"isPartOf\":{\"@id\":\"https:\\\/\\\/radioljubuski.ba\\\/#website\"},\"primaryImageOfPage\":{\"@id\":\"https:\\\/\\\/radioljubuski.ba\\\/index.php\\\/2023\\\/08\\\/14\\\/toni-kraljevic-jedini-ministar-u-vladi-federacije-bez-savjetnika\\\/#primaryimage\"},\"image\":{\"@id\":\"https:\\\/\\\/radioljubuski.ba\\\/index.php\\\/2023\\\/08\\\/14\\\/toni-kraljevic-jedini-ministar-u-vladi-federacije-bez-savjetnika\\\/#primaryimage\"},\"thumbnailUrl\":\"https:\\\/\\\/radioljubuski.ba\\\/wp-content\\\/uploads\\\/2023\\\/08\\\/Toni-Kraljevic-\u2013-vodoravno-1.jpg\",\"datePublished\":\"2023-08-14T12:32:10+00:00\",\"dateModified\":\"2023-08-16T09:02:57+00:00\",\"breadcrumb\":{\"@id\":\"https:\\\/\\\/radioljubuski.ba\\\/index.php\\\/2023\\\/08\\\/14\\\/toni-kraljevic-jedini-ministar-u-vladi-federacije-bez-savjetnika\\\/#breadcrumb\"},\"inLanguage\":\"hr\",\"potentialAction\":[{\"@type\":\"ReadAction\",\"target\":[\"https:\\\/\\\/radioljubuski.ba\\\/index.php\\\/2023\\\/08\\\/14\\\/toni-kraljevic-jedini-ministar-u-vladi-federacije-bez-savjetnika\\\/\"]}]},{\"@type\":\"ImageObject\",\"inLanguage\":\"hr\",\"@id\":\"https:\\\/\\\/radioljubuski.ba\\\/index.php\\\/2023\\\/08\\\/14\\\/toni-kraljevic-jedini-ministar-u-vladi-federacije-bez-savjetnika\\\/#primaryimage\",\"url\":\"https:\\\/\\\/radioljubuski.ba\\\/wp-content\\\/uploads\\\/2023\\\/08\\\/Toni-Kraljevic-\u2013-vodoravno-1.jpg\",\"contentUrl\":\"https:\\\/\\\/radioljubuski.ba\\\/wp-content\\\/uploads\\\/2023\\\/08\\\/Toni-Kraljevic-\u2013-vodoravno-1.jpg\",\"width\":2185,\"height\":1212},{\"@type\":\"BreadcrumbList\",\"@id\":\"https:\\\/\\\/radioljubuski.ba\\\/index.php\\\/2023\\\/08\\\/14\\\/toni-kraljevic-jedini-ministar-u-vladi-federacije-bez-savjetnika\\\/#breadcrumb\",\"itemListElement\":[{\"@type\":\"ListItem\",\"position\":1,\"name\":\"Po\u010detna stranica\",\"item\":\"https:\\\/\\\/radioljubuski.ba\\\/\"},{\"@type\":\"ListItem\",\"position\":2,\"name\":\"Toni Kraljevi\u0107 jedini ministar u Vladi Federacije bez savjetnika\"}]},{\"@type\":\"WebSite\",\"@id\":\"https:\\\/\\\/radioljubuski.ba\\\/#website\",\"url\":\"https:\\\/\\\/radioljubuski.ba\\\/\",\"name\":\"Radio Ljubu\u0161ki\",\"description\":\"Sun\u010dana frekvencija Hercegovine\",\"publisher\":{\"@id\":\"https:\\\/\\\/radioljubuski.ba\\\/#organization\"},\"potentialAction\":[{\"@type\":\"SearchAction\",\"target\":{\"@type\":\"EntryPoint\",\"urlTemplate\":\"https:\\\/\\\/radioljubuski.ba\\\/?s={search_term_string}\"},\"query-input\":{\"@type\":\"PropertyValueSpecification\",\"valueRequired\":true,\"valueName\":\"search_term_string\"}}],\"inLanguage\":\"hr\"},{\"@type\":\"Organization\",\"@id\":\"https:\\\/\\\/radioljubuski.ba\\\/#organization\",\"name\":\"Radio Ljubu\u0161ki\",\"url\":\"https:\\\/\\\/radioljubuski.ba\\\/\",\"logo\":{\"@type\":\"ImageObject\",\"inLanguage\":\"hr\",\"@id\":\"https:\\\/\\\/radioljubuski.ba\\\/#\\\/schema\\\/logo\\\/image\\\/\",\"url\":\"https:\\\/\\\/radioljubuski.ba\\\/wp-content\\\/uploads\\\/2021\\\/02\\\/cropped-Radio_Ljubuski_logo1.jpg\",\"contentUrl\":\"https:\\\/\\\/radioljubuski.ba\\\/wp-content\\\/uploads\\\/2021\\\/02\\\/cropped-Radio_Ljubuski_logo1.jpg\",\"width\":512,\"height\":512,\"caption\":\"Radio Ljubu\u0161ki\"},\"image\":{\"@id\":\"https:\\\/\\\/radioljubuski.ba\\\/#\\\/schema\\\/logo\\\/image\\\/\"},\"sameAs\":[\"https:\\\/\\\/www.facebook.com\\\/Radiio-Ljubuski-1490835324566332\",\"https:\\\/\\\/x.com\\\/radioljubuski\",\"https:\\\/\\\/hr.linkedin.com\\\/company\\\/radio-ljubuski\",\"https:\\\/\\\/www.youtube.com\\\/channel\\\/UCHYaeO_n0Db3tjNGudGpXyw\"]},{\"@type\":\"Person\",\"@id\":\"https:\\\/\\\/radioljubuski.ba\\\/#\\\/schema\\\/person\\\/19fc700381a780f69665d7956c469e3b\",\"name\":\"Radio Ljubu\u0161ki\"}]}<\/script>\n<!-- \/ Yoast SEO plugin. -->","yoast_head_json":{"title":"Toni Kraljevi\u0107 jedini ministar u Vladi Federacije bez savjetnika - RADIO LJUBU\u0160KI","robots":{"index":"index","follow":"follow","max-snippet":"max-snippet:-1","max-image-preview":"max-image-preview:large","max-video-preview":"max-video-preview:-1"},"canonical":"https:\/\/radioljubuski.ba\/index.php\/2023\/08\/14\/toni-kraljevic-jedini-ministar-u-vladi-federacije-bez-savjetnika\/","og_locale":"hr_HR","og_type":"article","og_title":"Toni Kraljevi\u0107 jedini ministar u Vladi Federacije bez savjetnika - RADIO LJUBU\u0160KI","og_description":"Osnovna pla\u0107a savjetnika federalnih ministara iznosi 2.464 KM i na ovo se dodaje jo\u0161 0,5 posto za svaku zapo\u010detu godinu mirovinskog sta\u017ea savjetnika Zaklju\u010dkom Vlade FBiH, koji je donesen prije dvanaest godina, utvr\u0111en je broj savjetnika nositelja izvr\u0161nih funkcija u Vladi, prema kojem federalni ministri mogu imati najvi\u0161e tri savjetnika, pi\u0161e&nbsp;Oslobo\u0111enje. Do ovog trenutka anga\u017eirano [&hellip;]","og_url":"https:\/\/radioljubuski.ba\/index.php\/2023\/08\/14\/toni-kraljevic-jedini-ministar-u-vladi-federacije-bez-savjetnika\/","og_site_name":"RADIO LJUBU\u0160KI","article_publisher":"https:\/\/www.facebook.com\/Radiio-Ljubuski-1490835324566332","article_published_time":"2023-08-14T12:32:10+00:00","article_modified_time":"2023-08-16T09:02:57+00:00","og_image":[{"width":2185,"height":1212,"url":"https:\/\/radioljubuski.ba\/wp-content\/uploads\/2023\/08\/Toni-Kraljevic-\u2013-vodoravno-1.jpg","type":"image\/jpeg"}],"author":"Radio Ljubu\u0161ki","twitter_card":"summary_large_image","twitter_creator":"@radioljubuski","twitter_site":"@radioljubuski","twitter_misc":{"Napisao\/la":"Radio Ljubu\u0161ki","Procijenjeno vrijeme \u010ditanja":"3 minute"},"schema":{"@context":"https:\/\/schema.org","@graph":[{"@type":"Article","@id":"https:\/\/radioljubuski.ba\/index.php\/2023\/08\/14\/toni-kraljevic-jedini-ministar-u-vladi-federacije-bez-savjetnika\/#article","isPartOf":{"@id":"https:\/\/radioljubuski.ba\/index.php\/2023\/08\/14\/toni-kraljevic-jedini-ministar-u-vladi-federacije-bez-savjetnika\/"},"author":{"name":"Radio Ljubu\u0161ki","@id":"https:\/\/radioljubuski.ba\/#\/schema\/person\/19fc700381a780f69665d7956c469e3b"},"headline":"Toni Kraljevi\u0107 jedini ministar u Vladi Federacije bez savjetnika","datePublished":"2023-08-14T12:32:10+00:00","dateModified":"2023-08-16T09:02:57+00:00","mainEntityOfPage":{"@id":"https:\/\/radioljubuski.ba\/index.php\/2023\/08\/14\/toni-kraljevic-jedini-ministar-u-vladi-federacije-bez-savjetnika\/"},"wordCount":429,"publisher":{"@id":"https:\/\/radioljubuski.ba\/#organization"},"image":{"@id":"https:\/\/radioljubuski.ba\/index.php\/2023\/08\/14\/toni-kraljevic-jedini-ministar-u-vladi-federacije-bez-savjetnika\/#primaryimage"},"thumbnailUrl":"https:\/\/radioljubuski.ba\/wp-content\/uploads\/2023\/08\/Toni-Kraljevic-\u2013-vodoravno-1.jpg","articleSection":["BIH i regija"],"inLanguage":"hr"},{"@type":"WebPage","@id":"https:\/\/radioljubuski.ba\/index.php\/2023\/08\/14\/toni-kraljevic-jedini-ministar-u-vladi-federacije-bez-savjetnika\/","url":"https:\/\/radioljubuski.ba\/index.php\/2023\/08\/14\/toni-kraljevic-jedini-ministar-u-vladi-federacije-bez-savjetnika\/","name":"Toni Kraljevi\u0107 jedini ministar u Vladi Federacije bez savjetnika - RADIO LJUBU\u0160KI","isPartOf":{"@id":"https:\/\/radioljubuski.ba\/#website"},"primaryImageOfPage":{"@id":"https:\/\/radioljubuski.ba\/index.php\/2023\/08\/14\/toni-kraljevic-jedini-ministar-u-vladi-federacije-bez-savjetnika\/#primaryimage"},"image":{"@id":"https:\/\/radioljubuski.ba\/index.php\/2023\/08\/14\/toni-kraljevic-jedini-ministar-u-vladi-federacije-bez-savjetnika\/#primaryimage"},"thumbnailUrl":"https:\/\/radioljubuski.ba\/wp-content\/uploads\/2023\/08\/Toni-Kraljevic-\u2013-vodoravno-1.jpg","datePublished":"2023-08-14T12:32:10+00:00","dateModified":"2023-08-16T09:02:57+00:00","breadcrumb":{"@id":"https:\/\/radioljubuski.ba\/index.php\/2023\/08\/14\/toni-kraljevic-jedini-ministar-u-vladi-federacije-bez-savjetnika\/#breadcrumb"},"inLanguage":"hr","potentialAction":[{"@type":"ReadAction","target":["https:\/\/radioljubuski.ba\/index.php\/2023\/08\/14\/toni-kraljevic-jedini-ministar-u-vladi-federacije-bez-savjetnika\/"]}]},{"@type":"ImageObject","inLanguage":"hr","@id":"https:\/\/radioljubuski.ba\/index.php\/2023\/08\/14\/toni-kraljevic-jedini-ministar-u-vladi-federacije-bez-savjetnika\/#primaryimage","url":"https:\/\/radioljubuski.ba\/wp-content\/uploads\/2023\/08\/Toni-Kraljevic-\u2013-vodoravno-1.jpg","contentUrl":"https:\/\/radioljubuski.ba\/wp-content\/uploads\/2023\/08\/Toni-Kraljevic-\u2013-vodoravno-1.jpg","width":2185,"height":1212},{"@type":"BreadcrumbList","@id":"https:\/\/radioljubuski.ba\/index.php\/2023\/08\/14\/toni-kraljevic-jedini-ministar-u-vladi-federacije-bez-savjetnika\/#breadcrumb","itemListElement":[{"@type":"ListItem","position":1,"name":"Po\u010detna stranica","item":"https:\/\/radioljubuski.ba\/"},{"@type":"ListItem","position":2,"name":"Toni Kraljevi\u0107 jedini ministar u Vladi Federacije bez savjetnika"}]},{"@type":"WebSite","@id":"https:\/\/radioljubuski.ba\/#website","url":"https:\/\/radioljubuski.ba\/","name":"Radio Ljubu\u0161ki","description":"Sun\u010dana frekvencija Hercegovine","publisher":{"@id":"https:\/\/radioljubuski.ba\/#organization"},"potentialAction":[{"@type":"SearchAction","target":{"@type":"EntryPoint","urlTemplate":"https:\/\/radioljubuski.ba\/?s={search_term_string}"},"query-input":{"@type":"PropertyValueSpecification","valueRequired":true,"valueName":"search_term_string"}}],"inLanguage":"hr"},{"@type":"Organization","@id":"https:\/\/radioljubuski.ba\/#organization","name":"Radio Ljubu\u0161ki","url":"https:\/\/radioljubuski.ba\/","logo":{"@type":"ImageObject","inLanguage":"hr","@id":"https:\/\/radioljubuski.ba\/#\/schema\/logo\/image\/","url":"https:\/\/radioljubuski.ba\/wp-content\/uploads\/2021\/02\/cropped-Radio_Ljubuski_logo1.jpg","contentUrl":"https:\/\/radioljubuski.ba\/wp-content\/uploads\/2021\/02\/cropped-Radio_Ljubuski_logo1.jpg","width":512,"height":512,"caption":"Radio Ljubu\u0161ki"},"image":{"@id":"https:\/\/radioljubuski.ba\/#\/schema\/logo\/image\/"},"sameAs":["https:\/\/www.facebook.com\/Radiio-Ljubuski-1490835324566332","https:\/\/x.com\/radioljubuski","https:\/\/hr.linkedin.com\/company\/radio-ljubuski","https:\/\/www.youtube.com\/channel\/UCHYaeO_n0Db3tjNGudGpXyw"]},{"@type":"Person","@id":"https:\/\/radioljubuski.ba\/#\/schema\/person\/19fc700381a780f69665d7956c469e3b","name":"Radio Ljubu\u0161ki"}]}},"_links":{"self":[{"href":"https:\/\/radioljubuski.ba\/index.php\/wp-json\/wp\/v2\/posts\/194585","targetHints":{"allow":["GET"]}}],"collection":[{"href":"https:\/\/radioljubuski.ba\/index.php\/wp-json\/wp\/v2\/posts"}],"about":[{"href":"https:\/\/radioljubuski.ba\/index.php\/wp-json\/wp\/v2\/types\/post"}],"author":[{"embeddable":true,"href":"https:\/\/radioljubuski.ba\/index.php\/wp-json\/wp\/v2\/users\/2"}],"replies":[{"embeddable":true,"href":"https:\/\/radioljubuski.ba\/index.php\/wp-json\/wp\/v2\/comments?post=194585"}],"version-history":[{"count":1,"href":"https:\/\/radioljubuski.ba\/index.php\/wp-json\/wp\/v2\/posts\/194585\/revisions"}],"predecessor-version":[{"id":194587,"href":"https:\/\/radioljubuski.ba\/index.php\/wp-json\/wp\/v2\/posts\/194585\/revisions\/194587"}],"wp:featuredmedia":[{"embeddable":true,"href":"https:\/\/radioljubuski.ba\/index.php\/wp-json\/wp\/v2\/media\/194589"}],"wp:attachment":[{"href":"https:\/\/radioljubuski.ba\/index.php\/wp-json\/wp\/v2\/media?parent=194585"}],"wp:term":[{"taxonomy":"category","embeddable":true,"href":"https:\/\/radioljubuski.ba\/index.php\/wp-json\/wp\/v2\/categories?post=194585"},{"taxonomy":"post_tag","embeddable":true,"href":"https:\/\/radioljubuski.ba\/index.php\/wp-json\/wp\/v2\/tags?post=194585"}],"curies":[{"name":"wp","href":"https:\/\/api.w.org\/{rel}","templated":true}]}}