{"id":195135,"date":"2023-08-31T15:35:23","date_gmt":"2023-08-31T14:35:23","guid":{"rendered":"https:\/\/radioljubuski.ba\/?p=195135"},"modified":"2023-09-01T11:16:39","modified_gmt":"2023-09-01T10:16:39","slug":"video-foto-ljubuski-centar-za-djecu-mlade-i-odrasle-s-poteskocama-u-razvoju-jedinstven-primjer-funkcioniranja-u-bih","status":"publish","type":"post","link":"https:\/\/radioljubuski.ba\/index.php\/2023\/08\/31\/video-foto-ljubuski-centar-za-djecu-mlade-i-odrasle-s-poteskocama-u-razvoju-jedinstven-primjer-funkcioniranja-u-bih\/","title":{"rendered":"Video \/ Foto: Ljubu\u0161ki Centar za djecu, mlade i odrasle s pote\u0161ko\u0107ama u razvoju jedinstven primjer funkcioniranja u BIH"},"content":{"rendered":"\n<p>Izaslanstvo Vlade Federacije BIH predvo\u0111eno dopredsjednikom vlade i ministrom financija Tonijem Kraljevi\u0107em, federalnim ministrom rada i socijalne politike Adnanom Deli\u0107em boravilo je danas u Ljubu\u0161kom u posjeti Javnoj ustanovi Edukacijsko rehabilitacijskom centru za djecu, mlade i odrasle osobe s te\u0161ko\u0107ama u razvoju Grada Ljubu\u0161kog. Izaslanstvo su do\u010dekali gradona\u010delnik Ljubu\u0161kog Vedran Markoti\u0107, predsjednik Gradskog vije\u0107a Tihomir Kvesi\u0107 i ravnateljica JU Marija Kika\u0161.<\/p>\n\n\n\n<p>Ravnateljica Kika\u0161 upoznala je izaslanstvo sa radom ovog centra koji djeluje \u0161est godina i koji za svojih 90 stalnih korisnika sve usluge pru\u017ea besplatno istaknuv\u0161i kako:<\/p>\n\n\n\n<p>&nbsp;&#8220;Javna ustanova Edukacijsko rehabilitacijski centar za djecu, mlade i odrasle osobe s te\u0161ko\u0107ama u razvoju Grada Ljubu\u0161kog djeluje ve\u0107 \u0161est godina, od svog osnutka sve do danas radimo sa 90 korisnika svih dobnih uzrasta, najmla\u0111e dijete ima dvije godine, najstariji korisnik ima 38 godina. Lokalna zajednica je ulo\u017eila izuzetne napore da bi korisnicima pru\u017eila besplatnu uslugu, \u0161to je pokazatelj da su vodili ra\u010duna o najugro\u017eenijoj populaciji dru\u0161tva, uz njih smo se sufinancirali i kroz odre\u0111ene projekte, do sada nismo imali kontinuirano sufinanciranje s federalne razine, nadamo se da \u0107e dana\u0161nja posjeta to promijeniti na radost i zadovoljstvo na\u0161ih korisnika, osobito stoga jer su potrebe ve\u0107e, te se nadamo i pro\u0161irenju na\u0161ih kapaciteta. Prepoznati smo na gradskoj i \u017eupanijskoj, nadam se uskoro i na federalnoj razini, da \u0107e sustavno financiranje postati redovita praksa te da \u0107e pomo\u0107i na\u0161 centar i sli\u010dne centre. &#8220;<\/p>\n\n\n\n<p>Federalni ministar rada i socijalne politike Adnan Deli\u0107 izrazio je zadovoljstvo svime \u0161to je vidio tijekom posjeta ustanovi, te za Radio Ljubu\u0161ki izme\u0111u ostalog kazao:<\/p>\n\n\n\n<p>&#8221; Dojmovi su izuzetno pozitivni, ovaj centar je jedinstven primjer u Federaciji BIH kako treba funkcionirati jedan centar, postavljeni su visoki standardi. Meni je pozitivno iznena\u0111enje i to treba biti primjer svim drugima u BIH, svim razinama vlasti kako lokalna zajednica daje jedan veliki doprinos ovakvim i sli\u010dnim projektima, kako ima empatije i senzibiliteta prema ovoj kategoriji na\u0161eg dru\u0161tva osigurav\u0161i izvanredne uvjete za rad, prije svega uposlenika a onda i za pru\u017eanje usluge roditeljima djece s pote\u0161ko\u0107ama u razvoju i sa starijim osobama.&#8221;<\/p>\n\n\n\n<p>Op\u0161irnije u na\u0161em video zapisu:<\/p>\n\n\n\n<iframe loading=\"lazy\" width=\"560\" height=\"315\" src=\"https:\/\/www.youtube.com\/embed\/PRuMWlLLD-0?si=NKRgHJk4vo--zSKc\" title=\"YouTube video player\" frameborder=\"0\" allow=\"accelerometer; autoplay; clipboard-write; encrypted-media; gyroscope; picture-in-picture; web-share\" allowfullscreen><\/iframe>\n\n\n\n<figure class=\"wp-block-gallery has-nested-images columns-default is-cropped wp-block-gallery-1 is-layout-flex wp-block-gallery-is-layout-flex\">\n<figure class=\"wp-block-image size-large\"><img loading=\"lazy\" decoding=\"async\" width=\"1024\" height=\"682\" data-id=\"195137\" src=\"https:\/\/radioljubuski.ba\/wp-content\/uploads\/2023\/08\/slika-broj-1-1024x682.jpeg\" alt=\"\" class=\"wp-image-195137\" srcset=\"https:\/\/radioljubuski.ba\/wp-content\/uploads\/2023\/08\/slika-broj-1-1024x682.jpeg 1024w, https:\/\/radioljubuski.ba\/wp-content\/uploads\/2023\/08\/slika-broj-1-300x200.jpeg 300w, https:\/\/radioljubuski.ba\/wp-content\/uploads\/2023\/08\/slika-broj-1-768x512.jpeg 768w, https:\/\/radioljubuski.ba\/wp-content\/uploads\/2023\/08\/slika-broj-1-1536x1023.jpeg 1536w, https:\/\/radioljubuski.ba\/wp-content\/uploads\/2023\/08\/slika-broj-1.jpeg 1600w\" sizes=\"auto, (max-width: 1024px) 100vw, 1024px\" \/><\/figure>\n\n\n\n<figure class=\"wp-block-image size-large\"><img loading=\"lazy\" decoding=\"async\" width=\"1024\" height=\"682\" data-id=\"195138\" src=\"https:\/\/radioljubuski.ba\/wp-content\/uploads\/2023\/08\/slika-broj-2-1024x682.jpeg\" alt=\"\" class=\"wp-image-195138\" srcset=\"https:\/\/radioljubuski.ba\/wp-content\/uploads\/2023\/08\/slika-broj-2-1024x682.jpeg 1024w, https:\/\/radioljubuski.ba\/wp-content\/uploads\/2023\/08\/slika-broj-2-300x200.jpeg 300w, https:\/\/radioljubuski.ba\/wp-content\/uploads\/2023\/08\/slika-broj-2-768x512.jpeg 768w, https:\/\/radioljubuski.ba\/wp-content\/uploads\/2023\/08\/slika-broj-2-1536x1023.jpeg 1536w, https:\/\/radioljubuski.ba\/wp-content\/uploads\/2023\/08\/slika-broj-2.jpeg 1600w\" sizes=\"auto, (max-width: 1024px) 100vw, 1024px\" \/><\/figure>\n\n\n\n<figure class=\"wp-block-image size-large\"><img loading=\"lazy\" decoding=\"async\" width=\"1024\" height=\"682\" data-id=\"195140\" src=\"https:\/\/radioljubuski.ba\/wp-content\/uploads\/2023\/08\/slika-broj-3-1024x682.jpeg\" alt=\"\" class=\"wp-image-195140\" srcset=\"https:\/\/radioljubuski.ba\/wp-content\/uploads\/2023\/08\/slika-broj-3-1024x682.jpeg 1024w, https:\/\/radioljubuski.ba\/wp-content\/uploads\/2023\/08\/slika-broj-3-300x200.jpeg 300w, https:\/\/radioljubuski.ba\/wp-content\/uploads\/2023\/08\/slika-broj-3-768x512.jpeg 768w, https:\/\/radioljubuski.ba\/wp-content\/uploads\/2023\/08\/slika-broj-3-1536x1023.jpeg 1536w, https:\/\/radioljubuski.ba\/wp-content\/uploads\/2023\/08\/slika-broj-3.jpeg 1600w\" sizes=\"auto, (max-width: 1024px) 100vw, 1024px\" \/><\/figure>\n\n\n\n<figure class=\"wp-block-image size-large\"><img loading=\"lazy\" decoding=\"async\" width=\"1024\" height=\"682\" data-id=\"195136\" src=\"https:\/\/radioljubuski.ba\/wp-content\/uploads\/2023\/08\/slika-broj-4-1024x682.jpeg\" alt=\"\" class=\"wp-image-195136\" srcset=\"https:\/\/radioljubuski.ba\/wp-content\/uploads\/2023\/08\/slika-broj-4-1024x682.jpeg 1024w, https:\/\/radioljubuski.ba\/wp-content\/uploads\/2023\/08\/slika-broj-4-300x200.jpeg 300w, https:\/\/radioljubuski.ba\/wp-content\/uploads\/2023\/08\/slika-broj-4-768x512.jpeg 768w, https:\/\/radioljubuski.ba\/wp-content\/uploads\/2023\/08\/slika-broj-4-1536x1023.jpeg 1536w, https:\/\/radioljubuski.ba\/wp-content\/uploads\/2023\/08\/slika-broj-4.jpeg 1600w\" sizes=\"auto, (max-width: 1024px) 100vw, 1024px\" \/><\/figure>\n\n\n\n<figure class=\"wp-block-image size-large\"><img loading=\"lazy\" decoding=\"async\" width=\"1024\" height=\"682\" data-id=\"195143\" src=\"https:\/\/radioljubuski.ba\/wp-content\/uploads\/2023\/08\/slika-broj-5-1024x682.jpeg\" alt=\"\" class=\"wp-image-195143\" srcset=\"https:\/\/radioljubuski.ba\/wp-content\/uploads\/2023\/08\/slika-broj-5-1024x682.jpeg 1024w, https:\/\/radioljubuski.ba\/wp-content\/uploads\/2023\/08\/slika-broj-5-300x200.jpeg 300w, https:\/\/radioljubuski.ba\/wp-content\/uploads\/2023\/08\/slika-broj-5-768x512.jpeg 768w, https:\/\/radioljubuski.ba\/wp-content\/uploads\/2023\/08\/slika-broj-5-1536x1023.jpeg 1536w, https:\/\/radioljubuski.ba\/wp-content\/uploads\/2023\/08\/slika-broj-5.jpeg 1600w\" sizes=\"auto, (max-width: 1024px) 100vw, 1024px\" \/><\/figure>\n\n\n\n<figure class=\"wp-block-image size-large\"><img loading=\"lazy\" decoding=\"async\" width=\"1024\" height=\"682\" data-id=\"195139\" src=\"https:\/\/radioljubuski.ba\/wp-content\/uploads\/2023\/08\/slika-broj-6-1024x682.jpeg\" alt=\"\" class=\"wp-image-195139\" srcset=\"https:\/\/radioljubuski.ba\/wp-content\/uploads\/2023\/08\/slika-broj-6-1024x682.jpeg 1024w, https:\/\/radioljubuski.ba\/wp-content\/uploads\/2023\/08\/slika-broj-6-300x200.jpeg 300w, https:\/\/radioljubuski.ba\/wp-content\/uploads\/2023\/08\/slika-broj-6-768x512.jpeg 768w, https:\/\/radioljubuski.ba\/wp-content\/uploads\/2023\/08\/slika-broj-6-1536x1023.jpeg 1536w, https:\/\/radioljubuski.ba\/wp-content\/uploads\/2023\/08\/slika-broj-6.jpeg 1600w\" sizes=\"auto, (max-width: 1024px) 100vw, 1024px\" \/><\/figure>\n\n\n\n<figure class=\"wp-block-image size-large\"><img loading=\"lazy\" decoding=\"async\" width=\"1024\" height=\"682\" data-id=\"195141\" src=\"https:\/\/radioljubuski.ba\/wp-content\/uploads\/2023\/08\/slika-broj-7-1024x682.jpeg\" alt=\"\" class=\"wp-image-195141\" srcset=\"https:\/\/radioljubuski.ba\/wp-content\/uploads\/2023\/08\/slika-broj-7-1024x682.jpeg 1024w, https:\/\/radioljubuski.ba\/wp-content\/uploads\/2023\/08\/slika-broj-7-300x200.jpeg 300w, https:\/\/radioljubuski.ba\/wp-content\/uploads\/2023\/08\/slika-broj-7-768x512.jpeg 768w, https:\/\/radioljubuski.ba\/wp-content\/uploads\/2023\/08\/slika-broj-7-1536x1023.jpeg 1536w, https:\/\/radioljubuski.ba\/wp-content\/uploads\/2023\/08\/slika-broj-7.jpeg 1600w\" sizes=\"auto, (max-width: 1024px) 100vw, 1024px\" \/><\/figure>\n\n\n\n<figure class=\"wp-block-image size-large\"><img loading=\"lazy\" decoding=\"async\" width=\"1024\" height=\"682\" data-id=\"195144\" src=\"https:\/\/radioljubuski.ba\/wp-content\/uploads\/2023\/08\/slika-broj-8-1024x682.jpeg\" alt=\"\" class=\"wp-image-195144\" srcset=\"https:\/\/radioljubuski.ba\/wp-content\/uploads\/2023\/08\/slika-broj-8-1024x682.jpeg 1024w, https:\/\/radioljubuski.ba\/wp-content\/uploads\/2023\/08\/slika-broj-8-300x200.jpeg 300w, https:\/\/radioljubuski.ba\/wp-content\/uploads\/2023\/08\/slika-broj-8-768x512.jpeg 768w, https:\/\/radioljubuski.ba\/wp-content\/uploads\/2023\/08\/slika-broj-8-1536x1023.jpeg 1536w, https:\/\/radioljubuski.ba\/wp-content\/uploads\/2023\/08\/slika-broj-8.jpeg 1600w\" sizes=\"auto, (max-width: 1024px) 100vw, 1024px\" \/><\/figure>\n<\/figure>\n\n\n\n<p>Bjanka Medi\u0107 \/ Gordana Ili\u0107 \/ Radio Ljubu\u0161ki<\/p>\n","protected":false},"excerpt":{"rendered":"<p>Izaslanstvo Vlade Federacije BIH predvo\u0111eno dopredsjednikom vlade i ministrom financija Tonijem Kraljevi\u0107em, federalnim ministrom rada i socijalne politike Adnanom Deli\u0107em boravilo je danas u Ljubu\u0161kom u posjeti Javnoj ustanovi Edukacijsko rehabilitacijskom centru za djecu, mlade i odrasle osobe s te\u0161ko\u0107ama u razvoju Grada Ljubu\u0161kog. Izaslanstvo su do\u010dekali gradona\u010delnik Ljubu\u0161kog Vedran Markoti\u0107, predsjednik Gradskog vije\u0107a Tihomir [&hellip;]<\/p>\n","protected":false},"author":2,"featured_media":195145,"comment_status":"closed","ping_status":"closed","sticky":false,"template":"","format":"standard","meta":{"h5ap_radio_sources":[],"footnotes":""},"categories":[3,28,32],"tags":[],"class_list":["post-195135","post","type-post","status-publish","format-standard","has-post-thumbnail","hentry","category-ljubuski","category-novosti","category-poslusajte"],"yoast_head":"<!-- This site is optimized with the Yoast SEO plugin v27.5 - https:\/\/yoast.com\/product\/yoast-seo-wordpress\/ -->\n<title>Video \/ Foto: Ljubu\u0161ki Centar za djecu, mlade i odrasle s pote\u0161ko\u0107ama u razvoju jedinstven primjer funkcioniranja u BIH - RADIO LJUBU\u0160KI<\/title>\n<meta name=\"robots\" content=\"index, follow, max-snippet:-1, max-image-preview:large, max-video-preview:-1\" \/>\n<link rel=\"canonical\" href=\"https:\/\/radioljubuski.ba\/index.php\/2023\/08\/31\/video-foto-ljubuski-centar-za-djecu-mlade-i-odrasle-s-poteskocama-u-razvoju-jedinstven-primjer-funkcioniranja-u-bih\/\" \/>\n<meta property=\"og:locale\" content=\"hr_HR\" \/>\n<meta property=\"og:type\" content=\"article\" \/>\n<meta property=\"og:title\" content=\"Video \/ Foto: Ljubu\u0161ki Centar za djecu, mlade i odrasle s pote\u0161ko\u0107ama u razvoju jedinstven primjer funkcioniranja u BIH - RADIO LJUBU\u0160KI\" \/>\n<meta property=\"og:description\" content=\"Izaslanstvo Vlade Federacije BIH predvo\u0111eno dopredsjednikom vlade i ministrom financija Tonijem Kraljevi\u0107em, federalnim ministrom rada i socijalne politike Adnanom Deli\u0107em boravilo je danas u Ljubu\u0161kom u posjeti Javnoj ustanovi Edukacijsko rehabilitacijskom centru za djecu, mlade i odrasle osobe s te\u0161ko\u0107ama u razvoju Grada Ljubu\u0161kog. Izaslanstvo su do\u010dekali gradona\u010delnik Ljubu\u0161kog Vedran Markoti\u0107, predsjednik Gradskog vije\u0107a Tihomir [&hellip;]\" \/>\n<meta property=\"og:url\" content=\"https:\/\/radioljubuski.ba\/index.php\/2023\/08\/31\/video-foto-ljubuski-centar-za-djecu-mlade-i-odrasle-s-poteskocama-u-razvoju-jedinstven-primjer-funkcioniranja-u-bih\/\" \/>\n<meta property=\"og:site_name\" content=\"RADIO LJUBU\u0160KI\" \/>\n<meta property=\"article:publisher\" content=\"https:\/\/www.facebook.com\/Radiio-Ljubuski-1490835324566332\" \/>\n<meta property=\"article:published_time\" content=\"2023-08-31T14:35:23+00:00\" \/>\n<meta property=\"article:modified_time\" content=\"2023-09-01T10:16:39+00:00\" \/>\n<meta property=\"og:image\" content=\"https:\/\/radioljubuski.ba\/wp-content\/uploads\/2023\/08\/slika-naslovna.jpeg\" \/>\n\t<meta property=\"og:image:width\" content=\"1600\" \/>\n\t<meta property=\"og:image:height\" content=\"1066\" \/>\n\t<meta property=\"og:image:type\" content=\"image\/jpeg\" \/>\n<meta name=\"author\" content=\"Radio Ljubu\u0161ki\" \/>\n<meta name=\"twitter:card\" content=\"summary_large_image\" \/>\n<meta name=\"twitter:creator\" content=\"@radioljubuski\" \/>\n<meta name=\"twitter:site\" content=\"@radioljubuski\" \/>\n<meta name=\"twitter:label1\" content=\"Napisao\/la\" \/>\n\t<meta name=\"twitter:data1\" content=\"Radio Ljubu\u0161ki\" \/>\n\t<meta name=\"twitter:label2\" content=\"Procijenjeno vrijeme \u010ditanja\" \/>\n\t<meta name=\"twitter:data2\" content=\"4 minute\" \/>\n<script type=\"application\/ld+json\" class=\"yoast-schema-graph\">{\"@context\":\"https:\\\/\\\/schema.org\",\"@graph\":[{\"@type\":\"Article\",\"@id\":\"https:\\\/\\\/radioljubuski.ba\\\/index.php\\\/2023\\\/08\\\/31\\\/video-foto-ljubuski-centar-za-djecu-mlade-i-odrasle-s-poteskocama-u-razvoju-jedinstven-primjer-funkcioniranja-u-bih\\\/#article\",\"isPartOf\":{\"@id\":\"https:\\\/\\\/radioljubuski.ba\\\/index.php\\\/2023\\\/08\\\/31\\\/video-foto-ljubuski-centar-za-djecu-mlade-i-odrasle-s-poteskocama-u-razvoju-jedinstven-primjer-funkcioniranja-u-bih\\\/\"},\"author\":{\"name\":\"Radio Ljubu\u0161ki\",\"@id\":\"https:\\\/\\\/radioljubuski.ba\\\/#\\\/schema\\\/person\\\/19fc700381a780f69665d7956c469e3b\"},\"headline\":\"Video \\\/ Foto: Ljubu\u0161ki Centar za djecu, mlade i odrasle s pote\u0161ko\u0107ama u razvoju jedinstven primjer funkcioniranja u BIH\",\"datePublished\":\"2023-08-31T14:35:23+00:00\",\"dateModified\":\"2023-09-01T10:16:39+00:00\",\"mainEntityOfPage\":{\"@id\":\"https:\\\/\\\/radioljubuski.ba\\\/index.php\\\/2023\\\/08\\\/31\\\/video-foto-ljubuski-centar-za-djecu-mlade-i-odrasle-s-poteskocama-u-razvoju-jedinstven-primjer-funkcioniranja-u-bih\\\/\"},\"wordCount\":408,\"publisher\":{\"@id\":\"https:\\\/\\\/radioljubuski.ba\\\/#organization\"},\"image\":{\"@id\":\"https:\\\/\\\/radioljubuski.ba\\\/index.php\\\/2023\\\/08\\\/31\\\/video-foto-ljubuski-centar-za-djecu-mlade-i-odrasle-s-poteskocama-u-razvoju-jedinstven-primjer-funkcioniranja-u-bih\\\/#primaryimage\"},\"thumbnailUrl\":\"https:\\\/\\\/radioljubuski.ba\\\/wp-content\\\/uploads\\\/2023\\\/08\\\/slika-naslovna.jpeg\",\"articleSection\":[\"Ljubu\u0161ki\",\"Novosti\",\"Poslu\u0161ajte\"],\"inLanguage\":\"hr\"},{\"@type\":\"WebPage\",\"@id\":\"https:\\\/\\\/radioljubuski.ba\\\/index.php\\\/2023\\\/08\\\/31\\\/video-foto-ljubuski-centar-za-djecu-mlade-i-odrasle-s-poteskocama-u-razvoju-jedinstven-primjer-funkcioniranja-u-bih\\\/\",\"url\":\"https:\\\/\\\/radioljubuski.ba\\\/index.php\\\/2023\\\/08\\\/31\\\/video-foto-ljubuski-centar-za-djecu-mlade-i-odrasle-s-poteskocama-u-razvoju-jedinstven-primjer-funkcioniranja-u-bih\\\/\",\"name\":\"Video \\\/ Foto: Ljubu\u0161ki Centar za djecu, mlade i odrasle s pote\u0161ko\u0107ama u razvoju jedinstven primjer funkcioniranja u BIH - RADIO LJUBU\u0160KI\",\"isPartOf\":{\"@id\":\"https:\\\/\\\/radioljubuski.ba\\\/#website\"},\"primaryImageOfPage\":{\"@id\":\"https:\\\/\\\/radioljubuski.ba\\\/index.php\\\/2023\\\/08\\\/31\\\/video-foto-ljubuski-centar-za-djecu-mlade-i-odrasle-s-poteskocama-u-razvoju-jedinstven-primjer-funkcioniranja-u-bih\\\/#primaryimage\"},\"image\":{\"@id\":\"https:\\\/\\\/radioljubuski.ba\\\/index.php\\\/2023\\\/08\\\/31\\\/video-foto-ljubuski-centar-za-djecu-mlade-i-odrasle-s-poteskocama-u-razvoju-jedinstven-primjer-funkcioniranja-u-bih\\\/#primaryimage\"},\"thumbnailUrl\":\"https:\\\/\\\/radioljubuski.ba\\\/wp-content\\\/uploads\\\/2023\\\/08\\\/slika-naslovna.jpeg\",\"datePublished\":\"2023-08-31T14:35:23+00:00\",\"dateModified\":\"2023-09-01T10:16:39+00:00\",\"breadcrumb\":{\"@id\":\"https:\\\/\\\/radioljubuski.ba\\\/index.php\\\/2023\\\/08\\\/31\\\/video-foto-ljubuski-centar-za-djecu-mlade-i-odrasle-s-poteskocama-u-razvoju-jedinstven-primjer-funkcioniranja-u-bih\\\/#breadcrumb\"},\"inLanguage\":\"hr\",\"potentialAction\":[{\"@type\":\"ReadAction\",\"target\":[\"https:\\\/\\\/radioljubuski.ba\\\/index.php\\\/2023\\\/08\\\/31\\\/video-foto-ljubuski-centar-za-djecu-mlade-i-odrasle-s-poteskocama-u-razvoju-jedinstven-primjer-funkcioniranja-u-bih\\\/\"]}]},{\"@type\":\"ImageObject\",\"inLanguage\":\"hr\",\"@id\":\"https:\\\/\\\/radioljubuski.ba\\\/index.php\\\/2023\\\/08\\\/31\\\/video-foto-ljubuski-centar-za-djecu-mlade-i-odrasle-s-poteskocama-u-razvoju-jedinstven-primjer-funkcioniranja-u-bih\\\/#primaryimage\",\"url\":\"https:\\\/\\\/radioljubuski.ba\\\/wp-content\\\/uploads\\\/2023\\\/08\\\/slika-naslovna.jpeg\",\"contentUrl\":\"https:\\\/\\\/radioljubuski.ba\\\/wp-content\\\/uploads\\\/2023\\\/08\\\/slika-naslovna.jpeg\",\"width\":1600,\"height\":1066},{\"@type\":\"BreadcrumbList\",\"@id\":\"https:\\\/\\\/radioljubuski.ba\\\/index.php\\\/2023\\\/08\\\/31\\\/video-foto-ljubuski-centar-za-djecu-mlade-i-odrasle-s-poteskocama-u-razvoju-jedinstven-primjer-funkcioniranja-u-bih\\\/#breadcrumb\",\"itemListElement\":[{\"@type\":\"ListItem\",\"position\":1,\"name\":\"Po\u010detna stranica\",\"item\":\"https:\\\/\\\/radioljubuski.ba\\\/\"},{\"@type\":\"ListItem\",\"position\":2,\"name\":\"Video \\\/ Foto: Ljubu\u0161ki Centar za djecu, mlade i odrasle s pote\u0161ko\u0107ama u razvoju jedinstven primjer funkcioniranja u BIH\"}]},{\"@type\":\"WebSite\",\"@id\":\"https:\\\/\\\/radioljubuski.ba\\\/#website\",\"url\":\"https:\\\/\\\/radioljubuski.ba\\\/\",\"name\":\"Radio Ljubu\u0161ki\",\"description\":\"Sun\u010dana frekvencija Hercegovine\",\"publisher\":{\"@id\":\"https:\\\/\\\/radioljubuski.ba\\\/#organization\"},\"potentialAction\":[{\"@type\":\"SearchAction\",\"target\":{\"@type\":\"EntryPoint\",\"urlTemplate\":\"https:\\\/\\\/radioljubuski.ba\\\/?s={search_term_string}\"},\"query-input\":{\"@type\":\"PropertyValueSpecification\",\"valueRequired\":true,\"valueName\":\"search_term_string\"}}],\"inLanguage\":\"hr\"},{\"@type\":\"Organization\",\"@id\":\"https:\\\/\\\/radioljubuski.ba\\\/#organization\",\"name\":\"Radio Ljubu\u0161ki\",\"url\":\"https:\\\/\\\/radioljubuski.ba\\\/\",\"logo\":{\"@type\":\"ImageObject\",\"inLanguage\":\"hr\",\"@id\":\"https:\\\/\\\/radioljubuski.ba\\\/#\\\/schema\\\/logo\\\/image\\\/\",\"url\":\"https:\\\/\\\/radioljubuski.ba\\\/wp-content\\\/uploads\\\/2021\\\/02\\\/cropped-Radio_Ljubuski_logo1.jpg\",\"contentUrl\":\"https:\\\/\\\/radioljubuski.ba\\\/wp-content\\\/uploads\\\/2021\\\/02\\\/cropped-Radio_Ljubuski_logo1.jpg\",\"width\":512,\"height\":512,\"caption\":\"Radio Ljubu\u0161ki\"},\"image\":{\"@id\":\"https:\\\/\\\/radioljubuski.ba\\\/#\\\/schema\\\/logo\\\/image\\\/\"},\"sameAs\":[\"https:\\\/\\\/www.facebook.com\\\/Radiio-Ljubuski-1490835324566332\",\"https:\\\/\\\/x.com\\\/radioljubuski\",\"https:\\\/\\\/hr.linkedin.com\\\/company\\\/radio-ljubuski\",\"https:\\\/\\\/www.youtube.com\\\/channel\\\/UCHYaeO_n0Db3tjNGudGpXyw\"]},{\"@type\":\"Person\",\"@id\":\"https:\\\/\\\/radioljubuski.ba\\\/#\\\/schema\\\/person\\\/19fc700381a780f69665d7956c469e3b\",\"name\":\"Radio Ljubu\u0161ki\"}]}<\/script>\n<!-- \/ Yoast SEO plugin. -->","yoast_head_json":{"title":"Video \/ Foto: Ljubu\u0161ki Centar za djecu, mlade i odrasle s pote\u0161ko\u0107ama u razvoju jedinstven primjer funkcioniranja u BIH - RADIO LJUBU\u0160KI","robots":{"index":"index","follow":"follow","max-snippet":"max-snippet:-1","max-image-preview":"max-image-preview:large","max-video-preview":"max-video-preview:-1"},"canonical":"https:\/\/radioljubuski.ba\/index.php\/2023\/08\/31\/video-foto-ljubuski-centar-za-djecu-mlade-i-odrasle-s-poteskocama-u-razvoju-jedinstven-primjer-funkcioniranja-u-bih\/","og_locale":"hr_HR","og_type":"article","og_title":"Video \/ Foto: Ljubu\u0161ki Centar za djecu, mlade i odrasle s pote\u0161ko\u0107ama u razvoju jedinstven primjer funkcioniranja u BIH - RADIO LJUBU\u0160KI","og_description":"Izaslanstvo Vlade Federacije BIH predvo\u0111eno dopredsjednikom vlade i ministrom financija Tonijem Kraljevi\u0107em, federalnim ministrom rada i socijalne politike Adnanom Deli\u0107em boravilo je danas u Ljubu\u0161kom u posjeti Javnoj ustanovi Edukacijsko rehabilitacijskom centru za djecu, mlade i odrasle osobe s te\u0161ko\u0107ama u razvoju Grada Ljubu\u0161kog. Izaslanstvo su do\u010dekali gradona\u010delnik Ljubu\u0161kog Vedran Markoti\u0107, predsjednik Gradskog vije\u0107a Tihomir [&hellip;]","og_url":"https:\/\/radioljubuski.ba\/index.php\/2023\/08\/31\/video-foto-ljubuski-centar-za-djecu-mlade-i-odrasle-s-poteskocama-u-razvoju-jedinstven-primjer-funkcioniranja-u-bih\/","og_site_name":"RADIO LJUBU\u0160KI","article_publisher":"https:\/\/www.facebook.com\/Radiio-Ljubuski-1490835324566332","article_published_time":"2023-08-31T14:35:23+00:00","article_modified_time":"2023-09-01T10:16:39+00:00","og_image":[{"width":1600,"height":1066,"url":"https:\/\/radioljubuski.ba\/wp-content\/uploads\/2023\/08\/slika-naslovna.jpeg","type":"image\/jpeg"}],"author":"Radio Ljubu\u0161ki","twitter_card":"summary_large_image","twitter_creator":"@radioljubuski","twitter_site":"@radioljubuski","twitter_misc":{"Napisao\/la":"Radio Ljubu\u0161ki","Procijenjeno vrijeme \u010ditanja":"4 minute"},"schema":{"@context":"https:\/\/schema.org","@graph":[{"@type":"Article","@id":"https:\/\/radioljubuski.ba\/index.php\/2023\/08\/31\/video-foto-ljubuski-centar-za-djecu-mlade-i-odrasle-s-poteskocama-u-razvoju-jedinstven-primjer-funkcioniranja-u-bih\/#article","isPartOf":{"@id":"https:\/\/radioljubuski.ba\/index.php\/2023\/08\/31\/video-foto-ljubuski-centar-za-djecu-mlade-i-odrasle-s-poteskocama-u-razvoju-jedinstven-primjer-funkcioniranja-u-bih\/"},"author":{"name":"Radio Ljubu\u0161ki","@id":"https:\/\/radioljubuski.ba\/#\/schema\/person\/19fc700381a780f69665d7956c469e3b"},"headline":"Video \/ Foto: Ljubu\u0161ki Centar za djecu, mlade i odrasle s pote\u0161ko\u0107ama u razvoju jedinstven primjer funkcioniranja u BIH","datePublished":"2023-08-31T14:35:23+00:00","dateModified":"2023-09-01T10:16:39+00:00","mainEntityOfPage":{"@id":"https:\/\/radioljubuski.ba\/index.php\/2023\/08\/31\/video-foto-ljubuski-centar-za-djecu-mlade-i-odrasle-s-poteskocama-u-razvoju-jedinstven-primjer-funkcioniranja-u-bih\/"},"wordCount":408,"publisher":{"@id":"https:\/\/radioljubuski.ba\/#organization"},"image":{"@id":"https:\/\/radioljubuski.ba\/index.php\/2023\/08\/31\/video-foto-ljubuski-centar-za-djecu-mlade-i-odrasle-s-poteskocama-u-razvoju-jedinstven-primjer-funkcioniranja-u-bih\/#primaryimage"},"thumbnailUrl":"https:\/\/radioljubuski.ba\/wp-content\/uploads\/2023\/08\/slika-naslovna.jpeg","articleSection":["Ljubu\u0161ki","Novosti","Poslu\u0161ajte"],"inLanguage":"hr"},{"@type":"WebPage","@id":"https:\/\/radioljubuski.ba\/index.php\/2023\/08\/31\/video-foto-ljubuski-centar-za-djecu-mlade-i-odrasle-s-poteskocama-u-razvoju-jedinstven-primjer-funkcioniranja-u-bih\/","url":"https:\/\/radioljubuski.ba\/index.php\/2023\/08\/31\/video-foto-ljubuski-centar-za-djecu-mlade-i-odrasle-s-poteskocama-u-razvoju-jedinstven-primjer-funkcioniranja-u-bih\/","name":"Video \/ Foto: Ljubu\u0161ki Centar za djecu, mlade i odrasle s pote\u0161ko\u0107ama u razvoju jedinstven primjer funkcioniranja u BIH - RADIO LJUBU\u0160KI","isPartOf":{"@id":"https:\/\/radioljubuski.ba\/#website"},"primaryImageOfPage":{"@id":"https:\/\/radioljubuski.ba\/index.php\/2023\/08\/31\/video-foto-ljubuski-centar-za-djecu-mlade-i-odrasle-s-poteskocama-u-razvoju-jedinstven-primjer-funkcioniranja-u-bih\/#primaryimage"},"image":{"@id":"https:\/\/radioljubuski.ba\/index.php\/2023\/08\/31\/video-foto-ljubuski-centar-za-djecu-mlade-i-odrasle-s-poteskocama-u-razvoju-jedinstven-primjer-funkcioniranja-u-bih\/#primaryimage"},"thumbnailUrl":"https:\/\/radioljubuski.ba\/wp-content\/uploads\/2023\/08\/slika-naslovna.jpeg","datePublished":"2023-08-31T14:35:23+00:00","dateModified":"2023-09-01T10:16:39+00:00","breadcrumb":{"@id":"https:\/\/radioljubuski.ba\/index.php\/2023\/08\/31\/video-foto-ljubuski-centar-za-djecu-mlade-i-odrasle-s-poteskocama-u-razvoju-jedinstven-primjer-funkcioniranja-u-bih\/#breadcrumb"},"inLanguage":"hr","potentialAction":[{"@type":"ReadAction","target":["https:\/\/radioljubuski.ba\/index.php\/2023\/08\/31\/video-foto-ljubuski-centar-za-djecu-mlade-i-odrasle-s-poteskocama-u-razvoju-jedinstven-primjer-funkcioniranja-u-bih\/"]}]},{"@type":"ImageObject","inLanguage":"hr","@id":"https:\/\/radioljubuski.ba\/index.php\/2023\/08\/31\/video-foto-ljubuski-centar-za-djecu-mlade-i-odrasle-s-poteskocama-u-razvoju-jedinstven-primjer-funkcioniranja-u-bih\/#primaryimage","url":"https:\/\/radioljubuski.ba\/wp-content\/uploads\/2023\/08\/slika-naslovna.jpeg","contentUrl":"https:\/\/radioljubuski.ba\/wp-content\/uploads\/2023\/08\/slika-naslovna.jpeg","width":1600,"height":1066},{"@type":"BreadcrumbList","@id":"https:\/\/radioljubuski.ba\/index.php\/2023\/08\/31\/video-foto-ljubuski-centar-za-djecu-mlade-i-odrasle-s-poteskocama-u-razvoju-jedinstven-primjer-funkcioniranja-u-bih\/#breadcrumb","itemListElement":[{"@type":"ListItem","position":1,"name":"Po\u010detna stranica","item":"https:\/\/radioljubuski.ba\/"},{"@type":"ListItem","position":2,"name":"Video \/ Foto: Ljubu\u0161ki Centar za djecu, mlade i odrasle s pote\u0161ko\u0107ama u razvoju jedinstven primjer funkcioniranja u BIH"}]},{"@type":"WebSite","@id":"https:\/\/radioljubuski.ba\/#website","url":"https:\/\/radioljubuski.ba\/","name":"Radio Ljubu\u0161ki","description":"Sun\u010dana frekvencija Hercegovine","publisher":{"@id":"https:\/\/radioljubuski.ba\/#organization"},"potentialAction":[{"@type":"SearchAction","target":{"@type":"EntryPoint","urlTemplate":"https:\/\/radioljubuski.ba\/?s={search_term_string}"},"query-input":{"@type":"PropertyValueSpecification","valueRequired":true,"valueName":"search_term_string"}}],"inLanguage":"hr"},{"@type":"Organization","@id":"https:\/\/radioljubuski.ba\/#organization","name":"Radio Ljubu\u0161ki","url":"https:\/\/radioljubuski.ba\/","logo":{"@type":"ImageObject","inLanguage":"hr","@id":"https:\/\/radioljubuski.ba\/#\/schema\/logo\/image\/","url":"https:\/\/radioljubuski.ba\/wp-content\/uploads\/2021\/02\/cropped-Radio_Ljubuski_logo1.jpg","contentUrl":"https:\/\/radioljubuski.ba\/wp-content\/uploads\/2021\/02\/cropped-Radio_Ljubuski_logo1.jpg","width":512,"height":512,"caption":"Radio Ljubu\u0161ki"},"image":{"@id":"https:\/\/radioljubuski.ba\/#\/schema\/logo\/image\/"},"sameAs":["https:\/\/www.facebook.com\/Radiio-Ljubuski-1490835324566332","https:\/\/x.com\/radioljubuski","https:\/\/hr.linkedin.com\/company\/radio-ljubuski","https:\/\/www.youtube.com\/channel\/UCHYaeO_n0Db3tjNGudGpXyw"]},{"@type":"Person","@id":"https:\/\/radioljubuski.ba\/#\/schema\/person\/19fc700381a780f69665d7956c469e3b","name":"Radio Ljubu\u0161ki"}]}},"_links":{"self":[{"href":"https:\/\/radioljubuski.ba\/index.php\/wp-json\/wp\/v2\/posts\/195135","targetHints":{"allow":["GET"]}}],"collection":[{"href":"https:\/\/radioljubuski.ba\/index.php\/wp-json\/wp\/v2\/posts"}],"about":[{"href":"https:\/\/radioljubuski.ba\/index.php\/wp-json\/wp\/v2\/types\/post"}],"author":[{"embeddable":true,"href":"https:\/\/radioljubuski.ba\/index.php\/wp-json\/wp\/v2\/users\/2"}],"replies":[{"embeddable":true,"href":"https:\/\/radioljubuski.ba\/index.php\/wp-json\/wp\/v2\/comments?post=195135"}],"version-history":[{"count":4,"href":"https:\/\/radioljubuski.ba\/index.php\/wp-json\/wp\/v2\/posts\/195135\/revisions"}],"predecessor-version":[{"id":195201,"href":"https:\/\/radioljubuski.ba\/index.php\/wp-json\/wp\/v2\/posts\/195135\/revisions\/195201"}],"wp:featuredmedia":[{"embeddable":true,"href":"https:\/\/radioljubuski.ba\/index.php\/wp-json\/wp\/v2\/media\/195145"}],"wp:attachment":[{"href":"https:\/\/radioljubuski.ba\/index.php\/wp-json\/wp\/v2\/media?parent=195135"}],"wp:term":[{"taxonomy":"category","embeddable":true,"href":"https:\/\/radioljubuski.ba\/index.php\/wp-json\/wp\/v2\/categories?post=195135"},{"taxonomy":"post_tag","embeddable":true,"href":"https:\/\/radioljubuski.ba\/index.php\/wp-json\/wp\/v2\/tags?post=195135"}],"curies":[{"name":"wp","href":"https:\/\/api.w.org\/{rel}","templated":true}]}}