{"id":195362,"date":"2023-09-06T10:00:14","date_gmt":"2023-09-06T09:00:14","guid":{"rendered":"https:\/\/radioljubuski.ba\/?p=195362"},"modified":"2023-09-06T10:16:53","modified_gmt":"2023-09-06T09:16:53","slug":"gimnazija-ljubuski-u-novoj-skolskog-godini-s-matematickim-odjelom","status":"publish","type":"post","link":"https:\/\/radioljubuski.ba\/index.php\/2023\/09\/06\/gimnazija-ljubuski-u-novoj-skolskog-godini-s-matematickim-odjelom\/","title":{"rendered":"Gimnazija Ljubu\u0161ki u novoj \u0161kolskoj godini s matemati\u010dkim odjelom"},"content":{"rendered":"\n<p>Po\u010detak nove \u0161kolske godine za Radio Ljubu\u0161ki komentirao je ravnatelj Gimnazije Ljubu\u0161ki Leopold Mandi\u0107:<\/p>\n\n\n\n<p>&#8221; Zadovoljni smo zanimanjem u\u010denika za upis u na\u0161u \u0161kolu, u novoj \u0161kolskoj godini formirali smo \u010detiri odjela prvih razreda, tri odjela op\u0107e gimnazije i novost u ovoj \u0161kolskoj godini je po prvi put odjel matemati\u010dke gimnazije. Ukupan broj u\u010denika koji poha\u0111aju Gimnaziju Ljubu\u0161ki je 308, prve razrede poha\u0111a 76 u\u010denika. Maturanti su nam se upravo vratili sa ekskurzije po Srednjoj Europi, zadovoljni su i vra\u0107aju se redovitim \u0161kolskim aktivnostima. Kada je rije\u010d o samoj \u0161kolskoj zgradi, obnovljeno je prizemlje a uskoro o\u010dekujemo i nastavak obnove i rekonstrukciju katova.&#8221;<\/p>\n\n\n\n<p><\/p>\n","protected":false},"excerpt":{"rendered":"<p>Po\u010detak nove \u0161kolske godine za Radio Ljubu\u0161ki komentirao je ravnatelj Gimnazije Ljubu\u0161ki Leopold Mandi\u0107: &#8221; Zadovoljni smo zanimanjem u\u010denika za upis u na\u0161u \u0161kolu, u novoj \u0161kolskoj godini formirali smo \u010detiri odjela prvih razreda, tri odjela op\u0107e gimnazije i novost u ovoj \u0161kolskoj godini je po prvi put odjel matemati\u010dke gimnazije. Ukupan broj u\u010denika koji [&hellip;]<\/p>\n","protected":false},"author":2,"featured_media":195363,"comment_status":"closed","ping_status":"closed","sticky":false,"template":"","format":"standard","meta":{"h5ap_radio_sources":[],"footnotes":""},"categories":[3,28],"tags":[],"class_list":["post-195362","post","type-post","status-publish","format-standard","has-post-thumbnail","hentry","category-ljubuski","category-novosti"],"yoast_head":"<!-- This site is optimized with the Yoast SEO plugin v27.5 - https:\/\/yoast.com\/product\/yoast-seo-wordpress\/ -->\n<title>Gimnazija Ljubu\u0161ki u novoj \u0161kolskoj godini s matemati\u010dkim odjelom - RADIO LJUBU\u0160KI<\/title>\n<meta name=\"robots\" content=\"index, follow, max-snippet:-1, max-image-preview:large, max-video-preview:-1\" \/>\n<link rel=\"canonical\" href=\"https:\/\/radioljubuski.ba\/index.php\/2023\/09\/06\/gimnazija-ljubuski-u-novoj-skolskog-godini-s-matematickim-odjelom\/\" \/>\n<meta property=\"og:locale\" content=\"hr_HR\" \/>\n<meta property=\"og:type\" content=\"article\" \/>\n<meta property=\"og:title\" content=\"Gimnazija Ljubu\u0161ki u novoj \u0161kolskoj godini s matemati\u010dkim odjelom - RADIO LJUBU\u0160KI\" \/>\n<meta property=\"og:description\" content=\"Po\u010detak nove \u0161kolske godine za Radio Ljubu\u0161ki komentirao je ravnatelj Gimnazije Ljubu\u0161ki Leopold Mandi\u0107: &#8221; Zadovoljni smo zanimanjem u\u010denika za upis u na\u0161u \u0161kolu, u novoj \u0161kolskoj godini formirali smo \u010detiri odjela prvih razreda, tri odjela op\u0107e gimnazije i novost u ovoj \u0161kolskoj godini je po prvi put odjel matemati\u010dke gimnazije. Ukupan broj u\u010denika koji [&hellip;]\" \/>\n<meta property=\"og:url\" content=\"https:\/\/radioljubuski.ba\/index.php\/2023\/09\/06\/gimnazija-ljubuski-u-novoj-skolskog-godini-s-matematickim-odjelom\/\" \/>\n<meta property=\"og:site_name\" content=\"RADIO LJUBU\u0160KI\" \/>\n<meta property=\"article:publisher\" content=\"https:\/\/www.facebook.com\/Radiio-Ljubuski-1490835324566332\" \/>\n<meta property=\"article:published_time\" content=\"2023-09-06T09:00:14+00:00\" \/>\n<meta property=\"article:modified_time\" content=\"2023-09-06T09:16:53+00:00\" \/>\n<meta property=\"og:image\" content=\"https:\/\/radioljubuski.ba\/wp-content\/uploads\/2023\/09\/radio-Ljubuski-3.jpg\" \/>\n\t<meta property=\"og:image:width\" content=\"1080\" \/>\n\t<meta property=\"og:image:height\" content=\"1080\" \/>\n\t<meta property=\"og:image:type\" content=\"image\/jpeg\" \/>\n<meta name=\"author\" content=\"Radio Ljubu\u0161ki\" \/>\n<meta name=\"twitter:card\" content=\"summary_large_image\" \/>\n<meta name=\"twitter:creator\" content=\"@radioljubuski\" \/>\n<meta name=\"twitter:site\" content=\"@radioljubuski\" \/>\n<meta name=\"twitter:label1\" content=\"Napisao\/la\" \/>\n\t<meta name=\"twitter:data1\" content=\"Radio Ljubu\u0161ki\" \/>\n\t<meta name=\"twitter:label2\" content=\"Procijenjeno vrijeme \u010ditanja\" \/>\n\t<meta name=\"twitter:data2\" content=\"1 minuta\" \/>\n<script type=\"application\/ld+json\" class=\"yoast-schema-graph\">{\"@context\":\"https:\\\/\\\/schema.org\",\"@graph\":[{\"@type\":\"Article\",\"@id\":\"https:\\\/\\\/radioljubuski.ba\\\/index.php\\\/2023\\\/09\\\/06\\\/gimnazija-ljubuski-u-novoj-skolskog-godini-s-matematickim-odjelom\\\/#article\",\"isPartOf\":{\"@id\":\"https:\\\/\\\/radioljubuski.ba\\\/index.php\\\/2023\\\/09\\\/06\\\/gimnazija-ljubuski-u-novoj-skolskog-godini-s-matematickim-odjelom\\\/\"},\"author\":{\"name\":\"Radio Ljubu\u0161ki\",\"@id\":\"https:\\\/\\\/radioljubuski.ba\\\/#\\\/schema\\\/person\\\/19fc700381a780f69665d7956c469e3b\"},\"headline\":\"Gimnazija Ljubu\u0161ki u novoj \u0161kolskoj godini s matemati\u010dkim odjelom\",\"datePublished\":\"2023-09-06T09:00:14+00:00\",\"dateModified\":\"2023-09-06T09:16:53+00:00\",\"mainEntityOfPage\":{\"@id\":\"https:\\\/\\\/radioljubuski.ba\\\/index.php\\\/2023\\\/09\\\/06\\\/gimnazija-ljubuski-u-novoj-skolskog-godini-s-matematickim-odjelom\\\/\"},\"wordCount\":125,\"publisher\":{\"@id\":\"https:\\\/\\\/radioljubuski.ba\\\/#organization\"},\"image\":{\"@id\":\"https:\\\/\\\/radioljubuski.ba\\\/index.php\\\/2023\\\/09\\\/06\\\/gimnazija-ljubuski-u-novoj-skolskog-godini-s-matematickim-odjelom\\\/#primaryimage\"},\"thumbnailUrl\":\"https:\\\/\\\/radioljubuski.ba\\\/wp-content\\\/uploads\\\/2023\\\/09\\\/radio-Ljubuski-3.jpg\",\"articleSection\":[\"Ljubu\u0161ki\",\"Novosti\"],\"inLanguage\":\"hr\"},{\"@type\":\"WebPage\",\"@id\":\"https:\\\/\\\/radioljubuski.ba\\\/index.php\\\/2023\\\/09\\\/06\\\/gimnazija-ljubuski-u-novoj-skolskog-godini-s-matematickim-odjelom\\\/\",\"url\":\"https:\\\/\\\/radioljubuski.ba\\\/index.php\\\/2023\\\/09\\\/06\\\/gimnazija-ljubuski-u-novoj-skolskog-godini-s-matematickim-odjelom\\\/\",\"name\":\"Gimnazija Ljubu\u0161ki u novoj \u0161kolskoj godini s matemati\u010dkim odjelom - RADIO LJUBU\u0160KI\",\"isPartOf\":{\"@id\":\"https:\\\/\\\/radioljubuski.ba\\\/#website\"},\"primaryImageOfPage\":{\"@id\":\"https:\\\/\\\/radioljubuski.ba\\\/index.php\\\/2023\\\/09\\\/06\\\/gimnazija-ljubuski-u-novoj-skolskog-godini-s-matematickim-odjelom\\\/#primaryimage\"},\"image\":{\"@id\":\"https:\\\/\\\/radioljubuski.ba\\\/index.php\\\/2023\\\/09\\\/06\\\/gimnazija-ljubuski-u-novoj-skolskog-godini-s-matematickim-odjelom\\\/#primaryimage\"},\"thumbnailUrl\":\"https:\\\/\\\/radioljubuski.ba\\\/wp-content\\\/uploads\\\/2023\\\/09\\\/radio-Ljubuski-3.jpg\",\"datePublished\":\"2023-09-06T09:00:14+00:00\",\"dateModified\":\"2023-09-06T09:16:53+00:00\",\"breadcrumb\":{\"@id\":\"https:\\\/\\\/radioljubuski.ba\\\/index.php\\\/2023\\\/09\\\/06\\\/gimnazija-ljubuski-u-novoj-skolskog-godini-s-matematickim-odjelom\\\/#breadcrumb\"},\"inLanguage\":\"hr\",\"potentialAction\":[{\"@type\":\"ReadAction\",\"target\":[\"https:\\\/\\\/radioljubuski.ba\\\/index.php\\\/2023\\\/09\\\/06\\\/gimnazija-ljubuski-u-novoj-skolskog-godini-s-matematickim-odjelom\\\/\"]}]},{\"@type\":\"ImageObject\",\"inLanguage\":\"hr\",\"@id\":\"https:\\\/\\\/radioljubuski.ba\\\/index.php\\\/2023\\\/09\\\/06\\\/gimnazija-ljubuski-u-novoj-skolskog-godini-s-matematickim-odjelom\\\/#primaryimage\",\"url\":\"https:\\\/\\\/radioljubuski.ba\\\/wp-content\\\/uploads\\\/2023\\\/09\\\/radio-Ljubuski-3.jpg\",\"contentUrl\":\"https:\\\/\\\/radioljubuski.ba\\\/wp-content\\\/uploads\\\/2023\\\/09\\\/radio-Ljubuski-3.jpg\",\"width\":1080,\"height\":1080},{\"@type\":\"BreadcrumbList\",\"@id\":\"https:\\\/\\\/radioljubuski.ba\\\/index.php\\\/2023\\\/09\\\/06\\\/gimnazija-ljubuski-u-novoj-skolskog-godini-s-matematickim-odjelom\\\/#breadcrumb\",\"itemListElement\":[{\"@type\":\"ListItem\",\"position\":1,\"name\":\"Po\u010detna stranica\",\"item\":\"https:\\\/\\\/radioljubuski.ba\\\/\"},{\"@type\":\"ListItem\",\"position\":2,\"name\":\"Gimnazija Ljubu\u0161ki u novoj \u0161kolskoj godini s matemati\u010dkim odjelom\"}]},{\"@type\":\"WebSite\",\"@id\":\"https:\\\/\\\/radioljubuski.ba\\\/#website\",\"url\":\"https:\\\/\\\/radioljubuski.ba\\\/\",\"name\":\"Radio Ljubu\u0161ki\",\"description\":\"Sun\u010dana frekvencija Hercegovine\",\"publisher\":{\"@id\":\"https:\\\/\\\/radioljubuski.ba\\\/#organization\"},\"potentialAction\":[{\"@type\":\"SearchAction\",\"target\":{\"@type\":\"EntryPoint\",\"urlTemplate\":\"https:\\\/\\\/radioljubuski.ba\\\/?s={search_term_string}\"},\"query-input\":{\"@type\":\"PropertyValueSpecification\",\"valueRequired\":true,\"valueName\":\"search_term_string\"}}],\"inLanguage\":\"hr\"},{\"@type\":\"Organization\",\"@id\":\"https:\\\/\\\/radioljubuski.ba\\\/#organization\",\"name\":\"Radio Ljubu\u0161ki\",\"url\":\"https:\\\/\\\/radioljubuski.ba\\\/\",\"logo\":{\"@type\":\"ImageObject\",\"inLanguage\":\"hr\",\"@id\":\"https:\\\/\\\/radioljubuski.ba\\\/#\\\/schema\\\/logo\\\/image\\\/\",\"url\":\"https:\\\/\\\/radioljubuski.ba\\\/wp-content\\\/uploads\\\/2021\\\/02\\\/cropped-Radio_Ljubuski_logo1.jpg\",\"contentUrl\":\"https:\\\/\\\/radioljubuski.ba\\\/wp-content\\\/uploads\\\/2021\\\/02\\\/cropped-Radio_Ljubuski_logo1.jpg\",\"width\":512,\"height\":512,\"caption\":\"Radio Ljubu\u0161ki\"},\"image\":{\"@id\":\"https:\\\/\\\/radioljubuski.ba\\\/#\\\/schema\\\/logo\\\/image\\\/\"},\"sameAs\":[\"https:\\\/\\\/www.facebook.com\\\/Radiio-Ljubuski-1490835324566332\",\"https:\\\/\\\/x.com\\\/radioljubuski\",\"https:\\\/\\\/hr.linkedin.com\\\/company\\\/radio-ljubuski\",\"https:\\\/\\\/www.youtube.com\\\/channel\\\/UCHYaeO_n0Db3tjNGudGpXyw\"]},{\"@type\":\"Person\",\"@id\":\"https:\\\/\\\/radioljubuski.ba\\\/#\\\/schema\\\/person\\\/19fc700381a780f69665d7956c469e3b\",\"name\":\"Radio Ljubu\u0161ki\"}]}<\/script>\n<!-- \/ Yoast SEO plugin. -->","yoast_head_json":{"title":"Gimnazija Ljubu\u0161ki u novoj \u0161kolskoj godini s matemati\u010dkim odjelom - RADIO LJUBU\u0160KI","robots":{"index":"index","follow":"follow","max-snippet":"max-snippet:-1","max-image-preview":"max-image-preview:large","max-video-preview":"max-video-preview:-1"},"canonical":"https:\/\/radioljubuski.ba\/index.php\/2023\/09\/06\/gimnazija-ljubuski-u-novoj-skolskog-godini-s-matematickim-odjelom\/","og_locale":"hr_HR","og_type":"article","og_title":"Gimnazija Ljubu\u0161ki u novoj \u0161kolskoj godini s matemati\u010dkim odjelom - RADIO LJUBU\u0160KI","og_description":"Po\u010detak nove \u0161kolske godine za Radio Ljubu\u0161ki komentirao je ravnatelj Gimnazije Ljubu\u0161ki Leopold Mandi\u0107: &#8221; Zadovoljni smo zanimanjem u\u010denika za upis u na\u0161u \u0161kolu, u novoj \u0161kolskoj godini formirali smo \u010detiri odjela prvih razreda, tri odjela op\u0107e gimnazije i novost u ovoj \u0161kolskoj godini je po prvi put odjel matemati\u010dke gimnazije. Ukupan broj u\u010denika koji [&hellip;]","og_url":"https:\/\/radioljubuski.ba\/index.php\/2023\/09\/06\/gimnazija-ljubuski-u-novoj-skolskog-godini-s-matematickim-odjelom\/","og_site_name":"RADIO LJUBU\u0160KI","article_publisher":"https:\/\/www.facebook.com\/Radiio-Ljubuski-1490835324566332","article_published_time":"2023-09-06T09:00:14+00:00","article_modified_time":"2023-09-06T09:16:53+00:00","og_image":[{"width":1080,"height":1080,"url":"https:\/\/radioljubuski.ba\/wp-content\/uploads\/2023\/09\/radio-Ljubuski-3.jpg","type":"image\/jpeg"}],"author":"Radio Ljubu\u0161ki","twitter_card":"summary_large_image","twitter_creator":"@radioljubuski","twitter_site":"@radioljubuski","twitter_misc":{"Napisao\/la":"Radio Ljubu\u0161ki","Procijenjeno vrijeme \u010ditanja":"1 minuta"},"schema":{"@context":"https:\/\/schema.org","@graph":[{"@type":"Article","@id":"https:\/\/radioljubuski.ba\/index.php\/2023\/09\/06\/gimnazija-ljubuski-u-novoj-skolskog-godini-s-matematickim-odjelom\/#article","isPartOf":{"@id":"https:\/\/radioljubuski.ba\/index.php\/2023\/09\/06\/gimnazija-ljubuski-u-novoj-skolskog-godini-s-matematickim-odjelom\/"},"author":{"name":"Radio Ljubu\u0161ki","@id":"https:\/\/radioljubuski.ba\/#\/schema\/person\/19fc700381a780f69665d7956c469e3b"},"headline":"Gimnazija Ljubu\u0161ki u novoj \u0161kolskoj godini s matemati\u010dkim odjelom","datePublished":"2023-09-06T09:00:14+00:00","dateModified":"2023-09-06T09:16:53+00:00","mainEntityOfPage":{"@id":"https:\/\/radioljubuski.ba\/index.php\/2023\/09\/06\/gimnazija-ljubuski-u-novoj-skolskog-godini-s-matematickim-odjelom\/"},"wordCount":125,"publisher":{"@id":"https:\/\/radioljubuski.ba\/#organization"},"image":{"@id":"https:\/\/radioljubuski.ba\/index.php\/2023\/09\/06\/gimnazija-ljubuski-u-novoj-skolskog-godini-s-matematickim-odjelom\/#primaryimage"},"thumbnailUrl":"https:\/\/radioljubuski.ba\/wp-content\/uploads\/2023\/09\/radio-Ljubuski-3.jpg","articleSection":["Ljubu\u0161ki","Novosti"],"inLanguage":"hr"},{"@type":"WebPage","@id":"https:\/\/radioljubuski.ba\/index.php\/2023\/09\/06\/gimnazija-ljubuski-u-novoj-skolskog-godini-s-matematickim-odjelom\/","url":"https:\/\/radioljubuski.ba\/index.php\/2023\/09\/06\/gimnazija-ljubuski-u-novoj-skolskog-godini-s-matematickim-odjelom\/","name":"Gimnazija Ljubu\u0161ki u novoj \u0161kolskoj godini s matemati\u010dkim odjelom - RADIO LJUBU\u0160KI","isPartOf":{"@id":"https:\/\/radioljubuski.ba\/#website"},"primaryImageOfPage":{"@id":"https:\/\/radioljubuski.ba\/index.php\/2023\/09\/06\/gimnazija-ljubuski-u-novoj-skolskog-godini-s-matematickim-odjelom\/#primaryimage"},"image":{"@id":"https:\/\/radioljubuski.ba\/index.php\/2023\/09\/06\/gimnazija-ljubuski-u-novoj-skolskog-godini-s-matematickim-odjelom\/#primaryimage"},"thumbnailUrl":"https:\/\/radioljubuski.ba\/wp-content\/uploads\/2023\/09\/radio-Ljubuski-3.jpg","datePublished":"2023-09-06T09:00:14+00:00","dateModified":"2023-09-06T09:16:53+00:00","breadcrumb":{"@id":"https:\/\/radioljubuski.ba\/index.php\/2023\/09\/06\/gimnazija-ljubuski-u-novoj-skolskog-godini-s-matematickim-odjelom\/#breadcrumb"},"inLanguage":"hr","potentialAction":[{"@type":"ReadAction","target":["https:\/\/radioljubuski.ba\/index.php\/2023\/09\/06\/gimnazija-ljubuski-u-novoj-skolskog-godini-s-matematickim-odjelom\/"]}]},{"@type":"ImageObject","inLanguage":"hr","@id":"https:\/\/radioljubuski.ba\/index.php\/2023\/09\/06\/gimnazija-ljubuski-u-novoj-skolskog-godini-s-matematickim-odjelom\/#primaryimage","url":"https:\/\/radioljubuski.ba\/wp-content\/uploads\/2023\/09\/radio-Ljubuski-3.jpg","contentUrl":"https:\/\/radioljubuski.ba\/wp-content\/uploads\/2023\/09\/radio-Ljubuski-3.jpg","width":1080,"height":1080},{"@type":"BreadcrumbList","@id":"https:\/\/radioljubuski.ba\/index.php\/2023\/09\/06\/gimnazija-ljubuski-u-novoj-skolskog-godini-s-matematickim-odjelom\/#breadcrumb","itemListElement":[{"@type":"ListItem","position":1,"name":"Po\u010detna stranica","item":"https:\/\/radioljubuski.ba\/"},{"@type":"ListItem","position":2,"name":"Gimnazija Ljubu\u0161ki u novoj \u0161kolskoj godini s matemati\u010dkim odjelom"}]},{"@type":"WebSite","@id":"https:\/\/radioljubuski.ba\/#website","url":"https:\/\/radioljubuski.ba\/","name":"Radio Ljubu\u0161ki","description":"Sun\u010dana frekvencija Hercegovine","publisher":{"@id":"https:\/\/radioljubuski.ba\/#organization"},"potentialAction":[{"@type":"SearchAction","target":{"@type":"EntryPoint","urlTemplate":"https:\/\/radioljubuski.ba\/?s={search_term_string}"},"query-input":{"@type":"PropertyValueSpecification","valueRequired":true,"valueName":"search_term_string"}}],"inLanguage":"hr"},{"@type":"Organization","@id":"https:\/\/radioljubuski.ba\/#organization","name":"Radio Ljubu\u0161ki","url":"https:\/\/radioljubuski.ba\/","logo":{"@type":"ImageObject","inLanguage":"hr","@id":"https:\/\/radioljubuski.ba\/#\/schema\/logo\/image\/","url":"https:\/\/radioljubuski.ba\/wp-content\/uploads\/2021\/02\/cropped-Radio_Ljubuski_logo1.jpg","contentUrl":"https:\/\/radioljubuski.ba\/wp-content\/uploads\/2021\/02\/cropped-Radio_Ljubuski_logo1.jpg","width":512,"height":512,"caption":"Radio Ljubu\u0161ki"},"image":{"@id":"https:\/\/radioljubuski.ba\/#\/schema\/logo\/image\/"},"sameAs":["https:\/\/www.facebook.com\/Radiio-Ljubuski-1490835324566332","https:\/\/x.com\/radioljubuski","https:\/\/hr.linkedin.com\/company\/radio-ljubuski","https:\/\/www.youtube.com\/channel\/UCHYaeO_n0Db3tjNGudGpXyw"]},{"@type":"Person","@id":"https:\/\/radioljubuski.ba\/#\/schema\/person\/19fc700381a780f69665d7956c469e3b","name":"Radio Ljubu\u0161ki"}]}},"_links":{"self":[{"href":"https:\/\/radioljubuski.ba\/index.php\/wp-json\/wp\/v2\/posts\/195362","targetHints":{"allow":["GET"]}}],"collection":[{"href":"https:\/\/radioljubuski.ba\/index.php\/wp-json\/wp\/v2\/posts"}],"about":[{"href":"https:\/\/radioljubuski.ba\/index.php\/wp-json\/wp\/v2\/types\/post"}],"author":[{"embeddable":true,"href":"https:\/\/radioljubuski.ba\/index.php\/wp-json\/wp\/v2\/users\/2"}],"replies":[{"embeddable":true,"href":"https:\/\/radioljubuski.ba\/index.php\/wp-json\/wp\/v2\/comments?post=195362"}],"version-history":[{"count":3,"href":"https:\/\/radioljubuski.ba\/index.php\/wp-json\/wp\/v2\/posts\/195362\/revisions"}],"predecessor-version":[{"id":195368,"href":"https:\/\/radioljubuski.ba\/index.php\/wp-json\/wp\/v2\/posts\/195362\/revisions\/195368"}],"wp:featuredmedia":[{"embeddable":true,"href":"https:\/\/radioljubuski.ba\/index.php\/wp-json\/wp\/v2\/media\/195363"}],"wp:attachment":[{"href":"https:\/\/radioljubuski.ba\/index.php\/wp-json\/wp\/v2\/media?parent=195362"}],"wp:term":[{"taxonomy":"category","embeddable":true,"href":"https:\/\/radioljubuski.ba\/index.php\/wp-json\/wp\/v2\/categories?post=195362"},{"taxonomy":"post_tag","embeddable":true,"href":"https:\/\/radioljubuski.ba\/index.php\/wp-json\/wp\/v2\/tags?post=195362"}],"curies":[{"name":"wp","href":"https:\/\/api.w.org\/{rel}","templated":true}]}}