{"id":195397,"date":"2023-09-08T07:43:49","date_gmt":"2023-09-08T06:43:49","guid":{"rendered":"https:\/\/radioljubuski.ba\/?p=195397"},"modified":"2023-09-17T10:32:56","modified_gmt":"2023-09-17T09:32:56","slug":"hotel-bigeste-oglas-za-posao-2","status":"publish","type":"post","link":"https:\/\/radioljubuski.ba\/index.php\/2023\/09\/08\/hotel-bigeste-oglas-za-posao-2\/","title":{"rendered":"Hotel Bigeste: Oglas za posao!"},"content":{"rendered":"\n<p>HOTEL BIGESTE ZAPO\u0160LJAVA:&nbsp;<\/p>\n\n\n\n<p><img decoding=\"async\" src=\"https:\/\/fonts.gstatic.com\/s\/e\/notoemoji\/15.0\/27a1_fe0f\/32.png\" alt=\"\u27a1\ufe0f\">\u00a0Konobar\/ica &#8211; 2 izvr\u0161itelja<\/p>\n\n\n\n<p><img decoding=\"async\" src=\"https:\/\/fonts.gstatic.com\/s\/e\/notoemoji\/15.0\/27a1_fe0f\/32.png\" alt=\"\u27a1\ufe0f\">\u00a0\u0160anker\/ica &#8211; 2 izvr\u0161itelja<\/p>\n\n\n\n<p>Vedrog ste duha i ljubazni?&nbsp;<img decoding=\"async\" alt=\"\ud83c\udf7d\" src=\"https:\/\/fonts.gstatic.com\/s\/e\/notoemoji\/15.0\/1f37d\/32.png\">&nbsp;Imate smisla za poslu\u017eivanje gostiju i dobre komunikacijske vje\u0161tine? Tra\u017eimo odgovorne i komunikativne osobe koje su spremne na rad u timu.<\/p>\n\n\n\n<p><img decoding=\"async\" alt=\"\ud83d\udcdd\" src=\"https:\/\/fonts.gstatic.com\/s\/e\/notoemoji\/15.0\/1f4dd\/32.png\">&nbsp;Prijave mo\u017eete izvr\u0161iti svakim radnim danom osobno na recepciji hotela ili slanjem \u017eivotopisa na e-mail&nbsp;<a href=\"mailto:info@hotelbigeste.ba\" target=\"_blank\" rel=\"noreferrer noopener\">info@hotelbigeste.ba<\/a><\/p>\n\n\n\n<p><img decoding=\"async\" alt=\"\u2139\ufe0f\" src=\"https:\/\/fonts.gstatic.com\/s\/e\/notoemoji\/15.0\/2139_fe0f\/32.png\">&nbsp;Oglas ostaje otvoren do popune radnih mjesta!<\/p>\n","protected":false},"excerpt":{"rendered":"<p>HOTEL BIGESTE ZAPO\u0160LJAVA:&nbsp; \u00a0Konobar\/ica &#8211; 2 izvr\u0161itelja \u00a0\u0160anker\/ica &#8211; 2 izvr\u0161itelja Vedrog ste duha i ljubazni?&nbsp;&nbsp;Imate smisla za poslu\u017eivanje gostiju i dobre komunikacijske vje\u0161tine? Tra\u017eimo odgovorne i komunikativne osobe koje su spremne na rad u timu. &nbsp;Prijave mo\u017eete izvr\u0161iti svakim radnim danom osobno na recepciji hotela ili slanjem \u017eivotopisa na e-mail&nbsp;info@hotelbigeste.ba &nbsp;Oglas ostaje otvoren do [&hellip;]<\/p>\n","protected":false},"author":2,"featured_media":195398,"comment_status":"closed","ping_status":"closed","sticky":false,"template":"","format":"standard","meta":{"h5ap_radio_sources":[],"footnotes":""},"categories":[12],"tags":[],"class_list":["post-195397","post","type-post","status-publish","format-standard","has-post-thumbnail","hentry","category-mali-oglasi"],"yoast_head":"<!-- This site is optimized with the Yoast SEO plugin v27.5 - https:\/\/yoast.com\/product\/yoast-seo-wordpress\/ -->\n<title>Hotel Bigeste: Oglas za posao! - RADIO LJUBU\u0160KI<\/title>\n<meta name=\"robots\" content=\"index, follow, max-snippet:-1, max-image-preview:large, max-video-preview:-1\" \/>\n<link rel=\"canonical\" href=\"https:\/\/radioljubuski.ba\/index.php\/2023\/09\/08\/hotel-bigeste-oglas-za-posao-2\/\" \/>\n<meta property=\"og:locale\" content=\"hr_HR\" \/>\n<meta property=\"og:type\" content=\"article\" \/>\n<meta property=\"og:title\" content=\"Hotel Bigeste: Oglas za posao! - RADIO LJUBU\u0160KI\" \/>\n<meta property=\"og:description\" content=\"HOTEL BIGESTE ZAPO\u0160LJAVA:&nbsp; \u00a0Konobar\/ica &#8211; 2 izvr\u0161itelja \u00a0\u0160anker\/ica &#8211; 2 izvr\u0161itelja Vedrog ste duha i ljubazni?&nbsp;&nbsp;Imate smisla za poslu\u017eivanje gostiju i dobre komunikacijske vje\u0161tine? Tra\u017eimo odgovorne i komunikativne osobe koje su spremne na rad u timu. &nbsp;Prijave mo\u017eete izvr\u0161iti svakim radnim danom osobno na recepciji hotela ili slanjem \u017eivotopisa na e-mail&nbsp;info@hotelbigeste.ba &nbsp;Oglas ostaje otvoren do [&hellip;]\" \/>\n<meta property=\"og:url\" content=\"https:\/\/radioljubuski.ba\/index.php\/2023\/09\/08\/hotel-bigeste-oglas-za-posao-2\/\" \/>\n<meta property=\"og:site_name\" content=\"RADIO LJUBU\u0160KI\" \/>\n<meta property=\"article:publisher\" content=\"https:\/\/www.facebook.com\/Radiio-Ljubuski-1490835324566332\" \/>\n<meta property=\"article:published_time\" content=\"2023-09-08T06:43:49+00:00\" \/>\n<meta property=\"article:modified_time\" content=\"2023-09-17T09:32:56+00:00\" \/>\n<meta property=\"og:image\" content=\"https:\/\/radioljubuski.ba\/wp-content\/uploads\/2023\/09\/hotel-bigeste-zaposljava.jpg\" \/>\n\t<meta property=\"og:image:width\" content=\"1080\" \/>\n\t<meta property=\"og:image:height\" content=\"1080\" \/>\n\t<meta property=\"og:image:type\" content=\"image\/jpeg\" \/>\n<meta name=\"author\" content=\"Radio Ljubu\u0161ki\" \/>\n<meta name=\"twitter:card\" content=\"summary_large_image\" \/>\n<meta name=\"twitter:creator\" content=\"@radioljubuski\" \/>\n<meta name=\"twitter:site\" content=\"@radioljubuski\" \/>\n<meta name=\"twitter:label1\" content=\"Napisao\/la\" \/>\n\t<meta name=\"twitter:data1\" content=\"Radio Ljubu\u0161ki\" \/>\n\t<meta name=\"twitter:label2\" content=\"Procijenjeno vrijeme \u010ditanja\" \/>\n\t<meta name=\"twitter:data2\" content=\"2 minute\" \/>\n<script type=\"application\/ld+json\" class=\"yoast-schema-graph\">{\"@context\":\"https:\\\/\\\/schema.org\",\"@graph\":[{\"@type\":\"Article\",\"@id\":\"https:\\\/\\\/radioljubuski.ba\\\/index.php\\\/2023\\\/09\\\/08\\\/hotel-bigeste-oglas-za-posao-2\\\/#article\",\"isPartOf\":{\"@id\":\"https:\\\/\\\/radioljubuski.ba\\\/index.php\\\/2023\\\/09\\\/08\\\/hotel-bigeste-oglas-za-posao-2\\\/\"},\"author\":{\"name\":\"Radio Ljubu\u0161ki\",\"@id\":\"https:\\\/\\\/radioljubuski.ba\\\/#\\\/schema\\\/person\\\/19fc700381a780f69665d7956c469e3b\"},\"headline\":\"Hotel Bigeste: Oglas za posao!\",\"datePublished\":\"2023-09-08T06:43:49+00:00\",\"dateModified\":\"2023-09-17T09:32:56+00:00\",\"mainEntityOfPage\":{\"@id\":\"https:\\\/\\\/radioljubuski.ba\\\/index.php\\\/2023\\\/09\\\/08\\\/hotel-bigeste-oglas-za-posao-2\\\/\"},\"wordCount\":81,\"publisher\":{\"@id\":\"https:\\\/\\\/radioljubuski.ba\\\/#organization\"},\"image\":{\"@id\":\"https:\\\/\\\/radioljubuski.ba\\\/index.php\\\/2023\\\/09\\\/08\\\/hotel-bigeste-oglas-za-posao-2\\\/#primaryimage\"},\"thumbnailUrl\":\"https:\\\/\\\/radioljubuski.ba\\\/wp-content\\\/uploads\\\/2023\\\/09\\\/hotel-bigeste-zaposljava.jpg\",\"articleSection\":[\"Radio oglasnik\"],\"inLanguage\":\"hr\"},{\"@type\":\"WebPage\",\"@id\":\"https:\\\/\\\/radioljubuski.ba\\\/index.php\\\/2023\\\/09\\\/08\\\/hotel-bigeste-oglas-za-posao-2\\\/\",\"url\":\"https:\\\/\\\/radioljubuski.ba\\\/index.php\\\/2023\\\/09\\\/08\\\/hotel-bigeste-oglas-za-posao-2\\\/\",\"name\":\"Hotel Bigeste: Oglas za posao! - RADIO LJUBU\u0160KI\",\"isPartOf\":{\"@id\":\"https:\\\/\\\/radioljubuski.ba\\\/#website\"},\"primaryImageOfPage\":{\"@id\":\"https:\\\/\\\/radioljubuski.ba\\\/index.php\\\/2023\\\/09\\\/08\\\/hotel-bigeste-oglas-za-posao-2\\\/#primaryimage\"},\"image\":{\"@id\":\"https:\\\/\\\/radioljubuski.ba\\\/index.php\\\/2023\\\/09\\\/08\\\/hotel-bigeste-oglas-za-posao-2\\\/#primaryimage\"},\"thumbnailUrl\":\"https:\\\/\\\/radioljubuski.ba\\\/wp-content\\\/uploads\\\/2023\\\/09\\\/hotel-bigeste-zaposljava.jpg\",\"datePublished\":\"2023-09-08T06:43:49+00:00\",\"dateModified\":\"2023-09-17T09:32:56+00:00\",\"breadcrumb\":{\"@id\":\"https:\\\/\\\/radioljubuski.ba\\\/index.php\\\/2023\\\/09\\\/08\\\/hotel-bigeste-oglas-za-posao-2\\\/#breadcrumb\"},\"inLanguage\":\"hr\",\"potentialAction\":[{\"@type\":\"ReadAction\",\"target\":[\"https:\\\/\\\/radioljubuski.ba\\\/index.php\\\/2023\\\/09\\\/08\\\/hotel-bigeste-oglas-za-posao-2\\\/\"]}]},{\"@type\":\"ImageObject\",\"inLanguage\":\"hr\",\"@id\":\"https:\\\/\\\/radioljubuski.ba\\\/index.php\\\/2023\\\/09\\\/08\\\/hotel-bigeste-oglas-za-posao-2\\\/#primaryimage\",\"url\":\"https:\\\/\\\/radioljubuski.ba\\\/wp-content\\\/uploads\\\/2023\\\/09\\\/hotel-bigeste-zaposljava.jpg\",\"contentUrl\":\"https:\\\/\\\/radioljubuski.ba\\\/wp-content\\\/uploads\\\/2023\\\/09\\\/hotel-bigeste-zaposljava.jpg\",\"width\":1080,\"height\":1080},{\"@type\":\"BreadcrumbList\",\"@id\":\"https:\\\/\\\/radioljubuski.ba\\\/index.php\\\/2023\\\/09\\\/08\\\/hotel-bigeste-oglas-za-posao-2\\\/#breadcrumb\",\"itemListElement\":[{\"@type\":\"ListItem\",\"position\":1,\"name\":\"Po\u010detna stranica\",\"item\":\"https:\\\/\\\/radioljubuski.ba\\\/\"},{\"@type\":\"ListItem\",\"position\":2,\"name\":\"Hotel Bigeste: Oglas za posao!\"}]},{\"@type\":\"WebSite\",\"@id\":\"https:\\\/\\\/radioljubuski.ba\\\/#website\",\"url\":\"https:\\\/\\\/radioljubuski.ba\\\/\",\"name\":\"Radio Ljubu\u0161ki\",\"description\":\"Sun\u010dana frekvencija Hercegovine\",\"publisher\":{\"@id\":\"https:\\\/\\\/radioljubuski.ba\\\/#organization\"},\"potentialAction\":[{\"@type\":\"SearchAction\",\"target\":{\"@type\":\"EntryPoint\",\"urlTemplate\":\"https:\\\/\\\/radioljubuski.ba\\\/?s={search_term_string}\"},\"query-input\":{\"@type\":\"PropertyValueSpecification\",\"valueRequired\":true,\"valueName\":\"search_term_string\"}}],\"inLanguage\":\"hr\"},{\"@type\":\"Organization\",\"@id\":\"https:\\\/\\\/radioljubuski.ba\\\/#organization\",\"name\":\"Radio Ljubu\u0161ki\",\"url\":\"https:\\\/\\\/radioljubuski.ba\\\/\",\"logo\":{\"@type\":\"ImageObject\",\"inLanguage\":\"hr\",\"@id\":\"https:\\\/\\\/radioljubuski.ba\\\/#\\\/schema\\\/logo\\\/image\\\/\",\"url\":\"https:\\\/\\\/radioljubuski.ba\\\/wp-content\\\/uploads\\\/2021\\\/02\\\/cropped-Radio_Ljubuski_logo1.jpg\",\"contentUrl\":\"https:\\\/\\\/radioljubuski.ba\\\/wp-content\\\/uploads\\\/2021\\\/02\\\/cropped-Radio_Ljubuski_logo1.jpg\",\"width\":512,\"height\":512,\"caption\":\"Radio Ljubu\u0161ki\"},\"image\":{\"@id\":\"https:\\\/\\\/radioljubuski.ba\\\/#\\\/schema\\\/logo\\\/image\\\/\"},\"sameAs\":[\"https:\\\/\\\/www.facebook.com\\\/Radiio-Ljubuski-1490835324566332\",\"https:\\\/\\\/x.com\\\/radioljubuski\",\"https:\\\/\\\/hr.linkedin.com\\\/company\\\/radio-ljubuski\",\"https:\\\/\\\/www.youtube.com\\\/channel\\\/UCHYaeO_n0Db3tjNGudGpXyw\"]},{\"@type\":\"Person\",\"@id\":\"https:\\\/\\\/radioljubuski.ba\\\/#\\\/schema\\\/person\\\/19fc700381a780f69665d7956c469e3b\",\"name\":\"Radio Ljubu\u0161ki\"}]}<\/script>\n<!-- \/ Yoast SEO plugin. -->","yoast_head_json":{"title":"Hotel Bigeste: Oglas za posao! - RADIO LJUBU\u0160KI","robots":{"index":"index","follow":"follow","max-snippet":"max-snippet:-1","max-image-preview":"max-image-preview:large","max-video-preview":"max-video-preview:-1"},"canonical":"https:\/\/radioljubuski.ba\/index.php\/2023\/09\/08\/hotel-bigeste-oglas-za-posao-2\/","og_locale":"hr_HR","og_type":"article","og_title":"Hotel Bigeste: Oglas za posao! - RADIO LJUBU\u0160KI","og_description":"HOTEL BIGESTE ZAPO\u0160LJAVA:&nbsp; \u00a0Konobar\/ica &#8211; 2 izvr\u0161itelja \u00a0\u0160anker\/ica &#8211; 2 izvr\u0161itelja Vedrog ste duha i ljubazni?&nbsp;&nbsp;Imate smisla za poslu\u017eivanje gostiju i dobre komunikacijske vje\u0161tine? Tra\u017eimo odgovorne i komunikativne osobe koje su spremne na rad u timu. &nbsp;Prijave mo\u017eete izvr\u0161iti svakim radnim danom osobno na recepciji hotela ili slanjem \u017eivotopisa na e-mail&nbsp;info@hotelbigeste.ba &nbsp;Oglas ostaje otvoren do [&hellip;]","og_url":"https:\/\/radioljubuski.ba\/index.php\/2023\/09\/08\/hotel-bigeste-oglas-za-posao-2\/","og_site_name":"RADIO LJUBU\u0160KI","article_publisher":"https:\/\/www.facebook.com\/Radiio-Ljubuski-1490835324566332","article_published_time":"2023-09-08T06:43:49+00:00","article_modified_time":"2023-09-17T09:32:56+00:00","og_image":[{"width":1080,"height":1080,"url":"https:\/\/radioljubuski.ba\/wp-content\/uploads\/2023\/09\/hotel-bigeste-zaposljava.jpg","type":"image\/jpeg"}],"author":"Radio Ljubu\u0161ki","twitter_card":"summary_large_image","twitter_creator":"@radioljubuski","twitter_site":"@radioljubuski","twitter_misc":{"Napisao\/la":"Radio Ljubu\u0161ki","Procijenjeno vrijeme \u010ditanja":"2 minute"},"schema":{"@context":"https:\/\/schema.org","@graph":[{"@type":"Article","@id":"https:\/\/radioljubuski.ba\/index.php\/2023\/09\/08\/hotel-bigeste-oglas-za-posao-2\/#article","isPartOf":{"@id":"https:\/\/radioljubuski.ba\/index.php\/2023\/09\/08\/hotel-bigeste-oglas-za-posao-2\/"},"author":{"name":"Radio Ljubu\u0161ki","@id":"https:\/\/radioljubuski.ba\/#\/schema\/person\/19fc700381a780f69665d7956c469e3b"},"headline":"Hotel Bigeste: Oglas za posao!","datePublished":"2023-09-08T06:43:49+00:00","dateModified":"2023-09-17T09:32:56+00:00","mainEntityOfPage":{"@id":"https:\/\/radioljubuski.ba\/index.php\/2023\/09\/08\/hotel-bigeste-oglas-za-posao-2\/"},"wordCount":81,"publisher":{"@id":"https:\/\/radioljubuski.ba\/#organization"},"image":{"@id":"https:\/\/radioljubuski.ba\/index.php\/2023\/09\/08\/hotel-bigeste-oglas-za-posao-2\/#primaryimage"},"thumbnailUrl":"https:\/\/radioljubuski.ba\/wp-content\/uploads\/2023\/09\/hotel-bigeste-zaposljava.jpg","articleSection":["Radio oglasnik"],"inLanguage":"hr"},{"@type":"WebPage","@id":"https:\/\/radioljubuski.ba\/index.php\/2023\/09\/08\/hotel-bigeste-oglas-za-posao-2\/","url":"https:\/\/radioljubuski.ba\/index.php\/2023\/09\/08\/hotel-bigeste-oglas-za-posao-2\/","name":"Hotel Bigeste: Oglas za posao! - RADIO LJUBU\u0160KI","isPartOf":{"@id":"https:\/\/radioljubuski.ba\/#website"},"primaryImageOfPage":{"@id":"https:\/\/radioljubuski.ba\/index.php\/2023\/09\/08\/hotel-bigeste-oglas-za-posao-2\/#primaryimage"},"image":{"@id":"https:\/\/radioljubuski.ba\/index.php\/2023\/09\/08\/hotel-bigeste-oglas-za-posao-2\/#primaryimage"},"thumbnailUrl":"https:\/\/radioljubuski.ba\/wp-content\/uploads\/2023\/09\/hotel-bigeste-zaposljava.jpg","datePublished":"2023-09-08T06:43:49+00:00","dateModified":"2023-09-17T09:32:56+00:00","breadcrumb":{"@id":"https:\/\/radioljubuski.ba\/index.php\/2023\/09\/08\/hotel-bigeste-oglas-za-posao-2\/#breadcrumb"},"inLanguage":"hr","potentialAction":[{"@type":"ReadAction","target":["https:\/\/radioljubuski.ba\/index.php\/2023\/09\/08\/hotel-bigeste-oglas-za-posao-2\/"]}]},{"@type":"ImageObject","inLanguage":"hr","@id":"https:\/\/radioljubuski.ba\/index.php\/2023\/09\/08\/hotel-bigeste-oglas-za-posao-2\/#primaryimage","url":"https:\/\/radioljubuski.ba\/wp-content\/uploads\/2023\/09\/hotel-bigeste-zaposljava.jpg","contentUrl":"https:\/\/radioljubuski.ba\/wp-content\/uploads\/2023\/09\/hotel-bigeste-zaposljava.jpg","width":1080,"height":1080},{"@type":"BreadcrumbList","@id":"https:\/\/radioljubuski.ba\/index.php\/2023\/09\/08\/hotel-bigeste-oglas-za-posao-2\/#breadcrumb","itemListElement":[{"@type":"ListItem","position":1,"name":"Po\u010detna stranica","item":"https:\/\/radioljubuski.ba\/"},{"@type":"ListItem","position":2,"name":"Hotel Bigeste: Oglas za posao!"}]},{"@type":"WebSite","@id":"https:\/\/radioljubuski.ba\/#website","url":"https:\/\/radioljubuski.ba\/","name":"Radio Ljubu\u0161ki","description":"Sun\u010dana frekvencija Hercegovine","publisher":{"@id":"https:\/\/radioljubuski.ba\/#organization"},"potentialAction":[{"@type":"SearchAction","target":{"@type":"EntryPoint","urlTemplate":"https:\/\/radioljubuski.ba\/?s={search_term_string}"},"query-input":{"@type":"PropertyValueSpecification","valueRequired":true,"valueName":"search_term_string"}}],"inLanguage":"hr"},{"@type":"Organization","@id":"https:\/\/radioljubuski.ba\/#organization","name":"Radio Ljubu\u0161ki","url":"https:\/\/radioljubuski.ba\/","logo":{"@type":"ImageObject","inLanguage":"hr","@id":"https:\/\/radioljubuski.ba\/#\/schema\/logo\/image\/","url":"https:\/\/radioljubuski.ba\/wp-content\/uploads\/2021\/02\/cropped-Radio_Ljubuski_logo1.jpg","contentUrl":"https:\/\/radioljubuski.ba\/wp-content\/uploads\/2021\/02\/cropped-Radio_Ljubuski_logo1.jpg","width":512,"height":512,"caption":"Radio Ljubu\u0161ki"},"image":{"@id":"https:\/\/radioljubuski.ba\/#\/schema\/logo\/image\/"},"sameAs":["https:\/\/www.facebook.com\/Radiio-Ljubuski-1490835324566332","https:\/\/x.com\/radioljubuski","https:\/\/hr.linkedin.com\/company\/radio-ljubuski","https:\/\/www.youtube.com\/channel\/UCHYaeO_n0Db3tjNGudGpXyw"]},{"@type":"Person","@id":"https:\/\/radioljubuski.ba\/#\/schema\/person\/19fc700381a780f69665d7956c469e3b","name":"Radio Ljubu\u0161ki"}]}},"_links":{"self":[{"href":"https:\/\/radioljubuski.ba\/index.php\/wp-json\/wp\/v2\/posts\/195397","targetHints":{"allow":["GET"]}}],"collection":[{"href":"https:\/\/radioljubuski.ba\/index.php\/wp-json\/wp\/v2\/posts"}],"about":[{"href":"https:\/\/radioljubuski.ba\/index.php\/wp-json\/wp\/v2\/types\/post"}],"author":[{"embeddable":true,"href":"https:\/\/radioljubuski.ba\/index.php\/wp-json\/wp\/v2\/users\/2"}],"replies":[{"embeddable":true,"href":"https:\/\/radioljubuski.ba\/index.php\/wp-json\/wp\/v2\/comments?post=195397"}],"version-history":[{"count":2,"href":"https:\/\/radioljubuski.ba\/index.php\/wp-json\/wp\/v2\/posts\/195397\/revisions"}],"predecessor-version":[{"id":195401,"href":"https:\/\/radioljubuski.ba\/index.php\/wp-json\/wp\/v2\/posts\/195397\/revisions\/195401"}],"wp:featuredmedia":[{"embeddable":true,"href":"https:\/\/radioljubuski.ba\/index.php\/wp-json\/wp\/v2\/media\/195398"}],"wp:attachment":[{"href":"https:\/\/radioljubuski.ba\/index.php\/wp-json\/wp\/v2\/media?parent=195397"}],"wp:term":[{"taxonomy":"category","embeddable":true,"href":"https:\/\/radioljubuski.ba\/index.php\/wp-json\/wp\/v2\/categories?post=195397"},{"taxonomy":"post_tag","embeddable":true,"href":"https:\/\/radioljubuski.ba\/index.php\/wp-json\/wp\/v2\/tags?post=195397"}],"curies":[{"name":"wp","href":"https:\/\/api.w.org\/{rel}","templated":true}]}}