{"id":195497,"date":"2023-09-13T13:16:24","date_gmt":"2023-09-13T12:16:24","guid":{"rendered":"https:\/\/radioljubuski.ba\/?p=195497"},"modified":"2023-09-13T13:16:26","modified_gmt":"2023-09-13T12:16:26","slug":"audio-i-foto-knjizni-fond-knjiznice-ljubuski-bogatiji-za-332-nova-naslova","status":"publish","type":"post","link":"https:\/\/radioljubuski.ba\/index.php\/2023\/09\/13\/audio-i-foto-knjizni-fond-knjiznice-ljubuski-bogatiji-za-332-nova-naslova\/","title":{"rendered":"Audio i Foto: Knji\u017eni fond Knji\u017enice Ljubu\u0161ki bogatiji za 332 nova naslova"},"content":{"rendered":"\n<p>Predstavnici Fondacije \u201eKemal Bakar\u0161i\u0107 na \u010delu s Draganom Markovi\u0107em, predsjednikom Upravnog odbora Fondacije K. B., posjetili su danas Knji\u017enicu Ljubu\u0161ki i istoj uru\u010dili vrijednu donaciju knjiga \u2013 njih 332 u vrijednosti oko 2560 ameri\u010dkih dolara. Naime, navedena Fondacija prepoznala je Knji\u017enicu Ljubu\u0161ki kao veoma aktivnu glede organizacije raznovrsnih kulturno-dru\u0161tvenih manifestacija, \u010dime je ista postala sredi\u0161te kulturnih doga\u0111anja u Gradu Ljubu\u0161kom, stoga \u00a0je knji\u017enicu nagradila naprijed spomenutom vrijednom donacijom knjiga.<\/p>\n\n\n\n<p>Knji\u017enicu su pohodili, izuzev predsjednika Uprave Fondacije Markovi\u0107a, prof. Andrija Stoji\u0107, predsjednik Matice Hrvatske \u010citluk, Bo\u0161ko Njavro, predsjednik Naklade \u201eMate\u201c iz Neuma, Milan Lovri\u0107, Saliha Markovi\u0107 i Mladen Novakovi\u0107.<\/p>\n\n\n\n<p>Uime JU \u201eKulturno-\u0161portski centar\u201c Ljubu\u0161ki, u okviru koje djeluje Knji\u017enica Ljubu\u0161ki, goste su srda\u010dno pozdravili\u00a0 i zahvalili na vrijednoj donaciji knjiga Ivan Bebek, ravnatelj ustanove i Ivica Vizentaner, voditelj Knji\u017enice Ljubu\u0161ki.<\/p>\n\n\n\n<p>\u201eNeopisivo smo zahvalni Fondaciji \u201eKemal Bakar\u0161i\u0107\u201c \u0161to su prepoznali, me\u0111u ostalim, na\u0161 kontinuirani rad na oplemenjivanju kulturno-dru\u0161tvenog \u017eivota na podru\u010dju grada Ljubu\u0161kog i rad s korisnicima na\u0161ih usluga te nas poradi toga nagradili vrijednom donacijom knjiga kojima \u0107e se na\u0161, ionako bogat knji\u017eni fond, dodatno obogatiti \u2013 nadasve na radost ljubitelja pisane rije\u010di, koji \u0107e, ne sumnjamo, pohrliti u knji\u017enicu kako bi posudili nove naslove i u\u017eivali u novim pustolovinama koje iste nude.\u201c,\u00a0istaknuli su, me\u0111u ostalim, iz JU \u201eK\u0160C\u201c Ljubu\u0161ki.<\/p>\n\n\n\n<iframe loading=\"lazy\" width=\"560\" height=\"315\" src=\"https:\/\/www.youtube.com\/embed\/FfdiSLezJgk?si=WFIG45VXEXI2Yqo9\" title=\"YouTube video player\" frameborder=\"0\" allow=\"accelerometer; autoplay; clipboard-write; encrypted-media; gyroscope; picture-in-picture; web-share\" allowfullscreen><\/iframe>\n\n\n\n<figure class=\"wp-block-gallery has-nested-images columns-default is-cropped wp-block-gallery-1 is-layout-flex wp-block-gallery-is-layout-flex\">\n<figure class=\"wp-block-image size-large\"><img loading=\"lazy\" decoding=\"async\" width=\"1024\" height=\"683\" data-id=\"195499\" src=\"https:\/\/radioljubuski.ba\/wp-content\/uploads\/2023\/09\/DSC0002-1024x683.jpg\" alt=\"\" class=\"wp-image-195499\" srcset=\"https:\/\/radioljubuski.ba\/wp-content\/uploads\/2023\/09\/DSC0002-1024x683.jpg 1024w, https:\/\/radioljubuski.ba\/wp-content\/uploads\/2023\/09\/DSC0002-300x200.jpg 300w, https:\/\/radioljubuski.ba\/wp-content\/uploads\/2023\/09\/DSC0002-768x512.jpg 768w, https:\/\/radioljubuski.ba\/wp-content\/uploads\/2023\/09\/DSC0002-1536x1025.jpg 1536w, https:\/\/radioljubuski.ba\/wp-content\/uploads\/2023\/09\/DSC0002-2048x1367.jpg 2048w, https:\/\/radioljubuski.ba\/wp-content\/uploads\/2023\/09\/DSC0002-18x12.jpg 18w\" sizes=\"auto, (max-width: 1024px) 100vw, 1024px\" \/><\/figure>\n\n\n\n<figure class=\"wp-block-image size-large\"><img loading=\"lazy\" decoding=\"async\" width=\"1024\" height=\"683\" data-id=\"195502\" src=\"https:\/\/radioljubuski.ba\/wp-content\/uploads\/2023\/09\/DSC0009-1024x683.jpg\" alt=\"\" class=\"wp-image-195502\" srcset=\"https:\/\/radioljubuski.ba\/wp-content\/uploads\/2023\/09\/DSC0009-1024x683.jpg 1024w, https:\/\/radioljubuski.ba\/wp-content\/uploads\/2023\/09\/DSC0009-300x200.jpg 300w, https:\/\/radioljubuski.ba\/wp-content\/uploads\/2023\/09\/DSC0009-768x512.jpg 768w, https:\/\/radioljubuski.ba\/wp-content\/uploads\/2023\/09\/DSC0009-1536x1025.jpg 1536w, https:\/\/radioljubuski.ba\/wp-content\/uploads\/2023\/09\/DSC0009-2048x1367.jpg 2048w, https:\/\/radioljubuski.ba\/wp-content\/uploads\/2023\/09\/DSC0009-18x12.jpg 18w\" sizes=\"auto, (max-width: 1024px) 100vw, 1024px\" \/><\/figure>\n\n\n\n<figure class=\"wp-block-image size-large\"><img loading=\"lazy\" decoding=\"async\" width=\"1024\" height=\"683\" data-id=\"195503\" src=\"https:\/\/radioljubuski.ba\/wp-content\/uploads\/2023\/09\/DSC0016-1024x683.jpg\" alt=\"\" class=\"wp-image-195503\" srcset=\"https:\/\/radioljubuski.ba\/wp-content\/uploads\/2023\/09\/DSC0016-1024x683.jpg 1024w, https:\/\/radioljubuski.ba\/wp-content\/uploads\/2023\/09\/DSC0016-300x200.jpg 300w, https:\/\/radioljubuski.ba\/wp-content\/uploads\/2023\/09\/DSC0016-768x512.jpg 768w, https:\/\/radioljubuski.ba\/wp-content\/uploads\/2023\/09\/DSC0016-1536x1025.jpg 1536w, https:\/\/radioljubuski.ba\/wp-content\/uploads\/2023\/09\/DSC0016-2048x1367.jpg 2048w, https:\/\/radioljubuski.ba\/wp-content\/uploads\/2023\/09\/DSC0016-18x12.jpg 18w\" sizes=\"auto, (max-width: 1024px) 100vw, 1024px\" \/><\/figure>\n\n\n\n<figure class=\"wp-block-image size-large\"><img loading=\"lazy\" decoding=\"async\" width=\"1024\" height=\"683\" data-id=\"195504\" src=\"https:\/\/radioljubuski.ba\/wp-content\/uploads\/2023\/09\/DSC0022-1-1024x683.jpg\" alt=\"\" class=\"wp-image-195504\" srcset=\"https:\/\/radioljubuski.ba\/wp-content\/uploads\/2023\/09\/DSC0022-1-1024x683.jpg 1024w, https:\/\/radioljubuski.ba\/wp-content\/uploads\/2023\/09\/DSC0022-1-300x200.jpg 300w, https:\/\/radioljubuski.ba\/wp-content\/uploads\/2023\/09\/DSC0022-1-768x512.jpg 768w, https:\/\/radioljubuski.ba\/wp-content\/uploads\/2023\/09\/DSC0022-1-1536x1025.jpg 1536w, https:\/\/radioljubuski.ba\/wp-content\/uploads\/2023\/09\/DSC0022-1-2048x1367.jpg 2048w, https:\/\/radioljubuski.ba\/wp-content\/uploads\/2023\/09\/DSC0022-1-18x12.jpg 18w\" sizes=\"auto, (max-width: 1024px) 100vw, 1024px\" \/><\/figure>\n\n\n\n<figure class=\"wp-block-image size-large\"><img loading=\"lazy\" decoding=\"async\" width=\"1024\" height=\"683\" data-id=\"195498\" src=\"https:\/\/radioljubuski.ba\/wp-content\/uploads\/2023\/09\/DSC0024-1024x683.jpg\" alt=\"\" class=\"wp-image-195498\" srcset=\"https:\/\/radioljubuski.ba\/wp-content\/uploads\/2023\/09\/DSC0024-1024x683.jpg 1024w, https:\/\/radioljubuski.ba\/wp-content\/uploads\/2023\/09\/DSC0024-300x200.jpg 300w, https:\/\/radioljubuski.ba\/wp-content\/uploads\/2023\/09\/DSC0024-768x512.jpg 768w, https:\/\/radioljubuski.ba\/wp-content\/uploads\/2023\/09\/DSC0024-1536x1025.jpg 1536w, https:\/\/radioljubuski.ba\/wp-content\/uploads\/2023\/09\/DSC0024-2048x1367.jpg 2048w, https:\/\/radioljubuski.ba\/wp-content\/uploads\/2023\/09\/DSC0024-18x12.jpg 18w\" sizes=\"auto, (max-width: 1024px) 100vw, 1024px\" \/><\/figure>\n\n\n\n<figure class=\"wp-block-image size-large\"><img loading=\"lazy\" decoding=\"async\" width=\"1024\" height=\"683\" data-id=\"195500\" src=\"https:\/\/radioljubuski.ba\/wp-content\/uploads\/2023\/09\/DSC0031-1-1024x683.jpg\" alt=\"\" class=\"wp-image-195500\" srcset=\"https:\/\/radioljubuski.ba\/wp-content\/uploads\/2023\/09\/DSC0031-1-1024x683.jpg 1024w, https:\/\/radioljubuski.ba\/wp-content\/uploads\/2023\/09\/DSC0031-1-300x200.jpg 300w, https:\/\/radioljubuski.ba\/wp-content\/uploads\/2023\/09\/DSC0031-1-768x512.jpg 768w, https:\/\/radioljubuski.ba\/wp-content\/uploads\/2023\/09\/DSC0031-1-1536x1025.jpg 1536w, https:\/\/radioljubuski.ba\/wp-content\/uploads\/2023\/09\/DSC0031-1-2048x1367.jpg 2048w, https:\/\/radioljubuski.ba\/wp-content\/uploads\/2023\/09\/DSC0031-1-18x12.jpg 18w\" sizes=\"auto, (max-width: 1024px) 100vw, 1024px\" \/><\/figure>\n\n\n\n<figure class=\"wp-block-image size-large\"><img loading=\"lazy\" decoding=\"async\" width=\"1024\" height=\"683\" data-id=\"195501\" src=\"https:\/\/radioljubuski.ba\/wp-content\/uploads\/2023\/09\/DSC0035-1024x683.jpg\" alt=\"\" class=\"wp-image-195501\" srcset=\"https:\/\/radioljubuski.ba\/wp-content\/uploads\/2023\/09\/DSC0035-1024x683.jpg 1024w, https:\/\/radioljubuski.ba\/wp-content\/uploads\/2023\/09\/DSC0035-300x200.jpg 300w, https:\/\/radioljubuski.ba\/wp-content\/uploads\/2023\/09\/DSC0035-768x512.jpg 768w, https:\/\/radioljubuski.ba\/wp-content\/uploads\/2023\/09\/DSC0035-1536x1025.jpg 1536w, https:\/\/radioljubuski.ba\/wp-content\/uploads\/2023\/09\/DSC0035-2048x1367.jpg 2048w, https:\/\/radioljubuski.ba\/wp-content\/uploads\/2023\/09\/DSC0035-18x12.jpg 18w\" sizes=\"auto, (max-width: 1024px) 100vw, 1024px\" \/><\/figure>\n<\/figure>\n\n\n\n<p>Foto i Audio: Radio Ljubu\u0161ki \/ Tekst: Iks portal<\/p>\n","protected":false},"excerpt":{"rendered":"<p>Predstavnici Fondacije \u201eKemal Bakar\u0161i\u0107 na \u010delu s Draganom Markovi\u0107em, predsjednikom Upravnog odbora Fondacije K. B., posjetili su danas Knji\u017enicu Ljubu\u0161ki i istoj uru\u010dili vrijednu donaciju knjiga \u2013 njih 332 u vrijednosti oko 2560 ameri\u010dkih dolara. Naime, navedena Fondacija prepoznala je Knji\u017enicu Ljubu\u0161ki kao veoma aktivnu glede organizacije raznovrsnih kulturno-dru\u0161tvenih manifestacija, \u010dime je ista postala sredi\u0161te [&hellip;]<\/p>\n","protected":false},"author":2,"featured_media":195505,"comment_status":"closed","ping_status":"closed","sticky":false,"template":"","format":"standard","meta":{"h5ap_radio_sources":[],"footnotes":""},"categories":[3,28,32],"tags":[],"class_list":["post-195497","post","type-post","status-publish","format-standard","has-post-thumbnail","hentry","category-ljubuski","category-novosti","category-poslusajte"],"yoast_head":"<!-- This site is optimized with the Yoast SEO plugin v27.5 - https:\/\/yoast.com\/product\/yoast-seo-wordpress\/ -->\n<title>Audio i Foto: Knji\u017eni fond Knji\u017enice Ljubu\u0161ki bogatiji za 332 nova naslova - RADIO LJUBU\u0160KI<\/title>\n<meta name=\"robots\" content=\"index, follow, max-snippet:-1, max-image-preview:large, max-video-preview:-1\" \/>\n<link rel=\"canonical\" href=\"https:\/\/radioljubuski.ba\/index.php\/2023\/09\/13\/audio-i-foto-knjizni-fond-knjiznice-ljubuski-bogatiji-za-332-nova-naslova\/\" \/>\n<meta property=\"og:locale\" content=\"hr_HR\" \/>\n<meta property=\"og:type\" content=\"article\" \/>\n<meta property=\"og:title\" content=\"Audio i Foto: Knji\u017eni fond Knji\u017enice Ljubu\u0161ki bogatiji za 332 nova naslova - RADIO LJUBU\u0160KI\" \/>\n<meta property=\"og:description\" content=\"Predstavnici Fondacije \u201eKemal Bakar\u0161i\u0107 na \u010delu s Draganom Markovi\u0107em, predsjednikom Upravnog odbora Fondacije K. B., posjetili su danas Knji\u017enicu Ljubu\u0161ki i istoj uru\u010dili vrijednu donaciju knjiga \u2013 njih 332 u vrijednosti oko 2560 ameri\u010dkih dolara. Naime, navedena Fondacija prepoznala je Knji\u017enicu Ljubu\u0161ki kao veoma aktivnu glede organizacije raznovrsnih kulturno-dru\u0161tvenih manifestacija, \u010dime je ista postala sredi\u0161te [&hellip;]\" \/>\n<meta property=\"og:url\" content=\"https:\/\/radioljubuski.ba\/index.php\/2023\/09\/13\/audio-i-foto-knjizni-fond-knjiznice-ljubuski-bogatiji-za-332-nova-naslova\/\" \/>\n<meta property=\"og:site_name\" content=\"RADIO LJUBU\u0160KI\" \/>\n<meta property=\"article:publisher\" content=\"https:\/\/www.facebook.com\/Radiio-Ljubuski-1490835324566332\" \/>\n<meta property=\"article:published_time\" content=\"2023-09-13T12:16:24+00:00\" \/>\n<meta property=\"article:modified_time\" content=\"2023-09-13T12:16:26+00:00\" \/>\n<meta property=\"og:image\" content=\"https:\/\/radioljubuski.ba\/wp-content\/uploads\/2023\/09\/DSC0002-1-scaled.jpg\" \/>\n\t<meta property=\"og:image:width\" content=\"2560\" \/>\n\t<meta property=\"og:image:height\" content=\"1708\" \/>\n\t<meta property=\"og:image:type\" content=\"image\/jpeg\" \/>\n<meta name=\"author\" content=\"Radio Ljubu\u0161ki\" \/>\n<meta name=\"twitter:card\" content=\"summary_large_image\" \/>\n<meta name=\"twitter:creator\" content=\"@radioljubuski\" \/>\n<meta name=\"twitter:site\" content=\"@radioljubuski\" \/>\n<meta name=\"twitter:label1\" content=\"Napisao\/la\" \/>\n\t<meta name=\"twitter:data1\" content=\"Radio Ljubu\u0161ki\" \/>\n\t<meta name=\"twitter:label2\" content=\"Procijenjeno vrijeme \u010ditanja\" \/>\n\t<meta name=\"twitter:data2\" content=\"3 minute\" \/>\n<script type=\"application\/ld+json\" class=\"yoast-schema-graph\">{\"@context\":\"https:\\\/\\\/schema.org\",\"@graph\":[{\"@type\":\"Article\",\"@id\":\"https:\\\/\\\/radioljubuski.ba\\\/index.php\\\/2023\\\/09\\\/13\\\/audio-i-foto-knjizni-fond-knjiznice-ljubuski-bogatiji-za-332-nova-naslova\\\/#article\",\"isPartOf\":{\"@id\":\"https:\\\/\\\/radioljubuski.ba\\\/index.php\\\/2023\\\/09\\\/13\\\/audio-i-foto-knjizni-fond-knjiznice-ljubuski-bogatiji-za-332-nova-naslova\\\/\"},\"author\":{\"name\":\"Radio Ljubu\u0161ki\",\"@id\":\"https:\\\/\\\/radioljubuski.ba\\\/#\\\/schema\\\/person\\\/19fc700381a780f69665d7956c469e3b\"},\"headline\":\"Audio i Foto: Knji\u017eni fond Knji\u017enice Ljubu\u0161ki bogatiji za 332 nova naslova\",\"datePublished\":\"2023-09-13T12:16:24+00:00\",\"dateModified\":\"2023-09-13T12:16:26+00:00\",\"mainEntityOfPage\":{\"@id\":\"https:\\\/\\\/radioljubuski.ba\\\/index.php\\\/2023\\\/09\\\/13\\\/audio-i-foto-knjizni-fond-knjiznice-ljubuski-bogatiji-za-332-nova-naslova\\\/\"},\"wordCount\":265,\"publisher\":{\"@id\":\"https:\\\/\\\/radioljubuski.ba\\\/#organization\"},\"image\":{\"@id\":\"https:\\\/\\\/radioljubuski.ba\\\/index.php\\\/2023\\\/09\\\/13\\\/audio-i-foto-knjizni-fond-knjiznice-ljubuski-bogatiji-za-332-nova-naslova\\\/#primaryimage\"},\"thumbnailUrl\":\"https:\\\/\\\/radioljubuski.ba\\\/wp-content\\\/uploads\\\/2023\\\/09\\\/DSC0002-1-scaled.jpg\",\"articleSection\":[\"Ljubu\u0161ki\",\"Novosti\",\"Poslu\u0161ajte\"],\"inLanguage\":\"hr\"},{\"@type\":\"WebPage\",\"@id\":\"https:\\\/\\\/radioljubuski.ba\\\/index.php\\\/2023\\\/09\\\/13\\\/audio-i-foto-knjizni-fond-knjiznice-ljubuski-bogatiji-za-332-nova-naslova\\\/\",\"url\":\"https:\\\/\\\/radioljubuski.ba\\\/index.php\\\/2023\\\/09\\\/13\\\/audio-i-foto-knjizni-fond-knjiznice-ljubuski-bogatiji-za-332-nova-naslova\\\/\",\"name\":\"Audio i Foto: Knji\u017eni fond Knji\u017enice Ljubu\u0161ki bogatiji za 332 nova naslova - RADIO LJUBU\u0160KI\",\"isPartOf\":{\"@id\":\"https:\\\/\\\/radioljubuski.ba\\\/#website\"},\"primaryImageOfPage\":{\"@id\":\"https:\\\/\\\/radioljubuski.ba\\\/index.php\\\/2023\\\/09\\\/13\\\/audio-i-foto-knjizni-fond-knjiznice-ljubuski-bogatiji-za-332-nova-naslova\\\/#primaryimage\"},\"image\":{\"@id\":\"https:\\\/\\\/radioljubuski.ba\\\/index.php\\\/2023\\\/09\\\/13\\\/audio-i-foto-knjizni-fond-knjiznice-ljubuski-bogatiji-za-332-nova-naslova\\\/#primaryimage\"},\"thumbnailUrl\":\"https:\\\/\\\/radioljubuski.ba\\\/wp-content\\\/uploads\\\/2023\\\/09\\\/DSC0002-1-scaled.jpg\",\"datePublished\":\"2023-09-13T12:16:24+00:00\",\"dateModified\":\"2023-09-13T12:16:26+00:00\",\"breadcrumb\":{\"@id\":\"https:\\\/\\\/radioljubuski.ba\\\/index.php\\\/2023\\\/09\\\/13\\\/audio-i-foto-knjizni-fond-knjiznice-ljubuski-bogatiji-za-332-nova-naslova\\\/#breadcrumb\"},\"inLanguage\":\"hr\",\"potentialAction\":[{\"@type\":\"ReadAction\",\"target\":[\"https:\\\/\\\/radioljubuski.ba\\\/index.php\\\/2023\\\/09\\\/13\\\/audio-i-foto-knjizni-fond-knjiznice-ljubuski-bogatiji-za-332-nova-naslova\\\/\"]}]},{\"@type\":\"ImageObject\",\"inLanguage\":\"hr\",\"@id\":\"https:\\\/\\\/radioljubuski.ba\\\/index.php\\\/2023\\\/09\\\/13\\\/audio-i-foto-knjizni-fond-knjiznice-ljubuski-bogatiji-za-332-nova-naslova\\\/#primaryimage\",\"url\":\"https:\\\/\\\/radioljubuski.ba\\\/wp-content\\\/uploads\\\/2023\\\/09\\\/DSC0002-1-scaled.jpg\",\"contentUrl\":\"https:\\\/\\\/radioljubuski.ba\\\/wp-content\\\/uploads\\\/2023\\\/09\\\/DSC0002-1-scaled.jpg\",\"width\":2560,\"height\":1708},{\"@type\":\"BreadcrumbList\",\"@id\":\"https:\\\/\\\/radioljubuski.ba\\\/index.php\\\/2023\\\/09\\\/13\\\/audio-i-foto-knjizni-fond-knjiznice-ljubuski-bogatiji-za-332-nova-naslova\\\/#breadcrumb\",\"itemListElement\":[{\"@type\":\"ListItem\",\"position\":1,\"name\":\"Po\u010detna stranica\",\"item\":\"https:\\\/\\\/radioljubuski.ba\\\/\"},{\"@type\":\"ListItem\",\"position\":2,\"name\":\"Audio i Foto: Knji\u017eni fond Knji\u017enice Ljubu\u0161ki bogatiji za 332 nova naslova\"}]},{\"@type\":\"WebSite\",\"@id\":\"https:\\\/\\\/radioljubuski.ba\\\/#website\",\"url\":\"https:\\\/\\\/radioljubuski.ba\\\/\",\"name\":\"Radio Ljubu\u0161ki\",\"description\":\"Sun\u010dana frekvencija Hercegovine\",\"publisher\":{\"@id\":\"https:\\\/\\\/radioljubuski.ba\\\/#organization\"},\"potentialAction\":[{\"@type\":\"SearchAction\",\"target\":{\"@type\":\"EntryPoint\",\"urlTemplate\":\"https:\\\/\\\/radioljubuski.ba\\\/?s={search_term_string}\"},\"query-input\":{\"@type\":\"PropertyValueSpecification\",\"valueRequired\":true,\"valueName\":\"search_term_string\"}}],\"inLanguage\":\"hr\"},{\"@type\":\"Organization\",\"@id\":\"https:\\\/\\\/radioljubuski.ba\\\/#organization\",\"name\":\"Radio Ljubu\u0161ki\",\"url\":\"https:\\\/\\\/radioljubuski.ba\\\/\",\"logo\":{\"@type\":\"ImageObject\",\"inLanguage\":\"hr\",\"@id\":\"https:\\\/\\\/radioljubuski.ba\\\/#\\\/schema\\\/logo\\\/image\\\/\",\"url\":\"https:\\\/\\\/radioljubuski.ba\\\/wp-content\\\/uploads\\\/2021\\\/02\\\/cropped-Radio_Ljubuski_logo1.jpg\",\"contentUrl\":\"https:\\\/\\\/radioljubuski.ba\\\/wp-content\\\/uploads\\\/2021\\\/02\\\/cropped-Radio_Ljubuski_logo1.jpg\",\"width\":512,\"height\":512,\"caption\":\"Radio Ljubu\u0161ki\"},\"image\":{\"@id\":\"https:\\\/\\\/radioljubuski.ba\\\/#\\\/schema\\\/logo\\\/image\\\/\"},\"sameAs\":[\"https:\\\/\\\/www.facebook.com\\\/Radiio-Ljubuski-1490835324566332\",\"https:\\\/\\\/x.com\\\/radioljubuski\",\"https:\\\/\\\/hr.linkedin.com\\\/company\\\/radio-ljubuski\",\"https:\\\/\\\/www.youtube.com\\\/channel\\\/UCHYaeO_n0Db3tjNGudGpXyw\"]},{\"@type\":\"Person\",\"@id\":\"https:\\\/\\\/radioljubuski.ba\\\/#\\\/schema\\\/person\\\/19fc700381a780f69665d7956c469e3b\",\"name\":\"Radio Ljubu\u0161ki\"}]}<\/script>\n<!-- \/ Yoast SEO plugin. -->","yoast_head_json":{"title":"Audio i Foto: Knji\u017eni fond Knji\u017enice Ljubu\u0161ki bogatiji za 332 nova naslova - RADIO LJUBU\u0160KI","robots":{"index":"index","follow":"follow","max-snippet":"max-snippet:-1","max-image-preview":"max-image-preview:large","max-video-preview":"max-video-preview:-1"},"canonical":"https:\/\/radioljubuski.ba\/index.php\/2023\/09\/13\/audio-i-foto-knjizni-fond-knjiznice-ljubuski-bogatiji-za-332-nova-naslova\/","og_locale":"hr_HR","og_type":"article","og_title":"Audio i Foto: Knji\u017eni fond Knji\u017enice Ljubu\u0161ki bogatiji za 332 nova naslova - RADIO LJUBU\u0160KI","og_description":"Predstavnici Fondacije \u201eKemal Bakar\u0161i\u0107 na \u010delu s Draganom Markovi\u0107em, predsjednikom Upravnog odbora Fondacije K. B., posjetili su danas Knji\u017enicu Ljubu\u0161ki i istoj uru\u010dili vrijednu donaciju knjiga \u2013 njih 332 u vrijednosti oko 2560 ameri\u010dkih dolara. Naime, navedena Fondacija prepoznala je Knji\u017enicu Ljubu\u0161ki kao veoma aktivnu glede organizacije raznovrsnih kulturno-dru\u0161tvenih manifestacija, \u010dime je ista postala sredi\u0161te [&hellip;]","og_url":"https:\/\/radioljubuski.ba\/index.php\/2023\/09\/13\/audio-i-foto-knjizni-fond-knjiznice-ljubuski-bogatiji-za-332-nova-naslova\/","og_site_name":"RADIO LJUBU\u0160KI","article_publisher":"https:\/\/www.facebook.com\/Radiio-Ljubuski-1490835324566332","article_published_time":"2023-09-13T12:16:24+00:00","article_modified_time":"2023-09-13T12:16:26+00:00","og_image":[{"width":2560,"height":1708,"url":"https:\/\/radioljubuski.ba\/wp-content\/uploads\/2023\/09\/DSC0002-1-scaled.jpg","type":"image\/jpeg"}],"author":"Radio Ljubu\u0161ki","twitter_card":"summary_large_image","twitter_creator":"@radioljubuski","twitter_site":"@radioljubuski","twitter_misc":{"Napisao\/la":"Radio Ljubu\u0161ki","Procijenjeno vrijeme \u010ditanja":"3 minute"},"schema":{"@context":"https:\/\/schema.org","@graph":[{"@type":"Article","@id":"https:\/\/radioljubuski.ba\/index.php\/2023\/09\/13\/audio-i-foto-knjizni-fond-knjiznice-ljubuski-bogatiji-za-332-nova-naslova\/#article","isPartOf":{"@id":"https:\/\/radioljubuski.ba\/index.php\/2023\/09\/13\/audio-i-foto-knjizni-fond-knjiznice-ljubuski-bogatiji-za-332-nova-naslova\/"},"author":{"name":"Radio Ljubu\u0161ki","@id":"https:\/\/radioljubuski.ba\/#\/schema\/person\/19fc700381a780f69665d7956c469e3b"},"headline":"Audio i Foto: Knji\u017eni fond Knji\u017enice Ljubu\u0161ki bogatiji za 332 nova naslova","datePublished":"2023-09-13T12:16:24+00:00","dateModified":"2023-09-13T12:16:26+00:00","mainEntityOfPage":{"@id":"https:\/\/radioljubuski.ba\/index.php\/2023\/09\/13\/audio-i-foto-knjizni-fond-knjiznice-ljubuski-bogatiji-za-332-nova-naslova\/"},"wordCount":265,"publisher":{"@id":"https:\/\/radioljubuski.ba\/#organization"},"image":{"@id":"https:\/\/radioljubuski.ba\/index.php\/2023\/09\/13\/audio-i-foto-knjizni-fond-knjiznice-ljubuski-bogatiji-za-332-nova-naslova\/#primaryimage"},"thumbnailUrl":"https:\/\/radioljubuski.ba\/wp-content\/uploads\/2023\/09\/DSC0002-1-scaled.jpg","articleSection":["Ljubu\u0161ki","Novosti","Poslu\u0161ajte"],"inLanguage":"hr"},{"@type":"WebPage","@id":"https:\/\/radioljubuski.ba\/index.php\/2023\/09\/13\/audio-i-foto-knjizni-fond-knjiznice-ljubuski-bogatiji-za-332-nova-naslova\/","url":"https:\/\/radioljubuski.ba\/index.php\/2023\/09\/13\/audio-i-foto-knjizni-fond-knjiznice-ljubuski-bogatiji-za-332-nova-naslova\/","name":"Audio i Foto: Knji\u017eni fond Knji\u017enice Ljubu\u0161ki bogatiji za 332 nova naslova - RADIO LJUBU\u0160KI","isPartOf":{"@id":"https:\/\/radioljubuski.ba\/#website"},"primaryImageOfPage":{"@id":"https:\/\/radioljubuski.ba\/index.php\/2023\/09\/13\/audio-i-foto-knjizni-fond-knjiznice-ljubuski-bogatiji-za-332-nova-naslova\/#primaryimage"},"image":{"@id":"https:\/\/radioljubuski.ba\/index.php\/2023\/09\/13\/audio-i-foto-knjizni-fond-knjiznice-ljubuski-bogatiji-za-332-nova-naslova\/#primaryimage"},"thumbnailUrl":"https:\/\/radioljubuski.ba\/wp-content\/uploads\/2023\/09\/DSC0002-1-scaled.jpg","datePublished":"2023-09-13T12:16:24+00:00","dateModified":"2023-09-13T12:16:26+00:00","breadcrumb":{"@id":"https:\/\/radioljubuski.ba\/index.php\/2023\/09\/13\/audio-i-foto-knjizni-fond-knjiznice-ljubuski-bogatiji-za-332-nova-naslova\/#breadcrumb"},"inLanguage":"hr","potentialAction":[{"@type":"ReadAction","target":["https:\/\/radioljubuski.ba\/index.php\/2023\/09\/13\/audio-i-foto-knjizni-fond-knjiznice-ljubuski-bogatiji-za-332-nova-naslova\/"]}]},{"@type":"ImageObject","inLanguage":"hr","@id":"https:\/\/radioljubuski.ba\/index.php\/2023\/09\/13\/audio-i-foto-knjizni-fond-knjiznice-ljubuski-bogatiji-za-332-nova-naslova\/#primaryimage","url":"https:\/\/radioljubuski.ba\/wp-content\/uploads\/2023\/09\/DSC0002-1-scaled.jpg","contentUrl":"https:\/\/radioljubuski.ba\/wp-content\/uploads\/2023\/09\/DSC0002-1-scaled.jpg","width":2560,"height":1708},{"@type":"BreadcrumbList","@id":"https:\/\/radioljubuski.ba\/index.php\/2023\/09\/13\/audio-i-foto-knjizni-fond-knjiznice-ljubuski-bogatiji-za-332-nova-naslova\/#breadcrumb","itemListElement":[{"@type":"ListItem","position":1,"name":"Po\u010detna stranica","item":"https:\/\/radioljubuski.ba\/"},{"@type":"ListItem","position":2,"name":"Audio i Foto: Knji\u017eni fond Knji\u017enice Ljubu\u0161ki bogatiji za 332 nova naslova"}]},{"@type":"WebSite","@id":"https:\/\/radioljubuski.ba\/#website","url":"https:\/\/radioljubuski.ba\/","name":"Radio Ljubu\u0161ki","description":"Sun\u010dana frekvencija Hercegovine","publisher":{"@id":"https:\/\/radioljubuski.ba\/#organization"},"potentialAction":[{"@type":"SearchAction","target":{"@type":"EntryPoint","urlTemplate":"https:\/\/radioljubuski.ba\/?s={search_term_string}"},"query-input":{"@type":"PropertyValueSpecification","valueRequired":true,"valueName":"search_term_string"}}],"inLanguage":"hr"},{"@type":"Organization","@id":"https:\/\/radioljubuski.ba\/#organization","name":"Radio Ljubu\u0161ki","url":"https:\/\/radioljubuski.ba\/","logo":{"@type":"ImageObject","inLanguage":"hr","@id":"https:\/\/radioljubuski.ba\/#\/schema\/logo\/image\/","url":"https:\/\/radioljubuski.ba\/wp-content\/uploads\/2021\/02\/cropped-Radio_Ljubuski_logo1.jpg","contentUrl":"https:\/\/radioljubuski.ba\/wp-content\/uploads\/2021\/02\/cropped-Radio_Ljubuski_logo1.jpg","width":512,"height":512,"caption":"Radio Ljubu\u0161ki"},"image":{"@id":"https:\/\/radioljubuski.ba\/#\/schema\/logo\/image\/"},"sameAs":["https:\/\/www.facebook.com\/Radiio-Ljubuski-1490835324566332","https:\/\/x.com\/radioljubuski","https:\/\/hr.linkedin.com\/company\/radio-ljubuski","https:\/\/www.youtube.com\/channel\/UCHYaeO_n0Db3tjNGudGpXyw"]},{"@type":"Person","@id":"https:\/\/radioljubuski.ba\/#\/schema\/person\/19fc700381a780f69665d7956c469e3b","name":"Radio Ljubu\u0161ki"}]}},"_links":{"self":[{"href":"https:\/\/radioljubuski.ba\/index.php\/wp-json\/wp\/v2\/posts\/195497","targetHints":{"allow":["GET"]}}],"collection":[{"href":"https:\/\/radioljubuski.ba\/index.php\/wp-json\/wp\/v2\/posts"}],"about":[{"href":"https:\/\/radioljubuski.ba\/index.php\/wp-json\/wp\/v2\/types\/post"}],"author":[{"embeddable":true,"href":"https:\/\/radioljubuski.ba\/index.php\/wp-json\/wp\/v2\/users\/2"}],"replies":[{"embeddable":true,"href":"https:\/\/radioljubuski.ba\/index.php\/wp-json\/wp\/v2\/comments?post=195497"}],"version-history":[{"count":1,"href":"https:\/\/radioljubuski.ba\/index.php\/wp-json\/wp\/v2\/posts\/195497\/revisions"}],"predecessor-version":[{"id":195506,"href":"https:\/\/radioljubuski.ba\/index.php\/wp-json\/wp\/v2\/posts\/195497\/revisions\/195506"}],"wp:featuredmedia":[{"embeddable":true,"href":"https:\/\/radioljubuski.ba\/index.php\/wp-json\/wp\/v2\/media\/195505"}],"wp:attachment":[{"href":"https:\/\/radioljubuski.ba\/index.php\/wp-json\/wp\/v2\/media?parent=195497"}],"wp:term":[{"taxonomy":"category","embeddable":true,"href":"https:\/\/radioljubuski.ba\/index.php\/wp-json\/wp\/v2\/categories?post=195497"},{"taxonomy":"post_tag","embeddable":true,"href":"https:\/\/radioljubuski.ba\/index.php\/wp-json\/wp\/v2\/tags?post=195497"}],"curies":[{"name":"wp","href":"https:\/\/api.w.org\/{rel}","templated":true}]}}