{"id":195527,"date":"2023-09-14T11:07:13","date_gmt":"2023-09-14T10:07:13","guid":{"rendered":"https:\/\/radioljubuski.ba\/?p=195527"},"modified":"2023-09-14T11:12:41","modified_gmt":"2023-09-14T10:12:41","slug":"zzh-po-prvi-put-uplatila-poticaje-poduzetnicima-pocetnicima-i-zenama-poduzetnicama","status":"publish","type":"post","link":"https:\/\/radioljubuski.ba\/index.php\/2023\/09\/14\/zzh-po-prvi-put-uplatila-poticaje-poduzetnicima-pocetnicima-i-zenama-poduzetnicama\/","title":{"rendered":"\u017dZH po prvi put uplatila poticaje poduzetnicima po\u010detnicima i \u017eenama poduzetnicama"},"content":{"rendered":"\n<p>Vlada \u017dupanije Zapadnohercegova\u010dke nastavlja s isplatom poticaja za 2023. godinu. Prema informacijama iz Ministarstva financija \u017dZH danas je ispla\u0107en dio sredstava planiran za poticanje gospodarstva, kao I manji dio za poljoprivrednu proizvodnju. <\/p>\n\n\n\n<p>Kako je za Fena-u potvrdila ministrica financija I dopredsjednica Vlade \u017dZH Blagica Leko po prvi \u017dupanija Zapadnohercegova\u010dka je isplatila poticaje novoosnovanim poslovnim poduzetnicima-po\u010detnicima, te \u017eenama poduzetnicama u ukupnom iznosu od 100.000 KM. Prema njenim rije\u010dima za poduzetnike po\u010detnike izdvojeno je 50.000 KM, a jednak iznos ispla\u0107en je I kroz poticaj za razvoj I ja\u010danje \u017eenskog poduzetni\u0161tva.\u00a0 Rije\u010d je o isplati na temelju Odluke Vlade \u017dZH o dono\u0161enju Programa utro\u0161ka sredstava \u201eTeku\u0107i prijenosi za poticanje razvoja gospodarstva \u017dupanije Zapadnohercegova\u010dke\u201e utvr\u0111enih Prora\u010dunom \u017dupanije Zapadnohercegova\u010dke za 2023. godinu, sukladno kojoj je Ministarstvo gospodarstva \u017dZH ranije ove godine raspisalo javne pozive.<\/p>\n\n\n\n<p> Pored navedenog danas su pu\u0161teni nalozi za isplatu poticaja za podizanje nasada maslina I vinove loze. Prema podatcima Ministarstva financija \u017dZH maslinarima I vinarima s podru\u010dja ove \u017eupanije na ra\u010dune je upla\u0107eno ukupno 29.610,36 konvertibilnih maraka. Podsjetimo, tijekom pro\u0161log mjeseca ispla\u0107eni su poticaji za animalnu proizvodnju, za \u0161to je iz prora\u010duna ove \u017eupanije izdvojeno ukupno 536.667,42 konvertibilnih maraka.<\/p>\n\n\n\n<p>Izvor: Fena \/ Foto: Radio Ljubu\u0161ki<\/p>\n","protected":false},"excerpt":{"rendered":"<p>Vlada \u017dupanije Zapadnohercegova\u010dke nastavlja s isplatom poticaja za 2023. godinu. Prema informacijama iz Ministarstva financija \u017dZH danas je ispla\u0107en dio sredstava planiran za poticanje gospodarstva, kao I manji dio za poljoprivrednu proizvodnju. Kako je za Fena-u potvrdila ministrica financija I dopredsjednica Vlade \u017dZH Blagica Leko po prvi \u017dupanija Zapadnohercegova\u010dka je isplatila poticaje novoosnovanim poslovnim poduzetnicima-po\u010detnicima, [&hellip;]<\/p>\n","protected":false},"author":2,"featured_media":195528,"comment_status":"closed","ping_status":"closed","sticky":false,"template":"","format":"standard","meta":{"h5ap_radio_sources":[],"footnotes":""},"categories":[28,30],"tags":[],"class_list":["post-195527","post","type-post","status-publish","format-standard","has-post-thumbnail","hentry","category-novosti","category-zupanija-zapadnohercegovacka"],"yoast_head":"<!-- This site is optimized with the Yoast SEO plugin v27.5 - https:\/\/yoast.com\/product\/yoast-seo-wordpress\/ -->\n<title>\u017dZH po prvi put uplatila poticaje poduzetnicima po\u010detnicima i \u017eenama poduzetnicama - RADIO LJUBU\u0160KI<\/title>\n<meta name=\"robots\" content=\"index, follow, max-snippet:-1, max-image-preview:large, max-video-preview:-1\" \/>\n<link rel=\"canonical\" href=\"https:\/\/radioljubuski.ba\/index.php\/2023\/09\/14\/zzh-po-prvi-put-uplatila-poticaje-poduzetnicima-pocetnicima-i-zenama-poduzetnicama\/\" \/>\n<meta property=\"og:locale\" content=\"hr_HR\" \/>\n<meta property=\"og:type\" content=\"article\" \/>\n<meta property=\"og:title\" content=\"\u017dZH po prvi put uplatila poticaje poduzetnicima po\u010detnicima i \u017eenama poduzetnicama - RADIO LJUBU\u0160KI\" \/>\n<meta property=\"og:description\" content=\"Vlada \u017dupanije Zapadnohercegova\u010dke nastavlja s isplatom poticaja za 2023. godinu. Prema informacijama iz Ministarstva financija \u017dZH danas je ispla\u0107en dio sredstava planiran za poticanje gospodarstva, kao I manji dio za poljoprivrednu proizvodnju. Kako je za Fena-u potvrdila ministrica financija I dopredsjednica Vlade \u017dZH Blagica Leko po prvi \u017dupanija Zapadnohercegova\u010dka je isplatila poticaje novoosnovanim poslovnim poduzetnicima-po\u010detnicima, [&hellip;]\" \/>\n<meta property=\"og:url\" content=\"https:\/\/radioljubuski.ba\/index.php\/2023\/09\/14\/zzh-po-prvi-put-uplatila-poticaje-poduzetnicima-pocetnicima-i-zenama-poduzetnicama\/\" \/>\n<meta property=\"og:site_name\" content=\"RADIO LJUBU\u0160KI\" \/>\n<meta property=\"article:publisher\" content=\"https:\/\/www.facebook.com\/Radiio-Ljubuski-1490835324566332\" \/>\n<meta property=\"article:published_time\" content=\"2023-09-14T10:07:13+00:00\" \/>\n<meta property=\"article:modified_time\" content=\"2023-09-14T10:12:41+00:00\" \/>\n<meta property=\"og:image\" content=\"https:\/\/radioljubuski.ba\/wp-content\/uploads\/2023\/09\/naslovna-vlada-.jpg\" \/>\n\t<meta property=\"og:image:width\" content=\"940\" \/>\n\t<meta property=\"og:image:height\" content=\"788\" \/>\n\t<meta property=\"og:image:type\" content=\"image\/jpeg\" \/>\n<meta name=\"author\" content=\"Radio Ljubu\u0161ki\" \/>\n<meta name=\"twitter:card\" content=\"summary_large_image\" \/>\n<meta name=\"twitter:creator\" content=\"@radioljubuski\" \/>\n<meta name=\"twitter:site\" content=\"@radioljubuski\" \/>\n<meta name=\"twitter:label1\" content=\"Napisao\/la\" \/>\n\t<meta name=\"twitter:data1\" content=\"Radio Ljubu\u0161ki\" \/>\n\t<meta name=\"twitter:label2\" content=\"Procijenjeno vrijeme \u010ditanja\" \/>\n\t<meta name=\"twitter:data2\" content=\"2 minute\" \/>\n<script type=\"application\/ld+json\" class=\"yoast-schema-graph\">{\"@context\":\"https:\\\/\\\/schema.org\",\"@graph\":[{\"@type\":\"Article\",\"@id\":\"https:\\\/\\\/radioljubuski.ba\\\/index.php\\\/2023\\\/09\\\/14\\\/zzh-po-prvi-put-uplatila-poticaje-poduzetnicima-pocetnicima-i-zenama-poduzetnicama\\\/#article\",\"isPartOf\":{\"@id\":\"https:\\\/\\\/radioljubuski.ba\\\/index.php\\\/2023\\\/09\\\/14\\\/zzh-po-prvi-put-uplatila-poticaje-poduzetnicima-pocetnicima-i-zenama-poduzetnicama\\\/\"},\"author\":{\"name\":\"Radio Ljubu\u0161ki\",\"@id\":\"https:\\\/\\\/radioljubuski.ba\\\/#\\\/schema\\\/person\\\/19fc700381a780f69665d7956c469e3b\"},\"headline\":\"\u017dZH po prvi put uplatila poticaje poduzetnicima po\u010detnicima i \u017eenama poduzetnicama\",\"datePublished\":\"2023-09-14T10:07:13+00:00\",\"dateModified\":\"2023-09-14T10:12:41+00:00\",\"mainEntityOfPage\":{\"@id\":\"https:\\\/\\\/radioljubuski.ba\\\/index.php\\\/2023\\\/09\\\/14\\\/zzh-po-prvi-put-uplatila-poticaje-poduzetnicima-pocetnicima-i-zenama-poduzetnicama\\\/\"},\"wordCount\":222,\"publisher\":{\"@id\":\"https:\\\/\\\/radioljubuski.ba\\\/#organization\"},\"image\":{\"@id\":\"https:\\\/\\\/radioljubuski.ba\\\/index.php\\\/2023\\\/09\\\/14\\\/zzh-po-prvi-put-uplatila-poticaje-poduzetnicima-pocetnicima-i-zenama-poduzetnicama\\\/#primaryimage\"},\"thumbnailUrl\":\"https:\\\/\\\/radioljubuski.ba\\\/wp-content\\\/uploads\\\/2023\\\/09\\\/naslovna-vlada-.jpg\",\"articleSection\":[\"Novosti\",\"\u017dupanija Zapadnohercegova\u010dka\"],\"inLanguage\":\"hr\"},{\"@type\":\"WebPage\",\"@id\":\"https:\\\/\\\/radioljubuski.ba\\\/index.php\\\/2023\\\/09\\\/14\\\/zzh-po-prvi-put-uplatila-poticaje-poduzetnicima-pocetnicima-i-zenama-poduzetnicama\\\/\",\"url\":\"https:\\\/\\\/radioljubuski.ba\\\/index.php\\\/2023\\\/09\\\/14\\\/zzh-po-prvi-put-uplatila-poticaje-poduzetnicima-pocetnicima-i-zenama-poduzetnicama\\\/\",\"name\":\"\u017dZH po prvi put uplatila poticaje poduzetnicima po\u010detnicima i \u017eenama poduzetnicama - RADIO LJUBU\u0160KI\",\"isPartOf\":{\"@id\":\"https:\\\/\\\/radioljubuski.ba\\\/#website\"},\"primaryImageOfPage\":{\"@id\":\"https:\\\/\\\/radioljubuski.ba\\\/index.php\\\/2023\\\/09\\\/14\\\/zzh-po-prvi-put-uplatila-poticaje-poduzetnicima-pocetnicima-i-zenama-poduzetnicama\\\/#primaryimage\"},\"image\":{\"@id\":\"https:\\\/\\\/radioljubuski.ba\\\/index.php\\\/2023\\\/09\\\/14\\\/zzh-po-prvi-put-uplatila-poticaje-poduzetnicima-pocetnicima-i-zenama-poduzetnicama\\\/#primaryimage\"},\"thumbnailUrl\":\"https:\\\/\\\/radioljubuski.ba\\\/wp-content\\\/uploads\\\/2023\\\/09\\\/naslovna-vlada-.jpg\",\"datePublished\":\"2023-09-14T10:07:13+00:00\",\"dateModified\":\"2023-09-14T10:12:41+00:00\",\"breadcrumb\":{\"@id\":\"https:\\\/\\\/radioljubuski.ba\\\/index.php\\\/2023\\\/09\\\/14\\\/zzh-po-prvi-put-uplatila-poticaje-poduzetnicima-pocetnicima-i-zenama-poduzetnicama\\\/#breadcrumb\"},\"inLanguage\":\"hr\",\"potentialAction\":[{\"@type\":\"ReadAction\",\"target\":[\"https:\\\/\\\/radioljubuski.ba\\\/index.php\\\/2023\\\/09\\\/14\\\/zzh-po-prvi-put-uplatila-poticaje-poduzetnicima-pocetnicima-i-zenama-poduzetnicama\\\/\"]}]},{\"@type\":\"ImageObject\",\"inLanguage\":\"hr\",\"@id\":\"https:\\\/\\\/radioljubuski.ba\\\/index.php\\\/2023\\\/09\\\/14\\\/zzh-po-prvi-put-uplatila-poticaje-poduzetnicima-pocetnicima-i-zenama-poduzetnicama\\\/#primaryimage\",\"url\":\"https:\\\/\\\/radioljubuski.ba\\\/wp-content\\\/uploads\\\/2023\\\/09\\\/naslovna-vlada-.jpg\",\"contentUrl\":\"https:\\\/\\\/radioljubuski.ba\\\/wp-content\\\/uploads\\\/2023\\\/09\\\/naslovna-vlada-.jpg\",\"width\":940,\"height\":788},{\"@type\":\"BreadcrumbList\",\"@id\":\"https:\\\/\\\/radioljubuski.ba\\\/index.php\\\/2023\\\/09\\\/14\\\/zzh-po-prvi-put-uplatila-poticaje-poduzetnicima-pocetnicima-i-zenama-poduzetnicama\\\/#breadcrumb\",\"itemListElement\":[{\"@type\":\"ListItem\",\"position\":1,\"name\":\"Po\u010detna stranica\",\"item\":\"https:\\\/\\\/radioljubuski.ba\\\/\"},{\"@type\":\"ListItem\",\"position\":2,\"name\":\"\u017dZH po prvi put uplatila poticaje poduzetnicima po\u010detnicima i \u017eenama poduzetnicama\"}]},{\"@type\":\"WebSite\",\"@id\":\"https:\\\/\\\/radioljubuski.ba\\\/#website\",\"url\":\"https:\\\/\\\/radioljubuski.ba\\\/\",\"name\":\"Radio Ljubu\u0161ki\",\"description\":\"Sun\u010dana frekvencija Hercegovine\",\"publisher\":{\"@id\":\"https:\\\/\\\/radioljubuski.ba\\\/#organization\"},\"potentialAction\":[{\"@type\":\"SearchAction\",\"target\":{\"@type\":\"EntryPoint\",\"urlTemplate\":\"https:\\\/\\\/radioljubuski.ba\\\/?s={search_term_string}\"},\"query-input\":{\"@type\":\"PropertyValueSpecification\",\"valueRequired\":true,\"valueName\":\"search_term_string\"}}],\"inLanguage\":\"hr\"},{\"@type\":\"Organization\",\"@id\":\"https:\\\/\\\/radioljubuski.ba\\\/#organization\",\"name\":\"Radio Ljubu\u0161ki\",\"url\":\"https:\\\/\\\/radioljubuski.ba\\\/\",\"logo\":{\"@type\":\"ImageObject\",\"inLanguage\":\"hr\",\"@id\":\"https:\\\/\\\/radioljubuski.ba\\\/#\\\/schema\\\/logo\\\/image\\\/\",\"url\":\"https:\\\/\\\/radioljubuski.ba\\\/wp-content\\\/uploads\\\/2021\\\/02\\\/cropped-Radio_Ljubuski_logo1.jpg\",\"contentUrl\":\"https:\\\/\\\/radioljubuski.ba\\\/wp-content\\\/uploads\\\/2021\\\/02\\\/cropped-Radio_Ljubuski_logo1.jpg\",\"width\":512,\"height\":512,\"caption\":\"Radio Ljubu\u0161ki\"},\"image\":{\"@id\":\"https:\\\/\\\/radioljubuski.ba\\\/#\\\/schema\\\/logo\\\/image\\\/\"},\"sameAs\":[\"https:\\\/\\\/www.facebook.com\\\/Radiio-Ljubuski-1490835324566332\",\"https:\\\/\\\/x.com\\\/radioljubuski\",\"https:\\\/\\\/hr.linkedin.com\\\/company\\\/radio-ljubuski\",\"https:\\\/\\\/www.youtube.com\\\/channel\\\/UCHYaeO_n0Db3tjNGudGpXyw\"]},{\"@type\":\"Person\",\"@id\":\"https:\\\/\\\/radioljubuski.ba\\\/#\\\/schema\\\/person\\\/19fc700381a780f69665d7956c469e3b\",\"name\":\"Radio Ljubu\u0161ki\"}]}<\/script>\n<!-- \/ Yoast SEO plugin. -->","yoast_head_json":{"title":"\u017dZH po prvi put uplatila poticaje poduzetnicima po\u010detnicima i \u017eenama poduzetnicama - RADIO LJUBU\u0160KI","robots":{"index":"index","follow":"follow","max-snippet":"max-snippet:-1","max-image-preview":"max-image-preview:large","max-video-preview":"max-video-preview:-1"},"canonical":"https:\/\/radioljubuski.ba\/index.php\/2023\/09\/14\/zzh-po-prvi-put-uplatila-poticaje-poduzetnicima-pocetnicima-i-zenama-poduzetnicama\/","og_locale":"hr_HR","og_type":"article","og_title":"\u017dZH po prvi put uplatila poticaje poduzetnicima po\u010detnicima i \u017eenama poduzetnicama - RADIO LJUBU\u0160KI","og_description":"Vlada \u017dupanije Zapadnohercegova\u010dke nastavlja s isplatom poticaja za 2023. godinu. Prema informacijama iz Ministarstva financija \u017dZH danas je ispla\u0107en dio sredstava planiran za poticanje gospodarstva, kao I manji dio za poljoprivrednu proizvodnju. Kako je za Fena-u potvrdila ministrica financija I dopredsjednica Vlade \u017dZH Blagica Leko po prvi \u017dupanija Zapadnohercegova\u010dka je isplatila poticaje novoosnovanim poslovnim poduzetnicima-po\u010detnicima, [&hellip;]","og_url":"https:\/\/radioljubuski.ba\/index.php\/2023\/09\/14\/zzh-po-prvi-put-uplatila-poticaje-poduzetnicima-pocetnicima-i-zenama-poduzetnicama\/","og_site_name":"RADIO LJUBU\u0160KI","article_publisher":"https:\/\/www.facebook.com\/Radiio-Ljubuski-1490835324566332","article_published_time":"2023-09-14T10:07:13+00:00","article_modified_time":"2023-09-14T10:12:41+00:00","og_image":[{"width":940,"height":788,"url":"https:\/\/radioljubuski.ba\/wp-content\/uploads\/2023\/09\/naslovna-vlada-.jpg","type":"image\/jpeg"}],"author":"Radio Ljubu\u0161ki","twitter_card":"summary_large_image","twitter_creator":"@radioljubuski","twitter_site":"@radioljubuski","twitter_misc":{"Napisao\/la":"Radio Ljubu\u0161ki","Procijenjeno vrijeme \u010ditanja":"2 minute"},"schema":{"@context":"https:\/\/schema.org","@graph":[{"@type":"Article","@id":"https:\/\/radioljubuski.ba\/index.php\/2023\/09\/14\/zzh-po-prvi-put-uplatila-poticaje-poduzetnicima-pocetnicima-i-zenama-poduzetnicama\/#article","isPartOf":{"@id":"https:\/\/radioljubuski.ba\/index.php\/2023\/09\/14\/zzh-po-prvi-put-uplatila-poticaje-poduzetnicima-pocetnicima-i-zenama-poduzetnicama\/"},"author":{"name":"Radio Ljubu\u0161ki","@id":"https:\/\/radioljubuski.ba\/#\/schema\/person\/19fc700381a780f69665d7956c469e3b"},"headline":"\u017dZH po prvi put uplatila poticaje poduzetnicima po\u010detnicima i \u017eenama poduzetnicama","datePublished":"2023-09-14T10:07:13+00:00","dateModified":"2023-09-14T10:12:41+00:00","mainEntityOfPage":{"@id":"https:\/\/radioljubuski.ba\/index.php\/2023\/09\/14\/zzh-po-prvi-put-uplatila-poticaje-poduzetnicima-pocetnicima-i-zenama-poduzetnicama\/"},"wordCount":222,"publisher":{"@id":"https:\/\/radioljubuski.ba\/#organization"},"image":{"@id":"https:\/\/radioljubuski.ba\/index.php\/2023\/09\/14\/zzh-po-prvi-put-uplatila-poticaje-poduzetnicima-pocetnicima-i-zenama-poduzetnicama\/#primaryimage"},"thumbnailUrl":"https:\/\/radioljubuski.ba\/wp-content\/uploads\/2023\/09\/naslovna-vlada-.jpg","articleSection":["Novosti","\u017dupanija Zapadnohercegova\u010dka"],"inLanguage":"hr"},{"@type":"WebPage","@id":"https:\/\/radioljubuski.ba\/index.php\/2023\/09\/14\/zzh-po-prvi-put-uplatila-poticaje-poduzetnicima-pocetnicima-i-zenama-poduzetnicama\/","url":"https:\/\/radioljubuski.ba\/index.php\/2023\/09\/14\/zzh-po-prvi-put-uplatila-poticaje-poduzetnicima-pocetnicima-i-zenama-poduzetnicama\/","name":"\u017dZH po prvi put uplatila poticaje poduzetnicima po\u010detnicima i \u017eenama poduzetnicama - RADIO LJUBU\u0160KI","isPartOf":{"@id":"https:\/\/radioljubuski.ba\/#website"},"primaryImageOfPage":{"@id":"https:\/\/radioljubuski.ba\/index.php\/2023\/09\/14\/zzh-po-prvi-put-uplatila-poticaje-poduzetnicima-pocetnicima-i-zenama-poduzetnicama\/#primaryimage"},"image":{"@id":"https:\/\/radioljubuski.ba\/index.php\/2023\/09\/14\/zzh-po-prvi-put-uplatila-poticaje-poduzetnicima-pocetnicima-i-zenama-poduzetnicama\/#primaryimage"},"thumbnailUrl":"https:\/\/radioljubuski.ba\/wp-content\/uploads\/2023\/09\/naslovna-vlada-.jpg","datePublished":"2023-09-14T10:07:13+00:00","dateModified":"2023-09-14T10:12:41+00:00","breadcrumb":{"@id":"https:\/\/radioljubuski.ba\/index.php\/2023\/09\/14\/zzh-po-prvi-put-uplatila-poticaje-poduzetnicima-pocetnicima-i-zenama-poduzetnicama\/#breadcrumb"},"inLanguage":"hr","potentialAction":[{"@type":"ReadAction","target":["https:\/\/radioljubuski.ba\/index.php\/2023\/09\/14\/zzh-po-prvi-put-uplatila-poticaje-poduzetnicima-pocetnicima-i-zenama-poduzetnicama\/"]}]},{"@type":"ImageObject","inLanguage":"hr","@id":"https:\/\/radioljubuski.ba\/index.php\/2023\/09\/14\/zzh-po-prvi-put-uplatila-poticaje-poduzetnicima-pocetnicima-i-zenama-poduzetnicama\/#primaryimage","url":"https:\/\/radioljubuski.ba\/wp-content\/uploads\/2023\/09\/naslovna-vlada-.jpg","contentUrl":"https:\/\/radioljubuski.ba\/wp-content\/uploads\/2023\/09\/naslovna-vlada-.jpg","width":940,"height":788},{"@type":"BreadcrumbList","@id":"https:\/\/radioljubuski.ba\/index.php\/2023\/09\/14\/zzh-po-prvi-put-uplatila-poticaje-poduzetnicima-pocetnicima-i-zenama-poduzetnicama\/#breadcrumb","itemListElement":[{"@type":"ListItem","position":1,"name":"Po\u010detna stranica","item":"https:\/\/radioljubuski.ba\/"},{"@type":"ListItem","position":2,"name":"\u017dZH po prvi put uplatila poticaje poduzetnicima po\u010detnicima i \u017eenama poduzetnicama"}]},{"@type":"WebSite","@id":"https:\/\/radioljubuski.ba\/#website","url":"https:\/\/radioljubuski.ba\/","name":"Radio Ljubu\u0161ki","description":"Sun\u010dana frekvencija Hercegovine","publisher":{"@id":"https:\/\/radioljubuski.ba\/#organization"},"potentialAction":[{"@type":"SearchAction","target":{"@type":"EntryPoint","urlTemplate":"https:\/\/radioljubuski.ba\/?s={search_term_string}"},"query-input":{"@type":"PropertyValueSpecification","valueRequired":true,"valueName":"search_term_string"}}],"inLanguage":"hr"},{"@type":"Organization","@id":"https:\/\/radioljubuski.ba\/#organization","name":"Radio Ljubu\u0161ki","url":"https:\/\/radioljubuski.ba\/","logo":{"@type":"ImageObject","inLanguage":"hr","@id":"https:\/\/radioljubuski.ba\/#\/schema\/logo\/image\/","url":"https:\/\/radioljubuski.ba\/wp-content\/uploads\/2021\/02\/cropped-Radio_Ljubuski_logo1.jpg","contentUrl":"https:\/\/radioljubuski.ba\/wp-content\/uploads\/2021\/02\/cropped-Radio_Ljubuski_logo1.jpg","width":512,"height":512,"caption":"Radio Ljubu\u0161ki"},"image":{"@id":"https:\/\/radioljubuski.ba\/#\/schema\/logo\/image\/"},"sameAs":["https:\/\/www.facebook.com\/Radiio-Ljubuski-1490835324566332","https:\/\/x.com\/radioljubuski","https:\/\/hr.linkedin.com\/company\/radio-ljubuski","https:\/\/www.youtube.com\/channel\/UCHYaeO_n0Db3tjNGudGpXyw"]},{"@type":"Person","@id":"https:\/\/radioljubuski.ba\/#\/schema\/person\/19fc700381a780f69665d7956c469e3b","name":"Radio Ljubu\u0161ki"}]}},"_links":{"self":[{"href":"https:\/\/radioljubuski.ba\/index.php\/wp-json\/wp\/v2\/posts\/195527","targetHints":{"allow":["GET"]}}],"collection":[{"href":"https:\/\/radioljubuski.ba\/index.php\/wp-json\/wp\/v2\/posts"}],"about":[{"href":"https:\/\/radioljubuski.ba\/index.php\/wp-json\/wp\/v2\/types\/post"}],"author":[{"embeddable":true,"href":"https:\/\/radioljubuski.ba\/index.php\/wp-json\/wp\/v2\/users\/2"}],"replies":[{"embeddable":true,"href":"https:\/\/radioljubuski.ba\/index.php\/wp-json\/wp\/v2\/comments?post=195527"}],"version-history":[{"count":3,"href":"https:\/\/radioljubuski.ba\/index.php\/wp-json\/wp\/v2\/posts\/195527\/revisions"}],"predecessor-version":[{"id":195532,"href":"https:\/\/radioljubuski.ba\/index.php\/wp-json\/wp\/v2\/posts\/195527\/revisions\/195532"}],"wp:featuredmedia":[{"embeddable":true,"href":"https:\/\/radioljubuski.ba\/index.php\/wp-json\/wp\/v2\/media\/195528"}],"wp:attachment":[{"href":"https:\/\/radioljubuski.ba\/index.php\/wp-json\/wp\/v2\/media?parent=195527"}],"wp:term":[{"taxonomy":"category","embeddable":true,"href":"https:\/\/radioljubuski.ba\/index.php\/wp-json\/wp\/v2\/categories?post=195527"},{"taxonomy":"post_tag","embeddable":true,"href":"https:\/\/radioljubuski.ba\/index.php\/wp-json\/wp\/v2\/tags?post=195527"}],"curies":[{"name":"wp","href":"https:\/\/api.w.org\/{rel}","templated":true}]}}