{"id":196061,"date":"2023-10-02T11:22:54","date_gmt":"2023-10-02T10:22:54","guid":{"rendered":"https:\/\/radioljubuski.ba\/?p=196061"},"modified":"2023-10-09T10:37:44","modified_gmt":"2023-10-09T09:37:44","slug":"drugi-uzastopni-remi-nogometasa-ljubuskog-rama-odnijela-bod-s-babovca","status":"publish","type":"post","link":"https:\/\/radioljubuski.ba\/index.php\/2023\/10\/02\/drugi-uzastopni-remi-nogometasa-ljubuskog-rama-odnijela-bod-s-babovca\/","title":{"rendered":"Drugi uzastopni remi nogometa\u0161a Ljubu\u0161kog, Rama odnijela bod s Babovca"},"content":{"rendered":"\n<p>Nogometa\u0161i Ljubu\u0161kog su u 7. kolu Druge lige F BiH \u2013 skupina Jug na Babovcu odigrali 1:1 s tre\u0107eplasiranom mom\u010dadi Rame.<br>Iako su doma\u0107ini kroz cijelu utakmicu dominirali i stvarali prilike gosti su poveli u 60. minuti golom Maria Budimira.<br>Ljubu\u0161ki je izjedna\u010dio u 75. minuti golom Marka \u010culjka.<br><\/p>\n\n\n\n<p>Ljubu\u0161ki nakon sedam odigranih kola zauzima 10. mjesto na ljestvici s osam bodova, Rama je zadr\u017eala tre\u0107u poziciju i ima pet bodova vi\u0161e.<br><\/p>\n\n\n\n<p>U idu\u0107em, 8. kolu, koje je rasporedu 8. listopada Ljubu\u0161ki gostuje kod Neuma.<br><\/p>\n\n\n\n<p>Ljubu\u0161ki je nastupio u sastavu: Antonio Brki\u0107, Tomislav Bo\u0161njak, Veselko Vi\u0161tica, Marin Brki\u0107, Noah \u2013 Luka \u0160imi\u0107, Marko \u010culjak, Nikola Grani\u0107, Antonio \u010culjak, Gabrijel Pulji\u0107, Luka Bebek i Franjo Vu\u010di\u0107.<br><\/p>\n\n\n\n<p>Na klupi za rezerve sjedili su: Jakov Bebek, Mateo Muci\u0107, Josip \u0160o\u0161i\u0107, Bo\u017ee Milas, Stanko Mi\u0161eti\u0107, Ilija Vego, Ante Vegar i Grgo Vasilj.<br><\/p>\n\n\n\n<p>U drugom poluvremenu umjesto Antonia \u010culjka, Noaha \u2013 Luke \u0160imi\u0107a i Tomislava Bo\u0161njaka u\u0161li su Bo\u017ee Milas, Josip \u0160o\u0161i\u0107 i Grgo Vasilj.<br><\/p>\n\n\n\n<p>U nastavku donosimo rezultate 7. kola, prvenstvenu ljestvicu i raspored 8. kola.<\/p>\n\n\n\n<figure class=\"wp-block-table\"><table><tbody><tr><td>01.10. &#8211; 15:30<\/td><td><a href=\"https:\/\/sportsport.ba\/klub\/hnk-krusevo\/682\">Kru\u0161evo<\/a><\/td><td>&#8211;<\/td><td><a href=\"https:\/\/sportsport.ba\/klub\/nk-kamesnica\/82\">NK Kame\u0161nica<\/a><\/td><td>2 : 1<\/td><td><a href=\"https:\/\/sportsport.ba\/utakmica\/hnk-krusevo-nk-kamesnica-7-kolo-druga-liga-federacije-bih-jug-20232024\/87389\"><\/a><\/td><\/tr><tr><td>01.10. &#8211; 15:30<\/td><td><a href=\"https:\/\/sportsport.ba\/klub\/nk-medugorje\/685\">Me\u0111ugorje<\/a><\/td><td>&#8211;<\/td><td><a href=\"https:\/\/sportsport.ba\/klub\/hnk-stolac\/81\">HNK Stolac<\/a><\/td><td>2 : 6<\/td><td><a href=\"https:\/\/sportsport.ba\/utakmica\/nk-medugorje-hnk-stolac-7-kolo-druga-liga-federacije-bih-jug-20232024\/87390\"><\/a><\/td><\/tr><tr><td>01.10. &#8211; 15:30<\/td><td><a href=\"https:\/\/sportsport.ba\/klub\/nk-ljubuski\/68\">NK Ljubu\u0161ki<\/a><\/td><td>&#8211;<\/td><td><a href=\"https:\/\/sportsport.ba\/klub\/hnk-rama\/80\">HNK Rama<\/a><\/td><td>1 : 1<\/td><td><a href=\"https:\/\/sportsport.ba\/utakmica\/nk-ljubuski-hnk-rama-7-kolo-druga-liga-federacije-bih-jug-20232024\/87391\"><\/a><\/td><\/tr><tr><td>01.10. &#8211; 15:30<\/td><td><a href=\"https:\/\/sportsport.ba\/klub\/hnk-visici\/683\">Vi\u0161i\u0107i<\/a><\/td><td>&#8211;<\/td><td><a href=\"https:\/\/sportsport.ba\/klub\/hnk-brotnjo\/72\">HNK Brotnjo<\/a><\/td><td>2 : 2<\/td><td><a href=\"https:\/\/sportsport.ba\/utakmica\/hnk-visici-hnk-brotnjo-7-kolo-druga-liga-federacije-bih-jug-20232024\/87392\"><\/a><\/td><\/tr><tr><td>01.10. &#8211; 15:30<\/td><td><a href=\"https:\/\/sportsport.ba\/klub\/hnk-sloga-gornji-vakuf-uskoplje\/75\">HNK Sloga GV-U<\/a><\/td><td>&#8211;<\/td><td><a href=\"https:\/\/sportsport.ba\/klub\/fk-turbina\/71\">FK Turbina<\/a><\/td><td>5 : 0<\/td><td><a href=\"https:\/\/sportsport.ba\/utakmica\/hnk-sloga-gornji-vakuf-uskoplje-fk-turbina-7-kolo-druga-liga-federacije-bih-jug-20232024\/87393\"><\/a><\/td><\/tr><tr><td>01.10. &#8211; 15:30<\/td><td><a href=\"https:\/\/sportsport.ba\/klub\/nk-troglav-1918\/76\">NK Troglav<\/a><\/td><td>&#8211;<\/td><td><a href=\"https:\/\/sportsport.ba\/klub\/hnk-grude\/74\">HNK Grude<\/a><\/td><td>0 : 1<\/td><td><a href=\"https:\/\/sportsport.ba\/utakmica\/nk-troglav-1918-hnk-grude-7-kolo-druga-liga-federacije-bih-jug-20232024\/87394\"><\/a><\/td><\/tr><tr><td>30.09. &#8211; 15:30<\/td><td><a href=\"https:\/\/sportsport.ba\/klub\/hnk-capljina\/13\">HNK \u010capljina<\/a><\/td><td>&#8211;<\/td><td><a href=\"https:\/\/sportsport.ba\/klub\/fk-klis\/79\">FK Klis<\/a><\/td><td>1 : 2<\/td><td><a href=\"https:\/\/sportsport.ba\/utakmica\/hnk-capljina-fk-klis-7-kolo-druga-liga-federacije-bih-jug-20232024\/87395\"><\/a><\/td><\/tr><tr><td>&#8211;<\/td><td><a href=\"https:\/\/sportsport.ba\/klub\/hnk-neum\/67\">HNK Neum<\/a><\/td><td>&#8211;<\/td><td><\/td><td>&#8211; : &#8211;<\/td><\/tr><\/tbody><\/table><\/figure>\n\n\n\n<p>1.<a href=\"https:\/\/sportsport.ba\/klub\/hnk-krusevo\/682\"><img loading=\"lazy\" decoding=\"async\" width=\"16\" height=\"16\" src=\"https:\/\/sportsport.ba\/assets\/pictures\/standings\/competitor\/small_1566988624-hnk-krusevo.png\" alt=\"HNK Kru\u0161evo\">HNK Kru\u0161evo<\/a>76012228 : 618<\/p>\n\n\n\n<p>2.<a href=\"https:\/\/sportsport.ba\/klub\/hnk-visici\/683\"><img loading=\"lazy\" decoding=\"async\" width=\"16\" height=\"16\" src=\"https:\/\/sportsport.ba\/assets\/pictures\/standings\/competitor\/small_1566988727-hnk-visici.png\" alt=\"HNK Vi\u0161i\u0107i\">HNK Vi\u0161i\u0107i<\/a>7421516 : 1114<\/p>\n\n\n\n<p>3.<a href=\"https:\/\/sportsport.ba\/klub\/hnk-rama\/80\"><img loading=\"lazy\" decoding=\"async\" width=\"16\" height=\"16\" src=\"https:\/\/sportsport.ba\/assets\/pictures\/standings\/competitor\/small_1535213472-hnk-rama.png\" alt=\"HNK Rama\">HNK Rama<\/a>6411712 : 513<\/p>\n\n\n\n<p>4.<a href=\"https:\/\/sportsport.ba\/klub\/fk-klis\/79\"><img loading=\"lazy\" decoding=\"async\" width=\"16\" height=\"16\" src=\"https:\/\/sportsport.ba\/assets\/pictures\/standings\/competitor\/small_1535213371-fk-klis.png\" alt=\"FK Klis\">FK Klis<\/a>7412114 : 1313<\/p>\n\n\n\n<p>5.<a href=\"https:\/\/sportsport.ba\/klub\/hnk-brotnjo\/72\"><img loading=\"lazy\" decoding=\"async\" width=\"16\" height=\"16\" src=\"https:\/\/sportsport.ba\/assets\/pictures\/standings\/competitor\/small_1535213419-hnk-brotnjo.png\" alt=\"HNK Brotnjo\">HNK Brotnjo<\/a>6321215 : 1311<\/p>\n\n\n\n<p>6.<a href=\"https:\/\/sportsport.ba\/klub\/nk-troglav-1918\/76\"><img loading=\"lazy\" decoding=\"async\" width=\"16\" height=\"16\" src=\"https:\/\/sportsport.ba\/assets\/pictures\/standings\/competitor\/small_1535213593-nk-troglav-1918.png\" alt=\"NK Troglav 1918\">NK Troglav 1918<\/a>6312111 : 1010<\/p>\n\n\n\n<p>7.<a href=\"https:\/\/sportsport.ba\/klub\/hnk-neum\/67\"><img loading=\"lazy\" decoding=\"async\" width=\"16\" height=\"16\" src=\"https:\/\/sportsport.ba\/assets\/pictures\/standings\/competitor\/small_1535213453-hnk-neum.png\" alt=\"HNK Neum\">HNK Neum<\/a>6312111 : 1010<\/p>\n\n\n\n<p>8.<a href=\"https:\/\/sportsport.ba\/klub\/fk-turbina\/71\"><img loading=\"lazy\" decoding=\"async\" width=\"16\" height=\"16\" src=\"https:\/\/sportsport.ba\/assets\/pictures\/standings\/competitor\/small_1535213386-fk-turbina.png\" alt=\"FK Turbina\">FK Turbina<\/a>7313-85 : 1310<\/p>\n\n\n\n<p>9.<a href=\"https:\/\/sportsport.ba\/klub\/hnk-sloga-gornji-vakuf-uskoplje\/75\"><img loading=\"lazy\" decoding=\"async\" width=\"16\" height=\"16\" src=\"https:\/\/sportsport.ba\/assets\/pictures\/standings\/competitor\/small_1535213492-hnk-sloga-gornji-vakuf-uskoplje.png\" alt=\"HNK Sloga Gornji Vakuf - Uskoplje\">HNK Sloga Gornji Vakuf &#8211; Uskoplje<\/a>7232411 : 79<\/p>\n\n\n\n<p>10.<a href=\"https:\/\/sportsport.ba\/klub\/nk-ljubuski\/68\"><img loading=\"lazy\" decoding=\"async\" width=\"16\" height=\"16\" src=\"https:\/\/sportsport.ba\/assets\/pictures\/standings\/competitor\/small_1568290029-nk-ljubuski.png\" alt=\"NK Ljubu\u0161ki\">NK Ljubu\u0161ki<\/a>7223214 : 128<\/p>\n\n\n\n<p>11.<a href=\"https:\/\/sportsport.ba\/klub\/nk-medugorje\/685\"><img loading=\"lazy\" decoding=\"async\" width=\"16\" height=\"16\" src=\"https:\/\/sportsport.ba\/assets\/pictures\/standings\/competitor\/small_1566988750-nk-medugorje.png\" alt=\"NK Me\u0111ugorje\">NK Me\u0111ugorje<\/a>6213-211 : 137<\/p>\n\n\n\n<p>12.<a href=\"https:\/\/sportsport.ba\/klub\/hnk-stolac\/81\"><img loading=\"lazy\" decoding=\"async\" width=\"16\" height=\"16\" src=\"https:\/\/sportsport.ba\/assets\/pictures\/standings\/competitor\/small_1535213510-hnk-stolac.png\" alt=\"HNK Stolac\">HNK Stolac<\/a>7214-513 : 187<\/p>\n\n\n\n<p>13.<a href=\"https:\/\/sportsport.ba\/klub\/hnk-grude\/74\"><img loading=\"lazy\" decoding=\"async\" width=\"16\" height=\"16\" src=\"https:\/\/sportsport.ba\/assets\/pictures\/standings\/competitor\/small_1535213436-hnk-grude.png\" alt=\"HNK Grude\">HNK Grude<\/a>7115-94 : 134<\/p>\n\n\n\n<p>14.<a href=\"https:\/\/sportsport.ba\/klub\/hnk-capljina\/13\"><img loading=\"lazy\" decoding=\"async\" width=\"16\" height=\"16\" src=\"https:\/\/sportsport.ba\/assets\/pictures\/standings\/competitor\/small_1535095763-hnk-capljina.png\" alt=\"HNK \u010capljina\">HNK \u010capljina<\/a>6105-152 : 173<\/p>\n\n\n\n<p>15.<a href=\"https:\/\/sportsport.ba\/klub\/nk-kamesnica\/82\"><img loading=\"lazy\" decoding=\"async\" width=\"16\" height=\"16\" src=\"https:\/\/sportsport.ba\/assets\/pictures\/standings\/competitor\/small_1535213571-nk-kamesnica.png\" alt=\"NK Kame\u0161nica\">NK Kame\u0161nica<\/a>6015-69 : 151<\/p>\n\n\n\n<p>Druga liga Federacije BiH &#8211; Jug &#8211; 8. kolo<\/p>\n\n\n\n<figure class=\"wp-block-table\"><table><tbody><tr><td>08.10. &#8211; 15:00<\/td><td><a href=\"https:\/\/sportsport.ba\/klub\/hnk-rama\/80\">HNK Rama<\/a><\/td><td>&#8211;<\/td><td><a href=\"https:\/\/sportsport.ba\/klub\/hnk-krusevo\/682\">Kru\u0161evo<\/a><\/td><td>&#8211; : &#8211;<\/td><td><\/td><\/tr><tr><td>08.10. &#8211; 15:00<\/td><td><a href=\"https:\/\/sportsport.ba\/klub\/hnk-neum\/67\">HNK Neum<\/a><\/td><td>&#8211;<\/td><td><a href=\"https:\/\/sportsport.ba\/klub\/nk-ljubuski\/68\">NK Ljubu\u0161ki<\/a><\/td><td>&#8211; : &#8211;<\/td><td><\/td><\/tr><tr><td>08.10. &#8211; 15:00<\/td><td><a href=\"https:\/\/sportsport.ba\/klub\/nk-kamesnica\/82\">NK Kame\u0161nica<\/a><\/td><td>&#8211;<\/td><td><a href=\"https:\/\/sportsport.ba\/klub\/hnk-visici\/683\">Vi\u0161i\u0107i<\/a><\/td><td>&#8211; : &#8211;<\/td><td><\/td><\/tr><tr><td>08.10. &#8211; 15:00<\/td><td><a href=\"https:\/\/sportsport.ba\/klub\/hnk-stolac\/81\">HNK Stolac<\/a><\/td><td>&#8211;<\/td><td><a href=\"https:\/\/sportsport.ba\/klub\/nk-troglav-1918\/76\">NK Troglav<\/a><\/td><td>&#8211; : &#8211;<\/td><td><\/td><\/tr><tr><td>08.10. &#8211; 15:00<\/td><td><a href=\"https:\/\/sportsport.ba\/klub\/fk-turbina\/71\">FK Turbina<\/a><\/td><td>&#8211;<\/td><td><a href=\"https:\/\/sportsport.ba\/klub\/nk-medugorje\/685\">Me\u0111ugorje<\/a><\/td><td>&#8211; : &#8211;<\/td><td><\/td><\/tr><tr><td>08.10. &#8211; 15:00<\/td><td><a href=\"https:\/\/sportsport.ba\/klub\/hnk-brotnjo\/72\">HNK Brotnjo<\/a><\/td><td>&#8211;<\/td><td><a href=\"https:\/\/sportsport.ba\/klub\/hnk-sloga-gornji-vakuf-uskoplje\/75\">HNK Sloga GV-U<\/a><\/td><td>&#8211; : &#8211;<\/td><td><\/td><\/tr><tr><td>08.10. &#8211; 15:00<\/td><td><a href=\"https:\/\/sportsport.ba\/klub\/hnk-grude\/74\">HNK Grude<\/a><\/td><td>&#8211;<\/td><td><a href=\"https:\/\/sportsport.ba\/klub\/hnk-capljina\/13\">HNK \u010capljina<\/a><\/td><td>&#8211; : &#8211;<\/td><td><\/td><\/tr><tr><td>&#8211;<\/td><td><a href=\"https:\/\/sportsport.ba\/klub\/fk-klis\/79\">FK Klis<\/a><\/td><td>&#8211;<\/td><\/tr><\/tbody><\/table><\/figure>\n\n\n\n<p><br>Radio Ljubu\u0161ki<\/p>\n","protected":false},"excerpt":{"rendered":"<p>Nogometa\u0161i Ljubu\u0161kog su u 7. kolu Druge lige F BiH \u2013 skupina Jug na Babovcu odigrali 1:1 s tre\u0107eplasiranom mom\u010dadi Rame.Iako su doma\u0107ini kroz cijelu utakmicu dominirali i stvarali prilike gosti su poveli u 60. minuti golom Maria Budimira.Ljubu\u0161ki je izjedna\u010dio u 75. minuti golom Marka \u010culjka. Ljubu\u0161ki nakon sedam odigranih kola zauzima 10. mjesto [&hellip;]<\/p>\n","protected":false},"author":2,"featured_media":196063,"comment_status":"closed","ping_status":"closed","sticky":false,"template":"","format":"standard","meta":{"h5ap_radio_sources":[],"footnotes":""},"categories":[28,7],"tags":[],"class_list":["post-196061","post","type-post","status-publish","format-standard","has-post-thumbnail","hentry","category-novosti","category-sport"],"yoast_head":"<!-- This site is optimized with the Yoast SEO plugin v27.5 - https:\/\/yoast.com\/product\/yoast-seo-wordpress\/ -->\n<title>Drugi uzastopni remi nogometa\u0161a Ljubu\u0161kog, Rama odnijela bod s Babovca - RADIO LJUBU\u0160KI<\/title>\n<meta name=\"robots\" content=\"index, follow, max-snippet:-1, max-image-preview:large, max-video-preview:-1\" \/>\n<link rel=\"canonical\" href=\"https:\/\/radioljubuski.ba\/index.php\/2023\/10\/02\/drugi-uzastopni-remi-nogometasa-ljubuskog-rama-odnijela-bod-s-babovca\/\" \/>\n<meta property=\"og:locale\" content=\"hr_HR\" \/>\n<meta property=\"og:type\" content=\"article\" \/>\n<meta property=\"og:title\" content=\"Drugi uzastopni remi nogometa\u0161a Ljubu\u0161kog, Rama odnijela bod s Babovca - RADIO LJUBU\u0160KI\" \/>\n<meta property=\"og:description\" content=\"Nogometa\u0161i Ljubu\u0161kog su u 7. kolu Druge lige F BiH \u2013 skupina Jug na Babovcu odigrali 1:1 s tre\u0107eplasiranom mom\u010dadi Rame.Iako su doma\u0107ini kroz cijelu utakmicu dominirali i stvarali prilike gosti su poveli u 60. minuti golom Maria Budimira.Ljubu\u0161ki je izjedna\u010dio u 75. minuti golom Marka \u010culjka. Ljubu\u0161ki nakon sedam odigranih kola zauzima 10. mjesto [&hellip;]\" \/>\n<meta property=\"og:url\" content=\"https:\/\/radioljubuski.ba\/index.php\/2023\/10\/02\/drugi-uzastopni-remi-nogometasa-ljubuskog-rama-odnijela-bod-s-babovca\/\" \/>\n<meta property=\"og:site_name\" content=\"RADIO LJUBU\u0160KI\" \/>\n<meta property=\"article:publisher\" content=\"https:\/\/www.facebook.com\/Radiio-Ljubuski-1490835324566332\" \/>\n<meta property=\"article:published_time\" content=\"2023-10-02T10:22:54+00:00\" \/>\n<meta property=\"article:modified_time\" content=\"2023-10-09T09:37:44+00:00\" \/>\n<meta property=\"og:image\" content=\"https:\/\/radioljubuski.ba\/wp-content\/uploads\/2023\/10\/Snimka-zaslona-2023-10-02-122206.png\" \/>\n\t<meta property=\"og:image:width\" content=\"541\" \/>\n\t<meta property=\"og:image:height\" content=\"211\" \/>\n\t<meta property=\"og:image:type\" content=\"image\/png\" \/>\n<meta name=\"author\" content=\"Radio Ljubu\u0161ki\" \/>\n<meta name=\"twitter:card\" content=\"summary_large_image\" \/>\n<meta name=\"twitter:creator\" content=\"@radioljubuski\" \/>\n<meta name=\"twitter:site\" content=\"@radioljubuski\" \/>\n<meta name=\"twitter:label1\" content=\"Napisao\/la\" \/>\n\t<meta name=\"twitter:data1\" content=\"Radio Ljubu\u0161ki\" \/>\n\t<meta name=\"twitter:label2\" content=\"Procijenjeno vrijeme \u010ditanja\" \/>\n\t<meta name=\"twitter:data2\" content=\"5 minuta\" \/>\n<script type=\"application\/ld+json\" class=\"yoast-schema-graph\">{\"@context\":\"https:\\\/\\\/schema.org\",\"@graph\":[{\"@type\":\"Article\",\"@id\":\"https:\\\/\\\/radioljubuski.ba\\\/index.php\\\/2023\\\/10\\\/02\\\/drugi-uzastopni-remi-nogometasa-ljubuskog-rama-odnijela-bod-s-babovca\\\/#article\",\"isPartOf\":{\"@id\":\"https:\\\/\\\/radioljubuski.ba\\\/index.php\\\/2023\\\/10\\\/02\\\/drugi-uzastopni-remi-nogometasa-ljubuskog-rama-odnijela-bod-s-babovca\\\/\"},\"author\":{\"name\":\"Radio Ljubu\u0161ki\",\"@id\":\"https:\\\/\\\/radioljubuski.ba\\\/#\\\/schema\\\/person\\\/19fc700381a780f69665d7956c469e3b\"},\"headline\":\"Drugi uzastopni remi nogometa\u0161a Ljubu\u0161kog, Rama odnijela bod s Babovca\",\"datePublished\":\"2023-10-02T10:22:54+00:00\",\"dateModified\":\"2023-10-09T09:37:44+00:00\",\"mainEntityOfPage\":{\"@id\":\"https:\\\/\\\/radioljubuski.ba\\\/index.php\\\/2023\\\/10\\\/02\\\/drugi-uzastopni-remi-nogometasa-ljubuskog-rama-odnijela-bod-s-babovca\\\/\"},\"wordCount\":370,\"publisher\":{\"@id\":\"https:\\\/\\\/radioljubuski.ba\\\/#organization\"},\"image\":{\"@id\":\"https:\\\/\\\/radioljubuski.ba\\\/index.php\\\/2023\\\/10\\\/02\\\/drugi-uzastopni-remi-nogometasa-ljubuskog-rama-odnijela-bod-s-babovca\\\/#primaryimage\"},\"thumbnailUrl\":\"https:\\\/\\\/radioljubuski.ba\\\/wp-content\\\/uploads\\\/2023\\\/10\\\/Snimka-zaslona-2023-10-02-122206.png\",\"articleSection\":[\"Novosti\",\"\u0160port\"],\"inLanguage\":\"hr\"},{\"@type\":\"WebPage\",\"@id\":\"https:\\\/\\\/radioljubuski.ba\\\/index.php\\\/2023\\\/10\\\/02\\\/drugi-uzastopni-remi-nogometasa-ljubuskog-rama-odnijela-bod-s-babovca\\\/\",\"url\":\"https:\\\/\\\/radioljubuski.ba\\\/index.php\\\/2023\\\/10\\\/02\\\/drugi-uzastopni-remi-nogometasa-ljubuskog-rama-odnijela-bod-s-babovca\\\/\",\"name\":\"Drugi uzastopni remi nogometa\u0161a Ljubu\u0161kog, Rama odnijela bod s Babovca - RADIO LJUBU\u0160KI\",\"isPartOf\":{\"@id\":\"https:\\\/\\\/radioljubuski.ba\\\/#website\"},\"primaryImageOfPage\":{\"@id\":\"https:\\\/\\\/radioljubuski.ba\\\/index.php\\\/2023\\\/10\\\/02\\\/drugi-uzastopni-remi-nogometasa-ljubuskog-rama-odnijela-bod-s-babovca\\\/#primaryimage\"},\"image\":{\"@id\":\"https:\\\/\\\/radioljubuski.ba\\\/index.php\\\/2023\\\/10\\\/02\\\/drugi-uzastopni-remi-nogometasa-ljubuskog-rama-odnijela-bod-s-babovca\\\/#primaryimage\"},\"thumbnailUrl\":\"https:\\\/\\\/radioljubuski.ba\\\/wp-content\\\/uploads\\\/2023\\\/10\\\/Snimka-zaslona-2023-10-02-122206.png\",\"datePublished\":\"2023-10-02T10:22:54+00:00\",\"dateModified\":\"2023-10-09T09:37:44+00:00\",\"breadcrumb\":{\"@id\":\"https:\\\/\\\/radioljubuski.ba\\\/index.php\\\/2023\\\/10\\\/02\\\/drugi-uzastopni-remi-nogometasa-ljubuskog-rama-odnijela-bod-s-babovca\\\/#breadcrumb\"},\"inLanguage\":\"hr\",\"potentialAction\":[{\"@type\":\"ReadAction\",\"target\":[\"https:\\\/\\\/radioljubuski.ba\\\/index.php\\\/2023\\\/10\\\/02\\\/drugi-uzastopni-remi-nogometasa-ljubuskog-rama-odnijela-bod-s-babovca\\\/\"]}]},{\"@type\":\"ImageObject\",\"inLanguage\":\"hr\",\"@id\":\"https:\\\/\\\/radioljubuski.ba\\\/index.php\\\/2023\\\/10\\\/02\\\/drugi-uzastopni-remi-nogometasa-ljubuskog-rama-odnijela-bod-s-babovca\\\/#primaryimage\",\"url\":\"https:\\\/\\\/radioljubuski.ba\\\/wp-content\\\/uploads\\\/2023\\\/10\\\/Snimka-zaslona-2023-10-02-122206.png\",\"contentUrl\":\"https:\\\/\\\/radioljubuski.ba\\\/wp-content\\\/uploads\\\/2023\\\/10\\\/Snimka-zaslona-2023-10-02-122206.png\",\"width\":541,\"height\":211},{\"@type\":\"BreadcrumbList\",\"@id\":\"https:\\\/\\\/radioljubuski.ba\\\/index.php\\\/2023\\\/10\\\/02\\\/drugi-uzastopni-remi-nogometasa-ljubuskog-rama-odnijela-bod-s-babovca\\\/#breadcrumb\",\"itemListElement\":[{\"@type\":\"ListItem\",\"position\":1,\"name\":\"Po\u010detna stranica\",\"item\":\"https:\\\/\\\/radioljubuski.ba\\\/\"},{\"@type\":\"ListItem\",\"position\":2,\"name\":\"Drugi uzastopni remi nogometa\u0161a Ljubu\u0161kog, Rama odnijela bod s Babovca\"}]},{\"@type\":\"WebSite\",\"@id\":\"https:\\\/\\\/radioljubuski.ba\\\/#website\",\"url\":\"https:\\\/\\\/radioljubuski.ba\\\/\",\"name\":\"Radio Ljubu\u0161ki\",\"description\":\"Sun\u010dana frekvencija Hercegovine\",\"publisher\":{\"@id\":\"https:\\\/\\\/radioljubuski.ba\\\/#organization\"},\"potentialAction\":[{\"@type\":\"SearchAction\",\"target\":{\"@type\":\"EntryPoint\",\"urlTemplate\":\"https:\\\/\\\/radioljubuski.ba\\\/?s={search_term_string}\"},\"query-input\":{\"@type\":\"PropertyValueSpecification\",\"valueRequired\":true,\"valueName\":\"search_term_string\"}}],\"inLanguage\":\"hr\"},{\"@type\":\"Organization\",\"@id\":\"https:\\\/\\\/radioljubuski.ba\\\/#organization\",\"name\":\"Radio Ljubu\u0161ki\",\"url\":\"https:\\\/\\\/radioljubuski.ba\\\/\",\"logo\":{\"@type\":\"ImageObject\",\"inLanguage\":\"hr\",\"@id\":\"https:\\\/\\\/radioljubuski.ba\\\/#\\\/schema\\\/logo\\\/image\\\/\",\"url\":\"https:\\\/\\\/radioljubuski.ba\\\/wp-content\\\/uploads\\\/2021\\\/02\\\/cropped-Radio_Ljubuski_logo1.jpg\",\"contentUrl\":\"https:\\\/\\\/radioljubuski.ba\\\/wp-content\\\/uploads\\\/2021\\\/02\\\/cropped-Radio_Ljubuski_logo1.jpg\",\"width\":512,\"height\":512,\"caption\":\"Radio Ljubu\u0161ki\"},\"image\":{\"@id\":\"https:\\\/\\\/radioljubuski.ba\\\/#\\\/schema\\\/logo\\\/image\\\/\"},\"sameAs\":[\"https:\\\/\\\/www.facebook.com\\\/Radiio-Ljubuski-1490835324566332\",\"https:\\\/\\\/x.com\\\/radioljubuski\",\"https:\\\/\\\/hr.linkedin.com\\\/company\\\/radio-ljubuski\",\"https:\\\/\\\/www.youtube.com\\\/channel\\\/UCHYaeO_n0Db3tjNGudGpXyw\"]},{\"@type\":\"Person\",\"@id\":\"https:\\\/\\\/radioljubuski.ba\\\/#\\\/schema\\\/person\\\/19fc700381a780f69665d7956c469e3b\",\"name\":\"Radio Ljubu\u0161ki\"}]}<\/script>\n<!-- \/ Yoast SEO plugin. -->","yoast_head_json":{"title":"Drugi uzastopni remi nogometa\u0161a Ljubu\u0161kog, Rama odnijela bod s Babovca - RADIO LJUBU\u0160KI","robots":{"index":"index","follow":"follow","max-snippet":"max-snippet:-1","max-image-preview":"max-image-preview:large","max-video-preview":"max-video-preview:-1"},"canonical":"https:\/\/radioljubuski.ba\/index.php\/2023\/10\/02\/drugi-uzastopni-remi-nogometasa-ljubuskog-rama-odnijela-bod-s-babovca\/","og_locale":"hr_HR","og_type":"article","og_title":"Drugi uzastopni remi nogometa\u0161a Ljubu\u0161kog, Rama odnijela bod s Babovca - RADIO LJUBU\u0160KI","og_description":"Nogometa\u0161i Ljubu\u0161kog su u 7. kolu Druge lige F BiH \u2013 skupina Jug na Babovcu odigrali 1:1 s tre\u0107eplasiranom mom\u010dadi Rame.Iako su doma\u0107ini kroz cijelu utakmicu dominirali i stvarali prilike gosti su poveli u 60. minuti golom Maria Budimira.Ljubu\u0161ki je izjedna\u010dio u 75. minuti golom Marka \u010culjka. Ljubu\u0161ki nakon sedam odigranih kola zauzima 10. mjesto [&hellip;]","og_url":"https:\/\/radioljubuski.ba\/index.php\/2023\/10\/02\/drugi-uzastopni-remi-nogometasa-ljubuskog-rama-odnijela-bod-s-babovca\/","og_site_name":"RADIO LJUBU\u0160KI","article_publisher":"https:\/\/www.facebook.com\/Radiio-Ljubuski-1490835324566332","article_published_time":"2023-10-02T10:22:54+00:00","article_modified_time":"2023-10-09T09:37:44+00:00","og_image":[{"width":541,"height":211,"url":"https:\/\/radioljubuski.ba\/wp-content\/uploads\/2023\/10\/Snimka-zaslona-2023-10-02-122206.png","type":"image\/png"}],"author":"Radio Ljubu\u0161ki","twitter_card":"summary_large_image","twitter_creator":"@radioljubuski","twitter_site":"@radioljubuski","twitter_misc":{"Napisao\/la":"Radio Ljubu\u0161ki","Procijenjeno vrijeme \u010ditanja":"5 minuta"},"schema":{"@context":"https:\/\/schema.org","@graph":[{"@type":"Article","@id":"https:\/\/radioljubuski.ba\/index.php\/2023\/10\/02\/drugi-uzastopni-remi-nogometasa-ljubuskog-rama-odnijela-bod-s-babovca\/#article","isPartOf":{"@id":"https:\/\/radioljubuski.ba\/index.php\/2023\/10\/02\/drugi-uzastopni-remi-nogometasa-ljubuskog-rama-odnijela-bod-s-babovca\/"},"author":{"name":"Radio Ljubu\u0161ki","@id":"https:\/\/radioljubuski.ba\/#\/schema\/person\/19fc700381a780f69665d7956c469e3b"},"headline":"Drugi uzastopni remi nogometa\u0161a Ljubu\u0161kog, Rama odnijela bod s Babovca","datePublished":"2023-10-02T10:22:54+00:00","dateModified":"2023-10-09T09:37:44+00:00","mainEntityOfPage":{"@id":"https:\/\/radioljubuski.ba\/index.php\/2023\/10\/02\/drugi-uzastopni-remi-nogometasa-ljubuskog-rama-odnijela-bod-s-babovca\/"},"wordCount":370,"publisher":{"@id":"https:\/\/radioljubuski.ba\/#organization"},"image":{"@id":"https:\/\/radioljubuski.ba\/index.php\/2023\/10\/02\/drugi-uzastopni-remi-nogometasa-ljubuskog-rama-odnijela-bod-s-babovca\/#primaryimage"},"thumbnailUrl":"https:\/\/radioljubuski.ba\/wp-content\/uploads\/2023\/10\/Snimka-zaslona-2023-10-02-122206.png","articleSection":["Novosti","\u0160port"],"inLanguage":"hr"},{"@type":"WebPage","@id":"https:\/\/radioljubuski.ba\/index.php\/2023\/10\/02\/drugi-uzastopni-remi-nogometasa-ljubuskog-rama-odnijela-bod-s-babovca\/","url":"https:\/\/radioljubuski.ba\/index.php\/2023\/10\/02\/drugi-uzastopni-remi-nogometasa-ljubuskog-rama-odnijela-bod-s-babovca\/","name":"Drugi uzastopni remi nogometa\u0161a Ljubu\u0161kog, Rama odnijela bod s Babovca - RADIO LJUBU\u0160KI","isPartOf":{"@id":"https:\/\/radioljubuski.ba\/#website"},"primaryImageOfPage":{"@id":"https:\/\/radioljubuski.ba\/index.php\/2023\/10\/02\/drugi-uzastopni-remi-nogometasa-ljubuskog-rama-odnijela-bod-s-babovca\/#primaryimage"},"image":{"@id":"https:\/\/radioljubuski.ba\/index.php\/2023\/10\/02\/drugi-uzastopni-remi-nogometasa-ljubuskog-rama-odnijela-bod-s-babovca\/#primaryimage"},"thumbnailUrl":"https:\/\/radioljubuski.ba\/wp-content\/uploads\/2023\/10\/Snimka-zaslona-2023-10-02-122206.png","datePublished":"2023-10-02T10:22:54+00:00","dateModified":"2023-10-09T09:37:44+00:00","breadcrumb":{"@id":"https:\/\/radioljubuski.ba\/index.php\/2023\/10\/02\/drugi-uzastopni-remi-nogometasa-ljubuskog-rama-odnijela-bod-s-babovca\/#breadcrumb"},"inLanguage":"hr","potentialAction":[{"@type":"ReadAction","target":["https:\/\/radioljubuski.ba\/index.php\/2023\/10\/02\/drugi-uzastopni-remi-nogometasa-ljubuskog-rama-odnijela-bod-s-babovca\/"]}]},{"@type":"ImageObject","inLanguage":"hr","@id":"https:\/\/radioljubuski.ba\/index.php\/2023\/10\/02\/drugi-uzastopni-remi-nogometasa-ljubuskog-rama-odnijela-bod-s-babovca\/#primaryimage","url":"https:\/\/radioljubuski.ba\/wp-content\/uploads\/2023\/10\/Snimka-zaslona-2023-10-02-122206.png","contentUrl":"https:\/\/radioljubuski.ba\/wp-content\/uploads\/2023\/10\/Snimka-zaslona-2023-10-02-122206.png","width":541,"height":211},{"@type":"BreadcrumbList","@id":"https:\/\/radioljubuski.ba\/index.php\/2023\/10\/02\/drugi-uzastopni-remi-nogometasa-ljubuskog-rama-odnijela-bod-s-babovca\/#breadcrumb","itemListElement":[{"@type":"ListItem","position":1,"name":"Po\u010detna stranica","item":"https:\/\/radioljubuski.ba\/"},{"@type":"ListItem","position":2,"name":"Drugi uzastopni remi nogometa\u0161a Ljubu\u0161kog, Rama odnijela bod s Babovca"}]},{"@type":"WebSite","@id":"https:\/\/radioljubuski.ba\/#website","url":"https:\/\/radioljubuski.ba\/","name":"Radio Ljubu\u0161ki","description":"Sun\u010dana frekvencija Hercegovine","publisher":{"@id":"https:\/\/radioljubuski.ba\/#organization"},"potentialAction":[{"@type":"SearchAction","target":{"@type":"EntryPoint","urlTemplate":"https:\/\/radioljubuski.ba\/?s={search_term_string}"},"query-input":{"@type":"PropertyValueSpecification","valueRequired":true,"valueName":"search_term_string"}}],"inLanguage":"hr"},{"@type":"Organization","@id":"https:\/\/radioljubuski.ba\/#organization","name":"Radio Ljubu\u0161ki","url":"https:\/\/radioljubuski.ba\/","logo":{"@type":"ImageObject","inLanguage":"hr","@id":"https:\/\/radioljubuski.ba\/#\/schema\/logo\/image\/","url":"https:\/\/radioljubuski.ba\/wp-content\/uploads\/2021\/02\/cropped-Radio_Ljubuski_logo1.jpg","contentUrl":"https:\/\/radioljubuski.ba\/wp-content\/uploads\/2021\/02\/cropped-Radio_Ljubuski_logo1.jpg","width":512,"height":512,"caption":"Radio Ljubu\u0161ki"},"image":{"@id":"https:\/\/radioljubuski.ba\/#\/schema\/logo\/image\/"},"sameAs":["https:\/\/www.facebook.com\/Radiio-Ljubuski-1490835324566332","https:\/\/x.com\/radioljubuski","https:\/\/hr.linkedin.com\/company\/radio-ljubuski","https:\/\/www.youtube.com\/channel\/UCHYaeO_n0Db3tjNGudGpXyw"]},{"@type":"Person","@id":"https:\/\/radioljubuski.ba\/#\/schema\/person\/19fc700381a780f69665d7956c469e3b","name":"Radio Ljubu\u0161ki"}]}},"_links":{"self":[{"href":"https:\/\/radioljubuski.ba\/index.php\/wp-json\/wp\/v2\/posts\/196061","targetHints":{"allow":["GET"]}}],"collection":[{"href":"https:\/\/radioljubuski.ba\/index.php\/wp-json\/wp\/v2\/posts"}],"about":[{"href":"https:\/\/radioljubuski.ba\/index.php\/wp-json\/wp\/v2\/types\/post"}],"author":[{"embeddable":true,"href":"https:\/\/radioljubuski.ba\/index.php\/wp-json\/wp\/v2\/users\/2"}],"replies":[{"embeddable":true,"href":"https:\/\/radioljubuski.ba\/index.php\/wp-json\/wp\/v2\/comments?post=196061"}],"version-history":[{"count":1,"href":"https:\/\/radioljubuski.ba\/index.php\/wp-json\/wp\/v2\/posts\/196061\/revisions"}],"predecessor-version":[{"id":196064,"href":"https:\/\/radioljubuski.ba\/index.php\/wp-json\/wp\/v2\/posts\/196061\/revisions\/196064"}],"wp:featuredmedia":[{"embeddable":true,"href":"https:\/\/radioljubuski.ba\/index.php\/wp-json\/wp\/v2\/media\/196063"}],"wp:attachment":[{"href":"https:\/\/radioljubuski.ba\/index.php\/wp-json\/wp\/v2\/media?parent=196061"}],"wp:term":[{"taxonomy":"category","embeddable":true,"href":"https:\/\/radioljubuski.ba\/index.php\/wp-json\/wp\/v2\/categories?post=196061"},{"taxonomy":"post_tag","embeddable":true,"href":"https:\/\/radioljubuski.ba\/index.php\/wp-json\/wp\/v2\/tags?post=196061"}],"curies":[{"name":"wp","href":"https:\/\/api.w.org\/{rel}","templated":true}]}}