{"id":196096,"date":"2023-10-04T07:01:21","date_gmt":"2023-10-04T06:01:21","guid":{"rendered":"https:\/\/radioljubuski.ba\/?p=196096"},"modified":"2023-10-04T07:01:22","modified_gmt":"2023-10-04T06:01:22","slug":"jos-jedna-odlicna-generacija-skauta-uskoro-na-velikom-testu","status":"publish","type":"post","link":"https:\/\/radioljubuski.ba\/index.php\/2023\/10\/04\/jos-jedna-odlicna-generacija-skauta-uskoro-na-velikom-testu\/","title":{"rendered":"Jo\u0161 jedna odli\u010dna generacija Skauta uskoro na velikom testu"},"content":{"rendered":"\n<p>Sljede\u0107eg vikenda \u0107e rukometni premijerliga\u0161i kona\u010dno do\u010dekati start prvenstva Premijer lige u kojoj \u0107e titulu prvaka braniti ljubu\u0161ki Izvi\u0111a\u010d.<\/p>\n\n\n\n<p>Ljubu\u0161aci su kao i svi ostali imali produ\u017eene pripreme u kojima su odigrali trinaest test utakmica, a sad ih o\u010dekuje prvenstvo plus izazov sezone \u2013 grupna faza natjecanja u Europskoj ligi. To je prvi put poslije 2012. godine da jedan bosanskohercegova\u010dki klub nastupa u grupnoj fazi europskog rukometnog natjecanja, i to poslije sarajevske Bosne koja je tad nastupala u grupnoj fazi Lige prvaka.<\/p>\n\n\n\n<p>Ovo je izazov koji svakako posebno zaokuplja mlade igra\u010de Izvi\u0111a\u010da koji \u0107e kroz \u0161est utakmica ste\u0107i vrlo vrijedno iskustvo. Na\u017ealost, a zahvaljuju\u0107i neu\u010dinkovitosti rada Upravnog odbora RS-a BiH, prije ovih utakmica \u0107e vjerojatno imati samo jedan natjecateljski me\u010d, i to 7. kolovoza u 1. kolu prvenstva protiv&nbsp;<strong>Maglaja<\/strong>. Tjedan kasnije bi trebali igrati s&nbsp;<strong>Vogo\u0161\u0107om<\/strong>, ali se o\u010dekuje da \u0107e i ovaj susret biti pomjeren zbog obveza protivnika u Europi.<\/p>\n\n\n\n<p>Tako bi Skauti na prvi me\u010d, odnosno gostovanje Dinamu u Bukure\u0161tu, mogli putovati s jednom natjecateljskom utakmicom i dugim pripremama iza sebe koje su po\u010deli jo\u0161 24. srpnja.<br>Njihovi protivnici u skupini G su&nbsp;<strong>Fuchse Berlin<\/strong>,&nbsp;<strong>Chambery<\/strong>&nbsp;i&nbsp;<strong>Dinamo Bukure\u0161t<\/strong>.<\/p>\n\n\n\n<figure class=\"wp-block-image\"><img decoding=\"async\" src=\"https:\/\/www.izvidjac.com\/wp-content\/uploads\/2023\/08\/Raspored-EHF-Leguage3-576x1024.png\" alt=\"\" class=\"wp-image-11403\"\/><\/figure>\n\n\n\n<p><strong><em>Imamo priliku kakvu nitko u Ljubu\u0161kom nije imao 20 godina, imamo priliku kakvu nitko iz BiH nije imao od 2012. godine kad je Bosna igrala grupnu fazu Lige prvaka. \u010cetiri godine smo se stepenicu po stepenicu dizali za ovo<\/em><\/strong>, rekao je trener Izvi\u0111a\u010da Toni \u010colina i dodao:<\/p>\n\n\n\n<p><strong><em>Sve je podre\u0111eno tome da izgledamo bolje nego smo pro\u0161le sezone. Ako smo uspjeli zadr\u017eati kostur najboljih igra\u010da \u010detvrtu godinu, zna\u010di da maksimalno ozbiljno shva\u0107amo priliku koju smo zaslu\u017eili svojim rezultatima. Svi igra\u010di su odu\u0161evljeni i sretni da \u0107emo izravno igrati grupnu fazu.<\/em><\/strong><\/p>\n\n\n\n<p>Prvo kolo se igra se 17. listopada, dok su preostali termini 24. listopada, 14. studenog, 21. studenog, 28. studenog i 5. prosinca. Prvi i drugi iz svake skupine idu u glavnu fazu, gdje se formiraju nove skupine uz preno\u0161enje bodova.<\/p>\n\n\n\n<p>Pavlovi\u0107: Vidjet \u0107emo gdje smo<\/p>\n\n\n\n<p>Za neke od velikog broja talentiranih igra\u010da Izvi\u0111a\u010da prilika da igraju u EHF Europskoj ligi mo\u017ee biti klju\u010dnih oko mjesec i pol dana u njihovim karijerama.<\/p>\n\n\n\n<p><em><strong>Drago mi je jer \u0107emo vidjeti gdje smo u odnosu na takve ekipe. Ova mlada mom\u010dad mo\u017ee puno kvalitetnih stvari napraviti, izjavio je novi kapetan Izvi\u0111a\u010da i pro\u0161le sezone najbolji igra\u010d Premijer lige<\/strong><\/em>, Ivano Pavlovi\u0107.<\/p>\n\n\n\n<figure class=\"wp-block-image\"><img decoding=\"async\" src=\"https:\/\/www.izvidjac.com\/wp-content\/uploads\/2023\/10\/Ivano-Pavlovic-1024x785.jpg\" alt=\"\" class=\"wp-image-11559\"\/><\/figure>\n\n\n\n<p><strong>Hod\u017ei\u0107: Ne\u0107e biti lako u Ljubu\u0161kom<\/strong><\/p>\n\n\n\n<p>O Izvi\u0111a\u010du kao protivniku je za Dnevni list ranije govorio i bh. reprezentativac na golu Chamberyja, Harun Hod\u017ei\u0107.<\/p>\n\n\n\n<p><em><strong>Nikad nisam imao priliku da igram protiv Izvi\u0111a\u010da kao senior, a drago mi je da ekipa iz BiH ima predstavnika na toj razini. Francuska ima samo dva predstavnika, pa da BiH ima jednog, to je stvarno dobra stvar za mlade igra\u010de koji \u0107e imati \u0161ansu da budu vi\u0111eni. Naravno da mi je drago da igram u BiH sa svojom ekipom<\/strong><\/em>, istakao je Hod\u017ei\u0107, napomenuv\u0161i da su Skauti ipak autsajderi u ovoj konkurenciji:<\/p>\n\n\n\n<p><strong><em>S obzirom da dolaze iz BiH sigurno da su autsajderi. Jedan igra\u010d Dinama zaradi bud\u017eet Ljubu\u0161kog u godinu dana. Nerealno je o\u010dekivati da budu prvi u grupi, ali igrat \u0107e jednu ulogu koju mogu, a to je da nitko ne\u0107e lako odnijeti bodove iz Ljubu\u0161kog. Morat \u0107emo biti maksimalno ozbiljni, jer su to momci koji su \u017eeljni dokazivanja i igranja<\/em><\/strong>, kazao je Hod\u017ei\u0107.<\/p>\n\n\n\n<figure class=\"wp-block-image\"><img decoding=\"async\" src=\"https:\/\/www.izvidjac.com\/wp-content\/uploads\/2023\/10\/hodzic-1024x683-1.jpg\" alt=\"\" class=\"wp-image-11561\"\/><\/figure>\n\n\n\n<p><strong>Pi\u0161e: Ersan Bijedi\u0107<\/strong><\/p>\n\n\n\n<p>mostar@dnevni-list.ba<\/p>\n","protected":false},"excerpt":{"rendered":"<p>Sljede\u0107eg vikenda \u0107e rukometni premijerliga\u0161i kona\u010dno do\u010dekati start prvenstva Premijer lige u kojoj \u0107e titulu prvaka braniti ljubu\u0161ki Izvi\u0111a\u010d. Ljubu\u0161aci su kao i svi ostali imali produ\u017eene pripreme u kojima su odigrali trinaest test utakmica, a sad ih o\u010dekuje prvenstvo plus izazov sezone \u2013 grupna faza natjecanja u Europskoj ligi. To je prvi put poslije [&hellip;]<\/p>\n","protected":false},"author":2,"featured_media":196097,"comment_status":"closed","ping_status":"closed","sticky":false,"template":"","format":"standard","meta":{"h5ap_radio_sources":[],"footnotes":""},"categories":[7],"tags":[],"class_list":["post-196096","post","type-post","status-publish","format-standard","has-post-thumbnail","hentry","category-sport"],"yoast_head":"<!-- This site is optimized with the Yoast SEO plugin v27.4 - https:\/\/yoast.com\/product\/yoast-seo-wordpress\/ -->\n<title>Jo\u0161 jedna odli\u010dna generacija Skauta uskoro na velikom testu - RADIO LJUBU\u0160KI<\/title>\n<meta name=\"robots\" content=\"index, follow, max-snippet:-1, max-image-preview:large, max-video-preview:-1\" \/>\n<link rel=\"canonical\" href=\"https:\/\/radioljubuski.ba\/index.php\/2023\/10\/04\/jos-jedna-odlicna-generacija-skauta-uskoro-na-velikom-testu\/\" \/>\n<meta property=\"og:locale\" content=\"hr_HR\" \/>\n<meta property=\"og:type\" content=\"article\" \/>\n<meta property=\"og:title\" content=\"Jo\u0161 jedna odli\u010dna generacija Skauta uskoro na velikom testu - RADIO LJUBU\u0160KI\" \/>\n<meta property=\"og:description\" content=\"Sljede\u0107eg vikenda \u0107e rukometni premijerliga\u0161i kona\u010dno do\u010dekati start prvenstva Premijer lige u kojoj \u0107e titulu prvaka braniti ljubu\u0161ki Izvi\u0111a\u010d. Ljubu\u0161aci su kao i svi ostali imali produ\u017eene pripreme u kojima su odigrali trinaest test utakmica, a sad ih o\u010dekuje prvenstvo plus izazov sezone \u2013 grupna faza natjecanja u Europskoj ligi. To je prvi put poslije [&hellip;]\" \/>\n<meta property=\"og:url\" content=\"https:\/\/radioljubuski.ba\/index.php\/2023\/10\/04\/jos-jedna-odlicna-generacija-skauta-uskoro-na-velikom-testu\/\" \/>\n<meta property=\"og:site_name\" content=\"RADIO LJUBU\u0160KI\" \/>\n<meta property=\"article:publisher\" content=\"https:\/\/www.facebook.com\/Radiio-Ljubuski-1490835324566332\" \/>\n<meta property=\"article:published_time\" content=\"2023-10-04T06:01:21+00:00\" \/>\n<meta property=\"article:modified_time\" content=\"2023-10-04T06:01:22+00:00\" \/>\n<meta property=\"og:image\" content=\"https:\/\/radioljubuski.ba\/wp-content\/uploads\/2023\/10\/Izvidjac_kravica_1600-1024x682-1.jpg\" \/>\n\t<meta property=\"og:image:width\" content=\"1024\" \/>\n\t<meta property=\"og:image:height\" content=\"682\" \/>\n\t<meta property=\"og:image:type\" content=\"image\/jpeg\" \/>\n<meta name=\"author\" content=\"Radio Ljubu\u0161ki\" \/>\n<meta name=\"twitter:card\" content=\"summary_large_image\" \/>\n<meta name=\"twitter:creator\" content=\"@radioljubuski\" \/>\n<meta name=\"twitter:site\" content=\"@radioljubuski\" \/>\n<meta name=\"twitter:label1\" content=\"Napisao\/la\" \/>\n\t<meta name=\"twitter:data1\" content=\"Radio Ljubu\u0161ki\" \/>\n\t<meta name=\"twitter:label2\" content=\"Procijenjeno vrijeme \u010ditanja\" \/>\n\t<meta name=\"twitter:data2\" content=\"4 minute\" \/>\n<script type=\"application\/ld+json\" class=\"yoast-schema-graph\">{\"@context\":\"https:\\\/\\\/schema.org\",\"@graph\":[{\"@type\":\"Article\",\"@id\":\"https:\\\/\\\/radioljubuski.ba\\\/index.php\\\/2023\\\/10\\\/04\\\/jos-jedna-odlicna-generacija-skauta-uskoro-na-velikom-testu\\\/#article\",\"isPartOf\":{\"@id\":\"https:\\\/\\\/radioljubuski.ba\\\/index.php\\\/2023\\\/10\\\/04\\\/jos-jedna-odlicna-generacija-skauta-uskoro-na-velikom-testu\\\/\"},\"author\":{\"name\":\"Radio Ljubu\u0161ki\",\"@id\":\"https:\\\/\\\/radioljubuski.ba\\\/#\\\/schema\\\/person\\\/19fc700381a780f69665d7956c469e3b\"},\"headline\":\"Jo\u0161 jedna odli\u010dna generacija Skauta uskoro na velikom testu\",\"datePublished\":\"2023-10-04T06:01:21+00:00\",\"dateModified\":\"2023-10-04T06:01:22+00:00\",\"mainEntityOfPage\":{\"@id\":\"https:\\\/\\\/radioljubuski.ba\\\/index.php\\\/2023\\\/10\\\/04\\\/jos-jedna-odlicna-generacija-skauta-uskoro-na-velikom-testu\\\/\"},\"wordCount\":620,\"publisher\":{\"@id\":\"https:\\\/\\\/radioljubuski.ba\\\/#organization\"},\"image\":{\"@id\":\"https:\\\/\\\/radioljubuski.ba\\\/index.php\\\/2023\\\/10\\\/04\\\/jos-jedna-odlicna-generacija-skauta-uskoro-na-velikom-testu\\\/#primaryimage\"},\"thumbnailUrl\":\"https:\\\/\\\/radioljubuski.ba\\\/wp-content\\\/uploads\\\/2023\\\/10\\\/Izvidjac_kravica_1600-1024x682-1.jpg\",\"articleSection\":[\"\u0160port\"],\"inLanguage\":\"hr\"},{\"@type\":\"WebPage\",\"@id\":\"https:\\\/\\\/radioljubuski.ba\\\/index.php\\\/2023\\\/10\\\/04\\\/jos-jedna-odlicna-generacija-skauta-uskoro-na-velikom-testu\\\/\",\"url\":\"https:\\\/\\\/radioljubuski.ba\\\/index.php\\\/2023\\\/10\\\/04\\\/jos-jedna-odlicna-generacija-skauta-uskoro-na-velikom-testu\\\/\",\"name\":\"Jo\u0161 jedna odli\u010dna generacija Skauta uskoro na velikom testu - RADIO LJUBU\u0160KI\",\"isPartOf\":{\"@id\":\"https:\\\/\\\/radioljubuski.ba\\\/#website\"},\"primaryImageOfPage\":{\"@id\":\"https:\\\/\\\/radioljubuski.ba\\\/index.php\\\/2023\\\/10\\\/04\\\/jos-jedna-odlicna-generacija-skauta-uskoro-na-velikom-testu\\\/#primaryimage\"},\"image\":{\"@id\":\"https:\\\/\\\/radioljubuski.ba\\\/index.php\\\/2023\\\/10\\\/04\\\/jos-jedna-odlicna-generacija-skauta-uskoro-na-velikom-testu\\\/#primaryimage\"},\"thumbnailUrl\":\"https:\\\/\\\/radioljubuski.ba\\\/wp-content\\\/uploads\\\/2023\\\/10\\\/Izvidjac_kravica_1600-1024x682-1.jpg\",\"datePublished\":\"2023-10-04T06:01:21+00:00\",\"dateModified\":\"2023-10-04T06:01:22+00:00\",\"breadcrumb\":{\"@id\":\"https:\\\/\\\/radioljubuski.ba\\\/index.php\\\/2023\\\/10\\\/04\\\/jos-jedna-odlicna-generacija-skauta-uskoro-na-velikom-testu\\\/#breadcrumb\"},\"inLanguage\":\"hr\",\"potentialAction\":[{\"@type\":\"ReadAction\",\"target\":[\"https:\\\/\\\/radioljubuski.ba\\\/index.php\\\/2023\\\/10\\\/04\\\/jos-jedna-odlicna-generacija-skauta-uskoro-na-velikom-testu\\\/\"]}]},{\"@type\":\"ImageObject\",\"inLanguage\":\"hr\",\"@id\":\"https:\\\/\\\/radioljubuski.ba\\\/index.php\\\/2023\\\/10\\\/04\\\/jos-jedna-odlicna-generacija-skauta-uskoro-na-velikom-testu\\\/#primaryimage\",\"url\":\"https:\\\/\\\/radioljubuski.ba\\\/wp-content\\\/uploads\\\/2023\\\/10\\\/Izvidjac_kravica_1600-1024x682-1.jpg\",\"contentUrl\":\"https:\\\/\\\/radioljubuski.ba\\\/wp-content\\\/uploads\\\/2023\\\/10\\\/Izvidjac_kravica_1600-1024x682-1.jpg\",\"width\":1024,\"height\":682},{\"@type\":\"BreadcrumbList\",\"@id\":\"https:\\\/\\\/radioljubuski.ba\\\/index.php\\\/2023\\\/10\\\/04\\\/jos-jedna-odlicna-generacija-skauta-uskoro-na-velikom-testu\\\/#breadcrumb\",\"itemListElement\":[{\"@type\":\"ListItem\",\"position\":1,\"name\":\"Po\u010detna stranica\",\"item\":\"https:\\\/\\\/radioljubuski.ba\\\/\"},{\"@type\":\"ListItem\",\"position\":2,\"name\":\"Jo\u0161 jedna odli\u010dna generacija Skauta uskoro na velikom testu\"}]},{\"@type\":\"WebSite\",\"@id\":\"https:\\\/\\\/radioljubuski.ba\\\/#website\",\"url\":\"https:\\\/\\\/radioljubuski.ba\\\/\",\"name\":\"Radio Ljubu\u0161ki\",\"description\":\"Sun\u010dana frekvencija Hercegovine\",\"publisher\":{\"@id\":\"https:\\\/\\\/radioljubuski.ba\\\/#organization\"},\"potentialAction\":[{\"@type\":\"SearchAction\",\"target\":{\"@type\":\"EntryPoint\",\"urlTemplate\":\"https:\\\/\\\/radioljubuski.ba\\\/?s={search_term_string}\"},\"query-input\":{\"@type\":\"PropertyValueSpecification\",\"valueRequired\":true,\"valueName\":\"search_term_string\"}}],\"inLanguage\":\"hr\"},{\"@type\":\"Organization\",\"@id\":\"https:\\\/\\\/radioljubuski.ba\\\/#organization\",\"name\":\"Radio Ljubu\u0161ki\",\"url\":\"https:\\\/\\\/radioljubuski.ba\\\/\",\"logo\":{\"@type\":\"ImageObject\",\"inLanguage\":\"hr\",\"@id\":\"https:\\\/\\\/radioljubuski.ba\\\/#\\\/schema\\\/logo\\\/image\\\/\",\"url\":\"https:\\\/\\\/radioljubuski.ba\\\/wp-content\\\/uploads\\\/2021\\\/02\\\/cropped-Radio_Ljubuski_logo1.jpg\",\"contentUrl\":\"https:\\\/\\\/radioljubuski.ba\\\/wp-content\\\/uploads\\\/2021\\\/02\\\/cropped-Radio_Ljubuski_logo1.jpg\",\"width\":512,\"height\":512,\"caption\":\"Radio Ljubu\u0161ki\"},\"image\":{\"@id\":\"https:\\\/\\\/radioljubuski.ba\\\/#\\\/schema\\\/logo\\\/image\\\/\"},\"sameAs\":[\"https:\\\/\\\/www.facebook.com\\\/Radiio-Ljubuski-1490835324566332\",\"https:\\\/\\\/x.com\\\/radioljubuski\",\"https:\\\/\\\/hr.linkedin.com\\\/company\\\/radio-ljubuski\",\"https:\\\/\\\/www.youtube.com\\\/channel\\\/UCHYaeO_n0Db3tjNGudGpXyw\"]},{\"@type\":\"Person\",\"@id\":\"https:\\\/\\\/radioljubuski.ba\\\/#\\\/schema\\\/person\\\/19fc700381a780f69665d7956c469e3b\",\"name\":\"Radio Ljubu\u0161ki\"}]}<\/script>\n<!-- \/ Yoast SEO plugin. -->","yoast_head_json":{"title":"Jo\u0161 jedna odli\u010dna generacija Skauta uskoro na velikom testu - RADIO LJUBU\u0160KI","robots":{"index":"index","follow":"follow","max-snippet":"max-snippet:-1","max-image-preview":"max-image-preview:large","max-video-preview":"max-video-preview:-1"},"canonical":"https:\/\/radioljubuski.ba\/index.php\/2023\/10\/04\/jos-jedna-odlicna-generacija-skauta-uskoro-na-velikom-testu\/","og_locale":"hr_HR","og_type":"article","og_title":"Jo\u0161 jedna odli\u010dna generacija Skauta uskoro na velikom testu - RADIO LJUBU\u0160KI","og_description":"Sljede\u0107eg vikenda \u0107e rukometni premijerliga\u0161i kona\u010dno do\u010dekati start prvenstva Premijer lige u kojoj \u0107e titulu prvaka braniti ljubu\u0161ki Izvi\u0111a\u010d. Ljubu\u0161aci su kao i svi ostali imali produ\u017eene pripreme u kojima su odigrali trinaest test utakmica, a sad ih o\u010dekuje prvenstvo plus izazov sezone \u2013 grupna faza natjecanja u Europskoj ligi. To je prvi put poslije [&hellip;]","og_url":"https:\/\/radioljubuski.ba\/index.php\/2023\/10\/04\/jos-jedna-odlicna-generacija-skauta-uskoro-na-velikom-testu\/","og_site_name":"RADIO LJUBU\u0160KI","article_publisher":"https:\/\/www.facebook.com\/Radiio-Ljubuski-1490835324566332","article_published_time":"2023-10-04T06:01:21+00:00","article_modified_time":"2023-10-04T06:01:22+00:00","og_image":[{"width":1024,"height":682,"url":"https:\/\/radioljubuski.ba\/wp-content\/uploads\/2023\/10\/Izvidjac_kravica_1600-1024x682-1.jpg","type":"image\/jpeg"}],"author":"Radio Ljubu\u0161ki","twitter_card":"summary_large_image","twitter_creator":"@radioljubuski","twitter_site":"@radioljubuski","twitter_misc":{"Napisao\/la":"Radio Ljubu\u0161ki","Procijenjeno vrijeme \u010ditanja":"4 minute"},"schema":{"@context":"https:\/\/schema.org","@graph":[{"@type":"Article","@id":"https:\/\/radioljubuski.ba\/index.php\/2023\/10\/04\/jos-jedna-odlicna-generacija-skauta-uskoro-na-velikom-testu\/#article","isPartOf":{"@id":"https:\/\/radioljubuski.ba\/index.php\/2023\/10\/04\/jos-jedna-odlicna-generacija-skauta-uskoro-na-velikom-testu\/"},"author":{"name":"Radio Ljubu\u0161ki","@id":"https:\/\/radioljubuski.ba\/#\/schema\/person\/19fc700381a780f69665d7956c469e3b"},"headline":"Jo\u0161 jedna odli\u010dna generacija Skauta uskoro na velikom testu","datePublished":"2023-10-04T06:01:21+00:00","dateModified":"2023-10-04T06:01:22+00:00","mainEntityOfPage":{"@id":"https:\/\/radioljubuski.ba\/index.php\/2023\/10\/04\/jos-jedna-odlicna-generacija-skauta-uskoro-na-velikom-testu\/"},"wordCount":620,"publisher":{"@id":"https:\/\/radioljubuski.ba\/#organization"},"image":{"@id":"https:\/\/radioljubuski.ba\/index.php\/2023\/10\/04\/jos-jedna-odlicna-generacija-skauta-uskoro-na-velikom-testu\/#primaryimage"},"thumbnailUrl":"https:\/\/radioljubuski.ba\/wp-content\/uploads\/2023\/10\/Izvidjac_kravica_1600-1024x682-1.jpg","articleSection":["\u0160port"],"inLanguage":"hr"},{"@type":"WebPage","@id":"https:\/\/radioljubuski.ba\/index.php\/2023\/10\/04\/jos-jedna-odlicna-generacija-skauta-uskoro-na-velikom-testu\/","url":"https:\/\/radioljubuski.ba\/index.php\/2023\/10\/04\/jos-jedna-odlicna-generacija-skauta-uskoro-na-velikom-testu\/","name":"Jo\u0161 jedna odli\u010dna generacija Skauta uskoro na velikom testu - RADIO LJUBU\u0160KI","isPartOf":{"@id":"https:\/\/radioljubuski.ba\/#website"},"primaryImageOfPage":{"@id":"https:\/\/radioljubuski.ba\/index.php\/2023\/10\/04\/jos-jedna-odlicna-generacija-skauta-uskoro-na-velikom-testu\/#primaryimage"},"image":{"@id":"https:\/\/radioljubuski.ba\/index.php\/2023\/10\/04\/jos-jedna-odlicna-generacija-skauta-uskoro-na-velikom-testu\/#primaryimage"},"thumbnailUrl":"https:\/\/radioljubuski.ba\/wp-content\/uploads\/2023\/10\/Izvidjac_kravica_1600-1024x682-1.jpg","datePublished":"2023-10-04T06:01:21+00:00","dateModified":"2023-10-04T06:01:22+00:00","breadcrumb":{"@id":"https:\/\/radioljubuski.ba\/index.php\/2023\/10\/04\/jos-jedna-odlicna-generacija-skauta-uskoro-na-velikom-testu\/#breadcrumb"},"inLanguage":"hr","potentialAction":[{"@type":"ReadAction","target":["https:\/\/radioljubuski.ba\/index.php\/2023\/10\/04\/jos-jedna-odlicna-generacija-skauta-uskoro-na-velikom-testu\/"]}]},{"@type":"ImageObject","inLanguage":"hr","@id":"https:\/\/radioljubuski.ba\/index.php\/2023\/10\/04\/jos-jedna-odlicna-generacija-skauta-uskoro-na-velikom-testu\/#primaryimage","url":"https:\/\/radioljubuski.ba\/wp-content\/uploads\/2023\/10\/Izvidjac_kravica_1600-1024x682-1.jpg","contentUrl":"https:\/\/radioljubuski.ba\/wp-content\/uploads\/2023\/10\/Izvidjac_kravica_1600-1024x682-1.jpg","width":1024,"height":682},{"@type":"BreadcrumbList","@id":"https:\/\/radioljubuski.ba\/index.php\/2023\/10\/04\/jos-jedna-odlicna-generacija-skauta-uskoro-na-velikom-testu\/#breadcrumb","itemListElement":[{"@type":"ListItem","position":1,"name":"Po\u010detna stranica","item":"https:\/\/radioljubuski.ba\/"},{"@type":"ListItem","position":2,"name":"Jo\u0161 jedna odli\u010dna generacija Skauta uskoro na velikom testu"}]},{"@type":"WebSite","@id":"https:\/\/radioljubuski.ba\/#website","url":"https:\/\/radioljubuski.ba\/","name":"Radio Ljubu\u0161ki","description":"Sun\u010dana frekvencija Hercegovine","publisher":{"@id":"https:\/\/radioljubuski.ba\/#organization"},"potentialAction":[{"@type":"SearchAction","target":{"@type":"EntryPoint","urlTemplate":"https:\/\/radioljubuski.ba\/?s={search_term_string}"},"query-input":{"@type":"PropertyValueSpecification","valueRequired":true,"valueName":"search_term_string"}}],"inLanguage":"hr"},{"@type":"Organization","@id":"https:\/\/radioljubuski.ba\/#organization","name":"Radio Ljubu\u0161ki","url":"https:\/\/radioljubuski.ba\/","logo":{"@type":"ImageObject","inLanguage":"hr","@id":"https:\/\/radioljubuski.ba\/#\/schema\/logo\/image\/","url":"https:\/\/radioljubuski.ba\/wp-content\/uploads\/2021\/02\/cropped-Radio_Ljubuski_logo1.jpg","contentUrl":"https:\/\/radioljubuski.ba\/wp-content\/uploads\/2021\/02\/cropped-Radio_Ljubuski_logo1.jpg","width":512,"height":512,"caption":"Radio Ljubu\u0161ki"},"image":{"@id":"https:\/\/radioljubuski.ba\/#\/schema\/logo\/image\/"},"sameAs":["https:\/\/www.facebook.com\/Radiio-Ljubuski-1490835324566332","https:\/\/x.com\/radioljubuski","https:\/\/hr.linkedin.com\/company\/radio-ljubuski","https:\/\/www.youtube.com\/channel\/UCHYaeO_n0Db3tjNGudGpXyw"]},{"@type":"Person","@id":"https:\/\/radioljubuski.ba\/#\/schema\/person\/19fc700381a780f69665d7956c469e3b","name":"Radio Ljubu\u0161ki"}]}},"_links":{"self":[{"href":"https:\/\/radioljubuski.ba\/index.php\/wp-json\/wp\/v2\/posts\/196096","targetHints":{"allow":["GET"]}}],"collection":[{"href":"https:\/\/radioljubuski.ba\/index.php\/wp-json\/wp\/v2\/posts"}],"about":[{"href":"https:\/\/radioljubuski.ba\/index.php\/wp-json\/wp\/v2\/types\/post"}],"author":[{"embeddable":true,"href":"https:\/\/radioljubuski.ba\/index.php\/wp-json\/wp\/v2\/users\/2"}],"replies":[{"embeddable":true,"href":"https:\/\/radioljubuski.ba\/index.php\/wp-json\/wp\/v2\/comments?post=196096"}],"version-history":[{"count":1,"href":"https:\/\/radioljubuski.ba\/index.php\/wp-json\/wp\/v2\/posts\/196096\/revisions"}],"predecessor-version":[{"id":196098,"href":"https:\/\/radioljubuski.ba\/index.php\/wp-json\/wp\/v2\/posts\/196096\/revisions\/196098"}],"wp:featuredmedia":[{"embeddable":true,"href":"https:\/\/radioljubuski.ba\/index.php\/wp-json\/wp\/v2\/media\/196097"}],"wp:attachment":[{"href":"https:\/\/radioljubuski.ba\/index.php\/wp-json\/wp\/v2\/media?parent=196096"}],"wp:term":[{"taxonomy":"category","embeddable":true,"href":"https:\/\/radioljubuski.ba\/index.php\/wp-json\/wp\/v2\/categories?post=196096"},{"taxonomy":"post_tag","embeddable":true,"href":"https:\/\/radioljubuski.ba\/index.php\/wp-json\/wp\/v2\/tags?post=196096"}],"curies":[{"name":"wp","href":"https:\/\/api.w.org\/{rel}","templated":true}]}}