{"id":19613,"date":"2021-05-08T21:54:05","date_gmt":"2021-05-08T20:54:05","guid":{"rendered":"https:\/\/radioljubuski.ba\/?p=19613"},"modified":"2021-05-08T21:54:07","modified_gmt":"2021-05-08T20:54:07","slug":"hajdukovic-hrvati-u-bih-su-neravnopravni-treba-mijenjati-izborni-zakon","status":"publish","type":"post","link":"https:\/\/radioljubuski.ba\/index.php\/2021\/05\/08\/hajdukovic-hrvati-u-bih-su-neravnopravni-treba-mijenjati-izborni-zakon\/","title":{"rendered":"Hajdukovi\u0107: Hrvati u BiH su neravnopravni, treba mijenjati Izborni zakon"},"content":{"rendered":"\n<p><strong>Hrvati su najmalobrojniji narod u BiH i samim time i najizlo\u017eeniji konstitutivni narod koji treba imati podr\u0161ku mati\u010dne dr\u017eave u rje\u0161avanju svog statusa kroz institucije i dogovor unutar BiH. Hrvati moraju biti ravnopravni i imati jasnu budu\u0107nost u BiH\u201c, rekao je Domagoj Hajdukovi\u0107, SDP-ov zastupnik u Hrvatskom saboru.<\/strong><\/p>\n\n\n\n<p>Hrvatski se parlamentarac osvrnuo i na famoznu aferu slovenskog non-papera \u0161to smatra ne\u010dijim poku\u0161ajem destabilizacije BiH, a mo\u017eda i \u010ditave regije.<\/p>\n\n\n\n<p>\u201cPrema onom \u0161to smo mogli vidjeti i \u010duti u medijima do sada, ne postoji nikakav \u2018non paper\u2019 koji zagovara komadanje BiH. Pitanje je kome je i za\u0161to u interesu bilo pu\u0161tati ovakve \u2018probne balone i uzburkavati politi\u010dku scenu\u201c, rekao je Hajdukovi\u0107 za&nbsp;<a href=\"https:\/\/www.dnevnik.ba\/teme\/sdp-ov-hajdukovic-za-dnevnikba-hrvati-u-bih-su-neravnopravni-treba-mijenjati-izborni-zakon\" target=\"_blank\" rel=\"noreferrer noopener\">Dnevnik.ba<\/a>.<\/p>\n\n\n\n<p>Stav Hrvatske je jasan, dodaje Hajdukovi\u0107, a to je da nikakvo komadanje BiH ne dolazi u obzir.<\/p>\n\n\n\n<p><strong>Hrvatski non-paper o BiH podr\u017eao niz \u010dlanica EU<\/strong><\/p>\n\n\n\n<p>\u201cNa\u0161 je interes stabilna BiH, ravnopravnih naroda koji \u017eive u njoj. Jedini postoje\u0107i \u2018non paper\u2019 o BiH je onaj koji je izradila Hrvatska koji je javan i ima podr\u0161ku niza \u010dlanica Europske unije. Jedina promjena granica koja dolazi u obzir je brisanje granica ulaskom BiH i zemlje regije u EU\u201c, izjavio je.<\/p>\n\n\n\n<p>Slu\u017ebeni je Zagreb, podsje\u0107a Hajdukovi\u0107, najbr\u017ei i najlak\u0161i put preko kojeg BiH mo\u017ee do\u0107i u Europsku uniju.<\/p>\n\n\n\n<p>\u201cSpremni smo pomo\u0107i, potpisani su i formalni sporazumi po tom pitanju. Radimo na \u0161irokom spektru me\u0111uinstitucionalnih projekata kako bi slu\u017ebenike, parlamentarace i ljude koje rade u izvr\u0161noj vlasti \u0161to bolje upoznali s pristupnim procesom i na\u010dinom na koji EU funkcionira\u201c, dodao je.<\/p>\n\n\n\n<p><strong>Jedino hrvatske predstavnike u BiH iskreno zanima europski put<\/strong><\/p>\n\n\n\n<p>Hrvatskoj je, napominje, iskreno stalo da cijela regija bude \u0161to prije dijelom Europske unije, a osobito BiH.<\/p>\n\n\n\n<p>Jedino jasna europska perspektiva mo\u017ee razbiti predrasude o BiH kao koloniji Erdoganove Turske, isti\u010de Hajdukovi\u0107.<\/p>\n\n\n\n<p>\u201cTo zahtjeva odgovornost i predanost s obje strane, dakle i od EU i BiH. Osobno sam, kao i hrvatske institucije, spreman pomo\u0107i u svakom smislu na europskom putu BiH. Upravo je Hrvatska zemlja \u010dlanica koja kontinuirano dr\u017ei pro\u0161irenje visoko na agendi EU\u201c, izjavio je.<\/p>\n\n\n\n<p>Prema najavama koje ima, dodaje, predsjedanje Slovenije Vije\u0107em EU \u0107e, tako\u0111er, i\u0107i u tom smjeru.<\/p>\n\n\n\n<p>Hajdukovi\u0107 vjeruje kako BiH mo\u017ee postati moderna i europska dr\u017eava.<\/p>\n\n\n\n<p>\u201cOsnovni preduvjet je da za to postoji iskrena politi\u010dka volja. Koliko vidim, jedino hrvatski predstavnici pokazuju iskrenu volju za europski put BiH. Dobrim pomakom ocjenjujem i ispunjavanje velikog dijela uvjeta postavljenih od strane Europske komisije kako bi BiH dobila status zemlje kandidatkinje za \u010dlanstvo u EU\u201c, istaknuo je.<\/p>\n\n\n\n<p>Pokazana je i ogromna dobra volja BiH, i u tom smislu, bi i sama Europska komisija to trebala uzeti u obzir \u0161to bi BiH dalo status zemlje kandidata.<\/p>\n\n\n\n<p><strong>Funkcionalna dr\u017eava pala na neprovedbi odluka Ustavnog suda BiH<\/strong><\/p>\n\n\n\n<p>\u201cTo bi bio ogromni korak naprijed u modeliranju BiH kao moderne europske dr\u017eave, pa se nadam takvo raspletu do kraja ove godine\u201c, dodaje.<\/p>\n\n\n\n<p>Hajdukovi\u0107 se osvrnuo i na stanje u BiH glede izmjena Izbornog zakona i neravnopravnosti Hrvata.<\/p>\n\n\n\n<p>\u201cJo\u0161 je presuda Ustavnog suda BiH u predmetu Ljubi\u0107 pokazala da su Hrvati u neravnopravnom polo\u017eaju i da je potrebno mijenjati Izborni zakon. Po\u0161tivanje i provo\u0111enje odluka institucija dr\u017eave, u ovom slu\u010daju Ustavnog suda, temelj je funkcionalne dr\u017eave. Treba inzistirati na tome, uostalom, kao i na ravnopravnosti svih konstitutivnih naroda\u201c, rekao je.<\/p>\n\n\n\n<p><strong>Hrvati u BiH trebaju podr\u0161ku mati\u010dne dr\u017eave&nbsp;<\/strong><\/p>\n\n\n\n<p>\u010cinjenica jest da su Hrvati najmalobrojniji, dodao je Hajdukovi\u0107, i samim time i najizlo\u017eeniji konstitutivni narod te trebaju imati podr\u0161ku mati\u010dne dr\u017eave u rje\u0161avanju svoga statusa kroz institucije i dogovor unutar BiH. Hrvati moraju biti ravnopravni i imati jasnu budu\u0107nost u BiH.<\/p>\n\n\n\n<p>\u201cU ovim nastojanjima pristup predsjednika Milanovi\u0107a bih ocijenio kao iskreniji i jasniji od onoga predsjednika Vlade Plenkovi\u0107a\u201c, rekao je Domagoj Hajdukovi\u0107 (SDP) za Dnevnik.ba.<\/p>\n\n\n\n<p>\/HMS\/<\/p>\n","protected":false},"excerpt":{"rendered":"<p>Hrvati su najmalobrojniji narod u BiH i samim time i najizlo\u017eeniji konstitutivni narod koji treba imati podr\u0161ku mati\u010dne dr\u017eave u rje\u0161avanju svog statusa kroz institucije i dogovor unutar BiH. Hrvati moraju biti ravnopravni i imati jasnu budu\u0107nost u BiH\u201c, rekao je Domagoj Hajdukovi\u0107, SDP-ov zastupnik u Hrvatskom saboru. Hrvatski se parlamentarac osvrnuo i na famoznu [&hellip;]<\/p>\n","protected":false},"author":2,"featured_media":19614,"comment_status":"closed","ping_status":"closed","sticky":false,"template":"","format":"standard","meta":{"h5ap_radio_sources":[],"footnotes":""},"categories":[1],"tags":[],"class_list":["post-19613","post","type-post","status-publish","format-standard","has-post-thumbnail","hentry","category-bihiregija"],"yoast_head":"<!-- This site is optimized with the Yoast SEO plugin v27.5 - https:\/\/yoast.com\/product\/yoast-seo-wordpress\/ -->\n<title>Hajdukovi\u0107: Hrvati u BiH su neravnopravni, treba mijenjati Izborni zakon - RADIO LJUBU\u0160KI<\/title>\n<meta name=\"robots\" content=\"index, follow, max-snippet:-1, max-image-preview:large, max-video-preview:-1\" \/>\n<link rel=\"canonical\" href=\"https:\/\/radioljubuski.ba\/index.php\/2021\/05\/08\/hajdukovic-hrvati-u-bih-su-neravnopravni-treba-mijenjati-izborni-zakon\/\" \/>\n<meta property=\"og:locale\" content=\"hr_HR\" \/>\n<meta property=\"og:type\" content=\"article\" \/>\n<meta property=\"og:title\" content=\"Hajdukovi\u0107: Hrvati u BiH su neravnopravni, treba mijenjati Izborni zakon - RADIO LJUBU\u0160KI\" \/>\n<meta property=\"og:description\" content=\"Hrvati su najmalobrojniji narod u BiH i samim time i najizlo\u017eeniji konstitutivni narod koji treba imati podr\u0161ku mati\u010dne dr\u017eave u rje\u0161avanju svog statusa kroz institucije i dogovor unutar BiH. Hrvati moraju biti ravnopravni i imati jasnu budu\u0107nost u BiH\u201c, rekao je Domagoj Hajdukovi\u0107, SDP-ov zastupnik u Hrvatskom saboru. Hrvatski se parlamentarac osvrnuo i na famoznu [&hellip;]\" \/>\n<meta property=\"og:url\" content=\"https:\/\/radioljubuski.ba\/index.php\/2021\/05\/08\/hajdukovic-hrvati-u-bih-su-neravnopravni-treba-mijenjati-izborni-zakon\/\" \/>\n<meta property=\"og:site_name\" content=\"RADIO LJUBU\u0160KI\" \/>\n<meta property=\"article:publisher\" content=\"https:\/\/www.facebook.com\/Radiio-Ljubuski-1490835324566332\" \/>\n<meta property=\"article:published_time\" content=\"2021-05-08T20:54:05+00:00\" \/>\n<meta property=\"article:modified_time\" content=\"2021-05-08T20:54:07+00:00\" \/>\n<meta property=\"og:image\" content=\"https:\/\/radioljubuski.ba\/wp-content\/uploads\/2021\/05\/hajdukovic.jpg\" \/>\n\t<meta property=\"og:image:width\" content=\"840\" \/>\n\t<meta property=\"og:image:height\" content=\"470\" \/>\n\t<meta property=\"og:image:type\" content=\"image\/jpeg\" \/>\n<meta name=\"author\" content=\"Radio Ljubu\u0161ki\" \/>\n<meta name=\"twitter:card\" content=\"summary_large_image\" \/>\n<meta name=\"twitter:creator\" content=\"@radioljubuski\" \/>\n<meta name=\"twitter:site\" content=\"@radioljubuski\" \/>\n<meta name=\"twitter:label1\" content=\"Napisao\/la\" \/>\n\t<meta name=\"twitter:data1\" content=\"Radio Ljubu\u0161ki\" \/>\n\t<meta name=\"twitter:label2\" content=\"Procijenjeno vrijeme \u010ditanja\" \/>\n\t<meta name=\"twitter:data2\" content=\"3 minute\" \/>\n<script type=\"application\/ld+json\" class=\"yoast-schema-graph\">{\"@context\":\"https:\\\/\\\/schema.org\",\"@graph\":[{\"@type\":\"Article\",\"@id\":\"https:\\\/\\\/radioljubuski.ba\\\/index.php\\\/2021\\\/05\\\/08\\\/hajdukovic-hrvati-u-bih-su-neravnopravni-treba-mijenjati-izborni-zakon\\\/#article\",\"isPartOf\":{\"@id\":\"https:\\\/\\\/radioljubuski.ba\\\/index.php\\\/2021\\\/05\\\/08\\\/hajdukovic-hrvati-u-bih-su-neravnopravni-treba-mijenjati-izborni-zakon\\\/\"},\"author\":{\"name\":\"Radio Ljubu\u0161ki\",\"@id\":\"https:\\\/\\\/radioljubuski.ba\\\/#\\\/schema\\\/person\\\/19fc700381a780f69665d7956c469e3b\"},\"headline\":\"Hajdukovi\u0107: Hrvati u BiH su neravnopravni, treba mijenjati Izborni zakon\",\"datePublished\":\"2021-05-08T20:54:05+00:00\",\"dateModified\":\"2021-05-08T20:54:07+00:00\",\"mainEntityOfPage\":{\"@id\":\"https:\\\/\\\/radioljubuski.ba\\\/index.php\\\/2021\\\/05\\\/08\\\/hajdukovic-hrvati-u-bih-su-neravnopravni-treba-mijenjati-izborni-zakon\\\/\"},\"wordCount\":677,\"publisher\":{\"@id\":\"https:\\\/\\\/radioljubuski.ba\\\/#organization\"},\"image\":{\"@id\":\"https:\\\/\\\/radioljubuski.ba\\\/index.php\\\/2021\\\/05\\\/08\\\/hajdukovic-hrvati-u-bih-su-neravnopravni-treba-mijenjati-izborni-zakon\\\/#primaryimage\"},\"thumbnailUrl\":\"https:\\\/\\\/radioljubuski.ba\\\/wp-content\\\/uploads\\\/2021\\\/05\\\/hajdukovic.jpg\",\"articleSection\":[\"BIH i regija\"],\"inLanguage\":\"hr\"},{\"@type\":\"WebPage\",\"@id\":\"https:\\\/\\\/radioljubuski.ba\\\/index.php\\\/2021\\\/05\\\/08\\\/hajdukovic-hrvati-u-bih-su-neravnopravni-treba-mijenjati-izborni-zakon\\\/\",\"url\":\"https:\\\/\\\/radioljubuski.ba\\\/index.php\\\/2021\\\/05\\\/08\\\/hajdukovic-hrvati-u-bih-su-neravnopravni-treba-mijenjati-izborni-zakon\\\/\",\"name\":\"Hajdukovi\u0107: Hrvati u BiH su neravnopravni, treba mijenjati Izborni zakon - RADIO LJUBU\u0160KI\",\"isPartOf\":{\"@id\":\"https:\\\/\\\/radioljubuski.ba\\\/#website\"},\"primaryImageOfPage\":{\"@id\":\"https:\\\/\\\/radioljubuski.ba\\\/index.php\\\/2021\\\/05\\\/08\\\/hajdukovic-hrvati-u-bih-su-neravnopravni-treba-mijenjati-izborni-zakon\\\/#primaryimage\"},\"image\":{\"@id\":\"https:\\\/\\\/radioljubuski.ba\\\/index.php\\\/2021\\\/05\\\/08\\\/hajdukovic-hrvati-u-bih-su-neravnopravni-treba-mijenjati-izborni-zakon\\\/#primaryimage\"},\"thumbnailUrl\":\"https:\\\/\\\/radioljubuski.ba\\\/wp-content\\\/uploads\\\/2021\\\/05\\\/hajdukovic.jpg\",\"datePublished\":\"2021-05-08T20:54:05+00:00\",\"dateModified\":\"2021-05-08T20:54:07+00:00\",\"breadcrumb\":{\"@id\":\"https:\\\/\\\/radioljubuski.ba\\\/index.php\\\/2021\\\/05\\\/08\\\/hajdukovic-hrvati-u-bih-su-neravnopravni-treba-mijenjati-izborni-zakon\\\/#breadcrumb\"},\"inLanguage\":\"hr\",\"potentialAction\":[{\"@type\":\"ReadAction\",\"target\":[\"https:\\\/\\\/radioljubuski.ba\\\/index.php\\\/2021\\\/05\\\/08\\\/hajdukovic-hrvati-u-bih-su-neravnopravni-treba-mijenjati-izborni-zakon\\\/\"]}]},{\"@type\":\"ImageObject\",\"inLanguage\":\"hr\",\"@id\":\"https:\\\/\\\/radioljubuski.ba\\\/index.php\\\/2021\\\/05\\\/08\\\/hajdukovic-hrvati-u-bih-su-neravnopravni-treba-mijenjati-izborni-zakon\\\/#primaryimage\",\"url\":\"https:\\\/\\\/radioljubuski.ba\\\/wp-content\\\/uploads\\\/2021\\\/05\\\/hajdukovic.jpg\",\"contentUrl\":\"https:\\\/\\\/radioljubuski.ba\\\/wp-content\\\/uploads\\\/2021\\\/05\\\/hajdukovic.jpg\",\"width\":840,\"height\":470},{\"@type\":\"BreadcrumbList\",\"@id\":\"https:\\\/\\\/radioljubuski.ba\\\/index.php\\\/2021\\\/05\\\/08\\\/hajdukovic-hrvati-u-bih-su-neravnopravni-treba-mijenjati-izborni-zakon\\\/#breadcrumb\",\"itemListElement\":[{\"@type\":\"ListItem\",\"position\":1,\"name\":\"Po\u010detna stranica\",\"item\":\"https:\\\/\\\/radioljubuski.ba\\\/\"},{\"@type\":\"ListItem\",\"position\":2,\"name\":\"Hajdukovi\u0107: Hrvati u BiH su neravnopravni, treba mijenjati Izborni zakon\"}]},{\"@type\":\"WebSite\",\"@id\":\"https:\\\/\\\/radioljubuski.ba\\\/#website\",\"url\":\"https:\\\/\\\/radioljubuski.ba\\\/\",\"name\":\"Radio Ljubu\u0161ki\",\"description\":\"Sun\u010dana frekvencija Hercegovine\",\"publisher\":{\"@id\":\"https:\\\/\\\/radioljubuski.ba\\\/#organization\"},\"potentialAction\":[{\"@type\":\"SearchAction\",\"target\":{\"@type\":\"EntryPoint\",\"urlTemplate\":\"https:\\\/\\\/radioljubuski.ba\\\/?s={search_term_string}\"},\"query-input\":{\"@type\":\"PropertyValueSpecification\",\"valueRequired\":true,\"valueName\":\"search_term_string\"}}],\"inLanguage\":\"hr\"},{\"@type\":\"Organization\",\"@id\":\"https:\\\/\\\/radioljubuski.ba\\\/#organization\",\"name\":\"Radio Ljubu\u0161ki\",\"url\":\"https:\\\/\\\/radioljubuski.ba\\\/\",\"logo\":{\"@type\":\"ImageObject\",\"inLanguage\":\"hr\",\"@id\":\"https:\\\/\\\/radioljubuski.ba\\\/#\\\/schema\\\/logo\\\/image\\\/\",\"url\":\"https:\\\/\\\/radioljubuski.ba\\\/wp-content\\\/uploads\\\/2021\\\/02\\\/cropped-Radio_Ljubuski_logo1.jpg\",\"contentUrl\":\"https:\\\/\\\/radioljubuski.ba\\\/wp-content\\\/uploads\\\/2021\\\/02\\\/cropped-Radio_Ljubuski_logo1.jpg\",\"width\":512,\"height\":512,\"caption\":\"Radio Ljubu\u0161ki\"},\"image\":{\"@id\":\"https:\\\/\\\/radioljubuski.ba\\\/#\\\/schema\\\/logo\\\/image\\\/\"},\"sameAs\":[\"https:\\\/\\\/www.facebook.com\\\/Radiio-Ljubuski-1490835324566332\",\"https:\\\/\\\/x.com\\\/radioljubuski\",\"https:\\\/\\\/hr.linkedin.com\\\/company\\\/radio-ljubuski\",\"https:\\\/\\\/www.youtube.com\\\/channel\\\/UCHYaeO_n0Db3tjNGudGpXyw\"]},{\"@type\":\"Person\",\"@id\":\"https:\\\/\\\/radioljubuski.ba\\\/#\\\/schema\\\/person\\\/19fc700381a780f69665d7956c469e3b\",\"name\":\"Radio Ljubu\u0161ki\"}]}<\/script>\n<!-- \/ Yoast SEO plugin. -->","yoast_head_json":{"title":"Hajdukovi\u0107: Hrvati u BiH su neravnopravni, treba mijenjati Izborni zakon - RADIO LJUBU\u0160KI","robots":{"index":"index","follow":"follow","max-snippet":"max-snippet:-1","max-image-preview":"max-image-preview:large","max-video-preview":"max-video-preview:-1"},"canonical":"https:\/\/radioljubuski.ba\/index.php\/2021\/05\/08\/hajdukovic-hrvati-u-bih-su-neravnopravni-treba-mijenjati-izborni-zakon\/","og_locale":"hr_HR","og_type":"article","og_title":"Hajdukovi\u0107: Hrvati u BiH su neravnopravni, treba mijenjati Izborni zakon - RADIO LJUBU\u0160KI","og_description":"Hrvati su najmalobrojniji narod u BiH i samim time i najizlo\u017eeniji konstitutivni narod koji treba imati podr\u0161ku mati\u010dne dr\u017eave u rje\u0161avanju svog statusa kroz institucije i dogovor unutar BiH. Hrvati moraju biti ravnopravni i imati jasnu budu\u0107nost u BiH\u201c, rekao je Domagoj Hajdukovi\u0107, SDP-ov zastupnik u Hrvatskom saboru. Hrvatski se parlamentarac osvrnuo i na famoznu [&hellip;]","og_url":"https:\/\/radioljubuski.ba\/index.php\/2021\/05\/08\/hajdukovic-hrvati-u-bih-su-neravnopravni-treba-mijenjati-izborni-zakon\/","og_site_name":"RADIO LJUBU\u0160KI","article_publisher":"https:\/\/www.facebook.com\/Radiio-Ljubuski-1490835324566332","article_published_time":"2021-05-08T20:54:05+00:00","article_modified_time":"2021-05-08T20:54:07+00:00","og_image":[{"width":840,"height":470,"url":"https:\/\/radioljubuski.ba\/wp-content\/uploads\/2021\/05\/hajdukovic.jpg","type":"image\/jpeg"}],"author":"Radio Ljubu\u0161ki","twitter_card":"summary_large_image","twitter_creator":"@radioljubuski","twitter_site":"@radioljubuski","twitter_misc":{"Napisao\/la":"Radio Ljubu\u0161ki","Procijenjeno vrijeme \u010ditanja":"3 minute"},"schema":{"@context":"https:\/\/schema.org","@graph":[{"@type":"Article","@id":"https:\/\/radioljubuski.ba\/index.php\/2021\/05\/08\/hajdukovic-hrvati-u-bih-su-neravnopravni-treba-mijenjati-izborni-zakon\/#article","isPartOf":{"@id":"https:\/\/radioljubuski.ba\/index.php\/2021\/05\/08\/hajdukovic-hrvati-u-bih-su-neravnopravni-treba-mijenjati-izborni-zakon\/"},"author":{"name":"Radio Ljubu\u0161ki","@id":"https:\/\/radioljubuski.ba\/#\/schema\/person\/19fc700381a780f69665d7956c469e3b"},"headline":"Hajdukovi\u0107: Hrvati u BiH su neravnopravni, treba mijenjati Izborni zakon","datePublished":"2021-05-08T20:54:05+00:00","dateModified":"2021-05-08T20:54:07+00:00","mainEntityOfPage":{"@id":"https:\/\/radioljubuski.ba\/index.php\/2021\/05\/08\/hajdukovic-hrvati-u-bih-su-neravnopravni-treba-mijenjati-izborni-zakon\/"},"wordCount":677,"publisher":{"@id":"https:\/\/radioljubuski.ba\/#organization"},"image":{"@id":"https:\/\/radioljubuski.ba\/index.php\/2021\/05\/08\/hajdukovic-hrvati-u-bih-su-neravnopravni-treba-mijenjati-izborni-zakon\/#primaryimage"},"thumbnailUrl":"https:\/\/radioljubuski.ba\/wp-content\/uploads\/2021\/05\/hajdukovic.jpg","articleSection":["BIH i regija"],"inLanguage":"hr"},{"@type":"WebPage","@id":"https:\/\/radioljubuski.ba\/index.php\/2021\/05\/08\/hajdukovic-hrvati-u-bih-su-neravnopravni-treba-mijenjati-izborni-zakon\/","url":"https:\/\/radioljubuski.ba\/index.php\/2021\/05\/08\/hajdukovic-hrvati-u-bih-su-neravnopravni-treba-mijenjati-izborni-zakon\/","name":"Hajdukovi\u0107: Hrvati u BiH su neravnopravni, treba mijenjati Izborni zakon - RADIO LJUBU\u0160KI","isPartOf":{"@id":"https:\/\/radioljubuski.ba\/#website"},"primaryImageOfPage":{"@id":"https:\/\/radioljubuski.ba\/index.php\/2021\/05\/08\/hajdukovic-hrvati-u-bih-su-neravnopravni-treba-mijenjati-izborni-zakon\/#primaryimage"},"image":{"@id":"https:\/\/radioljubuski.ba\/index.php\/2021\/05\/08\/hajdukovic-hrvati-u-bih-su-neravnopravni-treba-mijenjati-izborni-zakon\/#primaryimage"},"thumbnailUrl":"https:\/\/radioljubuski.ba\/wp-content\/uploads\/2021\/05\/hajdukovic.jpg","datePublished":"2021-05-08T20:54:05+00:00","dateModified":"2021-05-08T20:54:07+00:00","breadcrumb":{"@id":"https:\/\/radioljubuski.ba\/index.php\/2021\/05\/08\/hajdukovic-hrvati-u-bih-su-neravnopravni-treba-mijenjati-izborni-zakon\/#breadcrumb"},"inLanguage":"hr","potentialAction":[{"@type":"ReadAction","target":["https:\/\/radioljubuski.ba\/index.php\/2021\/05\/08\/hajdukovic-hrvati-u-bih-su-neravnopravni-treba-mijenjati-izborni-zakon\/"]}]},{"@type":"ImageObject","inLanguage":"hr","@id":"https:\/\/radioljubuski.ba\/index.php\/2021\/05\/08\/hajdukovic-hrvati-u-bih-su-neravnopravni-treba-mijenjati-izborni-zakon\/#primaryimage","url":"https:\/\/radioljubuski.ba\/wp-content\/uploads\/2021\/05\/hajdukovic.jpg","contentUrl":"https:\/\/radioljubuski.ba\/wp-content\/uploads\/2021\/05\/hajdukovic.jpg","width":840,"height":470},{"@type":"BreadcrumbList","@id":"https:\/\/radioljubuski.ba\/index.php\/2021\/05\/08\/hajdukovic-hrvati-u-bih-su-neravnopravni-treba-mijenjati-izborni-zakon\/#breadcrumb","itemListElement":[{"@type":"ListItem","position":1,"name":"Po\u010detna stranica","item":"https:\/\/radioljubuski.ba\/"},{"@type":"ListItem","position":2,"name":"Hajdukovi\u0107: Hrvati u BiH su neravnopravni, treba mijenjati Izborni zakon"}]},{"@type":"WebSite","@id":"https:\/\/radioljubuski.ba\/#website","url":"https:\/\/radioljubuski.ba\/","name":"Radio Ljubu\u0161ki","description":"Sun\u010dana frekvencija Hercegovine","publisher":{"@id":"https:\/\/radioljubuski.ba\/#organization"},"potentialAction":[{"@type":"SearchAction","target":{"@type":"EntryPoint","urlTemplate":"https:\/\/radioljubuski.ba\/?s={search_term_string}"},"query-input":{"@type":"PropertyValueSpecification","valueRequired":true,"valueName":"search_term_string"}}],"inLanguage":"hr"},{"@type":"Organization","@id":"https:\/\/radioljubuski.ba\/#organization","name":"Radio Ljubu\u0161ki","url":"https:\/\/radioljubuski.ba\/","logo":{"@type":"ImageObject","inLanguage":"hr","@id":"https:\/\/radioljubuski.ba\/#\/schema\/logo\/image\/","url":"https:\/\/radioljubuski.ba\/wp-content\/uploads\/2021\/02\/cropped-Radio_Ljubuski_logo1.jpg","contentUrl":"https:\/\/radioljubuski.ba\/wp-content\/uploads\/2021\/02\/cropped-Radio_Ljubuski_logo1.jpg","width":512,"height":512,"caption":"Radio Ljubu\u0161ki"},"image":{"@id":"https:\/\/radioljubuski.ba\/#\/schema\/logo\/image\/"},"sameAs":["https:\/\/www.facebook.com\/Radiio-Ljubuski-1490835324566332","https:\/\/x.com\/radioljubuski","https:\/\/hr.linkedin.com\/company\/radio-ljubuski","https:\/\/www.youtube.com\/channel\/UCHYaeO_n0Db3tjNGudGpXyw"]},{"@type":"Person","@id":"https:\/\/radioljubuski.ba\/#\/schema\/person\/19fc700381a780f69665d7956c469e3b","name":"Radio Ljubu\u0161ki"}]}},"_links":{"self":[{"href":"https:\/\/radioljubuski.ba\/index.php\/wp-json\/wp\/v2\/posts\/19613","targetHints":{"allow":["GET"]}}],"collection":[{"href":"https:\/\/radioljubuski.ba\/index.php\/wp-json\/wp\/v2\/posts"}],"about":[{"href":"https:\/\/radioljubuski.ba\/index.php\/wp-json\/wp\/v2\/types\/post"}],"author":[{"embeddable":true,"href":"https:\/\/radioljubuski.ba\/index.php\/wp-json\/wp\/v2\/users\/2"}],"replies":[{"embeddable":true,"href":"https:\/\/radioljubuski.ba\/index.php\/wp-json\/wp\/v2\/comments?post=19613"}],"version-history":[{"count":1,"href":"https:\/\/radioljubuski.ba\/index.php\/wp-json\/wp\/v2\/posts\/19613\/revisions"}],"predecessor-version":[{"id":19615,"href":"https:\/\/radioljubuski.ba\/index.php\/wp-json\/wp\/v2\/posts\/19613\/revisions\/19615"}],"wp:featuredmedia":[{"embeddable":true,"href":"https:\/\/radioljubuski.ba\/index.php\/wp-json\/wp\/v2\/media\/19614"}],"wp:attachment":[{"href":"https:\/\/radioljubuski.ba\/index.php\/wp-json\/wp\/v2\/media?parent=19613"}],"wp:term":[{"taxonomy":"category","embeddable":true,"href":"https:\/\/radioljubuski.ba\/index.php\/wp-json\/wp\/v2\/categories?post=19613"},{"taxonomy":"post_tag","embeddable":true,"href":"https:\/\/radioljubuski.ba\/index.php\/wp-json\/wp\/v2\/tags?post=19613"}],"curies":[{"name":"wp","href":"https:\/\/api.w.org\/{rel}","templated":true}]}}