{"id":196158,"date":"2025-12-02T10:22:15","date_gmt":"2025-12-02T09:22:15","guid":{"rendered":"https:\/\/radioljubuski.ba\/?p=196158"},"modified":"2025-12-02T10:22:16","modified_gmt":"2025-12-02T09:22:16","slug":"objavi-u-web-oglasniku","status":"publish","type":"post","link":"https:\/\/radioljubuski.ba\/index.php\/2025\/12\/02\/objavi-u-web-oglasniku\/","title":{"rendered":"Objavi u Radio web oglasniku!"},"content":{"rendered":"\n<p>Ogla\u0161avajte u Radio web oglasniku!<\/p>\n\n\n\n<p>Ogla\u0161avajte prodaju, najam, potra\u017enju, slobodna radna mjesta!<\/p>\n\n\n\n<p>Jedinstveni oglasnik koji vam nudi dvostruko ogla\u0161avanje kombiniraju\u0107i radio i web!<\/p>\n\n\n\n<p> Uz web objavu ogla\u0161avate i u na\u0161em radijskom programu, u radio rubrici <strong>Radio oglasnik <\/strong>koju emitiramo u programu u dva najslu\u0161anija termina, prijepodne u 10.00 sati i poslijepodne u 14.30 sati.<\/p>\n\n\n\n<p>Za sva ogla\u0161avanja kontaktirajte na\u0161u marketing slu\u017ebu &#8211; po\u0161aljite upit e-mailom na <a href=\"mailto:hrlj@tel.net.ba\">hrlj@tel.net.ba<\/a> Po\u0161aljite nam \u0161to biste \u017eeljeli ogla\u0161avati, mi \u0107emo vam uzvratiti najboljom ponudom.<\/p>\n\n\n\n<p>Oglasi u rubrici se napla\u0107uju po va\u017ee\u0107em cjeniku na\u0161ih usluga.<\/p>\n\n\n\n<figure class=\"wp-block-image size-large\"><img loading=\"lazy\" decoding=\"async\" width=\"1024\" height=\"1024\" src=\"https:\/\/radioljubuski.ba\/wp-content\/uploads\/2025\/01\/Radio-Ljubuski--1024x1024.jpg\" alt=\"\" class=\"wp-image-213152\" srcset=\"https:\/\/radioljubuski.ba\/wp-content\/uploads\/2025\/01\/Radio-Ljubuski--1024x1024.jpg 1024w, https:\/\/radioljubuski.ba\/wp-content\/uploads\/2025\/01\/Radio-Ljubuski--300x300.jpg 300w, https:\/\/radioljubuski.ba\/wp-content\/uploads\/2025\/01\/Radio-Ljubuski--150x150.jpg 150w, https:\/\/radioljubuski.ba\/wp-content\/uploads\/2025\/01\/Radio-Ljubuski--768x768.jpg 768w, https:\/\/radioljubuski.ba\/wp-content\/uploads\/2025\/01\/Radio-Ljubuski--12x12.jpg 12w, https:\/\/radioljubuski.ba\/wp-content\/uploads\/2025\/01\/Radio-Ljubuski--560x560.jpg 560w, https:\/\/radioljubuski.ba\/wp-content\/uploads\/2025\/01\/Radio-Ljubuski-.jpg 1080w\" sizes=\"auto, (max-width: 1024px) 100vw, 1024px\" \/><\/figure>\n","protected":false},"excerpt":{"rendered":"<p>Ogla\u0161avajte u Radio web oglasniku! Ogla\u0161avajte prodaju, najam, potra\u017enju, slobodna radna mjesta! Jedinstveni oglasnik koji vam nudi dvostruko ogla\u0161avanje kombiniraju\u0107i radio i web! Uz web objavu ogla\u0161avate i u na\u0161em radijskom programu, u radio rubrici Radio oglasnik koju emitiramo u programu u dva najslu\u0161anija termina, prijepodne u 10.00 sati i poslijepodne u 14.30 sati. Za [&hellip;]<\/p>\n","protected":false},"author":2,"featured_media":213144,"comment_status":"closed","ping_status":"closed","sticky":false,"template":"","format":"standard","meta":{"h5ap_radio_sources":[],"footnotes":""},"categories":[11,12],"tags":[],"class_list":["post-196158","post","type-post","status-publish","format-standard","has-post-thumbnail","hentry","category-reklame","category-mali-oglasi"],"yoast_head":"<!-- This site is optimized with the Yoast SEO plugin v27.5 - https:\/\/yoast.com\/product\/yoast-seo-wordpress\/ -->\n<title>Objavi u Radio web oglasniku! - RADIO LJUBU\u0160KI<\/title>\n<meta name=\"robots\" content=\"index, follow, max-snippet:-1, max-image-preview:large, max-video-preview:-1\" \/>\n<link rel=\"canonical\" href=\"https:\/\/radioljubuski.ba\/index.php\/2025\/12\/02\/objavi-u-web-oglasniku\/\" \/>\n<meta property=\"og:locale\" content=\"hr_HR\" \/>\n<meta property=\"og:type\" content=\"article\" \/>\n<meta property=\"og:title\" content=\"Objavi u Radio web oglasniku! - RADIO LJUBU\u0160KI\" \/>\n<meta property=\"og:description\" content=\"Ogla\u0161avajte u Radio web oglasniku! Ogla\u0161avajte prodaju, najam, potra\u017enju, slobodna radna mjesta! Jedinstveni oglasnik koji vam nudi dvostruko ogla\u0161avanje kombiniraju\u0107i radio i web! Uz web objavu ogla\u0161avate i u na\u0161em radijskom programu, u radio rubrici Radio oglasnik koju emitiramo u programu u dva najslu\u0161anija termina, prijepodne u 10.00 sati i poslijepodne u 14.30 sati. Za [&hellip;]\" \/>\n<meta property=\"og:url\" content=\"https:\/\/radioljubuski.ba\/index.php\/2025\/12\/02\/objavi-u-web-oglasniku\/\" \/>\n<meta property=\"og:site_name\" content=\"RADIO LJUBU\u0160KI\" \/>\n<meta property=\"article:publisher\" content=\"https:\/\/www.facebook.com\/Radiio-Ljubuski-1490835324566332\" \/>\n<meta property=\"article:published_time\" content=\"2025-12-02T09:22:15+00:00\" \/>\n<meta property=\"article:modified_time\" content=\"2025-12-02T09:22:16+00:00\" \/>\n<meta property=\"og:image\" content=\"https:\/\/radioljubuski.ba\/wp-content\/uploads\/2024\/11\/Oglasnik-Instagram-Post.jpg\" \/>\n\t<meta property=\"og:image:width\" content=\"1080\" \/>\n\t<meta property=\"og:image:height\" content=\"1080\" \/>\n\t<meta property=\"og:image:type\" content=\"image\/jpeg\" \/>\n<meta name=\"author\" content=\"Radio Ljubu\u0161ki\" \/>\n<meta name=\"twitter:card\" content=\"summary_large_image\" \/>\n<meta name=\"twitter:creator\" content=\"@radioljubuski\" \/>\n<meta name=\"twitter:site\" content=\"@radioljubuski\" \/>\n<meta name=\"twitter:label1\" content=\"Napisao\/la\" \/>\n\t<meta name=\"twitter:data1\" content=\"Radio Ljubu\u0161ki\" \/>\n\t<meta name=\"twitter:label2\" content=\"Procijenjeno vrijeme \u010ditanja\" \/>\n\t<meta name=\"twitter:data2\" content=\"1 minuta\" \/>\n<script type=\"application\/ld+json\" class=\"yoast-schema-graph\">{\"@context\":\"https:\\\/\\\/schema.org\",\"@graph\":[{\"@type\":\"Article\",\"@id\":\"https:\\\/\\\/radioljubuski.ba\\\/index.php\\\/2025\\\/12\\\/02\\\/objavi-u-web-oglasniku\\\/#article\",\"isPartOf\":{\"@id\":\"https:\\\/\\\/radioljubuski.ba\\\/index.php\\\/2025\\\/12\\\/02\\\/objavi-u-web-oglasniku\\\/\"},\"author\":{\"name\":\"Radio Ljubu\u0161ki\",\"@id\":\"https:\\\/\\\/radioljubuski.ba\\\/#\\\/schema\\\/person\\\/19fc700381a780f69665d7956c469e3b\"},\"headline\":\"Objavi u Radio web oglasniku!\",\"datePublished\":\"2025-12-02T09:22:15+00:00\",\"dateModified\":\"2025-12-02T09:22:16+00:00\",\"mainEntityOfPage\":{\"@id\":\"https:\\\/\\\/radioljubuski.ba\\\/index.php\\\/2025\\\/12\\\/02\\\/objavi-u-web-oglasniku\\\/\"},\"wordCount\":113,\"publisher\":{\"@id\":\"https:\\\/\\\/radioljubuski.ba\\\/#organization\"},\"image\":{\"@id\":\"https:\\\/\\\/radioljubuski.ba\\\/index.php\\\/2025\\\/12\\\/02\\\/objavi-u-web-oglasniku\\\/#primaryimage\"},\"thumbnailUrl\":\"https:\\\/\\\/radioljubuski.ba\\\/wp-content\\\/uploads\\\/2024\\\/11\\\/Oglasnik-Instagram-Post.jpg\",\"articleSection\":[\"Promo\",\"Radio oglasnik\"],\"inLanguage\":\"hr\"},{\"@type\":\"WebPage\",\"@id\":\"https:\\\/\\\/radioljubuski.ba\\\/index.php\\\/2025\\\/12\\\/02\\\/objavi-u-web-oglasniku\\\/\",\"url\":\"https:\\\/\\\/radioljubuski.ba\\\/index.php\\\/2025\\\/12\\\/02\\\/objavi-u-web-oglasniku\\\/\",\"name\":\"Objavi u Radio web oglasniku! - RADIO LJUBU\u0160KI\",\"isPartOf\":{\"@id\":\"https:\\\/\\\/radioljubuski.ba\\\/#website\"},\"primaryImageOfPage\":{\"@id\":\"https:\\\/\\\/radioljubuski.ba\\\/index.php\\\/2025\\\/12\\\/02\\\/objavi-u-web-oglasniku\\\/#primaryimage\"},\"image\":{\"@id\":\"https:\\\/\\\/radioljubuski.ba\\\/index.php\\\/2025\\\/12\\\/02\\\/objavi-u-web-oglasniku\\\/#primaryimage\"},\"thumbnailUrl\":\"https:\\\/\\\/radioljubuski.ba\\\/wp-content\\\/uploads\\\/2024\\\/11\\\/Oglasnik-Instagram-Post.jpg\",\"datePublished\":\"2025-12-02T09:22:15+00:00\",\"dateModified\":\"2025-12-02T09:22:16+00:00\",\"breadcrumb\":{\"@id\":\"https:\\\/\\\/radioljubuski.ba\\\/index.php\\\/2025\\\/12\\\/02\\\/objavi-u-web-oglasniku\\\/#breadcrumb\"},\"inLanguage\":\"hr\",\"potentialAction\":[{\"@type\":\"ReadAction\",\"target\":[\"https:\\\/\\\/radioljubuski.ba\\\/index.php\\\/2025\\\/12\\\/02\\\/objavi-u-web-oglasniku\\\/\"]}]},{\"@type\":\"ImageObject\",\"inLanguage\":\"hr\",\"@id\":\"https:\\\/\\\/radioljubuski.ba\\\/index.php\\\/2025\\\/12\\\/02\\\/objavi-u-web-oglasniku\\\/#primaryimage\",\"url\":\"https:\\\/\\\/radioljubuski.ba\\\/wp-content\\\/uploads\\\/2024\\\/11\\\/Oglasnik-Instagram-Post.jpg\",\"contentUrl\":\"https:\\\/\\\/radioljubuski.ba\\\/wp-content\\\/uploads\\\/2024\\\/11\\\/Oglasnik-Instagram-Post.jpg\",\"width\":1080,\"height\":1080},{\"@type\":\"BreadcrumbList\",\"@id\":\"https:\\\/\\\/radioljubuski.ba\\\/index.php\\\/2025\\\/12\\\/02\\\/objavi-u-web-oglasniku\\\/#breadcrumb\",\"itemListElement\":[{\"@type\":\"ListItem\",\"position\":1,\"name\":\"Po\u010detna stranica\",\"item\":\"https:\\\/\\\/radioljubuski.ba\\\/\"},{\"@type\":\"ListItem\",\"position\":2,\"name\":\"Objavi u Radio web oglasniku!\"}]},{\"@type\":\"WebSite\",\"@id\":\"https:\\\/\\\/radioljubuski.ba\\\/#website\",\"url\":\"https:\\\/\\\/radioljubuski.ba\\\/\",\"name\":\"Radio Ljubu\u0161ki\",\"description\":\"Sun\u010dana frekvencija Hercegovine\",\"publisher\":{\"@id\":\"https:\\\/\\\/radioljubuski.ba\\\/#organization\"},\"potentialAction\":[{\"@type\":\"SearchAction\",\"target\":{\"@type\":\"EntryPoint\",\"urlTemplate\":\"https:\\\/\\\/radioljubuski.ba\\\/?s={search_term_string}\"},\"query-input\":{\"@type\":\"PropertyValueSpecification\",\"valueRequired\":true,\"valueName\":\"search_term_string\"}}],\"inLanguage\":\"hr\"},{\"@type\":\"Organization\",\"@id\":\"https:\\\/\\\/radioljubuski.ba\\\/#organization\",\"name\":\"Radio Ljubu\u0161ki\",\"url\":\"https:\\\/\\\/radioljubuski.ba\\\/\",\"logo\":{\"@type\":\"ImageObject\",\"inLanguage\":\"hr\",\"@id\":\"https:\\\/\\\/radioljubuski.ba\\\/#\\\/schema\\\/logo\\\/image\\\/\",\"url\":\"https:\\\/\\\/radioljubuski.ba\\\/wp-content\\\/uploads\\\/2021\\\/02\\\/cropped-Radio_Ljubuski_logo1.jpg\",\"contentUrl\":\"https:\\\/\\\/radioljubuski.ba\\\/wp-content\\\/uploads\\\/2021\\\/02\\\/cropped-Radio_Ljubuski_logo1.jpg\",\"width\":512,\"height\":512,\"caption\":\"Radio Ljubu\u0161ki\"},\"image\":{\"@id\":\"https:\\\/\\\/radioljubuski.ba\\\/#\\\/schema\\\/logo\\\/image\\\/\"},\"sameAs\":[\"https:\\\/\\\/www.facebook.com\\\/Radiio-Ljubuski-1490835324566332\",\"https:\\\/\\\/x.com\\\/radioljubuski\",\"https:\\\/\\\/hr.linkedin.com\\\/company\\\/radio-ljubuski\",\"https:\\\/\\\/www.youtube.com\\\/channel\\\/UCHYaeO_n0Db3tjNGudGpXyw\"]},{\"@type\":\"Person\",\"@id\":\"https:\\\/\\\/radioljubuski.ba\\\/#\\\/schema\\\/person\\\/19fc700381a780f69665d7956c469e3b\",\"name\":\"Radio Ljubu\u0161ki\"}]}<\/script>\n<!-- \/ Yoast SEO plugin. -->","yoast_head_json":{"title":"Objavi u Radio web oglasniku! - RADIO LJUBU\u0160KI","robots":{"index":"index","follow":"follow","max-snippet":"max-snippet:-1","max-image-preview":"max-image-preview:large","max-video-preview":"max-video-preview:-1"},"canonical":"https:\/\/radioljubuski.ba\/index.php\/2025\/12\/02\/objavi-u-web-oglasniku\/","og_locale":"hr_HR","og_type":"article","og_title":"Objavi u Radio web oglasniku! - RADIO LJUBU\u0160KI","og_description":"Ogla\u0161avajte u Radio web oglasniku! Ogla\u0161avajte prodaju, najam, potra\u017enju, slobodna radna mjesta! Jedinstveni oglasnik koji vam nudi dvostruko ogla\u0161avanje kombiniraju\u0107i radio i web! Uz web objavu ogla\u0161avate i u na\u0161em radijskom programu, u radio rubrici Radio oglasnik koju emitiramo u programu u dva najslu\u0161anija termina, prijepodne u 10.00 sati i poslijepodne u 14.30 sati. Za [&hellip;]","og_url":"https:\/\/radioljubuski.ba\/index.php\/2025\/12\/02\/objavi-u-web-oglasniku\/","og_site_name":"RADIO LJUBU\u0160KI","article_publisher":"https:\/\/www.facebook.com\/Radiio-Ljubuski-1490835324566332","article_published_time":"2025-12-02T09:22:15+00:00","article_modified_time":"2025-12-02T09:22:16+00:00","og_image":[{"width":1080,"height":1080,"url":"https:\/\/radioljubuski.ba\/wp-content\/uploads\/2024\/11\/Oglasnik-Instagram-Post.jpg","type":"image\/jpeg"}],"author":"Radio Ljubu\u0161ki","twitter_card":"summary_large_image","twitter_creator":"@radioljubuski","twitter_site":"@radioljubuski","twitter_misc":{"Napisao\/la":"Radio Ljubu\u0161ki","Procijenjeno vrijeme \u010ditanja":"1 minuta"},"schema":{"@context":"https:\/\/schema.org","@graph":[{"@type":"Article","@id":"https:\/\/radioljubuski.ba\/index.php\/2025\/12\/02\/objavi-u-web-oglasniku\/#article","isPartOf":{"@id":"https:\/\/radioljubuski.ba\/index.php\/2025\/12\/02\/objavi-u-web-oglasniku\/"},"author":{"name":"Radio Ljubu\u0161ki","@id":"https:\/\/radioljubuski.ba\/#\/schema\/person\/19fc700381a780f69665d7956c469e3b"},"headline":"Objavi u Radio web oglasniku!","datePublished":"2025-12-02T09:22:15+00:00","dateModified":"2025-12-02T09:22:16+00:00","mainEntityOfPage":{"@id":"https:\/\/radioljubuski.ba\/index.php\/2025\/12\/02\/objavi-u-web-oglasniku\/"},"wordCount":113,"publisher":{"@id":"https:\/\/radioljubuski.ba\/#organization"},"image":{"@id":"https:\/\/radioljubuski.ba\/index.php\/2025\/12\/02\/objavi-u-web-oglasniku\/#primaryimage"},"thumbnailUrl":"https:\/\/radioljubuski.ba\/wp-content\/uploads\/2024\/11\/Oglasnik-Instagram-Post.jpg","articleSection":["Promo","Radio oglasnik"],"inLanguage":"hr"},{"@type":"WebPage","@id":"https:\/\/radioljubuski.ba\/index.php\/2025\/12\/02\/objavi-u-web-oglasniku\/","url":"https:\/\/radioljubuski.ba\/index.php\/2025\/12\/02\/objavi-u-web-oglasniku\/","name":"Objavi u Radio web oglasniku! - RADIO LJUBU\u0160KI","isPartOf":{"@id":"https:\/\/radioljubuski.ba\/#website"},"primaryImageOfPage":{"@id":"https:\/\/radioljubuski.ba\/index.php\/2025\/12\/02\/objavi-u-web-oglasniku\/#primaryimage"},"image":{"@id":"https:\/\/radioljubuski.ba\/index.php\/2025\/12\/02\/objavi-u-web-oglasniku\/#primaryimage"},"thumbnailUrl":"https:\/\/radioljubuski.ba\/wp-content\/uploads\/2024\/11\/Oglasnik-Instagram-Post.jpg","datePublished":"2025-12-02T09:22:15+00:00","dateModified":"2025-12-02T09:22:16+00:00","breadcrumb":{"@id":"https:\/\/radioljubuski.ba\/index.php\/2025\/12\/02\/objavi-u-web-oglasniku\/#breadcrumb"},"inLanguage":"hr","potentialAction":[{"@type":"ReadAction","target":["https:\/\/radioljubuski.ba\/index.php\/2025\/12\/02\/objavi-u-web-oglasniku\/"]}]},{"@type":"ImageObject","inLanguage":"hr","@id":"https:\/\/radioljubuski.ba\/index.php\/2025\/12\/02\/objavi-u-web-oglasniku\/#primaryimage","url":"https:\/\/radioljubuski.ba\/wp-content\/uploads\/2024\/11\/Oglasnik-Instagram-Post.jpg","contentUrl":"https:\/\/radioljubuski.ba\/wp-content\/uploads\/2024\/11\/Oglasnik-Instagram-Post.jpg","width":1080,"height":1080},{"@type":"BreadcrumbList","@id":"https:\/\/radioljubuski.ba\/index.php\/2025\/12\/02\/objavi-u-web-oglasniku\/#breadcrumb","itemListElement":[{"@type":"ListItem","position":1,"name":"Po\u010detna stranica","item":"https:\/\/radioljubuski.ba\/"},{"@type":"ListItem","position":2,"name":"Objavi u Radio web oglasniku!"}]},{"@type":"WebSite","@id":"https:\/\/radioljubuski.ba\/#website","url":"https:\/\/radioljubuski.ba\/","name":"Radio Ljubu\u0161ki","description":"Sun\u010dana frekvencija Hercegovine","publisher":{"@id":"https:\/\/radioljubuski.ba\/#organization"},"potentialAction":[{"@type":"SearchAction","target":{"@type":"EntryPoint","urlTemplate":"https:\/\/radioljubuski.ba\/?s={search_term_string}"},"query-input":{"@type":"PropertyValueSpecification","valueRequired":true,"valueName":"search_term_string"}}],"inLanguage":"hr"},{"@type":"Organization","@id":"https:\/\/radioljubuski.ba\/#organization","name":"Radio Ljubu\u0161ki","url":"https:\/\/radioljubuski.ba\/","logo":{"@type":"ImageObject","inLanguage":"hr","@id":"https:\/\/radioljubuski.ba\/#\/schema\/logo\/image\/","url":"https:\/\/radioljubuski.ba\/wp-content\/uploads\/2021\/02\/cropped-Radio_Ljubuski_logo1.jpg","contentUrl":"https:\/\/radioljubuski.ba\/wp-content\/uploads\/2021\/02\/cropped-Radio_Ljubuski_logo1.jpg","width":512,"height":512,"caption":"Radio Ljubu\u0161ki"},"image":{"@id":"https:\/\/radioljubuski.ba\/#\/schema\/logo\/image\/"},"sameAs":["https:\/\/www.facebook.com\/Radiio-Ljubuski-1490835324566332","https:\/\/x.com\/radioljubuski","https:\/\/hr.linkedin.com\/company\/radio-ljubuski","https:\/\/www.youtube.com\/channel\/UCHYaeO_n0Db3tjNGudGpXyw"]},{"@type":"Person","@id":"https:\/\/radioljubuski.ba\/#\/schema\/person\/19fc700381a780f69665d7956c469e3b","name":"Radio Ljubu\u0161ki"}]}},"_links":{"self":[{"href":"https:\/\/radioljubuski.ba\/index.php\/wp-json\/wp\/v2\/posts\/196158","targetHints":{"allow":["GET"]}}],"collection":[{"href":"https:\/\/radioljubuski.ba\/index.php\/wp-json\/wp\/v2\/posts"}],"about":[{"href":"https:\/\/radioljubuski.ba\/index.php\/wp-json\/wp\/v2\/types\/post"}],"author":[{"embeddable":true,"href":"https:\/\/radioljubuski.ba\/index.php\/wp-json\/wp\/v2\/users\/2"}],"replies":[{"embeddable":true,"href":"https:\/\/radioljubuski.ba\/index.php\/wp-json\/wp\/v2\/comments?post=196158"}],"version-history":[{"count":13,"href":"https:\/\/radioljubuski.ba\/index.php\/wp-json\/wp\/v2\/posts\/196158\/revisions"}],"predecessor-version":[{"id":216339,"href":"https:\/\/radioljubuski.ba\/index.php\/wp-json\/wp\/v2\/posts\/196158\/revisions\/216339"}],"wp:featuredmedia":[{"embeddable":true,"href":"https:\/\/radioljubuski.ba\/index.php\/wp-json\/wp\/v2\/media\/213144"}],"wp:attachment":[{"href":"https:\/\/radioljubuski.ba\/index.php\/wp-json\/wp\/v2\/media?parent=196158"}],"wp:term":[{"taxonomy":"category","embeddable":true,"href":"https:\/\/radioljubuski.ba\/index.php\/wp-json\/wp\/v2\/categories?post=196158"},{"taxonomy":"post_tag","embeddable":true,"href":"https:\/\/radioljubuski.ba\/index.php\/wp-json\/wp\/v2\/tags?post=196158"}],"curies":[{"name":"wp","href":"https:\/\/api.w.org\/{rel}","templated":true}]}}