{"id":19619,"date":"2021-05-08T21:57:24","date_gmt":"2021-05-08T20:57:24","guid":{"rendered":"https:\/\/radioljubuski.ba\/?p=19619"},"modified":"2021-05-08T21:57:25","modified_gmt":"2021-05-08T20:57:25","slug":"sturgeon-imat-cemo-vecinu-koja-ce-poduprijeti-neovisnost-skotske","status":"publish","type":"post","link":"https:\/\/radioljubuski.ba\/index.php\/2021\/05\/08\/sturgeon-imat-cemo-vecinu-koja-ce-poduprijeti-neovisnost-skotske\/","title":{"rendered":"Sturgeon: Imat \u0107emo ve\u0107inu koja \u0107e poduprijeti neovisnost \u0160kotske"},"content":{"rendered":"\n<p><strong>\u0160kotske prista\u0161e neovisnosti iz stranke SNP-a rekli su da u regionalnom parlamentu imaju ve\u0107inu koja je za izlazak iz Ujedinjenog Kraljevstva, pa smatraju da \u0107e London morati pristati na novi referendum o samoodre\u0111enju koji britanski premijer Boris Johnson odbija.<\/strong><\/p>\n\n\n\n<p>Dva dana nakon \u201csuper \u010detvrtka\u201d kada su odr\u017eani lokalni izbori u Velikoj Britaniji, rezultati sti\u017eu postupno. U Engleskoj su zasad povoljni za vladaju\u0107e konzervativce koji su preuzeli deindustrijalizirana podru\u010dja na sjeveru koja su podupirala brexit i \u010dak osvojili laburisti\u010dku utvrdu Harlepool koji je u zadnjih gotovo 50 godina uvijek glasovao za laburiste.<\/p>\n\n\n\n<p>No, u \u0160kotskoj su konzervativci u manjini, a \u0160kotska nacionalna stranka (SNP) popularne premijerke Nicole Sturgeon u\u010dvrstila je svoju vlast, premda se \u010dini da \u0107e za dlaku izgubiti apsolutnu ve\u0107inu koju pri\u017eeljkuje.<\/p>\n\n\n\n<p>Rezultati iz 71 izborne jedinice objavljeni u subotu oko 18.00 sati po srednjoeuropskom vremenu pokazuju da je SNP pobjednik u njih 60. BBC predvi\u0111a da \u0107e stranka na kraju dobiti 63 mjesta, \u0161to je blizu ciljanih 65 od 129 mjesta u parlamentu u Holyroodu.<\/p>\n\n\n\n<p>\u201cOvo je volja ove zemlje\u201d<\/p>\n\n\n\n<p>\u201c\u010cini se da nema dvojbe da \u0107e \u0161kotski parlament imati ve\u0107inu koja \u0107e podupirati neovisnost\u201d, izrazila je zadovoljstvo Nicola Sturgeon za televizijsku mre\u017eu Sky News, smjeraju\u0107i na Zelene koji su tako\u0111er za referendum o samoodre\u0111enju.<\/p>\n\n\n\n<p>Obra\u0107aju\u0107i se zatim prista\u0161ama, rekla je da \u201cjednostavno nema demokratskog razloga da Boris Johnson ili bilo tko drugi poku\u0161a onemogu\u0107iti \u0161kotski narod da odlu\u010duje o vlastitoj budu\u0107nosti\u201d.<\/p>\n\n\n\n<p>\u201cOvo je volja ove zemlje\u201d, istaknula je, upozoriv\u0161i da \u0107e konzervativci svakim poku\u0161ajem da sprije\u010de organiziranje novog referenduma \u201cstati nasuprot volji \u0161kotskog naroda i pokazati da Ujedinjeno Kraljevstvo nije partnerstvo jednakih\u201d.<\/p>\n\n\n\n<p>Boris Johnson koji ima zadnju rije\u010d u odobravanju referenduma, odlu\u010dno mu se protivi, ocijeniv\u0161i da se on mo\u017ee dogoditi \u201cjednom u nara\u0161taju\u201d. Na referendumu 2014. protiv neovisnosti je bilo 55 posto bira\u010da.<\/p>\n\n\n\n<p>\u201cReferendum u sada\u0161njim okolnostima je neodgovoran i neoprezan\u201d, opetovao je britanski premijer za dnevnik Telegraph.<\/p>\n\n\n\n<p>\/Hina\/HMS\/<\/p>\n","protected":false},"excerpt":{"rendered":"<p>\u0160kotske prista\u0161e neovisnosti iz stranke SNP-a rekli su da u regionalnom parlamentu imaju ve\u0107inu koja je za izlazak iz Ujedinjenog Kraljevstva, pa smatraju da \u0107e London morati pristati na novi referendum o samoodre\u0111enju koji britanski premijer Boris Johnson odbija. Dva dana nakon \u201csuper \u010detvrtka\u201d kada su odr\u017eani lokalni izbori u Velikoj Britaniji, rezultati sti\u017eu postupno. [&hellip;]<\/p>\n","protected":false},"author":2,"featured_media":19620,"comment_status":"closed","ping_status":"closed","sticky":false,"template":"","format":"standard","meta":{"h5ap_radio_sources":[],"footnotes":""},"categories":[1],"tags":[],"class_list":["post-19619","post","type-post","status-publish","format-standard","has-post-thumbnail","hentry","category-bihiregija"],"yoast_head":"<!-- This site is optimized with the Yoast SEO plugin v27.5 - https:\/\/yoast.com\/product\/yoast-seo-wordpress\/ -->\n<title>Sturgeon: Imat \u0107emo ve\u0107inu koja \u0107e poduprijeti neovisnost \u0160kotske - RADIO LJUBU\u0160KI<\/title>\n<meta name=\"robots\" content=\"index, follow, max-snippet:-1, max-image-preview:large, max-video-preview:-1\" \/>\n<link rel=\"canonical\" href=\"https:\/\/radioljubuski.ba\/index.php\/2021\/05\/08\/sturgeon-imat-cemo-vecinu-koja-ce-poduprijeti-neovisnost-skotske\/\" \/>\n<meta property=\"og:locale\" content=\"hr_HR\" \/>\n<meta property=\"og:type\" content=\"article\" \/>\n<meta property=\"og:title\" content=\"Sturgeon: Imat \u0107emo ve\u0107inu koja \u0107e poduprijeti neovisnost \u0160kotske - RADIO LJUBU\u0160KI\" \/>\n<meta property=\"og:description\" content=\"\u0160kotske prista\u0161e neovisnosti iz stranke SNP-a rekli su da u regionalnom parlamentu imaju ve\u0107inu koja je za izlazak iz Ujedinjenog Kraljevstva, pa smatraju da \u0107e London morati pristati na novi referendum o samoodre\u0111enju koji britanski premijer Boris Johnson odbija. Dva dana nakon \u201csuper \u010detvrtka\u201d kada su odr\u017eani lokalni izbori u Velikoj Britaniji, rezultati sti\u017eu postupno. [&hellip;]\" \/>\n<meta property=\"og:url\" content=\"https:\/\/radioljubuski.ba\/index.php\/2021\/05\/08\/sturgeon-imat-cemo-vecinu-koja-ce-poduprijeti-neovisnost-skotske\/\" \/>\n<meta property=\"og:site_name\" content=\"RADIO LJUBU\u0160KI\" \/>\n<meta property=\"article:publisher\" content=\"https:\/\/www.facebook.com\/Radiio-Ljubuski-1490835324566332\" \/>\n<meta property=\"article:published_time\" content=\"2021-05-08T20:57:24+00:00\" \/>\n<meta property=\"article:modified_time\" content=\"2021-05-08T20:57:25+00:00\" \/>\n<meta property=\"og:image\" content=\"https:\/\/radioljubuski.ba\/wp-content\/uploads\/2021\/05\/premijerka-skotske.jpg\" \/>\n\t<meta property=\"og:image:width\" content=\"765\" \/>\n\t<meta property=\"og:image:height\" content=\"519\" \/>\n\t<meta property=\"og:image:type\" content=\"image\/jpeg\" \/>\n<meta name=\"author\" content=\"Radio Ljubu\u0161ki\" \/>\n<meta name=\"twitter:card\" content=\"summary_large_image\" \/>\n<meta name=\"twitter:creator\" content=\"@radioljubuski\" \/>\n<meta name=\"twitter:site\" content=\"@radioljubuski\" \/>\n<meta name=\"twitter:label1\" content=\"Napisao\/la\" \/>\n\t<meta name=\"twitter:data1\" content=\"Radio Ljubu\u0161ki\" \/>\n\t<meta name=\"twitter:label2\" content=\"Procijenjeno vrijeme \u010ditanja\" \/>\n\t<meta name=\"twitter:data2\" content=\"2 minute\" \/>\n<script type=\"application\/ld+json\" class=\"yoast-schema-graph\">{\"@context\":\"https:\\\/\\\/schema.org\",\"@graph\":[{\"@type\":\"Article\",\"@id\":\"https:\\\/\\\/radioljubuski.ba\\\/index.php\\\/2021\\\/05\\\/08\\\/sturgeon-imat-cemo-vecinu-koja-ce-poduprijeti-neovisnost-skotske\\\/#article\",\"isPartOf\":{\"@id\":\"https:\\\/\\\/radioljubuski.ba\\\/index.php\\\/2021\\\/05\\\/08\\\/sturgeon-imat-cemo-vecinu-koja-ce-poduprijeti-neovisnost-skotske\\\/\"},\"author\":{\"name\":\"Radio Ljubu\u0161ki\",\"@id\":\"https:\\\/\\\/radioljubuski.ba\\\/#\\\/schema\\\/person\\\/19fc700381a780f69665d7956c469e3b\"},\"headline\":\"Sturgeon: Imat \u0107emo ve\u0107inu koja \u0107e poduprijeti neovisnost \u0160kotske\",\"datePublished\":\"2021-05-08T20:57:24+00:00\",\"dateModified\":\"2021-05-08T20:57:25+00:00\",\"mainEntityOfPage\":{\"@id\":\"https:\\\/\\\/radioljubuski.ba\\\/index.php\\\/2021\\\/05\\\/08\\\/sturgeon-imat-cemo-vecinu-koja-ce-poduprijeti-neovisnost-skotske\\\/\"},\"wordCount\":348,\"publisher\":{\"@id\":\"https:\\\/\\\/radioljubuski.ba\\\/#organization\"},\"image\":{\"@id\":\"https:\\\/\\\/radioljubuski.ba\\\/index.php\\\/2021\\\/05\\\/08\\\/sturgeon-imat-cemo-vecinu-koja-ce-poduprijeti-neovisnost-skotske\\\/#primaryimage\"},\"thumbnailUrl\":\"https:\\\/\\\/radioljubuski.ba\\\/wp-content\\\/uploads\\\/2021\\\/05\\\/premijerka-skotske.jpg\",\"articleSection\":[\"BIH i regija\"],\"inLanguage\":\"hr\"},{\"@type\":\"WebPage\",\"@id\":\"https:\\\/\\\/radioljubuski.ba\\\/index.php\\\/2021\\\/05\\\/08\\\/sturgeon-imat-cemo-vecinu-koja-ce-poduprijeti-neovisnost-skotske\\\/\",\"url\":\"https:\\\/\\\/radioljubuski.ba\\\/index.php\\\/2021\\\/05\\\/08\\\/sturgeon-imat-cemo-vecinu-koja-ce-poduprijeti-neovisnost-skotske\\\/\",\"name\":\"Sturgeon: Imat \u0107emo ve\u0107inu koja \u0107e poduprijeti neovisnost \u0160kotske - RADIO LJUBU\u0160KI\",\"isPartOf\":{\"@id\":\"https:\\\/\\\/radioljubuski.ba\\\/#website\"},\"primaryImageOfPage\":{\"@id\":\"https:\\\/\\\/radioljubuski.ba\\\/index.php\\\/2021\\\/05\\\/08\\\/sturgeon-imat-cemo-vecinu-koja-ce-poduprijeti-neovisnost-skotske\\\/#primaryimage\"},\"image\":{\"@id\":\"https:\\\/\\\/radioljubuski.ba\\\/index.php\\\/2021\\\/05\\\/08\\\/sturgeon-imat-cemo-vecinu-koja-ce-poduprijeti-neovisnost-skotske\\\/#primaryimage\"},\"thumbnailUrl\":\"https:\\\/\\\/radioljubuski.ba\\\/wp-content\\\/uploads\\\/2021\\\/05\\\/premijerka-skotske.jpg\",\"datePublished\":\"2021-05-08T20:57:24+00:00\",\"dateModified\":\"2021-05-08T20:57:25+00:00\",\"breadcrumb\":{\"@id\":\"https:\\\/\\\/radioljubuski.ba\\\/index.php\\\/2021\\\/05\\\/08\\\/sturgeon-imat-cemo-vecinu-koja-ce-poduprijeti-neovisnost-skotske\\\/#breadcrumb\"},\"inLanguage\":\"hr\",\"potentialAction\":[{\"@type\":\"ReadAction\",\"target\":[\"https:\\\/\\\/radioljubuski.ba\\\/index.php\\\/2021\\\/05\\\/08\\\/sturgeon-imat-cemo-vecinu-koja-ce-poduprijeti-neovisnost-skotske\\\/\"]}]},{\"@type\":\"ImageObject\",\"inLanguage\":\"hr\",\"@id\":\"https:\\\/\\\/radioljubuski.ba\\\/index.php\\\/2021\\\/05\\\/08\\\/sturgeon-imat-cemo-vecinu-koja-ce-poduprijeti-neovisnost-skotske\\\/#primaryimage\",\"url\":\"https:\\\/\\\/radioljubuski.ba\\\/wp-content\\\/uploads\\\/2021\\\/05\\\/premijerka-skotske.jpg\",\"contentUrl\":\"https:\\\/\\\/radioljubuski.ba\\\/wp-content\\\/uploads\\\/2021\\\/05\\\/premijerka-skotske.jpg\",\"width\":765,\"height\":519},{\"@type\":\"BreadcrumbList\",\"@id\":\"https:\\\/\\\/radioljubuski.ba\\\/index.php\\\/2021\\\/05\\\/08\\\/sturgeon-imat-cemo-vecinu-koja-ce-poduprijeti-neovisnost-skotske\\\/#breadcrumb\",\"itemListElement\":[{\"@type\":\"ListItem\",\"position\":1,\"name\":\"Po\u010detna stranica\",\"item\":\"https:\\\/\\\/radioljubuski.ba\\\/\"},{\"@type\":\"ListItem\",\"position\":2,\"name\":\"Sturgeon: Imat \u0107emo ve\u0107inu koja \u0107e poduprijeti neovisnost \u0160kotske\"}]},{\"@type\":\"WebSite\",\"@id\":\"https:\\\/\\\/radioljubuski.ba\\\/#website\",\"url\":\"https:\\\/\\\/radioljubuski.ba\\\/\",\"name\":\"Radio Ljubu\u0161ki\",\"description\":\"Sun\u010dana frekvencija Hercegovine\",\"publisher\":{\"@id\":\"https:\\\/\\\/radioljubuski.ba\\\/#organization\"},\"potentialAction\":[{\"@type\":\"SearchAction\",\"target\":{\"@type\":\"EntryPoint\",\"urlTemplate\":\"https:\\\/\\\/radioljubuski.ba\\\/?s={search_term_string}\"},\"query-input\":{\"@type\":\"PropertyValueSpecification\",\"valueRequired\":true,\"valueName\":\"search_term_string\"}}],\"inLanguage\":\"hr\"},{\"@type\":\"Organization\",\"@id\":\"https:\\\/\\\/radioljubuski.ba\\\/#organization\",\"name\":\"Radio Ljubu\u0161ki\",\"url\":\"https:\\\/\\\/radioljubuski.ba\\\/\",\"logo\":{\"@type\":\"ImageObject\",\"inLanguage\":\"hr\",\"@id\":\"https:\\\/\\\/radioljubuski.ba\\\/#\\\/schema\\\/logo\\\/image\\\/\",\"url\":\"https:\\\/\\\/radioljubuski.ba\\\/wp-content\\\/uploads\\\/2021\\\/02\\\/cropped-Radio_Ljubuski_logo1.jpg\",\"contentUrl\":\"https:\\\/\\\/radioljubuski.ba\\\/wp-content\\\/uploads\\\/2021\\\/02\\\/cropped-Radio_Ljubuski_logo1.jpg\",\"width\":512,\"height\":512,\"caption\":\"Radio Ljubu\u0161ki\"},\"image\":{\"@id\":\"https:\\\/\\\/radioljubuski.ba\\\/#\\\/schema\\\/logo\\\/image\\\/\"},\"sameAs\":[\"https:\\\/\\\/www.facebook.com\\\/Radiio-Ljubuski-1490835324566332\",\"https:\\\/\\\/x.com\\\/radioljubuski\",\"https:\\\/\\\/hr.linkedin.com\\\/company\\\/radio-ljubuski\",\"https:\\\/\\\/www.youtube.com\\\/channel\\\/UCHYaeO_n0Db3tjNGudGpXyw\"]},{\"@type\":\"Person\",\"@id\":\"https:\\\/\\\/radioljubuski.ba\\\/#\\\/schema\\\/person\\\/19fc700381a780f69665d7956c469e3b\",\"name\":\"Radio Ljubu\u0161ki\"}]}<\/script>\n<!-- \/ Yoast SEO plugin. -->","yoast_head_json":{"title":"Sturgeon: Imat \u0107emo ve\u0107inu koja \u0107e poduprijeti neovisnost \u0160kotske - RADIO LJUBU\u0160KI","robots":{"index":"index","follow":"follow","max-snippet":"max-snippet:-1","max-image-preview":"max-image-preview:large","max-video-preview":"max-video-preview:-1"},"canonical":"https:\/\/radioljubuski.ba\/index.php\/2021\/05\/08\/sturgeon-imat-cemo-vecinu-koja-ce-poduprijeti-neovisnost-skotske\/","og_locale":"hr_HR","og_type":"article","og_title":"Sturgeon: Imat \u0107emo ve\u0107inu koja \u0107e poduprijeti neovisnost \u0160kotske - RADIO LJUBU\u0160KI","og_description":"\u0160kotske prista\u0161e neovisnosti iz stranke SNP-a rekli su da u regionalnom parlamentu imaju ve\u0107inu koja je za izlazak iz Ujedinjenog Kraljevstva, pa smatraju da \u0107e London morati pristati na novi referendum o samoodre\u0111enju koji britanski premijer Boris Johnson odbija. Dva dana nakon \u201csuper \u010detvrtka\u201d kada su odr\u017eani lokalni izbori u Velikoj Britaniji, rezultati sti\u017eu postupno. [&hellip;]","og_url":"https:\/\/radioljubuski.ba\/index.php\/2021\/05\/08\/sturgeon-imat-cemo-vecinu-koja-ce-poduprijeti-neovisnost-skotske\/","og_site_name":"RADIO LJUBU\u0160KI","article_publisher":"https:\/\/www.facebook.com\/Radiio-Ljubuski-1490835324566332","article_published_time":"2021-05-08T20:57:24+00:00","article_modified_time":"2021-05-08T20:57:25+00:00","og_image":[{"width":765,"height":519,"url":"https:\/\/radioljubuski.ba\/wp-content\/uploads\/2021\/05\/premijerka-skotske.jpg","type":"image\/jpeg"}],"author":"Radio Ljubu\u0161ki","twitter_card":"summary_large_image","twitter_creator":"@radioljubuski","twitter_site":"@radioljubuski","twitter_misc":{"Napisao\/la":"Radio Ljubu\u0161ki","Procijenjeno vrijeme \u010ditanja":"2 minute"},"schema":{"@context":"https:\/\/schema.org","@graph":[{"@type":"Article","@id":"https:\/\/radioljubuski.ba\/index.php\/2021\/05\/08\/sturgeon-imat-cemo-vecinu-koja-ce-poduprijeti-neovisnost-skotske\/#article","isPartOf":{"@id":"https:\/\/radioljubuski.ba\/index.php\/2021\/05\/08\/sturgeon-imat-cemo-vecinu-koja-ce-poduprijeti-neovisnost-skotske\/"},"author":{"name":"Radio Ljubu\u0161ki","@id":"https:\/\/radioljubuski.ba\/#\/schema\/person\/19fc700381a780f69665d7956c469e3b"},"headline":"Sturgeon: Imat \u0107emo ve\u0107inu koja \u0107e poduprijeti neovisnost \u0160kotske","datePublished":"2021-05-08T20:57:24+00:00","dateModified":"2021-05-08T20:57:25+00:00","mainEntityOfPage":{"@id":"https:\/\/radioljubuski.ba\/index.php\/2021\/05\/08\/sturgeon-imat-cemo-vecinu-koja-ce-poduprijeti-neovisnost-skotske\/"},"wordCount":348,"publisher":{"@id":"https:\/\/radioljubuski.ba\/#organization"},"image":{"@id":"https:\/\/radioljubuski.ba\/index.php\/2021\/05\/08\/sturgeon-imat-cemo-vecinu-koja-ce-poduprijeti-neovisnost-skotske\/#primaryimage"},"thumbnailUrl":"https:\/\/radioljubuski.ba\/wp-content\/uploads\/2021\/05\/premijerka-skotske.jpg","articleSection":["BIH i regija"],"inLanguage":"hr"},{"@type":"WebPage","@id":"https:\/\/radioljubuski.ba\/index.php\/2021\/05\/08\/sturgeon-imat-cemo-vecinu-koja-ce-poduprijeti-neovisnost-skotske\/","url":"https:\/\/radioljubuski.ba\/index.php\/2021\/05\/08\/sturgeon-imat-cemo-vecinu-koja-ce-poduprijeti-neovisnost-skotske\/","name":"Sturgeon: Imat \u0107emo ve\u0107inu koja \u0107e poduprijeti neovisnost \u0160kotske - RADIO LJUBU\u0160KI","isPartOf":{"@id":"https:\/\/radioljubuski.ba\/#website"},"primaryImageOfPage":{"@id":"https:\/\/radioljubuski.ba\/index.php\/2021\/05\/08\/sturgeon-imat-cemo-vecinu-koja-ce-poduprijeti-neovisnost-skotske\/#primaryimage"},"image":{"@id":"https:\/\/radioljubuski.ba\/index.php\/2021\/05\/08\/sturgeon-imat-cemo-vecinu-koja-ce-poduprijeti-neovisnost-skotske\/#primaryimage"},"thumbnailUrl":"https:\/\/radioljubuski.ba\/wp-content\/uploads\/2021\/05\/premijerka-skotske.jpg","datePublished":"2021-05-08T20:57:24+00:00","dateModified":"2021-05-08T20:57:25+00:00","breadcrumb":{"@id":"https:\/\/radioljubuski.ba\/index.php\/2021\/05\/08\/sturgeon-imat-cemo-vecinu-koja-ce-poduprijeti-neovisnost-skotske\/#breadcrumb"},"inLanguage":"hr","potentialAction":[{"@type":"ReadAction","target":["https:\/\/radioljubuski.ba\/index.php\/2021\/05\/08\/sturgeon-imat-cemo-vecinu-koja-ce-poduprijeti-neovisnost-skotske\/"]}]},{"@type":"ImageObject","inLanguage":"hr","@id":"https:\/\/radioljubuski.ba\/index.php\/2021\/05\/08\/sturgeon-imat-cemo-vecinu-koja-ce-poduprijeti-neovisnost-skotske\/#primaryimage","url":"https:\/\/radioljubuski.ba\/wp-content\/uploads\/2021\/05\/premijerka-skotske.jpg","contentUrl":"https:\/\/radioljubuski.ba\/wp-content\/uploads\/2021\/05\/premijerka-skotske.jpg","width":765,"height":519},{"@type":"BreadcrumbList","@id":"https:\/\/radioljubuski.ba\/index.php\/2021\/05\/08\/sturgeon-imat-cemo-vecinu-koja-ce-poduprijeti-neovisnost-skotske\/#breadcrumb","itemListElement":[{"@type":"ListItem","position":1,"name":"Po\u010detna stranica","item":"https:\/\/radioljubuski.ba\/"},{"@type":"ListItem","position":2,"name":"Sturgeon: Imat \u0107emo ve\u0107inu koja \u0107e poduprijeti neovisnost \u0160kotske"}]},{"@type":"WebSite","@id":"https:\/\/radioljubuski.ba\/#website","url":"https:\/\/radioljubuski.ba\/","name":"Radio Ljubu\u0161ki","description":"Sun\u010dana frekvencija Hercegovine","publisher":{"@id":"https:\/\/radioljubuski.ba\/#organization"},"potentialAction":[{"@type":"SearchAction","target":{"@type":"EntryPoint","urlTemplate":"https:\/\/radioljubuski.ba\/?s={search_term_string}"},"query-input":{"@type":"PropertyValueSpecification","valueRequired":true,"valueName":"search_term_string"}}],"inLanguage":"hr"},{"@type":"Organization","@id":"https:\/\/radioljubuski.ba\/#organization","name":"Radio Ljubu\u0161ki","url":"https:\/\/radioljubuski.ba\/","logo":{"@type":"ImageObject","inLanguage":"hr","@id":"https:\/\/radioljubuski.ba\/#\/schema\/logo\/image\/","url":"https:\/\/radioljubuski.ba\/wp-content\/uploads\/2021\/02\/cropped-Radio_Ljubuski_logo1.jpg","contentUrl":"https:\/\/radioljubuski.ba\/wp-content\/uploads\/2021\/02\/cropped-Radio_Ljubuski_logo1.jpg","width":512,"height":512,"caption":"Radio Ljubu\u0161ki"},"image":{"@id":"https:\/\/radioljubuski.ba\/#\/schema\/logo\/image\/"},"sameAs":["https:\/\/www.facebook.com\/Radiio-Ljubuski-1490835324566332","https:\/\/x.com\/radioljubuski","https:\/\/hr.linkedin.com\/company\/radio-ljubuski","https:\/\/www.youtube.com\/channel\/UCHYaeO_n0Db3tjNGudGpXyw"]},{"@type":"Person","@id":"https:\/\/radioljubuski.ba\/#\/schema\/person\/19fc700381a780f69665d7956c469e3b","name":"Radio Ljubu\u0161ki"}]}},"_links":{"self":[{"href":"https:\/\/radioljubuski.ba\/index.php\/wp-json\/wp\/v2\/posts\/19619","targetHints":{"allow":["GET"]}}],"collection":[{"href":"https:\/\/radioljubuski.ba\/index.php\/wp-json\/wp\/v2\/posts"}],"about":[{"href":"https:\/\/radioljubuski.ba\/index.php\/wp-json\/wp\/v2\/types\/post"}],"author":[{"embeddable":true,"href":"https:\/\/radioljubuski.ba\/index.php\/wp-json\/wp\/v2\/users\/2"}],"replies":[{"embeddable":true,"href":"https:\/\/radioljubuski.ba\/index.php\/wp-json\/wp\/v2\/comments?post=19619"}],"version-history":[{"count":1,"href":"https:\/\/radioljubuski.ba\/index.php\/wp-json\/wp\/v2\/posts\/19619\/revisions"}],"predecessor-version":[{"id":19621,"href":"https:\/\/radioljubuski.ba\/index.php\/wp-json\/wp\/v2\/posts\/19619\/revisions\/19621"}],"wp:featuredmedia":[{"embeddable":true,"href":"https:\/\/radioljubuski.ba\/index.php\/wp-json\/wp\/v2\/media\/19620"}],"wp:attachment":[{"href":"https:\/\/radioljubuski.ba\/index.php\/wp-json\/wp\/v2\/media?parent=19619"}],"wp:term":[{"taxonomy":"category","embeddable":true,"href":"https:\/\/radioljubuski.ba\/index.php\/wp-json\/wp\/v2\/categories?post=19619"},{"taxonomy":"post_tag","embeddable":true,"href":"https:\/\/radioljubuski.ba\/index.php\/wp-json\/wp\/v2\/tags?post=19619"}],"curies":[{"name":"wp","href":"https:\/\/api.w.org\/{rel}","templated":true}]}}