{"id":19622,"date":"2021-05-08T21:59:28","date_gmt":"2021-05-08T20:59:28","guid":{"rendered":"https:\/\/radioljubuski.ba\/?p=19622"},"modified":"2021-05-08T21:59:28","modified_gmt":"2021-05-08T20:59:28","slug":"skrecete-pozornost-s-tzv-bunjevackog-jezika-sto-je-s-nestalima","status":"publish","type":"post","link":"https:\/\/radioljubuski.ba\/index.php\/2021\/05\/08\/skrecete-pozornost-s-tzv-bunjevackog-jezika-sto-je-s-nestalima\/","title":{"rendered":"Skre\u0107ete pozornost s tzv. bunjeva\u010dkog jezika, \u0161to je s nestalima?"},"content":{"rendered":"\n<p><strong>Ministarstvo vanjskih i europskih poslova Hrvatske u petak je o\u0161tre izjave Beograda o pove\u0107anom anga\u017emanu vojnika RH na Kosovu nazvalo \u201chisteri\u010dnim spekulacijama\u201d kako bi se skrenula pozornost s inicijative s tzv. bunjeva\u010dkim jezikom, odnosno poku\u0161ajem razbijanja hrvatskog nacionalnog korpusa u Srbiji.<\/strong><\/p>\n\n\n\n<p>Polemiku je izazvao srbijanski ministar unutarnjih poslova Aleksandar Vulin reakcijom na izjavu hrvatskog \u0161efa diplomacije u Pri\u0161tini da \u0107e Hrvatska pove\u0107ati broj svojih pripadnika u sastavu KFOR-a jer je to slu\u017ebenom Zagrebu va\u017eno zbog o\u010duvanja mira u regiji.<\/p>\n\n\n\n<p>Vulin je Hrvatsku i Kosovo nazvao \u201cbra\u0107om po oru\u017eju\u201d i dodao kako bi Gordan Grli\u0107 Radman volio da mo\u017ee rasporediti \u201cokupacijske snage na prostoru Srbije\u201d, ali da \u0107e mu za to trebati \u201cmnogo vi\u0161e od onog \u0161to s (premijerom Kosova Albinom) Kurtijem mo\u017ee smisliti\u201d.<\/p>\n\n\n\n<p>Ministratvo vanjskih i europskih poslova Hrvatske (MVEP) u dana\u0161njem priop\u0107enju podsje\u0107a da je ju\u010der ministar Gordan Grli\u0107 Radman u sklopu slu\u017ebenog posjeta Kosovu obi\u0161ao 34. hrvatski kontigent u misiji KFOR i odbacio Vulinove izjave kao \u201chisteri\u010dne spekulacije Srbije\u201d te \u201capsurdne, neistinite i neto\u010dne insinuacije\u201d kako bi se skrenula pozornost s ozbiljnije stvari.<\/p>\n\n\n\n<p>Hrvatski vojnici koji sudjeluju u misiji hvaljeni su od me\u0111unarodnih partnera, a njihovo sudjelovanje potvr\u0111uje Hrvatsku kao pouzdanu \u010dlanicu NATO-a i pridonosi ja\u010danju miru i stabilnosti, kao i me\u0111unarodnom ugledu Hrvatske, napominje MVEP.<\/p>\n\n\n\n<p>\u201cStoga, histeri\u010dne spekulacije iz Republike Srbije usmjerene protiv Hrvatske koje aludiraju na druga\u010dije vojne i sli\u010dne aktivnosti smatramo krajnje smije\u0161nima i apsurdnima\u201d, pi\u0161e u priop\u0107enju.<\/p>\n\n\n\n<p><strong>Razbijanje hrvatskog nacionalnog korpusa<\/strong><\/p>\n\n\n\n<p>Zrinjevac nagla\u0161ava da se time poku\u0161ava skrenuti pozornost s jedne ozbiljnije \u2013 usvajanju odluke o izmjeni Statuta grada Subotice i uvo\u0111enju \u010detvrtog, tzv. bunjeva\u010dkog jezika, u slu\u017ebenu uporabu.<\/p>\n\n\n\n<p>MVEP to naziva politi\u010dkom manipulacijom.<\/p>\n\n\n\n<p>\u201cCijela inicijativa s tzv. bunjeva\u010dkim jezikom ima politi\u010dku pozadinu, odnosno cilj joj razbijanje hrvatskog nacionalnog korpusa u Republici Srbiji, \u0161to je nastavak politike koja je ve\u0107 dugo na djelu\u201d, isti\u010de MVEP.<\/p>\n\n\n\n<p>\u201cDovoljno je usporediti pravni status srpske manjine u Hrvatskoj i hrvatske manjine u Srbiji te politi\u010dku praksu koja je na osnovu pravnih rje\u0161enja izgra\u0111ena u odnosu na te dvije manjine\u201d, dodaju sa Zrinjevca i nagla\u0161avaju da Hrvatska u potpunosti jam\u010di sva prava srpskoj manjini prema najvi\u0161im europskim standardima, od tri zajam\u010dena mjesta u Saboru i na svim lokalnim razinama vlasti prema udjelu u stanovni\u0161tvu do prora\u010dunskog financiranja svih najva\u017enijih institucija srpske manjine.<\/p>\n\n\n\n<p>\u201cZahvaljuju\u0107i takvim pravnim rje\u0161enjima, predstavnici srpske manjine ve\u0107 desetlje\u0107ima imaju istaknuto mjesto u hrvatskom politi\u010dkom \u017eivotu i sudjeluju u vladaju\u0107im koalicijama od lokalne do nacionalne razine vlasti\u201d, stoji u priop\u0107enju u kojem se dodaje da takvu praksu EU vrednuje najvi\u0161im ocjenama.<\/p>\n\n\n\n<p>Suprotno tome, unato\u010d potpisanom bilateralnom sporazumu Hrvatske i Srbije 2004. godine, Hrvati u Srbiji jo\u0161 uvijek \u010dekaju ispunjenje najva\u017enijih to\u010daka i dogovorenog reciprociteta previ\u0111enog sporazumom.<\/p>\n\n\n\n<p>\u201cHrvati u Srbiji jo\u0161 uvijek nemaju zajam\u010dena mjesta ni na jednoj razini vlasti, a ni financiranje hrvatskih manjinskih institucija nije adekvatno rije\u0161eno\u201d, dodaje MVEP.<\/p>\n\n\n\n<p><strong>Srbija ne rje\u0161ava pitanje nestalih<\/strong><\/p>\n\n\n\n<p>MVEP isti\u010de da je \u201cpovijest hrvatsko-srpskih odnosa nesumnjivo bremenita i te\u0161ka te da su Hrvatska i njezini gra\u0111ani bili \u017ertve brutalne velikosrpske agresije koja je uzrokovala brojne \u017ertve te neprocjenjivu materijalnu i nematerijalnu \u0161tetu.<\/p>\n\n\n\n<p>Republika Hrvatska, podsje\u0107a se u priop\u0107enju, danas jo\u0161 uvijek tra\u017ei 1869 nestalih osoba te sanira \u0161tetu uzrokovanu tom agresijom.<\/p>\n\n\n\n<p>\u201cTu stranicu na\u0161e povijesti mo\u017eda bismo i mogli okrenuti, ali do toga nikako ne mo\u017ee do\u0107i bez rje\u0161avanja onih najva\u017enijih otvorenih pitanja: pitanje nestalih osoba (informacije o mjestima pogibije i ukopa hrvatskih dr\u017eavljana), od\u0161tete nelegalno i nepravedno zato\u010denim hrvatskim gra\u0111anima u logorima na teritoriju Srbije i obilje\u017eavanja mjesta njihovih stradanja, ukidanje neutemeljene regionalne univerzalne jurisdikcije, stvarne i ubrzane sukcesije imovine biv\u0161e zajedni\u010dke dr\u017eave, ali i suo\u010davanja Srbije s navedenim povijesnim \u010dinjenicama\u201d, isti\u010de MVEP.<\/p>\n\n\n\n<p>U priop\u0107enju se tako\u0111er izra\u017eava posebna zabrinutost zbog nedavnih izjava o potrebi mijenjanja dr\u017eavnih granica i poziva na ujedinjenje svih Srba u jednu dr\u017eavu koje su pro\u0161li bez reakcije vlasti Republike Srbije.<\/p>\n\n\n\n<p>\u201cUpravo takva velikosrpska politika je tijekom raspada biv\u0161e zajedni\u010dke dr\u017eave izazvala ratove s ogromnim ljudskim \u017ertvama i razaranjima. Na\u0161a obveza je me\u0111unarodnoj javnosti i partnerima ukazati na ponovnu pojavu takvih politi\u010dkih razmi\u0161ljanja i te\u017enji\u201d, poru\u010duje MVEP.<\/p>\n\n\n\n<p>\/Hina\/HMS\/<\/p>\n","protected":false},"excerpt":{"rendered":"<p>Ministarstvo vanjskih i europskih poslova Hrvatske u petak je o\u0161tre izjave Beograda o pove\u0107anom anga\u017emanu vojnika RH na Kosovu nazvalo \u201chisteri\u010dnim spekulacijama\u201d kako bi se skrenula pozornost s inicijative s tzv. bunjeva\u010dkim jezikom, odnosno poku\u0161ajem razbijanja hrvatskog nacionalnog korpusa u Srbiji. Polemiku je izazvao srbijanski ministar unutarnjih poslova Aleksandar Vulin reakcijom na izjavu hrvatskog \u0161efa [&hellip;]<\/p>\n","protected":false},"author":2,"featured_media":19623,"comment_status":"closed","ping_status":"closed","sticky":false,"template":"","format":"standard","meta":{"h5ap_radio_sources":[],"footnotes":""},"categories":[1],"tags":[],"class_list":["post-19622","post","type-post","status-publish","format-standard","has-post-thumbnail","hentry","category-bihiregija"],"yoast_head":"<!-- This site is optimized with the Yoast SEO plugin v27.5 - https:\/\/yoast.com\/product\/yoast-seo-wordpress\/ -->\n<title>Skre\u0107ete pozornost s tzv. bunjeva\u010dkog jezika, \u0161to je s nestalima? - RADIO LJUBU\u0160KI<\/title>\n<meta name=\"robots\" content=\"index, follow, max-snippet:-1, max-image-preview:large, max-video-preview:-1\" \/>\n<link rel=\"canonical\" href=\"https:\/\/radioljubuski.ba\/index.php\/2021\/05\/08\/skrecete-pozornost-s-tzv-bunjevackog-jezika-sto-je-s-nestalima\/\" \/>\n<meta property=\"og:locale\" content=\"hr_HR\" \/>\n<meta property=\"og:type\" content=\"article\" \/>\n<meta property=\"og:title\" content=\"Skre\u0107ete pozornost s tzv. bunjeva\u010dkog jezika, \u0161to je s nestalima? - RADIO LJUBU\u0160KI\" \/>\n<meta property=\"og:description\" content=\"Ministarstvo vanjskih i europskih poslova Hrvatske u petak je o\u0161tre izjave Beograda o pove\u0107anom anga\u017emanu vojnika RH na Kosovu nazvalo \u201chisteri\u010dnim spekulacijama\u201d kako bi se skrenula pozornost s inicijative s tzv. bunjeva\u010dkim jezikom, odnosno poku\u0161ajem razbijanja hrvatskog nacionalnog korpusa u Srbiji. Polemiku je izazvao srbijanski ministar unutarnjih poslova Aleksandar Vulin reakcijom na izjavu hrvatskog \u0161efa [&hellip;]\" \/>\n<meta property=\"og:url\" content=\"https:\/\/radioljubuski.ba\/index.php\/2021\/05\/08\/skrecete-pozornost-s-tzv-bunjevackog-jezika-sto-je-s-nestalima\/\" \/>\n<meta property=\"og:site_name\" content=\"RADIO LJUBU\u0160KI\" \/>\n<meta property=\"article:publisher\" content=\"https:\/\/www.facebook.com\/Radiio-Ljubuski-1490835324566332\" \/>\n<meta property=\"article:published_time\" content=\"2021-05-08T20:59:28+00:00\" \/>\n<meta property=\"og:image\" content=\"https:\/\/radioljubuski.ba\/wp-content\/uploads\/2021\/05\/radman-vulin.png\" \/>\n\t<meta property=\"og:image:width\" content=\"840\" \/>\n\t<meta property=\"og:image:height\" content=\"470\" \/>\n\t<meta property=\"og:image:type\" content=\"image\/png\" \/>\n<meta name=\"author\" content=\"Radio Ljubu\u0161ki\" \/>\n<meta name=\"twitter:card\" content=\"summary_large_image\" \/>\n<meta name=\"twitter:creator\" content=\"@radioljubuski\" \/>\n<meta name=\"twitter:site\" content=\"@radioljubuski\" \/>\n<meta name=\"twitter:label1\" content=\"Napisao\/la\" \/>\n\t<meta name=\"twitter:data1\" content=\"Radio Ljubu\u0161ki\" \/>\n\t<meta name=\"twitter:label2\" content=\"Procijenjeno vrijeme \u010ditanja\" \/>\n\t<meta name=\"twitter:data2\" content=\"3 minute\" \/>\n<script type=\"application\/ld+json\" class=\"yoast-schema-graph\">{\"@context\":\"https:\\\/\\\/schema.org\",\"@graph\":[{\"@type\":\"Article\",\"@id\":\"https:\\\/\\\/radioljubuski.ba\\\/index.php\\\/2021\\\/05\\\/08\\\/skrecete-pozornost-s-tzv-bunjevackog-jezika-sto-je-s-nestalima\\\/#article\",\"isPartOf\":{\"@id\":\"https:\\\/\\\/radioljubuski.ba\\\/index.php\\\/2021\\\/05\\\/08\\\/skrecete-pozornost-s-tzv-bunjevackog-jezika-sto-je-s-nestalima\\\/\"},\"author\":{\"name\":\"Radio Ljubu\u0161ki\",\"@id\":\"https:\\\/\\\/radioljubuski.ba\\\/#\\\/schema\\\/person\\\/19fc700381a780f69665d7956c469e3b\"},\"headline\":\"Skre\u0107ete pozornost s tzv. bunjeva\u010dkog jezika, \u0161to je s nestalima?\",\"datePublished\":\"2021-05-08T20:59:28+00:00\",\"mainEntityOfPage\":{\"@id\":\"https:\\\/\\\/radioljubuski.ba\\\/index.php\\\/2021\\\/05\\\/08\\\/skrecete-pozornost-s-tzv-bunjevackog-jezika-sto-je-s-nestalima\\\/\"},\"wordCount\":775,\"publisher\":{\"@id\":\"https:\\\/\\\/radioljubuski.ba\\\/#organization\"},\"image\":{\"@id\":\"https:\\\/\\\/radioljubuski.ba\\\/index.php\\\/2021\\\/05\\\/08\\\/skrecete-pozornost-s-tzv-bunjevackog-jezika-sto-je-s-nestalima\\\/#primaryimage\"},\"thumbnailUrl\":\"https:\\\/\\\/radioljubuski.ba\\\/wp-content\\\/uploads\\\/2021\\\/05\\\/radman-vulin.png\",\"articleSection\":[\"BIH i regija\"],\"inLanguage\":\"hr\"},{\"@type\":\"WebPage\",\"@id\":\"https:\\\/\\\/radioljubuski.ba\\\/index.php\\\/2021\\\/05\\\/08\\\/skrecete-pozornost-s-tzv-bunjevackog-jezika-sto-je-s-nestalima\\\/\",\"url\":\"https:\\\/\\\/radioljubuski.ba\\\/index.php\\\/2021\\\/05\\\/08\\\/skrecete-pozornost-s-tzv-bunjevackog-jezika-sto-je-s-nestalima\\\/\",\"name\":\"Skre\u0107ete pozornost s tzv. bunjeva\u010dkog jezika, \u0161to je s nestalima? - RADIO LJUBU\u0160KI\",\"isPartOf\":{\"@id\":\"https:\\\/\\\/radioljubuski.ba\\\/#website\"},\"primaryImageOfPage\":{\"@id\":\"https:\\\/\\\/radioljubuski.ba\\\/index.php\\\/2021\\\/05\\\/08\\\/skrecete-pozornost-s-tzv-bunjevackog-jezika-sto-je-s-nestalima\\\/#primaryimage\"},\"image\":{\"@id\":\"https:\\\/\\\/radioljubuski.ba\\\/index.php\\\/2021\\\/05\\\/08\\\/skrecete-pozornost-s-tzv-bunjevackog-jezika-sto-je-s-nestalima\\\/#primaryimage\"},\"thumbnailUrl\":\"https:\\\/\\\/radioljubuski.ba\\\/wp-content\\\/uploads\\\/2021\\\/05\\\/radman-vulin.png\",\"datePublished\":\"2021-05-08T20:59:28+00:00\",\"breadcrumb\":{\"@id\":\"https:\\\/\\\/radioljubuski.ba\\\/index.php\\\/2021\\\/05\\\/08\\\/skrecete-pozornost-s-tzv-bunjevackog-jezika-sto-je-s-nestalima\\\/#breadcrumb\"},\"inLanguage\":\"hr\",\"potentialAction\":[{\"@type\":\"ReadAction\",\"target\":[\"https:\\\/\\\/radioljubuski.ba\\\/index.php\\\/2021\\\/05\\\/08\\\/skrecete-pozornost-s-tzv-bunjevackog-jezika-sto-je-s-nestalima\\\/\"]}]},{\"@type\":\"ImageObject\",\"inLanguage\":\"hr\",\"@id\":\"https:\\\/\\\/radioljubuski.ba\\\/index.php\\\/2021\\\/05\\\/08\\\/skrecete-pozornost-s-tzv-bunjevackog-jezika-sto-je-s-nestalima\\\/#primaryimage\",\"url\":\"https:\\\/\\\/radioljubuski.ba\\\/wp-content\\\/uploads\\\/2021\\\/05\\\/radman-vulin.png\",\"contentUrl\":\"https:\\\/\\\/radioljubuski.ba\\\/wp-content\\\/uploads\\\/2021\\\/05\\\/radman-vulin.png\",\"width\":840,\"height\":470},{\"@type\":\"BreadcrumbList\",\"@id\":\"https:\\\/\\\/radioljubuski.ba\\\/index.php\\\/2021\\\/05\\\/08\\\/skrecete-pozornost-s-tzv-bunjevackog-jezika-sto-je-s-nestalima\\\/#breadcrumb\",\"itemListElement\":[{\"@type\":\"ListItem\",\"position\":1,\"name\":\"Po\u010detna stranica\",\"item\":\"https:\\\/\\\/radioljubuski.ba\\\/\"},{\"@type\":\"ListItem\",\"position\":2,\"name\":\"Skre\u0107ete pozornost s tzv. bunjeva\u010dkog jezika, \u0161to je s nestalima?\"}]},{\"@type\":\"WebSite\",\"@id\":\"https:\\\/\\\/radioljubuski.ba\\\/#website\",\"url\":\"https:\\\/\\\/radioljubuski.ba\\\/\",\"name\":\"Radio Ljubu\u0161ki\",\"description\":\"Sun\u010dana frekvencija Hercegovine\",\"publisher\":{\"@id\":\"https:\\\/\\\/radioljubuski.ba\\\/#organization\"},\"potentialAction\":[{\"@type\":\"SearchAction\",\"target\":{\"@type\":\"EntryPoint\",\"urlTemplate\":\"https:\\\/\\\/radioljubuski.ba\\\/?s={search_term_string}\"},\"query-input\":{\"@type\":\"PropertyValueSpecification\",\"valueRequired\":true,\"valueName\":\"search_term_string\"}}],\"inLanguage\":\"hr\"},{\"@type\":\"Organization\",\"@id\":\"https:\\\/\\\/radioljubuski.ba\\\/#organization\",\"name\":\"Radio Ljubu\u0161ki\",\"url\":\"https:\\\/\\\/radioljubuski.ba\\\/\",\"logo\":{\"@type\":\"ImageObject\",\"inLanguage\":\"hr\",\"@id\":\"https:\\\/\\\/radioljubuski.ba\\\/#\\\/schema\\\/logo\\\/image\\\/\",\"url\":\"https:\\\/\\\/radioljubuski.ba\\\/wp-content\\\/uploads\\\/2021\\\/02\\\/cropped-Radio_Ljubuski_logo1.jpg\",\"contentUrl\":\"https:\\\/\\\/radioljubuski.ba\\\/wp-content\\\/uploads\\\/2021\\\/02\\\/cropped-Radio_Ljubuski_logo1.jpg\",\"width\":512,\"height\":512,\"caption\":\"Radio Ljubu\u0161ki\"},\"image\":{\"@id\":\"https:\\\/\\\/radioljubuski.ba\\\/#\\\/schema\\\/logo\\\/image\\\/\"},\"sameAs\":[\"https:\\\/\\\/www.facebook.com\\\/Radiio-Ljubuski-1490835324566332\",\"https:\\\/\\\/x.com\\\/radioljubuski\",\"https:\\\/\\\/hr.linkedin.com\\\/company\\\/radio-ljubuski\",\"https:\\\/\\\/www.youtube.com\\\/channel\\\/UCHYaeO_n0Db3tjNGudGpXyw\"]},{\"@type\":\"Person\",\"@id\":\"https:\\\/\\\/radioljubuski.ba\\\/#\\\/schema\\\/person\\\/19fc700381a780f69665d7956c469e3b\",\"name\":\"Radio Ljubu\u0161ki\"}]}<\/script>\n<!-- \/ Yoast SEO plugin. -->","yoast_head_json":{"title":"Skre\u0107ete pozornost s tzv. bunjeva\u010dkog jezika, \u0161to je s nestalima? - RADIO LJUBU\u0160KI","robots":{"index":"index","follow":"follow","max-snippet":"max-snippet:-1","max-image-preview":"max-image-preview:large","max-video-preview":"max-video-preview:-1"},"canonical":"https:\/\/radioljubuski.ba\/index.php\/2021\/05\/08\/skrecete-pozornost-s-tzv-bunjevackog-jezika-sto-je-s-nestalima\/","og_locale":"hr_HR","og_type":"article","og_title":"Skre\u0107ete pozornost s tzv. bunjeva\u010dkog jezika, \u0161to je s nestalima? - RADIO LJUBU\u0160KI","og_description":"Ministarstvo vanjskih i europskih poslova Hrvatske u petak je o\u0161tre izjave Beograda o pove\u0107anom anga\u017emanu vojnika RH na Kosovu nazvalo \u201chisteri\u010dnim spekulacijama\u201d kako bi se skrenula pozornost s inicijative s tzv. bunjeva\u010dkim jezikom, odnosno poku\u0161ajem razbijanja hrvatskog nacionalnog korpusa u Srbiji. Polemiku je izazvao srbijanski ministar unutarnjih poslova Aleksandar Vulin reakcijom na izjavu hrvatskog \u0161efa [&hellip;]","og_url":"https:\/\/radioljubuski.ba\/index.php\/2021\/05\/08\/skrecete-pozornost-s-tzv-bunjevackog-jezika-sto-je-s-nestalima\/","og_site_name":"RADIO LJUBU\u0160KI","article_publisher":"https:\/\/www.facebook.com\/Radiio-Ljubuski-1490835324566332","article_published_time":"2021-05-08T20:59:28+00:00","og_image":[{"width":840,"height":470,"url":"https:\/\/radioljubuski.ba\/wp-content\/uploads\/2021\/05\/radman-vulin.png","type":"image\/png"}],"author":"Radio Ljubu\u0161ki","twitter_card":"summary_large_image","twitter_creator":"@radioljubuski","twitter_site":"@radioljubuski","twitter_misc":{"Napisao\/la":"Radio Ljubu\u0161ki","Procijenjeno vrijeme \u010ditanja":"3 minute"},"schema":{"@context":"https:\/\/schema.org","@graph":[{"@type":"Article","@id":"https:\/\/radioljubuski.ba\/index.php\/2021\/05\/08\/skrecete-pozornost-s-tzv-bunjevackog-jezika-sto-je-s-nestalima\/#article","isPartOf":{"@id":"https:\/\/radioljubuski.ba\/index.php\/2021\/05\/08\/skrecete-pozornost-s-tzv-bunjevackog-jezika-sto-je-s-nestalima\/"},"author":{"name":"Radio Ljubu\u0161ki","@id":"https:\/\/radioljubuski.ba\/#\/schema\/person\/19fc700381a780f69665d7956c469e3b"},"headline":"Skre\u0107ete pozornost s tzv. bunjeva\u010dkog jezika, \u0161to je s nestalima?","datePublished":"2021-05-08T20:59:28+00:00","mainEntityOfPage":{"@id":"https:\/\/radioljubuski.ba\/index.php\/2021\/05\/08\/skrecete-pozornost-s-tzv-bunjevackog-jezika-sto-je-s-nestalima\/"},"wordCount":775,"publisher":{"@id":"https:\/\/radioljubuski.ba\/#organization"},"image":{"@id":"https:\/\/radioljubuski.ba\/index.php\/2021\/05\/08\/skrecete-pozornost-s-tzv-bunjevackog-jezika-sto-je-s-nestalima\/#primaryimage"},"thumbnailUrl":"https:\/\/radioljubuski.ba\/wp-content\/uploads\/2021\/05\/radman-vulin.png","articleSection":["BIH i regija"],"inLanguage":"hr"},{"@type":"WebPage","@id":"https:\/\/radioljubuski.ba\/index.php\/2021\/05\/08\/skrecete-pozornost-s-tzv-bunjevackog-jezika-sto-je-s-nestalima\/","url":"https:\/\/radioljubuski.ba\/index.php\/2021\/05\/08\/skrecete-pozornost-s-tzv-bunjevackog-jezika-sto-je-s-nestalima\/","name":"Skre\u0107ete pozornost s tzv. bunjeva\u010dkog jezika, \u0161to je s nestalima? - RADIO LJUBU\u0160KI","isPartOf":{"@id":"https:\/\/radioljubuski.ba\/#website"},"primaryImageOfPage":{"@id":"https:\/\/radioljubuski.ba\/index.php\/2021\/05\/08\/skrecete-pozornost-s-tzv-bunjevackog-jezika-sto-je-s-nestalima\/#primaryimage"},"image":{"@id":"https:\/\/radioljubuski.ba\/index.php\/2021\/05\/08\/skrecete-pozornost-s-tzv-bunjevackog-jezika-sto-je-s-nestalima\/#primaryimage"},"thumbnailUrl":"https:\/\/radioljubuski.ba\/wp-content\/uploads\/2021\/05\/radman-vulin.png","datePublished":"2021-05-08T20:59:28+00:00","breadcrumb":{"@id":"https:\/\/radioljubuski.ba\/index.php\/2021\/05\/08\/skrecete-pozornost-s-tzv-bunjevackog-jezika-sto-je-s-nestalima\/#breadcrumb"},"inLanguage":"hr","potentialAction":[{"@type":"ReadAction","target":["https:\/\/radioljubuski.ba\/index.php\/2021\/05\/08\/skrecete-pozornost-s-tzv-bunjevackog-jezika-sto-je-s-nestalima\/"]}]},{"@type":"ImageObject","inLanguage":"hr","@id":"https:\/\/radioljubuski.ba\/index.php\/2021\/05\/08\/skrecete-pozornost-s-tzv-bunjevackog-jezika-sto-je-s-nestalima\/#primaryimage","url":"https:\/\/radioljubuski.ba\/wp-content\/uploads\/2021\/05\/radman-vulin.png","contentUrl":"https:\/\/radioljubuski.ba\/wp-content\/uploads\/2021\/05\/radman-vulin.png","width":840,"height":470},{"@type":"BreadcrumbList","@id":"https:\/\/radioljubuski.ba\/index.php\/2021\/05\/08\/skrecete-pozornost-s-tzv-bunjevackog-jezika-sto-je-s-nestalima\/#breadcrumb","itemListElement":[{"@type":"ListItem","position":1,"name":"Po\u010detna stranica","item":"https:\/\/radioljubuski.ba\/"},{"@type":"ListItem","position":2,"name":"Skre\u0107ete pozornost s tzv. bunjeva\u010dkog jezika, \u0161to je s nestalima?"}]},{"@type":"WebSite","@id":"https:\/\/radioljubuski.ba\/#website","url":"https:\/\/radioljubuski.ba\/","name":"Radio Ljubu\u0161ki","description":"Sun\u010dana frekvencija Hercegovine","publisher":{"@id":"https:\/\/radioljubuski.ba\/#organization"},"potentialAction":[{"@type":"SearchAction","target":{"@type":"EntryPoint","urlTemplate":"https:\/\/radioljubuski.ba\/?s={search_term_string}"},"query-input":{"@type":"PropertyValueSpecification","valueRequired":true,"valueName":"search_term_string"}}],"inLanguage":"hr"},{"@type":"Organization","@id":"https:\/\/radioljubuski.ba\/#organization","name":"Radio Ljubu\u0161ki","url":"https:\/\/radioljubuski.ba\/","logo":{"@type":"ImageObject","inLanguage":"hr","@id":"https:\/\/radioljubuski.ba\/#\/schema\/logo\/image\/","url":"https:\/\/radioljubuski.ba\/wp-content\/uploads\/2021\/02\/cropped-Radio_Ljubuski_logo1.jpg","contentUrl":"https:\/\/radioljubuski.ba\/wp-content\/uploads\/2021\/02\/cropped-Radio_Ljubuski_logo1.jpg","width":512,"height":512,"caption":"Radio Ljubu\u0161ki"},"image":{"@id":"https:\/\/radioljubuski.ba\/#\/schema\/logo\/image\/"},"sameAs":["https:\/\/www.facebook.com\/Radiio-Ljubuski-1490835324566332","https:\/\/x.com\/radioljubuski","https:\/\/hr.linkedin.com\/company\/radio-ljubuski","https:\/\/www.youtube.com\/channel\/UCHYaeO_n0Db3tjNGudGpXyw"]},{"@type":"Person","@id":"https:\/\/radioljubuski.ba\/#\/schema\/person\/19fc700381a780f69665d7956c469e3b","name":"Radio Ljubu\u0161ki"}]}},"_links":{"self":[{"href":"https:\/\/radioljubuski.ba\/index.php\/wp-json\/wp\/v2\/posts\/19622","targetHints":{"allow":["GET"]}}],"collection":[{"href":"https:\/\/radioljubuski.ba\/index.php\/wp-json\/wp\/v2\/posts"}],"about":[{"href":"https:\/\/radioljubuski.ba\/index.php\/wp-json\/wp\/v2\/types\/post"}],"author":[{"embeddable":true,"href":"https:\/\/radioljubuski.ba\/index.php\/wp-json\/wp\/v2\/users\/2"}],"replies":[{"embeddable":true,"href":"https:\/\/radioljubuski.ba\/index.php\/wp-json\/wp\/v2\/comments?post=19622"}],"version-history":[{"count":1,"href":"https:\/\/radioljubuski.ba\/index.php\/wp-json\/wp\/v2\/posts\/19622\/revisions"}],"predecessor-version":[{"id":19624,"href":"https:\/\/radioljubuski.ba\/index.php\/wp-json\/wp\/v2\/posts\/19622\/revisions\/19624"}],"wp:featuredmedia":[{"embeddable":true,"href":"https:\/\/radioljubuski.ba\/index.php\/wp-json\/wp\/v2\/media\/19623"}],"wp:attachment":[{"href":"https:\/\/radioljubuski.ba\/index.php\/wp-json\/wp\/v2\/media?parent=19622"}],"wp:term":[{"taxonomy":"category","embeddable":true,"href":"https:\/\/radioljubuski.ba\/index.php\/wp-json\/wp\/v2\/categories?post=19622"},{"taxonomy":"post_tag","embeddable":true,"href":"https:\/\/radioljubuski.ba\/index.php\/wp-json\/wp\/v2\/tags?post=19622"}],"curies":[{"name":"wp","href":"https:\/\/api.w.org\/{rel}","templated":true}]}}