{"id":19625,"date":"2021-05-08T22:01:54","date_gmt":"2021-05-08T21:01:54","guid":{"rendered":"https:\/\/radioljubuski.ba\/?p=19625"},"modified":"2021-05-08T22:01:55","modified_gmt":"2021-05-08T21:01:55","slug":"milanovic-ne-znaju-kako-da-se-izvuku-iz-klopke-u-koju-su-sami-upali-s-milosevicevim-orgijanjem-po-kosovu","status":"publish","type":"post","link":"https:\/\/radioljubuski.ba\/index.php\/2021\/05\/08\/milanovic-ne-znaju-kako-da-se-izvuku-iz-klopke-u-koju-su-sami-upali-s-milosevicevim-orgijanjem-po-kosovu\/","title":{"rendered":"Milanovi\u0107: Ne znaju kako da se izvuku iz klopke u koju su sami upali s Milo\u0161evi\u0107evim orgijanjem po Kosovu"},"content":{"rendered":"\n<p><strong>Hrvatski predsjednik Zoran Milanovi\u0107 rekao je u subotu da pove\u0107anje broja hrvatskih vojnika na Kosovu nije \u201cnikakva provokacija\u201d Srbije, ve\u0107 da srpske vlasti ne znaju \u201ckako da se izvuku iz klopke u koju su sami upali prije 30 godina s Milo\u0161evi\u0107evim orgijanjem po Kosovu koji je izazvao rat u Jugoslaviji\u201d.<\/strong><\/p>\n\n\n\n<p>\u201cNije to nikakva provokacija Srbiji. Srpske vlasti ne znaju kako da se izvuku iz te klopke u koju su sami upali prije 30 godina s Milo\u0161evi\u0107evim orgijanjem po Kosovu koji je izazvao rat u Jugoslaviji i ne znaju kako iza\u0107i iz toga. To je kao rad nedjeljom, ne, konstantno manipuliraju s tim. Ali rad nedjeljom je jedna benigna tema, a pitanje neovisnosti i polo\u017eaja albanskog naroda je tema koja je dovela do rata i to nekoliko ratova\u201d, rekao je Milanovi\u0107 novinarima u \u0110akovu.<\/p>\n\n\n\n<p>Srbijanski predsjednik Aleksandar Vu\u010di\u0107 rekao je u petak da Srbija \u017eeli imati dobre i korektne odnose sa svima u okru\u017eenju, a postupci i izjave iz Hrvatske nisu izraz po\u0161tovanja prema Srbiji ve\u0107 poku\u0161aj da je ponizi.<\/p>\n\n\n\n<p>Vu\u010di\u0107 je ustvrdio kako je Hrvatska mogla odbiti KFOR te da je takva odluka donesena da bi se \u201cdodatno ponizilo Srbiju\u201d.<\/p>\n\n\n\n<p>No Milanovi\u0107 je podsjetio da je hrvatska vojska na Kosovu ve\u0107 godinama, a sad je prisutnost pove\u0107ana nakon \u0161to su hrvatski vojnici napustili Afganistan.<\/p>\n\n\n\n<p>\u201cJa sam ve\u0107 potpisao tu zapovijed, ali sad da sam znao da ih to toliko smeta, mo\u017eda bismo razgovarali, bez ruganja\u201d, rekao je hrvatski predsjednik.<\/p>\n\n\n\n<p>\u0160to se ti\u010de prisutnosti hrvatskih vojnika u drugim zemljama, rekao je da hrvatski vojnici ne moraju uvijek negdje biti i da im je primarna zada\u0107a \u0161tititi Hrvatsku.<\/p>\n\n\n\n<p>\u201cHrvatski vojnici su prije svega tu da \u0161tite Hrvatsku. To im je glavna i jedina osnovna zada\u0107a, a ovi drugi oblici suradnje su dobrodo\u0161li\u201d, rekao je vrhovni zapovjednik oru\u017eanih snaga RH.<\/p>\n\n\n\n<p>Dodao je da nije mislio da \u0107e \u201cljude u Beogradu, konkretno Vu\u010di\u0107a\u201d smetati pove\u0107ana prisutnost hrvatskih vojnika na Kosovu.<\/p>\n\n\n\n<p>\u201cKosovo je dr\u017eava koju je priznala prakti\u010dki cijela EU, osim pet dr\u017eava od kojih dvije razumijem za\u0161to nisu, a za tri ne razumijem jer sam to pratio i razgovarao s premijerima i predsjednicima svojevremeno vi\u0161e puta\u201d, rekao je Milanovi\u0107.<\/p>\n\n\n\n<p>Cipar, Gr\u010dka, Rumunjska, \u0160panjolska i Slova\u010dka \u010dlanice su EU-a koje nisu priznale neovisnost Kosova.<\/p>\n\n\n\n<p>Milanovi\u0107 pove\u0107anu prisutnost vojnika na Kosovu odbacuje kao provokaciju, a reakciju Srbije opisuje kao \u201cna\u010din da svoje bira\u010de dr\u017ee u tenziji jednog nezavr\u0161enog rata \u0161to rade ve\u0107 30 godina\u201d, a \u0161to smatra nezdravim.<\/p>\n\n\n\n<p>\u201cHrvatska je imala ogromnu \u0161tetu od rata. Emotivno i materijalno. Srbija puno ve\u0107u. Ja sam hrvatski predsjednik, nisam predsjednik Srbije, ali ne mo\u017ee\u0161 ne vidjeti. Koliko god se \u0110akovo nije razvijalo kako je trebalo i postalo jo\u0161 bogatije, toliko je Para\u0107in na\u017ealost stao tamo di je bio 80-ih godina\u201d, rekao je Milanovi\u0107.<\/p>\n\n\n\n<p><strong>Hrvatska i Srbija nisu u ravnopravnom polo\u017eaju<\/strong><\/p>\n\n\n\n<p>Predsjednik najmla\u0111e \u010dlanice EU-a poru\u010dio je da srpske vlasti \u201csve rade da ne u\u0111u u Europsku uniju, a kao pregovaraju\u201d.<\/p>\n\n\n\n<p>\u201cMi nismo u ravnopravnom polo\u017eaju. Mi smo \u010dlanica EU-a, oni nisu. I ako \u017eele u\u0107i moramo razgovarati. Nama nije padalo na pamet da se tako bezobrazno i drsko ophodimo s dr\u017eavama; sa Slovenijom koja je manja od Hrvatske, ali je bila \u010dlanica EU-a\u201d.<\/p>\n\n\n\n<p>Srbija ima status kandidatkinje za EU od 2012. godine, pristupni pregovori traju od 2014., a privremeno je zatvorila tek dva poglavlja.<\/p>\n\n\n\n<p>\u201cMi nismo u istom polo\u017eaju. Ja ne \u017eelim taj polo\u017eaj koristiti za ucjenjivanje, ali imam dojam da na drugoj strani uop\u0107e ne postoji stvarna ambicija da Srbija za 15 godina u\u0111e u EU. To je mo\u017eda zato \u0161to bi svi koji sad vladaju Srbijom, morali tra\u017eiti domovinu negdje drugdje\u201d, dodao je Milanovi\u0107.<\/p>\n\n\n\n<p>&nbsp;\/HMS\/<\/p>\n","protected":false},"excerpt":{"rendered":"<p>Hrvatski predsjednik Zoran Milanovi\u0107 rekao je u subotu da pove\u0107anje broja hrvatskih vojnika na Kosovu nije \u201cnikakva provokacija\u201d Srbije, ve\u0107 da srpske vlasti ne znaju \u201ckako da se izvuku iz klopke u koju su sami upali prije 30 godina s Milo\u0161evi\u0107evim orgijanjem po Kosovu koji je izazvao rat u Jugoslaviji\u201d. \u201cNije to nikakva provokacija Srbiji. [&hellip;]<\/p>\n","protected":false},"author":2,"featured_media":0,"comment_status":"closed","ping_status":"closed","sticky":false,"template":"","format":"standard","meta":{"h5ap_radio_sources":[],"footnotes":""},"categories":[1],"tags":[],"class_list":["post-19625","post","type-post","status-publish","format-standard","hentry","category-bihiregija"],"yoast_head":"<!-- This site is optimized with the Yoast SEO plugin v27.5 - https:\/\/yoast.com\/product\/yoast-seo-wordpress\/ -->\n<title>Milanovi\u0107: Ne znaju kako da se izvuku iz klopke u koju su sami upali s Milo\u0161evi\u0107evim orgijanjem po Kosovu - RADIO LJUBU\u0160KI<\/title>\n<meta name=\"robots\" content=\"index, follow, max-snippet:-1, max-image-preview:large, max-video-preview:-1\" \/>\n<link rel=\"canonical\" href=\"https:\/\/radioljubuski.ba\/index.php\/2021\/05\/08\/milanovic-ne-znaju-kako-da-se-izvuku-iz-klopke-u-koju-su-sami-upali-s-milosevicevim-orgijanjem-po-kosovu\/\" \/>\n<meta property=\"og:locale\" content=\"hr_HR\" \/>\n<meta property=\"og:type\" content=\"article\" \/>\n<meta property=\"og:title\" content=\"Milanovi\u0107: Ne znaju kako da se izvuku iz klopke u koju su sami upali s Milo\u0161evi\u0107evim orgijanjem po Kosovu - RADIO LJUBU\u0160KI\" \/>\n<meta property=\"og:description\" content=\"Hrvatski predsjednik Zoran Milanovi\u0107 rekao je u subotu da pove\u0107anje broja hrvatskih vojnika na Kosovu nije \u201cnikakva provokacija\u201d Srbije, ve\u0107 da srpske vlasti ne znaju \u201ckako da se izvuku iz klopke u koju su sami upali prije 30 godina s Milo\u0161evi\u0107evim orgijanjem po Kosovu koji je izazvao rat u Jugoslaviji\u201d. \u201cNije to nikakva provokacija Srbiji. [&hellip;]\" \/>\n<meta property=\"og:url\" content=\"https:\/\/radioljubuski.ba\/index.php\/2021\/05\/08\/milanovic-ne-znaju-kako-da-se-izvuku-iz-klopke-u-koju-su-sami-upali-s-milosevicevim-orgijanjem-po-kosovu\/\" \/>\n<meta property=\"og:site_name\" content=\"RADIO LJUBU\u0160KI\" \/>\n<meta property=\"article:publisher\" content=\"https:\/\/www.facebook.com\/Radiio-Ljubuski-1490835324566332\" \/>\n<meta property=\"article:published_time\" content=\"2021-05-08T21:01:54+00:00\" \/>\n<meta property=\"article:modified_time\" content=\"2021-05-08T21:01:55+00:00\" \/>\n<meta property=\"og:image\" content=\"https:\/\/radioljubuski.ba\/wp-content\/uploads\/2021\/04\/HN20210422002901.jpg\" \/>\n\t<meta property=\"og:image:width\" content=\"1024\" \/>\n\t<meta property=\"og:image:height\" content=\"723\" \/>\n\t<meta property=\"og:image:type\" content=\"image\/jpeg\" \/>\n<meta name=\"author\" content=\"Radio Ljubu\u0161ki\" \/>\n<meta name=\"twitter:card\" content=\"summary_large_image\" \/>\n<meta name=\"twitter:creator\" content=\"@radioljubuski\" \/>\n<meta name=\"twitter:site\" content=\"@radioljubuski\" \/>\n<meta name=\"twitter:label1\" content=\"Napisao\/la\" \/>\n\t<meta name=\"twitter:data1\" content=\"Radio Ljubu\u0161ki\" \/>\n\t<meta name=\"twitter:label2\" content=\"Procijenjeno vrijeme \u010ditanja\" \/>\n\t<meta name=\"twitter:data2\" content=\"3 minute\" \/>\n<script type=\"application\/ld+json\" class=\"yoast-schema-graph\">{\"@context\":\"https:\\\/\\\/schema.org\",\"@graph\":[{\"@type\":\"Article\",\"@id\":\"https:\\\/\\\/radioljubuski.ba\\\/index.php\\\/2021\\\/05\\\/08\\\/milanovic-ne-znaju-kako-da-se-izvuku-iz-klopke-u-koju-su-sami-upali-s-milosevicevim-orgijanjem-po-kosovu\\\/#article\",\"isPartOf\":{\"@id\":\"https:\\\/\\\/radioljubuski.ba\\\/index.php\\\/2021\\\/05\\\/08\\\/milanovic-ne-znaju-kako-da-se-izvuku-iz-klopke-u-koju-su-sami-upali-s-milosevicevim-orgijanjem-po-kosovu\\\/\"},\"author\":{\"name\":\"Radio Ljubu\u0161ki\",\"@id\":\"https:\\\/\\\/radioljubuski.ba\\\/#\\\/schema\\\/person\\\/19fc700381a780f69665d7956c469e3b\"},\"headline\":\"Milanovi\u0107: Ne znaju kako da se izvuku iz klopke u koju su sami upali s Milo\u0161evi\u0107evim orgijanjem po Kosovu\",\"datePublished\":\"2021-05-08T21:01:54+00:00\",\"dateModified\":\"2021-05-08T21:01:55+00:00\",\"mainEntityOfPage\":{\"@id\":\"https:\\\/\\\/radioljubuski.ba\\\/index.php\\\/2021\\\/05\\\/08\\\/milanovic-ne-znaju-kako-da-se-izvuku-iz-klopke-u-koju-su-sami-upali-s-milosevicevim-orgijanjem-po-kosovu\\\/\"},\"wordCount\":665,\"publisher\":{\"@id\":\"https:\\\/\\\/radioljubuski.ba\\\/#organization\"},\"articleSection\":[\"BIH i regija\"],\"inLanguage\":\"hr\"},{\"@type\":\"WebPage\",\"@id\":\"https:\\\/\\\/radioljubuski.ba\\\/index.php\\\/2021\\\/05\\\/08\\\/milanovic-ne-znaju-kako-da-se-izvuku-iz-klopke-u-koju-su-sami-upali-s-milosevicevim-orgijanjem-po-kosovu\\\/\",\"url\":\"https:\\\/\\\/radioljubuski.ba\\\/index.php\\\/2021\\\/05\\\/08\\\/milanovic-ne-znaju-kako-da-se-izvuku-iz-klopke-u-koju-su-sami-upali-s-milosevicevim-orgijanjem-po-kosovu\\\/\",\"name\":\"Milanovi\u0107: Ne znaju kako da se izvuku iz klopke u koju su sami upali s Milo\u0161evi\u0107evim orgijanjem po Kosovu - RADIO LJUBU\u0160KI\",\"isPartOf\":{\"@id\":\"https:\\\/\\\/radioljubuski.ba\\\/#website\"},\"datePublished\":\"2021-05-08T21:01:54+00:00\",\"dateModified\":\"2021-05-08T21:01:55+00:00\",\"breadcrumb\":{\"@id\":\"https:\\\/\\\/radioljubuski.ba\\\/index.php\\\/2021\\\/05\\\/08\\\/milanovic-ne-znaju-kako-da-se-izvuku-iz-klopke-u-koju-su-sami-upali-s-milosevicevim-orgijanjem-po-kosovu\\\/#breadcrumb\"},\"inLanguage\":\"hr\",\"potentialAction\":[{\"@type\":\"ReadAction\",\"target\":[\"https:\\\/\\\/radioljubuski.ba\\\/index.php\\\/2021\\\/05\\\/08\\\/milanovic-ne-znaju-kako-da-se-izvuku-iz-klopke-u-koju-su-sami-upali-s-milosevicevim-orgijanjem-po-kosovu\\\/\"]}]},{\"@type\":\"BreadcrumbList\",\"@id\":\"https:\\\/\\\/radioljubuski.ba\\\/index.php\\\/2021\\\/05\\\/08\\\/milanovic-ne-znaju-kako-da-se-izvuku-iz-klopke-u-koju-su-sami-upali-s-milosevicevim-orgijanjem-po-kosovu\\\/#breadcrumb\",\"itemListElement\":[{\"@type\":\"ListItem\",\"position\":1,\"name\":\"Po\u010detna stranica\",\"item\":\"https:\\\/\\\/radioljubuski.ba\\\/\"},{\"@type\":\"ListItem\",\"position\":2,\"name\":\"Milanovi\u0107: Ne znaju kako da se izvuku iz klopke u koju su sami upali s Milo\u0161evi\u0107evim orgijanjem po Kosovu\"}]},{\"@type\":\"WebSite\",\"@id\":\"https:\\\/\\\/radioljubuski.ba\\\/#website\",\"url\":\"https:\\\/\\\/radioljubuski.ba\\\/\",\"name\":\"Radio Ljubu\u0161ki\",\"description\":\"Sun\u010dana frekvencija Hercegovine\",\"publisher\":{\"@id\":\"https:\\\/\\\/radioljubuski.ba\\\/#organization\"},\"potentialAction\":[{\"@type\":\"SearchAction\",\"target\":{\"@type\":\"EntryPoint\",\"urlTemplate\":\"https:\\\/\\\/radioljubuski.ba\\\/?s={search_term_string}\"},\"query-input\":{\"@type\":\"PropertyValueSpecification\",\"valueRequired\":true,\"valueName\":\"search_term_string\"}}],\"inLanguage\":\"hr\"},{\"@type\":\"Organization\",\"@id\":\"https:\\\/\\\/radioljubuski.ba\\\/#organization\",\"name\":\"Radio Ljubu\u0161ki\",\"url\":\"https:\\\/\\\/radioljubuski.ba\\\/\",\"logo\":{\"@type\":\"ImageObject\",\"inLanguage\":\"hr\",\"@id\":\"https:\\\/\\\/radioljubuski.ba\\\/#\\\/schema\\\/logo\\\/image\\\/\",\"url\":\"https:\\\/\\\/radioljubuski.ba\\\/wp-content\\\/uploads\\\/2021\\\/02\\\/cropped-Radio_Ljubuski_logo1.jpg\",\"contentUrl\":\"https:\\\/\\\/radioljubuski.ba\\\/wp-content\\\/uploads\\\/2021\\\/02\\\/cropped-Radio_Ljubuski_logo1.jpg\",\"width\":512,\"height\":512,\"caption\":\"Radio Ljubu\u0161ki\"},\"image\":{\"@id\":\"https:\\\/\\\/radioljubuski.ba\\\/#\\\/schema\\\/logo\\\/image\\\/\"},\"sameAs\":[\"https:\\\/\\\/www.facebook.com\\\/Radiio-Ljubuski-1490835324566332\",\"https:\\\/\\\/x.com\\\/radioljubuski\",\"https:\\\/\\\/hr.linkedin.com\\\/company\\\/radio-ljubuski\",\"https:\\\/\\\/www.youtube.com\\\/channel\\\/UCHYaeO_n0Db3tjNGudGpXyw\"]},{\"@type\":\"Person\",\"@id\":\"https:\\\/\\\/radioljubuski.ba\\\/#\\\/schema\\\/person\\\/19fc700381a780f69665d7956c469e3b\",\"name\":\"Radio Ljubu\u0161ki\"}]}<\/script>\n<!-- \/ Yoast SEO plugin. -->","yoast_head_json":{"title":"Milanovi\u0107: Ne znaju kako da se izvuku iz klopke u koju su sami upali s Milo\u0161evi\u0107evim orgijanjem po Kosovu - RADIO LJUBU\u0160KI","robots":{"index":"index","follow":"follow","max-snippet":"max-snippet:-1","max-image-preview":"max-image-preview:large","max-video-preview":"max-video-preview:-1"},"canonical":"https:\/\/radioljubuski.ba\/index.php\/2021\/05\/08\/milanovic-ne-znaju-kako-da-se-izvuku-iz-klopke-u-koju-su-sami-upali-s-milosevicevim-orgijanjem-po-kosovu\/","og_locale":"hr_HR","og_type":"article","og_title":"Milanovi\u0107: Ne znaju kako da se izvuku iz klopke u koju su sami upali s Milo\u0161evi\u0107evim orgijanjem po Kosovu - RADIO LJUBU\u0160KI","og_description":"Hrvatski predsjednik Zoran Milanovi\u0107 rekao je u subotu da pove\u0107anje broja hrvatskih vojnika na Kosovu nije \u201cnikakva provokacija\u201d Srbije, ve\u0107 da srpske vlasti ne znaju \u201ckako da se izvuku iz klopke u koju su sami upali prije 30 godina s Milo\u0161evi\u0107evim orgijanjem po Kosovu koji je izazvao rat u Jugoslaviji\u201d. \u201cNije to nikakva provokacija Srbiji. [&hellip;]","og_url":"https:\/\/radioljubuski.ba\/index.php\/2021\/05\/08\/milanovic-ne-znaju-kako-da-se-izvuku-iz-klopke-u-koju-su-sami-upali-s-milosevicevim-orgijanjem-po-kosovu\/","og_site_name":"RADIO LJUBU\u0160KI","article_publisher":"https:\/\/www.facebook.com\/Radiio-Ljubuski-1490835324566332","article_published_time":"2021-05-08T21:01:54+00:00","article_modified_time":"2021-05-08T21:01:55+00:00","og_image":[{"width":1024,"height":723,"url":"https:\/\/radioljubuski.ba\/wp-content\/uploads\/2021\/04\/HN20210422002901.jpg","type":"image\/jpeg"}],"author":"Radio Ljubu\u0161ki","twitter_card":"summary_large_image","twitter_creator":"@radioljubuski","twitter_site":"@radioljubuski","twitter_misc":{"Napisao\/la":"Radio Ljubu\u0161ki","Procijenjeno vrijeme \u010ditanja":"3 minute"},"schema":{"@context":"https:\/\/schema.org","@graph":[{"@type":"Article","@id":"https:\/\/radioljubuski.ba\/index.php\/2021\/05\/08\/milanovic-ne-znaju-kako-da-se-izvuku-iz-klopke-u-koju-su-sami-upali-s-milosevicevim-orgijanjem-po-kosovu\/#article","isPartOf":{"@id":"https:\/\/radioljubuski.ba\/index.php\/2021\/05\/08\/milanovic-ne-znaju-kako-da-se-izvuku-iz-klopke-u-koju-su-sami-upali-s-milosevicevim-orgijanjem-po-kosovu\/"},"author":{"name":"Radio Ljubu\u0161ki","@id":"https:\/\/radioljubuski.ba\/#\/schema\/person\/19fc700381a780f69665d7956c469e3b"},"headline":"Milanovi\u0107: Ne znaju kako da se izvuku iz klopke u koju su sami upali s Milo\u0161evi\u0107evim orgijanjem po Kosovu","datePublished":"2021-05-08T21:01:54+00:00","dateModified":"2021-05-08T21:01:55+00:00","mainEntityOfPage":{"@id":"https:\/\/radioljubuski.ba\/index.php\/2021\/05\/08\/milanovic-ne-znaju-kako-da-se-izvuku-iz-klopke-u-koju-su-sami-upali-s-milosevicevim-orgijanjem-po-kosovu\/"},"wordCount":665,"publisher":{"@id":"https:\/\/radioljubuski.ba\/#organization"},"articleSection":["BIH i regija"],"inLanguage":"hr"},{"@type":"WebPage","@id":"https:\/\/radioljubuski.ba\/index.php\/2021\/05\/08\/milanovic-ne-znaju-kako-da-se-izvuku-iz-klopke-u-koju-su-sami-upali-s-milosevicevim-orgijanjem-po-kosovu\/","url":"https:\/\/radioljubuski.ba\/index.php\/2021\/05\/08\/milanovic-ne-znaju-kako-da-se-izvuku-iz-klopke-u-koju-su-sami-upali-s-milosevicevim-orgijanjem-po-kosovu\/","name":"Milanovi\u0107: Ne znaju kako da se izvuku iz klopke u koju su sami upali s Milo\u0161evi\u0107evim orgijanjem po Kosovu - RADIO LJUBU\u0160KI","isPartOf":{"@id":"https:\/\/radioljubuski.ba\/#website"},"datePublished":"2021-05-08T21:01:54+00:00","dateModified":"2021-05-08T21:01:55+00:00","breadcrumb":{"@id":"https:\/\/radioljubuski.ba\/index.php\/2021\/05\/08\/milanovic-ne-znaju-kako-da-se-izvuku-iz-klopke-u-koju-su-sami-upali-s-milosevicevim-orgijanjem-po-kosovu\/#breadcrumb"},"inLanguage":"hr","potentialAction":[{"@type":"ReadAction","target":["https:\/\/radioljubuski.ba\/index.php\/2021\/05\/08\/milanovic-ne-znaju-kako-da-se-izvuku-iz-klopke-u-koju-su-sami-upali-s-milosevicevim-orgijanjem-po-kosovu\/"]}]},{"@type":"BreadcrumbList","@id":"https:\/\/radioljubuski.ba\/index.php\/2021\/05\/08\/milanovic-ne-znaju-kako-da-se-izvuku-iz-klopke-u-koju-su-sami-upali-s-milosevicevim-orgijanjem-po-kosovu\/#breadcrumb","itemListElement":[{"@type":"ListItem","position":1,"name":"Po\u010detna stranica","item":"https:\/\/radioljubuski.ba\/"},{"@type":"ListItem","position":2,"name":"Milanovi\u0107: Ne znaju kako da se izvuku iz klopke u koju su sami upali s Milo\u0161evi\u0107evim orgijanjem po Kosovu"}]},{"@type":"WebSite","@id":"https:\/\/radioljubuski.ba\/#website","url":"https:\/\/radioljubuski.ba\/","name":"Radio Ljubu\u0161ki","description":"Sun\u010dana frekvencija Hercegovine","publisher":{"@id":"https:\/\/radioljubuski.ba\/#organization"},"potentialAction":[{"@type":"SearchAction","target":{"@type":"EntryPoint","urlTemplate":"https:\/\/radioljubuski.ba\/?s={search_term_string}"},"query-input":{"@type":"PropertyValueSpecification","valueRequired":true,"valueName":"search_term_string"}}],"inLanguage":"hr"},{"@type":"Organization","@id":"https:\/\/radioljubuski.ba\/#organization","name":"Radio Ljubu\u0161ki","url":"https:\/\/radioljubuski.ba\/","logo":{"@type":"ImageObject","inLanguage":"hr","@id":"https:\/\/radioljubuski.ba\/#\/schema\/logo\/image\/","url":"https:\/\/radioljubuski.ba\/wp-content\/uploads\/2021\/02\/cropped-Radio_Ljubuski_logo1.jpg","contentUrl":"https:\/\/radioljubuski.ba\/wp-content\/uploads\/2021\/02\/cropped-Radio_Ljubuski_logo1.jpg","width":512,"height":512,"caption":"Radio Ljubu\u0161ki"},"image":{"@id":"https:\/\/radioljubuski.ba\/#\/schema\/logo\/image\/"},"sameAs":["https:\/\/www.facebook.com\/Radiio-Ljubuski-1490835324566332","https:\/\/x.com\/radioljubuski","https:\/\/hr.linkedin.com\/company\/radio-ljubuski","https:\/\/www.youtube.com\/channel\/UCHYaeO_n0Db3tjNGudGpXyw"]},{"@type":"Person","@id":"https:\/\/radioljubuski.ba\/#\/schema\/person\/19fc700381a780f69665d7956c469e3b","name":"Radio Ljubu\u0161ki"}]}},"_links":{"self":[{"href":"https:\/\/radioljubuski.ba\/index.php\/wp-json\/wp\/v2\/posts\/19625","targetHints":{"allow":["GET"]}}],"collection":[{"href":"https:\/\/radioljubuski.ba\/index.php\/wp-json\/wp\/v2\/posts"}],"about":[{"href":"https:\/\/radioljubuski.ba\/index.php\/wp-json\/wp\/v2\/types\/post"}],"author":[{"embeddable":true,"href":"https:\/\/radioljubuski.ba\/index.php\/wp-json\/wp\/v2\/users\/2"}],"replies":[{"embeddable":true,"href":"https:\/\/radioljubuski.ba\/index.php\/wp-json\/wp\/v2\/comments?post=19625"}],"version-history":[{"count":1,"href":"https:\/\/radioljubuski.ba\/index.php\/wp-json\/wp\/v2\/posts\/19625\/revisions"}],"predecessor-version":[{"id":19626,"href":"https:\/\/radioljubuski.ba\/index.php\/wp-json\/wp\/v2\/posts\/19625\/revisions\/19626"}],"wp:attachment":[{"href":"https:\/\/radioljubuski.ba\/index.php\/wp-json\/wp\/v2\/media?parent=19625"}],"wp:term":[{"taxonomy":"category","embeddable":true,"href":"https:\/\/radioljubuski.ba\/index.php\/wp-json\/wp\/v2\/categories?post=19625"},{"taxonomy":"post_tag","embeddable":true,"href":"https:\/\/radioljubuski.ba\/index.php\/wp-json\/wp\/v2\/tags?post=19625"}],"curies":[{"name":"wp","href":"https:\/\/api.w.org\/{rel}","templated":true}]}}