{"id":196781,"date":"2023-10-18T13:47:01","date_gmt":"2023-10-18T12:47:01","guid":{"rendered":"https:\/\/radioljubuski.ba\/?p=196781"},"modified":"2023-10-18T13:47:02","modified_gmt":"2023-10-18T12:47:02","slug":"aktivnosti-u-mz-vojnici","status":"publish","type":"post","link":"https:\/\/radioljubuski.ba\/index.php\/2023\/10\/18\/aktivnosti-u-mz-vojnici\/","title":{"rendered":"Aktivnosti u MZ Vojni\u0107i"},"content":{"rendered":"\n<p>Mjesna zajednica Vojni\u0107i je na svojoj facebook stranici \u201eVojni\u0107ani i prijatelji\u201c, u interesu javnosti, izvijestila o svojim posljednjim aktivnostima.<\/p>\n\n\n\n<p>&#8211; aktivnost u svezi dovr\u0161etka javne rasvjete je u zavr\u0161noj fazi i o\u010dekujemo da ona proradi kroz \u010ditavo mjesto<\/p>\n\n\n\n<p>&#8211; postavljeni su nu\u017eni prometni znakovi- putokazi (obavijesne plo\u010de) s nazivima naseljenih mjesta Vojni\u0107i, Vodice, Dole i Greda na va\u017enijim kri\u017eanjima lokalnih cesta.<\/p>\n\n\n\n<p>Nedostaju jo\u0161 dva prometna znaka iz pravca regionalne ceste Veljaci i raskri\u017eje kod biv\u0161e trgovine Trgocoop Veljaci ali \u0107e se i to rije\u0161iti<\/p>\n\n\n\n<figure class=\"wp-block-image size-full\"><img loading=\"lazy\" decoding=\"async\" width=\"424\" height=\"312\" src=\"https:\/\/radioljubuski.ba\/wp-content\/uploads\/2023\/10\/vojnici1.png\" alt=\"\" class=\"wp-image-196783\" srcset=\"https:\/\/radioljubuski.ba\/wp-content\/uploads\/2023\/10\/vojnici1.png 424w, https:\/\/radioljubuski.ba\/wp-content\/uploads\/2023\/10\/vojnici1-300x221.png 300w, https:\/\/radioljubuski.ba\/wp-content\/uploads\/2023\/10\/vojnici1-16x12.png 16w\" sizes=\"auto, (max-width: 424px) 100vw, 424px\" \/><\/figure>\n\n\n\n<p>-Izvr\u0161eno je \u010di\u0161\u0107enje raslinja uz poljske ceste kroz Vojni\u0107ko polje i to na dionicama Lekina mala &#8211; Gra\u010dine- izlaz zapad prema Dzaji\u0107a ku\u0107ama i Lekina mala- Gu\u0107alovine &#8211; Pr\u0161ura prema Nikol\u010di\u0107a ku\u0107ama.<\/p>\n\n\n\n<p>O daljim aktivnostima \u0107emo i dalje izvje\u0161\u0107ivati na\u0161e mje\u0161tane \u2013 navodi se u objavi.<\/p>\n\n\n\n<p>Izvor: facebook\/ Vojni\u0107ani i prijatelji<\/p>\n\n\n\n<p>Radio Ljubu\u0161ki<\/p>\n","protected":false},"excerpt":{"rendered":"<p>Mjesna zajednica Vojni\u0107i je na svojoj facebook stranici \u201eVojni\u0107ani i prijatelji\u201c, u interesu javnosti, izvijestila o svojim posljednjim aktivnostima. &#8211; aktivnost u svezi dovr\u0161etka javne rasvjete je u zavr\u0161noj fazi i o\u010dekujemo da ona proradi kroz \u010ditavo mjesto &#8211; postavljeni su nu\u017eni prometni znakovi- putokazi (obavijesne plo\u010de) s nazivima naseljenih mjesta Vojni\u0107i, Vodice, Dole i [&hellip;]<\/p>\n","protected":false},"author":2,"featured_media":196782,"comment_status":"closed","ping_status":"closed","sticky":false,"template":"","format":"standard","meta":{"h5ap_radio_sources":[],"footnotes":""},"categories":[3,28],"tags":[],"class_list":["post-196781","post","type-post","status-publish","format-standard","has-post-thumbnail","hentry","category-ljubuski","category-novosti"],"yoast_head":"<!-- This site is optimized with the Yoast SEO plugin v27.4 - https:\/\/yoast.com\/product\/yoast-seo-wordpress\/ -->\n<title>Aktivnosti u MZ Vojni\u0107i - RADIO LJUBU\u0160KI<\/title>\n<meta name=\"robots\" content=\"index, follow, max-snippet:-1, max-image-preview:large, max-video-preview:-1\" \/>\n<link rel=\"canonical\" href=\"https:\/\/radioljubuski.ba\/index.php\/2023\/10\/18\/aktivnosti-u-mz-vojnici\/\" \/>\n<meta property=\"og:locale\" content=\"hr_HR\" \/>\n<meta property=\"og:type\" content=\"article\" \/>\n<meta property=\"og:title\" content=\"Aktivnosti u MZ Vojni\u0107i - RADIO LJUBU\u0160KI\" \/>\n<meta property=\"og:description\" content=\"Mjesna zajednica Vojni\u0107i je na svojoj facebook stranici \u201eVojni\u0107ani i prijatelji\u201c, u interesu javnosti, izvijestila o svojim posljednjim aktivnostima. &#8211; aktivnost u svezi dovr\u0161etka javne rasvjete je u zavr\u0161noj fazi i o\u010dekujemo da ona proradi kroz \u010ditavo mjesto &#8211; postavljeni su nu\u017eni prometni znakovi- putokazi (obavijesne plo\u010de) s nazivima naseljenih mjesta Vojni\u0107i, Vodice, Dole i [&hellip;]\" \/>\n<meta property=\"og:url\" content=\"https:\/\/radioljubuski.ba\/index.php\/2023\/10\/18\/aktivnosti-u-mz-vojnici\/\" \/>\n<meta property=\"og:site_name\" content=\"RADIO LJUBU\u0160KI\" \/>\n<meta property=\"article:publisher\" content=\"https:\/\/www.facebook.com\/Radiio-Ljubuski-1490835324566332\" \/>\n<meta property=\"article:published_time\" content=\"2023-10-18T12:47:01+00:00\" \/>\n<meta property=\"article:modified_time\" content=\"2023-10-18T12:47:02+00:00\" \/>\n<meta property=\"og:image\" content=\"https:\/\/radioljubuski.ba\/wp-content\/uploads\/2023\/10\/vojnici2.png\" \/>\n\t<meta property=\"og:image:width\" content=\"422\" \/>\n\t<meta property=\"og:image:height\" content=\"491\" \/>\n\t<meta property=\"og:image:type\" content=\"image\/png\" \/>\n<meta name=\"author\" content=\"Radio Ljubu\u0161ki\" \/>\n<meta name=\"twitter:card\" content=\"summary_large_image\" \/>\n<meta name=\"twitter:creator\" content=\"@radioljubuski\" \/>\n<meta name=\"twitter:site\" content=\"@radioljubuski\" \/>\n<meta name=\"twitter:label1\" content=\"Napisao\/la\" \/>\n\t<meta name=\"twitter:data1\" content=\"Radio Ljubu\u0161ki\" \/>\n\t<meta name=\"twitter:label2\" content=\"Procijenjeno vrijeme \u010ditanja\" \/>\n\t<meta name=\"twitter:data2\" content=\"1 minuta\" \/>\n<script type=\"application\/ld+json\" class=\"yoast-schema-graph\">{\"@context\":\"https:\\\/\\\/schema.org\",\"@graph\":[{\"@type\":\"Article\",\"@id\":\"https:\\\/\\\/radioljubuski.ba\\\/index.php\\\/2023\\\/10\\\/18\\\/aktivnosti-u-mz-vojnici\\\/#article\",\"isPartOf\":{\"@id\":\"https:\\\/\\\/radioljubuski.ba\\\/index.php\\\/2023\\\/10\\\/18\\\/aktivnosti-u-mz-vojnici\\\/\"},\"author\":{\"name\":\"Radio Ljubu\u0161ki\",\"@id\":\"https:\\\/\\\/radioljubuski.ba\\\/#\\\/schema\\\/person\\\/19fc700381a780f69665d7956c469e3b\"},\"headline\":\"Aktivnosti u MZ Vojni\u0107i\",\"datePublished\":\"2023-10-18T12:47:01+00:00\",\"dateModified\":\"2023-10-18T12:47:02+00:00\",\"mainEntityOfPage\":{\"@id\":\"https:\\\/\\\/radioljubuski.ba\\\/index.php\\\/2023\\\/10\\\/18\\\/aktivnosti-u-mz-vojnici\\\/\"},\"wordCount\":170,\"publisher\":{\"@id\":\"https:\\\/\\\/radioljubuski.ba\\\/#organization\"},\"image\":{\"@id\":\"https:\\\/\\\/radioljubuski.ba\\\/index.php\\\/2023\\\/10\\\/18\\\/aktivnosti-u-mz-vojnici\\\/#primaryimage\"},\"thumbnailUrl\":\"https:\\\/\\\/radioljubuski.ba\\\/wp-content\\\/uploads\\\/2023\\\/10\\\/vojnici2.png\",\"articleSection\":[\"Ljubu\u0161ki\",\"Novosti\"],\"inLanguage\":\"hr\"},{\"@type\":\"WebPage\",\"@id\":\"https:\\\/\\\/radioljubuski.ba\\\/index.php\\\/2023\\\/10\\\/18\\\/aktivnosti-u-mz-vojnici\\\/\",\"url\":\"https:\\\/\\\/radioljubuski.ba\\\/index.php\\\/2023\\\/10\\\/18\\\/aktivnosti-u-mz-vojnici\\\/\",\"name\":\"Aktivnosti u MZ Vojni\u0107i - RADIO LJUBU\u0160KI\",\"isPartOf\":{\"@id\":\"https:\\\/\\\/radioljubuski.ba\\\/#website\"},\"primaryImageOfPage\":{\"@id\":\"https:\\\/\\\/radioljubuski.ba\\\/index.php\\\/2023\\\/10\\\/18\\\/aktivnosti-u-mz-vojnici\\\/#primaryimage\"},\"image\":{\"@id\":\"https:\\\/\\\/radioljubuski.ba\\\/index.php\\\/2023\\\/10\\\/18\\\/aktivnosti-u-mz-vojnici\\\/#primaryimage\"},\"thumbnailUrl\":\"https:\\\/\\\/radioljubuski.ba\\\/wp-content\\\/uploads\\\/2023\\\/10\\\/vojnici2.png\",\"datePublished\":\"2023-10-18T12:47:01+00:00\",\"dateModified\":\"2023-10-18T12:47:02+00:00\",\"breadcrumb\":{\"@id\":\"https:\\\/\\\/radioljubuski.ba\\\/index.php\\\/2023\\\/10\\\/18\\\/aktivnosti-u-mz-vojnici\\\/#breadcrumb\"},\"inLanguage\":\"hr\",\"potentialAction\":[{\"@type\":\"ReadAction\",\"target\":[\"https:\\\/\\\/radioljubuski.ba\\\/index.php\\\/2023\\\/10\\\/18\\\/aktivnosti-u-mz-vojnici\\\/\"]}]},{\"@type\":\"ImageObject\",\"inLanguage\":\"hr\",\"@id\":\"https:\\\/\\\/radioljubuski.ba\\\/index.php\\\/2023\\\/10\\\/18\\\/aktivnosti-u-mz-vojnici\\\/#primaryimage\",\"url\":\"https:\\\/\\\/radioljubuski.ba\\\/wp-content\\\/uploads\\\/2023\\\/10\\\/vojnici2.png\",\"contentUrl\":\"https:\\\/\\\/radioljubuski.ba\\\/wp-content\\\/uploads\\\/2023\\\/10\\\/vojnici2.png\",\"width\":422,\"height\":491},{\"@type\":\"BreadcrumbList\",\"@id\":\"https:\\\/\\\/radioljubuski.ba\\\/index.php\\\/2023\\\/10\\\/18\\\/aktivnosti-u-mz-vojnici\\\/#breadcrumb\",\"itemListElement\":[{\"@type\":\"ListItem\",\"position\":1,\"name\":\"Po\u010detna stranica\",\"item\":\"https:\\\/\\\/radioljubuski.ba\\\/\"},{\"@type\":\"ListItem\",\"position\":2,\"name\":\"Aktivnosti u MZ Vojni\u0107i\"}]},{\"@type\":\"WebSite\",\"@id\":\"https:\\\/\\\/radioljubuski.ba\\\/#website\",\"url\":\"https:\\\/\\\/radioljubuski.ba\\\/\",\"name\":\"Radio Ljubu\u0161ki\",\"description\":\"Sun\u010dana frekvencija Hercegovine\",\"publisher\":{\"@id\":\"https:\\\/\\\/radioljubuski.ba\\\/#organization\"},\"potentialAction\":[{\"@type\":\"SearchAction\",\"target\":{\"@type\":\"EntryPoint\",\"urlTemplate\":\"https:\\\/\\\/radioljubuski.ba\\\/?s={search_term_string}\"},\"query-input\":{\"@type\":\"PropertyValueSpecification\",\"valueRequired\":true,\"valueName\":\"search_term_string\"}}],\"inLanguage\":\"hr\"},{\"@type\":\"Organization\",\"@id\":\"https:\\\/\\\/radioljubuski.ba\\\/#organization\",\"name\":\"Radio Ljubu\u0161ki\",\"url\":\"https:\\\/\\\/radioljubuski.ba\\\/\",\"logo\":{\"@type\":\"ImageObject\",\"inLanguage\":\"hr\",\"@id\":\"https:\\\/\\\/radioljubuski.ba\\\/#\\\/schema\\\/logo\\\/image\\\/\",\"url\":\"https:\\\/\\\/radioljubuski.ba\\\/wp-content\\\/uploads\\\/2021\\\/02\\\/cropped-Radio_Ljubuski_logo1.jpg\",\"contentUrl\":\"https:\\\/\\\/radioljubuski.ba\\\/wp-content\\\/uploads\\\/2021\\\/02\\\/cropped-Radio_Ljubuski_logo1.jpg\",\"width\":512,\"height\":512,\"caption\":\"Radio Ljubu\u0161ki\"},\"image\":{\"@id\":\"https:\\\/\\\/radioljubuski.ba\\\/#\\\/schema\\\/logo\\\/image\\\/\"},\"sameAs\":[\"https:\\\/\\\/www.facebook.com\\\/Radiio-Ljubuski-1490835324566332\",\"https:\\\/\\\/x.com\\\/radioljubuski\",\"https:\\\/\\\/hr.linkedin.com\\\/company\\\/radio-ljubuski\",\"https:\\\/\\\/www.youtube.com\\\/channel\\\/UCHYaeO_n0Db3tjNGudGpXyw\"]},{\"@type\":\"Person\",\"@id\":\"https:\\\/\\\/radioljubuski.ba\\\/#\\\/schema\\\/person\\\/19fc700381a780f69665d7956c469e3b\",\"name\":\"Radio Ljubu\u0161ki\"}]}<\/script>\n<!-- \/ Yoast SEO plugin. -->","yoast_head_json":{"title":"Aktivnosti u MZ Vojni\u0107i - RADIO LJUBU\u0160KI","robots":{"index":"index","follow":"follow","max-snippet":"max-snippet:-1","max-image-preview":"max-image-preview:large","max-video-preview":"max-video-preview:-1"},"canonical":"https:\/\/radioljubuski.ba\/index.php\/2023\/10\/18\/aktivnosti-u-mz-vojnici\/","og_locale":"hr_HR","og_type":"article","og_title":"Aktivnosti u MZ Vojni\u0107i - RADIO LJUBU\u0160KI","og_description":"Mjesna zajednica Vojni\u0107i je na svojoj facebook stranici \u201eVojni\u0107ani i prijatelji\u201c, u interesu javnosti, izvijestila o svojim posljednjim aktivnostima. &#8211; aktivnost u svezi dovr\u0161etka javne rasvjete je u zavr\u0161noj fazi i o\u010dekujemo da ona proradi kroz \u010ditavo mjesto &#8211; postavljeni su nu\u017eni prometni znakovi- putokazi (obavijesne plo\u010de) s nazivima naseljenih mjesta Vojni\u0107i, Vodice, Dole i [&hellip;]","og_url":"https:\/\/radioljubuski.ba\/index.php\/2023\/10\/18\/aktivnosti-u-mz-vojnici\/","og_site_name":"RADIO LJUBU\u0160KI","article_publisher":"https:\/\/www.facebook.com\/Radiio-Ljubuski-1490835324566332","article_published_time":"2023-10-18T12:47:01+00:00","article_modified_time":"2023-10-18T12:47:02+00:00","og_image":[{"width":422,"height":491,"url":"https:\/\/radioljubuski.ba\/wp-content\/uploads\/2023\/10\/vojnici2.png","type":"image\/png"}],"author":"Radio Ljubu\u0161ki","twitter_card":"summary_large_image","twitter_creator":"@radioljubuski","twitter_site":"@radioljubuski","twitter_misc":{"Napisao\/la":"Radio Ljubu\u0161ki","Procijenjeno vrijeme \u010ditanja":"1 minuta"},"schema":{"@context":"https:\/\/schema.org","@graph":[{"@type":"Article","@id":"https:\/\/radioljubuski.ba\/index.php\/2023\/10\/18\/aktivnosti-u-mz-vojnici\/#article","isPartOf":{"@id":"https:\/\/radioljubuski.ba\/index.php\/2023\/10\/18\/aktivnosti-u-mz-vojnici\/"},"author":{"name":"Radio Ljubu\u0161ki","@id":"https:\/\/radioljubuski.ba\/#\/schema\/person\/19fc700381a780f69665d7956c469e3b"},"headline":"Aktivnosti u MZ Vojni\u0107i","datePublished":"2023-10-18T12:47:01+00:00","dateModified":"2023-10-18T12:47:02+00:00","mainEntityOfPage":{"@id":"https:\/\/radioljubuski.ba\/index.php\/2023\/10\/18\/aktivnosti-u-mz-vojnici\/"},"wordCount":170,"publisher":{"@id":"https:\/\/radioljubuski.ba\/#organization"},"image":{"@id":"https:\/\/radioljubuski.ba\/index.php\/2023\/10\/18\/aktivnosti-u-mz-vojnici\/#primaryimage"},"thumbnailUrl":"https:\/\/radioljubuski.ba\/wp-content\/uploads\/2023\/10\/vojnici2.png","articleSection":["Ljubu\u0161ki","Novosti"],"inLanguage":"hr"},{"@type":"WebPage","@id":"https:\/\/radioljubuski.ba\/index.php\/2023\/10\/18\/aktivnosti-u-mz-vojnici\/","url":"https:\/\/radioljubuski.ba\/index.php\/2023\/10\/18\/aktivnosti-u-mz-vojnici\/","name":"Aktivnosti u MZ Vojni\u0107i - RADIO LJUBU\u0160KI","isPartOf":{"@id":"https:\/\/radioljubuski.ba\/#website"},"primaryImageOfPage":{"@id":"https:\/\/radioljubuski.ba\/index.php\/2023\/10\/18\/aktivnosti-u-mz-vojnici\/#primaryimage"},"image":{"@id":"https:\/\/radioljubuski.ba\/index.php\/2023\/10\/18\/aktivnosti-u-mz-vojnici\/#primaryimage"},"thumbnailUrl":"https:\/\/radioljubuski.ba\/wp-content\/uploads\/2023\/10\/vojnici2.png","datePublished":"2023-10-18T12:47:01+00:00","dateModified":"2023-10-18T12:47:02+00:00","breadcrumb":{"@id":"https:\/\/radioljubuski.ba\/index.php\/2023\/10\/18\/aktivnosti-u-mz-vojnici\/#breadcrumb"},"inLanguage":"hr","potentialAction":[{"@type":"ReadAction","target":["https:\/\/radioljubuski.ba\/index.php\/2023\/10\/18\/aktivnosti-u-mz-vojnici\/"]}]},{"@type":"ImageObject","inLanguage":"hr","@id":"https:\/\/radioljubuski.ba\/index.php\/2023\/10\/18\/aktivnosti-u-mz-vojnici\/#primaryimage","url":"https:\/\/radioljubuski.ba\/wp-content\/uploads\/2023\/10\/vojnici2.png","contentUrl":"https:\/\/radioljubuski.ba\/wp-content\/uploads\/2023\/10\/vojnici2.png","width":422,"height":491},{"@type":"BreadcrumbList","@id":"https:\/\/radioljubuski.ba\/index.php\/2023\/10\/18\/aktivnosti-u-mz-vojnici\/#breadcrumb","itemListElement":[{"@type":"ListItem","position":1,"name":"Po\u010detna stranica","item":"https:\/\/radioljubuski.ba\/"},{"@type":"ListItem","position":2,"name":"Aktivnosti u MZ Vojni\u0107i"}]},{"@type":"WebSite","@id":"https:\/\/radioljubuski.ba\/#website","url":"https:\/\/radioljubuski.ba\/","name":"Radio Ljubu\u0161ki","description":"Sun\u010dana frekvencija Hercegovine","publisher":{"@id":"https:\/\/radioljubuski.ba\/#organization"},"potentialAction":[{"@type":"SearchAction","target":{"@type":"EntryPoint","urlTemplate":"https:\/\/radioljubuski.ba\/?s={search_term_string}"},"query-input":{"@type":"PropertyValueSpecification","valueRequired":true,"valueName":"search_term_string"}}],"inLanguage":"hr"},{"@type":"Organization","@id":"https:\/\/radioljubuski.ba\/#organization","name":"Radio Ljubu\u0161ki","url":"https:\/\/radioljubuski.ba\/","logo":{"@type":"ImageObject","inLanguage":"hr","@id":"https:\/\/radioljubuski.ba\/#\/schema\/logo\/image\/","url":"https:\/\/radioljubuski.ba\/wp-content\/uploads\/2021\/02\/cropped-Radio_Ljubuski_logo1.jpg","contentUrl":"https:\/\/radioljubuski.ba\/wp-content\/uploads\/2021\/02\/cropped-Radio_Ljubuski_logo1.jpg","width":512,"height":512,"caption":"Radio Ljubu\u0161ki"},"image":{"@id":"https:\/\/radioljubuski.ba\/#\/schema\/logo\/image\/"},"sameAs":["https:\/\/www.facebook.com\/Radiio-Ljubuski-1490835324566332","https:\/\/x.com\/radioljubuski","https:\/\/hr.linkedin.com\/company\/radio-ljubuski","https:\/\/www.youtube.com\/channel\/UCHYaeO_n0Db3tjNGudGpXyw"]},{"@type":"Person","@id":"https:\/\/radioljubuski.ba\/#\/schema\/person\/19fc700381a780f69665d7956c469e3b","name":"Radio Ljubu\u0161ki"}]}},"_links":{"self":[{"href":"https:\/\/radioljubuski.ba\/index.php\/wp-json\/wp\/v2\/posts\/196781","targetHints":{"allow":["GET"]}}],"collection":[{"href":"https:\/\/radioljubuski.ba\/index.php\/wp-json\/wp\/v2\/posts"}],"about":[{"href":"https:\/\/radioljubuski.ba\/index.php\/wp-json\/wp\/v2\/types\/post"}],"author":[{"embeddable":true,"href":"https:\/\/radioljubuski.ba\/index.php\/wp-json\/wp\/v2\/users\/2"}],"replies":[{"embeddable":true,"href":"https:\/\/radioljubuski.ba\/index.php\/wp-json\/wp\/v2\/comments?post=196781"}],"version-history":[{"count":1,"href":"https:\/\/radioljubuski.ba\/index.php\/wp-json\/wp\/v2\/posts\/196781\/revisions"}],"predecessor-version":[{"id":196784,"href":"https:\/\/radioljubuski.ba\/index.php\/wp-json\/wp\/v2\/posts\/196781\/revisions\/196784"}],"wp:featuredmedia":[{"embeddable":true,"href":"https:\/\/radioljubuski.ba\/index.php\/wp-json\/wp\/v2\/media\/196782"}],"wp:attachment":[{"href":"https:\/\/radioljubuski.ba\/index.php\/wp-json\/wp\/v2\/media?parent=196781"}],"wp:term":[{"taxonomy":"category","embeddable":true,"href":"https:\/\/radioljubuski.ba\/index.php\/wp-json\/wp\/v2\/categories?post=196781"},{"taxonomy":"post_tag","embeddable":true,"href":"https:\/\/radioljubuski.ba\/index.php\/wp-json\/wp\/v2\/tags?post=196781"}],"curies":[{"name":"wp","href":"https:\/\/api.w.org\/{rel}","templated":true}]}}