{"id":196965,"date":"2023-10-25T11:49:52","date_gmt":"2023-10-25T10:49:52","guid":{"rendered":"https:\/\/radioljubuski.ba\/?p=196965"},"modified":"2023-10-25T11:52:34","modified_gmt":"2023-10-25T10:52:34","slug":"mini-galerija-ljubuski-19-10-2023-2-koncert-sjecanja-u-organizaciji-kluba-kulture-libusa","status":"publish","type":"post","link":"https:\/\/radioljubuski.ba\/index.php\/2023\/10\/25\/mini-galerija-ljubuski-19-10-2023-2-koncert-sjecanja-u-organizaciji-kluba-kulture-libusa\/","title":{"rendered":"Mini galerija\/Ljubu\u0161ki 19.10.2023.\/2. koncert sje\u0107anja u organizaciji Kluba kulture Libu\u0161a"},"content":{"rendered":"\n<figure class=\"wp-block-gallery has-nested-images columns-default is-cropped wp-block-gallery-1 is-layout-flex wp-block-gallery-is-layout-flex\">\n<figure class=\"wp-block-image size-large\"><img loading=\"lazy\" decoding=\"async\" width=\"607\" height=\"1024\" data-id=\"196967\" src=\"https:\/\/radioljubuski.ba\/wp-content\/uploads\/2023\/10\/image00007-607x1024.jpeg\" alt=\"\" class=\"wp-image-196967\" srcset=\"https:\/\/radioljubuski.ba\/wp-content\/uploads\/2023\/10\/image00007-607x1024.jpeg 607w, https:\/\/radioljubuski.ba\/wp-content\/uploads\/2023\/10\/image00007-178x300.jpeg 178w, https:\/\/radioljubuski.ba\/wp-content\/uploads\/2023\/10\/image00007-768x1295.jpeg 768w, https:\/\/radioljubuski.ba\/wp-content\/uploads\/2023\/10\/image00007-911x1536.jpeg 911w, https:\/\/radioljubuski.ba\/wp-content\/uploads\/2023\/10\/image00007-1215x2048.jpeg 1215w, https:\/\/radioljubuski.ba\/wp-content\/uploads\/2023\/10\/image00007-7x12.jpeg 7w, https:\/\/radioljubuski.ba\/wp-content\/uploads\/2023\/10\/image00007-scaled.jpeg 1519w\" sizes=\"auto, (max-width: 607px) 100vw, 607px\" \/><\/figure>\n<\/figure>\n\n\n<div class=\"wp-block-image\">\n<figure class=\"aligncenter size-large\"><img loading=\"lazy\" decoding=\"async\" width=\"1024\" height=\"575\" src=\"https:\/\/radioljubuski.ba\/wp-content\/uploads\/2023\/10\/image00002-1024x575.jpeg\" alt=\"\" class=\"wp-image-196972\" srcset=\"https:\/\/radioljubuski.ba\/wp-content\/uploads\/2023\/10\/image00002-1024x575.jpeg 1024w, https:\/\/radioljubuski.ba\/wp-content\/uploads\/2023\/10\/image00002-300x168.jpeg 300w, https:\/\/radioljubuski.ba\/wp-content\/uploads\/2023\/10\/image00002-768x431.jpeg 768w, https:\/\/radioljubuski.ba\/wp-content\/uploads\/2023\/10\/image00002-1536x863.jpeg 1536w, https:\/\/radioljubuski.ba\/wp-content\/uploads\/2023\/10\/image00002-2048x1150.jpeg 2048w, https:\/\/radioljubuski.ba\/wp-content\/uploads\/2023\/10\/image00002-18x10.jpeg 18w\" sizes=\"auto, (max-width: 1024px) 100vw, 1024px\" \/><\/figure>\n<\/div>\n\n<div class=\"wp-block-image\">\n<figure class=\"aligncenter size-large\"><img loading=\"lazy\" decoding=\"async\" width=\"824\" height=\"1024\" src=\"https:\/\/radioljubuski.ba\/wp-content\/uploads\/2023\/10\/image00009-824x1024.jpeg\" alt=\"\" class=\"wp-image-196974\" srcset=\"https:\/\/radioljubuski.ba\/wp-content\/uploads\/2023\/10\/image00009-824x1024.jpeg 824w, https:\/\/radioljubuski.ba\/wp-content\/uploads\/2023\/10\/image00009-241x300.jpeg 241w, https:\/\/radioljubuski.ba\/wp-content\/uploads\/2023\/10\/image00009-768x955.jpeg 768w, https:\/\/radioljubuski.ba\/wp-content\/uploads\/2023\/10\/image00009-1236x1536.jpeg 1236w, https:\/\/radioljubuski.ba\/wp-content\/uploads\/2023\/10\/image00009-1648x2048.jpeg 1648w, https:\/\/radioljubuski.ba\/wp-content\/uploads\/2023\/10\/image00009-10x12.jpeg 10w\" sizes=\"auto, (max-width: 824px) 100vw, 824px\" \/><\/figure>\n<\/div>\n\n\n<figure class=\"wp-block-image size-full\"><img decoding=\"async\" src=\"https:\/\/radioljubuski.ba\/wp-content\/uploads\/2023\/10\/image00006.jpeg\" alt=\"\" class=\"wp-image-196970\"\/><\/figure>\n\n\n<div class=\"wp-block-image\">\n<figure class=\"aligncenter size-large\"><img loading=\"lazy\" decoding=\"async\" width=\"920\" height=\"1024\" src=\"https:\/\/radioljubuski.ba\/wp-content\/uploads\/2023\/10\/image00001-920x1024.jpeg\" alt=\"\" class=\"wp-image-196966\" srcset=\"https:\/\/radioljubuski.ba\/wp-content\/uploads\/2023\/10\/image00001-920x1024.jpeg 920w, https:\/\/radioljubuski.ba\/wp-content\/uploads\/2023\/10\/image00001-269x300.jpeg 269w, https:\/\/radioljubuski.ba\/wp-content\/uploads\/2023\/10\/image00001-768x855.jpeg 768w, https:\/\/radioljubuski.ba\/wp-content\/uploads\/2023\/10\/image00001-1379x1536.jpeg 1379w, https:\/\/radioljubuski.ba\/wp-content\/uploads\/2023\/10\/image00001-1839x2048.jpeg 1839w, https:\/\/radioljubuski.ba\/wp-content\/uploads\/2023\/10\/image00001-11x12.jpeg 11w\" sizes=\"auto, (max-width: 920px) 100vw, 920px\" \/><\/figure>\n<\/div>\n\n\n<p>                                Fotografije: Lady Scorpio Photography\/ Karolina Alilovic<\/p>\n\n\n\n<p>                                  Tre\u0107i u nizu koncerata o\u010dekuje nas ovog \u010detvrtka!<\/p>\n\n\n<div class=\"wp-block-image\">\n<figure class=\"aligncenter size-large\"><img loading=\"lazy\" decoding=\"async\" width=\"698\" height=\"1024\" src=\"https:\/\/radioljubuski.ba\/wp-content\/uploads\/2023\/10\/IMG-20231023-WA0001-698x1024.jpg\" alt=\"\" class=\"wp-image-196905\" srcset=\"https:\/\/radioljubuski.ba\/wp-content\/uploads\/2023\/10\/IMG-20231023-WA0001-698x1024.jpg 698w, https:\/\/radioljubuski.ba\/wp-content\/uploads\/2023\/10\/IMG-20231023-WA0001-205x300.jpg 205w, https:\/\/radioljubuski.ba\/wp-content\/uploads\/2023\/10\/IMG-20231023-WA0001-768x1126.jpg 768w, https:\/\/radioljubuski.ba\/wp-content\/uploads\/2023\/10\/IMG-20231023-WA0001-1047x1536.jpg 1047w, https:\/\/radioljubuski.ba\/wp-content\/uploads\/2023\/10\/IMG-20231023-WA0001-8x12.jpg 8w, https:\/\/radioljubuski.ba\/wp-content\/uploads\/2023\/10\/IMG-20231023-WA0001.jpg 1091w\" sizes=\"auto, (max-width: 698px) 100vw, 698px\" \/><\/figure>\n<\/div>\n\n\n<p><\/p>\n","protected":false},"excerpt":{"rendered":"<p>Fotografije: Lady Scorpio Photography\/ Karolina Alilovic Tre\u0107i u nizu koncerata o\u010dekuje nas ovog \u010detvrtka!<\/p>\n","protected":false},"author":2,"featured_media":196966,"comment_status":"closed","ping_status":"closed","sticky":false,"template":"","format":"standard","meta":{"h5ap_radio_sources":[],"footnotes":""},"categories":[33],"tags":[],"class_list":["post-196965","post","type-post","status-publish","format-standard","has-post-thumbnail","hentry","category-kultura"],"yoast_head":"<!-- This site is optimized with the Yoast SEO plugin v27.4 - https:\/\/yoast.com\/product\/yoast-seo-wordpress\/ -->\n<title>Mini galerija\/Ljubu\u0161ki 19.10.2023.\/2. koncert sje\u0107anja u organizaciji Kluba kulture Libu\u0161a - RADIO LJUBU\u0160KI<\/title>\n<meta name=\"robots\" content=\"index, follow, max-snippet:-1, max-image-preview:large, max-video-preview:-1\" \/>\n<link rel=\"canonical\" href=\"https:\/\/radioljubuski.ba\/index.php\/2023\/10\/25\/mini-galerija-ljubuski-19-10-2023-2-koncert-sjecanja-u-organizaciji-kluba-kulture-libusa\/\" \/>\n<meta property=\"og:locale\" content=\"hr_HR\" \/>\n<meta property=\"og:type\" content=\"article\" \/>\n<meta property=\"og:title\" content=\"Mini galerija\/Ljubu\u0161ki 19.10.2023.\/2. koncert sje\u0107anja u organizaciji Kluba kulture Libu\u0161a - RADIO LJUBU\u0160KI\" \/>\n<meta property=\"og:description\" content=\"Fotografije: Lady Scorpio Photography\/ Karolina Alilovic Tre\u0107i u nizu koncerata o\u010dekuje nas ovog \u010detvrtka!\" \/>\n<meta property=\"og:url\" content=\"https:\/\/radioljubuski.ba\/index.php\/2023\/10\/25\/mini-galerija-ljubuski-19-10-2023-2-koncert-sjecanja-u-organizaciji-kluba-kulture-libusa\/\" \/>\n<meta property=\"og:site_name\" content=\"RADIO LJUBU\u0160KI\" \/>\n<meta property=\"article:publisher\" content=\"https:\/\/www.facebook.com\/Radiio-Ljubuski-1490835324566332\" \/>\n<meta property=\"article:published_time\" content=\"2023-10-25T10:49:52+00:00\" \/>\n<meta property=\"article:modified_time\" content=\"2023-10-25T10:52:34+00:00\" \/>\n<meta property=\"og:image\" content=\"https:\/\/radioljubuski.ba\/wp-content\/uploads\/2023\/10\/image00001-scaled.jpeg\" \/>\n\t<meta property=\"og:image:width\" content=\"2299\" \/>\n\t<meta property=\"og:image:height\" content=\"2560\" \/>\n\t<meta property=\"og:image:type\" content=\"image\/jpeg\" \/>\n<meta name=\"author\" content=\"Radio Ljubu\u0161ki\" \/>\n<meta name=\"twitter:card\" content=\"summary_large_image\" \/>\n<meta name=\"twitter:creator\" content=\"@radioljubuski\" \/>\n<meta name=\"twitter:site\" content=\"@radioljubuski\" \/>\n<meta name=\"twitter:label1\" content=\"Napisao\/la\" \/>\n\t<meta name=\"twitter:data1\" content=\"Radio Ljubu\u0161ki\" \/>\n\t<meta name=\"twitter:label2\" content=\"Procijenjeno vrijeme \u010ditanja\" \/>\n\t<meta name=\"twitter:data2\" content=\"2 minute\" \/>\n<script type=\"application\/ld+json\" class=\"yoast-schema-graph\">{\"@context\":\"https:\\\/\\\/schema.org\",\"@graph\":[{\"@type\":\"Article\",\"@id\":\"https:\\\/\\\/radioljubuski.ba\\\/index.php\\\/2023\\\/10\\\/25\\\/mini-galerija-ljubuski-19-10-2023-2-koncert-sjecanja-u-organizaciji-kluba-kulture-libusa\\\/#article\",\"isPartOf\":{\"@id\":\"https:\\\/\\\/radioljubuski.ba\\\/index.php\\\/2023\\\/10\\\/25\\\/mini-galerija-ljubuski-19-10-2023-2-koncert-sjecanja-u-organizaciji-kluba-kulture-libusa\\\/\"},\"author\":{\"name\":\"Radio Ljubu\u0161ki\",\"@id\":\"https:\\\/\\\/radioljubuski.ba\\\/#\\\/schema\\\/person\\\/19fc700381a780f69665d7956c469e3b\"},\"headline\":\"Mini galerija\\\/Ljubu\u0161ki 19.10.2023.\\\/2. koncert sje\u0107anja u organizaciji Kluba kulture Libu\u0161a\",\"datePublished\":\"2023-10-25T10:49:52+00:00\",\"dateModified\":\"2023-10-25T10:52:34+00:00\",\"mainEntityOfPage\":{\"@id\":\"https:\\\/\\\/radioljubuski.ba\\\/index.php\\\/2023\\\/10\\\/25\\\/mini-galerija-ljubuski-19-10-2023-2-koncert-sjecanja-u-organizaciji-kluba-kulture-libusa\\\/\"},\"wordCount\":29,\"publisher\":{\"@id\":\"https:\\\/\\\/radioljubuski.ba\\\/#organization\"},\"image\":{\"@id\":\"https:\\\/\\\/radioljubuski.ba\\\/index.php\\\/2023\\\/10\\\/25\\\/mini-galerija-ljubuski-19-10-2023-2-koncert-sjecanja-u-organizaciji-kluba-kulture-libusa\\\/#primaryimage\"},\"thumbnailUrl\":\"https:\\\/\\\/radioljubuski.ba\\\/wp-content\\\/uploads\\\/2023\\\/10\\\/image00001-scaled.jpeg\",\"articleSection\":[\"Kultura\"],\"inLanguage\":\"hr\"},{\"@type\":\"WebPage\",\"@id\":\"https:\\\/\\\/radioljubuski.ba\\\/index.php\\\/2023\\\/10\\\/25\\\/mini-galerija-ljubuski-19-10-2023-2-koncert-sjecanja-u-organizaciji-kluba-kulture-libusa\\\/\",\"url\":\"https:\\\/\\\/radioljubuski.ba\\\/index.php\\\/2023\\\/10\\\/25\\\/mini-galerija-ljubuski-19-10-2023-2-koncert-sjecanja-u-organizaciji-kluba-kulture-libusa\\\/\",\"name\":\"Mini galerija\\\/Ljubu\u0161ki 19.10.2023.\\\/2. koncert sje\u0107anja u organizaciji Kluba kulture Libu\u0161a - RADIO LJUBU\u0160KI\",\"isPartOf\":{\"@id\":\"https:\\\/\\\/radioljubuski.ba\\\/#website\"},\"primaryImageOfPage\":{\"@id\":\"https:\\\/\\\/radioljubuski.ba\\\/index.php\\\/2023\\\/10\\\/25\\\/mini-galerija-ljubuski-19-10-2023-2-koncert-sjecanja-u-organizaciji-kluba-kulture-libusa\\\/#primaryimage\"},\"image\":{\"@id\":\"https:\\\/\\\/radioljubuski.ba\\\/index.php\\\/2023\\\/10\\\/25\\\/mini-galerija-ljubuski-19-10-2023-2-koncert-sjecanja-u-organizaciji-kluba-kulture-libusa\\\/#primaryimage\"},\"thumbnailUrl\":\"https:\\\/\\\/radioljubuski.ba\\\/wp-content\\\/uploads\\\/2023\\\/10\\\/image00001-scaled.jpeg\",\"datePublished\":\"2023-10-25T10:49:52+00:00\",\"dateModified\":\"2023-10-25T10:52:34+00:00\",\"breadcrumb\":{\"@id\":\"https:\\\/\\\/radioljubuski.ba\\\/index.php\\\/2023\\\/10\\\/25\\\/mini-galerija-ljubuski-19-10-2023-2-koncert-sjecanja-u-organizaciji-kluba-kulture-libusa\\\/#breadcrumb\"},\"inLanguage\":\"hr\",\"potentialAction\":[{\"@type\":\"ReadAction\",\"target\":[\"https:\\\/\\\/radioljubuski.ba\\\/index.php\\\/2023\\\/10\\\/25\\\/mini-galerija-ljubuski-19-10-2023-2-koncert-sjecanja-u-organizaciji-kluba-kulture-libusa\\\/\"]}]},{\"@type\":\"ImageObject\",\"inLanguage\":\"hr\",\"@id\":\"https:\\\/\\\/radioljubuski.ba\\\/index.php\\\/2023\\\/10\\\/25\\\/mini-galerija-ljubuski-19-10-2023-2-koncert-sjecanja-u-organizaciji-kluba-kulture-libusa\\\/#primaryimage\",\"url\":\"https:\\\/\\\/radioljubuski.ba\\\/wp-content\\\/uploads\\\/2023\\\/10\\\/image00001-scaled.jpeg\",\"contentUrl\":\"https:\\\/\\\/radioljubuski.ba\\\/wp-content\\\/uploads\\\/2023\\\/10\\\/image00001-scaled.jpeg\",\"width\":2299,\"height\":2560},{\"@type\":\"BreadcrumbList\",\"@id\":\"https:\\\/\\\/radioljubuski.ba\\\/index.php\\\/2023\\\/10\\\/25\\\/mini-galerija-ljubuski-19-10-2023-2-koncert-sjecanja-u-organizaciji-kluba-kulture-libusa\\\/#breadcrumb\",\"itemListElement\":[{\"@type\":\"ListItem\",\"position\":1,\"name\":\"Po\u010detna stranica\",\"item\":\"https:\\\/\\\/radioljubuski.ba\\\/\"},{\"@type\":\"ListItem\",\"position\":2,\"name\":\"Mini galerija\\\/Ljubu\u0161ki 19.10.2023.\\\/2. koncert sje\u0107anja u organizaciji Kluba kulture Libu\u0161a\"}]},{\"@type\":\"WebSite\",\"@id\":\"https:\\\/\\\/radioljubuski.ba\\\/#website\",\"url\":\"https:\\\/\\\/radioljubuski.ba\\\/\",\"name\":\"Radio Ljubu\u0161ki\",\"description\":\"Sun\u010dana frekvencija Hercegovine\",\"publisher\":{\"@id\":\"https:\\\/\\\/radioljubuski.ba\\\/#organization\"},\"potentialAction\":[{\"@type\":\"SearchAction\",\"target\":{\"@type\":\"EntryPoint\",\"urlTemplate\":\"https:\\\/\\\/radioljubuski.ba\\\/?s={search_term_string}\"},\"query-input\":{\"@type\":\"PropertyValueSpecification\",\"valueRequired\":true,\"valueName\":\"search_term_string\"}}],\"inLanguage\":\"hr\"},{\"@type\":\"Organization\",\"@id\":\"https:\\\/\\\/radioljubuski.ba\\\/#organization\",\"name\":\"Radio Ljubu\u0161ki\",\"url\":\"https:\\\/\\\/radioljubuski.ba\\\/\",\"logo\":{\"@type\":\"ImageObject\",\"inLanguage\":\"hr\",\"@id\":\"https:\\\/\\\/radioljubuski.ba\\\/#\\\/schema\\\/logo\\\/image\\\/\",\"url\":\"https:\\\/\\\/radioljubuski.ba\\\/wp-content\\\/uploads\\\/2021\\\/02\\\/cropped-Radio_Ljubuski_logo1.jpg\",\"contentUrl\":\"https:\\\/\\\/radioljubuski.ba\\\/wp-content\\\/uploads\\\/2021\\\/02\\\/cropped-Radio_Ljubuski_logo1.jpg\",\"width\":512,\"height\":512,\"caption\":\"Radio Ljubu\u0161ki\"},\"image\":{\"@id\":\"https:\\\/\\\/radioljubuski.ba\\\/#\\\/schema\\\/logo\\\/image\\\/\"},\"sameAs\":[\"https:\\\/\\\/www.facebook.com\\\/Radiio-Ljubuski-1490835324566332\",\"https:\\\/\\\/x.com\\\/radioljubuski\",\"https:\\\/\\\/hr.linkedin.com\\\/company\\\/radio-ljubuski\",\"https:\\\/\\\/www.youtube.com\\\/channel\\\/UCHYaeO_n0Db3tjNGudGpXyw\"]},{\"@type\":\"Person\",\"@id\":\"https:\\\/\\\/radioljubuski.ba\\\/#\\\/schema\\\/person\\\/19fc700381a780f69665d7956c469e3b\",\"name\":\"Radio Ljubu\u0161ki\"}]}<\/script>\n<!-- \/ Yoast SEO plugin. -->","yoast_head_json":{"title":"Mini galerija\/Ljubu\u0161ki 19.10.2023.\/2. koncert sje\u0107anja u organizaciji Kluba kulture Libu\u0161a - RADIO LJUBU\u0160KI","robots":{"index":"index","follow":"follow","max-snippet":"max-snippet:-1","max-image-preview":"max-image-preview:large","max-video-preview":"max-video-preview:-1"},"canonical":"https:\/\/radioljubuski.ba\/index.php\/2023\/10\/25\/mini-galerija-ljubuski-19-10-2023-2-koncert-sjecanja-u-organizaciji-kluba-kulture-libusa\/","og_locale":"hr_HR","og_type":"article","og_title":"Mini galerija\/Ljubu\u0161ki 19.10.2023.\/2. koncert sje\u0107anja u organizaciji Kluba kulture Libu\u0161a - RADIO LJUBU\u0160KI","og_description":"Fotografije: Lady Scorpio Photography\/ Karolina Alilovic Tre\u0107i u nizu koncerata o\u010dekuje nas ovog \u010detvrtka!","og_url":"https:\/\/radioljubuski.ba\/index.php\/2023\/10\/25\/mini-galerija-ljubuski-19-10-2023-2-koncert-sjecanja-u-organizaciji-kluba-kulture-libusa\/","og_site_name":"RADIO LJUBU\u0160KI","article_publisher":"https:\/\/www.facebook.com\/Radiio-Ljubuski-1490835324566332","article_published_time":"2023-10-25T10:49:52+00:00","article_modified_time":"2023-10-25T10:52:34+00:00","og_image":[{"width":2299,"height":2560,"url":"https:\/\/radioljubuski.ba\/wp-content\/uploads\/2023\/10\/image00001-scaled.jpeg","type":"image\/jpeg"}],"author":"Radio Ljubu\u0161ki","twitter_card":"summary_large_image","twitter_creator":"@radioljubuski","twitter_site":"@radioljubuski","twitter_misc":{"Napisao\/la":"Radio Ljubu\u0161ki","Procijenjeno vrijeme \u010ditanja":"2 minute"},"schema":{"@context":"https:\/\/schema.org","@graph":[{"@type":"Article","@id":"https:\/\/radioljubuski.ba\/index.php\/2023\/10\/25\/mini-galerija-ljubuski-19-10-2023-2-koncert-sjecanja-u-organizaciji-kluba-kulture-libusa\/#article","isPartOf":{"@id":"https:\/\/radioljubuski.ba\/index.php\/2023\/10\/25\/mini-galerija-ljubuski-19-10-2023-2-koncert-sjecanja-u-organizaciji-kluba-kulture-libusa\/"},"author":{"name":"Radio Ljubu\u0161ki","@id":"https:\/\/radioljubuski.ba\/#\/schema\/person\/19fc700381a780f69665d7956c469e3b"},"headline":"Mini galerija\/Ljubu\u0161ki 19.10.2023.\/2. koncert sje\u0107anja u organizaciji Kluba kulture Libu\u0161a","datePublished":"2023-10-25T10:49:52+00:00","dateModified":"2023-10-25T10:52:34+00:00","mainEntityOfPage":{"@id":"https:\/\/radioljubuski.ba\/index.php\/2023\/10\/25\/mini-galerija-ljubuski-19-10-2023-2-koncert-sjecanja-u-organizaciji-kluba-kulture-libusa\/"},"wordCount":29,"publisher":{"@id":"https:\/\/radioljubuski.ba\/#organization"},"image":{"@id":"https:\/\/radioljubuski.ba\/index.php\/2023\/10\/25\/mini-galerija-ljubuski-19-10-2023-2-koncert-sjecanja-u-organizaciji-kluba-kulture-libusa\/#primaryimage"},"thumbnailUrl":"https:\/\/radioljubuski.ba\/wp-content\/uploads\/2023\/10\/image00001-scaled.jpeg","articleSection":["Kultura"],"inLanguage":"hr"},{"@type":"WebPage","@id":"https:\/\/radioljubuski.ba\/index.php\/2023\/10\/25\/mini-galerija-ljubuski-19-10-2023-2-koncert-sjecanja-u-organizaciji-kluba-kulture-libusa\/","url":"https:\/\/radioljubuski.ba\/index.php\/2023\/10\/25\/mini-galerija-ljubuski-19-10-2023-2-koncert-sjecanja-u-organizaciji-kluba-kulture-libusa\/","name":"Mini galerija\/Ljubu\u0161ki 19.10.2023.\/2. koncert sje\u0107anja u organizaciji Kluba kulture Libu\u0161a - RADIO LJUBU\u0160KI","isPartOf":{"@id":"https:\/\/radioljubuski.ba\/#website"},"primaryImageOfPage":{"@id":"https:\/\/radioljubuski.ba\/index.php\/2023\/10\/25\/mini-galerija-ljubuski-19-10-2023-2-koncert-sjecanja-u-organizaciji-kluba-kulture-libusa\/#primaryimage"},"image":{"@id":"https:\/\/radioljubuski.ba\/index.php\/2023\/10\/25\/mini-galerija-ljubuski-19-10-2023-2-koncert-sjecanja-u-organizaciji-kluba-kulture-libusa\/#primaryimage"},"thumbnailUrl":"https:\/\/radioljubuski.ba\/wp-content\/uploads\/2023\/10\/image00001-scaled.jpeg","datePublished":"2023-10-25T10:49:52+00:00","dateModified":"2023-10-25T10:52:34+00:00","breadcrumb":{"@id":"https:\/\/radioljubuski.ba\/index.php\/2023\/10\/25\/mini-galerija-ljubuski-19-10-2023-2-koncert-sjecanja-u-organizaciji-kluba-kulture-libusa\/#breadcrumb"},"inLanguage":"hr","potentialAction":[{"@type":"ReadAction","target":["https:\/\/radioljubuski.ba\/index.php\/2023\/10\/25\/mini-galerija-ljubuski-19-10-2023-2-koncert-sjecanja-u-organizaciji-kluba-kulture-libusa\/"]}]},{"@type":"ImageObject","inLanguage":"hr","@id":"https:\/\/radioljubuski.ba\/index.php\/2023\/10\/25\/mini-galerija-ljubuski-19-10-2023-2-koncert-sjecanja-u-organizaciji-kluba-kulture-libusa\/#primaryimage","url":"https:\/\/radioljubuski.ba\/wp-content\/uploads\/2023\/10\/image00001-scaled.jpeg","contentUrl":"https:\/\/radioljubuski.ba\/wp-content\/uploads\/2023\/10\/image00001-scaled.jpeg","width":2299,"height":2560},{"@type":"BreadcrumbList","@id":"https:\/\/radioljubuski.ba\/index.php\/2023\/10\/25\/mini-galerija-ljubuski-19-10-2023-2-koncert-sjecanja-u-organizaciji-kluba-kulture-libusa\/#breadcrumb","itemListElement":[{"@type":"ListItem","position":1,"name":"Po\u010detna stranica","item":"https:\/\/radioljubuski.ba\/"},{"@type":"ListItem","position":2,"name":"Mini galerija\/Ljubu\u0161ki 19.10.2023.\/2. koncert sje\u0107anja u organizaciji Kluba kulture Libu\u0161a"}]},{"@type":"WebSite","@id":"https:\/\/radioljubuski.ba\/#website","url":"https:\/\/radioljubuski.ba\/","name":"Radio Ljubu\u0161ki","description":"Sun\u010dana frekvencija Hercegovine","publisher":{"@id":"https:\/\/radioljubuski.ba\/#organization"},"potentialAction":[{"@type":"SearchAction","target":{"@type":"EntryPoint","urlTemplate":"https:\/\/radioljubuski.ba\/?s={search_term_string}"},"query-input":{"@type":"PropertyValueSpecification","valueRequired":true,"valueName":"search_term_string"}}],"inLanguage":"hr"},{"@type":"Organization","@id":"https:\/\/radioljubuski.ba\/#organization","name":"Radio Ljubu\u0161ki","url":"https:\/\/radioljubuski.ba\/","logo":{"@type":"ImageObject","inLanguage":"hr","@id":"https:\/\/radioljubuski.ba\/#\/schema\/logo\/image\/","url":"https:\/\/radioljubuski.ba\/wp-content\/uploads\/2021\/02\/cropped-Radio_Ljubuski_logo1.jpg","contentUrl":"https:\/\/radioljubuski.ba\/wp-content\/uploads\/2021\/02\/cropped-Radio_Ljubuski_logo1.jpg","width":512,"height":512,"caption":"Radio Ljubu\u0161ki"},"image":{"@id":"https:\/\/radioljubuski.ba\/#\/schema\/logo\/image\/"},"sameAs":["https:\/\/www.facebook.com\/Radiio-Ljubuski-1490835324566332","https:\/\/x.com\/radioljubuski","https:\/\/hr.linkedin.com\/company\/radio-ljubuski","https:\/\/www.youtube.com\/channel\/UCHYaeO_n0Db3tjNGudGpXyw"]},{"@type":"Person","@id":"https:\/\/radioljubuski.ba\/#\/schema\/person\/19fc700381a780f69665d7956c469e3b","name":"Radio Ljubu\u0161ki"}]}},"_links":{"self":[{"href":"https:\/\/radioljubuski.ba\/index.php\/wp-json\/wp\/v2\/posts\/196965","targetHints":{"allow":["GET"]}}],"collection":[{"href":"https:\/\/radioljubuski.ba\/index.php\/wp-json\/wp\/v2\/posts"}],"about":[{"href":"https:\/\/radioljubuski.ba\/index.php\/wp-json\/wp\/v2\/types\/post"}],"author":[{"embeddable":true,"href":"https:\/\/radioljubuski.ba\/index.php\/wp-json\/wp\/v2\/users\/2"}],"replies":[{"embeddable":true,"href":"https:\/\/radioljubuski.ba\/index.php\/wp-json\/wp\/v2\/comments?post=196965"}],"version-history":[{"count":3,"href":"https:\/\/radioljubuski.ba\/index.php\/wp-json\/wp\/v2\/posts\/196965\/revisions"}],"predecessor-version":[{"id":196978,"href":"https:\/\/radioljubuski.ba\/index.php\/wp-json\/wp\/v2\/posts\/196965\/revisions\/196978"}],"wp:featuredmedia":[{"embeddable":true,"href":"https:\/\/radioljubuski.ba\/index.php\/wp-json\/wp\/v2\/media\/196966"}],"wp:attachment":[{"href":"https:\/\/radioljubuski.ba\/index.php\/wp-json\/wp\/v2\/media?parent=196965"}],"wp:term":[{"taxonomy":"category","embeddable":true,"href":"https:\/\/radioljubuski.ba\/index.php\/wp-json\/wp\/v2\/categories?post=196965"},{"taxonomy":"post_tag","embeddable":true,"href":"https:\/\/radioljubuski.ba\/index.php\/wp-json\/wp\/v2\/tags?post=196965"}],"curies":[{"name":"wp","href":"https:\/\/api.w.org\/{rel}","templated":true}]}}