{"id":197068,"date":"2023-10-29T18:55:35","date_gmt":"2023-10-29T17:55:35","guid":{"rendered":"https:\/\/radioljubuski.ba\/?p=197068"},"modified":"2023-10-29T19:11:35","modified_gmt":"2023-10-29T18:11:35","slug":"ljubuski-odana-pocast-pokojnim-braniteljima-povodom-blagdana-svih-svetih-i-dusnog-dana","status":"publish","type":"post","link":"https:\/\/radioljubuski.ba\/index.php\/2023\/10\/29\/ljubuski-odana-pocast-pokojnim-braniteljima-povodom-blagdana-svih-svetih-i-dusnog-dana\/","title":{"rendered":"Ljubu\u0161ki: Odana po\u010dast pokojnim braniteljima povodom blagdana Svih Svetih i Du\u0161nog dana"},"content":{"rendered":"\n<p>Na Trgu dr. Franje Tu\u0111mana u Ljubu\u0161kom u nedjelju, 29. listopada povodom blagdana Svih svetih i Du\u0161nog dana odana je po\u010dast pokojnim braniteljima.<br>Vijenac uz zapaljene svije\u0107e ispred spomen obilje\u017eja pok.braniteljima polo\u017eili su \u010dlanovi obitelji poginulih branitelja, predstavnici braniteljskih udruga, potpredsjednik Vlade i ministar financija Federacije BIH Toni Kraljevi\u0107, gradona\u010delnik Ljubu\u0161kog Vedran Markoti\u0107, predsjednik Gradskog vije\u0107a Tihomir Kvesi\u0107,  predsjednik Skup\u0161tine \u017dupanije Zapadnohercegova\u010dke Ivan Jel\u010di\u0107, dopredsjednica Vlade i ministrica financija \u017dZH Blagica Leko, ministar unutarnjih poslova \u017dZH Mladen Bebek, zastupnik u Saboru Republike Hrvatske Nevenko Barbari\u0107, te rodbina, suborci i prijatelji.<\/p>\n\n\n\n<figure class=\"wp-block-gallery has-nested-images columns-default is-cropped wp-block-gallery-1 is-layout-flex wp-block-gallery-is-layout-flex\">\n<figure class=\"wp-block-image size-large\"><img loading=\"lazy\" decoding=\"async\" width=\"1024\" height=\"682\" data-id=\"197073\" src=\"https:\/\/radioljubuski.ba\/wp-content\/uploads\/2023\/10\/WhatsApp-Image-2023-10-29-at-17.28.31-2-1024x682.jpeg\" alt=\"\" class=\"wp-image-197073\" srcset=\"https:\/\/radioljubuski.ba\/wp-content\/uploads\/2023\/10\/WhatsApp-Image-2023-10-29-at-17.28.31-2-1024x682.jpeg 1024w, https:\/\/radioljubuski.ba\/wp-content\/uploads\/2023\/10\/WhatsApp-Image-2023-10-29-at-17.28.31-2-300x200.jpeg 300w, https:\/\/radioljubuski.ba\/wp-content\/uploads\/2023\/10\/WhatsApp-Image-2023-10-29-at-17.28.31-2-768x512.jpeg 768w, https:\/\/radioljubuski.ba\/wp-content\/uploads\/2023\/10\/WhatsApp-Image-2023-10-29-at-17.28.31-2-1536x1023.jpeg 1536w, https:\/\/radioljubuski.ba\/wp-content\/uploads\/2023\/10\/WhatsApp-Image-2023-10-29-at-17.28.31-2-18x12.jpeg 18w, https:\/\/radioljubuski.ba\/wp-content\/uploads\/2023\/10\/WhatsApp-Image-2023-10-29-at-17.28.31-2.jpeg 1600w\" sizes=\"auto, (max-width: 1024px) 100vw, 1024px\" \/><\/figure>\n\n\n\n<figure class=\"wp-block-image size-large\"><img loading=\"lazy\" decoding=\"async\" width=\"1024\" height=\"682\" data-id=\"197075\" src=\"https:\/\/radioljubuski.ba\/wp-content\/uploads\/2023\/10\/WhatsApp-Image-2023-10-29-at-17.28.31-4-1024x682.jpeg\" alt=\"\" class=\"wp-image-197075\" srcset=\"https:\/\/radioljubuski.ba\/wp-content\/uploads\/2023\/10\/WhatsApp-Image-2023-10-29-at-17.28.31-4-1024x682.jpeg 1024w, https:\/\/radioljubuski.ba\/wp-content\/uploads\/2023\/10\/WhatsApp-Image-2023-10-29-at-17.28.31-4-300x200.jpeg 300w, https:\/\/radioljubuski.ba\/wp-content\/uploads\/2023\/10\/WhatsApp-Image-2023-10-29-at-17.28.31-4-768x512.jpeg 768w, https:\/\/radioljubuski.ba\/wp-content\/uploads\/2023\/10\/WhatsApp-Image-2023-10-29-at-17.28.31-4-1536x1023.jpeg 1536w, https:\/\/radioljubuski.ba\/wp-content\/uploads\/2023\/10\/WhatsApp-Image-2023-10-29-at-17.28.31-4-18x12.jpeg 18w, https:\/\/radioljubuski.ba\/wp-content\/uploads\/2023\/10\/WhatsApp-Image-2023-10-29-at-17.28.31-4.jpeg 1600w\" sizes=\"auto, (max-width: 1024px) 100vw, 1024px\" \/><\/figure>\n\n\n\n<figure class=\"wp-block-image size-large\"><img loading=\"lazy\" decoding=\"async\" width=\"1024\" height=\"682\" data-id=\"197077\" src=\"https:\/\/radioljubuski.ba\/wp-content\/uploads\/2023\/10\/WhatsApp-Image-2023-10-29-at-17.28.31-5-1024x682.jpeg\" alt=\"\" class=\"wp-image-197077\" srcset=\"https:\/\/radioljubuski.ba\/wp-content\/uploads\/2023\/10\/WhatsApp-Image-2023-10-29-at-17.28.31-5-1024x682.jpeg 1024w, https:\/\/radioljubuski.ba\/wp-content\/uploads\/2023\/10\/WhatsApp-Image-2023-10-29-at-17.28.31-5-300x200.jpeg 300w, https:\/\/radioljubuski.ba\/wp-content\/uploads\/2023\/10\/WhatsApp-Image-2023-10-29-at-17.28.31-5-768x512.jpeg 768w, https:\/\/radioljubuski.ba\/wp-content\/uploads\/2023\/10\/WhatsApp-Image-2023-10-29-at-17.28.31-5-1536x1023.jpeg 1536w, https:\/\/radioljubuski.ba\/wp-content\/uploads\/2023\/10\/WhatsApp-Image-2023-10-29-at-17.28.31-5-18x12.jpeg 18w, https:\/\/radioljubuski.ba\/wp-content\/uploads\/2023\/10\/WhatsApp-Image-2023-10-29-at-17.28.31-5.jpeg 1600w\" sizes=\"auto, (max-width: 1024px) 100vw, 1024px\" \/><\/figure>\n\n\n\n<figure class=\"wp-block-image size-large\"><img loading=\"lazy\" decoding=\"async\" width=\"1024\" height=\"682\" data-id=\"197081\" src=\"https:\/\/radioljubuski.ba\/wp-content\/uploads\/2023\/10\/WhatsApp-Image-2023-10-29-at-17.28.31-6-1024x682.jpeg\" alt=\"\" class=\"wp-image-197081\" srcset=\"https:\/\/radioljubuski.ba\/wp-content\/uploads\/2023\/10\/WhatsApp-Image-2023-10-29-at-17.28.31-6-1024x682.jpeg 1024w, https:\/\/radioljubuski.ba\/wp-content\/uploads\/2023\/10\/WhatsApp-Image-2023-10-29-at-17.28.31-6-300x200.jpeg 300w, https:\/\/radioljubuski.ba\/wp-content\/uploads\/2023\/10\/WhatsApp-Image-2023-10-29-at-17.28.31-6-768x512.jpeg 768w, https:\/\/radioljubuski.ba\/wp-content\/uploads\/2023\/10\/WhatsApp-Image-2023-10-29-at-17.28.31-6-1536x1023.jpeg 1536w, https:\/\/radioljubuski.ba\/wp-content\/uploads\/2023\/10\/WhatsApp-Image-2023-10-29-at-17.28.31-6-18x12.jpeg 18w, https:\/\/radioljubuski.ba\/wp-content\/uploads\/2023\/10\/WhatsApp-Image-2023-10-29-at-17.28.31-6.jpeg 1600w\" sizes=\"auto, (max-width: 1024px) 100vw, 1024px\" \/><\/figure>\n\n\n\n<figure class=\"wp-block-image size-large\"><img loading=\"lazy\" decoding=\"async\" width=\"1024\" height=\"682\" data-id=\"197080\" src=\"https:\/\/radioljubuski.ba\/wp-content\/uploads\/2023\/10\/WhatsApp-Image-2023-10-29-at-17.28.31-11-1024x682.jpeg\" alt=\"\" class=\"wp-image-197080\" srcset=\"https:\/\/radioljubuski.ba\/wp-content\/uploads\/2023\/10\/WhatsApp-Image-2023-10-29-at-17.28.31-11-1024x682.jpeg 1024w, https:\/\/radioljubuski.ba\/wp-content\/uploads\/2023\/10\/WhatsApp-Image-2023-10-29-at-17.28.31-11-300x200.jpeg 300w, https:\/\/radioljubuski.ba\/wp-content\/uploads\/2023\/10\/WhatsApp-Image-2023-10-29-at-17.28.31-11-768x512.jpeg 768w, https:\/\/radioljubuski.ba\/wp-content\/uploads\/2023\/10\/WhatsApp-Image-2023-10-29-at-17.28.31-11-1536x1023.jpeg 1536w, https:\/\/radioljubuski.ba\/wp-content\/uploads\/2023\/10\/WhatsApp-Image-2023-10-29-at-17.28.31-11-18x12.jpeg 18w, https:\/\/radioljubuski.ba\/wp-content\/uploads\/2023\/10\/WhatsApp-Image-2023-10-29-at-17.28.31-11.jpeg 1600w\" sizes=\"auto, (max-width: 1024px) 100vw, 1024px\" \/><\/figure>\n\n\n\n<figure class=\"wp-block-image size-large\"><img loading=\"lazy\" decoding=\"async\" width=\"1024\" height=\"682\" data-id=\"197076\" src=\"https:\/\/radioljubuski.ba\/wp-content\/uploads\/2023\/10\/WhatsApp-Image-2023-10-29-at-17.28.31-12-1024x682.jpeg\" alt=\"\" class=\"wp-image-197076\" srcset=\"https:\/\/radioljubuski.ba\/wp-content\/uploads\/2023\/10\/WhatsApp-Image-2023-10-29-at-17.28.31-12-1024x682.jpeg 1024w, https:\/\/radioljubuski.ba\/wp-content\/uploads\/2023\/10\/WhatsApp-Image-2023-10-29-at-17.28.31-12-300x200.jpeg 300w, https:\/\/radioljubuski.ba\/wp-content\/uploads\/2023\/10\/WhatsApp-Image-2023-10-29-at-17.28.31-12-768x512.jpeg 768w, https:\/\/radioljubuski.ba\/wp-content\/uploads\/2023\/10\/WhatsApp-Image-2023-10-29-at-17.28.31-12-1536x1023.jpeg 1536w, https:\/\/radioljubuski.ba\/wp-content\/uploads\/2023\/10\/WhatsApp-Image-2023-10-29-at-17.28.31-12-18x12.jpeg 18w, https:\/\/radioljubuski.ba\/wp-content\/uploads\/2023\/10\/WhatsApp-Image-2023-10-29-at-17.28.31-12.jpeg 1600w\" sizes=\"auto, (max-width: 1024px) 100vw, 1024px\" \/><\/figure>\n<\/figure>\n\n\n\n<p>Molitveni obred predvodio je fra Dario Dodig, huma\u010dki gvardijan i \u017eupnik.<\/p>\n\n\n\n<figure class=\"wp-block-gallery has-nested-images columns-default is-cropped wp-block-gallery-2 is-layout-flex wp-block-gallery-is-layout-flex\">\n<figure class=\"wp-block-image size-large\"><img loading=\"lazy\" decoding=\"async\" width=\"682\" height=\"1024\" data-id=\"197069\" src=\"https:\/\/radioljubuski.ba\/wp-content\/uploads\/2023\/10\/WhatsApp-Image-2023-10-29-at-17.28.31-14-682x1024.jpeg\" alt=\"\" class=\"wp-image-197069\" srcset=\"https:\/\/radioljubuski.ba\/wp-content\/uploads\/2023\/10\/WhatsApp-Image-2023-10-29-at-17.28.31-14-682x1024.jpeg 682w, https:\/\/radioljubuski.ba\/wp-content\/uploads\/2023\/10\/WhatsApp-Image-2023-10-29-at-17.28.31-14-200x300.jpeg 200w, https:\/\/radioljubuski.ba\/wp-content\/uploads\/2023\/10\/WhatsApp-Image-2023-10-29-at-17.28.31-14-768x1153.jpeg 768w, https:\/\/radioljubuski.ba\/wp-content\/uploads\/2023\/10\/WhatsApp-Image-2023-10-29-at-17.28.31-14-1023x1536.jpeg 1023w, https:\/\/radioljubuski.ba\/wp-content\/uploads\/2023\/10\/WhatsApp-Image-2023-10-29-at-17.28.31-14-8x12.jpeg 8w, https:\/\/radioljubuski.ba\/wp-content\/uploads\/2023\/10\/WhatsApp-Image-2023-10-29-at-17.28.31-14.jpeg 1066w\" sizes=\"auto, (max-width: 682px) 100vw, 682px\" \/><\/figure>\n\n\n\n<figure class=\"wp-block-image size-large\"><img loading=\"lazy\" decoding=\"async\" width=\"682\" height=\"1024\" data-id=\"197070\" src=\"https:\/\/radioljubuski.ba\/wp-content\/uploads\/2023\/10\/WhatsApp-Image-2023-10-29-at-17.28.31-19-682x1024.jpeg\" alt=\"\" class=\"wp-image-197070\" srcset=\"https:\/\/radioljubuski.ba\/wp-content\/uploads\/2023\/10\/WhatsApp-Image-2023-10-29-at-17.28.31-19-682x1024.jpeg 682w, https:\/\/radioljubuski.ba\/wp-content\/uploads\/2023\/10\/WhatsApp-Image-2023-10-29-at-17.28.31-19-200x300.jpeg 200w, https:\/\/radioljubuski.ba\/wp-content\/uploads\/2023\/10\/WhatsApp-Image-2023-10-29-at-17.28.31-19-768x1153.jpeg 768w, https:\/\/radioljubuski.ba\/wp-content\/uploads\/2023\/10\/WhatsApp-Image-2023-10-29-at-17.28.31-19-1023x1536.jpeg 1023w, https:\/\/radioljubuski.ba\/wp-content\/uploads\/2023\/10\/WhatsApp-Image-2023-10-29-at-17.28.31-19-8x12.jpeg 8w, https:\/\/radioljubuski.ba\/wp-content\/uploads\/2023\/10\/WhatsApp-Image-2023-10-29-at-17.28.31-19.jpeg 1066w\" sizes=\"auto, (max-width: 682px) 100vw, 682px\" \/><\/figure>\n\n\n\n<figure class=\"wp-block-image size-large\"><img loading=\"lazy\" decoding=\"async\" width=\"682\" height=\"1024\" data-id=\"197072\" src=\"https:\/\/radioljubuski.ba\/wp-content\/uploads\/2023\/10\/WhatsApp-Image-2023-10-29-at-17.28.31-21-682x1024.jpeg\" alt=\"\" class=\"wp-image-197072\" srcset=\"https:\/\/radioljubuski.ba\/wp-content\/uploads\/2023\/10\/WhatsApp-Image-2023-10-29-at-17.28.31-21-682x1024.jpeg 682w, https:\/\/radioljubuski.ba\/wp-content\/uploads\/2023\/10\/WhatsApp-Image-2023-10-29-at-17.28.31-21-200x300.jpeg 200w, https:\/\/radioljubuski.ba\/wp-content\/uploads\/2023\/10\/WhatsApp-Image-2023-10-29-at-17.28.31-21-768x1153.jpeg 768w, https:\/\/radioljubuski.ba\/wp-content\/uploads\/2023\/10\/WhatsApp-Image-2023-10-29-at-17.28.31-21-1023x1536.jpeg 1023w, https:\/\/radioljubuski.ba\/wp-content\/uploads\/2023\/10\/WhatsApp-Image-2023-10-29-at-17.28.31-21-8x12.jpeg 8w, https:\/\/radioljubuski.ba\/wp-content\/uploads\/2023\/10\/WhatsApp-Image-2023-10-29-at-17.28.31-21.jpeg 1066w\" sizes=\"auto, (max-width: 682px) 100vw, 682px\" \/><\/figure>\n<\/figure>\n\n\n\n<p><br> Svetu misu za poginule branitelje u crkvi sv. Ante na Humcu predslavio je fra Robert Peji\u010di\u0107\u00a0 uz koncelebraciju vi\u0161e sve\u0107enika, misno slavlje liturgijskim pjevanjem uveli\u010dali su su \u010dlanovi franjeva\u010dke mlade\u017ei. Uz postoje\u0107e \u010dlanove koji su obnovili svoje zavjete uprili\u010dena je i sve\u010danost primanja novih frama\u0161a.<\/p>\n\n\n\n<figure class=\"wp-block-gallery has-nested-images columns-default is-cropped wp-block-gallery-3 is-layout-flex wp-block-gallery-is-layout-flex\">\n<figure class=\"wp-block-image size-large\"><img loading=\"lazy\" decoding=\"async\" width=\"1024\" height=\"682\" data-id=\"197086\" src=\"https:\/\/radioljubuski.ba\/wp-content\/uploads\/2023\/10\/WhatsApp-Image-2023-10-29-at-17.28.31-18-1024x682.jpeg\" alt=\"\" class=\"wp-image-197086\" srcset=\"https:\/\/radioljubuski.ba\/wp-content\/uploads\/2023\/10\/WhatsApp-Image-2023-10-29-at-17.28.31-18-1024x682.jpeg 1024w, https:\/\/radioljubuski.ba\/wp-content\/uploads\/2023\/10\/WhatsApp-Image-2023-10-29-at-17.28.31-18-300x200.jpeg 300w, https:\/\/radioljubuski.ba\/wp-content\/uploads\/2023\/10\/WhatsApp-Image-2023-10-29-at-17.28.31-18-768x512.jpeg 768w, https:\/\/radioljubuski.ba\/wp-content\/uploads\/2023\/10\/WhatsApp-Image-2023-10-29-at-17.28.31-18-1536x1023.jpeg 1536w, https:\/\/radioljubuski.ba\/wp-content\/uploads\/2023\/10\/WhatsApp-Image-2023-10-29-at-17.28.31-18-18x12.jpeg 18w, https:\/\/radioljubuski.ba\/wp-content\/uploads\/2023\/10\/WhatsApp-Image-2023-10-29-at-17.28.31-18.jpeg 1600w\" sizes=\"auto, (max-width: 1024px) 100vw, 1024px\" \/><\/figure>\n\n\n\n<figure class=\"wp-block-image size-large\"><img loading=\"lazy\" decoding=\"async\" width=\"1024\" height=\"682\" data-id=\"197100\" src=\"https:\/\/radioljubuski.ba\/wp-content\/uploads\/2023\/10\/WhatsApp-Image-2023-10-29-at-17.28.31-11-1-1024x682.jpeg\" alt=\"\" class=\"wp-image-197100\" srcset=\"https:\/\/radioljubuski.ba\/wp-content\/uploads\/2023\/10\/WhatsApp-Image-2023-10-29-at-17.28.31-11-1-1024x682.jpeg 1024w, https:\/\/radioljubuski.ba\/wp-content\/uploads\/2023\/10\/WhatsApp-Image-2023-10-29-at-17.28.31-11-1-300x200.jpeg 300w, https:\/\/radioljubuski.ba\/wp-content\/uploads\/2023\/10\/WhatsApp-Image-2023-10-29-at-17.28.31-11-1-768x512.jpeg 768w, https:\/\/radioljubuski.ba\/wp-content\/uploads\/2023\/10\/WhatsApp-Image-2023-10-29-at-17.28.31-11-1-1536x1023.jpeg 1536w, https:\/\/radioljubuski.ba\/wp-content\/uploads\/2023\/10\/WhatsApp-Image-2023-10-29-at-17.28.31-11-1-18x12.jpeg 18w, https:\/\/radioljubuski.ba\/wp-content\/uploads\/2023\/10\/WhatsApp-Image-2023-10-29-at-17.28.31-11-1.jpeg 1600w\" sizes=\"auto, (max-width: 1024px) 100vw, 1024px\" \/><\/figure>\n\n\n\n<figure class=\"wp-block-image size-large\"><img loading=\"lazy\" decoding=\"async\" width=\"1024\" height=\"682\" data-id=\"197093\" src=\"https:\/\/radioljubuski.ba\/wp-content\/uploads\/2023\/10\/WhatsApp-Image-2023-10-29-at-17.28.31-9-1024x682.jpeg\" alt=\"\" class=\"wp-image-197093\" srcset=\"https:\/\/radioljubuski.ba\/wp-content\/uploads\/2023\/10\/WhatsApp-Image-2023-10-29-at-17.28.31-9-1024x682.jpeg 1024w, https:\/\/radioljubuski.ba\/wp-content\/uploads\/2023\/10\/WhatsApp-Image-2023-10-29-at-17.28.31-9-300x200.jpeg 300w, https:\/\/radioljubuski.ba\/wp-content\/uploads\/2023\/10\/WhatsApp-Image-2023-10-29-at-17.28.31-9-768x512.jpeg 768w, https:\/\/radioljubuski.ba\/wp-content\/uploads\/2023\/10\/WhatsApp-Image-2023-10-29-at-17.28.31-9-1536x1023.jpeg 1536w, https:\/\/radioljubuski.ba\/wp-content\/uploads\/2023\/10\/WhatsApp-Image-2023-10-29-at-17.28.31-9-18x12.jpeg 18w, https:\/\/radioljubuski.ba\/wp-content\/uploads\/2023\/10\/WhatsApp-Image-2023-10-29-at-17.28.31-9.jpeg 1600w\" sizes=\"auto, (max-width: 1024px) 100vw, 1024px\" \/><\/figure>\n\n\n\n<figure class=\"wp-block-image size-large\"><img loading=\"lazy\" decoding=\"async\" width=\"1024\" height=\"682\" data-id=\"197094\" src=\"https:\/\/radioljubuski.ba\/wp-content\/uploads\/2023\/10\/WhatsApp-Image-2023-10-29-at-17.28.31-8-1024x682.jpeg\" alt=\"\" class=\"wp-image-197094\" srcset=\"https:\/\/radioljubuski.ba\/wp-content\/uploads\/2023\/10\/WhatsApp-Image-2023-10-29-at-17.28.31-8-1024x682.jpeg 1024w, https:\/\/radioljubuski.ba\/wp-content\/uploads\/2023\/10\/WhatsApp-Image-2023-10-29-at-17.28.31-8-300x200.jpeg 300w, https:\/\/radioljubuski.ba\/wp-content\/uploads\/2023\/10\/WhatsApp-Image-2023-10-29-at-17.28.31-8-768x512.jpeg 768w, https:\/\/radioljubuski.ba\/wp-content\/uploads\/2023\/10\/WhatsApp-Image-2023-10-29-at-17.28.31-8-1536x1023.jpeg 1536w, https:\/\/radioljubuski.ba\/wp-content\/uploads\/2023\/10\/WhatsApp-Image-2023-10-29-at-17.28.31-8-18x12.jpeg 18w, https:\/\/radioljubuski.ba\/wp-content\/uploads\/2023\/10\/WhatsApp-Image-2023-10-29-at-17.28.31-8.jpeg 1600w\" sizes=\"auto, (max-width: 1024px) 100vw, 1024px\" \/><\/figure>\n\n\n\n<figure class=\"wp-block-image size-large\"><img loading=\"lazy\" decoding=\"async\" width=\"1024\" height=\"682\" data-id=\"197099\" src=\"https:\/\/radioljubuski.ba\/wp-content\/uploads\/2023\/10\/WhatsApp-Image-2023-10-29-at-17.28.31-7-1024x682.jpeg\" alt=\"\" class=\"wp-image-197099\" srcset=\"https:\/\/radioljubuski.ba\/wp-content\/uploads\/2023\/10\/WhatsApp-Image-2023-10-29-at-17.28.31-7-1024x682.jpeg 1024w, https:\/\/radioljubuski.ba\/wp-content\/uploads\/2023\/10\/WhatsApp-Image-2023-10-29-at-17.28.31-7-300x200.jpeg 300w, https:\/\/radioljubuski.ba\/wp-content\/uploads\/2023\/10\/WhatsApp-Image-2023-10-29-at-17.28.31-7-768x512.jpeg 768w, https:\/\/radioljubuski.ba\/wp-content\/uploads\/2023\/10\/WhatsApp-Image-2023-10-29-at-17.28.31-7-1536x1023.jpeg 1536w, https:\/\/radioljubuski.ba\/wp-content\/uploads\/2023\/10\/WhatsApp-Image-2023-10-29-at-17.28.31-7-18x12.jpeg 18w, https:\/\/radioljubuski.ba\/wp-content\/uploads\/2023\/10\/WhatsApp-Image-2023-10-29-at-17.28.31-7.jpeg 1600w\" sizes=\"auto, (max-width: 1024px) 100vw, 1024px\" \/><\/figure>\n\n\n\n<figure class=\"wp-block-image size-large\"><img loading=\"lazy\" decoding=\"async\" width=\"1024\" height=\"682\" data-id=\"197098\" src=\"https:\/\/radioljubuski.ba\/wp-content\/uploads\/2023\/10\/WhatsApp-Image-2023-10-29-at-17.28.31-6-1-1024x682.jpeg\" alt=\"\" class=\"wp-image-197098\" srcset=\"https:\/\/radioljubuski.ba\/wp-content\/uploads\/2023\/10\/WhatsApp-Image-2023-10-29-at-17.28.31-6-1-1024x682.jpeg 1024w, https:\/\/radioljubuski.ba\/wp-content\/uploads\/2023\/10\/WhatsApp-Image-2023-10-29-at-17.28.31-6-1-300x200.jpeg 300w, https:\/\/radioljubuski.ba\/wp-content\/uploads\/2023\/10\/WhatsApp-Image-2023-10-29-at-17.28.31-6-1-768x512.jpeg 768w, https:\/\/radioljubuski.ba\/wp-content\/uploads\/2023\/10\/WhatsApp-Image-2023-10-29-at-17.28.31-6-1-1536x1023.jpeg 1536w, https:\/\/radioljubuski.ba\/wp-content\/uploads\/2023\/10\/WhatsApp-Image-2023-10-29-at-17.28.31-6-1-18x12.jpeg 18w, https:\/\/radioljubuski.ba\/wp-content\/uploads\/2023\/10\/WhatsApp-Image-2023-10-29-at-17.28.31-6-1.jpeg 1600w\" sizes=\"auto, (max-width: 1024px) 100vw, 1024px\" \/><\/figure>\n\n\n\n<figure class=\"wp-block-image size-large\"><img loading=\"lazy\" decoding=\"async\" width=\"1024\" height=\"682\" data-id=\"197101\" src=\"https:\/\/radioljubuski.ba\/wp-content\/uploads\/2023\/10\/WhatsApp-Image-2023-10-29-at-17.28.31-5-1-1024x682.jpeg\" alt=\"\" class=\"wp-image-197101\" srcset=\"https:\/\/radioljubuski.ba\/wp-content\/uploads\/2023\/10\/WhatsApp-Image-2023-10-29-at-17.28.31-5-1-1024x682.jpeg 1024w, https:\/\/radioljubuski.ba\/wp-content\/uploads\/2023\/10\/WhatsApp-Image-2023-10-29-at-17.28.31-5-1-300x200.jpeg 300w, https:\/\/radioljubuski.ba\/wp-content\/uploads\/2023\/10\/WhatsApp-Image-2023-10-29-at-17.28.31-5-1-768x512.jpeg 768w, https:\/\/radioljubuski.ba\/wp-content\/uploads\/2023\/10\/WhatsApp-Image-2023-10-29-at-17.28.31-5-1-1536x1023.jpeg 1536w, https:\/\/radioljubuski.ba\/wp-content\/uploads\/2023\/10\/WhatsApp-Image-2023-10-29-at-17.28.31-5-1-18x12.jpeg 18w, https:\/\/radioljubuski.ba\/wp-content\/uploads\/2023\/10\/WhatsApp-Image-2023-10-29-at-17.28.31-5-1.jpeg 1600w\" sizes=\"auto, (max-width: 1024px) 100vw, 1024px\" \/><\/figure>\n\n\n\n<figure class=\"wp-block-image size-large\"><img loading=\"lazy\" decoding=\"async\" width=\"1024\" height=\"682\" data-id=\"197103\" src=\"https:\/\/radioljubuski.ba\/wp-content\/uploads\/2023\/10\/WhatsApp-Image-2023-10-29-at-17.28.31-2-1-1024x682.jpeg\" alt=\"\" class=\"wp-image-197103\" srcset=\"https:\/\/radioljubuski.ba\/wp-content\/uploads\/2023\/10\/WhatsApp-Image-2023-10-29-at-17.28.31-2-1-1024x682.jpeg 1024w, https:\/\/radioljubuski.ba\/wp-content\/uploads\/2023\/10\/WhatsApp-Image-2023-10-29-at-17.28.31-2-1-300x200.jpeg 300w, https:\/\/radioljubuski.ba\/wp-content\/uploads\/2023\/10\/WhatsApp-Image-2023-10-29-at-17.28.31-2-1-768x512.jpeg 768w, https:\/\/radioljubuski.ba\/wp-content\/uploads\/2023\/10\/WhatsApp-Image-2023-10-29-at-17.28.31-2-1-1536x1023.jpeg 1536w, https:\/\/radioljubuski.ba\/wp-content\/uploads\/2023\/10\/WhatsApp-Image-2023-10-29-at-17.28.31-2-1-18x12.jpeg 18w, https:\/\/radioljubuski.ba\/wp-content\/uploads\/2023\/10\/WhatsApp-Image-2023-10-29-at-17.28.31-2-1.jpeg 1600w\" sizes=\"auto, (max-width: 1024px) 100vw, 1024px\" \/><\/figure>\n\n\n\n<figure class=\"wp-block-image size-large\"><img loading=\"lazy\" decoding=\"async\" width=\"1024\" height=\"682\" data-id=\"197104\" src=\"https:\/\/radioljubuski.ba\/wp-content\/uploads\/2023\/10\/WhatsApp-Image-2023-10-29-at-17.28.31-1-1-1024x682.jpeg\" alt=\"\" class=\"wp-image-197104\" srcset=\"https:\/\/radioljubuski.ba\/wp-content\/uploads\/2023\/10\/WhatsApp-Image-2023-10-29-at-17.28.31-1-1-1024x682.jpeg 1024w, https:\/\/radioljubuski.ba\/wp-content\/uploads\/2023\/10\/WhatsApp-Image-2023-10-29-at-17.28.31-1-1-300x200.jpeg 300w, https:\/\/radioljubuski.ba\/wp-content\/uploads\/2023\/10\/WhatsApp-Image-2023-10-29-at-17.28.31-1-1-768x512.jpeg 768w, https:\/\/radioljubuski.ba\/wp-content\/uploads\/2023\/10\/WhatsApp-Image-2023-10-29-at-17.28.31-1-1-1536x1023.jpeg 1536w, https:\/\/radioljubuski.ba\/wp-content\/uploads\/2023\/10\/WhatsApp-Image-2023-10-29-at-17.28.31-1-1-18x12.jpeg 18w, https:\/\/radioljubuski.ba\/wp-content\/uploads\/2023\/10\/WhatsApp-Image-2023-10-29-at-17.28.31-1-1.jpeg 1600w\" sizes=\"auto, (max-width: 1024px) 100vw, 1024px\" \/><\/figure>\n<\/figure>\n\n\n\n<figure class=\"wp-block-gallery has-nested-images columns-default is-cropped wp-block-gallery-4 is-layout-flex wp-block-gallery-is-layout-flex\">\n<figure class=\"wp-block-image size-large\"><img loading=\"lazy\" decoding=\"async\" width=\"1024\" height=\"682\" data-id=\"197129\" src=\"https:\/\/radioljubuski.ba\/wp-content\/uploads\/2023\/10\/WhatsApp-Image-2023-10-29-at-18.37.32-19-1-1024x682.jpeg\" alt=\"\" class=\"wp-image-197129\" srcset=\"https:\/\/radioljubuski.ba\/wp-content\/uploads\/2023\/10\/WhatsApp-Image-2023-10-29-at-18.37.32-19-1-1024x682.jpeg 1024w, https:\/\/radioljubuski.ba\/wp-content\/uploads\/2023\/10\/WhatsApp-Image-2023-10-29-at-18.37.32-19-1-300x200.jpeg 300w, https:\/\/radioljubuski.ba\/wp-content\/uploads\/2023\/10\/WhatsApp-Image-2023-10-29-at-18.37.32-19-1-768x512.jpeg 768w, https:\/\/radioljubuski.ba\/wp-content\/uploads\/2023\/10\/WhatsApp-Image-2023-10-29-at-18.37.32-19-1-1536x1023.jpeg 1536w, https:\/\/radioljubuski.ba\/wp-content\/uploads\/2023\/10\/WhatsApp-Image-2023-10-29-at-18.37.32-19-1-18x12.jpeg 18w, https:\/\/radioljubuski.ba\/wp-content\/uploads\/2023\/10\/WhatsApp-Image-2023-10-29-at-18.37.32-19-1.jpeg 1600w\" sizes=\"auto, (max-width: 1024px) 100vw, 1024px\" \/><\/figure>\n\n\n\n<figure class=\"wp-block-image size-large\"><img loading=\"lazy\" decoding=\"async\" width=\"1024\" height=\"682\" data-id=\"197130\" src=\"https:\/\/radioljubuski.ba\/wp-content\/uploads\/2023\/10\/WhatsApp-Image-2023-10-29-at-18.37.32-18-1-1024x682.jpeg\" alt=\"\" class=\"wp-image-197130\" srcset=\"https:\/\/radioljubuski.ba\/wp-content\/uploads\/2023\/10\/WhatsApp-Image-2023-10-29-at-18.37.32-18-1-1024x682.jpeg 1024w, https:\/\/radioljubuski.ba\/wp-content\/uploads\/2023\/10\/WhatsApp-Image-2023-10-29-at-18.37.32-18-1-300x200.jpeg 300w, https:\/\/radioljubuski.ba\/wp-content\/uploads\/2023\/10\/WhatsApp-Image-2023-10-29-at-18.37.32-18-1-768x512.jpeg 768w, https:\/\/radioljubuski.ba\/wp-content\/uploads\/2023\/10\/WhatsApp-Image-2023-10-29-at-18.37.32-18-1-1536x1023.jpeg 1536w, https:\/\/radioljubuski.ba\/wp-content\/uploads\/2023\/10\/WhatsApp-Image-2023-10-29-at-18.37.32-18-1-18x12.jpeg 18w, https:\/\/radioljubuski.ba\/wp-content\/uploads\/2023\/10\/WhatsApp-Image-2023-10-29-at-18.37.32-18-1.jpeg 1600w\" sizes=\"auto, (max-width: 1024px) 100vw, 1024px\" \/><\/figure>\n\n\n\n<figure class=\"wp-block-image size-large\"><img loading=\"lazy\" decoding=\"async\" width=\"1024\" height=\"682\" data-id=\"197131\" src=\"https:\/\/radioljubuski.ba\/wp-content\/uploads\/2023\/10\/WhatsApp-Image-2023-10-29-at-18.37.32-17-1-1024x682.jpeg\" alt=\"\" class=\"wp-image-197131\" srcset=\"https:\/\/radioljubuski.ba\/wp-content\/uploads\/2023\/10\/WhatsApp-Image-2023-10-29-at-18.37.32-17-1-1024x682.jpeg 1024w, https:\/\/radioljubuski.ba\/wp-content\/uploads\/2023\/10\/WhatsApp-Image-2023-10-29-at-18.37.32-17-1-300x200.jpeg 300w, https:\/\/radioljubuski.ba\/wp-content\/uploads\/2023\/10\/WhatsApp-Image-2023-10-29-at-18.37.32-17-1-768x512.jpeg 768w, https:\/\/radioljubuski.ba\/wp-content\/uploads\/2023\/10\/WhatsApp-Image-2023-10-29-at-18.37.32-17-1-1536x1023.jpeg 1536w, https:\/\/radioljubuski.ba\/wp-content\/uploads\/2023\/10\/WhatsApp-Image-2023-10-29-at-18.37.32-17-1-18x12.jpeg 18w, https:\/\/radioljubuski.ba\/wp-content\/uploads\/2023\/10\/WhatsApp-Image-2023-10-29-at-18.37.32-17-1.jpeg 1600w\" sizes=\"auto, (max-width: 1024px) 100vw, 1024px\" \/><\/figure>\n\n\n\n<figure class=\"wp-block-image size-large\"><img loading=\"lazy\" decoding=\"async\" width=\"1024\" height=\"682\" data-id=\"197132\" src=\"https:\/\/radioljubuski.ba\/wp-content\/uploads\/2023\/10\/WhatsApp-Image-2023-10-29-at-18.37.32-16-1-1024x682.jpeg\" alt=\"\" class=\"wp-image-197132\" srcset=\"https:\/\/radioljubuski.ba\/wp-content\/uploads\/2023\/10\/WhatsApp-Image-2023-10-29-at-18.37.32-16-1-1024x682.jpeg 1024w, https:\/\/radioljubuski.ba\/wp-content\/uploads\/2023\/10\/WhatsApp-Image-2023-10-29-at-18.37.32-16-1-300x200.jpeg 300w, https:\/\/radioljubuski.ba\/wp-content\/uploads\/2023\/10\/WhatsApp-Image-2023-10-29-at-18.37.32-16-1-768x512.jpeg 768w, https:\/\/radioljubuski.ba\/wp-content\/uploads\/2023\/10\/WhatsApp-Image-2023-10-29-at-18.37.32-16-1-1536x1023.jpeg 1536w, https:\/\/radioljubuski.ba\/wp-content\/uploads\/2023\/10\/WhatsApp-Image-2023-10-29-at-18.37.32-16-1-18x12.jpeg 18w, https:\/\/radioljubuski.ba\/wp-content\/uploads\/2023\/10\/WhatsApp-Image-2023-10-29-at-18.37.32-16-1.jpeg 1600w\" sizes=\"auto, (max-width: 1024px) 100vw, 1024px\" \/><\/figure>\n\n\n\n<figure class=\"wp-block-image size-large\"><img loading=\"lazy\" decoding=\"async\" width=\"1024\" height=\"682\" data-id=\"197133\" src=\"https:\/\/radioljubuski.ba\/wp-content\/uploads\/2023\/10\/WhatsApp-Image-2023-10-29-at-18.37.32-15-1-1024x682.jpeg\" alt=\"\" class=\"wp-image-197133\" srcset=\"https:\/\/radioljubuski.ba\/wp-content\/uploads\/2023\/10\/WhatsApp-Image-2023-10-29-at-18.37.32-15-1-1024x682.jpeg 1024w, https:\/\/radioljubuski.ba\/wp-content\/uploads\/2023\/10\/WhatsApp-Image-2023-10-29-at-18.37.32-15-1-300x200.jpeg 300w, https:\/\/radioljubuski.ba\/wp-content\/uploads\/2023\/10\/WhatsApp-Image-2023-10-29-at-18.37.32-15-1-768x512.jpeg 768w, https:\/\/radioljubuski.ba\/wp-content\/uploads\/2023\/10\/WhatsApp-Image-2023-10-29-at-18.37.32-15-1-1536x1023.jpeg 1536w, https:\/\/radioljubuski.ba\/wp-content\/uploads\/2023\/10\/WhatsApp-Image-2023-10-29-at-18.37.32-15-1-18x12.jpeg 18w, https:\/\/radioljubuski.ba\/wp-content\/uploads\/2023\/10\/WhatsApp-Image-2023-10-29-at-18.37.32-15-1.jpeg 1600w\" sizes=\"auto, (max-width: 1024px) 100vw, 1024px\" \/><\/figure>\n\n\n\n<figure class=\"wp-block-image size-large\"><img loading=\"lazy\" decoding=\"async\" width=\"1024\" height=\"682\" data-id=\"197134\" src=\"https:\/\/radioljubuski.ba\/wp-content\/uploads\/2023\/10\/WhatsApp-Image-2023-10-29-at-18.37.32-14-1-1024x682.jpeg\" alt=\"\" class=\"wp-image-197134\" srcset=\"https:\/\/radioljubuski.ba\/wp-content\/uploads\/2023\/10\/WhatsApp-Image-2023-10-29-at-18.37.32-14-1-1024x682.jpeg 1024w, https:\/\/radioljubuski.ba\/wp-content\/uploads\/2023\/10\/WhatsApp-Image-2023-10-29-at-18.37.32-14-1-300x200.jpeg 300w, https:\/\/radioljubuski.ba\/wp-content\/uploads\/2023\/10\/WhatsApp-Image-2023-10-29-at-18.37.32-14-1-768x512.jpeg 768w, https:\/\/radioljubuski.ba\/wp-content\/uploads\/2023\/10\/WhatsApp-Image-2023-10-29-at-18.37.32-14-1-1536x1023.jpeg 1536w, https:\/\/radioljubuski.ba\/wp-content\/uploads\/2023\/10\/WhatsApp-Image-2023-10-29-at-18.37.32-14-1-18x12.jpeg 18w, https:\/\/radioljubuski.ba\/wp-content\/uploads\/2023\/10\/WhatsApp-Image-2023-10-29-at-18.37.32-14-1.jpeg 1600w\" sizes=\"auto, (max-width: 1024px) 100vw, 1024px\" \/><\/figure>\n\n\n\n<figure class=\"wp-block-image size-large\"><img loading=\"lazy\" decoding=\"async\" width=\"1024\" height=\"682\" data-id=\"197135\" src=\"https:\/\/radioljubuski.ba\/wp-content\/uploads\/2023\/10\/WhatsApp-Image-2023-10-29-at-18.37.32-13-1-1024x682.jpeg\" alt=\"\" class=\"wp-image-197135\" srcset=\"https:\/\/radioljubuski.ba\/wp-content\/uploads\/2023\/10\/WhatsApp-Image-2023-10-29-at-18.37.32-13-1-1024x682.jpeg 1024w, https:\/\/radioljubuski.ba\/wp-content\/uploads\/2023\/10\/WhatsApp-Image-2023-10-29-at-18.37.32-13-1-300x200.jpeg 300w, https:\/\/radioljubuski.ba\/wp-content\/uploads\/2023\/10\/WhatsApp-Image-2023-10-29-at-18.37.32-13-1-768x512.jpeg 768w, https:\/\/radioljubuski.ba\/wp-content\/uploads\/2023\/10\/WhatsApp-Image-2023-10-29-at-18.37.32-13-1-1536x1023.jpeg 1536w, https:\/\/radioljubuski.ba\/wp-content\/uploads\/2023\/10\/WhatsApp-Image-2023-10-29-at-18.37.32-13-1-18x12.jpeg 18w, https:\/\/radioljubuski.ba\/wp-content\/uploads\/2023\/10\/WhatsApp-Image-2023-10-29-at-18.37.32-13-1.jpeg 1600w\" sizes=\"auto, (max-width: 1024px) 100vw, 1024px\" \/><\/figure>\n\n\n\n<figure class=\"wp-block-image size-large\"><img loading=\"lazy\" decoding=\"async\" width=\"1024\" height=\"682\" data-id=\"197137\" src=\"https:\/\/radioljubuski.ba\/wp-content\/uploads\/2023\/10\/WhatsApp-Image-2023-10-29-at-18.37.32-12-1-1024x682.jpeg\" alt=\"\" class=\"wp-image-197137\" srcset=\"https:\/\/radioljubuski.ba\/wp-content\/uploads\/2023\/10\/WhatsApp-Image-2023-10-29-at-18.37.32-12-1-1024x682.jpeg 1024w, https:\/\/radioljubuski.ba\/wp-content\/uploads\/2023\/10\/WhatsApp-Image-2023-10-29-at-18.37.32-12-1-300x200.jpeg 300w, https:\/\/radioljubuski.ba\/wp-content\/uploads\/2023\/10\/WhatsApp-Image-2023-10-29-at-18.37.32-12-1-768x512.jpeg 768w, https:\/\/radioljubuski.ba\/wp-content\/uploads\/2023\/10\/WhatsApp-Image-2023-10-29-at-18.37.32-12-1-1536x1023.jpeg 1536w, https:\/\/radioljubuski.ba\/wp-content\/uploads\/2023\/10\/WhatsApp-Image-2023-10-29-at-18.37.32-12-1-18x12.jpeg 18w, https:\/\/radioljubuski.ba\/wp-content\/uploads\/2023\/10\/WhatsApp-Image-2023-10-29-at-18.37.32-12-1.jpeg 1600w\" sizes=\"auto, (max-width: 1024px) 100vw, 1024px\" \/><\/figure>\n\n\n\n<figure class=\"wp-block-image size-large\"><img loading=\"lazy\" decoding=\"async\" width=\"1024\" height=\"682\" data-id=\"197136\" src=\"https:\/\/radioljubuski.ba\/wp-content\/uploads\/2023\/10\/WhatsApp-Image-2023-10-29-at-18.37.32-11-1-1024x682.jpeg\" alt=\"\" class=\"wp-image-197136\" srcset=\"https:\/\/radioljubuski.ba\/wp-content\/uploads\/2023\/10\/WhatsApp-Image-2023-10-29-at-18.37.32-11-1-1024x682.jpeg 1024w, https:\/\/radioljubuski.ba\/wp-content\/uploads\/2023\/10\/WhatsApp-Image-2023-10-29-at-18.37.32-11-1-300x200.jpeg 300w, https:\/\/radioljubuski.ba\/wp-content\/uploads\/2023\/10\/WhatsApp-Image-2023-10-29-at-18.37.32-11-1-768x512.jpeg 768w, https:\/\/radioljubuski.ba\/wp-content\/uploads\/2023\/10\/WhatsApp-Image-2023-10-29-at-18.37.32-11-1-1536x1023.jpeg 1536w, https:\/\/radioljubuski.ba\/wp-content\/uploads\/2023\/10\/WhatsApp-Image-2023-10-29-at-18.37.32-11-1-18x12.jpeg 18w, https:\/\/radioljubuski.ba\/wp-content\/uploads\/2023\/10\/WhatsApp-Image-2023-10-29-at-18.37.32-11-1.jpeg 1600w\" sizes=\"auto, (max-width: 1024px) 100vw, 1024px\" \/><\/figure>\n\n\n\n<figure class=\"wp-block-image size-large\"><img loading=\"lazy\" decoding=\"async\" width=\"1024\" height=\"682\" data-id=\"197139\" src=\"https:\/\/radioljubuski.ba\/wp-content\/uploads\/2023\/10\/WhatsApp-Image-2023-10-29-at-18.37.32-10-1-1024x682.jpeg\" alt=\"\" class=\"wp-image-197139\" srcset=\"https:\/\/radioljubuski.ba\/wp-content\/uploads\/2023\/10\/WhatsApp-Image-2023-10-29-at-18.37.32-10-1-1024x682.jpeg 1024w, https:\/\/radioljubuski.ba\/wp-content\/uploads\/2023\/10\/WhatsApp-Image-2023-10-29-at-18.37.32-10-1-300x200.jpeg 300w, https:\/\/radioljubuski.ba\/wp-content\/uploads\/2023\/10\/WhatsApp-Image-2023-10-29-at-18.37.32-10-1-768x512.jpeg 768w, https:\/\/radioljubuski.ba\/wp-content\/uploads\/2023\/10\/WhatsApp-Image-2023-10-29-at-18.37.32-10-1-1536x1023.jpeg 1536w, https:\/\/radioljubuski.ba\/wp-content\/uploads\/2023\/10\/WhatsApp-Image-2023-10-29-at-18.37.32-10-1-18x12.jpeg 18w, https:\/\/radioljubuski.ba\/wp-content\/uploads\/2023\/10\/WhatsApp-Image-2023-10-29-at-18.37.32-10-1.jpeg 1600w\" sizes=\"auto, (max-width: 1024px) 100vw, 1024px\" \/><\/figure>\n\n\n\n<figure class=\"wp-block-image size-large\"><img loading=\"lazy\" decoding=\"async\" width=\"1024\" height=\"682\" data-id=\"197138\" src=\"https:\/\/radioljubuski.ba\/wp-content\/uploads\/2023\/10\/WhatsApp-Image-2023-10-29-at-18.37.32-9-1-1024x682.jpeg\" alt=\"\" class=\"wp-image-197138\" srcset=\"https:\/\/radioljubuski.ba\/wp-content\/uploads\/2023\/10\/WhatsApp-Image-2023-10-29-at-18.37.32-9-1-1024x682.jpeg 1024w, https:\/\/radioljubuski.ba\/wp-content\/uploads\/2023\/10\/WhatsApp-Image-2023-10-29-at-18.37.32-9-1-300x200.jpeg 300w, https:\/\/radioljubuski.ba\/wp-content\/uploads\/2023\/10\/WhatsApp-Image-2023-10-29-at-18.37.32-9-1-768x512.jpeg 768w, https:\/\/radioljubuski.ba\/wp-content\/uploads\/2023\/10\/WhatsApp-Image-2023-10-29-at-18.37.32-9-1-1536x1023.jpeg 1536w, https:\/\/radioljubuski.ba\/wp-content\/uploads\/2023\/10\/WhatsApp-Image-2023-10-29-at-18.37.32-9-1-18x12.jpeg 18w, https:\/\/radioljubuski.ba\/wp-content\/uploads\/2023\/10\/WhatsApp-Image-2023-10-29-at-18.37.32-9-1.jpeg 1600w\" sizes=\"auto, (max-width: 1024px) 100vw, 1024px\" \/><\/figure>\n\n\n\n<figure class=\"wp-block-image size-large\"><img loading=\"lazy\" decoding=\"async\" width=\"1024\" height=\"682\" data-id=\"197142\" src=\"https:\/\/radioljubuski.ba\/wp-content\/uploads\/2023\/10\/WhatsApp-Image-2023-10-29-at-18.37.32-8-1-1024x682.jpeg\" alt=\"\" class=\"wp-image-197142\" srcset=\"https:\/\/radioljubuski.ba\/wp-content\/uploads\/2023\/10\/WhatsApp-Image-2023-10-29-at-18.37.32-8-1-1024x682.jpeg 1024w, https:\/\/radioljubuski.ba\/wp-content\/uploads\/2023\/10\/WhatsApp-Image-2023-10-29-at-18.37.32-8-1-300x200.jpeg 300w, https:\/\/radioljubuski.ba\/wp-content\/uploads\/2023\/10\/WhatsApp-Image-2023-10-29-at-18.37.32-8-1-768x512.jpeg 768w, https:\/\/radioljubuski.ba\/wp-content\/uploads\/2023\/10\/WhatsApp-Image-2023-10-29-at-18.37.32-8-1-1536x1023.jpeg 1536w, https:\/\/radioljubuski.ba\/wp-content\/uploads\/2023\/10\/WhatsApp-Image-2023-10-29-at-18.37.32-8-1-18x12.jpeg 18w, https:\/\/radioljubuski.ba\/wp-content\/uploads\/2023\/10\/WhatsApp-Image-2023-10-29-at-18.37.32-8-1.jpeg 1600w\" sizes=\"auto, (max-width: 1024px) 100vw, 1024px\" \/><\/figure>\n\n\n\n<figure class=\"wp-block-image size-large\"><img loading=\"lazy\" decoding=\"async\" width=\"1024\" height=\"682\" data-id=\"197143\" src=\"https:\/\/radioljubuski.ba\/wp-content\/uploads\/2023\/10\/WhatsApp-Image-2023-10-29-at-18.37.32-7-1-1024x682.jpeg\" alt=\"\" class=\"wp-image-197143\" srcset=\"https:\/\/radioljubuski.ba\/wp-content\/uploads\/2023\/10\/WhatsApp-Image-2023-10-29-at-18.37.32-7-1-1024x682.jpeg 1024w, https:\/\/radioljubuski.ba\/wp-content\/uploads\/2023\/10\/WhatsApp-Image-2023-10-29-at-18.37.32-7-1-300x200.jpeg 300w, https:\/\/radioljubuski.ba\/wp-content\/uploads\/2023\/10\/WhatsApp-Image-2023-10-29-at-18.37.32-7-1-768x512.jpeg 768w, https:\/\/radioljubuski.ba\/wp-content\/uploads\/2023\/10\/WhatsApp-Image-2023-10-29-at-18.37.32-7-1-1536x1023.jpeg 1536w, https:\/\/radioljubuski.ba\/wp-content\/uploads\/2023\/10\/WhatsApp-Image-2023-10-29-at-18.37.32-7-1-18x12.jpeg 18w, https:\/\/radioljubuski.ba\/wp-content\/uploads\/2023\/10\/WhatsApp-Image-2023-10-29-at-18.37.32-7-1.jpeg 1600w\" sizes=\"auto, (max-width: 1024px) 100vw, 1024px\" \/><\/figure>\n\n\n\n<figure class=\"wp-block-image size-large\"><img loading=\"lazy\" decoding=\"async\" width=\"1024\" height=\"682\" data-id=\"197141\" src=\"https:\/\/radioljubuski.ba\/wp-content\/uploads\/2023\/10\/WhatsApp-Image-2023-10-29-at-18.37.32-5-1-1024x682.jpeg\" alt=\"\" class=\"wp-image-197141\" srcset=\"https:\/\/radioljubuski.ba\/wp-content\/uploads\/2023\/10\/WhatsApp-Image-2023-10-29-at-18.37.32-5-1-1024x682.jpeg 1024w, https:\/\/radioljubuski.ba\/wp-content\/uploads\/2023\/10\/WhatsApp-Image-2023-10-29-at-18.37.32-5-1-300x200.jpeg 300w, https:\/\/radioljubuski.ba\/wp-content\/uploads\/2023\/10\/WhatsApp-Image-2023-10-29-at-18.37.32-5-1-768x512.jpeg 768w, https:\/\/radioljubuski.ba\/wp-content\/uploads\/2023\/10\/WhatsApp-Image-2023-10-29-at-18.37.32-5-1-1536x1023.jpeg 1536w, https:\/\/radioljubuski.ba\/wp-content\/uploads\/2023\/10\/WhatsApp-Image-2023-10-29-at-18.37.32-5-1-18x12.jpeg 18w, https:\/\/radioljubuski.ba\/wp-content\/uploads\/2023\/10\/WhatsApp-Image-2023-10-29-at-18.37.32-5-1.jpeg 1600w\" sizes=\"auto, (max-width: 1024px) 100vw, 1024px\" \/><\/figure>\n\n\n\n<figure class=\"wp-block-image size-large\"><img loading=\"lazy\" decoding=\"async\" width=\"1024\" height=\"682\" data-id=\"197145\" src=\"https:\/\/radioljubuski.ba\/wp-content\/uploads\/2023\/10\/WhatsApp-Image-2023-10-29-at-18.37.32-4-1-1024x682.jpeg\" alt=\"\" class=\"wp-image-197145\" srcset=\"https:\/\/radioljubuski.ba\/wp-content\/uploads\/2023\/10\/WhatsApp-Image-2023-10-29-at-18.37.32-4-1-1024x682.jpeg 1024w, https:\/\/radioljubuski.ba\/wp-content\/uploads\/2023\/10\/WhatsApp-Image-2023-10-29-at-18.37.32-4-1-300x200.jpeg 300w, https:\/\/radioljubuski.ba\/wp-content\/uploads\/2023\/10\/WhatsApp-Image-2023-10-29-at-18.37.32-4-1-768x512.jpeg 768w, https:\/\/radioljubuski.ba\/wp-content\/uploads\/2023\/10\/WhatsApp-Image-2023-10-29-at-18.37.32-4-1-1536x1023.jpeg 1536w, https:\/\/radioljubuski.ba\/wp-content\/uploads\/2023\/10\/WhatsApp-Image-2023-10-29-at-18.37.32-4-1-18x12.jpeg 18w, https:\/\/radioljubuski.ba\/wp-content\/uploads\/2023\/10\/WhatsApp-Image-2023-10-29-at-18.37.32-4-1.jpeg 1600w\" sizes=\"auto, (max-width: 1024px) 100vw, 1024px\" \/><\/figure>\n\n\n\n<figure class=\"wp-block-image size-large\"><img loading=\"lazy\" decoding=\"async\" width=\"1024\" height=\"682\" data-id=\"197147\" src=\"https:\/\/radioljubuski.ba\/wp-content\/uploads\/2023\/10\/WhatsApp-Image-2023-10-29-at-18.37.32-3-1-1024x682.jpeg\" alt=\"\" class=\"wp-image-197147\" srcset=\"https:\/\/radioljubuski.ba\/wp-content\/uploads\/2023\/10\/WhatsApp-Image-2023-10-29-at-18.37.32-3-1-1024x682.jpeg 1024w, https:\/\/radioljubuski.ba\/wp-content\/uploads\/2023\/10\/WhatsApp-Image-2023-10-29-at-18.37.32-3-1-300x200.jpeg 300w, https:\/\/radioljubuski.ba\/wp-content\/uploads\/2023\/10\/WhatsApp-Image-2023-10-29-at-18.37.32-3-1-768x512.jpeg 768w, https:\/\/radioljubuski.ba\/wp-content\/uploads\/2023\/10\/WhatsApp-Image-2023-10-29-at-18.37.32-3-1-1536x1023.jpeg 1536w, https:\/\/radioljubuski.ba\/wp-content\/uploads\/2023\/10\/WhatsApp-Image-2023-10-29-at-18.37.32-3-1-18x12.jpeg 18w, https:\/\/radioljubuski.ba\/wp-content\/uploads\/2023\/10\/WhatsApp-Image-2023-10-29-at-18.37.32-3-1.jpeg 1600w\" sizes=\"auto, (max-width: 1024px) 100vw, 1024px\" \/><\/figure>\n\n\n\n<figure class=\"wp-block-image size-large\"><img loading=\"lazy\" decoding=\"async\" width=\"1024\" height=\"682\" data-id=\"197146\" src=\"https:\/\/radioljubuski.ba\/wp-content\/uploads\/2023\/10\/WhatsApp-Image-2023-10-29-at-18.37.32-2-1-1024x682.jpeg\" alt=\"\" class=\"wp-image-197146\" srcset=\"https:\/\/radioljubuski.ba\/wp-content\/uploads\/2023\/10\/WhatsApp-Image-2023-10-29-at-18.37.32-2-1-1024x682.jpeg 1024w, https:\/\/radioljubuski.ba\/wp-content\/uploads\/2023\/10\/WhatsApp-Image-2023-10-29-at-18.37.32-2-1-300x200.jpeg 300w, https:\/\/radioljubuski.ba\/wp-content\/uploads\/2023\/10\/WhatsApp-Image-2023-10-29-at-18.37.32-2-1-768x512.jpeg 768w, https:\/\/radioljubuski.ba\/wp-content\/uploads\/2023\/10\/WhatsApp-Image-2023-10-29-at-18.37.32-2-1-1536x1023.jpeg 1536w, https:\/\/radioljubuski.ba\/wp-content\/uploads\/2023\/10\/WhatsApp-Image-2023-10-29-at-18.37.32-2-1-18x12.jpeg 18w, https:\/\/radioljubuski.ba\/wp-content\/uploads\/2023\/10\/WhatsApp-Image-2023-10-29-at-18.37.32-2-1.jpeg 1600w\" sizes=\"auto, (max-width: 1024px) 100vw, 1024px\" \/><\/figure>\n\n\n\n<figure class=\"wp-block-image size-large\"><img loading=\"lazy\" decoding=\"async\" width=\"1024\" height=\"682\" data-id=\"197144\" src=\"https:\/\/radioljubuski.ba\/wp-content\/uploads\/2023\/10\/WhatsApp-Image-2023-10-29-at-18.37.32-1-1-1024x682.jpeg\" alt=\"\" class=\"wp-image-197144\" srcset=\"https:\/\/radioljubuski.ba\/wp-content\/uploads\/2023\/10\/WhatsApp-Image-2023-10-29-at-18.37.32-1-1-1024x682.jpeg 1024w, https:\/\/radioljubuski.ba\/wp-content\/uploads\/2023\/10\/WhatsApp-Image-2023-10-29-at-18.37.32-1-1-300x200.jpeg 300w, https:\/\/radioljubuski.ba\/wp-content\/uploads\/2023\/10\/WhatsApp-Image-2023-10-29-at-18.37.32-1-1-768x512.jpeg 768w, https:\/\/radioljubuski.ba\/wp-content\/uploads\/2023\/10\/WhatsApp-Image-2023-10-29-at-18.37.32-1-1-1536x1023.jpeg 1536w, https:\/\/radioljubuski.ba\/wp-content\/uploads\/2023\/10\/WhatsApp-Image-2023-10-29-at-18.37.32-1-1-18x12.jpeg 18w, https:\/\/radioljubuski.ba\/wp-content\/uploads\/2023\/10\/WhatsApp-Image-2023-10-29-at-18.37.32-1-1.jpeg 1600w\" sizes=\"auto, (max-width: 1024px) 100vw, 1024px\" \/><\/figure>\n<\/figure>\n\n\n\n<p>Gordana Ili\u0107 \/ Radio Ljubu\u0161ki<\/p>\n","protected":false},"excerpt":{"rendered":"<p>Na Trgu dr. Franje Tu\u0111mana u Ljubu\u0161kom u nedjelju, 29. listopada povodom blagdana Svih svetih i Du\u0161nog dana odana je po\u010dast pokojnim braniteljima.Vijenac uz zapaljene svije\u0107e ispred spomen obilje\u017eja pok.braniteljima polo\u017eili su \u010dlanovi obitelji poginulih branitelja, predstavnici braniteljskih udruga, potpredsjednik Vlade i ministar financija Federacije BIH Toni Kraljevi\u0107, gradona\u010delnik Ljubu\u0161kog Vedran Markoti\u0107, predsjednik Gradskog vije\u0107a [&hellip;]<\/p>\n","protected":false},"author":2,"featured_media":197149,"comment_status":"closed","ping_status":"closed","sticky":false,"template":"","format":"standard","meta":{"h5ap_radio_sources":[],"footnotes":""},"categories":[3,28],"tags":[],"class_list":["post-197068","post","type-post","status-publish","format-standard","has-post-thumbnail","hentry","category-ljubuski","category-novosti"],"yoast_head":"<!-- This site is optimized with the Yoast SEO plugin v27.4 - https:\/\/yoast.com\/product\/yoast-seo-wordpress\/ -->\n<title>Ljubu\u0161ki: Odana po\u010dast pokojnim braniteljima povodom blagdana Svih Svetih i Du\u0161nog dana - RADIO LJUBU\u0160KI<\/title>\n<meta name=\"robots\" content=\"index, follow, max-snippet:-1, max-image-preview:large, max-video-preview:-1\" \/>\n<link rel=\"canonical\" href=\"https:\/\/radioljubuski.ba\/index.php\/2023\/10\/29\/ljubuski-odana-pocast-pokojnim-braniteljima-povodom-blagdana-svih-svetih-i-dusnog-dana\/\" \/>\n<meta property=\"og:locale\" content=\"hr_HR\" \/>\n<meta property=\"og:type\" content=\"article\" \/>\n<meta property=\"og:title\" content=\"Ljubu\u0161ki: Odana po\u010dast pokojnim braniteljima povodom blagdana Svih Svetih i Du\u0161nog dana - RADIO LJUBU\u0160KI\" \/>\n<meta property=\"og:description\" content=\"Na Trgu dr. Franje Tu\u0111mana u Ljubu\u0161kom u nedjelju, 29. listopada povodom blagdana Svih svetih i Du\u0161nog dana odana je po\u010dast pokojnim braniteljima.Vijenac uz zapaljene svije\u0107e ispred spomen obilje\u017eja pok.braniteljima polo\u017eili su \u010dlanovi obitelji poginulih branitelja, predstavnici braniteljskih udruga, potpredsjednik Vlade i ministar financija Federacije BIH Toni Kraljevi\u0107, gradona\u010delnik Ljubu\u0161kog Vedran Markoti\u0107, predsjednik Gradskog vije\u0107a [&hellip;]\" \/>\n<meta property=\"og:url\" content=\"https:\/\/radioljubuski.ba\/index.php\/2023\/10\/29\/ljubuski-odana-pocast-pokojnim-braniteljima-povodom-blagdana-svih-svetih-i-dusnog-dana\/\" \/>\n<meta property=\"og:site_name\" content=\"RADIO LJUBU\u0160KI\" \/>\n<meta property=\"article:publisher\" content=\"https:\/\/www.facebook.com\/Radiio-Ljubuski-1490835324566332\" \/>\n<meta property=\"article:published_time\" content=\"2023-10-29T17:55:35+00:00\" \/>\n<meta property=\"article:modified_time\" content=\"2023-10-29T18:11:35+00:00\" \/>\n<meta property=\"og:image\" content=\"https:\/\/radioljubuski.ba\/wp-content\/uploads\/2023\/10\/sjednica-gradskoj-vijeca-1.jpg\" \/>\n\t<meta property=\"og:image:width\" content=\"940\" \/>\n\t<meta property=\"og:image:height\" content=\"788\" \/>\n\t<meta property=\"og:image:type\" content=\"image\/jpeg\" \/>\n<meta name=\"author\" content=\"Radio Ljubu\u0161ki\" \/>\n<meta name=\"twitter:card\" content=\"summary_large_image\" \/>\n<meta name=\"twitter:creator\" content=\"@radioljubuski\" \/>\n<meta name=\"twitter:site\" content=\"@radioljubuski\" \/>\n<meta name=\"twitter:label1\" content=\"Napisao\/la\" \/>\n\t<meta name=\"twitter:data1\" content=\"Radio Ljubu\u0161ki\" \/>\n\t<meta name=\"twitter:label2\" content=\"Procijenjeno vrijeme \u010ditanja\" \/>\n\t<meta name=\"twitter:data2\" content=\"9 minuta\" \/>\n<script type=\"application\/ld+json\" class=\"yoast-schema-graph\">{\"@context\":\"https:\\\/\\\/schema.org\",\"@graph\":[{\"@type\":\"Article\",\"@id\":\"https:\\\/\\\/radioljubuski.ba\\\/index.php\\\/2023\\\/10\\\/29\\\/ljubuski-odana-pocast-pokojnim-braniteljima-povodom-blagdana-svih-svetih-i-dusnog-dana\\\/#article\",\"isPartOf\":{\"@id\":\"https:\\\/\\\/radioljubuski.ba\\\/index.php\\\/2023\\\/10\\\/29\\\/ljubuski-odana-pocast-pokojnim-braniteljima-povodom-blagdana-svih-svetih-i-dusnog-dana\\\/\"},\"author\":{\"name\":\"Radio Ljubu\u0161ki\",\"@id\":\"https:\\\/\\\/radioljubuski.ba\\\/#\\\/schema\\\/person\\\/19fc700381a780f69665d7956c469e3b\"},\"headline\":\"Ljubu\u0161ki: Odana po\u010dast pokojnim braniteljima povodom blagdana Svih Svetih i Du\u0161nog dana\",\"datePublished\":\"2023-10-29T17:55:35+00:00\",\"dateModified\":\"2023-10-29T18:11:35+00:00\",\"mainEntityOfPage\":{\"@id\":\"https:\\\/\\\/radioljubuski.ba\\\/index.php\\\/2023\\\/10\\\/29\\\/ljubuski-odana-pocast-pokojnim-braniteljima-povodom-blagdana-svih-svetih-i-dusnog-dana\\\/\"},\"wordCount\":190,\"publisher\":{\"@id\":\"https:\\\/\\\/radioljubuski.ba\\\/#organization\"},\"image\":{\"@id\":\"https:\\\/\\\/radioljubuski.ba\\\/index.php\\\/2023\\\/10\\\/29\\\/ljubuski-odana-pocast-pokojnim-braniteljima-povodom-blagdana-svih-svetih-i-dusnog-dana\\\/#primaryimage\"},\"thumbnailUrl\":\"https:\\\/\\\/radioljubuski.ba\\\/wp-content\\\/uploads\\\/2023\\\/10\\\/sjednica-gradskoj-vijeca-1.jpg\",\"articleSection\":[\"Ljubu\u0161ki\",\"Novosti\"],\"inLanguage\":\"hr\"},{\"@type\":\"WebPage\",\"@id\":\"https:\\\/\\\/radioljubuski.ba\\\/index.php\\\/2023\\\/10\\\/29\\\/ljubuski-odana-pocast-pokojnim-braniteljima-povodom-blagdana-svih-svetih-i-dusnog-dana\\\/\",\"url\":\"https:\\\/\\\/radioljubuski.ba\\\/index.php\\\/2023\\\/10\\\/29\\\/ljubuski-odana-pocast-pokojnim-braniteljima-povodom-blagdana-svih-svetih-i-dusnog-dana\\\/\",\"name\":\"Ljubu\u0161ki: Odana po\u010dast pokojnim braniteljima povodom blagdana Svih Svetih i Du\u0161nog dana - RADIO LJUBU\u0160KI\",\"isPartOf\":{\"@id\":\"https:\\\/\\\/radioljubuski.ba\\\/#website\"},\"primaryImageOfPage\":{\"@id\":\"https:\\\/\\\/radioljubuski.ba\\\/index.php\\\/2023\\\/10\\\/29\\\/ljubuski-odana-pocast-pokojnim-braniteljima-povodom-blagdana-svih-svetih-i-dusnog-dana\\\/#primaryimage\"},\"image\":{\"@id\":\"https:\\\/\\\/radioljubuski.ba\\\/index.php\\\/2023\\\/10\\\/29\\\/ljubuski-odana-pocast-pokojnim-braniteljima-povodom-blagdana-svih-svetih-i-dusnog-dana\\\/#primaryimage\"},\"thumbnailUrl\":\"https:\\\/\\\/radioljubuski.ba\\\/wp-content\\\/uploads\\\/2023\\\/10\\\/sjednica-gradskoj-vijeca-1.jpg\",\"datePublished\":\"2023-10-29T17:55:35+00:00\",\"dateModified\":\"2023-10-29T18:11:35+00:00\",\"breadcrumb\":{\"@id\":\"https:\\\/\\\/radioljubuski.ba\\\/index.php\\\/2023\\\/10\\\/29\\\/ljubuski-odana-pocast-pokojnim-braniteljima-povodom-blagdana-svih-svetih-i-dusnog-dana\\\/#breadcrumb\"},\"inLanguage\":\"hr\",\"potentialAction\":[{\"@type\":\"ReadAction\",\"target\":[\"https:\\\/\\\/radioljubuski.ba\\\/index.php\\\/2023\\\/10\\\/29\\\/ljubuski-odana-pocast-pokojnim-braniteljima-povodom-blagdana-svih-svetih-i-dusnog-dana\\\/\"]}]},{\"@type\":\"ImageObject\",\"inLanguage\":\"hr\",\"@id\":\"https:\\\/\\\/radioljubuski.ba\\\/index.php\\\/2023\\\/10\\\/29\\\/ljubuski-odana-pocast-pokojnim-braniteljima-povodom-blagdana-svih-svetih-i-dusnog-dana\\\/#primaryimage\",\"url\":\"https:\\\/\\\/radioljubuski.ba\\\/wp-content\\\/uploads\\\/2023\\\/10\\\/sjednica-gradskoj-vijeca-1.jpg\",\"contentUrl\":\"https:\\\/\\\/radioljubuski.ba\\\/wp-content\\\/uploads\\\/2023\\\/10\\\/sjednica-gradskoj-vijeca-1.jpg\",\"width\":940,\"height\":788},{\"@type\":\"BreadcrumbList\",\"@id\":\"https:\\\/\\\/radioljubuski.ba\\\/index.php\\\/2023\\\/10\\\/29\\\/ljubuski-odana-pocast-pokojnim-braniteljima-povodom-blagdana-svih-svetih-i-dusnog-dana\\\/#breadcrumb\",\"itemListElement\":[{\"@type\":\"ListItem\",\"position\":1,\"name\":\"Po\u010detna stranica\",\"item\":\"https:\\\/\\\/radioljubuski.ba\\\/\"},{\"@type\":\"ListItem\",\"position\":2,\"name\":\"Ljubu\u0161ki: Odana po\u010dast pokojnim braniteljima povodom blagdana Svih Svetih i Du\u0161nog dana\"}]},{\"@type\":\"WebSite\",\"@id\":\"https:\\\/\\\/radioljubuski.ba\\\/#website\",\"url\":\"https:\\\/\\\/radioljubuski.ba\\\/\",\"name\":\"Radio Ljubu\u0161ki\",\"description\":\"Sun\u010dana frekvencija Hercegovine\",\"publisher\":{\"@id\":\"https:\\\/\\\/radioljubuski.ba\\\/#organization\"},\"potentialAction\":[{\"@type\":\"SearchAction\",\"target\":{\"@type\":\"EntryPoint\",\"urlTemplate\":\"https:\\\/\\\/radioljubuski.ba\\\/?s={search_term_string}\"},\"query-input\":{\"@type\":\"PropertyValueSpecification\",\"valueRequired\":true,\"valueName\":\"search_term_string\"}}],\"inLanguage\":\"hr\"},{\"@type\":\"Organization\",\"@id\":\"https:\\\/\\\/radioljubuski.ba\\\/#organization\",\"name\":\"Radio Ljubu\u0161ki\",\"url\":\"https:\\\/\\\/radioljubuski.ba\\\/\",\"logo\":{\"@type\":\"ImageObject\",\"inLanguage\":\"hr\",\"@id\":\"https:\\\/\\\/radioljubuski.ba\\\/#\\\/schema\\\/logo\\\/image\\\/\",\"url\":\"https:\\\/\\\/radioljubuski.ba\\\/wp-content\\\/uploads\\\/2021\\\/02\\\/cropped-Radio_Ljubuski_logo1.jpg\",\"contentUrl\":\"https:\\\/\\\/radioljubuski.ba\\\/wp-content\\\/uploads\\\/2021\\\/02\\\/cropped-Radio_Ljubuski_logo1.jpg\",\"width\":512,\"height\":512,\"caption\":\"Radio Ljubu\u0161ki\"},\"image\":{\"@id\":\"https:\\\/\\\/radioljubuski.ba\\\/#\\\/schema\\\/logo\\\/image\\\/\"},\"sameAs\":[\"https:\\\/\\\/www.facebook.com\\\/Radiio-Ljubuski-1490835324566332\",\"https:\\\/\\\/x.com\\\/radioljubuski\",\"https:\\\/\\\/hr.linkedin.com\\\/company\\\/radio-ljubuski\",\"https:\\\/\\\/www.youtube.com\\\/channel\\\/UCHYaeO_n0Db3tjNGudGpXyw\"]},{\"@type\":\"Person\",\"@id\":\"https:\\\/\\\/radioljubuski.ba\\\/#\\\/schema\\\/person\\\/19fc700381a780f69665d7956c469e3b\",\"name\":\"Radio Ljubu\u0161ki\"}]}<\/script>\n<!-- \/ Yoast SEO plugin. -->","yoast_head_json":{"title":"Ljubu\u0161ki: Odana po\u010dast pokojnim braniteljima povodom blagdana Svih Svetih i Du\u0161nog dana - RADIO LJUBU\u0160KI","robots":{"index":"index","follow":"follow","max-snippet":"max-snippet:-1","max-image-preview":"max-image-preview:large","max-video-preview":"max-video-preview:-1"},"canonical":"https:\/\/radioljubuski.ba\/index.php\/2023\/10\/29\/ljubuski-odana-pocast-pokojnim-braniteljima-povodom-blagdana-svih-svetih-i-dusnog-dana\/","og_locale":"hr_HR","og_type":"article","og_title":"Ljubu\u0161ki: Odana po\u010dast pokojnim braniteljima povodom blagdana Svih Svetih i Du\u0161nog dana - RADIO LJUBU\u0160KI","og_description":"Na Trgu dr. Franje Tu\u0111mana u Ljubu\u0161kom u nedjelju, 29. listopada povodom blagdana Svih svetih i Du\u0161nog dana odana je po\u010dast pokojnim braniteljima.Vijenac uz zapaljene svije\u0107e ispred spomen obilje\u017eja pok.braniteljima polo\u017eili su \u010dlanovi obitelji poginulih branitelja, predstavnici braniteljskih udruga, potpredsjednik Vlade i ministar financija Federacije BIH Toni Kraljevi\u0107, gradona\u010delnik Ljubu\u0161kog Vedran Markoti\u0107, predsjednik Gradskog vije\u0107a [&hellip;]","og_url":"https:\/\/radioljubuski.ba\/index.php\/2023\/10\/29\/ljubuski-odana-pocast-pokojnim-braniteljima-povodom-blagdana-svih-svetih-i-dusnog-dana\/","og_site_name":"RADIO LJUBU\u0160KI","article_publisher":"https:\/\/www.facebook.com\/Radiio-Ljubuski-1490835324566332","article_published_time":"2023-10-29T17:55:35+00:00","article_modified_time":"2023-10-29T18:11:35+00:00","og_image":[{"width":940,"height":788,"url":"https:\/\/radioljubuski.ba\/wp-content\/uploads\/2023\/10\/sjednica-gradskoj-vijeca-1.jpg","type":"image\/jpeg"}],"author":"Radio Ljubu\u0161ki","twitter_card":"summary_large_image","twitter_creator":"@radioljubuski","twitter_site":"@radioljubuski","twitter_misc":{"Napisao\/la":"Radio Ljubu\u0161ki","Procijenjeno vrijeme \u010ditanja":"9 minuta"},"schema":{"@context":"https:\/\/schema.org","@graph":[{"@type":"Article","@id":"https:\/\/radioljubuski.ba\/index.php\/2023\/10\/29\/ljubuski-odana-pocast-pokojnim-braniteljima-povodom-blagdana-svih-svetih-i-dusnog-dana\/#article","isPartOf":{"@id":"https:\/\/radioljubuski.ba\/index.php\/2023\/10\/29\/ljubuski-odana-pocast-pokojnim-braniteljima-povodom-blagdana-svih-svetih-i-dusnog-dana\/"},"author":{"name":"Radio Ljubu\u0161ki","@id":"https:\/\/radioljubuski.ba\/#\/schema\/person\/19fc700381a780f69665d7956c469e3b"},"headline":"Ljubu\u0161ki: Odana po\u010dast pokojnim braniteljima povodom blagdana Svih Svetih i Du\u0161nog dana","datePublished":"2023-10-29T17:55:35+00:00","dateModified":"2023-10-29T18:11:35+00:00","mainEntityOfPage":{"@id":"https:\/\/radioljubuski.ba\/index.php\/2023\/10\/29\/ljubuski-odana-pocast-pokojnim-braniteljima-povodom-blagdana-svih-svetih-i-dusnog-dana\/"},"wordCount":190,"publisher":{"@id":"https:\/\/radioljubuski.ba\/#organization"},"image":{"@id":"https:\/\/radioljubuski.ba\/index.php\/2023\/10\/29\/ljubuski-odana-pocast-pokojnim-braniteljima-povodom-blagdana-svih-svetih-i-dusnog-dana\/#primaryimage"},"thumbnailUrl":"https:\/\/radioljubuski.ba\/wp-content\/uploads\/2023\/10\/sjednica-gradskoj-vijeca-1.jpg","articleSection":["Ljubu\u0161ki","Novosti"],"inLanguage":"hr"},{"@type":"WebPage","@id":"https:\/\/radioljubuski.ba\/index.php\/2023\/10\/29\/ljubuski-odana-pocast-pokojnim-braniteljima-povodom-blagdana-svih-svetih-i-dusnog-dana\/","url":"https:\/\/radioljubuski.ba\/index.php\/2023\/10\/29\/ljubuski-odana-pocast-pokojnim-braniteljima-povodom-blagdana-svih-svetih-i-dusnog-dana\/","name":"Ljubu\u0161ki: Odana po\u010dast pokojnim braniteljima povodom blagdana Svih Svetih i Du\u0161nog dana - RADIO LJUBU\u0160KI","isPartOf":{"@id":"https:\/\/radioljubuski.ba\/#website"},"primaryImageOfPage":{"@id":"https:\/\/radioljubuski.ba\/index.php\/2023\/10\/29\/ljubuski-odana-pocast-pokojnim-braniteljima-povodom-blagdana-svih-svetih-i-dusnog-dana\/#primaryimage"},"image":{"@id":"https:\/\/radioljubuski.ba\/index.php\/2023\/10\/29\/ljubuski-odana-pocast-pokojnim-braniteljima-povodom-blagdana-svih-svetih-i-dusnog-dana\/#primaryimage"},"thumbnailUrl":"https:\/\/radioljubuski.ba\/wp-content\/uploads\/2023\/10\/sjednica-gradskoj-vijeca-1.jpg","datePublished":"2023-10-29T17:55:35+00:00","dateModified":"2023-10-29T18:11:35+00:00","breadcrumb":{"@id":"https:\/\/radioljubuski.ba\/index.php\/2023\/10\/29\/ljubuski-odana-pocast-pokojnim-braniteljima-povodom-blagdana-svih-svetih-i-dusnog-dana\/#breadcrumb"},"inLanguage":"hr","potentialAction":[{"@type":"ReadAction","target":["https:\/\/radioljubuski.ba\/index.php\/2023\/10\/29\/ljubuski-odana-pocast-pokojnim-braniteljima-povodom-blagdana-svih-svetih-i-dusnog-dana\/"]}]},{"@type":"ImageObject","inLanguage":"hr","@id":"https:\/\/radioljubuski.ba\/index.php\/2023\/10\/29\/ljubuski-odana-pocast-pokojnim-braniteljima-povodom-blagdana-svih-svetih-i-dusnog-dana\/#primaryimage","url":"https:\/\/radioljubuski.ba\/wp-content\/uploads\/2023\/10\/sjednica-gradskoj-vijeca-1.jpg","contentUrl":"https:\/\/radioljubuski.ba\/wp-content\/uploads\/2023\/10\/sjednica-gradskoj-vijeca-1.jpg","width":940,"height":788},{"@type":"BreadcrumbList","@id":"https:\/\/radioljubuski.ba\/index.php\/2023\/10\/29\/ljubuski-odana-pocast-pokojnim-braniteljima-povodom-blagdana-svih-svetih-i-dusnog-dana\/#breadcrumb","itemListElement":[{"@type":"ListItem","position":1,"name":"Po\u010detna stranica","item":"https:\/\/radioljubuski.ba\/"},{"@type":"ListItem","position":2,"name":"Ljubu\u0161ki: Odana po\u010dast pokojnim braniteljima povodom blagdana Svih Svetih i Du\u0161nog dana"}]},{"@type":"WebSite","@id":"https:\/\/radioljubuski.ba\/#website","url":"https:\/\/radioljubuski.ba\/","name":"Radio Ljubu\u0161ki","description":"Sun\u010dana frekvencija Hercegovine","publisher":{"@id":"https:\/\/radioljubuski.ba\/#organization"},"potentialAction":[{"@type":"SearchAction","target":{"@type":"EntryPoint","urlTemplate":"https:\/\/radioljubuski.ba\/?s={search_term_string}"},"query-input":{"@type":"PropertyValueSpecification","valueRequired":true,"valueName":"search_term_string"}}],"inLanguage":"hr"},{"@type":"Organization","@id":"https:\/\/radioljubuski.ba\/#organization","name":"Radio Ljubu\u0161ki","url":"https:\/\/radioljubuski.ba\/","logo":{"@type":"ImageObject","inLanguage":"hr","@id":"https:\/\/radioljubuski.ba\/#\/schema\/logo\/image\/","url":"https:\/\/radioljubuski.ba\/wp-content\/uploads\/2021\/02\/cropped-Radio_Ljubuski_logo1.jpg","contentUrl":"https:\/\/radioljubuski.ba\/wp-content\/uploads\/2021\/02\/cropped-Radio_Ljubuski_logo1.jpg","width":512,"height":512,"caption":"Radio Ljubu\u0161ki"},"image":{"@id":"https:\/\/radioljubuski.ba\/#\/schema\/logo\/image\/"},"sameAs":["https:\/\/www.facebook.com\/Radiio-Ljubuski-1490835324566332","https:\/\/x.com\/radioljubuski","https:\/\/hr.linkedin.com\/company\/radio-ljubuski","https:\/\/www.youtube.com\/channel\/UCHYaeO_n0Db3tjNGudGpXyw"]},{"@type":"Person","@id":"https:\/\/radioljubuski.ba\/#\/schema\/person\/19fc700381a780f69665d7956c469e3b","name":"Radio Ljubu\u0161ki"}]}},"_links":{"self":[{"href":"https:\/\/radioljubuski.ba\/index.php\/wp-json\/wp\/v2\/posts\/197068","targetHints":{"allow":["GET"]}}],"collection":[{"href":"https:\/\/radioljubuski.ba\/index.php\/wp-json\/wp\/v2\/posts"}],"about":[{"href":"https:\/\/radioljubuski.ba\/index.php\/wp-json\/wp\/v2\/types\/post"}],"author":[{"embeddable":true,"href":"https:\/\/radioljubuski.ba\/index.php\/wp-json\/wp\/v2\/users\/2"}],"replies":[{"embeddable":true,"href":"https:\/\/radioljubuski.ba\/index.php\/wp-json\/wp\/v2\/comments?post=197068"}],"version-history":[{"count":6,"href":"https:\/\/radioljubuski.ba\/index.php\/wp-json\/wp\/v2\/posts\/197068\/revisions"}],"predecessor-version":[{"id":197154,"href":"https:\/\/radioljubuski.ba\/index.php\/wp-json\/wp\/v2\/posts\/197068\/revisions\/197154"}],"wp:featuredmedia":[{"embeddable":true,"href":"https:\/\/radioljubuski.ba\/index.php\/wp-json\/wp\/v2\/media\/197149"}],"wp:attachment":[{"href":"https:\/\/radioljubuski.ba\/index.php\/wp-json\/wp\/v2\/media?parent=197068"}],"wp:term":[{"taxonomy":"category","embeddable":true,"href":"https:\/\/radioljubuski.ba\/index.php\/wp-json\/wp\/v2\/categories?post=197068"},{"taxonomy":"post_tag","embeddable":true,"href":"https:\/\/radioljubuski.ba\/index.php\/wp-json\/wp\/v2\/tags?post=197068"}],"curies":[{"name":"wp","href":"https:\/\/api.w.org\/{rel}","templated":true}]}}