{"id":197276,"date":"2023-11-03T13:40:23","date_gmt":"2023-11-03T12:40:23","guid":{"rendered":"https:\/\/radioljubuski.ba\/?p=197276"},"modified":"2023-11-04T10:10:56","modified_gmt":"2023-11-04T09:10:56","slug":"zbog-pozitivnog-prirodnog-prirastaja-zzh-rebalansom-uvecava-stavku-za-porodiljne-naknade","status":"publish","type":"post","link":"https:\/\/radioljubuski.ba\/index.php\/2023\/11\/03\/zbog-pozitivnog-prirodnog-prirastaja-zzh-rebalansom-uvecava-stavku-za-porodiljne-naknade\/","title":{"rendered":"Zbog pozitivnog prirodnog prira\u0161taja \u017dZH rebalansom uve\u0107ava stavku za porodiljne naknade"},"content":{"rendered":"\n<p>&nbsp;Nacrtom izmjena i dopuna, koje je na svojoj posljednjoj sjednici usvojila Vlada, prora\u010dun \u017dupanije Zapadnohercegova\u010dke za 2023. godinu u odnosu na ranije usvojeni uve\u0107an je za ukupan iznos od 14.994.216 KM, te iznosi 148.228.210 maraka.&nbsp;<\/p>\n\n\n\n<p>Kako su naveli iz Ministarstva financija \u017dupanije Zapadnohercegova\u010dke, koje je i predlaga\u010d navedenih izmjena i dopuna, me\u0111u razlozima za rebalans prora\u010duna su Kolektivni ugovori s Nezavisnim sindikatom uposlenih u osnovnim \u0161kolama, Nezavisnim sindikatom uposlenih u srednjim \u0161kolama, te Sindikatom djelatnika MUP-a \u017dZH koji su potpisani po\u010detkom ove godine, zatim Zakon o dopuni Zakona o za\u0161titi obitelji s djecom, novi obra\u010dun egzistencijalne naknade za branitelje, te \u010dinjenica da je \u017dupanija Zapadnohercegova\u010dka u proteklom razdoblju jedina imala pozitivan prirodni prira\u0161taj.<\/p>\n\n\n\n<p>\u017dupanija Zapadnohercegova\u010dka me\u0111u rijetkima u Federaciji BiH ve\u0107 godinama izdvaja zna\u010dajna sredstva za mjese\u010dne naknade za nezaposlene rodilje te za jednokratnu pomo\u0107 pri opremanju novoro\u0111en\u010deta, a Zakonom o za\u0161titi obitelji s djecom jedina je na podru\u010dju BiH uvela jedinstvenu naknadu za svako tre\u0107e i idu\u0107e dijete u visini od 500 KM mjese\u010dno do djetetove sedme godine \u017eivota.<\/p>\n\n\n\n<p>Ministrica financija i dopredsjednica Vlade \u017dZH Blagica Leko u izjavi za Fenu je istakla kako ju posebno raduje \u010dinjenica da demografske mjere koje je donijela \u017eupanijska vlada, od kojih se mnoge provode u suradnji s jedinicama lokalne samouprave, daju rezultate, \u0161to je vidljivo i iz uve\u0107anja prora\u010dunskih stavki Teku\u0107i prijenosi za porodiljne naknade i Teku\u0107i prijenosi za potporu obiteljima s troje i vi\u0161e djece. Naime, prva je prema njenim rije\u010dima, uve\u0107ana za 200.000 KM, te sada iznosi 2.160.000 maraka, dok stavka Teku\u0107i prijenosi za potporu obiteljima s troje i vi\u0161e djece sada iznosi 10.450.000 KM, odnosno ve\u0107a je za 150.000 KM u odnosu na usvojeni Prora\u010dun za 2023. godinu.<\/p>\n\n\n\n<p>Nacrtom izmjena i dopuna Prora\u010duna \u017dupanije Zapadnohercegova\u010dke za 2023. godinu za 50.000 KM uve\u0107ana je i stavka Teku\u0107i prijenosi za odgoj i obrazovanje djece s pote\u0161ko\u0107ama u razvoju, a \u0161to \u0107e biti utro\u0161eno za potrebe pla\u0107a i naknada 18 novih asistenata za djecu s pote\u0161ko\u0107ama u razvoju koja poha\u0111aju privatne i javne vrti\u0107e na podru\u010dju ove \u017eupanije.<\/p>\n\n\n\n<p>Kako se navodi u obrazlo\u017eenju Nacrta izmjena i dopuna Prora\u010duna \u017dZH za 2023. godinu, stavka koja se odnosi na bruto pla\u0107e prora\u010dunskih korisnika uve\u0107ava se za 8.530.855 KM, a doprinosi poslodavca za 2.104.994maraka. Naime, uz to \u0161to je Odlukom Vlade \u017dZH pove\u0107ana osnovica pla\u0107a prora\u010dunskih korisnika, potpisivanjem kolektivnih ugovora uve\u0107ani su iznosi odre\u0111enih naknada\/prava koje prora\u010dunski korisnici ostvaruju po raznim osnovama (regres, jubilarne nagrade, pomo\u0107i u slu\u010daju smrti i bolesti djelatnika korisnika prora\u010duna \u017dZH kao i otpremnine).<\/p>\n\n\n\n<p>-Vi\u0161e novca potrebno je i za beneficirani radni sta\u017e uklju\u010den u minuli sta\u017e, a uz to pove\u0107an je koeficijent za dodatke na pla\u0107u, zbog ekskurzije imamo dodatnih pove\u0107anja pla\u0107a, dok kod sudova imamo obra\u010dunata de\u017eurstva koja su pla\u0107ena. Pove\u0107anja su se dogodila i na poziciji naknada ta topli obrok i prijevoz, objasnila je Leko.<\/p>\n\n\n\n<p>Kada je rije\u010d o stavci koja se odnosi na Teku\u0107e prijenose braniteljima, ona je ovim rebalansom uve\u0107ana za 80.000 KM, budu\u0107i da se njen izra\u010dun ve\u017ee za iznos prosje\u010dne pla\u0107e u FBiH.<\/p>\n\n\n\n<p>Ministrica Leko je ovom prilikom podsjetila na \u010dinjenicu da je Vlada \u017dZH zadr\u017eala kontinuitet po pitanju izvr\u0161enja sudskih presuda iz ranijih godina, zbog \u010dega ova stavka u ovogodi\u0161njem prora\u010dunu iznosi 1.878.578 KM.&nbsp;<\/p>\n\n\n\n<p>Fena<\/p>\n","protected":false},"excerpt":{"rendered":"<p>&nbsp;Nacrtom izmjena i dopuna, koje je na svojoj posljednjoj sjednici usvojila Vlada, prora\u010dun \u017dupanije Zapadnohercegova\u010dke za 2023. godinu u odnosu na ranije usvojeni uve\u0107an je za ukupan iznos od 14.994.216 KM, te iznosi 148.228.210 maraka.&nbsp; Kako su naveli iz Ministarstva financija \u017dupanije Zapadnohercegova\u010dke, koje je i predlaga\u010d navedenih izmjena i dopuna, me\u0111u razlozima za rebalans [&hellip;]<\/p>\n","protected":false},"author":2,"featured_media":197277,"comment_status":"closed","ping_status":"closed","sticky":false,"template":"","format":"standard","meta":{"h5ap_radio_sources":[],"footnotes":""},"categories":[3,28,30],"tags":[],"class_list":["post-197276","post","type-post","status-publish","format-standard","has-post-thumbnail","hentry","category-ljubuski","category-novosti","category-zupanija-zapadnohercegovacka"],"yoast_head":"<!-- This site is optimized with the Yoast SEO plugin v27.4 - https:\/\/yoast.com\/product\/yoast-seo-wordpress\/ -->\n<title>Zbog pozitivnog prirodnog prira\u0161taja \u017dZH rebalansom uve\u0107ava stavku za porodiljne naknade - RADIO LJUBU\u0160KI<\/title>\n<meta name=\"robots\" content=\"index, follow, max-snippet:-1, max-image-preview:large, max-video-preview:-1\" \/>\n<link rel=\"canonical\" href=\"https:\/\/radioljubuski.ba\/index.php\/2023\/11\/03\/zbog-pozitivnog-prirodnog-prirastaja-zzh-rebalansom-uvecava-stavku-za-porodiljne-naknade\/\" \/>\n<meta property=\"og:locale\" content=\"hr_HR\" \/>\n<meta property=\"og:type\" content=\"article\" \/>\n<meta property=\"og:title\" content=\"Zbog pozitivnog prirodnog prira\u0161taja \u017dZH rebalansom uve\u0107ava stavku za porodiljne naknade - RADIO LJUBU\u0160KI\" \/>\n<meta property=\"og:description\" content=\"&nbsp;Nacrtom izmjena i dopuna, koje je na svojoj posljednjoj sjednici usvojila Vlada, prora\u010dun \u017dupanije Zapadnohercegova\u010dke za 2023. godinu u odnosu na ranije usvojeni uve\u0107an je za ukupan iznos od 14.994.216 KM, te iznosi 148.228.210 maraka.&nbsp; Kako su naveli iz Ministarstva financija \u017dupanije Zapadnohercegova\u010dke, koje je i predlaga\u010d navedenih izmjena i dopuna, me\u0111u razlozima za rebalans [&hellip;]\" \/>\n<meta property=\"og:url\" content=\"https:\/\/radioljubuski.ba\/index.php\/2023\/11\/03\/zbog-pozitivnog-prirodnog-prirastaja-zzh-rebalansom-uvecava-stavku-za-porodiljne-naknade\/\" \/>\n<meta property=\"og:site_name\" content=\"RADIO LJUBU\u0160KI\" \/>\n<meta property=\"article:publisher\" content=\"https:\/\/www.facebook.com\/Radiio-Ljubuski-1490835324566332\" \/>\n<meta property=\"article:published_time\" content=\"2023-11-03T12:40:23+00:00\" \/>\n<meta property=\"article:modified_time\" content=\"2023-11-04T09:10:56+00:00\" \/>\n<meta property=\"og:image\" content=\"https:\/\/radioljubuski.ba\/wp-content\/uploads\/2023\/11\/l_1f5f0f3112b851c4c7bd558b552c428e.jpg\" \/>\n\t<meta property=\"og:image:width\" content=\"1024\" \/>\n\t<meta property=\"og:image:height\" content=\"792\" \/>\n\t<meta property=\"og:image:type\" content=\"image\/jpeg\" \/>\n<meta name=\"author\" content=\"Radio Ljubu\u0161ki\" \/>\n<meta name=\"twitter:card\" content=\"summary_large_image\" \/>\n<meta name=\"twitter:creator\" content=\"@radioljubuski\" \/>\n<meta name=\"twitter:site\" content=\"@radioljubuski\" \/>\n<meta name=\"twitter:label1\" content=\"Napisao\/la\" \/>\n\t<meta name=\"twitter:data1\" content=\"Radio Ljubu\u0161ki\" \/>\n\t<meta name=\"twitter:label2\" content=\"Procijenjeno vrijeme \u010ditanja\" \/>\n\t<meta name=\"twitter:data2\" content=\"3 minute\" \/>\n<script type=\"application\/ld+json\" class=\"yoast-schema-graph\">{\"@context\":\"https:\\\/\\\/schema.org\",\"@graph\":[{\"@type\":\"Article\",\"@id\":\"https:\\\/\\\/radioljubuski.ba\\\/index.php\\\/2023\\\/11\\\/03\\\/zbog-pozitivnog-prirodnog-prirastaja-zzh-rebalansom-uvecava-stavku-za-porodiljne-naknade\\\/#article\",\"isPartOf\":{\"@id\":\"https:\\\/\\\/radioljubuski.ba\\\/index.php\\\/2023\\\/11\\\/03\\\/zbog-pozitivnog-prirodnog-prirastaja-zzh-rebalansom-uvecava-stavku-za-porodiljne-naknade\\\/\"},\"author\":{\"name\":\"Radio Ljubu\u0161ki\",\"@id\":\"https:\\\/\\\/radioljubuski.ba\\\/#\\\/schema\\\/person\\\/19fc700381a780f69665d7956c469e3b\"},\"headline\":\"Zbog pozitivnog prirodnog prira\u0161taja \u017dZH rebalansom uve\u0107ava stavku za porodiljne naknade\",\"datePublished\":\"2023-11-03T12:40:23+00:00\",\"dateModified\":\"2023-11-04T09:10:56+00:00\",\"mainEntityOfPage\":{\"@id\":\"https:\\\/\\\/radioljubuski.ba\\\/index.php\\\/2023\\\/11\\\/03\\\/zbog-pozitivnog-prirodnog-prirastaja-zzh-rebalansom-uvecava-stavku-za-porodiljne-naknade\\\/\"},\"wordCount\":614,\"publisher\":{\"@id\":\"https:\\\/\\\/radioljubuski.ba\\\/#organization\"},\"image\":{\"@id\":\"https:\\\/\\\/radioljubuski.ba\\\/index.php\\\/2023\\\/11\\\/03\\\/zbog-pozitivnog-prirodnog-prirastaja-zzh-rebalansom-uvecava-stavku-za-porodiljne-naknade\\\/#primaryimage\"},\"thumbnailUrl\":\"https:\\\/\\\/radioljubuski.ba\\\/wp-content\\\/uploads\\\/2023\\\/11\\\/l_1f5f0f3112b851c4c7bd558b552c428e.jpg\",\"articleSection\":[\"Ljubu\u0161ki\",\"Novosti\",\"\u017dupanija Zapadnohercegova\u010dka\"],\"inLanguage\":\"hr\"},{\"@type\":\"WebPage\",\"@id\":\"https:\\\/\\\/radioljubuski.ba\\\/index.php\\\/2023\\\/11\\\/03\\\/zbog-pozitivnog-prirodnog-prirastaja-zzh-rebalansom-uvecava-stavku-za-porodiljne-naknade\\\/\",\"url\":\"https:\\\/\\\/radioljubuski.ba\\\/index.php\\\/2023\\\/11\\\/03\\\/zbog-pozitivnog-prirodnog-prirastaja-zzh-rebalansom-uvecava-stavku-za-porodiljne-naknade\\\/\",\"name\":\"Zbog pozitivnog prirodnog prira\u0161taja \u017dZH rebalansom uve\u0107ava stavku za porodiljne naknade - RADIO LJUBU\u0160KI\",\"isPartOf\":{\"@id\":\"https:\\\/\\\/radioljubuski.ba\\\/#website\"},\"primaryImageOfPage\":{\"@id\":\"https:\\\/\\\/radioljubuski.ba\\\/index.php\\\/2023\\\/11\\\/03\\\/zbog-pozitivnog-prirodnog-prirastaja-zzh-rebalansom-uvecava-stavku-za-porodiljne-naknade\\\/#primaryimage\"},\"image\":{\"@id\":\"https:\\\/\\\/radioljubuski.ba\\\/index.php\\\/2023\\\/11\\\/03\\\/zbog-pozitivnog-prirodnog-prirastaja-zzh-rebalansom-uvecava-stavku-za-porodiljne-naknade\\\/#primaryimage\"},\"thumbnailUrl\":\"https:\\\/\\\/radioljubuski.ba\\\/wp-content\\\/uploads\\\/2023\\\/11\\\/l_1f5f0f3112b851c4c7bd558b552c428e.jpg\",\"datePublished\":\"2023-11-03T12:40:23+00:00\",\"dateModified\":\"2023-11-04T09:10:56+00:00\",\"breadcrumb\":{\"@id\":\"https:\\\/\\\/radioljubuski.ba\\\/index.php\\\/2023\\\/11\\\/03\\\/zbog-pozitivnog-prirodnog-prirastaja-zzh-rebalansom-uvecava-stavku-za-porodiljne-naknade\\\/#breadcrumb\"},\"inLanguage\":\"hr\",\"potentialAction\":[{\"@type\":\"ReadAction\",\"target\":[\"https:\\\/\\\/radioljubuski.ba\\\/index.php\\\/2023\\\/11\\\/03\\\/zbog-pozitivnog-prirodnog-prirastaja-zzh-rebalansom-uvecava-stavku-za-porodiljne-naknade\\\/\"]}]},{\"@type\":\"ImageObject\",\"inLanguage\":\"hr\",\"@id\":\"https:\\\/\\\/radioljubuski.ba\\\/index.php\\\/2023\\\/11\\\/03\\\/zbog-pozitivnog-prirodnog-prirastaja-zzh-rebalansom-uvecava-stavku-za-porodiljne-naknade\\\/#primaryimage\",\"url\":\"https:\\\/\\\/radioljubuski.ba\\\/wp-content\\\/uploads\\\/2023\\\/11\\\/l_1f5f0f3112b851c4c7bd558b552c428e.jpg\",\"contentUrl\":\"https:\\\/\\\/radioljubuski.ba\\\/wp-content\\\/uploads\\\/2023\\\/11\\\/l_1f5f0f3112b851c4c7bd558b552c428e.jpg\",\"width\":1024,\"height\":792},{\"@type\":\"BreadcrumbList\",\"@id\":\"https:\\\/\\\/radioljubuski.ba\\\/index.php\\\/2023\\\/11\\\/03\\\/zbog-pozitivnog-prirodnog-prirastaja-zzh-rebalansom-uvecava-stavku-za-porodiljne-naknade\\\/#breadcrumb\",\"itemListElement\":[{\"@type\":\"ListItem\",\"position\":1,\"name\":\"Po\u010detna stranica\",\"item\":\"https:\\\/\\\/radioljubuski.ba\\\/\"},{\"@type\":\"ListItem\",\"position\":2,\"name\":\"Zbog pozitivnog prirodnog prira\u0161taja \u017dZH rebalansom uve\u0107ava stavku za porodiljne naknade\"}]},{\"@type\":\"WebSite\",\"@id\":\"https:\\\/\\\/radioljubuski.ba\\\/#website\",\"url\":\"https:\\\/\\\/radioljubuski.ba\\\/\",\"name\":\"Radio Ljubu\u0161ki\",\"description\":\"Sun\u010dana frekvencija Hercegovine\",\"publisher\":{\"@id\":\"https:\\\/\\\/radioljubuski.ba\\\/#organization\"},\"potentialAction\":[{\"@type\":\"SearchAction\",\"target\":{\"@type\":\"EntryPoint\",\"urlTemplate\":\"https:\\\/\\\/radioljubuski.ba\\\/?s={search_term_string}\"},\"query-input\":{\"@type\":\"PropertyValueSpecification\",\"valueRequired\":true,\"valueName\":\"search_term_string\"}}],\"inLanguage\":\"hr\"},{\"@type\":\"Organization\",\"@id\":\"https:\\\/\\\/radioljubuski.ba\\\/#organization\",\"name\":\"Radio Ljubu\u0161ki\",\"url\":\"https:\\\/\\\/radioljubuski.ba\\\/\",\"logo\":{\"@type\":\"ImageObject\",\"inLanguage\":\"hr\",\"@id\":\"https:\\\/\\\/radioljubuski.ba\\\/#\\\/schema\\\/logo\\\/image\\\/\",\"url\":\"https:\\\/\\\/radioljubuski.ba\\\/wp-content\\\/uploads\\\/2021\\\/02\\\/cropped-Radio_Ljubuski_logo1.jpg\",\"contentUrl\":\"https:\\\/\\\/radioljubuski.ba\\\/wp-content\\\/uploads\\\/2021\\\/02\\\/cropped-Radio_Ljubuski_logo1.jpg\",\"width\":512,\"height\":512,\"caption\":\"Radio Ljubu\u0161ki\"},\"image\":{\"@id\":\"https:\\\/\\\/radioljubuski.ba\\\/#\\\/schema\\\/logo\\\/image\\\/\"},\"sameAs\":[\"https:\\\/\\\/www.facebook.com\\\/Radiio-Ljubuski-1490835324566332\",\"https:\\\/\\\/x.com\\\/radioljubuski\",\"https:\\\/\\\/hr.linkedin.com\\\/company\\\/radio-ljubuski\",\"https:\\\/\\\/www.youtube.com\\\/channel\\\/UCHYaeO_n0Db3tjNGudGpXyw\"]},{\"@type\":\"Person\",\"@id\":\"https:\\\/\\\/radioljubuski.ba\\\/#\\\/schema\\\/person\\\/19fc700381a780f69665d7956c469e3b\",\"name\":\"Radio Ljubu\u0161ki\"}]}<\/script>\n<!-- \/ Yoast SEO plugin. -->","yoast_head_json":{"title":"Zbog pozitivnog prirodnog prira\u0161taja \u017dZH rebalansom uve\u0107ava stavku za porodiljne naknade - RADIO LJUBU\u0160KI","robots":{"index":"index","follow":"follow","max-snippet":"max-snippet:-1","max-image-preview":"max-image-preview:large","max-video-preview":"max-video-preview:-1"},"canonical":"https:\/\/radioljubuski.ba\/index.php\/2023\/11\/03\/zbog-pozitivnog-prirodnog-prirastaja-zzh-rebalansom-uvecava-stavku-za-porodiljne-naknade\/","og_locale":"hr_HR","og_type":"article","og_title":"Zbog pozitivnog prirodnog prira\u0161taja \u017dZH rebalansom uve\u0107ava stavku za porodiljne naknade - RADIO LJUBU\u0160KI","og_description":"&nbsp;Nacrtom izmjena i dopuna, koje je na svojoj posljednjoj sjednici usvojila Vlada, prora\u010dun \u017dupanije Zapadnohercegova\u010dke za 2023. godinu u odnosu na ranije usvojeni uve\u0107an je za ukupan iznos od 14.994.216 KM, te iznosi 148.228.210 maraka.&nbsp; Kako su naveli iz Ministarstva financija \u017dupanije Zapadnohercegova\u010dke, koje je i predlaga\u010d navedenih izmjena i dopuna, me\u0111u razlozima za rebalans [&hellip;]","og_url":"https:\/\/radioljubuski.ba\/index.php\/2023\/11\/03\/zbog-pozitivnog-prirodnog-prirastaja-zzh-rebalansom-uvecava-stavku-za-porodiljne-naknade\/","og_site_name":"RADIO LJUBU\u0160KI","article_publisher":"https:\/\/www.facebook.com\/Radiio-Ljubuski-1490835324566332","article_published_time":"2023-11-03T12:40:23+00:00","article_modified_time":"2023-11-04T09:10:56+00:00","og_image":[{"width":1024,"height":792,"url":"https:\/\/radioljubuski.ba\/wp-content\/uploads\/2023\/11\/l_1f5f0f3112b851c4c7bd558b552c428e.jpg","type":"image\/jpeg"}],"author":"Radio Ljubu\u0161ki","twitter_card":"summary_large_image","twitter_creator":"@radioljubuski","twitter_site":"@radioljubuski","twitter_misc":{"Napisao\/la":"Radio Ljubu\u0161ki","Procijenjeno vrijeme \u010ditanja":"3 minute"},"schema":{"@context":"https:\/\/schema.org","@graph":[{"@type":"Article","@id":"https:\/\/radioljubuski.ba\/index.php\/2023\/11\/03\/zbog-pozitivnog-prirodnog-prirastaja-zzh-rebalansom-uvecava-stavku-za-porodiljne-naknade\/#article","isPartOf":{"@id":"https:\/\/radioljubuski.ba\/index.php\/2023\/11\/03\/zbog-pozitivnog-prirodnog-prirastaja-zzh-rebalansom-uvecava-stavku-za-porodiljne-naknade\/"},"author":{"name":"Radio Ljubu\u0161ki","@id":"https:\/\/radioljubuski.ba\/#\/schema\/person\/19fc700381a780f69665d7956c469e3b"},"headline":"Zbog pozitivnog prirodnog prira\u0161taja \u017dZH rebalansom uve\u0107ava stavku za porodiljne naknade","datePublished":"2023-11-03T12:40:23+00:00","dateModified":"2023-11-04T09:10:56+00:00","mainEntityOfPage":{"@id":"https:\/\/radioljubuski.ba\/index.php\/2023\/11\/03\/zbog-pozitivnog-prirodnog-prirastaja-zzh-rebalansom-uvecava-stavku-za-porodiljne-naknade\/"},"wordCount":614,"publisher":{"@id":"https:\/\/radioljubuski.ba\/#organization"},"image":{"@id":"https:\/\/radioljubuski.ba\/index.php\/2023\/11\/03\/zbog-pozitivnog-prirodnog-prirastaja-zzh-rebalansom-uvecava-stavku-za-porodiljne-naknade\/#primaryimage"},"thumbnailUrl":"https:\/\/radioljubuski.ba\/wp-content\/uploads\/2023\/11\/l_1f5f0f3112b851c4c7bd558b552c428e.jpg","articleSection":["Ljubu\u0161ki","Novosti","\u017dupanija Zapadnohercegova\u010dka"],"inLanguage":"hr"},{"@type":"WebPage","@id":"https:\/\/radioljubuski.ba\/index.php\/2023\/11\/03\/zbog-pozitivnog-prirodnog-prirastaja-zzh-rebalansom-uvecava-stavku-za-porodiljne-naknade\/","url":"https:\/\/radioljubuski.ba\/index.php\/2023\/11\/03\/zbog-pozitivnog-prirodnog-prirastaja-zzh-rebalansom-uvecava-stavku-za-porodiljne-naknade\/","name":"Zbog pozitivnog prirodnog prira\u0161taja \u017dZH rebalansom uve\u0107ava stavku za porodiljne naknade - RADIO LJUBU\u0160KI","isPartOf":{"@id":"https:\/\/radioljubuski.ba\/#website"},"primaryImageOfPage":{"@id":"https:\/\/radioljubuski.ba\/index.php\/2023\/11\/03\/zbog-pozitivnog-prirodnog-prirastaja-zzh-rebalansom-uvecava-stavku-za-porodiljne-naknade\/#primaryimage"},"image":{"@id":"https:\/\/radioljubuski.ba\/index.php\/2023\/11\/03\/zbog-pozitivnog-prirodnog-prirastaja-zzh-rebalansom-uvecava-stavku-za-porodiljne-naknade\/#primaryimage"},"thumbnailUrl":"https:\/\/radioljubuski.ba\/wp-content\/uploads\/2023\/11\/l_1f5f0f3112b851c4c7bd558b552c428e.jpg","datePublished":"2023-11-03T12:40:23+00:00","dateModified":"2023-11-04T09:10:56+00:00","breadcrumb":{"@id":"https:\/\/radioljubuski.ba\/index.php\/2023\/11\/03\/zbog-pozitivnog-prirodnog-prirastaja-zzh-rebalansom-uvecava-stavku-za-porodiljne-naknade\/#breadcrumb"},"inLanguage":"hr","potentialAction":[{"@type":"ReadAction","target":["https:\/\/radioljubuski.ba\/index.php\/2023\/11\/03\/zbog-pozitivnog-prirodnog-prirastaja-zzh-rebalansom-uvecava-stavku-za-porodiljne-naknade\/"]}]},{"@type":"ImageObject","inLanguage":"hr","@id":"https:\/\/radioljubuski.ba\/index.php\/2023\/11\/03\/zbog-pozitivnog-prirodnog-prirastaja-zzh-rebalansom-uvecava-stavku-za-porodiljne-naknade\/#primaryimage","url":"https:\/\/radioljubuski.ba\/wp-content\/uploads\/2023\/11\/l_1f5f0f3112b851c4c7bd558b552c428e.jpg","contentUrl":"https:\/\/radioljubuski.ba\/wp-content\/uploads\/2023\/11\/l_1f5f0f3112b851c4c7bd558b552c428e.jpg","width":1024,"height":792},{"@type":"BreadcrumbList","@id":"https:\/\/radioljubuski.ba\/index.php\/2023\/11\/03\/zbog-pozitivnog-prirodnog-prirastaja-zzh-rebalansom-uvecava-stavku-za-porodiljne-naknade\/#breadcrumb","itemListElement":[{"@type":"ListItem","position":1,"name":"Po\u010detna stranica","item":"https:\/\/radioljubuski.ba\/"},{"@type":"ListItem","position":2,"name":"Zbog pozitivnog prirodnog prira\u0161taja \u017dZH rebalansom uve\u0107ava stavku za porodiljne naknade"}]},{"@type":"WebSite","@id":"https:\/\/radioljubuski.ba\/#website","url":"https:\/\/radioljubuski.ba\/","name":"Radio Ljubu\u0161ki","description":"Sun\u010dana frekvencija Hercegovine","publisher":{"@id":"https:\/\/radioljubuski.ba\/#organization"},"potentialAction":[{"@type":"SearchAction","target":{"@type":"EntryPoint","urlTemplate":"https:\/\/radioljubuski.ba\/?s={search_term_string}"},"query-input":{"@type":"PropertyValueSpecification","valueRequired":true,"valueName":"search_term_string"}}],"inLanguage":"hr"},{"@type":"Organization","@id":"https:\/\/radioljubuski.ba\/#organization","name":"Radio Ljubu\u0161ki","url":"https:\/\/radioljubuski.ba\/","logo":{"@type":"ImageObject","inLanguage":"hr","@id":"https:\/\/radioljubuski.ba\/#\/schema\/logo\/image\/","url":"https:\/\/radioljubuski.ba\/wp-content\/uploads\/2021\/02\/cropped-Radio_Ljubuski_logo1.jpg","contentUrl":"https:\/\/radioljubuski.ba\/wp-content\/uploads\/2021\/02\/cropped-Radio_Ljubuski_logo1.jpg","width":512,"height":512,"caption":"Radio Ljubu\u0161ki"},"image":{"@id":"https:\/\/radioljubuski.ba\/#\/schema\/logo\/image\/"},"sameAs":["https:\/\/www.facebook.com\/Radiio-Ljubuski-1490835324566332","https:\/\/x.com\/radioljubuski","https:\/\/hr.linkedin.com\/company\/radio-ljubuski","https:\/\/www.youtube.com\/channel\/UCHYaeO_n0Db3tjNGudGpXyw"]},{"@type":"Person","@id":"https:\/\/radioljubuski.ba\/#\/schema\/person\/19fc700381a780f69665d7956c469e3b","name":"Radio Ljubu\u0161ki"}]}},"_links":{"self":[{"href":"https:\/\/radioljubuski.ba\/index.php\/wp-json\/wp\/v2\/posts\/197276","targetHints":{"allow":["GET"]}}],"collection":[{"href":"https:\/\/radioljubuski.ba\/index.php\/wp-json\/wp\/v2\/posts"}],"about":[{"href":"https:\/\/radioljubuski.ba\/index.php\/wp-json\/wp\/v2\/types\/post"}],"author":[{"embeddable":true,"href":"https:\/\/radioljubuski.ba\/index.php\/wp-json\/wp\/v2\/users\/2"}],"replies":[{"embeddable":true,"href":"https:\/\/radioljubuski.ba\/index.php\/wp-json\/wp\/v2\/comments?post=197276"}],"version-history":[{"count":3,"href":"https:\/\/radioljubuski.ba\/index.php\/wp-json\/wp\/v2\/posts\/197276\/revisions"}],"predecessor-version":[{"id":197330,"href":"https:\/\/radioljubuski.ba\/index.php\/wp-json\/wp\/v2\/posts\/197276\/revisions\/197330"}],"wp:featuredmedia":[{"embeddable":true,"href":"https:\/\/radioljubuski.ba\/index.php\/wp-json\/wp\/v2\/media\/197277"}],"wp:attachment":[{"href":"https:\/\/radioljubuski.ba\/index.php\/wp-json\/wp\/v2\/media?parent=197276"}],"wp:term":[{"taxonomy":"category","embeddable":true,"href":"https:\/\/radioljubuski.ba\/index.php\/wp-json\/wp\/v2\/categories?post=197276"},{"taxonomy":"post_tag","embeddable":true,"href":"https:\/\/radioljubuski.ba\/index.php\/wp-json\/wp\/v2\/tags?post=197276"}],"curies":[{"name":"wp","href":"https:\/\/api.w.org\/{rel}","templated":true}]}}