{"id":197543,"date":"2023-11-14T08:20:25","date_gmt":"2023-11-14T07:20:25","guid":{"rendered":"https:\/\/radioljubuski.ba\/?p=197543"},"modified":"2023-11-15T13:17:50","modified_gmt":"2023-11-15T12:17:50","slug":"za-europski-izvidac-veceras-u-dvorani","status":"publish","type":"post","link":"https:\/\/radioljubuski.ba\/index.php\/2023\/11\/14\/za-europski-izvidac-veceras-u-dvorani\/","title":{"rendered":"Za europski Izvi\u0111a\u010d: Ve\u010deras u dvorani!"},"content":{"rendered":"\n<p>Utakmica 3.kola Europa lige Izvi\u0111a\u010d \u2013 Chambery igra se ve\u010deras  u 20:45 sati.<\/p>\n\n\n\n<p>Ve\u010deras od u 20:45 na\u0161i Skauti igraju 3. kolo EHF European League, u goste nam dolazi francuski prvoliga\u0161 Chambery. O\u010dekuje nas jo\u0161 jedna rukometna fantazija koja \u0107e nadamo se biti pra\u0107ena velikom podr\u0161kom sa tribina.Uz va\u0161 huk sa tribina Skauti idu po prvu pobjedu u Europi. <img loading=\"lazy\" decoding=\"async\" height=\"16\" width=\"16\" src=\"https:\/\/static.xx.fbcdn.net\/images\/emoji.php\/v9\/t5d\/1\/16\/26a1.png\" alt=\"\u26a1\ufe0f\"><\/p>\n\n\n\n<p>DO\u0110I!<\/p>\n\n\n\n<p>BODRI!<\/p>\n\n\n\n<p>NAVIJAJ!<\/p>\n\n\n\n<p>Ve\u010deras  20:45 &#8211; Gradska sportska dvorana!<\/p>\n\n\n\n<figure class=\"wp-block-image size-full\"><img loading=\"lazy\" decoding=\"async\" width=\"526\" height=\"791\" src=\"https:\/\/radioljubuski.ba\/wp-content\/uploads\/2023\/11\/izvidac.jpg\" alt=\"\" class=\"wp-image-197555\" srcset=\"https:\/\/radioljubuski.ba\/wp-content\/uploads\/2023\/11\/izvidac.jpg 526w, https:\/\/radioljubuski.ba\/wp-content\/uploads\/2023\/11\/izvidac-199x300.jpg 199w, https:\/\/radioljubuski.ba\/wp-content\/uploads\/2023\/11\/izvidac-8x12.jpg 8w\" sizes=\"auto, (max-width: 526px) 100vw, 526px\" \/><\/figure>\n","protected":false},"excerpt":{"rendered":"<p>Utakmica 3.kola Europa lige Izvi\u0111a\u010d \u2013 Chambery igra se ve\u010deras u 20:45 sati. Ve\u010deras od u 20:45 na\u0161i Skauti igraju 3. kolo EHF European League, u goste nam dolazi francuski prvoliga\u0161 Chambery. O\u010dekuje nas jo\u0161 jedna rukometna fantazija koja \u0107e nadamo se biti pra\u0107ena velikom podr\u0161kom sa tribina.Uz va\u0161 huk sa tribina Skauti idu po [&hellip;]<\/p>\n","protected":false},"author":2,"featured_media":197542,"comment_status":"closed","ping_status":"closed","sticky":false,"template":"","format":"standard","meta":{"h5ap_radio_sources":[],"footnotes":""},"categories":[1,3,7],"tags":[],"class_list":["post-197543","post","type-post","status-publish","format-standard","has-post-thumbnail","hentry","category-bihiregija","category-ljubuski","category-sport"],"yoast_head":"<!-- This site is optimized with the Yoast SEO plugin v27.5 - https:\/\/yoast.com\/product\/yoast-seo-wordpress\/ -->\n<title>Za europski Izvi\u0111a\u010d: Ve\u010deras u dvorani! - RADIO LJUBU\u0160KI<\/title>\n<meta name=\"robots\" content=\"index, follow, max-snippet:-1, max-image-preview:large, max-video-preview:-1\" \/>\n<link rel=\"canonical\" href=\"https:\/\/radioljubuski.ba\/index.php\/2023\/11\/14\/za-europski-izvidac-veceras-u-dvorani\/\" \/>\n<meta property=\"og:locale\" content=\"hr_HR\" \/>\n<meta property=\"og:type\" content=\"article\" \/>\n<meta property=\"og:title\" content=\"Za europski Izvi\u0111a\u010d: Ve\u010deras u dvorani! - RADIO LJUBU\u0160KI\" \/>\n<meta property=\"og:description\" content=\"Utakmica 3.kola Europa lige Izvi\u0111a\u010d \u2013 Chambery igra se ve\u010deras u 20:45 sati. Ve\u010deras od u 20:45 na\u0161i Skauti igraju 3. kolo EHF European League, u goste nam dolazi francuski prvoliga\u0161 Chambery. O\u010dekuje nas jo\u0161 jedna rukometna fantazija koja \u0107e nadamo se biti pra\u0107ena velikom podr\u0161kom sa tribina.Uz va\u0161 huk sa tribina Skauti idu po [&hellip;]\" \/>\n<meta property=\"og:url\" content=\"https:\/\/radioljubuski.ba\/index.php\/2023\/11\/14\/za-europski-izvidac-veceras-u-dvorani\/\" \/>\n<meta property=\"og:site_name\" content=\"RADIO LJUBU\u0160KI\" \/>\n<meta property=\"article:publisher\" content=\"https:\/\/www.facebook.com\/Radiio-Ljubuski-1490835324566332\" \/>\n<meta property=\"article:published_time\" content=\"2023-11-14T07:20:25+00:00\" \/>\n<meta property=\"article:modified_time\" content=\"2023-11-15T12:17:50+00:00\" \/>\n<meta property=\"og:image\" content=\"https:\/\/radioljubuski.ba\/wp-content\/uploads\/2023\/11\/izvidac.jpg\" \/>\n\t<meta property=\"og:image:width\" content=\"526\" \/>\n\t<meta property=\"og:image:height\" content=\"791\" \/>\n\t<meta property=\"og:image:type\" content=\"image\/jpeg\" \/>\n<meta name=\"author\" content=\"Radio Ljubu\u0161ki\" \/>\n<meta name=\"twitter:card\" content=\"summary_large_image\" \/>\n<meta name=\"twitter:creator\" content=\"@radioljubuski\" \/>\n<meta name=\"twitter:site\" content=\"@radioljubuski\" \/>\n<meta name=\"twitter:label1\" content=\"Napisao\/la\" \/>\n\t<meta name=\"twitter:data1\" content=\"Radio Ljubu\u0161ki\" \/>\n\t<meta name=\"twitter:label2\" content=\"Procijenjeno vrijeme \u010ditanja\" \/>\n\t<meta name=\"twitter:data2\" content=\"1 minuta\" \/>\n<script type=\"application\/ld+json\" class=\"yoast-schema-graph\">{\"@context\":\"https:\\\/\\\/schema.org\",\"@graph\":[{\"@type\":\"Article\",\"@id\":\"https:\\\/\\\/radioljubuski.ba\\\/index.php\\\/2023\\\/11\\\/14\\\/za-europski-izvidac-veceras-u-dvorani\\\/#article\",\"isPartOf\":{\"@id\":\"https:\\\/\\\/radioljubuski.ba\\\/index.php\\\/2023\\\/11\\\/14\\\/za-europski-izvidac-veceras-u-dvorani\\\/\"},\"author\":{\"name\":\"Radio Ljubu\u0161ki\",\"@id\":\"https:\\\/\\\/radioljubuski.ba\\\/#\\\/schema\\\/person\\\/19fc700381a780f69665d7956c469e3b\"},\"headline\":\"Za europski Izvi\u0111a\u010d: Ve\u010deras u dvorani!\",\"datePublished\":\"2023-11-14T07:20:25+00:00\",\"dateModified\":\"2023-11-15T12:17:50+00:00\",\"mainEntityOfPage\":{\"@id\":\"https:\\\/\\\/radioljubuski.ba\\\/index.php\\\/2023\\\/11\\\/14\\\/za-europski-izvidac-veceras-u-dvorani\\\/\"},\"wordCount\":81,\"publisher\":{\"@id\":\"https:\\\/\\\/radioljubuski.ba\\\/#organization\"},\"image\":{\"@id\":\"https:\\\/\\\/radioljubuski.ba\\\/index.php\\\/2023\\\/11\\\/14\\\/za-europski-izvidac-veceras-u-dvorani\\\/#primaryimage\"},\"thumbnailUrl\":\"https:\\\/\\\/radioljubuski.ba\\\/wp-content\\\/uploads\\\/2023\\\/11\\\/img_1_1699901212148.webp\",\"articleSection\":[\"BIH i regija\",\"Ljubu\u0161ki\",\"\u0160port\"],\"inLanguage\":\"hr\"},{\"@type\":\"WebPage\",\"@id\":\"https:\\\/\\\/radioljubuski.ba\\\/index.php\\\/2023\\\/11\\\/14\\\/za-europski-izvidac-veceras-u-dvorani\\\/\",\"url\":\"https:\\\/\\\/radioljubuski.ba\\\/index.php\\\/2023\\\/11\\\/14\\\/za-europski-izvidac-veceras-u-dvorani\\\/\",\"name\":\"Za europski Izvi\u0111a\u010d: Ve\u010deras u dvorani! - RADIO LJUBU\u0160KI\",\"isPartOf\":{\"@id\":\"https:\\\/\\\/radioljubuski.ba\\\/#website\"},\"primaryImageOfPage\":{\"@id\":\"https:\\\/\\\/radioljubuski.ba\\\/index.php\\\/2023\\\/11\\\/14\\\/za-europski-izvidac-veceras-u-dvorani\\\/#primaryimage\"},\"image\":{\"@id\":\"https:\\\/\\\/radioljubuski.ba\\\/index.php\\\/2023\\\/11\\\/14\\\/za-europski-izvidac-veceras-u-dvorani\\\/#primaryimage\"},\"thumbnailUrl\":\"https:\\\/\\\/radioljubuski.ba\\\/wp-content\\\/uploads\\\/2023\\\/11\\\/img_1_1699901212148.webp\",\"datePublished\":\"2023-11-14T07:20:25+00:00\",\"dateModified\":\"2023-11-15T12:17:50+00:00\",\"breadcrumb\":{\"@id\":\"https:\\\/\\\/radioljubuski.ba\\\/index.php\\\/2023\\\/11\\\/14\\\/za-europski-izvidac-veceras-u-dvorani\\\/#breadcrumb\"},\"inLanguage\":\"hr\",\"potentialAction\":[{\"@type\":\"ReadAction\",\"target\":[\"https:\\\/\\\/radioljubuski.ba\\\/index.php\\\/2023\\\/11\\\/14\\\/za-europski-izvidac-veceras-u-dvorani\\\/\"]}]},{\"@type\":\"ImageObject\",\"inLanguage\":\"hr\",\"@id\":\"https:\\\/\\\/radioljubuski.ba\\\/index.php\\\/2023\\\/11\\\/14\\\/za-europski-izvidac-veceras-u-dvorani\\\/#primaryimage\",\"url\":\"https:\\\/\\\/radioljubuski.ba\\\/wp-content\\\/uploads\\\/2023\\\/11\\\/img_1_1699901212148.webp\",\"contentUrl\":\"https:\\\/\\\/radioljubuski.ba\\\/wp-content\\\/uploads\\\/2023\\\/11\\\/img_1_1699901212148.webp\",\"width\":1080,\"height\":1350},{\"@type\":\"BreadcrumbList\",\"@id\":\"https:\\\/\\\/radioljubuski.ba\\\/index.php\\\/2023\\\/11\\\/14\\\/za-europski-izvidac-veceras-u-dvorani\\\/#breadcrumb\",\"itemListElement\":[{\"@type\":\"ListItem\",\"position\":1,\"name\":\"Po\u010detna stranica\",\"item\":\"https:\\\/\\\/radioljubuski.ba\\\/\"},{\"@type\":\"ListItem\",\"position\":2,\"name\":\"Za europski Izvi\u0111a\u010d: Ve\u010deras u dvorani!\"}]},{\"@type\":\"WebSite\",\"@id\":\"https:\\\/\\\/radioljubuski.ba\\\/#website\",\"url\":\"https:\\\/\\\/radioljubuski.ba\\\/\",\"name\":\"Radio Ljubu\u0161ki\",\"description\":\"Sun\u010dana frekvencija Hercegovine\",\"publisher\":{\"@id\":\"https:\\\/\\\/radioljubuski.ba\\\/#organization\"},\"potentialAction\":[{\"@type\":\"SearchAction\",\"target\":{\"@type\":\"EntryPoint\",\"urlTemplate\":\"https:\\\/\\\/radioljubuski.ba\\\/?s={search_term_string}\"},\"query-input\":{\"@type\":\"PropertyValueSpecification\",\"valueRequired\":true,\"valueName\":\"search_term_string\"}}],\"inLanguage\":\"hr\"},{\"@type\":\"Organization\",\"@id\":\"https:\\\/\\\/radioljubuski.ba\\\/#organization\",\"name\":\"Radio Ljubu\u0161ki\",\"url\":\"https:\\\/\\\/radioljubuski.ba\\\/\",\"logo\":{\"@type\":\"ImageObject\",\"inLanguage\":\"hr\",\"@id\":\"https:\\\/\\\/radioljubuski.ba\\\/#\\\/schema\\\/logo\\\/image\\\/\",\"url\":\"https:\\\/\\\/radioljubuski.ba\\\/wp-content\\\/uploads\\\/2021\\\/02\\\/cropped-Radio_Ljubuski_logo1.jpg\",\"contentUrl\":\"https:\\\/\\\/radioljubuski.ba\\\/wp-content\\\/uploads\\\/2021\\\/02\\\/cropped-Radio_Ljubuski_logo1.jpg\",\"width\":512,\"height\":512,\"caption\":\"Radio Ljubu\u0161ki\"},\"image\":{\"@id\":\"https:\\\/\\\/radioljubuski.ba\\\/#\\\/schema\\\/logo\\\/image\\\/\"},\"sameAs\":[\"https:\\\/\\\/www.facebook.com\\\/Radiio-Ljubuski-1490835324566332\",\"https:\\\/\\\/x.com\\\/radioljubuski\",\"https:\\\/\\\/hr.linkedin.com\\\/company\\\/radio-ljubuski\",\"https:\\\/\\\/www.youtube.com\\\/channel\\\/UCHYaeO_n0Db3tjNGudGpXyw\"]},{\"@type\":\"Person\",\"@id\":\"https:\\\/\\\/radioljubuski.ba\\\/#\\\/schema\\\/person\\\/19fc700381a780f69665d7956c469e3b\",\"name\":\"Radio Ljubu\u0161ki\"}]}<\/script>\n<!-- \/ Yoast SEO plugin. -->","yoast_head_json":{"title":"Za europski Izvi\u0111a\u010d: Ve\u010deras u dvorani! - RADIO LJUBU\u0160KI","robots":{"index":"index","follow":"follow","max-snippet":"max-snippet:-1","max-image-preview":"max-image-preview:large","max-video-preview":"max-video-preview:-1"},"canonical":"https:\/\/radioljubuski.ba\/index.php\/2023\/11\/14\/za-europski-izvidac-veceras-u-dvorani\/","og_locale":"hr_HR","og_type":"article","og_title":"Za europski Izvi\u0111a\u010d: Ve\u010deras u dvorani! - RADIO LJUBU\u0160KI","og_description":"Utakmica 3.kola Europa lige Izvi\u0111a\u010d \u2013 Chambery igra se ve\u010deras u 20:45 sati. Ve\u010deras od u 20:45 na\u0161i Skauti igraju 3. kolo EHF European League, u goste nam dolazi francuski prvoliga\u0161 Chambery. O\u010dekuje nas jo\u0161 jedna rukometna fantazija koja \u0107e nadamo se biti pra\u0107ena velikom podr\u0161kom sa tribina.Uz va\u0161 huk sa tribina Skauti idu po [&hellip;]","og_url":"https:\/\/radioljubuski.ba\/index.php\/2023\/11\/14\/za-europski-izvidac-veceras-u-dvorani\/","og_site_name":"RADIO LJUBU\u0160KI","article_publisher":"https:\/\/www.facebook.com\/Radiio-Ljubuski-1490835324566332","article_published_time":"2023-11-14T07:20:25+00:00","article_modified_time":"2023-11-15T12:17:50+00:00","og_image":[{"width":526,"height":791,"url":"https:\/\/radioljubuski.ba\/wp-content\/uploads\/2023\/11\/izvidac.jpg","type":"image\/jpeg"}],"author":"Radio Ljubu\u0161ki","twitter_card":"summary_large_image","twitter_creator":"@radioljubuski","twitter_site":"@radioljubuski","twitter_misc":{"Napisao\/la":"Radio Ljubu\u0161ki","Procijenjeno vrijeme \u010ditanja":"1 minuta"},"schema":{"@context":"https:\/\/schema.org","@graph":[{"@type":"Article","@id":"https:\/\/radioljubuski.ba\/index.php\/2023\/11\/14\/za-europski-izvidac-veceras-u-dvorani\/#article","isPartOf":{"@id":"https:\/\/radioljubuski.ba\/index.php\/2023\/11\/14\/za-europski-izvidac-veceras-u-dvorani\/"},"author":{"name":"Radio Ljubu\u0161ki","@id":"https:\/\/radioljubuski.ba\/#\/schema\/person\/19fc700381a780f69665d7956c469e3b"},"headline":"Za europski Izvi\u0111a\u010d: Ve\u010deras u dvorani!","datePublished":"2023-11-14T07:20:25+00:00","dateModified":"2023-11-15T12:17:50+00:00","mainEntityOfPage":{"@id":"https:\/\/radioljubuski.ba\/index.php\/2023\/11\/14\/za-europski-izvidac-veceras-u-dvorani\/"},"wordCount":81,"publisher":{"@id":"https:\/\/radioljubuski.ba\/#organization"},"image":{"@id":"https:\/\/radioljubuski.ba\/index.php\/2023\/11\/14\/za-europski-izvidac-veceras-u-dvorani\/#primaryimage"},"thumbnailUrl":"https:\/\/radioljubuski.ba\/wp-content\/uploads\/2023\/11\/img_1_1699901212148.webp","articleSection":["BIH i regija","Ljubu\u0161ki","\u0160port"],"inLanguage":"hr"},{"@type":"WebPage","@id":"https:\/\/radioljubuski.ba\/index.php\/2023\/11\/14\/za-europski-izvidac-veceras-u-dvorani\/","url":"https:\/\/radioljubuski.ba\/index.php\/2023\/11\/14\/za-europski-izvidac-veceras-u-dvorani\/","name":"Za europski Izvi\u0111a\u010d: Ve\u010deras u dvorani! - RADIO LJUBU\u0160KI","isPartOf":{"@id":"https:\/\/radioljubuski.ba\/#website"},"primaryImageOfPage":{"@id":"https:\/\/radioljubuski.ba\/index.php\/2023\/11\/14\/za-europski-izvidac-veceras-u-dvorani\/#primaryimage"},"image":{"@id":"https:\/\/radioljubuski.ba\/index.php\/2023\/11\/14\/za-europski-izvidac-veceras-u-dvorani\/#primaryimage"},"thumbnailUrl":"https:\/\/radioljubuski.ba\/wp-content\/uploads\/2023\/11\/img_1_1699901212148.webp","datePublished":"2023-11-14T07:20:25+00:00","dateModified":"2023-11-15T12:17:50+00:00","breadcrumb":{"@id":"https:\/\/radioljubuski.ba\/index.php\/2023\/11\/14\/za-europski-izvidac-veceras-u-dvorani\/#breadcrumb"},"inLanguage":"hr","potentialAction":[{"@type":"ReadAction","target":["https:\/\/radioljubuski.ba\/index.php\/2023\/11\/14\/za-europski-izvidac-veceras-u-dvorani\/"]}]},{"@type":"ImageObject","inLanguage":"hr","@id":"https:\/\/radioljubuski.ba\/index.php\/2023\/11\/14\/za-europski-izvidac-veceras-u-dvorani\/#primaryimage","url":"https:\/\/radioljubuski.ba\/wp-content\/uploads\/2023\/11\/img_1_1699901212148.webp","contentUrl":"https:\/\/radioljubuski.ba\/wp-content\/uploads\/2023\/11\/img_1_1699901212148.webp","width":1080,"height":1350},{"@type":"BreadcrumbList","@id":"https:\/\/radioljubuski.ba\/index.php\/2023\/11\/14\/za-europski-izvidac-veceras-u-dvorani\/#breadcrumb","itemListElement":[{"@type":"ListItem","position":1,"name":"Po\u010detna stranica","item":"https:\/\/radioljubuski.ba\/"},{"@type":"ListItem","position":2,"name":"Za europski Izvi\u0111a\u010d: Ve\u010deras u dvorani!"}]},{"@type":"WebSite","@id":"https:\/\/radioljubuski.ba\/#website","url":"https:\/\/radioljubuski.ba\/","name":"Radio Ljubu\u0161ki","description":"Sun\u010dana frekvencija Hercegovine","publisher":{"@id":"https:\/\/radioljubuski.ba\/#organization"},"potentialAction":[{"@type":"SearchAction","target":{"@type":"EntryPoint","urlTemplate":"https:\/\/radioljubuski.ba\/?s={search_term_string}"},"query-input":{"@type":"PropertyValueSpecification","valueRequired":true,"valueName":"search_term_string"}}],"inLanguage":"hr"},{"@type":"Organization","@id":"https:\/\/radioljubuski.ba\/#organization","name":"Radio Ljubu\u0161ki","url":"https:\/\/radioljubuski.ba\/","logo":{"@type":"ImageObject","inLanguage":"hr","@id":"https:\/\/radioljubuski.ba\/#\/schema\/logo\/image\/","url":"https:\/\/radioljubuski.ba\/wp-content\/uploads\/2021\/02\/cropped-Radio_Ljubuski_logo1.jpg","contentUrl":"https:\/\/radioljubuski.ba\/wp-content\/uploads\/2021\/02\/cropped-Radio_Ljubuski_logo1.jpg","width":512,"height":512,"caption":"Radio Ljubu\u0161ki"},"image":{"@id":"https:\/\/radioljubuski.ba\/#\/schema\/logo\/image\/"},"sameAs":["https:\/\/www.facebook.com\/Radiio-Ljubuski-1490835324566332","https:\/\/x.com\/radioljubuski","https:\/\/hr.linkedin.com\/company\/radio-ljubuski","https:\/\/www.youtube.com\/channel\/UCHYaeO_n0Db3tjNGudGpXyw"]},{"@type":"Person","@id":"https:\/\/radioljubuski.ba\/#\/schema\/person\/19fc700381a780f69665d7956c469e3b","name":"Radio Ljubu\u0161ki"}]}},"_links":{"self":[{"href":"https:\/\/radioljubuski.ba\/index.php\/wp-json\/wp\/v2\/posts\/197543","targetHints":{"allow":["GET"]}}],"collection":[{"href":"https:\/\/radioljubuski.ba\/index.php\/wp-json\/wp\/v2\/posts"}],"about":[{"href":"https:\/\/radioljubuski.ba\/index.php\/wp-json\/wp\/v2\/types\/post"}],"author":[{"embeddable":true,"href":"https:\/\/radioljubuski.ba\/index.php\/wp-json\/wp\/v2\/users\/2"}],"replies":[{"embeddable":true,"href":"https:\/\/radioljubuski.ba\/index.php\/wp-json\/wp\/v2\/comments?post=197543"}],"version-history":[{"count":4,"href":"https:\/\/radioljubuski.ba\/index.php\/wp-json\/wp\/v2\/posts\/197543\/revisions"}],"predecessor-version":[{"id":197559,"href":"https:\/\/radioljubuski.ba\/index.php\/wp-json\/wp\/v2\/posts\/197543\/revisions\/197559"}],"wp:featuredmedia":[{"embeddable":true,"href":"https:\/\/radioljubuski.ba\/index.php\/wp-json\/wp\/v2\/media\/197542"}],"wp:attachment":[{"href":"https:\/\/radioljubuski.ba\/index.php\/wp-json\/wp\/v2\/media?parent=197543"}],"wp:term":[{"taxonomy":"category","embeddable":true,"href":"https:\/\/radioljubuski.ba\/index.php\/wp-json\/wp\/v2\/categories?post=197543"},{"taxonomy":"post_tag","embeddable":true,"href":"https:\/\/radioljubuski.ba\/index.php\/wp-json\/wp\/v2\/tags?post=197543"}],"curies":[{"name":"wp","href":"https:\/\/api.w.org\/{rel}","templated":true}]}}